{"id":19608,"date":"2014-06-13T09:02:20","date_gmt":"2014-06-13T06:02:20","guid":{"rendered":"http:\/\/www.prestigemag.co\/2014\/06\/stars-en-bref\/"},"modified":"2021-11-22T20:17:13","modified_gmt":"2021-11-22T17:17:13","slug":"stars-en-bref","status":"publish","type":"post","link":"https:\/\/www.prestigemag.co\/fr\/2014\/06\/stars-en-bref\/","title":{"rendered":"Stars en bref"},"content":{"rendered":"<p><p><em>Prestige N\u00b0252, Juillet 2014<\/em><\/p>\n<p>\u00a0<a href=\"http:\/\/www.prestigemag.co\/wp-content\/uploads\/2014\/06\/Jennifer-Lopez-wearing-Salvatore-Ferragamo-Buckle-Collection-sunglasses.jpg\"><img src=\"data:image\/svg+xml,%3Csvg%20xmlns='http:\/\/www.w3.org\/2000\/svg'%20viewBox='0%200%2060%%20247'%3E%3C\/svg%3E\" class=\"zeen-lazy-load-base zeen-lazy-load alignnone size-full wp-image-1284\" data-lazy-src=\"http:\/\/www.prestigemag.co\/wp-content\/uploads\/2014\/06\/Jennifer-Lopez-wearing-Salvatore-Ferragamo-Buckle-Collection-sunglasses.jpg\" alt=\"Jennifer Lopez wearing Salvatore Ferragamo Buckle Collection sunglasses\" width=\"60%\" data-lazy-srcset=\"https:\/\/www.prestigemag.co\/wp-content\/uploads\/2014\/06\/Jennifer-Lopez-wearing-Salvatore-Ferragamo-Buckle-Collection-sunglasses.jpg 611w, https:\/\/www.prestigemag.co\/wp-content\/uploads\/2014\/06\/Jennifer-Lopez-wearing-Salvatore-Ferragamo-Buckle-Collection-sunglasses-239x300.jpg 239w, https:\/\/www.prestigemag.co\/wp-content\/uploads\/2014\/06\/Jennifer-Lopez-wearing-Salvatore-Ferragamo-Buckle-Collection-sunglasses-119x150.jpg 119w, https:\/\/www.prestigemag.co\/wp-content\/uploads\/2014\/06\/Jennifer-Lopez-wearing-Salvatore-Ferragamo-Buckle-Collection-sunglasses-299x375.jpg 299w, https:\/\/www.prestigemag.co\/wp-content\/uploads\/2014\/06\/Jennifer-Lopez-wearing-Salvatore-Ferragamo-Buckle-Collection-sunglasses-99x125.jpg 99w, https:\/\/www.prestigemag.co\/wp-content\/uploads\/2014\/06\/Jennifer-Lopez-wearing-Salvatore-Ferragamo-Buckle-Collection-sunglasses-53x67.jpg 53w\" data-lazy-sizes=\"(max-width: 611px) 100vw, 611px\" \/><noscript><img class=\"alignnone size-full wp-image-1284\" src=\"http:\/\/www.prestigemag.co\/wp-content\/uploads\/2014\/06\/Jennifer-Lopez-wearing-Salvatore-Ferragamo-Buckle-Collection-sunglasses.jpg\" alt=\"Jennifer Lopez wearing Salvatore Ferragamo Buckle Collection sunglasses\" width=\"60%\" srcset=\"https:\/\/www.prestigemag.co\/wp-content\/uploads\/2014\/06\/Jennifer-Lopez-wearing-Salvatore-Ferragamo-Buckle-Collection-sunglasses.jpg 611w, https:\/\/www.prestigemag.co\/wp-content\/uploads\/2014\/06\/Jennifer-Lopez-wearing-Salvatore-Ferragamo-Buckle-Collection-sunglasses-239x300.jpg 239w, https:\/\/www.prestigemag.co\/wp-content\/uploads\/2014\/06\/Jennifer-Lopez-wearing-Salvatore-Ferragamo-Buckle-Collection-sunglasses-119x150.jpg 119w, https:\/\/www.prestigemag.co\/wp-content\/uploads\/2014\/06\/Jennifer-Lopez-wearing-Salvatore-Ferragamo-Buckle-Collection-sunglasses-299x375.jpg 299w, https:\/\/www.prestigemag.co\/wp-content\/uploads\/2014\/06\/Jennifer-Lopez-wearing-Salvatore-Ferragamo-Buckle-Collection-sunglasses-99x125.jpg 99w, https:\/\/www.prestigemag.co\/wp-content\/uploads\/2014\/06\/Jennifer-Lopez-wearing-Salvatore-Ferragamo-Buckle-Collection-sunglasses-53x67.jpg 53w\" sizes=\"(max-width: 611px) 100vw, 611px\" \/><\/noscript><\/a><\/p>\n<p><strong>Jennifer Lopez<\/strong>. L\u2019actrice a choisi cette paire de lunettes de soleil de la collection Buckle de Salvatore Ferragamo, parmi les 4 couleurs de la collection: noir et dor\u00e9, havane clair et palladium, havane fonc\u00e9 et dor\u00e9, ivoire et dor\u00e9, un dialogue entre tradition et modernit\u00e9.<\/p>\n<p><a href=\"http:\/\/www.prestigemag.co\/wp-content\/uploads\/2014\/06\/TaylorSwiftSellasBagTokyoArrivalCloseupMay31-2014.jpg\"><img src=\"data:image\/svg+xml,%3Csvg%20xmlns='http:\/\/www.w3.org\/2000\/svg'%20viewBox='0%200%2056%%20247'%3E%3C\/svg%3E\" class=\"zeen-lazy-load-base zeen-lazy-load alignnone size-full wp-image-1285\" data-lazy-src=\"http:\/\/www.prestigemag.co\/wp-content\/uploads\/2014\/06\/TaylorSwiftSellasBagTokyoArrivalCloseupMay31-2014.jpg\" alt=\"Taylor Swift arrives in Japan\" width=\"56%\" data-lazy-srcset=\"https:\/\/www.prestigemag.co\/wp-content\/uploads\/2014\/06\/TaylorSwiftSellasBagTokyoArrivalCloseupMay31-2014.jpg 569w, https:\/\/www.prestigemag.co\/wp-content\/uploads\/2014\/06\/TaylorSwiftSellasBagTokyoArrivalCloseupMay31-2014-237x300.jpg 237w, https:\/\/www.prestigemag.co\/wp-content\/uploads\/2014\/06\/TaylorSwiftSellasBagTokyoArrivalCloseupMay31-2014-118x150.jpg 118w, https:\/\/www.prestigemag.co\/wp-content\/uploads\/2014\/06\/TaylorSwiftSellasBagTokyoArrivalCloseupMay31-2014-296x375.jpg 296w, https:\/\/www.prestigemag.co\/wp-content\/uploads\/2014\/06\/TaylorSwiftSellasBagTokyoArrivalCloseupMay31-2014-98x125.jpg 98w, https:\/\/www.prestigemag.co\/wp-content\/uploads\/2014\/06\/TaylorSwiftSellasBagTokyoArrivalCloseupMay31-2014-52x67.jpg 52w\" data-lazy-sizes=\"(max-width: 569px) 100vw, 569px\" \/><noscript><img class=\"alignnone size-full wp-image-1285\" src=\"http:\/\/www.prestigemag.co\/wp-content\/uploads\/2014\/06\/TaylorSwiftSellasBagTokyoArrivalCloseupMay31-2014.jpg\" alt=\"Taylor Swift arrives in Japan\" width=\"56%\" srcset=\"https:\/\/www.prestigemag.co\/wp-content\/uploads\/2014\/06\/TaylorSwiftSellasBagTokyoArrivalCloseupMay31-2014.jpg 569w, https:\/\/www.prestigemag.co\/wp-content\/uploads\/2014\/06\/TaylorSwiftSellasBagTokyoArrivalCloseupMay31-2014-237x300.jpg 237w, https:\/\/www.prestigemag.co\/wp-content\/uploads\/2014\/06\/TaylorSwiftSellasBagTokyoArrivalCloseupMay31-2014-118x150.jpg 118w, https:\/\/www.prestigemag.co\/wp-content\/uploads\/2014\/06\/TaylorSwiftSellasBagTokyoArrivalCloseupMay31-2014-296x375.jpg 296w, https:\/\/www.prestigemag.co\/wp-content\/uploads\/2014\/06\/TaylorSwiftSellasBagTokyoArrivalCloseupMay31-2014-98x125.jpg 98w, https:\/\/www.prestigemag.co\/wp-content\/uploads\/2014\/06\/TaylorSwiftSellasBagTokyoArrivalCloseupMay31-2014-52x67.jpg 52w\" sizes=\"(max-width: 569px) 100vw, 569px\" \/><\/noscript><\/a><\/p>\n<p><strong>Taylor Swift<\/strong>. A son arriv\u00e9e \u00e0 l\u2019a\u00e9roport international de Narita, \u00e0 Tokyo, la chanteuse \u00e9tait toute radieuse portant un sac Tod\u2019s Sella. Taylor fera ainsi du shopping en toute \u00e9l\u00e9gance dans la capitale nippone.<\/p>\n<p><a href=\"http:\/\/www.prestigemag.co\/wp-content\/uploads\/2014\/06\/ELLE-FANNING_PREMIERE-MALEFICIENT_28052014.jpg\"><img src=\"data:image\/svg+xml,%3Csvg%20xmlns='http:\/\/www.w3.org\/2000\/svg'%20viewBox='0%200%2057%%20247'%3E%3C\/svg%3E\" class=\"zeen-lazy-load-base zeen-lazy-load alignnone size-full wp-image-1286\" data-lazy-src=\"http:\/\/www.prestigemag.co\/wp-content\/uploads\/2014\/06\/ELLE-FANNING_PREMIERE-MALEFICIENT_28052014.jpg\" alt=\"World Premiere Of Disney's \" width=\"57%\" data-lazy-srcset=\"https:\/\/www.prestigemag.co\/wp-content\/uploads\/2014\/06\/ELLE-FANNING_PREMIERE-MALEFICIENT_28052014.jpg 572w, https:\/\/www.prestigemag.co\/wp-content\/uploads\/2014\/06\/ELLE-FANNING_PREMIERE-MALEFICIENT_28052014-245x300.jpg 245w, https:\/\/www.prestigemag.co\/wp-content\/uploads\/2014\/06\/ELLE-FANNING_PREMIERE-MALEFICIENT_28052014-122x150.jpg 122w, https:\/\/www.prestigemag.co\/wp-content\/uploads\/2014\/06\/ELLE-FANNING_PREMIERE-MALEFICIENT_28052014-306x375.jpg 306w, https:\/\/www.prestigemag.co\/wp-content\/uploads\/2014\/06\/ELLE-FANNING_PREMIERE-MALEFICIENT_28052014-102x125.jpg 102w, https:\/\/www.prestigemag.co\/wp-content\/uploads\/2014\/06\/ELLE-FANNING_PREMIERE-MALEFICIENT_28052014-54x67.jpg 54w\" data-lazy-sizes=\"(max-width: 572px) 100vw, 572px\" \/><noscript><img class=\"alignnone size-full wp-image-1286\" src=\"http:\/\/www.prestigemag.co\/wp-content\/uploads\/2014\/06\/ELLE-FANNING_PREMIERE-MALEFICIENT_28052014.jpg\" alt=\"World Premiere Of Disney's \" width=\"57%\" srcset=\"https:\/\/www.prestigemag.co\/wp-content\/uploads\/2014\/06\/ELLE-FANNING_PREMIERE-MALEFICIENT_28052014.jpg 572w, https:\/\/www.prestigemag.co\/wp-content\/uploads\/2014\/06\/ELLE-FANNING_PREMIERE-MALEFICIENT_28052014-245x300.jpg 245w, https:\/\/www.prestigemag.co\/wp-content\/uploads\/2014\/06\/ELLE-FANNING_PREMIERE-MALEFICIENT_28052014-122x150.jpg 122w, https:\/\/www.prestigemag.co\/wp-content\/uploads\/2014\/06\/ELLE-FANNING_PREMIERE-MALEFICIENT_28052014-306x375.jpg 306w, https:\/\/www.prestigemag.co\/wp-content\/uploads\/2014\/06\/ELLE-FANNING_PREMIERE-MALEFICIENT_28052014-102x125.jpg 102w, https:\/\/www.prestigemag.co\/wp-content\/uploads\/2014\/06\/ELLE-FANNING_PREMIERE-MALEFICIENT_28052014-54x67.jpg 54w\" sizes=\"(max-width: 572px) 100vw, 572px\" \/><\/noscript><\/a><\/p>\n<p><strong>Elle Fanning<\/strong>. Pour la Premi\u00e8re de son film Maleficent \u00e0 Los Angeles, la vedette portait une robe longue de la Collection Haute Couture Printemps-Et\u00e9 2014 d\u2019Elie Saab. En tulle bleu lilas, enti\u00e8rement brod\u00e9e et orn\u00e9e d\u2019une fine ceinture en cuir.<\/p>\n<p><a href=\"http:\/\/www.prestigemag.co\/wp-content\/uploads\/2014\/06\/Jane-Fonda-wears-Chopard-to-the-42nd-AFI-Life-Achievement-Award-Honoring-her-career_2.jpg\"><img src=\"data:image\/svg+xml,%3Csvg%20xmlns='http:\/\/www.w3.org\/2000\/svg'%20viewBox='0%200%2044%%20247'%3E%3C\/svg%3E\" class=\"zeen-lazy-load-base zeen-lazy-load alignnone size-full wp-image-1287\" data-lazy-src=\"http:\/\/www.prestigemag.co\/wp-content\/uploads\/2014\/06\/Jane-Fonda-wears-Chopard-to-the-42nd-AFI-Life-Achievement-Award-Honoring-her-career_2.jpg\" alt=\"42nd AFI Life Achievement Award Honoring Jane Fonda - Award Presentation\" width=\"44%\" data-lazy-srcset=\"https:\/\/www.prestigemag.co\/wp-content\/uploads\/2014\/06\/Jane-Fonda-wears-Chopard-to-the-42nd-AFI-Life-Achievement-Award-Honoring-her-career_2.jpg 448w, https:\/\/www.prestigemag.co\/wp-content\/uploads\/2014\/06\/Jane-Fonda-wears-Chopard-to-the-42nd-AFI-Life-Achievement-Award-Honoring-her-career_2-186x300.jpg 186w, https:\/\/www.prestigemag.co\/wp-content\/uploads\/2014\/06\/Jane-Fonda-wears-Chopard-to-the-42nd-AFI-Life-Achievement-Award-Honoring-her-career_2-93x150.jpg 93w, https:\/\/www.prestigemag.co\/wp-content\/uploads\/2014\/06\/Jane-Fonda-wears-Chopard-to-the-42nd-AFI-Life-Achievement-Award-Honoring-her-career_2-233x375.jpg 233w, https:\/\/www.prestigemag.co\/wp-content\/uploads\/2014\/06\/Jane-Fonda-wears-Chopard-to-the-42nd-AFI-Life-Achievement-Award-Honoring-her-career_2-77x125.jpg 77w, https:\/\/www.prestigemag.co\/wp-content\/uploads\/2014\/06\/Jane-Fonda-wears-Chopard-to-the-42nd-AFI-Life-Achievement-Award-Honoring-her-career_2-41x67.jpg 41w\" data-lazy-sizes=\"(max-width: 448px) 100vw, 448px\" \/><noscript><img class=\"alignnone size-full wp-image-1287\" src=\"http:\/\/www.prestigemag.co\/wp-content\/uploads\/2014\/06\/Jane-Fonda-wears-Chopard-to-the-42nd-AFI-Life-Achievement-Award-Honoring-her-career_2.jpg\" alt=\"42nd AFI Life Achievement Award Honoring Jane Fonda - Award Presentation\" width=\"44%\" srcset=\"https:\/\/www.prestigemag.co\/wp-content\/uploads\/2014\/06\/Jane-Fonda-wears-Chopard-to-the-42nd-AFI-Life-Achievement-Award-Honoring-her-career_2.jpg 448w, https:\/\/www.prestigemag.co\/wp-content\/uploads\/2014\/06\/Jane-Fonda-wears-Chopard-to-the-42nd-AFI-Life-Achievement-Award-Honoring-her-career_2-186x300.jpg 186w, https:\/\/www.prestigemag.co\/wp-content\/uploads\/2014\/06\/Jane-Fonda-wears-Chopard-to-the-42nd-AFI-Life-Achievement-Award-Honoring-her-career_2-93x150.jpg 93w, https:\/\/www.prestigemag.co\/wp-content\/uploads\/2014\/06\/Jane-Fonda-wears-Chopard-to-the-42nd-AFI-Life-Achievement-Award-Honoring-her-career_2-233x375.jpg 233w, https:\/\/www.prestigemag.co\/wp-content\/uploads\/2014\/06\/Jane-Fonda-wears-Chopard-to-the-42nd-AFI-Life-Achievement-Award-Honoring-her-career_2-77x125.jpg 77w, https:\/\/www.prestigemag.co\/wp-content\/uploads\/2014\/06\/Jane-Fonda-wears-Chopard-to-the-42nd-AFI-Life-Achievement-Award-Honoring-her-career_2-41x67.jpg 41w\" sizes=\"(max-width: 448px) 100vw, 448px\" \/><\/noscript><\/a><\/p>\n<p><strong>Jane Fonda.<\/strong>\u00a0La l\u00e9gendaire actrice \u00e9tait par\u00e9e en Chopard lors du 42\u00e8 AFI Life Achievement Award honorant sa brillante carri\u00e8re. L\u2019actrice \u00e9tait toute belle, portant un collier en or blanc 26cts serti de platine, d\u2019une bague en forme de fleur en diamant blanc de 8cts serti de platine, et de boucles d\u2019oreilles en or blanc et diamants de 10cts et d\u2019un bracelet en or blanc et diamants de 7cts serti de platine.<\/p><\/p>\n","protected":false},"excerpt":{"rendered":"<p><em>Prestige Prestige N\u00b0252, Juillet 2014<\/em><br \/> Jennifer Lopez. L\u2019actrice a choisi cette paire de lunettes de soleil de la collection Buckle de Salvatore Ferragamo, parmi les 4 couleurs de la collection: noir et dor\u00e9, havane clair et palladium, havane fonc\u00e9 et dor\u00e9, ivoire et dor\u00e9, un dialogue entre tradition et modernit\u00e9.<\/p>\n","protected":false},"author":3,"featured_media":19609,"comment_status":"closed","ping_status":"closed","sticky":false,"template":"","format":"standard","meta":[],"categories":[13346],"tags":[],"yoast_head":"<!-- This site is optimized with the Yoast SEO plugin v19.4 - https:\/\/yoast.com\/wordpress\/plugins\/seo\/ -->\n<title>Stars en bref - Prestige Magazine<\/title>\n<meta name=\"description\" content=\"Prestige Prestige N\u00b0252, Juillet 2014 Jennifer Lopez. L\u2019actrice a choisi cette paire de lunettes de soleil de la collection Buckle de Salvatore Ferragamo, parmi les 4 couleurs de la collection: noir et dor\u00e9, havane clair et palladium, havane fonc\u00e9 et dor\u00e9, ivoire et dor\u00e9, un dialogue entre tradition et modernit\u00e9.\" \/>\n<meta name=\"robots\" content=\"index, follow, max-snippet:-1, max-image-preview:large, max-video-preview:-1\" \/>\n<link rel=\"canonical\" href=\"https:\/\/www.prestigemag.co\/fr\/2014\/06\/stars-en-bref\/\" \/>\n<meta property=\"og:locale\" content=\"fr_FR\" \/>\n<meta property=\"og:type\" content=\"article\" \/>\n<meta property=\"og:title\" content=\"Stars en bref - Prestige Magazine\" \/>\n<meta property=\"og:description\" content=\"Prestige Prestige N\u00b0252, Juillet 2014 Jennifer Lopez. L\u2019actrice a choisi cette paire de lunettes de soleil de la collection Buckle de Salvatore Ferragamo, parmi les 4 couleurs de la collection: noir et dor\u00e9, havane clair et palladium, havane fonc\u00e9 et dor\u00e9, ivoire et dor\u00e9, un dialogue entre tradition et modernit\u00e9.\" \/>\n<meta property=\"og:url\" content=\"https:\/\/www.prestigemag.co\/fr\/2014\/06\/stars-en-bref\/\" \/>\n<meta property=\"og:site_name\" content=\"Prestige Magazine\" \/>\n<meta property=\"article:publisher\" content=\"https:\/\/www.facebook.com\/prestigemag.co\/\" \/>\n<meta property=\"article:published_time\" content=\"2014-06-13T06:02:20+00:00\" \/>\n<meta property=\"article:modified_time\" content=\"2021-11-22T17:17:13+00:00\" \/>\n<meta property=\"og:image\" content=\"https:\/\/www.prestigemag.co\/wp-content\/uploads\/2014\/06\/slider_stars.jpg\" \/>\n\t<meta property=\"og:image:width\" content=\"1000\" \/>\n\t<meta property=\"og:image:height\" content=\"563\" \/>\n\t<meta property=\"og:image:type\" content=\"image\/jpeg\" \/>\n<meta name=\"author\" content=\"prestige\" \/>\n<meta name=\"twitter:card\" content=\"summary\" \/>\n<meta name=\"twitter:label1\" content=\"\u00c9crit par\" \/>\n\t<meta name=\"twitter:data1\" content=\"prestige\" \/>\n\t<meta name=\"twitter:label2\" content=\"Dur\u00e9e de lecture estim\u00e9e\" \/>\n\t<meta name=\"twitter:data2\" content=\"1 minute\" \/>\n<script type=\"application\/ld+json\" class=\"yoast-schema-graph\">{\"@context\":\"https:\/\/schema.org\",\"@graph\":[{\"@type\":\"Organization\",\"@id\":\"https:\/\/www.prestigemag.co\/#organization\",\"name\":\"Prestige\",\"url\":\"https:\/\/www.prestigemag.co\/\",\"sameAs\":[\"https:\/\/www.instagram.com\/prestige.mag\/\",\"https:\/\/www.facebook.com\/prestigemag.co\/\"],\"logo\":{\"@type\":\"ImageObject\",\"inLanguage\":\"fr-FR\",\"@id\":\"https:\/\/www.prestigemag.co\/#\/schema\/logo\/image\/\",\"url\":\"https:\/\/www.prestigemag.co\/wp-content\/uploads\/2021\/11\/logo-Prestige-800x200-1.png\",\"contentUrl\":\"https:\/\/www.prestigemag.co\/wp-content\/uploads\/2021\/11\/logo-Prestige-800x200-1.png\",\"width\":800,\"height\":200,\"caption\":\"Prestige\"},\"image\":{\"@id\":\"https:\/\/www.prestigemag.co\/#\/schema\/logo\/image\/\"}},{\"@type\":\"WebSite\",\"@id\":\"https:\/\/www.prestigemag.co\/#website\",\"url\":\"https:\/\/www.prestigemag.co\/\",\"name\":\"Prestige Magazine\",\"description\":\"Le Monde Des C\u00e9l\u00e9brit\u00e9s\",\"publisher\":{\"@id\":\"https:\/\/www.prestigemag.co\/#organization\"},\"potentialAction\":[{\"@type\":\"SearchAction\",\"target\":{\"@type\":\"EntryPoint\",\"urlTemplate\":\"https:\/\/www.prestigemag.co\/?s={search_term_string}\"},\"query-input\":\"required name=search_term_string\"}],\"inLanguage\":\"fr-FR\"},{\"@type\":\"WebPage\",\"@id\":\"https:\/\/www.prestigemag.co\/fr\/2014\/06\/stars-en-bref\/\",\"url\":\"https:\/\/www.prestigemag.co\/fr\/2014\/06\/stars-en-bref\/\",\"name\":\"Stars en bref - Prestige Magazine\",\"isPartOf\":{\"@id\":\"https:\/\/www.prestigemag.co\/#website\"},\"datePublished\":\"2014-06-13T06:02:20+00:00\",\"dateModified\":\"2021-11-22T17:17:13+00:00\",\"description\":\"Prestige Prestige N\u00b0252, Juillet 2014 Jennifer Lopez. L\u2019actrice a choisi cette paire de lunettes de soleil de la collection Buckle de Salvatore Ferragamo, parmi les 4 couleurs de la collection: noir et dor\u00e9, havane clair et palladium, havane fonc\u00e9 et dor\u00e9, ivoire et dor\u00e9, un dialogue entre tradition et modernit\u00e9.\",\"breadcrumb\":{\"@id\":\"https:\/\/www.prestigemag.co\/fr\/2014\/06\/stars-en-bref\/#breadcrumb\"},\"inLanguage\":\"fr-FR\",\"potentialAction\":[{\"@type\":\"ReadAction\",\"target\":[\"https:\/\/www.prestigemag.co\/fr\/2014\/06\/stars-en-bref\/\"]}]},{\"@type\":\"BreadcrumbList\",\"@id\":\"https:\/\/www.prestigemag.co\/fr\/2014\/06\/stars-en-bref\/#breadcrumb\",\"itemListElement\":[{\"@type\":\"ListItem\",\"position\":1,\"name\":\"Home\",\"item\":\"https:\/\/www.prestigemag.co\/fr\/\"},{\"@type\":\"ListItem\",\"position\":2,\"name\":\"Stars en bref\"}]},{\"@type\":\"Article\",\"@id\":\"https:\/\/www.prestigemag.co\/fr\/2014\/06\/stars-en-bref\/#article\",\"isPartOf\":{\"@id\":\"https:\/\/www.prestigemag.co\/fr\/2014\/06\/stars-en-bref\/\"},\"author\":{\"name\":\"prestige\",\"@id\":\"https:\/\/www.prestigemag.co\/#\/schema\/person\/e3f149368970128d68bb2d797bf30fbc\"},\"headline\":\"Stars en bref\",\"datePublished\":\"2014-06-13T06:02:20+00:00\",\"dateModified\":\"2021-11-22T17:17:13+00:00\",\"mainEntityOfPage\":{\"@id\":\"https:\/\/www.prestigemag.co\/fr\/2014\/06\/stars-en-bref\/\"},\"wordCount\":210,\"publisher\":{\"@id\":\"https:\/\/www.prestigemag.co\/#organization\"},\"articleSection\":[\"Mode\"],\"inLanguage\":\"fr-FR\"},{\"@type\":\"Person\",\"@id\":\"https:\/\/www.prestigemag.co\/#\/schema\/person\/e3f149368970128d68bb2d797bf30fbc\",\"name\":\"prestige\",\"image\":{\"@type\":\"ImageObject\",\"inLanguage\":\"fr-FR\",\"@id\":\"https:\/\/www.prestigemag.co\/#\/schema\/person\/image\/\",\"url\":\"https:\/\/secure.gravatar.com\/avatar\/0aa2dff5484d35e50578639a2c3ccef9?s=96&d=mm&r=g\",\"contentUrl\":\"https:\/\/secure.gravatar.com\/avatar\/0aa2dff5484d35e50578639a2c3ccef9?s=96&d=mm&r=g\",\"caption\":\"prestige\"},\"url\":\"https:\/\/www.prestigemag.co\/fr\/author\/prestige\/\"}]}<\/script>\n<!-- \/ Yoast SEO plugin. -->","yoast_head_json":{"title":"Stars en bref - Prestige Magazine","description":"Prestige Prestige N\u00b0252, Juillet 2014 Jennifer Lopez. L\u2019actrice a choisi cette paire de lunettes de soleil de la collection Buckle de Salvatore Ferragamo, parmi les 4 couleurs de la collection: noir et dor\u00e9, havane clair et palladium, havane fonc\u00e9 et dor\u00e9, ivoire et dor\u00e9, un dialogue entre tradition et modernit\u00e9.","robots":{"index":"index","follow":"follow","max-snippet":"max-snippet:-1","max-image-preview":"max-image-preview:large","max-video-preview":"max-video-preview:-1"},"canonical":"https:\/\/www.prestigemag.co\/fr\/2014\/06\/stars-en-bref\/","og_locale":"fr_FR","og_type":"article","og_title":"Stars en bref - Prestige Magazine","og_description":"Prestige Prestige N\u00b0252, Juillet 2014 Jennifer Lopez. L\u2019actrice a choisi cette paire de lunettes de soleil de la collection Buckle de Salvatore Ferragamo, parmi les 4 couleurs de la collection: noir et dor\u00e9, havane clair et palladium, havane fonc\u00e9 et dor\u00e9, ivoire et dor\u00e9, un dialogue entre tradition et modernit\u00e9.","og_url":"https:\/\/www.prestigemag.co\/fr\/2014\/06\/stars-en-bref\/","og_site_name":"Prestige Magazine","article_publisher":"https:\/\/www.facebook.com\/prestigemag.co\/","article_published_time":"2014-06-13T06:02:20+00:00","article_modified_time":"2021-11-22T17:17:13+00:00","og_image":[{"width":1000,"height":563,"url":"https:\/\/www.prestigemag.co\/wp-content\/uploads\/2014\/06\/slider_stars.jpg","type":"image\/jpeg"}],"author":"prestige","twitter_card":"summary","twitter_misc":{"\u00c9crit par":"prestige","Dur\u00e9e de lecture estim\u00e9e":"1 minute"},"schema":{"@context":"https:\/\/schema.org","@graph":[{"@type":"Organization","@id":"https:\/\/www.prestigemag.co\/#organization","name":"Prestige","url":"https:\/\/www.prestigemag.co\/","sameAs":["https:\/\/www.instagram.com\/prestige.mag\/","https:\/\/www.facebook.com\/prestigemag.co\/"],"logo":{"@type":"ImageObject","inLanguage":"fr-FR","@id":"https:\/\/www.prestigemag.co\/#\/schema\/logo\/image\/","url":"https:\/\/www.prestigemag.co\/wp-content\/uploads\/2021\/11\/logo-Prestige-800x200-1.png","contentUrl":"https:\/\/www.prestigemag.co\/wp-content\/uploads\/2021\/11\/logo-Prestige-800x200-1.png","width":800,"height":200,"caption":"Prestige"},"image":{"@id":"https:\/\/www.prestigemag.co\/#\/schema\/logo\/image\/"}},{"@type":"WebSite","@id":"https:\/\/www.prestigemag.co\/#website","url":"https:\/\/www.prestigemag.co\/","name":"Prestige Magazine","description":"Le Monde Des C\u00e9l\u00e9brit\u00e9s","publisher":{"@id":"https:\/\/www.prestigemag.co\/#organization"},"potentialAction":[{"@type":"SearchAction","target":{"@type":"EntryPoint","urlTemplate":"https:\/\/www.prestigemag.co\/?s={search_term_string}"},"query-input":"required name=search_term_string"}],"inLanguage":"fr-FR"},{"@type":"WebPage","@id":"https:\/\/www.prestigemag.co\/fr\/2014\/06\/stars-en-bref\/","url":"https:\/\/www.prestigemag.co\/fr\/2014\/06\/stars-en-bref\/","name":"Stars en bref - Prestige Magazine","isPartOf":{"@id":"https:\/\/www.prestigemag.co\/#website"},"datePublished":"2014-06-13T06:02:20+00:00","dateModified":"2021-11-22T17:17:13+00:00","description":"Prestige Prestige N\u00b0252, Juillet 2014 Jennifer Lopez. L\u2019actrice a choisi cette paire de lunettes de soleil de la collection Buckle de Salvatore Ferragamo, parmi les 4 couleurs de la collection: noir et dor\u00e9, havane clair et palladium, havane fonc\u00e9 et dor\u00e9, ivoire et dor\u00e9, un dialogue entre tradition et modernit\u00e9.","breadcrumb":{"@id":"https:\/\/www.prestigemag.co\/fr\/2014\/06\/stars-en-bref\/#breadcrumb"},"inLanguage":"fr-FR","potentialAction":[{"@type":"ReadAction","target":["https:\/\/www.prestigemag.co\/fr\/2014\/06\/stars-en-bref\/"]}]},{"@type":"BreadcrumbList","@id":"https:\/\/www.prestigemag.co\/fr\/2014\/06\/stars-en-bref\/#breadcrumb","itemListElement":[{"@type":"ListItem","position":1,"name":"Home","item":"https:\/\/www.prestigemag.co\/fr\/"},{"@type":"ListItem","position":2,"name":"Stars en bref"}]},{"@type":"Article","@id":"https:\/\/www.prestigemag.co\/fr\/2014\/06\/stars-en-bref\/#article","isPartOf":{"@id":"https:\/\/www.prestigemag.co\/fr\/2014\/06\/stars-en-bref\/"},"author":{"name":"prestige","@id":"https:\/\/www.prestigemag.co\/#\/schema\/person\/e3f149368970128d68bb2d797bf30fbc"},"headline":"Stars en bref","datePublished":"2014-06-13T06:02:20+00:00","dateModified":"2021-11-22T17:17:13+00:00","mainEntityOfPage":{"@id":"https:\/\/www.prestigemag.co\/fr\/2014\/06\/stars-en-bref\/"},"wordCount":210,"publisher":{"@id":"https:\/\/www.prestigemag.co\/#organization"},"articleSection":["Mode"],"inLanguage":"fr-FR"},{"@type":"Person","@id":"https:\/\/www.prestigemag.co\/#\/schema\/person\/e3f149368970128d68bb2d797bf30fbc","name":"prestige","image":{"@type":"ImageObject","inLanguage":"fr-FR","@id":"https:\/\/www.prestigemag.co\/#\/schema\/person\/image\/","url":"https:\/\/secure.gravatar.com\/avatar\/0aa2dff5484d35e50578639a2c3ccef9?s=96&d=mm&r=g","contentUrl":"https:\/\/secure.gravatar.com\/avatar\/0aa2dff5484d35e50578639a2c3ccef9?s=96&d=mm&r=g","caption":"prestige"},"url":"https:\/\/www.prestigemag.co\/fr\/author\/prestige\/"}]}},"_links":{"self":[{"href":"https:\/\/www.prestigemag.co\/fr\/wp-json\/wp\/v2\/posts\/19608"}],"collection":[{"href":"https:\/\/www.prestigemag.co\/fr\/wp-json\/wp\/v2\/posts"}],"about":[{"href":"https:\/\/www.prestigemag.co\/fr\/wp-json\/wp\/v2\/types\/post"}],"author":[{"embeddable":true,"href":"https:\/\/www.prestigemag.co\/fr\/wp-json\/wp\/v2\/users\/3"}],"replies":[{"embeddable":true,"href":"https:\/\/www.prestigemag.co\/fr\/wp-json\/wp\/v2\/comments?post=19608"}],"version-history":[{"count":1,"href":"https:\/\/www.prestigemag.co\/fr\/wp-json\/wp\/v2\/posts\/19608\/revisions"}],"predecessor-version":[{"id":23426,"href":"https:\/\/www.prestigemag.co\/fr\/wp-json\/wp\/v2\/posts\/19608\/revisions\/23426"}],"wp:featuredmedia":[{"embeddable":true,"href":"https:\/\/www.prestigemag.co\/fr\/wp-json\/wp\/v2\/media\/19609"}],"wp:attachment":[{"href":"https:\/\/www.prestigemag.co\/fr\/wp-json\/wp\/v2\/media?parent=19608"}],"wp:term":[{"taxonomy":"category","embeddable":true,"href":"https:\/\/www.prestigemag.co\/fr\/wp-json\/wp\/v2\/categories?post=19608"},{"taxonomy":"post_tag","embeddable":true,"href":"https:\/\/www.prestigemag.co\/fr\/wp-json\/wp\/v2\/tags?post=19608"}],"curies":[{"name":"wp","href":"https:\/\/api.w.org\/{rel}","templated":true}]}}