{"id":19615,"date":"2014-06-16T08:35:42","date_gmt":"2014-06-16T05:35:42","guid":{"rendered":"http:\/\/www.prestigemag.co\/2014\/06\/le-grand-dejeuner-de-afaf-ismail-pour-les-amies\/"},"modified":"2021-11-22T20:18:18","modified_gmt":"2021-11-22T17:18:18","slug":"le-grand-dejeuner-de-afaf-ismail-pour-les-amies","status":"publish","type":"post","link":"https:\/\/www.prestigemag.co\/fr\/2014\/06\/le-grand-dejeuner-de-afaf-ismail-pour-les-amies\/","title":{"rendered":"Le grand d\u00e9jeuner de Afaf Ismail pour les amies"},"content":{"rendered":"<p><p>&nbsp;<\/p>\n<address>Prestige 252-253, Juillet-Ao\u00fbt 2014<\/address>\n<p>Une sublime d\u00e9coration florale sur l\u2019escalier qui \u00adconduisait au restaurant Mhanna accompagnait les nombreuses amies de Afaf Isma\u00efl qui offrait en leur honneur un \u00add\u00e9jeuner des plus chaleureux. Afaf, toute heureuse, accueillait les invit\u00e9es avec sa fille Nisrine, ses belles-filles Farah et \u00adSamar, et tout au long de cette \u00e9l\u00e9gante rencontre au f\u00e9minin, avait une attention particuli\u00e8re pour chacune de ses convives qui ont appr\u00e9ci\u00e9 \u00e0 l\u2019unanimit\u00e9 le menu, l\u2019accueil, \u00adl\u2019affabilit\u00e9 et l\u2019ambiance cordiale dans un cadre tout fleuri pour l\u2019occasion.<\/p>\n<p><a href=\"http:\/\/www.prestigemag.co\/wp-content\/uploads\/2014\/06\/MAY-756-\u0633\u0645\u0631-\u0646\u0633\u0631\u064a\u0646-\u0641\u0631\u062d.jpg\"><img src=\"data:image\/svg+xml,%3Csvg%20xmlns='http:\/\/www.w3.org\/2000\/svg'%20viewBox='0%200%2045%%20247'%3E%3C\/svg%3E\" class=\"zeen-lazy-load-base zeen-lazy-load alignnone  wp-image-4885\" data-lazy-src=\"http:\/\/www.prestigemag.co\/wp-content\/uploads\/2014\/06\/MAY-756-\u0633\u0645\u0631-\u0646\u0633\u0631\u064a\u0646-\u0641\u0631\u062d.jpg\" alt=\"MAY 756 \u0633\u0645\u0631 + \u0646\u0633\u0631\u064a\u0646 + \u0641\u0631\u062d\" width=\"45%\" data-lazy-srcset=\"https:\/\/www.prestigemag.co\/wp-content\/uploads\/2014\/06\/MAY-756-\u0633\u0645\u0631-\u0646\u0633\u0631\u064a\u0646-\u0641\u0631\u062d.jpg 787w, https:\/\/www.prestigemag.co\/wp-content\/uploads\/2014\/06\/MAY-756-\u0633\u0645\u0631-\u0646\u0633\u0631\u064a\u0646-\u0641\u0631\u062d-300x200.jpg 300w, https:\/\/www.prestigemag.co\/wp-content\/uploads\/2014\/06\/MAY-756-\u0633\u0645\u0631-\u0646\u0633\u0631\u064a\u0646-\u0641\u0631\u062d-150x100.jpg 150w, https:\/\/www.prestigemag.co\/wp-content\/uploads\/2014\/06\/MAY-756-\u0633\u0645\u0631-\u0646\u0633\u0631\u064a\u0646-\u0641\u0631\u062d-562x375.jpg 562w, https:\/\/www.prestigemag.co\/wp-content\/uploads\/2014\/06\/MAY-756-\u0633\u0645\u0631-\u0646\u0633\u0631\u064a\u0646-\u0641\u0631\u062d-187x125.jpg 187w, https:\/\/www.prestigemag.co\/wp-content\/uploads\/2014\/06\/MAY-756-\u0633\u0645\u0631-\u0646\u0633\u0631\u064a\u0646-\u0641\u0631\u062d-100x67.jpg 100w\" data-lazy-sizes=\"(max-width: 787px) 100vw, 787px\" \/><noscript><img class=\"alignnone  wp-image-4885\" src=\"http:\/\/www.prestigemag.co\/wp-content\/uploads\/2014\/06\/MAY-756-\u0633\u0645\u0631-\u0646\u0633\u0631\u064a\u0646-\u0641\u0631\u062d.jpg\" alt=\"MAY 756 \u0633\u0645\u0631 + \u0646\u0633\u0631\u064a\u0646 + \u0641\u0631\u062d\" width=\"45%\" srcset=\"https:\/\/www.prestigemag.co\/wp-content\/uploads\/2014\/06\/MAY-756-\u0633\u0645\u0631-\u0646\u0633\u0631\u064a\u0646-\u0641\u0631\u062d.jpg 787w, https:\/\/www.prestigemag.co\/wp-content\/uploads\/2014\/06\/MAY-756-\u0633\u0645\u0631-\u0646\u0633\u0631\u064a\u0646-\u0641\u0631\u062d-300x200.jpg 300w, https:\/\/www.prestigemag.co\/wp-content\/uploads\/2014\/06\/MAY-756-\u0633\u0645\u0631-\u0646\u0633\u0631\u064a\u0646-\u0641\u0631\u062d-150x100.jpg 150w, https:\/\/www.prestigemag.co\/wp-content\/uploads\/2014\/06\/MAY-756-\u0633\u0645\u0631-\u0646\u0633\u0631\u064a\u0646-\u0641\u0631\u062d-562x375.jpg 562w, https:\/\/www.prestigemag.co\/wp-content\/uploads\/2014\/06\/MAY-756-\u0633\u0645\u0631-\u0646\u0633\u0631\u064a\u0646-\u0641\u0631\u062d-187x125.jpg 187w, https:\/\/www.prestigemag.co\/wp-content\/uploads\/2014\/06\/MAY-756-\u0633\u0645\u0631-\u0646\u0633\u0631\u064a\u0646-\u0641\u0631\u062d-100x67.jpg 100w\" sizes=\"(max-width: 787px) 100vw, 787px\" \/><\/noscript><\/a><a href=\"http:\/\/www.prestigemag.co\/wp-content\/uploads\/2014\/06\/MAY-7621.jpg\"><img src=\"data:image\/svg+xml,%3Csvg%20xmlns='http:\/\/www.w3.org\/2000\/svg'%20viewBox='0%200%2045%%20247'%3E%3C\/svg%3E\" class=\"zeen-lazy-load-base zeen-lazy-load alignnone  wp-image-4886\" data-lazy-src=\"http:\/\/www.prestigemag.co\/wp-content\/uploads\/2014\/06\/MAY-7621.jpg\" alt=\"MAY 762\" width=\"45%\" data-lazy-srcset=\"https:\/\/www.prestigemag.co\/wp-content\/uploads\/2014\/06\/MAY-7621.jpg 787w, https:\/\/www.prestigemag.co\/wp-content\/uploads\/2014\/06\/MAY-7621-300x200.jpg 300w, https:\/\/www.prestigemag.co\/wp-content\/uploads\/2014\/06\/MAY-7621-150x100.jpg 150w, https:\/\/www.prestigemag.co\/wp-content\/uploads\/2014\/06\/MAY-7621-562x375.jpg 562w, https:\/\/www.prestigemag.co\/wp-content\/uploads\/2014\/06\/MAY-7621-187x125.jpg 187w, https:\/\/www.prestigemag.co\/wp-content\/uploads\/2014\/06\/MAY-7621-100x67.jpg 100w\" data-lazy-sizes=\"(max-width: 787px) 100vw, 787px\" \/><noscript><img class=\"alignnone  wp-image-4886\" src=\"http:\/\/www.prestigemag.co\/wp-content\/uploads\/2014\/06\/MAY-7621.jpg\" alt=\"MAY 762\" width=\"45%\" srcset=\"https:\/\/www.prestigemag.co\/wp-content\/uploads\/2014\/06\/MAY-7621.jpg 787w, https:\/\/www.prestigemag.co\/wp-content\/uploads\/2014\/06\/MAY-7621-300x200.jpg 300w, https:\/\/www.prestigemag.co\/wp-content\/uploads\/2014\/06\/MAY-7621-150x100.jpg 150w, https:\/\/www.prestigemag.co\/wp-content\/uploads\/2014\/06\/MAY-7621-562x375.jpg 562w, https:\/\/www.prestigemag.co\/wp-content\/uploads\/2014\/06\/MAY-7621-187x125.jpg 187w, https:\/\/www.prestigemag.co\/wp-content\/uploads\/2014\/06\/MAY-7621-100x67.jpg 100w\" sizes=\"(max-width: 787px) 100vw, 787px\" \/><\/noscript><\/a><\/p>\n<p>\u00a9 Prestige<\/p>\n<p><em>Afaf Isma\u00efl entour\u00e9e de Samar, Nisrine et Farah.<\/em> \u00a0 \u00a0 \u00a0 \u00a0 \u00a0 \u00a0 \u00a0 \u00a0 \u00a0 \u00a0 \u00a0 \u00a0 \u00a0 \u00a0 \u00a0 \u00a0 \u00a0 \u00a0 \u00a0 \u00a0 \u00a0 \u00a0 \u00a0 \u00a0 \u00a0 \u00a0 \u00a0 \u00a0 \u00a0 \u00a0 \u00a0 \u00a0 \u00a0 \u00a0 \u00a0 \u00a0 \u00a0<em>Sara et Sawsan el Sayed, Afaf Isma\u00efl et Suhad\u00a0<em>Kabalan.<\/em><\/em><\/p>\n<p><a href=\"http:\/\/www.prestigemag.co\/wp-content\/uploads\/2014\/06\/MAY-7581.jpg\"><img src=\"data:image\/svg+xml,%3Csvg%20xmlns='http:\/\/www.w3.org\/2000\/svg'%20viewBox='0%200%2045%%20247'%3E%3C\/svg%3E\" class=\"zeen-lazy-load-base zeen-lazy-load alignnone  wp-image-4887\" data-lazy-src=\"http:\/\/www.prestigemag.co\/wp-content\/uploads\/2014\/06\/MAY-7581.jpg\" alt=\"MAY 758\" width=\"45%\" data-lazy-srcset=\"https:\/\/www.prestigemag.co\/wp-content\/uploads\/2014\/06\/MAY-7581.jpg 787w, https:\/\/www.prestigemag.co\/wp-content\/uploads\/2014\/06\/MAY-7581-300x200.jpg 300w, https:\/\/www.prestigemag.co\/wp-content\/uploads\/2014\/06\/MAY-7581-150x100.jpg 150w, https:\/\/www.prestigemag.co\/wp-content\/uploads\/2014\/06\/MAY-7581-562x375.jpg 562w, https:\/\/www.prestigemag.co\/wp-content\/uploads\/2014\/06\/MAY-7581-187x125.jpg 187w, https:\/\/www.prestigemag.co\/wp-content\/uploads\/2014\/06\/MAY-7581-100x67.jpg 100w\" data-lazy-sizes=\"(max-width: 787px) 100vw, 787px\" \/><noscript><img class=\"alignnone  wp-image-4887\" src=\"http:\/\/www.prestigemag.co\/wp-content\/uploads\/2014\/06\/MAY-7581.jpg\" alt=\"MAY 758\" width=\"45%\" srcset=\"https:\/\/www.prestigemag.co\/wp-content\/uploads\/2014\/06\/MAY-7581.jpg 787w, https:\/\/www.prestigemag.co\/wp-content\/uploads\/2014\/06\/MAY-7581-300x200.jpg 300w, https:\/\/www.prestigemag.co\/wp-content\/uploads\/2014\/06\/MAY-7581-150x100.jpg 150w, https:\/\/www.prestigemag.co\/wp-content\/uploads\/2014\/06\/MAY-7581-562x375.jpg 562w, https:\/\/www.prestigemag.co\/wp-content\/uploads\/2014\/06\/MAY-7581-187x125.jpg 187w, https:\/\/www.prestigemag.co\/wp-content\/uploads\/2014\/06\/MAY-7581-100x67.jpg 100w\" sizes=\"(max-width: 787px) 100vw, 787px\" \/><\/noscript><\/a><a href=\"http:\/\/www.prestigemag.co\/wp-content\/uploads\/2014\/06\/MAY-764-\u0644\u0627\u0631\u0627-\u0627\u0628\u0631\u0627\u0647\u064a\u0645-\u0645\u0627\u064a\u0627-\u0641\u0648\u0627\u0632-\u0641\u0631\u062d-\u0646\u0633\u0631-\u0644\u064a\u0646\u0627-\u0627\u0633\u0648\u062f.jpg\"><img src=\"data:image\/svg+xml,%3Csvg%20xmlns='http:\/\/www.w3.org\/2000\/svg'%20viewBox='0%200%2045%%20247'%3E%3C\/svg%3E\" class=\"zeen-lazy-load-base zeen-lazy-load alignnone  wp-image-4888\" data-lazy-src=\"http:\/\/www.prestigemag.co\/wp-content\/uploads\/2014\/06\/MAY-764-\u0644\u0627\u0631\u0627-\u0627\u0628\u0631\u0627\u0647\u064a\u0645-\u0645\u0627\u064a\u0627-\u0641\u0648\u0627\u0632-\u0641\u0631\u062d-\u0646\u0633\u0631-\u0644\u064a\u0646\u0627-\u0627\u0633\u0648\u062f.jpg\" alt=\"MAY 764 \u0644\u0627\u0631\u0627 \u0627\u0628\u0631\u0627\u0647\u064a\u0645 + \u0645\u0627\u064a\u0627 \u0641\u0648\u0627\u0632 + + \u0641\u0631\u062d \u0646\u0633\u0631 + \u0644\u064a\u0646\u0627 \u0627\u0633\u0648\u062f\" width=\"45%\" data-lazy-srcset=\"https:\/\/www.prestigemag.co\/wp-content\/uploads\/2014\/06\/MAY-764-\u0644\u0627\u0631\u0627-\u0627\u0628\u0631\u0627\u0647\u064a\u0645-\u0645\u0627\u064a\u0627-\u0641\u0648\u0627\u0632-\u0641\u0631\u062d-\u0646\u0633\u0631-\u0644\u064a\u0646\u0627-\u0627\u0633\u0648\u062f.jpg 787w, https:\/\/www.prestigemag.co\/wp-content\/uploads\/2014\/06\/MAY-764-\u0644\u0627\u0631\u0627-\u0627\u0628\u0631\u0627\u0647\u064a\u0645-\u0645\u0627\u064a\u0627-\u0641\u0648\u0627\u0632-\u0641\u0631\u062d-\u0646\u0633\u0631-\u0644\u064a\u0646\u0627-\u0627\u0633\u0648\u062f-300x200.jpg 300w, https:\/\/www.prestigemag.co\/wp-content\/uploads\/2014\/06\/MAY-764-\u0644\u0627\u0631\u0627-\u0627\u0628\u0631\u0627\u0647\u064a\u0645-\u0645\u0627\u064a\u0627-\u0641\u0648\u0627\u0632-\u0641\u0631\u062d-\u0646\u0633\u0631-\u0644\u064a\u0646\u0627-\u0627\u0633\u0648\u062f-150x100.jpg 150w, https:\/\/www.prestigemag.co\/wp-content\/uploads\/2014\/06\/MAY-764-\u0644\u0627\u0631\u0627-\u0627\u0628\u0631\u0627\u0647\u064a\u0645-\u0645\u0627\u064a\u0627-\u0641\u0648\u0627\u0632-\u0641\u0631\u062d-\u0646\u0633\u0631-\u0644\u064a\u0646\u0627-\u0627\u0633\u0648\u062f-562x375.jpg 562w, https:\/\/www.prestigemag.co\/wp-content\/uploads\/2014\/06\/MAY-764-\u0644\u0627\u0631\u0627-\u0627\u0628\u0631\u0627\u0647\u064a\u0645-\u0645\u0627\u064a\u0627-\u0641\u0648\u0627\u0632-\u0641\u0631\u062d-\u0646\u0633\u0631-\u0644\u064a\u0646\u0627-\u0627\u0633\u0648\u062f-187x125.jpg 187w, https:\/\/www.prestigemag.co\/wp-content\/uploads\/2014\/06\/MAY-764-\u0644\u0627\u0631\u0627-\u0627\u0628\u0631\u0627\u0647\u064a\u0645-\u0645\u0627\u064a\u0627-\u0641\u0648\u0627\u0632-\u0641\u0631\u062d-\u0646\u0633\u0631-\u0644\u064a\u0646\u0627-\u0627\u0633\u0648\u062f-100x67.jpg 100w\" data-lazy-sizes=\"(max-width: 787px) 100vw, 787px\" \/><noscript><img class=\"alignnone  wp-image-4888\" src=\"http:\/\/www.prestigemag.co\/wp-content\/uploads\/2014\/06\/MAY-764-\u0644\u0627\u0631\u0627-\u0627\u0628\u0631\u0627\u0647\u064a\u0645-\u0645\u0627\u064a\u0627-\u0641\u0648\u0627\u0632-\u0641\u0631\u062d-\u0646\u0633\u0631-\u0644\u064a\u0646\u0627-\u0627\u0633\u0648\u062f.jpg\" alt=\"MAY 764 \u0644\u0627\u0631\u0627 \u0627\u0628\u0631\u0627\u0647\u064a\u0645 + \u0645\u0627\u064a\u0627 \u0641\u0648\u0627\u0632 + + \u0641\u0631\u062d \u0646\u0633\u0631 + \u0644\u064a\u0646\u0627 \u0627\u0633\u0648\u062f\" width=\"45%\" srcset=\"https:\/\/www.prestigemag.co\/wp-content\/uploads\/2014\/06\/MAY-764-\u0644\u0627\u0631\u0627-\u0627\u0628\u0631\u0627\u0647\u064a\u0645-\u0645\u0627\u064a\u0627-\u0641\u0648\u0627\u0632-\u0641\u0631\u062d-\u0646\u0633\u0631-\u0644\u064a\u0646\u0627-\u0627\u0633\u0648\u062f.jpg 787w, https:\/\/www.prestigemag.co\/wp-content\/uploads\/2014\/06\/MAY-764-\u0644\u0627\u0631\u0627-\u0627\u0628\u0631\u0627\u0647\u064a\u0645-\u0645\u0627\u064a\u0627-\u0641\u0648\u0627\u0632-\u0641\u0631\u062d-\u0646\u0633\u0631-\u0644\u064a\u0646\u0627-\u0627\u0633\u0648\u062f-300x200.jpg 300w, https:\/\/www.prestigemag.co\/wp-content\/uploads\/2014\/06\/MAY-764-\u0644\u0627\u0631\u0627-\u0627\u0628\u0631\u0627\u0647\u064a\u0645-\u0645\u0627\u064a\u0627-\u0641\u0648\u0627\u0632-\u0641\u0631\u062d-\u0646\u0633\u0631-\u0644\u064a\u0646\u0627-\u0627\u0633\u0648\u062f-150x100.jpg 150w, https:\/\/www.prestigemag.co\/wp-content\/uploads\/2014\/06\/MAY-764-\u0644\u0627\u0631\u0627-\u0627\u0628\u0631\u0627\u0647\u064a\u0645-\u0645\u0627\u064a\u0627-\u0641\u0648\u0627\u0632-\u0641\u0631\u062d-\u0646\u0633\u0631-\u0644\u064a\u0646\u0627-\u0627\u0633\u0648\u062f-562x375.jpg 562w, https:\/\/www.prestigemag.co\/wp-content\/uploads\/2014\/06\/MAY-764-\u0644\u0627\u0631\u0627-\u0627\u0628\u0631\u0627\u0647\u064a\u0645-\u0645\u0627\u064a\u0627-\u0641\u0648\u0627\u0632-\u0641\u0631\u062d-\u0646\u0633\u0631-\u0644\u064a\u0646\u0627-\u0627\u0633\u0648\u062f-187x125.jpg 187w, https:\/\/www.prestigemag.co\/wp-content\/uploads\/2014\/06\/MAY-764-\u0644\u0627\u0631\u0627-\u0627\u0628\u0631\u0627\u0647\u064a\u0645-\u0645\u0627\u064a\u0627-\u0641\u0648\u0627\u0632-\u0641\u0631\u062d-\u0646\u0633\u0631-\u0644\u064a\u0646\u0627-\u0627\u0633\u0648\u062f-100x67.jpg 100w\" sizes=\"(max-width: 787px) 100vw, 787px\" \/><\/noscript><\/a><\/p>\n<p>\u00a9 Prestige<\/p>\n<p><em>Mona Far\u00e8s et Afaf Isma\u00efl<\/em>\u00a0 \u00a0 \u00a0 \u00a0 \u00a0 \u00a0 \u00a0 \u00a0 \u00a0 \u00a0 \u00a0 \u00a0 \u00a0 \u00a0 \u00a0 \u00a0 \u00a0 \u00a0 \u00a0 \u00a0 \u00a0 \u00a0 \u00a0 \u00a0 \u00a0 \u00a0 \u00a0 \u00a0 \u00a0 \u00a0 \u00a0 \u00a0 \u00a0 \u00a0 \u00a0 \u00a0 \u00a0 \u00a0 \u00a0\u00a0<em>Farah Isma\u00efl avec Lara Ibrahim, Maya Fawaz, Farah Nesr et Lina Aswad.<\/em><\/p><\/p>\n","protected":false},"excerpt":{"rendered":"<p><em>Prestige N\u00b0 252-253, Juillet-Aout 2014<\/em><br \/> Une sublime d\u00e9coration florale sur l\u2019escalier qui \u00adconduisait au restaurant Mhanna accompagnait les nombreuses amies de Afaf Isma\u00efl qui offrait en leur honneur un \u00add\u00e9jeuner des plus chaleureux. Afaf, toute heureuse, accueillait les invit\u00e9es avec sa fille Nisrine, ses belles-filles Farah et \u00adSamar, et tout au long de cette \u00e9l\u00e9gante rencontre au f\u00e9minin, avait une attention particuli\u00e8re pour chacune de ses convives qui ont appr\u00e9ci\u00e9 \u00e0 l\u2019unanimit\u00e9 le menu, l\u2019accueil, \u00adl\u2019affabilit\u00e9 et l\u2019ambiance cordiale dans un cadre tout fleuri pour l\u2019occasion.<\/p>\n","protected":false},"author":3,"featured_media":0,"comment_status":"closed","ping_status":"closed","sticky":false,"template":"","format":"standard","meta":[],"categories":[13340,13333],"tags":[],"yoast_head":"<!-- This site is optimized with the Yoast SEO plugin v19.4 - https:\/\/yoast.com\/wordpress\/plugins\/seo\/ -->\n<title>Le grand d\u00e9jeuner de Afaf Ismail pour les amies - Prestige Magazine<\/title>\n<meta name=\"description\" content=\"Prestige N\u00b0 252-253, Juillet-Aout 2014 Une sublime d\u00e9coration florale sur l\u2019escalier qui \u00adconduisait au restaurant Mhanna accompagnait les nombreuses amies de Afaf Isma\u00efl qui offrait en leur honneur un \u00add\u00e9jeuner des plus chaleureux. Afaf, toute heureuse, accueillait les invit\u00e9es avec sa fille Nisrine, ses belles-filles Farah et \u00adSamar, et tout au long de cette \u00e9l\u00e9gante rencontre au f\u00e9minin, avait une attention particuli\u00e8re pour chacune de ses convives qui ont appr\u00e9ci\u00e9 \u00e0 l\u2019unanimit\u00e9 le menu, l\u2019accueil, \u00adl\u2019affabilit\u00e9 et l\u2019ambiance cordiale dans un cadre tout fleuri pour l\u2019occasion.\" \/>\n<meta name=\"robots\" content=\"index, follow, max-snippet:-1, max-image-preview:large, max-video-preview:-1\" \/>\n<link rel=\"canonical\" href=\"https:\/\/www.prestigemag.co\/fr\/2014\/06\/le-grand-dejeuner-de-afaf-ismail-pour-les-amies\/\" \/>\n<meta property=\"og:locale\" content=\"fr_FR\" \/>\n<meta property=\"og:type\" content=\"article\" \/>\n<meta property=\"og:title\" content=\"Le grand d\u00e9jeuner de Afaf Ismail pour les amies - Prestige Magazine\" \/>\n<meta property=\"og:description\" content=\"Prestige N\u00b0 252-253, Juillet-Aout 2014 Une sublime d\u00e9coration florale sur l\u2019escalier qui \u00adconduisait au restaurant Mhanna accompagnait les nombreuses amies de Afaf Isma\u00efl qui offrait en leur honneur un \u00add\u00e9jeuner des plus chaleureux. Afaf, toute heureuse, accueillait les invit\u00e9es avec sa fille Nisrine, ses belles-filles Farah et \u00adSamar, et tout au long de cette \u00e9l\u00e9gante rencontre au f\u00e9minin, avait une attention particuli\u00e8re pour chacune de ses convives qui ont appr\u00e9ci\u00e9 \u00e0 l\u2019unanimit\u00e9 le menu, l\u2019accueil, \u00adl\u2019affabilit\u00e9 et l\u2019ambiance cordiale dans un cadre tout fleuri pour l\u2019occasion.\" \/>\n<meta property=\"og:url\" content=\"https:\/\/www.prestigemag.co\/fr\/2014\/06\/le-grand-dejeuner-de-afaf-ismail-pour-les-amies\/\" \/>\n<meta property=\"og:site_name\" content=\"Prestige Magazine\" \/>\n<meta property=\"article:publisher\" content=\"https:\/\/www.facebook.com\/prestigemag.co\/\" \/>\n<meta property=\"article:published_time\" content=\"2014-06-16T05:35:42+00:00\" \/>\n<meta property=\"article:modified_time\" content=\"2021-11-22T17:18:18+00:00\" \/>\n<meta property=\"og:image\" content=\"http:\/\/www.prestigemag.co\/wp-content\/uploads\/2014\/06\/MAY-7621.jpg\" \/>\n<meta name=\"author\" content=\"prestige\" \/>\n<meta name=\"twitter:card\" content=\"summary\" \/>\n<meta name=\"twitter:label1\" content=\"\u00c9crit par\" \/>\n\t<meta name=\"twitter:data1\" content=\"prestige\" \/>\n\t<meta name=\"twitter:label2\" content=\"Dur\u00e9e de lecture estim\u00e9e\" \/>\n\t<meta name=\"twitter:data2\" content=\"1 minute\" \/>\n<script type=\"application\/ld+json\" class=\"yoast-schema-graph\">{\"@context\":\"https:\/\/schema.org\",\"@graph\":[{\"@type\":\"Organization\",\"@id\":\"https:\/\/www.prestigemag.co\/#organization\",\"name\":\"Prestige\",\"url\":\"https:\/\/www.prestigemag.co\/\",\"sameAs\":[\"https:\/\/www.instagram.com\/prestige.mag\/\",\"https:\/\/www.facebook.com\/prestigemag.co\/\"],\"logo\":{\"@type\":\"ImageObject\",\"inLanguage\":\"fr-FR\",\"@id\":\"https:\/\/www.prestigemag.co\/#\/schema\/logo\/image\/\",\"url\":\"https:\/\/www.prestigemag.co\/wp-content\/uploads\/2021\/11\/logo-Prestige-800x200-1.png\",\"contentUrl\":\"https:\/\/www.prestigemag.co\/wp-content\/uploads\/2021\/11\/logo-Prestige-800x200-1.png\",\"width\":800,\"height\":200,\"caption\":\"Prestige\"},\"image\":{\"@id\":\"https:\/\/www.prestigemag.co\/#\/schema\/logo\/image\/\"}},{\"@type\":\"WebSite\",\"@id\":\"https:\/\/www.prestigemag.co\/#website\",\"url\":\"https:\/\/www.prestigemag.co\/\",\"name\":\"Prestige Magazine\",\"description\":\"Le Monde Des C\u00e9l\u00e9brit\u00e9s\",\"publisher\":{\"@id\":\"https:\/\/www.prestigemag.co\/#organization\"},\"potentialAction\":[{\"@type\":\"SearchAction\",\"target\":{\"@type\":\"EntryPoint\",\"urlTemplate\":\"https:\/\/www.prestigemag.co\/?s={search_term_string}\"},\"query-input\":\"required name=search_term_string\"}],\"inLanguage\":\"fr-FR\"},{\"@type\":\"WebPage\",\"@id\":\"https:\/\/www.prestigemag.co\/fr\/2014\/06\/le-grand-dejeuner-de-afaf-ismail-pour-les-amies\/\",\"url\":\"https:\/\/www.prestigemag.co\/fr\/2014\/06\/le-grand-dejeuner-de-afaf-ismail-pour-les-amies\/\",\"name\":\"Le grand d\u00e9jeuner de Afaf Ismail pour les amies - Prestige Magazine\",\"isPartOf\":{\"@id\":\"https:\/\/www.prestigemag.co\/#website\"},\"datePublished\":\"2014-06-16T05:35:42+00:00\",\"dateModified\":\"2021-11-22T17:18:18+00:00\",\"description\":\"Prestige N\u00b0 252-253, Juillet-Aout 2014 Une sublime d\u00e9coration florale sur l\u2019escalier qui \u00adconduisait au restaurant Mhanna accompagnait les nombreuses amies de Afaf Isma\u00efl qui offrait en leur honneur un \u00add\u00e9jeuner des plus chaleureux. Afaf, toute heureuse, accueillait les invit\u00e9es avec sa fille Nisrine, ses belles-filles Farah et \u00adSamar, et tout au long de cette \u00e9l\u00e9gante rencontre au f\u00e9minin, avait une attention particuli\u00e8re pour chacune de ses convives qui ont appr\u00e9ci\u00e9 \u00e0 l\u2019unanimit\u00e9 le menu, l\u2019accueil, \u00adl\u2019affabilit\u00e9 et l\u2019ambiance cordiale dans un cadre tout fleuri pour l\u2019occasion.\",\"breadcrumb\":{\"@id\":\"https:\/\/www.prestigemag.co\/fr\/2014\/06\/le-grand-dejeuner-de-afaf-ismail-pour-les-amies\/#breadcrumb\"},\"inLanguage\":\"fr-FR\",\"potentialAction\":[{\"@type\":\"ReadAction\",\"target\":[\"https:\/\/www.prestigemag.co\/fr\/2014\/06\/le-grand-dejeuner-de-afaf-ismail-pour-les-amies\/\"]}]},{\"@type\":\"BreadcrumbList\",\"@id\":\"https:\/\/www.prestigemag.co\/fr\/2014\/06\/le-grand-dejeuner-de-afaf-ismail-pour-les-amies\/#breadcrumb\",\"itemListElement\":[{\"@type\":\"ListItem\",\"position\":1,\"name\":\"Home\",\"item\":\"https:\/\/www.prestigemag.co\/fr\/\"},{\"@type\":\"ListItem\",\"position\":2,\"name\":\"Le grand d\u00e9jeuner de Afaf Ismail pour les amies\"}]},{\"@type\":\"Article\",\"@id\":\"https:\/\/www.prestigemag.co\/fr\/2014\/06\/le-grand-dejeuner-de-afaf-ismail-pour-les-amies\/#article\",\"isPartOf\":{\"@id\":\"https:\/\/www.prestigemag.co\/fr\/2014\/06\/le-grand-dejeuner-de-afaf-ismail-pour-les-amies\/\"},\"author\":{\"name\":\"prestige\",\"@id\":\"https:\/\/www.prestigemag.co\/#\/schema\/person\/e3f149368970128d68bb2d797bf30fbc\"},\"headline\":\"Le grand d\u00e9jeuner de Afaf Ismail pour les amies\",\"datePublished\":\"2014-06-16T05:35:42+00:00\",\"dateModified\":\"2021-11-22T17:18:18+00:00\",\"mainEntityOfPage\":{\"@id\":\"https:\/\/www.prestigemag.co\/fr\/2014\/06\/le-grand-dejeuner-de-afaf-ismail-pour-les-amies\/\"},\"wordCount\":152,\"publisher\":{\"@id\":\"https:\/\/www.prestigemag.co\/#organization\"},\"articleSection\":[\"D\u00e9jeuner\",\"\u00c9v\u00e9nements\"],\"inLanguage\":\"fr-FR\"},{\"@type\":\"Person\",\"@id\":\"https:\/\/www.prestigemag.co\/#\/schema\/person\/e3f149368970128d68bb2d797bf30fbc\",\"name\":\"prestige\",\"image\":{\"@type\":\"ImageObject\",\"inLanguage\":\"fr-FR\",\"@id\":\"https:\/\/www.prestigemag.co\/#\/schema\/person\/image\/\",\"url\":\"https:\/\/secure.gravatar.com\/avatar\/0aa2dff5484d35e50578639a2c3ccef9?s=96&d=mm&r=g\",\"contentUrl\":\"https:\/\/secure.gravatar.com\/avatar\/0aa2dff5484d35e50578639a2c3ccef9?s=96&d=mm&r=g\",\"caption\":\"prestige\"},\"url\":\"https:\/\/www.prestigemag.co\/fr\/author\/prestige\/\"}]}<\/script>\n<!-- \/ Yoast SEO plugin. -->","yoast_head_json":{"title":"Le grand d\u00e9jeuner de Afaf Ismail pour les amies - Prestige Magazine","description":"Prestige N\u00b0 252-253, Juillet-Aout 2014 Une sublime d\u00e9coration florale sur l\u2019escalier qui \u00adconduisait au restaurant Mhanna accompagnait les nombreuses amies de Afaf Isma\u00efl qui offrait en leur honneur un \u00add\u00e9jeuner des plus chaleureux. Afaf, toute heureuse, accueillait les invit\u00e9es avec sa fille Nisrine, ses belles-filles Farah et \u00adSamar, et tout au long de cette \u00e9l\u00e9gante rencontre au f\u00e9minin, avait une attention particuli\u00e8re pour chacune de ses convives qui ont appr\u00e9ci\u00e9 \u00e0 l\u2019unanimit\u00e9 le menu, l\u2019accueil, \u00adl\u2019affabilit\u00e9 et l\u2019ambiance cordiale dans un cadre tout fleuri pour l\u2019occasion.","robots":{"index":"index","follow":"follow","max-snippet":"max-snippet:-1","max-image-preview":"max-image-preview:large","max-video-preview":"max-video-preview:-1"},"canonical":"https:\/\/www.prestigemag.co\/fr\/2014\/06\/le-grand-dejeuner-de-afaf-ismail-pour-les-amies\/","og_locale":"fr_FR","og_type":"article","og_title":"Le grand d\u00e9jeuner de Afaf Ismail pour les amies - Prestige Magazine","og_description":"Prestige N\u00b0 252-253, Juillet-Aout 2014 Une sublime d\u00e9coration florale sur l\u2019escalier qui \u00adconduisait au restaurant Mhanna accompagnait les nombreuses amies de Afaf Isma\u00efl qui offrait en leur honneur un \u00add\u00e9jeuner des plus chaleureux. Afaf, toute heureuse, accueillait les invit\u00e9es avec sa fille Nisrine, ses belles-filles Farah et \u00adSamar, et tout au long de cette \u00e9l\u00e9gante rencontre au f\u00e9minin, avait une attention particuli\u00e8re pour chacune de ses convives qui ont appr\u00e9ci\u00e9 \u00e0 l\u2019unanimit\u00e9 le menu, l\u2019accueil, \u00adl\u2019affabilit\u00e9 et l\u2019ambiance cordiale dans un cadre tout fleuri pour l\u2019occasion.","og_url":"https:\/\/www.prestigemag.co\/fr\/2014\/06\/le-grand-dejeuner-de-afaf-ismail-pour-les-amies\/","og_site_name":"Prestige Magazine","article_publisher":"https:\/\/www.facebook.com\/prestigemag.co\/","article_published_time":"2014-06-16T05:35:42+00:00","article_modified_time":"2021-11-22T17:18:18+00:00","og_image":[{"url":"http:\/\/www.prestigemag.co\/wp-content\/uploads\/2014\/06\/MAY-7621.jpg"}],"author":"prestige","twitter_card":"summary","twitter_misc":{"\u00c9crit par":"prestige","Dur\u00e9e de lecture estim\u00e9e":"1 minute"},"schema":{"@context":"https:\/\/schema.org","@graph":[{"@type":"Organization","@id":"https:\/\/www.prestigemag.co\/#organization","name":"Prestige","url":"https:\/\/www.prestigemag.co\/","sameAs":["https:\/\/www.instagram.com\/prestige.mag\/","https:\/\/www.facebook.com\/prestigemag.co\/"],"logo":{"@type":"ImageObject","inLanguage":"fr-FR","@id":"https:\/\/www.prestigemag.co\/#\/schema\/logo\/image\/","url":"https:\/\/www.prestigemag.co\/wp-content\/uploads\/2021\/11\/logo-Prestige-800x200-1.png","contentUrl":"https:\/\/www.prestigemag.co\/wp-content\/uploads\/2021\/11\/logo-Prestige-800x200-1.png","width":800,"height":200,"caption":"Prestige"},"image":{"@id":"https:\/\/www.prestigemag.co\/#\/schema\/logo\/image\/"}},{"@type":"WebSite","@id":"https:\/\/www.prestigemag.co\/#website","url":"https:\/\/www.prestigemag.co\/","name":"Prestige Magazine","description":"Le Monde Des C\u00e9l\u00e9brit\u00e9s","publisher":{"@id":"https:\/\/www.prestigemag.co\/#organization"},"potentialAction":[{"@type":"SearchAction","target":{"@type":"EntryPoint","urlTemplate":"https:\/\/www.prestigemag.co\/?s={search_term_string}"},"query-input":"required name=search_term_string"}],"inLanguage":"fr-FR"},{"@type":"WebPage","@id":"https:\/\/www.prestigemag.co\/fr\/2014\/06\/le-grand-dejeuner-de-afaf-ismail-pour-les-amies\/","url":"https:\/\/www.prestigemag.co\/fr\/2014\/06\/le-grand-dejeuner-de-afaf-ismail-pour-les-amies\/","name":"Le grand d\u00e9jeuner de Afaf Ismail pour les amies - Prestige Magazine","isPartOf":{"@id":"https:\/\/www.prestigemag.co\/#website"},"datePublished":"2014-06-16T05:35:42+00:00","dateModified":"2021-11-22T17:18:18+00:00","description":"Prestige N\u00b0 252-253, Juillet-Aout 2014 Une sublime d\u00e9coration florale sur l\u2019escalier qui \u00adconduisait au restaurant Mhanna accompagnait les nombreuses amies de Afaf Isma\u00efl qui offrait en leur honneur un \u00add\u00e9jeuner des plus chaleureux. Afaf, toute heureuse, accueillait les invit\u00e9es avec sa fille Nisrine, ses belles-filles Farah et \u00adSamar, et tout au long de cette \u00e9l\u00e9gante rencontre au f\u00e9minin, avait une attention particuli\u00e8re pour chacune de ses convives qui ont appr\u00e9ci\u00e9 \u00e0 l\u2019unanimit\u00e9 le menu, l\u2019accueil, \u00adl\u2019affabilit\u00e9 et l\u2019ambiance cordiale dans un cadre tout fleuri pour l\u2019occasion.","breadcrumb":{"@id":"https:\/\/www.prestigemag.co\/fr\/2014\/06\/le-grand-dejeuner-de-afaf-ismail-pour-les-amies\/#breadcrumb"},"inLanguage":"fr-FR","potentialAction":[{"@type":"ReadAction","target":["https:\/\/www.prestigemag.co\/fr\/2014\/06\/le-grand-dejeuner-de-afaf-ismail-pour-les-amies\/"]}]},{"@type":"BreadcrumbList","@id":"https:\/\/www.prestigemag.co\/fr\/2014\/06\/le-grand-dejeuner-de-afaf-ismail-pour-les-amies\/#breadcrumb","itemListElement":[{"@type":"ListItem","position":1,"name":"Home","item":"https:\/\/www.prestigemag.co\/fr\/"},{"@type":"ListItem","position":2,"name":"Le grand d\u00e9jeuner de Afaf Ismail pour les amies"}]},{"@type":"Article","@id":"https:\/\/www.prestigemag.co\/fr\/2014\/06\/le-grand-dejeuner-de-afaf-ismail-pour-les-amies\/#article","isPartOf":{"@id":"https:\/\/www.prestigemag.co\/fr\/2014\/06\/le-grand-dejeuner-de-afaf-ismail-pour-les-amies\/"},"author":{"name":"prestige","@id":"https:\/\/www.prestigemag.co\/#\/schema\/person\/e3f149368970128d68bb2d797bf30fbc"},"headline":"Le grand d\u00e9jeuner de Afaf Ismail pour les amies","datePublished":"2014-06-16T05:35:42+00:00","dateModified":"2021-11-22T17:18:18+00:00","mainEntityOfPage":{"@id":"https:\/\/www.prestigemag.co\/fr\/2014\/06\/le-grand-dejeuner-de-afaf-ismail-pour-les-amies\/"},"wordCount":152,"publisher":{"@id":"https:\/\/www.prestigemag.co\/#organization"},"articleSection":["D\u00e9jeuner","\u00c9v\u00e9nements"],"inLanguage":"fr-FR"},{"@type":"Person","@id":"https:\/\/www.prestigemag.co\/#\/schema\/person\/e3f149368970128d68bb2d797bf30fbc","name":"prestige","image":{"@type":"ImageObject","inLanguage":"fr-FR","@id":"https:\/\/www.prestigemag.co\/#\/schema\/person\/image\/","url":"https:\/\/secure.gravatar.com\/avatar\/0aa2dff5484d35e50578639a2c3ccef9?s=96&d=mm&r=g","contentUrl":"https:\/\/secure.gravatar.com\/avatar\/0aa2dff5484d35e50578639a2c3ccef9?s=96&d=mm&r=g","caption":"prestige"},"url":"https:\/\/www.prestigemag.co\/fr\/author\/prestige\/"}]}},"_links":{"self":[{"href":"https:\/\/www.prestigemag.co\/fr\/wp-json\/wp\/v2\/posts\/19615"}],"collection":[{"href":"https:\/\/www.prestigemag.co\/fr\/wp-json\/wp\/v2\/posts"}],"about":[{"href":"https:\/\/www.prestigemag.co\/fr\/wp-json\/wp\/v2\/types\/post"}],"author":[{"embeddable":true,"href":"https:\/\/www.prestigemag.co\/fr\/wp-json\/wp\/v2\/users\/3"}],"replies":[{"embeddable":true,"href":"https:\/\/www.prestigemag.co\/fr\/wp-json\/wp\/v2\/comments?post=19615"}],"version-history":[{"count":1,"href":"https:\/\/www.prestigemag.co\/fr\/wp-json\/wp\/v2\/posts\/19615\/revisions"}],"predecessor-version":[{"id":23429,"href":"https:\/\/www.prestigemag.co\/fr\/wp-json\/wp\/v2\/posts\/19615\/revisions\/23429"}],"wp:attachment":[{"href":"https:\/\/www.prestigemag.co\/fr\/wp-json\/wp\/v2\/media?parent=19615"}],"wp:term":[{"taxonomy":"category","embeddable":true,"href":"https:\/\/www.prestigemag.co\/fr\/wp-json\/wp\/v2\/categories?post=19615"},{"taxonomy":"post_tag","embeddable":true,"href":"https:\/\/www.prestigemag.co\/fr\/wp-json\/wp\/v2\/tags?post=19615"}],"curies":[{"name":"wp","href":"https:\/\/api.w.org\/{rel}","templated":true}]}}