{"id":19800,"date":"2014-09-16T09:22:40","date_gmt":"2014-09-16T09:22:40","guid":{"rendered":"http:\/\/www.prestigemag.co\/2014\/09\/melhem-karam\/"},"modified":"2014-09-16T09:22:40","modified_gmt":"2014-09-16T09:22:40","slug":"melhem-karam","status":"publish","type":"post","link":"https:\/\/www.prestigemag.co\/fr\/2014\/09\/melhem-karam\/","title":{"rendered":"Melhem Karam"},"content":{"rendered":"<p>&nbsp;<\/p>\n<address>Prestige N\u00ba 89, Octobre 2000<\/address>\n<address>\u00a0<\/address>\n<address>\u00a0<\/address>\n<p><a href=\"http:\/\/www.prestigemag.co\/wp-content\/uploads\/2014\/09\/Melhem-Karam0.jpg\"><img src=\"data:image\/svg+xml,%3Csvg%20xmlns='http:\/\/www.w3.org\/2000\/svg'%20viewBox='0%200%2045%%20247'%3E%3C\/svg%3E\" class=\"zeen-lazy-load-base zeen-lazy-load alignnone size-full wp-image-2786\" data-lazy-src=\"http:\/\/www.prestigemag.co\/wp-content\/uploads\/2014\/09\/Melhem-Karam0.jpg\" alt=\"Melhem Karam0\" width=\"45%\" data-lazy-srcset=\"https:\/\/www.prestigemag.co\/wp-content\/uploads\/2014\/09\/Melhem-Karam0.jpg 456w, https:\/\/www.prestigemag.co\/wp-content\/uploads\/2014\/09\/Melhem-Karam0-300x296.jpg 300w, https:\/\/www.prestigemag.co\/wp-content\/uploads\/2014\/09\/Melhem-Karam0-150x148.jpg 150w, https:\/\/www.prestigemag.co\/wp-content\/uploads\/2014\/09\/Melhem-Karam0-380x375.jpg 380w, https:\/\/www.prestigemag.co\/wp-content\/uploads\/2014\/09\/Melhem-Karam0-126x125.jpg 126w, https:\/\/www.prestigemag.co\/wp-content\/uploads\/2014\/09\/Melhem-Karam0-67x67.jpg 67w\" data-lazy-sizes=\"(max-width: 456px) 100vw, 456px\" \/><noscript><img class=\"alignnone size-full wp-image-2786\" src=\"http:\/\/www.prestigemag.co\/wp-content\/uploads\/2014\/09\/Melhem-Karam0.jpg\" alt=\"Melhem Karam0\" width=\"45%\" srcset=\"https:\/\/www.prestigemag.co\/wp-content\/uploads\/2014\/09\/Melhem-Karam0.jpg 456w, https:\/\/www.prestigemag.co\/wp-content\/uploads\/2014\/09\/Melhem-Karam0-300x296.jpg 300w, https:\/\/www.prestigemag.co\/wp-content\/uploads\/2014\/09\/Melhem-Karam0-150x148.jpg 150w, https:\/\/www.prestigemag.co\/wp-content\/uploads\/2014\/09\/Melhem-Karam0-380x375.jpg 380w, https:\/\/www.prestigemag.co\/wp-content\/uploads\/2014\/09\/Melhem-Karam0-126x125.jpg 126w, https:\/\/www.prestigemag.co\/wp-content\/uploads\/2014\/09\/Melhem-Karam0-67x67.jpg 67w\" sizes=\"(max-width: 456px) 100vw, 456px\" \/><\/noscript><\/a><\/p>\n<p>\u00a9 Prestige \/ Jean-Claude Bejjani<\/p>\n<h4>Karam Melhem Karam:\u00a0Un patronyme\u00a0lourd \u00e0 porter. Sans doute parce que dans\u00a0\u00a0la langue de Gibran et Neaimeh, il signifie g\u00e9n\u00e9rosit\u00e9.\u00a0Un attribut qui ne suffirait pas \u00e0 d\u00e9crire\u00a0 le monument que\u00a0Karam\u00a0Karam l\u00e9gua \u00e0 la\u00a0\u00ab\u00a0Litt\u00e9rature arabe et\u00a0\u00e0\u00a0la presse\u00a0d&rsquo;\u00a0Orient:\u00a0Un univers\u00a0encyclop\u00e9dique de deux mille\u00a0ouvrages. C\u2019est\u00a0\u00e0 ce fils\u00a0\u00e9mu\u00a0qui sut haut la plume faire\u00a0honneur \u00e0 cet\u00a0h\u00e9ritage que nous avons\u00a0demand\u00e9\u00a0de raconter le\u00a0p\u00e8re.\u00a0Pour comprendre\u00a0cette contribution de la\u00a0Famille\u00a0Karam\u00a0\u00e0\u00a0la richesse intellectuelle\u00a0du\u00a0Liban,\u00a0l&rsquo;\u00a0itin\u00e9raire lumineux de Melhem Karam qui a su faire\u00a0de la\u00a0presse la plus belle tribune de\u00a0la\u00a0litt\u00e9rature\u00a0contemporaine,\u00a0un tremplin entre le\u00a0livre et le peuple\u00a0le\u00a0pass\u00e9 et le quotidien, la parole et la libert\u00e9.<\/h4>\n<h4><strong>V<\/strong><strong>o<\/strong><strong>tr<\/strong><strong>e <\/strong><strong>p<\/strong><strong>\u00e8<\/strong><strong>r<\/strong><strong>e, \u00e9<\/strong><strong>c<\/strong><strong>ri<\/strong><strong>v<\/strong><strong>a<\/strong><strong>in<\/strong><strong>, v<\/strong><strong>ou<\/strong><strong>s <\/strong><strong>a <\/strong><strong>profond\u00e9ment i<\/strong><strong>n<\/strong><strong>flue<\/strong><strong>n<\/strong><strong>c\u00e9, racont<\/strong><strong>ez-<\/strong><strong>nou<\/strong><strong>s <\/strong><strong>donc K<\/strong><strong>a<\/strong><strong>ram <\/strong><strong>K<\/strong><strong>aram<\/strong><em>. <\/em>C&rsquo;\u00e9tait un \u00eatre hors du commun qui se donnait enti\u00e8rement \u00e0 sa premi\u00e8re passion, l&rsquo;\u00e9criture. Sa vie suivait un immuable rituel. Il se mettait \u00e0 sa table de travail d\u00e8s quatre heures du matin et ne se levait que cinq heures plus tard. Ce rendez-vous matinal avec la litt\u00e9rature \u00e9tait sacr\u00e9 pour lui. C&rsquo;\u00e9tait le moment propice \u00e0 l&rsquo;\u00e9criture qu&rsquo;aucun bruit ne venait perturber. Karam Karam est l&rsquo;auteur le plus prolifique connu. Honor\u00e9 de Balzac a \u00e9crit trente-quatre r\u00e9cits. Alexandre Dumas en a r\u00e9dig\u00e9 cent. Mon p\u00e8re, quant \u00e0 lui, a \u00e9crit et publi\u00e9 mille et deux r\u00e9cits au rythme d&rsquo;une nouvelle par semaine dans son hebdomadaire <em>Alf <\/em><em>la<\/em><em>yl<\/em><em>\u00e9 <\/em><em>wa <\/em><em>l<\/em><em>ayl\u00e9<\/em><em>. <\/em>Cette revue lui assurait des revenus confortables en raison de sa grande diffusion. Il s&rsquo;est \u00e9galement pench\u00e9 sur l&rsquo;histoire des Arabes \u00e0 laquelle il consacra plus de quatre cents ouvrages. Il signait du reste l&rsquo;\u00e9ditorial des trois quotidiens <em>Al Assi<\/em><em>fa<\/em><em>, <\/em><em>Al <\/em><em>A<\/em><em>s<\/em><em>s<\/em><em>r<\/em><em>a<\/em><em>r <\/em>et <em>A<\/em><em>l <\/em><em>Ahe<\/em><em>d<\/em><em>. <\/em>Les ouvrages de cet auteur qui fut aussi un grand lecteur \u00e9taient \u00e9dit\u00e9s entre quatre \u00e0 cinq mille exemplaires.<\/h4>\n<p><a href=\"http:\/\/www.prestigemag.co\/wp-content\/uploads\/2014\/09\/Melhem-Karam1.jpg\"><img src=\"data:image\/svg+xml,%3Csvg%20xmlns='http:\/\/www.w3.org\/2000\/svg'%20viewBox='0%200%2025%%20247'%3E%3C\/svg%3E\" class=\"zeen-lazy-load-base zeen-lazy-load alignnone size-full wp-image-2787\" data-lazy-src=\"http:\/\/www.prestigemag.co\/wp-content\/uploads\/2014\/09\/Melhem-Karam1.jpg\" alt=\"Melhem Karam1\" width=\"25%\" data-lazy-srcset=\"https:\/\/www.prestigemag.co\/wp-content\/uploads\/2014\/09\/Melhem-Karam1.jpg 257w, https:\/\/www.prestigemag.co\/wp-content\/uploads\/2014\/09\/Melhem-Karam1-250x300.jpg 250w, https:\/\/www.prestigemag.co\/wp-content\/uploads\/2014\/09\/Melhem-Karam1-125x150.jpg 125w, https:\/\/www.prestigemag.co\/wp-content\/uploads\/2014\/09\/Melhem-Karam1-104x125.jpg 104w, https:\/\/www.prestigemag.co\/wp-content\/uploads\/2014\/09\/Melhem-Karam1-55x67.jpg 55w\" data-lazy-sizes=\"(max-width: 257px) 100vw, 257px\" \/><noscript><img class=\"alignnone size-full wp-image-2787\" src=\"http:\/\/www.prestigemag.co\/wp-content\/uploads\/2014\/09\/Melhem-Karam1.jpg\" alt=\"Melhem Karam1\" width=\"25%\" srcset=\"https:\/\/www.prestigemag.co\/wp-content\/uploads\/2014\/09\/Melhem-Karam1.jpg 257w, https:\/\/www.prestigemag.co\/wp-content\/uploads\/2014\/09\/Melhem-Karam1-250x300.jpg 250w, https:\/\/www.prestigemag.co\/wp-content\/uploads\/2014\/09\/Melhem-Karam1-125x150.jpg 125w, https:\/\/www.prestigemag.co\/wp-content\/uploads\/2014\/09\/Melhem-Karam1-104x125.jpg 104w, https:\/\/www.prestigemag.co\/wp-content\/uploads\/2014\/09\/Melhem-Karam1-55x67.jpg 55w\" sizes=\"(max-width: 257px) 100vw, 257px\" \/><\/noscript><\/a><\/p>\n<p>\u00a9 Archives Melhem Karam<\/p>\n<address>\u00a0<\/address>\n<address><em>Karam Karam, une figure incontournable de la litt\u00e9rature et de la presse<\/em><\/address>\n<address>\u00a0<\/address>\n<p><strong>D<\/strong><strong>\u00e9crivez-no<\/strong><strong>u<\/strong><strong>s l<\/strong><strong>a <\/strong><strong>per<\/strong><strong>s<\/strong><strong>onna<\/strong><strong>l<\/strong><strong>it\u00e9 de cet <\/strong><strong>h<\/strong><strong>o<\/strong><strong>mme que <\/strong><strong>vous <\/strong><strong>citez si so<\/strong><strong>u<\/strong><strong>ve<\/strong><strong>nt<\/strong><strong>.<em>\u00a0<\/em><\/strong>Homme sage et de grande culture, mon p\u00e8re avait soif de connaissances et attisait ma curiosit\u00e9 sur toutes les questions d&rsquo;actualit\u00e9. A ses yeux, il ne pouvait y avoir d&rsquo;avenir pour le Liban sans coexistence. C&rsquo;est dans ce terreau fusionnel que les c\u00e8dres pouvaient prendre racine. Il avait tout appris \u00e0 ses enfants, les valeurs fondamentales, ses convictions, ses principes in\u00e9branlables. Pour chaque situation de la vie, il avait un dicton, une citation qui r\u00e9sumait une morale. Ces mots justes m&rsquo;ont marqu\u00e9 et se sont imprim\u00e9s dans ma m\u00e9moire.<\/p>\n<p>Par exemple, le fait de ne jamais se rendre, les mains vides, chez quelqu&rsquo; un, ou encore que la r\u00e9putation d&rsquo;une personne est plus importante que sa fortune, et que l&rsquo;on juge un individu sur ses actions et ses vertus et non sur sa richesse, de m\u00eame il disait qu&rsquo;il n&rsquo;est pas de situation impossible mais plut\u00f4t des \u00eatres qui n&rsquo;osent pas. Il \u00e9tait essentiel de bien assimiler les le\u00e7ons de la vie, sauvegarder sa dignit\u00e9\u00a0\u00bb ne pas tomber dans la mesquinerie, ou l&rsquo;arrivisme comme r\u00e9ussir aux d\u00e9pens des autres. Chacun de nous a sa chance, son opportunit\u00e9, disait-il. Il faut savoir la saisir.<\/p>\n<p><strong>Q<\/strong><strong>u<\/strong><strong>&lsquo;<\/strong><strong>e<\/strong><strong>n <\/strong><strong>\u00e9tait<\/strong><strong>&#8211;<\/strong><strong>il <\/strong><strong>d<\/strong><strong>e <\/strong><strong>l<\/strong><strong>a r<\/strong><strong>e<\/strong><strong>l<\/strong><strong>ation p<\/strong><strong>\u00e8<\/strong><strong>re<\/strong><strong>&#8211;<\/strong><strong>f<\/strong><strong>il<\/strong><strong>s<\/strong><strong>?\u00a0<\/strong>Karam Karam croyait en moi. Alors que je n&rsquo;\u00e9tais que lyc\u00e9en, il me demandait de corriger ses manuscrits. Mon p\u00e8re \u00e9tait aussi un vrai perfectionniste. Remarquant un jour une faute d&rsquo;accord sur une copie, il gratta la lettre erron\u00e9e \u00e0 l&rsquo;aide d&rsquo;une lame de rasoir sur chacun des cinq mille exemplaires. Il \u00e9tait pour moi un ami, un fr\u00e8re et aussi mon meilleur confident puisque je partageais avec lui mes secrets. Il ne prenait jamais cet air autoritaire propre aux parents, tout au contraire, tr\u00e8s attentionn\u00e9, il me tendait l&rsquo;oreille mais n&rsquo;h\u00e9sitait pas\u00e0 me faire des reproches si je faisais un faux-pas. Ilm&rsquo;inculquait le sens des responsabilit\u00e9s, m&rsquo;orientait, me mettait sur la bonne voie &#8230;<\/p>\n<p><strong>V<\/strong><strong>o<\/strong><strong>us avez <\/strong><strong>obt<\/strong><strong>e<\/strong><strong>nu <\/strong><strong>vo<\/strong><strong>tre dipl<\/strong><strong>\u00f4<\/strong><strong>m<\/strong><strong>e <\/strong><strong>d<\/strong><strong>e juris<\/strong><strong>t<\/strong><strong>e <\/strong><strong>\u00e0 <\/strong><strong>2<\/strong><strong>1 <\/strong><strong>a<\/strong><strong>ns, <\/strong><strong>e<\/strong><strong>t <\/strong><strong>c<\/strong><strong>&lsquo;<\/strong><strong>es<\/strong><strong>t <\/strong><strong>\u00e0 <\/strong><strong>ce<\/strong><strong>t <\/strong><strong>\u00e2ge <\/strong><strong>qu<\/strong><strong>e <\/strong><strong>vous vo<\/strong><strong>us <\/strong><strong>\u00ea<\/strong><strong>t<\/strong><strong>es <\/strong><strong>p<\/strong><strong>r<\/strong><strong>\u00e9sent<\/strong><strong>\u00e9 <\/strong><strong>\u00e0 <\/strong><strong>l<\/strong><strong>a pr\u00e9<\/strong><strong>s<\/strong><strong>ide<\/strong><strong>n<\/strong><strong>c<\/strong><strong>e <\/strong><strong>d<\/strong><strong>e <\/strong><strong>l&rsquo;<\/strong><strong>O<\/strong><strong>r<\/strong><strong>dre des R\u00e9dacteur<\/strong><strong>s?\u00a0<\/strong>A l&rsquo;\u00e9poque, j&rsquo;exer\u00e7ais le m\u00e9tier de journaliste et je collaborais laborieusement \u00e0 six revues et quotidiens pour un salaire mensuel de 1.400 livres \u00a0Lorsque j&rsquo;ai annonc\u00e9 ma d\u00e9cision de me pr\u00e9senter aux \u00e9lections de l&rsquo;Ordre, mes coll\u00e8gues ont pris mes paroles \u00e0 la l\u00e9g\u00e8re, ne pouvant imaginer les v\u00e9t\u00e9rans du m\u00e9tier d\u00e9tr\u00f4n\u00e9s par un nouveau venu, jeune de surcro\u00eet. Refusant d&rsquo;abandonner mes alli\u00e9s pour former une coalition sur une autre liste. J&rsquo;ai fini par mener seul ma campagne, remportant les \u00e9lections par 160 voix contre 60 pour le pr\u00e9sident sortant Ishak Mansour. La liste que je pr\u00e9sidais a obtenu les deux tiers des si\u00e8ges du conseil ne laissant place qu&rsquo;\u00e0 trois candidats concurrents soit Wafik Tibi, Edouard Bassil et Hassan Fakhri.<\/p>\n<p><strong>Comm<\/strong><strong>e<\/strong><strong>nt <\/strong><strong>vo<\/strong><strong>tr<\/strong><strong>e <\/strong><strong>l<\/strong><strong>ea<\/strong><strong>d<\/strong><strong>ers<\/strong><strong>hip <\/strong><strong>s<\/strong><strong>&lsquo;<\/strong><strong>e<\/strong><strong>st<\/strong><strong>&#8211;<\/strong><strong>il forg\u00e9 <\/strong><strong>a<\/strong><strong>u co<\/strong><strong>ur<\/strong><strong>s <\/strong><strong>d<\/strong><strong>es a<\/strong><strong>n<\/strong><strong>n\u00e9es<\/strong><strong>, qu<\/strong><strong>el \u00e9<\/strong><strong>v<\/strong><strong>\u00e9<\/strong><strong>n<\/strong><strong>e<\/strong><strong>m<\/strong><strong>e<\/strong><strong>nt en <\/strong><strong>a <\/strong><strong>\u00e9<\/strong><strong>t<\/strong><strong>\u00e9 <\/strong><strong>l<\/strong><strong>e <\/strong><strong>pr<\/strong><strong>\u00e9c<\/strong><strong>ur<\/strong><strong>se<\/strong><strong>u<\/strong><strong>r? <\/strong>Je dois \u00e9norm\u00e9ment \u00e0 mon professeur au coll\u00e8ge La Sagesse: Victor Lahoud avait son propre concept de l&rsquo;\u00e9ducation. Disciple de Mme Maria Montessori et Johann Pestalotzi, il \u00e9tait favorable \u00e0 l&rsquo;\u00e9mancipation des \u00e9coliers, c&rsquo;est dans cette optique qu&rsquo;en classe de quatri\u00e8me, il nous proposa d&rsquo;\u00e9lire un d\u00e9l\u00e9gu\u00e9 qui aurait pour mission de porter \u00e0 la direction du coll\u00e8ge les revendications et dol\u00e9ances des \u00e9l\u00e8ves.<br \/>\nOn m&rsquo;a choisi d&rsquo;office, puisque tout le monde \u00e0 l&rsquo;unanimit\u00e9 souhaitait m&rsquo;\u00e9lire. C&rsquo;\u00e9tait ma premi\u00e8re exp\u00e9rience dans le domaine public. Puis j&rsquo;ai \u00e9t\u00e9 \u00e9lu pr\u00e9sident de l&rsquo;Union Nationale Estudiantine, je le suis rest\u00e9 pendant six ans, ensuite, pr\u00e9sident de l&rsquo;Union des Universitaires six ann\u00e9es d&rsquo;affil\u00e9e.<\/p>\n<p><strong>Entr<\/strong><strong>e <\/strong><strong>1961, <\/strong><strong>d<\/strong><strong>at<\/strong><strong>e de vo<\/strong><strong>tr<\/strong><strong>e pre<\/strong><strong>mi<\/strong><strong>\u00e8<\/strong><strong>r<\/strong><strong>e e<\/strong><strong>n<\/strong><strong>tr\u00e9e <\/strong><strong>e<\/strong><strong>n fo<\/strong><strong>n<\/strong><strong>ction <\/strong><strong>e<\/strong><strong>t <\/strong><strong>l&rsquo;<\/strong><strong>a<\/strong><strong>nn<\/strong><strong>\u00e9e 20<\/strong><strong>0<\/strong><strong>0<\/strong><strong>, d<\/strong><strong>a<\/strong><strong>n<\/strong><strong>s <\/strong><strong>quel<\/strong><strong>l<\/strong><strong>e d<\/strong><strong>i<\/strong><strong>re<\/strong><strong>c<\/strong><strong>tion <\/strong><strong>a <\/strong><strong>\u00e9<\/strong><strong>v<\/strong><strong>o<\/strong><strong>l<\/strong><strong>u\u00e9 <\/strong><strong>l<\/strong><strong>a <\/strong><strong>p<\/strong><strong>resse<\/strong><strong>, <\/strong><strong>quelles <\/strong><strong>so<\/strong><strong>n<\/strong><strong>t <\/strong><strong>l<\/strong><strong>es g<\/strong><strong>rand<\/strong><strong>es <\/strong><strong>muta<\/strong><strong>t<\/strong><strong>io<\/strong><strong>ns <\/strong><strong>qu<\/strong><strong>i <\/strong><strong>o<\/strong><strong>n<\/strong><strong>t <\/strong><strong>\u00e9<\/strong><strong>t<\/strong><strong>\u00e9 <\/strong><strong>a<\/strong><strong>p<\/strong><strong>po<\/strong><strong>r<\/strong><strong>t\u00e9<\/strong><strong>e<\/strong><strong>s <\/strong><strong>\u00e0 <\/strong><strong>ce <\/strong><strong>s<\/strong><strong>ec<\/strong><strong>t<\/strong><strong>e<\/strong><strong>u<\/strong><strong>r? <\/strong>Curieusement, ce sont deux b\u00e2tonniers qui ont marqu\u00e9 le journalisme au Liban. Il s&rsquo;agit de Afif Tibi et Robert Abela J&rsquo;ai fond\u00e9 avec ces \u00e9minents juristes un Ordre puissant et tr\u00e8s actif. Nous essayons depuis de perp\u00e9tuer cette tradition. \u00a0Lors de J&rsquo;affaire du <em>S<\/em><em>afir<\/em><em>, <\/em>Mohammed Baalbaki, pr\u00e9sident de l&rsquo;Ordre de la Presse et moi-m\u00eame avons pris une position commune pour d\u00e9fendre les int\u00e9r\u00eats de la presse.<br \/>\nNotre intransigeance et notre mobilisation nous ont valu l&rsquo;abolition de deux mesures injustes, l\u2019arr\u00eat provisoire et la suspension administrative, qui consistait \u00e0 suspendre la parution d&rsquo;une publication, accus\u00e9e d&rsquo;avoir enfreint la loi, jusqu&rsquo; au verdict de la Cour de justice dans sa derni\u00e8re voie de recours. Cette mesure \u00e9tait une v\u00e9ritable entrave \u00e0 la libert\u00e9 d&rsquo;expression.<\/p>\n<p>La collaboration et l&rsquo;entente entre l&rsquo;Ordre de la Presse et l&rsquo;Ordre des R\u00e9dacteurs s&rsquo;effectuent \u00e0 tous les niveaux, nous veillons \u00e0 garder une harmonie totale entre les deux organismes afin d&rsquo;\u00e9viter un quelconque litige qui risquerait de nous fragiliser tous les deux.<br \/>\nNotre vocation reste de prot\u00e9ger la presse.<\/p>\n<p><strong>Pa<\/strong><strong>r<\/strong><strong>tagez<\/strong><strong>&#8211;<\/strong><strong>vou<\/strong><strong>s <\/strong><strong>l<\/strong><strong>e pe<\/strong><strong>s<\/strong><strong>s<\/strong><strong>i<\/strong><strong>m<\/strong><strong>i<\/strong><strong>sme de certains <\/strong><strong>p<\/strong><strong>our <\/strong><strong>c<\/strong><strong>e <\/strong><strong>qui co<\/strong><strong>n<\/strong><strong>c<\/strong><strong>e<\/strong><strong>r<\/strong><strong>n<\/strong><strong>e <\/strong><strong>la <\/strong><strong>l<\/strong><strong>iber<\/strong><strong>t<\/strong><strong>\u00e9 <\/strong><strong>d<\/strong><strong>e <\/strong><strong>l<\/strong><strong>a <\/strong><strong>p<\/strong><strong>r<\/strong><strong>esse?\u00a0<\/strong>Malgr\u00e9 les avis contrast\u00e9s. je suis convaincu que la libert\u00e9 de la presse reste pr\u00e9pond\u00e9rante au Liban. Partout dans le monde, l&rsquo;exp\u00e9rience a montr\u00e9 que les tentatives de museler la presse ont \u00e9t\u00e9 \u00e0 chaque fois vou\u00e9es \u00e0 l&rsquo;\u00e9chec.<\/p>\n<p><strong>Q<\/strong><strong>uel<\/strong><strong>l<\/strong><strong>e<\/strong><strong>s sont le<\/strong><strong>s r<\/strong><strong>\u00e9<\/strong><strong>fo<\/strong><strong>r<\/strong><strong>m<\/strong><strong>e<\/strong><strong>s <\/strong><strong>q<\/strong><strong>ue <\/strong><strong>v<\/strong><strong>ou<\/strong><strong>s a<\/strong><strong>v<\/strong><strong>e<\/strong><strong>z apport<\/strong><strong>\u00e9es <\/strong><strong>\u00e0 L<\/strong><strong>&lsquo;O<\/strong><strong>r<\/strong><strong>dr<\/strong><strong>e <\/strong><strong>d<\/strong><strong>e<\/strong><strong>s <\/strong><strong>R\u00e9d<\/strong><strong>acteurs? <\/strong>Une fois \u00e9lu pr\u00e9sident de l&rsquo;Ordre. J&rsquo;ai pris connaissance des nombreux probl\u00e8mes dont souffrait cet organisme. Et c&rsquo;est surtout durant le mandat de Fouad Ch\u00e9hab que nos diverses revendications ont \u00e9t\u00e9 entendues par l&rsquo;Etat. Depuis, tout membre de l&rsquo;Ordre a droit \u00e0 la s\u00e9curit\u00e9 sociale ainsi qu&rsquo;\u00e0 des abattements fiscaux de 50% sur les tarifs des communications t\u00e9l\u00e9phoniques locales, de 25% sur les internationales, \u00e0 une exemption des taxes municipales, \u00e0 une r\u00e9duction de 50% sur les tarifs de transport a\u00e9rien. Plus r\u00e9cemment le ministre des Finances Ali Al Khalil a m\u00eame annul\u00e9 les imp\u00f4ts sur les appointements des journalistes.<\/p>\n<p><a href=\"http:\/\/www.prestigemag.co\/wp-content\/uploads\/2014\/09\/Melhem-Karam4.jpg\"><img src=\"data:image\/svg+xml,%3Csvg%20xmlns='http:\/\/www.w3.org\/2000\/svg'%20viewBox='0%200%2045%%20247'%3E%3C\/svg%3E\" class=\"zeen-lazy-load-base zeen-lazy-load alignnone size-full wp-image-2788\" data-lazy-src=\"http:\/\/www.prestigemag.co\/wp-content\/uploads\/2014\/09\/Melhem-Karam4.jpg\" alt=\"Melhem Karam4\" width=\"45%\" data-lazy-srcset=\"https:\/\/www.prestigemag.co\/wp-content\/uploads\/2014\/09\/Melhem-Karam4.jpg 456w, https:\/\/www.prestigemag.co\/wp-content\/uploads\/2014\/09\/Melhem-Karam4-300x169.jpg 300w, https:\/\/www.prestigemag.co\/wp-content\/uploads\/2014\/09\/Melhem-Karam4-150x84.jpg 150w, https:\/\/www.prestigemag.co\/wp-content\/uploads\/2014\/09\/Melhem-Karam4-221x125.jpg 221w, https:\/\/www.prestigemag.co\/wp-content\/uploads\/2014\/09\/Melhem-Karam4-118x67.jpg 118w\" data-lazy-sizes=\"(max-width: 456px) 100vw, 456px\" \/><noscript><img class=\"alignnone size-full wp-image-2788\" src=\"http:\/\/www.prestigemag.co\/wp-content\/uploads\/2014\/09\/Melhem-Karam4.jpg\" alt=\"Melhem Karam4\" width=\"45%\" srcset=\"https:\/\/www.prestigemag.co\/wp-content\/uploads\/2014\/09\/Melhem-Karam4.jpg 456w, https:\/\/www.prestigemag.co\/wp-content\/uploads\/2014\/09\/Melhem-Karam4-300x169.jpg 300w, https:\/\/www.prestigemag.co\/wp-content\/uploads\/2014\/09\/Melhem-Karam4-150x84.jpg 150w, https:\/\/www.prestigemag.co\/wp-content\/uploads\/2014\/09\/Melhem-Karam4-221x125.jpg 221w, https:\/\/www.prestigemag.co\/wp-content\/uploads\/2014\/09\/Melhem-Karam4-118x67.jpg 118w\" sizes=\"(max-width: 456px) 100vw, 456px\" \/><\/noscript><\/a><\/p>\n<p>\u00a9\u00a0Archives Melhem Karam<\/p>\n<p><em>Assembl\u00e9e de l&rsquo;Ordre des R\u00e9dacteurs, 1960. Adli Hage, Georges Chami, Gaby Haddad, Hassan Fakhr, Chafic Daher, Wafic Tibi, le tr\u00e9sorier Elias Karam, le pr\u00e9sident Melhem Karam, Ali Hachem, Zakaria Kharsal, Edward Bassil, Antoine Seif.<\/em><\/p>\n<p><strong>V<\/strong><strong>ous av<\/strong><strong>ez <\/strong><strong>int<\/strong><strong>ervie<\/strong><strong>w<\/strong><strong>\u00e9 <\/strong><strong>q<\/strong><strong>u<\/strong><strong>ar<\/strong><strong>a<\/strong><strong>n<\/strong><strong>t<\/strong><strong>e<\/strong><strong>&#8211;<\/strong><strong>s<\/strong><strong>i<\/strong><strong>x <\/strong><strong>p<\/strong><strong>erso<\/strong><strong>nn<\/strong><strong>ali<\/strong><strong>t<\/strong><strong>\u00e9s i<\/strong><strong>nternational<\/strong><strong>e<\/strong><strong>s, <\/strong><strong>r<\/strong><strong>oi<\/strong><strong>s<\/strong><strong>; <\/strong><strong>chefs <\/strong><strong>d<\/strong><strong>&lsquo;<\/strong><strong>Et<\/strong><strong>a<\/strong><strong>t <\/strong><strong>e<\/strong><strong>t <\/strong><strong>pri<\/strong><strong>n<\/strong><strong>ce<\/strong><strong>s. <\/strong><strong>Q<\/strong><strong>u&rsquo;<\/strong><strong>avez<\/strong><strong>&#8211;<\/strong><strong>v<\/strong><strong>o<\/strong><strong>u<\/strong><strong>s <\/strong><strong>t<\/strong><strong>i<\/strong><strong>r\u00e9 d<\/strong><strong>e ces <\/strong><strong>r<\/strong><strong>encont<\/strong><strong>r<\/strong><strong>es? I<\/strong>I est essentiel pour un journaliste d&rsquo;entretenir de bonnes relations avec un chef d&rsquo;Etat et de ne jamais l&#8217;embarrasser&#8230; En effet, lors d&rsquo;un entretien avec le pr\u00e9sident \u00e9gyptien Anouar Sadate, je lui avais pos\u00e9 une question en relation avec la lib\u00e9ration d&rsquo;Ali Sabri. Lorsque le pr\u00e9sident lut l&rsquo;interview avant sa publication, il supprima dix questions et leurs r\u00e9ponses. Je n&rsquo;ai pas protest\u00e9, il faut tenir compte de certains imp\u00e9ratifs et situations d\u00e9licates avec les chefs d&rsquo;Etat, gagner l&rsquo;amiti\u00e9 d&rsquo;un pr\u00e9sident est un honneur, puisqu&rsquo;il repr\u00e9sente tout un Etat. J&rsquo;ai eu l&rsquo;occasion de rencontrer plusieurs hautes figures politiques dont les pr\u00e9sidents Jacques Chirac, Val\u00e9ry Giscard-d&rsquo;Estaing, Kurt Waldheim.<\/p>\n<p><strong>Ya-t<\/strong><strong>-il<\/strong><strong> u<\/strong><strong>n <\/strong><strong>c<\/strong><strong>h<\/strong><strong>ef <\/strong><strong>d&rsquo;<\/strong><strong>E<\/strong><strong>tat <\/strong><strong>a<\/strong><strong>u<\/strong><strong>q<\/strong><strong>u<\/strong><strong>e<\/strong><strong>l <\/strong><strong>vo<\/strong><strong>us l<\/strong><strong>i<\/strong><strong>e u<\/strong><strong>n<\/strong><strong>e<\/strong><strong>amiti<\/strong><strong>\u00e9 <\/strong><strong>p<\/strong><strong>e<\/strong><strong>r<\/strong><strong>son<\/strong><strong>n<\/strong><strong>e<\/strong><strong>l<\/strong><strong>l<\/strong><strong>e? <\/strong>Sa Majest\u00e9 le roi Fahd, le pr\u00e9sident Hosni Moubarak, l&rsquo;Emir du Koweit Cheikh\u00a0 Jaber Ahmad Al Sabbah. J&rsquo;entretenais des relations cordiales avec le pr\u00e9sident Hafez Assad que j&rsquo;ai interview\u00e9 \u00e0 trois reprises. J&rsquo;avais l&rsquo;intention de rencontrer le Saint P\u00e8re, l&rsquo;une des figures les plus marquantes de ces vingt derni\u00e8res ann\u00e9es mais l&rsquo;entretien a \u00e9t\u00e9 annul\u00e9 en derni\u00e8re minute. L&rsquo;amiti\u00e9 avec de grandes personnalit\u00e9s est importante mais celles qui vous lie \u00e0 des anonymes, plus durable, n&rsquo;est pas moins pr\u00e9cieuse. Vos amis vous soutiennent dans vos moments de crise.<\/p>\n<p><strong>Q<\/strong><strong>u<\/strong><strong>elle <\/strong><strong>p<\/strong><strong>e<\/strong><strong>rso<\/strong><strong>n<\/strong><strong>n<\/strong><strong>al<\/strong><strong>i<\/strong><strong>t\u00e9 <\/strong><strong>v<\/strong><strong>o<\/strong><strong>u<\/strong><strong>s <\/strong><strong>a <\/strong><strong>l<\/strong><strong>e p<\/strong><strong>lu<\/strong><strong>s <\/strong><strong>marqu<\/strong><strong>\u00e9? <\/strong>Le roi Hussein de Jordanie \u00e9tait un homme cultiv\u00e9 et lucide. Il avait une extraordinaire perception de la situation qui pr\u00e9valait au Proche-Orient, et savait g\u00e9rer les conflits. J&rsquo;ai aussi rencontr\u00e9 \u00e0 plusieurs reprises le chancelier autrichien BrunoKreisky dont le patriotisme m&rsquo;avait vraiment frapp\u00e9. Il me raconta qu&rsquo;\u00e0 l&rsquo;issue d&rsquo;un entretien politique, le Premier ministre isra\u00e9lien de l\u2019\u00e9poque, Golda Meir prit cong\u00e9 par un simple <em>\u00ab<\/em><em>Sh<\/em><em>al<\/em><em>om\u00bb, <\/em>allusion aux racines juives du chancelier qui lui r\u00e9pondit s\u00e8chement en allemand, signalant que cette allusion linguistique \u00e9tait la seconde humiliation qu&rsquo;il subissait apr\u00e8s celle de la d\u00e9portation. Il donnait une brillante preuve de son nationalisme, affirmant qu&rsquo;il \u00e9tait autrichien avant toute autre chose.<\/p>\n<p><a href=\"http:\/\/www.prestigemag.co\/wp-content\/uploads\/2014\/09\/Melhem-Karam2.jpg\"><img src=\"data:image\/svg+xml,%3Csvg%20xmlns='http:\/\/www.w3.org\/2000\/svg'%20viewBox='0%200%2045%%20247'%3E%3C\/svg%3E\" class=\"zeen-lazy-load-base zeen-lazy-load alignnone size-full wp-image-2789\" data-lazy-src=\"http:\/\/www.prestigemag.co\/wp-content\/uploads\/2014\/09\/Melhem-Karam2.jpg\" alt=\"Melhem Karam2\" width=\"45%\" data-lazy-srcset=\"https:\/\/www.prestigemag.co\/wp-content\/uploads\/2014\/09\/Melhem-Karam2.jpg 456w, https:\/\/www.prestigemag.co\/wp-content\/uploads\/2014\/09\/Melhem-Karam2-300x169.jpg 300w, https:\/\/www.prestigemag.co\/wp-content\/uploads\/2014\/09\/Melhem-Karam2-150x84.jpg 150w, https:\/\/www.prestigemag.co\/wp-content\/uploads\/2014\/09\/Melhem-Karam2-221x125.jpg 221w, https:\/\/www.prestigemag.co\/wp-content\/uploads\/2014\/09\/Melhem-Karam2-118x67.jpg 118w\" data-lazy-sizes=\"(max-width: 456px) 100vw, 456px\" \/><noscript><img class=\"alignnone size-full wp-image-2789\" src=\"http:\/\/www.prestigemag.co\/wp-content\/uploads\/2014\/09\/Melhem-Karam2.jpg\" alt=\"Melhem Karam2\" width=\"45%\" srcset=\"https:\/\/www.prestigemag.co\/wp-content\/uploads\/2014\/09\/Melhem-Karam2.jpg 456w, https:\/\/www.prestigemag.co\/wp-content\/uploads\/2014\/09\/Melhem-Karam2-300x169.jpg 300w, https:\/\/www.prestigemag.co\/wp-content\/uploads\/2014\/09\/Melhem-Karam2-150x84.jpg 150w, https:\/\/www.prestigemag.co\/wp-content\/uploads\/2014\/09\/Melhem-Karam2-221x125.jpg 221w, https:\/\/www.prestigemag.co\/wp-content\/uploads\/2014\/09\/Melhem-Karam2-118x67.jpg 118w\" sizes=\"(max-width: 456px) 100vw, 456px\" \/><\/noscript><\/a><\/p>\n<p>\u00a9\u00a0Archives Melhem Karam<\/p>\n<p><em>Le pr\u00e9sident de l&rsquo;Ordre des R\u00e9dacteurs Melhem Karam et Sa Majest\u00e9 le roi Abdallah II de Jordanie<\/em><\/p>\n<p><a href=\"http:\/\/www.prestigemag.co\/wp-content\/uploads\/2014\/09\/Melhem-Karam3.jpg\"><img src=\"data:image\/svg+xml,%3Csvg%20xmlns='http:\/\/www.w3.org\/2000\/svg'%20viewBox='0%200%2045%%20247'%3E%3C\/svg%3E\" class=\"zeen-lazy-load-base zeen-lazy-load alignnone size-full wp-image-2790\" data-lazy-src=\"http:\/\/www.prestigemag.co\/wp-content\/uploads\/2014\/09\/Melhem-Karam3.jpg\" alt=\"Melhem Karam3\" width=\"45%\" data-lazy-srcset=\"https:\/\/www.prestigemag.co\/wp-content\/uploads\/2014\/09\/Melhem-Karam3.jpg 456w, https:\/\/www.prestigemag.co\/wp-content\/uploads\/2014\/09\/Melhem-Karam3-300x169.jpg 300w, https:\/\/www.prestigemag.co\/wp-content\/uploads\/2014\/09\/Melhem-Karam3-150x84.jpg 150w, https:\/\/www.prestigemag.co\/wp-content\/uploads\/2014\/09\/Melhem-Karam3-221x125.jpg 221w, https:\/\/www.prestigemag.co\/wp-content\/uploads\/2014\/09\/Melhem-Karam3-118x67.jpg 118w\" data-lazy-sizes=\"(max-width: 456px) 100vw, 456px\" \/><noscript><img class=\"alignnone size-full wp-image-2790\" src=\"http:\/\/www.prestigemag.co\/wp-content\/uploads\/2014\/09\/Melhem-Karam3.jpg\" alt=\"Melhem Karam3\" width=\"45%\" srcset=\"https:\/\/www.prestigemag.co\/wp-content\/uploads\/2014\/09\/Melhem-Karam3.jpg 456w, https:\/\/www.prestigemag.co\/wp-content\/uploads\/2014\/09\/Melhem-Karam3-300x169.jpg 300w, https:\/\/www.prestigemag.co\/wp-content\/uploads\/2014\/09\/Melhem-Karam3-150x84.jpg 150w, https:\/\/www.prestigemag.co\/wp-content\/uploads\/2014\/09\/Melhem-Karam3-221x125.jpg 221w, https:\/\/www.prestigemag.co\/wp-content\/uploads\/2014\/09\/Melhem-Karam3-118x67.jpg 118w\" sizes=\"(max-width: 456px) 100vw, 456px\" \/><\/noscript><\/a><\/p>\n<p>\u00a9\u00a0Archives Melhem Karam<\/p>\n<p><em>Rencontre avec le Chef d&rsquo;Etat Egyptien Hosni Moubarak<\/em><\/p>\n<p><strong>D<\/strong><strong>e <\/strong><strong>n<\/strong><strong>ombr<\/strong><strong>e<\/strong><strong>ux journalistes <\/strong><strong>se s<\/strong><strong>o<\/strong><strong>nt <\/strong><strong>to<\/strong><strong>ur<\/strong><strong>n\u00e9s v<\/strong><strong>e<\/strong><strong>rs la polit<\/strong><strong>i<\/strong><strong>que <\/strong><strong>e<\/strong><strong>t <\/strong><strong>o<\/strong><strong>nt <\/strong><strong>acc\u00e9<\/strong><strong>d\u00e9 <\/strong><strong>\u00e0 <\/strong><strong>des <\/strong><strong>s<\/strong><strong>tat<\/strong><strong>u<\/strong><strong>ts <\/strong><strong>imp<\/strong><strong>o<\/strong><strong>r<\/strong><strong>t<\/strong><strong>a<\/strong><strong>n<\/strong><strong>ts<\/strong><strong>. <\/strong><strong>Je <\/strong><strong>ci<\/strong><strong>t<\/strong><strong>e <\/strong><strong>e<\/strong><strong>nt<\/strong><strong>r<\/strong><strong>e autres person<\/strong><strong>n<\/strong><strong>alit\u00e9<\/strong><strong>s <\/strong><strong>l<\/strong><strong>e <\/strong><strong>pr\u00e9sid<\/strong><strong>e<\/strong><strong>nt Charl<\/strong><strong>e<\/strong><strong>s H\u00e9lou e<\/strong><strong>t <\/strong><strong>l<\/strong><strong>e <\/strong><strong>ministre <\/strong><strong>Bass<\/strong><strong>e<\/strong><strong>m <\/strong><strong>Sabe<\/strong><strong>h<\/strong><strong>. <\/strong><strong>N<\/strong><strong>&lsquo;<\/strong><strong>ave<\/strong><strong>z<\/strong><strong>-v<\/strong><strong>ou<\/strong><strong>s <\/strong><strong>jam<\/strong><strong>ais caress<\/strong><strong>\u00e9 <\/strong><strong>de te<\/strong><strong>l<\/strong><strong>s <\/strong><strong>pro<\/strong><strong>j<\/strong><strong>e<\/strong><strong>t<\/strong><strong>s? <\/strong>On m&rsquo;avait propos\u00e9 de faire partie de la liste proche du pouvoir, mais j&rsquo;ai refus\u00e9. Si je r\u00e9ussis \u00e0 peine \u00e0 r\u00e9pondre aux revendications de huit cents personnes, il est quasi impossible de pouvoir prendre en charge cinq cent mille personnes sans avoir recours au mensonge. En outre, le concept m\u00eame de la politique au Liban, fond\u00e9 sur les rencontres sociales et les relations publiques, est compl\u00e8tement erron\u00e9.<\/p>\n<p><strong>Vot<\/strong><strong>r<\/strong><strong>e <\/strong><strong>me<\/strong><strong>il<\/strong><strong>l<\/strong><strong>e<\/strong><strong>ur <\/strong><strong>scoo<\/strong><strong>p<\/strong><strong>? <\/strong>Une amiti\u00e9 authentique et une profonde estime me liaient au pr\u00e9sident de l&rsquo;Ex\u00e9cutif Sa\u00ebb Salam. Un soir alors que j&rsquo;\u00e9tais en visite chez lui, Sa\u00ebb Bey, \u00e0 l&rsquo;\u00e9poque \u00e9galement ministre de l&rsquo;Int\u00e9rieur, re\u00e7ut un coup de fil, laconique, il murmura quelques mots en rapport avec<br \/>\nl&rsquo;Egypte et des factions arm\u00e9es. Cela suffit au journaliste que j&rsquo;\u00e9tais pour tout saisir. On avait retrouv\u00e9 l&rsquo;assassin de ]awdat Chabouh, homme d&rsquo;affaires qui s&rsquo;\u00e9tait brouill\u00e9 avec son associ\u00e9 au Br\u00e9sil. Celui-ci lui fit parvenir un colis pi\u00e9g\u00e9. Cette affaire avait choqu\u00e9 tout le pays. Admirant mon flair, le pr\u00e9sident Salam m&rsquo;a r\u00e9serv\u00e9 le privil\u00e8ge des photos en avant-premi\u00e8re et une information in\u00e9dite mais il fallait prendre en consid\u00e9ration la r\u00e9action du vice-pr\u00e9sident qui n&rsquo;\u00e9tait autre que GhassanTu\u00e9ni du <em>An<\/em><em>&#8211;<\/em><em>N<\/em><em>aha<\/em><em>r<\/em><em>, <\/em>j&rsquo;ai donc accept\u00e9 de publier ce scoop le lendemain matin \u00e0 la fois dans mon journal <em>Al Ba<\/em><em>y<\/em><em>r<\/em><em>a<\/em><em>k <\/em>et dans le quotidien <em>An<\/em><em>&#8211;<\/em><em>Nah<\/em><em>a<\/em><em>r<\/em><em>. <\/em><\/p>\n<p><strong>V<\/strong><strong>o<\/strong><strong>u<\/strong><strong>s <\/strong><strong>o<\/strong><strong>cc<\/strong><strong>up<\/strong><strong>ez <\/strong><strong>s<\/strong><strong>imult<\/strong><strong>an\u00e9m<\/strong><strong>en<\/strong><strong>t <\/strong><strong>plus<\/strong><strong>i<\/strong><strong>eur<\/strong><strong>s <\/strong><strong>fon<\/strong><strong>cti<\/strong><strong>ons<\/strong><strong>. <\/strong><strong>Vous <\/strong><strong>d<\/strong><strong>e<\/strong><strong>v<\/strong><strong>ez forc\u00e9<\/strong><strong>m<\/strong><strong>en<\/strong><strong>t <\/strong><strong>vo<\/strong><strong>u<\/strong><strong>s <\/strong><strong>ent<\/strong><strong>o<\/strong><strong>u<\/strong><strong>r<\/strong><strong>e<\/strong><strong>r d&rsquo;u<\/strong><strong>ne <\/strong><strong>\u00e9<\/strong><strong>q<\/strong><strong>uip<\/strong><strong>e <\/strong><strong>l<\/strong><strong>oyale <\/strong><strong>e<\/strong><strong>t <\/strong><strong>c<\/strong><strong>om<\/strong><strong>p<\/strong><strong>\u00e9<\/strong><strong>t<\/strong><strong>e<\/strong><strong>n<\/strong><strong>te<\/strong><strong>.<br \/>\n<\/strong>Pour un pr\u00e9sident d&rsquo;Ordre, je d\u00e9tiens le recorddu monde d&rsquo;anciennet\u00e9, avec quarante ans de service ininterrompu. Je dirige cet organisme affili\u00e9 \u00e0 l&rsquo;OU (Organisation Internationale des Journalistes). En ma qualit\u00e9 de vice-pr\u00e9sident de la Ligue mondiale des journalistes et de la F\u00e9d\u00e9ration des journalistes arabes, je veille \u00e0 prot\u00e9ger les droits des journalistes de tous bords et toutes confessions. Je reste tr\u00e8s \u00e9mu par la loyaut\u00e9 des membres de l&rsquo;Ordre qui m&rsquo;ont toujours fait confiance.<\/p>\n<p><strong>Votre longu<\/strong><strong>e <\/strong><strong>c<\/strong><strong>arri\u00e8<\/strong><strong>re <\/strong><strong>es<\/strong><strong>t <\/strong><strong>j<\/strong><strong>a<\/strong><strong>l<\/strong><strong>o<\/strong><strong>nn<\/strong><strong>\u00e9e <\/strong><strong>d<\/strong><strong>&lsquo;<\/strong><strong>anec<\/strong><strong>do<\/strong><strong>te<\/strong><strong>s<\/strong><strong>, <\/strong><strong>d<\/strong><strong>e <\/strong><strong>m<\/strong><strong>o<\/strong><strong>m<\/strong><strong>e<\/strong><strong>n<\/strong><strong>t<\/strong><strong>s <\/strong><strong>forts <\/strong><strong>.<\/strong><strong>.<\/strong><strong>.<\/strong>Et comment! A ce propos, je me rappelle Josiane Aoun, journaliste \u00e0 laRevue du Liban qui avait d\u00e9pos\u00e9 une plainte aupr\u00e8s de l&rsquo;Ordre contre le directeur de la publication qui avait fait signer \u00e0 chaque salari\u00e9 de la Revue une d\u00e9charge suivant laquelle il reconnaissaitavoir per\u00e7u le total du montant de sa retraite.Ce qui n&rsquo;\u00e9tait nullement le cas. Je suis all\u00e9 le voir, il a tout ni\u00e9 en bloc, les coll\u00e8gues de Aoun sans m\u00eame lever le petit doigt pour d\u00e9mentir ou protester ont confirm\u00e9 ses dires. La jeune journaliste r\u00e9volt\u00e9e devant tant del\u00e2chet\u00e9, s&rsquo;est lev\u00e9e, d\u00e9clarant haut et fort \u00e0ses coll\u00e8gues que s&rsquo;il y avait un homme dans cette salle, c&rsquo;\u00e9tait bien elle! Le directeur de la publication s&rsquo;est empress\u00e9 de la licencier. Je l&rsquo;ai donc poursuivi en justice, gagnant facilement le proc\u00e8s et obtenant du coup une indemnit\u00e9 de 3200 livres. Ran\u00e7on de la gloire: mes photos ont \u00e9t\u00e9 bannies de la Revue, et puis un jour, j&rsquo;ai lev\u00e9 l\u2019\u00abembargo\u00bb m\u00e9diatique en devenant tout simplement r\u00e9dacteur en chef de l&rsquo;hebdomadaire.<\/p>\n<p><a href=\"http:\/\/www.prestigemag.co\/wp-content\/uploads\/2014\/09\/Melhem-Karam5.jpg\"><img src=\"data:image\/svg+xml,%3Csvg%20xmlns='http:\/\/www.w3.org\/2000\/svg'%20viewBox='0%200%2045%%20247'%3E%3C\/svg%3E\" class=\"zeen-lazy-load-base zeen-lazy-load alignnone size-full wp-image-2791\" data-lazy-src=\"http:\/\/www.prestigemag.co\/wp-content\/uploads\/2014\/09\/Melhem-Karam5.jpg\" alt=\"Melhem Karam5\" width=\"45%\" data-lazy-srcset=\"https:\/\/www.prestigemag.co\/wp-content\/uploads\/2014\/09\/Melhem-Karam5.jpg 456w, https:\/\/www.prestigemag.co\/wp-content\/uploads\/2014\/09\/Melhem-Karam5-300x169.jpg 300w, https:\/\/www.prestigemag.co\/wp-content\/uploads\/2014\/09\/Melhem-Karam5-150x84.jpg 150w, https:\/\/www.prestigemag.co\/wp-content\/uploads\/2014\/09\/Melhem-Karam5-221x125.jpg 221w, https:\/\/www.prestigemag.co\/wp-content\/uploads\/2014\/09\/Melhem-Karam5-118x67.jpg 118w\" data-lazy-sizes=\"(max-width: 456px) 100vw, 456px\" \/><noscript><img class=\"alignnone size-full wp-image-2791\" src=\"http:\/\/www.prestigemag.co\/wp-content\/uploads\/2014\/09\/Melhem-Karam5.jpg\" alt=\"Melhem Karam5\" width=\"45%\" srcset=\"https:\/\/www.prestigemag.co\/wp-content\/uploads\/2014\/09\/Melhem-Karam5.jpg 456w, https:\/\/www.prestigemag.co\/wp-content\/uploads\/2014\/09\/Melhem-Karam5-300x169.jpg 300w, https:\/\/www.prestigemag.co\/wp-content\/uploads\/2014\/09\/Melhem-Karam5-150x84.jpg 150w, https:\/\/www.prestigemag.co\/wp-content\/uploads\/2014\/09\/Melhem-Karam5-221x125.jpg 221w, https:\/\/www.prestigemag.co\/wp-content\/uploads\/2014\/09\/Melhem-Karam5-118x67.jpg 118w\" sizes=\"(max-width: 456px) 100vw, 456px\" \/><\/noscript><\/a><\/p>\n<p>\u00a9\u00a0Archives Melhem Karam<\/p>\n<p><em>En famille, de gauche \u00e0 droite: Saer, Carma (docteur en cardiologie, \u00e9pouse du cardiologue Andr\u00e9 Aoun), Melhem, Lili, Karam.<\/em><\/p>\n<p><strong>V<\/strong><strong>os enfan<\/strong><strong>t<\/strong><strong>s <\/strong><strong>Karam, C<\/strong><strong>a<\/strong><strong>rma e<\/strong><strong>t <\/strong><strong>S<\/strong><strong>ae<\/strong><strong>r <\/strong><strong>po<\/strong><strong>rt<\/strong><strong>ent des p<\/strong><strong>r<\/strong><strong>\u00e9<\/strong><strong>n<\/strong><strong>o<\/strong><strong>ms peu <\/strong><strong>c<\/strong><strong>o<\/strong><strong>u<\/strong><strong>ran<\/strong><strong>ts .<\/strong><strong>.<\/strong><strong>.<\/strong>Le jour de la naissance de notre fille Canna, aujourd&rsquo;hui cardiologue, on s&rsquo;attendait en fait \u00e0 un gar\u00e7on que l&rsquo;on appellerait Karam, alors nous avons invers\u00e9 deux lettres et obtenu Canna qui signifie \u00abvigne\u00bb en arabe. Mon fils Karamre\u00e7u comme le veut la tradition le pr\u00e9nom de son grand-p\u00e8re. Quelques ann\u00e9es plus tard, on m&rsquo;annon\u00e7a que ma femme avait accouch\u00e9 de notre second gar\u00e7on alors que je me rendais chez un camarade d&rsquo;\u00e9cole, Wajih Saad\u00e9. J&rsquo;avais inscrit sur un bout de papier Maher, Saer et Samer, ne sachant pas encore pour quel pr\u00e9nom opter. C&rsquo;est finalement Wajih qui m&rsquo;a convaincu de d\u00e9cider pour Saer <em>r\u00e9<\/em><em>v<\/em><em>olt<\/em><em>\u00e9<\/em><em>, <\/em>parce que c&rsquo;\u00e9tait un pr\u00e9nom tout \u00e0 fait nouveau.\u00a0<strong><em>Propos recue<\/em><em>i<\/em><em>ll<\/em><em>i<\/em><em>s <\/em><em>par\u00a0<\/em>MARCELLE NADIM<\/strong><\/p>\n","protected":false},"excerpt":{"rendered":"<p><em>Prestige N\u00ba 89, Octobre 2000<\/em><br \/>Karam Melhem Karam: Un patronyme lourd \u00e0 porter. Sans doute parce que dans  la langue de Gibran et Neaimeh, il signifie g\u00e9n\u00e9rosit\u00e9. Un attribut qui ne suffirait pas \u00e0 d\u00e9crire  le monument que Karam Karam l\u00e9gua \u00e0 la \u00ab\u00a0Litt\u00e9rature arabe et \u00e0 la presse d&rsquo; Orient: Un univers encyclop\u00e9dique de deux mille ouvrages. C\u2019est \u00e0 ce fils \u00e9mu qui sut haut la plume faire honneur \u00e0 cet h\u00e9ritage que nous avons demand\u00e9 de raconter le p\u00e8re. <\/p>\n","protected":false},"author":3,"featured_media":19801,"comment_status":"closed","ping_status":"closed","sticky":false,"template":"","format":"standard","meta":[],"categories":[13331],"tags":[],"yoast_head":"<!-- This site is optimized with the Yoast SEO plugin v19.4 - https:\/\/yoast.com\/wordpress\/plugins\/seo\/ -->\n<title>Melhem Karam - Prestige Magazine<\/title>\n<meta name=\"description\" content=\"Prestige N\u00ba 89, Octobre 2000Karam Melhem Karam: Un patronyme lourd \u00e0 porter. Sans doute parce que dans la langue de Gibran et Neaimeh, il signifie g\u00e9n\u00e9rosit\u00e9. Un attribut qui ne suffirait pas \u00e0 d\u00e9crire le monument que Karam Karam l\u00e9gua \u00e0 la &quot;Litt\u00e9rature arabe et \u00e0 la presse d&#039; Orient: Un univers encyclop\u00e9dique de deux mille ouvrages. C\u2019est \u00e0 ce fils \u00e9mu qui sut haut la plume faire honneur \u00e0 cet h\u00e9ritage que nous avons demand\u00e9 de raconter le p\u00e8re.\" \/>\n<meta name=\"robots\" content=\"index, follow, max-snippet:-1, max-image-preview:large, max-video-preview:-1\" \/>\n<link rel=\"canonical\" href=\"https:\/\/www.prestigemag.co\/fr\/2014\/09\/melhem-karam\/\" \/>\n<meta property=\"og:locale\" content=\"fr_FR\" \/>\n<meta property=\"og:type\" content=\"article\" \/>\n<meta property=\"og:title\" content=\"Melhem Karam - Prestige Magazine\" \/>\n<meta property=\"og:description\" content=\"Prestige N\u00ba 89, Octobre 2000Karam Melhem Karam: Un patronyme lourd \u00e0 porter. Sans doute parce que dans la langue de Gibran et Neaimeh, il signifie g\u00e9n\u00e9rosit\u00e9. Un attribut qui ne suffirait pas \u00e0 d\u00e9crire le monument que Karam Karam l\u00e9gua \u00e0 la &quot;Litt\u00e9rature arabe et \u00e0 la presse d&#039; Orient: Un univers encyclop\u00e9dique de deux mille ouvrages. C\u2019est \u00e0 ce fils \u00e9mu qui sut haut la plume faire honneur \u00e0 cet h\u00e9ritage que nous avons demand\u00e9 de raconter le p\u00e8re.\" \/>\n<meta property=\"og:url\" content=\"https:\/\/www.prestigemag.co\/fr\/2014\/09\/melhem-karam\/\" \/>\n<meta property=\"og:site_name\" content=\"Prestige Magazine\" \/>\n<meta property=\"article:publisher\" content=\"https:\/\/www.facebook.com\/prestigemag.co\/\" \/>\n<meta property=\"article:published_time\" content=\"2014-09-16T09:22:40+00:00\" \/>\n<meta property=\"og:image\" content=\"https:\/\/www.prestigemag.co\/wp-content\/uploads\/2014\/09\/slider_karam.jpg\" \/>\n\t<meta property=\"og:image:width\" content=\"1000\" \/>\n\t<meta property=\"og:image:height\" content=\"563\" \/>\n\t<meta property=\"og:image:type\" content=\"image\/jpeg\" \/>\n<meta name=\"author\" content=\"prestige\" \/>\n<meta name=\"twitter:card\" content=\"summary\" \/>\n<meta name=\"twitter:label1\" content=\"\u00c9crit par\" \/>\n\t<meta name=\"twitter:data1\" content=\"prestige\" \/>\n\t<meta name=\"twitter:label2\" content=\"Dur\u00e9e de lecture estim\u00e9e\" \/>\n\t<meta name=\"twitter:data2\" content=\"13 minutes\" \/>\n<script type=\"application\/ld+json\" class=\"yoast-schema-graph\">{\"@context\":\"https:\/\/schema.org\",\"@graph\":[{\"@type\":\"Organization\",\"@id\":\"https:\/\/www.prestigemag.co\/#organization\",\"name\":\"Prestige\",\"url\":\"https:\/\/www.prestigemag.co\/\",\"sameAs\":[\"https:\/\/www.instagram.com\/prestige.mag\/\",\"https:\/\/www.facebook.com\/prestigemag.co\/\"],\"logo\":{\"@type\":\"ImageObject\",\"inLanguage\":\"fr-FR\",\"@id\":\"https:\/\/www.prestigemag.co\/#\/schema\/logo\/image\/\",\"url\":\"https:\/\/www.prestigemag.co\/wp-content\/uploads\/2021\/11\/logo-Prestige-800x200-1.png\",\"contentUrl\":\"https:\/\/www.prestigemag.co\/wp-content\/uploads\/2021\/11\/logo-Prestige-800x200-1.png\",\"width\":800,\"height\":200,\"caption\":\"Prestige\"},\"image\":{\"@id\":\"https:\/\/www.prestigemag.co\/#\/schema\/logo\/image\/\"}},{\"@type\":\"WebSite\",\"@id\":\"https:\/\/www.prestigemag.co\/#website\",\"url\":\"https:\/\/www.prestigemag.co\/\",\"name\":\"Prestige Magazine\",\"description\":\"Le Monde Des C\u00e9l\u00e9brit\u00e9s\",\"publisher\":{\"@id\":\"https:\/\/www.prestigemag.co\/#organization\"},\"potentialAction\":[{\"@type\":\"SearchAction\",\"target\":{\"@type\":\"EntryPoint\",\"urlTemplate\":\"https:\/\/www.prestigemag.co\/?s={search_term_string}\"},\"query-input\":\"required name=search_term_string\"}],\"inLanguage\":\"fr-FR\"},{\"@type\":\"WebPage\",\"@id\":\"https:\/\/www.prestigemag.co\/fr\/2014\/09\/melhem-karam\/\",\"url\":\"https:\/\/www.prestigemag.co\/fr\/2014\/09\/melhem-karam\/\",\"name\":\"Melhem Karam - Prestige Magazine\",\"isPartOf\":{\"@id\":\"https:\/\/www.prestigemag.co\/#website\"},\"datePublished\":\"2014-09-16T09:22:40+00:00\",\"dateModified\":\"2014-09-16T09:22:40+00:00\",\"description\":\"Prestige N\u00ba 89, Octobre 2000Karam Melhem Karam: Un patronyme lourd \u00e0 porter. Sans doute parce que dans la langue de Gibran et Neaimeh, il signifie g\u00e9n\u00e9rosit\u00e9. Un attribut qui ne suffirait pas \u00e0 d\u00e9crire le monument que Karam Karam l\u00e9gua \u00e0 la \\\"Litt\u00e9rature arabe et \u00e0 la presse d' Orient: Un univers encyclop\u00e9dique de deux mille ouvrages. C\u2019est \u00e0 ce fils \u00e9mu qui sut haut la plume faire honneur \u00e0 cet h\u00e9ritage que nous avons demand\u00e9 de raconter le p\u00e8re.\",\"breadcrumb\":{\"@id\":\"https:\/\/www.prestigemag.co\/fr\/2014\/09\/melhem-karam\/#breadcrumb\"},\"inLanguage\":\"fr-FR\",\"potentialAction\":[{\"@type\":\"ReadAction\",\"target\":[\"https:\/\/www.prestigemag.co\/fr\/2014\/09\/melhem-karam\/\"]}]},{\"@type\":\"BreadcrumbList\",\"@id\":\"https:\/\/www.prestigemag.co\/fr\/2014\/09\/melhem-karam\/#breadcrumb\",\"itemListElement\":[{\"@type\":\"ListItem\",\"position\":1,\"name\":\"Home\",\"item\":\"https:\/\/www.prestigemag.co\/fr\/\"},{\"@type\":\"ListItem\",\"position\":2,\"name\":\"Melhem Karam\"}]},{\"@type\":\"Article\",\"@id\":\"https:\/\/www.prestigemag.co\/fr\/2014\/09\/melhem-karam\/#article\",\"isPartOf\":{\"@id\":\"https:\/\/www.prestigemag.co\/fr\/2014\/09\/melhem-karam\/\"},\"author\":{\"name\":\"prestige\",\"@id\":\"https:\/\/www.prestigemag.co\/#\/schema\/person\/e3f149368970128d68bb2d797bf30fbc\"},\"headline\":\"Melhem Karam\",\"datePublished\":\"2014-09-16T09:22:40+00:00\",\"dateModified\":\"2014-09-16T09:22:40+00:00\",\"mainEntityOfPage\":{\"@id\":\"https:\/\/www.prestigemag.co\/fr\/2014\/09\/melhem-karam\/\"},\"wordCount\":2571,\"publisher\":{\"@id\":\"https:\/\/www.prestigemag.co\/#organization\"},\"articleSection\":[\"Entrevues\"],\"inLanguage\":\"fr-FR\"},{\"@type\":\"Person\",\"@id\":\"https:\/\/www.prestigemag.co\/#\/schema\/person\/e3f149368970128d68bb2d797bf30fbc\",\"name\":\"prestige\",\"image\":{\"@type\":\"ImageObject\",\"inLanguage\":\"fr-FR\",\"@id\":\"https:\/\/www.prestigemag.co\/#\/schema\/person\/image\/\",\"url\":\"https:\/\/secure.gravatar.com\/avatar\/0aa2dff5484d35e50578639a2c3ccef9?s=96&d=mm&r=g\",\"contentUrl\":\"https:\/\/secure.gravatar.com\/avatar\/0aa2dff5484d35e50578639a2c3ccef9?s=96&d=mm&r=g\",\"caption\":\"prestige\"},\"url\":\"https:\/\/www.prestigemag.co\/fr\/author\/prestige\/\"}]}<\/script>\n<!-- \/ Yoast SEO plugin. -->","yoast_head_json":{"title":"Melhem Karam - Prestige Magazine","description":"Prestige N\u00ba 89, Octobre 2000Karam Melhem Karam: Un patronyme lourd \u00e0 porter. Sans doute parce que dans la langue de Gibran et Neaimeh, il signifie g\u00e9n\u00e9rosit\u00e9. Un attribut qui ne suffirait pas \u00e0 d\u00e9crire le monument que Karam Karam l\u00e9gua \u00e0 la \"Litt\u00e9rature arabe et \u00e0 la presse d' Orient: Un univers encyclop\u00e9dique de deux mille ouvrages. C\u2019est \u00e0 ce fils \u00e9mu qui sut haut la plume faire honneur \u00e0 cet h\u00e9ritage que nous avons demand\u00e9 de raconter le p\u00e8re.","robots":{"index":"index","follow":"follow","max-snippet":"max-snippet:-1","max-image-preview":"max-image-preview:large","max-video-preview":"max-video-preview:-1"},"canonical":"https:\/\/www.prestigemag.co\/fr\/2014\/09\/melhem-karam\/","og_locale":"fr_FR","og_type":"article","og_title":"Melhem Karam - Prestige Magazine","og_description":"Prestige N\u00ba 89, Octobre 2000Karam Melhem Karam: Un patronyme lourd \u00e0 porter. Sans doute parce que dans la langue de Gibran et Neaimeh, il signifie g\u00e9n\u00e9rosit\u00e9. Un attribut qui ne suffirait pas \u00e0 d\u00e9crire le monument que Karam Karam l\u00e9gua \u00e0 la \"Litt\u00e9rature arabe et \u00e0 la presse d' Orient: Un univers encyclop\u00e9dique de deux mille ouvrages. C\u2019est \u00e0 ce fils \u00e9mu qui sut haut la plume faire honneur \u00e0 cet h\u00e9ritage que nous avons demand\u00e9 de raconter le p\u00e8re.","og_url":"https:\/\/www.prestigemag.co\/fr\/2014\/09\/melhem-karam\/","og_site_name":"Prestige Magazine","article_publisher":"https:\/\/www.facebook.com\/prestigemag.co\/","article_published_time":"2014-09-16T09:22:40+00:00","og_image":[{"width":1000,"height":563,"url":"https:\/\/www.prestigemag.co\/wp-content\/uploads\/2014\/09\/slider_karam.jpg","type":"image\/jpeg"}],"author":"prestige","twitter_card":"summary","twitter_misc":{"\u00c9crit par":"prestige","Dur\u00e9e de lecture estim\u00e9e":"13 minutes"},"schema":{"@context":"https:\/\/schema.org","@graph":[{"@type":"Organization","@id":"https:\/\/www.prestigemag.co\/#organization","name":"Prestige","url":"https:\/\/www.prestigemag.co\/","sameAs":["https:\/\/www.instagram.com\/prestige.mag\/","https:\/\/www.facebook.com\/prestigemag.co\/"],"logo":{"@type":"ImageObject","inLanguage":"fr-FR","@id":"https:\/\/www.prestigemag.co\/#\/schema\/logo\/image\/","url":"https:\/\/www.prestigemag.co\/wp-content\/uploads\/2021\/11\/logo-Prestige-800x200-1.png","contentUrl":"https:\/\/www.prestigemag.co\/wp-content\/uploads\/2021\/11\/logo-Prestige-800x200-1.png","width":800,"height":200,"caption":"Prestige"},"image":{"@id":"https:\/\/www.prestigemag.co\/#\/schema\/logo\/image\/"}},{"@type":"WebSite","@id":"https:\/\/www.prestigemag.co\/#website","url":"https:\/\/www.prestigemag.co\/","name":"Prestige Magazine","description":"Le Monde Des C\u00e9l\u00e9brit\u00e9s","publisher":{"@id":"https:\/\/www.prestigemag.co\/#organization"},"potentialAction":[{"@type":"SearchAction","target":{"@type":"EntryPoint","urlTemplate":"https:\/\/www.prestigemag.co\/?s={search_term_string}"},"query-input":"required name=search_term_string"}],"inLanguage":"fr-FR"},{"@type":"WebPage","@id":"https:\/\/www.prestigemag.co\/fr\/2014\/09\/melhem-karam\/","url":"https:\/\/www.prestigemag.co\/fr\/2014\/09\/melhem-karam\/","name":"Melhem Karam - Prestige Magazine","isPartOf":{"@id":"https:\/\/www.prestigemag.co\/#website"},"datePublished":"2014-09-16T09:22:40+00:00","dateModified":"2014-09-16T09:22:40+00:00","description":"Prestige N\u00ba 89, Octobre 2000Karam Melhem Karam: Un patronyme lourd \u00e0 porter. Sans doute parce que dans la langue de Gibran et Neaimeh, il signifie g\u00e9n\u00e9rosit\u00e9. Un attribut qui ne suffirait pas \u00e0 d\u00e9crire le monument que Karam Karam l\u00e9gua \u00e0 la \"Litt\u00e9rature arabe et \u00e0 la presse d' Orient: Un univers encyclop\u00e9dique de deux mille ouvrages. C\u2019est \u00e0 ce fils \u00e9mu qui sut haut la plume faire honneur \u00e0 cet h\u00e9ritage que nous avons demand\u00e9 de raconter le p\u00e8re.","breadcrumb":{"@id":"https:\/\/www.prestigemag.co\/fr\/2014\/09\/melhem-karam\/#breadcrumb"},"inLanguage":"fr-FR","potentialAction":[{"@type":"ReadAction","target":["https:\/\/www.prestigemag.co\/fr\/2014\/09\/melhem-karam\/"]}]},{"@type":"BreadcrumbList","@id":"https:\/\/www.prestigemag.co\/fr\/2014\/09\/melhem-karam\/#breadcrumb","itemListElement":[{"@type":"ListItem","position":1,"name":"Home","item":"https:\/\/www.prestigemag.co\/fr\/"},{"@type":"ListItem","position":2,"name":"Melhem Karam"}]},{"@type":"Article","@id":"https:\/\/www.prestigemag.co\/fr\/2014\/09\/melhem-karam\/#article","isPartOf":{"@id":"https:\/\/www.prestigemag.co\/fr\/2014\/09\/melhem-karam\/"},"author":{"name":"prestige","@id":"https:\/\/www.prestigemag.co\/#\/schema\/person\/e3f149368970128d68bb2d797bf30fbc"},"headline":"Melhem Karam","datePublished":"2014-09-16T09:22:40+00:00","dateModified":"2014-09-16T09:22:40+00:00","mainEntityOfPage":{"@id":"https:\/\/www.prestigemag.co\/fr\/2014\/09\/melhem-karam\/"},"wordCount":2571,"publisher":{"@id":"https:\/\/www.prestigemag.co\/#organization"},"articleSection":["Entrevues"],"inLanguage":"fr-FR"},{"@type":"Person","@id":"https:\/\/www.prestigemag.co\/#\/schema\/person\/e3f149368970128d68bb2d797bf30fbc","name":"prestige","image":{"@type":"ImageObject","inLanguage":"fr-FR","@id":"https:\/\/www.prestigemag.co\/#\/schema\/person\/image\/","url":"https:\/\/secure.gravatar.com\/avatar\/0aa2dff5484d35e50578639a2c3ccef9?s=96&d=mm&r=g","contentUrl":"https:\/\/secure.gravatar.com\/avatar\/0aa2dff5484d35e50578639a2c3ccef9?s=96&d=mm&r=g","caption":"prestige"},"url":"https:\/\/www.prestigemag.co\/fr\/author\/prestige\/"}]}},"_links":{"self":[{"href":"https:\/\/www.prestigemag.co\/fr\/wp-json\/wp\/v2\/posts\/19800"}],"collection":[{"href":"https:\/\/www.prestigemag.co\/fr\/wp-json\/wp\/v2\/posts"}],"about":[{"href":"https:\/\/www.prestigemag.co\/fr\/wp-json\/wp\/v2\/types\/post"}],"author":[{"embeddable":true,"href":"https:\/\/www.prestigemag.co\/fr\/wp-json\/wp\/v2\/users\/3"}],"replies":[{"embeddable":true,"href":"https:\/\/www.prestigemag.co\/fr\/wp-json\/wp\/v2\/comments?post=19800"}],"version-history":[{"count":0,"href":"https:\/\/www.prestigemag.co\/fr\/wp-json\/wp\/v2\/posts\/19800\/revisions"}],"wp:featuredmedia":[{"embeddable":true,"href":"https:\/\/www.prestigemag.co\/fr\/wp-json\/wp\/v2\/media\/19801"}],"wp:attachment":[{"href":"https:\/\/www.prestigemag.co\/fr\/wp-json\/wp\/v2\/media?parent=19800"}],"wp:term":[{"taxonomy":"category","embeddable":true,"href":"https:\/\/www.prestigemag.co\/fr\/wp-json\/wp\/v2\/categories?post=19800"},{"taxonomy":"post_tag","embeddable":true,"href":"https:\/\/www.prestigemag.co\/fr\/wp-json\/wp\/v2\/tags?post=19800"}],"curies":[{"name":"wp","href":"https:\/\/api.w.org\/{rel}","templated":true}]}}