{"id":19823,"date":"2014-09-26T12:10:58","date_gmt":"2014-09-26T12:10:58","guid":{"rendered":"http:\/\/www.prestigemag.co\/2014\/09\/bruxelles-en-fleurs-et-en-couleurs\/"},"modified":"2014-09-26T12:10:58","modified_gmt":"2014-09-26T12:10:58","slug":"bruxelles-en-fleurs-et-en-couleurs","status":"publish","type":"post","link":"https:\/\/www.prestigemag.co\/fr\/2014\/09\/bruxelles-en-fleurs-et-en-couleurs\/","title":{"rendered":"Bruxelles en Fleurs et en couleurs"},"content":{"rendered":"<p><em>Prestige N\u00ba 255, Octobre 2014<\/em><\/p>\n<address>\u00a0\u00a0<\/address>\n<address>Reportage: Pr. Bassam Lahoud<\/address>\n<address>\u00a0\u00a0<\/address>\n<h3>A l\u2019invitation de l\u2019ambassade de Belgique au Liban \u00e0 travers sa section commerciale, Brussels Invest &amp; Export et visit.brussels, <em>Prestige<\/em> vous emm\u00e8ne dans la capitale belge pour d\u00e9couvrir la splendeur du Tapis de Fleurs 2014, une performance unique au monde ainsi que les multiples beaut\u00e9s de la capitale de l\u2019Europe. Escapade.<\/h3>\n<h3><\/h3>\n<p><strong>La Grand-Place centrale de Bruxelles<\/strong><\/p>\n<p>Un voyage en Belgique ne saurait en \u00eatre un sans la visite d\u2019un haut lieu historique et touristique, la Grand-Place, site mill\u00e9naire et tr\u00e9sor d\u2019architecture gothique, inscrite depuis 1998 sur la liste du Patrimoine Mondial de l\u2019Unesco. Magistrale, cette place d\u2019origine m\u00e9di\u00e9vale nich\u00e9e au c\u0153ur de la ville ancienne, est l\u2019une des plus belles places du monde, renomm\u00e9e pour sa richesse ornementale. Bord\u00e9e par les maisons des corporations, l\u2019H\u00f4tel de Ville et la Maison du Roi, sa construction a commenc\u00e9 au XVe si\u00e8cle, mais elle fut d\u00e9truite en 1695 pour rena\u00eetre trois ans plus tard, plus belle encore. Depuis 1971, elle accueille, comme de tradition du 14 au 17 ao\u00fbt, une attraction touristique phare, le Tapis de Fleurs. Pour sa 19e \u00e9dition, il a c\u00e9l\u00e9br\u00e9 cette ann\u00e9e, les 50 ans de l\u2019immigration turque en Belgique, par\u00e9 de motifs inspir\u00e9s des fameux kilims de Turquie. Depuis le balcon de l\u2019H\u00f4tel de Ville, enti\u00e8rement d\u00e9cor\u00e9 de fleurs, les visiteurs ont admir\u00e9 cette \u0153uvre magique, color\u00e9e et parfum\u00e9e. Deux ans de patience et de pr\u00e9paration et 1.800m2 de b\u00e9gonias pour composer la tapisserie. Avant l\u2019inauguration, 120 b\u00e9n\u00e9voles ont colori\u00e9 le tapis en se basant sur un dessin grandeur nature, d\u00e9pos\u00e9 sur la Grand-Place.<\/p>\n<p><a href=\"http:\/\/www.prestigemag.co\/wp-content\/uploads\/2014\/09\/L1170179-A.jpg\"><img src=\"data:image\/svg+xml,%3Csvg%20xmlns='http:\/\/www.w3.org\/2000\/svg'%20viewBox='0%200%2046%%20247'%3E%3C\/svg%3E\" class=\"zeen-lazy-load-base zeen-lazy-load alignnone wp-image-4583\" data-lazy-src=\"http:\/\/www.prestigemag.co\/wp-content\/uploads\/2014\/09\/L1170179-A.jpg\" alt=\"L1170179 A\" width=\"46%\" data-lazy-srcset=\"https:\/\/www.prestigemag.co\/wp-content\/uploads\/2014\/09\/L1170179-A.jpg 787w, https:\/\/www.prestigemag.co\/wp-content\/uploads\/2014\/09\/L1170179-A-300x188.jpg 300w, https:\/\/www.prestigemag.co\/wp-content\/uploads\/2014\/09\/L1170179-A-150x94.jpg 150w, https:\/\/www.prestigemag.co\/wp-content\/uploads\/2014\/09\/L1170179-A-600x375.jpg 600w, https:\/\/www.prestigemag.co\/wp-content\/uploads\/2014\/09\/L1170179-A-200x125.jpg 200w, https:\/\/www.prestigemag.co\/wp-content\/uploads\/2014\/09\/L1170179-A-107x67.jpg 107w\" data-lazy-sizes=\"(max-width: 787px) 100vw, 787px\" \/><noscript><img class=\"alignnone wp-image-4583\" src=\"http:\/\/www.prestigemag.co\/wp-content\/uploads\/2014\/09\/L1170179-A.jpg\" alt=\"L1170179 A\" width=\"46%\" srcset=\"https:\/\/www.prestigemag.co\/wp-content\/uploads\/2014\/09\/L1170179-A.jpg 787w, https:\/\/www.prestigemag.co\/wp-content\/uploads\/2014\/09\/L1170179-A-300x188.jpg 300w, https:\/\/www.prestigemag.co\/wp-content\/uploads\/2014\/09\/L1170179-A-150x94.jpg 150w, https:\/\/www.prestigemag.co\/wp-content\/uploads\/2014\/09\/L1170179-A-600x375.jpg 600w, https:\/\/www.prestigemag.co\/wp-content\/uploads\/2014\/09\/L1170179-A-200x125.jpg 200w, https:\/\/www.prestigemag.co\/wp-content\/uploads\/2014\/09\/L1170179-A-107x67.jpg 107w\" sizes=\"(max-width: 787px) 100vw, 787px\" \/><\/noscript><\/a><a href=\"http:\/\/www.prestigemag.co\/wp-content\/uploads\/2014\/09\/L1170248.jpg\"><img src=\"data:image\/svg+xml,%3Csvg%20xmlns='http:\/\/www.w3.org\/2000\/svg'%20viewBox='0%200%2037%%20247'%3E%3C\/svg%3E\" class=\"zeen-lazy-load-base zeen-lazy-load alignnone wp-image-4584\" data-lazy-src=\"http:\/\/www.prestigemag.co\/wp-content\/uploads\/2014\/09\/L1170248.jpg\" alt=\"L1170248\" width=\"37%\" data-lazy-srcset=\"https:\/\/www.prestigemag.co\/wp-content\/uploads\/2014\/09\/L1170248.jpg 787w, https:\/\/www.prestigemag.co\/wp-content\/uploads\/2014\/09\/L1170248-300x200.jpg 300w, https:\/\/www.prestigemag.co\/wp-content\/uploads\/2014\/09\/L1170248-150x100.jpg 150w, https:\/\/www.prestigemag.co\/wp-content\/uploads\/2014\/09\/L1170248-562x375.jpg 562w, https:\/\/www.prestigemag.co\/wp-content\/uploads\/2014\/09\/L1170248-187x125.jpg 187w, https:\/\/www.prestigemag.co\/wp-content\/uploads\/2014\/09\/L1170248-100x67.jpg 100w\" data-lazy-sizes=\"(max-width: 787px) 100vw, 787px\" \/><noscript><img class=\"alignnone wp-image-4584\" src=\"http:\/\/www.prestigemag.co\/wp-content\/uploads\/2014\/09\/L1170248.jpg\" alt=\"L1170248\" width=\"37%\" srcset=\"https:\/\/www.prestigemag.co\/wp-content\/uploads\/2014\/09\/L1170248.jpg 787w, https:\/\/www.prestigemag.co\/wp-content\/uploads\/2014\/09\/L1170248-300x200.jpg 300w, https:\/\/www.prestigemag.co\/wp-content\/uploads\/2014\/09\/L1170248-150x100.jpg 150w, https:\/\/www.prestigemag.co\/wp-content\/uploads\/2014\/09\/L1170248-562x375.jpg 562w, https:\/\/www.prestigemag.co\/wp-content\/uploads\/2014\/09\/L1170248-187x125.jpg 187w, https:\/\/www.prestigemag.co\/wp-content\/uploads\/2014\/09\/L1170248-100x67.jpg 100w\" sizes=\"(max-width: 787px) 100vw, 787px\" \/><\/noscript><\/a><\/p>\n<p>\u00a9 Prestige \/ Photos : Pr Bassam Lahoud<\/p>\n<address>Le Tapis de Fleurs \u00abAnatolien\u00bb cuv\u00e9e 2014, de 75m de long sur 25m de large, d\u00e9roul\u00e9 sur la Grand-Place, a c\u00e9l\u00e9br\u00e9 le 50e anniversaire de\u00a0l\u2019immigration turco-marocaine en Belgique. \u00a0 \u00a0 \u00a0 \u00a0 \u00a0 \u00a0 \u00a0 \u00a0\u00a0<\/address>\n<address>\u00a0<\/address>\n<address>\u00a0<\/address>\n<p><strong>L\u2019Atomium et le Bois de la Cambre<\/strong><\/p>\n<p>L\u2019Atomium. Con\u00e7u \u00e0 l\u2019occasion de l\u2019Exposition universelle de 1958, ce monument phare, qui figure les atomes d\u2019un cristal agrandi, est l\u2019un des embl\u00e8mes de Bruxelles. A mi-chemin entre sculpture et architecture, mi-cubique, mi-sph\u00e9rique et tout en inox v\u00eatu, il est \u00e0 la fois mus\u00e9e et lieu d\u2019exposition, et l\u2019un des plus beaux panoramas \u00e0 360<sup>o<\/sup> sur la capitale belge. A travers ses tubes et ses 9 sph\u00e8res perch\u00e9es \u00e0 102m d\u2019altitude, l\u2019Atomium abrite des collections permanentes et des expositions temporaires.<\/p>\n<p><a href=\"http:\/\/www.prestigemag.co\/wp-content\/uploads\/2014\/09\/L11608861.jpg\"><img src=\"data:image\/svg+xml,%3Csvg%20xmlns='http:\/\/www.w3.org\/2000\/svg'%20viewBox='0%200%2075%%20247'%3E%3C\/svg%3E\" class=\"zeen-lazy-load-base zeen-lazy-load alignnone size-full wp-image-4585\" data-lazy-src=\"http:\/\/www.prestigemag.co\/wp-content\/uploads\/2014\/09\/L11608861.jpg\" alt=\"L1160886\" width=\"75%\" data-lazy-srcset=\"https:\/\/www.prestigemag.co\/wp-content\/uploads\/2014\/09\/L11608861.jpg 787w, https:\/\/www.prestigemag.co\/wp-content\/uploads\/2014\/09\/L11608861-300x200.jpg 300w, https:\/\/www.prestigemag.co\/wp-content\/uploads\/2014\/09\/L11608861-150x100.jpg 150w, https:\/\/www.prestigemag.co\/wp-content\/uploads\/2014\/09\/L11608861-562x375.jpg 562w, https:\/\/www.prestigemag.co\/wp-content\/uploads\/2014\/09\/L11608861-187x125.jpg 187w, https:\/\/www.prestigemag.co\/wp-content\/uploads\/2014\/09\/L11608861-100x67.jpg 100w\" data-lazy-sizes=\"(max-width: 787px) 100vw, 787px\" \/><noscript><img class=\"alignnone size-full wp-image-4585\" src=\"http:\/\/www.prestigemag.co\/wp-content\/uploads\/2014\/09\/L11608861.jpg\" alt=\"L1160886\" width=\"75%\" srcset=\"https:\/\/www.prestigemag.co\/wp-content\/uploads\/2014\/09\/L11608861.jpg 787w, https:\/\/www.prestigemag.co\/wp-content\/uploads\/2014\/09\/L11608861-300x200.jpg 300w, https:\/\/www.prestigemag.co\/wp-content\/uploads\/2014\/09\/L11608861-150x100.jpg 150w, https:\/\/www.prestigemag.co\/wp-content\/uploads\/2014\/09\/L11608861-562x375.jpg 562w, https:\/\/www.prestigemag.co\/wp-content\/uploads\/2014\/09\/L11608861-187x125.jpg 187w, https:\/\/www.prestigemag.co\/wp-content\/uploads\/2014\/09\/L11608861-100x67.jpg 100w\" sizes=\"(max-width: 787px) 100vw, 787px\" \/><\/noscript><\/a><\/p>\n<p>\u00a9 Prestige \/ Photos : Pr Bassam Lahoud<\/p>\n<address>L\u2019Atomium \u00e0 Bruxelles, embl\u00e8me d\u2019universalit\u00e9 et de paix.<\/address>\n<address>\u00a0<\/address>\n<address>\u00a0<\/address>\n<p>Le Bois de la Cambre. Situ\u00e9 au sud de la capitale, le Bois de la Cambre est un important \u00abpoumon vert\u00bb tr\u00e8s pris\u00e9 des Bruxellois et des visiteurs. Il a \u00e9t\u00e9 cr\u00e9\u00e9 en 1861 par le paysagiste Edouard Keiling, sur une enclave dans la ville de la for\u00eat des Soignes. Lieu de d\u00e9tente privil\u00e9gi\u00e9, il a \u00e9t\u00e9 am\u00e9nag\u00e9 \u00e0 l\u2019anglaise, un style du d\u00e9but du XVIIIe si\u00e8cle qui imite la nature et se caract\u00e9rise par une irr\u00e9gularit\u00e9 dans la conception des plantations et des voies. Le Bois de la Cambre accueille \u00e9galement un man\u00e8ge o\u00f9 les enfants peuvent s\u2019entra\u00eener \u00e0 l\u2019\u00e9quitation en montant \u00e0 dos de poney.<\/p>\n<p><a href=\"http:\/\/www.prestigemag.co\/wp-content\/uploads\/2014\/09\/L11605571.jpg\"><img src=\"data:image\/svg+xml,%3Csvg%20xmlns='http:\/\/www.w3.org\/2000\/svg'%20viewBox='0%200%2075%%20247'%3E%3C\/svg%3E\" class=\"zeen-lazy-load-base zeen-lazy-load alignnone size-full wp-image-4586\" data-lazy-src=\"http:\/\/www.prestigemag.co\/wp-content\/uploads\/2014\/09\/L11605571.jpg\" alt=\"L1160557\" width=\"75%\" data-lazy-srcset=\"https:\/\/www.prestigemag.co\/wp-content\/uploads\/2014\/09\/L11605571.jpg 787w, https:\/\/www.prestigemag.co\/wp-content\/uploads\/2014\/09\/L11605571-300x200.jpg 300w, https:\/\/www.prestigemag.co\/wp-content\/uploads\/2014\/09\/L11605571-150x100.jpg 150w, https:\/\/www.prestigemag.co\/wp-content\/uploads\/2014\/09\/L11605571-562x375.jpg 562w, https:\/\/www.prestigemag.co\/wp-content\/uploads\/2014\/09\/L11605571-187x125.jpg 187w, https:\/\/www.prestigemag.co\/wp-content\/uploads\/2014\/09\/L11605571-100x67.jpg 100w\" data-lazy-sizes=\"(max-width: 787px) 100vw, 787px\" \/><noscript><img class=\"alignnone size-full wp-image-4586\" src=\"http:\/\/www.prestigemag.co\/wp-content\/uploads\/2014\/09\/L11605571.jpg\" alt=\"L1160557\" width=\"75%\" srcset=\"https:\/\/www.prestigemag.co\/wp-content\/uploads\/2014\/09\/L11605571.jpg 787w, https:\/\/www.prestigemag.co\/wp-content\/uploads\/2014\/09\/L11605571-300x200.jpg 300w, https:\/\/www.prestigemag.co\/wp-content\/uploads\/2014\/09\/L11605571-150x100.jpg 150w, https:\/\/www.prestigemag.co\/wp-content\/uploads\/2014\/09\/L11605571-562x375.jpg 562w, https:\/\/www.prestigemag.co\/wp-content\/uploads\/2014\/09\/L11605571-187x125.jpg 187w, https:\/\/www.prestigemag.co\/wp-content\/uploads\/2014\/09\/L11605571-100x67.jpg 100w\" sizes=\"(max-width: 787px) 100vw, 787px\" \/><\/noscript><\/a><\/p>\n<p>\u00a9 Prestige \/ Photos : Pr Bassam Lahoud<\/p>\n<address>\u00a0<\/address>\n<address>Le Chalet Robinson, au Bois de la Cambre. Pour y acc\u00e9der, on fait la navette entre les deux rives du lac qui le borde.<\/address>\n<address>\u00a0<\/address>\n<address>\u00a0<\/address>\n<p><strong>Histoires de grandeur immortelle<\/strong><\/p>\n<p>Les Galeries Royales Saint-Hubert. Les Galeries du Roi et de la Reine occupent deux sections distinctes de plus de 100m de longueur chacune, caract\u00e9ris\u00e9es par des arcades de shopping vitr\u00e9es rappelant la Galleria Vittorio Emmanuel II \u00e0 Milan et Le Passage \u00e0 Saint-P\u00e9tersbourg.<\/p>\n<p><a href=\"http:\/\/www.prestigemag.co\/wp-content\/uploads\/2014\/09\/L11700721.jpg\"><img src=\"data:image\/svg+xml,%3Csvg%20xmlns='http:\/\/www.w3.org\/2000\/svg'%20viewBox='0%200%2075%%20247'%3E%3C\/svg%3E\" class=\"zeen-lazy-load-base zeen-lazy-load alignnone size-full wp-image-4587\" data-lazy-src=\"http:\/\/www.prestigemag.co\/wp-content\/uploads\/2014\/09\/L11700721.jpg\" alt=\"L1170072\" width=\"75%\" data-lazy-srcset=\"https:\/\/www.prestigemag.co\/wp-content\/uploads\/2014\/09\/L11700721.jpg 787w, https:\/\/www.prestigemag.co\/wp-content\/uploads\/2014\/09\/L11700721-300x200.jpg 300w, https:\/\/www.prestigemag.co\/wp-content\/uploads\/2014\/09\/L11700721-150x100.jpg 150w, https:\/\/www.prestigemag.co\/wp-content\/uploads\/2014\/09\/L11700721-562x375.jpg 562w, https:\/\/www.prestigemag.co\/wp-content\/uploads\/2014\/09\/L11700721-187x125.jpg 187w, https:\/\/www.prestigemag.co\/wp-content\/uploads\/2014\/09\/L11700721-100x67.jpg 100w\" data-lazy-sizes=\"(max-width: 787px) 100vw, 787px\" \/><noscript><img class=\"alignnone size-full wp-image-4587\" src=\"http:\/\/www.prestigemag.co\/wp-content\/uploads\/2014\/09\/L11700721.jpg\" alt=\"L1170072\" width=\"75%\" srcset=\"https:\/\/www.prestigemag.co\/wp-content\/uploads\/2014\/09\/L11700721.jpg 787w, https:\/\/www.prestigemag.co\/wp-content\/uploads\/2014\/09\/L11700721-300x200.jpg 300w, https:\/\/www.prestigemag.co\/wp-content\/uploads\/2014\/09\/L11700721-150x100.jpg 150w, https:\/\/www.prestigemag.co\/wp-content\/uploads\/2014\/09\/L11700721-562x375.jpg 562w, https:\/\/www.prestigemag.co\/wp-content\/uploads\/2014\/09\/L11700721-187x125.jpg 187w, https:\/\/www.prestigemag.co\/wp-content\/uploads\/2014\/09\/L11700721-100x67.jpg 100w\" sizes=\"(max-width: 787px) 100vw, 787px\" \/><\/noscript><\/a><\/p>\n<p>\u00a9 Prestige \/ Photos : Pr Bassam Lahoud<\/p>\n<address>Les Galeries Royales Saint-Hubert.<\/address>\n<address>\u00a0<\/address>\n<address>\u00a0<\/address>\n<p>La Bourse. Ce monument de style n\u00e9orenaissance et Second Empire, allie grandeur et fantaisie. Erig\u00e9 sur le boulevard Anspach entre 1868 et 1873 selon les plans de l\u2019architecte L\u00e9on-Pierre Suys, il est orn\u00e9 de sculptures d\u2019artistes tels Auguste Rodin.<\/p>\n<address><a href=\"http:\/\/www.prestigemag.co\/wp-content\/uploads\/2014\/09\/L11704131.jpg\"><img src=\"data:image\/svg+xml,%3Csvg%20xmlns='http:\/\/www.w3.org\/2000\/svg'%20viewBox='0%200%2075%%20247'%3E%3C\/svg%3E\" class=\"zeen-lazy-load-base zeen-lazy-load alignnone size-full wp-image-4588\" data-lazy-src=\"http:\/\/www.prestigemag.co\/wp-content\/uploads\/2014\/09\/L11704131.jpg\" alt=\"L1170413\" width=\"75%\" data-lazy-srcset=\"https:\/\/www.prestigemag.co\/wp-content\/uploads\/2014\/09\/L11704131.jpg 787w, https:\/\/www.prestigemag.co\/wp-content\/uploads\/2014\/09\/L11704131-300x200.jpg 300w, https:\/\/www.prestigemag.co\/wp-content\/uploads\/2014\/09\/L11704131-150x100.jpg 150w, https:\/\/www.prestigemag.co\/wp-content\/uploads\/2014\/09\/L11704131-562x375.jpg 562w, https:\/\/www.prestigemag.co\/wp-content\/uploads\/2014\/09\/L11704131-187x125.jpg 187w, https:\/\/www.prestigemag.co\/wp-content\/uploads\/2014\/09\/L11704131-100x67.jpg 100w\" data-lazy-sizes=\"(max-width: 787px) 100vw, 787px\" \/><noscript><img class=\"alignnone size-full wp-image-4588\" src=\"http:\/\/www.prestigemag.co\/wp-content\/uploads\/2014\/09\/L11704131.jpg\" alt=\"L1170413\" width=\"75%\" srcset=\"https:\/\/www.prestigemag.co\/wp-content\/uploads\/2014\/09\/L11704131.jpg 787w, https:\/\/www.prestigemag.co\/wp-content\/uploads\/2014\/09\/L11704131-300x200.jpg 300w, https:\/\/www.prestigemag.co\/wp-content\/uploads\/2014\/09\/L11704131-150x100.jpg 150w, https:\/\/www.prestigemag.co\/wp-content\/uploads\/2014\/09\/L11704131-562x375.jpg 562w, https:\/\/www.prestigemag.co\/wp-content\/uploads\/2014\/09\/L11704131-187x125.jpg 187w, https:\/\/www.prestigemag.co\/wp-content\/uploads\/2014\/09\/L11704131-100x67.jpg 100w\" sizes=\"(max-width: 787px) 100vw, 787px\" \/><\/noscript><\/a><\/address>\n<address>\u00a0<\/address>\n<p>\u00a9 Prestige \/ Photos : Pr Bassam Lahoud<\/p>\n<address>L\u2019\u00e9difice de la Bourse de Bruxelles.<\/address>\n<address>\u00a0<\/address>\n<p>La cath\u00e9drale Saints-Michel-et-Gudule. Construite en 1072 de style gothique, c\u2019est la co-cath\u00e9drale de l\u2019archidioc\u00e8se catholique de Malines-Bruxelles, situ\u00e9e au carrefour des anciennes routes de Flandre vers Cologne et Anvers vers Mons par Bruxelles.<\/p>\n<p><a href=\"http:\/\/www.prestigemag.co\/wp-content\/uploads\/2014\/09\/L11704101.jpg\"><img src=\"data:image\/svg+xml,%3Csvg%20xmlns='http:\/\/www.w3.org\/2000\/svg'%20viewBox='0%200%2055%%20247'%3E%3C\/svg%3E\" class=\"zeen-lazy-load-base zeen-lazy-load alignnone size-full wp-image-4589\" data-lazy-src=\"http:\/\/www.prestigemag.co\/wp-content\/uploads\/2014\/09\/L11704101.jpg\" alt=\"L1170410\" width=\"55%\" data-lazy-srcset=\"https:\/\/www.prestigemag.co\/wp-content\/uploads\/2014\/09\/L11704101.jpg 551w, https:\/\/www.prestigemag.co\/wp-content\/uploads\/2014\/09\/L11704101-200x300.jpg 200w, https:\/\/www.prestigemag.co\/wp-content\/uploads\/2014\/09\/L11704101-100x150.jpg 100w, https:\/\/www.prestigemag.co\/wp-content\/uploads\/2014\/09\/L11704101-250x375.jpg 250w, https:\/\/www.prestigemag.co\/wp-content\/uploads\/2014\/09\/L11704101-83x125.jpg 83w, https:\/\/www.prestigemag.co\/wp-content\/uploads\/2014\/09\/L11704101-45x67.jpg 45w\" data-lazy-sizes=\"(max-width: 551px) 100vw, 551px\" \/><noscript><img class=\"alignnone size-full wp-image-4589\" src=\"http:\/\/www.prestigemag.co\/wp-content\/uploads\/2014\/09\/L11704101.jpg\" alt=\"L1170410\" width=\"55%\" srcset=\"https:\/\/www.prestigemag.co\/wp-content\/uploads\/2014\/09\/L11704101.jpg 551w, https:\/\/www.prestigemag.co\/wp-content\/uploads\/2014\/09\/L11704101-200x300.jpg 200w, https:\/\/www.prestigemag.co\/wp-content\/uploads\/2014\/09\/L11704101-100x150.jpg 100w, https:\/\/www.prestigemag.co\/wp-content\/uploads\/2014\/09\/L11704101-250x375.jpg 250w, https:\/\/www.prestigemag.co\/wp-content\/uploads\/2014\/09\/L11704101-83x125.jpg 83w, https:\/\/www.prestigemag.co\/wp-content\/uploads\/2014\/09\/L11704101-45x67.jpg 45w\" sizes=\"(max-width: 551px) 100vw, 551px\" \/><\/noscript><\/a><\/p>\n<p>\u00a9 Prestige \/ Photos : Pr Bassam Lahoud<\/p>\n<address>Vue nocturne et imprenable de la cath\u00e9drale Saints-Michel-et-Gudule r\u00e9fl\u00e9chie dans l\u2019eau du lac.<\/address>\n<address>\u00a0\u00a0<\/address>\n<p><strong>Centre Belge de la Bande Dessin\u00e9e<\/strong><\/p>\n<p>Si le Centre belge de la bande dessin\u00e9e n\u2019existait pas, on le cr\u00e9erait. Au pays des Schtroumpfs et de Tintin, sa pr\u00e9sence est un must. Install\u00e9 \u00e0 Bruxelles, rue des Sables, dans le b\u00e2timent Art Nouveau, un chef-d\u2019\u0153uvre con\u00e7u par l\u2019architecte Victor Horta en 1906, le CCBD ou Mus\u00e9e de la BD abritait aussi les anciens grands magasins de tissus Waucquez. Apr\u00e8s une compl\u00e8te restauration des lieux, le CCBD a ouvert ses portes le 6 octobre 1989, et cette ann\u00e9e, il c\u00e9l\u00e8bre son 25e anniversaire. Le centre abrite une exposition permanente, qui retrace l\u2019histoire de la bande dessin\u00e9e belge du d\u00e9but du XXe si\u00e8cle \u00e0 nos jours, avec des tr\u00e9sors de planches et d\u2019objets uniques, ainsi que plusieurs expositions temporaires, relatives \u00e0 des auteurs tels Herg\u00e9, Franquin ou Peyo, ou \u00e0 un style de BD ou encore \u00e0 une \u00e9dition. Le Centre poss\u00e8de \u00e9galement la plus grande biblioth\u00e8que de BD et un centre de documentation accessible au public, avec des rencontres, des cours de BD et des stages.<\/p>\n<p><a href=\"http:\/\/www.prestigemag.co\/wp-content\/uploads\/2014\/09\/L1160932.jpg\"><img src=\"data:image\/svg+xml,%3Csvg%20xmlns='http:\/\/www.w3.org\/2000\/svg'%20viewBox='0%200%20223%20334'%3E%3C\/svg%3E\" class=\"zeen-lazy-load-base zeen-lazy-load alignright wp-image-2891 \" data-lazy-src=\"http:\/\/www.prestigemag.co\/wp-content\/uploads\/2014\/09\/L1160932.jpg\" alt=\"L1160932\" width=\"223\" height=\"334\" data-lazy-srcset=\"https:\/\/www.prestigemag.co\/wp-content\/uploads\/2014\/09\/L1160932.jpg 257w, https:\/\/www.prestigemag.co\/wp-content\/uploads\/2014\/09\/L1160932-200x300.jpg 200w, https:\/\/www.prestigemag.co\/wp-content\/uploads\/2014\/09\/L1160932-100x150.jpg 100w, https:\/\/www.prestigemag.co\/wp-content\/uploads\/2014\/09\/L1160932-250x375.jpg 250w, https:\/\/www.prestigemag.co\/wp-content\/uploads\/2014\/09\/L1160932-83x125.jpg 83w, https:\/\/www.prestigemag.co\/wp-content\/uploads\/2014\/09\/L1160932-44x67.jpg 44w\" data-lazy-sizes=\"(max-width: 223px) 100vw, 223px\" \/><noscript><img class=\"alignright wp-image-2891 \" src=\"http:\/\/www.prestigemag.co\/wp-content\/uploads\/2014\/09\/L1160932.jpg\" alt=\"L1160932\" width=\"223\" height=\"334\" srcset=\"https:\/\/www.prestigemag.co\/wp-content\/uploads\/2014\/09\/L1160932.jpg 257w, https:\/\/www.prestigemag.co\/wp-content\/uploads\/2014\/09\/L1160932-200x300.jpg 200w, https:\/\/www.prestigemag.co\/wp-content\/uploads\/2014\/09\/L1160932-100x150.jpg 100w, https:\/\/www.prestigemag.co\/wp-content\/uploads\/2014\/09\/L1160932-250x375.jpg 250w, https:\/\/www.prestigemag.co\/wp-content\/uploads\/2014\/09\/L1160932-83x125.jpg 83w, https:\/\/www.prestigemag.co\/wp-content\/uploads\/2014\/09\/L1160932-44x67.jpg 44w\" sizes=\"(max-width: 223px) 100vw, 223px\" \/><\/noscript><\/a><\/p>\n<address><a href=\"http:\/\/www.prestigemag.co\/wp-content\/uploads\/2014\/09\/L1160952.jpg\"><img src=\"data:image\/svg+xml,%3Csvg%20xmlns='http:\/\/www.w3.org\/2000\/svg'%20viewBox='0%200%20533%20355'%3E%3C\/svg%3E\" class=\"zeen-lazy-load-base zeen-lazy-load alignnone wp-image-4590\" data-lazy-src=\"http:\/\/www.prestigemag.co\/wp-content\/uploads\/2014\/09\/L1160952.jpg\" alt=\"L1160952\" width=\"533\" height=\"355\" data-lazy-srcset=\"https:\/\/www.prestigemag.co\/wp-content\/uploads\/2014\/09\/L1160952.jpg 787w, https:\/\/www.prestigemag.co\/wp-content\/uploads\/2014\/09\/L1160952-300x200.jpg 300w, https:\/\/www.prestigemag.co\/wp-content\/uploads\/2014\/09\/L1160952-150x100.jpg 150w, https:\/\/www.prestigemag.co\/wp-content\/uploads\/2014\/09\/L1160952-562x375.jpg 562w, https:\/\/www.prestigemag.co\/wp-content\/uploads\/2014\/09\/L1160952-187x125.jpg 187w, https:\/\/www.prestigemag.co\/wp-content\/uploads\/2014\/09\/L1160952-100x67.jpg 100w\" data-lazy-sizes=\"(max-width: 533px) 100vw, 533px\" \/><noscript><img class=\"alignnone wp-image-4590\" src=\"http:\/\/www.prestigemag.co\/wp-content\/uploads\/2014\/09\/L1160952.jpg\" alt=\"L1160952\" width=\"533\" height=\"355\" srcset=\"https:\/\/www.prestigemag.co\/wp-content\/uploads\/2014\/09\/L1160952.jpg 787w, https:\/\/www.prestigemag.co\/wp-content\/uploads\/2014\/09\/L1160952-300x200.jpg 300w, https:\/\/www.prestigemag.co\/wp-content\/uploads\/2014\/09\/L1160952-150x100.jpg 150w, https:\/\/www.prestigemag.co\/wp-content\/uploads\/2014\/09\/L1160952-562x375.jpg 562w, https:\/\/www.prestigemag.co\/wp-content\/uploads\/2014\/09\/L1160952-187x125.jpg 187w, https:\/\/www.prestigemag.co\/wp-content\/uploads\/2014\/09\/L1160952-100x67.jpg 100w\" sizes=\"(max-width: 533px) 100vw, 533px\" \/><\/noscript><\/a><\/address>\n<address>\u00a0<\/address>\n<p>\u00a9 Prestige \/ Photos : Pr Bassam Lahoud<\/p>\n<address>Le Centre Belge de la Bande Dessin\u00e9e con\u00e7u par l\u2019architecte Horta.<\/address>\n<address>\u00a0\u00a0<\/address>\n<p>N\u00e9anmoins, on ne saurait savourer la Belgique si on ne se d\u00e9lecte pas de son d\u00e9licieux chocolat. Elu meilleur ouvrier de Belgique, champion du monde de p\u00e2tisserie, Pierre Marcolin est r\u00e9put\u00e9 pour son chocolat irr\u00e9sistible.<\/p>\n<p><a href=\"http:\/\/www.prestigemag.co\/wp-content\/uploads\/2014\/09\/L1160784.jpg\"><img src=\"data:image\/svg+xml,%3Csvg%20xmlns='http:\/\/www.w3.org\/2000\/svg'%20viewBox='0%200%20456%20257'%3E%3C\/svg%3E\" class=\"zeen-lazy-load-base zeen-lazy-load alignnone size-full wp-image-2892\" data-lazy-src=\"http:\/\/www.prestigemag.co\/wp-content\/uploads\/2014\/09\/L1160784.jpg\" alt=\"L1160784\" width=\"456\" height=\"257\" data-lazy-srcset=\"https:\/\/www.prestigemag.co\/wp-content\/uploads\/2014\/09\/L1160784.jpg 456w, https:\/\/www.prestigemag.co\/wp-content\/uploads\/2014\/09\/L1160784-300x169.jpg 300w, https:\/\/www.prestigemag.co\/wp-content\/uploads\/2014\/09\/L1160784-150x84.jpg 150w, https:\/\/www.prestigemag.co\/wp-content\/uploads\/2014\/09\/L1160784-221x125.jpg 221w, https:\/\/www.prestigemag.co\/wp-content\/uploads\/2014\/09\/L1160784-118x67.jpg 118w\" data-lazy-sizes=\"(max-width: 456px) 100vw, 456px\" \/><noscript><img class=\"alignnone size-full wp-image-2892\" src=\"http:\/\/www.prestigemag.co\/wp-content\/uploads\/2014\/09\/L1160784.jpg\" alt=\"L1160784\" width=\"456\" height=\"257\" srcset=\"https:\/\/www.prestigemag.co\/wp-content\/uploads\/2014\/09\/L1160784.jpg 456w, https:\/\/www.prestigemag.co\/wp-content\/uploads\/2014\/09\/L1160784-300x169.jpg 300w, https:\/\/www.prestigemag.co\/wp-content\/uploads\/2014\/09\/L1160784-150x84.jpg 150w, https:\/\/www.prestigemag.co\/wp-content\/uploads\/2014\/09\/L1160784-221x125.jpg 221w, https:\/\/www.prestigemag.co\/wp-content\/uploads\/2014\/09\/L1160784-118x67.jpg 118w\" sizes=\"(max-width: 456px) 100vw, 456px\" \/><\/noscript><\/a><\/p>\n<p>\u00a9 Prestige \/ Photos : Pr Bassam Lahoud<\/p>\n<p><strong>Manneken-Pis &#8211; Fondation Boghossian<\/strong><\/p>\n<p>Manneken-Pis. Sculpture de Duquesnoy le Vieux de 1619, ornant une fontaine de Bruxelles. Elle porte le nom d\u2019un h\u00e9ros belge et repr\u00e9sente un enfant l\u00e2chant un filet d\u2019eau. Selon la l\u00e9gende, ce petit bout d\u2019homme aurait \u00e9teint une bombe avec&#8230; ses urines pendant la guerre et \u00e9vit\u00e9 ainsi une catastrophe \u00e0 la r\u00e9gion. Il poss\u00e8de plus de 900 costumes qu\u2019il rev\u00eat aux occasions et festivals.<\/p>\n<p><a href=\"http:\/\/www.prestigemag.co\/wp-content\/uploads\/2014\/09\/L1170316.jpg\"><img src=\"data:image\/svg+xml,%3Csvg%20xmlns='http:\/\/www.w3.org\/2000\/svg'%20viewBox='0%200%20257%20385'%3E%3C\/svg%3E\" class=\"zeen-lazy-load-base zeen-lazy-load alignnone size-full wp-image-2893\" data-lazy-src=\"http:\/\/www.prestigemag.co\/wp-content\/uploads\/2014\/09\/L1170316.jpg\" alt=\"L1170316\" width=\"257\" height=\"385\" data-lazy-srcset=\"https:\/\/www.prestigemag.co\/wp-content\/uploads\/2014\/09\/L1170316.jpg 257w, https:\/\/www.prestigemag.co\/wp-content\/uploads\/2014\/09\/L1170316-200x300.jpg 200w, https:\/\/www.prestigemag.co\/wp-content\/uploads\/2014\/09\/L1170316-100x150.jpg 100w, https:\/\/www.prestigemag.co\/wp-content\/uploads\/2014\/09\/L1170316-250x375.jpg 250w, https:\/\/www.prestigemag.co\/wp-content\/uploads\/2014\/09\/L1170316-83x125.jpg 83w, https:\/\/www.prestigemag.co\/wp-content\/uploads\/2014\/09\/L1170316-44x67.jpg 44w\" data-lazy-sizes=\"(max-width: 257px) 100vw, 257px\" \/><noscript><img class=\"alignnone size-full wp-image-2893\" src=\"http:\/\/www.prestigemag.co\/wp-content\/uploads\/2014\/09\/L1170316.jpg\" alt=\"L1170316\" width=\"257\" height=\"385\" srcset=\"https:\/\/www.prestigemag.co\/wp-content\/uploads\/2014\/09\/L1170316.jpg 257w, https:\/\/www.prestigemag.co\/wp-content\/uploads\/2014\/09\/L1170316-200x300.jpg 200w, https:\/\/www.prestigemag.co\/wp-content\/uploads\/2014\/09\/L1170316-100x150.jpg 100w, https:\/\/www.prestigemag.co\/wp-content\/uploads\/2014\/09\/L1170316-250x375.jpg 250w, https:\/\/www.prestigemag.co\/wp-content\/uploads\/2014\/09\/L1170316-83x125.jpg 83w, https:\/\/www.prestigemag.co\/wp-content\/uploads\/2014\/09\/L1170316-44x67.jpg 44w\" sizes=\"(max-width: 257px) 100vw, 257px\" \/><\/noscript><\/a><\/p>\n<p>\u00a9 Prestige \/ Photos : Pr Bassam Lahoud<\/p>\n<address>Manneken-Pis, fi\u00e8rement debout au coin des rues de l\u2019Etuve et du Ch\u00eane \u00e0 Bruxelles.<\/address>\n<address>\u00a0<\/address>\n<address>\u00a0<\/address>\n<p>Fondation Boghossian. C\u2019est un centre culturel accueillant des expositions d\u2019art, des concerts et des conf\u00e9rences, situ\u00e9 dans la c\u00e9l\u00e8bre Villa Empain. Destin\u00e9 \u00e0 enrichir la d\u00e9couverte r\u00e9ciproque de l\u2019Occident et de l\u2019Orient, il r\u00e9pond \u00e0 des ambitions culturelles, artistiques, p\u00e9dagogiques, scientifiques ainsi qu\u2019\u00e0 des animations mettant en \u00e9vidence les liens renfor\u00e7ant ce dialogue.<\/p>\n<p><a href=\"http:\/\/www.prestigemag.co\/wp-content\/uploads\/2014\/09\/L1160673.jpg\"><img src=\"data:image\/svg+xml,%3Csvg%20xmlns='http:\/\/www.w3.org\/2000\/svg'%20viewBox='0%200%20257%20385'%3E%3C\/svg%3E\" class=\"zeen-lazy-load-base zeen-lazy-load alignnone size-full wp-image-2894\" data-lazy-src=\"http:\/\/www.prestigemag.co\/wp-content\/uploads\/2014\/09\/L1160673.jpg\" alt=\"L1160673\" width=\"257\" height=\"385\" data-lazy-srcset=\"https:\/\/www.prestigemag.co\/wp-content\/uploads\/2014\/09\/L1160673.jpg 257w, https:\/\/www.prestigemag.co\/wp-content\/uploads\/2014\/09\/L1160673-200x300.jpg 200w, https:\/\/www.prestigemag.co\/wp-content\/uploads\/2014\/09\/L1160673-100x150.jpg 100w, https:\/\/www.prestigemag.co\/wp-content\/uploads\/2014\/09\/L1160673-250x375.jpg 250w, https:\/\/www.prestigemag.co\/wp-content\/uploads\/2014\/09\/L1160673-83x125.jpg 83w, https:\/\/www.prestigemag.co\/wp-content\/uploads\/2014\/09\/L1160673-44x67.jpg 44w\" data-lazy-sizes=\"(max-width: 257px) 100vw, 257px\" \/><noscript><img class=\"alignnone size-full wp-image-2894\" src=\"http:\/\/www.prestigemag.co\/wp-content\/uploads\/2014\/09\/L1160673.jpg\" alt=\"L1160673\" width=\"257\" height=\"385\" srcset=\"https:\/\/www.prestigemag.co\/wp-content\/uploads\/2014\/09\/L1160673.jpg 257w, https:\/\/www.prestigemag.co\/wp-content\/uploads\/2014\/09\/L1160673-200x300.jpg 200w, https:\/\/www.prestigemag.co\/wp-content\/uploads\/2014\/09\/L1160673-100x150.jpg 100w, https:\/\/www.prestigemag.co\/wp-content\/uploads\/2014\/09\/L1160673-250x375.jpg 250w, https:\/\/www.prestigemag.co\/wp-content\/uploads\/2014\/09\/L1160673-83x125.jpg 83w, https:\/\/www.prestigemag.co\/wp-content\/uploads\/2014\/09\/L1160673-44x67.jpg 44w\" sizes=\"(max-width: 257px) 100vw, 257px\" \/><\/noscript><\/a><\/p>\n<p>\u00a9 Prestige \/ Photos : Pr Bassam Lahoud<\/p>\n<address>Style Art D\u00e9co, la Villa Empain, construite entre 1930 et 1934, est l\u2019\u0153uvre de l\u2019architecte suisse Michel Polak.<\/address>\n<address>\u00a0<\/address>\n<address>\u00a0<\/address>\n<address>\u00a0<\/address>\n<address>\u00a0<\/address>\n","protected":false},"excerpt":{"rendered":"<p><em>Prestige N\u00ba 255, Octobre 2014<\/em><br \/>A l\u2019invitation de l\u2019ambassade de Belgique au Liban \u00e0 travers sa section commerciale, Brussels Invest &#038; Export et visit.brussels, Prestige vous emm\u00e8ne dans la capitale belge pour d\u00e9couvrir la splendeur du Tapis de Fleurs 2014, une performance unique au monde ainsi que les multiples beaut\u00e9s de la capitale de l\u2019Europe. Escapade<\/p>\n","protected":false},"author":3,"featured_media":0,"comment_status":"closed","ping_status":"closed","sticky":false,"template":"","format":"standard","meta":[],"categories":[13348,13350],"tags":[],"yoast_head":"<!-- This site is optimized with the Yoast SEO plugin v19.4 - https:\/\/yoast.com\/wordpress\/plugins\/seo\/ -->\n<title>Bruxelles en Fleurs et en couleurs - Prestige Magazine<\/title>\n<meta name=\"description\" content=\"Prestige N\u00ba 255, Octobre 2014A l\u2019invitation de l\u2019ambassade de Belgique au Liban \u00e0 travers sa section commerciale, Brussels Invest &amp; Export et visit.brussels, Prestige vous emm\u00e8ne dans la capitale belge pour d\u00e9couvrir la splendeur du Tapis de Fleurs 2014, une performance unique au monde ainsi que les multiples beaut\u00e9s de la capitale de l\u2019Europe. Escapade\" \/>\n<meta name=\"robots\" content=\"index, follow, max-snippet:-1, max-image-preview:large, max-video-preview:-1\" \/>\n<link rel=\"canonical\" href=\"https:\/\/www.prestigemag.co\/fr\/2014\/09\/bruxelles-en-fleurs-et-en-couleurs\/\" \/>\n<meta property=\"og:locale\" content=\"fr_FR\" \/>\n<meta property=\"og:type\" content=\"article\" \/>\n<meta property=\"og:title\" content=\"Bruxelles en Fleurs et en couleurs - Prestige Magazine\" \/>\n<meta property=\"og:description\" content=\"Prestige N\u00ba 255, Octobre 2014A l\u2019invitation de l\u2019ambassade de Belgique au Liban \u00e0 travers sa section commerciale, Brussels Invest &amp; Export et visit.brussels, Prestige vous emm\u00e8ne dans la capitale belge pour d\u00e9couvrir la splendeur du Tapis de Fleurs 2014, une performance unique au monde ainsi que les multiples beaut\u00e9s de la capitale de l\u2019Europe. Escapade\" \/>\n<meta property=\"og:url\" content=\"https:\/\/www.prestigemag.co\/fr\/2014\/09\/bruxelles-en-fleurs-et-en-couleurs\/\" \/>\n<meta property=\"og:site_name\" content=\"Prestige Magazine\" \/>\n<meta property=\"article:publisher\" content=\"https:\/\/www.facebook.com\/prestigemag.co\/\" \/>\n<meta property=\"article:published_time\" content=\"2014-09-26T12:10:58+00:00\" \/>\n<meta property=\"og:image\" content=\"http:\/\/www.prestigemag.co\/wp-content\/uploads\/2014\/09\/L1170179-A.jpg\" \/>\n<meta name=\"author\" content=\"prestige\" \/>\n<meta name=\"twitter:card\" content=\"summary\" \/>\n<meta name=\"twitter:label1\" content=\"\u00c9crit par\" \/>\n\t<meta name=\"twitter:data1\" content=\"prestige\" \/>\n\t<meta name=\"twitter:label2\" content=\"Dur\u00e9e de lecture estim\u00e9e\" \/>\n\t<meta name=\"twitter:data2\" content=\"6 minutes\" \/>\n<script type=\"application\/ld+json\" class=\"yoast-schema-graph\">{\"@context\":\"https:\/\/schema.org\",\"@graph\":[{\"@type\":\"Organization\",\"@id\":\"https:\/\/www.prestigemag.co\/#organization\",\"name\":\"Prestige\",\"url\":\"https:\/\/www.prestigemag.co\/\",\"sameAs\":[\"https:\/\/www.instagram.com\/prestige.mag\/\",\"https:\/\/www.facebook.com\/prestigemag.co\/\"],\"logo\":{\"@type\":\"ImageObject\",\"inLanguage\":\"fr-FR\",\"@id\":\"https:\/\/www.prestigemag.co\/#\/schema\/logo\/image\/\",\"url\":\"https:\/\/www.prestigemag.co\/wp-content\/uploads\/2021\/11\/logo-Prestige-800x200-1.png\",\"contentUrl\":\"https:\/\/www.prestigemag.co\/wp-content\/uploads\/2021\/11\/logo-Prestige-800x200-1.png\",\"width\":800,\"height\":200,\"caption\":\"Prestige\"},\"image\":{\"@id\":\"https:\/\/www.prestigemag.co\/#\/schema\/logo\/image\/\"}},{\"@type\":\"WebSite\",\"@id\":\"https:\/\/www.prestigemag.co\/#website\",\"url\":\"https:\/\/www.prestigemag.co\/\",\"name\":\"Prestige Magazine\",\"description\":\"Le Monde Des C\u00e9l\u00e9brit\u00e9s\",\"publisher\":{\"@id\":\"https:\/\/www.prestigemag.co\/#organization\"},\"potentialAction\":[{\"@type\":\"SearchAction\",\"target\":{\"@type\":\"EntryPoint\",\"urlTemplate\":\"https:\/\/www.prestigemag.co\/?s={search_term_string}\"},\"query-input\":\"required name=search_term_string\"}],\"inLanguage\":\"fr-FR\"},{\"@type\":\"WebPage\",\"@id\":\"https:\/\/www.prestigemag.co\/fr\/2014\/09\/bruxelles-en-fleurs-et-en-couleurs\/\",\"url\":\"https:\/\/www.prestigemag.co\/fr\/2014\/09\/bruxelles-en-fleurs-et-en-couleurs\/\",\"name\":\"Bruxelles en Fleurs et en couleurs - Prestige Magazine\",\"isPartOf\":{\"@id\":\"https:\/\/www.prestigemag.co\/#website\"},\"datePublished\":\"2014-09-26T12:10:58+00:00\",\"dateModified\":\"2014-09-26T12:10:58+00:00\",\"description\":\"Prestige N\u00ba 255, Octobre 2014A l\u2019invitation de l\u2019ambassade de Belgique au Liban \u00e0 travers sa section commerciale, Brussels Invest & Export et visit.brussels, Prestige vous emm\u00e8ne dans la capitale belge pour d\u00e9couvrir la splendeur du Tapis de Fleurs 2014, une performance unique au monde ainsi que les multiples beaut\u00e9s de la capitale de l\u2019Europe. Escapade\",\"breadcrumb\":{\"@id\":\"https:\/\/www.prestigemag.co\/fr\/2014\/09\/bruxelles-en-fleurs-et-en-couleurs\/#breadcrumb\"},\"inLanguage\":\"fr-FR\",\"potentialAction\":[{\"@type\":\"ReadAction\",\"target\":[\"https:\/\/www.prestigemag.co\/fr\/2014\/09\/bruxelles-en-fleurs-et-en-couleurs\/\"]}]},{\"@type\":\"BreadcrumbList\",\"@id\":\"https:\/\/www.prestigemag.co\/fr\/2014\/09\/bruxelles-en-fleurs-et-en-couleurs\/#breadcrumb\",\"itemListElement\":[{\"@type\":\"ListItem\",\"position\":1,\"name\":\"Home\",\"item\":\"https:\/\/www.prestigemag.co\/fr\/\"},{\"@type\":\"ListItem\",\"position\":2,\"name\":\"Bruxelles en Fleurs et en couleurs\"}]},{\"@type\":\"Article\",\"@id\":\"https:\/\/www.prestigemag.co\/fr\/2014\/09\/bruxelles-en-fleurs-et-en-couleurs\/#article\",\"isPartOf\":{\"@id\":\"https:\/\/www.prestigemag.co\/fr\/2014\/09\/bruxelles-en-fleurs-et-en-couleurs\/\"},\"author\":{\"name\":\"prestige\",\"@id\":\"https:\/\/www.prestigemag.co\/#\/schema\/person\/e3f149368970128d68bb2d797bf30fbc\"},\"headline\":\"Bruxelles en Fleurs et en couleurs\",\"datePublished\":\"2014-09-26T12:10:58+00:00\",\"dateModified\":\"2014-09-26T12:10:58+00:00\",\"mainEntityOfPage\":{\"@id\":\"https:\/\/www.prestigemag.co\/fr\/2014\/09\/bruxelles-en-fleurs-et-en-couleurs\/\"},\"wordCount\":1211,\"publisher\":{\"@id\":\"https:\/\/www.prestigemag.co\/#organization\"},\"articleSection\":[\"Lifestyle\",\"Voyage\"],\"inLanguage\":\"fr-FR\"},{\"@type\":\"Person\",\"@id\":\"https:\/\/www.prestigemag.co\/#\/schema\/person\/e3f149368970128d68bb2d797bf30fbc\",\"name\":\"prestige\",\"image\":{\"@type\":\"ImageObject\",\"inLanguage\":\"fr-FR\",\"@id\":\"https:\/\/www.prestigemag.co\/#\/schema\/person\/image\/\",\"url\":\"https:\/\/secure.gravatar.com\/avatar\/0aa2dff5484d35e50578639a2c3ccef9?s=96&d=mm&r=g\",\"contentUrl\":\"https:\/\/secure.gravatar.com\/avatar\/0aa2dff5484d35e50578639a2c3ccef9?s=96&d=mm&r=g\",\"caption\":\"prestige\"},\"url\":\"https:\/\/www.prestigemag.co\/fr\/author\/prestige\/\"}]}<\/script>\n<!-- \/ Yoast SEO plugin. -->","yoast_head_json":{"title":"Bruxelles en Fleurs et en couleurs - Prestige Magazine","description":"Prestige N\u00ba 255, Octobre 2014A l\u2019invitation de l\u2019ambassade de Belgique au Liban \u00e0 travers sa section commerciale, Brussels Invest & Export et visit.brussels, Prestige vous emm\u00e8ne dans la capitale belge pour d\u00e9couvrir la splendeur du Tapis de Fleurs 2014, une performance unique au monde ainsi que les multiples beaut\u00e9s de la capitale de l\u2019Europe. Escapade","robots":{"index":"index","follow":"follow","max-snippet":"max-snippet:-1","max-image-preview":"max-image-preview:large","max-video-preview":"max-video-preview:-1"},"canonical":"https:\/\/www.prestigemag.co\/fr\/2014\/09\/bruxelles-en-fleurs-et-en-couleurs\/","og_locale":"fr_FR","og_type":"article","og_title":"Bruxelles en Fleurs et en couleurs - Prestige Magazine","og_description":"Prestige N\u00ba 255, Octobre 2014A l\u2019invitation de l\u2019ambassade de Belgique au Liban \u00e0 travers sa section commerciale, Brussels Invest & Export et visit.brussels, Prestige vous emm\u00e8ne dans la capitale belge pour d\u00e9couvrir la splendeur du Tapis de Fleurs 2014, une performance unique au monde ainsi que les multiples beaut\u00e9s de la capitale de l\u2019Europe. Escapade","og_url":"https:\/\/www.prestigemag.co\/fr\/2014\/09\/bruxelles-en-fleurs-et-en-couleurs\/","og_site_name":"Prestige Magazine","article_publisher":"https:\/\/www.facebook.com\/prestigemag.co\/","article_published_time":"2014-09-26T12:10:58+00:00","og_image":[{"url":"http:\/\/www.prestigemag.co\/wp-content\/uploads\/2014\/09\/L1170179-A.jpg"}],"author":"prestige","twitter_card":"summary","twitter_misc":{"\u00c9crit par":"prestige","Dur\u00e9e de lecture estim\u00e9e":"6 minutes"},"schema":{"@context":"https:\/\/schema.org","@graph":[{"@type":"Organization","@id":"https:\/\/www.prestigemag.co\/#organization","name":"Prestige","url":"https:\/\/www.prestigemag.co\/","sameAs":["https:\/\/www.instagram.com\/prestige.mag\/","https:\/\/www.facebook.com\/prestigemag.co\/"],"logo":{"@type":"ImageObject","inLanguage":"fr-FR","@id":"https:\/\/www.prestigemag.co\/#\/schema\/logo\/image\/","url":"https:\/\/www.prestigemag.co\/wp-content\/uploads\/2021\/11\/logo-Prestige-800x200-1.png","contentUrl":"https:\/\/www.prestigemag.co\/wp-content\/uploads\/2021\/11\/logo-Prestige-800x200-1.png","width":800,"height":200,"caption":"Prestige"},"image":{"@id":"https:\/\/www.prestigemag.co\/#\/schema\/logo\/image\/"}},{"@type":"WebSite","@id":"https:\/\/www.prestigemag.co\/#website","url":"https:\/\/www.prestigemag.co\/","name":"Prestige Magazine","description":"Le Monde Des C\u00e9l\u00e9brit\u00e9s","publisher":{"@id":"https:\/\/www.prestigemag.co\/#organization"},"potentialAction":[{"@type":"SearchAction","target":{"@type":"EntryPoint","urlTemplate":"https:\/\/www.prestigemag.co\/?s={search_term_string}"},"query-input":"required name=search_term_string"}],"inLanguage":"fr-FR"},{"@type":"WebPage","@id":"https:\/\/www.prestigemag.co\/fr\/2014\/09\/bruxelles-en-fleurs-et-en-couleurs\/","url":"https:\/\/www.prestigemag.co\/fr\/2014\/09\/bruxelles-en-fleurs-et-en-couleurs\/","name":"Bruxelles en Fleurs et en couleurs - Prestige Magazine","isPartOf":{"@id":"https:\/\/www.prestigemag.co\/#website"},"datePublished":"2014-09-26T12:10:58+00:00","dateModified":"2014-09-26T12:10:58+00:00","description":"Prestige N\u00ba 255, Octobre 2014A l\u2019invitation de l\u2019ambassade de Belgique au Liban \u00e0 travers sa section commerciale, Brussels Invest & Export et visit.brussels, Prestige vous emm\u00e8ne dans la capitale belge pour d\u00e9couvrir la splendeur du Tapis de Fleurs 2014, une performance unique au monde ainsi que les multiples beaut\u00e9s de la capitale de l\u2019Europe. Escapade","breadcrumb":{"@id":"https:\/\/www.prestigemag.co\/fr\/2014\/09\/bruxelles-en-fleurs-et-en-couleurs\/#breadcrumb"},"inLanguage":"fr-FR","potentialAction":[{"@type":"ReadAction","target":["https:\/\/www.prestigemag.co\/fr\/2014\/09\/bruxelles-en-fleurs-et-en-couleurs\/"]}]},{"@type":"BreadcrumbList","@id":"https:\/\/www.prestigemag.co\/fr\/2014\/09\/bruxelles-en-fleurs-et-en-couleurs\/#breadcrumb","itemListElement":[{"@type":"ListItem","position":1,"name":"Home","item":"https:\/\/www.prestigemag.co\/fr\/"},{"@type":"ListItem","position":2,"name":"Bruxelles en Fleurs et en couleurs"}]},{"@type":"Article","@id":"https:\/\/www.prestigemag.co\/fr\/2014\/09\/bruxelles-en-fleurs-et-en-couleurs\/#article","isPartOf":{"@id":"https:\/\/www.prestigemag.co\/fr\/2014\/09\/bruxelles-en-fleurs-et-en-couleurs\/"},"author":{"name":"prestige","@id":"https:\/\/www.prestigemag.co\/#\/schema\/person\/e3f149368970128d68bb2d797bf30fbc"},"headline":"Bruxelles en Fleurs et en couleurs","datePublished":"2014-09-26T12:10:58+00:00","dateModified":"2014-09-26T12:10:58+00:00","mainEntityOfPage":{"@id":"https:\/\/www.prestigemag.co\/fr\/2014\/09\/bruxelles-en-fleurs-et-en-couleurs\/"},"wordCount":1211,"publisher":{"@id":"https:\/\/www.prestigemag.co\/#organization"},"articleSection":["Lifestyle","Voyage"],"inLanguage":"fr-FR"},{"@type":"Person","@id":"https:\/\/www.prestigemag.co\/#\/schema\/person\/e3f149368970128d68bb2d797bf30fbc","name":"prestige","image":{"@type":"ImageObject","inLanguage":"fr-FR","@id":"https:\/\/www.prestigemag.co\/#\/schema\/person\/image\/","url":"https:\/\/secure.gravatar.com\/avatar\/0aa2dff5484d35e50578639a2c3ccef9?s=96&d=mm&r=g","contentUrl":"https:\/\/secure.gravatar.com\/avatar\/0aa2dff5484d35e50578639a2c3ccef9?s=96&d=mm&r=g","caption":"prestige"},"url":"https:\/\/www.prestigemag.co\/fr\/author\/prestige\/"}]}},"_links":{"self":[{"href":"https:\/\/www.prestigemag.co\/fr\/wp-json\/wp\/v2\/posts\/19823"}],"collection":[{"href":"https:\/\/www.prestigemag.co\/fr\/wp-json\/wp\/v2\/posts"}],"about":[{"href":"https:\/\/www.prestigemag.co\/fr\/wp-json\/wp\/v2\/types\/post"}],"author":[{"embeddable":true,"href":"https:\/\/www.prestigemag.co\/fr\/wp-json\/wp\/v2\/users\/3"}],"replies":[{"embeddable":true,"href":"https:\/\/www.prestigemag.co\/fr\/wp-json\/wp\/v2\/comments?post=19823"}],"version-history":[{"count":0,"href":"https:\/\/www.prestigemag.co\/fr\/wp-json\/wp\/v2\/posts\/19823\/revisions"}],"wp:attachment":[{"href":"https:\/\/www.prestigemag.co\/fr\/wp-json\/wp\/v2\/media?parent=19823"}],"wp:term":[{"taxonomy":"category","embeddable":true,"href":"https:\/\/www.prestigemag.co\/fr\/wp-json\/wp\/v2\/categories?post=19823"},{"taxonomy":"post_tag","embeddable":true,"href":"https:\/\/www.prestigemag.co\/fr\/wp-json\/wp\/v2\/tags?post=19823"}],"curies":[{"name":"wp","href":"https:\/\/api.w.org\/{rel}","templated":true}]}}