{"id":19842,"date":"2014-10-07T13:10:48","date_gmt":"2014-10-07T13:10:48","guid":{"rendered":"http:\/\/www.prestigemag.co\/2014\/10\/salon-du-livre-francophone-de-beyrouth-2014\/"},"modified":"2014-10-07T13:10:48","modified_gmt":"2014-10-07T13:10:48","slug":"salon-du-livre-francophone-de-beyrouth-2014","status":"publish","type":"post","link":"https:\/\/www.prestigemag.co\/fr\/2014\/10\/salon-du-livre-francophone-de-beyrouth-2014\/","title":{"rendered":"Salon du livre francophone de Beyrouth 2014"},"content":{"rendered":"<p><a href=\"http:\/\/www.prestigemag.co\/wp-content\/uploads\/2014\/10\/Teaser-SDL2014-final-1.jpg\"><img src=\"data:image\/svg+xml,%3Csvg%20xmlns='http:\/\/www.w3.org\/2000\/svg'%20viewBox='0%200%2072%%20247'%3E%3C\/svg%3E\" class=\"zeen-lazy-load-base zeen-lazy-load alignnone size-large wp-image-3019\" data-lazy-src=\"http:\/\/www.prestigemag.co\/wp-content\/uploads\/2014\/10\/Teaser-SDL2014-final-1-729x1024.jpg\" alt=\"Teaser SDL2014-final-1\" width=\"72%\" data-lazy-srcset=\"https:\/\/www.prestigemag.co\/wp-content\/uploads\/2014\/10\/Teaser-SDL2014-final-1-729x1024.jpg 729w, https:\/\/www.prestigemag.co\/wp-content\/uploads\/2014\/10\/Teaser-SDL2014-final-1-213x300.jpg 213w, https:\/\/www.prestigemag.co\/wp-content\/uploads\/2014\/10\/Teaser-SDL2014-final-1-106x150.jpg 106w, https:\/\/www.prestigemag.co\/wp-content\/uploads\/2014\/10\/Teaser-SDL2014-final-1-267x375.jpg 267w, https:\/\/www.prestigemag.co\/wp-content\/uploads\/2014\/10\/Teaser-SDL2014-final-1-89x125.jpg 89w, https:\/\/www.prestigemag.co\/wp-content\/uploads\/2014\/10\/Teaser-SDL2014-final-1-47x67.jpg 47w, https:\/\/www.prestigemag.co\/wp-content\/uploads\/2014\/10\/Teaser-SDL2014-final-1.jpg 912w\" data-lazy-sizes=\"(max-width: 729px) 100vw, 729px\" \/><noscript><img class=\"alignnone size-large wp-image-3019\" src=\"http:\/\/www.prestigemag.co\/wp-content\/uploads\/2014\/10\/Teaser-SDL2014-final-1-729x1024.jpg\" alt=\"Teaser SDL2014-final-1\" width=\"72%\" srcset=\"https:\/\/www.prestigemag.co\/wp-content\/uploads\/2014\/10\/Teaser-SDL2014-final-1-729x1024.jpg 729w, https:\/\/www.prestigemag.co\/wp-content\/uploads\/2014\/10\/Teaser-SDL2014-final-1-213x300.jpg 213w, https:\/\/www.prestigemag.co\/wp-content\/uploads\/2014\/10\/Teaser-SDL2014-final-1-106x150.jpg 106w, https:\/\/www.prestigemag.co\/wp-content\/uploads\/2014\/10\/Teaser-SDL2014-final-1-267x375.jpg 267w, https:\/\/www.prestigemag.co\/wp-content\/uploads\/2014\/10\/Teaser-SDL2014-final-1-89x125.jpg 89w, https:\/\/www.prestigemag.co\/wp-content\/uploads\/2014\/10\/Teaser-SDL2014-final-1-47x67.jpg 47w, https:\/\/www.prestigemag.co\/wp-content\/uploads\/2014\/10\/Teaser-SDL2014-final-1.jpg 912w\" sizes=\"(max-width: 729px) 100vw, 729px\" \/><\/noscript><\/a><\/p>\n<p>&nbsp;<\/p>\n<p>Salon francophone du livre de Beyrouth 2014.<\/p>\n<p>Du 31 Octobre au 9 Novembre de 10h \u00e0 21h.<\/p>\n<p>Il y a une vingtaine d\u2019ann\u00e9es, le salon francophone du livre de Beyrouth d\u00e9marrait \u00e0 l\u2019initiative de L\u2019Ambassade de France. Cette manifestation n\u2019a cess\u00e9 de prendre de l\u2019ampleur \u00e0 travers les ann\u00e9es, gr\u00e2ce au dynamisme de tous les partenaires, dont le Syndicat des importateurs du livre au Liban qui s\u2019occupe de l\u2019organisation du salon. Cette exposition a confirm\u00e9 sa position phare dans la vie culturelle libanaise, elle inclut un large programme de conf\u00e9rences et de rencontres avec des auteurs \u00e9trangers qui viennent sp\u00e9cialement participer aux d\u00e9bats. L\u2019ann\u00e9e pass\u00e9e a accueilli l\u2019\u00e9crivain Libanais Amin Maalouf ainsi que la prestigieuse Acad\u00e9mie Fran\u00e7aise. Cette ann\u00e9e, le salon se place sous le th\u00e8me \u00abDes mots, des histoires\u00bb. Les histoires, ce sont celles que les romanciers \u00e9crivent et qui enrichissent l\u2019univers de chacun, mais aussi dans le sens le plus large du terme qui englobe une \u00abhistoire globale\u00bb, des communaut\u00e9s, des nations\u2026<\/p>\n<p>Soyons au rendez-vous. Prestige sera pr\u00e9sent\u2026<\/p>\n<p>&nbsp;<\/p>\n","protected":false},"excerpt":{"rendered":"<p>&nbsp; Salon francophone du livre de Beyrouth 2014. Du 31 Octobre au 9 Novembre de 10h \u00e0 21h. Il y a une vingtaine d\u2019ann\u00e9es, le salon francophone du livre de Beyrouth d\u00e9marrait \u00e0 l\u2019initiative de L\u2019Ambassade de France. Cette manifestation n\u2019a cess\u00e9 de prendre de l\u2019ampleur \u00e0 travers les ann\u00e9es, gr\u00e2ce au dynamisme de tous les partenaires, dont le Syndicat des importateurs du livre au Liban qui s\u2019occupe de l\u2019organisation du salon. Cette exposition a confirm\u00e9 sa position phare dans [&hellip;]<\/p>\n","protected":false},"author":3,"featured_media":0,"comment_status":"closed","ping_status":"closed","sticky":false,"template":"","format":"standard","meta":[],"categories":[13333,13360],"tags":[],"yoast_head":"<!-- This site is optimized with the Yoast SEO plugin v19.4 - https:\/\/yoast.com\/wordpress\/plugins\/seo\/ -->\n<title>Salon du livre francophone de Beyrouth 2014 - Prestige Magazine<\/title>\n<meta name=\"description\" content=\"&nbsp; Salon francophone du livre de Beyrouth 2014. Du 31 Octobre au 9 Novembre de 10h \u00e0 21h. Il y a une vingtaine d\u2019ann\u00e9es, le salon francophone du livre\" \/>\n<meta name=\"robots\" content=\"index, follow, max-snippet:-1, max-image-preview:large, max-video-preview:-1\" \/>\n<link rel=\"canonical\" href=\"https:\/\/www.prestigemag.co\/fr\/2014\/10\/salon-du-livre-francophone-de-beyrouth-2014\/\" \/>\n<meta property=\"og:locale\" content=\"fr_FR\" \/>\n<meta property=\"og:type\" content=\"article\" \/>\n<meta property=\"og:title\" content=\"Salon du livre francophone de Beyrouth 2014 - Prestige Magazine\" \/>\n<meta property=\"og:description\" content=\"&nbsp; Salon francophone du livre de Beyrouth 2014. Du 31 Octobre au 9 Novembre de 10h \u00e0 21h. Il y a une vingtaine d\u2019ann\u00e9es, le salon francophone du livre\" \/>\n<meta property=\"og:url\" content=\"https:\/\/www.prestigemag.co\/fr\/2014\/10\/salon-du-livre-francophone-de-beyrouth-2014\/\" \/>\n<meta property=\"og:site_name\" content=\"Prestige Magazine\" \/>\n<meta property=\"article:publisher\" content=\"https:\/\/www.facebook.com\/prestigemag.co\/\" \/>\n<meta property=\"article:published_time\" content=\"2014-10-07T13:10:48+00:00\" \/>\n<meta property=\"og:image\" content=\"http:\/\/www.prestigemag.co\/wp-content\/uploads\/2014\/10\/Teaser-SDL2014-final-1-729x1024.jpg\" \/>\n<meta name=\"author\" content=\"prestige\" \/>\n<meta name=\"twitter:card\" content=\"summary\" \/>\n<meta name=\"twitter:label1\" content=\"\u00c9crit par\" \/>\n\t<meta name=\"twitter:data1\" content=\"prestige\" \/>\n\t<meta name=\"twitter:label2\" content=\"Dur\u00e9e de lecture estim\u00e9e\" \/>\n\t<meta name=\"twitter:data2\" content=\"1 minute\" \/>\n<script type=\"application\/ld+json\" class=\"yoast-schema-graph\">{\"@context\":\"https:\/\/schema.org\",\"@graph\":[{\"@type\":\"Organization\",\"@id\":\"https:\/\/www.prestigemag.co\/#organization\",\"name\":\"Prestige\",\"url\":\"https:\/\/www.prestigemag.co\/\",\"sameAs\":[\"https:\/\/www.instagram.com\/prestige.mag\/\",\"https:\/\/www.facebook.com\/prestigemag.co\/\"],\"logo\":{\"@type\":\"ImageObject\",\"inLanguage\":\"fr-FR\",\"@id\":\"https:\/\/www.prestigemag.co\/#\/schema\/logo\/image\/\",\"url\":\"https:\/\/www.prestigemag.co\/wp-content\/uploads\/2021\/11\/logo-Prestige-800x200-1.png\",\"contentUrl\":\"https:\/\/www.prestigemag.co\/wp-content\/uploads\/2021\/11\/logo-Prestige-800x200-1.png\",\"width\":800,\"height\":200,\"caption\":\"Prestige\"},\"image\":{\"@id\":\"https:\/\/www.prestigemag.co\/#\/schema\/logo\/image\/\"}},{\"@type\":\"WebSite\",\"@id\":\"https:\/\/www.prestigemag.co\/#website\",\"url\":\"https:\/\/www.prestigemag.co\/\",\"name\":\"Prestige Magazine\",\"description\":\"Le Monde Des C\u00e9l\u00e9brit\u00e9s\",\"publisher\":{\"@id\":\"https:\/\/www.prestigemag.co\/#organization\"},\"potentialAction\":[{\"@type\":\"SearchAction\",\"target\":{\"@type\":\"EntryPoint\",\"urlTemplate\":\"https:\/\/www.prestigemag.co\/?s={search_term_string}\"},\"query-input\":\"required name=search_term_string\"}],\"inLanguage\":\"fr-FR\"},{\"@type\":\"WebPage\",\"@id\":\"https:\/\/www.prestigemag.co\/fr\/2014\/10\/salon-du-livre-francophone-de-beyrouth-2014\/\",\"url\":\"https:\/\/www.prestigemag.co\/fr\/2014\/10\/salon-du-livre-francophone-de-beyrouth-2014\/\",\"name\":\"Salon du livre francophone de Beyrouth 2014 - Prestige Magazine\",\"isPartOf\":{\"@id\":\"https:\/\/www.prestigemag.co\/#website\"},\"datePublished\":\"2014-10-07T13:10:48+00:00\",\"dateModified\":\"2014-10-07T13:10:48+00:00\",\"description\":\"&nbsp; Salon francophone du livre de Beyrouth 2014. Du 31 Octobre au 9 Novembre de 10h \u00e0 21h. Il y a une vingtaine d\u2019ann\u00e9es, le salon francophone du livre\",\"breadcrumb\":{\"@id\":\"https:\/\/www.prestigemag.co\/fr\/2014\/10\/salon-du-livre-francophone-de-beyrouth-2014\/#breadcrumb\"},\"inLanguage\":\"fr-FR\",\"potentialAction\":[{\"@type\":\"ReadAction\",\"target\":[\"https:\/\/www.prestigemag.co\/fr\/2014\/10\/salon-du-livre-francophone-de-beyrouth-2014\/\"]}]},{\"@type\":\"BreadcrumbList\",\"@id\":\"https:\/\/www.prestigemag.co\/fr\/2014\/10\/salon-du-livre-francophone-de-beyrouth-2014\/#breadcrumb\",\"itemListElement\":[{\"@type\":\"ListItem\",\"position\":1,\"name\":\"Home\",\"item\":\"https:\/\/www.prestigemag.co\/fr\/\"},{\"@type\":\"ListItem\",\"position\":2,\"name\":\"Salon du livre francophone de Beyrouth 2014\"}]},{\"@type\":\"Article\",\"@id\":\"https:\/\/www.prestigemag.co\/fr\/2014\/10\/salon-du-livre-francophone-de-beyrouth-2014\/#article\",\"isPartOf\":{\"@id\":\"https:\/\/www.prestigemag.co\/fr\/2014\/10\/salon-du-livre-francophone-de-beyrouth-2014\/\"},\"author\":{\"name\":\"prestige\",\"@id\":\"https:\/\/www.prestigemag.co\/#\/schema\/person\/e3f149368970128d68bb2d797bf30fbc\"},\"headline\":\"Salon du livre francophone de Beyrouth 2014\",\"datePublished\":\"2014-10-07T13:10:48+00:00\",\"dateModified\":\"2014-10-07T13:10:48+00:00\",\"mainEntityOfPage\":{\"@id\":\"https:\/\/www.prestigemag.co\/fr\/2014\/10\/salon-du-livre-francophone-de-beyrouth-2014\/\"},\"wordCount\":197,\"publisher\":{\"@id\":\"https:\/\/www.prestigemag.co\/#organization\"},\"articleSection\":[\"\u00c9v\u00e9nements\",\"Inauguration\"],\"inLanguage\":\"fr-FR\"},{\"@type\":\"Person\",\"@id\":\"https:\/\/www.prestigemag.co\/#\/schema\/person\/e3f149368970128d68bb2d797bf30fbc\",\"name\":\"prestige\",\"image\":{\"@type\":\"ImageObject\",\"inLanguage\":\"fr-FR\",\"@id\":\"https:\/\/www.prestigemag.co\/#\/schema\/person\/image\/\",\"url\":\"https:\/\/secure.gravatar.com\/avatar\/0aa2dff5484d35e50578639a2c3ccef9?s=96&d=mm&r=g\",\"contentUrl\":\"https:\/\/secure.gravatar.com\/avatar\/0aa2dff5484d35e50578639a2c3ccef9?s=96&d=mm&r=g\",\"caption\":\"prestige\"},\"url\":\"https:\/\/www.prestigemag.co\/fr\/author\/prestige\/\"}]}<\/script>\n<!-- \/ Yoast SEO plugin. -->","yoast_head_json":{"title":"Salon du livre francophone de Beyrouth 2014 - Prestige Magazine","description":"&nbsp; Salon francophone du livre de Beyrouth 2014. Du 31 Octobre au 9 Novembre de 10h \u00e0 21h. Il y a une vingtaine d\u2019ann\u00e9es, le salon francophone du livre","robots":{"index":"index","follow":"follow","max-snippet":"max-snippet:-1","max-image-preview":"max-image-preview:large","max-video-preview":"max-video-preview:-1"},"canonical":"https:\/\/www.prestigemag.co\/fr\/2014\/10\/salon-du-livre-francophone-de-beyrouth-2014\/","og_locale":"fr_FR","og_type":"article","og_title":"Salon du livre francophone de Beyrouth 2014 - Prestige Magazine","og_description":"&nbsp; Salon francophone du livre de Beyrouth 2014. Du 31 Octobre au 9 Novembre de 10h \u00e0 21h. Il y a une vingtaine d\u2019ann\u00e9es, le salon francophone du livre","og_url":"https:\/\/www.prestigemag.co\/fr\/2014\/10\/salon-du-livre-francophone-de-beyrouth-2014\/","og_site_name":"Prestige Magazine","article_publisher":"https:\/\/www.facebook.com\/prestigemag.co\/","article_published_time":"2014-10-07T13:10:48+00:00","og_image":[{"url":"http:\/\/www.prestigemag.co\/wp-content\/uploads\/2014\/10\/Teaser-SDL2014-final-1-729x1024.jpg"}],"author":"prestige","twitter_card":"summary","twitter_misc":{"\u00c9crit par":"prestige","Dur\u00e9e de lecture estim\u00e9e":"1 minute"},"schema":{"@context":"https:\/\/schema.org","@graph":[{"@type":"Organization","@id":"https:\/\/www.prestigemag.co\/#organization","name":"Prestige","url":"https:\/\/www.prestigemag.co\/","sameAs":["https:\/\/www.instagram.com\/prestige.mag\/","https:\/\/www.facebook.com\/prestigemag.co\/"],"logo":{"@type":"ImageObject","inLanguage":"fr-FR","@id":"https:\/\/www.prestigemag.co\/#\/schema\/logo\/image\/","url":"https:\/\/www.prestigemag.co\/wp-content\/uploads\/2021\/11\/logo-Prestige-800x200-1.png","contentUrl":"https:\/\/www.prestigemag.co\/wp-content\/uploads\/2021\/11\/logo-Prestige-800x200-1.png","width":800,"height":200,"caption":"Prestige"},"image":{"@id":"https:\/\/www.prestigemag.co\/#\/schema\/logo\/image\/"}},{"@type":"WebSite","@id":"https:\/\/www.prestigemag.co\/#website","url":"https:\/\/www.prestigemag.co\/","name":"Prestige Magazine","description":"Le Monde Des C\u00e9l\u00e9brit\u00e9s","publisher":{"@id":"https:\/\/www.prestigemag.co\/#organization"},"potentialAction":[{"@type":"SearchAction","target":{"@type":"EntryPoint","urlTemplate":"https:\/\/www.prestigemag.co\/?s={search_term_string}"},"query-input":"required name=search_term_string"}],"inLanguage":"fr-FR"},{"@type":"WebPage","@id":"https:\/\/www.prestigemag.co\/fr\/2014\/10\/salon-du-livre-francophone-de-beyrouth-2014\/","url":"https:\/\/www.prestigemag.co\/fr\/2014\/10\/salon-du-livre-francophone-de-beyrouth-2014\/","name":"Salon du livre francophone de Beyrouth 2014 - Prestige Magazine","isPartOf":{"@id":"https:\/\/www.prestigemag.co\/#website"},"datePublished":"2014-10-07T13:10:48+00:00","dateModified":"2014-10-07T13:10:48+00:00","description":"&nbsp; Salon francophone du livre de Beyrouth 2014. Du 31 Octobre au 9 Novembre de 10h \u00e0 21h. Il y a une vingtaine d\u2019ann\u00e9es, le salon francophone du livre","breadcrumb":{"@id":"https:\/\/www.prestigemag.co\/fr\/2014\/10\/salon-du-livre-francophone-de-beyrouth-2014\/#breadcrumb"},"inLanguage":"fr-FR","potentialAction":[{"@type":"ReadAction","target":["https:\/\/www.prestigemag.co\/fr\/2014\/10\/salon-du-livre-francophone-de-beyrouth-2014\/"]}]},{"@type":"BreadcrumbList","@id":"https:\/\/www.prestigemag.co\/fr\/2014\/10\/salon-du-livre-francophone-de-beyrouth-2014\/#breadcrumb","itemListElement":[{"@type":"ListItem","position":1,"name":"Home","item":"https:\/\/www.prestigemag.co\/fr\/"},{"@type":"ListItem","position":2,"name":"Salon du livre francophone de Beyrouth 2014"}]},{"@type":"Article","@id":"https:\/\/www.prestigemag.co\/fr\/2014\/10\/salon-du-livre-francophone-de-beyrouth-2014\/#article","isPartOf":{"@id":"https:\/\/www.prestigemag.co\/fr\/2014\/10\/salon-du-livre-francophone-de-beyrouth-2014\/"},"author":{"name":"prestige","@id":"https:\/\/www.prestigemag.co\/#\/schema\/person\/e3f149368970128d68bb2d797bf30fbc"},"headline":"Salon du livre francophone de Beyrouth 2014","datePublished":"2014-10-07T13:10:48+00:00","dateModified":"2014-10-07T13:10:48+00:00","mainEntityOfPage":{"@id":"https:\/\/www.prestigemag.co\/fr\/2014\/10\/salon-du-livre-francophone-de-beyrouth-2014\/"},"wordCount":197,"publisher":{"@id":"https:\/\/www.prestigemag.co\/#organization"},"articleSection":["\u00c9v\u00e9nements","Inauguration"],"inLanguage":"fr-FR"},{"@type":"Person","@id":"https:\/\/www.prestigemag.co\/#\/schema\/person\/e3f149368970128d68bb2d797bf30fbc","name":"prestige","image":{"@type":"ImageObject","inLanguage":"fr-FR","@id":"https:\/\/www.prestigemag.co\/#\/schema\/person\/image\/","url":"https:\/\/secure.gravatar.com\/avatar\/0aa2dff5484d35e50578639a2c3ccef9?s=96&d=mm&r=g","contentUrl":"https:\/\/secure.gravatar.com\/avatar\/0aa2dff5484d35e50578639a2c3ccef9?s=96&d=mm&r=g","caption":"prestige"},"url":"https:\/\/www.prestigemag.co\/fr\/author\/prestige\/"}]}},"_links":{"self":[{"href":"https:\/\/www.prestigemag.co\/fr\/wp-json\/wp\/v2\/posts\/19842"}],"collection":[{"href":"https:\/\/www.prestigemag.co\/fr\/wp-json\/wp\/v2\/posts"}],"about":[{"href":"https:\/\/www.prestigemag.co\/fr\/wp-json\/wp\/v2\/types\/post"}],"author":[{"embeddable":true,"href":"https:\/\/www.prestigemag.co\/fr\/wp-json\/wp\/v2\/users\/3"}],"replies":[{"embeddable":true,"href":"https:\/\/www.prestigemag.co\/fr\/wp-json\/wp\/v2\/comments?post=19842"}],"version-history":[{"count":0,"href":"https:\/\/www.prestigemag.co\/fr\/wp-json\/wp\/v2\/posts\/19842\/revisions"}],"wp:attachment":[{"href":"https:\/\/www.prestigemag.co\/fr\/wp-json\/wp\/v2\/media?parent=19842"}],"wp:term":[{"taxonomy":"category","embeddable":true,"href":"https:\/\/www.prestigemag.co\/fr\/wp-json\/wp\/v2\/categories?post=19842"},{"taxonomy":"post_tag","embeddable":true,"href":"https:\/\/www.prestigemag.co\/fr\/wp-json\/wp\/v2\/tags?post=19842"}],"curies":[{"name":"wp","href":"https:\/\/api.w.org\/{rel}","templated":true}]}}