{"id":19889,"date":"2014-10-21T12:34:01","date_gmt":"2014-10-21T12:34:01","guid":{"rendered":"http:\/\/www.prestigemag.co\/2014\/10\/amine-gemayel\/"},"modified":"2014-10-21T12:34:01","modified_gmt":"2014-10-21T12:34:01","slug":"amine-gemayel","status":"publish","type":"post","link":"https:\/\/www.prestigemag.co\/fr\/2014\/10\/amine-gemayel\/","title":{"rendered":"Amine Gemayel"},"content":{"rendered":"<p>&nbsp;<\/p>\n<address>Prestige N\u00b0 100, Septembre 2001<\/address>\n<address>\u00a0<\/address>\n<address>\u00a0<\/address>\n<h2>Le pass\u00e9 en revue pour une vision du futur<\/h2>\n<h2><\/h2>\n<h3>Pour mieux percevoir les choses, il faut les regarder de loin\u2026 Egal \u00e0 lui-m\u00eame, avec ce plus, cette force tranquille que seule forge l\u2019\u00e9preuve, le verbe facile, toujours aussi \u00e9loquent, souvent \u00e9mouvant, quand il s\u2019\u00e9tend sur les pages du pass\u00e9, le personnage n\u2019en reste pas moins insaisissable. Le plus intellectuel des politiques et le plus politique des intellectuels, chef d\u2019Etat, homme de toutes les controverses, n\u2019en reste pas moins ma\u00eetre de sa situation. Percer l\u2019\u00e9nigme d\u2019Amine Gemayel tient sans doute du v\u00e9ritable exploit, m\u00eame quand il met cartes sur table. Puis jongle avec les questions. Avec \u00e9rudition<\/h3>\n<h3><\/h3>\n<p><a href=\"http:\/\/www.prestigemag.co\/wp-content\/uploads\/2014\/10\/Amine-Gemayel-final.jpg\"><img src=\"data:image\/svg+xml,%3Csvg%20xmlns='http:\/\/www.w3.org\/2000\/svg'%20viewBox='0%200%2082%%20247'%3E%3C\/svg%3E\" class=\"zeen-lazy-load-base zeen-lazy-load alignnone size-full wp-image-4366\" data-lazy-src=\"http:\/\/www.prestigemag.co\/wp-content\/uploads\/2014\/10\/Amine-Gemayel-final.jpg\" alt=\"Amine Gemayel final\" width=\"82%\" data-lazy-srcset=\"https:\/\/www.prestigemag.co\/wp-content\/uploads\/2014\/10\/Amine-Gemayel-final.jpg 827w, https:\/\/www.prestigemag.co\/wp-content\/uploads\/2014\/10\/Amine-Gemayel-final-300x188.jpg 300w, https:\/\/www.prestigemag.co\/wp-content\/uploads\/2014\/10\/Amine-Gemayel-final-150x94.jpg 150w, https:\/\/www.prestigemag.co\/wp-content\/uploads\/2014\/10\/Amine-Gemayel-final-600x375.jpg 600w, https:\/\/www.prestigemag.co\/wp-content\/uploads\/2014\/10\/Amine-Gemayel-final-200x125.jpg 200w, https:\/\/www.prestigemag.co\/wp-content\/uploads\/2014\/10\/Amine-Gemayel-final-107x67.jpg 107w\" data-lazy-sizes=\"(max-width: 827px) 100vw, 827px\" \/><noscript><img class=\"alignnone size-full wp-image-4366\" src=\"http:\/\/www.prestigemag.co\/wp-content\/uploads\/2014\/10\/Amine-Gemayel-final.jpg\" alt=\"Amine Gemayel final\" width=\"82%\" srcset=\"https:\/\/www.prestigemag.co\/wp-content\/uploads\/2014\/10\/Amine-Gemayel-final.jpg 827w, https:\/\/www.prestigemag.co\/wp-content\/uploads\/2014\/10\/Amine-Gemayel-final-300x188.jpg 300w, https:\/\/www.prestigemag.co\/wp-content\/uploads\/2014\/10\/Amine-Gemayel-final-150x94.jpg 150w, https:\/\/www.prestigemag.co\/wp-content\/uploads\/2014\/10\/Amine-Gemayel-final-600x375.jpg 600w, https:\/\/www.prestigemag.co\/wp-content\/uploads\/2014\/10\/Amine-Gemayel-final-200x125.jpg 200w, https:\/\/www.prestigemag.co\/wp-content\/uploads\/2014\/10\/Amine-Gemayel-final-107x67.jpg 107w\" sizes=\"(max-width: 827px) 100vw, 827px\" \/><\/noscript><\/a><\/p>\n<p>\u00a9 Prestige \/ J-C Bejjani<\/p>\n<p>&nbsp;<\/p>\n<p><span style=\"font-style: italic;\">La maturit\u00e9 tranquille, l&rsquo;esprit alerte d&rsquo;une \u00e9ternelle jeunesse.\u00a0\u00abAncien\u00bb chef d&rsquo;Etat \u00e0 46 ans, Amine Gemayel a\u00a0\u00abplus d&rsquo;une corde \u00e0 son arc\u00bb<\/span><\/p>\n<address>\u00a0\u00a0<\/address>\n<p><strong>Vot<\/strong><strong>re <\/strong><strong>p\u00e8re, homme de l&rsquo;Ind\u00e9pend<\/strong><strong>a<\/strong><strong>nce<\/strong><strong>, <\/strong><strong>avait <\/strong><strong>un <\/strong><strong>r\u00f4le in<\/strong><strong>fl<\/strong><strong>ue<\/strong><strong>nt <\/strong><strong>sur le plan national. Etai<\/strong><strong>t-il <\/strong><strong>facile de <\/strong><strong>g\u00e9rer vos<\/strong><strong>rela<\/strong><strong>ti<\/strong><strong>on<\/strong><strong>s <\/strong><strong>avec une personnalit\u00e9 <\/strong><strong>d<\/strong><strong>&lsquo;<\/strong><strong>u<\/strong><strong>n<\/strong><strong>e <\/strong><strong>telle envergure?<\/strong>Une telle notori\u00e9t\u00e9 sur le plan national est parfois inversement proportionnelle \u00e0 l&rsquo;influence au sein de la famille. Mon p\u00e8re \u00e9tait si impliqu\u00e9 dans la vie nationale qu&rsquo;il \u00e9tait souvent absent. Ma m\u00e8re g\u00e9rait la famille. Mon p\u00e8re \u00e9tait tr\u00e8s absorb\u00e9 par ses obligations: d&rsquo;abord, la fondation du parti en 1936, puis les grands d\u00e9fis auxquels le parti devait faire face. A partir de 1959, il devenait incontournable lors de la formation des gouvernements. D&rsquo;ailleurs, il est d\u00e9c\u00e9d\u00e9 en ao\u00fbt 1984 en pleine s\u00e9ance du Conseil des ministres. En 1958, avec le gouvernement des Quatre, constitu\u00e9 de Hage Hussein el Oueini, Rachid Karam\u00e9, Raymond Edd\u00e9 et mon p\u00e8re, chaque ministre avait \u00e0 sa charge quatre portefeuilles, vous comprenez qu&rsquo;avec un seul minist\u00e8re, on est d\u00e9j\u00e0 d\u00e9bord\u00e9, que serait-ce avec quatre!<\/p>\n<p><strong>Votr<\/strong><strong>e <\/strong><strong>m\u00e8<\/strong><strong>re omnipr\u00e9sente, a <\/strong><strong>d<\/strong><strong>onc <\/strong><strong>jou\u00e9 <\/strong><strong>un <\/strong><strong>r\u00f4le important <\/strong><strong>d<\/strong><strong>a<\/strong><strong>n<\/strong><strong>s v<\/strong><strong>ot<\/strong><strong>re vie<\/strong><strong>.<\/strong>Ma m\u00e8re est une femme exceptionnelle. Elle est peintre et graveur, et a r\u00e9alis\u00e9 de tr\u00e8s belles toiles que nous gardons encore. Le grand peintre C\u00e9sar Gemayel, un cousin lointain, lui avait donn\u00e9 quelques cours, et fait son portrait. Elle est pianiste et nous jouait il n&rsquo;y a pas si longtemps encore, des morceaux de Liszt et Chopin &#8230;<\/p>\n<p>Elle est po\u00e8te, femme d&rsquo;une grande culture et il ne s&rsquo;agit pas l\u00e0 d&rsquo;une appr\u00e9ciation personnelle.<\/p>\n<p>Outre ses talents, c&rsquo;est une dame d&rsquo;une grande g\u00e9n\u00e9rosit\u00e9, d&rsquo;une ouverture &#8230; Pour pouvoir supporter les frustrations de la politique et le caract\u00e8re de mon p\u00e8re qui n&rsquo;\u00e9tait pas tr\u00e8s facile. Le mari toujours absent, elle portait seule toutes les responsabilit\u00e9sde la famille. Nous \u00e9tions six enfants, les ressources de la famille \u00e9tant limit\u00e9es, ma m\u00e8re se tirait d&rsquo;affaire avec les moyens de bord.<\/p>\n<p>L&rsquo;essentiel c&rsquo;est que cette femme avait autant conscience de sa valeur qu&rsquo;elle \u00e9tait discr\u00e8te.<\/p>\n<p><strong>Est-ce vrai que vous \u00e9tiez son fils pr\u00e9f\u00e9r\u00e9?<\/strong>C&rsquo;est vrai qu&rsquo;elle avait une affection particuli\u00e8re pour moi. C\u00f4t\u00e9 affinit\u00e9s, j&rsquo;\u00e9tais le plus proche d&rsquo;elle, sur le plan artiste et un peu boh\u00e8me. Mais elle avait autant d&rsquo;attachement pour Bachir et mes s\u0153urs &#8230;<\/p>\n<p><strong>Votre m\u00e8re est n\u00e9e Gemayel. Etait-elle apparent\u00e9e <\/strong><strong>\u00e0 <\/strong><strong>votrep\u00e8re?<\/strong>Mon p\u00e8re et ma m\u00e8re \u00e9taient cousins, mon grand-p\u00e8re maternel Elias Gemayel vivait en Egypte avec sa famille et s&rsquo;occupait de la culture du tabac et du coton \u00e0 Mansourah, non loin d&rsquo;Alexandrie. Ils y \u00e9taient install\u00e9s mais venaient passer l&rsquo;\u00e9t\u00e9 \u00e0 Bickfaya \u00e0 la demeure familiale o\u00f9 vivait mon oncle Maurice. C&rsquo;est au Liban que mes parents se sont connus.<\/p>\n<p><strong>Pierre Gemayel n&rsquo;a donc jamais v\u00e9cu en Egypte? <\/strong>Mon grand-p\u00e8re Amine et son fr\u00e8re Youssef, patriotes et r\u00e9volutionnaires, faisaient partie d&rsquo;un groupe de nationalistes militant contre l&#8217;empire ottoman. Cheikh Youssef avait une pharmacie \u00e0 la Place des Canons. La pharmacie face<\/p>\n<p>au cin\u00e9ma Empire, avait une position id\u00e9ale pour les r\u00e9unions clandestines, \u00e0 mi-chemin entre Basta et Gemmayz\u00e9. Denise Ammoun raconte dans l&rsquo;un de ses livres comment cette pharmacie \u00e9tait devenue le centre de la r\u00e9bellion mais les Ottomans avaient eu vent de la machination et s&rsquo;appr\u00eataient \u00e0 arr\u00eater les deux fr\u00e8res. Mon grand-p\u00e8re inform\u00e9, a pris la fuite.<\/p>\n<p>Il s&#8217;embarqua en compagnie de Cheikh Youssef pour l&rsquo;Egypte. C\u2019\u00e9tait en 1914. Mon p\u00e8re avait alors neuf ans. Cinq ans plus tard, ils sont retourn\u00e9s au Liban \u00e0 bord d&rsquo;un croiseur fran\u00e7ais. La France souhaitait que Yousef et Amine Gemayel participent aux n\u00e9gociations sur l&rsquo;avenir du Liban. C&rsquo;est \u00e0 ce titre que Youssef a accompagn\u00e9 le pariarche Elias Howayek \u00e0 la conf\u00e9rence de Versailles en 1919.<\/p>\n<p><strong>V<\/strong><strong>os oncles maternels \u00e9taient <\/strong><strong>au<\/strong><strong>sssi <\/strong><strong>des figures remarquables du Liban chacun en son domaine<\/strong><em>. <\/em>Il y a d&rsquo;abord Alfred Gemayel, fr\u00e8re de ma m\u00e8re, qui a v\u00e9cu longtemps \u00e0 ses c\u00f4t\u00e9s. Alfred \u00e9tait un jeune industriel tr\u00e8s dou\u00e9. Dans les ann\u00e9es 20; i1 avait d\u00e9pos\u00e9 en France un brevet pour le pneu \u00e0 compartiment appel\u00e9 aujourd&rsquo;hui <em>tub<\/em><em>e<\/em><em>l<\/em><em>ess<\/em><em>. <\/em>Il avait eu une crevaison et imagin\u00e9 la mani\u00e8re d&rsquo;y rem\u00e9dier. C&rsquo;est lui qui a d&rsquo;ailleurs entra\u00een\u00e9 ma m\u00e8re \u00e0 l&rsquo;a\u00e9roclub d&rsquo;Alexandrie. Ma m\u00e8re est ainsi devenue le premier pilote femme d&rsquo;Egypte. Maurice Gemayel \u00e9tait un visionnaire, pr\u00e9occup\u00e9 par les probl\u00e8mes de d\u00e9veloppement. Il a \u00e9t\u00e9 \u00e9lu pr\u00e9sident de la FAO malgr\u00e9 le veto du gouvernement libanais: \u00e0 l&rsquo;\u00e9poque, le ministre des Affaires \u00e9trang\u00e8res craignait que la notori\u00e9t\u00e9 de Maurice Gemayel ne fasse de l&rsquo;ombre \u00e0 sa candidature \u00e0 la Pr\u00e9sidence de la R\u00e9publique. La FAO l&rsquo;a quand m\u00eame impos\u00e9 pour ses projets d&rsquo;avant-garde.<\/p>\n<p><strong>L<\/strong><strong>e <\/strong><strong>fr\u00e8re de votre p\u00e8re, Gabriel Gemayel, n&rsquo;avait-il pas d&rsquo;ambition politique?\u00a0<\/strong>Non, il \u00e9tait plut\u00f4t orient\u00e9 vers le sport et pr\u00e9sidait le Comit\u00e9 Olympique Libanais. Membre actif et efficace du Comit\u00e9 Olympique International, il a \u00e9t\u00e9 m\u00eame question qu&rsquo;il en devienne vice- pr\u00e9sident. Il a rendu de nombreux services au Liban. C&rsquo;est lui qui y a organis\u00e9 les premiers Jeux panarabes, et qui \u00e9tait \u00e0 l&rsquo;origine du projet de la Cit\u00e9 Sportive.<\/p>\n<p><strong>Entre la pharmacie et la po<\/strong><strong>li<\/strong><strong>tique, il y a tout un monde<\/strong><strong>. <\/strong><strong>Comment votre p\u00e8re a-<\/strong><strong>t-il <\/strong><strong>effectu\u00e9 la transition?<\/strong>Mon p\u00e8re \u00e9tait pharmacien, mon oncle chocolatier mais toutes les propri\u00e9t\u00e9s \u00e9taient en commun, et si je mentionne cette usine de chocolat, c&rsquo;est qu&rsquo;elle a jou\u00e9 un r\u00f4le significatif dans la vie de mon p\u00e8re: il se rendait souvent en Palestine pour ses affaires et c&rsquo;est ainsi qu&rsquo;il a pris contact et se lia d&rsquo;amiti\u00e9 avec certains leaders palestiniens dont Hajj Amine Husseini, mufti de Palestine, devenu ensuite le chef du gouvernement palestinien en exil. Lorsqu&rsquo;il a quitt\u00e9 son pays, il s&rsquo;est install\u00e9 \u00e0 Mansourieh-Metn, un peu gr\u00e2ce \u00e0 mon p\u00e8re. Mon p\u00e8re g\u00e9ra sa pharmacie jusqu&rsquo;en 1958 puis commen\u00e7a \u00e0 faire de la politique. Mon oncle prit alors le relais.<\/p>\n<p><strong>Vous avez travaill\u00e9 tr\u00e8s jeu<\/strong><strong>n<\/strong><strong>e alors que vous poursuiviez vos \u00e9tudes?<\/strong>Je donnais des le\u00e7ons particuli\u00e8res alors que j&rsquo;\u00e9tais en classe de philo puis j&rsquo;ai enseign\u00e9 l&rsquo;histoire-g\u00e9o \u00e0 l&rsquo;Ecole du P\u00e8re Khalif\u00e9. De m\u00eame, durant mes quatre ann\u00e9es de Droit, et comme la pr\u00e9sence aux cours n&rsquo;\u00e9tait pas indispensable pour toutes les mati\u00e8res, j&rsquo;ai travaill\u00e9 au Conseil Ex\u00e9cutif des Grands Projets. J&rsquo;ai eu la chance de pouvoir, gr\u00e2ce \u00e0 mon travail, gagner mon argent de poche.<\/p>\n<p>Puisqu&rsquo;on \u00e9voque mon exp\u00e9rience au Conseil des Grands Projets, je tiens \u00e0 citer le nom de son pr\u00e9sident Fayez Ahdab, une personnalit\u00e9 hors pair et qui m&rsquo;a beaucoup marqu\u00e9. Je venais de mon cocon \u00e0 Bickfaya, lui \u00e9tait sunnite de Tripoli. J&rsquo;ai d\u00e9couvert en lui l&rsquo;\u00abautre\u00bb Liban, tr\u00e8s \u00e9difiant. C&rsquo;\u00e9tait pour moi l&rsquo;ouverture sur l&rsquo;Autre et les valeurs de l&rsquo;Autre. Le pr\u00e9sident Ahdab\u00a0\u00e9tait autant bon patriote que bon visionnaire. Je me souviens par exemple qu&rsquo;il avait impos\u00e9 \u00e0 tous les architectes participant aux concours et aux adjudications publiques, de veiller dans leurs projets \u00e0 pr\u00e9server l&rsquo;architecture libanaise. Et ils respectaient cette r\u00e8gle. Depuis, cette tradition a disparu de la construction d&rsquo;\u00e9difices publics ou priv\u00e9s. Il est n\u00e9cessaire d&rsquo;\u0153uvrer \u00e0 la pr\u00e9servation du patrimoine et de l&rsquo;architecture. Tout pays qui perd son \u00e2me se perd lui-m\u00eame, le patrimoine est&rsquo; une partie de notre \u00e2me.<\/p>\n<p><a href=\"http:\/\/www.prestigemag.co\/wp-content\/uploads\/2014\/10\/Amine-Gemayel0.jpg\"><img src=\"data:image\/svg+xml,%3Csvg%20xmlns='http:\/\/www.w3.org\/2000\/svg'%20viewBox='0%200%2045%%20247'%3E%3C\/svg%3E\" class=\"zeen-lazy-load-base zeen-lazy-load alignnone size-full wp-image-3194\" data-lazy-src=\"http:\/\/www.prestigemag.co\/wp-content\/uploads\/2014\/10\/Amine-Gemayel0.jpg\" alt=\"Amine Gemayel0\" width=\"45%\" data-lazy-srcset=\"https:\/\/www.prestigemag.co\/wp-content\/uploads\/2014\/10\/Amine-Gemayel0.jpg 456w, https:\/\/www.prestigemag.co\/wp-content\/uploads\/2014\/10\/Amine-Gemayel0-300x169.jpg 300w, https:\/\/www.prestigemag.co\/wp-content\/uploads\/2014\/10\/Amine-Gemayel0-150x84.jpg 150w, https:\/\/www.prestigemag.co\/wp-content\/uploads\/2014\/10\/Amine-Gemayel0-221x125.jpg 221w, https:\/\/www.prestigemag.co\/wp-content\/uploads\/2014\/10\/Amine-Gemayel0-118x67.jpg 118w\" data-lazy-sizes=\"(max-width: 456px) 100vw, 456px\" \/><noscript><img class=\"alignnone size-full wp-image-3194\" src=\"http:\/\/www.prestigemag.co\/wp-content\/uploads\/2014\/10\/Amine-Gemayel0.jpg\" alt=\"Amine Gemayel0\" width=\"45%\" srcset=\"https:\/\/www.prestigemag.co\/wp-content\/uploads\/2014\/10\/Amine-Gemayel0.jpg 456w, https:\/\/www.prestigemag.co\/wp-content\/uploads\/2014\/10\/Amine-Gemayel0-300x169.jpg 300w, https:\/\/www.prestigemag.co\/wp-content\/uploads\/2014\/10\/Amine-Gemayel0-150x84.jpg 150w, https:\/\/www.prestigemag.co\/wp-content\/uploads\/2014\/10\/Amine-Gemayel0-221x125.jpg 221w, https:\/\/www.prestigemag.co\/wp-content\/uploads\/2014\/10\/Amine-Gemayel0-118x67.jpg 118w\" sizes=\"(max-width: 456px) 100vw, 456px\" \/><\/noscript><\/a><\/p>\n<p>\u00a9 Archives Amine Gemayel<\/p>\n<address>\u00a0<\/address>\n<address>No\u00ebl \u00e0 Paris pour Amine et Joyce Gemayel, mari\u00e9s en 1967.<\/address>\n<address>\u00a0<\/address>\n<p>\u00abJ&rsquo;ai connu ma femme au berceau (rires). J&rsquo;\u00e9tais en Facult\u00e9 de Droit avec s\u0153ur, Hedy. Quand &lsquo;j&rsquo;allais&rsquo; chez elle pour, \u00e9tudier, &lsquo;il y avait sa jeune s\u0153ur, en tresses et Socquettesqui zieutait par la fente de la porte.J&rsquo;\u00e9taisen premi\u00e8re ann\u00e9e, elle avait16 ans.,Lorsqu&rsquo;on sortait en groupe-avec Hedy, Joyce \u00e9tait l\u00e0. Et peu \u00e0 peu la sympathie, l\u2019affection, l\u2019amour ont grandi. On est rest\u00e9s \u00abensemble\u00bb durant les quatre ann\u00e9es de droit. Une fois ma licence en poche, on s\u2019est fianc\u00e9s. Quand j\u2019ai termin\u00e9 mon stage, et que j\u2019ai pu subvenir \u00e0 nos moyens, on s\u2019est mari\u00e9s. C\u2019\u00e9tait en 1967, on est toujours aussi solidaires et amoureux l\u2019un de l\u2019autre que le premier jour. Ma femme, aussi intelligente que g\u00e9n\u00e9reuse, a toujours eu un jugement pertinent sur les gens et les situations.\u00bb<\/p>\n<p><strong>Avocat de c<\/strong><strong>arri\u00e8re<\/strong><strong>, <\/strong><strong>quand <\/strong><strong>avez-vous d<\/strong><strong>\u00e9but\u00e9?<\/strong>Je travaillais d\u00e9j\u00e0 en poursuivant mes \u00e9tudes de Droit. Je r\u00e9ussissais toujours mes examens. Puis j&rsquo;ai effectu\u00e9 un stage chez Fouad Boutros, et trois ans chez Albert Laham, ensuite j&rsquo;ai ouvert ma propre \u00e9tude, rue Clemenceau. Comme mon p\u00e8re \u00e9tait tr\u00e8s impliqu\u00e9 dans la politique, la plupart des clients qui fr\u00e9quentaient mon \u00e9tude comptaient sur mon influence politique davantage que sur le Droit lui-m\u00eame, j&rsquo;\u00e9tais frustr\u00e9 et je me suis plut\u00f4t orient\u00e9 vers le Droit lnternational, c&rsquo;est ainsi que j&rsquo;ai \u00e9t\u00e9 charg\u00e9 de certaines affaires juridiques \u00e0 l&rsquo;\u00e9tranger, notamment en Afrique. Lors de l&rsquo;incident du 13 avril 1975, l&rsquo;affaire de l&rsquo;autobus qui avait d\u00e9clench\u00e9 la guerre, je me trouvais au Lib\u00e9ria pour une D\u00e9volution successorale. Ce d\u00e9but de carri\u00e8re tr\u00e8s enrichissant, m&rsquo;a ouvert d&rsquo;autres horizons.<\/p>\n<p><strong>Et vos souvenirs de parlementaire?<\/strong>J&rsquo;en ai beaucoup &#8230; Rachid Karam\u00e9 par exemple dont le si\u00e8ge \u00e0 l&rsquo;Assembl\u00e9e \u00e9tait proche du mien. Lorsque je l&rsquo;ai d\u00e9sign\u00e9 comme Premier ministre dans les circonstances dramatiques que vous connaissez, il a confi\u00e9 au magazine <em>Ha<\/em><em>wad<\/em><em>eth <\/em>que sa relation avec Amine Gemayel est la meilleure qu&rsquo;il ait eue avec un chef d&rsquo;Etat. Ce sont l\u00e0 des amiti\u00e9s tiss\u00e9es sur les bancs du Parlement. Et lors des congr\u00e8s parlementaires \u00e0 Londres, au Koweit&#8230; j&rsquo;ai eu l&rsquo;occasion de rencontrer pas mal de responsables politiques \u00e9trangers, dont les grands t\u00e9nors palestiniens, Khaled Fahoum, Abou Ayad, Khaled Hassan &#8230; Depuis s&rsquo;est li\u00e9e une amiti\u00e9 avec les cadres palestiniens. Ces relations ont permis durant les moments de grande crise, \u00e0 r\u00e9soudre les probl\u00e8mes humains et politiques importants, \u00e0 maintenir le dialogue. La confrontation \u00e9tait \u00e0 son paroxysme avec les palestiniens. Lors de la bataille de Tell Zaatar, je suis parvenu \u00e0 travers ces contacts \u00e0 pr\u00e9venir un v\u00e9ritable g\u00e9nocide. En est t\u00e9moin la Croix-Rouge lnternationale qui a \u00e9vacu\u00e9 les r\u00e9fugi\u00e9s. Quelques ann\u00e9es plus t\u00f4t, en 1972, au Congr\u00e8s Parlementaire International de Londres, le ton montait entre Palestiniens et Libanais. J&rsquo;ai demand\u00e9 \u00e0 prendre la parole. Les Palestiniens qui comptaient gagner l&rsquo;opinion internationale ne souhaitaient pas que les Libanais attaquent la cause palestinienne \u00e0 un congr\u00e8s aussi important. J&rsquo;ai prononc\u00e9 mon discours, les applaudissements les plus nourris provenaient des&#8230; bancs de la d\u00e9l\u00e9gation palestinienne qui est venue me f\u00e9liciter pate la suite. Je leur ai dit: \u00abNous avons des probl\u00e8mes internes, cela ne doit pas faire oublier pour autant la<\/p>\n<p>cause palestinienne, cause sacr\u00e9e\u00bb.<\/p>\n<p><strong>L\u2019on dit qu&rsquo;au cours de votre mandat, vous a<\/strong><strong>v<\/strong><strong>ez \u00ab\u00a0l\u00e2ch\u00e9\u00a0\u00bb<\/strong> <strong>le pr\u00e9sident de l&rsquo;Assembl\u00e9e de l&rsquo;\u00e9poque, Kamel Assaad qui avait pourtant fortement soutenu votre candidature, lui pr\u00e9f\u00e9rant Hussein Husseini, pourquoi?<\/strong>Je ne l&rsquo;ai pas l\u00e2ch\u00e9, je n&rsquo;ai l\u00e2ch\u00e9 personne. J&rsquo;ai senti d\u00e8s le d\u00e9but que Kamel Assaad n&rsquo;\u00e9tait pas tr\u00e8s chaud pour une \u00e9lection \u00e0 la Pr\u00e9sidence, encore moins pour une \u00e9troite collaboration. D&rsquo;ailleurs, il a lui-m\u00eame pris les devants et rompu avec une tradition bien ancr\u00e9e chez nous, la visite hebdomadaire du pr\u00e9sident de la Chambre au chef de l&rsquo;Etat. D&rsquo;autre part, je n&rsquo;avais aucune r\u00e9serve, aucune objection qu&rsquo;il soit r\u00e9\u00e9lu pr\u00e9sident de l&rsquo;Assembl\u00e9e durant mon mandat, tout au contraire.<\/p>\n<p>Si sur le plan personnel, il n&rsquo;y avait pas beaucoup d&rsquo;atomes crochus, sur le plan politique, nous avions les m\u00eames orientations.<\/p>\n<p>A la suite de la chute de l&rsquo;accord du 17 mai et des deux conf\u00e9rences de Lausanne et de Gen\u00e8ve, il y a eu une redistribution des cartes au niveau des orientations et des alliances.<\/p>\n<p>Ceci a men\u00e9 naturellement \u00e0 l&rsquo;\u00e9lection de Hussein Husseini.<\/p>\n<p>Je garde beaucoup d&rsquo;estime pour Kamel Assaad, mais l&rsquo;estime et l&rsquo;affection ne suffisent pas pour changer les choses surtout quand il s&rsquo;agit d&rsquo;une relation unilat\u00e9rale.<\/p>\n<p><strong>Comment \u00e9valuez<\/strong><strong>&#8211;<\/strong><strong>vous le bilan de votre mandat?<\/strong>Je laisse \u00e0 l&rsquo;histoire le soin d&rsquo;\u00e9valuer et de juger. Si je devais m&rsquo;exprimer moi-m\u00eame, je dirais que j&rsquo;ai pu r\u00e9aliser l&rsquo;irr\u00e9alisable dans la conjoncture qui pr\u00e9valait alors. Du d\u00e9but \u00e0 la fin de mon mandat, il y avait un acharnement \u00e0 d\u00e9truire l&rsquo;entit\u00e9 libanaise, je peux citer tout un ensemble d&rsquo;\u00e9v\u00e9nements et d&rsquo;\u00e9tapes du mandat. Chacune aurait suffi pour faire voler en \u00e9clat l&rsquo;entit\u00e9 libanaise. Il ne faudrait pas oublier qu&rsquo;en 1982, j&rsquo;avais pris en charge mes fonctions dans les pires moments. M\u00eame la capitale \u00e9tait occup\u00e9e par l&rsquo;arm\u00e9e isra\u00e9lienne. Et le pays \u00e9tait d\u00e9j\u00e0 plong\u00e9 depuis longtemps dans une guerre civile meurtri\u00e8re. Il me fallait lutter sur tous les fronts &#8230; sans moyens. La mise en place de la mosa\u00efque libanaise tr\u00e8s fragile a n\u00e9cessit\u00e9 des centaines d&rsquo;ann\u00e9es mais son effritement ne tenait qu&rsquo;\u00e0 un fil. Je suis parvenu, envers et contre tout, \u00e0 pr\u00e9server les institutions libanaises, \u00e0 emp\u00eacher la cassure. Dans les moments les plus durs, le dialogue n&rsquo;avait jamais \u00e9t\u00e9 rompu. M\u00eame quand le gouvernement est rentr\u00e9 en r\u00e9bellion, je suis arriv\u00e9 avec Rachid Karam\u00e9 \u00e0 \u00e9viter le pire. Une analyse sereine, objective et impartiale conduirait \u00e0 cette conclusion. J&rsquo;ai r\u00e9ussi \u00e0 pr\u00e9server l&rsquo;essentiel, le sacro-saint, pr\u00e9server l&rsquo;Avenir, c&rsquo;\u00e9tait cela mon objectif. On me juge sur des questions p\u00e9riph\u00e9riques, mais rares sont entr\u00e9s dans le fond de la question, pour appr\u00e9cier ces efforts qui ont pr\u00e9serv\u00e9 l&rsquo;essentiel de notre entit\u00e9 nationale. On parlait alors de \u00abparis\u00bb.<\/p>\n<p>Chacun se croyait infaillible,pensait d\u00e9tenir toute la v\u00e9rit\u00e9 et tentait de faire pression sur moi pour me pousser vers une orientation plut\u00f4t qu\u2019une autre.<\/p>\n<p>Or n&rsquo;importe laquelle de ces voies aurait men\u00e9 au suicide, Je suis arriv\u00e9 \u00e0 maintenir un seul pari, le pari libanais, et je l&rsquo;ai pay\u00e9 cher. Il me fallait lutter contre ces extr\u00eames qui avaient la m\u00eame finalit\u00e9. J&rsquo;ai r\u00e9ussi \u00e0 assurer la p\u00e9rennit\u00e9 de l&rsquo;Etat et garder au pays toutes ses chances de se relever dans l&rsquo;unit\u00e9 et la sp\u00e9cificit\u00e9 du syst\u00e8me politique libanais.<\/p>\n<p><a href=\"http:\/\/www.prestigemag.co\/wp-content\/uploads\/2014\/10\/Amine-Gemayel1.jpg\"><img src=\"data:image\/svg+xml,%3Csvg%20xmlns='http:\/\/www.w3.org\/2000\/svg'%20viewBox='0%200%2045%%20247'%3E%3C\/svg%3E\" class=\"zeen-lazy-load-base zeen-lazy-load alignnone size-full wp-image-3195\" data-lazy-src=\"http:\/\/www.prestigemag.co\/wp-content\/uploads\/2014\/10\/Amine-Gemayel1.jpg\" alt=\"Amine Gemayel1\" width=\"45%\" data-lazy-srcset=\"https:\/\/www.prestigemag.co\/wp-content\/uploads\/2014\/10\/Amine-Gemayel1.jpg 456w, https:\/\/www.prestigemag.co\/wp-content\/uploads\/2014\/10\/Amine-Gemayel1-300x154.jpg 300w, https:\/\/www.prestigemag.co\/wp-content\/uploads\/2014\/10\/Amine-Gemayel1-150x77.jpg 150w, https:\/\/www.prestigemag.co\/wp-content\/uploads\/2014\/10\/Amine-Gemayel1-242x125.jpg 242w, https:\/\/www.prestigemag.co\/wp-content\/uploads\/2014\/10\/Amine-Gemayel1-130x67.jpg 130w\" data-lazy-sizes=\"(max-width: 456px) 100vw, 456px\" \/><noscript><img class=\"alignnone size-full wp-image-3195\" src=\"http:\/\/www.prestigemag.co\/wp-content\/uploads\/2014\/10\/Amine-Gemayel1.jpg\" alt=\"Amine Gemayel1\" width=\"45%\" srcset=\"https:\/\/www.prestigemag.co\/wp-content\/uploads\/2014\/10\/Amine-Gemayel1.jpg 456w, https:\/\/www.prestigemag.co\/wp-content\/uploads\/2014\/10\/Amine-Gemayel1-300x154.jpg 300w, https:\/\/www.prestigemag.co\/wp-content\/uploads\/2014\/10\/Amine-Gemayel1-150x77.jpg 150w, https:\/\/www.prestigemag.co\/wp-content\/uploads\/2014\/10\/Amine-Gemayel1-242x125.jpg 242w, https:\/\/www.prestigemag.co\/wp-content\/uploads\/2014\/10\/Amine-Gemayel1-130x67.jpg 130w\" sizes=\"(max-width: 456px) 100vw, 456px\" \/><\/noscript><\/a><a href=\"http:\/\/www.prestigemag.co\/wp-content\/uploads\/2014\/10\/Amine-Gemayel2.jpg\"><img src=\"data:image\/svg+xml,%3Csvg%20xmlns='http:\/\/www.w3.org\/2000\/svg'%20viewBox='0%200%2025%%20247'%3E%3C\/svg%3E\" class=\"zeen-lazy-load-base zeen-lazy-load alignnone size-full wp-image-3196\" data-lazy-src=\"http:\/\/www.prestigemag.co\/wp-content\/uploads\/2014\/10\/Amine-Gemayel2.jpg\" alt=\"Amine Gemayel2\" width=\"25%\" data-lazy-srcset=\"https:\/\/www.prestigemag.co\/wp-content\/uploads\/2014\/10\/Amine-Gemayel2.jpg 257w, https:\/\/www.prestigemag.co\/wp-content\/uploads\/2014\/10\/Amine-Gemayel2-163x300.jpg 163w, https:\/\/www.prestigemag.co\/wp-content\/uploads\/2014\/10\/Amine-Gemayel2-204x375.jpg 204w, https:\/\/www.prestigemag.co\/wp-content\/uploads\/2014\/10\/Amine-Gemayel2-68x125.jpg 68w, https:\/\/www.prestigemag.co\/wp-content\/uploads\/2014\/10\/Amine-Gemayel2-36x67.jpg 36w\" data-lazy-sizes=\"(max-width: 257px) 100vw, 257px\" \/><noscript><img class=\"alignnone size-full wp-image-3196\" src=\"http:\/\/www.prestigemag.co\/wp-content\/uploads\/2014\/10\/Amine-Gemayel2.jpg\" alt=\"Amine Gemayel2\" width=\"25%\" srcset=\"https:\/\/www.prestigemag.co\/wp-content\/uploads\/2014\/10\/Amine-Gemayel2.jpg 257w, https:\/\/www.prestigemag.co\/wp-content\/uploads\/2014\/10\/Amine-Gemayel2-163x300.jpg 163w, https:\/\/www.prestigemag.co\/wp-content\/uploads\/2014\/10\/Amine-Gemayel2-204x375.jpg 204w, https:\/\/www.prestigemag.co\/wp-content\/uploads\/2014\/10\/Amine-Gemayel2-68x125.jpg 68w, https:\/\/www.prestigemag.co\/wp-content\/uploads\/2014\/10\/Amine-Gemayel2-36x67.jpg 36w\" sizes=\"(max-width: 257px) 100vw, 257px\" \/><\/noscript><\/a><\/p>\n<p>\u00a9 Archives Amine Gemayel \u00a0 \u00a0 \u00a0 \u00a0 \u00a0 \u00a0 \u00a0 \u00a0 \u00a0 \u00a0 \u00a0 \u00a0 \u00a0 \u00a0 \u00a0 \u00a0 \u00a0 \u00a0 \u00a0 \u00a0 \u00a0 \u00a0 \u00a0 \u00a0 \u00a0 \u00a0 \u00a0 \u00a0 \u00a0 \u00a0 \u00a0 \u00a0 \u00a0 \u00a0\u00a0\u00a9 Archives Amine Gemayel<\/p>\n<address>\u00a0<\/address>\n<address><span style=\"font-style: italic;\">1984: s\u00e9ance du Conseil des ministres \u00e0 Bickfaya<span style=\"font-style: normal;\">\u00a0 \u00a0 \u00a0 \u00a0 \u00a0 \u00a0 \u00a0 \u00a0 \u00a0 \u00a0 \u00a0 \u00a0 \u00a0 \u00a0 \u00a0\u00a0<span style=\"font-style: italic;\">1981, \u00e0 la Maison du Futur, avec le pr\u00e9sident Chamoun<\/span><\/span><\/span><\/address>\n<address><span style=\"font-style: italic;\">\u00a0 \u00a0 \u00a0 \u00a0 \u00a0 \u00a0 \u00a0 \u00a0 \u00a0 \u00a0 \u00a0 \u00a0 \u00a0 \u00a0 \u00a0 \u00a0 \u00a0 \u00a0 \u00a0 \u00a0<\/span><\/address>\n<address>\u00a0<\/address>\n<p><strong>Quelle est votre <\/strong><strong>p<\/strong><strong>lu<\/strong><strong>s <\/strong><strong>grande erreur?<\/strong>Le mot erreur n&rsquo;est pas le terme exact, il y a des initiatives qui n&rsquo;ont pas r\u00e9ussi, \u00abErreur\u00bb induit une action intentionnelle, or j&rsquo;ai \u00e9t\u00e9 \u00e9lu dans des circonstances exceptionnelles. Le pays \u00e9tait occup\u00e9 par de multiples arm\u00e9es et divers services de renseignement. Les caisses de l&rsquo;Etat \u00e9taient vides, nous \u00e9tions plong\u00e9s dans une crise politique profonde, et l&rsquo;occupation avait touch\u00e9 toutes les infrastructures. Il fallait tout refaire, Evidemment qu&rsquo;il y a eu des erreurs. Seul Dieu est infaillible. Cela dit, en Droit, l&rsquo;on distingue entre l&rsquo;obligation de r\u00e9sultats et l&rsquo;obligation de moyens. Par exemple, un m\u00e9decin a l&rsquo;obligation d&rsquo;user de tous les moyens pour gu\u00e9rir son patient: c&rsquo;est l&rsquo;obligation de moyens.<\/p>\n<p>Si le patient d\u00e9c\u00e8de, le m\u00e9decin n&rsquo;est pas responsable. Un ing\u00e9nieur a l&rsquo;obligation de construire un immeuble qui soit assez solide; si l&rsquo;\u00e9difice s&rsquo;\u00e9croule, il est responsable. Dans le cas de la Pr\u00e9sidence, le peuple consid\u00e8re que l&rsquo;obligation du chef d&rsquo;Etat est l&rsquo;obligation de r\u00e9sultats, s&rsquo;il \u00e9choue, il est responsable! Alors que la responsabilit\u00e9 du pr\u00e9sident est une responsabilit\u00e9 de moyens. Avec le recul et Dieu sait si j&rsquo;ai r\u00e9fl\u00e9chi et fait mon autocritique, j&rsquo;ai m\u00eame \u00e9crit un ouvrage sur la question, je consid\u00e8re, dans le contexte qui pr\u00e9valait \u00e0 cette \u00e9poque et surtout \u00e0 partir d&rsquo;\u00e9l\u00e9ments concrets d&rsquo;appr\u00e9ciation, que j&rsquo;ai fait avec les moyens de bord, le maximum possible. Et si je devais revivre la m\u00eame situation, j&rsquo;aurais agi de la m\u00eame fa\u00e7on, mes r\u00e9flexes auraient \u00e9t\u00e9 les m\u00eames, m\u00eame si actuellement je constate que telle ou telle action a \u00e9chou\u00e9. Mais je n&rsquo;avais pas d&rsquo;autres choix.<\/p>\n<p><strong>Que r\u00e9pondez-vous <\/strong><strong>\u00e0 <\/strong><strong>ceux qui pr\u00e9tendent que vous \u00eates un brillant parleur mais que vous <\/strong><strong>ne <\/strong><strong>tenez pas vos promesses?<\/strong>Quelle promesse n&rsquo;ai-je pas tenue? Vous savez, mes d\u00e9tracteurs sont nombreux.<\/p>\n<p>J&rsquo;aimerais bien qu&rsquo;on me confronte \u00e0 des faits concrets. Il est facile de critiquer et de diffamer. Mais la v\u00e9rit\u00e9 finit toujours par triompher. Ce qui m&rsquo;importe c&rsquo;est le jugement spontan\u00e9 du peuple, et non pas celui int\u00e9ress\u00e9 de la classe politique. Ce peuple m&rsquo;a toujours exprim\u00e9 sa sympathie et son affection. Apr\u00e8s douze ans d&rsquo;absence, et malgr\u00e9 toutes les campagnes de diffamation dont j&rsquo;ai \u00e9t\u00e9 l\u2019objet, ce peuple m\u2019a gard\u00e9 dans son c\u0153ur et m\u2019exprime son affection et sa solidarit\u00e9 \u00e0 chaque fois que je participe \u00e0 une r\u00e9union publique. Ce qui d\u2019ailleurs rend fous mes propres d\u00e9tracteurs qui avaient cru m\u2019avoir assassin\u00e9 politiquement.<\/p>\n<p><strong>L\u2019on <\/strong><strong>dit que v<\/strong><strong>ous avez p<\/strong><strong>e<\/strong><strong>rdu <\/strong><strong>vos amis <\/strong><strong>en <\/strong><strong>tentant de vous <\/strong><strong>rapproche<\/strong><strong>r de vos enn<\/strong><strong>e<\/strong><strong>mis<\/strong><strong>, <\/strong><strong>sans r\u00e9ussi<\/strong><strong>r <\/strong><strong>\u00e0 en <\/strong><strong>faire des <\/strong><strong>amis<\/strong><em>. <\/em>Cela arrive d&rsquo;\u00eatre l\u00e2ch\u00e9 par des amis. D&rsquo;ailleurs le proverbe arabe ne dit-il pas: \u00abM\u00e9fie-toi de celui \u00e0 qui tu as fait du bien\u00bb? Certains n&rsquo;ont pas voulu poursuivre la route \u00e0 mes c\u00f4t\u00e9s car elle \u00e9tait sem\u00e9e d&#8217;emb\u00fbches.<\/p>\n<p>Moi-m\u00eame, j&rsquo;ai \u00e9t\u00e9 l&rsquo;objet de tous les harc\u00e8lements. D&rsquo;autres sont rest\u00e9s aussi attach\u00e9s \u00e0 moi. Je les ai retrouv\u00e9s tout aussi enthousiastes et d\u00e9vou\u00e9s. Prenez Kamal Joumblatt, \u00e0 combien de personnes a-t-il rendu service et combien lui ont tourn\u00e9 le dos? Et les compagnons de Bachir mon fr\u00e8re, h\u00e9las, on ne peut plus nombreux, ceux qui semblaient les plus inconditionnels et irr\u00e9ductibles et qui l&rsquo;ont trahi? En ce qui me concerne, mes amis sont toujours l\u00e0, tr\u00e8s<\/p>\n<p>nombreux, mes ennemis aussi, mais eux, moins nombreux. Je comprends qu&rsquo;on dise que j&rsquo;ai abandonn\u00e9 mes amis en faveur de mes ennemis mais je me d\u00e9fends: \u00abMon objectif a toujours \u00e9t\u00e9 de ne pas avoir d&rsquo;ennemis.<\/p>\n<p>C&rsquo;est peut-\u00eatre impossible, utopique mais j&rsquo;essayais en permanence de garder le dialogue avec ceux-l\u00e0 m\u00eames qui cultivaient une hostilit\u00e9 quasi maladive \u00e0 mon \u00e9gard. En politique, je comprends qu&rsquo;on ait des adversaires, mais pas des ennemis.<\/p>\n<p><strong>Vous avez \u00e9t\u00e9 \u00e9lu pr\u00e9sident dans des circonstances dramatiques. Votre fr\u00e8re, \u00e9lu chef d\u2019Etat, venait d\u2019\u00eatre assassin\u00e9. Votre p\u00e8re refusait que vous vous portiez candidat\u2026<\/strong><\/p>\n<p>Mon p\u00e8re ne voulait pas sacrifier davantage sa famille. Il \u00e9tait perspicace et pressentait qu\u2019aucun pr\u00e9sident ne pouvait sauver la situation dans la conjoncture actuelle. Il disait \u00e0 la presse que dans les conditions actuelles \u00abaccepter la Pr\u00e9sidence est un v\u00e9ritable acte suicidaire\u00bb. Puis les \u00e9v\u00e9nements se sont pr\u00e9cipit\u00e9s.<\/p>\n<p><strong>Qui a avanc\u00e9 votre nom pour la pr\u00e9sidence\u00a0?<\/strong><\/p>\n<p>Edmond Rizk, membre du bureau politique, s\u2019\u00e9tant auparavant r\u00e9uni avec des d\u00e9put\u00e9s Kataeb, en l\u2019absence de mon p\u00e8re, a le premier annonc\u00e9 lors des condol\u00e9ances \u00e0 Bickfaya, en pr\u00e9sence de Kamel Assaad, que le parti pr\u00e9sentait la candidature d\u2019Amine Gemayel, Kamel Assaad n\u2019a pas r\u00e9agi. Plusieurs facteurs ont contribu\u00e9 \u00e0 l\u2019adoption de ma candidature par diverses forces politiques. D\u2019une part, \u00e0 travers la Maison du Futur, le Centre de recherche et de r\u00e9flexion que j\u2019avais fond\u00e9 en 1977 et que je dirigeais. J\u2019avais \u00e9tabli des relations avec beaucoup d\u2019hommes politiques de tous bords. Ce centre r\u00e9unissait un grand nombre d\u2019hommes politiques et de membres de l\u2019intelligentsia libanaise. Je donnais ainsi une image diff\u00e9rente de celle du politicien classique. D\u2019autre part, mes relations avec les leaders libanais et palestiniens. S\u2019ils n\u2019\u00e9taient peut-\u00eatre pas favorables \u00e0 la candidature d\u2019un Gemayel, ils n\u2019\u00e9taient pas hostiles \u00e0 la candidature d\u2019Amine Gemayel. Il n\u2019y avait pas de blocage de la part des partis musulmans et palestiniens dans un Beyrouth assi\u00e9g\u00e9. Tout ceci m\u2019avait aid\u00e9 \u00e0 assumer les responsabilit\u00e9s de chef d\u2019Etat. Les Am\u00e9ricains ont \u00e9t\u00e9 surpris par l\u2019adh\u00e9sion d\u2019un bon nombre de leaders musulmans et de la non-objection des Palestiniens. C\u2019est ainsi que j\u2019ai pu obtenir la quasi unanimit\u00e9 du Parlement. Les d\u00e9put\u00e9s ont risqu\u00e9\u00a0 leur vie pour venir voter dans les conditions dramatiques qu\u2019on conna\u00eet. C\u2019\u00e9tait une expression de la solidarit\u00e9 et de l\u2019union nationales, de la conviction des parlementaires, toutes confessions confondues, de la n\u00e9cessit\u00e9 d\u2019\u00e9viter le vide constitutionnel. Ils se sont ralli\u00e9s autour d\u2019une personne capable de conforter l\u2019Unit\u00e9 du pays.<\/p>\n<p>Il est possible de garder des liens personnels, un minimum de savoir-vivre et de biens\u00e9ance.<\/p>\n<p>Certains de mes amis se formalisent du fait que je salue un adversaire. Si vous n&rsquo;\u00eates pas d&rsquo;accord avec quelqu&rsquo;un en politique, cela ne veut pas dire que vous allez l&rsquo;agresser tous les jours. Des adversaires d&rsquo;aujourd&rsquo;hui peuvent \u00eatre les alli\u00e9s de demain. Le Liban plus que tout autre pays nous a montr\u00e9 combien la politique y \u00e9tait versatile.<\/p>\n<p><a href=\"http:\/\/www.prestigemag.co\/wp-content\/uploads\/2014\/10\/Amine-Gemayel3.jpg\"><img src=\"data:image\/svg+xml,%3Csvg%20xmlns='http:\/\/www.w3.org\/2000\/svg'%20viewBox='0%200%2045%%20247'%3E%3C\/svg%3E\" class=\"zeen-lazy-load-base zeen-lazy-load alignnone size-full wp-image-3197\" data-lazy-src=\"http:\/\/www.prestigemag.co\/wp-content\/uploads\/2014\/10\/Amine-Gemayel3.jpg\" alt=\"Amine Gemayel3\" width=\"45%\" data-lazy-srcset=\"https:\/\/www.prestigemag.co\/wp-content\/uploads\/2014\/10\/Amine-Gemayel3.jpg 456w, https:\/\/www.prestigemag.co\/wp-content\/uploads\/2014\/10\/Amine-Gemayel3-300x281.jpg 300w, https:\/\/www.prestigemag.co\/wp-content\/uploads\/2014\/10\/Amine-Gemayel3-150x140.jpg 150w, https:\/\/www.prestigemag.co\/wp-content\/uploads\/2014\/10\/Amine-Gemayel3-399x375.jpg 399w, https:\/\/www.prestigemag.co\/wp-content\/uploads\/2014\/10\/Amine-Gemayel3-133x125.jpg 133w, https:\/\/www.prestigemag.co\/wp-content\/uploads\/2014\/10\/Amine-Gemayel3-71x67.jpg 71w\" data-lazy-sizes=\"(max-width: 456px) 100vw, 456px\" \/><noscript><img class=\"alignnone size-full wp-image-3197\" src=\"http:\/\/www.prestigemag.co\/wp-content\/uploads\/2014\/10\/Amine-Gemayel3.jpg\" alt=\"Amine Gemayel3\" width=\"45%\" srcset=\"https:\/\/www.prestigemag.co\/wp-content\/uploads\/2014\/10\/Amine-Gemayel3.jpg 456w, https:\/\/www.prestigemag.co\/wp-content\/uploads\/2014\/10\/Amine-Gemayel3-300x281.jpg 300w, https:\/\/www.prestigemag.co\/wp-content\/uploads\/2014\/10\/Amine-Gemayel3-150x140.jpg 150w, https:\/\/www.prestigemag.co\/wp-content\/uploads\/2014\/10\/Amine-Gemayel3-399x375.jpg 399w, https:\/\/www.prestigemag.co\/wp-content\/uploads\/2014\/10\/Amine-Gemayel3-133x125.jpg 133w, https:\/\/www.prestigemag.co\/wp-content\/uploads\/2014\/10\/Amine-Gemayel3-71x67.jpg 71w\" sizes=\"(max-width: 456px) 100vw, 456px\" \/><\/noscript><\/a><\/p>\n<p>\u00a9 Prestige \/ J-C Bejjani<\/p>\n<address>\u00a0<\/address>\n<address>Portrait familial \u00e0 la demeure s\u00e9culaire des Gemayel \u00e0 Bickfaya: Marianne et Laura sur les genoux de Cheikh Amine et Joyce entour\u00e9s de leur fille Nicole Mecattaf, leur fils Pierre portant le petit Amine et sa femme Patti Da\u00eff, leur petit-fils Karim Mecattaf, leur fils Sami et leur gendre Michel Mecattaf<\/address>\n<p><strong>Comment avez-vous v\u00e9cu votre p\u00e9riode d&rsquo;exil? Que vous a-t-elle appris?<\/strong>Dois-je remercier ceux qui m&rsquo;ont forc\u00e9 \u00e0 l&rsquo;exil? Parce que je suis si attach\u00e9 \u00e0 ce pays que je m&rsquo;en serais s\u00e9par\u00e9 difficilement. Les exactions et les menaces vis-\u00e0-vis de ma personne, de ma famille et de mes collaborateurs ont h\u00e2t\u00e9 ma d\u00e9cision de quitter. Et je suis parti deux mois apr\u00e8s la fin de mon mandat. Cela a \u00e9t\u00e9 une p\u00e9riode tr\u00e8s b\u00e9n\u00e9fique. Une fois aux Etats-Unis, j&rsquo;ai pu appr\u00e9cier combien ce recul \u00e9tait essentiel pour mon \u00e9quilibre, mon intellect, et aussi pour mon pays, parce que je pouvais mieux r\u00e9fl\u00e9chir \u00e0 l&rsquo;avenir. Le premier jour de mond\u00e9part, j&rsquo;\u00e9tais triste, frustr\u00e9, perdu.<\/p>\n<p>Je suis arriv\u00e9 \u00e0 Paris, \u00e0 mon appartement qui m&rsquo;appartient de longue date. J&rsquo;\u00e9tais seul. Ma femme et mes enfants \u00e9taient rest\u00e9s au Liban avec nos partisans pour ne pas donner l&rsquo;impression que les Gemayel d\u00e9crochaient, abandonnaient le navire.<\/p>\n<p>Une fa\u00e7on d&rsquo;affirmer notre pr\u00e9sence, notre attachement au pays, et de signifier aussi que mon d\u00e9part \u00e9tait provisoire, personnel. J&rsquo;\u00e9tais donc seul entre quatre murs, j&rsquo;avais d\u00e9croch\u00e9 le t\u00e9l\u00e9phone, je n&rsquo;avais envie de parler avec personne. Mais ces quelques jours tr\u00e8s p\u00e9nibles, ces moments d&rsquo;extr\u00eame tension alternaient avec des \u00e9claircies, des p\u00e9riodes de calme, de r\u00e9flexion. Je me reprenais&#8230; Cette travers\u00e9e du d\u00e9sert allait soit m&rsquo;engloutir soit me servir de nouveau tremplin, c&rsquo;est le second qui l&rsquo;a emport\u00e9.<\/p>\n<p><strong>Votre famille vous a-t-elle rejoint? <\/strong>Au d\u00e9but, ma famille est rest\u00e9e au Liban, mais on s&rsquo;est vite organis\u00e9s pour se retrouver fr\u00e9quemment. Puis ma famille m&rsquo;a rejoint \u00e0 Paris.<\/p>\n<p><strong>On dit que s&rsquo;\u00e9loigner donne une meilleure perspective<\/strong><strong>, <\/strong><strong>cela <\/strong><strong>a <\/strong><strong>\u00e9t\u00e9 <\/strong><strong>votre cas?<\/strong>Cela \u00e9tait en effet une exp\u00e9rience \u00e9difiante parce que j&rsquo;\u00e9tais d\u00e9connect\u00e9. De Harvard o\u00f9 j&rsquo;ai pass\u00e9 deux ans, je suivais ce qui se passait au Liban, mais avec un certain d\u00e9tachement.<\/p>\n<p>Mais lorsqu&rsquo;il le fallait, je prenais des positions. J&rsquo;ai \u00e9tudi\u00e9 l&rsquo;accord de Ta\u00ebf en consultation<\/p>\n<p>avec des professeurs \u00e0 Harvard. J&rsquo;ai publi\u00e9 un communiqu\u00e9 qui exprimait ma position: je n&rsquo;\u00e9tais pas oppos\u00e9 au principe, l&rsquo;accord comportait des clauses positives, mais aussi des lacunes graves.<\/p>\n<p><a href=\"http:\/\/www.prestigemag.co\/wp-content\/uploads\/2014\/10\/Amine-Gemayel4.jpg\"><img src=\"data:image\/svg+xml,%3Csvg%20xmlns='http:\/\/www.w3.org\/2000\/svg'%20viewBox='0%200%2045%%20247'%3E%3C\/svg%3E\" class=\"zeen-lazy-load-base zeen-lazy-load alignnone size-full wp-image-3198\" data-lazy-src=\"http:\/\/www.prestigemag.co\/wp-content\/uploads\/2014\/10\/Amine-Gemayel4.jpg\" alt=\"Amine Gemayel4\" width=\"45%\" data-lazy-srcset=\"https:\/\/www.prestigemag.co\/wp-content\/uploads\/2014\/10\/Amine-Gemayel4.jpg 456w, https:\/\/www.prestigemag.co\/wp-content\/uploads\/2014\/10\/Amine-Gemayel4-300x186.jpg 300w, https:\/\/www.prestigemag.co\/wp-content\/uploads\/2014\/10\/Amine-Gemayel4-150x93.jpg 150w, https:\/\/www.prestigemag.co\/wp-content\/uploads\/2014\/10\/Amine-Gemayel4-201x125.jpg 201w, https:\/\/www.prestigemag.co\/wp-content\/uploads\/2014\/10\/Amine-Gemayel4-107x67.jpg 107w\" data-lazy-sizes=\"(max-width: 456px) 100vw, 456px\" \/><noscript><img class=\"alignnone size-full wp-image-3198\" src=\"http:\/\/www.prestigemag.co\/wp-content\/uploads\/2014\/10\/Amine-Gemayel4.jpg\" alt=\"Amine Gemayel4\" width=\"45%\" srcset=\"https:\/\/www.prestigemag.co\/wp-content\/uploads\/2014\/10\/Amine-Gemayel4.jpg 456w, https:\/\/www.prestigemag.co\/wp-content\/uploads\/2014\/10\/Amine-Gemayel4-300x186.jpg 300w, https:\/\/www.prestigemag.co\/wp-content\/uploads\/2014\/10\/Amine-Gemayel4-150x93.jpg 150w, https:\/\/www.prestigemag.co\/wp-content\/uploads\/2014\/10\/Amine-Gemayel4-201x125.jpg 201w, https:\/\/www.prestigemag.co\/wp-content\/uploads\/2014\/10\/Amine-Gemayel4-107x67.jpg 107w\" sizes=\"(max-width: 456px) 100vw, 456px\" \/><\/noscript><\/a><a href=\"http:\/\/www.prestigemag.co\/wp-content\/uploads\/2014\/10\/Amine-Gemayel5.jpg\"><img src=\"data:image\/svg+xml,%3Csvg%20xmlns='http:\/\/www.w3.org\/2000\/svg'%20viewBox='0%200%2025%%20247'%3E%3C\/svg%3E\" class=\"zeen-lazy-load-base zeen-lazy-load alignnone size-full wp-image-3199\" data-lazy-src=\"http:\/\/www.prestigemag.co\/wp-content\/uploads\/2014\/10\/Amine-Gemayel5.jpg\" alt=\"Amine Gemayel5\" width=\"25%\" data-lazy-srcset=\"https:\/\/www.prestigemag.co\/wp-content\/uploads\/2014\/10\/Amine-Gemayel5.jpg 257w, https:\/\/www.prestigemag.co\/wp-content\/uploads\/2014\/10\/Amine-Gemayel5-132x150.jpg 132w, https:\/\/www.prestigemag.co\/wp-content\/uploads\/2014\/10\/Amine-Gemayel5-110x125.jpg 110w, https:\/\/www.prestigemag.co\/wp-content\/uploads\/2014\/10\/Amine-Gemayel5-59x67.jpg 59w\" data-lazy-sizes=\"(max-width: 257px) 100vw, 257px\" \/><noscript><img class=\"alignnone size-full wp-image-3199\" src=\"http:\/\/www.prestigemag.co\/wp-content\/uploads\/2014\/10\/Amine-Gemayel5.jpg\" alt=\"Amine Gemayel5\" width=\"25%\" srcset=\"https:\/\/www.prestigemag.co\/wp-content\/uploads\/2014\/10\/Amine-Gemayel5.jpg 257w, https:\/\/www.prestigemag.co\/wp-content\/uploads\/2014\/10\/Amine-Gemayel5-132x150.jpg 132w, https:\/\/www.prestigemag.co\/wp-content\/uploads\/2014\/10\/Amine-Gemayel5-110x125.jpg 110w, https:\/\/www.prestigemag.co\/wp-content\/uploads\/2014\/10\/Amine-Gemayel5-59x67.jpg 59w\" sizes=\"(max-width: 257px) 100vw, 257px\" \/><\/noscript><\/a><\/p>\n<p>\u00a9 Archives Amine Gemayel \u00a0 \u00a0 \u00a0 \u00a0 \u00a0 \u00a0 \u00a0 \u00a0 \u00a0 \u00a0 \u00a0 \u00a0 \u00a0 \u00a0 \u00a0 \u00a0 \u00a0 \u00a0 \u00a0 \u00a0 \u00a0 \u00a0 \u00a0 \u00a0 \u00a0 \u00a0 \u00a0 \u00a0 \u00a0 \u00a0 \u00a0 \u00a0 \u00a0 \u00a0\u00a0\u00a9 Archives Amine Gemayel<\/p>\n<address>\u00a0<\/address>\n<address>Le pr\u00e9sident et Mme Amine Gemayel accueillis par le pr\u00e9sident Jacques \u00a0 \u00a0 \u00a0 \u00a0 Partie de tennis avec le Pr\u00e9sident George Bush<\/address>\n<address>Chirac, alors 1er ministre et son \u00e9pouse Bernadette<span style=\"font-style: italic;\"> \u00a0 \u00a0 \u00a0 \u00a0 \u00a0 \u00a0 \u00a0 \u00a0 \u00a0 \u00a0 \u00a0 \u00a0 \u00a0 \u00a0 \u00a0 \u00a0 \u00a0 \u00a0 \u00a0 \u00a0 \u00a0 \u00a0 \u00a0 \u00a0<\/span><\/address>\n<address>\u00a0<\/address>\n<address>\u00a0<\/address>\n<p><strong>Qu&rsquo;avez-vous f<\/strong><strong>a<\/strong><strong>it apr<\/strong><strong>\u00e8<\/strong><strong>s c<\/strong><strong>e<\/strong><strong>s deux ans <\/strong><strong>\u00e0 <\/strong><strong>H<\/strong><strong>a<\/strong><strong>rv<\/strong><strong>a<\/strong><strong>rd?<\/strong>Je suis rentr\u00e9 \u00e0 Paris mais je continuais de donner des conf\u00e9rences, en Lituanie dont le pr\u00e9sident est un ami, \u00e0 Moscou, \u00e0 Londres, en Belgique et en France notamment \u00e0 l&rsquo;Insead \u00e0 Paris, mais aussi dans certains pays arabes et aux Etats-Unis. J&rsquo;avais alors achev\u00e9 mon ouvrage <em>Rebuilding Lebanon <\/em>qui devait \u00eatre publi\u00e9 par l&rsquo;Universit\u00e9 de Harvard. Certains membres du Conseil des publications s&rsquo;y sont oppos\u00e9s, consid\u00e9rant que l&rsquo;Universit\u00e9 de par son r\u00e8glement, ne pouvait publier un manifeste politique, d&rsquo;autres affirmaient que l&rsquo;essentiel \u00e9tait que l&rsquo;ouvrage soit conforme \u00e0 l&rsquo;orientation id\u00e9ologique, philosophique et acad\u00e9mique de l&rsquo;Universit\u00e9. Et il a \u00e9t\u00e9 publi\u00e9. Bien que tr\u00e8s sp\u00e9cialis\u00e9, cet ouvrage qui pr\u00f4ne des id\u00e9es d&rsquo;avant-garde s&rsquo;est bien vendu aux Etats-Unis, \u00e0 mon grand \u00e9tonnement. J&rsquo;ai adh\u00e9r\u00e9 \u00e0 l&rsquo;Universit\u00e9 de Maryland \u00e0 Washington comme professeur. J&rsquo; y ai pass\u00e9 un an \u00e0 la Facult\u00e9 des Sciences humaines. Le contrat devait \u00eatre renouvel\u00e9 au moment m\u00eame o\u00f9 je me suis d\u00e9cid\u00e9 \u00e0 rentrer au Liban.<\/p>\n<p><strong>Y a-t-il\u00a0<\/strong><strong>certaines choses que vous <\/strong><strong>ne <\/strong><strong>pouvez <\/strong><strong>m\u00eame <\/strong><strong>aujourd&rsquo;hui prendre la libert\u00e9 <\/strong><strong>de <\/strong><strong>faire en votre qualit\u00e9 d&rsquo;ancien pr\u00e9sident?<\/strong>Depuis le d\u00e9but de mon mandat, j&rsquo; ai essay\u00e9 d&rsquo; assumer mes responsabilit\u00e9s selon ma conscience tout en restant d\u00e9contract\u00e9, sans devenir prisonnier de la rigueur du protocole. Je conduisais moi-m\u00eame ma voiture. Ma femme et moi allions d\u00eener au calme. Nous continuons de mener une vie normale. La plupart du temps, nous restions en famille. J&rsquo;ai cherch\u00e9 \u00e0 rester moi-m\u00eame et je crois que j&rsquo;ai r\u00e9ussi. J&rsquo;essaie de mettre bas les masques, bien que je sois parfois oblig\u00e9 d&rsquo;en porter.<\/p>\n<p>Suivant les circonstances. Par masque, j&rsquo;entends la rigidit\u00e9 qu&rsquo;impose la fonction ou l&rsquo;ex-fonction: la pr\u00e9sidence a un statut si noble dans la vie nationale qu&rsquo;un ancien chef d&rsquo;Etat reste tributaire d&rsquo;une certaine responsabilit\u00e9. Il doit rester toujours conscient de cette dimension.<\/p>\n<p><strong>Avez-vous des <\/strong><strong>projets d&rsquo;<\/strong><strong>avenir bien d\u00e9fini<\/strong><strong>s?<\/strong>En fait, j\u2019ai plus d&rsquo;une corde \u00e0 mon arc.<\/p>\n<p>D&rsquo;abord, \u00e0 Qornet Chehwan, le rassemblement d&rsquo;hommes politiques qui r\u00e9fl\u00e9chissent ensemble sur la meilleure fa\u00e7on de permettre au pays d&rsquo;\u00e9merger de sa crise, r\u00e9instaurer la souverainet\u00e9, aider \u00e0 l&rsquo;\u00e9volution du syst\u00e8me politique libanais, vers plus de libert\u00e9, de d\u00e9mocratie, d&rsquo;efficacit\u00e9, de transparence au niveau de l&rsquo;exercice du gouvernement. Une autre corde c&rsquo;est le parti Kata\u00ebb.<\/p>\n<p>Je continue de consid\u00e9rer que c&rsquo;est un parti important pour r\u00e9tablir l&rsquo;\u00e9quilibre national. Il a toujours \u0153uvr\u00e9 dans l&rsquo;int\u00e9r\u00eat sup\u00e9rieur du pays. Mod\u00e9r\u00e9 dans ses prises de position, il a pr\u00f4n\u00e9 le dialogue entre les diverses factions, et dans la mesure du possible gard\u00e9 la main tendue \u00e0 tous les interlocuteurs, \u00e0 l&rsquo;ext\u00e9rieur ou \u00e0 l&rsquo;int\u00e9rieur du pays. Il y a eu des \u00e9carts, des d\u00e9bordements, des erreurs mais \u00e0 ce jour, j&rsquo;ai constat\u00e9 que rien n&rsquo;a pu remplacer le parti dans sa mission initiale. Il s&rsquo;agit de le r\u00e9former, de le faire \u00e9voluer, de le d\u00e9velopper. Mais d&rsquo;abord le remettre sur pied. Je consid\u00e8re ceci comme l&rsquo;une de mes obligations. Je n\u2019ai pas d&rsquo;ambition personnelle. Pour moi la pr\u00e9sidence du parti n\u2019est pas un objectif en soi. Ce qui m&rsquo;importe c&rsquo;est que le parti retrouve son r\u00f4le sur la sc\u00e8ne nationale, de concert avec d&rsquo;autres factions politiques. Enfin,je tente de promouvoir une r\u00e9flexion saine sur tous les probl\u00e8mes politiques, \u00e9conomiques, sociaux, culturels, artistiques&#8230; Etaujourd&rsquo;hui, les clubs culturels maintiennent le dialogue sur le plan intellectuel, il nous faut aller plus loin, \u0153uvrer avec m\u00eame vision, avec la m\u00eame vocation que la Maison du Futur.<\/p>\n<p><strong><em>Propo<\/em><\/strong><strong><em>s <\/em><\/strong><strong><em>r<\/em><\/strong><strong><em>ec<\/em><\/strong><strong><em>ue<\/em><\/strong><strong><em>i<\/em><\/strong><strong><em>l<\/em><\/strong><strong><em>lis par <\/em><\/strong>MARCELLE NADIM<\/p>\n","protected":false},"excerpt":{"rendered":"<p><em>Prestige N\u00b0 100, Septembre 2001<\/em><br \/>Pour mieux percevoir les choses, il faut les regarder de loin\u2026 Egal \u00e0 lui-m\u00eame, avec ce plus, cette force tranquille que seule forge l\u2019\u00e9preuve, le verbe facile, toujours aussi \u00e9loquent, souvent \u00e9mouvant, quand il s\u2019\u00e9tend sur les pages du pass\u00e9, le personnage n\u2019en reste pas moins insaisissable. Le plus intellectuel des politiques et le <\/p>\n","protected":false},"author":3,"featured_media":0,"comment_status":"closed","ping_status":"closed","sticky":false,"template":"","format":"standard","meta":[],"categories":[13331],"tags":[],"yoast_head":"<!-- This site is optimized with the Yoast SEO plugin v19.4 - https:\/\/yoast.com\/wordpress\/plugins\/seo\/ -->\n<title>Amine Gemayel - Prestige Magazine<\/title>\n<meta name=\"description\" content=\"Prestige N\u00b0 100, Septembre 2001Pour mieux percevoir les choses, il faut les regarder de loin\u2026 Egal \u00e0 lui-m\u00eame, avec ce plus, cette force tranquille que seule forge l\u2019\u00e9preuve, le verbe facile, toujours aussi \u00e9loquent, souvent \u00e9mouvant, quand il s\u2019\u00e9tend sur les pages du pass\u00e9, le personnage n\u2019en reste pas moins insaisissable. Le plus intellectuel des politiques et le\" \/>\n<meta name=\"robots\" content=\"index, follow, max-snippet:-1, max-image-preview:large, max-video-preview:-1\" \/>\n<link rel=\"canonical\" href=\"https:\/\/www.prestigemag.co\/fr\/2014\/10\/amine-gemayel\/\" \/>\n<meta property=\"og:locale\" content=\"fr_FR\" \/>\n<meta property=\"og:type\" content=\"article\" \/>\n<meta property=\"og:title\" content=\"Amine Gemayel - Prestige Magazine\" \/>\n<meta property=\"og:description\" content=\"Prestige N\u00b0 100, Septembre 2001Pour mieux percevoir les choses, il faut les regarder de loin\u2026 Egal \u00e0 lui-m\u00eame, avec ce plus, cette force tranquille que seule forge l\u2019\u00e9preuve, le verbe facile, toujours aussi \u00e9loquent, souvent \u00e9mouvant, quand il s\u2019\u00e9tend sur les pages du pass\u00e9, le personnage n\u2019en reste pas moins insaisissable. Le plus intellectuel des politiques et le\" \/>\n<meta property=\"og:url\" content=\"https:\/\/www.prestigemag.co\/fr\/2014\/10\/amine-gemayel\/\" \/>\n<meta property=\"og:site_name\" content=\"Prestige Magazine\" \/>\n<meta property=\"article:publisher\" content=\"https:\/\/www.facebook.com\/prestigemag.co\/\" \/>\n<meta property=\"article:published_time\" content=\"2014-10-21T12:34:01+00:00\" \/>\n<meta property=\"og:image\" content=\"http:\/\/www.prestigemag.co\/wp-content\/uploads\/2014\/10\/Amine-Gemayel-final.jpg\" \/>\n<meta name=\"author\" content=\"prestige\" \/>\n<meta name=\"twitter:card\" content=\"summary\" \/>\n<meta name=\"twitter:label1\" content=\"\u00c9crit par\" \/>\n\t<meta name=\"twitter:data1\" content=\"prestige\" \/>\n\t<meta name=\"twitter:label2\" content=\"Dur\u00e9e de lecture estim\u00e9e\" \/>\n\t<meta name=\"twitter:data2\" content=\"24 minutes\" \/>\n<script type=\"application\/ld+json\" class=\"yoast-schema-graph\">{\"@context\":\"https:\/\/schema.org\",\"@graph\":[{\"@type\":\"Organization\",\"@id\":\"https:\/\/www.prestigemag.co\/#organization\",\"name\":\"Prestige\",\"url\":\"https:\/\/www.prestigemag.co\/\",\"sameAs\":[\"https:\/\/www.instagram.com\/prestige.mag\/\",\"https:\/\/www.facebook.com\/prestigemag.co\/\"],\"logo\":{\"@type\":\"ImageObject\",\"inLanguage\":\"fr-FR\",\"@id\":\"https:\/\/www.prestigemag.co\/#\/schema\/logo\/image\/\",\"url\":\"https:\/\/www.prestigemag.co\/wp-content\/uploads\/2021\/11\/logo-Prestige-800x200-1.png\",\"contentUrl\":\"https:\/\/www.prestigemag.co\/wp-content\/uploads\/2021\/11\/logo-Prestige-800x200-1.png\",\"width\":800,\"height\":200,\"caption\":\"Prestige\"},\"image\":{\"@id\":\"https:\/\/www.prestigemag.co\/#\/schema\/logo\/image\/\"}},{\"@type\":\"WebSite\",\"@id\":\"https:\/\/www.prestigemag.co\/#website\",\"url\":\"https:\/\/www.prestigemag.co\/\",\"name\":\"Prestige Magazine\",\"description\":\"Le Monde Des C\u00e9l\u00e9brit\u00e9s\",\"publisher\":{\"@id\":\"https:\/\/www.prestigemag.co\/#organization\"},\"potentialAction\":[{\"@type\":\"SearchAction\",\"target\":{\"@type\":\"EntryPoint\",\"urlTemplate\":\"https:\/\/www.prestigemag.co\/?s={search_term_string}\"},\"query-input\":\"required name=search_term_string\"}],\"inLanguage\":\"fr-FR\"},{\"@type\":\"WebPage\",\"@id\":\"https:\/\/www.prestigemag.co\/fr\/2014\/10\/amine-gemayel\/\",\"url\":\"https:\/\/www.prestigemag.co\/fr\/2014\/10\/amine-gemayel\/\",\"name\":\"Amine Gemayel - Prestige Magazine\",\"isPartOf\":{\"@id\":\"https:\/\/www.prestigemag.co\/#website\"},\"datePublished\":\"2014-10-21T12:34:01+00:00\",\"dateModified\":\"2014-10-21T12:34:01+00:00\",\"description\":\"Prestige N\u00b0 100, Septembre 2001Pour mieux percevoir les choses, il faut les regarder de loin\u2026 Egal \u00e0 lui-m\u00eame, avec ce plus, cette force tranquille que seule forge l\u2019\u00e9preuve, le verbe facile, toujours aussi \u00e9loquent, souvent \u00e9mouvant, quand il s\u2019\u00e9tend sur les pages du pass\u00e9, le personnage n\u2019en reste pas moins insaisissable. Le plus intellectuel des politiques et le\",\"breadcrumb\":{\"@id\":\"https:\/\/www.prestigemag.co\/fr\/2014\/10\/amine-gemayel\/#breadcrumb\"},\"inLanguage\":\"fr-FR\",\"potentialAction\":[{\"@type\":\"ReadAction\",\"target\":[\"https:\/\/www.prestigemag.co\/fr\/2014\/10\/amine-gemayel\/\"]}]},{\"@type\":\"BreadcrumbList\",\"@id\":\"https:\/\/www.prestigemag.co\/fr\/2014\/10\/amine-gemayel\/#breadcrumb\",\"itemListElement\":[{\"@type\":\"ListItem\",\"position\":1,\"name\":\"Home\",\"item\":\"https:\/\/www.prestigemag.co\/fr\/\"},{\"@type\":\"ListItem\",\"position\":2,\"name\":\"Amine Gemayel\"}]},{\"@type\":\"Article\",\"@id\":\"https:\/\/www.prestigemag.co\/fr\/2014\/10\/amine-gemayel\/#article\",\"isPartOf\":{\"@id\":\"https:\/\/www.prestigemag.co\/fr\/2014\/10\/amine-gemayel\/\"},\"author\":{\"name\":\"prestige\",\"@id\":\"https:\/\/www.prestigemag.co\/#\/schema\/person\/e3f149368970128d68bb2d797bf30fbc\"},\"headline\":\"Amine Gemayel\",\"datePublished\":\"2014-10-21T12:34:01+00:00\",\"dateModified\":\"2014-10-21T12:34:01+00:00\",\"mainEntityOfPage\":{\"@id\":\"https:\/\/www.prestigemag.co\/fr\/2014\/10\/amine-gemayel\/\"},\"wordCount\":4855,\"publisher\":{\"@id\":\"https:\/\/www.prestigemag.co\/#organization\"},\"articleSection\":[\"Entrevues\"],\"inLanguage\":\"fr-FR\"},{\"@type\":\"Person\",\"@id\":\"https:\/\/www.prestigemag.co\/#\/schema\/person\/e3f149368970128d68bb2d797bf30fbc\",\"name\":\"prestige\",\"image\":{\"@type\":\"ImageObject\",\"inLanguage\":\"fr-FR\",\"@id\":\"https:\/\/www.prestigemag.co\/#\/schema\/person\/image\/\",\"url\":\"https:\/\/secure.gravatar.com\/avatar\/0aa2dff5484d35e50578639a2c3ccef9?s=96&d=mm&r=g\",\"contentUrl\":\"https:\/\/secure.gravatar.com\/avatar\/0aa2dff5484d35e50578639a2c3ccef9?s=96&d=mm&r=g\",\"caption\":\"prestige\"},\"url\":\"https:\/\/www.prestigemag.co\/fr\/author\/prestige\/\"}]}<\/script>\n<!-- \/ Yoast SEO plugin. -->","yoast_head_json":{"title":"Amine Gemayel - Prestige Magazine","description":"Prestige N\u00b0 100, Septembre 2001Pour mieux percevoir les choses, il faut les regarder de loin\u2026 Egal \u00e0 lui-m\u00eame, avec ce plus, cette force tranquille que seule forge l\u2019\u00e9preuve, le verbe facile, toujours aussi \u00e9loquent, souvent \u00e9mouvant, quand il s\u2019\u00e9tend sur les pages du pass\u00e9, le personnage n\u2019en reste pas moins insaisissable. Le plus intellectuel des politiques et le","robots":{"index":"index","follow":"follow","max-snippet":"max-snippet:-1","max-image-preview":"max-image-preview:large","max-video-preview":"max-video-preview:-1"},"canonical":"https:\/\/www.prestigemag.co\/fr\/2014\/10\/amine-gemayel\/","og_locale":"fr_FR","og_type":"article","og_title":"Amine Gemayel - Prestige Magazine","og_description":"Prestige N\u00b0 100, Septembre 2001Pour mieux percevoir les choses, il faut les regarder de loin\u2026 Egal \u00e0 lui-m\u00eame, avec ce plus, cette force tranquille que seule forge l\u2019\u00e9preuve, le verbe facile, toujours aussi \u00e9loquent, souvent \u00e9mouvant, quand il s\u2019\u00e9tend sur les pages du pass\u00e9, le personnage n\u2019en reste pas moins insaisissable. Le plus intellectuel des politiques et le","og_url":"https:\/\/www.prestigemag.co\/fr\/2014\/10\/amine-gemayel\/","og_site_name":"Prestige Magazine","article_publisher":"https:\/\/www.facebook.com\/prestigemag.co\/","article_published_time":"2014-10-21T12:34:01+00:00","og_image":[{"url":"http:\/\/www.prestigemag.co\/wp-content\/uploads\/2014\/10\/Amine-Gemayel-final.jpg"}],"author":"prestige","twitter_card":"summary","twitter_misc":{"\u00c9crit par":"prestige","Dur\u00e9e de lecture estim\u00e9e":"24 minutes"},"schema":{"@context":"https:\/\/schema.org","@graph":[{"@type":"Organization","@id":"https:\/\/www.prestigemag.co\/#organization","name":"Prestige","url":"https:\/\/www.prestigemag.co\/","sameAs":["https:\/\/www.instagram.com\/prestige.mag\/","https:\/\/www.facebook.com\/prestigemag.co\/"],"logo":{"@type":"ImageObject","inLanguage":"fr-FR","@id":"https:\/\/www.prestigemag.co\/#\/schema\/logo\/image\/","url":"https:\/\/www.prestigemag.co\/wp-content\/uploads\/2021\/11\/logo-Prestige-800x200-1.png","contentUrl":"https:\/\/www.prestigemag.co\/wp-content\/uploads\/2021\/11\/logo-Prestige-800x200-1.png","width":800,"height":200,"caption":"Prestige"},"image":{"@id":"https:\/\/www.prestigemag.co\/#\/schema\/logo\/image\/"}},{"@type":"WebSite","@id":"https:\/\/www.prestigemag.co\/#website","url":"https:\/\/www.prestigemag.co\/","name":"Prestige Magazine","description":"Le Monde Des C\u00e9l\u00e9brit\u00e9s","publisher":{"@id":"https:\/\/www.prestigemag.co\/#organization"},"potentialAction":[{"@type":"SearchAction","target":{"@type":"EntryPoint","urlTemplate":"https:\/\/www.prestigemag.co\/?s={search_term_string}"},"query-input":"required name=search_term_string"}],"inLanguage":"fr-FR"},{"@type":"WebPage","@id":"https:\/\/www.prestigemag.co\/fr\/2014\/10\/amine-gemayel\/","url":"https:\/\/www.prestigemag.co\/fr\/2014\/10\/amine-gemayel\/","name":"Amine Gemayel - Prestige Magazine","isPartOf":{"@id":"https:\/\/www.prestigemag.co\/#website"},"datePublished":"2014-10-21T12:34:01+00:00","dateModified":"2014-10-21T12:34:01+00:00","description":"Prestige N\u00b0 100, Septembre 2001Pour mieux percevoir les choses, il faut les regarder de loin\u2026 Egal \u00e0 lui-m\u00eame, avec ce plus, cette force tranquille que seule forge l\u2019\u00e9preuve, le verbe facile, toujours aussi \u00e9loquent, souvent \u00e9mouvant, quand il s\u2019\u00e9tend sur les pages du pass\u00e9, le personnage n\u2019en reste pas moins insaisissable. Le plus intellectuel des politiques et le","breadcrumb":{"@id":"https:\/\/www.prestigemag.co\/fr\/2014\/10\/amine-gemayel\/#breadcrumb"},"inLanguage":"fr-FR","potentialAction":[{"@type":"ReadAction","target":["https:\/\/www.prestigemag.co\/fr\/2014\/10\/amine-gemayel\/"]}]},{"@type":"BreadcrumbList","@id":"https:\/\/www.prestigemag.co\/fr\/2014\/10\/amine-gemayel\/#breadcrumb","itemListElement":[{"@type":"ListItem","position":1,"name":"Home","item":"https:\/\/www.prestigemag.co\/fr\/"},{"@type":"ListItem","position":2,"name":"Amine Gemayel"}]},{"@type":"Article","@id":"https:\/\/www.prestigemag.co\/fr\/2014\/10\/amine-gemayel\/#article","isPartOf":{"@id":"https:\/\/www.prestigemag.co\/fr\/2014\/10\/amine-gemayel\/"},"author":{"name":"prestige","@id":"https:\/\/www.prestigemag.co\/#\/schema\/person\/e3f149368970128d68bb2d797bf30fbc"},"headline":"Amine Gemayel","datePublished":"2014-10-21T12:34:01+00:00","dateModified":"2014-10-21T12:34:01+00:00","mainEntityOfPage":{"@id":"https:\/\/www.prestigemag.co\/fr\/2014\/10\/amine-gemayel\/"},"wordCount":4855,"publisher":{"@id":"https:\/\/www.prestigemag.co\/#organization"},"articleSection":["Entrevues"],"inLanguage":"fr-FR"},{"@type":"Person","@id":"https:\/\/www.prestigemag.co\/#\/schema\/person\/e3f149368970128d68bb2d797bf30fbc","name":"prestige","image":{"@type":"ImageObject","inLanguage":"fr-FR","@id":"https:\/\/www.prestigemag.co\/#\/schema\/person\/image\/","url":"https:\/\/secure.gravatar.com\/avatar\/0aa2dff5484d35e50578639a2c3ccef9?s=96&d=mm&r=g","contentUrl":"https:\/\/secure.gravatar.com\/avatar\/0aa2dff5484d35e50578639a2c3ccef9?s=96&d=mm&r=g","caption":"prestige"},"url":"https:\/\/www.prestigemag.co\/fr\/author\/prestige\/"}]}},"_links":{"self":[{"href":"https:\/\/www.prestigemag.co\/fr\/wp-json\/wp\/v2\/posts\/19889"}],"collection":[{"href":"https:\/\/www.prestigemag.co\/fr\/wp-json\/wp\/v2\/posts"}],"about":[{"href":"https:\/\/www.prestigemag.co\/fr\/wp-json\/wp\/v2\/types\/post"}],"author":[{"embeddable":true,"href":"https:\/\/www.prestigemag.co\/fr\/wp-json\/wp\/v2\/users\/3"}],"replies":[{"embeddable":true,"href":"https:\/\/www.prestigemag.co\/fr\/wp-json\/wp\/v2\/comments?post=19889"}],"version-history":[{"count":0,"href":"https:\/\/www.prestigemag.co\/fr\/wp-json\/wp\/v2\/posts\/19889\/revisions"}],"wp:attachment":[{"href":"https:\/\/www.prestigemag.co\/fr\/wp-json\/wp\/v2\/media?parent=19889"}],"wp:term":[{"taxonomy":"category","embeddable":true,"href":"https:\/\/www.prestigemag.co\/fr\/wp-json\/wp\/v2\/categories?post=19889"},{"taxonomy":"post_tag","embeddable":true,"href":"https:\/\/www.prestigemag.co\/fr\/wp-json\/wp\/v2\/tags?post=19889"}],"curies":[{"name":"wp","href":"https:\/\/api.w.org\/{rel}","templated":true}]}}