{"id":19931,"date":"2014-11-25T13:56:20","date_gmt":"2014-11-25T13:56:20","guid":{"rendered":"http:\/\/www.prestigemag.co\/2014\/11\/yara-lapidus\/"},"modified":"2014-11-25T13:56:20","modified_gmt":"2014-11-25T13:56:20","slug":"yara-lapidus","status":"publish","type":"post","link":"https:\/\/www.prestigemag.co\/fr\/2014\/11\/yara-lapidus\/","title":{"rendered":"Yara Lapidus"},"content":{"rendered":"<p><em>Prestige N 192-193, Juillet-Ao\u008d\u00fbt 2009<\/em><\/p>\n<h3>\u00abJe n\u2019aime pas m\u2019interdire mes \u00e9lans artistiques, je suis tr\u00e8s polyvalente, ouverte et fantaisiste.\u00bb<\/h3>\n<p>Epouse d\u2019Olivier Lapidus, la jolie Yara \u00e0 la voix suave, vient de sortir un album \u00e9ponyme au style pop et vari\u00e9t\u00e9s, avec de l\u00e9g\u00e8res influences orientales tr\u00e8s raffin\u00e9es. Dans son appartement parisien d\u00e9cor\u00e9 de somptueuses sculptures cr\u00e9\u00e9es par son p\u00e8re l\u2019architecte et sculpteur Robert Wakim, nous avons rencontr\u00e9 Yara, femme-enfant d\u2019une belle cr\u00e9ativit\u00e9 et d\u2019une grande sagesse.<\/p>\n<p><a href=\"http:\/\/www.prestigemag.co\/wp-content\/uploads\/2014\/11\/13ACD.jpg\"><img src=\"data:image\/svg+xml,%3Csvg%20xmlns='http:\/\/www.w3.org\/2000\/svg'%20viewBox='0%200%2070%%20247'%3E%3C\/svg%3E\" class=\"zeen-lazy-load-base zeen-lazy-load wp-image-3616 size-full\" data-lazy-src=\"http:\/\/www.prestigemag.co\/wp-content\/uploads\/2014\/11\/13ACD.jpg\" alt=\"Yara Lapidus, franco libanese singer.\" width=\"70%\" data-lazy-srcset=\"https:\/\/www.prestigemag.co\/wp-content\/uploads\/2014\/11\/13ACD.jpg 709w, https:\/\/www.prestigemag.co\/wp-content\/uploads\/2014\/11\/13ACD-300x263.jpg 300w, https:\/\/www.prestigemag.co\/wp-content\/uploads\/2014\/11\/13ACD-150x131.jpg 150w, https:\/\/www.prestigemag.co\/wp-content\/uploads\/2014\/11\/13ACD-427x375.jpg 427w, https:\/\/www.prestigemag.co\/wp-content\/uploads\/2014\/11\/13ACD-142x125.jpg 142w, https:\/\/www.prestigemag.co\/wp-content\/uploads\/2014\/11\/13ACD-76x67.jpg 76w\" data-lazy-sizes=\"(max-width: 709px) 100vw, 709px\" \/><noscript><img class=\"wp-image-3616 size-full\" src=\"http:\/\/www.prestigemag.co\/wp-content\/uploads\/2014\/11\/13ACD.jpg\" alt=\"Yara Lapidus, franco libanese singer.\" width=\"70%\" srcset=\"https:\/\/www.prestigemag.co\/wp-content\/uploads\/2014\/11\/13ACD.jpg 709w, https:\/\/www.prestigemag.co\/wp-content\/uploads\/2014\/11\/13ACD-300x263.jpg 300w, https:\/\/www.prestigemag.co\/wp-content\/uploads\/2014\/11\/13ACD-150x131.jpg 150w, https:\/\/www.prestigemag.co\/wp-content\/uploads\/2014\/11\/13ACD-427x375.jpg 427w, https:\/\/www.prestigemag.co\/wp-content\/uploads\/2014\/11\/13ACD-142x125.jpg 142w, https:\/\/www.prestigemag.co\/wp-content\/uploads\/2014\/11\/13ACD-76x67.jpg 76w\" sizes=\"(max-width: 709px) 100vw, 709px\" \/><\/noscript><\/a> \u00a9 Emanuele Scorcelletti &#8211; Agence Gamma<\/p>\n<p>&nbsp;<\/p>\n<h3>\u00abJe trouve que l\u2019\u00e9criture est un excellent moyen de sortir tout ce tremplin d\u2019amour et de passion qui est en nous.\u00bb<\/h3>\n<p><strong>Yara, vous avez aussi une formation de styliste, comment vous est venue la passion du chant?<\/strong> Je suis styliste de formation. La musique a toujours fait partie de ma vie dans le sens o\u00f9 j\u2019ai commenc\u00e9 la guitare \u00e0 l\u2019\u00e2ge de 6 ans. Ma m\u00e8re, en plus d\u2019\u00eatre peintre, est guitariste. J\u2019ai fait ensuite 10 ans de piano, puis j\u2019ai arr\u00eat\u00e9 tous les instruments. D\u00e8s mon arriv\u00e9e \u00e0 Paris pour poursuivre une carri\u00e8re de stylisme, je me suis en secret inscrite \u00e0 des cours de chant. J\u2019avais donc la passion avou\u00e9e du stylisme et la passion inavou\u00e9e de la musique et de la sc\u00e8ne. J\u2019ai adh\u00e9r\u00e9 \u00e0 tous les cours de th\u00e9\u00e2tre possibles et imaginables. Au Liban, j\u2019ai eu la chance de suivre le cours de Kamal Salam\u00e9, puis \u00e0 Paris, le cours Florent, et l\u2019Actor Studio, sans aucune intention d\u2019\u00eatre un jour actrice, mais je me disais que cela me servirait\u2026 Je n\u2019aime pas m\u2019interdire mes \u00e9lans artistiques, je suis tr\u00e8s polyvalente, ouverte et fantaisiste, j\u2019ai ce petit grain, cette fibre artistique. Souvent il m\u2019arrive de travailler en short dans mon bureau qui se trouve chez moi\u2026 En France on a tendance \u00e0 sectoriser beaucoup, \u00e0 rester dans un seul et unique domaine, si vous \u00eates styliste, vous le restez toute votre vie, c\u2019est-\u00e0-dire qu\u2019il ne faut surtout pas \u00eatre dou\u00e9 pour autre chose. Aux Etats-Unis, ce n\u2019est pas du tout pareil: vous pouvez vous inscrire en m\u00eame temps \u00e0 un cours de chant, \u00e0 un cours de danse et \u00e0 un cours d\u2019expression corporelle, c\u2019est tout \u00e0 fait un autre \u00e9tat d\u2019esprit auquel je me sens de plus en plus proche.<\/p>\n<p><strong>Dans quelle circonstance avez-vous rencontr\u00e9 votre mari Olivier Lapidus? <\/strong>Quand j\u2019ai rencontr\u00e9 l\u2019homme de ma vie, Olivier, j\u2019\u00e9tais en stage professionnel. Olivier \u00e9tait directeur artistique de la maison Ted Lapidus. Avant cette rencontre, j\u2019avais suivi plusieurs autres stages, notamment chez Dior, Balmain\u2026<\/p>\n<p><strong>Quel style aviez-vous adopt\u00e9 pour vos cr\u00e9ations en tant que styliste?<\/strong> En mati\u00e8re de stylisme, j\u2019ai d\u00e9but\u00e9 par des robes. Je cr\u00e9ais une trentaine de pi\u00e8ces pour chaque collection. Des petites robes du jour et des petites robes du soir mais pas de robes haute couture, plut\u00f4t des robes du soir pr\u00eat-\u00e0-porter assez chic. C\u2019\u00e9tait le concept que j\u2019avais choisi. Plus tard je me suis tourn\u00e9e vers une collection de jeans \u00e9dition limit\u00e9e apr\u00e8s un voyage en Chine o\u00f9 j\u2019avais notamment d\u00e9couvert un concept g\u00e9nial avec des broderies en soie. Apr\u00e8s cette collection, j\u2019ai fait des jeans bijoux puis je suis pass\u00e9e \u00e0 la musique.<\/p>\n<p><strong>Pourquoi avez-vous choisi de reprendre la chanson \u00abSalma ya salama\u00bb dans votre album, c\u2019est une chanson qui a pourtant \u00e9t\u00e9 chant\u00e9e par un nombre infini d\u2019interpr\u00e8tes?<\/strong> Enfant, le premier voyage que j\u2019ai fait, c\u2019\u00e9tait en Egypte. J\u2019avais quatre ans \u00e0 l\u2019\u00e9poque. Mon p\u00e8re dirigeait et \u00e9tait l\u2019un des fondateurs de Dar Al Handasa. Pendant les deux ann\u00e9es o\u00f9 j\u2019ai v\u00e9cu au Caire, dans cette ville magnifique, j\u2019ai d\u00e9couvert la fameuse Dalida via ses chansons, je l\u2019ai aper\u00e7ue dans des films en noir et blanc, dans des photos et cela est rest\u00e9 dans ma m\u00e9moire, comme sur un disque dur. J\u2019ai d\u00e9couvert la douceur de cette femme tr\u00e8s sexy mais jamais vulgaire. Au-del\u00e0 du personnage, au-del\u00e0 de l\u2019artiste, j\u2019aimais l\u2019\u00eatre qu\u2019elle \u00e9tait, sa fragilit\u00e9 et sa sensibilit\u00e9. J\u2019ai eu la chance de lire sa biographie qui m\u2019a touch\u00e9e \u00e9norm\u00e9ment. Je compatis avec elle, je comprends ses souffrances. D\u2019autre part, j\u2019appr\u00e9cie beaucoup la langue \u00e9gyptienne. On peut encore trouver chez mes parents des enregistrements de ma voix parlant l\u2019\u00e9gyptien on ne peut plus couramment et sans accent. Salma ya salama est un tube qui a \u00e9t\u00e9 repris des centaines de fois dans le monde par de nombreux chanteurs plus ou moins connus. En reprenant cette chanson, je me suis lanc\u00e9 un d\u00e9fi: celui de faire quelque chose de nouveau, encore et encore. Et je pense avoir r\u00e9ussi. J\u2019ai pr\u00e9sent\u00e9 la maquette et tout le monde a ador\u00e9 ma reprise. C\u2019\u00e9tait un v\u00e9ritable petit challenge\u2026<\/p>\n<p><a href=\"http:\/\/www.prestigemag.co\/wp-content\/uploads\/2014\/11\/14ACD.jpg\"><img src=\"data:image\/svg+xml,%3Csvg%20xmlns='http:\/\/www.w3.org\/2000\/svg'%20viewBox='0%200%2070%%20247'%3E%3C\/svg%3E\" class=\"zeen-lazy-load-base zeen-lazy-load wp-image-3617 size-full\" data-lazy-src=\"http:\/\/www.prestigemag.co\/wp-content\/uploads\/2014\/11\/14ACD.jpg\" alt=\"Yara Lapidus, franco libanese singer.\" width=\"70%\" data-lazy-srcset=\"https:\/\/www.prestigemag.co\/wp-content\/uploads\/2014\/11\/14ACD.jpg 709w, https:\/\/www.prestigemag.co\/wp-content\/uploads\/2014\/11\/14ACD-300x199.jpg 300w, https:\/\/www.prestigemag.co\/wp-content\/uploads\/2014\/11\/14ACD-150x99.jpg 150w, https:\/\/www.prestigemag.co\/wp-content\/uploads\/2014\/11\/14ACD-563x375.jpg 563w, https:\/\/www.prestigemag.co\/wp-content\/uploads\/2014\/11\/14ACD-187x125.jpg 187w, https:\/\/www.prestigemag.co\/wp-content\/uploads\/2014\/11\/14ACD-100x67.jpg 100w\" data-lazy-sizes=\"(max-width: 709px) 100vw, 709px\" \/><noscript><img class=\"wp-image-3617 size-full\" src=\"http:\/\/www.prestigemag.co\/wp-content\/uploads\/2014\/11\/14ACD.jpg\" alt=\"Yara Lapidus, franco libanese singer.\" width=\"70%\" srcset=\"https:\/\/www.prestigemag.co\/wp-content\/uploads\/2014\/11\/14ACD.jpg 709w, https:\/\/www.prestigemag.co\/wp-content\/uploads\/2014\/11\/14ACD-300x199.jpg 300w, https:\/\/www.prestigemag.co\/wp-content\/uploads\/2014\/11\/14ACD-150x99.jpg 150w, https:\/\/www.prestigemag.co\/wp-content\/uploads\/2014\/11\/14ACD-563x375.jpg 563w, https:\/\/www.prestigemag.co\/wp-content\/uploads\/2014\/11\/14ACD-187x125.jpg 187w, https:\/\/www.prestigemag.co\/wp-content\/uploads\/2014\/11\/14ACD-100x67.jpg 100w\" sizes=\"(max-width: 709px) 100vw, 709px\" \/><\/noscript><\/a> \u00a9 Emanuele Scorcelletti &#8211; Agence Gamma<\/p>\n<p>&nbsp;<\/p>\n<p><em>Belle photo de Yara sur la corniche \u00e0 Beyrouth \u00e0 l\u2019heure d\u2019un sublime coucher de soleil.<\/em><\/p>\n<p><strong>Quelle place occupe l\u2019\u00e9criture dans votre parcours?<\/strong> Il y a cinq ans, j\u2019ai d\u00e9cid\u00e9 de me consacrer enti\u00e8rement \u00e0 cet univers qui me passionne: l\u2019\u00e9criture. En fait, je n\u2019ai fait que cela apr\u00e8s la pr\u00e9sentation de ma derni\u00e8re collection de jeans. J\u2019ai \u00e9crit moi-m\u00eame mes chansons et j\u2019ai cherch\u00e9 des compositeurs. Je trouve que l\u2019\u00e9criture est un excellent moyen de sortir tout ce qu\u2019on a \u00e0 l\u2019int\u00e9rieur de soi, en particulier tout ce tremplin d\u2019amour et de passion qui est en nous.<\/p>\n<p><strong>Une des chansons de votre album s\u2019intitule \u00abLe c\u00e8dre\u00bb. Vous y \u00e9voquez les fruits et les grenades du Liban. Y voyez-vous une allusion au c\u00e9l\u00e8bre \u00abCantique des Cantiques\u00bb?<\/strong> Il n\u2019y a pas \u00e0 vrai dire un rapport direct et \u00e9troit avec le texte du Cantique des Cantiques, mais si vous le dites, pourquoi ne pas le remarquer et le souligner\u2026 Le Liban est une vraie partie de moi, un peu comme ma colonne vert\u00e9brale. Le Liban c\u2019est un peu mon p\u00e8re et la France ma m\u00e8re. Je vois en fait ces deux pays comme deux parents bienveillants. D\u2019ailleurs, j\u2019ai tenu \u00e0 ce que les images de couverture de l\u2019album soient faites au Liban. J\u2019ai aussi tenu \u00e0 ce que le style de musique que j\u2019ai d\u00e9velopp\u00e9 soit une sorte de pont entre l\u2019Occident et l\u2019Orient, comme des allers-retours constants. Tes fruits sont des grenades, ici je vois une petite allusion \u00e0 la guerre, mais je suis une personne tr\u00e8s pudique, j\u2019aime bien aussi le second degr\u00e9 des choses et des mots, je ne voulais pas employer des mots crus comme le mot guerre, haine ou mort. Je n\u2019aime pas les chansons explicitement engag\u00e9es\u2026 Je lis beaucoup, j\u2019aime les m\u00e9taphores, la d\u00e9licatesse, la subtilit\u00e9 dans les paroles.<\/p>\n<p><strong>A travers le titre \u00abParis Plage\u00bb, une des chansons de l\u2019album, on sent que Paris vous colle \u00e0 la peau\u2026<\/strong> Paris est une ville qui m\u2019a adopt\u00e9e depuis une quinzaine d\u2019ann\u00e9es. Je peux avouer qu\u2019\u00e0 aucun moment je me suis sentie \u00e9trang\u00e8re \u00e0 cette ville. Ce titre est un hommage, une sorte de petit clin d\u2019\u0153il \u00e0 cette ville que j\u2019aime bien. Paradoxalement, je ne suis jamais all\u00e9e \u00e0 Paris Plage. Je vais au Liban \u00e0 la plage. J\u2019aime bien la po\u00e9sie qui se d\u00e9gage de ce mot compos\u00e9 \u00abParis-Plage\u00bb. J\u2019aime aussi le fait que l\u2019espace d\u2019un \u00e9t\u00e9 Paris s\u2019habille d\u2019un v\u00eatement de M\u00e9diterran\u00e9e, cet instant d\u2019\u00e9ternit\u00e9 quand les gens s\u2019allongent, s\u2019oublient un petit peu.<\/p>\n<p><strong>Le fameux pr\u00e9sentateur de t\u00e9l\u00e9 et \u00e9crivain Patrick Poivre-d\u2019Arvor a \u00e9crit une des chansons de l\u2019album. Vous pouvez nous en dire plus au sujet de cette fructueuse collaboration?<\/strong> Patrick est une connaissance de longue date. Je le connais depuis environ douze ans. C\u2019est un personnage que j\u2019aime beaucoup. Un jour, au d\u00e9tour d\u2019une conversation lors d\u2019un d\u00e9jeuner, il trouve l\u2019id\u00e9e de faire un album g\u00e9nial et sugg\u00e8re aussit\u00f4t de m\u2019\u00e9crire une chanson. Pensant qu\u2019il va s\u00fbrement oublier, \u00e9tant d\u00e9bord\u00e9, j\u2019ai mis en suspens cette proposition. Patrick me rappelle un mois plus tard. Je lui propose alors un titre de chanson qui m\u2019inspirait de par mes petites filles et que je n\u2019arrivais pas \u00e0 d\u00e9velopper: Mes poup\u00e9es d\u2019abord. Patrick a repris ce titre \u00abperso\u00bb que je voulais et voil\u00e0 comment la chanson Mes poup\u00e9es d\u2019abord, est n\u00e9e\u2026<\/p>\n<h2>\u00abLe Liban c\u2019est un peu mon p\u00e8re et la France ma m\u00e8re\u00bb<\/h2>\n<p><strong>Que pensez-vous de la loi Hadopi contre le t\u00e9l\u00e9chargement qui a suscit\u00e9 de nombreuses r\u00e9actions en France?<\/strong> Je pars du principe o\u00f9, \u00e0 partir du moment o\u00f9 on vous t\u00e9l\u00e9charge, c\u2019est que votre musique est bonne. Aujourd\u2019hui, qui peut sortir un disque en cinq minutes? Star Academy, Nouvelle Star ou bien les artistes qui ont fait 10 ans de carri\u00e8re? Et donc pour ceux qui sortent de ce r\u00e9seau de chanteurs connus, il s\u2019av\u00e8re tr\u00e8s difficile pour eux d\u2019\u00e9merger. Personnellement, je rame depuis cinq ans pour sortir mon album. C\u2019est extr\u00eamement dur aujourd\u2019hui et je trouve qu\u2019il y a beaucoup et de plus en plus d\u2019abus concernant cette question. Pour ma part, j\u2019aime avoir l\u2019objet chez moi sur mes \u00e9tag\u00e8res, j\u2019aime acheter un CD ou encore feuilleter un livret, je suis passionn\u00e9e d\u2019op\u00e9ra, je feuillette beaucoup et inscris souvent des annotations. D\u2019autre part, il peut m\u2019arriver de t\u00e9l\u00e9charger l\u00e9galement certains titres sur itunes mais ce n\u2019est pas ce que je pr\u00e9f\u00e8re\u2026 Donc d\u2019une certaine fa\u00e7on, vive le t\u00e9l\u00e9chargement l\u00e9gal, mais je trouve que les artistes dispara\u00eetront si cela continue\u2026<\/p>\n<p><strong>Vous pr\u00e9f\u00e9rez chanter dans quelle langue? <\/strong>J\u2019adore chanter en arabe, ma langue maternelle. On me dit que c\u2019est beaucoup plus touchant et beaucoup plus profond.<\/p>\n<p><strong>Qu\u2019est-ce qui vous \u00e9panouit aujourd\u2019hui, Yara?<\/strong> Ma vie de femme, mon amoureux Olivier, mes filles, mes parents, la famille, les rapports que je tisse avec les \u00eatres humains, tout ce qui a rapport avec les \u00eatres. Je ne m\u2019attache pas au mat\u00e9riel. Je ne porte pas de bague, ni de montre, je m\u2019attache aux \u00eatres, pas aux choses. Ce qui m\u2019\u00e9panouit aujourd\u2019hui, c\u2019est d\u2019aimer et d\u2019\u00eatre aim\u00e9e. Ce qui ne m\u2019\u00e9panouit pas, c\u2019est par dessus tout, la m\u00e9chancet\u00e9 et l\u2019indiff\u00e9rence.<\/p>\n<p><strong>Votre CD c\u00e9l\u00e8bre l\u2019amour. Un amour \u00e0 \u00abhaute dose\u00bb\u2026 Yara, vous avez un temp\u00e9rament passionnel au quotidien? <\/strong>M\u00eame si mes textes et mes chansons ne sont pas toutes autobiographiques, ils incluent des morceaux de moi\u2026 Je bouillonne de l\u2019int\u00e9rieur et cela ne se remarque pas toujours. Je ne suis pas du genre nerveuse, je n\u2019ai pas tendance \u00e0 m\u2019emporter, \u00e0 crier\u2026 Mais oui! Je suis une femme passionn\u00e9e, excessive et je l\u2019assume tr\u00e8s bien.<\/p>\n<p><a href=\"http:\/\/www.prestigemag.co\/wp-content\/uploads\/2014\/11\/15ACD.jpg\"><img src=\"data:image\/svg+xml,%3Csvg%20xmlns='http:\/\/www.w3.org\/2000\/svg'%20viewBox='0%200%2042%%20247'%3E%3C\/svg%3E\" class=\"zeen-lazy-load-base zeen-lazy-load wp-image-3618\" data-lazy-src=\"http:\/\/www.prestigemag.co\/wp-content\/uploads\/2014\/11\/15ACD.jpg\" alt=\"15ACD\" width=\"42%\" data-lazy-srcset=\"https:\/\/www.prestigemag.co\/wp-content\/uploads\/2014\/11\/15ACD.jpg 472w, https:\/\/www.prestigemag.co\/wp-content\/uploads\/2014\/11\/15ACD-198x300.jpg 198w, https:\/\/www.prestigemag.co\/wp-content\/uploads\/2014\/11\/15ACD-99x150.jpg 99w, https:\/\/www.prestigemag.co\/wp-content\/uploads\/2014\/11\/15ACD-248x375.jpg 248w, https:\/\/www.prestigemag.co\/wp-content\/uploads\/2014\/11\/15ACD-82x125.jpg 82w, https:\/\/www.prestigemag.co\/wp-content\/uploads\/2014\/11\/15ACD-44x67.jpg 44w\" data-lazy-sizes=\"(max-width: 472px) 100vw, 472px\" \/><noscript><img class=\"wp-image-3618\" src=\"http:\/\/www.prestigemag.co\/wp-content\/uploads\/2014\/11\/15ACD.jpg\" alt=\"15ACD\" width=\"42%\" srcset=\"https:\/\/www.prestigemag.co\/wp-content\/uploads\/2014\/11\/15ACD.jpg 472w, https:\/\/www.prestigemag.co\/wp-content\/uploads\/2014\/11\/15ACD-198x300.jpg 198w, https:\/\/www.prestigemag.co\/wp-content\/uploads\/2014\/11\/15ACD-99x150.jpg 99w, https:\/\/www.prestigemag.co\/wp-content\/uploads\/2014\/11\/15ACD-248x375.jpg 248w, https:\/\/www.prestigemag.co\/wp-content\/uploads\/2014\/11\/15ACD-82x125.jpg 82w, https:\/\/www.prestigemag.co\/wp-content\/uploads\/2014\/11\/15ACD-44x67.jpg 44w\" sizes=\"(max-width: 472px) 100vw, 472px\" \/><\/noscript><\/a> \u00a9 Emanuele Scorcelletti &#8211; Agence Gamma<\/p>\n<p>&nbsp;<\/p>\n<p><em>\u00abMon souhait est de venir chanter au Liban avec mon \u00e9quipe.\u00bb<\/em><\/p>\n<p><strong>Avez-vous un petit conseil \u00e0 donner aux jeunes qui aimeraient se lancer dans le milieu musical?<\/strong> Je pense que ce serait pr\u00e9tentieux de ma part de donner des conseils car moi-m\u00eame je d\u00e9bute, je suis en train d\u2019arriver \u00e0 petits pas\u2026 Disons que je conseillerais la patience et la pers\u00e9v\u00e9rance. D\u2019autre part, je suis la personne qui s\u2019acharne au travail, je n\u2019aime pas beaucoup les choses qui me tombent dessus. Je n\u2019ai aucune garantie que cet album sera un succ\u00e8s, mais, une chose est s\u00fbre, c\u2019est que j\u2019y ai mis toute ma force et toute mon \u00e2me.<\/p>\n<p><strong>Quelle est votre philosophie? <\/strong>Tenir\u2026 C\u2019est difficile \u00e0 dire mais il faut toujours garder un petit brin d\u2019espoir avec une petite lumi\u00e8re au bout et cela malgr\u00e9 les d\u00e9ceptions que l\u2019on peut rencontrer dans la vie et qui peuvent nous d\u00e9courager parfois. Autre chose aussi: chercher vraiment qui sont les \u00eatres avant de les critiquer ou de les \u00abfracasser\u00bb gratuitement et sans raison. On peut parfois avoir une image pr\u00e9con\u00e7ue ou erron\u00e9e de quelqu\u2019un, je trouve cela regrettable.<\/p>\n<p><strong>Un projet \u00e0 venir? <\/strong>Venir avec mon \u00e9quipe chanter au Liban, ma terre patrie. Le disque est sorti \u00e0 Beyrouth chez Virgin. Chanter le Liban est une d\u00e9cision que j\u2019ai prise et dans chacun de mes futurs albums, il y aura toujours un petit ou un grand hommage au Liban. Propos recueillis \u00e0 Paris par Diana Kahil<\/p>\n","protected":false},"excerpt":{"rendered":"<p><em>Prestige N 192-193, Juillet-Ao\u00fbt 2009<\/em><br \/>Epouse d\u2019Olivier Lapidus, la jolie Yara \u00e0 la voix suave, vient de sortir un album \u00e9ponyme au style pop et vari\u00e9t\u00e9s, avec de l\u00e9g\u00e8res influences orientales tr\u00e8s raffin\u00e9es. Dans son appartement parisien d\u00e9cor\u00e9 de somptueuses sculptures cr\u00e9\u00e9es par son p\u00e8re l\u2019architecte et sculpteur Robert Wakim, nous avons rencontr\u00e9 Yara, femme-enfant d\u2019une belle cr\u00e9ativit\u00e9 et d\u2019une grande sagesse.<\/p>\n","protected":false},"author":3,"featured_media":0,"comment_status":"closed","ping_status":"closed","sticky":false,"template":"","format":"standard","meta":[],"categories":[13331],"tags":[],"yoast_head":"<!-- This site is optimized with the Yoast SEO plugin v19.4 - https:\/\/yoast.com\/wordpress\/plugins\/seo\/ -->\n<title>Yara Lapidus - Prestige Magazine<\/title>\n<meta name=\"description\" content=\"Prestige N 192-193, Juillet-Ao\u00fbt 2009Epouse d\u2019Olivier Lapidus, la jolie Yara \u00e0 la voix suave, vient de sortir un album \u00e9ponyme au style pop et vari\u00e9t\u00e9s, avec de l\u00e9g\u00e8res influences orientales tr\u00e8s raffin\u00e9es. Dans son appartement parisien d\u00e9cor\u00e9 de somptueuses sculptures cr\u00e9\u00e9es par son p\u00e8re l\u2019architecte et sculpteur Robert Wakim, nous avons rencontr\u00e9 Yara, femme-enfant d\u2019une belle cr\u00e9ativit\u00e9 et d\u2019une grande sagesse.\" \/>\n<meta name=\"robots\" content=\"index, follow, max-snippet:-1, max-image-preview:large, max-video-preview:-1\" \/>\n<link rel=\"canonical\" href=\"https:\/\/www.prestigemag.co\/fr\/2014\/11\/yara-lapidus\/\" \/>\n<meta property=\"og:locale\" content=\"fr_FR\" \/>\n<meta property=\"og:type\" content=\"article\" \/>\n<meta property=\"og:title\" content=\"Yara Lapidus - Prestige Magazine\" \/>\n<meta property=\"og:description\" content=\"Prestige N 192-193, Juillet-Ao\u00fbt 2009Epouse d\u2019Olivier Lapidus, la jolie Yara \u00e0 la voix suave, vient de sortir un album \u00e9ponyme au style pop et vari\u00e9t\u00e9s, avec de l\u00e9g\u00e8res influences orientales tr\u00e8s raffin\u00e9es. Dans son appartement parisien d\u00e9cor\u00e9 de somptueuses sculptures cr\u00e9\u00e9es par son p\u00e8re l\u2019architecte et sculpteur Robert Wakim, nous avons rencontr\u00e9 Yara, femme-enfant d\u2019une belle cr\u00e9ativit\u00e9 et d\u2019une grande sagesse.\" \/>\n<meta property=\"og:url\" content=\"https:\/\/www.prestigemag.co\/fr\/2014\/11\/yara-lapidus\/\" \/>\n<meta property=\"og:site_name\" content=\"Prestige Magazine\" \/>\n<meta property=\"article:publisher\" content=\"https:\/\/www.facebook.com\/prestigemag.co\/\" \/>\n<meta property=\"article:published_time\" content=\"2014-11-25T13:56:20+00:00\" \/>\n<meta property=\"og:image\" content=\"http:\/\/www.prestigemag.co\/wp-content\/uploads\/2014\/11\/13ACD.jpg\" \/>\n<meta name=\"author\" content=\"prestige\" \/>\n<meta name=\"twitter:card\" content=\"summary\" \/>\n<meta name=\"twitter:label1\" content=\"\u00c9crit par\" \/>\n\t<meta name=\"twitter:data1\" content=\"prestige\" \/>\n\t<meta name=\"twitter:label2\" content=\"Dur\u00e9e de lecture estim\u00e9e\" \/>\n\t<meta name=\"twitter:data2\" content=\"11 minutes\" \/>\n<script type=\"application\/ld+json\" class=\"yoast-schema-graph\">{\"@context\":\"https:\/\/schema.org\",\"@graph\":[{\"@type\":\"Organization\",\"@id\":\"https:\/\/www.prestigemag.co\/#organization\",\"name\":\"Prestige\",\"url\":\"https:\/\/www.prestigemag.co\/\",\"sameAs\":[\"https:\/\/www.instagram.com\/prestige.mag\/\",\"https:\/\/www.facebook.com\/prestigemag.co\/\"],\"logo\":{\"@type\":\"ImageObject\",\"inLanguage\":\"fr-FR\",\"@id\":\"https:\/\/www.prestigemag.co\/#\/schema\/logo\/image\/\",\"url\":\"https:\/\/www.prestigemag.co\/wp-content\/uploads\/2021\/11\/logo-Prestige-800x200-1.png\",\"contentUrl\":\"https:\/\/www.prestigemag.co\/wp-content\/uploads\/2021\/11\/logo-Prestige-800x200-1.png\",\"width\":800,\"height\":200,\"caption\":\"Prestige\"},\"image\":{\"@id\":\"https:\/\/www.prestigemag.co\/#\/schema\/logo\/image\/\"}},{\"@type\":\"WebSite\",\"@id\":\"https:\/\/www.prestigemag.co\/#website\",\"url\":\"https:\/\/www.prestigemag.co\/\",\"name\":\"Prestige Magazine\",\"description\":\"Le Monde Des C\u00e9l\u00e9brit\u00e9s\",\"publisher\":{\"@id\":\"https:\/\/www.prestigemag.co\/#organization\"},\"potentialAction\":[{\"@type\":\"SearchAction\",\"target\":{\"@type\":\"EntryPoint\",\"urlTemplate\":\"https:\/\/www.prestigemag.co\/?s={search_term_string}\"},\"query-input\":\"required name=search_term_string\"}],\"inLanguage\":\"fr-FR\"},{\"@type\":\"WebPage\",\"@id\":\"https:\/\/www.prestigemag.co\/fr\/2014\/11\/yara-lapidus\/\",\"url\":\"https:\/\/www.prestigemag.co\/fr\/2014\/11\/yara-lapidus\/\",\"name\":\"Yara Lapidus - Prestige Magazine\",\"isPartOf\":{\"@id\":\"https:\/\/www.prestigemag.co\/#website\"},\"datePublished\":\"2014-11-25T13:56:20+00:00\",\"dateModified\":\"2014-11-25T13:56:20+00:00\",\"description\":\"Prestige N 192-193, Juillet-Ao\u00fbt 2009Epouse d\u2019Olivier Lapidus, la jolie Yara \u00e0 la voix suave, vient de sortir un album \u00e9ponyme au style pop et vari\u00e9t\u00e9s, avec de l\u00e9g\u00e8res influences orientales tr\u00e8s raffin\u00e9es. Dans son appartement parisien d\u00e9cor\u00e9 de somptueuses sculptures cr\u00e9\u00e9es par son p\u00e8re l\u2019architecte et sculpteur Robert Wakim, nous avons rencontr\u00e9 Yara, femme-enfant d\u2019une belle cr\u00e9ativit\u00e9 et d\u2019une grande sagesse.\",\"breadcrumb\":{\"@id\":\"https:\/\/www.prestigemag.co\/fr\/2014\/11\/yara-lapidus\/#breadcrumb\"},\"inLanguage\":\"fr-FR\",\"potentialAction\":[{\"@type\":\"ReadAction\",\"target\":[\"https:\/\/www.prestigemag.co\/fr\/2014\/11\/yara-lapidus\/\"]}]},{\"@type\":\"BreadcrumbList\",\"@id\":\"https:\/\/www.prestigemag.co\/fr\/2014\/11\/yara-lapidus\/#breadcrumb\",\"itemListElement\":[{\"@type\":\"ListItem\",\"position\":1,\"name\":\"Home\",\"item\":\"https:\/\/www.prestigemag.co\/fr\/\"},{\"@type\":\"ListItem\",\"position\":2,\"name\":\"Yara Lapidus\"}]},{\"@type\":\"Article\",\"@id\":\"https:\/\/www.prestigemag.co\/fr\/2014\/11\/yara-lapidus\/#article\",\"isPartOf\":{\"@id\":\"https:\/\/www.prestigemag.co\/fr\/2014\/11\/yara-lapidus\/\"},\"author\":{\"name\":\"prestige\",\"@id\":\"https:\/\/www.prestigemag.co\/#\/schema\/person\/e3f149368970128d68bb2d797bf30fbc\"},\"headline\":\"Yara Lapidus\",\"datePublished\":\"2014-11-25T13:56:20+00:00\",\"dateModified\":\"2014-11-25T13:56:20+00:00\",\"mainEntityOfPage\":{\"@id\":\"https:\/\/www.prestigemag.co\/fr\/2014\/11\/yara-lapidus\/\"},\"wordCount\":2215,\"publisher\":{\"@id\":\"https:\/\/www.prestigemag.co\/#organization\"},\"articleSection\":[\"Entrevues\"],\"inLanguage\":\"fr-FR\"},{\"@type\":\"Person\",\"@id\":\"https:\/\/www.prestigemag.co\/#\/schema\/person\/e3f149368970128d68bb2d797bf30fbc\",\"name\":\"prestige\",\"image\":{\"@type\":\"ImageObject\",\"inLanguage\":\"fr-FR\",\"@id\":\"https:\/\/www.prestigemag.co\/#\/schema\/person\/image\/\",\"url\":\"https:\/\/secure.gravatar.com\/avatar\/0aa2dff5484d35e50578639a2c3ccef9?s=96&d=mm&r=g\",\"contentUrl\":\"https:\/\/secure.gravatar.com\/avatar\/0aa2dff5484d35e50578639a2c3ccef9?s=96&d=mm&r=g\",\"caption\":\"prestige\"},\"url\":\"https:\/\/www.prestigemag.co\/fr\/author\/prestige\/\"}]}<\/script>\n<!-- \/ Yoast SEO plugin. -->","yoast_head_json":{"title":"Yara Lapidus - Prestige Magazine","description":"Prestige N 192-193, Juillet-Ao\u00fbt 2009Epouse d\u2019Olivier Lapidus, la jolie Yara \u00e0 la voix suave, vient de sortir un album \u00e9ponyme au style pop et vari\u00e9t\u00e9s, avec de l\u00e9g\u00e8res influences orientales tr\u00e8s raffin\u00e9es. Dans son appartement parisien d\u00e9cor\u00e9 de somptueuses sculptures cr\u00e9\u00e9es par son p\u00e8re l\u2019architecte et sculpteur Robert Wakim, nous avons rencontr\u00e9 Yara, femme-enfant d\u2019une belle cr\u00e9ativit\u00e9 et d\u2019une grande sagesse.","robots":{"index":"index","follow":"follow","max-snippet":"max-snippet:-1","max-image-preview":"max-image-preview:large","max-video-preview":"max-video-preview:-1"},"canonical":"https:\/\/www.prestigemag.co\/fr\/2014\/11\/yara-lapidus\/","og_locale":"fr_FR","og_type":"article","og_title":"Yara Lapidus - Prestige Magazine","og_description":"Prestige N 192-193, Juillet-Ao\u00fbt 2009Epouse d\u2019Olivier Lapidus, la jolie Yara \u00e0 la voix suave, vient de sortir un album \u00e9ponyme au style pop et vari\u00e9t\u00e9s, avec de l\u00e9g\u00e8res influences orientales tr\u00e8s raffin\u00e9es. Dans son appartement parisien d\u00e9cor\u00e9 de somptueuses sculptures cr\u00e9\u00e9es par son p\u00e8re l\u2019architecte et sculpteur Robert Wakim, nous avons rencontr\u00e9 Yara, femme-enfant d\u2019une belle cr\u00e9ativit\u00e9 et d\u2019une grande sagesse.","og_url":"https:\/\/www.prestigemag.co\/fr\/2014\/11\/yara-lapidus\/","og_site_name":"Prestige Magazine","article_publisher":"https:\/\/www.facebook.com\/prestigemag.co\/","article_published_time":"2014-11-25T13:56:20+00:00","og_image":[{"url":"http:\/\/www.prestigemag.co\/wp-content\/uploads\/2014\/11\/13ACD.jpg"}],"author":"prestige","twitter_card":"summary","twitter_misc":{"\u00c9crit par":"prestige","Dur\u00e9e de lecture estim\u00e9e":"11 minutes"},"schema":{"@context":"https:\/\/schema.org","@graph":[{"@type":"Organization","@id":"https:\/\/www.prestigemag.co\/#organization","name":"Prestige","url":"https:\/\/www.prestigemag.co\/","sameAs":["https:\/\/www.instagram.com\/prestige.mag\/","https:\/\/www.facebook.com\/prestigemag.co\/"],"logo":{"@type":"ImageObject","inLanguage":"fr-FR","@id":"https:\/\/www.prestigemag.co\/#\/schema\/logo\/image\/","url":"https:\/\/www.prestigemag.co\/wp-content\/uploads\/2021\/11\/logo-Prestige-800x200-1.png","contentUrl":"https:\/\/www.prestigemag.co\/wp-content\/uploads\/2021\/11\/logo-Prestige-800x200-1.png","width":800,"height":200,"caption":"Prestige"},"image":{"@id":"https:\/\/www.prestigemag.co\/#\/schema\/logo\/image\/"}},{"@type":"WebSite","@id":"https:\/\/www.prestigemag.co\/#website","url":"https:\/\/www.prestigemag.co\/","name":"Prestige Magazine","description":"Le Monde Des C\u00e9l\u00e9brit\u00e9s","publisher":{"@id":"https:\/\/www.prestigemag.co\/#organization"},"potentialAction":[{"@type":"SearchAction","target":{"@type":"EntryPoint","urlTemplate":"https:\/\/www.prestigemag.co\/?s={search_term_string}"},"query-input":"required name=search_term_string"}],"inLanguage":"fr-FR"},{"@type":"WebPage","@id":"https:\/\/www.prestigemag.co\/fr\/2014\/11\/yara-lapidus\/","url":"https:\/\/www.prestigemag.co\/fr\/2014\/11\/yara-lapidus\/","name":"Yara Lapidus - Prestige Magazine","isPartOf":{"@id":"https:\/\/www.prestigemag.co\/#website"},"datePublished":"2014-11-25T13:56:20+00:00","dateModified":"2014-11-25T13:56:20+00:00","description":"Prestige N 192-193, Juillet-Ao\u00fbt 2009Epouse d\u2019Olivier Lapidus, la jolie Yara \u00e0 la voix suave, vient de sortir un album \u00e9ponyme au style pop et vari\u00e9t\u00e9s, avec de l\u00e9g\u00e8res influences orientales tr\u00e8s raffin\u00e9es. Dans son appartement parisien d\u00e9cor\u00e9 de somptueuses sculptures cr\u00e9\u00e9es par son p\u00e8re l\u2019architecte et sculpteur Robert Wakim, nous avons rencontr\u00e9 Yara, femme-enfant d\u2019une belle cr\u00e9ativit\u00e9 et d\u2019une grande sagesse.","breadcrumb":{"@id":"https:\/\/www.prestigemag.co\/fr\/2014\/11\/yara-lapidus\/#breadcrumb"},"inLanguage":"fr-FR","potentialAction":[{"@type":"ReadAction","target":["https:\/\/www.prestigemag.co\/fr\/2014\/11\/yara-lapidus\/"]}]},{"@type":"BreadcrumbList","@id":"https:\/\/www.prestigemag.co\/fr\/2014\/11\/yara-lapidus\/#breadcrumb","itemListElement":[{"@type":"ListItem","position":1,"name":"Home","item":"https:\/\/www.prestigemag.co\/fr\/"},{"@type":"ListItem","position":2,"name":"Yara Lapidus"}]},{"@type":"Article","@id":"https:\/\/www.prestigemag.co\/fr\/2014\/11\/yara-lapidus\/#article","isPartOf":{"@id":"https:\/\/www.prestigemag.co\/fr\/2014\/11\/yara-lapidus\/"},"author":{"name":"prestige","@id":"https:\/\/www.prestigemag.co\/#\/schema\/person\/e3f149368970128d68bb2d797bf30fbc"},"headline":"Yara Lapidus","datePublished":"2014-11-25T13:56:20+00:00","dateModified":"2014-11-25T13:56:20+00:00","mainEntityOfPage":{"@id":"https:\/\/www.prestigemag.co\/fr\/2014\/11\/yara-lapidus\/"},"wordCount":2215,"publisher":{"@id":"https:\/\/www.prestigemag.co\/#organization"},"articleSection":["Entrevues"],"inLanguage":"fr-FR"},{"@type":"Person","@id":"https:\/\/www.prestigemag.co\/#\/schema\/person\/e3f149368970128d68bb2d797bf30fbc","name":"prestige","image":{"@type":"ImageObject","inLanguage":"fr-FR","@id":"https:\/\/www.prestigemag.co\/#\/schema\/person\/image\/","url":"https:\/\/secure.gravatar.com\/avatar\/0aa2dff5484d35e50578639a2c3ccef9?s=96&d=mm&r=g","contentUrl":"https:\/\/secure.gravatar.com\/avatar\/0aa2dff5484d35e50578639a2c3ccef9?s=96&d=mm&r=g","caption":"prestige"},"url":"https:\/\/www.prestigemag.co\/fr\/author\/prestige\/"}]}},"_links":{"self":[{"href":"https:\/\/www.prestigemag.co\/fr\/wp-json\/wp\/v2\/posts\/19931"}],"collection":[{"href":"https:\/\/www.prestigemag.co\/fr\/wp-json\/wp\/v2\/posts"}],"about":[{"href":"https:\/\/www.prestigemag.co\/fr\/wp-json\/wp\/v2\/types\/post"}],"author":[{"embeddable":true,"href":"https:\/\/www.prestigemag.co\/fr\/wp-json\/wp\/v2\/users\/3"}],"replies":[{"embeddable":true,"href":"https:\/\/www.prestigemag.co\/fr\/wp-json\/wp\/v2\/comments?post=19931"}],"version-history":[{"count":0,"href":"https:\/\/www.prestigemag.co\/fr\/wp-json\/wp\/v2\/posts\/19931\/revisions"}],"wp:attachment":[{"href":"https:\/\/www.prestigemag.co\/fr\/wp-json\/wp\/v2\/media?parent=19931"}],"wp:term":[{"taxonomy":"category","embeddable":true,"href":"https:\/\/www.prestigemag.co\/fr\/wp-json\/wp\/v2\/categories?post=19931"},{"taxonomy":"post_tag","embeddable":true,"href":"https:\/\/www.prestigemag.co\/fr\/wp-json\/wp\/v2\/tags?post=19931"}],"curies":[{"name":"wp","href":"https:\/\/api.w.org\/{rel}","templated":true}]}}