{"id":19933,"date":"2014-11-26T14:39:15","date_gmt":"2014-11-26T14:39:15","guid":{"rendered":"http:\/\/www.prestigemag.co\/2014\/11\/fadel-said-akl\/"},"modified":"2014-11-26T14:39:15","modified_gmt":"2014-11-26T14:39:15","slug":"fadel-said-akl","status":"publish","type":"post","link":"https:\/\/www.prestigemag.co\/fr\/2014\/11\/fadel-said-akl\/","title":{"rendered":"Fadel Said Akl"},"content":{"rendered":"<p><em>Prestige N 80, Janvier 2000<\/em><\/p>\n<h3>Sa plume vivace a escort\u00e9 l\u2019histoire contemporaine de notre pays. Impr\u00e9gn\u00e9e des \u00e9v\u00e9nements saillants de tous les jours, elle a peint dans un style sobre et limpide les belles toiles du Liban ind\u00e9pendant. Fadel Said Akl fait partie de ceux qui ont lutt\u00e9 pour la libert\u00e9 d\u2019expression puisque depuis 1936, il est et demeure qu\u00eateur de v\u00e9rit\u00e9s.<\/h3>\n<p><a href=\"http:\/\/www.prestigemag.co\/wp-content\/uploads\/2014\/11\/Fadel0.jpg\"><img src=\"data:image\/svg+xml,%3Csvg%20xmlns='http:\/\/www.w3.org\/2000\/svg'%20viewBox='0%200%2080%%20247'%3E%3C\/svg%3E\" class=\"zeen-lazy-load-base zeen-lazy-load alignnone wp-image-3628\" data-lazy-src=\"http:\/\/www.prestigemag.co\/wp-content\/uploads\/2014\/11\/Fadel0.jpg\" alt=\"Fadel0\" width=\"80%\" data-lazy-srcset=\"https:\/\/www.prestigemag.co\/wp-content\/uploads\/2014\/11\/Fadel0.jpg 945w, https:\/\/www.prestigemag.co\/wp-content\/uploads\/2014\/11\/Fadel0-300x192.jpg 300w, https:\/\/www.prestigemag.co\/wp-content\/uploads\/2014\/11\/Fadel0-150x96.jpg 150w, https:\/\/www.prestigemag.co\/wp-content\/uploads\/2014\/11\/Fadel0-584x375.jpg 584w, https:\/\/www.prestigemag.co\/wp-content\/uploads\/2014\/11\/Fadel0-194x125.jpg 194w, https:\/\/www.prestigemag.co\/wp-content\/uploads\/2014\/11\/Fadel0-104x67.jpg 104w\" data-lazy-sizes=\"(max-width: 945px) 100vw, 945px\" \/><noscript><img class=\"alignnone wp-image-3628\" src=\"http:\/\/www.prestigemag.co\/wp-content\/uploads\/2014\/11\/Fadel0.jpg\" alt=\"Fadel0\" width=\"80%\" srcset=\"https:\/\/www.prestigemag.co\/wp-content\/uploads\/2014\/11\/Fadel0.jpg 945w, https:\/\/www.prestigemag.co\/wp-content\/uploads\/2014\/11\/Fadel0-300x192.jpg 300w, https:\/\/www.prestigemag.co\/wp-content\/uploads\/2014\/11\/Fadel0-150x96.jpg 150w, https:\/\/www.prestigemag.co\/wp-content\/uploads\/2014\/11\/Fadel0-584x375.jpg 584w, https:\/\/www.prestigemag.co\/wp-content\/uploads\/2014\/11\/Fadel0-194x125.jpg 194w, https:\/\/www.prestigemag.co\/wp-content\/uploads\/2014\/11\/Fadel0-104x67.jpg 104w\" sizes=\"(max-width: 945px) 100vw, 945px\" \/><\/noscript><\/a><\/p>\n<p>\u00a9 Archives Fadel Akl<\/p>\n<p><em>Fadel Said Akl et son \u00e9pouse Antoinette, fille de Wadih Akl, pr\u00e9sident du Syndicat de la presse.<\/em><\/p>\n<h2>Il n&rsquo;avait qu&rsquo;un an \u00e0 la mort de son p\u00e8re Said Akl, martyr de l&rsquo;Ind\u00e9pendance<\/h2>\n<p>Originaire de Damour, il a vu le jour le 15 mars 1915, un an avant le martyre de son p\u00e8re Sa\u00efd Akl. De lui, il ne se souvient que de ce que ses oncles lui ont appris. \u00abHomme de lettres v\u00e9h\u00e9ment et imp\u00e9tueux, il revint du Mexique o\u00f9 il avait fond\u00e9 un journal et fut l&rsquo;un des premiers martyrs de l&rsquo;Ind\u00e9pendance\u00bb. Fadel Sa\u00efd Akl a h\u00e9rit\u00e9 de lui l&rsquo;amour du journalisme puisque, durant ses ann\u00e9es d&rsquo;\u00e9tudes, il composa avec Edmond Honein, son ami de toujours, une collection de manuscrits destin\u00e9s aux \u00e9coliers. Il t\u00e9moigne de la reconnaissance aux J\u00e9suites qu&rsquo;il qualifie de \u00abmeilleurs p\u00e9dagogues\u00bb. <em>\u00ab<\/em>je me souviens aussi de Fouad Ephrem Boustany, lui-m\u00eame \u00e9tudiant \u00e0 l&rsquo;\u00e9poque, qui m&rsquo;a initi\u00e9 avec passion \u00e0 l&rsquo;Histoire du Liban. Amus\u00e9, il me raconte ses d\u00e9boires avec la po\u00e9sie. \u00abC&rsquo;\u00e9tait un recueil de po\u00e8mes \u00e9crit avec la fougue de mes seize ans. Je l&rsquo;ai fait.Parvenir \u00e0 Wadih Akl, mon oncle et futur beau-p\u00e8re, pr\u00e9sident du Syndicat de la Presse. Il d\u00e9chira les textes et dit: \u00abD\u00e9sormais fais tout, \u00e0 part de la po\u00e9sie\u00bb. Fadel Said Akl n\u2019a gu\u00e8re perdu son temps puisqu&rsquo;il fit ses d\u00e9buts dans le journalisme au quotidien: <em>Arzat <\/em><em>Loubnan<\/em> de Youssef el Hett\u00e9 et cr\u00e9e \u00e0 vingt ans un hebdomadaire <em>AI-Assima. <\/em>Ce magazine culturel destin\u00e9 \u00e0 la jeunesse a \u00e9t\u00e9 intercept\u00e9 dans son essor par les mandataires fran\u00e7ais \u00e0 la suite d&rsquo;un diff\u00e9rend entre le Haut-Commissaire Damien de Martel et le Patriarche Antoun Arida lors de l&rsquo;institution de la R\u00e9gie Libanaise des Tabacs. <em>Ach<\/em><em>&#8211;<\/em><em>Chu &lsquo;la, <\/em>fond\u00e9 en 1936, \u00e9tait un journal critique socialiste engag\u00e9. C&rsquo;\u00e9tait \u00e0 l&rsquo;\u00e9poque de la grande victoire du Front Populaire en\u00a0France. \u00a0<em>Ach<\/em><em>&#8211;<\/em><em>Chu&rsquo; la <\/em>a \u00e9t\u00e9 longtemps combattu. \u00abM\u00eame le pr\u00e9sident Chamoun de qui j&rsquo;\u00e9tais assez proche ne l&rsquo;a pas \u00e9pargn\u00e9\u00bb. Fadel Sa\u00efd Akl\u00a0m&rsquo;expliqua avec fiert\u00e9 qu&rsquo;il \u00e9tait l&rsquo;un des rares personnages alliant simultan\u00e9ment les deux id\u00e9ologies de droite et de gauche si contradictoires alors.<\/p>\n<p>&nbsp;<\/p>\n<p><a href=\"http:\/\/www.prestigemag.co\/wp-content\/uploads\/2014\/11\/Fadel.jpg\"><img src=\"data:image\/svg+xml,%3Csvg%20xmlns='http:\/\/www.w3.org\/2000\/svg'%20viewBox='0%200%2042%%20247'%3E%3C\/svg%3E\" class=\"zeen-lazy-load-base zeen-lazy-load alignnone wp-image-3629\" data-lazy-src=\"http:\/\/www.prestigemag.co\/wp-content\/uploads\/2014\/11\/Fadel.jpg\" alt=\"Fadel\" width=\"42%\" data-lazy-srcset=\"https:\/\/www.prestigemag.co\/wp-content\/uploads\/2014\/11\/Fadel.jpg 472w, https:\/\/www.prestigemag.co\/wp-content\/uploads\/2014\/11\/Fadel-207x300.jpg 207w, https:\/\/www.prestigemag.co\/wp-content\/uploads\/2014\/11\/Fadel-103x150.jpg 103w, https:\/\/www.prestigemag.co\/wp-content\/uploads\/2014\/11\/Fadel-259x375.jpg 259w, https:\/\/www.prestigemag.co\/wp-content\/uploads\/2014\/11\/Fadel-86x125.jpg 86w, https:\/\/www.prestigemag.co\/wp-content\/uploads\/2014\/11\/Fadel-46x67.jpg 46w\" data-lazy-sizes=\"(max-width: 472px) 100vw, 472px\" \/><noscript><img class=\"alignnone wp-image-3629\" src=\"http:\/\/www.prestigemag.co\/wp-content\/uploads\/2014\/11\/Fadel.jpg\" alt=\"Fadel\" width=\"42%\" srcset=\"https:\/\/www.prestigemag.co\/wp-content\/uploads\/2014\/11\/Fadel.jpg 472w, https:\/\/www.prestigemag.co\/wp-content\/uploads\/2014\/11\/Fadel-207x300.jpg 207w, https:\/\/www.prestigemag.co\/wp-content\/uploads\/2014\/11\/Fadel-103x150.jpg 103w, https:\/\/www.prestigemag.co\/wp-content\/uploads\/2014\/11\/Fadel-259x375.jpg 259w, https:\/\/www.prestigemag.co\/wp-content\/uploads\/2014\/11\/Fadel-86x125.jpg 86w, https:\/\/www.prestigemag.co\/wp-content\/uploads\/2014\/11\/Fadel-46x67.jpg 46w\" sizes=\"(max-width: 472px) 100vw, 472px\" \/><\/noscript><\/a><\/p>\n<p><em>\u00a0\u00a9 <\/em>Prestige \/ Philippe<\/p>\n<p><em>Un esprit \u00e9rudit qui \u00e9claira soixante ans de journalisme et des mains qui ont contribu\u00e9 \u00e0 forger la presse contemporaine.<\/em><\/p>\n<p>Il tenait un journal impr\u00e9gn\u00e9 de socialisme tout en fondant avec Toufic Lutfallah Awad le parti de droite de l&rsquo;Unit\u00e9 Libanaise.<\/p>\n<p>Apr\u00e8s de multiples suspensions, <em>A<\/em><em>c<\/em><em>h-Chul<\/em><em>\u00e0 <\/em>vire d\u00e9sormais d\u00e8s 1952 vers des sujets moins dangereux: la culture, la soci\u00e9t\u00e9 &#8230; <em>AI-Ahali, <\/em>un quotidien fond\u00e9 avec Abdallah al- Hajj, est offert au public par intermittence de 1937 \u00e0 1942 quand l&rsquo;arr\u00eat\u00e9 du g\u00e9n\u00e9ral Dantz interdit finalement sa parution. Il eut encore deux journaux \u00e0 contenu divers: <em>A<\/em><em>I-<\/em><em>A<\/em><em>kl <\/em>abordant uniquement des sujets litt\u00e9raires et <em>A<\/em><em>l<\/em><em>&#8211;<\/em><em>Mich<\/em><em>&lsquo; <\/em><em>al <\/em>d\u00e9di\u00e9 \u00e0 la po\u00e9sie libanaise populaire. Ses oncles paternels Assaad et Joseph avaient pris la rel\u00e8ve de <em>A<\/em><em>I-Ba<\/em><em>y<\/em><em>raq <\/em>fond\u00e9 par Sa\u00efd Akl.<\/p>\n<p>Fadel ne tarda pas \u00e0 acc\u00e9der au sommet de cette entreprise familiale et pr\u00e9sida sa r\u00e9daction de 1954 \u00e0 1960. Il \u00e9tait alors r\u00e9dacteur en chef de quatre journaux: <em>A<\/em><em>l<\/em><em>&#8211;<\/em><em>Bay<\/em><em>r<\/em><em>aq, Al-Bachir, <\/em><em>Ra<\/em><em>q<\/em><em>ib al-Ahwal, Sawt al-Jamia. <\/em>Fadel \u00e9voque avec tendresse l&rsquo;ann\u00e9e 1963.<\/p>\n<p>\u00abC&rsquo;\u00e9tait l&rsquo;\u00e2ge d&rsquo;or de <em>A<\/em><em>I<\/em><em>&#8211;<\/em><em>Ba<\/em><em>y<\/em><em>raq: <\/em>la fusion de <em>A<\/em><em>l<\/em><em>&#8211;<\/em><em>Zaman<\/em><em>, <\/em>propri\u00e9t\u00e9 de mon beau-fr\u00e8re Robert Abela et de <em>Bey<\/em><em>routh, <\/em>publi\u00e9 en anglais, appartenant<\/p>\n<p>\u00e0 mon demi-fr\u00e8re Joseph Arej Saad\u00e9 ainsi <em>qu&rsquo;AI<\/em><em>-B<\/em><em>ayra<\/em><em>q <\/em>dans une soci\u00e9t\u00e9 de presse tr\u00e8s florissante \u00e0 l&rsquo;\u00e9poque.<\/p>\n<p><em>AI<\/em><em>&#8211;<\/em><em>Bayraq, <\/em>\u00e0 l&rsquo;instar d&rsquo;autres publications fut aussi suspendu \u00e0 plusieurs reprises. En 1948, B\u00e9chara el Khoury et Riad Solh ont interdit sa publication deux ann\u00e9es durant. Le premier num\u00e9ro de <em>AI-Ba<\/em><em>yraq <\/em>qui parut apr\u00e8s la tr\u00eave repr\u00e9sentait deux bras li\u00e9s, parodie de la libert\u00e9 encha\u00een\u00e9e.<\/p>\n<p>L&rsquo;authenticit\u00e9 et la transparence des mots reviennent comme un leitmotiv dans le discours de Fadel Sa\u00efd Akl. Et lorsque je lui demandai s&rsquo;il a pu toujours exprimer la v\u00e9rit\u00e9 dans\u00a0 un pays comme le Liban o\u00f9 cela n&rsquo;est pas souvent recommand\u00e9, il m&rsquo;a r\u00e9pondu avec humour<\/p>\n<p>\u00abOui, la preuve: les neuf fois o\u00f9 j&rsquo;ai \u00e9t\u00e9 emprisonn\u00e9\u00bb. Le journaliste Fadel Sa\u00efd Akl se rappelle non sans nostalgie certaines rencontres qui ont marqu\u00e9 son pass\u00e9. Tout d&rsquo;abord, celle bien br\u00e8ve mais extraordinaire avec le grand savant Albert Einstein. \u00abC&rsquo;\u00e9tait l&rsquo;ann\u00e9e 1953 et j&rsquo;\u00e9tais en tourn\u00e9e d&rsquo;information aux Etats-Unis. J&rsquo;ai fait escale \u00e0 l&rsquo;universit\u00e9 de Princeton en vue de rencontrer l&rsquo;historien Docteur Philippe Hitti\u00bb.<\/p>\n<p><a href=\"http:\/\/www.prestigemag.co\/wp-content\/uploads\/2014\/11\/Fadel1.jpg\"><img src=\"data:image\/svg+xml,%3Csvg%20xmlns='http:\/\/www.w3.org\/2000\/svg'%20viewBox='0%200%2055%%20247'%3E%3C\/svg%3E\" class=\"zeen-lazy-load-base zeen-lazy-load alignnone wp-image-3630\" data-lazy-src=\"http:\/\/www.prestigemag.co\/wp-content\/uploads\/2014\/11\/Fadel1.jpg\" alt=\"Fadel1\" width=\"55%\" data-lazy-srcset=\"https:\/\/www.prestigemag.co\/wp-content\/uploads\/2014\/11\/Fadel1.jpg 709w, https:\/\/www.prestigemag.co\/wp-content\/uploads\/2014\/11\/Fadel1-300x218.jpg 300w, https:\/\/www.prestigemag.co\/wp-content\/uploads\/2014\/11\/Fadel1-150x109.jpg 150w, https:\/\/www.prestigemag.co\/wp-content\/uploads\/2014\/11\/Fadel1-515x375.jpg 515w, https:\/\/www.prestigemag.co\/wp-content\/uploads\/2014\/11\/Fadel1-171x125.jpg 171w, https:\/\/www.prestigemag.co\/wp-content\/uploads\/2014\/11\/Fadel1-92x67.jpg 92w\" data-lazy-sizes=\"(max-width: 709px) 100vw, 709px\" \/><noscript><img class=\"alignnone wp-image-3630\" src=\"http:\/\/www.prestigemag.co\/wp-content\/uploads\/2014\/11\/Fadel1.jpg\" alt=\"Fadel1\" width=\"55%\" srcset=\"https:\/\/www.prestigemag.co\/wp-content\/uploads\/2014\/11\/Fadel1.jpg 709w, https:\/\/www.prestigemag.co\/wp-content\/uploads\/2014\/11\/Fadel1-300x218.jpg 300w, https:\/\/www.prestigemag.co\/wp-content\/uploads\/2014\/11\/Fadel1-150x109.jpg 150w, https:\/\/www.prestigemag.co\/wp-content\/uploads\/2014\/11\/Fadel1-515x375.jpg 515w, https:\/\/www.prestigemag.co\/wp-content\/uploads\/2014\/11\/Fadel1-171x125.jpg 171w, https:\/\/www.prestigemag.co\/wp-content\/uploads\/2014\/11\/Fadel1-92x67.jpg 92w\" sizes=\"(max-width: 709px) 100vw, 709px\" \/><\/noscript><\/a><\/p>\n<p>\u00a9 Archives Fadel Akl<\/p>\n<p><em>Fadel Said Akl en compagnie de l\u2019historien Jawad Boulos.<\/em><\/p>\n<h2>L&rsquo;entrevue br\u00e8ve mais extraordinaire avec Einstein a profond\u00e9ment marqu\u00e9 Fadel Said Akl.<\/h2>\n<p>Nous nous promenions dans le jardin de l&rsquo;universit\u00e9 quand mes yeux se port\u00e8rent tout \u00e0 coup sur un vieil homme \u00e0 la chevelure \u00e9bouriff\u00e9e et blanch\u00e2tre assis sur un banc. J&rsquo;ai chuchot\u00e9 \u00e0 mon compagnon\u00a0:<\/p>\n<p>\u00abJ&rsquo;ai l&rsquo;impression d&rsquo;avoir vu ce visage\u00bb. Surpris de mon ignorance, mon ami me r\u00e9pond: \u00abMais c&rsquo;est Albert Einstein\u00bb. J&rsquo;ai eu par la suite un court entretien avec le grand savant qui me montra du doigt un c\u00e8dre plant\u00e9 \u00e0 proximit\u00e9, dans le campus, import\u00e9 du Liban par Docteur Hitti puis m&rsquo;a parl\u00e9 avec simplicit\u00e9 du Liban qu&rsquo;il conna\u00eet \u00e0 travers ses lectures\u00bb. Il me relata son entrevue avec Juan<\/p>\n<p>Domingo Peron en 1954. \u00abJ&rsquo;ai toujours admir\u00e9 la doctrine du justicialisme. Je voulais \u00e0 tout prix rencontrer le pr\u00e9sident de la R\u00e9publique argentine. C&rsquo;est Roufa\u00ebl Lahoud, le p\u00e8re de Rom\u00e9o Lahoud, qui, malgr\u00e9 nos dissensions quand il \u00e9tait d\u00e9put\u00e9 au Liban, m&rsquo;a arrang\u00e9 un entretien avec lui. Juan Peron m&rsquo;a serr\u00e9 dans ses bras \u00e0 la mani\u00e8re sud-am\u00e9ricaine en r\u00e9p\u00e9tant \u00abamigo\u00bb et m&rsquo;a longuement expliqu\u00e9 ses projets de justice sociale et de dirigisme \u00e9conomique\u00bb.<\/p>\n<p>De retour au Liban, j&rsquo;ai consacr\u00e9 de nombreux articles au p\u00e9ronisme\u00bb.<\/p>\n<p><a href=\"http:\/\/www.prestigemag.co\/wp-content\/uploads\/2014\/11\/Fadel2.jpg\"><img src=\"data:image\/svg+xml,%3Csvg%20xmlns='http:\/\/www.w3.org\/2000\/svg'%20viewBox='0%200%2081%%20247'%3E%3C\/svg%3E\" class=\"zeen-lazy-load-base zeen-lazy-load alignnone wp-image-3631\" data-lazy-src=\"http:\/\/www.prestigemag.co\/wp-content\/uploads\/2014\/11\/Fadel2.jpg\" alt=\"Fadel2\" width=\"81%\" data-lazy-srcset=\"https:\/\/www.prestigemag.co\/wp-content\/uploads\/2014\/11\/Fadel2.jpg 945w, https:\/\/www.prestigemag.co\/wp-content\/uploads\/2014\/11\/Fadel2-300x170.jpg 300w, https:\/\/www.prestigemag.co\/wp-content\/uploads\/2014\/11\/Fadel2-150x85.jpg 150w, https:\/\/www.prestigemag.co\/wp-content\/uploads\/2014\/11\/Fadel2-600x341.jpg 600w, https:\/\/www.prestigemag.co\/wp-content\/uploads\/2014\/11\/Fadel2-219x125.jpg 219w, https:\/\/www.prestigemag.co\/wp-content\/uploads\/2014\/11\/Fadel2-117x67.jpg 117w\" data-lazy-sizes=\"(max-width: 945px) 100vw, 945px\" \/><noscript><img class=\"alignnone wp-image-3631\" src=\"http:\/\/www.prestigemag.co\/wp-content\/uploads\/2014\/11\/Fadel2.jpg\" alt=\"Fadel2\" width=\"81%\" srcset=\"https:\/\/www.prestigemag.co\/wp-content\/uploads\/2014\/11\/Fadel2.jpg 945w, https:\/\/www.prestigemag.co\/wp-content\/uploads\/2014\/11\/Fadel2-300x170.jpg 300w, https:\/\/www.prestigemag.co\/wp-content\/uploads\/2014\/11\/Fadel2-150x85.jpg 150w, https:\/\/www.prestigemag.co\/wp-content\/uploads\/2014\/11\/Fadel2-600x341.jpg 600w, https:\/\/www.prestigemag.co\/wp-content\/uploads\/2014\/11\/Fadel2-219x125.jpg 219w, https:\/\/www.prestigemag.co\/wp-content\/uploads\/2014\/11\/Fadel2-117x67.jpg 117w\" sizes=\"(max-width: 945px) 100vw, 945px\" \/><\/noscript><\/a><\/p>\n<p>\u00a9 Archives Fadel Akl<\/p>\n<p><em>Rituel mensuel: le d\u00e9jeuner auquel le pr\u00e9sident Frangi\u00e9 conviait les membres du Syndicat de la Presse.<\/em><\/p>\n<p>En 1976, une commission de journalistes libanais s\u2019est rendue en Libye pour y rencontrer Mu\u2019ammar al Kadhafi. D\u00e8s notre entr\u00e9e dans la salle de r\u00e9union et en pr\u00e9sence de Moussa Sader, le chef de l\u2019Etat libyen nous a apostroph\u00e9s et questionn\u00e9s sur le r\u00f4le des Maronites au Liban. Je lui expliqu\u00e9 leur place vitale dans la vie politique libanaise. Il r\u00e9pondit avec scepticisme. Marwan Hamad\u00e9 qui \u00e9tait assis \u00e0 c\u00f4t\u00e9 de moi a propos\u00e9 la la\u00efcisation de l\u2019Etat comme solution au probl\u00e8me libanais. Kadhafi en col\u00e8re a quitt\u00e9 la pi\u00e8ce. Riad Taha qui \u00e9tait alors pr\u00e9sident du Syndicat de la Presse et moi-m\u00eame avons \u00e9t\u00e9 alors coinc\u00e9s plusieurs heures dans l\u2019ascenseur \u00e0 la sortie du palais. Pure co\u00efncidence ou simple menace, je ne l\u2019ai jamais su\u2026 En juillet 1957, une autre d\u00e9l\u00e9gation s\u2019est dirig\u00e9e vers l\u2019Egypte. \u00abAbdel Nasser nous a re\u00e7us \u00e0 Alexandrie. Des journalistes curieux demandaient des \u00e9claircissements sur les troubles que causait l\u2019Egypte au Liban. Nasser se tourna vers moi et dit\u00a0: \u00abJe laisse aux Libanais le soin de r\u00e9pondre\u00bb\u2026 Fadel Said Akl me raconta ensuite l\u2019un de ses s\u00e9jours en prison \u00abau nom de la libert\u00e9 de la presse\u00bb.<\/p>\n<p><a href=\"http:\/\/www.prestigemag.co\/wp-content\/uploads\/2014\/11\/Fadel3.jpg\"><img src=\"data:image\/svg+xml,%3Csvg%20xmlns='http:\/\/www.w3.org\/2000\/svg'%20viewBox='0%200%2038%%20247'%3E%3C\/svg%3E\" class=\"zeen-lazy-load-base zeen-lazy-load alignnone wp-image-3632\" data-lazy-src=\"http:\/\/www.prestigemag.co\/wp-content\/uploads\/2014\/11\/Fadel3.jpg\" alt=\"Fadel3\" width=\"38%\" data-lazy-srcset=\"https:\/\/www.prestigemag.co\/wp-content\/uploads\/2014\/11\/Fadel3.jpg 709w, https:\/\/www.prestigemag.co\/wp-content\/uploads\/2014\/11\/Fadel3-252x300.jpg 252w, https:\/\/www.prestigemag.co\/wp-content\/uploads\/2014\/11\/Fadel3-126x150.jpg 126w, https:\/\/www.prestigemag.co\/wp-content\/uploads\/2014\/11\/Fadel3-315x375.jpg 315w, https:\/\/www.prestigemag.co\/wp-content\/uploads\/2014\/11\/Fadel3-105x125.jpg 105w, https:\/\/www.prestigemag.co\/wp-content\/uploads\/2014\/11\/Fadel3-56x67.jpg 56w\" data-lazy-sizes=\"(max-width: 709px) 100vw, 709px\" \/><noscript><img class=\"alignnone wp-image-3632\" src=\"http:\/\/www.prestigemag.co\/wp-content\/uploads\/2014\/11\/Fadel3.jpg\" alt=\"Fadel3\" width=\"38%\" srcset=\"https:\/\/www.prestigemag.co\/wp-content\/uploads\/2014\/11\/Fadel3.jpg 709w, https:\/\/www.prestigemag.co\/wp-content\/uploads\/2014\/11\/Fadel3-252x300.jpg 252w, https:\/\/www.prestigemag.co\/wp-content\/uploads\/2014\/11\/Fadel3-126x150.jpg 126w, https:\/\/www.prestigemag.co\/wp-content\/uploads\/2014\/11\/Fadel3-315x375.jpg 315w, https:\/\/www.prestigemag.co\/wp-content\/uploads\/2014\/11\/Fadel3-105x125.jpg 105w, https:\/\/www.prestigemag.co\/wp-content\/uploads\/2014\/11\/Fadel3-56x67.jpg 56w\" sizes=\"(max-width: 709px) 100vw, 709px\" \/><\/noscript><\/a><\/p>\n<p>\u00a9 Archives Fadel Akl<\/p>\n<p><em>Au Br\u00e9sil, Fawzi Chammas lui remet la m\u00e9daille de commandeur de l\u2019Ordre de l\u2019Union mondiale de la Presse.<\/em><\/p>\n<p>C&rsquo;\u00e9tait en 1944. Ce qui diff\u00e9renciait cette d\u00e9tention de toutes les autres \u00e9tait que l\u2019homme de loi qui l\u2019avait arr\u00eat\u00e9 \u00e9tait un ami d\u2019\u00e9cole, Abdel Aziz Ch\u00e9hab. L\u2019avocat charg\u00e9 de le d\u00e9fendre \u00e9tait aussi une vieille connaissance et son ge\u00f4lier, un d\u00e9nomm\u00e9 Khaddaj, travaillait en m\u00eame temps dans l\u2019un de ses journaux. La situation \u00e9tait v\u00e9ritablement embarrassante pour tout le monde. Fadel Said Akl a collabor\u00e9 \u00e0 la plupart des quotidiens libanais. Membre du Syndicat de la presse depuis 1937 et vice-pr\u00e9sident depuis 1982, il a exerc\u00e9 la fonction de conseiller du ministre de l\u2019Information de 1970 \u00e0 1982.<\/p>\n<p><a href=\"http:\/\/www.prestigemag.co\/wp-content\/uploads\/2014\/11\/Fadel4.jpg\"><img src=\"data:image\/svg+xml,%3Csvg%20xmlns='http:\/\/www.w3.org\/2000\/svg'%20viewBox='0%200%2046%%20247'%3E%3C\/svg%3E\" class=\"zeen-lazy-load-base zeen-lazy-load alignnone wp-image-3633\" data-lazy-src=\"http:\/\/www.prestigemag.co\/wp-content\/uploads\/2014\/11\/Fadel4.jpg\" alt=\"Fadel4\" width=\"46%\" data-lazy-srcset=\"https:\/\/www.prestigemag.co\/wp-content\/uploads\/2014\/11\/Fadel4.jpg 945w, https:\/\/www.prestigemag.co\/wp-content\/uploads\/2014\/11\/Fadel4-300x189.jpg 300w, https:\/\/www.prestigemag.co\/wp-content\/uploads\/2014\/11\/Fadel4-150x94.jpg 150w, https:\/\/www.prestigemag.co\/wp-content\/uploads\/2014\/11\/Fadel4-593x375.jpg 593w, https:\/\/www.prestigemag.co\/wp-content\/uploads\/2014\/11\/Fadel4-197x125.jpg 197w, https:\/\/www.prestigemag.co\/wp-content\/uploads\/2014\/11\/Fadel4-106x67.jpg 106w\" data-lazy-sizes=\"(max-width: 945px) 100vw, 945px\" \/><noscript><img class=\"alignnone wp-image-3633\" src=\"http:\/\/www.prestigemag.co\/wp-content\/uploads\/2014\/11\/Fadel4.jpg\" alt=\"Fadel4\" width=\"46%\" srcset=\"https:\/\/www.prestigemag.co\/wp-content\/uploads\/2014\/11\/Fadel4.jpg 945w, https:\/\/www.prestigemag.co\/wp-content\/uploads\/2014\/11\/Fadel4-300x189.jpg 300w, https:\/\/www.prestigemag.co\/wp-content\/uploads\/2014\/11\/Fadel4-150x94.jpg 150w, https:\/\/www.prestigemag.co\/wp-content\/uploads\/2014\/11\/Fadel4-593x375.jpg 593w, https:\/\/www.prestigemag.co\/wp-content\/uploads\/2014\/11\/Fadel4-197x125.jpg 197w, https:\/\/www.prestigemag.co\/wp-content\/uploads\/2014\/11\/Fadel4-106x67.jpg 106w\" sizes=\"(max-width: 945px) 100vw, 945px\" \/><\/noscript><\/a><a href=\"http:\/\/www.prestigemag.co\/wp-content\/uploads\/2014\/11\/Fadel5.jpg\"><img src=\"data:image\/svg+xml,%3Csvg%20xmlns='http:\/\/www.w3.org\/2000\/svg'%20viewBox='0%200%2036%%20247'%3E%3C\/svg%3E\" class=\"zeen-lazy-load-base zeen-lazy-load alignnone wp-image-3634\" data-lazy-src=\"http:\/\/www.prestigemag.co\/wp-content\/uploads\/2014\/11\/Fadel5.jpg\" alt=\"Fadel5\" width=\"36%\" data-lazy-srcset=\"https:\/\/www.prestigemag.co\/wp-content\/uploads\/2014\/11\/Fadel5.jpg 709w, https:\/\/www.prestigemag.co\/wp-content\/uploads\/2014\/11\/Fadel5-150x148.jpg 150w, https:\/\/www.prestigemag.co\/wp-content\/uploads\/2014\/11\/Fadel5-300x297.jpg 300w, https:\/\/www.prestigemag.co\/wp-content\/uploads\/2014\/11\/Fadel5-135x135.jpg 135w, https:\/\/www.prestigemag.co\/wp-content\/uploads\/2014\/11\/Fadel5-378x375.jpg 378w, https:\/\/www.prestigemag.co\/wp-content\/uploads\/2014\/11\/Fadel5-126x125.jpg 126w, https:\/\/www.prestigemag.co\/wp-content\/uploads\/2014\/11\/Fadel5-67x67.jpg 67w\" data-lazy-sizes=\"(max-width: 709px) 100vw, 709px\" \/><noscript><img class=\"alignnone wp-image-3634\" src=\"http:\/\/www.prestigemag.co\/wp-content\/uploads\/2014\/11\/Fadel5.jpg\" alt=\"Fadel5\" width=\"36%\" srcset=\"https:\/\/www.prestigemag.co\/wp-content\/uploads\/2014\/11\/Fadel5.jpg 709w, https:\/\/www.prestigemag.co\/wp-content\/uploads\/2014\/11\/Fadel5-150x148.jpg 150w, https:\/\/www.prestigemag.co\/wp-content\/uploads\/2014\/11\/Fadel5-300x297.jpg 300w, https:\/\/www.prestigemag.co\/wp-content\/uploads\/2014\/11\/Fadel5-135x135.jpg 135w, https:\/\/www.prestigemag.co\/wp-content\/uploads\/2014\/11\/Fadel5-378x375.jpg 378w, https:\/\/www.prestigemag.co\/wp-content\/uploads\/2014\/11\/Fadel5-126x125.jpg 126w, https:\/\/www.prestigemag.co\/wp-content\/uploads\/2014\/11\/Fadel5-67x67.jpg 67w\" sizes=\"(max-width: 709px) 100vw, 709px\" \/><\/noscript><\/a><\/p>\n<p>\u00a9 Archives Fadel Akl \u00a0 \u00a0 \u00a0 \u00a0 \u00a0 \u00a0 \u00a0 \u00a0 \u00a0 \u00a0 \u00a0 \u00a0 \u00a0 \u00a0 \u00a0 \u00a0 \u00a0 \u00a0 \u00a0 \u00a0 \u00a0 \u00a0 \u00a0 \u00a0 \u00a0 \u00a0 \u00a0 \u00a0 \u00a0 \u00a0 \u00a0 \u00a0 \u00a0 \u00a0 \u00a0 \u00a0 \u00a0 \u00a0 \u00a0 \u00a0 \u00a0 \u00a0 \u00a0\u00a0\u00a9 Archives Fadel Akl<\/p>\n<p><em>Georgina Rizk saluant Antoinette Akl \u00e9pouse de Fadel Said Akl. \u00a0 \u00a0 \u00a0 \u00a0 \u00a0 \u00a0 \u00a0 \u00a0 \u00a0 \u00a0 \u00a0 \u00a0 \u00a0 \u00a0 \u00a0 \u00a0 \u00a0Fadel Said Akl \u00e0 Hollywood avec Johnny Weissmuller (Tarzan) et \u00a0 \u00a0 \u00a0 \u00a0 \u00a0 \u00a0 \u00a0 \u00a0 \u00a0 \u00a0 \u00a0 \u00a0 \u00a0 \u00a0 \u00a0 \u00a0 \u00a0 \u00a0 \u00a0 \u00a0 \u00a0 \u00a0 \u00a0 \u00a0 \u00a0 \u00a0 \u00a0 \u00a0 \u00a0 \u00a0 \u00a0 \u00a0 \u00a0 \u00a0 \u00a0 \u00a0 \u00a0 \u00a0 \u00a0 \u00a0 \u00a0 \u00a0 \u00a0 \u00a0 \u00a0 \u00a0 \u00a0 \u00a0 \u00a0 \u00a0 \u00a0 \u00a0 \u00a0 \u00a0 \u00a0 \u00a0 \u00a0 \u00a0 \u00a0 \u00a0 \u00a0 \u00a0 \u00a0 \u00a0 \u00a0 \u00a0 \u00a0 \u00a0 \u00a0 \u00a0 \u00a0 \u00a0 \u00a0 \u00a0 \u00a0 \u00a0 \u00a0 \u00a0 \u00a0 \u00a0 \u00a0 \u00a0 \u00a0 \u00a0 \u00a0 \u00a0son \u00a0singe Cheetah.<\/em><\/p>\n<p>Il poss\u00e8de \u00e0 son actif non seulement des milliers d\u2019articles traitant de sujets les plus divers mais aussi de nombreux ouvrages litt\u00e9raires. Les th\u00e8mes varient aussi\u00a0: une \u0153uvre relatant la vie du martyr Said Akl, d\u2019autres lyriques\u00a0: le ma\u00eetre, l\u2019\u00e9l\u00e8ve\u2026 des biographies h\u00e9t\u00e9roclites de Youssef Yazbek, de Fouad Haddad, son meilleur ami tu\u00e9 durant les \u00e9v\u00e9nements de 1958, du brillant orateur Michel Zakkour avec la participation de Riad Honein. Fadel Said Akl s\u2019est \u00e9galement attard\u00e9 sur la vie d&rsquo;\u00e9migrants libanais dans le monde. Il leur a consacr\u00e9 plusieurs \u00e9crits: Elia Abou Madi, Mgr Mansour Estephan, Dr Na\u00efef Bassil., ainsi que d&rsquo;autres noms illustres.<\/p>\n<p>Des publications sur la pers\u00e9cution des peuples: le g\u00e9nocide arm\u00e9nien au cours du drame libanais &#8230; Son jubil\u00e9 d&rsquo;or journalistique a \u00e9t\u00e9 c\u00e9l\u00e9br\u00e9 le 30 novembre 1986 sous le patronage du pr\u00e9sident de la R\u00e9publique. La saga de celui qui, avec des mots simples et nobles, a fait du journalisme un mo<\/p>\n<p>nument sacr\u00e9. <strong>MIREILLE ZOUAIN<\/strong><\/p>\n<p>&nbsp;<\/p>\n","protected":false},"excerpt":{"rendered":"<p><em>Prestige N 80, Janvier 2000<\/em><br \/>Sa plume vivace a escort\u00e9 l\u2019histoire contemporaine de notre pays. Impr\u00e9gn\u00e9e des \u00e9v\u00e9nements saillants de tous les jours, elle a peint dans un style sobre et limpide les belles toiles du Liban ind\u00e9pendant. Fadel Said Akl fait partie de ceux qui ont lutt\u00e9 pour la libert\u00e9 d\u2019expression puisque depuis 1936, il est et demeure qu\u00eateur de v\u00e9rit\u00e9s.<\/p>\n","protected":false},"author":3,"featured_media":0,"comment_status":"closed","ping_status":"closed","sticky":false,"template":"","format":"standard","meta":[],"categories":[13331],"tags":[],"yoast_head":"<!-- This site is optimized with the Yoast SEO plugin v19.4 - https:\/\/yoast.com\/wordpress\/plugins\/seo\/ -->\n<title>Fadel Said Akl - Prestige Magazine<\/title>\n<meta name=\"description\" content=\"Prestige N 80, Janvier 2000Sa plume vivace a escort\u00e9 l\u2019histoire contemporaine de notre pays. Impr\u00e9gn\u00e9e des \u00e9v\u00e9nements saillants de tous les jours, elle a peint dans un style sobre et limpide les belles toiles du Liban ind\u00e9pendant. Fadel Said Akl fait partie de ceux qui ont lutt\u00e9 pour la libert\u00e9 d\u2019expression puisque depuis 1936, il est et demeure qu\u00eateur de v\u00e9rit\u00e9s.\" \/>\n<meta name=\"robots\" content=\"index, follow, max-snippet:-1, max-image-preview:large, max-video-preview:-1\" \/>\n<link rel=\"canonical\" href=\"https:\/\/www.prestigemag.co\/fr\/2014\/11\/fadel-said-akl\/\" \/>\n<meta property=\"og:locale\" content=\"fr_FR\" \/>\n<meta property=\"og:type\" content=\"article\" \/>\n<meta property=\"og:title\" content=\"Fadel Said Akl - Prestige Magazine\" \/>\n<meta property=\"og:description\" content=\"Prestige N 80, Janvier 2000Sa plume vivace a escort\u00e9 l\u2019histoire contemporaine de notre pays. Impr\u00e9gn\u00e9e des \u00e9v\u00e9nements saillants de tous les jours, elle a peint dans un style sobre et limpide les belles toiles du Liban ind\u00e9pendant. Fadel Said Akl fait partie de ceux qui ont lutt\u00e9 pour la libert\u00e9 d\u2019expression puisque depuis 1936, il est et demeure qu\u00eateur de v\u00e9rit\u00e9s.\" \/>\n<meta property=\"og:url\" content=\"https:\/\/www.prestigemag.co\/fr\/2014\/11\/fadel-said-akl\/\" \/>\n<meta property=\"og:site_name\" content=\"Prestige Magazine\" \/>\n<meta property=\"article:publisher\" content=\"https:\/\/www.facebook.com\/prestigemag.co\/\" \/>\n<meta property=\"article:published_time\" content=\"2014-11-26T14:39:15+00:00\" \/>\n<meta property=\"og:image\" content=\"http:\/\/www.prestigemag.co\/wp-content\/uploads\/2014\/11\/Fadel0.jpg\" \/>\n<meta name=\"author\" content=\"prestige\" \/>\n<meta name=\"twitter:card\" content=\"summary\" \/>\n<meta name=\"twitter:label1\" content=\"\u00c9crit par\" \/>\n\t<meta name=\"twitter:data1\" content=\"prestige\" \/>\n\t<meta name=\"twitter:label2\" content=\"Dur\u00e9e de lecture estim\u00e9e\" \/>\n\t<meta name=\"twitter:data2\" content=\"8 minutes\" \/>\n<script type=\"application\/ld+json\" class=\"yoast-schema-graph\">{\"@context\":\"https:\/\/schema.org\",\"@graph\":[{\"@type\":\"Organization\",\"@id\":\"https:\/\/www.prestigemag.co\/#organization\",\"name\":\"Prestige\",\"url\":\"https:\/\/www.prestigemag.co\/\",\"sameAs\":[\"https:\/\/www.instagram.com\/prestige.mag\/\",\"https:\/\/www.facebook.com\/prestigemag.co\/\"],\"logo\":{\"@type\":\"ImageObject\",\"inLanguage\":\"fr-FR\",\"@id\":\"https:\/\/www.prestigemag.co\/#\/schema\/logo\/image\/\",\"url\":\"https:\/\/www.prestigemag.co\/wp-content\/uploads\/2021\/11\/logo-Prestige-800x200-1.png\",\"contentUrl\":\"https:\/\/www.prestigemag.co\/wp-content\/uploads\/2021\/11\/logo-Prestige-800x200-1.png\",\"width\":800,\"height\":200,\"caption\":\"Prestige\"},\"image\":{\"@id\":\"https:\/\/www.prestigemag.co\/#\/schema\/logo\/image\/\"}},{\"@type\":\"WebSite\",\"@id\":\"https:\/\/www.prestigemag.co\/#website\",\"url\":\"https:\/\/www.prestigemag.co\/\",\"name\":\"Prestige Magazine\",\"description\":\"Le Monde Des C\u00e9l\u00e9brit\u00e9s\",\"publisher\":{\"@id\":\"https:\/\/www.prestigemag.co\/#organization\"},\"potentialAction\":[{\"@type\":\"SearchAction\",\"target\":{\"@type\":\"EntryPoint\",\"urlTemplate\":\"https:\/\/www.prestigemag.co\/?s={search_term_string}\"},\"query-input\":\"required name=search_term_string\"}],\"inLanguage\":\"fr-FR\"},{\"@type\":\"WebPage\",\"@id\":\"https:\/\/www.prestigemag.co\/fr\/2014\/11\/fadel-said-akl\/\",\"url\":\"https:\/\/www.prestigemag.co\/fr\/2014\/11\/fadel-said-akl\/\",\"name\":\"Fadel Said Akl - Prestige Magazine\",\"isPartOf\":{\"@id\":\"https:\/\/www.prestigemag.co\/#website\"},\"datePublished\":\"2014-11-26T14:39:15+00:00\",\"dateModified\":\"2014-11-26T14:39:15+00:00\",\"description\":\"Prestige N 80, Janvier 2000Sa plume vivace a escort\u00e9 l\u2019histoire contemporaine de notre pays. Impr\u00e9gn\u00e9e des \u00e9v\u00e9nements saillants de tous les jours, elle a peint dans un style sobre et limpide les belles toiles du Liban ind\u00e9pendant. Fadel Said Akl fait partie de ceux qui ont lutt\u00e9 pour la libert\u00e9 d\u2019expression puisque depuis 1936, il est et demeure qu\u00eateur de v\u00e9rit\u00e9s.\",\"breadcrumb\":{\"@id\":\"https:\/\/www.prestigemag.co\/fr\/2014\/11\/fadel-said-akl\/#breadcrumb\"},\"inLanguage\":\"fr-FR\",\"potentialAction\":[{\"@type\":\"ReadAction\",\"target\":[\"https:\/\/www.prestigemag.co\/fr\/2014\/11\/fadel-said-akl\/\"]}]},{\"@type\":\"BreadcrumbList\",\"@id\":\"https:\/\/www.prestigemag.co\/fr\/2014\/11\/fadel-said-akl\/#breadcrumb\",\"itemListElement\":[{\"@type\":\"ListItem\",\"position\":1,\"name\":\"Home\",\"item\":\"https:\/\/www.prestigemag.co\/fr\/\"},{\"@type\":\"ListItem\",\"position\":2,\"name\":\"Fadel Said Akl\"}]},{\"@type\":\"Article\",\"@id\":\"https:\/\/www.prestigemag.co\/fr\/2014\/11\/fadel-said-akl\/#article\",\"isPartOf\":{\"@id\":\"https:\/\/www.prestigemag.co\/fr\/2014\/11\/fadel-said-akl\/\"},\"author\":{\"name\":\"prestige\",\"@id\":\"https:\/\/www.prestigemag.co\/#\/schema\/person\/e3f149368970128d68bb2d797bf30fbc\"},\"headline\":\"Fadel Said Akl\",\"datePublished\":\"2014-11-26T14:39:15+00:00\",\"dateModified\":\"2014-11-26T14:39:15+00:00\",\"mainEntityOfPage\":{\"@id\":\"https:\/\/www.prestigemag.co\/fr\/2014\/11\/fadel-said-akl\/\"},\"wordCount\":1649,\"publisher\":{\"@id\":\"https:\/\/www.prestigemag.co\/#organization\"},\"articleSection\":[\"Entrevues\"],\"inLanguage\":\"fr-FR\"},{\"@type\":\"Person\",\"@id\":\"https:\/\/www.prestigemag.co\/#\/schema\/person\/e3f149368970128d68bb2d797bf30fbc\",\"name\":\"prestige\",\"image\":{\"@type\":\"ImageObject\",\"inLanguage\":\"fr-FR\",\"@id\":\"https:\/\/www.prestigemag.co\/#\/schema\/person\/image\/\",\"url\":\"https:\/\/secure.gravatar.com\/avatar\/0aa2dff5484d35e50578639a2c3ccef9?s=96&d=mm&r=g\",\"contentUrl\":\"https:\/\/secure.gravatar.com\/avatar\/0aa2dff5484d35e50578639a2c3ccef9?s=96&d=mm&r=g\",\"caption\":\"prestige\"},\"url\":\"https:\/\/www.prestigemag.co\/fr\/author\/prestige\/\"}]}<\/script>\n<!-- \/ Yoast SEO plugin. -->","yoast_head_json":{"title":"Fadel Said Akl - Prestige Magazine","description":"Prestige N 80, Janvier 2000Sa plume vivace a escort\u00e9 l\u2019histoire contemporaine de notre pays. Impr\u00e9gn\u00e9e des \u00e9v\u00e9nements saillants de tous les jours, elle a peint dans un style sobre et limpide les belles toiles du Liban ind\u00e9pendant. Fadel Said Akl fait partie de ceux qui ont lutt\u00e9 pour la libert\u00e9 d\u2019expression puisque depuis 1936, il est et demeure qu\u00eateur de v\u00e9rit\u00e9s.","robots":{"index":"index","follow":"follow","max-snippet":"max-snippet:-1","max-image-preview":"max-image-preview:large","max-video-preview":"max-video-preview:-1"},"canonical":"https:\/\/www.prestigemag.co\/fr\/2014\/11\/fadel-said-akl\/","og_locale":"fr_FR","og_type":"article","og_title":"Fadel Said Akl - Prestige Magazine","og_description":"Prestige N 80, Janvier 2000Sa plume vivace a escort\u00e9 l\u2019histoire contemporaine de notre pays. Impr\u00e9gn\u00e9e des \u00e9v\u00e9nements saillants de tous les jours, elle a peint dans un style sobre et limpide les belles toiles du Liban ind\u00e9pendant. Fadel Said Akl fait partie de ceux qui ont lutt\u00e9 pour la libert\u00e9 d\u2019expression puisque depuis 1936, il est et demeure qu\u00eateur de v\u00e9rit\u00e9s.","og_url":"https:\/\/www.prestigemag.co\/fr\/2014\/11\/fadel-said-akl\/","og_site_name":"Prestige Magazine","article_publisher":"https:\/\/www.facebook.com\/prestigemag.co\/","article_published_time":"2014-11-26T14:39:15+00:00","og_image":[{"url":"http:\/\/www.prestigemag.co\/wp-content\/uploads\/2014\/11\/Fadel0.jpg"}],"author":"prestige","twitter_card":"summary","twitter_misc":{"\u00c9crit par":"prestige","Dur\u00e9e de lecture estim\u00e9e":"8 minutes"},"schema":{"@context":"https:\/\/schema.org","@graph":[{"@type":"Organization","@id":"https:\/\/www.prestigemag.co\/#organization","name":"Prestige","url":"https:\/\/www.prestigemag.co\/","sameAs":["https:\/\/www.instagram.com\/prestige.mag\/","https:\/\/www.facebook.com\/prestigemag.co\/"],"logo":{"@type":"ImageObject","inLanguage":"fr-FR","@id":"https:\/\/www.prestigemag.co\/#\/schema\/logo\/image\/","url":"https:\/\/www.prestigemag.co\/wp-content\/uploads\/2021\/11\/logo-Prestige-800x200-1.png","contentUrl":"https:\/\/www.prestigemag.co\/wp-content\/uploads\/2021\/11\/logo-Prestige-800x200-1.png","width":800,"height":200,"caption":"Prestige"},"image":{"@id":"https:\/\/www.prestigemag.co\/#\/schema\/logo\/image\/"}},{"@type":"WebSite","@id":"https:\/\/www.prestigemag.co\/#website","url":"https:\/\/www.prestigemag.co\/","name":"Prestige Magazine","description":"Le Monde Des C\u00e9l\u00e9brit\u00e9s","publisher":{"@id":"https:\/\/www.prestigemag.co\/#organization"},"potentialAction":[{"@type":"SearchAction","target":{"@type":"EntryPoint","urlTemplate":"https:\/\/www.prestigemag.co\/?s={search_term_string}"},"query-input":"required name=search_term_string"}],"inLanguage":"fr-FR"},{"@type":"WebPage","@id":"https:\/\/www.prestigemag.co\/fr\/2014\/11\/fadel-said-akl\/","url":"https:\/\/www.prestigemag.co\/fr\/2014\/11\/fadel-said-akl\/","name":"Fadel Said Akl - Prestige Magazine","isPartOf":{"@id":"https:\/\/www.prestigemag.co\/#website"},"datePublished":"2014-11-26T14:39:15+00:00","dateModified":"2014-11-26T14:39:15+00:00","description":"Prestige N 80, Janvier 2000Sa plume vivace a escort\u00e9 l\u2019histoire contemporaine de notre pays. Impr\u00e9gn\u00e9e des \u00e9v\u00e9nements saillants de tous les jours, elle a peint dans un style sobre et limpide les belles toiles du Liban ind\u00e9pendant. Fadel Said Akl fait partie de ceux qui ont lutt\u00e9 pour la libert\u00e9 d\u2019expression puisque depuis 1936, il est et demeure qu\u00eateur de v\u00e9rit\u00e9s.","breadcrumb":{"@id":"https:\/\/www.prestigemag.co\/fr\/2014\/11\/fadel-said-akl\/#breadcrumb"},"inLanguage":"fr-FR","potentialAction":[{"@type":"ReadAction","target":["https:\/\/www.prestigemag.co\/fr\/2014\/11\/fadel-said-akl\/"]}]},{"@type":"BreadcrumbList","@id":"https:\/\/www.prestigemag.co\/fr\/2014\/11\/fadel-said-akl\/#breadcrumb","itemListElement":[{"@type":"ListItem","position":1,"name":"Home","item":"https:\/\/www.prestigemag.co\/fr\/"},{"@type":"ListItem","position":2,"name":"Fadel Said Akl"}]},{"@type":"Article","@id":"https:\/\/www.prestigemag.co\/fr\/2014\/11\/fadel-said-akl\/#article","isPartOf":{"@id":"https:\/\/www.prestigemag.co\/fr\/2014\/11\/fadel-said-akl\/"},"author":{"name":"prestige","@id":"https:\/\/www.prestigemag.co\/#\/schema\/person\/e3f149368970128d68bb2d797bf30fbc"},"headline":"Fadel Said Akl","datePublished":"2014-11-26T14:39:15+00:00","dateModified":"2014-11-26T14:39:15+00:00","mainEntityOfPage":{"@id":"https:\/\/www.prestigemag.co\/fr\/2014\/11\/fadel-said-akl\/"},"wordCount":1649,"publisher":{"@id":"https:\/\/www.prestigemag.co\/#organization"},"articleSection":["Entrevues"],"inLanguage":"fr-FR"},{"@type":"Person","@id":"https:\/\/www.prestigemag.co\/#\/schema\/person\/e3f149368970128d68bb2d797bf30fbc","name":"prestige","image":{"@type":"ImageObject","inLanguage":"fr-FR","@id":"https:\/\/www.prestigemag.co\/#\/schema\/person\/image\/","url":"https:\/\/secure.gravatar.com\/avatar\/0aa2dff5484d35e50578639a2c3ccef9?s=96&d=mm&r=g","contentUrl":"https:\/\/secure.gravatar.com\/avatar\/0aa2dff5484d35e50578639a2c3ccef9?s=96&d=mm&r=g","caption":"prestige"},"url":"https:\/\/www.prestigemag.co\/fr\/author\/prestige\/"}]}},"_links":{"self":[{"href":"https:\/\/www.prestigemag.co\/fr\/wp-json\/wp\/v2\/posts\/19933"}],"collection":[{"href":"https:\/\/www.prestigemag.co\/fr\/wp-json\/wp\/v2\/posts"}],"about":[{"href":"https:\/\/www.prestigemag.co\/fr\/wp-json\/wp\/v2\/types\/post"}],"author":[{"embeddable":true,"href":"https:\/\/www.prestigemag.co\/fr\/wp-json\/wp\/v2\/users\/3"}],"replies":[{"embeddable":true,"href":"https:\/\/www.prestigemag.co\/fr\/wp-json\/wp\/v2\/comments?post=19933"}],"version-history":[{"count":0,"href":"https:\/\/www.prestigemag.co\/fr\/wp-json\/wp\/v2\/posts\/19933\/revisions"}],"wp:attachment":[{"href":"https:\/\/www.prestigemag.co\/fr\/wp-json\/wp\/v2\/media?parent=19933"}],"wp:term":[{"taxonomy":"category","embeddable":true,"href":"https:\/\/www.prestigemag.co\/fr\/wp-json\/wp\/v2\/categories?post=19933"},{"taxonomy":"post_tag","embeddable":true,"href":"https:\/\/www.prestigemag.co\/fr\/wp-json\/wp\/v2\/tags?post=19933"}],"curies":[{"name":"wp","href":"https:\/\/api.w.org\/{rel}","templated":true}]}}