{"id":19943,"date":"2014-12-08T09:09:44","date_gmt":"2014-12-08T09:09:44","guid":{"rendered":"http:\/\/www.prestigemag.co\/2014\/12\/basilique-st-francois-dassise\/"},"modified":"2014-12-08T09:09:44","modified_gmt":"2014-12-08T09:09:44","slug":"basilique-st-francois-dassise","status":"publish","type":"post","link":"https:\/\/www.prestigemag.co\/fr\/2014\/12\/basilique-st-francois-dassise\/","title":{"rendered":"Basilique St-Fran\u00e7ois D&rsquo;Assise"},"content":{"rendered":"<p><em>Prestige N 257-258, D\u00e9c-Jan. 2014-2015<\/em><\/p>\n<h3>En pr\u00f4nant l\u2019aust\u00e9rit\u00e9, l\u2019humilit\u00e9, le travail manuel et l\u2019\u00e9vang\u00e9lisation, Saint-Fran\u00e7ois d\u2019Assise a inspir\u00e9 l\u2019actuel pape Fran\u00e7ois \u00e0 prendre son nom, et pr\u00eacher les m\u00eames convictions que celles du Saint.<\/h3>\n<p><a href=\"http:\/\/www.prestigemag.co\/wp-content\/uploads\/2014\/12\/St-Francois-dassise.jpg\"><img src=\"data:image\/svg+xml,%3Csvg%20xmlns='http:\/\/www.w3.org\/2000\/svg'%20viewBox='0%200%20663%20401'%3E%3C\/svg%3E\" class=\"zeen-lazy-load-base zeen-lazy-load alignnone size-full wp-image-4224\" data-lazy-src=\"http:\/\/www.prestigemag.co\/wp-content\/uploads\/2014\/12\/St-Francois-dassise.jpg\" alt=\"St Francois d'assise\" width=\"663\" height=\"401\" data-lazy-srcset=\"https:\/\/www.prestigemag.co\/wp-content\/uploads\/2014\/12\/St-Francois-dassise.jpg 663w, https:\/\/www.prestigemag.co\/wp-content\/uploads\/2014\/12\/St-Francois-dassise-300x181.jpg 300w, https:\/\/www.prestigemag.co\/wp-content\/uploads\/2014\/12\/St-Francois-dassise-150x91.jpg 150w, https:\/\/www.prestigemag.co\/wp-content\/uploads\/2014\/12\/St-Francois-dassise-600x363.jpg 600w, https:\/\/www.prestigemag.co\/wp-content\/uploads\/2014\/12\/St-Francois-dassise-207x125.jpg 207w, https:\/\/www.prestigemag.co\/wp-content\/uploads\/2014\/12\/St-Francois-dassise-111x67.jpg 111w\" data-lazy-sizes=\"(max-width: 663px) 100vw, 663px\" \/><noscript><img class=\"alignnone size-full wp-image-4224\" src=\"http:\/\/www.prestigemag.co\/wp-content\/uploads\/2014\/12\/St-Francois-dassise.jpg\" alt=\"St Francois d'assise\" width=\"663\" height=\"401\" srcset=\"https:\/\/www.prestigemag.co\/wp-content\/uploads\/2014\/12\/St-Francois-dassise.jpg 663w, https:\/\/www.prestigemag.co\/wp-content\/uploads\/2014\/12\/St-Francois-dassise-300x181.jpg 300w, https:\/\/www.prestigemag.co\/wp-content\/uploads\/2014\/12\/St-Francois-dassise-150x91.jpg 150w, https:\/\/www.prestigemag.co\/wp-content\/uploads\/2014\/12\/St-Francois-dassise-600x363.jpg 600w, https:\/\/www.prestigemag.co\/wp-content\/uploads\/2014\/12\/St-Francois-dassise-207x125.jpg 207w, https:\/\/www.prestigemag.co\/wp-content\/uploads\/2014\/12\/St-Francois-dassise-111x67.jpg 111w\" sizes=\"(max-width: 663px) 100vw, 663px\" \/><\/noscript><\/a><\/p>\n<p>\u00a9 Prestige<\/p>\n<p><em>Simple et harmonieuse, la fa\u00e7ade de la basilique Saint-Fran\u00e7ois cache \u00e0 l\u2019int\u00e9rieur des tr\u00e9sors d\u2019art. Une grande rosace illumine l\u2019\u00e9glise sup\u00e9rieure. L\u2019\u00e9glise inf\u00e9rieure plus obscure, est construite dans le flanc d\u2019une roche.\u00a0Ce lieu de p\u00e8lerinage attire tous les ans des millions de touristes.<\/em><\/p>\n<p>Jusqu\u2019\u00e0 nos jours, son nom \u00e9voque la conscience de la Chr\u00e9tient\u00e9. St-Fran\u00e7ois d\u2019Assise est n\u00e9 dans une famille bourgeoise o\u00f9 il grandit dans l\u2019abondance et l\u2019insouciance. Il r\u00eave d\u2019\u00eatre chevalier, s\u2019engage dans l\u2019arm\u00e9e et se fait prisonnier. De retour \u00e0 Assise, il d\u00e9prime et se tourne vers le Bon Dieu. Il d\u00e9couvre alors l\u2019injustice, la mis\u00e8re des pauvres, les l\u00e9preux\u2026 Dans sa pri\u00e8re il entend le Christ lui dire: \u00ab Fran\u00e7ois, r\u00e9pare ma maison qui tombe en ruines.\u00bb Fran\u00e7ois vend les marchandises de son p\u00e8re pour r\u00e9parer les \u00e9glises. Furieux, son p\u00e8re le tra\u00eene en justice. Fran\u00e7ois lui rend l\u2019argent, se s\u00e9pare de ses amis, de tout ce qu\u2019il poss\u00e8de et, nu devant la foule dit adieu \u00e0 son p\u00e8re qu\u2019il quitte pour l\u2019autre P\u00e8re qui est aux cieux. L\u2019\u00e9v\u00eaque le couvre imm\u00e9diatement de sa cape. Et depuis, son unique v\u00eatement est une simple tunique retenue \u00e0 la taille par une corde en guise de ceinture. Il consacre dor\u00e9navant sa vie \u00e0 aider les pauvres, les malades, les animaux. Les adeptes grossissent le cercle et sa petite communaut\u00e9 devient vite un ordre religieux reconnu, l\u2019Ordre des Franciscains \u00e0 Assise, devenue la ville des Saints. Deux ans avant sa mort, en 1226. St-Fran\u00e7ois est marqu\u00e9 par les stigmates de la passion du Christ. En 1228, il est canonis\u00e9 par le pape Gr\u00e9goire XI.<\/p>\n<p>&nbsp;<\/p>\n<p><a href=\"http:\/\/www.prestigemag.co\/wp-content\/uploads\/2014\/12\/IMG_92232.jpg\"><img src=\"data:image\/svg+xml,%3Csvg%20xmlns='http:\/\/www.w3.org\/2000\/svg'%20viewBox='0%200%20787%20591'%3E%3C\/svg%3E\" class=\"zeen-lazy-load-base zeen-lazy-load alignnone size-full wp-image-4452\" data-lazy-src=\"http:\/\/www.prestigemag.co\/wp-content\/uploads\/2014\/12\/IMG_92232.jpg\" alt=\"IMG_9223\" width=\"787\" height=\"591\" data-lazy-srcset=\"https:\/\/www.prestigemag.co\/wp-content\/uploads\/2014\/12\/IMG_92232.jpg 787w, https:\/\/www.prestigemag.co\/wp-content\/uploads\/2014\/12\/IMG_92232-300x225.jpg 300w, https:\/\/www.prestigemag.co\/wp-content\/uploads\/2014\/12\/IMG_92232-640x480.jpg 640w, https:\/\/www.prestigemag.co\/wp-content\/uploads\/2014\/12\/IMG_92232-150x113.jpg 150w, https:\/\/www.prestigemag.co\/wp-content\/uploads\/2014\/12\/IMG_92232-499x375.jpg 499w, https:\/\/www.prestigemag.co\/wp-content\/uploads\/2014\/12\/IMG_92232-166x125.jpg 166w, https:\/\/www.prestigemag.co\/wp-content\/uploads\/2014\/12\/IMG_92232-89x67.jpg 89w\" data-lazy-sizes=\"(max-width: 787px) 100vw, 787px\" \/><noscript><img class=\"alignnone size-full wp-image-4452\" src=\"http:\/\/www.prestigemag.co\/wp-content\/uploads\/2014\/12\/IMG_92232.jpg\" alt=\"IMG_9223\" width=\"787\" height=\"591\" srcset=\"https:\/\/www.prestigemag.co\/wp-content\/uploads\/2014\/12\/IMG_92232.jpg 787w, https:\/\/www.prestigemag.co\/wp-content\/uploads\/2014\/12\/IMG_92232-300x225.jpg 300w, https:\/\/www.prestigemag.co\/wp-content\/uploads\/2014\/12\/IMG_92232-640x480.jpg 640w, https:\/\/www.prestigemag.co\/wp-content\/uploads\/2014\/12\/IMG_92232-150x113.jpg 150w, https:\/\/www.prestigemag.co\/wp-content\/uploads\/2014\/12\/IMG_92232-499x375.jpg 499w, https:\/\/www.prestigemag.co\/wp-content\/uploads\/2014\/12\/IMG_92232-166x125.jpg 166w, https:\/\/www.prestigemag.co\/wp-content\/uploads\/2014\/12\/IMG_92232-89x67.jpg 89w\" sizes=\"(max-width: 787px) 100vw, 787px\" \/><\/noscript><\/a><\/p>\n<p>\u00a9 Prestige<\/p>\n<p><em>Le couvent et la basilique St-Fran\u00e7ois ont \u00e9t\u00e9 construits en 1228, Deux ans apr\u00e8s la mort du saint. A droite la ville d\u2019Assise b\u00e2tie en pierre. Un tableau simple et merveilleux qui invite \u00e0 la paix et \u00e0 la s\u00e9r\u00e9nit\u00e9.<\/em><\/p>\n<p>La pi\u00e9t\u00e9 et le d\u00e9vouement de St-Fran\u00e7ois ont attir\u00e9 aussi des femmes. Chiara di Favarone, 18 ans, issue d\u2019une famille noble, fugue et rejoint St-Fran\u00e7ois. Elle fonde un nouvel ordre monastique, l\u2019Ordre des Clarisses. Sainte-Claire dirigera pendant 40 ans l\u2019Ordre des Pauvres Dames, elle fonde entre autres des monast\u00e8res \u00e0 Bruges, en Belgique, qui attirent les flots de touristes venant d\u00e9couvrir la c\u00e9l\u00e8bre dentelle de Bruges, un travail fait main, jusqu\u2019\u00e0 nos jours, par les religieuses du couvent. Sainte-Claire s\u2019\u00e9teint en 1253 dans la pauvret\u00e9 et la joie.<\/p>\n<h3>La basilique Saint-Fran\u00e7ois<\/h3>\n<h3>un chef-d\u2019\u0153uvre colossal<\/h3>\n<p><a href=\"http:\/\/www.prestigemag.co\/wp-content\/uploads\/2014\/12\/DSC_1495.jpg\"><img src=\"data:image\/svg+xml,%3Csvg%20xmlns='http:\/\/www.w3.org\/2000\/svg'%20viewBox='0%200%20472%20630'%3E%3C\/svg%3E\" class=\"zeen-lazy-load-base zeen-lazy-load alignnone size-full wp-image-3722\" data-lazy-src=\"http:\/\/www.prestigemag.co\/wp-content\/uploads\/2014\/12\/DSC_1495.jpg\" alt=\"DSC_1495\" width=\"472\" height=\"630\" data-lazy-srcset=\"https:\/\/www.prestigemag.co\/wp-content\/uploads\/2014\/12\/DSC_1495.jpg 472w, https:\/\/www.prestigemag.co\/wp-content\/uploads\/2014\/12\/DSC_1495-224x300.jpg 224w, https:\/\/www.prestigemag.co\/wp-content\/uploads\/2014\/12\/DSC_1495-112x150.jpg 112w, https:\/\/www.prestigemag.co\/wp-content\/uploads\/2014\/12\/DSC_1495-280x375.jpg 280w, https:\/\/www.prestigemag.co\/wp-content\/uploads\/2014\/12\/DSC_1495-93x125.jpg 93w, https:\/\/www.prestigemag.co\/wp-content\/uploads\/2014\/12\/DSC_1495-50x67.jpg 50w\" data-lazy-sizes=\"(max-width: 472px) 100vw, 472px\" \/><noscript><img class=\"alignnone size-full wp-image-3722\" src=\"http:\/\/www.prestigemag.co\/wp-content\/uploads\/2014\/12\/DSC_1495.jpg\" alt=\"DSC_1495\" width=\"472\" height=\"630\" srcset=\"https:\/\/www.prestigemag.co\/wp-content\/uploads\/2014\/12\/DSC_1495.jpg 472w, https:\/\/www.prestigemag.co\/wp-content\/uploads\/2014\/12\/DSC_1495-224x300.jpg 224w, https:\/\/www.prestigemag.co\/wp-content\/uploads\/2014\/12\/DSC_1495-112x150.jpg 112w, https:\/\/www.prestigemag.co\/wp-content\/uploads\/2014\/12\/DSC_1495-280x375.jpg 280w, https:\/\/www.prestigemag.co\/wp-content\/uploads\/2014\/12\/DSC_1495-93x125.jpg 93w, https:\/\/www.prestigemag.co\/wp-content\/uploads\/2014\/12\/DSC_1495-50x67.jpg 50w\" sizes=\"(max-width: 472px) 100vw, 472px\" \/><\/noscript><\/a><\/p>\n<p>\u00a9 Prestige<\/p>\n<p><em>L\u2019\u00e9glise sup\u00e9rieure dont les fresques de Giotto retracent la vie de Saint-Fran\u00e7ois.<\/em><\/p>\n<h3>Qui aurait imagin\u00e9 que la basilique, si simple de l\u2019ext\u00e9rieur renfermerait autant de splendeur comme les fameuses fresques de Giotto sur la vie de Saint-Fran\u00e7ois?<\/h3>\n<p>L\u2019imposante basilique \u00e0 Assise, en Italie, est en fait form\u00e9e de deux \u00e9glises superpos\u00e9es, construites entre 1228 et 1253. Inscrite depuis l\u2019ann\u00e9e 2000 au Patrimoine mondial de l\u2019Humanit\u00e9, ce grandiose \u00e9difice religieux qui a fait d\u2019Assise une r\u00e9f\u00e9rence fondamentale du d\u00e9veloppement artistique et architectural de l\u2019Italie, conserve les reliques de Saint-Fran\u00e7ois, l\u2019enfant de la ville.<\/p>\n<p><a href=\"http:\/\/www.prestigemag.co\/wp-content\/uploads\/2014\/12\/DSC_1538.jpg\"><img src=\"data:image\/svg+xml,%3Csvg%20xmlns='http:\/\/www.w3.org\/2000\/svg'%20viewBox='0%200%20472%20630'%3E%3C\/svg%3E\" class=\"zeen-lazy-load-base zeen-lazy-load alignnone size-full wp-image-3723\" data-lazy-src=\"http:\/\/www.prestigemag.co\/wp-content\/uploads\/2014\/12\/DSC_1538.jpg\" alt=\"DSC_1538\" width=\"472\" height=\"630\" data-lazy-srcset=\"https:\/\/www.prestigemag.co\/wp-content\/uploads\/2014\/12\/DSC_1538.jpg 472w, https:\/\/www.prestigemag.co\/wp-content\/uploads\/2014\/12\/DSC_1538-224x300.jpg 224w, https:\/\/www.prestigemag.co\/wp-content\/uploads\/2014\/12\/DSC_1538-112x150.jpg 112w, https:\/\/www.prestigemag.co\/wp-content\/uploads\/2014\/12\/DSC_1538-280x375.jpg 280w, https:\/\/www.prestigemag.co\/wp-content\/uploads\/2014\/12\/DSC_1538-93x125.jpg 93w, https:\/\/www.prestigemag.co\/wp-content\/uploads\/2014\/12\/DSC_1538-50x67.jpg 50w\" data-lazy-sizes=\"(max-width: 472px) 100vw, 472px\" \/><noscript><img class=\"alignnone size-full wp-image-3723\" src=\"http:\/\/www.prestigemag.co\/wp-content\/uploads\/2014\/12\/DSC_1538.jpg\" alt=\"DSC_1538\" width=\"472\" height=\"630\" srcset=\"https:\/\/www.prestigemag.co\/wp-content\/uploads\/2014\/12\/DSC_1538.jpg 472w, https:\/\/www.prestigemag.co\/wp-content\/uploads\/2014\/12\/DSC_1538-224x300.jpg 224w, https:\/\/www.prestigemag.co\/wp-content\/uploads\/2014\/12\/DSC_1538-112x150.jpg 112w, https:\/\/www.prestigemag.co\/wp-content\/uploads\/2014\/12\/DSC_1538-280x375.jpg 280w, https:\/\/www.prestigemag.co\/wp-content\/uploads\/2014\/12\/DSC_1538-93x125.jpg 93w, https:\/\/www.prestigemag.co\/wp-content\/uploads\/2014\/12\/DSC_1538-50x67.jpg 50w\" sizes=\"(max-width: 472px) 100vw, 472px\" \/><\/noscript><\/a><\/p>\n<p>\u00a9 Prestige<\/p>\n<p><em>L\u2019\u00e9glise sup\u00e9rieure. Une fresque de Giotto montrant Saint-Fran\u00e7ois qui a une vision lui pr\u00e9disant un grand si\u00e8ge au ciel. Une autre fresque de Giotto le montre chassant le d\u00e9mon.<\/em><\/p>\n<p>De style gothique, la basilique sup\u00e9rieure est lumineuse dans sa nef unique. Le visiteur est d\u2019embl\u00e9e \u00e9pris par la somptuosit\u00e9 de l\u2019art. Au d\u00e9part c\u2019est le grand peintre Cimabue qui est en charge de la d\u00e9coration de l\u2019\u00e9glise sup\u00e9rieure. S\u2019acquittant d\u2019autres obligations, Cimabue quitte Assise. Giotto, un de ses apprentis, \u00e2g\u00e9 entre 10 et 14 ans, reste sur le chantier. Apr\u00e8s un voyage \u00e0 Rome o\u00f9 il a \u00e9t\u00e9 form\u00e9, il rejoint son ma\u00eetre sur le plus grand chantier d\u2019Italie. Sa comp\u00e9tence et la qualit\u00e9 de son travail sont vite remarqu\u00e9es. Il devient le ma\u00eetre d\u2019\u0153uvre sollicit\u00e9 par les franciscains pour la d\u00e9coration de la basilique. Il se voit confier les 28 tableaux d\u2019Assise, des deux c\u00f4t\u00e9s de la nef, qui racontent la vie de St-Fran\u00e7ois. D\u2019autres fresques de grands ma\u00eetres, comme Cimabue, Cavallini, Martini, Lorenzetti ont d\u00e9cor\u00e9 la basilique.Ces repr\u00e9sentations renferment toute la peinture italienne du XIIIe si\u00e8cle.<\/p>\n<p>&nbsp;<\/p>\n<figure id=\"attachment_3724\" aria-describedby=\"caption-attachment-3724\" style=\"width: 362px\" class=\"wp-caption alignleft\"><a href=\"http:\/\/www.prestigemag.co\/wp-content\/uploads\/2014\/12\/DSC_1527.jpg\"><img src=\"data:image\/svg+xml,%3Csvg%20xmlns='http:\/\/www.w3.org\/2000\/svg'%20viewBox='0%200%20362%20483'%3E%3C\/svg%3E\" class=\"zeen-lazy-load-base zeen-lazy-load wp-image-3724\" data-lazy-src=\"http:\/\/www.prestigemag.co\/wp-content\/uploads\/2014\/12\/DSC_1527.jpg\" alt=\"DSC_1527\" width=\"362\" height=\"483\" data-lazy-srcset=\"https:\/\/www.prestigemag.co\/wp-content\/uploads\/2014\/12\/DSC_1527.jpg 472w, https:\/\/www.prestigemag.co\/wp-content\/uploads\/2014\/12\/DSC_1527-224x300.jpg 224w, https:\/\/www.prestigemag.co\/wp-content\/uploads\/2014\/12\/DSC_1527-112x150.jpg 112w, https:\/\/www.prestigemag.co\/wp-content\/uploads\/2014\/12\/DSC_1527-280x375.jpg 280w, https:\/\/www.prestigemag.co\/wp-content\/uploads\/2014\/12\/DSC_1527-93x125.jpg 93w, https:\/\/www.prestigemag.co\/wp-content\/uploads\/2014\/12\/DSC_1527-50x67.jpg 50w\" data-lazy-sizes=\"(max-width: 362px) 100vw, 362px\" \/><figcaption id=\"caption-attachment-3724\" class=\"wp-caption-text\"><noscript><img class=\"wp-image-3724\" src=\"http:\/\/www.prestigemag.co\/wp-content\/uploads\/2014\/12\/DSC_1527.jpg\" alt=\"DSC_1527\" width=\"362\" height=\"483\" srcset=\"https:\/\/www.prestigemag.co\/wp-content\/uploads\/2014\/12\/DSC_1527.jpg 472w, https:\/\/www.prestigemag.co\/wp-content\/uploads\/2014\/12\/DSC_1527-224x300.jpg 224w, https:\/\/www.prestigemag.co\/wp-content\/uploads\/2014\/12\/DSC_1527-112x150.jpg 112w, https:\/\/www.prestigemag.co\/wp-content\/uploads\/2014\/12\/DSC_1527-280x375.jpg 280w, https:\/\/www.prestigemag.co\/wp-content\/uploads\/2014\/12\/DSC_1527-93x125.jpg 93w, https:\/\/www.prestigemag.co\/wp-content\/uploads\/2014\/12\/DSC_1527-50x67.jpg 50w\" sizes=\"(max-width: 362px) 100vw, 362px\" \/><\/noscript><\/a> L\u2019\u00e9glise inf\u00e9rieure invite \u00e0 la pri\u00e8re et au recueillement. La vo\u00fbte du transept nord est d\u00e9cor\u00e9e de fresques repr\u00e9sentant des sc\u00e8nes de la vie du Christ, ex\u00e9cut\u00e9es par Giotto. Autour de la cl\u00e9 de la vo\u00fbte o\u00f9 est repr\u00e9sent\u00e9 le Christ de l\u2019Apocalypse, la Crois\u00e9e surmontant l\u2019autel repr\u00e9sente les all\u00e9gories des vertus franciscaines et la glorification de St-Fran\u00e7ois, \u0153uvre de Giotto. \u00a9 Prestige<\/figcaption><\/figure>\n<figure id=\"attachment_3725\" aria-describedby=\"caption-attachment-3725\" style=\"width: 361px\" class=\"wp-caption alignright\"><a href=\"http:\/\/www.prestigemag.co\/wp-content\/uploads\/2014\/12\/DSC_1531.jpg\"><img src=\"data:image\/svg+xml,%3Csvg%20xmlns='http:\/\/www.w3.org\/2000\/svg'%20viewBox='0%200%20361%20482'%3E%3C\/svg%3E\" class=\"zeen-lazy-load-base zeen-lazy-load wp-image-3725\" data-lazy-src=\"http:\/\/www.prestigemag.co\/wp-content\/uploads\/2014\/12\/DSC_1531.jpg\" alt=\"DSC_1531\" width=\"361\" height=\"482\" data-lazy-srcset=\"https:\/\/www.prestigemag.co\/wp-content\/uploads\/2014\/12\/DSC_1531.jpg 472w, https:\/\/www.prestigemag.co\/wp-content\/uploads\/2014\/12\/DSC_1531-224x300.jpg 224w, https:\/\/www.prestigemag.co\/wp-content\/uploads\/2014\/12\/DSC_1531-112x150.jpg 112w, https:\/\/www.prestigemag.co\/wp-content\/uploads\/2014\/12\/DSC_1531-280x375.jpg 280w, https:\/\/www.prestigemag.co\/wp-content\/uploads\/2014\/12\/DSC_1531-93x125.jpg 93w, https:\/\/www.prestigemag.co\/wp-content\/uploads\/2014\/12\/DSC_1531-50x67.jpg 50w\" data-lazy-sizes=\"(max-width: 361px) 100vw, 361px\" \/><figcaption id=\"caption-attachment-3725\" class=\"wp-caption-text\"><noscript><img class=\"wp-image-3725\" src=\"http:\/\/www.prestigemag.co\/wp-content\/uploads\/2014\/12\/DSC_1531.jpg\" alt=\"DSC_1531\" width=\"361\" height=\"482\" srcset=\"https:\/\/www.prestigemag.co\/wp-content\/uploads\/2014\/12\/DSC_1531.jpg 472w, https:\/\/www.prestigemag.co\/wp-content\/uploads\/2014\/12\/DSC_1531-224x300.jpg 224w, https:\/\/www.prestigemag.co\/wp-content\/uploads\/2014\/12\/DSC_1531-112x150.jpg 112w, https:\/\/www.prestigemag.co\/wp-content\/uploads\/2014\/12\/DSC_1531-280x375.jpg 280w, https:\/\/www.prestigemag.co\/wp-content\/uploads\/2014\/12\/DSC_1531-93x125.jpg 93w, https:\/\/www.prestigemag.co\/wp-content\/uploads\/2014\/12\/DSC_1531-50x67.jpg 50w\" sizes=\"(max-width: 361px) 100vw, 361px\" \/><\/noscript><\/a> Le tombeau de St-Fran\u00e7ois au-dessous de l\u2019\u00e9glise inf\u00e9rieure. \u00a9 Prestige<\/figcaption><\/figure>\n<p>&nbsp;<\/p>\n","protected":false},"excerpt":{"rendered":"<p><em>Prestige N 257-258, D\u00e9c. 2014, Jan. 2015<\/em><br \/>En pr\u00f4nant l\u2019aust\u00e9rit\u00e9, l\u2019humilit\u00e9, le travail manuel et l\u2019\u00e9vang\u00e9lisation, Saint-Fran\u00e7ois d\u2019Assise a inspir\u00e9 l\u2019actuel pape Fran\u00e7ois \u00e0 prendre son nom, et pr\u00eacher les m\u00eames convictions que celles du Saint.<\/p>\n","protected":false},"author":3,"featured_media":0,"comment_status":"closed","ping_status":"closed","sticky":false,"template":"","format":"standard","meta":[],"categories":[13348,13350],"tags":[],"yoast_head":"<!-- This site is optimized with the Yoast SEO plugin v19.4 - https:\/\/yoast.com\/wordpress\/plugins\/seo\/ -->\n<title>Basilique St-Fran\u00e7ois D&#039;Assise - Prestige Magazine<\/title>\n<meta name=\"description\" content=\"Prestige N 257-258, D\u00e9c. 2014, Jan. 2015En pr\u00f4nant l\u2019aust\u00e9rit\u00e9, l\u2019humilit\u00e9, le travail manuel et l\u2019\u00e9vang\u00e9lisation, Saint-Fran\u00e7ois d\u2019Assise a inspir\u00e9 l\u2019actuel pape Fran\u00e7ois \u00e0 prendre son nom, et pr\u00eacher les m\u00eames convictions que celles du Saint.\" \/>\n<meta name=\"robots\" content=\"index, follow, max-snippet:-1, max-image-preview:large, max-video-preview:-1\" \/>\n<link rel=\"canonical\" href=\"https:\/\/www.prestigemag.co\/fr\/2014\/12\/basilique-st-francois-dassise\/\" \/>\n<meta property=\"og:locale\" content=\"fr_FR\" \/>\n<meta property=\"og:type\" content=\"article\" \/>\n<meta property=\"og:title\" content=\"Basilique St-Fran\u00e7ois D&#039;Assise - Prestige Magazine\" \/>\n<meta property=\"og:description\" content=\"Prestige N 257-258, D\u00e9c. 2014, Jan. 2015En pr\u00f4nant l\u2019aust\u00e9rit\u00e9, l\u2019humilit\u00e9, le travail manuel et l\u2019\u00e9vang\u00e9lisation, Saint-Fran\u00e7ois d\u2019Assise a inspir\u00e9 l\u2019actuel pape Fran\u00e7ois \u00e0 prendre son nom, et pr\u00eacher les m\u00eames convictions que celles du Saint.\" \/>\n<meta property=\"og:url\" content=\"https:\/\/www.prestigemag.co\/fr\/2014\/12\/basilique-st-francois-dassise\/\" \/>\n<meta property=\"og:site_name\" content=\"Prestige Magazine\" \/>\n<meta property=\"article:publisher\" content=\"https:\/\/www.facebook.com\/prestigemag.co\/\" \/>\n<meta property=\"article:published_time\" content=\"2014-12-08T09:09:44+00:00\" \/>\n<meta property=\"og:image\" content=\"http:\/\/www.prestigemag.co\/wp-content\/uploads\/2014\/12\/St-Francois-dassise.jpg\" \/>\n<meta name=\"author\" content=\"prestige\" \/>\n<meta name=\"twitter:card\" content=\"summary\" \/>\n<meta name=\"twitter:label1\" content=\"\u00c9crit par\" \/>\n\t<meta name=\"twitter:data1\" content=\"prestige\" \/>\n\t<meta name=\"twitter:label2\" content=\"Dur\u00e9e de lecture estim\u00e9e\" \/>\n\t<meta name=\"twitter:data2\" content=\"5 minutes\" \/>\n<script type=\"application\/ld+json\" class=\"yoast-schema-graph\">{\"@context\":\"https:\/\/schema.org\",\"@graph\":[{\"@type\":\"Organization\",\"@id\":\"https:\/\/www.prestigemag.co\/#organization\",\"name\":\"Prestige\",\"url\":\"https:\/\/www.prestigemag.co\/\",\"sameAs\":[\"https:\/\/www.instagram.com\/prestige.mag\/\",\"https:\/\/www.facebook.com\/prestigemag.co\/\"],\"logo\":{\"@type\":\"ImageObject\",\"inLanguage\":\"fr-FR\",\"@id\":\"https:\/\/www.prestigemag.co\/#\/schema\/logo\/image\/\",\"url\":\"https:\/\/www.prestigemag.co\/wp-content\/uploads\/2021\/11\/logo-Prestige-800x200-1.png\",\"contentUrl\":\"https:\/\/www.prestigemag.co\/wp-content\/uploads\/2021\/11\/logo-Prestige-800x200-1.png\",\"width\":800,\"height\":200,\"caption\":\"Prestige\"},\"image\":{\"@id\":\"https:\/\/www.prestigemag.co\/#\/schema\/logo\/image\/\"}},{\"@type\":\"WebSite\",\"@id\":\"https:\/\/www.prestigemag.co\/#website\",\"url\":\"https:\/\/www.prestigemag.co\/\",\"name\":\"Prestige Magazine\",\"description\":\"Le Monde Des C\u00e9l\u00e9brit\u00e9s\",\"publisher\":{\"@id\":\"https:\/\/www.prestigemag.co\/#organization\"},\"potentialAction\":[{\"@type\":\"SearchAction\",\"target\":{\"@type\":\"EntryPoint\",\"urlTemplate\":\"https:\/\/www.prestigemag.co\/?s={search_term_string}\"},\"query-input\":\"required name=search_term_string\"}],\"inLanguage\":\"fr-FR\"},{\"@type\":\"WebPage\",\"@id\":\"https:\/\/www.prestigemag.co\/fr\/2014\/12\/basilique-st-francois-dassise\/\",\"url\":\"https:\/\/www.prestigemag.co\/fr\/2014\/12\/basilique-st-francois-dassise\/\",\"name\":\"Basilique St-Fran\u00e7ois D'Assise - Prestige Magazine\",\"isPartOf\":{\"@id\":\"https:\/\/www.prestigemag.co\/#website\"},\"datePublished\":\"2014-12-08T09:09:44+00:00\",\"dateModified\":\"2014-12-08T09:09:44+00:00\",\"description\":\"Prestige N 257-258, D\u00e9c. 2014, Jan. 2015En pr\u00f4nant l\u2019aust\u00e9rit\u00e9, l\u2019humilit\u00e9, le travail manuel et l\u2019\u00e9vang\u00e9lisation, Saint-Fran\u00e7ois d\u2019Assise a inspir\u00e9 l\u2019actuel pape Fran\u00e7ois \u00e0 prendre son nom, et pr\u00eacher les m\u00eames convictions que celles du Saint.\",\"breadcrumb\":{\"@id\":\"https:\/\/www.prestigemag.co\/fr\/2014\/12\/basilique-st-francois-dassise\/#breadcrumb\"},\"inLanguage\":\"fr-FR\",\"potentialAction\":[{\"@type\":\"ReadAction\",\"target\":[\"https:\/\/www.prestigemag.co\/fr\/2014\/12\/basilique-st-francois-dassise\/\"]}]},{\"@type\":\"BreadcrumbList\",\"@id\":\"https:\/\/www.prestigemag.co\/fr\/2014\/12\/basilique-st-francois-dassise\/#breadcrumb\",\"itemListElement\":[{\"@type\":\"ListItem\",\"position\":1,\"name\":\"Home\",\"item\":\"https:\/\/www.prestigemag.co\/fr\/\"},{\"@type\":\"ListItem\",\"position\":2,\"name\":\"Basilique St-Fran\u00e7ois D&rsquo;Assise\"}]},{\"@type\":\"Article\",\"@id\":\"https:\/\/www.prestigemag.co\/fr\/2014\/12\/basilique-st-francois-dassise\/#article\",\"isPartOf\":{\"@id\":\"https:\/\/www.prestigemag.co\/fr\/2014\/12\/basilique-st-francois-dassise\/\"},\"author\":{\"name\":\"prestige\",\"@id\":\"https:\/\/www.prestigemag.co\/#\/schema\/person\/e3f149368970128d68bb2d797bf30fbc\"},\"headline\":\"Basilique St-Fran\u00e7ois D&rsquo;Assise\",\"datePublished\":\"2014-12-08T09:09:44+00:00\",\"dateModified\":\"2014-12-08T09:09:44+00:00\",\"mainEntityOfPage\":{\"@id\":\"https:\/\/www.prestigemag.co\/fr\/2014\/12\/basilique-st-francois-dassise\/\"},\"wordCount\":934,\"publisher\":{\"@id\":\"https:\/\/www.prestigemag.co\/#organization\"},\"articleSection\":[\"Lifestyle\",\"Voyage\"],\"inLanguage\":\"fr-FR\"},{\"@type\":\"Person\",\"@id\":\"https:\/\/www.prestigemag.co\/#\/schema\/person\/e3f149368970128d68bb2d797bf30fbc\",\"name\":\"prestige\",\"image\":{\"@type\":\"ImageObject\",\"inLanguage\":\"fr-FR\",\"@id\":\"https:\/\/www.prestigemag.co\/#\/schema\/person\/image\/\",\"url\":\"https:\/\/secure.gravatar.com\/avatar\/0aa2dff5484d35e50578639a2c3ccef9?s=96&d=mm&r=g\",\"contentUrl\":\"https:\/\/secure.gravatar.com\/avatar\/0aa2dff5484d35e50578639a2c3ccef9?s=96&d=mm&r=g\",\"caption\":\"prestige\"},\"url\":\"https:\/\/www.prestigemag.co\/fr\/author\/prestige\/\"}]}<\/script>\n<!-- \/ Yoast SEO plugin. -->","yoast_head_json":{"title":"Basilique St-Fran\u00e7ois D'Assise - Prestige Magazine","description":"Prestige N 257-258, D\u00e9c. 2014, Jan. 2015En pr\u00f4nant l\u2019aust\u00e9rit\u00e9, l\u2019humilit\u00e9, le travail manuel et l\u2019\u00e9vang\u00e9lisation, Saint-Fran\u00e7ois d\u2019Assise a inspir\u00e9 l\u2019actuel pape Fran\u00e7ois \u00e0 prendre son nom, et pr\u00eacher les m\u00eames convictions que celles du Saint.","robots":{"index":"index","follow":"follow","max-snippet":"max-snippet:-1","max-image-preview":"max-image-preview:large","max-video-preview":"max-video-preview:-1"},"canonical":"https:\/\/www.prestigemag.co\/fr\/2014\/12\/basilique-st-francois-dassise\/","og_locale":"fr_FR","og_type":"article","og_title":"Basilique St-Fran\u00e7ois D'Assise - Prestige Magazine","og_description":"Prestige N 257-258, D\u00e9c. 2014, Jan. 2015En pr\u00f4nant l\u2019aust\u00e9rit\u00e9, l\u2019humilit\u00e9, le travail manuel et l\u2019\u00e9vang\u00e9lisation, Saint-Fran\u00e7ois d\u2019Assise a inspir\u00e9 l\u2019actuel pape Fran\u00e7ois \u00e0 prendre son nom, et pr\u00eacher les m\u00eames convictions que celles du Saint.","og_url":"https:\/\/www.prestigemag.co\/fr\/2014\/12\/basilique-st-francois-dassise\/","og_site_name":"Prestige Magazine","article_publisher":"https:\/\/www.facebook.com\/prestigemag.co\/","article_published_time":"2014-12-08T09:09:44+00:00","og_image":[{"url":"http:\/\/www.prestigemag.co\/wp-content\/uploads\/2014\/12\/St-Francois-dassise.jpg"}],"author":"prestige","twitter_card":"summary","twitter_misc":{"\u00c9crit par":"prestige","Dur\u00e9e de lecture estim\u00e9e":"5 minutes"},"schema":{"@context":"https:\/\/schema.org","@graph":[{"@type":"Organization","@id":"https:\/\/www.prestigemag.co\/#organization","name":"Prestige","url":"https:\/\/www.prestigemag.co\/","sameAs":["https:\/\/www.instagram.com\/prestige.mag\/","https:\/\/www.facebook.com\/prestigemag.co\/"],"logo":{"@type":"ImageObject","inLanguage":"fr-FR","@id":"https:\/\/www.prestigemag.co\/#\/schema\/logo\/image\/","url":"https:\/\/www.prestigemag.co\/wp-content\/uploads\/2021\/11\/logo-Prestige-800x200-1.png","contentUrl":"https:\/\/www.prestigemag.co\/wp-content\/uploads\/2021\/11\/logo-Prestige-800x200-1.png","width":800,"height":200,"caption":"Prestige"},"image":{"@id":"https:\/\/www.prestigemag.co\/#\/schema\/logo\/image\/"}},{"@type":"WebSite","@id":"https:\/\/www.prestigemag.co\/#website","url":"https:\/\/www.prestigemag.co\/","name":"Prestige Magazine","description":"Le Monde Des C\u00e9l\u00e9brit\u00e9s","publisher":{"@id":"https:\/\/www.prestigemag.co\/#organization"},"potentialAction":[{"@type":"SearchAction","target":{"@type":"EntryPoint","urlTemplate":"https:\/\/www.prestigemag.co\/?s={search_term_string}"},"query-input":"required name=search_term_string"}],"inLanguage":"fr-FR"},{"@type":"WebPage","@id":"https:\/\/www.prestigemag.co\/fr\/2014\/12\/basilique-st-francois-dassise\/","url":"https:\/\/www.prestigemag.co\/fr\/2014\/12\/basilique-st-francois-dassise\/","name":"Basilique St-Fran\u00e7ois D'Assise - Prestige Magazine","isPartOf":{"@id":"https:\/\/www.prestigemag.co\/#website"},"datePublished":"2014-12-08T09:09:44+00:00","dateModified":"2014-12-08T09:09:44+00:00","description":"Prestige N 257-258, D\u00e9c. 2014, Jan. 2015En pr\u00f4nant l\u2019aust\u00e9rit\u00e9, l\u2019humilit\u00e9, le travail manuel et l\u2019\u00e9vang\u00e9lisation, Saint-Fran\u00e7ois d\u2019Assise a inspir\u00e9 l\u2019actuel pape Fran\u00e7ois \u00e0 prendre son nom, et pr\u00eacher les m\u00eames convictions que celles du Saint.","breadcrumb":{"@id":"https:\/\/www.prestigemag.co\/fr\/2014\/12\/basilique-st-francois-dassise\/#breadcrumb"},"inLanguage":"fr-FR","potentialAction":[{"@type":"ReadAction","target":["https:\/\/www.prestigemag.co\/fr\/2014\/12\/basilique-st-francois-dassise\/"]}]},{"@type":"BreadcrumbList","@id":"https:\/\/www.prestigemag.co\/fr\/2014\/12\/basilique-st-francois-dassise\/#breadcrumb","itemListElement":[{"@type":"ListItem","position":1,"name":"Home","item":"https:\/\/www.prestigemag.co\/fr\/"},{"@type":"ListItem","position":2,"name":"Basilique St-Fran\u00e7ois D&rsquo;Assise"}]},{"@type":"Article","@id":"https:\/\/www.prestigemag.co\/fr\/2014\/12\/basilique-st-francois-dassise\/#article","isPartOf":{"@id":"https:\/\/www.prestigemag.co\/fr\/2014\/12\/basilique-st-francois-dassise\/"},"author":{"name":"prestige","@id":"https:\/\/www.prestigemag.co\/#\/schema\/person\/e3f149368970128d68bb2d797bf30fbc"},"headline":"Basilique St-Fran\u00e7ois D&rsquo;Assise","datePublished":"2014-12-08T09:09:44+00:00","dateModified":"2014-12-08T09:09:44+00:00","mainEntityOfPage":{"@id":"https:\/\/www.prestigemag.co\/fr\/2014\/12\/basilique-st-francois-dassise\/"},"wordCount":934,"publisher":{"@id":"https:\/\/www.prestigemag.co\/#organization"},"articleSection":["Lifestyle","Voyage"],"inLanguage":"fr-FR"},{"@type":"Person","@id":"https:\/\/www.prestigemag.co\/#\/schema\/person\/e3f149368970128d68bb2d797bf30fbc","name":"prestige","image":{"@type":"ImageObject","inLanguage":"fr-FR","@id":"https:\/\/www.prestigemag.co\/#\/schema\/person\/image\/","url":"https:\/\/secure.gravatar.com\/avatar\/0aa2dff5484d35e50578639a2c3ccef9?s=96&d=mm&r=g","contentUrl":"https:\/\/secure.gravatar.com\/avatar\/0aa2dff5484d35e50578639a2c3ccef9?s=96&d=mm&r=g","caption":"prestige"},"url":"https:\/\/www.prestigemag.co\/fr\/author\/prestige\/"}]}},"_links":{"self":[{"href":"https:\/\/www.prestigemag.co\/fr\/wp-json\/wp\/v2\/posts\/19943"}],"collection":[{"href":"https:\/\/www.prestigemag.co\/fr\/wp-json\/wp\/v2\/posts"}],"about":[{"href":"https:\/\/www.prestigemag.co\/fr\/wp-json\/wp\/v2\/types\/post"}],"author":[{"embeddable":true,"href":"https:\/\/www.prestigemag.co\/fr\/wp-json\/wp\/v2\/users\/3"}],"replies":[{"embeddable":true,"href":"https:\/\/www.prestigemag.co\/fr\/wp-json\/wp\/v2\/comments?post=19943"}],"version-history":[{"count":0,"href":"https:\/\/www.prestigemag.co\/fr\/wp-json\/wp\/v2\/posts\/19943\/revisions"}],"wp:attachment":[{"href":"https:\/\/www.prestigemag.co\/fr\/wp-json\/wp\/v2\/media?parent=19943"}],"wp:term":[{"taxonomy":"category","embeddable":true,"href":"https:\/\/www.prestigemag.co\/fr\/wp-json\/wp\/v2\/categories?post=19943"},{"taxonomy":"post_tag","embeddable":true,"href":"https:\/\/www.prestigemag.co\/fr\/wp-json\/wp\/v2\/tags?post=19943"}],"curies":[{"name":"wp","href":"https:\/\/api.w.org\/{rel}","templated":true}]}}