{"id":19963,"date":"2015-01-08T14:25:37","date_gmt":"2015-01-08T14:25:37","guid":{"rendered":"http:\/\/www.prestigemag.co\/2015\/01\/raymond-edde\/"},"modified":"2015-01-08T14:25:37","modified_gmt":"2015-01-08T14:25:37","slug":"raymond-edde","status":"publish","type":"post","link":"https:\/\/www.prestigemag.co\/fr\/2015\/01\/raymond-edde\/","title":{"rendered":"Raymond Edd\u00e9"},"content":{"rendered":"<p><em>Prestige N 10, Mars 1994<\/em><\/p>\n<h3>Silhouette sportive, prunelle verte et regard p\u00e9tillant de malice, l\u2019\u00e9l\u00e9gance \u00e0 fleur de peau et l\u2019humour aux coins des l\u00e8vres, le Amid vient de f\u00eater ses quatre fois vingt printemps. Raymond Edd\u00e9, un personnage hors du commun, \u00e9tonnant de pr\u00e9sence et de force, surprenant de simplicit\u00e9 pour quelqu\u2019un qui poss\u00e8de la grandeur et l\u2019authenticit\u00e9 d\u2019un meneur d\u2019hommes, un \u00eatre intelligent, entier, d\u00e9bordant d\u2019une ardeur intacte.<\/h3>\n<p><a href=\"http:\/\/www.prestigemag.co\/wp-content\/uploads\/2015\/01\/Raymond-Edde.jpg\"><img src=\"data:image\/svg+xml,%3Csvg%20xmlns='http:\/\/www.w3.org\/2000\/svg'%20viewBox='0%200%2070%%20247'%3E%3C\/svg%3E\" class=\"zeen-lazy-load-base zeen-lazy-load alignnone size-full wp-image-3872\" data-lazy-src=\"http:\/\/www.prestigemag.co\/wp-content\/uploads\/2015\/01\/Raymond-Edde.jpg\" alt=\"Raymond Edde\" width=\"70%\" data-lazy-srcset=\"https:\/\/www.prestigemag.co\/wp-content\/uploads\/2015\/01\/Raymond-Edde.jpg 709w, https:\/\/www.prestigemag.co\/wp-content\/uploads\/2015\/01\/Raymond-Edde-300x200.jpg 300w, https:\/\/www.prestigemag.co\/wp-content\/uploads\/2015\/01\/Raymond-Edde-150x100.jpg 150w, https:\/\/www.prestigemag.co\/wp-content\/uploads\/2015\/01\/Raymond-Edde-562x375.jpg 562w, https:\/\/www.prestigemag.co\/wp-content\/uploads\/2015\/01\/Raymond-Edde-187x125.jpg 187w, https:\/\/www.prestigemag.co\/wp-content\/uploads\/2015\/01\/Raymond-Edde-100x67.jpg 100w\" data-lazy-sizes=\"(max-width: 709px) 100vw, 709px\" \/><noscript><img class=\"alignnone size-full wp-image-3872\" src=\"http:\/\/www.prestigemag.co\/wp-content\/uploads\/2015\/01\/Raymond-Edde.jpg\" alt=\"Raymond Edde\" width=\"70%\" srcset=\"https:\/\/www.prestigemag.co\/wp-content\/uploads\/2015\/01\/Raymond-Edde.jpg 709w, https:\/\/www.prestigemag.co\/wp-content\/uploads\/2015\/01\/Raymond-Edde-300x200.jpg 300w, https:\/\/www.prestigemag.co\/wp-content\/uploads\/2015\/01\/Raymond-Edde-150x100.jpg 150w, https:\/\/www.prestigemag.co\/wp-content\/uploads\/2015\/01\/Raymond-Edde-562x375.jpg 562w, https:\/\/www.prestigemag.co\/wp-content\/uploads\/2015\/01\/Raymond-Edde-187x125.jpg 187w, https:\/\/www.prestigemag.co\/wp-content\/uploads\/2015\/01\/Raymond-Edde-100x67.jpg 100w\" sizes=\"(max-width: 709px) 100vw, 709px\" \/><\/noscript><\/a><\/p>\n<p>\u00a9 Tony Hage<\/p>\n<p><em>Une odyss\u00e9e politique initi\u00e9e en 1949 et transcend\u00e9e par un exil volontaire.<\/em><\/p>\n<h2><strong>Raymond Edd\u00e9 ne se h\u00e2t<\/strong><strong>ait p<\/strong><strong>o<\/strong><strong>int <\/strong><strong>de suivre la voie trac\u00e9e p<\/strong><strong>ar\u00a0<\/strong><strong>son p\u00e8re; <\/strong><strong>la politique<\/strong> <strong>n&rsquo;int\u00e9re<\/strong><strong>ssait pas <\/strong><strong>ce <\/strong><strong>brillant avoc<\/strong><strong>at<\/strong><\/h2>\n<p>N\u00e9 \u00e0 Alexandrie le 15 mars 1913, fils d&rsquo;Emile Edd\u00e9, premier pr\u00e9sident maronite de la R\u00e9publique Libanaise, leAmid fit ses \u00e9tudes secondaires chez les P\u00e8res J\u00e9suites \u00e0 Beyrouth et ses \u00e9tudes de droit \u00e0la Facult\u00e9 de la rue Huvelin o\u00f9 il obtint sa licence en 1934. Plusieursfois d\u00e9put\u00e9 et ministre, il est depuis 1949 pr\u00e9sident du parti du Bloc National, fond\u00e9 par son p\u00e8re en 1943. Devenu le symbole de la r\u00e9sistance \u00e0 toutce qui pouvait nuire au pays, il fut l&rsquo;objet de plusieurs tentatives d&rsquo;assassinat durant sa carri\u00e8re politique, dont les deux derni\u00e8res \u00e0 un mois d&rsquo;intervalle devant son domicile. Il nous raconte l&rsquo;exil qu&rsquo;il s&rsquo;est impos\u00e9 d\u00e9lib\u00e9r\u00e9ment suite \u00e0 ces attentats. \u00abLe 22 d\u00e9cembre 1976, je re\u00e7us la visite de l&rsquo;ambassadeur d&rsquo;Egypte qui me transmit une invitation d&rsquo;Anouar Sadate pour me rendre au Caire. J&rsquo;ai accept\u00e9.<\/p>\n<p>Le pr\u00e9sident \u00e9gyptien m&rsquo;a demand\u00e9 de ne pas rentrer au Liban, convaincu qu&rsquo;il y aurait une nouvelle tentative \u00e0mon encontre. Il me montra une liste de Libanais \u00e0 \u00e9liminer. Les noms de Kamal Joumblatt et de Raymond Edd\u00e9 figuraient en premier, suivis de plusieurs personnalit\u00e9s qui ont \u00e9t\u00e9 par la suite effectivement assassin\u00e9es. Charg\u00e9 d&rsquo;une mission au Quai d&rsquo;Orsay par le pr\u00e9sident Sadate, je suis arriv\u00e9 \u00e0 Paris le 4 janvier 1977 et je m&rsquo;y trouve depuis plus de dix-sept ans!\u00bb<\/p>\n<p><a href=\"http:\/\/www.prestigemag.co\/wp-content\/uploads\/2015\/01\/Raymond-Edde0.jpg\"><img src=\"data:image\/svg+xml,%3Csvg%20xmlns='http:\/\/www.w3.org\/2000\/svg'%20viewBox='0%200%2035%%20247'%3E%3C\/svg%3E\" class=\"zeen-lazy-load-base zeen-lazy-load alignnone  wp-image-3873\" data-lazy-src=\"http:\/\/www.prestigemag.co\/wp-content\/uploads\/2015\/01\/Raymond-Edde0.jpg\" alt=\"Raymond Edde0\" width=\"35%\" data-lazy-srcset=\"https:\/\/www.prestigemag.co\/wp-content\/uploads\/2015\/01\/Raymond-Edde0.jpg 472w, https:\/\/www.prestigemag.co\/wp-content\/uploads\/2015\/01\/Raymond-Edde0-195x300.jpg 195w, https:\/\/www.prestigemag.co\/wp-content\/uploads\/2015\/01\/Raymond-Edde0-97x150.jpg 97w, https:\/\/www.prestigemag.co\/wp-content\/uploads\/2015\/01\/Raymond-Edde0-244x375.jpg 244w, https:\/\/www.prestigemag.co\/wp-content\/uploads\/2015\/01\/Raymond-Edde0-81x125.jpg 81w, https:\/\/www.prestigemag.co\/wp-content\/uploads\/2015\/01\/Raymond-Edde0-43x67.jpg 43w\" data-lazy-sizes=\"(max-width: 472px) 100vw, 472px\" \/><noscript><img class=\"alignnone  wp-image-3873\" src=\"http:\/\/www.prestigemag.co\/wp-content\/uploads\/2015\/01\/Raymond-Edde0.jpg\" alt=\"Raymond Edde0\" width=\"35%\" srcset=\"https:\/\/www.prestigemag.co\/wp-content\/uploads\/2015\/01\/Raymond-Edde0.jpg 472w, https:\/\/www.prestigemag.co\/wp-content\/uploads\/2015\/01\/Raymond-Edde0-195x300.jpg 195w, https:\/\/www.prestigemag.co\/wp-content\/uploads\/2015\/01\/Raymond-Edde0-97x150.jpg 97w, https:\/\/www.prestigemag.co\/wp-content\/uploads\/2015\/01\/Raymond-Edde0-244x375.jpg 244w, https:\/\/www.prestigemag.co\/wp-content\/uploads\/2015\/01\/Raymond-Edde0-81x125.jpg 81w, https:\/\/www.prestigemag.co\/wp-content\/uploads\/2015\/01\/Raymond-Edde0-43x67.jpg 43w\" sizes=\"(max-width: 472px) 100vw, 472px\" \/><\/noscript><\/a><\/p>\n<p>\u00a9 Archives Raymond Edd\u00e9<\/p>\n<p><em>Raymond enfant, sur les genoux de son p\u00e8re, le pr\u00e9sident Emile Edde.<\/em><\/p>\n<p><strong>Prenez-vous, depuis<\/strong><strong>, <\/strong><strong>les <\/strong><strong>c<\/strong><strong>ho<\/strong><strong>ses <\/strong><strong>moins <\/strong><strong>\u00e0 <\/strong><strong>c\u0153ur? <\/strong>Je prends les choses \u00e0 c\u0153ur de la m\u00eame fa\u00e7on qu&rsquo;auparavant; je d\u00e9fends avec la m\u00eame ardeur mes id\u00e9es et mes points de vue. Mon pays est ma principale pr\u00e9occupation.<\/p>\n<p>D\u00e8s le d\u00e9but de ma carri\u00e8re politique, je d\u00e9cidai de compter ma valeur au nombre de mes ennemis et je peux vous assurer qu&rsquo;ils sont nombreux.<\/p>\n<p><strong>Commen<\/strong><strong>t <\/strong><strong>vous d\u00e9finissez-<\/strong><strong>v<\/strong><strong>ous <\/strong><strong>en <\/strong><strong>tant qu<\/strong><strong>&lsquo;homme<\/strong><strong> poli<\/strong><strong>t<\/strong><strong>iqu<\/strong><strong>e<\/strong><strong>? Racontez-nous <\/strong><strong>v<\/strong><strong>otre par<\/strong><strong>c<\/strong><strong>our<\/strong><strong>s. <\/strong>\u00abJeune, la politiquene m&rsquo;int\u00e9ressait gu\u00e8re, je ne voulais surtout pas vivre 1&rsquo;exp\u00e9rience de mon p\u00e8re qui \u00e9taittout le temps assailli par une foule nombreuse de qu\u00e9mandeurs qui remplissait la maison et restait jusqu&rsquo;\u00e0 des heures avanc\u00e9es de la nuit. Je voulais profiter de ma jeunesse et de ce que la vie avait \u00e0 m&rsquo;offrir. A cette \u00e9poque,je faisais un stage en qualit\u00e9 d&rsquo;avocat \u00e0 l&rsquo;\u00e9tude de mon p\u00e8re avant qu&rsquo;il nesoit \u00e9lu pr\u00e9sident de la R\u00e9publique. J&rsquo;ai d&rsquo;ailleurs continu\u00e9 \u00e0 exercer maprofession apr\u00e8s son \u00e9lection, en ne plaidant que devant les tribunauxmixtes. J&rsquo;avais beaucoup de temps libre que je consacrais \u00e0 la chasse qui \u00e9tait ma grande passion. Cela m&rsquo;a permis d&rsquo;ailleurs de parcourir le pays de long en large, jusqu&rsquo;au plus profond de nos villages frontaliers, de conna\u00eetre sa g\u00e9ographie et les diff\u00e9rentes mentalit\u00e9s de ses habitants. J&rsquo;ai commenc\u00e9 ma carri\u00e8re politique en 1943 lors des fameuses \u00e9lectionsl\u00e9gislatives qui d\u00e9cid\u00e8rent de l&rsquo;avenir du pays. J&rsquo;ai \u00e9t\u00e9 charg\u00e9 de m&rsquo;occuperde la r\u00e9gion de Jbeil, dont nous sommes originaires, plus pr\u00e9cis\u00e9ment du village de Edd\u00e9 dont nous portons le nom. A l&rsquo;\u00e9poque, il y avait tr\u00e8s peu de routes et je faisais tout le reste du trajet \u00e0 pied avec Angelo, un costaud habill\u00e9 en cherwal, qui me portait \u00e0 califourchon quand le passage devenait impraticable. En ce temps l\u00e0, personne ne me connaissait encore. Je n&rsquo;\u00e9tais que le fils de l&rsquo;ex-pr\u00e9sident de la R\u00e9publique. Voil\u00e0 comment je fuscontamin\u00e9 par la politique qui, \u00e0 mon sens, est la pire des drogues dont il est difficile de gu\u00e9rir. En 1947, j&rsquo;ai organis\u00e9 les \u00e9lections l\u00e9gislatives \u00e0 Jbeil. Elles ont \u00e9t\u00e9 honteusement falsifi\u00e9es. Elles ont pour nom: \u00abLes \u00e9lections truqu\u00e9es du 25 mai\u00bb. Mon p\u00e8re Emile, bien \u00e9videmment a \u00e9chou\u00e9. En 1949, il d\u00e9c\u00e8de et c&rsquo;est ainsi que je fus \u00e9lu contre ma volont\u00e9 et victime de mon droit d&rsquo;a\u00eenesse, Amid du Bloc National Libanais. Aussit\u00f4t apr\u00e8s,je d\u00e9cidai de fonder avec Camille Chamoun et Kamal Joumblatt un front national d&rsquo;opposition provoquant un soul\u00e8vement populaire g\u00e9n\u00e9ralis\u00e9 et une fermeture totale de la capitale pour trois jours, \u00e0 la suite de quoi, le pr\u00e9sident El Khoury d\u00e9missionna.<\/p>\n<p>C&rsquo;\u00e9tait le 18 septembre 1952. En1953, j&rsquo;ai \u00e9t\u00e9 \u00e9lu d\u00e9put\u00e9 de Jbeil. En 1958, je fus nomm\u00e9, au temps du pr\u00e9sident Fouad Ch\u00e9hab, ministre de l&rsquo;Int\u00e9rieur. J&rsquo;avais plusieurs portefeuilles car nous n&rsquo;\u00e9tions que quatre ministres: ce fut le fameux \u00abGouvernement des Quatre\u00bb compos\u00e9 de deux sunnites et de deux maronites. Aujourd&rsquo;hui, il Y en a trente! Le gouvernement effectua de grandes r\u00e9formes gr\u00e2ce au pr\u00e9sident Ch\u00e9hab; n\u00e9anmoins, je fus contraint de d\u00e9missionner en octobre 1959 car je ne pouvais plus emp\u00eacher la mainmise du deuxi\u00e8me bureau sur mon minist\u00e8re. Je fus nomm\u00e9 \u00e0 nouveau ministre par le pr\u00e9sident Charles H\u00e9lou en 1968. Il s&rsquo;agissait \u00e9galement d&rsquo;un gouvernement d&rsquo;exception avec la m\u00eame composition que le pr\u00e9c\u00e9dent (deux sunnites et deux maronites). De m\u00eame, j&rsquo;avais plusieurs portefeuilles le principal \u00e9tant celui des Travaux Publics.<\/p>\n<p>C&rsquo;\u00e9tait l&rsquo;ann\u00e9e o\u00f9 un commando isra\u00e9lien avait attaqu\u00e9 l&rsquo;a\u00e9roport de Beyrouth, d\u00e9truisant treize avions libanais. J&rsquo;avais pressenti cette agression suite \u00e0 l&rsquo;offensive men\u00e9e par deux terroristes palestiniens contre un avion isra\u00e9lien en stationnement \u00e0 l&rsquo;a\u00e9roport d&rsquo;Ath\u00e8nes. La radio de Tel-Aviv qui diffusait la nouvelle, annon\u00e7a qu&rsquo;elle tenait le gouvernement libanais pour responsable. Pr\u00e9voyant une attaque imminente, j&rsquo;avertis le directeur de l&rsquo;a\u00e9roport, Edmond Ghosn, afin de prendre imm\u00e9diatement les mesures n\u00e9cessaires. Le lendemain, je fis part de mes inqui\u00e9tudes au Conseil des ministres et insistai pour obtenir l&rsquo;aide de l&rsquo;arm\u00e9e en vue d&rsquo;assurer la protection de l&rsquo;a\u00e9roport. Abdallah El Yafi, alors Premier ministre refusa. Le soir m\u00eame, en date du samedi 28 d\u00e9cembre1968, un commando de l&rsquo;arm\u00e9e isra\u00e9lienne atterrit clandestinement non loin des pistes et d\u00e9truisit la quasi totalit\u00e9 de notre flotte commerciale\u00bb.<\/p>\n<p>Fort heureusement, j&rsquo;avais pris les mesures civiles qui relevaient de ma comp\u00e9tence. Ainsi, le personnel et les voyageurs n&rsquo;ont pas \u00e9t\u00e9 atteints. Suite \u00e0 cette agression, je d\u00e9missionnai du gouvernement le 9 janvier 1969, ce dernier ayant refus\u00e9 d&rsquo;adopter ma proposition de demander au Conseil de S\u00e9curit\u00e9 d&rsquo;envoyer des forces de l&rsquo;ONU \u00e0 la fronti\u00e8re libano-isra\u00e9lienne, afin d&#8217;emp\u00eacher de nouvelles attaques et de faire respecter la Convention d&rsquo;Armistice. Ces forces envoy\u00e9es finalement dix ans plus tard, apr\u00e8s l&rsquo;invasion isra\u00e9lienne du 15 mars 1978, sont aujourd&rsquo;hui inefficaces\u00bb.<\/p>\n<p><a href=\"http:\/\/www.prestigemag.co\/wp-content\/uploads\/2015\/01\/Raymond-Edde1.jpg\"><img src=\"data:image\/svg+xml,%3Csvg%20xmlns='http:\/\/www.w3.org\/2000\/svg'%20viewBox='0%200%20709%20385'%3E%3C\/svg%3E\" class=\"zeen-lazy-load-base zeen-lazy-load alignnone size-full wp-image-3874\" data-lazy-src=\"http:\/\/www.prestigemag.co\/wp-content\/uploads\/2015\/01\/Raymond-Edde1.jpg\" alt=\"Raymond Edde1\" width=\"709\" height=\"385\" data-lazy-srcset=\"https:\/\/www.prestigemag.co\/wp-content\/uploads\/2015\/01\/Raymond-Edde1.jpg 709w, https:\/\/www.prestigemag.co\/wp-content\/uploads\/2015\/01\/Raymond-Edde1-300x162.jpg 300w, https:\/\/www.prestigemag.co\/wp-content\/uploads\/2015\/01\/Raymond-Edde1-150x81.jpg 150w, https:\/\/www.prestigemag.co\/wp-content\/uploads\/2015\/01\/Raymond-Edde1-600x325.jpg 600w, https:\/\/www.prestigemag.co\/wp-content\/uploads\/2015\/01\/Raymond-Edde1-230x125.jpg 230w, https:\/\/www.prestigemag.co\/wp-content\/uploads\/2015\/01\/Raymond-Edde1-123x67.jpg 123w\" data-lazy-sizes=\"(max-width: 709px) 100vw, 709px\" \/><noscript><img class=\"alignnone size-full wp-image-3874\" src=\"http:\/\/www.prestigemag.co\/wp-content\/uploads\/2015\/01\/Raymond-Edde1.jpg\" alt=\"Raymond Edde1\" width=\"709\" height=\"385\" srcset=\"https:\/\/www.prestigemag.co\/wp-content\/uploads\/2015\/01\/Raymond-Edde1.jpg 709w, https:\/\/www.prestigemag.co\/wp-content\/uploads\/2015\/01\/Raymond-Edde1-300x162.jpg 300w, https:\/\/www.prestigemag.co\/wp-content\/uploads\/2015\/01\/Raymond-Edde1-150x81.jpg 150w, https:\/\/www.prestigemag.co\/wp-content\/uploads\/2015\/01\/Raymond-Edde1-600x325.jpg 600w, https:\/\/www.prestigemag.co\/wp-content\/uploads\/2015\/01\/Raymond-Edde1-230x125.jpg 230w, https:\/\/www.prestigemag.co\/wp-content\/uploads\/2015\/01\/Raymond-Edde1-123x67.jpg 123w\" sizes=\"(max-width: 709px) 100vw, 709px\" \/><\/noscript><\/a><\/p>\n<p>\u00a9 Archives Raymond Edd\u00e9<\/p>\n<p><em>Session parlementaire en vue du vote d\u2019un projet de loi.<\/em><\/p>\n<h2>\u00ab<strong>En<\/strong> <strong>1956, je fis voter la loi instituant le secret bancaire au profit \u00a0des \u00a0d\u00e9posants\u00bb<\/strong><\/h2>\n<h2><\/h2>\n<p><strong>Un <\/strong><strong>comb<\/strong><strong>at <\/strong><strong>loy<\/strong><strong>a<\/strong><strong>l <\/strong><strong>el <\/strong><strong>c<\/strong><strong>ourageu<\/strong><strong>x <\/strong><strong>pour <\/strong><strong>les libert\u00e9s <\/strong><strong>e<\/strong><strong>n <\/strong><strong>tant qu<\/strong><strong>&lsquo;<\/strong><strong>homme po<\/strong><strong>litique. Et en <\/strong><strong>t<\/strong><strong>ant <\/strong><strong>que l\u00e9gislateur<\/strong><strong>, vous avez pr\u00e9s<\/strong><strong>ent\u00e9 plusieurs pro<\/strong><strong>positions de loi<\/strong><strong>s qui ont \u00e9t\u00e9 a<\/strong><strong>dopt\u00e9<\/strong><strong>e<\/strong><strong>s <\/strong><strong>pour la plupa<\/strong><strong>rt<\/strong><strong>. <\/strong><strong>Parlez-nous du <\/strong><strong>vote de ces lois <\/strong><strong>qu<\/strong><strong>e <\/strong><strong>vous ave<\/strong><strong>z <\/strong><strong>ob<\/strong><strong>tenu.<\/strong><\/p>\n<p>\u00abEffectivement en 1953, j&rsquo;ai soumis au pr\u00e9sident de la R\u00e9publique Camille Chamoun, avec mon ami Mohsen Slim un projet de d\u00e9cret-loi sur l&rsquo;enrichissement illicite des fonctionnaires et des personnes b\u00e9n\u00e9ficiant d&rsquo;un mandat public, tels que les pr\u00e9sidents de la r\u00e9publique, du conseil, les ministres et les d\u00e9put\u00e9s. Le d\u00e9cret-loi n\u00b0 38 du 18 f\u00e9vrier 1953 qui fut adopt\u00e9, n&rsquo;a jamais \u00e9t\u00e9 appliqu\u00e9; ce qui favorisa la corruption \u00e0 tous les niveaux de l&rsquo;administration et de la classe politique. En 1954, j\u2019ai obtenu le vote de la loi lib\u00e9rant les loyers des immeubles qui poss\u00e9deraient l&rsquo;ascenseur, le chauffage central ainsi qu&rsquo;un concierge. Cette loi provoqua la construction de milliers d\u2019immeubles. Il n&rsquo;y avait que cinq immeubles dans tout Beyrouth, qui<\/p>\n<p>b\u00e9n\u00e9ficiaient de ces trois \u00e9l\u00e9ments. Puis en 1956, ce fut la loi instituant le \u00absecret bancaire absolu\u00bb en faveur des clients des banques. En 1959, le Parlement approuvait mon projet de loi supprimant les circonstances att\u00e9nuantes en cas d&rsquo;homicide volontaire, les excuses absolutoires \u00e9tant toutefois maintenues. Fut \u00e9galement vot\u00e9 la loi suspendant l&rsquo;imp\u00f4t sur le revenu agricole pour cinq ans et qui estdepuis renouvel\u00e9e. En 1961, il Y eut la loi instituant \u00able compte-joint\u00bb compl\u00e9mentaire au \u00absecret bancaire\u00bb permettant notamment d&rsquo;h\u00e9riter l\u00e9galement d&rsquo;avoirs bancaires sans payer aucune taxe et aucun droit de succession. En 1971, ce fut la loi permettant \u00e0 tout pr\u00e9venu de se faire assister d&rsquo;un avocat devant le juge d&rsquo;instruction militaire. En 1972 fut vot\u00e9e la loi sur la r\u00e9quisition de l&rsquo;arm\u00e9e pour le maintien de l&rsquo;ordre int\u00e9rieur qui fixe les cas de r\u00e9quisitions et interdit l&rsquo;intervention de l&rsquo;arm\u00e9e dans les op\u00e9rations \u00e9lectorales; enfin en 1974, la loi rendant le tribunal civil seul comp\u00e9tent en mati\u00e8re de d\u00e9lit de presse et supprimant la d\u00e9tention pr\u00e9ventive\u00bb.<\/p>\n<p><a href=\"http:\/\/www.prestigemag.co\/wp-content\/uploads\/2015\/01\/Raymond-Edde2.jpg\"><img src=\"data:image\/svg+xml,%3Csvg%20xmlns='http:\/\/www.w3.org\/2000\/svg'%20viewBox='0%200%2070%%20247'%3E%3C\/svg%3E\" class=\"zeen-lazy-load-base zeen-lazy-load alignnone size-full wp-image-3875\" data-lazy-src=\"http:\/\/www.prestigemag.co\/wp-content\/uploads\/2015\/01\/Raymond-Edde2.jpg\" alt=\"Raymond Edde2\" width=\"70%\" data-lazy-srcset=\"https:\/\/www.prestigemag.co\/wp-content\/uploads\/2015\/01\/Raymond-Edde2.jpg 709w, https:\/\/www.prestigemag.co\/wp-content\/uploads\/2015\/01\/Raymond-Edde2-300x196.jpg 300w, https:\/\/www.prestigemag.co\/wp-content\/uploads\/2015\/01\/Raymond-Edde2-150x98.jpg 150w, https:\/\/www.prestigemag.co\/wp-content\/uploads\/2015\/01\/Raymond-Edde2-571x375.jpg 571w, https:\/\/www.prestigemag.co\/wp-content\/uploads\/2015\/01\/Raymond-Edde2-190x125.jpg 190w, https:\/\/www.prestigemag.co\/wp-content\/uploads\/2015\/01\/Raymond-Edde2-102x67.jpg 102w\" data-lazy-sizes=\"(max-width: 709px) 100vw, 709px\" \/><noscript><img class=\"alignnone size-full wp-image-3875\" src=\"http:\/\/www.prestigemag.co\/wp-content\/uploads\/2015\/01\/Raymond-Edde2.jpg\" alt=\"Raymond Edde2\" width=\"70%\" srcset=\"https:\/\/www.prestigemag.co\/wp-content\/uploads\/2015\/01\/Raymond-Edde2.jpg 709w, https:\/\/www.prestigemag.co\/wp-content\/uploads\/2015\/01\/Raymond-Edde2-300x196.jpg 300w, https:\/\/www.prestigemag.co\/wp-content\/uploads\/2015\/01\/Raymond-Edde2-150x98.jpg 150w, https:\/\/www.prestigemag.co\/wp-content\/uploads\/2015\/01\/Raymond-Edde2-571x375.jpg 571w, https:\/\/www.prestigemag.co\/wp-content\/uploads\/2015\/01\/Raymond-Edde2-190x125.jpg 190w, https:\/\/www.prestigemag.co\/wp-content\/uploads\/2015\/01\/Raymond-Edde2-102x67.jpg 102w\" sizes=\"(max-width: 709px) 100vw, 709px\" \/><\/noscript><\/a><\/p>\n<p>\u00a9 Archives Raymond Edd\u00e9<\/p>\n<p><em>Raymond Edde entour\u00e9 de Kamal Joumblatt et Rachid Karam\u00e9.<\/em><\/p>\n<p><strong>V<\/strong><strong>ous avez pos\u00e9 votre candidature \u00e0 la pr\u00e9sidence de la R\u00e9publique <\/strong><strong>plus <\/strong><strong>d\u2019une <\/strong><strong>fois<\/strong><strong>. La <\/strong><strong>premi<\/strong><strong>\u00e8<\/strong><strong>re <\/strong><strong>\u00e9tait en qu<\/strong><strong>e<\/strong><strong>lle ann\u00e9e et seriez-vous candidat pour les prochaines <\/strong><strong>\u00e9<\/strong><strong>lections?<\/strong><\/p>\n<p>\u00abLa premi\u00e8re fois, c&rsquo;\u00e9tait en 1958. J&rsquo;ai \u00e9t\u00e9 le seul \u00e0 oser poser ma candidature \u00e0 la pr\u00e9sidence de la R\u00e9publique contre le g\u00e9n\u00e9ral Fouad Ch\u00e9hab qui \u00e9tait, \u00e0 cette \u00e9poque, commandant en chef de l&rsquo;arm\u00e9e libanaise. J&rsquo;estimais qu&rsquo;il fallait \u00e9loigner les militaires de la politique. J&rsquo;ai r\u00e9ussi \u00e0 mettre en ballotage le g\u00e9n\u00e9ral qui ne fut \u00e9lu qu&rsquo;au second tour. Ceci ne l&#8217;emp\u00eacha pas d&rsquo;ailleurs apr\u00e8s l&rsquo;\u00e9chec de son premier gouvernement de faire appel \u00e0 moi pour faire partie d&rsquo;un nouveau cabinet. Depuis, \u00e0 chacune des \u00e9lections pr\u00e9sidentielles, mon parti tient \u00e0 ce que je pose ma candidature\u00bb.<\/p>\n<p><strong>Fair<\/strong><strong>e <\/strong><strong>ce <\/strong><strong>que l&rsquo;on veut m<\/strong><strong>ais le faire av<\/strong><strong>e<\/strong><strong>c <\/strong><strong>p<\/strong><strong>a<\/strong><strong>ssion, <\/strong><strong>est-ce l\u00e0 la<\/strong><strong> cl<\/strong><strong>e<\/strong><strong>f <\/strong><strong>du <\/strong><strong>succ\u00e8s<\/strong><strong>? <\/strong>\u00abD&rsquo;apr\u00e8s mon exp\u00e9rience personnelle, on peut \u00eatre instruit, s\u00e9rieux et passionn\u00e9 sans pouvoir pour autant atteindre son but. Dans la vie, il y a un important pourcentage de chance: je l&rsquo;\u00e9value \u00e0 un minimum de 80%. Je crois au destin, \u00e0 la chance et \u00e0 la malchance\u00bb.<\/p>\n<p><strong>Don<\/strong><strong>c, d\u2019apr\u00e8s<\/strong><strong> vous, nous ne pouvons pas \u00eatre les ma\u00eet<\/strong><strong>r<\/strong><strong>e<\/strong><strong>s d<\/strong><strong>&lsquo;<\/strong><strong>\u0153uvre de notr<\/strong><strong>e destin? <\/strong>\u00abOn peut am\u00e9liorer notre existence. Platon a dit: \u00abL&rsquo;homme est intelligent parce qu&rsquo;il a une main\u00bb. A sa naissance, l&rsquo;homme est dot\u00e9 d&rsquo;intelligence, il peut la d\u00e9velopper \u00e0 tout moment. Il peut donc changer en partie le cours de son destin\u00bb.<\/p>\n<p><strong>Quelle est votre philosophie de l<\/strong><strong>a <\/strong><strong>vie? <\/strong>\u00abMa philosophie consiste \u00e0 prendre la vie comme elle est, m\u00eame si elle n&rsquo;est pas rose tous les jours\u00bb.<\/p>\n<p><strong>A <\/strong><strong>l<\/strong><strong>&lsquo;<\/strong><strong>\u00e8r<\/strong><strong>e <\/strong><strong>de la bomb<\/strong><strong>e <\/strong><strong>nu<\/strong><strong>c<\/strong><strong>l\u00e9aire, de<\/strong><strong> la <\/strong><strong>Pollution, <\/strong><strong>du sida, <\/strong><strong>du <\/strong><strong>stress <\/strong><strong>et\u00a0<\/strong><strong>d<\/strong><strong>e <\/strong><strong>l<\/strong><strong>&lsquo;<\/strong><strong>ordinateur<\/strong><strong>, <\/strong><strong>chacun\u00a0<\/strong><strong>voit le\u00a0<\/strong><strong>mond<\/strong><strong>e avec ses <\/strong><strong>y<\/strong><strong>eux <\/strong><strong>\u00e0 travers s<\/strong><strong>es \u00e9motions, <\/strong><strong>c<\/strong><strong>omment <\/strong><strong>le <\/strong><strong>voyez-<\/strong><strong>v<\/strong><strong>ous? <\/strong>\u00abTous ces faits nous d\u00e9passent. Je trouve que le sida est une injustice. Des pr\u00eatres et hommes religieux ont dit que ce fl\u00e9au mettrait fin au libertinage qui s\u00e9vit et consoliderait les liens du mariage\u00bb.<\/p>\n<p>Quant \u00e0 la bombe nucl\u00e9aire, elle repr\u00e9sente le produit de l&rsquo;intelligence humaine; dans cette optique d&rsquo;ailleurs, on ne peut \u00eatre qu&rsquo;en admiration. La violence elle, a toujours exist\u00e9. Le stress, ph\u00e9nom\u00e8ne tr\u00e8s r\u00e9pandu, est la ran\u00e7on de notre civilisation\u00bb.<\/p>\n<p><strong>N<\/strong><strong>ous allon<\/strong><strong>s <\/strong><strong>aborder un <\/strong><strong>c<\/strong><strong>hapitr<\/strong><strong>e <\/strong><strong>loin des soucis politiques. Parlez-<\/strong><strong>n<\/strong><strong>ous de <\/strong><strong>v<\/strong><strong>otre enfanc<\/strong><strong>e<\/strong><strong>, d<\/strong><strong>e <\/strong><strong>vos relations avec vos parents<\/strong><strong>, <\/strong><strong>de vos sou<\/strong><strong>ve<\/strong><strong>nirs et de <\/strong><strong>v<\/strong><strong>os nostalgies. <\/strong>(L\u00e0, le Amid se l\u00e8ve, ouvre un tiroir et sort la photo d&rsquo;un homme imposant, assis, tenant sur ses genoux un beau petit gar\u00e7on de trois ans environ). \u00abC&rsquo;est mon p\u00e8re\u00bb. (Il me montre deux autres photos). \u00abC&rsquo;est ma m\u00e8re et voici ma s\u0153ur qui fut tu\u00e9e pendant la guerre.<\/p>\n<p>Durant mon enfance \u00e0 Alexandrie, j&rsquo;ai grandi entre mes parents, ma grand-m\u00e8re et mes tantes maternelles. Nous habitions une belle maison avec un grand jardin. Un jour, j&rsquo;ai voulu savoir ce qu&rsquo;il y avait derri\u00e8re le mur mitoyen du jardin. Je l&rsquo;ai escalad\u00e9; l\u00e0, j&rsquo;ai connu mon premier amour. Elle s&rsquo;appelait Makboula. J&rsquo;avais sept ans. C&rsquo;\u00e9tait une petite b\u00e9douine de mon \u00e2ge. J&rsquo;ai pass\u00e9 une partie de l&rsquo;apr\u00e8s-midi \u00e0 jouer avec elle et les autres petits b\u00e9douins parmi les chiens, les \u00e2nes et les moutons. On m&rsquo;a cherch\u00e9 partout et lorsque je suis rentr\u00e9 \u00e0 la maison. j&rsquo;ai exig\u00e9 de porter une guelabiya comme, eux. Bien que je fus s\u00e9v\u00e8rement r\u00e9primand\u00e9, cela ne m&rsquo;a pas emp\u00each\u00e9 de retourner \u00e0 plusieurs reprises chez mes amis. Quant \u00e0 mes parents, nos relations \u00e9taient excellentes. J&rsquo;adorais ma m\u00e8re et j&rsquo;avais une grande admiration pour mon p\u00e8re\u00bb.<\/p>\n<p><strong>E<\/strong><strong>tes<\/strong><strong>-v<\/strong><strong>ous superstit<\/strong><strong>ieux? <\/strong><strong>Ave<\/strong><strong>s-vous un <\/strong><strong>porte-bonheur <\/strong><strong>ou un chiffre f\u00e9t<\/strong><strong>iche?<\/strong>\u00abNon, je ne suis pas superstitieux, mais suite \u00e0 une rencontre tout \u00e0 fait par hasard avec une boh\u00e9mienne \u00e0 Antibes qui a vu dans le marc du caf\u00e9 que le onze \u00e9tait mon chiffre porte-bonheur, j&rsquo;ai \u00e9t\u00e9 bien oblig\u00e9 d\u2019y croire depuis que j&rsquo;ai \u00e9chapp\u00e9 aux deux derniers attentats qui ont eu lieu un onze novembre et un onze d\u00e9cembre. J&rsquo;ai constat\u00e9 \u00e9galement que l&rsquo;addition des lettres de mon nom et mon pr\u00e9nom faisait onze, etc&#8230; Elle m&rsquo;a dit aussi de me m\u00e9fier des hommes et de ne faire confiance qu&rsquo;aux femmes; ce qui s&rsquo;est r\u00e9v\u00e9l\u00e9 exact\u00bb<\/p>\n<p><strong>V<\/strong><strong>ous fiez-vous \u00e0 votre int<\/strong><strong>elligence <\/strong><strong>ou votre instinct? <\/strong>\u00abA mon intuition\u00bb<\/p>\n<p><strong>Parce que vous <\/strong><strong>v<\/strong><strong>ous m<\/strong><strong>\u00e9fiez tou<\/strong><strong>jours de la raison qui r<\/strong><strong>isque de\u00a0<\/strong><strong>limiter votre univers? <\/strong>\u00abPeut-\u00eatre &#8230; \u00bb<\/p>\n<p><strong>Qu<\/strong><strong>&lsquo;<\/strong><strong>aimez-vous? <\/strong>\u00abJ&rsquo;aime la nature, la libert\u00e9, j&rsquo;ai le sens de l&rsquo;honneur, de la dignit\u00e9. J&rsquo;ai horreur du mensonge\u00bb.<\/p>\n<p><strong>Et l<\/strong><strong>&lsquo;<\/strong><strong>amour dans tout <\/strong><strong>\u00e7<\/strong><strong>a? <\/strong><strong>Etes-vous <\/strong><strong>\u00e0 <\/strong><strong>cet instant un c\u0153ur au <\/strong><strong>ch\u00f4mage\u00a0?<\/strong>(Il rit). \u00abTout ce que je peux vous dire c&rsquo;est que je ne suis pas misogyne.\u00bb<\/p>\n<p><strong>L<\/strong><strong>&lsquo;<\/strong><strong>amour est enfant de boh<\/strong><strong>\u00e8me, il <\/strong><strong>n<\/strong><strong>&lsquo;<\/strong><strong>a <\/strong><strong>jamais <\/strong><strong>connu de loi&#8230; <\/strong><strong>\u00bb <\/strong><strong>chante <\/strong><strong>C<\/strong><strong>armen. <\/strong><strong>Qu&rsquo;en pensez-vou<\/strong><strong>s, Amid? <\/strong>\u00abLe vrai amour ne conna\u00eet de loi.<\/p>\n<p>C&rsquo;est la plus belle cr\u00e9ation de Dieu! \u00bb<\/p>\n<p><strong>L<\/strong><strong>&lsquo;<\/strong><strong>amour surgit comme un r<\/strong><strong>\u00eave. <\/strong><strong>0n a <\/strong><strong>beau avoir aim\u00e9, c<\/strong><strong>&lsquo;<\/strong><strong>est t<\/strong><strong>oujour<\/strong><strong>s <\/strong><strong>c<\/strong><strong>omme la premi\u00e8re fois. <\/strong><strong>C<\/strong><strong>ombien <\/strong><strong>de <\/strong><strong>fois avez-vous \u00e9t\u00e9 amo<\/strong><strong>ureux\u00a0?<\/strong><\/p>\n<p>(Il compte sur ses doigts) \u00abSept fois!\u00bb.<\/p>\n<p><strong>Avez<\/strong><strong>-vous d\u00e9j\u00e0 vraiment <\/strong><strong>v\u00e9cu un amour passion\u00a0?<\/strong>\u00abLa premi\u00e8re fois que j&rsquo;ai aim\u00e9, j&rsquo;avais tout juste dix sept ans et j&rsquo;\u00e9tais persuad\u00e9 alors qu&rsquo;on pouvait mourir d&rsquo;amour. D&rsquo;ailleurs, lorsque je pensais \u00e0 elle, mon c\u0153ur battait tellement fort que je croyais \u00eatre devenu cardiaque. Ce n&rsquo;est qu&rsquo;\u00e0 la seconde fois que j&rsquo;ai d\u00e9couvert qu&rsquo;on ne mourait vraiment d&rsquo;amour que dans les chansons\u00bb.<\/p>\n<p><strong>So<\/strong><strong>c<\/strong><strong>rate affirmait qu<\/strong><strong>&lsquo;<\/strong><strong>\u00abaime<\/strong><strong>r sert \u00e0 <\/strong><strong>faire de beaux discours\u00bb. Co<\/strong><strong>mmen<\/strong><strong>t <\/strong><strong>aimez-vous, Amid? <\/strong>Silence &#8230;<\/p>\n<h2><strong>Il<\/strong> <strong>confie: \u00abMa m\u00e8re est l&rsquo;unique femme qui ait vraiment compt\u00e9 dans ma vie\u00bb<\/strong><\/h2>\n<h2><\/h2>\n<h2><strong><a href=\"http:\/\/www.prestigemag.co\/wp-content\/uploads\/2015\/01\/Raymond-Edde6.jpg\"><img src=\"data:image\/svg+xml,%3Csvg%20xmlns='http:\/\/www.w3.org\/2000\/svg'%20viewBox='0%200%2070%%20247'%3E%3C\/svg%3E\" class=\"zeen-lazy-load-base zeen-lazy-load alignnone size-full wp-image-3876\" data-lazy-src=\"http:\/\/www.prestigemag.co\/wp-content\/uploads\/2015\/01\/Raymond-Edde6.jpg\" alt=\"Raymond Edde6\" width=\"70%\" data-lazy-srcset=\"https:\/\/www.prestigemag.co\/wp-content\/uploads\/2015\/01\/Raymond-Edde6.jpg 709w, https:\/\/www.prestigemag.co\/wp-content\/uploads\/2015\/01\/Raymond-Edde6-300x217.jpg 300w, https:\/\/www.prestigemag.co\/wp-content\/uploads\/2015\/01\/Raymond-Edde6-150x108.jpg 150w, https:\/\/www.prestigemag.co\/wp-content\/uploads\/2015\/01\/Raymond-Edde6-516x375.jpg 516w, https:\/\/www.prestigemag.co\/wp-content\/uploads\/2015\/01\/Raymond-Edde6-172x125.jpg 172w, https:\/\/www.prestigemag.co\/wp-content\/uploads\/2015\/01\/Raymond-Edde6-92x67.jpg 92w\" data-lazy-sizes=\"(max-width: 709px) 100vw, 709px\" \/><noscript><img class=\"alignnone size-full wp-image-3876\" src=\"http:\/\/www.prestigemag.co\/wp-content\/uploads\/2015\/01\/Raymond-Edde6.jpg\" alt=\"Raymond Edde6\" width=\"70%\" srcset=\"https:\/\/www.prestigemag.co\/wp-content\/uploads\/2015\/01\/Raymond-Edde6.jpg 709w, https:\/\/www.prestigemag.co\/wp-content\/uploads\/2015\/01\/Raymond-Edde6-300x217.jpg 300w, https:\/\/www.prestigemag.co\/wp-content\/uploads\/2015\/01\/Raymond-Edde6-150x108.jpg 150w, https:\/\/www.prestigemag.co\/wp-content\/uploads\/2015\/01\/Raymond-Edde6-516x375.jpg 516w, https:\/\/www.prestigemag.co\/wp-content\/uploads\/2015\/01\/Raymond-Edde6-172x125.jpg 172w, https:\/\/www.prestigemag.co\/wp-content\/uploads\/2015\/01\/Raymond-Edde6-92x67.jpg 92w\" sizes=\"(max-width: 709px) 100vw, 709px\" \/><\/noscript><\/a><\/strong><\/h2>\n<p>\u00a9 Tony Hage<\/p>\n<address>\u00a0<\/address>\n<address><em>Le Amid bien entour\u00e9 de Aida Frangi\u00e9, Jinane Mahmassani et Viviane Ghanem.<\/em><\/address>\n<address>\u00a0<\/address>\n<p><strong>Amid, pourriez-vous nous <\/strong><strong>confier <\/strong><strong>quel<\/strong> <strong>genre de femme a su un<\/strong> <strong>jour ou l&rsquo;autre faire battre votre c\u0153ur?<\/strong><\/p>\n<p>\u00abIl n&rsquo;y a pas de genre pr\u00e9cis. Chaque femme est unique, chacune suscite en moi des \u00e9motions tout \u00e0 fait diff\u00e9rentes. Vous savez, je suis un vieux c\u00e9libataire qui en a vu dans sa vie\u00bb.<\/p>\n<p><strong>Qu&rsquo;est-c<\/strong><strong>e-<\/strong><strong>que vo<\/strong><strong>u<\/strong><strong>s regardez <\/strong><strong>en <\/strong><strong>premier <\/strong><strong>c<\/strong><strong>hez <\/strong>une <strong>femme <\/strong><strong>et <\/strong><strong>quelle<\/strong><strong>s <\/strong><strong>sont les qualit\u00e9s <\/strong><strong>q<\/strong><strong>ui vou<\/strong><strong>s attirent <\/strong><strong>et les d<\/strong><strong>\u00e9<\/strong><strong>fauts qui <\/strong><strong>v<\/strong><strong>ous font fuir? <\/strong>\u00abJe regarde d&rsquo;abord ses yeux puis ses mains. Comme qualit\u00e9s, il faudrait qu&rsquo;elle soit sympathique et qu&rsquo;elle ait du charme. Quant aux d\u00e9fauts, je ne tol\u00e8re ni la vulgarit\u00e9, ni la b\u00eatise\u00bb.<\/p>\n<p><strong>Y-a-t-il <\/strong><strong>une ou plusieurs femmes qui aient vraiment compt\u00e9 dans votre vie? <\/strong>\u00abMa m\u00e8re uniquement\u00bb.<\/p>\n<p><strong>Pourquoi ne vous \u00eates-vous pas <\/strong><strong>mari\u00e9? <\/strong><strong>C&rsquo;est <\/strong><strong>\u00e9tonnant <\/strong><strong>vu l&rsquo;\u00e9norme succ\u00e8s que vous avez aupr\u00e8s des femmes. <\/strong>\u00abMoi??? C&rsquo;est vous qui le dites. En fait, je remercie le ciel d&rsquo;\u00eatre rest\u00e9 c\u00e9libataire car le rythme de vie qui m&rsquo;a \u00e9t\u00e9 impos\u00e9 aurait eu des cons\u00e9quences n\u00e9fastes sur une \u00e9ventuelle union qui aurait in\u00e9vitablement abouti \u00e0 une s\u00e9paration, (Il encha\u00eene en riant). Aussi, ne pouvant garantir fid\u00e9lit\u00e9 pour toute une vie, je ne voulais pas faire une victime de plus\u00bb.<\/p>\n<p><strong>Le r\u00eave du <\/strong><strong>Amid qui lui tient le plus <\/strong><strong>\u00e0 <\/strong><strong>c\u0153ur? <\/strong>\u00abMon r\u00eave est de lib\u00e9rer le Liban de tous ses occupants!\u00bb<\/p>\n<p><strong>Avez-vous r\u00e9alis\u00e9 tous vos r\u00eaves? <\/strong>Ce \u00e0 quoi le Amid r\u00e9pond laconiquement \u00abNon\u00bb. En outre, il tient \u00e0 rendre hommage \u00e0 quatre Libanais qui ont brill\u00e9 par leur savoir et leur comp\u00e9tence dans ce pays d&rsquo;accueil et d&rsquo;hospitalit\u00e9 qu&rsquo;est la France. Il cite en premier Amin Maalouf, cet \u00e9crivain libanais qui a d\u00e9fi\u00e9 les plusgrands en obtenant avec m\u00e9rite le plus prestigieux des prix litt\u00e9raires: le Goncourt. De m\u00eame, il rend hommage au Professeur Ara Hovannessian, d&rsquo;origine libanaise qui vient de d\u00e9couvrir \u00abune nouvelle clef\u00bb conditionnant l&rsquo;entr\u00e9e du virus du sida dans les cellules; une premi\u00e8re et un grand espoir de barrer la route \u00e0 ce fl\u00e9au; enfin \u00e0deux autres Libanais qui m\u00e9ritent toute notre estime et qui se sont distingu\u00e9s par leurs connaissances et leur savoir-faire en contribuant \u00e0 l&rsquo;ex\u00e9cution d&rsquo;un des plus grands centres d&rsquo;exposition de Paris: le Carrousel du Louvre. Ils&rsquo;agit de Rita Anis Raad, originaire d&rsquo;Edd\u00e9, dans le caza de Jbeil, jeune ing\u00e9nieur en charge des \u00e9tudes et del\u00e0 r\u00e9alisation de la t\u00e9l\u00e9communication, ainsi que de l&rsquo;architecte Philippe Rabbat, principal responsable de l&rsquo;ex\u00e9cution de ce projet de grande envergure\u00bb. <strong><em>Propos <\/em><em>recueillis <\/em><em>par <\/em>NADIA BASSOUS<\/strong><\/p>\n","protected":false},"excerpt":{"rendered":"<p><em>Prestige N 10, Mars 1994<\/em><br \/>Silhouette sportive, prunelle verte et regard p\u00e9tillant de malice, l\u2019\u00e9l\u00e9gance \u00e0 fleur de peau et l\u2019humour aux coins des l\u00e8vres, le Amid vient de f\u00eater ses quatre fois vingt printemps. Raymond Edd\u00e9, un personnage hors du commun, \u00e9tonnant de pr\u00e9sence et de force, surprenant de simplicit\u00e9 pour quelqu\u2019un qui poss\u00e8de la grandeur et l\u2019authenticit\u00e9 d\u2019un meneur d\u2019hommes, un \u00eatre intelligent, entier, d\u00e9bordant d\u2019une ardeur intacte.<\/p>\n","protected":false},"author":3,"featured_media":0,"comment_status":"closed","ping_status":"closed","sticky":false,"template":"","format":"standard","meta":[],"categories":[13331],"tags":[],"yoast_head":"<!-- This site is optimized with the Yoast SEO plugin v19.4 - https:\/\/yoast.com\/wordpress\/plugins\/seo\/ -->\n<title>Raymond Edd\u00e9 - Prestige Magazine<\/title>\n<meta name=\"description\" content=\"Prestige N 10, Mars 1994Silhouette sportive, prunelle verte et regard p\u00e9tillant de malice, l\u2019\u00e9l\u00e9gance \u00e0 fleur de peau et l\u2019humour aux coins des l\u00e8vres, le Amid vient de f\u00eater ses quatre fois vingt printemps. Raymond Edd\u00e9, un personnage hors du commun, \u00e9tonnant de pr\u00e9sence et de force, surprenant de simplicit\u00e9 pour quelqu\u2019un qui poss\u00e8de la grandeur et l\u2019authenticit\u00e9 d\u2019un meneur d\u2019hommes, un \u00eatre intelligent, entier, d\u00e9bordant d\u2019une ardeur intacte.\" \/>\n<meta name=\"robots\" content=\"index, follow, max-snippet:-1, max-image-preview:large, max-video-preview:-1\" \/>\n<link rel=\"canonical\" href=\"https:\/\/www.prestigemag.co\/fr\/2015\/01\/raymond-edde\/\" \/>\n<meta property=\"og:locale\" content=\"fr_FR\" \/>\n<meta property=\"og:type\" content=\"article\" \/>\n<meta property=\"og:title\" content=\"Raymond Edd\u00e9 - Prestige Magazine\" \/>\n<meta property=\"og:description\" content=\"Prestige N 10, Mars 1994Silhouette sportive, prunelle verte et regard p\u00e9tillant de malice, l\u2019\u00e9l\u00e9gance \u00e0 fleur de peau et l\u2019humour aux coins des l\u00e8vres, le Amid vient de f\u00eater ses quatre fois vingt printemps. Raymond Edd\u00e9, un personnage hors du commun, \u00e9tonnant de pr\u00e9sence et de force, surprenant de simplicit\u00e9 pour quelqu\u2019un qui poss\u00e8de la grandeur et l\u2019authenticit\u00e9 d\u2019un meneur d\u2019hommes, un \u00eatre intelligent, entier, d\u00e9bordant d\u2019une ardeur intacte.\" \/>\n<meta property=\"og:url\" content=\"https:\/\/www.prestigemag.co\/fr\/2015\/01\/raymond-edde\/\" \/>\n<meta property=\"og:site_name\" content=\"Prestige Magazine\" \/>\n<meta property=\"article:publisher\" content=\"https:\/\/www.facebook.com\/prestigemag.co\/\" \/>\n<meta property=\"article:published_time\" content=\"2015-01-08T14:25:37+00:00\" \/>\n<meta property=\"og:image\" content=\"http:\/\/www.prestigemag.co\/wp-content\/uploads\/2015\/01\/Raymond-Edde.jpg\" \/>\n<meta name=\"author\" content=\"prestige\" \/>\n<meta name=\"twitter:card\" content=\"summary\" \/>\n<meta name=\"twitter:label1\" content=\"\u00c9crit par\" \/>\n\t<meta name=\"twitter:data1\" content=\"prestige\" \/>\n\t<meta name=\"twitter:label2\" content=\"Dur\u00e9e de lecture estim\u00e9e\" \/>\n\t<meta name=\"twitter:data2\" content=\"15 minutes\" \/>\n<script type=\"application\/ld+json\" class=\"yoast-schema-graph\">{\"@context\":\"https:\/\/schema.org\",\"@graph\":[{\"@type\":\"Organization\",\"@id\":\"https:\/\/www.prestigemag.co\/#organization\",\"name\":\"Prestige\",\"url\":\"https:\/\/www.prestigemag.co\/\",\"sameAs\":[\"https:\/\/www.instagram.com\/prestige.mag\/\",\"https:\/\/www.facebook.com\/prestigemag.co\/\"],\"logo\":{\"@type\":\"ImageObject\",\"inLanguage\":\"fr-FR\",\"@id\":\"https:\/\/www.prestigemag.co\/#\/schema\/logo\/image\/\",\"url\":\"https:\/\/www.prestigemag.co\/wp-content\/uploads\/2021\/11\/logo-Prestige-800x200-1.png\",\"contentUrl\":\"https:\/\/www.prestigemag.co\/wp-content\/uploads\/2021\/11\/logo-Prestige-800x200-1.png\",\"width\":800,\"height\":200,\"caption\":\"Prestige\"},\"image\":{\"@id\":\"https:\/\/www.prestigemag.co\/#\/schema\/logo\/image\/\"}},{\"@type\":\"WebSite\",\"@id\":\"https:\/\/www.prestigemag.co\/#website\",\"url\":\"https:\/\/www.prestigemag.co\/\",\"name\":\"Prestige Magazine\",\"description\":\"Le Monde Des C\u00e9l\u00e9brit\u00e9s\",\"publisher\":{\"@id\":\"https:\/\/www.prestigemag.co\/#organization\"},\"potentialAction\":[{\"@type\":\"SearchAction\",\"target\":{\"@type\":\"EntryPoint\",\"urlTemplate\":\"https:\/\/www.prestigemag.co\/?s={search_term_string}\"},\"query-input\":\"required name=search_term_string\"}],\"inLanguage\":\"fr-FR\"},{\"@type\":\"WebPage\",\"@id\":\"https:\/\/www.prestigemag.co\/fr\/2015\/01\/raymond-edde\/\",\"url\":\"https:\/\/www.prestigemag.co\/fr\/2015\/01\/raymond-edde\/\",\"name\":\"Raymond Edd\u00e9 - Prestige Magazine\",\"isPartOf\":{\"@id\":\"https:\/\/www.prestigemag.co\/#website\"},\"datePublished\":\"2015-01-08T14:25:37+00:00\",\"dateModified\":\"2015-01-08T14:25:37+00:00\",\"description\":\"Prestige N 10, Mars 1994Silhouette sportive, prunelle verte et regard p\u00e9tillant de malice, l\u2019\u00e9l\u00e9gance \u00e0 fleur de peau et l\u2019humour aux coins des l\u00e8vres, le Amid vient de f\u00eater ses quatre fois vingt printemps. Raymond Edd\u00e9, un personnage hors du commun, \u00e9tonnant de pr\u00e9sence et de force, surprenant de simplicit\u00e9 pour quelqu\u2019un qui poss\u00e8de la grandeur et l\u2019authenticit\u00e9 d\u2019un meneur d\u2019hommes, un \u00eatre intelligent, entier, d\u00e9bordant d\u2019une ardeur intacte.\",\"breadcrumb\":{\"@id\":\"https:\/\/www.prestigemag.co\/fr\/2015\/01\/raymond-edde\/#breadcrumb\"},\"inLanguage\":\"fr-FR\",\"potentialAction\":[{\"@type\":\"ReadAction\",\"target\":[\"https:\/\/www.prestigemag.co\/fr\/2015\/01\/raymond-edde\/\"]}]},{\"@type\":\"BreadcrumbList\",\"@id\":\"https:\/\/www.prestigemag.co\/fr\/2015\/01\/raymond-edde\/#breadcrumb\",\"itemListElement\":[{\"@type\":\"ListItem\",\"position\":1,\"name\":\"Home\",\"item\":\"https:\/\/www.prestigemag.co\/fr\/\"},{\"@type\":\"ListItem\",\"position\":2,\"name\":\"Raymond Edd\u00e9\"}]},{\"@type\":\"Article\",\"@id\":\"https:\/\/www.prestigemag.co\/fr\/2015\/01\/raymond-edde\/#article\",\"isPartOf\":{\"@id\":\"https:\/\/www.prestigemag.co\/fr\/2015\/01\/raymond-edde\/\"},\"author\":{\"name\":\"prestige\",\"@id\":\"https:\/\/www.prestigemag.co\/#\/schema\/person\/e3f149368970128d68bb2d797bf30fbc\"},\"headline\":\"Raymond Edd\u00e9\",\"datePublished\":\"2015-01-08T14:25:37+00:00\",\"dateModified\":\"2015-01-08T14:25:37+00:00\",\"mainEntityOfPage\":{\"@id\":\"https:\/\/www.prestigemag.co\/fr\/2015\/01\/raymond-edde\/\"},\"wordCount\":3060,\"publisher\":{\"@id\":\"https:\/\/www.prestigemag.co\/#organization\"},\"articleSection\":[\"Entrevues\"],\"inLanguage\":\"fr-FR\"},{\"@type\":\"Person\",\"@id\":\"https:\/\/www.prestigemag.co\/#\/schema\/person\/e3f149368970128d68bb2d797bf30fbc\",\"name\":\"prestige\",\"image\":{\"@type\":\"ImageObject\",\"inLanguage\":\"fr-FR\",\"@id\":\"https:\/\/www.prestigemag.co\/#\/schema\/person\/image\/\",\"url\":\"https:\/\/secure.gravatar.com\/avatar\/0aa2dff5484d35e50578639a2c3ccef9?s=96&d=mm&r=g\",\"contentUrl\":\"https:\/\/secure.gravatar.com\/avatar\/0aa2dff5484d35e50578639a2c3ccef9?s=96&d=mm&r=g\",\"caption\":\"prestige\"},\"url\":\"https:\/\/www.prestigemag.co\/fr\/author\/prestige\/\"}]}<\/script>\n<!-- \/ Yoast SEO plugin. -->","yoast_head_json":{"title":"Raymond Edd\u00e9 - Prestige Magazine","description":"Prestige N 10, Mars 1994Silhouette sportive, prunelle verte et regard p\u00e9tillant de malice, l\u2019\u00e9l\u00e9gance \u00e0 fleur de peau et l\u2019humour aux coins des l\u00e8vres, le Amid vient de f\u00eater ses quatre fois vingt printemps. Raymond Edd\u00e9, un personnage hors du commun, \u00e9tonnant de pr\u00e9sence et de force, surprenant de simplicit\u00e9 pour quelqu\u2019un qui poss\u00e8de la grandeur et l\u2019authenticit\u00e9 d\u2019un meneur d\u2019hommes, un \u00eatre intelligent, entier, d\u00e9bordant d\u2019une ardeur intacte.","robots":{"index":"index","follow":"follow","max-snippet":"max-snippet:-1","max-image-preview":"max-image-preview:large","max-video-preview":"max-video-preview:-1"},"canonical":"https:\/\/www.prestigemag.co\/fr\/2015\/01\/raymond-edde\/","og_locale":"fr_FR","og_type":"article","og_title":"Raymond Edd\u00e9 - Prestige Magazine","og_description":"Prestige N 10, Mars 1994Silhouette sportive, prunelle verte et regard p\u00e9tillant de malice, l\u2019\u00e9l\u00e9gance \u00e0 fleur de peau et l\u2019humour aux coins des l\u00e8vres, le Amid vient de f\u00eater ses quatre fois vingt printemps. Raymond Edd\u00e9, un personnage hors du commun, \u00e9tonnant de pr\u00e9sence et de force, surprenant de simplicit\u00e9 pour quelqu\u2019un qui poss\u00e8de la grandeur et l\u2019authenticit\u00e9 d\u2019un meneur d\u2019hommes, un \u00eatre intelligent, entier, d\u00e9bordant d\u2019une ardeur intacte.","og_url":"https:\/\/www.prestigemag.co\/fr\/2015\/01\/raymond-edde\/","og_site_name":"Prestige Magazine","article_publisher":"https:\/\/www.facebook.com\/prestigemag.co\/","article_published_time":"2015-01-08T14:25:37+00:00","og_image":[{"url":"http:\/\/www.prestigemag.co\/wp-content\/uploads\/2015\/01\/Raymond-Edde.jpg"}],"author":"prestige","twitter_card":"summary","twitter_misc":{"\u00c9crit par":"prestige","Dur\u00e9e de lecture estim\u00e9e":"15 minutes"},"schema":{"@context":"https:\/\/schema.org","@graph":[{"@type":"Organization","@id":"https:\/\/www.prestigemag.co\/#organization","name":"Prestige","url":"https:\/\/www.prestigemag.co\/","sameAs":["https:\/\/www.instagram.com\/prestige.mag\/","https:\/\/www.facebook.com\/prestigemag.co\/"],"logo":{"@type":"ImageObject","inLanguage":"fr-FR","@id":"https:\/\/www.prestigemag.co\/#\/schema\/logo\/image\/","url":"https:\/\/www.prestigemag.co\/wp-content\/uploads\/2021\/11\/logo-Prestige-800x200-1.png","contentUrl":"https:\/\/www.prestigemag.co\/wp-content\/uploads\/2021\/11\/logo-Prestige-800x200-1.png","width":800,"height":200,"caption":"Prestige"},"image":{"@id":"https:\/\/www.prestigemag.co\/#\/schema\/logo\/image\/"}},{"@type":"WebSite","@id":"https:\/\/www.prestigemag.co\/#website","url":"https:\/\/www.prestigemag.co\/","name":"Prestige Magazine","description":"Le Monde Des C\u00e9l\u00e9brit\u00e9s","publisher":{"@id":"https:\/\/www.prestigemag.co\/#organization"},"potentialAction":[{"@type":"SearchAction","target":{"@type":"EntryPoint","urlTemplate":"https:\/\/www.prestigemag.co\/?s={search_term_string}"},"query-input":"required name=search_term_string"}],"inLanguage":"fr-FR"},{"@type":"WebPage","@id":"https:\/\/www.prestigemag.co\/fr\/2015\/01\/raymond-edde\/","url":"https:\/\/www.prestigemag.co\/fr\/2015\/01\/raymond-edde\/","name":"Raymond Edd\u00e9 - Prestige Magazine","isPartOf":{"@id":"https:\/\/www.prestigemag.co\/#website"},"datePublished":"2015-01-08T14:25:37+00:00","dateModified":"2015-01-08T14:25:37+00:00","description":"Prestige N 10, Mars 1994Silhouette sportive, prunelle verte et regard p\u00e9tillant de malice, l\u2019\u00e9l\u00e9gance \u00e0 fleur de peau et l\u2019humour aux coins des l\u00e8vres, le Amid vient de f\u00eater ses quatre fois vingt printemps. Raymond Edd\u00e9, un personnage hors du commun, \u00e9tonnant de pr\u00e9sence et de force, surprenant de simplicit\u00e9 pour quelqu\u2019un qui poss\u00e8de la grandeur et l\u2019authenticit\u00e9 d\u2019un meneur d\u2019hommes, un \u00eatre intelligent, entier, d\u00e9bordant d\u2019une ardeur intacte.","breadcrumb":{"@id":"https:\/\/www.prestigemag.co\/fr\/2015\/01\/raymond-edde\/#breadcrumb"},"inLanguage":"fr-FR","potentialAction":[{"@type":"ReadAction","target":["https:\/\/www.prestigemag.co\/fr\/2015\/01\/raymond-edde\/"]}]},{"@type":"BreadcrumbList","@id":"https:\/\/www.prestigemag.co\/fr\/2015\/01\/raymond-edde\/#breadcrumb","itemListElement":[{"@type":"ListItem","position":1,"name":"Home","item":"https:\/\/www.prestigemag.co\/fr\/"},{"@type":"ListItem","position":2,"name":"Raymond Edd\u00e9"}]},{"@type":"Article","@id":"https:\/\/www.prestigemag.co\/fr\/2015\/01\/raymond-edde\/#article","isPartOf":{"@id":"https:\/\/www.prestigemag.co\/fr\/2015\/01\/raymond-edde\/"},"author":{"name":"prestige","@id":"https:\/\/www.prestigemag.co\/#\/schema\/person\/e3f149368970128d68bb2d797bf30fbc"},"headline":"Raymond Edd\u00e9","datePublished":"2015-01-08T14:25:37+00:00","dateModified":"2015-01-08T14:25:37+00:00","mainEntityOfPage":{"@id":"https:\/\/www.prestigemag.co\/fr\/2015\/01\/raymond-edde\/"},"wordCount":3060,"publisher":{"@id":"https:\/\/www.prestigemag.co\/#organization"},"articleSection":["Entrevues"],"inLanguage":"fr-FR"},{"@type":"Person","@id":"https:\/\/www.prestigemag.co\/#\/schema\/person\/e3f149368970128d68bb2d797bf30fbc","name":"prestige","image":{"@type":"ImageObject","inLanguage":"fr-FR","@id":"https:\/\/www.prestigemag.co\/#\/schema\/person\/image\/","url":"https:\/\/secure.gravatar.com\/avatar\/0aa2dff5484d35e50578639a2c3ccef9?s=96&d=mm&r=g","contentUrl":"https:\/\/secure.gravatar.com\/avatar\/0aa2dff5484d35e50578639a2c3ccef9?s=96&d=mm&r=g","caption":"prestige"},"url":"https:\/\/www.prestigemag.co\/fr\/author\/prestige\/"}]}},"_links":{"self":[{"href":"https:\/\/www.prestigemag.co\/fr\/wp-json\/wp\/v2\/posts\/19963"}],"collection":[{"href":"https:\/\/www.prestigemag.co\/fr\/wp-json\/wp\/v2\/posts"}],"about":[{"href":"https:\/\/www.prestigemag.co\/fr\/wp-json\/wp\/v2\/types\/post"}],"author":[{"embeddable":true,"href":"https:\/\/www.prestigemag.co\/fr\/wp-json\/wp\/v2\/users\/3"}],"replies":[{"embeddable":true,"href":"https:\/\/www.prestigemag.co\/fr\/wp-json\/wp\/v2\/comments?post=19963"}],"version-history":[{"count":0,"href":"https:\/\/www.prestigemag.co\/fr\/wp-json\/wp\/v2\/posts\/19963\/revisions"}],"wp:attachment":[{"href":"https:\/\/www.prestigemag.co\/fr\/wp-json\/wp\/v2\/media?parent=19963"}],"wp:term":[{"taxonomy":"category","embeddable":true,"href":"https:\/\/www.prestigemag.co\/fr\/wp-json\/wp\/v2\/categories?post=19963"},{"taxonomy":"post_tag","embeddable":true,"href":"https:\/\/www.prestigemag.co\/fr\/wp-json\/wp\/v2\/tags?post=19963"}],"curies":[{"name":"wp","href":"https:\/\/api.w.org\/{rel}","templated":true}]}}