{"id":19983,"date":"2015-02-11T09:46:15","date_gmt":"2015-02-11T09:46:15","guid":{"rendered":"http:\/\/www.prestigemag.co\/2015\/02\/festival-al-bustan-2015\/"},"modified":"2015-02-11T09:46:15","modified_gmt":"2015-02-11T09:46:15","slug":"festival-al-bustan-2015","status":"publish","type":"post","link":"https:\/\/www.prestigemag.co\/fr\/2015\/02\/festival-al-bustan-2015\/","title":{"rendered":"Festival Al Bustan 2015"},"content":{"rendered":"<p><em>Prestige N\u00b0 259, F\u00e9vrier 2015<\/em><\/p>\n<p><a href=\"http:\/\/www.prestigemag.co\/wp-content\/uploads\/2015\/02\/Untitled-12.jpg\"><img src=\"data:image\/svg+xml,%3Csvg%20xmlns='http:\/\/www.w3.org\/2000\/svg'%20viewBox='0%200%20100%%20247'%3E%3C\/svg%3E\" class=\"zeen-lazy-load-base zeen-lazy-load alignnone size-full wp-image-5137\" data-lazy-src=\"http:\/\/www.prestigemag.co\/wp-content\/uploads\/2015\/02\/Untitled-12.jpg\" alt=\"Untitled-1\" width=\"100%\" data-lazy-srcset=\"https:\/\/www.prestigemag.co\/wp-content\/uploads\/2015\/02\/Untitled-12.jpg 1005w, https:\/\/www.prestigemag.co\/wp-content\/uploads\/2015\/02\/Untitled-12-300x212.jpg 300w, https:\/\/www.prestigemag.co\/wp-content\/uploads\/2015\/02\/Untitled-12-150x106.jpg 150w, https:\/\/www.prestigemag.co\/wp-content\/uploads\/2015\/02\/Untitled-12-531x375.jpg 531w, https:\/\/www.prestigemag.co\/wp-content\/uploads\/2015\/02\/Untitled-12-177x125.jpg 177w, https:\/\/www.prestigemag.co\/wp-content\/uploads\/2015\/02\/Untitled-12-95x67.jpg 95w\" data-lazy-sizes=\"(max-width: 1005px) 100vw, 1005px\" \/><noscript><img class=\"alignnone size-full wp-image-5137\" src=\"http:\/\/www.prestigemag.co\/wp-content\/uploads\/2015\/02\/Untitled-12.jpg\" alt=\"Untitled-1\" width=\"100%\" srcset=\"https:\/\/www.prestigemag.co\/wp-content\/uploads\/2015\/02\/Untitled-12.jpg 1005w, https:\/\/www.prestigemag.co\/wp-content\/uploads\/2015\/02\/Untitled-12-300x212.jpg 300w, https:\/\/www.prestigemag.co\/wp-content\/uploads\/2015\/02\/Untitled-12-150x106.jpg 150w, https:\/\/www.prestigemag.co\/wp-content\/uploads\/2015\/02\/Untitled-12-531x375.jpg 531w, https:\/\/www.prestigemag.co\/wp-content\/uploads\/2015\/02\/Untitled-12-177x125.jpg 177w, https:\/\/www.prestigemag.co\/wp-content\/uploads\/2015\/02\/Untitled-12-95x67.jpg 95w\" sizes=\"(max-width: 1005px) 100vw, 1005px\" \/><\/noscript><\/a><\/p>\n<p><em>1-\u00a0Toufic Maatouk, le dynamique chef d\u2019orchestre libanais, fera cette ann\u00e9e sa 5e apparition au Festival Al Bustan, avec l\u2019Orchestre Philharmonique du Liban.<\/em><\/p>\n<p><em>2-Valentina Farcas, la soprano, honorera le public de sa voix, avec la Messe de Beethoven en C majeur, \u00e0 l\u2019\u00e9glise Saint-Joseph des p\u00e8res J\u00e9suites \u00e0 Beyrouth.<\/em><\/p>\n<p><em>3-David Shipley, une belle voix de basse dans \u00abHeavenly Inspiration\u00bb, \u00e0 l\u2019inauguration du Festival. David est membre associ\u00e9 de la \u00abClassical Opera Company\u00bb.<\/em><\/p>\n<p>&nbsp;<\/p>\n<p>Plac\u00e9e sous le th\u00e8me de l\u2019Inspiration, la 22e \u00e9dition du Festival Al Bustan, qui aura lieu du 17 f\u00e9vrier au 22 mars \u00e0 l\u2019auditorium Emile Bustani \u00e0 Beit M\u00e9ry, s\u2019annonce fra\u00eeche, classique, d\u2019envergure internationale. Une pl\u00e9iade de vedettes fera le bonheur du public fin m\u00e9lomane. Des ensembles venus des quatre coins de la plan\u00e8te pr\u00e9senteront des performances inspir\u00e9es de chefs-d\u2019\u0153uvre universels l\u00e9gu\u00e9s \u00e0 l\u2019humanit\u00e9 par des artistes virtuoses. Des super stars et de la super musique animeront la soir\u00e9e de l\u2019ouverture, qui sera suivie de bien d\u2019autres et d\u2019un lot de surprises d\u00e9di\u00e9es aux artistes immortels Edith Piaf et Frank Sinatra, \u00e0 l\u2019occasion de leur 100e anniversaire, ainsi qu\u2019\u00e0 la divine Maria Callas. Le Liban aura, certainement, sa place d\u2019honneur \u00e0 ce Festival grandiose.<\/p>\n<a href=\"http:\/\/www.prestigemag.co\/wp-content\/uploads\/2015\/02\/Greek-Orthodox-Choir.jpg\"><img src=\"data:image\/svg+xml,%3Csvg%20xmlns='http:\/\/www.w3.org\/2000\/svg'%20viewBox='0%200%2038%%20247'%3E%3C\/svg%3E\" class=\"zeen-lazy-load-base zeen-lazy-load wp-image-4026\" data-lazy-src=\"http:\/\/www.prestigemag.co\/wp-content\/uploads\/2015\/02\/Greek-Orthodox-Choir.jpg\" alt=\"Greek Orthodox Choir\" width=\"38%\" data-lazy-srcset=\"https:\/\/www.prestigemag.co\/wp-content\/uploads\/2015\/02\/Greek-Orthodox-Choir.jpg 709w, https:\/\/www.prestigemag.co\/wp-content\/uploads\/2015\/02\/Greek-Orthodox-Choir-300x199.jpg 300w, https:\/\/www.prestigemag.co\/wp-content\/uploads\/2015\/02\/Greek-Orthodox-Choir-150x100.jpg 150w, https:\/\/www.prestigemag.co\/wp-content\/uploads\/2015\/02\/Greek-Orthodox-Choir-564x375.jpg 564w, https:\/\/www.prestigemag.co\/wp-content\/uploads\/2015\/02\/Greek-Orthodox-Choir-188x125.jpg 188w, https:\/\/www.prestigemag.co\/wp-content\/uploads\/2015\/02\/Greek-Orthodox-Choir-101x67.jpg 101w\" data-lazy-sizes=\"(max-width: 709px) 100vw, 709px\" \/>\n<a href=\"http:\/\/www.prestigemag.co\/wp-content\/uploads\/2015\/02\/Anna-Tifu-violin.jpg\"><img src=\"data:image\/svg+xml,%3Csvg%20xmlns='http:\/\/www.w3.org\/2000\/svg'%20viewBox='0%200%2038%%20247'%3E%3C\/svg%3E\" class=\"zeen-lazy-load-base zeen-lazy-load wp-image-4027\" data-lazy-src=\"http:\/\/www.prestigemag.co\/wp-content\/uploads\/2015\/02\/Anna-Tifu-violin.jpg\" alt=\"Anna Tifu, violin\" width=\"38%\" data-lazy-srcset=\"https:\/\/www.prestigemag.co\/wp-content\/uploads\/2015\/02\/Anna-Tifu-violin.jpg 709w, https:\/\/www.prestigemag.co\/wp-content\/uploads\/2015\/02\/Anna-Tifu-violin-300x200.jpg 300w, https:\/\/www.prestigemag.co\/wp-content\/uploads\/2015\/02\/Anna-Tifu-violin-150x100.jpg 150w, https:\/\/www.prestigemag.co\/wp-content\/uploads\/2015\/02\/Anna-Tifu-violin-563x375.jpg 563w, https:\/\/www.prestigemag.co\/wp-content\/uploads\/2015\/02\/Anna-Tifu-violin-188x125.jpg 188w, https:\/\/www.prestigemag.co\/wp-content\/uploads\/2015\/02\/Anna-Tifu-violin-101x67.jpg 101w\" data-lazy-sizes=\"(max-width: 709px) 100vw, 709px\" \/>\n<p>&nbsp;<\/p>\n<p>&nbsp;<\/p>\n<p>&nbsp;<\/p>\n<p>&nbsp;<\/p>\n<p>&nbsp;<\/p>\n<p>&nbsp;<\/p>\n<p>&nbsp;<\/p>\n<p>&nbsp;<\/p>\n<p>&nbsp;<\/p>\n<p>&nbsp;<\/p>\n<p>&nbsp;<\/p>\n<p>&nbsp;<\/p>\n<p>&nbsp;<\/p>\n<p>&nbsp;<\/p>\n<p>Le programme du Festival Al Bustan<\/p>\n<p>F\u00e9vrier:<\/p>\n<p>Mardi 17 et Jeudi 19: Soir\u00e9e d\u2019ouverture. Super Stars and Super Music. Les plus beaux concerts pour piano, violon et violoncelle de Beethoven, ainsi que les airs de Sarasate et Saint Sa\u00ebns jou\u00e9s pour la premi\u00e8re fois au saxophone.<\/p>\n<p>Samedi 21: Inspiration and Creativity avec le pianiste Oliver Poole qui pr\u00e9sentera une s\u00e9lection de Schuman, Rachmaninov, Stravinski et ses propres improvisations.<\/p>\n<p>Lundi 23: The Festival Lecture, avec l\u2019ambassadeur Miguel Angel Estrella, \u00e0 la galerie Tanit \u00e0 Mar Mikhael. Entr\u00e9e libre.<\/p>\n<p>Mardi 24: Sonates compos\u00e9es pour piano et violoncelle avec les deux\u00a0 artistes russes, Alexander Buzlov et Veronika Ilinskaya. Jeudi 26 et Samedi 28: Op\u00e9ra Norma de Vincenzo Bellini, un concert donn\u00e9 par des soprano, mezzo, t\u00e9nor et basse internationaux, avec la participation de la chorale de l\u2019Universit\u00e9 Antonine dirig\u00e9e par le P\u00e8re Khalil Rahm\u00e9 assist\u00e9 de Toufic Maatouk, et du \u00abState Youth Orchestra of Armenia\u00bb (SYOA), sous la conduite de Gianluca Marciano.<\/p>\n<a href=\"http:\/\/www.prestigemag.co\/wp-content\/uploads\/2015\/02\/Veronika-Ilinskaya-piano.jpg\"><img src=\"data:image\/svg+xml,%3Csvg%20xmlns='http:\/\/www.w3.org\/2000\/svg'%20viewBox='0%200%2034%%20247'%3E%3C\/svg%3E\" class=\"zeen-lazy-load-base zeen-lazy-load wp-image-4028\" data-lazy-src=\"http:\/\/www.prestigemag.co\/wp-content\/uploads\/2015\/02\/Veronika-Ilinskaya-piano.jpg\" alt=\"Veronika Ilinskaya, piano\" width=\"34%\" data-lazy-srcset=\"https:\/\/www.prestigemag.co\/wp-content\/uploads\/2015\/02\/Veronika-Ilinskaya-piano.jpg 472w, https:\/\/www.prestigemag.co\/wp-content\/uploads\/2015\/02\/Veronika-Ilinskaya-piano-200x300.jpg 200w, https:\/\/www.prestigemag.co\/wp-content\/uploads\/2015\/02\/Veronika-Ilinskaya-piano-100x150.jpg 100w, https:\/\/www.prestigemag.co\/wp-content\/uploads\/2015\/02\/Veronika-Ilinskaya-piano-250x375.jpg 250w, https:\/\/www.prestigemag.co\/wp-content\/uploads\/2015\/02\/Veronika-Ilinskaya-piano-83x125.jpg 83w, https:\/\/www.prestigemag.co\/wp-content\/uploads\/2015\/02\/Veronika-Ilinskaya-piano-45x67.jpg 45w\" data-lazy-sizes=\"(max-width: 472px) 100vw, 472px\" \/>\n<a href=\"http:\/\/www.prestigemag.co\/wp-content\/uploads\/2015\/02\/Gocha-Datusani-bass.jpg\"><img src=\"data:image\/svg+xml,%3Csvg%20xmlns='http:\/\/www.w3.org\/2000\/svg'%20viewBox='0%200%2035%%20247'%3E%3C\/svg%3E\" class=\"zeen-lazy-load-base zeen-lazy-load wp-image-4029\" data-lazy-src=\"http:\/\/www.prestigemag.co\/wp-content\/uploads\/2015\/02\/Gocha-Datusani-bass.jpg\" alt=\"Gocha Datusani, bass\" width=\"35%\" data-lazy-srcset=\"https:\/\/www.prestigemag.co\/wp-content\/uploads\/2015\/02\/Gocha-Datusani-bass.jpg 472w, https:\/\/www.prestigemag.co\/wp-content\/uploads\/2015\/02\/Gocha-Datusani-bass-200x300.jpg 200w, https:\/\/www.prestigemag.co\/wp-content\/uploads\/2015\/02\/Gocha-Datusani-bass-100x150.jpg 100w, https:\/\/www.prestigemag.co\/wp-content\/uploads\/2015\/02\/Gocha-Datusani-bass-250x375.jpg 250w, https:\/\/www.prestigemag.co\/wp-content\/uploads\/2015\/02\/Gocha-Datusani-bass-83x125.jpg 83w, https:\/\/www.prestigemag.co\/wp-content\/uploads\/2015\/02\/Gocha-Datusani-bass-45x67.jpg 45w\" data-lazy-sizes=\"(max-width: 472px) 100vw, 472px\" \/>\n<p>&nbsp;<\/p>\n<p>&nbsp;<\/p>\n<p>&nbsp;<\/p>\n<p>&nbsp;<\/p>\n<p>&nbsp;<\/p>\n<p>&nbsp;<\/p>\n<p>&nbsp;<\/p>\n<p>&nbsp;<\/p>\n<p>&nbsp;<\/p>\n<p>&nbsp;<\/p>\n<p>&nbsp;<\/p>\n<p>&nbsp;<\/p>\n<p>&nbsp;<\/p>\n<p>&nbsp;<\/p>\n<p>&nbsp;<\/p>\n<p>&nbsp;<\/p>\n<p>&nbsp;<\/p>\n<p>&nbsp;<\/p>\n<p>&nbsp;<\/p>\n<p>&nbsp;<\/p>\n<p>&nbsp;<\/p>\n<p>&nbsp;<\/p>\n<p>Mars:<\/p>\n<p>Dimanche 1: An Oriental Night, avec l\u2019artiste Ziad Ahmadyeh.<\/p>\n<p>Mercredi 4: Khatia is Back! Un concert d\u2019inspiration russe avec l\u2019orchestre SYOA, sous la conduite de Gianluca Marciano et Khatia Buniatishvili au piano.<\/p>\n<p>Vendredi 6: \u00abOne piano, two girls, four hands\u00bb, Mozart, Schubert, Czerby, Brahms et Liszt, avec Khatia Buniatishvili et sa s\u0153ur Gvantsa.<\/p>\n<p>Samedi 7: Passion and Genius, avec la violoniste germano-nippone Arabella alliant avec passion et g\u00e9nie ses interpr\u00e9tations de Mozart et Beethoven.<\/p>\n<p>Dimanche 8: Music of Two Cultures. La musique baroque avec le t\u00e9nor Cesar Karazo et l\u2019Ensemble autrichien Accentus Austria, influences andalouses et europ\u00e9ennes.<\/p>\n<p>Mardi 10: \u00abThe Brilliance of the two Sergeis\u00bb, avec Sergej Krylov et le chef d\u2019orchestre Sergei Smbatyan.<\/p>\n<p>Jeudi 12: L\u2019Ensemble Arthur Satian Acoustic. Soir\u00e9e de jazz avec trois musiciens au Crystal Garden.<\/p>\n<p>Vendredi 13: \u00abOur Beloved Choir, Remembering the Blue Eyed Singer\u00bb. R\u00e9pertoire de Frank Sinatra \u00e0 l\u2019occasion de son centenaire.<\/p>\n<p>Samedi 14: A Sensuous Voice, \u00abThe Marly Marques Quintet\u00bb. Du jazz avec une touche de Bossa Nova, swing et pop.<\/p>\n<p>Dimanche 15: La M\u00f4me f\u00eate ses 100 ans. Un hommage \u00e0 Edith Piaf, avec l\u2019accord\u00e9oniste Richard Galliano et Sylvain Luc \u00e0 la guitare basse.<\/p>\n<p>Mardi 17: Heavenly Inspiration, la Messe de Beethoven en ci majeur. Mercredi 18: \u00abAlleluia\u00bb, Chorale grecque-orthodoxe du Mont-Liban, sous la conduite de Roy Sahakyan, \u00e0 l\u2019\u00e9glise Saint-Elie des Grecs-orthodoxes de Rabieh.<\/p>\n<p>Jeudi 19: Mario Frangoulis chante Theodorakis.<\/p>\n<p>Vendredi 20: Late Night in a Taverna. Bouzouki grec traditionnel \u00e0 Ain el Khassfeh \u00e0 Beit M\u00e9ry.<\/p>\n<p>Samedi 21: Music inspired by Ancient Greece.\u00a0 Concert unique inspir\u00e9 de la mythologie grecque avec Paolo Restani au piano.<\/p>\n<p>Dimanche 22: Cl\u00f4ture du Festival avec un hommage \u00e0 La Divina Maria Callas. Une performance de quatre artistes charg\u00e9e d\u2019\u00e9motions.<\/p>\n<a href=\"http:\/\/www.prestigemag.co\/wp-content\/uploads\/2015\/02\/Accentus-Austria-Early-Music-Ensemble.jpg\"><img src=\"data:image\/svg+xml,%3Csvg%20xmlns='http:\/\/www.w3.org\/2000\/svg'%20viewBox='0%200%2038%%20247'%3E%3C\/svg%3E\" class=\"zeen-lazy-load-base zeen-lazy-load wp-image-4030\" data-lazy-src=\"http:\/\/www.prestigemag.co\/wp-content\/uploads\/2015\/02\/Accentus-Austria-Early-Music-Ensemble.jpg\" alt=\"Accentus Austria Early Music Ensemble\" width=\"38%\" data-lazy-srcset=\"https:\/\/www.prestigemag.co\/wp-content\/uploads\/2015\/02\/Accentus-Austria-Early-Music-Ensemble.jpg 709w, https:\/\/www.prestigemag.co\/wp-content\/uploads\/2015\/02\/Accentus-Austria-Early-Music-Ensemble-300x199.jpg 300w, https:\/\/www.prestigemag.co\/wp-content\/uploads\/2015\/02\/Accentus-Austria-Early-Music-Ensemble-150x100.jpg 150w, https:\/\/www.prestigemag.co\/wp-content\/uploads\/2015\/02\/Accentus-Austria-Early-Music-Ensemble-564x375.jpg 564w, https:\/\/www.prestigemag.co\/wp-content\/uploads\/2015\/02\/Accentus-Austria-Early-Music-Ensemble-188x125.jpg 188w, https:\/\/www.prestigemag.co\/wp-content\/uploads\/2015\/02\/Accentus-Austria-Early-Music-Ensemble-101x67.jpg 101w\" data-lazy-sizes=\"(max-width: 709px) 100vw, 709px\" \/>\n<a href=\"http:\/\/www.prestigemag.co\/wp-content\/uploads\/2015\/02\/Ziad-Ahmadieh.jpg\"><img src=\"data:image\/svg+xml,%3Csvg%20xmlns='http:\/\/www.w3.org\/2000\/svg'%20viewBox='0%200%2038%%20247'%3E%3C\/svg%3E\" class=\"zeen-lazy-load-base zeen-lazy-load wp-image-4031\" data-lazy-src=\"http:\/\/www.prestigemag.co\/wp-content\/uploads\/2015\/02\/Ziad-Ahmadieh.jpg\" alt=\"Ziad Ahmadieh\" width=\"38%\" data-lazy-srcset=\"https:\/\/www.prestigemag.co\/wp-content\/uploads\/2015\/02\/Ziad-Ahmadieh.jpg 709w, https:\/\/www.prestigemag.co\/wp-content\/uploads\/2015\/02\/Ziad-Ahmadieh-300x200.jpg 300w, https:\/\/www.prestigemag.co\/wp-content\/uploads\/2015\/02\/Ziad-Ahmadieh-150x100.jpg 150w, https:\/\/www.prestigemag.co\/wp-content\/uploads\/2015\/02\/Ziad-Ahmadieh-562x375.jpg 562w, https:\/\/www.prestigemag.co\/wp-content\/uploads\/2015\/02\/Ziad-Ahmadieh-187x125.jpg 187w, https:\/\/www.prestigemag.co\/wp-content\/uploads\/2015\/02\/Ziad-Ahmadieh-100x67.jpg 100w\" data-lazy-sizes=\"(max-width: 709px) 100vw, 709px\" \/>\n<p>&nbsp;<\/p>\n<p>&nbsp;<\/p>\n<p>&nbsp;<\/p>\n","protected":false},"excerpt":{"rendered":"<p><em>Prestige N 259, F\u00e9vrier 2015<\/em><br \/>Plac\u00e9e sous le th\u00e8me de l\u2019Inspiration, la 22e \u00e9dition du Festival Al Bustan, qui aura lieu du 17 f\u00e9vrier au 22 mars \u00e0 l\u2019auditorium Emile Bustani \u00e0 Beit M\u00e9ry, s\u2019annonce fra\u00eeche, classique, d\u2019envergure internationale. Une pl\u00e9iade de vedettes fera le bonheur du public fin m\u00e9lomane. Des ensembles venus des quatre coins de la plan\u00e8te pr\u00e9senteront des performances <\/p>\n","protected":false},"author":3,"featured_media":0,"comment_status":"closed","ping_status":"closed","sticky":false,"template":"","format":"standard","meta":[],"categories":[13333,13360],"tags":[],"yoast_head":"<!-- This site is optimized with the Yoast SEO plugin v19.4 - https:\/\/yoast.com\/wordpress\/plugins\/seo\/ -->\n<title>Festival Al Bustan 2015 - Prestige Magazine<\/title>\n<meta name=\"description\" content=\"Prestige N 259, F\u00e9vrier 2015Plac\u00e9e sous le th\u00e8me de l\u2019Inspiration, la 22e \u00e9dition du Festival Al Bustan, qui aura lieu du 17 f\u00e9vrier au 22 mars \u00e0 l\u2019auditorium Emile Bustani \u00e0 Beit M\u00e9ry, s\u2019annonce fra\u00eeche, classique, d\u2019envergure internationale. Une pl\u00e9iade de vedettes fera le bonheur du public fin m\u00e9lomane. Des ensembles venus des quatre coins de la plan\u00e8te pr\u00e9senteront des performances\" \/>\n<meta name=\"robots\" content=\"index, follow, max-snippet:-1, max-image-preview:large, max-video-preview:-1\" \/>\n<link rel=\"canonical\" href=\"https:\/\/www.prestigemag.co\/fr\/2015\/02\/festival-al-bustan-2015\/\" \/>\n<meta property=\"og:locale\" content=\"fr_FR\" \/>\n<meta property=\"og:type\" content=\"article\" \/>\n<meta property=\"og:title\" content=\"Festival Al Bustan 2015 - Prestige Magazine\" \/>\n<meta property=\"og:description\" content=\"Prestige N 259, F\u00e9vrier 2015Plac\u00e9e sous le th\u00e8me de l\u2019Inspiration, la 22e \u00e9dition du Festival Al Bustan, qui aura lieu du 17 f\u00e9vrier au 22 mars \u00e0 l\u2019auditorium Emile Bustani \u00e0 Beit M\u00e9ry, s\u2019annonce fra\u00eeche, classique, d\u2019envergure internationale. Une pl\u00e9iade de vedettes fera le bonheur du public fin m\u00e9lomane. Des ensembles venus des quatre coins de la plan\u00e8te pr\u00e9senteront des performances\" \/>\n<meta property=\"og:url\" content=\"https:\/\/www.prestigemag.co\/fr\/2015\/02\/festival-al-bustan-2015\/\" \/>\n<meta property=\"og:site_name\" content=\"Prestige Magazine\" \/>\n<meta property=\"article:publisher\" content=\"https:\/\/www.facebook.com\/prestigemag.co\/\" \/>\n<meta property=\"article:published_time\" content=\"2015-02-11T09:46:15+00:00\" \/>\n<meta property=\"og:image\" content=\"http:\/\/www.prestigemag.co\/wp-content\/uploads\/2015\/02\/Untitled-12.jpg\" \/>\n<meta name=\"author\" content=\"prestige\" \/>\n<meta name=\"twitter:card\" content=\"summary\" \/>\n<meta name=\"twitter:label1\" content=\"\u00c9crit par\" \/>\n\t<meta name=\"twitter:data1\" content=\"prestige\" \/>\n\t<meta name=\"twitter:label2\" content=\"Dur\u00e9e de lecture estim\u00e9e\" \/>\n\t<meta name=\"twitter:data2\" content=\"5 minutes\" \/>\n<script type=\"application\/ld+json\" class=\"yoast-schema-graph\">{\"@context\":\"https:\/\/schema.org\",\"@graph\":[{\"@type\":\"Organization\",\"@id\":\"https:\/\/www.prestigemag.co\/#organization\",\"name\":\"Prestige\",\"url\":\"https:\/\/www.prestigemag.co\/\",\"sameAs\":[\"https:\/\/www.instagram.com\/prestige.mag\/\",\"https:\/\/www.facebook.com\/prestigemag.co\/\"],\"logo\":{\"@type\":\"ImageObject\",\"inLanguage\":\"fr-FR\",\"@id\":\"https:\/\/www.prestigemag.co\/#\/schema\/logo\/image\/\",\"url\":\"https:\/\/www.prestigemag.co\/wp-content\/uploads\/2021\/11\/logo-Prestige-800x200-1.png\",\"contentUrl\":\"https:\/\/www.prestigemag.co\/wp-content\/uploads\/2021\/11\/logo-Prestige-800x200-1.png\",\"width\":800,\"height\":200,\"caption\":\"Prestige\"},\"image\":{\"@id\":\"https:\/\/www.prestigemag.co\/#\/schema\/logo\/image\/\"}},{\"@type\":\"WebSite\",\"@id\":\"https:\/\/www.prestigemag.co\/#website\",\"url\":\"https:\/\/www.prestigemag.co\/\",\"name\":\"Prestige Magazine\",\"description\":\"Le Monde Des C\u00e9l\u00e9brit\u00e9s\",\"publisher\":{\"@id\":\"https:\/\/www.prestigemag.co\/#organization\"},\"potentialAction\":[{\"@type\":\"SearchAction\",\"target\":{\"@type\":\"EntryPoint\",\"urlTemplate\":\"https:\/\/www.prestigemag.co\/?s={search_term_string}\"},\"query-input\":\"required name=search_term_string\"}],\"inLanguage\":\"fr-FR\"},{\"@type\":\"WebPage\",\"@id\":\"https:\/\/www.prestigemag.co\/fr\/2015\/02\/festival-al-bustan-2015\/\",\"url\":\"https:\/\/www.prestigemag.co\/fr\/2015\/02\/festival-al-bustan-2015\/\",\"name\":\"Festival Al Bustan 2015 - Prestige Magazine\",\"isPartOf\":{\"@id\":\"https:\/\/www.prestigemag.co\/#website\"},\"datePublished\":\"2015-02-11T09:46:15+00:00\",\"dateModified\":\"2015-02-11T09:46:15+00:00\",\"description\":\"Prestige N 259, F\u00e9vrier 2015Plac\u00e9e sous le th\u00e8me de l\u2019Inspiration, la 22e \u00e9dition du Festival Al Bustan, qui aura lieu du 17 f\u00e9vrier au 22 mars \u00e0 l\u2019auditorium Emile Bustani \u00e0 Beit M\u00e9ry, s\u2019annonce fra\u00eeche, classique, d\u2019envergure internationale. Une pl\u00e9iade de vedettes fera le bonheur du public fin m\u00e9lomane. Des ensembles venus des quatre coins de la plan\u00e8te pr\u00e9senteront des performances\",\"breadcrumb\":{\"@id\":\"https:\/\/www.prestigemag.co\/fr\/2015\/02\/festival-al-bustan-2015\/#breadcrumb\"},\"inLanguage\":\"fr-FR\",\"potentialAction\":[{\"@type\":\"ReadAction\",\"target\":[\"https:\/\/www.prestigemag.co\/fr\/2015\/02\/festival-al-bustan-2015\/\"]}]},{\"@type\":\"BreadcrumbList\",\"@id\":\"https:\/\/www.prestigemag.co\/fr\/2015\/02\/festival-al-bustan-2015\/#breadcrumb\",\"itemListElement\":[{\"@type\":\"ListItem\",\"position\":1,\"name\":\"Home\",\"item\":\"https:\/\/www.prestigemag.co\/fr\/\"},{\"@type\":\"ListItem\",\"position\":2,\"name\":\"Festival Al Bustan 2015\"}]},{\"@type\":\"Article\",\"@id\":\"https:\/\/www.prestigemag.co\/fr\/2015\/02\/festival-al-bustan-2015\/#article\",\"isPartOf\":{\"@id\":\"https:\/\/www.prestigemag.co\/fr\/2015\/02\/festival-al-bustan-2015\/\"},\"author\":{\"name\":\"prestige\",\"@id\":\"https:\/\/www.prestigemag.co\/#\/schema\/person\/e3f149368970128d68bb2d797bf30fbc\"},\"headline\":\"Festival Al Bustan 2015\",\"datePublished\":\"2015-02-11T09:46:15+00:00\",\"dateModified\":\"2015-02-11T09:46:15+00:00\",\"mainEntityOfPage\":{\"@id\":\"https:\/\/www.prestigemag.co\/fr\/2015\/02\/festival-al-bustan-2015\/\"},\"wordCount\":961,\"publisher\":{\"@id\":\"https:\/\/www.prestigemag.co\/#organization\"},\"articleSection\":[\"\u00c9v\u00e9nements\",\"Inauguration\"],\"inLanguage\":\"fr-FR\"},{\"@type\":\"Person\",\"@id\":\"https:\/\/www.prestigemag.co\/#\/schema\/person\/e3f149368970128d68bb2d797bf30fbc\",\"name\":\"prestige\",\"image\":{\"@type\":\"ImageObject\",\"inLanguage\":\"fr-FR\",\"@id\":\"https:\/\/www.prestigemag.co\/#\/schema\/person\/image\/\",\"url\":\"https:\/\/secure.gravatar.com\/avatar\/0aa2dff5484d35e50578639a2c3ccef9?s=96&d=mm&r=g\",\"contentUrl\":\"https:\/\/secure.gravatar.com\/avatar\/0aa2dff5484d35e50578639a2c3ccef9?s=96&d=mm&r=g\",\"caption\":\"prestige\"},\"url\":\"https:\/\/www.prestigemag.co\/fr\/author\/prestige\/\"}]}<\/script>\n<!-- \/ Yoast SEO plugin. -->","yoast_head_json":{"title":"Festival Al Bustan 2015 - Prestige Magazine","description":"Prestige N 259, F\u00e9vrier 2015Plac\u00e9e sous le th\u00e8me de l\u2019Inspiration, la 22e \u00e9dition du Festival Al Bustan, qui aura lieu du 17 f\u00e9vrier au 22 mars \u00e0 l\u2019auditorium Emile Bustani \u00e0 Beit M\u00e9ry, s\u2019annonce fra\u00eeche, classique, d\u2019envergure internationale. Une pl\u00e9iade de vedettes fera le bonheur du public fin m\u00e9lomane. Des ensembles venus des quatre coins de la plan\u00e8te pr\u00e9senteront des performances","robots":{"index":"index","follow":"follow","max-snippet":"max-snippet:-1","max-image-preview":"max-image-preview:large","max-video-preview":"max-video-preview:-1"},"canonical":"https:\/\/www.prestigemag.co\/fr\/2015\/02\/festival-al-bustan-2015\/","og_locale":"fr_FR","og_type":"article","og_title":"Festival Al Bustan 2015 - Prestige Magazine","og_description":"Prestige N 259, F\u00e9vrier 2015Plac\u00e9e sous le th\u00e8me de l\u2019Inspiration, la 22e \u00e9dition du Festival Al Bustan, qui aura lieu du 17 f\u00e9vrier au 22 mars \u00e0 l\u2019auditorium Emile Bustani \u00e0 Beit M\u00e9ry, s\u2019annonce fra\u00eeche, classique, d\u2019envergure internationale. Une pl\u00e9iade de vedettes fera le bonheur du public fin m\u00e9lomane. Des ensembles venus des quatre coins de la plan\u00e8te pr\u00e9senteront des performances","og_url":"https:\/\/www.prestigemag.co\/fr\/2015\/02\/festival-al-bustan-2015\/","og_site_name":"Prestige Magazine","article_publisher":"https:\/\/www.facebook.com\/prestigemag.co\/","article_published_time":"2015-02-11T09:46:15+00:00","og_image":[{"url":"http:\/\/www.prestigemag.co\/wp-content\/uploads\/2015\/02\/Untitled-12.jpg"}],"author":"prestige","twitter_card":"summary","twitter_misc":{"\u00c9crit par":"prestige","Dur\u00e9e de lecture estim\u00e9e":"5 minutes"},"schema":{"@context":"https:\/\/schema.org","@graph":[{"@type":"Organization","@id":"https:\/\/www.prestigemag.co\/#organization","name":"Prestige","url":"https:\/\/www.prestigemag.co\/","sameAs":["https:\/\/www.instagram.com\/prestige.mag\/","https:\/\/www.facebook.com\/prestigemag.co\/"],"logo":{"@type":"ImageObject","inLanguage":"fr-FR","@id":"https:\/\/www.prestigemag.co\/#\/schema\/logo\/image\/","url":"https:\/\/www.prestigemag.co\/wp-content\/uploads\/2021\/11\/logo-Prestige-800x200-1.png","contentUrl":"https:\/\/www.prestigemag.co\/wp-content\/uploads\/2021\/11\/logo-Prestige-800x200-1.png","width":800,"height":200,"caption":"Prestige"},"image":{"@id":"https:\/\/www.prestigemag.co\/#\/schema\/logo\/image\/"}},{"@type":"WebSite","@id":"https:\/\/www.prestigemag.co\/#website","url":"https:\/\/www.prestigemag.co\/","name":"Prestige Magazine","description":"Le Monde Des C\u00e9l\u00e9brit\u00e9s","publisher":{"@id":"https:\/\/www.prestigemag.co\/#organization"},"potentialAction":[{"@type":"SearchAction","target":{"@type":"EntryPoint","urlTemplate":"https:\/\/www.prestigemag.co\/?s={search_term_string}"},"query-input":"required name=search_term_string"}],"inLanguage":"fr-FR"},{"@type":"WebPage","@id":"https:\/\/www.prestigemag.co\/fr\/2015\/02\/festival-al-bustan-2015\/","url":"https:\/\/www.prestigemag.co\/fr\/2015\/02\/festival-al-bustan-2015\/","name":"Festival Al Bustan 2015 - Prestige Magazine","isPartOf":{"@id":"https:\/\/www.prestigemag.co\/#website"},"datePublished":"2015-02-11T09:46:15+00:00","dateModified":"2015-02-11T09:46:15+00:00","description":"Prestige N 259, F\u00e9vrier 2015Plac\u00e9e sous le th\u00e8me de l\u2019Inspiration, la 22e \u00e9dition du Festival Al Bustan, qui aura lieu du 17 f\u00e9vrier au 22 mars \u00e0 l\u2019auditorium Emile Bustani \u00e0 Beit M\u00e9ry, s\u2019annonce fra\u00eeche, classique, d\u2019envergure internationale. Une pl\u00e9iade de vedettes fera le bonheur du public fin m\u00e9lomane. Des ensembles venus des quatre coins de la plan\u00e8te pr\u00e9senteront des performances","breadcrumb":{"@id":"https:\/\/www.prestigemag.co\/fr\/2015\/02\/festival-al-bustan-2015\/#breadcrumb"},"inLanguage":"fr-FR","potentialAction":[{"@type":"ReadAction","target":["https:\/\/www.prestigemag.co\/fr\/2015\/02\/festival-al-bustan-2015\/"]}]},{"@type":"BreadcrumbList","@id":"https:\/\/www.prestigemag.co\/fr\/2015\/02\/festival-al-bustan-2015\/#breadcrumb","itemListElement":[{"@type":"ListItem","position":1,"name":"Home","item":"https:\/\/www.prestigemag.co\/fr\/"},{"@type":"ListItem","position":2,"name":"Festival Al Bustan 2015"}]},{"@type":"Article","@id":"https:\/\/www.prestigemag.co\/fr\/2015\/02\/festival-al-bustan-2015\/#article","isPartOf":{"@id":"https:\/\/www.prestigemag.co\/fr\/2015\/02\/festival-al-bustan-2015\/"},"author":{"name":"prestige","@id":"https:\/\/www.prestigemag.co\/#\/schema\/person\/e3f149368970128d68bb2d797bf30fbc"},"headline":"Festival Al Bustan 2015","datePublished":"2015-02-11T09:46:15+00:00","dateModified":"2015-02-11T09:46:15+00:00","mainEntityOfPage":{"@id":"https:\/\/www.prestigemag.co\/fr\/2015\/02\/festival-al-bustan-2015\/"},"wordCount":961,"publisher":{"@id":"https:\/\/www.prestigemag.co\/#organization"},"articleSection":["\u00c9v\u00e9nements","Inauguration"],"inLanguage":"fr-FR"},{"@type":"Person","@id":"https:\/\/www.prestigemag.co\/#\/schema\/person\/e3f149368970128d68bb2d797bf30fbc","name":"prestige","image":{"@type":"ImageObject","inLanguage":"fr-FR","@id":"https:\/\/www.prestigemag.co\/#\/schema\/person\/image\/","url":"https:\/\/secure.gravatar.com\/avatar\/0aa2dff5484d35e50578639a2c3ccef9?s=96&d=mm&r=g","contentUrl":"https:\/\/secure.gravatar.com\/avatar\/0aa2dff5484d35e50578639a2c3ccef9?s=96&d=mm&r=g","caption":"prestige"},"url":"https:\/\/www.prestigemag.co\/fr\/author\/prestige\/"}]}},"_links":{"self":[{"href":"https:\/\/www.prestigemag.co\/fr\/wp-json\/wp\/v2\/posts\/19983"}],"collection":[{"href":"https:\/\/www.prestigemag.co\/fr\/wp-json\/wp\/v2\/posts"}],"about":[{"href":"https:\/\/www.prestigemag.co\/fr\/wp-json\/wp\/v2\/types\/post"}],"author":[{"embeddable":true,"href":"https:\/\/www.prestigemag.co\/fr\/wp-json\/wp\/v2\/users\/3"}],"replies":[{"embeddable":true,"href":"https:\/\/www.prestigemag.co\/fr\/wp-json\/wp\/v2\/comments?post=19983"}],"version-history":[{"count":0,"href":"https:\/\/www.prestigemag.co\/fr\/wp-json\/wp\/v2\/posts\/19983\/revisions"}],"wp:attachment":[{"href":"https:\/\/www.prestigemag.co\/fr\/wp-json\/wp\/v2\/media?parent=19983"}],"wp:term":[{"taxonomy":"category","embeddable":true,"href":"https:\/\/www.prestigemag.co\/fr\/wp-json\/wp\/v2\/categories?post=19983"},{"taxonomy":"post_tag","embeddable":true,"href":"https:\/\/www.prestigemag.co\/fr\/wp-json\/wp\/v2\/tags?post=19983"}],"curies":[{"name":"wp","href":"https:\/\/api.w.org\/{rel}","templated":true}]}}