{"id":19995,"date":"2015-02-17T13:59:47","date_gmt":"2015-02-17T13:59:47","guid":{"rendered":"http:\/\/www.prestigemag.co\/2015\/02\/pr-bassam-lahoud-expose\/"},"modified":"2015-02-17T13:59:47","modified_gmt":"2015-02-17T13:59:47","slug":"pr-bassam-lahoud-expose","status":"publish","type":"post","link":"https:\/\/www.prestigemag.co\/fr\/2015\/02\/pr-bassam-lahoud-expose\/","title":{"rendered":"Pr Bassam Lahoud expose"},"content":{"rendered":"<p><a href=\"http:\/\/www.prestigemag.co\/wp-content\/uploads\/2015\/02\/Czech-republic-by-Bassam-Lahoud-21.jpg\"><img src=\"data:image\/svg+xml,%3Csvg%20xmlns='http:\/\/www.w3.org\/2000\/svg'%20viewBox='0%200%2078%%20247'%3E%3C\/svg%3E\" class=\"zeen-lazy-load-base zeen-lazy-load alignnone size-full wp-image-4349\" data-lazy-src=\"http:\/\/www.prestigemag.co\/wp-content\/uploads\/2015\/02\/Czech-republic-by-Bassam-Lahoud-21.jpg\" alt=\"Czech republic by Bassam Lahoud (2)\" width=\"78%\" data-lazy-srcset=\"https:\/\/www.prestigemag.co\/wp-content\/uploads\/2015\/02\/Czech-republic-by-Bassam-Lahoud-21.jpg 787w, https:\/\/www.prestigemag.co\/wp-content\/uploads\/2015\/02\/Czech-republic-by-Bassam-Lahoud-21-300x199.jpg 300w, https:\/\/www.prestigemag.co\/wp-content\/uploads\/2015\/02\/Czech-republic-by-Bassam-Lahoud-21-150x99.jpg 150w, https:\/\/www.prestigemag.co\/wp-content\/uploads\/2015\/02\/Czech-republic-by-Bassam-Lahoud-21-565x375.jpg 565w, https:\/\/www.prestigemag.co\/wp-content\/uploads\/2015\/02\/Czech-republic-by-Bassam-Lahoud-21-188x125.jpg 188w, https:\/\/www.prestigemag.co\/wp-content\/uploads\/2015\/02\/Czech-republic-by-Bassam-Lahoud-21-101x67.jpg 101w\" data-lazy-sizes=\"(max-width: 787px) 100vw, 787px\" \/><noscript><img class=\"alignnone size-full wp-image-4349\" src=\"http:\/\/www.prestigemag.co\/wp-content\/uploads\/2015\/02\/Czech-republic-by-Bassam-Lahoud-21.jpg\" alt=\"Czech republic by Bassam Lahoud (2)\" width=\"78%\" srcset=\"https:\/\/www.prestigemag.co\/wp-content\/uploads\/2015\/02\/Czech-republic-by-Bassam-Lahoud-21.jpg 787w, https:\/\/www.prestigemag.co\/wp-content\/uploads\/2015\/02\/Czech-republic-by-Bassam-Lahoud-21-300x199.jpg 300w, https:\/\/www.prestigemag.co\/wp-content\/uploads\/2015\/02\/Czech-republic-by-Bassam-Lahoud-21-150x99.jpg 150w, https:\/\/www.prestigemag.co\/wp-content\/uploads\/2015\/02\/Czech-republic-by-Bassam-Lahoud-21-565x375.jpg 565w, https:\/\/www.prestigemag.co\/wp-content\/uploads\/2015\/02\/Czech-republic-by-Bassam-Lahoud-21-188x125.jpg 188w, https:\/\/www.prestigemag.co\/wp-content\/uploads\/2015\/02\/Czech-republic-by-Bassam-Lahoud-21-101x67.jpg 101w\" sizes=\"(max-width: 787px) 100vw, 787px\" \/><\/noscript><\/a><\/p>\n<p>\u00a9 Photos: Pr Bassam Lahoud<\/p>\n<p><em>Vue de la Cit\u00e9 de Prague du Palais Royal<\/em><\/p>\n<p>Pr Bassam Lahoud pr\u00e9sente une exposition de photos sur la R\u00e9publique Tch\u00e8que, \u00e0 la Villa Audi jusqu&rsquo;au 26 F\u00e9vrier 2015. Des personnalit\u00e9s ainsi que des amateurs d&rsquo;art invit\u00e9s \u00e0 l&rsquo;ouverture le 12 F\u00e9vrier, \u00a0ont eu l&rsquo;occasion d&rsquo;admirer ces photos durant une r\u00e9ception amicale.<\/p>\n<a href=\"http:\/\/www.prestigemag.co\/wp-content\/uploads\/2015\/02\/FEV-262.jpg\"><img src=\"data:image\/svg+xml,%3Csvg%20xmlns='http:\/\/www.w3.org\/2000\/svg'%20viewBox='0%200%2037%%20247'%3E%3C\/svg%3E\" class=\"zeen-lazy-load-base zeen-lazy-load wp-image-4110\" data-lazy-src=\"http:\/\/www.prestigemag.co\/wp-content\/uploads\/2015\/02\/FEV-262.jpg\" alt=\"FEV 262\" width=\"37%\" data-lazy-srcset=\"https:\/\/www.prestigemag.co\/wp-content\/uploads\/2015\/02\/FEV-262.jpg 709w, https:\/\/www.prestigemag.co\/wp-content\/uploads\/2015\/02\/FEV-262-300x200.jpg 300w, https:\/\/www.prestigemag.co\/wp-content\/uploads\/2015\/02\/FEV-262-150x100.jpg 150w, https:\/\/www.prestigemag.co\/wp-content\/uploads\/2015\/02\/FEV-262-563x375.jpg 563w, https:\/\/www.prestigemag.co\/wp-content\/uploads\/2015\/02\/FEV-262-188x125.jpg 188w, https:\/\/www.prestigemag.co\/wp-content\/uploads\/2015\/02\/FEV-262-101x67.jpg 101w\" data-lazy-sizes=\"(max-width: 709px) 100vw, 709px\" \/>\n<a href=\"http:\/\/www.prestigemag.co\/wp-content\/uploads\/2015\/02\/FEV-273.jpg\"><img src=\"data:image\/svg+xml,%3Csvg%20xmlns='http:\/\/www.w3.org\/2000\/svg'%20viewBox='0%200%2041%%20247'%3E%3C\/svg%3E\" class=\"zeen-lazy-load-base zeen-lazy-load wp-image-4111\" data-lazy-src=\"http:\/\/www.prestigemag.co\/wp-content\/uploads\/2015\/02\/FEV-273.jpg\" alt=\"FEV 273\" width=\"41%\" data-lazy-srcset=\"https:\/\/www.prestigemag.co\/wp-content\/uploads\/2015\/02\/FEV-273.jpg 709w, https:\/\/www.prestigemag.co\/wp-content\/uploads\/2015\/02\/FEV-273-300x200.jpg 300w, https:\/\/www.prestigemag.co\/wp-content\/uploads\/2015\/02\/FEV-273-150x100.jpg 150w, https:\/\/www.prestigemag.co\/wp-content\/uploads\/2015\/02\/FEV-273-563x375.jpg 563w, https:\/\/www.prestigemag.co\/wp-content\/uploads\/2015\/02\/FEV-273-188x125.jpg 188w, https:\/\/www.prestigemag.co\/wp-content\/uploads\/2015\/02\/FEV-273-101x67.jpg 101w\" data-lazy-sizes=\"(max-width: 709px) 100vw, 709px\" \/>\n<p>&nbsp;<\/p>\n<p>&nbsp;<\/p>\n<p>&nbsp;<\/p>\n<p>&nbsp;<\/p>\n<p>&nbsp;<\/p>\n<p>&nbsp;<\/p>\n<p>&nbsp;<\/p>\n<p>&nbsp;<\/p>\n<p>&nbsp;<\/p>\n<p>&nbsp;<\/p>\n<a href=\"http:\/\/www.prestigemag.co\/wp-content\/uploads\/2015\/02\/FEV-261.jpg\"><img src=\"data:image\/svg+xml,%3Csvg%20xmlns='http:\/\/www.w3.org\/2000\/svg'%20viewBox='0%200%2041%%20247'%3E%3C\/svg%3E\" class=\"zeen-lazy-load-base zeen-lazy-load wp-image-4112\" data-lazy-src=\"http:\/\/www.prestigemag.co\/wp-content\/uploads\/2015\/02\/FEV-261.jpg\" alt=\"FEV 261\" width=\"41%\" data-lazy-srcset=\"https:\/\/www.prestigemag.co\/wp-content\/uploads\/2015\/02\/FEV-261.jpg 709w, https:\/\/www.prestigemag.co\/wp-content\/uploads\/2015\/02\/FEV-261-300x200.jpg 300w, https:\/\/www.prestigemag.co\/wp-content\/uploads\/2015\/02\/FEV-261-150x100.jpg 150w, https:\/\/www.prestigemag.co\/wp-content\/uploads\/2015\/02\/FEV-261-563x375.jpg 563w, https:\/\/www.prestigemag.co\/wp-content\/uploads\/2015\/02\/FEV-261-188x125.jpg 188w, https:\/\/www.prestigemag.co\/wp-content\/uploads\/2015\/02\/FEV-261-101x67.jpg 101w\" data-lazy-sizes=\"(max-width: 709px) 100vw, 709px\" \/>\n<a href=\"http:\/\/www.prestigemag.co\/wp-content\/uploads\/2015\/02\/FEV-279.jpg\"><img src=\"data:image\/svg+xml,%3Csvg%20xmlns='http:\/\/www.w3.org\/2000\/svg'%20viewBox='0%200%2035%%20247'%3E%3C\/svg%3E\" class=\"zeen-lazy-load-base zeen-lazy-load wp-image-4113\" data-lazy-src=\"http:\/\/www.prestigemag.co\/wp-content\/uploads\/2015\/02\/FEV-279.jpg\" alt=\"FEV 279\" width=\"35%\" data-lazy-srcset=\"https:\/\/www.prestigemag.co\/wp-content\/uploads\/2015\/02\/FEV-279.jpg 709w, https:\/\/www.prestigemag.co\/wp-content\/uploads\/2015\/02\/FEV-279-300x200.jpg 300w, https:\/\/www.prestigemag.co\/wp-content\/uploads\/2015\/02\/FEV-279-150x100.jpg 150w, https:\/\/www.prestigemag.co\/wp-content\/uploads\/2015\/02\/FEV-279-563x375.jpg 563w, https:\/\/www.prestigemag.co\/wp-content\/uploads\/2015\/02\/FEV-279-188x125.jpg 188w, https:\/\/www.prestigemag.co\/wp-content\/uploads\/2015\/02\/FEV-279-101x67.jpg 101w\" data-lazy-sizes=\"(max-width: 709px) 100vw, 709px\" \/>\n<p>&nbsp;<\/p>\n<p>&nbsp;<\/p>\n<p>&nbsp;<\/p>\n<p>&nbsp;<\/p>\n","protected":false},"excerpt":{"rendered":"<p><em>Pr Bassam Lahoud pr\u00e9sente une exposition de photos sur la R\u00e9publique Tch\u00e8que, \u00e0 la Villa Audi jusqu&rsquo;au 26 F\u00e9vrier 2015. Des personnalit\u00e9s ainsi que des amateurs d&rsquo;art invit\u00e9s \u00e0 l&rsquo;ouverture le 12 F\u00e9vrier,  ont eu l&rsquo;occasion d&rsquo;admirer ces photos durant une r\u00e9ception amicale.<\/em><\/p>\n","protected":false},"author":3,"featured_media":0,"comment_status":"closed","ping_status":"closed","sticky":false,"template":"","format":"standard","meta":[],"categories":[13333,13360],"tags":[],"yoast_head":"<!-- This site is optimized with the Yoast SEO plugin v19.4 - https:\/\/yoast.com\/wordpress\/plugins\/seo\/ -->\n<title>Pr Bassam Lahoud expose - Prestige Magazine<\/title>\n<meta name=\"description\" content=\"Pr Bassam Lahoud pr\u00e9sente une exposition de photos sur la R\u00e9publique Tch\u00e8que, \u00e0 la Villa Audi jusqu&#039;au 26 F\u00e9vrier 2015. Des personnalit\u00e9s ainsi que des amateurs d&#039;art invit\u00e9s \u00e0 l&#039;ouverture le 12 F\u00e9vrier, ont eu l&#039;occasion d&#039;admirer ces photos durant une r\u00e9ception amicale.\" \/>\n<meta name=\"robots\" content=\"index, follow, max-snippet:-1, max-image-preview:large, max-video-preview:-1\" \/>\n<link rel=\"canonical\" href=\"https:\/\/www.prestigemag.co\/fr\/2015\/02\/pr-bassam-lahoud-expose\/\" \/>\n<meta property=\"og:locale\" content=\"fr_FR\" \/>\n<meta property=\"og:type\" content=\"article\" \/>\n<meta property=\"og:title\" content=\"Pr Bassam Lahoud expose - Prestige Magazine\" \/>\n<meta property=\"og:description\" content=\"Pr Bassam Lahoud pr\u00e9sente une exposition de photos sur la R\u00e9publique Tch\u00e8que, \u00e0 la Villa Audi jusqu&#039;au 26 F\u00e9vrier 2015. Des personnalit\u00e9s ainsi que des amateurs d&#039;art invit\u00e9s \u00e0 l&#039;ouverture le 12 F\u00e9vrier, ont eu l&#039;occasion d&#039;admirer ces photos durant une r\u00e9ception amicale.\" \/>\n<meta property=\"og:url\" content=\"https:\/\/www.prestigemag.co\/fr\/2015\/02\/pr-bassam-lahoud-expose\/\" \/>\n<meta property=\"og:site_name\" content=\"Prestige Magazine\" \/>\n<meta property=\"article:publisher\" content=\"https:\/\/www.facebook.com\/prestigemag.co\/\" \/>\n<meta property=\"article:published_time\" content=\"2015-02-17T13:59:47+00:00\" \/>\n<meta property=\"og:image\" content=\"http:\/\/www.prestigemag.co\/wp-content\/uploads\/2015\/02\/Czech-republic-by-Bassam-Lahoud-21.jpg\" \/>\n<meta name=\"author\" content=\"prestige\" \/>\n<meta name=\"twitter:card\" content=\"summary\" \/>\n<meta name=\"twitter:label1\" content=\"\u00c9crit par\" \/>\n\t<meta name=\"twitter:data1\" content=\"prestige\" \/>\n\t<meta name=\"twitter:label2\" content=\"Dur\u00e9e de lecture estim\u00e9e\" \/>\n\t<meta name=\"twitter:data2\" content=\"1 minute\" \/>\n<script type=\"application\/ld+json\" class=\"yoast-schema-graph\">{\"@context\":\"https:\/\/schema.org\",\"@graph\":[{\"@type\":\"Organization\",\"@id\":\"https:\/\/www.prestigemag.co\/#organization\",\"name\":\"Prestige\",\"url\":\"https:\/\/www.prestigemag.co\/\",\"sameAs\":[\"https:\/\/www.instagram.com\/prestige.mag\/\",\"https:\/\/www.facebook.com\/prestigemag.co\/\"],\"logo\":{\"@type\":\"ImageObject\",\"inLanguage\":\"fr-FR\",\"@id\":\"https:\/\/www.prestigemag.co\/#\/schema\/logo\/image\/\",\"url\":\"https:\/\/www.prestigemag.co\/wp-content\/uploads\/2021\/11\/logo-Prestige-800x200-1.png\",\"contentUrl\":\"https:\/\/www.prestigemag.co\/wp-content\/uploads\/2021\/11\/logo-Prestige-800x200-1.png\",\"width\":800,\"height\":200,\"caption\":\"Prestige\"},\"image\":{\"@id\":\"https:\/\/www.prestigemag.co\/#\/schema\/logo\/image\/\"}},{\"@type\":\"WebSite\",\"@id\":\"https:\/\/www.prestigemag.co\/#website\",\"url\":\"https:\/\/www.prestigemag.co\/\",\"name\":\"Prestige Magazine\",\"description\":\"Le Monde Des C\u00e9l\u00e9brit\u00e9s\",\"publisher\":{\"@id\":\"https:\/\/www.prestigemag.co\/#organization\"},\"potentialAction\":[{\"@type\":\"SearchAction\",\"target\":{\"@type\":\"EntryPoint\",\"urlTemplate\":\"https:\/\/www.prestigemag.co\/?s={search_term_string}\"},\"query-input\":\"required name=search_term_string\"}],\"inLanguage\":\"fr-FR\"},{\"@type\":\"WebPage\",\"@id\":\"https:\/\/www.prestigemag.co\/fr\/2015\/02\/pr-bassam-lahoud-expose\/\",\"url\":\"https:\/\/www.prestigemag.co\/fr\/2015\/02\/pr-bassam-lahoud-expose\/\",\"name\":\"Pr Bassam Lahoud expose - Prestige Magazine\",\"isPartOf\":{\"@id\":\"https:\/\/www.prestigemag.co\/#website\"},\"datePublished\":\"2015-02-17T13:59:47+00:00\",\"dateModified\":\"2015-02-17T13:59:47+00:00\",\"description\":\"Pr Bassam Lahoud pr\u00e9sente une exposition de photos sur la R\u00e9publique Tch\u00e8que, \u00e0 la Villa Audi jusqu'au 26 F\u00e9vrier 2015. Des personnalit\u00e9s ainsi que des amateurs d'art invit\u00e9s \u00e0 l'ouverture le 12 F\u00e9vrier, ont eu l'occasion d'admirer ces photos durant une r\u00e9ception amicale.\",\"breadcrumb\":{\"@id\":\"https:\/\/www.prestigemag.co\/fr\/2015\/02\/pr-bassam-lahoud-expose\/#breadcrumb\"},\"inLanguage\":\"fr-FR\",\"potentialAction\":[{\"@type\":\"ReadAction\",\"target\":[\"https:\/\/www.prestigemag.co\/fr\/2015\/02\/pr-bassam-lahoud-expose\/\"]}]},{\"@type\":\"BreadcrumbList\",\"@id\":\"https:\/\/www.prestigemag.co\/fr\/2015\/02\/pr-bassam-lahoud-expose\/#breadcrumb\",\"itemListElement\":[{\"@type\":\"ListItem\",\"position\":1,\"name\":\"Home\",\"item\":\"https:\/\/www.prestigemag.co\/fr\/\"},{\"@type\":\"ListItem\",\"position\":2,\"name\":\"Pr Bassam Lahoud expose\"}]},{\"@type\":\"Article\",\"@id\":\"https:\/\/www.prestigemag.co\/fr\/2015\/02\/pr-bassam-lahoud-expose\/#article\",\"isPartOf\":{\"@id\":\"https:\/\/www.prestigemag.co\/fr\/2015\/02\/pr-bassam-lahoud-expose\/\"},\"author\":{\"name\":\"prestige\",\"@id\":\"https:\/\/www.prestigemag.co\/#\/schema\/person\/e3f149368970128d68bb2d797bf30fbc\"},\"headline\":\"Pr Bassam Lahoud expose\",\"datePublished\":\"2015-02-17T13:59:47+00:00\",\"dateModified\":\"2015-02-17T13:59:47+00:00\",\"mainEntityOfPage\":{\"@id\":\"https:\/\/www.prestigemag.co\/fr\/2015\/02\/pr-bassam-lahoud-expose\/\"},\"wordCount\":151,\"publisher\":{\"@id\":\"https:\/\/www.prestigemag.co\/#organization\"},\"articleSection\":[\"\u00c9v\u00e9nements\",\"Inauguration\"],\"inLanguage\":\"fr-FR\"},{\"@type\":\"Person\",\"@id\":\"https:\/\/www.prestigemag.co\/#\/schema\/person\/e3f149368970128d68bb2d797bf30fbc\",\"name\":\"prestige\",\"image\":{\"@type\":\"ImageObject\",\"inLanguage\":\"fr-FR\",\"@id\":\"https:\/\/www.prestigemag.co\/#\/schema\/person\/image\/\",\"url\":\"https:\/\/secure.gravatar.com\/avatar\/0aa2dff5484d35e50578639a2c3ccef9?s=96&d=mm&r=g\",\"contentUrl\":\"https:\/\/secure.gravatar.com\/avatar\/0aa2dff5484d35e50578639a2c3ccef9?s=96&d=mm&r=g\",\"caption\":\"prestige\"},\"url\":\"https:\/\/www.prestigemag.co\/fr\/author\/prestige\/\"}]}<\/script>\n<!-- \/ Yoast SEO plugin. -->","yoast_head_json":{"title":"Pr Bassam Lahoud expose - Prestige Magazine","description":"Pr Bassam Lahoud pr\u00e9sente une exposition de photos sur la R\u00e9publique Tch\u00e8que, \u00e0 la Villa Audi jusqu'au 26 F\u00e9vrier 2015. Des personnalit\u00e9s ainsi que des amateurs d'art invit\u00e9s \u00e0 l'ouverture le 12 F\u00e9vrier, ont eu l'occasion d'admirer ces photos durant une r\u00e9ception amicale.","robots":{"index":"index","follow":"follow","max-snippet":"max-snippet:-1","max-image-preview":"max-image-preview:large","max-video-preview":"max-video-preview:-1"},"canonical":"https:\/\/www.prestigemag.co\/fr\/2015\/02\/pr-bassam-lahoud-expose\/","og_locale":"fr_FR","og_type":"article","og_title":"Pr Bassam Lahoud expose - Prestige Magazine","og_description":"Pr Bassam Lahoud pr\u00e9sente une exposition de photos sur la R\u00e9publique Tch\u00e8que, \u00e0 la Villa Audi jusqu'au 26 F\u00e9vrier 2015. Des personnalit\u00e9s ainsi que des amateurs d'art invit\u00e9s \u00e0 l'ouverture le 12 F\u00e9vrier, ont eu l'occasion d'admirer ces photos durant une r\u00e9ception amicale.","og_url":"https:\/\/www.prestigemag.co\/fr\/2015\/02\/pr-bassam-lahoud-expose\/","og_site_name":"Prestige Magazine","article_publisher":"https:\/\/www.facebook.com\/prestigemag.co\/","article_published_time":"2015-02-17T13:59:47+00:00","og_image":[{"url":"http:\/\/www.prestigemag.co\/wp-content\/uploads\/2015\/02\/Czech-republic-by-Bassam-Lahoud-21.jpg"}],"author":"prestige","twitter_card":"summary","twitter_misc":{"\u00c9crit par":"prestige","Dur\u00e9e de lecture estim\u00e9e":"1 minute"},"schema":{"@context":"https:\/\/schema.org","@graph":[{"@type":"Organization","@id":"https:\/\/www.prestigemag.co\/#organization","name":"Prestige","url":"https:\/\/www.prestigemag.co\/","sameAs":["https:\/\/www.instagram.com\/prestige.mag\/","https:\/\/www.facebook.com\/prestigemag.co\/"],"logo":{"@type":"ImageObject","inLanguage":"fr-FR","@id":"https:\/\/www.prestigemag.co\/#\/schema\/logo\/image\/","url":"https:\/\/www.prestigemag.co\/wp-content\/uploads\/2021\/11\/logo-Prestige-800x200-1.png","contentUrl":"https:\/\/www.prestigemag.co\/wp-content\/uploads\/2021\/11\/logo-Prestige-800x200-1.png","width":800,"height":200,"caption":"Prestige"},"image":{"@id":"https:\/\/www.prestigemag.co\/#\/schema\/logo\/image\/"}},{"@type":"WebSite","@id":"https:\/\/www.prestigemag.co\/#website","url":"https:\/\/www.prestigemag.co\/","name":"Prestige Magazine","description":"Le Monde Des C\u00e9l\u00e9brit\u00e9s","publisher":{"@id":"https:\/\/www.prestigemag.co\/#organization"},"potentialAction":[{"@type":"SearchAction","target":{"@type":"EntryPoint","urlTemplate":"https:\/\/www.prestigemag.co\/?s={search_term_string}"},"query-input":"required name=search_term_string"}],"inLanguage":"fr-FR"},{"@type":"WebPage","@id":"https:\/\/www.prestigemag.co\/fr\/2015\/02\/pr-bassam-lahoud-expose\/","url":"https:\/\/www.prestigemag.co\/fr\/2015\/02\/pr-bassam-lahoud-expose\/","name":"Pr Bassam Lahoud expose - Prestige Magazine","isPartOf":{"@id":"https:\/\/www.prestigemag.co\/#website"},"datePublished":"2015-02-17T13:59:47+00:00","dateModified":"2015-02-17T13:59:47+00:00","description":"Pr Bassam Lahoud pr\u00e9sente une exposition de photos sur la R\u00e9publique Tch\u00e8que, \u00e0 la Villa Audi jusqu'au 26 F\u00e9vrier 2015. Des personnalit\u00e9s ainsi que des amateurs d'art invit\u00e9s \u00e0 l'ouverture le 12 F\u00e9vrier, ont eu l'occasion d'admirer ces photos durant une r\u00e9ception amicale.","breadcrumb":{"@id":"https:\/\/www.prestigemag.co\/fr\/2015\/02\/pr-bassam-lahoud-expose\/#breadcrumb"},"inLanguage":"fr-FR","potentialAction":[{"@type":"ReadAction","target":["https:\/\/www.prestigemag.co\/fr\/2015\/02\/pr-bassam-lahoud-expose\/"]}]},{"@type":"BreadcrumbList","@id":"https:\/\/www.prestigemag.co\/fr\/2015\/02\/pr-bassam-lahoud-expose\/#breadcrumb","itemListElement":[{"@type":"ListItem","position":1,"name":"Home","item":"https:\/\/www.prestigemag.co\/fr\/"},{"@type":"ListItem","position":2,"name":"Pr Bassam Lahoud expose"}]},{"@type":"Article","@id":"https:\/\/www.prestigemag.co\/fr\/2015\/02\/pr-bassam-lahoud-expose\/#article","isPartOf":{"@id":"https:\/\/www.prestigemag.co\/fr\/2015\/02\/pr-bassam-lahoud-expose\/"},"author":{"name":"prestige","@id":"https:\/\/www.prestigemag.co\/#\/schema\/person\/e3f149368970128d68bb2d797bf30fbc"},"headline":"Pr Bassam Lahoud expose","datePublished":"2015-02-17T13:59:47+00:00","dateModified":"2015-02-17T13:59:47+00:00","mainEntityOfPage":{"@id":"https:\/\/www.prestigemag.co\/fr\/2015\/02\/pr-bassam-lahoud-expose\/"},"wordCount":151,"publisher":{"@id":"https:\/\/www.prestigemag.co\/#organization"},"articleSection":["\u00c9v\u00e9nements","Inauguration"],"inLanguage":"fr-FR"},{"@type":"Person","@id":"https:\/\/www.prestigemag.co\/#\/schema\/person\/e3f149368970128d68bb2d797bf30fbc","name":"prestige","image":{"@type":"ImageObject","inLanguage":"fr-FR","@id":"https:\/\/www.prestigemag.co\/#\/schema\/person\/image\/","url":"https:\/\/secure.gravatar.com\/avatar\/0aa2dff5484d35e50578639a2c3ccef9?s=96&d=mm&r=g","contentUrl":"https:\/\/secure.gravatar.com\/avatar\/0aa2dff5484d35e50578639a2c3ccef9?s=96&d=mm&r=g","caption":"prestige"},"url":"https:\/\/www.prestigemag.co\/fr\/author\/prestige\/"}]}},"_links":{"self":[{"href":"https:\/\/www.prestigemag.co\/fr\/wp-json\/wp\/v2\/posts\/19995"}],"collection":[{"href":"https:\/\/www.prestigemag.co\/fr\/wp-json\/wp\/v2\/posts"}],"about":[{"href":"https:\/\/www.prestigemag.co\/fr\/wp-json\/wp\/v2\/types\/post"}],"author":[{"embeddable":true,"href":"https:\/\/www.prestigemag.co\/fr\/wp-json\/wp\/v2\/users\/3"}],"replies":[{"embeddable":true,"href":"https:\/\/www.prestigemag.co\/fr\/wp-json\/wp\/v2\/comments?post=19995"}],"version-history":[{"count":0,"href":"https:\/\/www.prestigemag.co\/fr\/wp-json\/wp\/v2\/posts\/19995\/revisions"}],"wp:attachment":[{"href":"https:\/\/www.prestigemag.co\/fr\/wp-json\/wp\/v2\/media?parent=19995"}],"wp:term":[{"taxonomy":"category","embeddable":true,"href":"https:\/\/www.prestigemag.co\/fr\/wp-json\/wp\/v2\/categories?post=19995"},{"taxonomy":"post_tag","embeddable":true,"href":"https:\/\/www.prestigemag.co\/fr\/wp-json\/wp\/v2\/tags?post=19995"}],"curies":[{"name":"wp","href":"https:\/\/api.w.org\/{rel}","templated":true}]}}