{"id":20027,"date":"2015-03-16T09:26:00","date_gmt":"2015-03-16T09:26:00","guid":{"rendered":"http:\/\/www.prestigemag.co\/2015\/03\/women-on-the-front-lines\/"},"modified":"2015-03-16T09:26:00","modified_gmt":"2015-03-16T09:26:00","slug":"women-on-the-front-lines","status":"publish","type":"post","link":"https:\/\/www.prestigemag.co\/fr\/2015\/03\/women-on-the-front-lines\/","title":{"rendered":"\u00ab\u00a0Women on the front lines\u00a0\u00bb"},"content":{"rendered":"<p><a href=\"http:\/\/www.prestigemag.co\/wp-content\/uploads\/2015\/03\/Claire-Chazal-et-May-Chidiac.jpg\"><img src=\"data:image\/svg+xml,%3Csvg%20xmlns='http:\/\/www.w3.org\/2000\/svg'%20viewBox='0%200%20100%%20247'%3E%3C\/svg%3E\" class=\"zeen-lazy-load-base zeen-lazy-load alignnone size-large wp-image-4415\" data-lazy-src=\"http:\/\/www.prestigemag.co\/wp-content\/uploads\/2015\/03\/Claire-Chazal-et-May-Chidiac-1024x479.jpg\" alt=\"Claire Chazal et May Chidiac\" width=\"100%\" data-lazy-srcset=\"https:\/\/www.prestigemag.co\/wp-content\/uploads\/2015\/03\/Claire-Chazal-et-May-Chidiac-1024x479.jpg 1024w, https:\/\/www.prestigemag.co\/wp-content\/uploads\/2015\/03\/Claire-Chazal-et-May-Chidiac-300x140.jpg 300w, https:\/\/www.prestigemag.co\/wp-content\/uploads\/2015\/03\/Claire-Chazal-et-May-Chidiac-150x70.jpg 150w, https:\/\/www.prestigemag.co\/wp-content\/uploads\/2015\/03\/Claire-Chazal-et-May-Chidiac-600x281.jpg 600w, https:\/\/www.prestigemag.co\/wp-content\/uploads\/2015\/03\/Claire-Chazal-et-May-Chidiac-267x125.jpg 267w, https:\/\/www.prestigemag.co\/wp-content\/uploads\/2015\/03\/Claire-Chazal-et-May-Chidiac-143x67.jpg 143w, https:\/\/www.prestigemag.co\/wp-content\/uploads\/2015\/03\/Claire-Chazal-et-May-Chidiac.jpg 1101w\" data-lazy-sizes=\"(max-width: 1024px) 100vw, 1024px\" \/><noscript><img class=\"alignnone size-large wp-image-4415\" src=\"http:\/\/www.prestigemag.co\/wp-content\/uploads\/2015\/03\/Claire-Chazal-et-May-Chidiac-1024x479.jpg\" alt=\"Claire Chazal et May Chidiac\" width=\"100%\" srcset=\"https:\/\/www.prestigemag.co\/wp-content\/uploads\/2015\/03\/Claire-Chazal-et-May-Chidiac-1024x479.jpg 1024w, https:\/\/www.prestigemag.co\/wp-content\/uploads\/2015\/03\/Claire-Chazal-et-May-Chidiac-300x140.jpg 300w, https:\/\/www.prestigemag.co\/wp-content\/uploads\/2015\/03\/Claire-Chazal-et-May-Chidiac-150x70.jpg 150w, https:\/\/www.prestigemag.co\/wp-content\/uploads\/2015\/03\/Claire-Chazal-et-May-Chidiac-600x281.jpg 600w, https:\/\/www.prestigemag.co\/wp-content\/uploads\/2015\/03\/Claire-Chazal-et-May-Chidiac-267x125.jpg 267w, https:\/\/www.prestigemag.co\/wp-content\/uploads\/2015\/03\/Claire-Chazal-et-May-Chidiac-143x67.jpg 143w, https:\/\/www.prestigemag.co\/wp-content\/uploads\/2015\/03\/Claire-Chazal-et-May-Chidiac.jpg 1101w\" sizes=\"(max-width: 1024px) 100vw, 1024px\" \/><\/noscript><\/a><\/p>\n<p>&nbsp;<\/p>\n<p>La Fondation May Chidiac a organis\u00e9 une conf\u00e9rence le 4 mars \u00e0 l&rsquo;h\u00f4tel Phoenicia,\u00a0\u00abwomen on the front lines\u00bb, \u00e0 l&rsquo;occasion de la journ\u00e9e mondiale de la femme. De grands noms du journalisme tels Claire Chazal de TF1, \u00e9taient invit\u00e9s \u00e0 cette conf\u00e9rence pour partager leur exp\u00e9rience avec le public pr\u00e9sent.<\/p>\n<p>Les participants ont mis le point sur l&rsquo;importance de la participation de la femme dans tous les domaines, notamment dans le domaine politique au Liban o\u00f9 les femmes restent en retrait.<\/p>\n","protected":false},"excerpt":{"rendered":"<p><em>La Fondation May Chidiac a organis\u00e9 une conf\u00e9rence le 4 mars \u00e0 l&rsquo;h\u00f4tel Phoenicia, \u00abwomen on the front lines\u00bb, \u00e0 l&rsquo;occasion de la journ\u00e9e mondiale de la femme. De grands noms du journalisme tels Claire Chazal de TF1, \u00e9taient invit\u00e9s \u00e0 cette conf\u00e9rence pour partager leur exp\u00e9rience avec le public pr\u00e9sent.<\/em><\/p>\n","protected":false},"author":3,"featured_media":0,"comment_status":"closed","ping_status":"closed","sticky":false,"template":"","format":"standard","meta":[],"categories":[13333,13360],"tags":[],"yoast_head":"<!-- This site is optimized with the Yoast SEO plugin v19.4 - https:\/\/yoast.com\/wordpress\/plugins\/seo\/ -->\n<title>&quot;Women on the front lines&quot; - Prestige Magazine<\/title>\n<meta name=\"description\" content=\"La Fondation May Chidiac a organis\u00e9 une conf\u00e9rence le 4 mars \u00e0 l&#039;h\u00f4tel Phoenicia, \u00abwomen on the front lines\u00bb, \u00e0 l&#039;occasion de la journ\u00e9e mondiale de la femme. De grands noms du journalisme tels Claire Chazal de TF1, \u00e9taient invit\u00e9s \u00e0 cette conf\u00e9rence pour partager leur exp\u00e9rience avec le public pr\u00e9sent.\" \/>\n<meta name=\"robots\" content=\"index, follow, max-snippet:-1, max-image-preview:large, max-video-preview:-1\" \/>\n<link rel=\"canonical\" href=\"https:\/\/www.prestigemag.co\/fr\/2015\/03\/women-on-the-front-lines\/\" \/>\n<meta property=\"og:locale\" content=\"fr_FR\" \/>\n<meta property=\"og:type\" content=\"article\" \/>\n<meta property=\"og:title\" content=\"&quot;Women on the front lines&quot; - Prestige Magazine\" \/>\n<meta property=\"og:description\" content=\"La Fondation May Chidiac a organis\u00e9 une conf\u00e9rence le 4 mars \u00e0 l&#039;h\u00f4tel Phoenicia, \u00abwomen on the front lines\u00bb, \u00e0 l&#039;occasion de la journ\u00e9e mondiale de la femme. De grands noms du journalisme tels Claire Chazal de TF1, \u00e9taient invit\u00e9s \u00e0 cette conf\u00e9rence pour partager leur exp\u00e9rience avec le public pr\u00e9sent.\" \/>\n<meta property=\"og:url\" content=\"https:\/\/www.prestigemag.co\/fr\/2015\/03\/women-on-the-front-lines\/\" \/>\n<meta property=\"og:site_name\" content=\"Prestige Magazine\" \/>\n<meta property=\"article:publisher\" content=\"https:\/\/www.facebook.com\/prestigemag.co\/\" \/>\n<meta property=\"article:published_time\" content=\"2015-03-16T09:26:00+00:00\" \/>\n<meta property=\"og:image\" content=\"http:\/\/www.prestigemag.co\/wp-content\/uploads\/2015\/03\/Claire-Chazal-et-May-Chidiac-1024x479.jpg\" \/>\n<meta name=\"author\" content=\"prestige\" \/>\n<meta name=\"twitter:card\" content=\"summary\" \/>\n<meta name=\"twitter:label1\" content=\"\u00c9crit par\" \/>\n\t<meta name=\"twitter:data1\" content=\"prestige\" \/>\n<script type=\"application\/ld+json\" class=\"yoast-schema-graph\">{\"@context\":\"https:\/\/schema.org\",\"@graph\":[{\"@type\":\"Organization\",\"@id\":\"https:\/\/www.prestigemag.co\/#organization\",\"name\":\"Prestige\",\"url\":\"https:\/\/www.prestigemag.co\/\",\"sameAs\":[\"https:\/\/www.instagram.com\/prestige.mag\/\",\"https:\/\/www.facebook.com\/prestigemag.co\/\"],\"logo\":{\"@type\":\"ImageObject\",\"inLanguage\":\"fr-FR\",\"@id\":\"https:\/\/www.prestigemag.co\/#\/schema\/logo\/image\/\",\"url\":\"https:\/\/www.prestigemag.co\/wp-content\/uploads\/2021\/11\/logo-Prestige-800x200-1.png\",\"contentUrl\":\"https:\/\/www.prestigemag.co\/wp-content\/uploads\/2021\/11\/logo-Prestige-800x200-1.png\",\"width\":800,\"height\":200,\"caption\":\"Prestige\"},\"image\":{\"@id\":\"https:\/\/www.prestigemag.co\/#\/schema\/logo\/image\/\"}},{\"@type\":\"WebSite\",\"@id\":\"https:\/\/www.prestigemag.co\/#website\",\"url\":\"https:\/\/www.prestigemag.co\/\",\"name\":\"Prestige Magazine\",\"description\":\"Le Monde Des C\u00e9l\u00e9brit\u00e9s\",\"publisher\":{\"@id\":\"https:\/\/www.prestigemag.co\/#organization\"},\"potentialAction\":[{\"@type\":\"SearchAction\",\"target\":{\"@type\":\"EntryPoint\",\"urlTemplate\":\"https:\/\/www.prestigemag.co\/?s={search_term_string}\"},\"query-input\":\"required name=search_term_string\"}],\"inLanguage\":\"fr-FR\"},{\"@type\":\"WebPage\",\"@id\":\"https:\/\/www.prestigemag.co\/fr\/2015\/03\/women-on-the-front-lines\/\",\"url\":\"https:\/\/www.prestigemag.co\/fr\/2015\/03\/women-on-the-front-lines\/\",\"name\":\"\\\"Women on the front lines\\\" - Prestige Magazine\",\"isPartOf\":{\"@id\":\"https:\/\/www.prestigemag.co\/#website\"},\"datePublished\":\"2015-03-16T09:26:00+00:00\",\"dateModified\":\"2015-03-16T09:26:00+00:00\",\"description\":\"La Fondation May Chidiac a organis\u00e9 une conf\u00e9rence le 4 mars \u00e0 l'h\u00f4tel Phoenicia, \u00abwomen on the front lines\u00bb, \u00e0 l'occasion de la journ\u00e9e mondiale de la femme. De grands noms du journalisme tels Claire Chazal de TF1, \u00e9taient invit\u00e9s \u00e0 cette conf\u00e9rence pour partager leur exp\u00e9rience avec le public pr\u00e9sent.\",\"breadcrumb\":{\"@id\":\"https:\/\/www.prestigemag.co\/fr\/2015\/03\/women-on-the-front-lines\/#breadcrumb\"},\"inLanguage\":\"fr-FR\",\"potentialAction\":[{\"@type\":\"ReadAction\",\"target\":[\"https:\/\/www.prestigemag.co\/fr\/2015\/03\/women-on-the-front-lines\/\"]}]},{\"@type\":\"BreadcrumbList\",\"@id\":\"https:\/\/www.prestigemag.co\/fr\/2015\/03\/women-on-the-front-lines\/#breadcrumb\",\"itemListElement\":[{\"@type\":\"ListItem\",\"position\":1,\"name\":\"Home\",\"item\":\"https:\/\/www.prestigemag.co\/fr\/\"},{\"@type\":\"ListItem\",\"position\":2,\"name\":\"\u00ab\u00a0Women on the front lines\u00a0\u00bb\"}]},{\"@type\":\"Article\",\"@id\":\"https:\/\/www.prestigemag.co\/fr\/2015\/03\/women-on-the-front-lines\/#article\",\"isPartOf\":{\"@id\":\"https:\/\/www.prestigemag.co\/fr\/2015\/03\/women-on-the-front-lines\/\"},\"author\":{\"name\":\"prestige\",\"@id\":\"https:\/\/www.prestigemag.co\/#\/schema\/person\/e3f149368970128d68bb2d797bf30fbc\"},\"headline\":\"\u00ab\u00a0Women on the front lines\u00a0\u00bb\",\"datePublished\":\"2015-03-16T09:26:00+00:00\",\"dateModified\":\"2015-03-16T09:26:00+00:00\",\"mainEntityOfPage\":{\"@id\":\"https:\/\/www.prestigemag.co\/fr\/2015\/03\/women-on-the-front-lines\/\"},\"wordCount\":91,\"publisher\":{\"@id\":\"https:\/\/www.prestigemag.co\/#organization\"},\"articleSection\":[\"\u00c9v\u00e9nements\",\"Inauguration\"],\"inLanguage\":\"fr-FR\"},{\"@type\":\"Person\",\"@id\":\"https:\/\/www.prestigemag.co\/#\/schema\/person\/e3f149368970128d68bb2d797bf30fbc\",\"name\":\"prestige\",\"image\":{\"@type\":\"ImageObject\",\"inLanguage\":\"fr-FR\",\"@id\":\"https:\/\/www.prestigemag.co\/#\/schema\/person\/image\/\",\"url\":\"https:\/\/secure.gravatar.com\/avatar\/0aa2dff5484d35e50578639a2c3ccef9?s=96&d=mm&r=g\",\"contentUrl\":\"https:\/\/secure.gravatar.com\/avatar\/0aa2dff5484d35e50578639a2c3ccef9?s=96&d=mm&r=g\",\"caption\":\"prestige\"},\"url\":\"https:\/\/www.prestigemag.co\/fr\/author\/prestige\/\"}]}<\/script>\n<!-- \/ Yoast SEO plugin. -->","yoast_head_json":{"title":"\"Women on the front lines\" - Prestige Magazine","description":"La Fondation May Chidiac a organis\u00e9 une conf\u00e9rence le 4 mars \u00e0 l'h\u00f4tel Phoenicia, \u00abwomen on the front lines\u00bb, \u00e0 l'occasion de la journ\u00e9e mondiale de la femme. De grands noms du journalisme tels Claire Chazal de TF1, \u00e9taient invit\u00e9s \u00e0 cette conf\u00e9rence pour partager leur exp\u00e9rience avec le public pr\u00e9sent.","robots":{"index":"index","follow":"follow","max-snippet":"max-snippet:-1","max-image-preview":"max-image-preview:large","max-video-preview":"max-video-preview:-1"},"canonical":"https:\/\/www.prestigemag.co\/fr\/2015\/03\/women-on-the-front-lines\/","og_locale":"fr_FR","og_type":"article","og_title":"\"Women on the front lines\" - Prestige Magazine","og_description":"La Fondation May Chidiac a organis\u00e9 une conf\u00e9rence le 4 mars \u00e0 l'h\u00f4tel Phoenicia, \u00abwomen on the front lines\u00bb, \u00e0 l'occasion de la journ\u00e9e mondiale de la femme. De grands noms du journalisme tels Claire Chazal de TF1, \u00e9taient invit\u00e9s \u00e0 cette conf\u00e9rence pour partager leur exp\u00e9rience avec le public pr\u00e9sent.","og_url":"https:\/\/www.prestigemag.co\/fr\/2015\/03\/women-on-the-front-lines\/","og_site_name":"Prestige Magazine","article_publisher":"https:\/\/www.facebook.com\/prestigemag.co\/","article_published_time":"2015-03-16T09:26:00+00:00","og_image":[{"url":"http:\/\/www.prestigemag.co\/wp-content\/uploads\/2015\/03\/Claire-Chazal-et-May-Chidiac-1024x479.jpg"}],"author":"prestige","twitter_card":"summary","twitter_misc":{"\u00c9crit par":"prestige"},"schema":{"@context":"https:\/\/schema.org","@graph":[{"@type":"Organization","@id":"https:\/\/www.prestigemag.co\/#organization","name":"Prestige","url":"https:\/\/www.prestigemag.co\/","sameAs":["https:\/\/www.instagram.com\/prestige.mag\/","https:\/\/www.facebook.com\/prestigemag.co\/"],"logo":{"@type":"ImageObject","inLanguage":"fr-FR","@id":"https:\/\/www.prestigemag.co\/#\/schema\/logo\/image\/","url":"https:\/\/www.prestigemag.co\/wp-content\/uploads\/2021\/11\/logo-Prestige-800x200-1.png","contentUrl":"https:\/\/www.prestigemag.co\/wp-content\/uploads\/2021\/11\/logo-Prestige-800x200-1.png","width":800,"height":200,"caption":"Prestige"},"image":{"@id":"https:\/\/www.prestigemag.co\/#\/schema\/logo\/image\/"}},{"@type":"WebSite","@id":"https:\/\/www.prestigemag.co\/#website","url":"https:\/\/www.prestigemag.co\/","name":"Prestige Magazine","description":"Le Monde Des C\u00e9l\u00e9brit\u00e9s","publisher":{"@id":"https:\/\/www.prestigemag.co\/#organization"},"potentialAction":[{"@type":"SearchAction","target":{"@type":"EntryPoint","urlTemplate":"https:\/\/www.prestigemag.co\/?s={search_term_string}"},"query-input":"required name=search_term_string"}],"inLanguage":"fr-FR"},{"@type":"WebPage","@id":"https:\/\/www.prestigemag.co\/fr\/2015\/03\/women-on-the-front-lines\/","url":"https:\/\/www.prestigemag.co\/fr\/2015\/03\/women-on-the-front-lines\/","name":"\"Women on the front lines\" - Prestige Magazine","isPartOf":{"@id":"https:\/\/www.prestigemag.co\/#website"},"datePublished":"2015-03-16T09:26:00+00:00","dateModified":"2015-03-16T09:26:00+00:00","description":"La Fondation May Chidiac a organis\u00e9 une conf\u00e9rence le 4 mars \u00e0 l'h\u00f4tel Phoenicia, \u00abwomen on the front lines\u00bb, \u00e0 l'occasion de la journ\u00e9e mondiale de la femme. De grands noms du journalisme tels Claire Chazal de TF1, \u00e9taient invit\u00e9s \u00e0 cette conf\u00e9rence pour partager leur exp\u00e9rience avec le public pr\u00e9sent.","breadcrumb":{"@id":"https:\/\/www.prestigemag.co\/fr\/2015\/03\/women-on-the-front-lines\/#breadcrumb"},"inLanguage":"fr-FR","potentialAction":[{"@type":"ReadAction","target":["https:\/\/www.prestigemag.co\/fr\/2015\/03\/women-on-the-front-lines\/"]}]},{"@type":"BreadcrumbList","@id":"https:\/\/www.prestigemag.co\/fr\/2015\/03\/women-on-the-front-lines\/#breadcrumb","itemListElement":[{"@type":"ListItem","position":1,"name":"Home","item":"https:\/\/www.prestigemag.co\/fr\/"},{"@type":"ListItem","position":2,"name":"\u00ab\u00a0Women on the front lines\u00a0\u00bb"}]},{"@type":"Article","@id":"https:\/\/www.prestigemag.co\/fr\/2015\/03\/women-on-the-front-lines\/#article","isPartOf":{"@id":"https:\/\/www.prestigemag.co\/fr\/2015\/03\/women-on-the-front-lines\/"},"author":{"name":"prestige","@id":"https:\/\/www.prestigemag.co\/#\/schema\/person\/e3f149368970128d68bb2d797bf30fbc"},"headline":"\u00ab\u00a0Women on the front lines\u00a0\u00bb","datePublished":"2015-03-16T09:26:00+00:00","dateModified":"2015-03-16T09:26:00+00:00","mainEntityOfPage":{"@id":"https:\/\/www.prestigemag.co\/fr\/2015\/03\/women-on-the-front-lines\/"},"wordCount":91,"publisher":{"@id":"https:\/\/www.prestigemag.co\/#organization"},"articleSection":["\u00c9v\u00e9nements","Inauguration"],"inLanguage":"fr-FR"},{"@type":"Person","@id":"https:\/\/www.prestigemag.co\/#\/schema\/person\/e3f149368970128d68bb2d797bf30fbc","name":"prestige","image":{"@type":"ImageObject","inLanguage":"fr-FR","@id":"https:\/\/www.prestigemag.co\/#\/schema\/person\/image\/","url":"https:\/\/secure.gravatar.com\/avatar\/0aa2dff5484d35e50578639a2c3ccef9?s=96&d=mm&r=g","contentUrl":"https:\/\/secure.gravatar.com\/avatar\/0aa2dff5484d35e50578639a2c3ccef9?s=96&d=mm&r=g","caption":"prestige"},"url":"https:\/\/www.prestigemag.co\/fr\/author\/prestige\/"}]}},"_links":{"self":[{"href":"https:\/\/www.prestigemag.co\/fr\/wp-json\/wp\/v2\/posts\/20027"}],"collection":[{"href":"https:\/\/www.prestigemag.co\/fr\/wp-json\/wp\/v2\/posts"}],"about":[{"href":"https:\/\/www.prestigemag.co\/fr\/wp-json\/wp\/v2\/types\/post"}],"author":[{"embeddable":true,"href":"https:\/\/www.prestigemag.co\/fr\/wp-json\/wp\/v2\/users\/3"}],"replies":[{"embeddable":true,"href":"https:\/\/www.prestigemag.co\/fr\/wp-json\/wp\/v2\/comments?post=20027"}],"version-history":[{"count":0,"href":"https:\/\/www.prestigemag.co\/fr\/wp-json\/wp\/v2\/posts\/20027\/revisions"}],"wp:attachment":[{"href":"https:\/\/www.prestigemag.co\/fr\/wp-json\/wp\/v2\/media?parent=20027"}],"wp:term":[{"taxonomy":"category","embeddable":true,"href":"https:\/\/www.prestigemag.co\/fr\/wp-json\/wp\/v2\/categories?post=20027"},{"taxonomy":"post_tag","embeddable":true,"href":"https:\/\/www.prestigemag.co\/fr\/wp-json\/wp\/v2\/tags?post=20027"}],"curies":[{"name":"wp","href":"https:\/\/api.w.org\/{rel}","templated":true}]}}