{"id":20069,"date":"2015-05-05T06:23:15","date_gmt":"2015-05-05T06:23:15","guid":{"rendered":"http:\/\/www.prestigemag.co\/2015\/05\/bahia-hariri\/"},"modified":"2015-05-05T06:23:15","modified_gmt":"2015-05-05T06:23:15","slug":"bahia-hariri","status":"publish","type":"post","link":"https:\/\/www.prestigemag.co\/fr\/2015\/05\/bahia-hariri\/","title":{"rendered":"Bahia Hariri"},"content":{"rendered":"<p><em>Prestige N 92, Janvier 2001<\/em><\/p>\n<h2>UN GRAND C\u0152UR TOUT SIMPLEMENT&#8230;<\/h2>\n<h3>D\u2019un naturel d\u00e9sarmant, personnage hors du commun, authentique, indissociable du paysage humanitaire, \u0153uvrant inlassablement et dans l\u2019ombre, telle une fourmi laborieuse, \u00e0 la renaissance de la Culture et la sauvegarde du Patrimoine, c\u00e9l\u00e8bre pour ses r\u00e9alisations et pourtant d\u2019une discr\u00e9tion exemplaire. Nous avons rencontr\u00e9 la d\u00e9put\u00e9e dans sa ville bien-aim\u00e9e, loin des feux des m\u00e9dias. C\u2019est d\u2019ailleurs \u00e0 Sa\u00efda et au Liban que l\u2019Ambassadrice de Bonne Volont\u00e9 de l\u2019Unesco d\u00e9die cet hommage, reconnaissance \u00e0 vingt-cinq ans d\u2019engagement. Rendez-vous unique qui r\u00e9v\u00e8le une femme, une m\u00e8re, un \u00eatre p\u00e9tri d\u2019\u00e9motion.<\/h3>\n<p><a href=\"http:\/\/www.prestigemag.co\/wp-content\/uploads\/2015\/05\/Bahia-Hariri6.jpg\"><img src=\"data:image\/svg+xml,%3Csvg%20xmlns='http:\/\/www.w3.org\/2000\/svg'%20viewBox='0%200%20100%%20247'%3E%3C\/svg%3E\" class=\"zeen-lazy-load-base zeen-lazy-load alignnone size-large wp-image-5140\" data-lazy-src=\"http:\/\/www.prestigemag.co\/wp-content\/uploads\/2015\/05\/Bahia-Hariri6-1024x619.jpg\" alt=\"Bahia Hariri6\" width=\"100%\" data-lazy-srcset=\"https:\/\/www.prestigemag.co\/wp-content\/uploads\/2015\/05\/Bahia-Hariri6-1024x619.jpg 1024w, https:\/\/www.prestigemag.co\/wp-content\/uploads\/2015\/05\/Bahia-Hariri6-300x181.jpg 300w, https:\/\/www.prestigemag.co\/wp-content\/uploads\/2015\/05\/Bahia-Hariri6-150x91.jpg 150w, https:\/\/www.prestigemag.co\/wp-content\/uploads\/2015\/05\/Bahia-Hariri6-600x363.jpg 600w, https:\/\/www.prestigemag.co\/wp-content\/uploads\/2015\/05\/Bahia-Hariri6-207x125.jpg 207w, https:\/\/www.prestigemag.co\/wp-content\/uploads\/2015\/05\/Bahia-Hariri6-111x67.jpg 111w\" data-lazy-sizes=\"(max-width: 1024px) 100vw, 1024px\" \/><noscript><img class=\"alignnone size-large wp-image-5140\" src=\"http:\/\/www.prestigemag.co\/wp-content\/uploads\/2015\/05\/Bahia-Hariri6-1024x619.jpg\" alt=\"Bahia Hariri6\" width=\"100%\" srcset=\"https:\/\/www.prestigemag.co\/wp-content\/uploads\/2015\/05\/Bahia-Hariri6-1024x619.jpg 1024w, https:\/\/www.prestigemag.co\/wp-content\/uploads\/2015\/05\/Bahia-Hariri6-300x181.jpg 300w, https:\/\/www.prestigemag.co\/wp-content\/uploads\/2015\/05\/Bahia-Hariri6-150x91.jpg 150w, https:\/\/www.prestigemag.co\/wp-content\/uploads\/2015\/05\/Bahia-Hariri6-600x363.jpg 600w, https:\/\/www.prestigemag.co\/wp-content\/uploads\/2015\/05\/Bahia-Hariri6-207x125.jpg 207w, https:\/\/www.prestigemag.co\/wp-content\/uploads\/2015\/05\/Bahia-Hariri6-111x67.jpg 111w\" sizes=\"(max-width: 1024px) 100vw, 1024px\" \/><\/noscript><\/a><\/p>\n<p>\u00a9 Prestige\/ J-C Bejjani<\/p>\n<p><strong><em>Vous avez <\/em><\/strong><strong><em>\u00e9t\u00e9 nomm\u00e9e, <\/em><\/strong><strong><em>le <\/em><\/strong><strong><em>17 <\/em><\/strong><strong><em>novembre 2000, Ambassadrice de Bonne Volont\u00e9 par l&rsquo;Unesco, <\/em><\/strong><strong><em>\u00e0 <\/em><\/strong><strong><em>son si\u00e8ge de Paris, qu&rsquo;est-ce qui vous <\/em><\/strong><strong><em>a <\/em><\/strong><strong><em>valu <\/em><\/strong><strong><em>ce <\/em><\/strong><strong><em>titre honorifique accord\u00e9 seulement pour la deuxi\u00e8me fois <\/em><\/strong><strong><em>\u00e0 <\/em><\/strong><strong><em>une <\/em><\/strong><strong><em>femme <\/em><\/strong><strong><em>arabe? <\/em><\/strong>C&rsquo;est au Liban et \u00e0 tous les Libanais que revient ce titre. Le prix s&rsquo;adresse \u00e0 la collectivit\u00e9, le m\u00e9rite personnel passe ensuite. Il est vrai que j&rsquo;entretiens une relation de longue date avec l&rsquo;Unesco, puisque j&rsquo;\u0153uvre depuis vingt-cinq ans en faveur du patrimoine et de l&rsquo;enseignement. Je suis donc en contact permanent avec le directeur de l&rsquo;Unesco, Monsieur Ko\u00efchiro Matsura, et pr\u00e9c\u00e9demment avec Monsieur Federico Mayor qui s&rsquo;est d&rsquo;ailleurs rendu deux fois au Liban.<\/p>\n<p>En marge des accords conclus, je participe \u00e0 toutes les conf\u00e9rences de l&rsquo;Unesco, j&rsquo;y expose r\u00e9guli\u00e8rement mes id\u00e9es et mes projets qui pour la plupart re\u00e7oivent un accueil favorable et sont retenus. J&rsquo;\u0153uvre aussi pour la promotion et \u00e0 l&rsquo;ex\u00e9cution au Liban des programmes de l&rsquo;Unesco. Le titre d&rsquo;Ambassadrice a \u00e9t\u00e9 sugg\u00e9r\u00e9 en raison de mon engagement dans la culture et l&rsquo;enseignement et ma contribution officielle \u00e0 la vie publique en ma qualit\u00e9 de d\u00e9put\u00e9e et surtout de pr\u00e9sidente de la Commission parlementaire pour l&rsquo;Education.<\/p>\n<p>L&rsquo;Unesco consid\u00e9rait que je repr\u00e9sentais parfaitement cette image de la femme arabe active. Ce titre, cette tribune, officialisent davantage mon r\u00f4le, le rendant par cela m\u00eame plus efficace et me poussent \u00e0 agir, \u00e0 cumuler plus de responsabilit\u00e9s. Enfin, ce titre fait la fiert\u00e9 du Liban, car c&rsquo;est reconna\u00eetre que nous sommes un peuple \u00e9nergique, tenace, pers\u00e9v\u00e9rant qui \u0153uvre pour acc\u00e9der \u00e0 un statut international.<\/p>\n<p><a href=\"http:\/\/www.prestigemag.co\/wp-content\/uploads\/2015\/05\/Bahia-Hariri2.jpg\"><img src=\"data:image\/svg+xml,%3Csvg%20xmlns='http:\/\/www.w3.org\/2000\/svg'%20viewBox='0%200%2059%%20247'%3E%3C\/svg%3E\" class=\"zeen-lazy-load-base zeen-lazy-load alignnone  wp-image-5141\" data-lazy-src=\"http:\/\/www.prestigemag.co\/wp-content\/uploads\/2015\/05\/Bahia-Hariri2-1024x655.jpg\" alt=\"Bahia Hariri2\" width=\"59%\" data-lazy-srcset=\"https:\/\/www.prestigemag.co\/wp-content\/uploads\/2015\/05\/Bahia-Hariri2-1024x655.jpg 1024w, https:\/\/www.prestigemag.co\/wp-content\/uploads\/2015\/05\/Bahia-Hariri2-300x192.jpg 300w, https:\/\/www.prestigemag.co\/wp-content\/uploads\/2015\/05\/Bahia-Hariri2-150x96.jpg 150w, https:\/\/www.prestigemag.co\/wp-content\/uploads\/2015\/05\/Bahia-Hariri2-587x375.jpg 587w, https:\/\/www.prestigemag.co\/wp-content\/uploads\/2015\/05\/Bahia-Hariri2-196x125.jpg 196w, https:\/\/www.prestigemag.co\/wp-content\/uploads\/2015\/05\/Bahia-Hariri2-105x67.jpg 105w, https:\/\/www.prestigemag.co\/wp-content\/uploads\/2015\/05\/Bahia-Hariri2.jpg 1153w\" data-lazy-sizes=\"(max-width: 1024px) 100vw, 1024px\" \/><noscript><img class=\"alignnone  wp-image-5141\" src=\"http:\/\/www.prestigemag.co\/wp-content\/uploads\/2015\/05\/Bahia-Hariri2-1024x655.jpg\" alt=\"Bahia Hariri2\" width=\"59%\" srcset=\"https:\/\/www.prestigemag.co\/wp-content\/uploads\/2015\/05\/Bahia-Hariri2-1024x655.jpg 1024w, https:\/\/www.prestigemag.co\/wp-content\/uploads\/2015\/05\/Bahia-Hariri2-300x192.jpg 300w, https:\/\/www.prestigemag.co\/wp-content\/uploads\/2015\/05\/Bahia-Hariri2-150x96.jpg 150w, https:\/\/www.prestigemag.co\/wp-content\/uploads\/2015\/05\/Bahia-Hariri2-587x375.jpg 587w, https:\/\/www.prestigemag.co\/wp-content\/uploads\/2015\/05\/Bahia-Hariri2-196x125.jpg 196w, https:\/\/www.prestigemag.co\/wp-content\/uploads\/2015\/05\/Bahia-Hariri2-105x67.jpg 105w, https:\/\/www.prestigemag.co\/wp-content\/uploads\/2015\/05\/Bahia-Hariri2.jpg 1153w\" sizes=\"(max-width: 1024px) 100vw, 1024px\" \/><\/noscript><\/a><\/p>\n<p>Le 17 novembre 2000, durant une c\u00e9r\u00e9monie \u00e0 son si\u00e8ge de Paris, l&rsquo;Unesco nomme Bahia Hariri Ambassadrice de Bonne Volont\u00e9.\u00a0\u00a9 Archives Bahia Hariri.<\/p>\n<p><strong><em>De vos projets adopt\u00e9s par l&rsquo;Unesco, quel est celui qui vous tient le plus <\/em><\/strong><strong>\u00e0 <\/strong><strong><em>c\u0153ur? <\/em><\/strong><em>M\u00e9moire et Appartenance <\/em>pr\u00e9sent\u00e9 \u00e0 l&rsquo;Unesco qui l&rsquo;a adopt\u00e9 d&#8217;embl\u00e9e et l&rsquo;a diffus\u00e9 dans le monde entier. Ce projet s&rsquo;adresse aux jeunes afin qu&rsquo;ils prennent conscience de leur patrimoine et retrouvent ce sentiment d&rsquo;appartenance \u00e0 leur terre.\u00a0D&rsquo;abord lanc\u00e9 \u00e0 Sa\u00efda, le programme mis \u00e0 ex\u00e9cution il y a six ans s&rsquo;\u00e9tendra bient\u00f4t \u00e0 toutes les r\u00e9gions du pays. J&rsquo;ai r\u00e9alis\u00e9 qu&rsquo;il ne suffisait pas d&rsquo;\u00e9tudier et de r\u00e9citer l&rsquo;\u00e9ducation civique dans les manuels scolaires.<\/p>\n<p>Pour nourrir leur m\u00e9moire collective, les jeunes doivent r\u00e9aliser des projets concrets, adopter des sites historiques. Il est ind\u00e9niable que la globalisation a envahi notre soci\u00e9t\u00e9. Si elle ne se rattache pas \u00e0 son patrimoine, son environnement, ses us et coutumes, la nouvelle g\u00e9n\u00e9ration, d\u00e9racin\u00e9e, n\u2019aura plus d\u2019assises et ne sera plus qu\u2019une partie du village global. Vous savez, \u0153uvrer pour la culture et le patrimoine est un travail de longue haleine, on ne peut l\u2019accomplir d\u2019un seul coup. Nous avons travers\u00e9 une guerre qui avait pour objectif de nous \u00e9liiminer, de d\u00e9truire notre culture, nos racines. Lorsque je me suis lanc\u00e9e dans la politique, c\u2019\u00e9tait cela mon leitmotiv\u00a0: \u00abaffirmer chez ces enfants n\u00e9s pendant la guerre leur appartenance au Liban. Pour cela j\u2019ai lanc\u00e9 un ensemble d\u2019initiatives, dont la derni\u00e8re consistait \u00e0 emmener les enfants du Sud-Liban lib\u00e9r\u00e9 \u00e0 la d\u00e9couverte de Beyrouth, de Baabda, du Parlement, de Baalbeck\u2026pour leur montrer que leur pays a vraiment besoin d\u2019eux, qu\u2019ils en faisaient partie. Il ne s\u2019agissait pas juste d\u2019une simple promenade comme l\u2019ont pr\u00e9tendu certains. Cette excursion, cette \u00abpromenade\u00bb c\u2019\u00e9tait un retour \u00e0 la patrie.<\/p>\n<p><strong><em>Vous semblez attacher une importance particuli\u00e8re \u00e0 la m\u00e9moire affective, vous rappelez-vous les \u00e9motions qui ont marqu\u00e9 votre propre enfance? <\/em><\/strong>La m\u00e9moire n\u2019est pas seulement virtuelle. Pour alimenter le souvenir, on doit toucher quelque chose de concret\u2026 Qu\u2019est-ce qui reste de l\u2019enfance? Le quotidien? Non, une couleur, une odeur, une saveur, un jour particulier, une promenade qui ont g\u00e9n\u00e9r\u00e9 une \u00e9motion. Ce qui reste de mon enfance? Des moments parfois tristes et souvent joyeux. Des f\u00eates, je me rappelle la place des balan\u00e7oires, du c\u00f4t\u00e9 du Khan el Franj. On y trouvait les vendeurs de maallal et de cornichons \u00e0 la moutarde, qui avaient ce go\u00fbt si particulier, cela aussi nourrit la m\u00e9moire.<\/p>\n<p>Je me rappelle surtout la visite \u00e0 notre \u00e9cole, du pr\u00e9sident du S\u00e9n\u00e9gal, le grand po\u00e8te L\u00e9opold S\u00e9dar Senghor. Et \u00e9galement les visites familiales traditionnelles, qui se font bien rares aujourd&rsquo;hui.\u00a0Comment alors rattacher l&rsquo;enfant \u00e0 son environnement? Fondamentalement, par le biais de programmes parascolaires, qui r\u00e9tablissent ce lien et \u00e9difient sa m\u00e9moire.<\/p>\n<p><strong><em>En quoi consistent les grandes lignes de <\/em><\/strong><strong>ce <em>programme? <\/em><\/strong>Les \u00e9l\u00e8ves des classes secondaires sont invit\u00e9s \u00e0 \u00abadopter\u00bb un site historique ou g\u00e9ographique du Liban. Un an durant, ils y consacreront des recherches, r\u00e9aliseront des statistiques, des photos et pr\u00e9senteront une exposition en fin d&rsquo;ann\u00e9e.\u00a0Ce programme est d\u00e9j\u00e0 adopt\u00e9 dans les \u00e9coles du Sud, au Nord, \u00e0 Tripoli et \u00e0 Byblos &#8230;<\/p>\n<p>Nous sommes confiants qu&rsquo;il sera bient\u00f4t adopt\u00e9 par l&rsquo;Association nationale des sites historiques class\u00e9s ou en voie d&rsquo;\u00eatre class\u00e9s, que nous avons fond\u00e9e et inaugur\u00e9e en pr\u00e9sence du ministre de la Culture.<\/p>\n<p><strong><em>Avez-vous d\u00e9j\u00e0 per\u00e7u une prise de conscience de la part des jeunes? <\/em><\/strong>Et comment! L&rsquo;\u00e9t\u00e9 dernier, j&rsquo;ai m\u00eame confi\u00e9 \u00e0 des enfants la restauration de vestiges des quartiers historiques durant la saison d&rsquo;\u00e9t\u00e9. Ils ont d\u00e9poussi\u00e9r\u00e9 et nettoy\u00e9 de vieilles pierres et ils ont ador\u00e9 \u00e7a. De m\u00eame, des enfants se sont improvis\u00e9s guides pour les d\u00e9l\u00e9gations en visite \u00e0 Sa\u00efda. Croyez-moi, \u00e0 pr\u00e9sent, ils en savent bien long sur leur patrimoine, et ils en sont tr\u00e8s fiers. Et n&rsquo;oublions pas le tr\u00e8s dynamique Conseil Municipal des Enfants, le mouvement pour la renaissance du folklore. Vous verrez souvent 600 \u00e0 700 enfants se d\u00e9placer en bus, d&rsquo;une r\u00e9gion \u00e0 l&rsquo;autre, pour pr\u00e9senter un spectacle de danse populaire. La sp\u00e9cificit\u00e9, la pr\u00e9servation de l&rsquo;identit\u00e9 de la m\u00e9moire de la nation, c&rsquo;est notre mission qui rejoint les principes m\u00eames pr\u00f4n\u00e9s par l&rsquo;Unesco. Ces programmes concrets mettent \u00e9coles priv\u00e9es et \u00e9coles publiques \u00e0 \u00e9galit\u00e9. Ils fusionnent les enfants dans un m\u00eame creuset qui est le patrimoine. Aux orphelins sont offerts fournitures et uniformes \u00e0 m\u00eame titre que les autres \u00e9coliers, afin que les&rsquo; plus d\u00e9munis ne tiennent rancune \u00e0 la soci\u00e9t\u00e9 et que soit instaur\u00e9e \u00e0 l&rsquo;avenir la paix sociale.<\/p>\n<p>Nous envisageons d&rsquo;autres projets qui mobiliseront les \u00e9tudiants: un parc, un jardin, un puits art\u00e9sien au Sud &#8211; Liban. Je souhaite que ces projets s&rsquo;\u00e9tendront un jour \u00e0 tout le pays et que les jeunes \u00e9migr\u00e9s y participeront ou encore des \u00e9trangers dans le cadre de jumelages. Il est important que les jeunes du monde entier se rencontrent. Et je ne manque jamais d&rsquo;envoyer des jeunes libanais aux grands rassemblements de la jeunesse.<\/p>\n<p><strong><em>Vous \u0153uvr<\/em><\/strong><strong><em>ez \u00e9<\/em><\/strong><strong><em>galeme<\/em><\/strong><strong><em>n<\/em><\/strong><strong><em>t et<\/em><\/strong><strong> <em>avec le m\u00eame dyna<\/em><\/strong><strong><em>mism<\/em><\/strong><strong><em>e pou<\/em><\/strong><strong><em>r l&rsquo;<\/em><\/strong><strong><em>am\u00e9lioration <\/em><\/strong><strong><em>de la condition f\u00e9minine dans le monde arabe. Vous \u00eates <\/em><\/strong><strong><em>\u00e0 <\/em><\/strong><strong><em>cet<\/em><\/strong><strong> <em>\u00e9gard l&rsquo;instigatrice du Sommet du Caire<\/em><\/strong><strong><em>.\u00a0<\/em><\/strong><strong><em>Justement<\/em><\/strong><strong>, <em>pourquoi avoir chois<\/em><\/strong><strong><em>i <\/em><\/strong><strong><em>cette<\/em><\/strong><strong> <em>d\u00e9nomination de <\/em><em>\u00absommet\u00bb<\/em> <em>pour la premi\u00e8re rencontre de la Femme<\/em> <em>arabe <\/em><\/strong><strong><em>au<\/em><\/strong> <strong><em>Caire? <\/em><\/strong>Une r\u00e9union de Premi\u00e8res dames est d\u00e9j\u00e0 par d\u00e9finition une rencontre \u00abau sommet\u00bb. Pr\u00e9sidentes de mouvements f\u00e9minins pour la plupart, elles dirigent leurs propres projets, jouissent d&rsquo;une certaine libert\u00e9 d&rsquo;action et sont proches du pouvoir. Leur pr\u00e9sence au sommet lui conf\u00e8re donc une connotation \u00abl\u00e9gale\u00bb, \u00abofficielle\u00bb, et facilite l&rsquo;ex\u00e9cution ult\u00e9rieure des recommandations et d\u00e9cisions. Notre objectif \u00e9tait non seulement de rassembler activistes et pionni\u00e8res mais de leur fournir une tribune, une rampe de lancement, de leur d\u00e9blayer le chemin vers le succ\u00e8s de leurs entreprises. Couverture m\u00e9diatique et participation internationale record: notre sommet a en effet retenu l&rsquo;attention du monde entier, parce qu&rsquo;il est in\u00e9dit. C&rsquo;est en effet la toute premi\u00e8re initiative lanc\u00e9e par la Femme du monde arabe et nous devons en \u00eatre fi\u00e8res.<\/p>\n<p>Nous n&rsquo;avons pas l&rsquo;intention de nous replier sur nous-m\u00eames mais d&rsquo;exposer au monde nos propres exp\u00e9riences, de provoquer l&rsquo;\u00e9v\u00e9nement. D&rsquo;ordinaire, ce sont les organisations internationales qui nous invitent en qualit\u00e9 de participantes. Nous ne nous \u00e9tions jamais r\u00e9unies seules sans recommandation, ni tutelle. L&rsquo;initiative du Liban \u00e0 travers la Fondation Hariri a permis de rassembler pour la premi\u00e8re fois les femmes arabes.<\/p>\n<p><a href=\"http:\/\/www.prestigemag.co\/wp-content\/uploads\/2015\/05\/Bahia-Hariri0.jpg\"><img src=\"data:image\/svg+xml,%3Csvg%20xmlns='http:\/\/www.w3.org\/2000\/svg'%20viewBox='0%200%2053%%20247'%3E%3C\/svg%3E\" class=\"zeen-lazy-load-base zeen-lazy-load alignnone  wp-image-5142\" data-lazy-src=\"http:\/\/www.prestigemag.co\/wp-content\/uploads\/2015\/05\/Bahia-Hariri0.jpg\" alt=\"Bahia Hariri0\" width=\"53%\" data-lazy-srcset=\"https:\/\/www.prestigemag.co\/wp-content\/uploads\/2015\/05\/Bahia-Hariri0.jpg 871w, https:\/\/www.prestigemag.co\/wp-content\/uploads\/2015\/05\/Bahia-Hariri0-300x226.jpg 300w, https:\/\/www.prestigemag.co\/wp-content\/uploads\/2015\/05\/Bahia-Hariri0-150x113.jpg 150w, https:\/\/www.prestigemag.co\/wp-content\/uploads\/2015\/05\/Bahia-Hariri0-498x375.jpg 498w, https:\/\/www.prestigemag.co\/wp-content\/uploads\/2015\/05\/Bahia-Hariri0-166x125.jpg 166w, https:\/\/www.prestigemag.co\/wp-content\/uploads\/2015\/05\/Bahia-Hariri0-89x67.jpg 89w\" data-lazy-sizes=\"(max-width: 871px) 100vw, 871px\" \/><noscript><img class=\"alignnone  wp-image-5142\" src=\"http:\/\/www.prestigemag.co\/wp-content\/uploads\/2015\/05\/Bahia-Hariri0.jpg\" alt=\"Bahia Hariri0\" width=\"53%\" srcset=\"https:\/\/www.prestigemag.co\/wp-content\/uploads\/2015\/05\/Bahia-Hariri0.jpg 871w, https:\/\/www.prestigemag.co\/wp-content\/uploads\/2015\/05\/Bahia-Hariri0-300x226.jpg 300w, https:\/\/www.prestigemag.co\/wp-content\/uploads\/2015\/05\/Bahia-Hariri0-150x113.jpg 150w, https:\/\/www.prestigemag.co\/wp-content\/uploads\/2015\/05\/Bahia-Hariri0-498x375.jpg 498w, https:\/\/www.prestigemag.co\/wp-content\/uploads\/2015\/05\/Bahia-Hariri0-166x125.jpg 166w, https:\/\/www.prestigemag.co\/wp-content\/uploads\/2015\/05\/Bahia-Hariri0-89x67.jpg 89w\" sizes=\"(max-width: 871px) 100vw, 871px\" \/><\/noscript><\/a><\/p>\n<p>Au sommet de la femme arabe avec SM Rania de Jordanie et sa fille Ghina.\u00a0\u00a9 Archives Bahia Hariri<\/p>\n<h3>Bahia. Hariri n&rsquo;oubliera jamais ses anciennes amiti\u00e9s&#8230; ni ses professeurs, \u00e0 qui elle rendra hommage \u00e0 plus d&rsquo;une occasion. Ce fut le cas pour Ang\u00e9lique Saliba, la directrice de son \u00e9cole, qu&rsquo;elle tiendra \u00e0 convier \u00e0 l&rsquo;Unesco &#8230;<\/h3>\n<h3><a href=\"http:\/\/www.prestigemag.co\/wp-content\/uploads\/2015\/05\/Bahia-Hariri1.jpg\"><img src=\"data:image\/svg+xml,%3Csvg%20xmlns='http:\/\/www.w3.org\/2000\/svg'%20viewBox='0%200%2051%%20247'%3E%3C\/svg%3E\" class=\"zeen-lazy-load-base zeen-lazy-load alignnone  wp-image-5143\" data-lazy-src=\"http:\/\/www.prestigemag.co\/wp-content\/uploads\/2015\/05\/Bahia-Hariri1.jpg\" alt=\"Bahia Hariri1\" width=\"51%\" data-lazy-srcset=\"https:\/\/www.prestigemag.co\/wp-content\/uploads\/2015\/05\/Bahia-Hariri1.jpg 712w, https:\/\/www.prestigemag.co\/wp-content\/uploads\/2015\/05\/Bahia-Hariri1-300x263.jpg 300w, https:\/\/www.prestigemag.co\/wp-content\/uploads\/2015\/05\/Bahia-Hariri1-150x131.jpg 150w, https:\/\/www.prestigemag.co\/wp-content\/uploads\/2015\/05\/Bahia-Hariri1-428x375.jpg 428w, https:\/\/www.prestigemag.co\/wp-content\/uploads\/2015\/05\/Bahia-Hariri1-143x125.jpg 143w, https:\/\/www.prestigemag.co\/wp-content\/uploads\/2015\/05\/Bahia-Hariri1-76x67.jpg 76w\" data-lazy-sizes=\"(max-width: 712px) 100vw, 712px\" \/><noscript><img class=\"alignnone  wp-image-5143\" src=\"http:\/\/www.prestigemag.co\/wp-content\/uploads\/2015\/05\/Bahia-Hariri1.jpg\" alt=\"Bahia Hariri1\" width=\"51%\" srcset=\"https:\/\/www.prestigemag.co\/wp-content\/uploads\/2015\/05\/Bahia-Hariri1.jpg 712w, https:\/\/www.prestigemag.co\/wp-content\/uploads\/2015\/05\/Bahia-Hariri1-300x263.jpg 300w, https:\/\/www.prestigemag.co\/wp-content\/uploads\/2015\/05\/Bahia-Hariri1-150x131.jpg 150w, https:\/\/www.prestigemag.co\/wp-content\/uploads\/2015\/05\/Bahia-Hariri1-428x375.jpg 428w, https:\/\/www.prestigemag.co\/wp-content\/uploads\/2015\/05\/Bahia-Hariri1-143x125.jpg 143w, https:\/\/www.prestigemag.co\/wp-content\/uploads\/2015\/05\/Bahia-Hariri1-76x67.jpg 76w\" sizes=\"(max-width: 712px) 100vw, 712px\" \/><\/noscript><\/a><\/h3>\n<p>Avec Ang\u00e9lique Saliba, ancienne directrice de l&rsquo;\u00e9cole o\u00f9 la d\u00e9put\u00e9e fit ses premi\u00e8res \u00e9tudes.\u00a0\u00a9 Archives Bahia Hariri<\/p>\n<p><strong><em>En qu<\/em><\/strong><strong><em>oi ce sommet<\/em><\/strong><strong> <em>a<\/em><\/strong><strong><em>llait<\/em><\/strong><strong><em>&#8211;<\/em><\/strong><strong><em>il faire la diff\u00e9re<\/em><\/strong><strong><em>nce? <\/em><\/strong>Je tenais \u00e0 ce que cette rencontre refl\u00e8te la r\u00e9alit\u00e9 des faits. Il y avait d\u00e9j\u00e0 eu de nombreuses conf\u00e9rences et leurs organisateurs ont beaucoup de m\u00e9rite. Elles ne menaient pas toutefois \u00e0 grand-chose: j&rsquo;ai \u00e9t\u00e9 souvent invit\u00e9e \u00e0 relater mon exp\u00e9rience politique et au fil de ces conf\u00e9rences, je me suis rendu compte que cela ne d\u00e9bouchait \u00e0 rien. On pronon\u00e7ait son mot, on rangeait ses affaires, puis on partait chacune de son c\u00f4t\u00e9. Ce qui avait \u00e9t\u00e9 dit \u00e9tait aussit\u00f4t oubli\u00e9.\u00a0Je r\u00e9alisais qu&rsquo;\u00e0 partir de ma position, je pouvais faire bouger-les choses. Il \u00e9tait essentiel \u00e0 mes yeux d&rsquo;envisager un statut collectif, d&rsquo;unifier notre cause, de mettre en lumi\u00e8re les questions d&rsquo;actualit\u00e9, de \u00abpenser\u00bb d\u00e9sormais sur un plan international.<\/p>\n<p><strong><em>Au Sommet<\/em><\/strong><strong> <em>de Beijing, la participa<\/em><\/strong><strong><em>tion <\/em><\/strong><strong><em>f\u00e9minine arabe \u00e9tait tout de m\u00ea<\/em><\/strong><strong><em>me<\/em><\/strong> <strong><em>remarquable &#8230; <\/em><\/strong>Mais voil\u00e0, nous n&rsquo;avions pas une seule motion unifi\u00e9e \u00e0 pr\u00e9senter de la part de tous les pays arabes. Nous ne l&rsquo;avions jamais fait auparavant. Il fallait donc envisager le prochain sommet de Beijing, \u00e9tablir des contacts. Nous avons commenc\u00e9 les pr\u00e9paratifs. Notre sommet s&rsquo;est tenu sous l&rsquo;\u00e9gide officielle de la Ligue Arabe. Le pays h\u00f4te, le plus peupl\u00e9 du monde arabe, \u00e9tant l&rsquo;Egypte, sa Premi\u00e8re dame s&rsquo;est vu naturellement confier la pr\u00e9sidence du Sommet.<\/p>\n<p>Suzanne Moubarak: a beaucoup contribu\u00e9 \u00e0 la r\u00e9ussite du Sommet. Ses r\u00e9sultats ont \u00e9t\u00e9 tr\u00e8s satisfaisants, et les d\u00e9cisions prises se &lsquo;fondaient sur les r\u00e9alit\u00e9s du monde arabe.\u00a0Les comit\u00e9s de pr\u00e9paration se sont remis \u00e0 l&rsquo;\u0153uvre: la Ligue Arabe, le Conseil Populaire d&rsquo;Egypte, la Fondation Hariri; et bient\u00f4t la Commission pour les affaires de la Femme au sein de l&rsquo;Union parlementaire arabe.<\/p>\n<h3><em>\u00abJe dois beaucoup <\/em><em>\u00e0 ma famille <\/em><em>qui m&rsquo;a o<\/em><em>r<\/em><em>ie<\/em><em>nt\u00e9e, <\/em><em>m&rsquo;<\/em><em>a soutenue et m&rsquo;a appris le res<\/em><em>pect d<\/em><em>e<\/em><em>s <\/em><em>a<\/em><em>utr<\/em><em>e<\/em><em>s<\/em><em>\u00bb <\/em><\/h3>\n<p>La r\u00e9sultante de leurs efforts contribuera \u00e0 cr\u00e9er un r\u00e9seau de communication entre les Etats, les soci\u00e9t\u00e9s, les peuples, les pionni\u00e8res dans le monde arabe, \u00e0 assurer les liaisons avec les ONG, \u00e0 r\u00e9unir et \u00e0 fusionner toutes les \u00e9tudes, analyses et statistiques relatives \u00e0 la femme arabe. C&rsquo;est le comit\u00e9 qui d\u00e9finit \u00e9galement les th\u00e8mes des ateliers de travail de l&rsquo;ann\u00e9e en cours, conf\u00e9rences \u00e0 petite \u00e9chelle, qui \u00abtissent\u00bb autour du sommet.<\/p>\n<p><strong><em>Comment avez-vous r\u00e9ussi <\/em><\/strong><strong>\u00e0 <\/strong><strong>concr\u00e9<em>tiser votre id\u00e9e en un temps relativement court<\/em>? <\/strong>Il \u00e9tait indispensable d&rsquo;organiser un sommet, avec le d\u00e9but du nouveau mill\u00e9naire, de se retrouver pour discuter ensemble des questions communes.\u00a0L&rsquo;id\u00e9e a germ\u00e9 \u00e0 la Conf\u00e9rence de Tunisie.<\/p>\n<p>Je l&rsquo;ai propos\u00e9e aux Premi\u00e8res dames dont SM la reine Rania, nous nous sommes vite aper\u00e7ues que nous partagions toutes les m\u00eames pr\u00e9occupations. Pour nous ouvrir vers le monde, nous devions d&rsquo;abord nous concerter, surmonter les obstacles et les contradictions, \u00e9changer nos exp\u00e9riences, adopter des recommandations en vue de les appliquer dans les pays respectifs suivant les sp\u00e9cificit\u00e9s de chacun, de la mani\u00e8re la plus ad\u00e9quate, ind\u00e9pendamment des r\u00e9gimes au pouvoir. Notre souci restant de parvenir, dans la mesure de nos capacit\u00e9s, \u00e0 stimuler la population civile et tenter des exp\u00e9riences qui seront b\u00e9n\u00e9fiques pour la femme, et de l\u00e0, pour la soci\u00e9t\u00e9.<\/p>\n<p><strong><em>L\u2019information et<\/em><\/strong><strong> <em>la Femme, un<\/em> <em>th\u00e8me que vous avez r\u00e9cemment<\/em> <em>soulev\u00e9 <\/em><\/strong><strong><em>&#8230;<\/em><\/strong>L&rsquo;image de la femme arabe est tr\u00e8s souvent fauss\u00e9e par les m\u00e9dias, qui la d\u00e9crivent comme analphab\u00e8te, r\u00e9trograde, oisive. L&rsquo;Information (en particulier visuelle et de communication comme Internet) doit intervenir pour rectifier cette id\u00e9e de la femme. Dans les pays d&rsquo;expansion, Br\u00e9sil, Canada&#8230; il existe des associations de femmes d&rsquo;origine arabe tr\u00e8s dynamiques.\u00a0Elles \u00e9taient ravies d&rsquo;\u00eatre convi\u00e9es au Sommet. C&rsquo;\u00e9tait bien la premi\u00e8re fois qu&rsquo;elles recevaient un appel d&rsquo;une instance arabe.<\/p>\n<p><a href=\"http:\/\/www.prestigemag.co\/wp-content\/uploads\/2015\/05\/Bahia-Hariri4.jpg\"><img src=\"data:image\/svg+xml,%3Csvg%20xmlns='http:\/\/www.w3.org\/2000\/svg'%20viewBox='0%200%2070%%20247'%3E%3C\/svg%3E\" class=\"zeen-lazy-load-base zeen-lazy-load alignnone  wp-image-5144\" data-lazy-src=\"http:\/\/www.prestigemag.co\/wp-content\/uploads\/2015\/05\/Bahia-Hariri4-1024x768.jpg\" alt=\"Bahia Hariri4\" width=\"70%\" data-lazy-srcset=\"https:\/\/www.prestigemag.co\/wp-content\/uploads\/2015\/05\/Bahia-Hariri4-1024x768.jpg 1024w, https:\/\/www.prestigemag.co\/wp-content\/uploads\/2015\/05\/Bahia-Hariri4-300x225.jpg 300w, https:\/\/www.prestigemag.co\/wp-content\/uploads\/2015\/05\/Bahia-Hariri4-640x480.jpg 640w, https:\/\/www.prestigemag.co\/wp-content\/uploads\/2015\/05\/Bahia-Hariri4-150x112.jpg 150w, https:\/\/www.prestigemag.co\/wp-content\/uploads\/2015\/05\/Bahia-Hariri4-500x375.jpg 500w, https:\/\/www.prestigemag.co\/wp-content\/uploads\/2015\/05\/Bahia-Hariri4-167x125.jpg 167w, https:\/\/www.prestigemag.co\/wp-content\/uploads\/2015\/05\/Bahia-Hariri4-89x67.jpg 89w, https:\/\/www.prestigemag.co\/wp-content\/uploads\/2015\/05\/Bahia-Hariri4.jpg 1275w\" data-lazy-sizes=\"(max-width: 1024px) 100vw, 1024px\" \/><noscript><img class=\"alignnone  wp-image-5144\" src=\"http:\/\/www.prestigemag.co\/wp-content\/uploads\/2015\/05\/Bahia-Hariri4-1024x768.jpg\" alt=\"Bahia Hariri4\" width=\"70%\" srcset=\"https:\/\/www.prestigemag.co\/wp-content\/uploads\/2015\/05\/Bahia-Hariri4-1024x768.jpg 1024w, https:\/\/www.prestigemag.co\/wp-content\/uploads\/2015\/05\/Bahia-Hariri4-300x225.jpg 300w, https:\/\/www.prestigemag.co\/wp-content\/uploads\/2015\/05\/Bahia-Hariri4-640x480.jpg 640w, https:\/\/www.prestigemag.co\/wp-content\/uploads\/2015\/05\/Bahia-Hariri4-150x112.jpg 150w, https:\/\/www.prestigemag.co\/wp-content\/uploads\/2015\/05\/Bahia-Hariri4-500x375.jpg 500w, https:\/\/www.prestigemag.co\/wp-content\/uploads\/2015\/05\/Bahia-Hariri4-167x125.jpg 167w, https:\/\/www.prestigemag.co\/wp-content\/uploads\/2015\/05\/Bahia-Hariri4-89x67.jpg 89w, https:\/\/www.prestigemag.co\/wp-content\/uploads\/2015\/05\/Bahia-Hariri4.jpg 1275w\" sizes=\"(max-width: 1024px) 100vw, 1024px\" \/><\/noscript><\/a><\/p>\n<p>Avec le Premier ministre Rafik Hariri.\u00a0\u00a9 Archives Bahia Hariri<\/p>\n<p><strong><em>Mais la condition de<\/em><\/strong><strong> <em>la Femme<\/em> <em>n<\/em><\/strong><strong><em>&lsquo;<\/em><\/strong><strong><em>e<\/em><\/strong><strong><em>st <\/em><\/strong><strong><em>pas la <\/em><\/strong><strong>m\u00eame <em>dans tous les pa<\/em><\/strong><strong><em>ys <\/em><\/strong><strong><em>arabes<\/em><\/strong><em>. <\/em>Pas tout \u00e0 fait la m\u00eame, certes.<\/p>\n<p>Il y a toutefois de nombreux points communs entre toutes les femmes du monde arabe. Je prends \u00e0 titre d&rsquo;exemple celles du Golfe. Nous consid\u00e9rons \u00eatre \u00e9mancip\u00e9es, alors que notre modernisme se limite au mode de vie et \u00e0 l&rsquo;apparence&#8230; Les femmes du Golfe travaillent sans toucher \u00e0 leurs coutumes, re\u00e7oivent une \u00e9ducation, se lancent dans la vie professionnelle et ont m\u00eame fond\u00e9 l&rsquo;Association des femmes\u00a0d&rsquo;affaires arabes! Il est vrai que dans certains pays la femme n&rsquo;a pas le droit de conduire, mais ce n&rsquo;est pas la fin du monde, elle parvient \u00e0 travailler, elle prot\u00e8ge sa soci\u00e9t\u00e9. Ces femmes-l\u00e0 sont aussi pionni\u00e8res dans un certain sens, mais voil\u00e0, on sait si peu d&rsquo;elles. L&rsquo;objectif du Sommet c&rsquo;\u00e9tait aussi de \u00abfaire connaissance\u00bb. Avant de pr\u00e9senter une image de la femme arabe \u00e0 la soci\u00e9t\u00e9 occidentale, il fallait d&rsquo;abord que nous la cernions nous-m\u00eames!<\/p>\n<p><a href=\"http:\/\/www.prestigemag.co\/wp-content\/uploads\/2015\/05\/Bahia-Hariri5.jpg\"><img src=\"data:image\/svg+xml,%3Csvg%20xmlns='http:\/\/www.w3.org\/2000\/svg'%20viewBox='0%200%2067%%20247'%3E%3C\/svg%3E\" class=\"zeen-lazy-load-base zeen-lazy-load alignnone  wp-image-5145\" data-lazy-src=\"http:\/\/www.prestigemag.co\/wp-content\/uploads\/2015\/05\/Bahia-Hariri5-1024x653.jpg\" alt=\"Bahia Hariri5\" width=\"67%\" data-lazy-srcset=\"https:\/\/www.prestigemag.co\/wp-content\/uploads\/2015\/05\/Bahia-Hariri5-1024x653.jpg 1024w, https:\/\/www.prestigemag.co\/wp-content\/uploads\/2015\/05\/Bahia-Hariri5-300x191.jpg 300w, https:\/\/www.prestigemag.co\/wp-content\/uploads\/2015\/05\/Bahia-Hariri5-150x96.jpg 150w, https:\/\/www.prestigemag.co\/wp-content\/uploads\/2015\/05\/Bahia-Hariri5-588x375.jpg 588w, https:\/\/www.prestigemag.co\/wp-content\/uploads\/2015\/05\/Bahia-Hariri5-196x125.jpg 196w, https:\/\/www.prestigemag.co\/wp-content\/uploads\/2015\/05\/Bahia-Hariri5-105x67.jpg 105w, https:\/\/www.prestigemag.co\/wp-content\/uploads\/2015\/05\/Bahia-Hariri5.jpg 1685w\" data-lazy-sizes=\"(max-width: 1024px) 100vw, 1024px\" \/><noscript><img class=\"alignnone  wp-image-5145\" src=\"http:\/\/www.prestigemag.co\/wp-content\/uploads\/2015\/05\/Bahia-Hariri5-1024x653.jpg\" alt=\"Bahia Hariri5\" width=\"67%\" srcset=\"https:\/\/www.prestigemag.co\/wp-content\/uploads\/2015\/05\/Bahia-Hariri5-1024x653.jpg 1024w, https:\/\/www.prestigemag.co\/wp-content\/uploads\/2015\/05\/Bahia-Hariri5-300x191.jpg 300w, https:\/\/www.prestigemag.co\/wp-content\/uploads\/2015\/05\/Bahia-Hariri5-150x96.jpg 150w, https:\/\/www.prestigemag.co\/wp-content\/uploads\/2015\/05\/Bahia-Hariri5-588x375.jpg 588w, https:\/\/www.prestigemag.co\/wp-content\/uploads\/2015\/05\/Bahia-Hariri5-196x125.jpg 196w, https:\/\/www.prestigemag.co\/wp-content\/uploads\/2015\/05\/Bahia-Hariri5-105x67.jpg 105w, https:\/\/www.prestigemag.co\/wp-content\/uploads\/2015\/05\/Bahia-Hariri5.jpg 1685w\" sizes=\"(max-width: 1024px) 100vw, 1024px\" \/><\/noscript><\/a><\/p>\n<p>En famille, le p\u00e8lerinage \u00e0 la Mecque.\u00a0\u00a9 Archives Bahia Hariri<\/p>\n<p><strong><em>En termes concrets, comment la femme b\u00e9n\u00e9ficiera-t-elle <\/em><\/strong><strong>des <\/strong><strong><em>d\u00e9cisions et recommandations <\/em><\/strong><strong>de ce <\/strong><strong><em>sommet? <\/em><\/strong>Tout d&rsquo;abord, par le programme de lutte contre l&rsquo;analphab\u00e9tisme. A en croire les statistiques, 45 millions de m\u00e8res dans le monde arabe ne savent ni lire ni \u00e9crire.<\/p>\n<p>Parall\u00e8lement, nous \u00e9laborons un projet fondamental pour \u00e9radiquer l&rsquo;ignorance technologique chez la m\u00e8re, ce qui lui permettra d&rsquo;instaurer un nouveau \u00abdialogue\u00bb avec ses enfants. Et pourquoi chaque pays devrait-il tenter s\u00e9par\u00e9ment de r\u00e9aliser des projets individuels alors qu&rsquo;il peut adopter un plan prototype? C&rsquo;est l&rsquo;importance de l&rsquo;effort collectif pour un projet unifi\u00e9, complet, global. Nous projetons aussi un accroissement de la productivit\u00e9 de, la femme dans chaque pays, car son apport \u00e0 la production ne constitue pas 18% de l&rsquo;ensemble de la population. Elle pourra \u00eatre form\u00e9e \u00e0 un m\u00e9tier et accro\u00eetre son potentiel productif \u00e0 partir de son foyer. A l&rsquo;heure actuelle, il y a financement d&rsquo;un pareil projet mais il\u00a0n&rsquo;est pas efficace puisqu&rsquo;il reste restreint.<\/p>\n<p><strong><em>A<\/em><\/strong> <strong><em>l&rsquo;issue <\/em><\/strong><strong><em>du<\/em><\/strong> <strong><em>Sommet, vous avez <\/em><\/strong><strong><em>d\u00e9cr\u00e9t\u00e9<\/em><\/strong> <strong><em>le premier f\u00e9vrier <\/em><\/strong><strong><em>Journ\u00e9e<\/em><\/strong><strong> <em>de<\/em> <\/strong><strong><em>la Femme Arabe, quelle <\/em><\/strong><strong><em>en<\/em><\/strong> <strong><em>est la por<\/em><\/strong><strong>t\u00e9e <\/strong><strong><em>symbolique? <\/em><\/strong>Cette Journ\u00e9e adopt\u00e9e par la Ligue Arabe et l&rsquo;Union parlementaire arabe sera c\u00e9l\u00e9br\u00e9e tous les ans. Cette journ\u00e9e sera \u00e9galement marqu\u00e9e dans chaque nation arabe par diverses manifestations et des comp\u00e9titions, pour en faire \u00e0 juste titre un jour-\u00e9v\u00e9nement.<\/p>\n<p><a href=\"http:\/\/www.prestigemag.co\/wp-content\/uploads\/2015\/05\/Bahia-Hariri.jpg\"><img src=\"data:image\/svg+xml,%3Csvg%20xmlns='http:\/\/www.w3.org\/2000\/svg'%20viewBox='0%200%2070%%20247'%3E%3C\/svg%3E\" class=\"zeen-lazy-load-base zeen-lazy-load alignnone  wp-image-5146\" data-lazy-src=\"http:\/\/www.prestigemag.co\/wp-content\/uploads\/2015\/05\/Bahia-Hariri.jpg\" alt=\"Bahia Hariri\" width=\"70%\" data-lazy-srcset=\"https:\/\/www.prestigemag.co\/wp-content\/uploads\/2015\/05\/Bahia-Hariri.jpg 911w, https:\/\/www.prestigemag.co\/wp-content\/uploads\/2015\/05\/Bahia-Hariri-300x217.jpg 300w, https:\/\/www.prestigemag.co\/wp-content\/uploads\/2015\/05\/Bahia-Hariri-150x109.jpg 150w, https:\/\/www.prestigemag.co\/wp-content\/uploads\/2015\/05\/Bahia-Hariri-518x375.jpg 518w, https:\/\/www.prestigemag.co\/wp-content\/uploads\/2015\/05\/Bahia-Hariri-173x125.jpg 173w, https:\/\/www.prestigemag.co\/wp-content\/uploads\/2015\/05\/Bahia-Hariri-93x67.jpg 93w\" data-lazy-sizes=\"(max-width: 911px) 100vw, 911px\" \/><noscript><img class=\"alignnone  wp-image-5146\" src=\"http:\/\/www.prestigemag.co\/wp-content\/uploads\/2015\/05\/Bahia-Hariri.jpg\" alt=\"Bahia Hariri\" width=\"70%\" srcset=\"https:\/\/www.prestigemag.co\/wp-content\/uploads\/2015\/05\/Bahia-Hariri.jpg 911w, https:\/\/www.prestigemag.co\/wp-content\/uploads\/2015\/05\/Bahia-Hariri-300x217.jpg 300w, https:\/\/www.prestigemag.co\/wp-content\/uploads\/2015\/05\/Bahia-Hariri-150x109.jpg 150w, https:\/\/www.prestigemag.co\/wp-content\/uploads\/2015\/05\/Bahia-Hariri-518x375.jpg 518w, https:\/\/www.prestigemag.co\/wp-content\/uploads\/2015\/05\/Bahia-Hariri-173x125.jpg 173w, https:\/\/www.prestigemag.co\/wp-content\/uploads\/2015\/05\/Bahia-Hariri-93x67.jpg 93w\" sizes=\"(max-width: 911px) 100vw, 911px\" \/><\/noscript><\/a><\/p>\n<p>Visite \u00e0 Sa Saintet\u00e9 le Pape.\u00a0\u00a9 Archives Bahia Hariri.<\/p>\n<p><strong><em>Vous avez \u00e9t\u00e9 tr\u00e8s \u00e9mue lorsque vous avez cit\u00e9 votre famille \u00e0 la c\u00e9r\u00e9monie d&rsquo;hommage de l&rsquo;Unesco.<br \/>\n<\/em><\/strong>Ma famille a beaucoup fait pour moi, mon mari et mes enfants ont toujours \u00e9t\u00e9 \u00e0 mes c\u00f4t\u00e9s, ils m&rsquo;ont toujours soutenue. Je n&rsquo;ai pas r\u00e9ussi par ma seule comp\u00e9tence, mais parce que mon p\u00e8re et ma m\u00e8re m&rsquo;ont accompagn\u00e9e, m&rsquo;ont \u00e9lev\u00e9e suivant des valeurs morales, des principes. Mes parents m&rsquo;ont inculqu\u00e9 le sens de la vie. Mes fr\u00e8res, en particulier Rafik, m&rsquo;ont aid\u00e9e \u00e0 me lancer dans la vie active, ils ont renforc\u00e9 ma confiance en moi, ils m&rsquo;ont confi\u00e9 des responsabilit\u00e9s, m&rsquo;ont soutenue, orient\u00e9e, \u00e9duqu\u00e9e avec une certaine rigueur. Bien que j&rsquo;\u00e9tais fille unique, j&rsquo;aurais pu \u00eatre g\u00e2t\u00e9e, profiter de ce statut privil\u00e9gi\u00e9, mais non, ils n&rsquo;ont pas h\u00e9sit\u00e9 \u00e0 me confier des responsabilit\u00e9s, \u00e0 me responsabiliser, ils m&rsquo;ont appris le respect du prochain. J&rsquo;\u00e9tais choy\u00e9e mais pas g\u00e2t\u00e9e. Mes fr\u00e8res et moi nous \u00e9tions amis, je me confiais \u00e0 eux. Lorsque la Fondation Hariri a initi\u00e9 ses activit\u00e9s, mon fr\u00e8re Rafik m&rsquo;en a confi\u00e9 la pr\u00e9sidence. Les bases \u00e9taient toutes neuves, j&rsquo;\u00e9tais inexp\u00e9riment\u00e9e, il m&rsquo;a laiss\u00e9e me d\u00e9brouiller toute seule. C&rsquo;\u00e9tait un grand d\u00e9fi \u00e0 relever &#8230; Ce soutien, je ne l&rsquo;oublierai pas. Chacune des \u00e9tapes franchies, je ne la dois pas uniquement \u00e0 mes comp\u00e9tences, je ne suis pas seul artisan de mon succ\u00e8s, j&rsquo;avoue avoir b\u00e9n\u00e9fici\u00e9 de meilleures circonstances que d&rsquo;autres personnes. Je me devais donc d&rsquo;\u00eatre \u00e0 la hauteur de la t\u00e2che que l&rsquo;on m&rsquo;a assign\u00e9e, de ma mission au sein du Parlement ou \u00e0 la pr\u00e9sidence de la Fondation. A un tel moment de ma vie publique, \u00e0 partir de cette tribune, je ne pouvais que citer ma famille et lui rendre hommage.<\/p>\n<p><a href=\"http:\/\/www.prestigemag.co\/wp-content\/uploads\/2015\/05\/Bahia-Hariri3.jpg\"><img src=\"data:image\/svg+xml,%3Csvg%20xmlns='http:\/\/www.w3.org\/2000\/svg'%20viewBox='0%200%2067%%20247'%3E%3C\/svg%3E\" class=\"zeen-lazy-load-base zeen-lazy-load alignnone  wp-image-5147\" data-lazy-src=\"http:\/\/www.prestigemag.co\/wp-content\/uploads\/2015\/05\/Bahia-Hariri3-1024x604.jpg\" alt=\"Bahia Hariri3\" width=\"67%\" data-lazy-srcset=\"https:\/\/www.prestigemag.co\/wp-content\/uploads\/2015\/05\/Bahia-Hariri3-1024x604.jpg 1024w, https:\/\/www.prestigemag.co\/wp-content\/uploads\/2015\/05\/Bahia-Hariri3-300x177.jpg 300w, https:\/\/www.prestigemag.co\/wp-content\/uploads\/2015\/05\/Bahia-Hariri3-150x89.jpg 150w, https:\/\/www.prestigemag.co\/wp-content\/uploads\/2015\/05\/Bahia-Hariri3-600x354.jpg 600w, https:\/\/www.prestigemag.co\/wp-content\/uploads\/2015\/05\/Bahia-Hariri3-212x125.jpg 212w, https:\/\/www.prestigemag.co\/wp-content\/uploads\/2015\/05\/Bahia-Hariri3-114x67.jpg 114w, https:\/\/www.prestigemag.co\/wp-content\/uploads\/2015\/05\/Bahia-Hariri3.jpg 1481w\" data-lazy-sizes=\"(max-width: 1024px) 100vw, 1024px\" \/><noscript><img class=\"alignnone  wp-image-5147\" src=\"http:\/\/www.prestigemag.co\/wp-content\/uploads\/2015\/05\/Bahia-Hariri3-1024x604.jpg\" alt=\"Bahia Hariri3\" width=\"67%\" srcset=\"https:\/\/www.prestigemag.co\/wp-content\/uploads\/2015\/05\/Bahia-Hariri3-1024x604.jpg 1024w, https:\/\/www.prestigemag.co\/wp-content\/uploads\/2015\/05\/Bahia-Hariri3-300x177.jpg 300w, https:\/\/www.prestigemag.co\/wp-content\/uploads\/2015\/05\/Bahia-Hariri3-150x89.jpg 150w, https:\/\/www.prestigemag.co\/wp-content\/uploads\/2015\/05\/Bahia-Hariri3-600x354.jpg 600w, https:\/\/www.prestigemag.co\/wp-content\/uploads\/2015\/05\/Bahia-Hariri3-212x125.jpg 212w, https:\/\/www.prestigemag.co\/wp-content\/uploads\/2015\/05\/Bahia-Hariri3-114x67.jpg 114w, https:\/\/www.prestigemag.co\/wp-content\/uploads\/2015\/05\/Bahia-Hariri3.jpg 1481w\" sizes=\"(max-width: 1024px) 100vw, 1024px\" \/><\/noscript><\/a><\/p>\n<p>Portrait de famille: Moustapha, Bahia, et leurs enfants: Ghina, Ahmed, Ola et Nader.\u00a0\u00a9 Archives Bahia Hariri<\/p>\n<p>C&rsquo;\u00e9tait naturel que les larmes me viennent aux yeux. Je suis tr\u00e8s attach\u00e9e \u00e0 ma famille. Derri\u00e8re mon apparence forte, j&rsquo;ai pourtant un c\u00f4t\u00e9 tendre. Le premier jour du Ramadan, le souvenir de mes parents me submerge, je visite le lieu o\u00f9 ils reposent. Mes parents avaient beaucoup de compassion pour les plus d\u00e9munis, ils aimaient se pencher sur les c\u0153urs en d\u00e9tresse. Ma m\u00e8re repose \u00e0 c\u00f4t\u00e9 d&rsquo;une maison de retraite pour le troisi\u00e8me \u00e2ge. Le premier jour du Ramadan, je suis entr\u00e9e chez ces vieux, je les ai \u00e9treints, je me suis enquis de leur sant\u00e9, j&rsquo;ai pleur\u00e9 aussi, je me suis \u00e9panch\u00e9e. Evoquer nos disparus, c&rsquo;est les faire vivre \u00e0 jamais. Ces souvenirs d&rsquo;enfance me donnent de l&rsquo;\u00e9nergie et le courage de continuer, ajoutent un suppl\u00e9ment d&rsquo;\u00e2me \u00e0 mon travail. Je garde le contact avec ma famille, j&rsquo;essaie de lui rendre visite le plus souvent possible. M\u00eame si un adulte peut affirmer son autonomie, au cr\u00e9puscule de sa vie, il aura besoin de l&rsquo;affection de ses proches.<\/p>\n<p>Je ne peux oublier que mes parents m&rsquo;ont \u00abarm\u00e9e\u00bb pour la vie, qu&rsquo;ils \u00e9taient le point de d\u00e9part de mon parcours humanitaire.<\/p>\n<p><strong><em>Propos recueillis par <\/em>MARCELLE NADIM<\/strong><\/p>\n","protected":false},"excerpt":{"rendered":"<p><em>Prestige N 92, Janvier 2001<\/em><br \/>D\u2019un naturel d\u00e9sarmant, personnage hors du commun, authentique, indissociable du paysage humanitaire, \u0153uvrant inlassablement et dans l\u2019ombre, telle une fourmi laborieuse, \u00e0 la renaissance de la Culture et la sauvegarde du Patrimoine, c\u00e9l\u00e8bre pour ses r\u00e9alisations et pourtant d\u2019une discr\u00e9tion exemplaire. Nous avons rencontr\u00e9 la d\u00e9put\u00e9e dans sa ville bien-aim\u00e9e, loin des feux des m\u00e9dias.<\/p>\n","protected":false},"author":3,"featured_media":0,"comment_status":"closed","ping_status":"closed","sticky":false,"template":"","format":"standard","meta":[],"categories":[13331],"tags":[],"yoast_head":"<!-- This site is optimized with the Yoast SEO plugin v19.4 - https:\/\/yoast.com\/wordpress\/plugins\/seo\/ -->\n<title>Bahia Hariri - Prestige Magazine<\/title>\n<meta name=\"description\" content=\"Prestige N 92, Janvier 2001D\u2019un naturel d\u00e9sarmant, personnage hors du commun, authentique, indissociable du paysage humanitaire, \u0153uvrant inlassablement et dans l\u2019ombre, telle une fourmi laborieuse, \u00e0 la renaissance de la Culture et la sauvegarde du Patrimoine, c\u00e9l\u00e8bre pour ses r\u00e9alisations et pourtant d\u2019une discr\u00e9tion exemplaire. Nous avons rencontr\u00e9 la d\u00e9put\u00e9e dans sa ville bien-aim\u00e9e, loin des feux des m\u00e9dias.\" \/>\n<meta name=\"robots\" content=\"index, follow, max-snippet:-1, max-image-preview:large, max-video-preview:-1\" \/>\n<link rel=\"canonical\" href=\"https:\/\/www.prestigemag.co\/fr\/2015\/05\/bahia-hariri\/\" \/>\n<meta property=\"og:locale\" content=\"fr_FR\" \/>\n<meta property=\"og:type\" content=\"article\" \/>\n<meta property=\"og:title\" content=\"Bahia Hariri - Prestige Magazine\" \/>\n<meta property=\"og:description\" content=\"Prestige N 92, Janvier 2001D\u2019un naturel d\u00e9sarmant, personnage hors du commun, authentique, indissociable du paysage humanitaire, \u0153uvrant inlassablement et dans l\u2019ombre, telle une fourmi laborieuse, \u00e0 la renaissance de la Culture et la sauvegarde du Patrimoine, c\u00e9l\u00e8bre pour ses r\u00e9alisations et pourtant d\u2019une discr\u00e9tion exemplaire. Nous avons rencontr\u00e9 la d\u00e9put\u00e9e dans sa ville bien-aim\u00e9e, loin des feux des m\u00e9dias.\" \/>\n<meta property=\"og:url\" content=\"https:\/\/www.prestigemag.co\/fr\/2015\/05\/bahia-hariri\/\" \/>\n<meta property=\"og:site_name\" content=\"Prestige Magazine\" \/>\n<meta property=\"article:publisher\" content=\"https:\/\/www.facebook.com\/prestigemag.co\/\" \/>\n<meta property=\"article:published_time\" content=\"2015-05-05T06:23:15+00:00\" \/>\n<meta property=\"og:image\" content=\"http:\/\/www.prestigemag.co\/wp-content\/uploads\/2015\/05\/Bahia-Hariri6-1024x619.jpg\" \/>\n<meta name=\"author\" content=\"prestige\" \/>\n<meta name=\"twitter:card\" content=\"summary\" \/>\n<meta name=\"twitter:label1\" content=\"\u00c9crit par\" \/>\n\t<meta name=\"twitter:data1\" content=\"prestige\" \/>\n\t<meta name=\"twitter:label2\" content=\"Dur\u00e9e de lecture estim\u00e9e\" \/>\n\t<meta name=\"twitter:data2\" content=\"17 minutes\" \/>\n<script type=\"application\/ld+json\" class=\"yoast-schema-graph\">{\"@context\":\"https:\/\/schema.org\",\"@graph\":[{\"@type\":\"Organization\",\"@id\":\"https:\/\/www.prestigemag.co\/#organization\",\"name\":\"Prestige\",\"url\":\"https:\/\/www.prestigemag.co\/\",\"sameAs\":[\"https:\/\/www.instagram.com\/prestige.mag\/\",\"https:\/\/www.facebook.com\/prestigemag.co\/\"],\"logo\":{\"@type\":\"ImageObject\",\"inLanguage\":\"fr-FR\",\"@id\":\"https:\/\/www.prestigemag.co\/#\/schema\/logo\/image\/\",\"url\":\"https:\/\/www.prestigemag.co\/wp-content\/uploads\/2021\/11\/logo-Prestige-800x200-1.png\",\"contentUrl\":\"https:\/\/www.prestigemag.co\/wp-content\/uploads\/2021\/11\/logo-Prestige-800x200-1.png\",\"width\":800,\"height\":200,\"caption\":\"Prestige\"},\"image\":{\"@id\":\"https:\/\/www.prestigemag.co\/#\/schema\/logo\/image\/\"}},{\"@type\":\"WebSite\",\"@id\":\"https:\/\/www.prestigemag.co\/#website\",\"url\":\"https:\/\/www.prestigemag.co\/\",\"name\":\"Prestige Magazine\",\"description\":\"Le Monde Des C\u00e9l\u00e9brit\u00e9s\",\"publisher\":{\"@id\":\"https:\/\/www.prestigemag.co\/#organization\"},\"potentialAction\":[{\"@type\":\"SearchAction\",\"target\":{\"@type\":\"EntryPoint\",\"urlTemplate\":\"https:\/\/www.prestigemag.co\/?s={search_term_string}\"},\"query-input\":\"required name=search_term_string\"}],\"inLanguage\":\"fr-FR\"},{\"@type\":\"WebPage\",\"@id\":\"https:\/\/www.prestigemag.co\/fr\/2015\/05\/bahia-hariri\/\",\"url\":\"https:\/\/www.prestigemag.co\/fr\/2015\/05\/bahia-hariri\/\",\"name\":\"Bahia Hariri - Prestige Magazine\",\"isPartOf\":{\"@id\":\"https:\/\/www.prestigemag.co\/#website\"},\"datePublished\":\"2015-05-05T06:23:15+00:00\",\"dateModified\":\"2015-05-05T06:23:15+00:00\",\"description\":\"Prestige N 92, Janvier 2001D\u2019un naturel d\u00e9sarmant, personnage hors du commun, authentique, indissociable du paysage humanitaire, \u0153uvrant inlassablement et dans l\u2019ombre, telle une fourmi laborieuse, \u00e0 la renaissance de la Culture et la sauvegarde du Patrimoine, c\u00e9l\u00e8bre pour ses r\u00e9alisations et pourtant d\u2019une discr\u00e9tion exemplaire. Nous avons rencontr\u00e9 la d\u00e9put\u00e9e dans sa ville bien-aim\u00e9e, loin des feux des m\u00e9dias.\",\"breadcrumb\":{\"@id\":\"https:\/\/www.prestigemag.co\/fr\/2015\/05\/bahia-hariri\/#breadcrumb\"},\"inLanguage\":\"fr-FR\",\"potentialAction\":[{\"@type\":\"ReadAction\",\"target\":[\"https:\/\/www.prestigemag.co\/fr\/2015\/05\/bahia-hariri\/\"]}]},{\"@type\":\"BreadcrumbList\",\"@id\":\"https:\/\/www.prestigemag.co\/fr\/2015\/05\/bahia-hariri\/#breadcrumb\",\"itemListElement\":[{\"@type\":\"ListItem\",\"position\":1,\"name\":\"Home\",\"item\":\"https:\/\/www.prestigemag.co\/fr\/\"},{\"@type\":\"ListItem\",\"position\":2,\"name\":\"Bahia Hariri\"}]},{\"@type\":\"Article\",\"@id\":\"https:\/\/www.prestigemag.co\/fr\/2015\/05\/bahia-hariri\/#article\",\"isPartOf\":{\"@id\":\"https:\/\/www.prestigemag.co\/fr\/2015\/05\/bahia-hariri\/\"},\"author\":{\"name\":\"prestige\",\"@id\":\"https:\/\/www.prestigemag.co\/#\/schema\/person\/e3f149368970128d68bb2d797bf30fbc\"},\"headline\":\"Bahia Hariri\",\"datePublished\":\"2015-05-05T06:23:15+00:00\",\"dateModified\":\"2015-05-05T06:23:15+00:00\",\"mainEntityOfPage\":{\"@id\":\"https:\/\/www.prestigemag.co\/fr\/2015\/05\/bahia-hariri\/\"},\"wordCount\":3310,\"publisher\":{\"@id\":\"https:\/\/www.prestigemag.co\/#organization\"},\"articleSection\":[\"Entrevues\"],\"inLanguage\":\"fr-FR\"},{\"@type\":\"Person\",\"@id\":\"https:\/\/www.prestigemag.co\/#\/schema\/person\/e3f149368970128d68bb2d797bf30fbc\",\"name\":\"prestige\",\"image\":{\"@type\":\"ImageObject\",\"inLanguage\":\"fr-FR\",\"@id\":\"https:\/\/www.prestigemag.co\/#\/schema\/person\/image\/\",\"url\":\"https:\/\/secure.gravatar.com\/avatar\/0aa2dff5484d35e50578639a2c3ccef9?s=96&d=mm&r=g\",\"contentUrl\":\"https:\/\/secure.gravatar.com\/avatar\/0aa2dff5484d35e50578639a2c3ccef9?s=96&d=mm&r=g\",\"caption\":\"prestige\"},\"url\":\"https:\/\/www.prestigemag.co\/fr\/author\/prestige\/\"}]}<\/script>\n<!-- \/ Yoast SEO plugin. -->","yoast_head_json":{"title":"Bahia Hariri - Prestige Magazine","description":"Prestige N 92, Janvier 2001D\u2019un naturel d\u00e9sarmant, personnage hors du commun, authentique, indissociable du paysage humanitaire, \u0153uvrant inlassablement et dans l\u2019ombre, telle une fourmi laborieuse, \u00e0 la renaissance de la Culture et la sauvegarde du Patrimoine, c\u00e9l\u00e8bre pour ses r\u00e9alisations et pourtant d\u2019une discr\u00e9tion exemplaire. Nous avons rencontr\u00e9 la d\u00e9put\u00e9e dans sa ville bien-aim\u00e9e, loin des feux des m\u00e9dias.","robots":{"index":"index","follow":"follow","max-snippet":"max-snippet:-1","max-image-preview":"max-image-preview:large","max-video-preview":"max-video-preview:-1"},"canonical":"https:\/\/www.prestigemag.co\/fr\/2015\/05\/bahia-hariri\/","og_locale":"fr_FR","og_type":"article","og_title":"Bahia Hariri - Prestige Magazine","og_description":"Prestige N 92, Janvier 2001D\u2019un naturel d\u00e9sarmant, personnage hors du commun, authentique, indissociable du paysage humanitaire, \u0153uvrant inlassablement et dans l\u2019ombre, telle une fourmi laborieuse, \u00e0 la renaissance de la Culture et la sauvegarde du Patrimoine, c\u00e9l\u00e8bre pour ses r\u00e9alisations et pourtant d\u2019une discr\u00e9tion exemplaire. Nous avons rencontr\u00e9 la d\u00e9put\u00e9e dans sa ville bien-aim\u00e9e, loin des feux des m\u00e9dias.","og_url":"https:\/\/www.prestigemag.co\/fr\/2015\/05\/bahia-hariri\/","og_site_name":"Prestige Magazine","article_publisher":"https:\/\/www.facebook.com\/prestigemag.co\/","article_published_time":"2015-05-05T06:23:15+00:00","og_image":[{"url":"http:\/\/www.prestigemag.co\/wp-content\/uploads\/2015\/05\/Bahia-Hariri6-1024x619.jpg"}],"author":"prestige","twitter_card":"summary","twitter_misc":{"\u00c9crit par":"prestige","Dur\u00e9e de lecture estim\u00e9e":"17 minutes"},"schema":{"@context":"https:\/\/schema.org","@graph":[{"@type":"Organization","@id":"https:\/\/www.prestigemag.co\/#organization","name":"Prestige","url":"https:\/\/www.prestigemag.co\/","sameAs":["https:\/\/www.instagram.com\/prestige.mag\/","https:\/\/www.facebook.com\/prestigemag.co\/"],"logo":{"@type":"ImageObject","inLanguage":"fr-FR","@id":"https:\/\/www.prestigemag.co\/#\/schema\/logo\/image\/","url":"https:\/\/www.prestigemag.co\/wp-content\/uploads\/2021\/11\/logo-Prestige-800x200-1.png","contentUrl":"https:\/\/www.prestigemag.co\/wp-content\/uploads\/2021\/11\/logo-Prestige-800x200-1.png","width":800,"height":200,"caption":"Prestige"},"image":{"@id":"https:\/\/www.prestigemag.co\/#\/schema\/logo\/image\/"}},{"@type":"WebSite","@id":"https:\/\/www.prestigemag.co\/#website","url":"https:\/\/www.prestigemag.co\/","name":"Prestige Magazine","description":"Le Monde Des C\u00e9l\u00e9brit\u00e9s","publisher":{"@id":"https:\/\/www.prestigemag.co\/#organization"},"potentialAction":[{"@type":"SearchAction","target":{"@type":"EntryPoint","urlTemplate":"https:\/\/www.prestigemag.co\/?s={search_term_string}"},"query-input":"required name=search_term_string"}],"inLanguage":"fr-FR"},{"@type":"WebPage","@id":"https:\/\/www.prestigemag.co\/fr\/2015\/05\/bahia-hariri\/","url":"https:\/\/www.prestigemag.co\/fr\/2015\/05\/bahia-hariri\/","name":"Bahia Hariri - Prestige Magazine","isPartOf":{"@id":"https:\/\/www.prestigemag.co\/#website"},"datePublished":"2015-05-05T06:23:15+00:00","dateModified":"2015-05-05T06:23:15+00:00","description":"Prestige N 92, Janvier 2001D\u2019un naturel d\u00e9sarmant, personnage hors du commun, authentique, indissociable du paysage humanitaire, \u0153uvrant inlassablement et dans l\u2019ombre, telle une fourmi laborieuse, \u00e0 la renaissance de la Culture et la sauvegarde du Patrimoine, c\u00e9l\u00e8bre pour ses r\u00e9alisations et pourtant d\u2019une discr\u00e9tion exemplaire. Nous avons rencontr\u00e9 la d\u00e9put\u00e9e dans sa ville bien-aim\u00e9e, loin des feux des m\u00e9dias.","breadcrumb":{"@id":"https:\/\/www.prestigemag.co\/fr\/2015\/05\/bahia-hariri\/#breadcrumb"},"inLanguage":"fr-FR","potentialAction":[{"@type":"ReadAction","target":["https:\/\/www.prestigemag.co\/fr\/2015\/05\/bahia-hariri\/"]}]},{"@type":"BreadcrumbList","@id":"https:\/\/www.prestigemag.co\/fr\/2015\/05\/bahia-hariri\/#breadcrumb","itemListElement":[{"@type":"ListItem","position":1,"name":"Home","item":"https:\/\/www.prestigemag.co\/fr\/"},{"@type":"ListItem","position":2,"name":"Bahia Hariri"}]},{"@type":"Article","@id":"https:\/\/www.prestigemag.co\/fr\/2015\/05\/bahia-hariri\/#article","isPartOf":{"@id":"https:\/\/www.prestigemag.co\/fr\/2015\/05\/bahia-hariri\/"},"author":{"name":"prestige","@id":"https:\/\/www.prestigemag.co\/#\/schema\/person\/e3f149368970128d68bb2d797bf30fbc"},"headline":"Bahia Hariri","datePublished":"2015-05-05T06:23:15+00:00","dateModified":"2015-05-05T06:23:15+00:00","mainEntityOfPage":{"@id":"https:\/\/www.prestigemag.co\/fr\/2015\/05\/bahia-hariri\/"},"wordCount":3310,"publisher":{"@id":"https:\/\/www.prestigemag.co\/#organization"},"articleSection":["Entrevues"],"inLanguage":"fr-FR"},{"@type":"Person","@id":"https:\/\/www.prestigemag.co\/#\/schema\/person\/e3f149368970128d68bb2d797bf30fbc","name":"prestige","image":{"@type":"ImageObject","inLanguage":"fr-FR","@id":"https:\/\/www.prestigemag.co\/#\/schema\/person\/image\/","url":"https:\/\/secure.gravatar.com\/avatar\/0aa2dff5484d35e50578639a2c3ccef9?s=96&d=mm&r=g","contentUrl":"https:\/\/secure.gravatar.com\/avatar\/0aa2dff5484d35e50578639a2c3ccef9?s=96&d=mm&r=g","caption":"prestige"},"url":"https:\/\/www.prestigemag.co\/fr\/author\/prestige\/"}]}},"_links":{"self":[{"href":"https:\/\/www.prestigemag.co\/fr\/wp-json\/wp\/v2\/posts\/20069"}],"collection":[{"href":"https:\/\/www.prestigemag.co\/fr\/wp-json\/wp\/v2\/posts"}],"about":[{"href":"https:\/\/www.prestigemag.co\/fr\/wp-json\/wp\/v2\/types\/post"}],"author":[{"embeddable":true,"href":"https:\/\/www.prestigemag.co\/fr\/wp-json\/wp\/v2\/users\/3"}],"replies":[{"embeddable":true,"href":"https:\/\/www.prestigemag.co\/fr\/wp-json\/wp\/v2\/comments?post=20069"}],"version-history":[{"count":0,"href":"https:\/\/www.prestigemag.co\/fr\/wp-json\/wp\/v2\/posts\/20069\/revisions"}],"wp:attachment":[{"href":"https:\/\/www.prestigemag.co\/fr\/wp-json\/wp\/v2\/media?parent=20069"}],"wp:term":[{"taxonomy":"category","embeddable":true,"href":"https:\/\/www.prestigemag.co\/fr\/wp-json\/wp\/v2\/categories?post=20069"},{"taxonomy":"post_tag","embeddable":true,"href":"https:\/\/www.prestigemag.co\/fr\/wp-json\/wp\/v2\/tags?post=20069"}],"curies":[{"name":"wp","href":"https:\/\/api.w.org\/{rel}","templated":true}]}}