{"id":20095,"date":"2015-05-15T09:29:08","date_gmt":"2015-05-15T09:29:08","guid":{"rendered":"http:\/\/www.prestigemag.co\/2015\/05\/festival-international-de-baalbeck-2015\/"},"modified":"2015-05-15T09:29:08","modified_gmt":"2015-05-15T09:29:08","slug":"festival-international-de-baalbeck-2015","status":"publish","type":"post","link":"https:\/\/www.prestigemag.co\/fr\/2015\/05\/festival-international-de-baalbeck-2015\/","title":{"rendered":"Festival International de Baalbeck 2015"},"content":{"rendered":"<p>&nbsp;<\/p>\n<h3>Hommage \u00e0 la Ville du Soleil<\/h3>\n<p>\u00abIlik Ya Baalbak\u00bb, le spectacle d\u2019ouverture du Festival International de Baalbeck, est une ode \u00e0 l\u2019amour et un hommage \u00e0 la Ville du Soleil. Plac\u00e9 sous le signe de la solidarit\u00e9 et de la pluralit\u00e9, l\u2019\u00e9v\u00e9nement r\u00e9unira le 31 juillet sur l\u2019Acropole, plus de trente artistes libanais \u00e9crivains, musiciens, po\u00e8tes, chefs d\u2019orchestre et danseurs, se donneront la main et exprimeront leur attachement \u00e0 Baalbeck. Soir\u00e9e exceptionnelle au cours de laquelle tous ces artistes pr\u00e9senteront un bouquet d\u2019\u0153uvres en hommage \u00e0 la ville. Un spectacle qui s\u2019annonce fort en \u00e9motions.<\/p>\n<p><a href=\"http:\/\/www.prestigemag.co\/wp-content\/uploads\/2015\/05\/Richard-Bona-.jpg\"><img src=\"data:image\/svg+xml,%3Csvg%20xmlns='http:\/\/www.w3.org\/2000\/svg'%20viewBox='0%200%2085%%20247'%3E%3C\/svg%3E\" class=\"zeen-lazy-load-base zeen-lazy-load alignnone size-full wp-image-5259\" data-lazy-src=\"http:\/\/www.prestigemag.co\/wp-content\/uploads\/2015\/05\/Richard-Bona-.jpg\" alt=\"Richard Bona\" width=\"85%\" data-lazy-srcset=\"https:\/\/www.prestigemag.co\/wp-content\/uploads\/2015\/05\/Richard-Bona-.jpg 787w, https:\/\/www.prestigemag.co\/wp-content\/uploads\/2015\/05\/Richard-Bona--300x200.jpg 300w, https:\/\/www.prestigemag.co\/wp-content\/uploads\/2015\/05\/Richard-Bona--150x100.jpg 150w, https:\/\/www.prestigemag.co\/wp-content\/uploads\/2015\/05\/Richard-Bona--562x375.jpg 562w, https:\/\/www.prestigemag.co\/wp-content\/uploads\/2015\/05\/Richard-Bona--187x125.jpg 187w, https:\/\/www.prestigemag.co\/wp-content\/uploads\/2015\/05\/Richard-Bona--100x67.jpg 100w\" data-lazy-sizes=\"(max-width: 787px) 100vw, 787px\" \/><noscript><img class=\"alignnone size-full wp-image-5259\" src=\"http:\/\/www.prestigemag.co\/wp-content\/uploads\/2015\/05\/Richard-Bona-.jpg\" alt=\"Richard Bona\" width=\"85%\" srcset=\"https:\/\/www.prestigemag.co\/wp-content\/uploads\/2015\/05\/Richard-Bona-.jpg 787w, https:\/\/www.prestigemag.co\/wp-content\/uploads\/2015\/05\/Richard-Bona--300x200.jpg 300w, https:\/\/www.prestigemag.co\/wp-content\/uploads\/2015\/05\/Richard-Bona--150x100.jpg 150w, https:\/\/www.prestigemag.co\/wp-content\/uploads\/2015\/05\/Richard-Bona--562x375.jpg 562w, https:\/\/www.prestigemag.co\/wp-content\/uploads\/2015\/05\/Richard-Bona--187x125.jpg 187w, https:\/\/www.prestigemag.co\/wp-content\/uploads\/2015\/05\/Richard-Bona--100x67.jpg 100w\" sizes=\"(max-width: 787px) 100vw, 787px\" \/><\/noscript><\/a><\/p>\n<p>\u00a9 Festival de Baalbeck 2015<\/p>\n<p><strong>Dimanche 16 Ao\u00fbt<\/strong>. Amateurs de jazz, r\u00e9jouissez-vous! L\u2019artiste camerounais Richard Bona qui a d\u00e9j\u00e0 fait ses preuves aupr\u00e8s de l\u00e9gendes internationales de jazz, a d\u00e9j\u00e0 huit albums \u00e0 son actif. Une musique et une voix exceptionnelles, interpr\u00e9t\u00e9es en jazz, un sacr\u00e9 m\u00e9lange de rythmes africains.<\/p>\n<p><a href=\"http:\/\/www.prestigemag.co\/wp-content\/uploads\/2015\/05\/Mayada-El-Hannawy.jpg\"><img src=\"data:image\/svg+xml,%3Csvg%20xmlns='http:\/\/www.w3.org\/2000\/svg'%20viewBox='0%200%20364%20546'%3E%3C\/svg%3E\" class=\"zeen-lazy-load-base zeen-lazy-load alignnone  wp-image-5260\" data-lazy-src=\"http:\/\/www.prestigemag.co\/wp-content\/uploads\/2015\/05\/Mayada-El-Hannawy.jpg\" alt=\"Mayada El Hannawy\" width=\"364\" height=\"546\" data-lazy-srcset=\"https:\/\/www.prestigemag.co\/wp-content\/uploads\/2015\/05\/Mayada-El-Hannawy.jpg 630w, https:\/\/www.prestigemag.co\/wp-content\/uploads\/2015\/05\/Mayada-El-Hannawy-200x300.jpg 200w, https:\/\/www.prestigemag.co\/wp-content\/uploads\/2015\/05\/Mayada-El-Hannawy-100x150.jpg 100w, https:\/\/www.prestigemag.co\/wp-content\/uploads\/2015\/05\/Mayada-El-Hannawy-250x375.jpg 250w, https:\/\/www.prestigemag.co\/wp-content\/uploads\/2015\/05\/Mayada-El-Hannawy-83x125.jpg 83w, https:\/\/www.prestigemag.co\/wp-content\/uploads\/2015\/05\/Mayada-El-Hannawy-45x67.jpg 45w\" data-lazy-sizes=\"(max-width: 364px) 100vw, 364px\" \/><noscript><img class=\"alignnone  wp-image-5260\" src=\"http:\/\/www.prestigemag.co\/wp-content\/uploads\/2015\/05\/Mayada-El-Hannawy.jpg\" alt=\"Mayada El Hannawy\" width=\"364\" height=\"546\" srcset=\"https:\/\/www.prestigemag.co\/wp-content\/uploads\/2015\/05\/Mayada-El-Hannawy.jpg 630w, https:\/\/www.prestigemag.co\/wp-content\/uploads\/2015\/05\/Mayada-El-Hannawy-200x300.jpg 200w, https:\/\/www.prestigemag.co\/wp-content\/uploads\/2015\/05\/Mayada-El-Hannawy-100x150.jpg 100w, https:\/\/www.prestigemag.co\/wp-content\/uploads\/2015\/05\/Mayada-El-Hannawy-250x375.jpg 250w, https:\/\/www.prestigemag.co\/wp-content\/uploads\/2015\/05\/Mayada-El-Hannawy-83x125.jpg 83w, https:\/\/www.prestigemag.co\/wp-content\/uploads\/2015\/05\/Mayada-El-Hannawy-45x67.jpg 45w\" sizes=\"(max-width: 364px) 100vw, 364px\" \/><\/noscript><\/a><\/p>\n<p>\u00a9 Festival de Baalbeck 2015<\/p>\n<p><strong>Vendredi 21 Ao\u00fbt.<\/strong> La \u00abchanteuse de l\u2019amour passionn\u00e9\u00bb, la sublime Mayyada Hennaoui, animera une soir\u00e9e magistralement orientale, sur les gradins du temple de Bacchus. Pour sa premi\u00e8re apparition dans le cadre d\u2019un festival libanais, elle interpr\u00e9tera un bouquet de chansons, les plus belles compos\u00e9es sp\u00e9cialement pour elle par de grands noms tels Ahmad Rami, Riad Sombati et Baligh Hamdi.<\/p>\n<h3><a href=\"http:\/\/www.prestigemag.co\/wp-content\/uploads\/2015\/05\/HIndi-Zahra-.jpg\"><img src=\"data:image\/svg+xml,%3Csvg%20xmlns='http:\/\/www.w3.org\/2000\/svg'%20viewBox='0%200%2065%%20247'%3E%3C\/svg%3E\" class=\"zeen-lazy-load-base zeen-lazy-load alignnone size-full wp-image-5261\" data-lazy-src=\"http:\/\/www.prestigemag.co\/wp-content\/uploads\/2015\/05\/HIndi-Zahra-.jpg\" alt=\"HIndi Zahra\" width=\"65%\" data-lazy-srcset=\"https:\/\/www.prestigemag.co\/wp-content\/uploads\/2015\/05\/HIndi-Zahra-.jpg 667w, https:\/\/www.prestigemag.co\/wp-content\/uploads\/2015\/05\/HIndi-Zahra--300x200.jpg 300w, https:\/\/www.prestigemag.co\/wp-content\/uploads\/2015\/05\/HIndi-Zahra--150x100.jpg 150w, https:\/\/www.prestigemag.co\/wp-content\/uploads\/2015\/05\/HIndi-Zahra--562x375.jpg 562w, https:\/\/www.prestigemag.co\/wp-content\/uploads\/2015\/05\/HIndi-Zahra--187x125.jpg 187w, https:\/\/www.prestigemag.co\/wp-content\/uploads\/2015\/05\/HIndi-Zahra--100x67.jpg 100w\" data-lazy-sizes=\"(max-width: 667px) 100vw, 667px\" \/><noscript><img class=\"alignnone size-full wp-image-5261\" src=\"http:\/\/www.prestigemag.co\/wp-content\/uploads\/2015\/05\/HIndi-Zahra-.jpg\" alt=\"HIndi Zahra\" width=\"65%\" srcset=\"https:\/\/www.prestigemag.co\/wp-content\/uploads\/2015\/05\/HIndi-Zahra-.jpg 667w, https:\/\/www.prestigemag.co\/wp-content\/uploads\/2015\/05\/HIndi-Zahra--300x200.jpg 300w, https:\/\/www.prestigemag.co\/wp-content\/uploads\/2015\/05\/HIndi-Zahra--150x100.jpg 150w, https:\/\/www.prestigemag.co\/wp-content\/uploads\/2015\/05\/HIndi-Zahra--562x375.jpg 562w, https:\/\/www.prestigemag.co\/wp-content\/uploads\/2015\/05\/HIndi-Zahra--187x125.jpg 187w, https:\/\/www.prestigemag.co\/wp-content\/uploads\/2015\/05\/HIndi-Zahra--100x67.jpg 100w\" sizes=\"(max-width: 667px) 100vw, 667px\" \/><\/noscript><\/a><\/h3>\n<p>\u00a9 Festival de Baalbeck 2015<\/p>\n<p><strong>Samedi 29 Ao\u00fbt.<\/strong> Un r\u00e9cital unique de musique disco, funk et soul fera le bonheur du public sur les gradins du temple de Bacchus. The Earth Wind &amp; Fire Experience feat. Al Mckay and the All Stars, dirig\u00e9 par Al Mckay, producteur et compositeur, a d\u00e9j\u00e0 huit albums \u00e0 son actif, qui ont tous remport\u00e9 de grands prix.<\/p>\n<p><a href=\"http:\/\/www.prestigemag.co\/wp-content\/uploads\/2015\/05\/Quatuor-Modigliani-.jpg\"><img src=\"data:image\/svg+xml,%3Csvg%20xmlns='http:\/\/www.w3.org\/2000\/svg'%20viewBox='0%200%20100%%20247'%3E%3C\/svg%3E\" class=\"zeen-lazy-load-base zeen-lazy-load alignnone size-large wp-image-5262\" data-lazy-src=\"http:\/\/www.prestigemag.co\/wp-content\/uploads\/2015\/05\/Quatuor-Modigliani--1024x765.jpg\" alt=\"Quatuor Modigliani\" width=\"100%\" data-lazy-srcset=\"https:\/\/www.prestigemag.co\/wp-content\/uploads\/2015\/05\/Quatuor-Modigliani-.jpg 1024w, https:\/\/www.prestigemag.co\/wp-content\/uploads\/2015\/05\/Quatuor-Modigliani--300x224.jpg 300w, https:\/\/www.prestigemag.co\/wp-content\/uploads\/2015\/05\/Quatuor-Modigliani--150x112.jpg 150w, https:\/\/www.prestigemag.co\/wp-content\/uploads\/2015\/05\/Quatuor-Modigliani--502x375.jpg 502w, https:\/\/www.prestigemag.co\/wp-content\/uploads\/2015\/05\/Quatuor-Modigliani--167x125.jpg 167w, https:\/\/www.prestigemag.co\/wp-content\/uploads\/2015\/05\/Quatuor-Modigliani--90x67.jpg 90w\" data-lazy-sizes=\"(max-width: 1024px) 100vw, 1024px\" \/><noscript><img class=\"alignnone size-large wp-image-5262\" src=\"http:\/\/www.prestigemag.co\/wp-content\/uploads\/2015\/05\/Quatuor-Modigliani--1024x765.jpg\" alt=\"Quatuor Modigliani\" width=\"100%\" srcset=\"https:\/\/www.prestigemag.co\/wp-content\/uploads\/2015\/05\/Quatuor-Modigliani-.jpg 1024w, https:\/\/www.prestigemag.co\/wp-content\/uploads\/2015\/05\/Quatuor-Modigliani--300x224.jpg 300w, https:\/\/www.prestigemag.co\/wp-content\/uploads\/2015\/05\/Quatuor-Modigliani--150x112.jpg 150w, https:\/\/www.prestigemag.co\/wp-content\/uploads\/2015\/05\/Quatuor-Modigliani--502x375.jpg 502w, https:\/\/www.prestigemag.co\/wp-content\/uploads\/2015\/05\/Quatuor-Modigliani--167x125.jpg 167w, https:\/\/www.prestigemag.co\/wp-content\/uploads\/2015\/05\/Quatuor-Modigliani--90x67.jpg 90w\" sizes=\"(max-width: 1024px) 100vw, 1024px\" \/><\/noscript><\/a><\/p>\n<p>\u00a9 Festival de Baalbeck 2015<\/p>\n<p><strong>Dimanche 30 Ao\u00fbt<\/strong>. Beethoven, Mozart et Haydn seront \u00e0 l\u2019honneur \u00e0 La Magnanerie, \u00e0 Sadd Bauchrieh, avec le c\u00e9l\u00e8bre Quatuor \u00e0 cordes Modigliani, qui a cinq albums \u00e0 son actif. Le Quatuor, qui a anim\u00e9 de grands festivals \u00e0 travers le monde, s\u2019est forg\u00e9 une renomm\u00e9e mondiale. Un concert de musique classique m\u00e9morable.<\/p>\n","protected":false},"excerpt":{"rendered":"<p><em>\u00abIlik Ya Baalbak\u00bb, le spectacle d\u2019ouverture du Festival International de Baalbeck, est une ode \u00e0 l\u2019amour et un hommage \u00e0 la Ville du Soleil. Plac\u00e9 sous le signe de la solidarit\u00e9 et de la pluralit\u00e9, l\u2019\u00e9v\u00e9nement r\u00e9unira le 31 juillet sur l\u2019Acropole, plus de trente artistes libanais \u00e9crivains, musiciens, po\u00e8tes, chefs d\u2019orchestre et danseurs, <\/em><\/p>\n","protected":false},"author":3,"featured_media":0,"comment_status":"closed","ping_status":"closed","sticky":false,"template":"","format":"standard","meta":[],"categories":[13333,13360],"tags":[],"yoast_head":"<!-- This site is optimized with the Yoast SEO plugin v19.4 - https:\/\/yoast.com\/wordpress\/plugins\/seo\/ -->\n<title>Festival International de Baalbeck 2015 - Prestige Magazine<\/title>\n<meta name=\"description\" content=\"\u00abIlik Ya Baalbak\u00bb, le spectacle d\u2019ouverture du Festival International de Baalbeck, est une ode \u00e0 l\u2019amour et un hommage \u00e0 la Ville du Soleil. Plac\u00e9 sous le signe de la solidarit\u00e9 et de la pluralit\u00e9, l\u2019\u00e9v\u00e9nement r\u00e9unira le 31 juillet sur l\u2019Acropole, plus de trente artistes libanais \u00e9crivains, musiciens, po\u00e8tes, chefs d\u2019orchestre et danseurs,\" \/>\n<meta name=\"robots\" content=\"index, follow, max-snippet:-1, max-image-preview:large, max-video-preview:-1\" \/>\n<link rel=\"canonical\" href=\"https:\/\/www.prestigemag.co\/fr\/2015\/05\/festival-international-de-baalbeck-2015\/\" \/>\n<meta property=\"og:locale\" content=\"fr_FR\" \/>\n<meta property=\"og:type\" content=\"article\" \/>\n<meta property=\"og:title\" content=\"Festival International de Baalbeck 2015 - Prestige Magazine\" \/>\n<meta property=\"og:description\" content=\"\u00abIlik Ya Baalbak\u00bb, le spectacle d\u2019ouverture du Festival International de Baalbeck, est une ode \u00e0 l\u2019amour et un hommage \u00e0 la Ville du Soleil. Plac\u00e9 sous le signe de la solidarit\u00e9 et de la pluralit\u00e9, l\u2019\u00e9v\u00e9nement r\u00e9unira le 31 juillet sur l\u2019Acropole, plus de trente artistes libanais \u00e9crivains, musiciens, po\u00e8tes, chefs d\u2019orchestre et danseurs,\" \/>\n<meta property=\"og:url\" content=\"https:\/\/www.prestigemag.co\/fr\/2015\/05\/festival-international-de-baalbeck-2015\/\" \/>\n<meta property=\"og:site_name\" content=\"Prestige Magazine\" \/>\n<meta property=\"article:publisher\" content=\"https:\/\/www.facebook.com\/prestigemag.co\/\" \/>\n<meta property=\"article:published_time\" content=\"2015-05-15T09:29:08+00:00\" \/>\n<meta property=\"og:image\" content=\"http:\/\/www.prestigemag.co\/wp-content\/uploads\/2015\/05\/Richard-Bona-.jpg\" \/>\n<meta name=\"author\" content=\"prestige\" \/>\n<meta name=\"twitter:card\" content=\"summary\" \/>\n<meta name=\"twitter:label1\" content=\"\u00c9crit par\" \/>\n\t<meta name=\"twitter:data1\" content=\"prestige\" \/>\n\t<meta name=\"twitter:label2\" content=\"Dur\u00e9e de lecture estim\u00e9e\" \/>\n\t<meta name=\"twitter:data2\" content=\"2 minutes\" \/>\n<script type=\"application\/ld+json\" class=\"yoast-schema-graph\">{\"@context\":\"https:\/\/schema.org\",\"@graph\":[{\"@type\":\"Organization\",\"@id\":\"https:\/\/www.prestigemag.co\/#organization\",\"name\":\"Prestige\",\"url\":\"https:\/\/www.prestigemag.co\/\",\"sameAs\":[\"https:\/\/www.instagram.com\/prestige.mag\/\",\"https:\/\/www.facebook.com\/prestigemag.co\/\"],\"logo\":{\"@type\":\"ImageObject\",\"inLanguage\":\"fr-FR\",\"@id\":\"https:\/\/www.prestigemag.co\/#\/schema\/logo\/image\/\",\"url\":\"https:\/\/www.prestigemag.co\/wp-content\/uploads\/2021\/11\/logo-Prestige-800x200-1.png\",\"contentUrl\":\"https:\/\/www.prestigemag.co\/wp-content\/uploads\/2021\/11\/logo-Prestige-800x200-1.png\",\"width\":800,\"height\":200,\"caption\":\"Prestige\"},\"image\":{\"@id\":\"https:\/\/www.prestigemag.co\/#\/schema\/logo\/image\/\"}},{\"@type\":\"WebSite\",\"@id\":\"https:\/\/www.prestigemag.co\/#website\",\"url\":\"https:\/\/www.prestigemag.co\/\",\"name\":\"Prestige Magazine\",\"description\":\"Le Monde Des C\u00e9l\u00e9brit\u00e9s\",\"publisher\":{\"@id\":\"https:\/\/www.prestigemag.co\/#organization\"},\"potentialAction\":[{\"@type\":\"SearchAction\",\"target\":{\"@type\":\"EntryPoint\",\"urlTemplate\":\"https:\/\/www.prestigemag.co\/?s={search_term_string}\"},\"query-input\":\"required name=search_term_string\"}],\"inLanguage\":\"fr-FR\"},{\"@type\":\"WebPage\",\"@id\":\"https:\/\/www.prestigemag.co\/fr\/2015\/05\/festival-international-de-baalbeck-2015\/\",\"url\":\"https:\/\/www.prestigemag.co\/fr\/2015\/05\/festival-international-de-baalbeck-2015\/\",\"name\":\"Festival International de Baalbeck 2015 - Prestige Magazine\",\"isPartOf\":{\"@id\":\"https:\/\/www.prestigemag.co\/#website\"},\"datePublished\":\"2015-05-15T09:29:08+00:00\",\"dateModified\":\"2015-05-15T09:29:08+00:00\",\"description\":\"\u00abIlik Ya Baalbak\u00bb, le spectacle d\u2019ouverture du Festival International de Baalbeck, est une ode \u00e0 l\u2019amour et un hommage \u00e0 la Ville du Soleil. Plac\u00e9 sous le signe de la solidarit\u00e9 et de la pluralit\u00e9, l\u2019\u00e9v\u00e9nement r\u00e9unira le 31 juillet sur l\u2019Acropole, plus de trente artistes libanais \u00e9crivains, musiciens, po\u00e8tes, chefs d\u2019orchestre et danseurs,\",\"breadcrumb\":{\"@id\":\"https:\/\/www.prestigemag.co\/fr\/2015\/05\/festival-international-de-baalbeck-2015\/#breadcrumb\"},\"inLanguage\":\"fr-FR\",\"potentialAction\":[{\"@type\":\"ReadAction\",\"target\":[\"https:\/\/www.prestigemag.co\/fr\/2015\/05\/festival-international-de-baalbeck-2015\/\"]}]},{\"@type\":\"BreadcrumbList\",\"@id\":\"https:\/\/www.prestigemag.co\/fr\/2015\/05\/festival-international-de-baalbeck-2015\/#breadcrumb\",\"itemListElement\":[{\"@type\":\"ListItem\",\"position\":1,\"name\":\"Home\",\"item\":\"https:\/\/www.prestigemag.co\/fr\/\"},{\"@type\":\"ListItem\",\"position\":2,\"name\":\"Festival International de Baalbeck 2015\"}]},{\"@type\":\"Article\",\"@id\":\"https:\/\/www.prestigemag.co\/fr\/2015\/05\/festival-international-de-baalbeck-2015\/#article\",\"isPartOf\":{\"@id\":\"https:\/\/www.prestigemag.co\/fr\/2015\/05\/festival-international-de-baalbeck-2015\/\"},\"author\":{\"name\":\"prestige\",\"@id\":\"https:\/\/www.prestigemag.co\/#\/schema\/person\/e3f149368970128d68bb2d797bf30fbc\"},\"headline\":\"Festival International de Baalbeck 2015\",\"datePublished\":\"2015-05-15T09:29:08+00:00\",\"dateModified\":\"2015-05-15T09:29:08+00:00\",\"mainEntityOfPage\":{\"@id\":\"https:\/\/www.prestigemag.co\/fr\/2015\/05\/festival-international-de-baalbeck-2015\/\"},\"wordCount\":349,\"publisher\":{\"@id\":\"https:\/\/www.prestigemag.co\/#organization\"},\"articleSection\":[\"\u00c9v\u00e9nements\",\"Inauguration\"],\"inLanguage\":\"fr-FR\"},{\"@type\":\"Person\",\"@id\":\"https:\/\/www.prestigemag.co\/#\/schema\/person\/e3f149368970128d68bb2d797bf30fbc\",\"name\":\"prestige\",\"image\":{\"@type\":\"ImageObject\",\"inLanguage\":\"fr-FR\",\"@id\":\"https:\/\/www.prestigemag.co\/#\/schema\/person\/image\/\",\"url\":\"https:\/\/secure.gravatar.com\/avatar\/0aa2dff5484d35e50578639a2c3ccef9?s=96&d=mm&r=g\",\"contentUrl\":\"https:\/\/secure.gravatar.com\/avatar\/0aa2dff5484d35e50578639a2c3ccef9?s=96&d=mm&r=g\",\"caption\":\"prestige\"},\"url\":\"https:\/\/www.prestigemag.co\/fr\/author\/prestige\/\"}]}<\/script>\n<!-- \/ Yoast SEO plugin. -->","yoast_head_json":{"title":"Festival International de Baalbeck 2015 - Prestige Magazine","description":"\u00abIlik Ya Baalbak\u00bb, le spectacle d\u2019ouverture du Festival International de Baalbeck, est une ode \u00e0 l\u2019amour et un hommage \u00e0 la Ville du Soleil. Plac\u00e9 sous le signe de la solidarit\u00e9 et de la pluralit\u00e9, l\u2019\u00e9v\u00e9nement r\u00e9unira le 31 juillet sur l\u2019Acropole, plus de trente artistes libanais \u00e9crivains, musiciens, po\u00e8tes, chefs d\u2019orchestre et danseurs,","robots":{"index":"index","follow":"follow","max-snippet":"max-snippet:-1","max-image-preview":"max-image-preview:large","max-video-preview":"max-video-preview:-1"},"canonical":"https:\/\/www.prestigemag.co\/fr\/2015\/05\/festival-international-de-baalbeck-2015\/","og_locale":"fr_FR","og_type":"article","og_title":"Festival International de Baalbeck 2015 - Prestige Magazine","og_description":"\u00abIlik Ya Baalbak\u00bb, le spectacle d\u2019ouverture du Festival International de Baalbeck, est une ode \u00e0 l\u2019amour et un hommage \u00e0 la Ville du Soleil. Plac\u00e9 sous le signe de la solidarit\u00e9 et de la pluralit\u00e9, l\u2019\u00e9v\u00e9nement r\u00e9unira le 31 juillet sur l\u2019Acropole, plus de trente artistes libanais \u00e9crivains, musiciens, po\u00e8tes, chefs d\u2019orchestre et danseurs,","og_url":"https:\/\/www.prestigemag.co\/fr\/2015\/05\/festival-international-de-baalbeck-2015\/","og_site_name":"Prestige Magazine","article_publisher":"https:\/\/www.facebook.com\/prestigemag.co\/","article_published_time":"2015-05-15T09:29:08+00:00","og_image":[{"url":"http:\/\/www.prestigemag.co\/wp-content\/uploads\/2015\/05\/Richard-Bona-.jpg"}],"author":"prestige","twitter_card":"summary","twitter_misc":{"\u00c9crit par":"prestige","Dur\u00e9e de lecture estim\u00e9e":"2 minutes"},"schema":{"@context":"https:\/\/schema.org","@graph":[{"@type":"Organization","@id":"https:\/\/www.prestigemag.co\/#organization","name":"Prestige","url":"https:\/\/www.prestigemag.co\/","sameAs":["https:\/\/www.instagram.com\/prestige.mag\/","https:\/\/www.facebook.com\/prestigemag.co\/"],"logo":{"@type":"ImageObject","inLanguage":"fr-FR","@id":"https:\/\/www.prestigemag.co\/#\/schema\/logo\/image\/","url":"https:\/\/www.prestigemag.co\/wp-content\/uploads\/2021\/11\/logo-Prestige-800x200-1.png","contentUrl":"https:\/\/www.prestigemag.co\/wp-content\/uploads\/2021\/11\/logo-Prestige-800x200-1.png","width":800,"height":200,"caption":"Prestige"},"image":{"@id":"https:\/\/www.prestigemag.co\/#\/schema\/logo\/image\/"}},{"@type":"WebSite","@id":"https:\/\/www.prestigemag.co\/#website","url":"https:\/\/www.prestigemag.co\/","name":"Prestige Magazine","description":"Le Monde Des C\u00e9l\u00e9brit\u00e9s","publisher":{"@id":"https:\/\/www.prestigemag.co\/#organization"},"potentialAction":[{"@type":"SearchAction","target":{"@type":"EntryPoint","urlTemplate":"https:\/\/www.prestigemag.co\/?s={search_term_string}"},"query-input":"required name=search_term_string"}],"inLanguage":"fr-FR"},{"@type":"WebPage","@id":"https:\/\/www.prestigemag.co\/fr\/2015\/05\/festival-international-de-baalbeck-2015\/","url":"https:\/\/www.prestigemag.co\/fr\/2015\/05\/festival-international-de-baalbeck-2015\/","name":"Festival International de Baalbeck 2015 - Prestige Magazine","isPartOf":{"@id":"https:\/\/www.prestigemag.co\/#website"},"datePublished":"2015-05-15T09:29:08+00:00","dateModified":"2015-05-15T09:29:08+00:00","description":"\u00abIlik Ya Baalbak\u00bb, le spectacle d\u2019ouverture du Festival International de Baalbeck, est une ode \u00e0 l\u2019amour et un hommage \u00e0 la Ville du Soleil. Plac\u00e9 sous le signe de la solidarit\u00e9 et de la pluralit\u00e9, l\u2019\u00e9v\u00e9nement r\u00e9unira le 31 juillet sur l\u2019Acropole, plus de trente artistes libanais \u00e9crivains, musiciens, po\u00e8tes, chefs d\u2019orchestre et danseurs,","breadcrumb":{"@id":"https:\/\/www.prestigemag.co\/fr\/2015\/05\/festival-international-de-baalbeck-2015\/#breadcrumb"},"inLanguage":"fr-FR","potentialAction":[{"@type":"ReadAction","target":["https:\/\/www.prestigemag.co\/fr\/2015\/05\/festival-international-de-baalbeck-2015\/"]}]},{"@type":"BreadcrumbList","@id":"https:\/\/www.prestigemag.co\/fr\/2015\/05\/festival-international-de-baalbeck-2015\/#breadcrumb","itemListElement":[{"@type":"ListItem","position":1,"name":"Home","item":"https:\/\/www.prestigemag.co\/fr\/"},{"@type":"ListItem","position":2,"name":"Festival International de Baalbeck 2015"}]},{"@type":"Article","@id":"https:\/\/www.prestigemag.co\/fr\/2015\/05\/festival-international-de-baalbeck-2015\/#article","isPartOf":{"@id":"https:\/\/www.prestigemag.co\/fr\/2015\/05\/festival-international-de-baalbeck-2015\/"},"author":{"name":"prestige","@id":"https:\/\/www.prestigemag.co\/#\/schema\/person\/e3f149368970128d68bb2d797bf30fbc"},"headline":"Festival International de Baalbeck 2015","datePublished":"2015-05-15T09:29:08+00:00","dateModified":"2015-05-15T09:29:08+00:00","mainEntityOfPage":{"@id":"https:\/\/www.prestigemag.co\/fr\/2015\/05\/festival-international-de-baalbeck-2015\/"},"wordCount":349,"publisher":{"@id":"https:\/\/www.prestigemag.co\/#organization"},"articleSection":["\u00c9v\u00e9nements","Inauguration"],"inLanguage":"fr-FR"},{"@type":"Person","@id":"https:\/\/www.prestigemag.co\/#\/schema\/person\/e3f149368970128d68bb2d797bf30fbc","name":"prestige","image":{"@type":"ImageObject","inLanguage":"fr-FR","@id":"https:\/\/www.prestigemag.co\/#\/schema\/person\/image\/","url":"https:\/\/secure.gravatar.com\/avatar\/0aa2dff5484d35e50578639a2c3ccef9?s=96&d=mm&r=g","contentUrl":"https:\/\/secure.gravatar.com\/avatar\/0aa2dff5484d35e50578639a2c3ccef9?s=96&d=mm&r=g","caption":"prestige"},"url":"https:\/\/www.prestigemag.co\/fr\/author\/prestige\/"}]}},"_links":{"self":[{"href":"https:\/\/www.prestigemag.co\/fr\/wp-json\/wp\/v2\/posts\/20095"}],"collection":[{"href":"https:\/\/www.prestigemag.co\/fr\/wp-json\/wp\/v2\/posts"}],"about":[{"href":"https:\/\/www.prestigemag.co\/fr\/wp-json\/wp\/v2\/types\/post"}],"author":[{"embeddable":true,"href":"https:\/\/www.prestigemag.co\/fr\/wp-json\/wp\/v2\/users\/3"}],"replies":[{"embeddable":true,"href":"https:\/\/www.prestigemag.co\/fr\/wp-json\/wp\/v2\/comments?post=20095"}],"version-history":[{"count":0,"href":"https:\/\/www.prestigemag.co\/fr\/wp-json\/wp\/v2\/posts\/20095\/revisions"}],"wp:attachment":[{"href":"https:\/\/www.prestigemag.co\/fr\/wp-json\/wp\/v2\/media?parent=20095"}],"wp:term":[{"taxonomy":"category","embeddable":true,"href":"https:\/\/www.prestigemag.co\/fr\/wp-json\/wp\/v2\/categories?post=20095"},{"taxonomy":"post_tag","embeddable":true,"href":"https:\/\/www.prestigemag.co\/fr\/wp-json\/wp\/v2\/tags?post=20095"}],"curies":[{"name":"wp","href":"https:\/\/api.w.org\/{rel}","templated":true}]}}