{"id":20139,"date":"2015-06-17T08:52:55","date_gmt":"2015-06-17T08:52:55","guid":{"rendered":"http:\/\/www.prestigemag.co\/2015\/06\/grande-inauguration-de-lexpo-entre-duomo-et-silos\/"},"modified":"2015-06-17T08:52:55","modified_gmt":"2015-06-17T08:52:55","slug":"grande-inauguration-de-lexpo-entre-duomo-et-silos","status":"publish","type":"post","link":"https:\/\/www.prestigemag.co\/fr\/2015\/06\/grande-inauguration-de-lexpo-entre-duomo-et-silos\/","title":{"rendered":"Grande Inauguration de l\u2019Expo entre Duomo et Silos"},"content":{"rendered":"<p><em>Prestige N 263, Juin 2015<\/em><\/p>\n<p><a href=\"http:\/\/www.prestigemag.co\/wp-content\/uploads\/2015\/06\/expo-universelle.jpg\"><img src=\"data:image\/svg+xml,%3Csvg%20xmlns='http:\/\/www.w3.org\/2000\/svg'%20viewBox='0%200%2078%%20247'%3E%3C\/svg%3E\" class=\"zeen-lazy-load-base zeen-lazy-load alignnone size-full wp-image-5499\" data-lazy-src=\"http:\/\/www.prestigemag.co\/wp-content\/uploads\/2015\/06\/expo-universelle.jpg\" alt=\"expo universelle\" width=\"78%\" data-lazy-srcset=\"https:\/\/www.prestigemag.co\/wp-content\/uploads\/2015\/06\/expo-universelle.jpg 787w, https:\/\/www.prestigemag.co\/wp-content\/uploads\/2015\/06\/expo-universelle-300x200.jpg 300w, https:\/\/www.prestigemag.co\/wp-content\/uploads\/2015\/06\/expo-universelle-150x100.jpg 150w, https:\/\/www.prestigemag.co\/wp-content\/uploads\/2015\/06\/expo-universelle-563x375.jpg 563w, https:\/\/www.prestigemag.co\/wp-content\/uploads\/2015\/06\/expo-universelle-188x125.jpg 188w, https:\/\/www.prestigemag.co\/wp-content\/uploads\/2015\/06\/expo-universelle-101x67.jpg 101w\" data-lazy-sizes=\"(max-width: 787px) 100vw, 787px\" \/><noscript><img class=\"alignnone size-full wp-image-5499\" src=\"http:\/\/www.prestigemag.co\/wp-content\/uploads\/2015\/06\/expo-universelle.jpg\" alt=\"expo universelle\" width=\"78%\" srcset=\"https:\/\/www.prestigemag.co\/wp-content\/uploads\/2015\/06\/expo-universelle.jpg 787w, https:\/\/www.prestigemag.co\/wp-content\/uploads\/2015\/06\/expo-universelle-300x200.jpg 300w, https:\/\/www.prestigemag.co\/wp-content\/uploads\/2015\/06\/expo-universelle-150x100.jpg 150w, https:\/\/www.prestigemag.co\/wp-content\/uploads\/2015\/06\/expo-universelle-563x375.jpg 563w, https:\/\/www.prestigemag.co\/wp-content\/uploads\/2015\/06\/expo-universelle-188x125.jpg 188w, https:\/\/www.prestigemag.co\/wp-content\/uploads\/2015\/06\/expo-universelle-101x67.jpg 101w\" sizes=\"(max-width: 787px) 100vw, 787px\" \/><\/noscript><\/a><\/p>\n<p>Roberta Armani, Leonardo DiCaprio, Tina Turner et Giorgio Armani.\u00a0\u00a9 Giorgio Armani\u00a0\u00a9 2015 Venturelli<\/p>\n<p>Cette ann\u00e9e, le premier mai en Italie et surtout \u00e0 Milan \u00e9tait tr\u00e8s attendu et pour cause: enfin la fameuse Expo Universelle centr\u00e9e sur le th\u00e8me \u00abNourrir la plan\u00e8te, \u00e9nergie pour la vie\u00bb, qui durera jusqu\u2019au 31 octobre, allait ouvrir ses portes. Et ce, en d\u00e9pit de pol\u00e9miques, d\u2019arr\u00eats de travaux dus \u00e0 des infiltrations mafieuses, etc. Qu\u2019importe si les 50 pavillons s\u2019\u00e9talant sur 1,000,000.00 de m<sup>2<\/sup>, repr\u00e9sentant des pays individuels plus les 9 b\u00e2timents dits \u00abclusters\u00bb d\u00e9di\u00e9s \u00e0 des produits comme le caf\u00e9 ou le riz n\u2019\u00e9taient pas encore pr\u00eats le jour de l\u2019ouverture: le 30 avril, veille de l\u2019inauguration, Milan \u00e9tait en f\u00eate. La ville s\u2019est offerte un lifting r\u00e9ussi, r\u00e9novant la Galerie Vittorio Emmanuele, augmentant les lignes de m\u00e9tro pour mener les 20 millions de visiteurs attendus jusqu\u2019au site de l\u2019Expo ou autres destinations\u2026 Ce soir-l\u00e0, cependant, elle semblait magique, la fa\u00e7ade de son beau Duomo flambant neuf, s\u2019\u00e9tait par\u00e9e de belles couleurs pour servir de d\u00e9cor \u00e0 un concert exceptionnel. On avait mont\u00e9 une sc\u00e8ne, sur laquelle s\u2019\u00e9taient install\u00e9s le grand orchestre symphonique de la Scala de Milan ainsi que son ch\u0153ur, des t\u00e9nors du c\u00e9l\u00e8bre op\u00e9ra et surtout Andr\u00e9a Boccelli\u2026 Tous s\u2019exhib\u00e8rent et firent vibrer la nuit milanaise avec des morceaux de Verdi, Puccini\u2026 jusqu\u2019\u00e0 tard dans la soir\u00e9e, jusqu\u2019\u00e0 ce qu\u2019\u00e0 quelques kilom\u00e8tres de l\u00e0, sur le site de l\u2019Expo Universelle on illumine \u00abl\u2019arbre de la vie\u00bb, la sculpture construite pour l\u2019occasion, avec l\u2019espoir qu\u2019elle soit aussi p\u00e9renne que la Tour Eiffel. Mais ce n\u2019est pas tout et ce soir-l\u00e0 Milan, ce n\u2019\u00e9tait pas seulement son Duomo, sa Scala, ses t\u00e9nors, ses op\u00e9ras, les diff\u00e9rentes expos dans ses mus\u00e9es qui offrent aux visiteurs la possibilit\u00e9 d\u2019admirer les \u0153uvres des grands artistes, g\u00e9nies italiens comme Leonardo Da Vinci, par exemple&#8230; Ce soir-l\u00e0, un des ambassadeurs de l\u2019Expo Universelle, le Milanais le plus c\u00e9l\u00e8bre au monde, \u00e0 quelques kilom\u00e8tres du concert ouvrait les portes d\u2019un nouvel espace d\u2019exposition. Je veux parler bien s\u00fbr de Giorgio Armani qui, pour f\u00eater ses 40 ans de cr\u00e9ation, inaugurait le \u00abSilos\u00bb en pr\u00e9sence du gratin du cin\u00e9ma international. A noter que le Premier ministre italien Matteo Renzi avait d\u00e9sert\u00e9 le concert pour r\u00e9pondre \u00e0 l\u2019invitation de M. Armani\u2026<\/p>\n<p><a href=\"http:\/\/www.prestigemag.co\/wp-content\/uploads\/2015\/06\/Italian-Prime-Minister-Matteo-Renzi-and-Giorgio-Armani.jpg\"><img src=\"data:image\/svg+xml,%3Csvg%20xmlns='http:\/\/www.w3.org\/2000\/svg'%20viewBox='0%200%2047%%20247'%3E%3C\/svg%3E\" class=\"zeen-lazy-load-base zeen-lazy-load alignnone size-full wp-image-5500\" data-lazy-src=\"http:\/\/www.prestigemag.co\/wp-content\/uploads\/2015\/06\/Italian-Prime-Minister-Matteo-Renzi-and-Giorgio-Armani.jpg\" alt=\"Italian Prime Minister Matteo Renzi and Giorgio Armani\" width=\"47%\" data-lazy-srcset=\"https:\/\/www.prestigemag.co\/wp-content\/uploads\/2015\/06\/Italian-Prime-Minister-Matteo-Renzi-and-Giorgio-Armani.jpg 472w, https:\/\/www.prestigemag.co\/wp-content\/uploads\/2015\/06\/Italian-Prime-Minister-Matteo-Renzi-and-Giorgio-Armani-199x300.jpg 199w, https:\/\/www.prestigemag.co\/wp-content\/uploads\/2015\/06\/Italian-Prime-Minister-Matteo-Renzi-and-Giorgio-Armani-100x150.jpg 100w, https:\/\/www.prestigemag.co\/wp-content\/uploads\/2015\/06\/Italian-Prime-Minister-Matteo-Renzi-and-Giorgio-Armani-249x375.jpg 249w, https:\/\/www.prestigemag.co\/wp-content\/uploads\/2015\/06\/Italian-Prime-Minister-Matteo-Renzi-and-Giorgio-Armani-83x125.jpg 83w, https:\/\/www.prestigemag.co\/wp-content\/uploads\/2015\/06\/Italian-Prime-Minister-Matteo-Renzi-and-Giorgio-Armani-45x67.jpg 45w\" data-lazy-sizes=\"(max-width: 472px) 100vw, 472px\" \/><noscript><img class=\"alignnone size-full wp-image-5500\" src=\"http:\/\/www.prestigemag.co\/wp-content\/uploads\/2015\/06\/Italian-Prime-Minister-Matteo-Renzi-and-Giorgio-Armani.jpg\" alt=\"Italian Prime Minister Matteo Renzi and Giorgio Armani\" width=\"47%\" srcset=\"https:\/\/www.prestigemag.co\/wp-content\/uploads\/2015\/06\/Italian-Prime-Minister-Matteo-Renzi-and-Giorgio-Armani.jpg 472w, https:\/\/www.prestigemag.co\/wp-content\/uploads\/2015\/06\/Italian-Prime-Minister-Matteo-Renzi-and-Giorgio-Armani-199x300.jpg 199w, https:\/\/www.prestigemag.co\/wp-content\/uploads\/2015\/06\/Italian-Prime-Minister-Matteo-Renzi-and-Giorgio-Armani-100x150.jpg 100w, https:\/\/www.prestigemag.co\/wp-content\/uploads\/2015\/06\/Italian-Prime-Minister-Matteo-Renzi-and-Giorgio-Armani-249x375.jpg 249w, https:\/\/www.prestigemag.co\/wp-content\/uploads\/2015\/06\/Italian-Prime-Minister-Matteo-Renzi-and-Giorgio-Armani-83x125.jpg 83w, https:\/\/www.prestigemag.co\/wp-content\/uploads\/2015\/06\/Italian-Prime-Minister-Matteo-Renzi-and-Giorgio-Armani-45x67.jpg 45w\" sizes=\"(max-width: 472px) 100vw, 472px\" \/><\/noscript><\/a><\/p>\n<p>Giorgio Armani et le Premier ministre italien Matteo Renzi.\u00a0\u00a9 Giorgio Armani\u00a0\u00a9 2015 Venturelli<\/p>\n<p>Le Silos, une nouvelle adresse milanaise d\u2019Armani qui s\u2019ajoute \u00e0 d\u2019autres, se trouve au 40 rue Bergognone. \u00abJ\u2019ai d\u00e9cid\u00e9 de l\u2019appeler Silos, pr\u00e9cise Armani parce que ce b\u00e2timent \u00e9tait utilis\u00e9 pour stocker de la nourriture. Ce qui, \u00e9videmment est aussi essentiel \u00e0 la vie que les v\u00eatements\u00bb. L\u2019\u00e9difice r\u00e9nov\u00e9 selon le design de Georgio Armani lui-m\u00eame, date de 1950, 4500 m\u00e8tres carr\u00e9s sur quatre niveaux. L\u2019Open Space lumineux et chaleureux, aux plafonds noirs en contraste avec le parquet gris, raconte donc, les 40 ans de cr\u00e9ation de la Maison Armani, 200 accessoires, 600 habits cr\u00e9\u00e9s par Giorgio pour ses collections de 1980 \u00e0 ce jour. Le tout est expos\u00e9 suivant l\u2019inspiration du couturier et divis\u00e9 en pr\u00eat-\u00e0-porter, soir\u00e9e, etc. A ce propos, Armani dit: \u00abEn pr\u00e9parant cette expo de mes \u0153uvres, devant choisir ce qui me repr\u00e9sentait le plus, j\u2019ai pu regarder en arri\u00e8re mes 40 ans avec \u00e9motion et me rendre compte que la mode c\u2019est toujours le pr\u00e9sent. Un pr\u00e9sent qu\u2019on vit en pensant bien \u00e0 ses racines pour mieux affronter le futur\u00bb. Le Silos qui sera ouvert au public six jours sur sept, en ce 30 avril recevait le Premier ministre italien Matteo Renzi et son \u00e9pouse, Cate Blanchett, Chris Pine, Glenn Close, Sophia Loren, Tina Turner, Hilary Swank, Leonardo DiCaprio, Isabelle Huppert, Aishwarya Ray, Janet Jackson, Pierce Brosnan, Claudia Cardinale. Une expo universelle qui a commenc\u00e9 en beaut\u00e9 et qui, au fil des jours raconte des histoires aussi belles les unes que les autres, r\u00e9v\u00e8le des surprises que je tenterai de vous raconter au fil des mois\u2026<\/p>\n","protected":false},"excerpt":{"rendered":"<p><em>Prestige N 263, Juin 2015<\/em><br \/>Cette ann\u00e9e, le premier mai en Italie et surtout \u00e0 Milan \u00e9tait tr\u00e8s attendu et pour cause: enfin la fameuse Expo Universelle centr\u00e9e sur le th\u00e8me \u00abNourrir la plan\u00e8te, \u00e9nergie pour la vie\u00bb, qui durera jusqu\u2019au 31 octobre, allait ouvrir ses portes. Et ce, en d\u00e9pit de pol\u00e9miques, d\u2019arr\u00eats de travaux dus \u00e0 des infiltrations mafieuses, etc. Qu\u2019importe si les 50 pavillons s\u2019\u00e9talant sur 1,000,000.00 de m2,<\/p>\n","protected":false},"author":3,"featured_media":0,"comment_status":"closed","ping_status":"closed","sticky":false,"template":"","format":"standard","meta":[],"categories":[13333,13360],"tags":[],"yoast_head":"<!-- This site is optimized with the Yoast SEO plugin v19.4 - https:\/\/yoast.com\/wordpress\/plugins\/seo\/ -->\n<title>Grande Inauguration de l\u2019Expo entre Duomo et Silos - Prestige Magazine<\/title>\n<meta name=\"description\" content=\"Prestige N 263, Juin 2015Cette ann\u00e9e, le premier mai en Italie et surtout \u00e0 Milan \u00e9tait tr\u00e8s attendu et pour cause: enfin la fameuse Expo Universelle centr\u00e9e sur le th\u00e8me \u00abNourrir la plan\u00e8te, \u00e9nergie pour la vie\u00bb, qui durera jusqu\u2019au 31 octobre, allait ouvrir ses portes. Et ce, en d\u00e9pit de pol\u00e9miques, d\u2019arr\u00eats de travaux dus \u00e0 des infiltrations mafieuses, etc. Qu\u2019importe si les 50 pavillons s\u2019\u00e9talant sur 1,000,000.00 de m2,\" \/>\n<meta name=\"robots\" content=\"index, follow, max-snippet:-1, max-image-preview:large, max-video-preview:-1\" \/>\n<link rel=\"canonical\" href=\"https:\/\/www.prestigemag.co\/fr\/2015\/06\/grande-inauguration-de-lexpo-entre-duomo-et-silos\/\" \/>\n<meta property=\"og:locale\" content=\"fr_FR\" \/>\n<meta property=\"og:type\" content=\"article\" \/>\n<meta property=\"og:title\" content=\"Grande Inauguration de l\u2019Expo entre Duomo et Silos - Prestige Magazine\" \/>\n<meta property=\"og:description\" content=\"Prestige N 263, Juin 2015Cette ann\u00e9e, le premier mai en Italie et surtout \u00e0 Milan \u00e9tait tr\u00e8s attendu et pour cause: enfin la fameuse Expo Universelle centr\u00e9e sur le th\u00e8me \u00abNourrir la plan\u00e8te, \u00e9nergie pour la vie\u00bb, qui durera jusqu\u2019au 31 octobre, allait ouvrir ses portes. Et ce, en d\u00e9pit de pol\u00e9miques, d\u2019arr\u00eats de travaux dus \u00e0 des infiltrations mafieuses, etc. Qu\u2019importe si les 50 pavillons s\u2019\u00e9talant sur 1,000,000.00 de m2,\" \/>\n<meta property=\"og:url\" content=\"https:\/\/www.prestigemag.co\/fr\/2015\/06\/grande-inauguration-de-lexpo-entre-duomo-et-silos\/\" \/>\n<meta property=\"og:site_name\" content=\"Prestige Magazine\" \/>\n<meta property=\"article:publisher\" content=\"https:\/\/www.facebook.com\/prestigemag.co\/\" \/>\n<meta property=\"article:published_time\" content=\"2015-06-17T08:52:55+00:00\" \/>\n<meta property=\"og:image\" content=\"http:\/\/www.prestigemag.co\/wp-content\/uploads\/2015\/06\/expo-universelle.jpg\" \/>\n<meta name=\"author\" content=\"prestige\" \/>\n<meta name=\"twitter:card\" content=\"summary\" \/>\n<meta name=\"twitter:label1\" content=\"\u00c9crit par\" \/>\n\t<meta name=\"twitter:data1\" content=\"prestige\" \/>\n\t<meta name=\"twitter:label2\" content=\"Dur\u00e9e de lecture estim\u00e9e\" \/>\n\t<meta name=\"twitter:data2\" content=\"4 minutes\" \/>\n<script type=\"application\/ld+json\" class=\"yoast-schema-graph\">{\"@context\":\"https:\/\/schema.org\",\"@graph\":[{\"@type\":\"Organization\",\"@id\":\"https:\/\/www.prestigemag.co\/#organization\",\"name\":\"Prestige\",\"url\":\"https:\/\/www.prestigemag.co\/\",\"sameAs\":[\"https:\/\/www.instagram.com\/prestige.mag\/\",\"https:\/\/www.facebook.com\/prestigemag.co\/\"],\"logo\":{\"@type\":\"ImageObject\",\"inLanguage\":\"fr-FR\",\"@id\":\"https:\/\/www.prestigemag.co\/#\/schema\/logo\/image\/\",\"url\":\"https:\/\/www.prestigemag.co\/wp-content\/uploads\/2021\/11\/logo-Prestige-800x200-1.png\",\"contentUrl\":\"https:\/\/www.prestigemag.co\/wp-content\/uploads\/2021\/11\/logo-Prestige-800x200-1.png\",\"width\":800,\"height\":200,\"caption\":\"Prestige\"},\"image\":{\"@id\":\"https:\/\/www.prestigemag.co\/#\/schema\/logo\/image\/\"}},{\"@type\":\"WebSite\",\"@id\":\"https:\/\/www.prestigemag.co\/#website\",\"url\":\"https:\/\/www.prestigemag.co\/\",\"name\":\"Prestige Magazine\",\"description\":\"Le Monde Des C\u00e9l\u00e9brit\u00e9s\",\"publisher\":{\"@id\":\"https:\/\/www.prestigemag.co\/#organization\"},\"potentialAction\":[{\"@type\":\"SearchAction\",\"target\":{\"@type\":\"EntryPoint\",\"urlTemplate\":\"https:\/\/www.prestigemag.co\/?s={search_term_string}\"},\"query-input\":\"required name=search_term_string\"}],\"inLanguage\":\"fr-FR\"},{\"@type\":\"WebPage\",\"@id\":\"https:\/\/www.prestigemag.co\/fr\/2015\/06\/grande-inauguration-de-lexpo-entre-duomo-et-silos\/\",\"url\":\"https:\/\/www.prestigemag.co\/fr\/2015\/06\/grande-inauguration-de-lexpo-entre-duomo-et-silos\/\",\"name\":\"Grande Inauguration de l\u2019Expo entre Duomo et Silos - Prestige Magazine\",\"isPartOf\":{\"@id\":\"https:\/\/www.prestigemag.co\/#website\"},\"datePublished\":\"2015-06-17T08:52:55+00:00\",\"dateModified\":\"2015-06-17T08:52:55+00:00\",\"description\":\"Prestige N 263, Juin 2015Cette ann\u00e9e, le premier mai en Italie et surtout \u00e0 Milan \u00e9tait tr\u00e8s attendu et pour cause: enfin la fameuse Expo Universelle centr\u00e9e sur le th\u00e8me \u00abNourrir la plan\u00e8te, \u00e9nergie pour la vie\u00bb, qui durera jusqu\u2019au 31 octobre, allait ouvrir ses portes. Et ce, en d\u00e9pit de pol\u00e9miques, d\u2019arr\u00eats de travaux dus \u00e0 des infiltrations mafieuses, etc. Qu\u2019importe si les 50 pavillons s\u2019\u00e9talant sur 1,000,000.00 de m2,\",\"breadcrumb\":{\"@id\":\"https:\/\/www.prestigemag.co\/fr\/2015\/06\/grande-inauguration-de-lexpo-entre-duomo-et-silos\/#breadcrumb\"},\"inLanguage\":\"fr-FR\",\"potentialAction\":[{\"@type\":\"ReadAction\",\"target\":[\"https:\/\/www.prestigemag.co\/fr\/2015\/06\/grande-inauguration-de-lexpo-entre-duomo-et-silos\/\"]}]},{\"@type\":\"BreadcrumbList\",\"@id\":\"https:\/\/www.prestigemag.co\/fr\/2015\/06\/grande-inauguration-de-lexpo-entre-duomo-et-silos\/#breadcrumb\",\"itemListElement\":[{\"@type\":\"ListItem\",\"position\":1,\"name\":\"Home\",\"item\":\"https:\/\/www.prestigemag.co\/fr\/\"},{\"@type\":\"ListItem\",\"position\":2,\"name\":\"Grande Inauguration de l\u2019Expo entre Duomo et Silos\"}]},{\"@type\":\"Article\",\"@id\":\"https:\/\/www.prestigemag.co\/fr\/2015\/06\/grande-inauguration-de-lexpo-entre-duomo-et-silos\/#article\",\"isPartOf\":{\"@id\":\"https:\/\/www.prestigemag.co\/fr\/2015\/06\/grande-inauguration-de-lexpo-entre-duomo-et-silos\/\"},\"author\":{\"name\":\"prestige\",\"@id\":\"https:\/\/www.prestigemag.co\/#\/schema\/person\/e3f149368970128d68bb2d797bf30fbc\"},\"headline\":\"Grande Inauguration de l\u2019Expo entre Duomo et Silos\",\"datePublished\":\"2015-06-17T08:52:55+00:00\",\"dateModified\":\"2015-06-17T08:52:55+00:00\",\"mainEntityOfPage\":{\"@id\":\"https:\/\/www.prestigemag.co\/fr\/2015\/06\/grande-inauguration-de-lexpo-entre-duomo-et-silos\/\"},\"wordCount\":742,\"publisher\":{\"@id\":\"https:\/\/www.prestigemag.co\/#organization\"},\"articleSection\":[\"\u00c9v\u00e9nements\",\"Inauguration\"],\"inLanguage\":\"fr-FR\"},{\"@type\":\"Person\",\"@id\":\"https:\/\/www.prestigemag.co\/#\/schema\/person\/e3f149368970128d68bb2d797bf30fbc\",\"name\":\"prestige\",\"image\":{\"@type\":\"ImageObject\",\"inLanguage\":\"fr-FR\",\"@id\":\"https:\/\/www.prestigemag.co\/#\/schema\/person\/image\/\",\"url\":\"https:\/\/secure.gravatar.com\/avatar\/0aa2dff5484d35e50578639a2c3ccef9?s=96&d=mm&r=g\",\"contentUrl\":\"https:\/\/secure.gravatar.com\/avatar\/0aa2dff5484d35e50578639a2c3ccef9?s=96&d=mm&r=g\",\"caption\":\"prestige\"},\"url\":\"https:\/\/www.prestigemag.co\/fr\/author\/prestige\/\"}]}<\/script>\n<!-- \/ Yoast SEO plugin. -->","yoast_head_json":{"title":"Grande Inauguration de l\u2019Expo entre Duomo et Silos - Prestige Magazine","description":"Prestige N 263, Juin 2015Cette ann\u00e9e, le premier mai en Italie et surtout \u00e0 Milan \u00e9tait tr\u00e8s attendu et pour cause: enfin la fameuse Expo Universelle centr\u00e9e sur le th\u00e8me \u00abNourrir la plan\u00e8te, \u00e9nergie pour la vie\u00bb, qui durera jusqu\u2019au 31 octobre, allait ouvrir ses portes. Et ce, en d\u00e9pit de pol\u00e9miques, d\u2019arr\u00eats de travaux dus \u00e0 des infiltrations mafieuses, etc. Qu\u2019importe si les 50 pavillons s\u2019\u00e9talant sur 1,000,000.00 de m2,","robots":{"index":"index","follow":"follow","max-snippet":"max-snippet:-1","max-image-preview":"max-image-preview:large","max-video-preview":"max-video-preview:-1"},"canonical":"https:\/\/www.prestigemag.co\/fr\/2015\/06\/grande-inauguration-de-lexpo-entre-duomo-et-silos\/","og_locale":"fr_FR","og_type":"article","og_title":"Grande Inauguration de l\u2019Expo entre Duomo et Silos - Prestige Magazine","og_description":"Prestige N 263, Juin 2015Cette ann\u00e9e, le premier mai en Italie et surtout \u00e0 Milan \u00e9tait tr\u00e8s attendu et pour cause: enfin la fameuse Expo Universelle centr\u00e9e sur le th\u00e8me \u00abNourrir la plan\u00e8te, \u00e9nergie pour la vie\u00bb, qui durera jusqu\u2019au 31 octobre, allait ouvrir ses portes. Et ce, en d\u00e9pit de pol\u00e9miques, d\u2019arr\u00eats de travaux dus \u00e0 des infiltrations mafieuses, etc. Qu\u2019importe si les 50 pavillons s\u2019\u00e9talant sur 1,000,000.00 de m2,","og_url":"https:\/\/www.prestigemag.co\/fr\/2015\/06\/grande-inauguration-de-lexpo-entre-duomo-et-silos\/","og_site_name":"Prestige Magazine","article_publisher":"https:\/\/www.facebook.com\/prestigemag.co\/","article_published_time":"2015-06-17T08:52:55+00:00","og_image":[{"url":"http:\/\/www.prestigemag.co\/wp-content\/uploads\/2015\/06\/expo-universelle.jpg"}],"author":"prestige","twitter_card":"summary","twitter_misc":{"\u00c9crit par":"prestige","Dur\u00e9e de lecture estim\u00e9e":"4 minutes"},"schema":{"@context":"https:\/\/schema.org","@graph":[{"@type":"Organization","@id":"https:\/\/www.prestigemag.co\/#organization","name":"Prestige","url":"https:\/\/www.prestigemag.co\/","sameAs":["https:\/\/www.instagram.com\/prestige.mag\/","https:\/\/www.facebook.com\/prestigemag.co\/"],"logo":{"@type":"ImageObject","inLanguage":"fr-FR","@id":"https:\/\/www.prestigemag.co\/#\/schema\/logo\/image\/","url":"https:\/\/www.prestigemag.co\/wp-content\/uploads\/2021\/11\/logo-Prestige-800x200-1.png","contentUrl":"https:\/\/www.prestigemag.co\/wp-content\/uploads\/2021\/11\/logo-Prestige-800x200-1.png","width":800,"height":200,"caption":"Prestige"},"image":{"@id":"https:\/\/www.prestigemag.co\/#\/schema\/logo\/image\/"}},{"@type":"WebSite","@id":"https:\/\/www.prestigemag.co\/#website","url":"https:\/\/www.prestigemag.co\/","name":"Prestige Magazine","description":"Le Monde Des C\u00e9l\u00e9brit\u00e9s","publisher":{"@id":"https:\/\/www.prestigemag.co\/#organization"},"potentialAction":[{"@type":"SearchAction","target":{"@type":"EntryPoint","urlTemplate":"https:\/\/www.prestigemag.co\/?s={search_term_string}"},"query-input":"required name=search_term_string"}],"inLanguage":"fr-FR"},{"@type":"WebPage","@id":"https:\/\/www.prestigemag.co\/fr\/2015\/06\/grande-inauguration-de-lexpo-entre-duomo-et-silos\/","url":"https:\/\/www.prestigemag.co\/fr\/2015\/06\/grande-inauguration-de-lexpo-entre-duomo-et-silos\/","name":"Grande Inauguration de l\u2019Expo entre Duomo et Silos - Prestige Magazine","isPartOf":{"@id":"https:\/\/www.prestigemag.co\/#website"},"datePublished":"2015-06-17T08:52:55+00:00","dateModified":"2015-06-17T08:52:55+00:00","description":"Prestige N 263, Juin 2015Cette ann\u00e9e, le premier mai en Italie et surtout \u00e0 Milan \u00e9tait tr\u00e8s attendu et pour cause: enfin la fameuse Expo Universelle centr\u00e9e sur le th\u00e8me \u00abNourrir la plan\u00e8te, \u00e9nergie pour la vie\u00bb, qui durera jusqu\u2019au 31 octobre, allait ouvrir ses portes. Et ce, en d\u00e9pit de pol\u00e9miques, d\u2019arr\u00eats de travaux dus \u00e0 des infiltrations mafieuses, etc. Qu\u2019importe si les 50 pavillons s\u2019\u00e9talant sur 1,000,000.00 de m2,","breadcrumb":{"@id":"https:\/\/www.prestigemag.co\/fr\/2015\/06\/grande-inauguration-de-lexpo-entre-duomo-et-silos\/#breadcrumb"},"inLanguage":"fr-FR","potentialAction":[{"@type":"ReadAction","target":["https:\/\/www.prestigemag.co\/fr\/2015\/06\/grande-inauguration-de-lexpo-entre-duomo-et-silos\/"]}]},{"@type":"BreadcrumbList","@id":"https:\/\/www.prestigemag.co\/fr\/2015\/06\/grande-inauguration-de-lexpo-entre-duomo-et-silos\/#breadcrumb","itemListElement":[{"@type":"ListItem","position":1,"name":"Home","item":"https:\/\/www.prestigemag.co\/fr\/"},{"@type":"ListItem","position":2,"name":"Grande Inauguration de l\u2019Expo entre Duomo et Silos"}]},{"@type":"Article","@id":"https:\/\/www.prestigemag.co\/fr\/2015\/06\/grande-inauguration-de-lexpo-entre-duomo-et-silos\/#article","isPartOf":{"@id":"https:\/\/www.prestigemag.co\/fr\/2015\/06\/grande-inauguration-de-lexpo-entre-duomo-et-silos\/"},"author":{"name":"prestige","@id":"https:\/\/www.prestigemag.co\/#\/schema\/person\/e3f149368970128d68bb2d797bf30fbc"},"headline":"Grande Inauguration de l\u2019Expo entre Duomo et Silos","datePublished":"2015-06-17T08:52:55+00:00","dateModified":"2015-06-17T08:52:55+00:00","mainEntityOfPage":{"@id":"https:\/\/www.prestigemag.co\/fr\/2015\/06\/grande-inauguration-de-lexpo-entre-duomo-et-silos\/"},"wordCount":742,"publisher":{"@id":"https:\/\/www.prestigemag.co\/#organization"},"articleSection":["\u00c9v\u00e9nements","Inauguration"],"inLanguage":"fr-FR"},{"@type":"Person","@id":"https:\/\/www.prestigemag.co\/#\/schema\/person\/e3f149368970128d68bb2d797bf30fbc","name":"prestige","image":{"@type":"ImageObject","inLanguage":"fr-FR","@id":"https:\/\/www.prestigemag.co\/#\/schema\/person\/image\/","url":"https:\/\/secure.gravatar.com\/avatar\/0aa2dff5484d35e50578639a2c3ccef9?s=96&d=mm&r=g","contentUrl":"https:\/\/secure.gravatar.com\/avatar\/0aa2dff5484d35e50578639a2c3ccef9?s=96&d=mm&r=g","caption":"prestige"},"url":"https:\/\/www.prestigemag.co\/fr\/author\/prestige\/"}]}},"_links":{"self":[{"href":"https:\/\/www.prestigemag.co\/fr\/wp-json\/wp\/v2\/posts\/20139"}],"collection":[{"href":"https:\/\/www.prestigemag.co\/fr\/wp-json\/wp\/v2\/posts"}],"about":[{"href":"https:\/\/www.prestigemag.co\/fr\/wp-json\/wp\/v2\/types\/post"}],"author":[{"embeddable":true,"href":"https:\/\/www.prestigemag.co\/fr\/wp-json\/wp\/v2\/users\/3"}],"replies":[{"embeddable":true,"href":"https:\/\/www.prestigemag.co\/fr\/wp-json\/wp\/v2\/comments?post=20139"}],"version-history":[{"count":0,"href":"https:\/\/www.prestigemag.co\/fr\/wp-json\/wp\/v2\/posts\/20139\/revisions"}],"wp:attachment":[{"href":"https:\/\/www.prestigemag.co\/fr\/wp-json\/wp\/v2\/media?parent=20139"}],"wp:term":[{"taxonomy":"category","embeddable":true,"href":"https:\/\/www.prestigemag.co\/fr\/wp-json\/wp\/v2\/categories?post=20139"},{"taxonomy":"post_tag","embeddable":true,"href":"https:\/\/www.prestigemag.co\/fr\/wp-json\/wp\/v2\/tags?post=20139"}],"curies":[{"name":"wp","href":"https:\/\/api.w.org\/{rel}","templated":true}]}}