{"id":20159,"date":"2015-06-25T12:55:43","date_gmt":"2015-06-25T12:55:43","guid":{"rendered":"http:\/\/www.prestigemag.co\/2015\/06\/fete-nationale-argentine\/"},"modified":"2015-06-25T12:55:43","modified_gmt":"2015-06-25T12:55:43","slug":"fete-nationale-argentine","status":"publish","type":"post","link":"https:\/\/www.prestigemag.co\/fr\/2015\/06\/fete-nationale-argentine\/","title":{"rendered":"F\u00eate Nationale Argentine"},"content":{"rendered":"<p><a href=\"http:\/\/www.prestigemag.co\/wp-content\/uploads\/2015\/06\/230.jpg\"><img src=\"data:image\/svg+xml,%3Csvg%20xmlns='http:\/\/www.w3.org\/2000\/svg'%20viewBox='0%200%2078%%20247'%3E%3C\/svg%3E\" class=\"zeen-lazy-load-base zeen-lazy-load alignnone size-full wp-image-5569\" data-lazy-src=\"http:\/\/www.prestigemag.co\/wp-content\/uploads\/2015\/06\/230.jpg\" alt=\"230\" width=\"78%\" data-lazy-srcset=\"https:\/\/www.prestigemag.co\/wp-content\/uploads\/2015\/06\/230.jpg 787w, https:\/\/www.prestigemag.co\/wp-content\/uploads\/2015\/06\/230-300x170.jpg 300w, https:\/\/www.prestigemag.co\/wp-content\/uploads\/2015\/06\/230-150x85.jpg 150w, https:\/\/www.prestigemag.co\/wp-content\/uploads\/2015\/06\/230-600x340.jpg 600w, https:\/\/www.prestigemag.co\/wp-content\/uploads\/2015\/06\/230-221x125.jpg 221w, https:\/\/www.prestigemag.co\/wp-content\/uploads\/2015\/06\/230-118x67.jpg 118w\" data-lazy-sizes=\"(max-width: 787px) 100vw, 787px\" \/><noscript><img class=\"alignnone size-full wp-image-5569\" src=\"http:\/\/www.prestigemag.co\/wp-content\/uploads\/2015\/06\/230.jpg\" alt=\"230\" width=\"78%\" srcset=\"https:\/\/www.prestigemag.co\/wp-content\/uploads\/2015\/06\/230.jpg 787w, https:\/\/www.prestigemag.co\/wp-content\/uploads\/2015\/06\/230-300x170.jpg 300w, https:\/\/www.prestigemag.co\/wp-content\/uploads\/2015\/06\/230-150x85.jpg 150w, https:\/\/www.prestigemag.co\/wp-content\/uploads\/2015\/06\/230-600x340.jpg 600w, https:\/\/www.prestigemag.co\/wp-content\/uploads\/2015\/06\/230-221x125.jpg 221w, https:\/\/www.prestigemag.co\/wp-content\/uploads\/2015\/06\/230-118x67.jpg 118w\" sizes=\"(max-width: 787px) 100vw, 787px\" \/><\/noscript><\/a><\/p>\n<p>\u00a9 Prestige<\/p>\n<p>La f\u00eate nationale argentine a \u00e9t\u00e9 c\u00e9l\u00e9br\u00e9e par l\u2019ambassadeur et Mme Ricardo Larriera, lors d\u2019une belle r\u00e9ception \u00e0 la r\u00e9sidence de l\u2019ambassade \u00e0 Naccache. Le corps diplomatique \u00e9tranger et une pl\u00e9iade de personnalit\u00e9s politiques \u00e9taient l\u00e0 pour comm\u00e9morer la date du 25 mai 1810.<\/p>\n<p><a href=\"http:\/\/www.prestigemag.co\/wp-content\/uploads\/2015\/06\/11.jpg\"><img src=\"data:image\/svg+xml,%3Csvg%20xmlns='http:\/\/www.w3.org\/2000\/svg'%20viewBox='0%200%2037%%20247'%3E%3C\/svg%3E\" class=\"zeen-lazy-load-base zeen-lazy-load alignnone  wp-image-5570\" data-lazy-src=\"http:\/\/www.prestigemag.co\/wp-content\/uploads\/2015\/06\/11.jpg\" alt=\"11\" width=\"37%\" data-lazy-srcset=\"https:\/\/www.prestigemag.co\/wp-content\/uploads\/2015\/06\/11.jpg 787w, https:\/\/www.prestigemag.co\/wp-content\/uploads\/2015\/06\/11-300x200.jpg 300w, https:\/\/www.prestigemag.co\/wp-content\/uploads\/2015\/06\/11-150x100.jpg 150w, https:\/\/www.prestigemag.co\/wp-content\/uploads\/2015\/06\/11-562x375.jpg 562w, https:\/\/www.prestigemag.co\/wp-content\/uploads\/2015\/06\/11-187x125.jpg 187w, https:\/\/www.prestigemag.co\/wp-content\/uploads\/2015\/06\/11-100x67.jpg 100w\" data-lazy-sizes=\"(max-width: 787px) 100vw, 787px\" \/><noscript><img class=\"alignnone  wp-image-5570\" src=\"http:\/\/www.prestigemag.co\/wp-content\/uploads\/2015\/06\/11.jpg\" alt=\"11\" width=\"37%\" srcset=\"https:\/\/www.prestigemag.co\/wp-content\/uploads\/2015\/06\/11.jpg 787w, https:\/\/www.prestigemag.co\/wp-content\/uploads\/2015\/06\/11-300x200.jpg 300w, https:\/\/www.prestigemag.co\/wp-content\/uploads\/2015\/06\/11-150x100.jpg 150w, https:\/\/www.prestigemag.co\/wp-content\/uploads\/2015\/06\/11-562x375.jpg 562w, https:\/\/www.prestigemag.co\/wp-content\/uploads\/2015\/06\/11-187x125.jpg 187w, https:\/\/www.prestigemag.co\/wp-content\/uploads\/2015\/06\/11-100x67.jpg 100w\" sizes=\"(max-width: 787px) 100vw, 787px\" \/><\/noscript><\/a><\/p>\n<p>&nbsp;<\/p>\n<p>\u00a9 Prestige<\/p>\n","protected":false},"excerpt":{"rendered":"<p><em>La f\u00eate nationale argentine a \u00e9t\u00e9 c\u00e9l\u00e9br\u00e9e par l\u2019ambassadeur et Mme Ricardo Larriera, lors d\u2019une belle r\u00e9ception \u00e0 la r\u00e9sidence de l\u2019ambassade \u00e0 Naccache.<\/em><\/p>\n","protected":false},"author":3,"featured_media":0,"comment_status":"closed","ping_status":"closed","sticky":false,"template":"","format":"standard","meta":[],"categories":[13359,13333],"tags":[],"yoast_head":"<!-- This site is optimized with the Yoast SEO plugin v19.4 - https:\/\/yoast.com\/wordpress\/plugins\/seo\/ -->\n<title>F\u00eate Nationale Argentine - Prestige Magazine<\/title>\n<meta name=\"description\" content=\"La f\u00eate nationale argentine a \u00e9t\u00e9 c\u00e9l\u00e9br\u00e9e par l\u2019ambassadeur et Mme Ricardo Larriera, lors d\u2019une belle r\u00e9ception \u00e0 la r\u00e9sidence de l\u2019ambassade \u00e0 Naccache.\" \/>\n<meta name=\"robots\" content=\"index, follow, max-snippet:-1, max-image-preview:large, max-video-preview:-1\" \/>\n<link rel=\"canonical\" href=\"https:\/\/www.prestigemag.co\/fr\/2015\/06\/fete-nationale-argentine\/\" \/>\n<meta property=\"og:locale\" content=\"fr_FR\" \/>\n<meta property=\"og:type\" content=\"article\" \/>\n<meta property=\"og:title\" content=\"F\u00eate Nationale Argentine - Prestige Magazine\" \/>\n<meta property=\"og:description\" content=\"La f\u00eate nationale argentine a \u00e9t\u00e9 c\u00e9l\u00e9br\u00e9e par l\u2019ambassadeur et Mme Ricardo Larriera, lors d\u2019une belle r\u00e9ception \u00e0 la r\u00e9sidence de l\u2019ambassade \u00e0 Naccache.\" \/>\n<meta property=\"og:url\" content=\"https:\/\/www.prestigemag.co\/fr\/2015\/06\/fete-nationale-argentine\/\" \/>\n<meta property=\"og:site_name\" content=\"Prestige Magazine\" \/>\n<meta property=\"article:publisher\" content=\"https:\/\/www.facebook.com\/prestigemag.co\/\" \/>\n<meta property=\"article:published_time\" content=\"2015-06-25T12:55:43+00:00\" \/>\n<meta property=\"og:image\" content=\"http:\/\/www.prestigemag.co\/wp-content\/uploads\/2015\/06\/230.jpg\" \/>\n<meta name=\"author\" content=\"prestige\" \/>\n<meta name=\"twitter:card\" content=\"summary\" \/>\n<meta name=\"twitter:label1\" content=\"\u00c9crit par\" \/>\n\t<meta name=\"twitter:data1\" content=\"prestige\" \/>\n<script type=\"application\/ld+json\" class=\"yoast-schema-graph\">{\"@context\":\"https:\/\/schema.org\",\"@graph\":[{\"@type\":\"Organization\",\"@id\":\"https:\/\/www.prestigemag.co\/#organization\",\"name\":\"Prestige\",\"url\":\"https:\/\/www.prestigemag.co\/\",\"sameAs\":[\"https:\/\/www.instagram.com\/prestige.mag\/\",\"https:\/\/www.facebook.com\/prestigemag.co\/\"],\"logo\":{\"@type\":\"ImageObject\",\"inLanguage\":\"fr-FR\",\"@id\":\"https:\/\/www.prestigemag.co\/#\/schema\/logo\/image\/\",\"url\":\"https:\/\/www.prestigemag.co\/wp-content\/uploads\/2021\/11\/logo-Prestige-800x200-1.png\",\"contentUrl\":\"https:\/\/www.prestigemag.co\/wp-content\/uploads\/2021\/11\/logo-Prestige-800x200-1.png\",\"width\":800,\"height\":200,\"caption\":\"Prestige\"},\"image\":{\"@id\":\"https:\/\/www.prestigemag.co\/#\/schema\/logo\/image\/\"}},{\"@type\":\"WebSite\",\"@id\":\"https:\/\/www.prestigemag.co\/#website\",\"url\":\"https:\/\/www.prestigemag.co\/\",\"name\":\"Prestige Magazine\",\"description\":\"Le Monde Des C\u00e9l\u00e9brit\u00e9s\",\"publisher\":{\"@id\":\"https:\/\/www.prestigemag.co\/#organization\"},\"potentialAction\":[{\"@type\":\"SearchAction\",\"target\":{\"@type\":\"EntryPoint\",\"urlTemplate\":\"https:\/\/www.prestigemag.co\/?s={search_term_string}\"},\"query-input\":\"required name=search_term_string\"}],\"inLanguage\":\"fr-FR\"},{\"@type\":\"WebPage\",\"@id\":\"https:\/\/www.prestigemag.co\/fr\/2015\/06\/fete-nationale-argentine\/\",\"url\":\"https:\/\/www.prestigemag.co\/fr\/2015\/06\/fete-nationale-argentine\/\",\"name\":\"F\u00eate Nationale Argentine - Prestige Magazine\",\"isPartOf\":{\"@id\":\"https:\/\/www.prestigemag.co\/#website\"},\"datePublished\":\"2015-06-25T12:55:43+00:00\",\"dateModified\":\"2015-06-25T12:55:43+00:00\",\"description\":\"La f\u00eate nationale argentine a \u00e9t\u00e9 c\u00e9l\u00e9br\u00e9e par l\u2019ambassadeur et Mme Ricardo Larriera, lors d\u2019une belle r\u00e9ception \u00e0 la r\u00e9sidence de l\u2019ambassade \u00e0 Naccache.\",\"breadcrumb\":{\"@id\":\"https:\/\/www.prestigemag.co\/fr\/2015\/06\/fete-nationale-argentine\/#breadcrumb\"},\"inLanguage\":\"fr-FR\",\"potentialAction\":[{\"@type\":\"ReadAction\",\"target\":[\"https:\/\/www.prestigemag.co\/fr\/2015\/06\/fete-nationale-argentine\/\"]}]},{\"@type\":\"BreadcrumbList\",\"@id\":\"https:\/\/www.prestigemag.co\/fr\/2015\/06\/fete-nationale-argentine\/#breadcrumb\",\"itemListElement\":[{\"@type\":\"ListItem\",\"position\":1,\"name\":\"Home\",\"item\":\"https:\/\/www.prestigemag.co\/fr\/\"},{\"@type\":\"ListItem\",\"position\":2,\"name\":\"F\u00eate Nationale Argentine\"}]},{\"@type\":\"Article\",\"@id\":\"https:\/\/www.prestigemag.co\/fr\/2015\/06\/fete-nationale-argentine\/#article\",\"isPartOf\":{\"@id\":\"https:\/\/www.prestigemag.co\/fr\/2015\/06\/fete-nationale-argentine\/\"},\"author\":{\"name\":\"prestige\",\"@id\":\"https:\/\/www.prestigemag.co\/#\/schema\/person\/e3f149368970128d68bb2d797bf30fbc\"},\"headline\":\"F\u00eate Nationale Argentine\",\"datePublished\":\"2015-06-25T12:55:43+00:00\",\"dateModified\":\"2015-06-25T12:55:43+00:00\",\"mainEntityOfPage\":{\"@id\":\"https:\/\/www.prestigemag.co\/fr\/2015\/06\/fete-nationale-argentine\/\"},\"wordCount\":59,\"publisher\":{\"@id\":\"https:\/\/www.prestigemag.co\/#organization\"},\"articleSection\":[\"D\u00eeners &amp; Cocktails\",\"\u00c9v\u00e9nements\"],\"inLanguage\":\"fr-FR\"},{\"@type\":\"Person\",\"@id\":\"https:\/\/www.prestigemag.co\/#\/schema\/person\/e3f149368970128d68bb2d797bf30fbc\",\"name\":\"prestige\",\"image\":{\"@type\":\"ImageObject\",\"inLanguage\":\"fr-FR\",\"@id\":\"https:\/\/www.prestigemag.co\/#\/schema\/person\/image\/\",\"url\":\"https:\/\/secure.gravatar.com\/avatar\/0aa2dff5484d35e50578639a2c3ccef9?s=96&d=mm&r=g\",\"contentUrl\":\"https:\/\/secure.gravatar.com\/avatar\/0aa2dff5484d35e50578639a2c3ccef9?s=96&d=mm&r=g\",\"caption\":\"prestige\"},\"url\":\"https:\/\/www.prestigemag.co\/fr\/author\/prestige\/\"}]}<\/script>\n<!-- \/ Yoast SEO plugin. -->","yoast_head_json":{"title":"F\u00eate Nationale Argentine - Prestige Magazine","description":"La f\u00eate nationale argentine a \u00e9t\u00e9 c\u00e9l\u00e9br\u00e9e par l\u2019ambassadeur et Mme Ricardo Larriera, lors d\u2019une belle r\u00e9ception \u00e0 la r\u00e9sidence de l\u2019ambassade \u00e0 Naccache.","robots":{"index":"index","follow":"follow","max-snippet":"max-snippet:-1","max-image-preview":"max-image-preview:large","max-video-preview":"max-video-preview:-1"},"canonical":"https:\/\/www.prestigemag.co\/fr\/2015\/06\/fete-nationale-argentine\/","og_locale":"fr_FR","og_type":"article","og_title":"F\u00eate Nationale Argentine - Prestige Magazine","og_description":"La f\u00eate nationale argentine a \u00e9t\u00e9 c\u00e9l\u00e9br\u00e9e par l\u2019ambassadeur et Mme Ricardo Larriera, lors d\u2019une belle r\u00e9ception \u00e0 la r\u00e9sidence de l\u2019ambassade \u00e0 Naccache.","og_url":"https:\/\/www.prestigemag.co\/fr\/2015\/06\/fete-nationale-argentine\/","og_site_name":"Prestige Magazine","article_publisher":"https:\/\/www.facebook.com\/prestigemag.co\/","article_published_time":"2015-06-25T12:55:43+00:00","og_image":[{"url":"http:\/\/www.prestigemag.co\/wp-content\/uploads\/2015\/06\/230.jpg"}],"author":"prestige","twitter_card":"summary","twitter_misc":{"\u00c9crit par":"prestige"},"schema":{"@context":"https:\/\/schema.org","@graph":[{"@type":"Organization","@id":"https:\/\/www.prestigemag.co\/#organization","name":"Prestige","url":"https:\/\/www.prestigemag.co\/","sameAs":["https:\/\/www.instagram.com\/prestige.mag\/","https:\/\/www.facebook.com\/prestigemag.co\/"],"logo":{"@type":"ImageObject","inLanguage":"fr-FR","@id":"https:\/\/www.prestigemag.co\/#\/schema\/logo\/image\/","url":"https:\/\/www.prestigemag.co\/wp-content\/uploads\/2021\/11\/logo-Prestige-800x200-1.png","contentUrl":"https:\/\/www.prestigemag.co\/wp-content\/uploads\/2021\/11\/logo-Prestige-800x200-1.png","width":800,"height":200,"caption":"Prestige"},"image":{"@id":"https:\/\/www.prestigemag.co\/#\/schema\/logo\/image\/"}},{"@type":"WebSite","@id":"https:\/\/www.prestigemag.co\/#website","url":"https:\/\/www.prestigemag.co\/","name":"Prestige Magazine","description":"Le Monde Des C\u00e9l\u00e9brit\u00e9s","publisher":{"@id":"https:\/\/www.prestigemag.co\/#organization"},"potentialAction":[{"@type":"SearchAction","target":{"@type":"EntryPoint","urlTemplate":"https:\/\/www.prestigemag.co\/?s={search_term_string}"},"query-input":"required name=search_term_string"}],"inLanguage":"fr-FR"},{"@type":"WebPage","@id":"https:\/\/www.prestigemag.co\/fr\/2015\/06\/fete-nationale-argentine\/","url":"https:\/\/www.prestigemag.co\/fr\/2015\/06\/fete-nationale-argentine\/","name":"F\u00eate Nationale Argentine - Prestige Magazine","isPartOf":{"@id":"https:\/\/www.prestigemag.co\/#website"},"datePublished":"2015-06-25T12:55:43+00:00","dateModified":"2015-06-25T12:55:43+00:00","description":"La f\u00eate nationale argentine a \u00e9t\u00e9 c\u00e9l\u00e9br\u00e9e par l\u2019ambassadeur et Mme Ricardo Larriera, lors d\u2019une belle r\u00e9ception \u00e0 la r\u00e9sidence de l\u2019ambassade \u00e0 Naccache.","breadcrumb":{"@id":"https:\/\/www.prestigemag.co\/fr\/2015\/06\/fete-nationale-argentine\/#breadcrumb"},"inLanguage":"fr-FR","potentialAction":[{"@type":"ReadAction","target":["https:\/\/www.prestigemag.co\/fr\/2015\/06\/fete-nationale-argentine\/"]}]},{"@type":"BreadcrumbList","@id":"https:\/\/www.prestigemag.co\/fr\/2015\/06\/fete-nationale-argentine\/#breadcrumb","itemListElement":[{"@type":"ListItem","position":1,"name":"Home","item":"https:\/\/www.prestigemag.co\/fr\/"},{"@type":"ListItem","position":2,"name":"F\u00eate Nationale Argentine"}]},{"@type":"Article","@id":"https:\/\/www.prestigemag.co\/fr\/2015\/06\/fete-nationale-argentine\/#article","isPartOf":{"@id":"https:\/\/www.prestigemag.co\/fr\/2015\/06\/fete-nationale-argentine\/"},"author":{"name":"prestige","@id":"https:\/\/www.prestigemag.co\/#\/schema\/person\/e3f149368970128d68bb2d797bf30fbc"},"headline":"F\u00eate Nationale Argentine","datePublished":"2015-06-25T12:55:43+00:00","dateModified":"2015-06-25T12:55:43+00:00","mainEntityOfPage":{"@id":"https:\/\/www.prestigemag.co\/fr\/2015\/06\/fete-nationale-argentine\/"},"wordCount":59,"publisher":{"@id":"https:\/\/www.prestigemag.co\/#organization"},"articleSection":["D\u00eeners &amp; Cocktails","\u00c9v\u00e9nements"],"inLanguage":"fr-FR"},{"@type":"Person","@id":"https:\/\/www.prestigemag.co\/#\/schema\/person\/e3f149368970128d68bb2d797bf30fbc","name":"prestige","image":{"@type":"ImageObject","inLanguage":"fr-FR","@id":"https:\/\/www.prestigemag.co\/#\/schema\/person\/image\/","url":"https:\/\/secure.gravatar.com\/avatar\/0aa2dff5484d35e50578639a2c3ccef9?s=96&d=mm&r=g","contentUrl":"https:\/\/secure.gravatar.com\/avatar\/0aa2dff5484d35e50578639a2c3ccef9?s=96&d=mm&r=g","caption":"prestige"},"url":"https:\/\/www.prestigemag.co\/fr\/author\/prestige\/"}]}},"_links":{"self":[{"href":"https:\/\/www.prestigemag.co\/fr\/wp-json\/wp\/v2\/posts\/20159"}],"collection":[{"href":"https:\/\/www.prestigemag.co\/fr\/wp-json\/wp\/v2\/posts"}],"about":[{"href":"https:\/\/www.prestigemag.co\/fr\/wp-json\/wp\/v2\/types\/post"}],"author":[{"embeddable":true,"href":"https:\/\/www.prestigemag.co\/fr\/wp-json\/wp\/v2\/users\/3"}],"replies":[{"embeddable":true,"href":"https:\/\/www.prestigemag.co\/fr\/wp-json\/wp\/v2\/comments?post=20159"}],"version-history":[{"count":0,"href":"https:\/\/www.prestigemag.co\/fr\/wp-json\/wp\/v2\/posts\/20159\/revisions"}],"wp:attachment":[{"href":"https:\/\/www.prestigemag.co\/fr\/wp-json\/wp\/v2\/media?parent=20159"}],"wp:term":[{"taxonomy":"category","embeddable":true,"href":"https:\/\/www.prestigemag.co\/fr\/wp-json\/wp\/v2\/categories?post=20159"},{"taxonomy":"post_tag","embeddable":true,"href":"https:\/\/www.prestigemag.co\/fr\/wp-json\/wp\/v2\/tags?post=20159"}],"curies":[{"name":"wp","href":"https:\/\/api.w.org\/{rel}","templated":true}]}}