{"id":20251,"date":"2015-07-17T12:18:44","date_gmt":"2015-07-17T12:18:44","guid":{"rendered":"http:\/\/www.prestigemag.co\/2015\/07\/au-phoenicia-la-soiree-glamour-de-lassociation-damitie-liban-bresil\/"},"modified":"2015-07-17T12:18:44","modified_gmt":"2015-07-17T12:18:44","slug":"au-phoenicia-la-soiree-glamour-de-lassociation-damitie-liban-bresil","status":"publish","type":"post","link":"https:\/\/www.prestigemag.co\/fr\/2015\/07\/au-phoenicia-la-soiree-glamour-de-lassociation-damitie-liban-bresil\/","title":{"rendered":"Au Phoenicia, la soir\u00e9e glamour de l&rsquo;association d&rsquo;amiti\u00e9 Liban-Br\u00e9sil"},"content":{"rendered":"<p><em>Prestige N\u00ba 264-265, Juillet-Ao\u00fbt 2015<\/em><\/p>\n<p><a href=\"http:\/\/www.prestigemag.co\/wp-content\/uploads\/2015\/07\/Liban-Br\u00e9sil.jpg\"><img src=\"data:image\/svg+xml,%3Csvg%20xmlns='http:\/\/www.w3.org\/2000\/svg'%20viewBox='0%200%2078%%20247'%3E%3C\/svg%3E\" class=\"zeen-lazy-load-base zeen-lazy-load alignnone size-full wp-image-5952\" data-lazy-src=\"http:\/\/www.prestigemag.co\/wp-content\/uploads\/2015\/07\/Liban-Br\u00e9sil.jpg\" alt=\"Liban Br\u00e9sil\" width=\"78%\" data-lazy-srcset=\"https:\/\/www.prestigemag.co\/wp-content\/uploads\/2015\/07\/Liban-Br\u00e9sil.jpg 787w, https:\/\/www.prestigemag.co\/wp-content\/uploads\/2015\/07\/Liban-Br\u00e9sil-300x167.jpg 300w, https:\/\/www.prestigemag.co\/wp-content\/uploads\/2015\/07\/Liban-Br\u00e9sil-150x84.jpg 150w, https:\/\/www.prestigemag.co\/wp-content\/uploads\/2015\/07\/Liban-Br\u00e9sil-600x335.jpg 600w, https:\/\/www.prestigemag.co\/wp-content\/uploads\/2015\/07\/Liban-Br\u00e9sil-224x125.jpg 224w, https:\/\/www.prestigemag.co\/wp-content\/uploads\/2015\/07\/Liban-Br\u00e9sil-120x67.jpg 120w\" data-lazy-sizes=\"(max-width: 787px) 100vw, 787px\" \/><noscript><img class=\"alignnone size-full wp-image-5952\" src=\"http:\/\/www.prestigemag.co\/wp-content\/uploads\/2015\/07\/Liban-Br\u00e9sil.jpg\" alt=\"Liban Br\u00e9sil\" width=\"78%\" srcset=\"https:\/\/www.prestigemag.co\/wp-content\/uploads\/2015\/07\/Liban-Br\u00e9sil.jpg 787w, https:\/\/www.prestigemag.co\/wp-content\/uploads\/2015\/07\/Liban-Br\u00e9sil-300x167.jpg 300w, https:\/\/www.prestigemag.co\/wp-content\/uploads\/2015\/07\/Liban-Br\u00e9sil-150x84.jpg 150w, https:\/\/www.prestigemag.co\/wp-content\/uploads\/2015\/07\/Liban-Br\u00e9sil-600x335.jpg 600w, https:\/\/www.prestigemag.co\/wp-content\/uploads\/2015\/07\/Liban-Br\u00e9sil-224x125.jpg 224w, https:\/\/www.prestigemag.co\/wp-content\/uploads\/2015\/07\/Liban-Br\u00e9sil-120x67.jpg 120w\" sizes=\"(max-width: 787px) 100vw, 787px\" \/><\/noscript><\/a><\/p>\n<p>\u00a9 Prestige<\/p>\n<p>C&rsquo;est avec les couleurs du Br\u00e9sil, sa magie et sa musique que s&rsquo;est d\u00e9roul\u00e9 le d\u00eener de gala de l&rsquo;association d&rsquo;amiti\u00e9 Liban-Br\u00e9sil au Ballroom de l&rsquo;h\u00f4tel Phoenicia.<\/p>\n<p><a href=\"http:\/\/www.prestigemag.co\/wp-content\/uploads\/2015\/07\/liban-br\u00e9sil-1.jpg\"><img src=\"data:image\/svg+xml,%3Csvg%20xmlns='http:\/\/www.w3.org\/2000\/svg'%20viewBox='0%200%2078%%20247'%3E%3C\/svg%3E\" class=\"zeen-lazy-load-base zeen-lazy-load alignnone size-full wp-image-5953\" data-lazy-src=\"http:\/\/www.prestigemag.co\/wp-content\/uploads\/2015\/07\/liban-br\u00e9sil-1.jpg\" alt=\"liban br\u00e9sil 1\" width=\"78%\" data-lazy-srcset=\"https:\/\/www.prestigemag.co\/wp-content\/uploads\/2015\/07\/liban-br\u00e9sil-1.jpg 787w, https:\/\/www.prestigemag.co\/wp-content\/uploads\/2015\/07\/liban-br\u00e9sil-1-300x200.jpg 300w, https:\/\/www.prestigemag.co\/wp-content\/uploads\/2015\/07\/liban-br\u00e9sil-1-150x100.jpg 150w, https:\/\/www.prestigemag.co\/wp-content\/uploads\/2015\/07\/liban-br\u00e9sil-1-562x375.jpg 562w, https:\/\/www.prestigemag.co\/wp-content\/uploads\/2015\/07\/liban-br\u00e9sil-1-187x125.jpg 187w, https:\/\/www.prestigemag.co\/wp-content\/uploads\/2015\/07\/liban-br\u00e9sil-1-100x67.jpg 100w\" data-lazy-sizes=\"(max-width: 787px) 100vw, 787px\" \/><noscript><img class=\"alignnone size-full wp-image-5953\" src=\"http:\/\/www.prestigemag.co\/wp-content\/uploads\/2015\/07\/liban-br\u00e9sil-1.jpg\" alt=\"liban br\u00e9sil 1\" width=\"78%\" srcset=\"https:\/\/www.prestigemag.co\/wp-content\/uploads\/2015\/07\/liban-br\u00e9sil-1.jpg 787w, https:\/\/www.prestigemag.co\/wp-content\/uploads\/2015\/07\/liban-br\u00e9sil-1-300x200.jpg 300w, https:\/\/www.prestigemag.co\/wp-content\/uploads\/2015\/07\/liban-br\u00e9sil-1-150x100.jpg 150w, https:\/\/www.prestigemag.co\/wp-content\/uploads\/2015\/07\/liban-br\u00e9sil-1-562x375.jpg 562w, https:\/\/www.prestigemag.co\/wp-content\/uploads\/2015\/07\/liban-br\u00e9sil-1-187x125.jpg 187w, https:\/\/www.prestigemag.co\/wp-content\/uploads\/2015\/07\/liban-br\u00e9sil-1-100x67.jpg 100w\" sizes=\"(max-width: 787px) 100vw, 787px\" \/><\/noscript><\/a><\/p>\n<p>\u00a9 Prestige<\/p>\n","protected":false},"excerpt":{"rendered":"<p><em>Prestige N 264-265, Juillet &#8211; Aout 2015<\/em><br \/>C&rsquo;est avec les couleurs du Br\u00e9sil, sa magie et sa musique que s&rsquo;est d\u00e9roul\u00e9 le d\u00eener de gala de l&rsquo;association d&rsquo;amiti\u00e9 Liban-Br\u00e9sil au Ballroom de l&rsquo;h\u00f4tel Phoenicia.<\/p>\n","protected":false},"author":3,"featured_media":0,"comment_status":"closed","ping_status":"closed","sticky":false,"template":"","format":"standard","meta":[],"categories":[13359,13333],"tags":[],"yoast_head":"<!-- This site is optimized with the Yoast SEO plugin v19.4 - https:\/\/yoast.com\/wordpress\/plugins\/seo\/ -->\n<title>Au Phoenicia, la soir\u00e9e glamour de l&#039;association d&#039;amiti\u00e9 Liban-Br\u00e9sil - Prestige Magazine<\/title>\n<meta name=\"description\" content=\"Prestige N 264-265, Juillet - Aout 2015C&#039;est avec les couleurs du Br\u00e9sil, sa magie et sa musique que s&#039;est d\u00e9roul\u00e9 le d\u00eener de gala de l&#039;association d&#039;amiti\u00e9 Liban-Br\u00e9sil au Ballroom de l&#039;h\u00f4tel Phoenicia.\" \/>\n<meta name=\"robots\" content=\"index, follow, max-snippet:-1, max-image-preview:large, max-video-preview:-1\" \/>\n<link rel=\"canonical\" href=\"https:\/\/www.prestigemag.co\/fr\/2015\/07\/au-phoenicia-la-soiree-glamour-de-lassociation-damitie-liban-bresil\/\" \/>\n<meta property=\"og:locale\" content=\"fr_FR\" \/>\n<meta property=\"og:type\" content=\"article\" \/>\n<meta property=\"og:title\" content=\"Au Phoenicia, la soir\u00e9e glamour de l&#039;association d&#039;amiti\u00e9 Liban-Br\u00e9sil - Prestige Magazine\" \/>\n<meta property=\"og:description\" content=\"Prestige N 264-265, Juillet - Aout 2015C&#039;est avec les couleurs du Br\u00e9sil, sa magie et sa musique que s&#039;est d\u00e9roul\u00e9 le d\u00eener de gala de l&#039;association d&#039;amiti\u00e9 Liban-Br\u00e9sil au Ballroom de l&#039;h\u00f4tel Phoenicia.\" \/>\n<meta property=\"og:url\" content=\"https:\/\/www.prestigemag.co\/fr\/2015\/07\/au-phoenicia-la-soiree-glamour-de-lassociation-damitie-liban-bresil\/\" \/>\n<meta property=\"og:site_name\" content=\"Prestige Magazine\" \/>\n<meta property=\"article:publisher\" content=\"https:\/\/www.facebook.com\/prestigemag.co\/\" \/>\n<meta property=\"article:published_time\" content=\"2015-07-17T12:18:44+00:00\" \/>\n<meta property=\"og:image\" content=\"https:\/\/www.prestigemag.co\/wp-content\/uploads\/2022\/08\/facebook-default-sharing-image-1200x630-1.png\" \/>\n\t<meta property=\"og:image:width\" content=\"1200\" \/>\n\t<meta property=\"og:image:height\" content=\"630\" \/>\n\t<meta property=\"og:image:type\" content=\"image\/png\" \/>\n<meta name=\"author\" content=\"prestige\" \/>\n<meta name=\"twitter:card\" content=\"summary\" \/>\n<meta name=\"twitter:label1\" content=\"\u00c9crit par\" \/>\n\t<meta name=\"twitter:data1\" content=\"prestige\" \/>\n<script type=\"application\/ld+json\" class=\"yoast-schema-graph\">{\"@context\":\"https:\/\/schema.org\",\"@graph\":[{\"@type\":\"Organization\",\"@id\":\"https:\/\/www.prestigemag.co\/#organization\",\"name\":\"Prestige\",\"url\":\"https:\/\/www.prestigemag.co\/\",\"sameAs\":[\"https:\/\/www.instagram.com\/prestige.mag\/\",\"https:\/\/www.facebook.com\/prestigemag.co\/\"],\"logo\":{\"@type\":\"ImageObject\",\"inLanguage\":\"fr-FR\",\"@id\":\"https:\/\/www.prestigemag.co\/#\/schema\/logo\/image\/\",\"url\":\"https:\/\/www.prestigemag.co\/wp-content\/uploads\/2021\/11\/logo-Prestige-800x200-1.png\",\"contentUrl\":\"https:\/\/www.prestigemag.co\/wp-content\/uploads\/2021\/11\/logo-Prestige-800x200-1.png\",\"width\":800,\"height\":200,\"caption\":\"Prestige\"},\"image\":{\"@id\":\"https:\/\/www.prestigemag.co\/#\/schema\/logo\/image\/\"}},{\"@type\":\"WebSite\",\"@id\":\"https:\/\/www.prestigemag.co\/#website\",\"url\":\"https:\/\/www.prestigemag.co\/\",\"name\":\"Prestige Magazine\",\"description\":\"Le Monde Des C\u00e9l\u00e9brit\u00e9s\",\"publisher\":{\"@id\":\"https:\/\/www.prestigemag.co\/#organization\"},\"potentialAction\":[{\"@type\":\"SearchAction\",\"target\":{\"@type\":\"EntryPoint\",\"urlTemplate\":\"https:\/\/www.prestigemag.co\/?s={search_term_string}\"},\"query-input\":\"required name=search_term_string\"}],\"inLanguage\":\"fr-FR\"},{\"@type\":\"WebPage\",\"@id\":\"https:\/\/www.prestigemag.co\/fr\/2015\/07\/au-phoenicia-la-soiree-glamour-de-lassociation-damitie-liban-bresil\/\",\"url\":\"https:\/\/www.prestigemag.co\/fr\/2015\/07\/au-phoenicia-la-soiree-glamour-de-lassociation-damitie-liban-bresil\/\",\"name\":\"Au Phoenicia, la soir\u00e9e glamour de l'association d'amiti\u00e9 Liban-Br\u00e9sil - Prestige Magazine\",\"isPartOf\":{\"@id\":\"https:\/\/www.prestigemag.co\/#website\"},\"datePublished\":\"2015-07-17T12:18:44+00:00\",\"dateModified\":\"2015-07-17T12:18:44+00:00\",\"description\":\"Prestige N 264-265, Juillet - Aout 2015C'est avec les couleurs du Br\u00e9sil, sa magie et sa musique que s'est d\u00e9roul\u00e9 le d\u00eener de gala de l'association d'amiti\u00e9 Liban-Br\u00e9sil au Ballroom de l'h\u00f4tel Phoenicia.\",\"breadcrumb\":{\"@id\":\"https:\/\/www.prestigemag.co\/fr\/2015\/07\/au-phoenicia-la-soiree-glamour-de-lassociation-damitie-liban-bresil\/#breadcrumb\"},\"inLanguage\":\"fr-FR\",\"potentialAction\":[{\"@type\":\"ReadAction\",\"target\":[\"https:\/\/www.prestigemag.co\/fr\/2015\/07\/au-phoenicia-la-soiree-glamour-de-lassociation-damitie-liban-bresil\/\"]}]},{\"@type\":\"BreadcrumbList\",\"@id\":\"https:\/\/www.prestigemag.co\/fr\/2015\/07\/au-phoenicia-la-soiree-glamour-de-lassociation-damitie-liban-bresil\/#breadcrumb\",\"itemListElement\":[{\"@type\":\"ListItem\",\"position\":1,\"name\":\"Home\",\"item\":\"https:\/\/www.prestigemag.co\/fr\/\"},{\"@type\":\"ListItem\",\"position\":2,\"name\":\"Au Phoenicia, la soir\u00e9e glamour de l&rsquo;association d&rsquo;amiti\u00e9 Liban-Br\u00e9sil\"}]},{\"@type\":\"Article\",\"@id\":\"https:\/\/www.prestigemag.co\/fr\/2015\/07\/au-phoenicia-la-soiree-glamour-de-lassociation-damitie-liban-bresil\/#article\",\"isPartOf\":{\"@id\":\"https:\/\/www.prestigemag.co\/fr\/2015\/07\/au-phoenicia-la-soiree-glamour-de-lassociation-damitie-liban-bresil\/\"},\"author\":{\"name\":\"prestige\",\"@id\":\"https:\/\/www.prestigemag.co\/#\/schema\/person\/e3f149368970128d68bb2d797bf30fbc\"},\"headline\":\"Au Phoenicia, la soir\u00e9e glamour de l&rsquo;association d&rsquo;amiti\u00e9 Liban-Br\u00e9sil\",\"datePublished\":\"2015-07-17T12:18:44+00:00\",\"dateModified\":\"2015-07-17T12:18:44+00:00\",\"mainEntityOfPage\":{\"@id\":\"https:\/\/www.prestigemag.co\/fr\/2015\/07\/au-phoenicia-la-soiree-glamour-de-lassociation-damitie-liban-bresil\/\"},\"wordCount\":50,\"publisher\":{\"@id\":\"https:\/\/www.prestigemag.co\/#organization\"},\"articleSection\":[\"D\u00eeners &amp; Cocktails\",\"\u00c9v\u00e9nements\"],\"inLanguage\":\"fr-FR\"},{\"@type\":\"Person\",\"@id\":\"https:\/\/www.prestigemag.co\/#\/schema\/person\/e3f149368970128d68bb2d797bf30fbc\",\"name\":\"prestige\",\"image\":{\"@type\":\"ImageObject\",\"inLanguage\":\"fr-FR\",\"@id\":\"https:\/\/www.prestigemag.co\/#\/schema\/person\/image\/\",\"url\":\"https:\/\/secure.gravatar.com\/avatar\/0aa2dff5484d35e50578639a2c3ccef9?s=96&d=mm&r=g\",\"contentUrl\":\"https:\/\/secure.gravatar.com\/avatar\/0aa2dff5484d35e50578639a2c3ccef9?s=96&d=mm&r=g\",\"caption\":\"prestige\"},\"url\":\"https:\/\/www.prestigemag.co\/fr\/author\/prestige\/\"}]}<\/script>\n<!-- \/ Yoast SEO plugin. -->","yoast_head_json":{"title":"Au Phoenicia, la soir\u00e9e glamour de l'association d'amiti\u00e9 Liban-Br\u00e9sil - Prestige Magazine","description":"Prestige N 264-265, Juillet - Aout 2015C'est avec les couleurs du Br\u00e9sil, sa magie et sa musique que s'est d\u00e9roul\u00e9 le d\u00eener de gala de l'association d'amiti\u00e9 Liban-Br\u00e9sil au Ballroom de l'h\u00f4tel Phoenicia.","robots":{"index":"index","follow":"follow","max-snippet":"max-snippet:-1","max-image-preview":"max-image-preview:large","max-video-preview":"max-video-preview:-1"},"canonical":"https:\/\/www.prestigemag.co\/fr\/2015\/07\/au-phoenicia-la-soiree-glamour-de-lassociation-damitie-liban-bresil\/","og_locale":"fr_FR","og_type":"article","og_title":"Au Phoenicia, la soir\u00e9e glamour de l'association d'amiti\u00e9 Liban-Br\u00e9sil - Prestige Magazine","og_description":"Prestige N 264-265, Juillet - Aout 2015C'est avec les couleurs du Br\u00e9sil, sa magie et sa musique que s'est d\u00e9roul\u00e9 le d\u00eener de gala de l'association d'amiti\u00e9 Liban-Br\u00e9sil au Ballroom de l'h\u00f4tel Phoenicia.","og_url":"https:\/\/www.prestigemag.co\/fr\/2015\/07\/au-phoenicia-la-soiree-glamour-de-lassociation-damitie-liban-bresil\/","og_site_name":"Prestige Magazine","article_publisher":"https:\/\/www.facebook.com\/prestigemag.co\/","article_published_time":"2015-07-17T12:18:44+00:00","og_image":[{"width":1200,"height":630,"url":"https:\/\/www.prestigemag.co\/wp-content\/uploads\/2022\/08\/facebook-default-sharing-image-1200x630-1.png","type":"image\/png"}],"author":"prestige","twitter_card":"summary","twitter_misc":{"\u00c9crit par":"prestige"},"schema":{"@context":"https:\/\/schema.org","@graph":[{"@type":"Organization","@id":"https:\/\/www.prestigemag.co\/#organization","name":"Prestige","url":"https:\/\/www.prestigemag.co\/","sameAs":["https:\/\/www.instagram.com\/prestige.mag\/","https:\/\/www.facebook.com\/prestigemag.co\/"],"logo":{"@type":"ImageObject","inLanguage":"fr-FR","@id":"https:\/\/www.prestigemag.co\/#\/schema\/logo\/image\/","url":"https:\/\/www.prestigemag.co\/wp-content\/uploads\/2021\/11\/logo-Prestige-800x200-1.png","contentUrl":"https:\/\/www.prestigemag.co\/wp-content\/uploads\/2021\/11\/logo-Prestige-800x200-1.png","width":800,"height":200,"caption":"Prestige"},"image":{"@id":"https:\/\/www.prestigemag.co\/#\/schema\/logo\/image\/"}},{"@type":"WebSite","@id":"https:\/\/www.prestigemag.co\/#website","url":"https:\/\/www.prestigemag.co\/","name":"Prestige Magazine","description":"Le Monde Des C\u00e9l\u00e9brit\u00e9s","publisher":{"@id":"https:\/\/www.prestigemag.co\/#organization"},"potentialAction":[{"@type":"SearchAction","target":{"@type":"EntryPoint","urlTemplate":"https:\/\/www.prestigemag.co\/?s={search_term_string}"},"query-input":"required name=search_term_string"}],"inLanguage":"fr-FR"},{"@type":"WebPage","@id":"https:\/\/www.prestigemag.co\/fr\/2015\/07\/au-phoenicia-la-soiree-glamour-de-lassociation-damitie-liban-bresil\/","url":"https:\/\/www.prestigemag.co\/fr\/2015\/07\/au-phoenicia-la-soiree-glamour-de-lassociation-damitie-liban-bresil\/","name":"Au Phoenicia, la soir\u00e9e glamour de l'association d'amiti\u00e9 Liban-Br\u00e9sil - Prestige Magazine","isPartOf":{"@id":"https:\/\/www.prestigemag.co\/#website"},"datePublished":"2015-07-17T12:18:44+00:00","dateModified":"2015-07-17T12:18:44+00:00","description":"Prestige N 264-265, Juillet - Aout 2015C'est avec les couleurs du Br\u00e9sil, sa magie et sa musique que s'est d\u00e9roul\u00e9 le d\u00eener de gala de l'association d'amiti\u00e9 Liban-Br\u00e9sil au Ballroom de l'h\u00f4tel Phoenicia.","breadcrumb":{"@id":"https:\/\/www.prestigemag.co\/fr\/2015\/07\/au-phoenicia-la-soiree-glamour-de-lassociation-damitie-liban-bresil\/#breadcrumb"},"inLanguage":"fr-FR","potentialAction":[{"@type":"ReadAction","target":["https:\/\/www.prestigemag.co\/fr\/2015\/07\/au-phoenicia-la-soiree-glamour-de-lassociation-damitie-liban-bresil\/"]}]},{"@type":"BreadcrumbList","@id":"https:\/\/www.prestigemag.co\/fr\/2015\/07\/au-phoenicia-la-soiree-glamour-de-lassociation-damitie-liban-bresil\/#breadcrumb","itemListElement":[{"@type":"ListItem","position":1,"name":"Home","item":"https:\/\/www.prestigemag.co\/fr\/"},{"@type":"ListItem","position":2,"name":"Au Phoenicia, la soir\u00e9e glamour de l&rsquo;association d&rsquo;amiti\u00e9 Liban-Br\u00e9sil"}]},{"@type":"Article","@id":"https:\/\/www.prestigemag.co\/fr\/2015\/07\/au-phoenicia-la-soiree-glamour-de-lassociation-damitie-liban-bresil\/#article","isPartOf":{"@id":"https:\/\/www.prestigemag.co\/fr\/2015\/07\/au-phoenicia-la-soiree-glamour-de-lassociation-damitie-liban-bresil\/"},"author":{"name":"prestige","@id":"https:\/\/www.prestigemag.co\/#\/schema\/person\/e3f149368970128d68bb2d797bf30fbc"},"headline":"Au Phoenicia, la soir\u00e9e glamour de l&rsquo;association d&rsquo;amiti\u00e9 Liban-Br\u00e9sil","datePublished":"2015-07-17T12:18:44+00:00","dateModified":"2015-07-17T12:18:44+00:00","mainEntityOfPage":{"@id":"https:\/\/www.prestigemag.co\/fr\/2015\/07\/au-phoenicia-la-soiree-glamour-de-lassociation-damitie-liban-bresil\/"},"wordCount":50,"publisher":{"@id":"https:\/\/www.prestigemag.co\/#organization"},"articleSection":["D\u00eeners &amp; Cocktails","\u00c9v\u00e9nements"],"inLanguage":"fr-FR"},{"@type":"Person","@id":"https:\/\/www.prestigemag.co\/#\/schema\/person\/e3f149368970128d68bb2d797bf30fbc","name":"prestige","image":{"@type":"ImageObject","inLanguage":"fr-FR","@id":"https:\/\/www.prestigemag.co\/#\/schema\/person\/image\/","url":"https:\/\/secure.gravatar.com\/avatar\/0aa2dff5484d35e50578639a2c3ccef9?s=96&d=mm&r=g","contentUrl":"https:\/\/secure.gravatar.com\/avatar\/0aa2dff5484d35e50578639a2c3ccef9?s=96&d=mm&r=g","caption":"prestige"},"url":"https:\/\/www.prestigemag.co\/fr\/author\/prestige\/"}]}},"_links":{"self":[{"href":"https:\/\/www.prestigemag.co\/fr\/wp-json\/wp\/v2\/posts\/20251"}],"collection":[{"href":"https:\/\/www.prestigemag.co\/fr\/wp-json\/wp\/v2\/posts"}],"about":[{"href":"https:\/\/www.prestigemag.co\/fr\/wp-json\/wp\/v2\/types\/post"}],"author":[{"embeddable":true,"href":"https:\/\/www.prestigemag.co\/fr\/wp-json\/wp\/v2\/users\/3"}],"replies":[{"embeddable":true,"href":"https:\/\/www.prestigemag.co\/fr\/wp-json\/wp\/v2\/comments?post=20251"}],"version-history":[{"count":0,"href":"https:\/\/www.prestigemag.co\/fr\/wp-json\/wp\/v2\/posts\/20251\/revisions"}],"wp:attachment":[{"href":"https:\/\/www.prestigemag.co\/fr\/wp-json\/wp\/v2\/media?parent=20251"}],"wp:term":[{"taxonomy":"category","embeddable":true,"href":"https:\/\/www.prestigemag.co\/fr\/wp-json\/wp\/v2\/categories?post=20251"},{"taxonomy":"post_tag","embeddable":true,"href":"https:\/\/www.prestigemag.co\/fr\/wp-json\/wp\/v2\/tags?post=20251"}],"curies":[{"name":"wp","href":"https:\/\/api.w.org\/{rel}","templated":true}]}}