{"id":20269,"date":"2015-08-12T09:10:08","date_gmt":"2015-08-12T09:10:08","guid":{"rendered":"http:\/\/www.prestigemag.co\/2015\/08\/cara-delevingne\/"},"modified":"2015-08-12T09:10:08","modified_gmt":"2015-08-12T09:10:08","slug":"cara-delevingne","status":"publish","type":"post","link":"https:\/\/www.prestigemag.co\/fr\/2015\/08\/cara-delevingne\/","title":{"rendered":"Cara Delevingne"},"content":{"rendered":"<p><em>Prestige Guide Montres Juillet-Aout 2015<\/em><\/p>\n<h3>Un physique de gar\u00e7on manqu\u00e9 et une personnalit\u00e9 s\u00fbre d\u2019elle-m\u00eame, \u00e0 part&#8230; Avec son nez en trompette, son teint de poup\u00e9e, ses sourcils \u00e9pais, son regard vert mutin et sa silhouette d\u2019oiseau gracile, Cara Jocelyn Delevingne, l\u2019actrice britannique, mannequin et ambassadrice de la marque horlog\u00e8re Tag Heuer, est une personne franche, confiante en elle, directe et fan de r\u00e9seaux sociaux. Sa vie est une aventure qu\u2019elle adore. Dans cette interview, elle confie ses impressions sur sa vie, sur le temps et sur Tag Heuer. A sa mani\u00e8re spontan\u00e9e et courageuse.<\/h3>\n<p><a href=\"http:\/\/www.prestigemag.co\/wp-content\/uploads\/2015\/08\/TAGHeuer_CARA_DELEVINGNE_CleanVisual.jpg\"><img src=\"data:image\/svg+xml,%3Csvg%20xmlns='http:\/\/www.w3.org\/2000\/svg'%20viewBox='0%200%2078%%20247'%3E%3C\/svg%3E\" class=\"zeen-lazy-load-base zeen-lazy-load alignnone size-full wp-image-6472\" data-lazy-src=\"http:\/\/www.prestigemag.co\/wp-content\/uploads\/2015\/08\/TAGHeuer_CARA_DELEVINGNE_CleanVisual.jpg\" alt=\"TAGHeuer_CARA_DELEVINGNE_CleanVisual\" width=\"78%\" data-lazy-srcset=\"https:\/\/www.prestigemag.co\/wp-content\/uploads\/2015\/08\/TAGHeuer_CARA_DELEVINGNE_CleanVisual.jpg 787w, https:\/\/www.prestigemag.co\/wp-content\/uploads\/2015\/08\/TAGHeuer_CARA_DELEVINGNE_CleanVisual-300x140.jpg 300w, https:\/\/www.prestigemag.co\/wp-content\/uploads\/2015\/08\/TAGHeuer_CARA_DELEVINGNE_CleanVisual-150x70.jpg 150w, https:\/\/www.prestigemag.co\/wp-content\/uploads\/2015\/08\/TAGHeuer_CARA_DELEVINGNE_CleanVisual-600x281.jpg 600w, https:\/\/www.prestigemag.co\/wp-content\/uploads\/2015\/08\/TAGHeuer_CARA_DELEVINGNE_CleanVisual-267x125.jpg 267w, https:\/\/www.prestigemag.co\/wp-content\/uploads\/2015\/08\/TAGHeuer_CARA_DELEVINGNE_CleanVisual-143x67.jpg 143w\" data-lazy-sizes=\"(max-width: 787px) 100vw, 787px\" \/><noscript><img class=\"alignnone size-full wp-image-6472\" src=\"http:\/\/www.prestigemag.co\/wp-content\/uploads\/2015\/08\/TAGHeuer_CARA_DELEVINGNE_CleanVisual.jpg\" alt=\"TAGHeuer_CARA_DELEVINGNE_CleanVisual\" width=\"78%\" srcset=\"https:\/\/www.prestigemag.co\/wp-content\/uploads\/2015\/08\/TAGHeuer_CARA_DELEVINGNE_CleanVisual.jpg 787w, https:\/\/www.prestigemag.co\/wp-content\/uploads\/2015\/08\/TAGHeuer_CARA_DELEVINGNE_CleanVisual-300x140.jpg 300w, https:\/\/www.prestigemag.co\/wp-content\/uploads\/2015\/08\/TAGHeuer_CARA_DELEVINGNE_CleanVisual-150x70.jpg 150w, https:\/\/www.prestigemag.co\/wp-content\/uploads\/2015\/08\/TAGHeuer_CARA_DELEVINGNE_CleanVisual-600x281.jpg 600w, https:\/\/www.prestigemag.co\/wp-content\/uploads\/2015\/08\/TAGHeuer_CARA_DELEVINGNE_CleanVisual-267x125.jpg 267w, https:\/\/www.prestigemag.co\/wp-content\/uploads\/2015\/08\/TAGHeuer_CARA_DELEVINGNE_CleanVisual-143x67.jpg 143w\" sizes=\"(max-width: 787px) 100vw, 787px\" \/><\/noscript><\/a><\/p>\n<p>Le lion, tatou\u00e9 sur le doigt de Cara, est symbole de courage et d\u2019originalit\u00e9. C\u2019est aussi son signe astrologique.\u00a0\u00a9 Tag Heuer<\/p>\n<h2>\u00abLa montre me permet de ne pas perdre le nord\u00bb<\/h2>\n<p><strong><em>Cara, de quoi avez-vous besoin pour passer une journ\u00e9e parfaite?<\/em><\/strong> Je ne crois pas que la perfection existe vraiment. Je ne crois pas au perfectionnisme. Je suis perfectionniste, mais je\u2026<\/p>\n<p><strong><em>Disons plut\u00f4t pour passer une tr\u00e8s bonne journ\u00e9e&#8230; Une bonne journ\u00e9e?<\/em><\/strong> Je crois plut\u00f4t aux moments parfaits. A mon avis, cela d\u00e9pend des gens qui nous entourent. Je crois que, quoi qu\u2019on fasse, il faut faire ce qu\u2019on aime, ce qui nous rend heureux. Tant que \u00e7a ne fait de mal \u00e0 personne.<\/p>\n<p><strong><em>Qu\u2019est-ce qui vous rend heureuse? <\/em><\/strong>J\u2019aime jouer de la musique, \u00e9crire, voir des amis que je ne vois jamais, et rattraper le temps perdu.<\/p>\n<p><strong><em>Comment d\u00e9cririez-vous Tag Heuer? Quelles sont ses principales caract\u00e9ristiques?<\/em><\/strong> Tag Heuer est une marque connue pour son audace, pour sortir des sentiers battus. Pour r\u00e9fl\u00e9chir \u00e0 de nouvelles voies pour la marque, pour faire les choses diff\u00e9remment. Je pense que des gens fantastiques travaillent pour eux, et \u00e7a se voit: tout ce qu\u2019ils font cache une excellente qualit\u00e9. J\u2019adore faire partie de cette \u00e9quipe g\u00e9niale.<\/p>\n<p><strong><em>Quel est le moment de haute pression dont vous vous souvenez le plus?<\/em><\/strong> Il y en a beaucoup. C\u2019est marrant, parce que c\u2019est gr\u00e2ce \u00e0 la pression qu\u2019on obtient des diamants. On a besoin de pression. Moi, j\u2019en ai besoin. Je dois toujours travailler sous la pression, car je travaille mieux comme \u00e7a. Certaines personnes craquent, d\u2019autres non. Je m\u2019en sers comme du stress et de la peur. Je trouve que c\u2019est ce qui permet de faire tout ce qu\u2019on fait et qui pousse \u00e0 aller plus loin. J\u2019essaie de repenser \u00e0 un moment particulier. Pour moi, je pense que la musique est s\u00fbrement l\u2019une des plus grosses sources de pression, simplement parce que je trouve cela terrifiant, et c\u2019est ce qui me donne tellement envie de jouer. Jouer en live, mettre son \u00e2me \u00e0 nu devant les gens. J\u2019ai l\u2019habitude de jouer, mais je n\u2019ai pas l\u2019habitude d\u2019\u00eatre vraiment, pleinement moi-m\u00eame, donc c\u2019est difficile.<\/p>\n<p><strong><em>Pouvez-vous nous parler de votre premi\u00e8re montre? <\/em><\/strong>Quand j\u2019\u00e9tais petite, je n\u2019aimais pas porter des accessoires, en g\u00e9n\u00e9ral. Quels qu\u2019ils soient. Mais j\u2019\u00e9crivais l\u2019heure sur mon poignet et, d\u00e8s que j\u2019y pensais, j\u2019\u00e9crivais une nouvelle heure. En quelque sorte, je me fabriquais une montre. C\u2019est amusant, parce que, maintenant, j\u2019ai le sentiment que le temps est une grosse contrainte. Mais, de toute \u00e9vidence, on a besoin de conna\u00eetre l\u2019heure la plupart du temps. Ce qui est dr\u00f4le, c\u2019est que j\u2019inventais l\u2019heure. Quand on voyage beaucoup, on souffre du d\u00e9calage horaire: j\u2019ai toujours faim, je suis toujours fatigu\u00e9e, je suis hyper-sensible, parce que je n\u2019ai pas de temps. La montre, c\u2019est la seule chose qui me permet de ne pas perdre le nord, si vous voyez ce que je veux dire. Donc je n\u2019ai jamais vraiment port\u00e9 de montre avant d\u2019\u00eatre grande.<\/p>\n<p><strong><em>Vous \u00eates \u00e0 Monaco pour le Grand Prix&#8230;Que ressentez-vous en conduisant? <\/em><\/strong>J\u2019adore conduire, mais je n\u2019ai pas mon permis! Je conduis et j\u2019aime les voitures depuis que j\u2019\u00e9tais toute petite, mais depuis que je ne vais plus \u00e0 l\u2019\u00e9cole, je n\u2019ai jamais eu le temps de passer le permis. J\u2019adore \u00eatre au volant, aux commandes, et aller vite. Comme je n\u2019ai pas le permis, c\u2019est un peu un cauchemar pour moi, donc je ne conduis pas vraiment.<\/p>\n<p><strong><em>Qu\u2019est-ce qui vous pla\u00eet dans les montres pour hommes? <\/em><\/strong>Leur grandeur, leur taille. Je ne suis pas fan de montres mignonnes; je pr\u00e9f\u00e8re les grosses. Pour moi, les montres sont le reflet des personnes qui les portent. En tout cas, les montres pour femmes sont trop petites pour moi.<\/p>\n<p><strong><em>Quelle est votre montre pr\u00e9f\u00e9r\u00e9e chez Tag Heuer? Celle que vous portez aujourd\u2019hui, ou\u2026? <\/em><\/strong>Evidemment je vais \u00eatre tr\u00e8s objective, parce que c\u2019est forc\u00e9ment la mienne. Je veux dire, c\u2019est \u00e0 peu de choses pr\u00e8s tout ce que j\u2019ai toujours voulu sur une montre. Elle a m\u00eame un lion au dos. Oui, je crois que ma pr\u00e9f\u00e9r\u00e9e, c\u2019est la Cara.<\/p>\n<p><a href=\"http:\/\/www.prestigemag.co\/wp-content\/uploads\/2015\/08\/Montre-Tag-Heuer.jpg\"><img src=\"data:image\/svg+xml,%3Csvg%20xmlns='http:\/\/www.w3.org\/2000\/svg'%20viewBox='0%200%2064%%20247'%3E%3C\/svg%3E\" class=\"zeen-lazy-load-base zeen-lazy-load alignnone wp-image-6473\" data-lazy-src=\"http:\/\/www.prestigemag.co\/wp-content\/uploads\/2015\/08\/Montre-Tag-Heuer-1024x754.jpg\" alt=\"Montre Tag Heuer\" width=\"64%\" data-lazy-srcset=\"https:\/\/www.prestigemag.co\/wp-content\/uploads\/2015\/08\/Montre-Tag-Heuer-1024x754.jpg 1024w, https:\/\/www.prestigemag.co\/wp-content\/uploads\/2015\/08\/Montre-Tag-Heuer-300x221.jpg 300w, https:\/\/www.prestigemag.co\/wp-content\/uploads\/2015\/08\/Montre-Tag-Heuer-150x110.jpg 150w, https:\/\/www.prestigemag.co\/wp-content\/uploads\/2015\/08\/Montre-Tag-Heuer-510x375.jpg 510w, https:\/\/www.prestigemag.co\/wp-content\/uploads\/2015\/08\/Montre-Tag-Heuer-170x125.jpg 170w, https:\/\/www.prestigemag.co\/wp-content\/uploads\/2015\/08\/Montre-Tag-Heuer-91x67.jpg 91w, https:\/\/www.prestigemag.co\/wp-content\/uploads\/2015\/08\/Montre-Tag-Heuer.jpg 1568w\" data-lazy-sizes=\"(max-width: 1024px) 100vw, 1024px\" \/><noscript><img class=\"alignnone wp-image-6473\" src=\"http:\/\/www.prestigemag.co\/wp-content\/uploads\/2015\/08\/Montre-Tag-Heuer-1024x754.jpg\" alt=\"Montre Tag Heuer\" width=\"64%\" srcset=\"https:\/\/www.prestigemag.co\/wp-content\/uploads\/2015\/08\/Montre-Tag-Heuer-1024x754.jpg 1024w, https:\/\/www.prestigemag.co\/wp-content\/uploads\/2015\/08\/Montre-Tag-Heuer-300x221.jpg 300w, https:\/\/www.prestigemag.co\/wp-content\/uploads\/2015\/08\/Montre-Tag-Heuer-150x110.jpg 150w, https:\/\/www.prestigemag.co\/wp-content\/uploads\/2015\/08\/Montre-Tag-Heuer-510x375.jpg 510w, https:\/\/www.prestigemag.co\/wp-content\/uploads\/2015\/08\/Montre-Tag-Heuer-170x125.jpg 170w, https:\/\/www.prestigemag.co\/wp-content\/uploads\/2015\/08\/Montre-Tag-Heuer-91x67.jpg 91w, https:\/\/www.prestigemag.co\/wp-content\/uploads\/2015\/08\/Montre-Tag-Heuer.jpg 1568w\" sizes=\"(max-width: 1024px) 100vw, 1024px\" \/><\/noscript><\/a><\/p>\n<p>Montre Tag Heuer Carrera Cara Delevingne, bo\u00eetier en acier trait\u00e9 carbure de titane et serti de 72 diamants blancs, bracelet veau matelass\u00e9.\u00a0\u00a9 Tag Heuer.<\/p>\n<h2>\u00abLes montres sont le reflet\u00a0des personnes qui les portent.\u00bb<\/h2>\n<p><strong><em>Pouvez-vous nous parler du lion tatou\u00e9 sur votre doigt? Celui qu\u2019on voit dans la pub avec le tigre? <\/em><\/strong>C\u2019est le tout premier tatouage que je me suis fait faire. J\u2019ai le sentiment que le lion est mon animal totem, m\u00eame si je ne sais pas exactement ce que \u00e7a signifie. C\u2019est aussi mon signe astrologique. Quand j\u2019\u00e9tais petite, et m\u00eame encore maintenant, j\u2019ai l\u2019impression de n\u2019avoir peur de rien et que je peux foncer partout t\u00eate baiss\u00e9e. Le lion a toujours repr\u00e9sent\u00e9 cela pour moi: \u00eatre courageux et d\u00e9fendre ses id\u00e9es. Donc j\u2019ai d\u00e9cid\u00e9 de le porter au doigt pour \u00eatre originale.<\/p>\n<p><strong><em>Vous \u00eates tr\u00e8s active sur les r\u00e9seaux sociaux, et tr\u00e8s suivie. Seriez-vous un mod\u00e8le pour vos \u00abfollowers\u00bb? <\/em><\/strong>Vous voulez dire un bon mod\u00e8le? Bien s\u00fbr que je suis un mod\u00e8le, puisqu\u2019ils me suivent. Un bon mod\u00e8le, je l\u2019esp\u00e8re. J\u2019esp\u00e8re \u00eatre une sorte de mentor, les adolescents sont ma cible principale. Etre soi-m\u00eame et avoir confiance en soi. Quoi qu\u2019en pensent les autres, il faut \u00e9couter son c\u0153ur et faire preuve de courage. Donc oui, je l\u2019esp\u00e8re.<\/p>\n<p><strong><em>Vous aimez la musique, et vous en \u00e9crivez m\u00eame. Quel est votre morceau pr\u00e9f\u00e9r\u00e9?<\/em><\/strong> Tout d\u00e9pend de mon humeur, de ce que j\u2019ai envie de ressentir, si je l\u2019\u00e9coute toute seule ou avec d\u2019autres personnes. Je ne pr\u00e9f\u00e8re pas un morceau en particulier. J\u2019aime trop la musique pour en choisir un morceau. Si quelqu\u2019un a une chanson pr\u00e9f\u00e9r\u00e9e, je trouve cela beaucoup trop plat. J\u2019ai l\u2019impression qu\u2019elle pourrait changer en l\u2019espace d\u2019une heure. Je ne peux pas non plus dire qui est mon groupe pr\u00e9f\u00e9r\u00e9. J\u2019aime tous les genres de musiques, il y a du bon et du mauvais dans tout.<\/p>\n<p><strong><em>Et qu\u2019est-ce qui vous fait danser?<\/em><\/strong> La musique! Quel que soit le genre, tant qu\u2019il y a des percussions et du rythme, je danse.<\/p>\n<p>&nbsp;<\/p>\n<p>&nbsp;<\/p>\n","protected":false},"excerpt":{"rendered":"<p><em>Prestige Guide Montres, Juillet-Aout 2015<\/em><br \/>Un physique de gar\u00e7on manqu\u00e9 et une personnalit\u00e9 s\u00fbre d\u2019elle-m\u00eame, \u00e0 part&#8230; Avec son nez en trompette, son teint de poup\u00e9e, ses sourcils \u00e9pais, son regard vert mutin et sa silhouette d\u2019oiseau gracile, Cara Jocelyn Delevingne, l\u2019actrice britannique, mannequin et ambassadrice de la marque horlog\u00e8re Tag Heuer, <\/p>\n","protected":false},"author":3,"featured_media":0,"comment_status":"closed","ping_status":"closed","sticky":false,"template":"","format":"standard","meta":[],"categories":[13331,13329],"tags":[],"yoast_head":"<!-- This site is optimized with the Yoast SEO plugin v19.4 - https:\/\/yoast.com\/wordpress\/plugins\/seo\/ -->\n<title>Cara Delevingne - Prestige Magazine<\/title>\n<meta name=\"description\" content=\"Prestige Guide Montres, Juillet-Aout 2015Un physique de gar\u00e7on manqu\u00e9 et une personnalit\u00e9 s\u00fbre d\u2019elle-m\u00eame, \u00e0 part... Avec son nez en trompette, son teint de poup\u00e9e, ses sourcils \u00e9pais, son regard vert mutin et sa silhouette d\u2019oiseau gracile, Cara Jocelyn Delevingne, l\u2019actrice britannique, mannequin et ambassadrice de la marque horlog\u00e8re Tag Heuer,\" \/>\n<meta name=\"robots\" content=\"index, follow, max-snippet:-1, max-image-preview:large, max-video-preview:-1\" \/>\n<link rel=\"canonical\" href=\"https:\/\/www.prestigemag.co\/fr\/2015\/08\/cara-delevingne\/\" \/>\n<meta property=\"og:locale\" content=\"fr_FR\" \/>\n<meta property=\"og:type\" content=\"article\" \/>\n<meta property=\"og:title\" content=\"Cara Delevingne - Prestige Magazine\" \/>\n<meta property=\"og:description\" content=\"Prestige Guide Montres, Juillet-Aout 2015Un physique de gar\u00e7on manqu\u00e9 et une personnalit\u00e9 s\u00fbre d\u2019elle-m\u00eame, \u00e0 part... Avec son nez en trompette, son teint de poup\u00e9e, ses sourcils \u00e9pais, son regard vert mutin et sa silhouette d\u2019oiseau gracile, Cara Jocelyn Delevingne, l\u2019actrice britannique, mannequin et ambassadrice de la marque horlog\u00e8re Tag Heuer,\" \/>\n<meta property=\"og:url\" content=\"https:\/\/www.prestigemag.co\/fr\/2015\/08\/cara-delevingne\/\" \/>\n<meta property=\"og:site_name\" content=\"Prestige Magazine\" \/>\n<meta property=\"article:publisher\" content=\"https:\/\/www.facebook.com\/prestigemag.co\/\" \/>\n<meta property=\"article:published_time\" content=\"2015-08-12T09:10:08+00:00\" \/>\n<meta property=\"og:image\" content=\"http:\/\/www.prestigemag.co\/wp-content\/uploads\/2015\/08\/TAGHeuer_CARA_DELEVINGNE_CleanVisual.jpg\" \/>\n<meta name=\"author\" content=\"prestige\" \/>\n<meta name=\"twitter:card\" content=\"summary\" \/>\n<meta name=\"twitter:label1\" content=\"\u00c9crit par\" \/>\n\t<meta name=\"twitter:data1\" content=\"prestige\" \/>\n\t<meta name=\"twitter:label2\" content=\"Dur\u00e9e de lecture estim\u00e9e\" \/>\n\t<meta name=\"twitter:data2\" content=\"6 minutes\" \/>\n<script type=\"application\/ld+json\" class=\"yoast-schema-graph\">{\"@context\":\"https:\/\/schema.org\",\"@graph\":[{\"@type\":\"Organization\",\"@id\":\"https:\/\/www.prestigemag.co\/#organization\",\"name\":\"Prestige\",\"url\":\"https:\/\/www.prestigemag.co\/\",\"sameAs\":[\"https:\/\/www.instagram.com\/prestige.mag\/\",\"https:\/\/www.facebook.com\/prestigemag.co\/\"],\"logo\":{\"@type\":\"ImageObject\",\"inLanguage\":\"fr-FR\",\"@id\":\"https:\/\/www.prestigemag.co\/#\/schema\/logo\/image\/\",\"url\":\"https:\/\/www.prestigemag.co\/wp-content\/uploads\/2021\/11\/logo-Prestige-800x200-1.png\",\"contentUrl\":\"https:\/\/www.prestigemag.co\/wp-content\/uploads\/2021\/11\/logo-Prestige-800x200-1.png\",\"width\":800,\"height\":200,\"caption\":\"Prestige\"},\"image\":{\"@id\":\"https:\/\/www.prestigemag.co\/#\/schema\/logo\/image\/\"}},{\"@type\":\"WebSite\",\"@id\":\"https:\/\/www.prestigemag.co\/#website\",\"url\":\"https:\/\/www.prestigemag.co\/\",\"name\":\"Prestige Magazine\",\"description\":\"Le Monde Des C\u00e9l\u00e9brit\u00e9s\",\"publisher\":{\"@id\":\"https:\/\/www.prestigemag.co\/#organization\"},\"potentialAction\":[{\"@type\":\"SearchAction\",\"target\":{\"@type\":\"EntryPoint\",\"urlTemplate\":\"https:\/\/www.prestigemag.co\/?s={search_term_string}\"},\"query-input\":\"required name=search_term_string\"}],\"inLanguage\":\"fr-FR\"},{\"@type\":\"WebPage\",\"@id\":\"https:\/\/www.prestigemag.co\/fr\/2015\/08\/cara-delevingne\/\",\"url\":\"https:\/\/www.prestigemag.co\/fr\/2015\/08\/cara-delevingne\/\",\"name\":\"Cara Delevingne - Prestige Magazine\",\"isPartOf\":{\"@id\":\"https:\/\/www.prestigemag.co\/#website\"},\"datePublished\":\"2015-08-12T09:10:08+00:00\",\"dateModified\":\"2015-08-12T09:10:08+00:00\",\"description\":\"Prestige Guide Montres, Juillet-Aout 2015Un physique de gar\u00e7on manqu\u00e9 et une personnalit\u00e9 s\u00fbre d\u2019elle-m\u00eame, \u00e0 part... Avec son nez en trompette, son teint de poup\u00e9e, ses sourcils \u00e9pais, son regard vert mutin et sa silhouette d\u2019oiseau gracile, Cara Jocelyn Delevingne, l\u2019actrice britannique, mannequin et ambassadrice de la marque horlog\u00e8re Tag Heuer,\",\"breadcrumb\":{\"@id\":\"https:\/\/www.prestigemag.co\/fr\/2015\/08\/cara-delevingne\/#breadcrumb\"},\"inLanguage\":\"fr-FR\",\"potentialAction\":[{\"@type\":\"ReadAction\",\"target\":[\"https:\/\/www.prestigemag.co\/fr\/2015\/08\/cara-delevingne\/\"]}]},{\"@type\":\"BreadcrumbList\",\"@id\":\"https:\/\/www.prestigemag.co\/fr\/2015\/08\/cara-delevingne\/#breadcrumb\",\"itemListElement\":[{\"@type\":\"ListItem\",\"position\":1,\"name\":\"Home\",\"item\":\"https:\/\/www.prestigemag.co\/fr\/\"},{\"@type\":\"ListItem\",\"position\":2,\"name\":\"Cara Delevingne\"}]},{\"@type\":\"Article\",\"@id\":\"https:\/\/www.prestigemag.co\/fr\/2015\/08\/cara-delevingne\/#article\",\"isPartOf\":{\"@id\":\"https:\/\/www.prestigemag.co\/fr\/2015\/08\/cara-delevingne\/\"},\"author\":{\"name\":\"prestige\",\"@id\":\"https:\/\/www.prestigemag.co\/#\/schema\/person\/e3f149368970128d68bb2d797bf30fbc\"},\"headline\":\"Cara Delevingne\",\"datePublished\":\"2015-08-12T09:10:08+00:00\",\"dateModified\":\"2015-08-12T09:10:08+00:00\",\"mainEntityOfPage\":{\"@id\":\"https:\/\/www.prestigemag.co\/fr\/2015\/08\/cara-delevingne\/\"},\"wordCount\":1277,\"publisher\":{\"@id\":\"https:\/\/www.prestigemag.co\/#organization\"},\"articleSection\":[\"Entrevues\",\"Horlogerie &amp; Joaillerie\"],\"inLanguage\":\"fr-FR\"},{\"@type\":\"Person\",\"@id\":\"https:\/\/www.prestigemag.co\/#\/schema\/person\/e3f149368970128d68bb2d797bf30fbc\",\"name\":\"prestige\",\"image\":{\"@type\":\"ImageObject\",\"inLanguage\":\"fr-FR\",\"@id\":\"https:\/\/www.prestigemag.co\/#\/schema\/person\/image\/\",\"url\":\"https:\/\/secure.gravatar.com\/avatar\/0aa2dff5484d35e50578639a2c3ccef9?s=96&d=mm&r=g\",\"contentUrl\":\"https:\/\/secure.gravatar.com\/avatar\/0aa2dff5484d35e50578639a2c3ccef9?s=96&d=mm&r=g\",\"caption\":\"prestige\"},\"url\":\"https:\/\/www.prestigemag.co\/fr\/author\/prestige\/\"}]}<\/script>\n<!-- \/ Yoast SEO plugin. -->","yoast_head_json":{"title":"Cara Delevingne - Prestige Magazine","description":"Prestige Guide Montres, Juillet-Aout 2015Un physique de gar\u00e7on manqu\u00e9 et une personnalit\u00e9 s\u00fbre d\u2019elle-m\u00eame, \u00e0 part... Avec son nez en trompette, son teint de poup\u00e9e, ses sourcils \u00e9pais, son regard vert mutin et sa silhouette d\u2019oiseau gracile, Cara Jocelyn Delevingne, l\u2019actrice britannique, mannequin et ambassadrice de la marque horlog\u00e8re Tag Heuer,","robots":{"index":"index","follow":"follow","max-snippet":"max-snippet:-1","max-image-preview":"max-image-preview:large","max-video-preview":"max-video-preview:-1"},"canonical":"https:\/\/www.prestigemag.co\/fr\/2015\/08\/cara-delevingne\/","og_locale":"fr_FR","og_type":"article","og_title":"Cara Delevingne - Prestige Magazine","og_description":"Prestige Guide Montres, Juillet-Aout 2015Un physique de gar\u00e7on manqu\u00e9 et une personnalit\u00e9 s\u00fbre d\u2019elle-m\u00eame, \u00e0 part... Avec son nez en trompette, son teint de poup\u00e9e, ses sourcils \u00e9pais, son regard vert mutin et sa silhouette d\u2019oiseau gracile, Cara Jocelyn Delevingne, l\u2019actrice britannique, mannequin et ambassadrice de la marque horlog\u00e8re Tag Heuer,","og_url":"https:\/\/www.prestigemag.co\/fr\/2015\/08\/cara-delevingne\/","og_site_name":"Prestige Magazine","article_publisher":"https:\/\/www.facebook.com\/prestigemag.co\/","article_published_time":"2015-08-12T09:10:08+00:00","og_image":[{"url":"http:\/\/www.prestigemag.co\/wp-content\/uploads\/2015\/08\/TAGHeuer_CARA_DELEVINGNE_CleanVisual.jpg"}],"author":"prestige","twitter_card":"summary","twitter_misc":{"\u00c9crit par":"prestige","Dur\u00e9e de lecture estim\u00e9e":"6 minutes"},"schema":{"@context":"https:\/\/schema.org","@graph":[{"@type":"Organization","@id":"https:\/\/www.prestigemag.co\/#organization","name":"Prestige","url":"https:\/\/www.prestigemag.co\/","sameAs":["https:\/\/www.instagram.com\/prestige.mag\/","https:\/\/www.facebook.com\/prestigemag.co\/"],"logo":{"@type":"ImageObject","inLanguage":"fr-FR","@id":"https:\/\/www.prestigemag.co\/#\/schema\/logo\/image\/","url":"https:\/\/www.prestigemag.co\/wp-content\/uploads\/2021\/11\/logo-Prestige-800x200-1.png","contentUrl":"https:\/\/www.prestigemag.co\/wp-content\/uploads\/2021\/11\/logo-Prestige-800x200-1.png","width":800,"height":200,"caption":"Prestige"},"image":{"@id":"https:\/\/www.prestigemag.co\/#\/schema\/logo\/image\/"}},{"@type":"WebSite","@id":"https:\/\/www.prestigemag.co\/#website","url":"https:\/\/www.prestigemag.co\/","name":"Prestige Magazine","description":"Le Monde Des C\u00e9l\u00e9brit\u00e9s","publisher":{"@id":"https:\/\/www.prestigemag.co\/#organization"},"potentialAction":[{"@type":"SearchAction","target":{"@type":"EntryPoint","urlTemplate":"https:\/\/www.prestigemag.co\/?s={search_term_string}"},"query-input":"required name=search_term_string"}],"inLanguage":"fr-FR"},{"@type":"WebPage","@id":"https:\/\/www.prestigemag.co\/fr\/2015\/08\/cara-delevingne\/","url":"https:\/\/www.prestigemag.co\/fr\/2015\/08\/cara-delevingne\/","name":"Cara Delevingne - Prestige Magazine","isPartOf":{"@id":"https:\/\/www.prestigemag.co\/#website"},"datePublished":"2015-08-12T09:10:08+00:00","dateModified":"2015-08-12T09:10:08+00:00","description":"Prestige Guide Montres, Juillet-Aout 2015Un physique de gar\u00e7on manqu\u00e9 et une personnalit\u00e9 s\u00fbre d\u2019elle-m\u00eame, \u00e0 part... Avec son nez en trompette, son teint de poup\u00e9e, ses sourcils \u00e9pais, son regard vert mutin et sa silhouette d\u2019oiseau gracile, Cara Jocelyn Delevingne, l\u2019actrice britannique, mannequin et ambassadrice de la marque horlog\u00e8re Tag Heuer,","breadcrumb":{"@id":"https:\/\/www.prestigemag.co\/fr\/2015\/08\/cara-delevingne\/#breadcrumb"},"inLanguage":"fr-FR","potentialAction":[{"@type":"ReadAction","target":["https:\/\/www.prestigemag.co\/fr\/2015\/08\/cara-delevingne\/"]}]},{"@type":"BreadcrumbList","@id":"https:\/\/www.prestigemag.co\/fr\/2015\/08\/cara-delevingne\/#breadcrumb","itemListElement":[{"@type":"ListItem","position":1,"name":"Home","item":"https:\/\/www.prestigemag.co\/fr\/"},{"@type":"ListItem","position":2,"name":"Cara Delevingne"}]},{"@type":"Article","@id":"https:\/\/www.prestigemag.co\/fr\/2015\/08\/cara-delevingne\/#article","isPartOf":{"@id":"https:\/\/www.prestigemag.co\/fr\/2015\/08\/cara-delevingne\/"},"author":{"name":"prestige","@id":"https:\/\/www.prestigemag.co\/#\/schema\/person\/e3f149368970128d68bb2d797bf30fbc"},"headline":"Cara Delevingne","datePublished":"2015-08-12T09:10:08+00:00","dateModified":"2015-08-12T09:10:08+00:00","mainEntityOfPage":{"@id":"https:\/\/www.prestigemag.co\/fr\/2015\/08\/cara-delevingne\/"},"wordCount":1277,"publisher":{"@id":"https:\/\/www.prestigemag.co\/#organization"},"articleSection":["Entrevues","Horlogerie &amp; Joaillerie"],"inLanguage":"fr-FR"},{"@type":"Person","@id":"https:\/\/www.prestigemag.co\/#\/schema\/person\/e3f149368970128d68bb2d797bf30fbc","name":"prestige","image":{"@type":"ImageObject","inLanguage":"fr-FR","@id":"https:\/\/www.prestigemag.co\/#\/schema\/person\/image\/","url":"https:\/\/secure.gravatar.com\/avatar\/0aa2dff5484d35e50578639a2c3ccef9?s=96&d=mm&r=g","contentUrl":"https:\/\/secure.gravatar.com\/avatar\/0aa2dff5484d35e50578639a2c3ccef9?s=96&d=mm&r=g","caption":"prestige"},"url":"https:\/\/www.prestigemag.co\/fr\/author\/prestige\/"}]}},"_links":{"self":[{"href":"https:\/\/www.prestigemag.co\/fr\/wp-json\/wp\/v2\/posts\/20269"}],"collection":[{"href":"https:\/\/www.prestigemag.co\/fr\/wp-json\/wp\/v2\/posts"}],"about":[{"href":"https:\/\/www.prestigemag.co\/fr\/wp-json\/wp\/v2\/types\/post"}],"author":[{"embeddable":true,"href":"https:\/\/www.prestigemag.co\/fr\/wp-json\/wp\/v2\/users\/3"}],"replies":[{"embeddable":true,"href":"https:\/\/www.prestigemag.co\/fr\/wp-json\/wp\/v2\/comments?post=20269"}],"version-history":[{"count":0,"href":"https:\/\/www.prestigemag.co\/fr\/wp-json\/wp\/v2\/posts\/20269\/revisions"}],"wp:attachment":[{"href":"https:\/\/www.prestigemag.co\/fr\/wp-json\/wp\/v2\/media?parent=20269"}],"wp:term":[{"taxonomy":"category","embeddable":true,"href":"https:\/\/www.prestigemag.co\/fr\/wp-json\/wp\/v2\/categories?post=20269"},{"taxonomy":"post_tag","embeddable":true,"href":"https:\/\/www.prestigemag.co\/fr\/wp-json\/wp\/v2\/tags?post=20269"}],"curies":[{"name":"wp","href":"https:\/\/api.w.org\/{rel}","templated":true}]}}