{"id":20355,"date":"2015-10-09T11:53:07","date_gmt":"2015-10-09T11:53:07","guid":{"rendered":"http:\/\/www.prestigemag.co\/2015\/10\/reouverture-en-grande-pompe-du-musee-sursock\/"},"modified":"2015-10-09T11:53:07","modified_gmt":"2015-10-09T11:53:07","slug":"reouverture-en-grande-pompe-du-musee-sursock","status":"publish","type":"post","link":"https:\/\/www.prestigemag.co\/fr\/2015\/10\/reouverture-en-grande-pompe-du-musee-sursock\/","title":{"rendered":"R\u00e9ouverture en grande pompe du mus\u00e9e Sursock"},"content":{"rendered":"<p><a href=\"http:\/\/www.prestigemag.co\/wp-content\/uploads\/2015\/10\/1130-OCT.jpg\"><img src=\"data:image\/svg+xml,%3Csvg%20xmlns='http:\/\/www.w3.org\/2000\/svg'%20viewBox='0%200%2078%%20247'%3E%3C\/svg%3E\" class=\"zeen-lazy-load-base zeen-lazy-load alignnone size-full wp-image-7455\" data-lazy-src=\"http:\/\/www.prestigemag.co\/wp-content\/uploads\/2015\/10\/1130-OCT.jpg\" alt=\"1130 OCT\" width=\"78%\" data-lazy-srcset=\"https:\/\/www.prestigemag.co\/wp-content\/uploads\/2015\/10\/1130-OCT.jpg 787w, https:\/\/www.prestigemag.co\/wp-content\/uploads\/2015\/10\/1130-OCT-300x182.jpg 300w, https:\/\/www.prestigemag.co\/wp-content\/uploads\/2015\/10\/1130-OCT-150x91.jpg 150w, https:\/\/www.prestigemag.co\/wp-content\/uploads\/2015\/10\/1130-OCT-600x364.jpg 600w, https:\/\/www.prestigemag.co\/wp-content\/uploads\/2015\/10\/1130-OCT-206x125.jpg 206w, https:\/\/www.prestigemag.co\/wp-content\/uploads\/2015\/10\/1130-OCT-110x67.jpg 110w\" data-lazy-sizes=\"(max-width: 787px) 100vw, 787px\" \/><noscript><img class=\"alignnone size-full wp-image-7455\" src=\"http:\/\/www.prestigemag.co\/wp-content\/uploads\/2015\/10\/1130-OCT.jpg\" alt=\"1130 OCT\" width=\"78%\" srcset=\"https:\/\/www.prestigemag.co\/wp-content\/uploads\/2015\/10\/1130-OCT.jpg 787w, https:\/\/www.prestigemag.co\/wp-content\/uploads\/2015\/10\/1130-OCT-300x182.jpg 300w, https:\/\/www.prestigemag.co\/wp-content\/uploads\/2015\/10\/1130-OCT-150x91.jpg 150w, https:\/\/www.prestigemag.co\/wp-content\/uploads\/2015\/10\/1130-OCT-600x364.jpg 600w, https:\/\/www.prestigemag.co\/wp-content\/uploads\/2015\/10\/1130-OCT-206x125.jpg 206w, https:\/\/www.prestigemag.co\/wp-content\/uploads\/2015\/10\/1130-OCT-110x67.jpg 110w\" sizes=\"(max-width: 787px) 100vw, 787px\" \/><\/noscript><\/a><\/p>\n<p>\u00a9 Prestige<\/p>\n<p>Malgr\u00e9 les m\u00e9dias internationaux qui ne se focalisent que sur une manifestation de protestation \u00e0 Beyrouth, le mus\u00e9e Sursock a rouvert ses portes apr\u00e8s des travaux de r\u00e9novation et d\u2019agrandissement. L\u2019inauguration s\u2019est d\u00e9roul\u00e9e sous le patronage du Premier ministre et d\u2019un grand nombre de personnalit\u00e9s.<\/p>\n<p>Le mus\u00e9e accueille dans ses diff\u00e9rentes salles, trois expositions diff\u00e9rentes et c e jusqu\u2019au 11 janvier 2016.<\/p>\n<ul>\n<li><strong>La collection du mus\u00e9e<\/strong><\/li>\n<\/ul>\n<p>Une s\u00e9lection de peintures faisant partie de la collection permanente du mus\u00e9e Sursock, qui se d\u00e9roule aux deux derniers \u00e9tages du mus\u00e9e et qui retrace l\u2019art libanais moderne depuis la fin du XIX e si\u00e8cle jusqu\u2019aux ann\u00e9es 2000. C\u2019est aussi une chronique de l\u2019histoire des expositions accueillies par le mus\u00e9e depuis son ouverture en 1961.<\/p>\n<ul>\n<li><strong>Regards sur Beyrouth- 160 ans d\u2019images-1800-1960<\/strong><\/li>\n<\/ul>\n<p>Une exposition qui retrace l\u2019\u00e9volution de Beyrouth d\u2019une ville provinciale ottomane \u00e0 la capitale d\u2019un Etat \u2013 Nation. Cette exposition se d\u00e9roule dans la salle des Grandes expositions, \u00e0 travers 200 pi\u00e8ces d\u2019art provenant de collections priv\u00e9es.<\/p>\n<ul>\n<li><strong>La ville dans la ville<\/strong><\/li>\n<\/ul>\n<p>Une exposition qui se d\u00e9roule dans les galeries jumelles \u00e0 travers des photos, vid\u00e9os, cartes. Cette exposition de groupe r\u00e9v\u00e8le des travaux r\u00e9cents par des artistes, cr\u00e9ateurs et chercheurs explorant le Beyrouth contemporain.<\/p>\n<p><a href=\"http:\/\/www.prestigemag.co\/wp-content\/uploads\/2015\/10\/133-OCT.jpg\"><img src=\"data:image\/svg+xml,%3Csvg%20xmlns='http:\/\/www.w3.org\/2000\/svg'%20viewBox='0%200%2040%%20247'%3E%3C\/svg%3E\" class=\"zeen-lazy-load-base zeen-lazy-load alignnone wp-image-7456\" data-lazy-src=\"http:\/\/www.prestigemag.co\/wp-content\/uploads\/2015\/10\/133-OCT-300x200.jpg\" alt=\"133 OCT\" width=\"40%\" data-lazy-srcset=\"https:\/\/www.prestigemag.co\/wp-content\/uploads\/2015\/10\/133-OCT-300x200.jpg 300w, https:\/\/www.prestigemag.co\/wp-content\/uploads\/2015\/10\/133-OCT-1024x683.jpg 1024w, https:\/\/www.prestigemag.co\/wp-content\/uploads\/2015\/10\/133-OCT-150x100.jpg 150w, https:\/\/www.prestigemag.co\/wp-content\/uploads\/2015\/10\/133-OCT-563x375.jpg 563w, https:\/\/www.prestigemag.co\/wp-content\/uploads\/2015\/10\/133-OCT-188x125.jpg 188w, https:\/\/www.prestigemag.co\/wp-content\/uploads\/2015\/10\/133-OCT-101x67.jpg 101w\" data-lazy-sizes=\"(max-width: 300px) 100vw, 300px\" \/><noscript><img class=\"alignnone wp-image-7456\" src=\"http:\/\/www.prestigemag.co\/wp-content\/uploads\/2015\/10\/133-OCT-300x200.jpg\" alt=\"133 OCT\" width=\"40%\" srcset=\"https:\/\/www.prestigemag.co\/wp-content\/uploads\/2015\/10\/133-OCT-300x200.jpg 300w, https:\/\/www.prestigemag.co\/wp-content\/uploads\/2015\/10\/133-OCT-1024x683.jpg 1024w, https:\/\/www.prestigemag.co\/wp-content\/uploads\/2015\/10\/133-OCT-150x100.jpg 150w, https:\/\/www.prestigemag.co\/wp-content\/uploads\/2015\/10\/133-OCT-563x375.jpg 563w, https:\/\/www.prestigemag.co\/wp-content\/uploads\/2015\/10\/133-OCT-188x125.jpg 188w, https:\/\/www.prestigemag.co\/wp-content\/uploads\/2015\/10\/133-OCT-101x67.jpg 101w\" sizes=\"(max-width: 300px) 100vw, 300px\" \/><\/noscript><\/a><a href=\"http:\/\/www.prestigemag.co\/wp-content\/uploads\/2015\/10\/142-OCT.jpg\"><img src=\"data:image\/svg+xml,%3Csvg%20xmlns='http:\/\/www.w3.org\/2000\/svg'%20viewBox='0%200%2040%%20247'%3E%3C\/svg%3E\" class=\"zeen-lazy-load-base zeen-lazy-load alignnone wp-image-7457\" data-lazy-src=\"http:\/\/www.prestigemag.co\/wp-content\/uploads\/2015\/10\/142-OCT-300x200.jpg\" alt=\"142 OCT\" width=\"40%\" data-lazy-srcset=\"https:\/\/www.prestigemag.co\/wp-content\/uploads\/2015\/10\/142-OCT-300x200.jpg 300w, https:\/\/www.prestigemag.co\/wp-content\/uploads\/2015\/10\/142-OCT-150x100.jpg 150w, https:\/\/www.prestigemag.co\/wp-content\/uploads\/2015\/10\/142-OCT-562x375.jpg 562w, https:\/\/www.prestigemag.co\/wp-content\/uploads\/2015\/10\/142-OCT-187x125.jpg 187w, https:\/\/www.prestigemag.co\/wp-content\/uploads\/2015\/10\/142-OCT-100x67.jpg 100w, https:\/\/www.prestigemag.co\/wp-content\/uploads\/2015\/10\/142-OCT.jpg 787w\" data-lazy-sizes=\"(max-width: 300px) 100vw, 300px\" \/><noscript><img class=\"alignnone wp-image-7457\" src=\"http:\/\/www.prestigemag.co\/wp-content\/uploads\/2015\/10\/142-OCT-300x200.jpg\" alt=\"142 OCT\" width=\"40%\" srcset=\"https:\/\/www.prestigemag.co\/wp-content\/uploads\/2015\/10\/142-OCT-300x200.jpg 300w, https:\/\/www.prestigemag.co\/wp-content\/uploads\/2015\/10\/142-OCT-150x100.jpg 150w, https:\/\/www.prestigemag.co\/wp-content\/uploads\/2015\/10\/142-OCT-562x375.jpg 562w, https:\/\/www.prestigemag.co\/wp-content\/uploads\/2015\/10\/142-OCT-187x125.jpg 187w, https:\/\/www.prestigemag.co\/wp-content\/uploads\/2015\/10\/142-OCT-100x67.jpg 100w, https:\/\/www.prestigemag.co\/wp-content\/uploads\/2015\/10\/142-OCT.jpg 787w\" sizes=\"(max-width: 300px) 100vw, 300px\" \/><\/noscript><\/a><\/p>\n<p>\u00a9 Prestige<\/p>\n","protected":false},"excerpt":{"rendered":"<p><em>Malgr\u00e9 les m\u00e9dias internationaux qui ne se focalisent que sur une manifestation de protestation \u00e0 Beyrouth, le mus\u00e9e Sursock a rouvert ses portes apr\u00e8s des travaux de r\u00e9novation et d\u2019agrandissement. L\u2019inauguration s\u2019est d\u00e9roul\u00e9e sous le patronage du Premier ministre et d\u2019un grand nombre de personnalit\u00e9s.<\/em><\/p>\n","protected":false},"author":3,"featured_media":0,"comment_status":"closed","ping_status":"closed","sticky":false,"template":"","format":"standard","meta":[],"categories":[13333,13360],"tags":[],"yoast_head":"<!-- This site is optimized with the Yoast SEO plugin v19.4 - https:\/\/yoast.com\/wordpress\/plugins\/seo\/ -->\n<title>R\u00e9ouverture en grande pompe du mus\u00e9e Sursock - Prestige Magazine<\/title>\n<meta name=\"description\" content=\"Malgr\u00e9 les m\u00e9dias internationaux qui ne se focalisent que sur une manifestation de protestation \u00e0 Beyrouth, le mus\u00e9e Sursock a rouvert ses portes apr\u00e8s des travaux de r\u00e9novation et d\u2019agrandissement. L\u2019inauguration s\u2019est d\u00e9roul\u00e9e sous le patronage du Premier ministre et d\u2019un grand nombre de personnalit\u00e9s.\" \/>\n<meta name=\"robots\" content=\"index, follow, max-snippet:-1, max-image-preview:large, max-video-preview:-1\" \/>\n<link rel=\"canonical\" href=\"https:\/\/www.prestigemag.co\/fr\/2015\/10\/reouverture-en-grande-pompe-du-musee-sursock\/\" \/>\n<meta property=\"og:locale\" content=\"fr_FR\" \/>\n<meta property=\"og:type\" content=\"article\" \/>\n<meta property=\"og:title\" content=\"R\u00e9ouverture en grande pompe du mus\u00e9e Sursock - Prestige Magazine\" \/>\n<meta property=\"og:description\" content=\"Malgr\u00e9 les m\u00e9dias internationaux qui ne se focalisent que sur une manifestation de protestation \u00e0 Beyrouth, le mus\u00e9e Sursock a rouvert ses portes apr\u00e8s des travaux de r\u00e9novation et d\u2019agrandissement. L\u2019inauguration s\u2019est d\u00e9roul\u00e9e sous le patronage du Premier ministre et d\u2019un grand nombre de personnalit\u00e9s.\" \/>\n<meta property=\"og:url\" content=\"https:\/\/www.prestigemag.co\/fr\/2015\/10\/reouverture-en-grande-pompe-du-musee-sursock\/\" \/>\n<meta property=\"og:site_name\" content=\"Prestige Magazine\" \/>\n<meta property=\"article:publisher\" content=\"https:\/\/www.facebook.com\/prestigemag.co\/\" \/>\n<meta property=\"article:published_time\" content=\"2015-10-09T11:53:07+00:00\" \/>\n<meta property=\"og:image\" content=\"http:\/\/www.prestigemag.co\/wp-content\/uploads\/2015\/10\/1130-OCT.jpg\" \/>\n<meta name=\"author\" content=\"prestige\" \/>\n<meta name=\"twitter:card\" content=\"summary\" \/>\n<meta name=\"twitter:label1\" content=\"\u00c9crit par\" \/>\n\t<meta name=\"twitter:data1\" content=\"prestige\" \/>\n\t<meta name=\"twitter:label2\" content=\"Dur\u00e9e de lecture estim\u00e9e\" \/>\n\t<meta name=\"twitter:data2\" content=\"1 minute\" \/>\n<script type=\"application\/ld+json\" class=\"yoast-schema-graph\">{\"@context\":\"https:\/\/schema.org\",\"@graph\":[{\"@type\":\"Organization\",\"@id\":\"https:\/\/www.prestigemag.co\/#organization\",\"name\":\"Prestige\",\"url\":\"https:\/\/www.prestigemag.co\/\",\"sameAs\":[\"https:\/\/www.instagram.com\/prestige.mag\/\",\"https:\/\/www.facebook.com\/prestigemag.co\/\"],\"logo\":{\"@type\":\"ImageObject\",\"inLanguage\":\"fr-FR\",\"@id\":\"https:\/\/www.prestigemag.co\/#\/schema\/logo\/image\/\",\"url\":\"https:\/\/www.prestigemag.co\/wp-content\/uploads\/2021\/11\/logo-Prestige-800x200-1.png\",\"contentUrl\":\"https:\/\/www.prestigemag.co\/wp-content\/uploads\/2021\/11\/logo-Prestige-800x200-1.png\",\"width\":800,\"height\":200,\"caption\":\"Prestige\"},\"image\":{\"@id\":\"https:\/\/www.prestigemag.co\/#\/schema\/logo\/image\/\"}},{\"@type\":\"WebSite\",\"@id\":\"https:\/\/www.prestigemag.co\/#website\",\"url\":\"https:\/\/www.prestigemag.co\/\",\"name\":\"Prestige Magazine\",\"description\":\"Le Monde Des C\u00e9l\u00e9brit\u00e9s\",\"publisher\":{\"@id\":\"https:\/\/www.prestigemag.co\/#organization\"},\"potentialAction\":[{\"@type\":\"SearchAction\",\"target\":{\"@type\":\"EntryPoint\",\"urlTemplate\":\"https:\/\/www.prestigemag.co\/?s={search_term_string}\"},\"query-input\":\"required name=search_term_string\"}],\"inLanguage\":\"fr-FR\"},{\"@type\":\"WebPage\",\"@id\":\"https:\/\/www.prestigemag.co\/fr\/2015\/10\/reouverture-en-grande-pompe-du-musee-sursock\/\",\"url\":\"https:\/\/www.prestigemag.co\/fr\/2015\/10\/reouverture-en-grande-pompe-du-musee-sursock\/\",\"name\":\"R\u00e9ouverture en grande pompe du mus\u00e9e Sursock - Prestige Magazine\",\"isPartOf\":{\"@id\":\"https:\/\/www.prestigemag.co\/#website\"},\"datePublished\":\"2015-10-09T11:53:07+00:00\",\"dateModified\":\"2015-10-09T11:53:07+00:00\",\"description\":\"Malgr\u00e9 les m\u00e9dias internationaux qui ne se focalisent que sur une manifestation de protestation \u00e0 Beyrouth, le mus\u00e9e Sursock a rouvert ses portes apr\u00e8s des travaux de r\u00e9novation et d\u2019agrandissement. L\u2019inauguration s\u2019est d\u00e9roul\u00e9e sous le patronage du Premier ministre et d\u2019un grand nombre de personnalit\u00e9s.\",\"breadcrumb\":{\"@id\":\"https:\/\/www.prestigemag.co\/fr\/2015\/10\/reouverture-en-grande-pompe-du-musee-sursock\/#breadcrumb\"},\"inLanguage\":\"fr-FR\",\"potentialAction\":[{\"@type\":\"ReadAction\",\"target\":[\"https:\/\/www.prestigemag.co\/fr\/2015\/10\/reouverture-en-grande-pompe-du-musee-sursock\/\"]}]},{\"@type\":\"BreadcrumbList\",\"@id\":\"https:\/\/www.prestigemag.co\/fr\/2015\/10\/reouverture-en-grande-pompe-du-musee-sursock\/#breadcrumb\",\"itemListElement\":[{\"@type\":\"ListItem\",\"position\":1,\"name\":\"Home\",\"item\":\"https:\/\/www.prestigemag.co\/fr\/\"},{\"@type\":\"ListItem\",\"position\":2,\"name\":\"R\u00e9ouverture en grande pompe du mus\u00e9e Sursock\"}]},{\"@type\":\"Article\",\"@id\":\"https:\/\/www.prestigemag.co\/fr\/2015\/10\/reouverture-en-grande-pompe-du-musee-sursock\/#article\",\"isPartOf\":{\"@id\":\"https:\/\/www.prestigemag.co\/fr\/2015\/10\/reouverture-en-grande-pompe-du-musee-sursock\/\"},\"author\":{\"name\":\"prestige\",\"@id\":\"https:\/\/www.prestigemag.co\/#\/schema\/person\/e3f149368970128d68bb2d797bf30fbc\"},\"headline\":\"R\u00e9ouverture en grande pompe du mus\u00e9e Sursock\",\"datePublished\":\"2015-10-09T11:53:07+00:00\",\"dateModified\":\"2015-10-09T11:53:07+00:00\",\"mainEntityOfPage\":{\"@id\":\"https:\/\/www.prestigemag.co\/fr\/2015\/10\/reouverture-en-grande-pompe-du-musee-sursock\/\"},\"wordCount\":244,\"publisher\":{\"@id\":\"https:\/\/www.prestigemag.co\/#organization\"},\"articleSection\":[\"\u00c9v\u00e9nements\",\"Inauguration\"],\"inLanguage\":\"fr-FR\"},{\"@type\":\"Person\",\"@id\":\"https:\/\/www.prestigemag.co\/#\/schema\/person\/e3f149368970128d68bb2d797bf30fbc\",\"name\":\"prestige\",\"image\":{\"@type\":\"ImageObject\",\"inLanguage\":\"fr-FR\",\"@id\":\"https:\/\/www.prestigemag.co\/#\/schema\/person\/image\/\",\"url\":\"https:\/\/secure.gravatar.com\/avatar\/0aa2dff5484d35e50578639a2c3ccef9?s=96&d=mm&r=g\",\"contentUrl\":\"https:\/\/secure.gravatar.com\/avatar\/0aa2dff5484d35e50578639a2c3ccef9?s=96&d=mm&r=g\",\"caption\":\"prestige\"},\"url\":\"https:\/\/www.prestigemag.co\/fr\/author\/prestige\/\"}]}<\/script>\n<!-- \/ Yoast SEO plugin. -->","yoast_head_json":{"title":"R\u00e9ouverture en grande pompe du mus\u00e9e Sursock - Prestige Magazine","description":"Malgr\u00e9 les m\u00e9dias internationaux qui ne se focalisent que sur une manifestation de protestation \u00e0 Beyrouth, le mus\u00e9e Sursock a rouvert ses portes apr\u00e8s des travaux de r\u00e9novation et d\u2019agrandissement. L\u2019inauguration s\u2019est d\u00e9roul\u00e9e sous le patronage du Premier ministre et d\u2019un grand nombre de personnalit\u00e9s.","robots":{"index":"index","follow":"follow","max-snippet":"max-snippet:-1","max-image-preview":"max-image-preview:large","max-video-preview":"max-video-preview:-1"},"canonical":"https:\/\/www.prestigemag.co\/fr\/2015\/10\/reouverture-en-grande-pompe-du-musee-sursock\/","og_locale":"fr_FR","og_type":"article","og_title":"R\u00e9ouverture en grande pompe du mus\u00e9e Sursock - Prestige Magazine","og_description":"Malgr\u00e9 les m\u00e9dias internationaux qui ne se focalisent que sur une manifestation de protestation \u00e0 Beyrouth, le mus\u00e9e Sursock a rouvert ses portes apr\u00e8s des travaux de r\u00e9novation et d\u2019agrandissement. L\u2019inauguration s\u2019est d\u00e9roul\u00e9e sous le patronage du Premier ministre et d\u2019un grand nombre de personnalit\u00e9s.","og_url":"https:\/\/www.prestigemag.co\/fr\/2015\/10\/reouverture-en-grande-pompe-du-musee-sursock\/","og_site_name":"Prestige Magazine","article_publisher":"https:\/\/www.facebook.com\/prestigemag.co\/","article_published_time":"2015-10-09T11:53:07+00:00","og_image":[{"url":"http:\/\/www.prestigemag.co\/wp-content\/uploads\/2015\/10\/1130-OCT.jpg"}],"author":"prestige","twitter_card":"summary","twitter_misc":{"\u00c9crit par":"prestige","Dur\u00e9e de lecture estim\u00e9e":"1 minute"},"schema":{"@context":"https:\/\/schema.org","@graph":[{"@type":"Organization","@id":"https:\/\/www.prestigemag.co\/#organization","name":"Prestige","url":"https:\/\/www.prestigemag.co\/","sameAs":["https:\/\/www.instagram.com\/prestige.mag\/","https:\/\/www.facebook.com\/prestigemag.co\/"],"logo":{"@type":"ImageObject","inLanguage":"fr-FR","@id":"https:\/\/www.prestigemag.co\/#\/schema\/logo\/image\/","url":"https:\/\/www.prestigemag.co\/wp-content\/uploads\/2021\/11\/logo-Prestige-800x200-1.png","contentUrl":"https:\/\/www.prestigemag.co\/wp-content\/uploads\/2021\/11\/logo-Prestige-800x200-1.png","width":800,"height":200,"caption":"Prestige"},"image":{"@id":"https:\/\/www.prestigemag.co\/#\/schema\/logo\/image\/"}},{"@type":"WebSite","@id":"https:\/\/www.prestigemag.co\/#website","url":"https:\/\/www.prestigemag.co\/","name":"Prestige Magazine","description":"Le Monde Des C\u00e9l\u00e9brit\u00e9s","publisher":{"@id":"https:\/\/www.prestigemag.co\/#organization"},"potentialAction":[{"@type":"SearchAction","target":{"@type":"EntryPoint","urlTemplate":"https:\/\/www.prestigemag.co\/?s={search_term_string}"},"query-input":"required name=search_term_string"}],"inLanguage":"fr-FR"},{"@type":"WebPage","@id":"https:\/\/www.prestigemag.co\/fr\/2015\/10\/reouverture-en-grande-pompe-du-musee-sursock\/","url":"https:\/\/www.prestigemag.co\/fr\/2015\/10\/reouverture-en-grande-pompe-du-musee-sursock\/","name":"R\u00e9ouverture en grande pompe du mus\u00e9e Sursock - Prestige Magazine","isPartOf":{"@id":"https:\/\/www.prestigemag.co\/#website"},"datePublished":"2015-10-09T11:53:07+00:00","dateModified":"2015-10-09T11:53:07+00:00","description":"Malgr\u00e9 les m\u00e9dias internationaux qui ne se focalisent que sur une manifestation de protestation \u00e0 Beyrouth, le mus\u00e9e Sursock a rouvert ses portes apr\u00e8s des travaux de r\u00e9novation et d\u2019agrandissement. L\u2019inauguration s\u2019est d\u00e9roul\u00e9e sous le patronage du Premier ministre et d\u2019un grand nombre de personnalit\u00e9s.","breadcrumb":{"@id":"https:\/\/www.prestigemag.co\/fr\/2015\/10\/reouverture-en-grande-pompe-du-musee-sursock\/#breadcrumb"},"inLanguage":"fr-FR","potentialAction":[{"@type":"ReadAction","target":["https:\/\/www.prestigemag.co\/fr\/2015\/10\/reouverture-en-grande-pompe-du-musee-sursock\/"]}]},{"@type":"BreadcrumbList","@id":"https:\/\/www.prestigemag.co\/fr\/2015\/10\/reouverture-en-grande-pompe-du-musee-sursock\/#breadcrumb","itemListElement":[{"@type":"ListItem","position":1,"name":"Home","item":"https:\/\/www.prestigemag.co\/fr\/"},{"@type":"ListItem","position":2,"name":"R\u00e9ouverture en grande pompe du mus\u00e9e Sursock"}]},{"@type":"Article","@id":"https:\/\/www.prestigemag.co\/fr\/2015\/10\/reouverture-en-grande-pompe-du-musee-sursock\/#article","isPartOf":{"@id":"https:\/\/www.prestigemag.co\/fr\/2015\/10\/reouverture-en-grande-pompe-du-musee-sursock\/"},"author":{"name":"prestige","@id":"https:\/\/www.prestigemag.co\/#\/schema\/person\/e3f149368970128d68bb2d797bf30fbc"},"headline":"R\u00e9ouverture en grande pompe du mus\u00e9e Sursock","datePublished":"2015-10-09T11:53:07+00:00","dateModified":"2015-10-09T11:53:07+00:00","mainEntityOfPage":{"@id":"https:\/\/www.prestigemag.co\/fr\/2015\/10\/reouverture-en-grande-pompe-du-musee-sursock\/"},"wordCount":244,"publisher":{"@id":"https:\/\/www.prestigemag.co\/#organization"},"articleSection":["\u00c9v\u00e9nements","Inauguration"],"inLanguage":"fr-FR"},{"@type":"Person","@id":"https:\/\/www.prestigemag.co\/#\/schema\/person\/e3f149368970128d68bb2d797bf30fbc","name":"prestige","image":{"@type":"ImageObject","inLanguage":"fr-FR","@id":"https:\/\/www.prestigemag.co\/#\/schema\/person\/image\/","url":"https:\/\/secure.gravatar.com\/avatar\/0aa2dff5484d35e50578639a2c3ccef9?s=96&d=mm&r=g","contentUrl":"https:\/\/secure.gravatar.com\/avatar\/0aa2dff5484d35e50578639a2c3ccef9?s=96&d=mm&r=g","caption":"prestige"},"url":"https:\/\/www.prestigemag.co\/fr\/author\/prestige\/"}]}},"_links":{"self":[{"href":"https:\/\/www.prestigemag.co\/fr\/wp-json\/wp\/v2\/posts\/20355"}],"collection":[{"href":"https:\/\/www.prestigemag.co\/fr\/wp-json\/wp\/v2\/posts"}],"about":[{"href":"https:\/\/www.prestigemag.co\/fr\/wp-json\/wp\/v2\/types\/post"}],"author":[{"embeddable":true,"href":"https:\/\/www.prestigemag.co\/fr\/wp-json\/wp\/v2\/users\/3"}],"replies":[{"embeddable":true,"href":"https:\/\/www.prestigemag.co\/fr\/wp-json\/wp\/v2\/comments?post=20355"}],"version-history":[{"count":0,"href":"https:\/\/www.prestigemag.co\/fr\/wp-json\/wp\/v2\/posts\/20355\/revisions"}],"wp:attachment":[{"href":"https:\/\/www.prestigemag.co\/fr\/wp-json\/wp\/v2\/media?parent=20355"}],"wp:term":[{"taxonomy":"category","embeddable":true,"href":"https:\/\/www.prestigemag.co\/fr\/wp-json\/wp\/v2\/categories?post=20355"},{"taxonomy":"post_tag","embeddable":true,"href":"https:\/\/www.prestigemag.co\/fr\/wp-json\/wp\/v2\/tags?post=20355"}],"curies":[{"name":"wp","href":"https:\/\/api.w.org\/{rel}","templated":true}]}}