{"id":20361,"date":"2015-10-14T09:56:37","date_gmt":"2015-10-14T09:56:37","guid":{"rendered":"http:\/\/www.prestigemag.co\/2015\/10\/hommage-a-elie-skaff\/"},"modified":"2015-10-14T09:56:37","modified_gmt":"2015-10-14T09:56:37","slug":"hommage-a-elie-skaff","status":"publish","type":"post","link":"https:\/\/www.prestigemag.co\/fr\/2015\/10\/hommage-a-elie-skaff\/","title":{"rendered":"Hommage \u00e0 Elie Skaff"},"content":{"rendered":"<h3>En hommage \u00e0 l&rsquo;ancien d\u00e9put\u00e9 et ministre Elias Skaff, Prestige reproduit une interview, dans laquelle il raconte sa vie hors du commun, comment il a \u00e9t\u00e9 d\u00e9racin\u00e9 au cours de son jeune \u00e2ge et son retour triomphal \u00e0 Zahl\u00e9.<\/h3>\n<p><em>Prestige International Juillet 1999<\/em><\/p>\n<h3>Nous avions rencontr\u00e9 Myriam et Elie dans le cadre paisible de leur maison \u00e0 Yarz\u00e9 pour un entretien plein de chaleur et de spontan\u00e9it\u00e9, durant lequel leurs personnalit\u00e9s sinc\u00e8res et authentiques ont transparu.<\/h3>\n<p>&nbsp;<\/p>\n<p><a href=\"http:\/\/www.prestigemag.co\/wp-content\/uploads\/2015\/10\/Untitled-112.jpg\"><img src=\"data:image\/svg+xml,%3Csvg%20xmlns='http:\/\/www.w3.org\/2000\/svg'%20viewBox='0%200%20100%%20247'%3E%3C\/svg%3E\" class=\"zeen-lazy-load-base zeen-lazy-load alignnone size-large wp-image-7552\" data-lazy-src=\"http:\/\/www.prestigemag.co\/wp-content\/uploads\/2015\/10\/Untitled-112-1024x498.jpg\" alt=\"Untitled-11\" width=\"100%\" data-lazy-srcset=\"https:\/\/www.prestigemag.co\/wp-content\/uploads\/2015\/10\/Untitled-112-1024x498.jpg 1024w, https:\/\/www.prestigemag.co\/wp-content\/uploads\/2015\/10\/Untitled-112-300x146.jpg 300w, https:\/\/www.prestigemag.co\/wp-content\/uploads\/2015\/10\/Untitled-112-150x73.jpg 150w, https:\/\/www.prestigemag.co\/wp-content\/uploads\/2015\/10\/Untitled-112-600x292.jpg 600w, https:\/\/www.prestigemag.co\/wp-content\/uploads\/2015\/10\/Untitled-112-257x125.jpg 257w, https:\/\/www.prestigemag.co\/wp-content\/uploads\/2015\/10\/Untitled-112-138x67.jpg 138w\" data-lazy-sizes=\"(max-width: 1024px) 100vw, 1024px\" \/><noscript><img class=\"alignnone size-large wp-image-7552\" src=\"http:\/\/www.prestigemag.co\/wp-content\/uploads\/2015\/10\/Untitled-112-1024x498.jpg\" alt=\"Untitled-11\" width=\"100%\" srcset=\"https:\/\/www.prestigemag.co\/wp-content\/uploads\/2015\/10\/Untitled-112-1024x498.jpg 1024w, https:\/\/www.prestigemag.co\/wp-content\/uploads\/2015\/10\/Untitled-112-300x146.jpg 300w, https:\/\/www.prestigemag.co\/wp-content\/uploads\/2015\/10\/Untitled-112-150x73.jpg 150w, https:\/\/www.prestigemag.co\/wp-content\/uploads\/2015\/10\/Untitled-112-600x292.jpg 600w, https:\/\/www.prestigemag.co\/wp-content\/uploads\/2015\/10\/Untitled-112-257x125.jpg 257w, https:\/\/www.prestigemag.co\/wp-content\/uploads\/2015\/10\/Untitled-112-138x67.jpg 138w\" sizes=\"(max-width: 1024px) 100vw, 1024px\" \/><\/noscript><\/a><\/p>\n<p>Elie Skaff \u00a9 Prestige<\/p>\n<p>&nbsp;<\/p>\n<p><strong><em>Vous venez tous deux de familles politiques bien \u00e9tablies dans deux r\u00e9gions diff\u00e9rentes du Liban. Pouvez-vous nous en dire un peu plus sur vous-m\u00eames et votre histoire familiale? <\/em><\/strong>Elie: Ma vie est un peu d\u00e9routante. Je suis n\u00e9 dans un pays, avant de passer deux ans au Liban, puis je suis retourn\u00e9 \u00e0 Chypre, de Chypre au Liban et du Liban \u00e0 la Nouvelle-Z\u00e9lande o\u00f9 j\u2019ai pass\u00e9 11 ou 12 ans. Je suis finalement revenu au Liban en 1964. C\u2019est une culture tout \u00e0 fait diff\u00e9rente de la Nouvelle-Z\u00e9lande, il m&rsquo;a fallu un certain temps pour m\u2019adapter et faire partie de la soci\u00e9t\u00e9 libanaise. Et au d\u00e9but, quand je suis rentr\u00e9, je devais commencer ma vie de nouveau presque \u00e0 z\u00e9ro. J\u2019ai commenc\u00e9 l&rsquo;\u00e9cole secondaire depuis le d\u00e9but parce que je devais apprendre la langue \u00e0 nouveau et \u00e7a n&rsquo;a pas \u00e9t\u00e9 facile, surtout quand vous passez d&rsquo;une langue latine \u00e0 la langue arabe.<\/p>\n<p><strong><em>Pourquoi \u00eates-vous revenu \u00e0 cette \u00e9poque?<\/em><\/strong> Je pourrais \u00e9crire un livre entier sur le sujet. Mon p\u00e8re m\u2019avait effectivement perdu de vue pendant quinze ans. Mon p\u00e8re avait \u00e9pous\u00e9 ma m\u00e8re, qui \u00e9tait grecque, mais les gens avec l&rsquo;ancienne mentalit\u00e9 libanaise n\u2019\u00e9taient pas ouverts aux \u00e9trangers et mes grand- parents ont s\u00e9par\u00e9 mes parents, ma m\u00e8re est partie pour Chypre, o\u00f9 je suis n\u00e9. Peu de temps apr\u00e8s ma naissance, nous sommes revenus avec ma m\u00e8re au Liban ce qui a rendu mon p\u00e8re tr\u00e8s heureux, mais ils ne s\u2019entendaient pas, alors ma m\u00e8re m&rsquo;a emmen\u00e9 en Nouvelle-Z\u00e9lande o\u00f9 j\u2019ai v\u00e9cu jusqu&rsquo;\u00e0 l&rsquo;\u00e2ge de quinze ans. Apr\u00e8s que ma m\u00e8re m&rsquo;eut emmen\u00e9 en Nouvelle-Z\u00e9lande, mon p\u00e8re est devenu furieux et a embauch\u00e9 des d\u00e9tectives priv\u00e9s pour partir \u00e0 notre recherche partout dans le monde sans r\u00e9sultat. Par pur hasard, des Libanais de retour de Nouvelle-Z\u00e9lande apprirent \u00e0 mon p\u00e8re que je vivais l\u00e0-bas. Je suis finalement retourn\u00e9 au Liban en 1964. A l&rsquo;occasion de la c\u00e9l\u00e9bration du succ\u00e8s de mon p\u00e8re aux \u00e9lections, mon p\u00e8re a d\u00e9clar\u00e9: \u00abJe suis si heureux aujourd&rsquo;hui\u00bb. Les gens croyaient qu&rsquo;il exprimait son bonheur d&rsquo;avoir gagn\u00e9, mais en fait la vraie raison \u00e9tait celle de mon prochain retour de Nouvelle-Z\u00e9lande. En fait, il y avait une confusion sur le jour o\u00f9 je devais arriver et je suis venu un jour plus t\u00f4t que mon p\u00e8re l\u2019attendait. Ma m\u00e8re me parlait toujours de mon p\u00e8re et qui \u00e9tait mon p\u00e8re et quand je suis arriv\u00e9 \u00e0 l&rsquo;a\u00e9roport, j\u2019ai trouv\u00e9 qu\u2019il n&rsquo;y avait personne mais le lendemain, une foule \u00e9norme de gens sont venus me souhaiter la bienvenue \u00e0 la maison de mon p\u00e8re. J\u2019\u00e9tais impressionn\u00e9 par le nombre de personnes \u00e0 Zahle qui sont venus pour m\u2019accueillir et me rencontrer. Les gens m\u00eame \u00e0 l\u2019\u00e9poque me fixaient, car les gens voyageaient peu et il leur semblait \u00e9trange que je vienne de si loin. Plus tard, \u00e0 cause de la guerre, les gens commenc\u00e8rent \u00e0 plus \u00e9migrer.<\/p>\n<p>&nbsp;<\/p>\n<figure id=\"attachment_7528\" aria-describedby=\"caption-attachment-7528\" style=\"width: 189px\" class=\"wp-caption alignleft\"><a href=\"http:\/\/www.prestigemag.co\/wp-content\/uploads\/2015\/10\/B.jpg\"><img src=\"data:image\/svg+xml,%3Csvg%20xmlns='http:\/\/www.w3.org\/2000\/svg'%20viewBox='0%200%20189%20300'%3E%3C\/svg%3E\" class=\"zeen-lazy-load-base zeen-lazy-load wp-image-7528 size-medium\" data-lazy-src=\"http:\/\/www.prestigemag.co\/wp-content\/uploads\/2015\/10\/B-189x300.jpg\" alt=\"B\" width=\"189\" height=\"300\" data-lazy-srcset=\"https:\/\/www.prestigemag.co\/wp-content\/uploads\/2015\/10\/B-189x300.jpg 189w, https:\/\/www.prestigemag.co\/wp-content\/uploads\/2015\/10\/B-644x1024.jpg 644w, https:\/\/www.prestigemag.co\/wp-content\/uploads\/2015\/10\/B-94x150.jpg 94w, https:\/\/www.prestigemag.co\/wp-content\/uploads\/2015\/10\/B-236x375.jpg 236w, https:\/\/www.prestigemag.co\/wp-content\/uploads\/2015\/10\/B-79x125.jpg 79w, https:\/\/www.prestigemag.co\/wp-content\/uploads\/2015\/10\/B-42x67.jpg 42w, https:\/\/www.prestigemag.co\/wp-content\/uploads\/2015\/10\/B.jpg 871w\" data-lazy-sizes=\"(max-width: 189px) 100vw, 189px\" \/><figcaption id=\"caption-attachment-7528\" class=\"wp-caption-text\"><noscript><img class=\"wp-image-7528 size-medium\" src=\"http:\/\/www.prestigemag.co\/wp-content\/uploads\/2015\/10\/B-189x300.jpg\" alt=\"B\" width=\"189\" height=\"300\" srcset=\"https:\/\/www.prestigemag.co\/wp-content\/uploads\/2015\/10\/B-189x300.jpg 189w, https:\/\/www.prestigemag.co\/wp-content\/uploads\/2015\/10\/B-644x1024.jpg 644w, https:\/\/www.prestigemag.co\/wp-content\/uploads\/2015\/10\/B-94x150.jpg 94w, https:\/\/www.prestigemag.co\/wp-content\/uploads\/2015\/10\/B-236x375.jpg 236w, https:\/\/www.prestigemag.co\/wp-content\/uploads\/2015\/10\/B-79x125.jpg 79w, https:\/\/www.prestigemag.co\/wp-content\/uploads\/2015\/10\/B-42x67.jpg 42w, https:\/\/www.prestigemag.co\/wp-content\/uploads\/2015\/10\/B.jpg 871w\" sizes=\"(max-width: 189px) 100vw, 189px\" \/><\/noscript><\/a> Elie avec sa m\u00e8re H\u00e9l\u00e8ne en 1953. Copyright: Prestige<\/figcaption><\/figure>\n<figure id=\"attachment_7529\" aria-describedby=\"caption-attachment-7529\" style=\"width: 537px\" class=\"wp-caption alignright\"><a href=\"http:\/\/www.prestigemag.co\/wp-content\/uploads\/2015\/10\/C.jpg\"><img src=\"data:image\/svg+xml,%3Csvg%20xmlns='http:\/\/www.w3.org\/2000\/svg'%20viewBox='0%200%20537%20375'%3E%3C\/svg%3E\" class=\"zeen-lazy-load-base zeen-lazy-load wp-image-7529 size-featured-image\" data-lazy-src=\"http:\/\/www.prestigemag.co\/wp-content\/uploads\/2015\/10\/C-537x375.jpg\" alt=\"C\" width=\"537\" height=\"375\" data-lazy-srcset=\"https:\/\/www.prestigemag.co\/wp-content\/uploads\/2015\/10\/C-537x375.jpg 537w, https:\/\/www.prestigemag.co\/wp-content\/uploads\/2015\/10\/C-300x210.jpg 300w, https:\/\/www.prestigemag.co\/wp-content\/uploads\/2015\/10\/C-1024x715.jpg 1024w, https:\/\/www.prestigemag.co\/wp-content\/uploads\/2015\/10\/C-150x105.jpg 150w, https:\/\/www.prestigemag.co\/wp-content\/uploads\/2015\/10\/C-179x125.jpg 179w, https:\/\/www.prestigemag.co\/wp-content\/uploads\/2015\/10\/C-96x67.jpg 96w, https:\/\/www.prestigemag.co\/wp-content\/uploads\/2015\/10\/C.jpg 1519w\" data-lazy-sizes=\"(max-width: 537px) 100vw, 537px\" \/><figcaption id=\"caption-attachment-7529\" class=\"wp-caption-text\"><noscript><img class=\"wp-image-7529 size-featured-image\" src=\"http:\/\/www.prestigemag.co\/wp-content\/uploads\/2015\/10\/C-537x375.jpg\" alt=\"C\" width=\"537\" height=\"375\" srcset=\"https:\/\/www.prestigemag.co\/wp-content\/uploads\/2015\/10\/C-537x375.jpg 537w, https:\/\/www.prestigemag.co\/wp-content\/uploads\/2015\/10\/C-300x210.jpg 300w, https:\/\/www.prestigemag.co\/wp-content\/uploads\/2015\/10\/C-1024x715.jpg 1024w, https:\/\/www.prestigemag.co\/wp-content\/uploads\/2015\/10\/C-150x105.jpg 150w, https:\/\/www.prestigemag.co\/wp-content\/uploads\/2015\/10\/C-179x125.jpg 179w, https:\/\/www.prestigemag.co\/wp-content\/uploads\/2015\/10\/C-96x67.jpg 96w, https:\/\/www.prestigemag.co\/wp-content\/uploads\/2015\/10\/C.jpg 1519w\" sizes=\"(max-width: 537px) 100vw, 537px\" \/><\/noscript><\/a> Elie est accueilli \u00e0 son retour au Liban de la Nouvelle-Z\u00e9lande \u00e0 l&rsquo;\u00e2ge de quinze ans. Copyright: Prestige<\/figcaption><\/figure>\n<p>&nbsp;<\/p>\n<p>&nbsp;<\/p>\n<p>&nbsp;<\/p>\n<p>&nbsp;<\/p>\n<p>&nbsp;<\/p>\n<p>&nbsp;<\/p>\n<p>&nbsp;<\/p>\n<p>&nbsp;<\/p>\n<p>&nbsp;<\/p>\n<p>&nbsp;<\/p>\n<p>&nbsp;<\/p>\n<p>&nbsp;<\/p>\n<p>&nbsp;<\/p>\n<p>&nbsp;<\/p>\n<p><strong><em>Avez-vous trouv\u00e9 une grande diff\u00e9rence dans la fa\u00e7on de vivre ici? <\/em><\/strong>Ce qui m\u2019aide dans mon travail, est que j\u2019ai une fa\u00e7on de penser semblable \u00e0 celle des \u00e9trangers, ce qui signifie que ce qui est noir est noir et ce qui est blanc est blanc. Au d\u00e9but, quand je suis arriv\u00e9, c\u2019\u00e9tait difficile car j\u2019\u00e9tais sur le point de commencer une nouvelle vie en Nouvelle-Z\u00e9lande puis quand je suis venu ici ce r\u00eave a disparu. J\u2019ai aussi trouv\u00e9 la langue difficile .Finalement, j\u2019ai fini l&rsquo;\u00e9cole ici et suis all\u00e9 \u00e0 l&rsquo;AUB o\u00f9 j\u2019ai \u00e9tudi\u00e9 le g\u00e9nie agricole, ce qui \u00e9tait un choix normal vu que nous poss\u00e9dions beaucoup de terres. Je fus dipl\u00f4m\u00e9 de l&rsquo;AUB en 1975, mais une fois de plus un autre r\u00eave m\u2019a \u00e9t\u00e9 refus\u00e9, puisque je voulais commencer \u00e0 travailler, mais la guerre a mis un terme \u00e0 cela. Au m\u00eame moment o\u00f9 je me pr\u00e9sentais avec mon dipl\u00f4me, la guerre avait d\u00e9j\u00e0 commenc\u00e9.<\/p>\n<p><strong><em>Avez-vous continu\u00e9 \u00e0 voir votre m\u00e8re? <\/em><\/strong>Oui. Elle s\u2019est remari\u00e9e et j\u2019ai quatre demi-fr\u00e8res et s\u0153urs de ce mariage et j\u2019ai aussi deux s\u0153urs Yasmina et Karina du troisi\u00e8me mariage de mon p\u00e8re.<\/p>\n<p><strong><em>Comment \u00eates-vous venu \u00e0 la politique?<\/em><\/strong> Mon grand-p\u00e8re \u00e9tait dans la politique pendant trente ans et puis mon p\u00e8re a repris le flambeau \u00e0 l&rsquo;\u00e2ge de dix-huit ans et est rest\u00e9 dans la politique pendant cinquante ans. Tout d&rsquo;abord la langue ne m&rsquo;a pas aid\u00e9, car vous ne pouvez pas avoir un repr\u00e9sentant politique qui ne peut pas parler l&rsquo;arabe lors d&rsquo;une r\u00e9union et je n&rsquo;avais pas non plus l&rsquo;exp\u00e9rience, m\u00eame si j\u2019ai v\u00e9cu avec mon p\u00e8re presque toute ma vie. Alors, quand mon p\u00e8re est mort en 1991, lorsque j\u2019avais quarante ans, je suis entr\u00e9 en politique, m\u00eame si ce fut le pire moment puisque ce fut une p\u00e9riode de transition pour le pays. J\u2019avais tr\u00e8s peur au d\u00e9but parce que je savais que je devais continuer le travail de mon p\u00e8re, mais en m\u00eame temps je ne savais pas comment m&rsquo;y prendre. Mais je devais le faire. Les premi\u00e8res \u00e9lections auxquelles j\u2019ai particip\u00e9 ont eu lieu en 1992. J\u2019ai re\u00e7u tellement de soutien d&rsquo;un c\u00f4t\u00e9 les partisans de mon p\u00e8re, ce qui m\u2019a guid\u00e9 tout au long mais en m\u00eame temps il y avait aussi beaucoup d&rsquo;opposition. Mais cette opposition a seulement servi \u00e0 augmenter le soutien de la population pour nous. En fait, le jour de notre mariage, malgr\u00e9 l&rsquo;interdiction du gouvernement \u00a0de grands rassemblements dans les rues, plus de gens que pr\u00e9vu\u00a0 sont sortis pour nous accueillir comme Myriam et moi-m\u00eame retournions \u00e0 Zahl\u00e9 suite \u00e0 notre c\u00e9r\u00e9monie de mariage.<\/p>\n<p>&nbsp;<\/p>\n<figure id=\"attachment_7530\" aria-describedby=\"caption-attachment-7530\" style=\"width: 197px\" class=\"wp-caption alignleft\"><a href=\"http:\/\/www.prestigemag.co\/wp-content\/uploads\/2015\/10\/G.jpg\"><img src=\"data:image\/svg+xml,%3Csvg%20xmlns='http:\/\/www.w3.org\/2000\/svg'%20viewBox='0%200%20197%20300'%3E%3C\/svg%3E\" class=\"zeen-lazy-load-base zeen-lazy-load wp-image-7530 size-medium\" data-lazy-src=\"http:\/\/www.prestigemag.co\/wp-content\/uploads\/2015\/10\/G-197x300.jpg\" alt=\"G\" width=\"197\" height=\"300\" data-lazy-srcset=\"https:\/\/www.prestigemag.co\/wp-content\/uploads\/2015\/10\/G-197x300.jpg 197w, https:\/\/www.prestigemag.co\/wp-content\/uploads\/2015\/10\/G-674x1024.jpg 674w, https:\/\/www.prestigemag.co\/wp-content\/uploads\/2015\/10\/G-99x150.jpg 99w, https:\/\/www.prestigemag.co\/wp-content\/uploads\/2015\/10\/G-247x375.jpg 247w, https:\/\/www.prestigemag.co\/wp-content\/uploads\/2015\/10\/G-82x125.jpg 82w, https:\/\/www.prestigemag.co\/wp-content\/uploads\/2015\/10\/G-44x67.jpg 44w, https:\/\/www.prestigemag.co\/wp-content\/uploads\/2015\/10\/G.jpg 971w\" data-lazy-sizes=\"(max-width: 197px) 100vw, 197px\" \/><figcaption id=\"caption-attachment-7530\" class=\"wp-caption-text\"><noscript><img class=\"wp-image-7530 size-medium\" src=\"http:\/\/www.prestigemag.co\/wp-content\/uploads\/2015\/10\/G-197x300.jpg\" alt=\"G\" width=\"197\" height=\"300\" srcset=\"https:\/\/www.prestigemag.co\/wp-content\/uploads\/2015\/10\/G-197x300.jpg 197w, https:\/\/www.prestigemag.co\/wp-content\/uploads\/2015\/10\/G-674x1024.jpg 674w, https:\/\/www.prestigemag.co\/wp-content\/uploads\/2015\/10\/G-99x150.jpg 99w, https:\/\/www.prestigemag.co\/wp-content\/uploads\/2015\/10\/G-247x375.jpg 247w, https:\/\/www.prestigemag.co\/wp-content\/uploads\/2015\/10\/G-82x125.jpg 82w, https:\/\/www.prestigemag.co\/wp-content\/uploads\/2015\/10\/G-44x67.jpg 44w, https:\/\/www.prestigemag.co\/wp-content\/uploads\/2015\/10\/G.jpg 971w\" sizes=\"(max-width: 197px) 100vw, 197px\" \/><\/noscript><\/a> Elie dit: \u00abC\u2019est ma photo pr\u00e9f\u00e9r\u00e9e de Myriam.\u00bb Copyright: Prestige<\/figcaption><\/figure>\n<figure id=\"attachment_7531\" aria-describedby=\"caption-attachment-7531\" style=\"width: 554px\" class=\"wp-caption alignright\"><a href=\"http:\/\/www.prestigemag.co\/wp-content\/uploads\/2015\/10\/J.jpg\"><img src=\"data:image\/svg+xml,%3Csvg%20xmlns='http:\/\/www.w3.org\/2000\/svg'%20viewBox='0%200%20554%20375'%3E%3C\/svg%3E\" class=\"zeen-lazy-load-base zeen-lazy-load wp-image-7531 size-featured-image\" data-lazy-src=\"http:\/\/www.prestigemag.co\/wp-content\/uploads\/2015\/10\/J-554x375.jpg\" alt=\"J\" width=\"554\" height=\"375\" data-lazy-srcset=\"https:\/\/www.prestigemag.co\/wp-content\/uploads\/2015\/10\/J-554x375.jpg 554w, https:\/\/www.prestigemag.co\/wp-content\/uploads\/2015\/10\/J-300x203.jpg 300w, https:\/\/www.prestigemag.co\/wp-content\/uploads\/2015\/10\/J-1024x693.jpg 1024w, https:\/\/www.prestigemag.co\/wp-content\/uploads\/2015\/10\/J-150x101.jpg 150w, https:\/\/www.prestigemag.co\/wp-content\/uploads\/2015\/10\/J-185x125.jpg 185w, https:\/\/www.prestigemag.co\/wp-content\/uploads\/2015\/10\/J-99x67.jpg 99w, https:\/\/www.prestigemag.co\/wp-content\/uploads\/2015\/10\/J.jpg 1685w\" data-lazy-sizes=\"(max-width: 554px) 100vw, 554px\" \/><figcaption id=\"caption-attachment-7531\" class=\"wp-caption-text\"><noscript><img class=\"wp-image-7531 size-featured-image\" src=\"http:\/\/www.prestigemag.co\/wp-content\/uploads\/2015\/10\/J-554x375.jpg\" alt=\"J\" width=\"554\" height=\"375\" srcset=\"https:\/\/www.prestigemag.co\/wp-content\/uploads\/2015\/10\/J-554x375.jpg 554w, https:\/\/www.prestigemag.co\/wp-content\/uploads\/2015\/10\/J-300x203.jpg 300w, https:\/\/www.prestigemag.co\/wp-content\/uploads\/2015\/10\/J-1024x693.jpg 1024w, https:\/\/www.prestigemag.co\/wp-content\/uploads\/2015\/10\/J-150x101.jpg 150w, https:\/\/www.prestigemag.co\/wp-content\/uploads\/2015\/10\/J-185x125.jpg 185w, https:\/\/www.prestigemag.co\/wp-content\/uploads\/2015\/10\/J-99x67.jpg 99w, https:\/\/www.prestigemag.co\/wp-content\/uploads\/2015\/10\/J.jpg 1685w\" sizes=\"(max-width: 554px) 100vw, 554px\" \/><\/noscript><\/a> Myriam et Elie c\u00e9l\u00e8brent leur journ\u00e9e de mariage. Copyright: Prestige<\/figcaption><\/figure>\n<p>&nbsp;<\/p>\n<p>&nbsp;<\/p>\n<p>&nbsp;<\/p>\n<p>&nbsp;<\/p>\n<p>&nbsp;<\/p>\n<p>&nbsp;<\/p>\n<p>&nbsp;<\/p>\n<p>&nbsp;<\/p>\n<p>&nbsp;<\/p>\n<p>&nbsp;<\/p>\n<p>&nbsp;<\/p>\n<p>&nbsp;<\/p>\n<p>&nbsp;<\/p>\n<p><strong><em>Puisque nous parlons de votre mariage, comment vous \u00eates-vous rencontr\u00e9s? <\/em><\/strong>Myriam: Mon p\u00e8re a tenu un d\u00e9jeuner \u00e0 Ayoun Urghush dans la Bekaa pour promouvoir l&rsquo;agriculture. Nous \u00e9tions tous deux pr\u00e9sents au d\u00e9jeuner et voil\u00e0 comment nous nous sommes rencontr\u00e9s.<\/p>\n<p><strong><em>Myriam, qu\u2019est ce qui vous a attir\u00e9 vers Elie? <\/em><\/strong>Son visage qui refl\u00e9tait sa douceur et sa gentillesse. Et sa qualit\u00e9 d\u2019homme terre-\u00e0-terre. Il \u00e9tait amusant et compr\u00e9hensif. Je me suis sentie proche de lui et \u00e0 l\u2019aise tout de suite.<\/p>\n<p><strong><em>Et Elie, qu&rsquo;est-ce qui vous a attir\u00e9 vers Myriam? <\/em><\/strong>Myriam est non seulement belle, elle est intelligente et bien \u00e9lev\u00e9e. Il y avait de la pression sur moi pour me marier et les gens me demandaient pourquoi je ne m\u2019\u00e9tais pas mari\u00e9, mais je n&rsquo;avais jamais trouv\u00e9 la bonne personne. Le mariage est un engagement \u00e0 vie et trouver la bonne personne n\u2019est pas facile. Donc, j\u2019ai continu\u00e9 \u00e0 chercher jusqu&rsquo;\u00e0 ce que j&rsquo;aie trouv\u00e9 Myriam. Toutes les femmes ne sont pas habilit\u00e9es \u00e0 mener la vie de femme de politicien mais heureusement, son p\u00e8re \u00e9tait un politicien alors qu&rsquo;elle avait d\u00e9j\u00e0 une id\u00e9e \u00e0 quoi s\u2019attendre.<\/p>\n<p><strong><em>Myriam, contribuez-vous en aucune fa\u00e7on \u00e0 la vie politique d\u2019Elie? <\/em><\/strong>Oui, je suis tr\u00e8s pr\u00e9occup\u00e9e par ce qui se passe parce que je suis sa compagne de vie et je dois le soutenir dans tout ce qu&rsquo;il fait. Nous avons les m\u00eames objectifs. Quand j\u2019\u00e9tais plus jeune, je m\u2019int\u00e9ressais un peu \u00e0 la politique, mais j\u2019avais ma propre vie et j\u2019ai laiss\u00e9 les responsabilit\u00e9s politiques \u00e0 mes parents, mais mon \u00e9ducation dans un milieu politique \u00e9tait une pr\u00e9paration pour ce qui \u00e9tait \u00e0 venir. Maintenant, je vais \u00e0 Zahl\u00e9 presque chaque week-end avec Elie. J\u2019accueille les gens dans ma maison et essaye d&rsquo;organiser leurs r\u00e9unions avec Elie et j&rsquo;\u00e9coute leurs probl\u00e8mes en essayant de les aider de n\u2019importe quelle mani\u00e8re.<\/p>\n<p><strong><em>Myriam, quelle a \u00e9t\u00e9 la r\u00e9action de vos parents quand vous avez \u00e9pous\u00e9 un homme politique? <\/em><\/strong>Ils l&rsquo;aimaient beaucoup. Ils pensaient qu&rsquo;il serait bon pour moi. Et ils avaient raison parce que je me sens une femme accomplie .Une bonne communication, le respect et la fa\u00e7on dont vous vous traitez respectivement sont tr\u00e8s importantes dans un couple, pour le faire fonctionner et je trouve que nous avons ces qualit\u00e9s.<\/p>\n<p>&nbsp;<\/p>\n<figure id=\"attachment_7545\" aria-describedby=\"caption-attachment-7545\" style=\"width: 300px\" class=\"wp-caption alignleft\"><a href=\"http:\/\/www.prestigemag.co\/wp-content\/uploads\/2015\/10\/Chamoun.jpg\"><img src=\"data:image\/svg+xml,%3Csvg%20xmlns='http:\/\/www.w3.org\/2000\/svg'%20viewBox='0%200%20300%20183'%3E%3C\/svg%3E\" class=\"zeen-lazy-load-base zeen-lazy-load wp-image-7545 size-medium\" data-lazy-src=\"http:\/\/www.prestigemag.co\/wp-content\/uploads\/2015\/10\/Chamoun-300x183.jpg\" alt=\"Chamoun\" width=\"300\" height=\"183\" data-lazy-srcset=\"https:\/\/www.prestigemag.co\/wp-content\/uploads\/2015\/10\/Chamoun-300x183.jpg 300w, https:\/\/www.prestigemag.co\/wp-content\/uploads\/2015\/10\/Chamoun-1024x625.jpg 1024w, https:\/\/www.prestigemag.co\/wp-content\/uploads\/2015\/10\/Chamoun-150x91.jpg 150w, https:\/\/www.prestigemag.co\/wp-content\/uploads\/2015\/10\/Chamoun-600x366.jpg 600w, https:\/\/www.prestigemag.co\/wp-content\/uploads\/2015\/10\/Chamoun-205x125.jpg 205w, https:\/\/www.prestigemag.co\/wp-content\/uploads\/2015\/10\/Chamoun-110x67.jpg 110w, https:\/\/www.prestigemag.co\/wp-content\/uploads\/2015\/10\/Chamoun.jpg 1187w\" data-lazy-sizes=\"(max-width: 300px) 100vw, 300px\" \/><figcaption id=\"caption-attachment-7545\" class=\"wp-caption-text\"><noscript><img class=\"wp-image-7545 size-medium\" src=\"http:\/\/www.prestigemag.co\/wp-content\/uploads\/2015\/10\/Chamoun-300x183.jpg\" alt=\"Chamoun\" width=\"300\" height=\"183\" srcset=\"https:\/\/www.prestigemag.co\/wp-content\/uploads\/2015\/10\/Chamoun-300x183.jpg 300w, https:\/\/www.prestigemag.co\/wp-content\/uploads\/2015\/10\/Chamoun-1024x625.jpg 1024w, https:\/\/www.prestigemag.co\/wp-content\/uploads\/2015\/10\/Chamoun-150x91.jpg 150w, https:\/\/www.prestigemag.co\/wp-content\/uploads\/2015\/10\/Chamoun-600x366.jpg 600w, https:\/\/www.prestigemag.co\/wp-content\/uploads\/2015\/10\/Chamoun-205x125.jpg 205w, https:\/\/www.prestigemag.co\/wp-content\/uploads\/2015\/10\/Chamoun-110x67.jpg 110w, https:\/\/www.prestigemag.co\/wp-content\/uploads\/2015\/10\/Chamoun.jpg 1187w\" sizes=\"(max-width: 300px) 100vw, 300px\" \/><\/noscript><\/a> L&rsquo;ancien pr\u00e9sident du Liban Camille Chamoun avec Joseph et Elie Skaff. Le p\u00e8re et le fils. Copyright: Prestige<\/figcaption><\/figure>\n<figure id=\"attachment_7533\" aria-describedby=\"caption-attachment-7533\" style=\"width: 300px\" class=\"wp-caption alignright\"><a href=\"http:\/\/www.prestigemag.co\/wp-content\/uploads\/2015\/10\/L.jpg\"><img src=\"data:image\/svg+xml,%3Csvg%20xmlns='http:\/\/www.w3.org\/2000\/svg'%20viewBox='0%200%20300%20196'%3E%3C\/svg%3E\" class=\"zeen-lazy-load-base zeen-lazy-load wp-image-7533\" data-lazy-src=\"http:\/\/www.prestigemag.co\/wp-content\/uploads\/2015\/10\/L-300x196.jpg\" alt=\"L\" width=\"300\" height=\"196\" data-lazy-srcset=\"https:\/\/www.prestigemag.co\/wp-content\/uploads\/2015\/10\/L-300x196.jpg 300w, https:\/\/www.prestigemag.co\/wp-content\/uploads\/2015\/10\/L-1024x669.jpg 1024w, https:\/\/www.prestigemag.co\/wp-content\/uploads\/2015\/10\/L-150x98.jpg 150w, https:\/\/www.prestigemag.co\/wp-content\/uploads\/2015\/10\/L-574x375.jpg 574w, https:\/\/www.prestigemag.co\/wp-content\/uploads\/2015\/10\/L-191x125.jpg 191w, https:\/\/www.prestigemag.co\/wp-content\/uploads\/2015\/10\/L-103x67.jpg 103w, https:\/\/www.prestigemag.co\/wp-content\/uploads\/2015\/10\/L.jpg 1169w\" data-lazy-sizes=\"(max-width: 300px) 100vw, 300px\" \/><figcaption id=\"caption-attachment-7533\" class=\"wp-caption-text\"><noscript><img class=\"wp-image-7533\" src=\"http:\/\/www.prestigemag.co\/wp-content\/uploads\/2015\/10\/L-300x196.jpg\" alt=\"L\" width=\"300\" height=\"196\" srcset=\"https:\/\/www.prestigemag.co\/wp-content\/uploads\/2015\/10\/L-300x196.jpg 300w, https:\/\/www.prestigemag.co\/wp-content\/uploads\/2015\/10\/L-1024x669.jpg 1024w, https:\/\/www.prestigemag.co\/wp-content\/uploads\/2015\/10\/L-150x98.jpg 150w, https:\/\/www.prestigemag.co\/wp-content\/uploads\/2015\/10\/L-574x375.jpg 574w, https:\/\/www.prestigemag.co\/wp-content\/uploads\/2015\/10\/L-191x125.jpg 191w, https:\/\/www.prestigemag.co\/wp-content\/uploads\/2015\/10\/L-103x67.jpg 103w, https:\/\/www.prestigemag.co\/wp-content\/uploads\/2015\/10\/L.jpg 1169w\" sizes=\"(max-width: 300px) 100vw, 300px\" \/><\/noscript><\/a> Photo d&rsquo;Elie avec les chefs tribaux de la Bekaa. Copyright: Prestige<\/figcaption><\/figure>\n<p>&nbsp;<\/p>\n<p>&nbsp;<\/p>\n<p>&nbsp;<\/p>\n<p>&nbsp;<\/p>\n<p>&nbsp;<\/p>\n<p>&nbsp;<\/p>\n<p>&nbsp;<\/p>\n<p>&nbsp;<\/p>\n<p>&nbsp;<\/p>\n<p>&nbsp;<\/p>\n<figure id=\"attachment_7534\" aria-describedby=\"caption-attachment-7534\" style=\"width: 300px\" class=\"wp-caption alignleft\"><a href=\"http:\/\/www.prestigemag.co\/wp-content\/uploads\/2015\/10\/N.jpg\"><img src=\"data:image\/svg+xml,%3Csvg%20xmlns='http:\/\/www.w3.org\/2000\/svg'%20viewBox='0%200%20300%20182'%3E%3C\/svg%3E\" class=\"zeen-lazy-load-base zeen-lazy-load wp-image-7534 size-medium\" data-lazy-src=\"http:\/\/www.prestigemag.co\/wp-content\/uploads\/2015\/10\/N-300x182.jpg\" alt=\"N\" width=\"300\" height=\"182\" data-lazy-srcset=\"https:\/\/www.prestigemag.co\/wp-content\/uploads\/2015\/10\/N-300x182.jpg 300w, https:\/\/www.prestigemag.co\/wp-content\/uploads\/2015\/10\/N-1024x622.jpg 1024w, https:\/\/www.prestigemag.co\/wp-content\/uploads\/2015\/10\/N-150x91.jpg 150w, https:\/\/www.prestigemag.co\/wp-content\/uploads\/2015\/10\/N-600x364.jpg 600w, https:\/\/www.prestigemag.co\/wp-content\/uploads\/2015\/10\/N-206x125.jpg 206w, https:\/\/www.prestigemag.co\/wp-content\/uploads\/2015\/10\/N-110x67.jpg 110w, https:\/\/www.prestigemag.co\/wp-content\/uploads\/2015\/10\/N.jpg 1266w\" data-lazy-sizes=\"(max-width: 300px) 100vw, 300px\" \/><figcaption id=\"caption-attachment-7534\" class=\"wp-caption-text\"><noscript><img class=\"wp-image-7534 size-medium\" src=\"http:\/\/www.prestigemag.co\/wp-content\/uploads\/2015\/10\/N-300x182.jpg\" alt=\"N\" width=\"300\" height=\"182\" srcset=\"https:\/\/www.prestigemag.co\/wp-content\/uploads\/2015\/10\/N-300x182.jpg 300w, https:\/\/www.prestigemag.co\/wp-content\/uploads\/2015\/10\/N-1024x622.jpg 1024w, https:\/\/www.prestigemag.co\/wp-content\/uploads\/2015\/10\/N-150x91.jpg 150w, https:\/\/www.prestigemag.co\/wp-content\/uploads\/2015\/10\/N-600x364.jpg 600w, https:\/\/www.prestigemag.co\/wp-content\/uploads\/2015\/10\/N-206x125.jpg 206w, https:\/\/www.prestigemag.co\/wp-content\/uploads\/2015\/10\/N-110x67.jpg 110w, https:\/\/www.prestigemag.co\/wp-content\/uploads\/2015\/10\/N.jpg 1266w\" sizes=\"(max-width: 300px) 100vw, 300px\" \/><\/noscript><\/a> Joseph Skaff \u00e9tait tr\u00e8s populaire aupr\u00e8s des gens de la Bekaa. Copyright: Prestige<\/figcaption><\/figure>\n<figure id=\"attachment_7546\" aria-describedby=\"caption-attachment-7546\" style=\"width: 300px\" class=\"wp-caption alignright\"><a href=\"http:\/\/www.prestigemag.co\/wp-content\/uploads\/2015\/10\/skaff-with-the-crowds.jpg\"><img src=\"data:image\/svg+xml,%3Csvg%20xmlns='http:\/\/www.w3.org\/2000\/svg'%20viewBox='0%200%20300%20186'%3E%3C\/svg%3E\" class=\"zeen-lazy-load-base zeen-lazy-load wp-image-7546 size-medium\" data-lazy-src=\"http:\/\/www.prestigemag.co\/wp-content\/uploads\/2015\/10\/skaff-with-the-crowds-300x186.jpg\" alt=\"skaff with the crowds\" width=\"300\" height=\"186\" data-lazy-srcset=\"https:\/\/www.prestigemag.co\/wp-content\/uploads\/2015\/10\/skaff-with-the-crowds-300x186.jpg 300w, https:\/\/www.prestigemag.co\/wp-content\/uploads\/2015\/10\/skaff-with-the-crowds-1024x636.jpg 1024w, https:\/\/www.prestigemag.co\/wp-content\/uploads\/2015\/10\/skaff-with-the-crowds-150x93.jpg 150w, https:\/\/www.prestigemag.co\/wp-content\/uploads\/2015\/10\/skaff-with-the-crowds-600x373.jpg 600w, https:\/\/www.prestigemag.co\/wp-content\/uploads\/2015\/10\/skaff-with-the-crowds-201x125.jpg 201w, https:\/\/www.prestigemag.co\/wp-content\/uploads\/2015\/10\/skaff-with-the-crowds-108x67.jpg 108w, https:\/\/www.prestigemag.co\/wp-content\/uploads\/2015\/10\/skaff-with-the-crowds.jpg 1323w\" data-lazy-sizes=\"(max-width: 300px) 100vw, 300px\" \/><figcaption id=\"caption-attachment-7546\" class=\"wp-caption-text\"><noscript><img class=\"wp-image-7546 size-medium\" src=\"http:\/\/www.prestigemag.co\/wp-content\/uploads\/2015\/10\/skaff-with-the-crowds-300x186.jpg\" alt=\"skaff with the crowds\" width=\"300\" height=\"186\" srcset=\"https:\/\/www.prestigemag.co\/wp-content\/uploads\/2015\/10\/skaff-with-the-crowds-300x186.jpg 300w, https:\/\/www.prestigemag.co\/wp-content\/uploads\/2015\/10\/skaff-with-the-crowds-1024x636.jpg 1024w, https:\/\/www.prestigemag.co\/wp-content\/uploads\/2015\/10\/skaff-with-the-crowds-150x93.jpg 150w, https:\/\/www.prestigemag.co\/wp-content\/uploads\/2015\/10\/skaff-with-the-crowds-600x373.jpg 600w, https:\/\/www.prestigemag.co\/wp-content\/uploads\/2015\/10\/skaff-with-the-crowds-201x125.jpg 201w, https:\/\/www.prestigemag.co\/wp-content\/uploads\/2015\/10\/skaff-with-the-crowds-108x67.jpg 108w, https:\/\/www.prestigemag.co\/wp-content\/uploads\/2015\/10\/skaff-with-the-crowds.jpg 1323w\" sizes=\"(max-width: 300px) 100vw, 300px\" \/><\/noscript><\/a> Elie Skaff lui aussi \u00e9tait populaire aupr\u00e8s des gens de sa r\u00e9gion \u00a9 Prestige<\/figcaption><\/figure>\n<p>&nbsp;<\/p>\n<p>&nbsp;<\/p>\n<p>&nbsp;<\/p>\n","protected":false},"excerpt":{"rendered":"<p><em>Prestige international Juillet 1999<\/em><br \/>En hommage \u00e0 l&rsquo;ancien d\u00e9put\u00e9 et ministre Elias Skaff, Prestige reproduit une interview, dans laquelle il raconte sa vie hors du commun, comment il a \u00e9t\u00e9 d\u00e9racin\u00e9 au cours de son jeune \u00e2ge et son retour triomphal \u00e0 Zahl\u00e9.<\/p>\n","protected":false},"author":3,"featured_media":0,"comment_status":"closed","ping_status":"closed","sticky":false,"template":"","format":"standard","meta":[],"categories":[13331],"tags":[],"yoast_head":"<!-- This site is optimized with the Yoast SEO plugin v19.4 - https:\/\/yoast.com\/wordpress\/plugins\/seo\/ -->\n<title>Hommage \u00e0 Elie Skaff - Prestige Magazine<\/title>\n<meta name=\"description\" content=\"Prestige international Juillet 1999En hommage \u00e0 l&#039;ancien d\u00e9put\u00e9 et ministre Elias Skaff, Prestige reproduit une interview, dans laquelle il raconte sa vie hors du commun, comment il a \u00e9t\u00e9 d\u00e9racin\u00e9 au cours de son jeune \u00e2ge et son retour triomphal \u00e0 Zahl\u00e9.\" \/>\n<meta name=\"robots\" content=\"index, follow, max-snippet:-1, max-image-preview:large, max-video-preview:-1\" \/>\n<link rel=\"canonical\" href=\"https:\/\/www.prestigemag.co\/fr\/2015\/10\/hommage-a-elie-skaff\/\" \/>\n<meta property=\"og:locale\" content=\"fr_FR\" \/>\n<meta property=\"og:type\" content=\"article\" \/>\n<meta property=\"og:title\" content=\"Hommage \u00e0 Elie Skaff - Prestige Magazine\" \/>\n<meta property=\"og:description\" content=\"Prestige international Juillet 1999En hommage \u00e0 l&#039;ancien d\u00e9put\u00e9 et ministre Elias Skaff, Prestige reproduit une interview, dans laquelle il raconte sa vie hors du commun, comment il a \u00e9t\u00e9 d\u00e9racin\u00e9 au cours de son jeune \u00e2ge et son retour triomphal \u00e0 Zahl\u00e9.\" \/>\n<meta property=\"og:url\" content=\"https:\/\/www.prestigemag.co\/fr\/2015\/10\/hommage-a-elie-skaff\/\" \/>\n<meta property=\"og:site_name\" content=\"Prestige Magazine\" \/>\n<meta property=\"article:publisher\" content=\"https:\/\/www.facebook.com\/prestigemag.co\/\" \/>\n<meta property=\"article:published_time\" content=\"2015-10-14T09:56:37+00:00\" \/>\n<meta property=\"og:image\" content=\"http:\/\/www.prestigemag.co\/wp-content\/uploads\/2015\/10\/Untitled-112-1024x498.jpg\" \/>\n<meta name=\"author\" content=\"prestige\" \/>\n<meta name=\"twitter:card\" content=\"summary\" \/>\n<meta name=\"twitter:label1\" content=\"\u00c9crit par\" \/>\n\t<meta name=\"twitter:data1\" content=\"prestige\" \/>\n\t<meta name=\"twitter:label2\" content=\"Dur\u00e9e de lecture estim\u00e9e\" \/>\n\t<meta name=\"twitter:data2\" content=\"9 minutes\" \/>\n<script type=\"application\/ld+json\" class=\"yoast-schema-graph\">{\"@context\":\"https:\/\/schema.org\",\"@graph\":[{\"@type\":\"Organization\",\"@id\":\"https:\/\/www.prestigemag.co\/#organization\",\"name\":\"Prestige\",\"url\":\"https:\/\/www.prestigemag.co\/\",\"sameAs\":[\"https:\/\/www.instagram.com\/prestige.mag\/\",\"https:\/\/www.facebook.com\/prestigemag.co\/\"],\"logo\":{\"@type\":\"ImageObject\",\"inLanguage\":\"fr-FR\",\"@id\":\"https:\/\/www.prestigemag.co\/#\/schema\/logo\/image\/\",\"url\":\"https:\/\/www.prestigemag.co\/wp-content\/uploads\/2021\/11\/logo-Prestige-800x200-1.png\",\"contentUrl\":\"https:\/\/www.prestigemag.co\/wp-content\/uploads\/2021\/11\/logo-Prestige-800x200-1.png\",\"width\":800,\"height\":200,\"caption\":\"Prestige\"},\"image\":{\"@id\":\"https:\/\/www.prestigemag.co\/#\/schema\/logo\/image\/\"}},{\"@type\":\"WebSite\",\"@id\":\"https:\/\/www.prestigemag.co\/#website\",\"url\":\"https:\/\/www.prestigemag.co\/\",\"name\":\"Prestige Magazine\",\"description\":\"Le Monde Des C\u00e9l\u00e9brit\u00e9s\",\"publisher\":{\"@id\":\"https:\/\/www.prestigemag.co\/#organization\"},\"potentialAction\":[{\"@type\":\"SearchAction\",\"target\":{\"@type\":\"EntryPoint\",\"urlTemplate\":\"https:\/\/www.prestigemag.co\/?s={search_term_string}\"},\"query-input\":\"required name=search_term_string\"}],\"inLanguage\":\"fr-FR\"},{\"@type\":\"WebPage\",\"@id\":\"https:\/\/www.prestigemag.co\/fr\/2015\/10\/hommage-a-elie-skaff\/\",\"url\":\"https:\/\/www.prestigemag.co\/fr\/2015\/10\/hommage-a-elie-skaff\/\",\"name\":\"Hommage \u00e0 Elie Skaff - Prestige Magazine\",\"isPartOf\":{\"@id\":\"https:\/\/www.prestigemag.co\/#website\"},\"datePublished\":\"2015-10-14T09:56:37+00:00\",\"dateModified\":\"2015-10-14T09:56:37+00:00\",\"description\":\"Prestige international Juillet 1999En hommage \u00e0 l'ancien d\u00e9put\u00e9 et ministre Elias Skaff, Prestige reproduit une interview, dans laquelle il raconte sa vie hors du commun, comment il a \u00e9t\u00e9 d\u00e9racin\u00e9 au cours de son jeune \u00e2ge et son retour triomphal \u00e0 Zahl\u00e9.\",\"breadcrumb\":{\"@id\":\"https:\/\/www.prestigemag.co\/fr\/2015\/10\/hommage-a-elie-skaff\/#breadcrumb\"},\"inLanguage\":\"fr-FR\",\"potentialAction\":[{\"@type\":\"ReadAction\",\"target\":[\"https:\/\/www.prestigemag.co\/fr\/2015\/10\/hommage-a-elie-skaff\/\"]}]},{\"@type\":\"BreadcrumbList\",\"@id\":\"https:\/\/www.prestigemag.co\/fr\/2015\/10\/hommage-a-elie-skaff\/#breadcrumb\",\"itemListElement\":[{\"@type\":\"ListItem\",\"position\":1,\"name\":\"Home\",\"item\":\"https:\/\/www.prestigemag.co\/fr\/\"},{\"@type\":\"ListItem\",\"position\":2,\"name\":\"Hommage \u00e0 Elie Skaff\"}]},{\"@type\":\"Article\",\"@id\":\"https:\/\/www.prestigemag.co\/fr\/2015\/10\/hommage-a-elie-skaff\/#article\",\"isPartOf\":{\"@id\":\"https:\/\/www.prestigemag.co\/fr\/2015\/10\/hommage-a-elie-skaff\/\"},\"author\":{\"name\":\"prestige\",\"@id\":\"https:\/\/www.prestigemag.co\/#\/schema\/person\/e3f149368970128d68bb2d797bf30fbc\"},\"headline\":\"Hommage \u00e0 Elie Skaff\",\"datePublished\":\"2015-10-14T09:56:37+00:00\",\"dateModified\":\"2015-10-14T09:56:37+00:00\",\"mainEntityOfPage\":{\"@id\":\"https:\/\/www.prestigemag.co\/fr\/2015\/10\/hommage-a-elie-skaff\/\"},\"wordCount\":1728,\"publisher\":{\"@id\":\"https:\/\/www.prestigemag.co\/#organization\"},\"articleSection\":[\"Entrevues\"],\"inLanguage\":\"fr-FR\"},{\"@type\":\"Person\",\"@id\":\"https:\/\/www.prestigemag.co\/#\/schema\/person\/e3f149368970128d68bb2d797bf30fbc\",\"name\":\"prestige\",\"image\":{\"@type\":\"ImageObject\",\"inLanguage\":\"fr-FR\",\"@id\":\"https:\/\/www.prestigemag.co\/#\/schema\/person\/image\/\",\"url\":\"https:\/\/secure.gravatar.com\/avatar\/0aa2dff5484d35e50578639a2c3ccef9?s=96&d=mm&r=g\",\"contentUrl\":\"https:\/\/secure.gravatar.com\/avatar\/0aa2dff5484d35e50578639a2c3ccef9?s=96&d=mm&r=g\",\"caption\":\"prestige\"},\"url\":\"https:\/\/www.prestigemag.co\/fr\/author\/prestige\/\"}]}<\/script>\n<!-- \/ Yoast SEO plugin. -->","yoast_head_json":{"title":"Hommage \u00e0 Elie Skaff - Prestige Magazine","description":"Prestige international Juillet 1999En hommage \u00e0 l'ancien d\u00e9put\u00e9 et ministre Elias Skaff, Prestige reproduit une interview, dans laquelle il raconte sa vie hors du commun, comment il a \u00e9t\u00e9 d\u00e9racin\u00e9 au cours de son jeune \u00e2ge et son retour triomphal \u00e0 Zahl\u00e9.","robots":{"index":"index","follow":"follow","max-snippet":"max-snippet:-1","max-image-preview":"max-image-preview:large","max-video-preview":"max-video-preview:-1"},"canonical":"https:\/\/www.prestigemag.co\/fr\/2015\/10\/hommage-a-elie-skaff\/","og_locale":"fr_FR","og_type":"article","og_title":"Hommage \u00e0 Elie Skaff - Prestige Magazine","og_description":"Prestige international Juillet 1999En hommage \u00e0 l'ancien d\u00e9put\u00e9 et ministre Elias Skaff, Prestige reproduit une interview, dans laquelle il raconte sa vie hors du commun, comment il a \u00e9t\u00e9 d\u00e9racin\u00e9 au cours de son jeune \u00e2ge et son retour triomphal \u00e0 Zahl\u00e9.","og_url":"https:\/\/www.prestigemag.co\/fr\/2015\/10\/hommage-a-elie-skaff\/","og_site_name":"Prestige Magazine","article_publisher":"https:\/\/www.facebook.com\/prestigemag.co\/","article_published_time":"2015-10-14T09:56:37+00:00","og_image":[{"url":"http:\/\/www.prestigemag.co\/wp-content\/uploads\/2015\/10\/Untitled-112-1024x498.jpg"}],"author":"prestige","twitter_card":"summary","twitter_misc":{"\u00c9crit par":"prestige","Dur\u00e9e de lecture estim\u00e9e":"9 minutes"},"schema":{"@context":"https:\/\/schema.org","@graph":[{"@type":"Organization","@id":"https:\/\/www.prestigemag.co\/#organization","name":"Prestige","url":"https:\/\/www.prestigemag.co\/","sameAs":["https:\/\/www.instagram.com\/prestige.mag\/","https:\/\/www.facebook.com\/prestigemag.co\/"],"logo":{"@type":"ImageObject","inLanguage":"fr-FR","@id":"https:\/\/www.prestigemag.co\/#\/schema\/logo\/image\/","url":"https:\/\/www.prestigemag.co\/wp-content\/uploads\/2021\/11\/logo-Prestige-800x200-1.png","contentUrl":"https:\/\/www.prestigemag.co\/wp-content\/uploads\/2021\/11\/logo-Prestige-800x200-1.png","width":800,"height":200,"caption":"Prestige"},"image":{"@id":"https:\/\/www.prestigemag.co\/#\/schema\/logo\/image\/"}},{"@type":"WebSite","@id":"https:\/\/www.prestigemag.co\/#website","url":"https:\/\/www.prestigemag.co\/","name":"Prestige Magazine","description":"Le Monde Des C\u00e9l\u00e9brit\u00e9s","publisher":{"@id":"https:\/\/www.prestigemag.co\/#organization"},"potentialAction":[{"@type":"SearchAction","target":{"@type":"EntryPoint","urlTemplate":"https:\/\/www.prestigemag.co\/?s={search_term_string}"},"query-input":"required name=search_term_string"}],"inLanguage":"fr-FR"},{"@type":"WebPage","@id":"https:\/\/www.prestigemag.co\/fr\/2015\/10\/hommage-a-elie-skaff\/","url":"https:\/\/www.prestigemag.co\/fr\/2015\/10\/hommage-a-elie-skaff\/","name":"Hommage \u00e0 Elie Skaff - Prestige Magazine","isPartOf":{"@id":"https:\/\/www.prestigemag.co\/#website"},"datePublished":"2015-10-14T09:56:37+00:00","dateModified":"2015-10-14T09:56:37+00:00","description":"Prestige international Juillet 1999En hommage \u00e0 l'ancien d\u00e9put\u00e9 et ministre Elias Skaff, Prestige reproduit une interview, dans laquelle il raconte sa vie hors du commun, comment il a \u00e9t\u00e9 d\u00e9racin\u00e9 au cours de son jeune \u00e2ge et son retour triomphal \u00e0 Zahl\u00e9.","breadcrumb":{"@id":"https:\/\/www.prestigemag.co\/fr\/2015\/10\/hommage-a-elie-skaff\/#breadcrumb"},"inLanguage":"fr-FR","potentialAction":[{"@type":"ReadAction","target":["https:\/\/www.prestigemag.co\/fr\/2015\/10\/hommage-a-elie-skaff\/"]}]},{"@type":"BreadcrumbList","@id":"https:\/\/www.prestigemag.co\/fr\/2015\/10\/hommage-a-elie-skaff\/#breadcrumb","itemListElement":[{"@type":"ListItem","position":1,"name":"Home","item":"https:\/\/www.prestigemag.co\/fr\/"},{"@type":"ListItem","position":2,"name":"Hommage \u00e0 Elie Skaff"}]},{"@type":"Article","@id":"https:\/\/www.prestigemag.co\/fr\/2015\/10\/hommage-a-elie-skaff\/#article","isPartOf":{"@id":"https:\/\/www.prestigemag.co\/fr\/2015\/10\/hommage-a-elie-skaff\/"},"author":{"name":"prestige","@id":"https:\/\/www.prestigemag.co\/#\/schema\/person\/e3f149368970128d68bb2d797bf30fbc"},"headline":"Hommage \u00e0 Elie Skaff","datePublished":"2015-10-14T09:56:37+00:00","dateModified":"2015-10-14T09:56:37+00:00","mainEntityOfPage":{"@id":"https:\/\/www.prestigemag.co\/fr\/2015\/10\/hommage-a-elie-skaff\/"},"wordCount":1728,"publisher":{"@id":"https:\/\/www.prestigemag.co\/#organization"},"articleSection":["Entrevues"],"inLanguage":"fr-FR"},{"@type":"Person","@id":"https:\/\/www.prestigemag.co\/#\/schema\/person\/e3f149368970128d68bb2d797bf30fbc","name":"prestige","image":{"@type":"ImageObject","inLanguage":"fr-FR","@id":"https:\/\/www.prestigemag.co\/#\/schema\/person\/image\/","url":"https:\/\/secure.gravatar.com\/avatar\/0aa2dff5484d35e50578639a2c3ccef9?s=96&d=mm&r=g","contentUrl":"https:\/\/secure.gravatar.com\/avatar\/0aa2dff5484d35e50578639a2c3ccef9?s=96&d=mm&r=g","caption":"prestige"},"url":"https:\/\/www.prestigemag.co\/fr\/author\/prestige\/"}]}},"_links":{"self":[{"href":"https:\/\/www.prestigemag.co\/fr\/wp-json\/wp\/v2\/posts\/20361"}],"collection":[{"href":"https:\/\/www.prestigemag.co\/fr\/wp-json\/wp\/v2\/posts"}],"about":[{"href":"https:\/\/www.prestigemag.co\/fr\/wp-json\/wp\/v2\/types\/post"}],"author":[{"embeddable":true,"href":"https:\/\/www.prestigemag.co\/fr\/wp-json\/wp\/v2\/users\/3"}],"replies":[{"embeddable":true,"href":"https:\/\/www.prestigemag.co\/fr\/wp-json\/wp\/v2\/comments?post=20361"}],"version-history":[{"count":0,"href":"https:\/\/www.prestigemag.co\/fr\/wp-json\/wp\/v2\/posts\/20361\/revisions"}],"wp:attachment":[{"href":"https:\/\/www.prestigemag.co\/fr\/wp-json\/wp\/v2\/media?parent=20361"}],"wp:term":[{"taxonomy":"category","embeddable":true,"href":"https:\/\/www.prestigemag.co\/fr\/wp-json\/wp\/v2\/categories?post=20361"},{"taxonomy":"post_tag","embeddable":true,"href":"https:\/\/www.prestigemag.co\/fr\/wp-json\/wp\/v2\/tags?post=20361"}],"curies":[{"name":"wp","href":"https:\/\/api.w.org\/{rel}","templated":true}]}}