{"id":20363,"date":"2015-10-14T12:23:54","date_gmt":"2015-10-14T09:23:54","guid":{"rendered":"http:\/\/www.prestigemag.co\/2015\/10\/maquillage-de-la-collection-pret-a-porter-printemps-ete-2016-par-dior\/"},"modified":"2021-11-22T20:23:00","modified_gmt":"2021-11-22T17:23:00","slug":"maquillage-de-la-collection-pret-a-porter-printemps-ete-2016-par-dior","status":"publish","type":"post","link":"https:\/\/www.prestigemag.co\/fr\/2015\/10\/maquillage-de-la-collection-pret-a-porter-printemps-ete-2016-par-dior\/","title":{"rendered":"Maquillage de la Collection Pr\u00eat-\u00e0-Porter Printemps-Et\u00e9 2016 par Dior"},"content":{"rendered":"<p><strong>Peter Philips cr\u00e9e et r\u00e9alise le\u00a0maquillage du d\u00e9fil\u00e9 Dior Collection Pr\u00eat-\u00e0-Porter Printemps-Et\u00e9 2016.<\/strong><\/p>\n<p><em>Pr\u00eat-\u00e0-Porter Printemps-Et\u00e9 2016, Dior show Backstage<\/em><br \/>\n<em> Maquillage Dior cr\u00e9\u00e9 et r\u00e9alis\u00e9 par Peter Philips<\/em><br \/>\n<em> Photographe : Vincent Lappartient pour Christian Dior Parfums<\/em><\/p>\n<p>Peter Philips, Directeur de la Cr\u00e9ation et de l\u2019Image du Maquillage Dior, imagine un look lumineux dans un cama\u00efeu de roses d\u00e9licats. Une beaut\u00e9 pure, devenue de saison en saison la signature de sa collaboration avec Raf Simons pour les d\u00e9fil\u00e9s de la Maison Dior<\/p>\n<p>Peter Philips de nous expliquer: \u00ab J\u2019ai voulu cr\u00e9er un maquillage tr\u00e8s\u00a0\u00ab glowy \u00bb, travaill\u00e9 autour d\u2019une id\u00e9e de transparence et de douceur en harmonie avec les tons pastels de la collection de Raf Simons. C\u2019est une beaut\u00e9 diaphane avec une pointe d\u2019\u00e9rotisme dissimul\u00e9 Ce look fait \u00e9cho \u00e0 la po\u00e9sie du d\u00e9cor o\u00f9 un immense amoncellement de fleurs fra\u00eeches compose un jardin extraordinaire.\u00bb<\/p>\n<p><a href=\"http:\/\/www.prestigemag.co\/wp-content\/uploads\/2015\/10\/La-blonde-de-Dior.jpg\"><img src=\"data:image\/svg+xml,%3Csvg%20xmlns='http:\/\/www.w3.org\/2000\/svg'%20viewBox='0%200%2078%%20247'%3E%3C\/svg%3E\" class=\"zeen-lazy-load-base zeen-lazy-load alignnone size-full wp-image-7539\" data-lazy-src=\"http:\/\/www.prestigemag.co\/wp-content\/uploads\/2015\/10\/La-blonde-de-Dior.jpg\" alt=\"La blonde de Dior\" width=\"78%\" data-lazy-srcset=\"https:\/\/www.prestigemag.co\/wp-content\/uploads\/2015\/10\/La-blonde-de-Dior.jpg 787w, https:\/\/www.prestigemag.co\/wp-content\/uploads\/2015\/10\/La-blonde-de-Dior-300x200.jpg 300w, https:\/\/www.prestigemag.co\/wp-content\/uploads\/2015\/10\/La-blonde-de-Dior-150x100.jpg 150w, https:\/\/www.prestigemag.co\/wp-content\/uploads\/2015\/10\/La-blonde-de-Dior-562x375.jpg 562w, https:\/\/www.prestigemag.co\/wp-content\/uploads\/2015\/10\/La-blonde-de-Dior-187x125.jpg 187w, https:\/\/www.prestigemag.co\/wp-content\/uploads\/2015\/10\/La-blonde-de-Dior-100x67.jpg 100w\" data-lazy-sizes=\"(max-width: 787px) 100vw, 787px\" \/><noscript><img class=\"alignnone size-full wp-image-7539\" src=\"http:\/\/www.prestigemag.co\/wp-content\/uploads\/2015\/10\/La-blonde-de-Dior.jpg\" alt=\"La blonde de Dior\" width=\"78%\" srcset=\"https:\/\/www.prestigemag.co\/wp-content\/uploads\/2015\/10\/La-blonde-de-Dior.jpg 787w, https:\/\/www.prestigemag.co\/wp-content\/uploads\/2015\/10\/La-blonde-de-Dior-300x200.jpg 300w, https:\/\/www.prestigemag.co\/wp-content\/uploads\/2015\/10\/La-blonde-de-Dior-150x100.jpg 150w, https:\/\/www.prestigemag.co\/wp-content\/uploads\/2015\/10\/La-blonde-de-Dior-562x375.jpg 562w, https:\/\/www.prestigemag.co\/wp-content\/uploads\/2015\/10\/La-blonde-de-Dior-187x125.jpg 187w, https:\/\/www.prestigemag.co\/wp-content\/uploads\/2015\/10\/La-blonde-de-Dior-100x67.jpg 100w\" sizes=\"(max-width: 787px) 100vw, 787px\" \/><\/noscript><\/a><\/p>\n<p><em><em>Pr\u00eat-\u00e0-Porter Printemps-Et\u00e9 2016, Dior Show Backstage<\/em><\/em><\/p>\n<p><strong>Le teint<\/strong> : fond de teint fluide Diorskin Star, quelques touches de Skinflash pour illuminer les parties saillantes et de Fix it pour de l\u00e9g\u00e8res corrections. Sur les pommettes Diorskin Nude n\u00b0001 Glowing Gardens Glowing Pink et une touche de\u00a0<span style=\"line-height: 1.5;\">Diorblush\u00a0n\u00b0844 Glowing Gardens Floral Pink.<\/span><\/p>\n<p>&nbsp;<\/p>\n<p><a href=\"http:\/\/www.prestigemag.co\/wp-content\/uploads\/2015\/10\/photo-de-la-japonaise.jpg\"><img src=\"data:image\/svg+xml,%3Csvg%20xmlns='http:\/\/www.w3.org\/2000\/svg'%20viewBox='0%200%2078%%20247'%3E%3C\/svg%3E\" class=\"zeen-lazy-load-base zeen-lazy-load alignnone size-full wp-image-7540\" data-lazy-src=\"http:\/\/www.prestigemag.co\/wp-content\/uploads\/2015\/10\/photo-de-la-japonaise.jpg\" alt=\"photo de la japonaise\" width=\"78%\" data-lazy-srcset=\"https:\/\/www.prestigemag.co\/wp-content\/uploads\/2015\/10\/photo-de-la-japonaise.jpg 787w, https:\/\/www.prestigemag.co\/wp-content\/uploads\/2015\/10\/photo-de-la-japonaise-300x200.jpg 300w, https:\/\/www.prestigemag.co\/wp-content\/uploads\/2015\/10\/photo-de-la-japonaise-150x100.jpg 150w, https:\/\/www.prestigemag.co\/wp-content\/uploads\/2015\/10\/photo-de-la-japonaise-562x375.jpg 562w, https:\/\/www.prestigemag.co\/wp-content\/uploads\/2015\/10\/photo-de-la-japonaise-187x125.jpg 187w, https:\/\/www.prestigemag.co\/wp-content\/uploads\/2015\/10\/photo-de-la-japonaise-100x67.jpg 100w\" data-lazy-sizes=\"(max-width: 787px) 100vw, 787px\" \/><noscript><img class=\"alignnone size-full wp-image-7540\" src=\"http:\/\/www.prestigemag.co\/wp-content\/uploads\/2015\/10\/photo-de-la-japonaise.jpg\" alt=\"photo de la japonaise\" width=\"78%\" srcset=\"https:\/\/www.prestigemag.co\/wp-content\/uploads\/2015\/10\/photo-de-la-japonaise.jpg 787w, https:\/\/www.prestigemag.co\/wp-content\/uploads\/2015\/10\/photo-de-la-japonaise-300x200.jpg 300w, https:\/\/www.prestigemag.co\/wp-content\/uploads\/2015\/10\/photo-de-la-japonaise-150x100.jpg 150w, https:\/\/www.prestigemag.co\/wp-content\/uploads\/2015\/10\/photo-de-la-japonaise-562x375.jpg 562w, https:\/\/www.prestigemag.co\/wp-content\/uploads\/2015\/10\/photo-de-la-japonaise-187x125.jpg 187w, https:\/\/www.prestigemag.co\/wp-content\/uploads\/2015\/10\/photo-de-la-japonaise-100x67.jpg 100w\" sizes=\"(max-width: 787px) 100vw, 787px\" \/><\/noscript><\/a><\/p>\n<p><em>Pr\u00eat-\u00e0-Porter Printemps-Et\u00e9 2016, Dior Show Backstage<\/em><\/p>\n<p><strong>Les yeux<\/strong> : les paupi\u00e8res sont maquill\u00e9es avec le 5 Couleurs n\u00b0451 Glowing Gardens et le Diorshow Colour and Contour n\u00b0757 Orchid. Les sourcils sont soulign\u00e9s avec le crayon Sourcils Poudre n\u00b0453 Soft Brown et disciplin\u00e9s avec Diorshow Brow Styler.<\/p>\n<p>&nbsp;<\/p>\n<p><a href=\"http:\/\/www.prestigemag.co\/wp-content\/uploads\/2015\/10\/Photo-de-celle-qui-est-bien-maquill\u00e9e.jpg\"><img src=\"data:image\/svg+xml,%3Csvg%20xmlns='http:\/\/www.w3.org\/2000\/svg'%20viewBox='0%200%2078%%20247'%3E%3C\/svg%3E\" class=\"zeen-lazy-load-base zeen-lazy-load alignnone size-full wp-image-7542\" data-lazy-src=\"http:\/\/www.prestigemag.co\/wp-content\/uploads\/2015\/10\/Photo-de-celle-qui-est-bien-maquill\u00e9e.jpg\" alt=\"Photo de celle qui est bien maquill\u00e9e\" width=\"78%\" data-lazy-srcset=\"https:\/\/www.prestigemag.co\/wp-content\/uploads\/2015\/10\/Photo-de-celle-qui-est-bien-maquill\u00e9e.jpg 787w, https:\/\/www.prestigemag.co\/wp-content\/uploads\/2015\/10\/Photo-de-celle-qui-est-bien-maquill\u00e9e-300x200.jpg 300w, https:\/\/www.prestigemag.co\/wp-content\/uploads\/2015\/10\/Photo-de-celle-qui-est-bien-maquill\u00e9e-150x100.jpg 150w, https:\/\/www.prestigemag.co\/wp-content\/uploads\/2015\/10\/Photo-de-celle-qui-est-bien-maquill\u00e9e-563x375.jpg 563w, https:\/\/www.prestigemag.co\/wp-content\/uploads\/2015\/10\/Photo-de-celle-qui-est-bien-maquill\u00e9e-188x125.jpg 188w, https:\/\/www.prestigemag.co\/wp-content\/uploads\/2015\/10\/Photo-de-celle-qui-est-bien-maquill\u00e9e-101x67.jpg 101w\" data-lazy-sizes=\"(max-width: 787px) 100vw, 787px\" \/><noscript><img class=\"alignnone size-full wp-image-7542\" src=\"http:\/\/www.prestigemag.co\/wp-content\/uploads\/2015\/10\/Photo-de-celle-qui-est-bien-maquill\u00e9e.jpg\" alt=\"Photo de celle qui est bien maquill\u00e9e\" width=\"78%\" srcset=\"https:\/\/www.prestigemag.co\/wp-content\/uploads\/2015\/10\/Photo-de-celle-qui-est-bien-maquill\u00e9e.jpg 787w, https:\/\/www.prestigemag.co\/wp-content\/uploads\/2015\/10\/Photo-de-celle-qui-est-bien-maquill\u00e9e-300x200.jpg 300w, https:\/\/www.prestigemag.co\/wp-content\/uploads\/2015\/10\/Photo-de-celle-qui-est-bien-maquill\u00e9e-150x100.jpg 150w, https:\/\/www.prestigemag.co\/wp-content\/uploads\/2015\/10\/Photo-de-celle-qui-est-bien-maquill\u00e9e-563x375.jpg 563w, https:\/\/www.prestigemag.co\/wp-content\/uploads\/2015\/10\/Photo-de-celle-qui-est-bien-maquill\u00e9e-188x125.jpg 188w, https:\/\/www.prestigemag.co\/wp-content\/uploads\/2015\/10\/Photo-de-celle-qui-est-bien-maquill\u00e9e-101x67.jpg 101w\" sizes=\"(max-width: 787px) 100vw, 787px\" \/><\/noscript><\/a><\/p>\n<p><em>Pr\u00eat-\u00e0-Porter Printemps-Et\u00e9 2016, Dior Show Backstage<\/em><\/p>\n<p><strong>La Bouche:<\/strong>\u00ab La bouche est tendre, hydrat\u00e9e avec Dior Addict Lip Glow N\u00b0001 Pommade, elle est ensuite rehauss\u00e9e avec le Dior Addict Lipstick n\u00b0266 Delight, un rose frais et radieux qui donne une jolie brillance naturelle. \u00bb<\/p>\n<p>&nbsp;<\/p>\n<p>&nbsp;<\/p>\n<p>&nbsp;<\/p>\n","protected":false},"excerpt":{"rendered":"<p><em>Peter Philips, Directeur de la Cr\u00e9ation et de l\u2019Image du Maquillage Dior, imagine un look lumineux dans un cama\u00efeu de roses d\u00e9licats. Une beaut\u00e9 pure, devenue de saison en saison la signature de sa collaboration avec Raf Simons pour les d\u00e9fil\u00e9s de la Maison Dior<\/em><\/p>\n","protected":false},"author":3,"featured_media":0,"comment_status":"closed","ping_status":"closed","sticky":false,"template":"","format":"standard","meta":[],"categories":[13379,13381],"tags":[],"yoast_head":"<!-- This site is optimized with the Yoast SEO plugin v19.4 - https:\/\/yoast.com\/wordpress\/plugins\/seo\/ -->\n<title>Maquillage de la Collection Pr\u00eat-\u00e0-Porter Printemps-Et\u00e9 2016 par Dior - Prestige Magazine<\/title>\n<meta name=\"description\" content=\"Peter Philips, Directeur de la Cr\u00e9ation et de l\u2019Image du Maquillage Dior, imagine un look lumineux dans un cama\u00efeu de roses d\u00e9licats. Une beaut\u00e9 pure, devenue de saison en saison la signature de sa collaboration avec Raf Simons pour les d\u00e9fil\u00e9s de la Maison Dior\" \/>\n<meta name=\"robots\" content=\"index, follow, max-snippet:-1, max-image-preview:large, max-video-preview:-1\" \/>\n<link rel=\"canonical\" href=\"https:\/\/www.prestigemag.co\/fr\/2015\/10\/maquillage-de-la-collection-pret-a-porter-printemps-ete-2016-par-dior\/\" \/>\n<meta property=\"og:locale\" content=\"fr_FR\" \/>\n<meta property=\"og:type\" content=\"article\" \/>\n<meta property=\"og:title\" content=\"Maquillage de la Collection Pr\u00eat-\u00e0-Porter Printemps-Et\u00e9 2016 par Dior - Prestige Magazine\" \/>\n<meta property=\"og:description\" content=\"Peter Philips, Directeur de la Cr\u00e9ation et de l\u2019Image du Maquillage Dior, imagine un look lumineux dans un cama\u00efeu de roses d\u00e9licats. Une beaut\u00e9 pure, devenue de saison en saison la signature de sa collaboration avec Raf Simons pour les d\u00e9fil\u00e9s de la Maison Dior\" \/>\n<meta property=\"og:url\" content=\"https:\/\/www.prestigemag.co\/fr\/2015\/10\/maquillage-de-la-collection-pret-a-porter-printemps-ete-2016-par-dior\/\" \/>\n<meta property=\"og:site_name\" content=\"Prestige Magazine\" \/>\n<meta property=\"article:publisher\" content=\"https:\/\/www.facebook.com\/prestigemag.co\/\" \/>\n<meta property=\"article:published_time\" content=\"2015-10-14T09:23:54+00:00\" \/>\n<meta property=\"article:modified_time\" content=\"2021-11-22T17:23:00+00:00\" \/>\n<meta property=\"og:image\" content=\"http:\/\/www.prestigemag.co\/wp-content\/uploads\/2015\/10\/La-blonde-de-Dior.jpg\" \/>\n<meta name=\"author\" content=\"prestige\" \/>\n<meta name=\"twitter:card\" content=\"summary\" \/>\n<meta name=\"twitter:label1\" content=\"\u00c9crit par\" \/>\n\t<meta name=\"twitter:data1\" content=\"prestige\" \/>\n\t<meta name=\"twitter:label2\" content=\"Dur\u00e9e de lecture estim\u00e9e\" \/>\n\t<meta name=\"twitter:data2\" content=\"2 minutes\" \/>\n<script type=\"application\/ld+json\" class=\"yoast-schema-graph\">{\"@context\":\"https:\/\/schema.org\",\"@graph\":[{\"@type\":\"Organization\",\"@id\":\"https:\/\/www.prestigemag.co\/#organization\",\"name\":\"Prestige\",\"url\":\"https:\/\/www.prestigemag.co\/\",\"sameAs\":[\"https:\/\/www.instagram.com\/prestige.mag\/\",\"https:\/\/www.facebook.com\/prestigemag.co\/\"],\"logo\":{\"@type\":\"ImageObject\",\"inLanguage\":\"fr-FR\",\"@id\":\"https:\/\/www.prestigemag.co\/#\/schema\/logo\/image\/\",\"url\":\"https:\/\/www.prestigemag.co\/wp-content\/uploads\/2021\/11\/logo-Prestige-800x200-1.png\",\"contentUrl\":\"https:\/\/www.prestigemag.co\/wp-content\/uploads\/2021\/11\/logo-Prestige-800x200-1.png\",\"width\":800,\"height\":200,\"caption\":\"Prestige\"},\"image\":{\"@id\":\"https:\/\/www.prestigemag.co\/#\/schema\/logo\/image\/\"}},{\"@type\":\"WebSite\",\"@id\":\"https:\/\/www.prestigemag.co\/#website\",\"url\":\"https:\/\/www.prestigemag.co\/\",\"name\":\"Prestige Magazine\",\"description\":\"Le Monde Des C\u00e9l\u00e9brit\u00e9s\",\"publisher\":{\"@id\":\"https:\/\/www.prestigemag.co\/#organization\"},\"potentialAction\":[{\"@type\":\"SearchAction\",\"target\":{\"@type\":\"EntryPoint\",\"urlTemplate\":\"https:\/\/www.prestigemag.co\/?s={search_term_string}\"},\"query-input\":\"required name=search_term_string\"}],\"inLanguage\":\"fr-FR\"},{\"@type\":\"WebPage\",\"@id\":\"https:\/\/www.prestigemag.co\/fr\/2015\/10\/maquillage-de-la-collection-pret-a-porter-printemps-ete-2016-par-dior\/\",\"url\":\"https:\/\/www.prestigemag.co\/fr\/2015\/10\/maquillage-de-la-collection-pret-a-porter-printemps-ete-2016-par-dior\/\",\"name\":\"Maquillage de la Collection Pr\u00eat-\u00e0-Porter Printemps-Et\u00e9 2016 par Dior - Prestige Magazine\",\"isPartOf\":{\"@id\":\"https:\/\/www.prestigemag.co\/#website\"},\"datePublished\":\"2015-10-14T09:23:54+00:00\",\"dateModified\":\"2021-11-22T17:23:00+00:00\",\"description\":\"Peter Philips, Directeur de la Cr\u00e9ation et de l\u2019Image du Maquillage Dior, imagine un look lumineux dans un cama\u00efeu de roses d\u00e9licats. Une beaut\u00e9 pure, devenue de saison en saison la signature de sa collaboration avec Raf Simons pour les d\u00e9fil\u00e9s de la Maison Dior\",\"breadcrumb\":{\"@id\":\"https:\/\/www.prestigemag.co\/fr\/2015\/10\/maquillage-de-la-collection-pret-a-porter-printemps-ete-2016-par-dior\/#breadcrumb\"},\"inLanguage\":\"fr-FR\",\"potentialAction\":[{\"@type\":\"ReadAction\",\"target\":[\"https:\/\/www.prestigemag.co\/fr\/2015\/10\/maquillage-de-la-collection-pret-a-porter-printemps-ete-2016-par-dior\/\"]}]},{\"@type\":\"BreadcrumbList\",\"@id\":\"https:\/\/www.prestigemag.co\/fr\/2015\/10\/maquillage-de-la-collection-pret-a-porter-printemps-ete-2016-par-dior\/#breadcrumb\",\"itemListElement\":[{\"@type\":\"ListItem\",\"position\":1,\"name\":\"Home\",\"item\":\"https:\/\/www.prestigemag.co\/fr\/\"},{\"@type\":\"ListItem\",\"position\":2,\"name\":\"Maquillage de la Collection Pr\u00eat-\u00e0-Porter Printemps-Et\u00e9 2016 par Dior\"}]},{\"@type\":\"Article\",\"@id\":\"https:\/\/www.prestigemag.co\/fr\/2015\/10\/maquillage-de-la-collection-pret-a-porter-printemps-ete-2016-par-dior\/#article\",\"isPartOf\":{\"@id\":\"https:\/\/www.prestigemag.co\/fr\/2015\/10\/maquillage-de-la-collection-pret-a-porter-printemps-ete-2016-par-dior\/\"},\"author\":{\"name\":\"prestige\",\"@id\":\"https:\/\/www.prestigemag.co\/#\/schema\/person\/e3f149368970128d68bb2d797bf30fbc\"},\"headline\":\"Maquillage de la Collection Pr\u00eat-\u00e0-Porter Printemps-Et\u00e9 2016 par Dior\",\"datePublished\":\"2015-10-14T09:23:54+00:00\",\"dateModified\":\"2021-11-22T17:23:00+00:00\",\"mainEntityOfPage\":{\"@id\":\"https:\/\/www.prestigemag.co\/fr\/2015\/10\/maquillage-de-la-collection-pret-a-porter-printemps-ete-2016-par-dior\/\"},\"wordCount\":326,\"publisher\":{\"@id\":\"https:\/\/www.prestigemag.co\/#organization\"},\"articleSection\":[\"Beaut\u00e9\",\"Maquillage\"],\"inLanguage\":\"fr-FR\"},{\"@type\":\"Person\",\"@id\":\"https:\/\/www.prestigemag.co\/#\/schema\/person\/e3f149368970128d68bb2d797bf30fbc\",\"name\":\"prestige\",\"image\":{\"@type\":\"ImageObject\",\"inLanguage\":\"fr-FR\",\"@id\":\"https:\/\/www.prestigemag.co\/#\/schema\/person\/image\/\",\"url\":\"https:\/\/secure.gravatar.com\/avatar\/0aa2dff5484d35e50578639a2c3ccef9?s=96&d=mm&r=g\",\"contentUrl\":\"https:\/\/secure.gravatar.com\/avatar\/0aa2dff5484d35e50578639a2c3ccef9?s=96&d=mm&r=g\",\"caption\":\"prestige\"},\"url\":\"https:\/\/www.prestigemag.co\/fr\/author\/prestige\/\"}]}<\/script>\n<!-- \/ Yoast SEO plugin. -->","yoast_head_json":{"title":"Maquillage de la Collection Pr\u00eat-\u00e0-Porter Printemps-Et\u00e9 2016 par Dior - Prestige Magazine","description":"Peter Philips, Directeur de la Cr\u00e9ation et de l\u2019Image du Maquillage Dior, imagine un look lumineux dans un cama\u00efeu de roses d\u00e9licats. Une beaut\u00e9 pure, devenue de saison en saison la signature de sa collaboration avec Raf Simons pour les d\u00e9fil\u00e9s de la Maison Dior","robots":{"index":"index","follow":"follow","max-snippet":"max-snippet:-1","max-image-preview":"max-image-preview:large","max-video-preview":"max-video-preview:-1"},"canonical":"https:\/\/www.prestigemag.co\/fr\/2015\/10\/maquillage-de-la-collection-pret-a-porter-printemps-ete-2016-par-dior\/","og_locale":"fr_FR","og_type":"article","og_title":"Maquillage de la Collection Pr\u00eat-\u00e0-Porter Printemps-Et\u00e9 2016 par Dior - Prestige Magazine","og_description":"Peter Philips, Directeur de la Cr\u00e9ation et de l\u2019Image du Maquillage Dior, imagine un look lumineux dans un cama\u00efeu de roses d\u00e9licats. Une beaut\u00e9 pure, devenue de saison en saison la signature de sa collaboration avec Raf Simons pour les d\u00e9fil\u00e9s de la Maison Dior","og_url":"https:\/\/www.prestigemag.co\/fr\/2015\/10\/maquillage-de-la-collection-pret-a-porter-printemps-ete-2016-par-dior\/","og_site_name":"Prestige Magazine","article_publisher":"https:\/\/www.facebook.com\/prestigemag.co\/","article_published_time":"2015-10-14T09:23:54+00:00","article_modified_time":"2021-11-22T17:23:00+00:00","og_image":[{"url":"http:\/\/www.prestigemag.co\/wp-content\/uploads\/2015\/10\/La-blonde-de-Dior.jpg"}],"author":"prestige","twitter_card":"summary","twitter_misc":{"\u00c9crit par":"prestige","Dur\u00e9e de lecture estim\u00e9e":"2 minutes"},"schema":{"@context":"https:\/\/schema.org","@graph":[{"@type":"Organization","@id":"https:\/\/www.prestigemag.co\/#organization","name":"Prestige","url":"https:\/\/www.prestigemag.co\/","sameAs":["https:\/\/www.instagram.com\/prestige.mag\/","https:\/\/www.facebook.com\/prestigemag.co\/"],"logo":{"@type":"ImageObject","inLanguage":"fr-FR","@id":"https:\/\/www.prestigemag.co\/#\/schema\/logo\/image\/","url":"https:\/\/www.prestigemag.co\/wp-content\/uploads\/2021\/11\/logo-Prestige-800x200-1.png","contentUrl":"https:\/\/www.prestigemag.co\/wp-content\/uploads\/2021\/11\/logo-Prestige-800x200-1.png","width":800,"height":200,"caption":"Prestige"},"image":{"@id":"https:\/\/www.prestigemag.co\/#\/schema\/logo\/image\/"}},{"@type":"WebSite","@id":"https:\/\/www.prestigemag.co\/#website","url":"https:\/\/www.prestigemag.co\/","name":"Prestige Magazine","description":"Le Monde Des C\u00e9l\u00e9brit\u00e9s","publisher":{"@id":"https:\/\/www.prestigemag.co\/#organization"},"potentialAction":[{"@type":"SearchAction","target":{"@type":"EntryPoint","urlTemplate":"https:\/\/www.prestigemag.co\/?s={search_term_string}"},"query-input":"required name=search_term_string"}],"inLanguage":"fr-FR"},{"@type":"WebPage","@id":"https:\/\/www.prestigemag.co\/fr\/2015\/10\/maquillage-de-la-collection-pret-a-porter-printemps-ete-2016-par-dior\/","url":"https:\/\/www.prestigemag.co\/fr\/2015\/10\/maquillage-de-la-collection-pret-a-porter-printemps-ete-2016-par-dior\/","name":"Maquillage de la Collection Pr\u00eat-\u00e0-Porter Printemps-Et\u00e9 2016 par Dior - Prestige Magazine","isPartOf":{"@id":"https:\/\/www.prestigemag.co\/#website"},"datePublished":"2015-10-14T09:23:54+00:00","dateModified":"2021-11-22T17:23:00+00:00","description":"Peter Philips, Directeur de la Cr\u00e9ation et de l\u2019Image du Maquillage Dior, imagine un look lumineux dans un cama\u00efeu de roses d\u00e9licats. Une beaut\u00e9 pure, devenue de saison en saison la signature de sa collaboration avec Raf Simons pour les d\u00e9fil\u00e9s de la Maison Dior","breadcrumb":{"@id":"https:\/\/www.prestigemag.co\/fr\/2015\/10\/maquillage-de-la-collection-pret-a-porter-printemps-ete-2016-par-dior\/#breadcrumb"},"inLanguage":"fr-FR","potentialAction":[{"@type":"ReadAction","target":["https:\/\/www.prestigemag.co\/fr\/2015\/10\/maquillage-de-la-collection-pret-a-porter-printemps-ete-2016-par-dior\/"]}]},{"@type":"BreadcrumbList","@id":"https:\/\/www.prestigemag.co\/fr\/2015\/10\/maquillage-de-la-collection-pret-a-porter-printemps-ete-2016-par-dior\/#breadcrumb","itemListElement":[{"@type":"ListItem","position":1,"name":"Home","item":"https:\/\/www.prestigemag.co\/fr\/"},{"@type":"ListItem","position":2,"name":"Maquillage de la Collection Pr\u00eat-\u00e0-Porter Printemps-Et\u00e9 2016 par Dior"}]},{"@type":"Article","@id":"https:\/\/www.prestigemag.co\/fr\/2015\/10\/maquillage-de-la-collection-pret-a-porter-printemps-ete-2016-par-dior\/#article","isPartOf":{"@id":"https:\/\/www.prestigemag.co\/fr\/2015\/10\/maquillage-de-la-collection-pret-a-porter-printemps-ete-2016-par-dior\/"},"author":{"name":"prestige","@id":"https:\/\/www.prestigemag.co\/#\/schema\/person\/e3f149368970128d68bb2d797bf30fbc"},"headline":"Maquillage de la Collection Pr\u00eat-\u00e0-Porter Printemps-Et\u00e9 2016 par Dior","datePublished":"2015-10-14T09:23:54+00:00","dateModified":"2021-11-22T17:23:00+00:00","mainEntityOfPage":{"@id":"https:\/\/www.prestigemag.co\/fr\/2015\/10\/maquillage-de-la-collection-pret-a-porter-printemps-ete-2016-par-dior\/"},"wordCount":326,"publisher":{"@id":"https:\/\/www.prestigemag.co\/#organization"},"articleSection":["Beaut\u00e9","Maquillage"],"inLanguage":"fr-FR"},{"@type":"Person","@id":"https:\/\/www.prestigemag.co\/#\/schema\/person\/e3f149368970128d68bb2d797bf30fbc","name":"prestige","image":{"@type":"ImageObject","inLanguage":"fr-FR","@id":"https:\/\/www.prestigemag.co\/#\/schema\/person\/image\/","url":"https:\/\/secure.gravatar.com\/avatar\/0aa2dff5484d35e50578639a2c3ccef9?s=96&d=mm&r=g","contentUrl":"https:\/\/secure.gravatar.com\/avatar\/0aa2dff5484d35e50578639a2c3ccef9?s=96&d=mm&r=g","caption":"prestige"},"url":"https:\/\/www.prestigemag.co\/fr\/author\/prestige\/"}]}},"_links":{"self":[{"href":"https:\/\/www.prestigemag.co\/fr\/wp-json\/wp\/v2\/posts\/20363"}],"collection":[{"href":"https:\/\/www.prestigemag.co\/fr\/wp-json\/wp\/v2\/posts"}],"about":[{"href":"https:\/\/www.prestigemag.co\/fr\/wp-json\/wp\/v2\/types\/post"}],"author":[{"embeddable":true,"href":"https:\/\/www.prestigemag.co\/fr\/wp-json\/wp\/v2\/users\/3"}],"replies":[{"embeddable":true,"href":"https:\/\/www.prestigemag.co\/fr\/wp-json\/wp\/v2\/comments?post=20363"}],"version-history":[{"count":1,"href":"https:\/\/www.prestigemag.co\/fr\/wp-json\/wp\/v2\/posts\/20363\/revisions"}],"predecessor-version":[{"id":23460,"href":"https:\/\/www.prestigemag.co\/fr\/wp-json\/wp\/v2\/posts\/20363\/revisions\/23460"}],"wp:attachment":[{"href":"https:\/\/www.prestigemag.co\/fr\/wp-json\/wp\/v2\/media?parent=20363"}],"wp:term":[{"taxonomy":"category","embeddable":true,"href":"https:\/\/www.prestigemag.co\/fr\/wp-json\/wp\/v2\/categories?post=20363"},{"taxonomy":"post_tag","embeddable":true,"href":"https:\/\/www.prestigemag.co\/fr\/wp-json\/wp\/v2\/tags?post=20363"}],"curies":[{"name":"wp","href":"https:\/\/api.w.org\/{rel}","templated":true}]}}