{"id":20399,"date":"2015-11-10T08:58:29","date_gmt":"2015-11-10T08:58:29","guid":{"rendered":"http:\/\/www.prestigemag.co\/2015\/11\/lexposition-universelle-de-milan\/"},"modified":"2015-11-10T08:58:29","modified_gmt":"2015-11-10T08:58:29","slug":"lexposition-universelle-de-milan","status":"publish","type":"post","link":"https:\/\/www.prestigemag.co\/fr\/2015\/11\/lexposition-universelle-de-milan\/","title":{"rendered":"L&rsquo;Exposition Universelle de Milan"},"content":{"rendered":"<p><em>Prestige N\u00ba 268, Novembre 2015<\/em><\/p>\n<p><em>Exposition de Milan par Marie-Jeanne Asmar<\/em><\/p>\n<h3>L\u2019Exposition Universelle de Milan s\u2019enthousiasme pour le vin libanais et le spectacle de Caracalla.<\/h3>\n<h3>Si le pavillon libanais \u00e0 l\u2019Expo Universelle de Milan \u00abNourrir la plan\u00e8te\u00bb, pr\u00e9sent parmi plus de 135 pays a eu du succ\u00e8s, il le doit sans aucun doute, au talent et \u00e0 l\u2019expertise de ses citoyens mis en relief entre autres, gr\u00e2ce au ministre libanais de l\u2019Economie Alain Hakim qui, durant ces 184 jours, a voulu promouvoir et soutenir l\u2019\u00e9conomie libanaise dans tous ses secteurs.<\/h3>\n<p><a href=\"http:\/\/www.prestigemag.co\/wp-content\/uploads\/2015\/11\/IMG_02731.jpg\"><img src=\"data:image\/svg+xml,%3Csvg%20xmlns='http:\/\/www.w3.org\/2000\/svg'%20viewBox='0%200%2078%%20247'%3E%3C\/svg%3E\" class=\"zeen-lazy-load-base zeen-lazy-load alignnone size-full wp-image-7815\" data-lazy-src=\"http:\/\/www.prestigemag.co\/wp-content\/uploads\/2015\/11\/IMG_02731.jpg\" alt=\"IMG_0273\" width=\"78%\" data-lazy-srcset=\"https:\/\/www.prestigemag.co\/wp-content\/uploads\/2015\/11\/IMG_02731.jpg 787w, https:\/\/www.prestigemag.co\/wp-content\/uploads\/2015\/11\/IMG_02731-300x160.jpg 300w, https:\/\/www.prestigemag.co\/wp-content\/uploads\/2015\/11\/IMG_02731-150x80.jpg 150w, https:\/\/www.prestigemag.co\/wp-content\/uploads\/2015\/11\/IMG_02731-600x319.jpg 600w, https:\/\/www.prestigemag.co\/wp-content\/uploads\/2015\/11\/IMG_02731-235x125.jpg 235w, https:\/\/www.prestigemag.co\/wp-content\/uploads\/2015\/11\/IMG_02731-126x67.jpg 126w\" data-lazy-sizes=\"(max-width: 787px) 100vw, 787px\" \/><noscript><img class=\"alignnone size-full wp-image-7815\" src=\"http:\/\/www.prestigemag.co\/wp-content\/uploads\/2015\/11\/IMG_02731.jpg\" alt=\"IMG_0273\" width=\"78%\" srcset=\"https:\/\/www.prestigemag.co\/wp-content\/uploads\/2015\/11\/IMG_02731.jpg 787w, https:\/\/www.prestigemag.co\/wp-content\/uploads\/2015\/11\/IMG_02731-300x160.jpg 300w, https:\/\/www.prestigemag.co\/wp-content\/uploads\/2015\/11\/IMG_02731-150x80.jpg 150w, https:\/\/www.prestigemag.co\/wp-content\/uploads\/2015\/11\/IMG_02731-600x319.jpg 600w, https:\/\/www.prestigemag.co\/wp-content\/uploads\/2015\/11\/IMG_02731-235x125.jpg 235w, https:\/\/www.prestigemag.co\/wp-content\/uploads\/2015\/11\/IMG_02731-126x67.jpg 126w\" sizes=\"(max-width: 787px) 100vw, 787px\" \/><\/noscript><\/a><\/p>\n<p>La troupe Caracalla omnipr\u00e9sente \u00e0 l\u2019Exposition Universelle de Milan.\u00a0\u00a9 Minist\u00e8re de l&rsquo;Economie et du Commerce.<\/p>\n<p>Ainsi, le 17 juin nous avons assist\u00e9 avec plaisir au concert d\u2019Alain Manoukian, accompagn\u00e9 de son orchestre. Son \u00abHarem\u00bb sur la place du cluster bio-m\u00e9diterran\u00e9en nous a enchant\u00e9s. Pour moi c\u2019\u00e9tait une belle d\u00e9couverte car j\u2019avoue que c\u2019\u00e9tait la premi\u00e8re fois que j\u2019assistais \u00e0 son spectacle et que je l\u2019entendais. Un vrai bonheur!<\/p>\n<p>Quand je re\u00e7us par la suite l\u2019invitation pour le 24 septembre \u00e0 une soir\u00e9e \u00abPoems, opera and wine\u00bb, j\u2019\u00e9tais toute contente. Mon attente ne fut pas d\u00e9\u00e7ue. Sous un ciel \u00e9toil\u00e9 la soir\u00e9e fut belle. En pr\u00e9sence du consul du Liban \u00e0 Milan, Walid Haydar, apr\u00e8s un mot de bienvenue prononc\u00e9 par Alia Abbas, directrice g\u00e9n\u00e9rale du minist\u00e8re de l\u2019Economie et du Commerce face \u00e0 un parterre de personnalit\u00e9s libanaises, \u00e9trang\u00e8res et italiennes&#8230; on a d\u00e9gust\u00e9 les paroles du po\u00e8te Talal Haydar qui a d\u00e9clam\u00e9 des rimes d\u2019une beaut\u00e9 rare. Ensuite, avec le courage de celui qui ne doute en aucune fa\u00e7on de ses qualit\u00e9s, de son talent, en terre italienne, Eliya Francis, avec sa voix de t\u00e9nor a chant\u00e9 des morceaux d\u2019op\u00e9ra italiens, fran\u00e7ais, espagnols&#8230; Et il a eu du succ\u00e8s car beaucoup de visiteurs de l\u2019expo s\u2019arr\u00eatant pour l\u2019\u00e9couter en passant, ne voulaient plus partir. Apr\u00e8s la po\u00e9sie, la chanson, la peinture de Jamal Kadamani qui a peint des toiles sur place, on attendait le vin libanais. Il \u00e9tait repr\u00e9sent\u00e9 en l\u2019occurrence par Zafer Chaoui, pr\u00e9sident du syndicat des viticulteurs au Liban et PDG de Ksara qui a soulign\u00e9, lors de son discours, l\u2019importance du vin libanais: \u00abMalgr\u00e9 les \u00e9preuves difficiles par lesquelles passe le Liban, l\u2019industrie du vin a connu un \u00e9norme essor au cours de ces vingt derni\u00e8res ann\u00e9es, passant de 8 producteurs de vin \u00e0 la fin de la guerre civile jusqu\u2019\u00e0 40 aujourd\u2019hui.\u00bb<\/p>\n<p><a href=\"http:\/\/www.prestigemag.co\/wp-content\/uploads\/2015\/11\/IMG_9323.jpg\"><img src=\"data:image\/svg+xml,%3Csvg%20xmlns='http:\/\/www.w3.org\/2000\/svg'%20viewBox='0%200%2025%%20247'%3E%3C\/svg%3E\" class=\"zeen-lazy-load-base zeen-lazy-load alignnone size-featured-image wp-image-7816\" data-lazy-src=\"http:\/\/www.prestigemag.co\/wp-content\/uploads\/2015\/11\/IMG_9323-250x375.jpg\" alt=\"IMG_9323\" width=\"25%\" data-lazy-srcset=\"https:\/\/www.prestigemag.co\/wp-content\/uploads\/2015\/11\/IMG_9323-250x375.jpg 250w, https:\/\/www.prestigemag.co\/wp-content\/uploads\/2015\/11\/IMG_9323-200x300.jpg 200w, https:\/\/www.prestigemag.co\/wp-content\/uploads\/2015\/11\/IMG_9323-100x150.jpg 100w, https:\/\/www.prestigemag.co\/wp-content\/uploads\/2015\/11\/IMG_9323-83x125.jpg 83w, https:\/\/www.prestigemag.co\/wp-content\/uploads\/2015\/11\/IMG_9323-45x67.jpg 45w, https:\/\/www.prestigemag.co\/wp-content\/uploads\/2015\/11\/IMG_9323.jpg 630w\" data-lazy-sizes=\"(max-width: 250px) 100vw, 250px\" \/><noscript><img class=\"alignnone size-featured-image wp-image-7816\" src=\"http:\/\/www.prestigemag.co\/wp-content\/uploads\/2015\/11\/IMG_9323-250x375.jpg\" alt=\"IMG_9323\" width=\"25%\" srcset=\"https:\/\/www.prestigemag.co\/wp-content\/uploads\/2015\/11\/IMG_9323-250x375.jpg 250w, https:\/\/www.prestigemag.co\/wp-content\/uploads\/2015\/11\/IMG_9323-200x300.jpg 200w, https:\/\/www.prestigemag.co\/wp-content\/uploads\/2015\/11\/IMG_9323-100x150.jpg 100w, https:\/\/www.prestigemag.co\/wp-content\/uploads\/2015\/11\/IMG_9323-83x125.jpg 83w, https:\/\/www.prestigemag.co\/wp-content\/uploads\/2015\/11\/IMG_9323-45x67.jpg 45w, https:\/\/www.prestigemag.co\/wp-content\/uploads\/2015\/11\/IMG_9323.jpg 630w\" sizes=\"(max-width: 250px) 100vw, 250px\" \/><\/noscript><\/a><\/p>\n<p>Zafer Chaoui, pr\u00e9sident du syndicat des viticulteurs au Liban et PDG de Ksara a soulign\u00e9, dans son discours, le d\u00e9veloppement de l\u2019industrie du vin libanais et son appr\u00e9ciation des experts mondiaux.\u00a0\u00a9 Minist\u00e8re de l&rsquo;Economie et du Commerce.<\/p>\n<p>Il a pr\u00e9cis\u00e9 aussi que \u00able vin libanais a \u00e9t\u00e9 capable de devenir ambassadeur du Liban puisqu\u2019il a voyag\u00e9 vers plus de 30 pays dans le monde o\u00f9 il a connu une appr\u00e9ciation exceptionnelle des experts mondiaux. Lors des cinq derni\u00e8res ann\u00e9es, le vin libanais a tir\u00e9 de grands profits au Royaume-Uni, en France et aux Etats-Unis.\u00bb<\/p>\n<p>Avant d\u2019inviter les pr\u00e9sents \u00e0 d\u00e9guster le vin libanais dont c\u2019\u00e9tait la journ\u00e9e, Chaoui a conclu en disant: \u00abNous sommes aujourd\u2019hui pr\u00e9sents \u00e0 Milan pour promouvoir le vin libanais, connu pour \u00eatre l\u2019embl\u00e8me des civilisations et de l\u2019hospitalit\u00e9 depuis plus de 3 000 ans. Le vin libanais est d\u00e9sormais un ambassadeur culturel et \u00e9conomique de ce petit coin du monde. Nous sommes encore au d\u00e9but d\u2019une longue voie puisque nous produisons aujourd\u2019hui environ 9 millions de bouteilles, ce qui est minime relativement aux normes mondiales. C\u2019est pourquoi notre vin devrait \u00eatre unique, chaque bouteille cachant un message de la chaleur et de la g\u00e9n\u00e9rosit\u00e9 libanaises.\u00bb<\/p>\n<p>Personne ce soir-l\u00e0 ne bouda son plaisir de boire du vin rouge, blanc ou ros\u00e9&#8230; en pensant au 26 septembre, au spectacle pr\u00e9sent\u00e9 \u00e0 l\u2019occasion de la journ\u00e9e nationale libanaise dans le cadre de l\u2019expo qui ferme ses portes le 31 octobre&#8230; Un spectacle sign\u00e9 Caracalla avec pour titre <em>les Mille et Une Nuits.<\/em><\/p>\n<p><a href=\"http:\/\/www.prestigemag.co\/wp-content\/uploads\/2015\/11\/IMG_8922.jpg\"><img src=\"data:image\/svg+xml,%3Csvg%20xmlns='http:\/\/www.w3.org\/2000\/svg'%20viewBox='0%200%2060%%20247'%3E%3C\/svg%3E\" class=\"zeen-lazy-load-base zeen-lazy-load alignnone size-featured-image wp-image-7817\" data-lazy-src=\"http:\/\/www.prestigemag.co\/wp-content\/uploads\/2015\/11\/IMG_8922-600x337.jpg\" alt=\"IMG_8922\" width=\"60%\" data-lazy-srcset=\"https:\/\/www.prestigemag.co\/wp-content\/uploads\/2015\/11\/IMG_8922-600x337.jpg 600w, https:\/\/www.prestigemag.co\/wp-content\/uploads\/2015\/11\/IMG_8922-300x168.jpg 300w, https:\/\/www.prestigemag.co\/wp-content\/uploads\/2015\/11\/IMG_8922-150x84.jpg 150w, https:\/\/www.prestigemag.co\/wp-content\/uploads\/2015\/11\/IMG_8922-223x125.jpg 223w, https:\/\/www.prestigemag.co\/wp-content\/uploads\/2015\/11\/IMG_8922-119x67.jpg 119w, https:\/\/www.prestigemag.co\/wp-content\/uploads\/2015\/11\/IMG_8922.jpg 787w\" data-lazy-sizes=\"(max-width: 600px) 100vw, 600px\" \/><noscript><img class=\"alignnone size-featured-image wp-image-7817\" src=\"http:\/\/www.prestigemag.co\/wp-content\/uploads\/2015\/11\/IMG_8922-600x337.jpg\" alt=\"IMG_8922\" width=\"60%\" srcset=\"https:\/\/www.prestigemag.co\/wp-content\/uploads\/2015\/11\/IMG_8922-600x337.jpg 600w, https:\/\/www.prestigemag.co\/wp-content\/uploads\/2015\/11\/IMG_8922-300x168.jpg 300w, https:\/\/www.prestigemag.co\/wp-content\/uploads\/2015\/11\/IMG_8922-150x84.jpg 150w, https:\/\/www.prestigemag.co\/wp-content\/uploads\/2015\/11\/IMG_8922-223x125.jpg 223w, https:\/\/www.prestigemag.co\/wp-content\/uploads\/2015\/11\/IMG_8922-119x67.jpg 119w, https:\/\/www.prestigemag.co\/wp-content\/uploads\/2015\/11\/IMG_8922.jpg 787w\" sizes=\"(max-width: 600px) 100vw, 600px\" \/><\/noscript><\/a><\/p>\n<p>\u00a9 Minist\u00e8re de l&rsquo;Economie et du Commerce.<\/p>\n<h3>Le spectacle des <em>Mille et Une Nuits<\/em> de Caracalla,\u00a0aux couleurs chatoyantes et vivantes,\u00a0a \u00e9t\u00e9 l\u2019apoth\u00e9ose de L\u2019Expo Universelle.<\/h3>\n<p>Vraiment une belle surprise pr\u00e9par\u00e9e par le comit\u00e9 organisateur pour cette journ\u00e9e qui avait commenc\u00e9, comme me l\u2019a avou\u00e9 un membre du cabinet du ministre de l\u2019Economie, par la lev\u00e9e du drapeau pr\u00e8s du pavillon libanais, en pr\u00e9sence d\u2019officiels et qui se terminait par l\u2019apoth\u00e9ose Caracalla. C\u2019est avec un peu de curiosit\u00e9 que je les attendais, pour savoir, moi qui les ai connus depuis longtemps, s\u2019ils avaient chang\u00e9, si j\u2019allais \u00eatre d\u00e9\u00e7ue&#8230; Pas du tout! Sur la sc\u00e8ne de l\u2019auditorium de l\u2019expo, devant de nombreux spectateurs, apr\u00e8s l\u2019hymne national et la parole de bienvenue du ministre de l\u2019Economie Alain Hakim, ce fut une fusion de couleurs, des tableaux pleins de po\u00e9sie. Les danseurs et danseuses \u00e9taient magnifiques. Bravo aux nouveaux chor\u00e9graphes de la famille Alissar et Yvan Caracalla, au directeur artistique et costume design Abdel Halim Caracalla. En premi\u00e8re partie du spectacle, on eut droit \u00e0 la repr\u00e9sentation splendide des Mille et Une Nuits sur la musique de Maurice Ravel et Rimsky Korsakov. En seconde partie du spectacle les Libanais immigr\u00e9s en Italie furent ravis d\u2019entendre la chanteuse Hoda, le chanteur Joseph Azar, de voir la troupe s\u2019exhiber dans une dabk\u00e9 et Omar Caracalla effectuer avec maestria la danse traditionnelle de l\u2019\u00e9p\u00e9e&#8230;<\/p>\n<p>En sortant du spectacle j\u2019\u00e9tais tr\u00e8s fi\u00e8re de notre troupe de danse nationale surtout en entendant les commentaires des Italiens qui n\u2019en revenaient pas d\u2019avoir vu tant de sensualit\u00e9, de beaut\u00e9 et de bravoure&#8230; Ce serait merveilleux s\u2019ils revenaient se produire sur une grande sc\u00e8ne italienne. Alissar Caracalla m\u2019a dit que cela leur plairait bien. Et moi je dis: succ\u00e8s assur\u00e9!<\/p>\n","protected":false},"excerpt":{"rendered":"<p><em>Prestige N 268, Novembre 2015<\/em><br \/>Si le pavillon libanais \u00e0 l\u2019Expo Universelle de Milan \u00abNourrir la plan\u00e8te\u00bb, pr\u00e9sent parmi plus de 135 pays a eu du succ\u00e8s, il le doit sans aucun doute, au talent et \u00e0 l\u2019expertise de ses citoyens<\/p>\n","protected":false},"author":3,"featured_media":0,"comment_status":"closed","ping_status":"closed","sticky":false,"template":"","format":"standard","meta":[],"categories":[13337,13348],"tags":[],"yoast_head":"<!-- This site is optimized with the Yoast SEO plugin v19.4 - https:\/\/yoast.com\/wordpress\/plugins\/seo\/ -->\n<title>L&#039;Exposition Universelle de Milan - Prestige Magazine<\/title>\n<meta name=\"description\" content=\"Prestige N 268, Novembre 2015Si le pavillon libanais \u00e0 l\u2019Expo Universelle de Milan \u00abNourrir la plan\u00e8te\u00bb, pr\u00e9sent parmi plus de 135 pays a eu du succ\u00e8s, il le doit sans aucun doute, au talent et \u00e0 l\u2019expertise de ses citoyens\" \/>\n<meta name=\"robots\" content=\"index, follow, max-snippet:-1, max-image-preview:large, max-video-preview:-1\" \/>\n<link rel=\"canonical\" href=\"https:\/\/www.prestigemag.co\/fr\/2015\/11\/lexposition-universelle-de-milan\/\" \/>\n<meta property=\"og:locale\" content=\"fr_FR\" \/>\n<meta property=\"og:type\" content=\"article\" \/>\n<meta property=\"og:title\" content=\"L&#039;Exposition Universelle de Milan - Prestige Magazine\" \/>\n<meta property=\"og:description\" content=\"Prestige N 268, Novembre 2015Si le pavillon libanais \u00e0 l\u2019Expo Universelle de Milan \u00abNourrir la plan\u00e8te\u00bb, pr\u00e9sent parmi plus de 135 pays a eu du succ\u00e8s, il le doit sans aucun doute, au talent et \u00e0 l\u2019expertise de ses citoyens\" \/>\n<meta property=\"og:url\" content=\"https:\/\/www.prestigemag.co\/fr\/2015\/11\/lexposition-universelle-de-milan\/\" \/>\n<meta property=\"og:site_name\" content=\"Prestige Magazine\" \/>\n<meta property=\"article:publisher\" content=\"https:\/\/www.facebook.com\/prestigemag.co\/\" \/>\n<meta property=\"article:published_time\" content=\"2015-11-10T08:58:29+00:00\" \/>\n<meta property=\"og:image\" content=\"http:\/\/www.prestigemag.co\/wp-content\/uploads\/2015\/11\/IMG_02731.jpg\" \/>\n<meta name=\"author\" content=\"prestige\" \/>\n<meta name=\"twitter:card\" content=\"summary\" \/>\n<meta name=\"twitter:label1\" content=\"\u00c9crit par\" \/>\n\t<meta name=\"twitter:data1\" content=\"prestige\" \/>\n\t<meta name=\"twitter:label2\" content=\"Dur\u00e9e de lecture estim\u00e9e\" \/>\n\t<meta name=\"twitter:data2\" content=\"5 minutes\" \/>\n<script type=\"application\/ld+json\" class=\"yoast-schema-graph\">{\"@context\":\"https:\/\/schema.org\",\"@graph\":[{\"@type\":\"Organization\",\"@id\":\"https:\/\/www.prestigemag.co\/#organization\",\"name\":\"Prestige\",\"url\":\"https:\/\/www.prestigemag.co\/\",\"sameAs\":[\"https:\/\/www.instagram.com\/prestige.mag\/\",\"https:\/\/www.facebook.com\/prestigemag.co\/\"],\"logo\":{\"@type\":\"ImageObject\",\"inLanguage\":\"fr-FR\",\"@id\":\"https:\/\/www.prestigemag.co\/#\/schema\/logo\/image\/\",\"url\":\"https:\/\/www.prestigemag.co\/wp-content\/uploads\/2021\/11\/logo-Prestige-800x200-1.png\",\"contentUrl\":\"https:\/\/www.prestigemag.co\/wp-content\/uploads\/2021\/11\/logo-Prestige-800x200-1.png\",\"width\":800,\"height\":200,\"caption\":\"Prestige\"},\"image\":{\"@id\":\"https:\/\/www.prestigemag.co\/#\/schema\/logo\/image\/\"}},{\"@type\":\"WebSite\",\"@id\":\"https:\/\/www.prestigemag.co\/#website\",\"url\":\"https:\/\/www.prestigemag.co\/\",\"name\":\"Prestige Magazine\",\"description\":\"Le Monde Des C\u00e9l\u00e9brit\u00e9s\",\"publisher\":{\"@id\":\"https:\/\/www.prestigemag.co\/#organization\"},\"potentialAction\":[{\"@type\":\"SearchAction\",\"target\":{\"@type\":\"EntryPoint\",\"urlTemplate\":\"https:\/\/www.prestigemag.co\/?s={search_term_string}\"},\"query-input\":\"required name=search_term_string\"}],\"inLanguage\":\"fr-FR\"},{\"@type\":\"WebPage\",\"@id\":\"https:\/\/www.prestigemag.co\/fr\/2015\/11\/lexposition-universelle-de-milan\/\",\"url\":\"https:\/\/www.prestigemag.co\/fr\/2015\/11\/lexposition-universelle-de-milan\/\",\"name\":\"L'Exposition Universelle de Milan - Prestige Magazine\",\"isPartOf\":{\"@id\":\"https:\/\/www.prestigemag.co\/#website\"},\"datePublished\":\"2015-11-10T08:58:29+00:00\",\"dateModified\":\"2015-11-10T08:58:29+00:00\",\"description\":\"Prestige N 268, Novembre 2015Si le pavillon libanais \u00e0 l\u2019Expo Universelle de Milan \u00abNourrir la plan\u00e8te\u00bb, pr\u00e9sent parmi plus de 135 pays a eu du succ\u00e8s, il le doit sans aucun doute, au talent et \u00e0 l\u2019expertise de ses citoyens\",\"breadcrumb\":{\"@id\":\"https:\/\/www.prestigemag.co\/fr\/2015\/11\/lexposition-universelle-de-milan\/#breadcrumb\"},\"inLanguage\":\"fr-FR\",\"potentialAction\":[{\"@type\":\"ReadAction\",\"target\":[\"https:\/\/www.prestigemag.co\/fr\/2015\/11\/lexposition-universelle-de-milan\/\"]}]},{\"@type\":\"BreadcrumbList\",\"@id\":\"https:\/\/www.prestigemag.co\/fr\/2015\/11\/lexposition-universelle-de-milan\/#breadcrumb\",\"itemListElement\":[{\"@type\":\"ListItem\",\"position\":1,\"name\":\"Home\",\"item\":\"https:\/\/www.prestigemag.co\/fr\/\"},{\"@type\":\"ListItem\",\"position\":2,\"name\":\"L&rsquo;Exposition Universelle de Milan\"}]},{\"@type\":\"Article\",\"@id\":\"https:\/\/www.prestigemag.co\/fr\/2015\/11\/lexposition-universelle-de-milan\/#article\",\"isPartOf\":{\"@id\":\"https:\/\/www.prestigemag.co\/fr\/2015\/11\/lexposition-universelle-de-milan\/\"},\"author\":{\"name\":\"prestige\",\"@id\":\"https:\/\/www.prestigemag.co\/#\/schema\/person\/e3f149368970128d68bb2d797bf30fbc\"},\"headline\":\"L&rsquo;Exposition Universelle de Milan\",\"datePublished\":\"2015-11-10T08:58:29+00:00\",\"dateModified\":\"2015-11-10T08:58:29+00:00\",\"mainEntityOfPage\":{\"@id\":\"https:\/\/www.prestigemag.co\/fr\/2015\/11\/lexposition-universelle-de-milan\/\"},\"wordCount\":1054,\"publisher\":{\"@id\":\"https:\/\/www.prestigemag.co\/#organization\"},\"articleSection\":[\"Art de vivre\",\"Lifestyle\"],\"inLanguage\":\"fr-FR\"},{\"@type\":\"Person\",\"@id\":\"https:\/\/www.prestigemag.co\/#\/schema\/person\/e3f149368970128d68bb2d797bf30fbc\",\"name\":\"prestige\",\"image\":{\"@type\":\"ImageObject\",\"inLanguage\":\"fr-FR\",\"@id\":\"https:\/\/www.prestigemag.co\/#\/schema\/person\/image\/\",\"url\":\"https:\/\/secure.gravatar.com\/avatar\/0aa2dff5484d35e50578639a2c3ccef9?s=96&d=mm&r=g\",\"contentUrl\":\"https:\/\/secure.gravatar.com\/avatar\/0aa2dff5484d35e50578639a2c3ccef9?s=96&d=mm&r=g\",\"caption\":\"prestige\"},\"url\":\"https:\/\/www.prestigemag.co\/fr\/author\/prestige\/\"}]}<\/script>\n<!-- \/ Yoast SEO plugin. -->","yoast_head_json":{"title":"L'Exposition Universelle de Milan - Prestige Magazine","description":"Prestige N 268, Novembre 2015Si le pavillon libanais \u00e0 l\u2019Expo Universelle de Milan \u00abNourrir la plan\u00e8te\u00bb, pr\u00e9sent parmi plus de 135 pays a eu du succ\u00e8s, il le doit sans aucun doute, au talent et \u00e0 l\u2019expertise de ses citoyens","robots":{"index":"index","follow":"follow","max-snippet":"max-snippet:-1","max-image-preview":"max-image-preview:large","max-video-preview":"max-video-preview:-1"},"canonical":"https:\/\/www.prestigemag.co\/fr\/2015\/11\/lexposition-universelle-de-milan\/","og_locale":"fr_FR","og_type":"article","og_title":"L'Exposition Universelle de Milan - Prestige Magazine","og_description":"Prestige N 268, Novembre 2015Si le pavillon libanais \u00e0 l\u2019Expo Universelle de Milan \u00abNourrir la plan\u00e8te\u00bb, pr\u00e9sent parmi plus de 135 pays a eu du succ\u00e8s, il le doit sans aucun doute, au talent et \u00e0 l\u2019expertise de ses citoyens","og_url":"https:\/\/www.prestigemag.co\/fr\/2015\/11\/lexposition-universelle-de-milan\/","og_site_name":"Prestige Magazine","article_publisher":"https:\/\/www.facebook.com\/prestigemag.co\/","article_published_time":"2015-11-10T08:58:29+00:00","og_image":[{"url":"http:\/\/www.prestigemag.co\/wp-content\/uploads\/2015\/11\/IMG_02731.jpg"}],"author":"prestige","twitter_card":"summary","twitter_misc":{"\u00c9crit par":"prestige","Dur\u00e9e de lecture estim\u00e9e":"5 minutes"},"schema":{"@context":"https:\/\/schema.org","@graph":[{"@type":"Organization","@id":"https:\/\/www.prestigemag.co\/#organization","name":"Prestige","url":"https:\/\/www.prestigemag.co\/","sameAs":["https:\/\/www.instagram.com\/prestige.mag\/","https:\/\/www.facebook.com\/prestigemag.co\/"],"logo":{"@type":"ImageObject","inLanguage":"fr-FR","@id":"https:\/\/www.prestigemag.co\/#\/schema\/logo\/image\/","url":"https:\/\/www.prestigemag.co\/wp-content\/uploads\/2021\/11\/logo-Prestige-800x200-1.png","contentUrl":"https:\/\/www.prestigemag.co\/wp-content\/uploads\/2021\/11\/logo-Prestige-800x200-1.png","width":800,"height":200,"caption":"Prestige"},"image":{"@id":"https:\/\/www.prestigemag.co\/#\/schema\/logo\/image\/"}},{"@type":"WebSite","@id":"https:\/\/www.prestigemag.co\/#website","url":"https:\/\/www.prestigemag.co\/","name":"Prestige Magazine","description":"Le Monde Des C\u00e9l\u00e9brit\u00e9s","publisher":{"@id":"https:\/\/www.prestigemag.co\/#organization"},"potentialAction":[{"@type":"SearchAction","target":{"@type":"EntryPoint","urlTemplate":"https:\/\/www.prestigemag.co\/?s={search_term_string}"},"query-input":"required name=search_term_string"}],"inLanguage":"fr-FR"},{"@type":"WebPage","@id":"https:\/\/www.prestigemag.co\/fr\/2015\/11\/lexposition-universelle-de-milan\/","url":"https:\/\/www.prestigemag.co\/fr\/2015\/11\/lexposition-universelle-de-milan\/","name":"L'Exposition Universelle de Milan - Prestige Magazine","isPartOf":{"@id":"https:\/\/www.prestigemag.co\/#website"},"datePublished":"2015-11-10T08:58:29+00:00","dateModified":"2015-11-10T08:58:29+00:00","description":"Prestige N 268, Novembre 2015Si le pavillon libanais \u00e0 l\u2019Expo Universelle de Milan \u00abNourrir la plan\u00e8te\u00bb, pr\u00e9sent parmi plus de 135 pays a eu du succ\u00e8s, il le doit sans aucun doute, au talent et \u00e0 l\u2019expertise de ses citoyens","breadcrumb":{"@id":"https:\/\/www.prestigemag.co\/fr\/2015\/11\/lexposition-universelle-de-milan\/#breadcrumb"},"inLanguage":"fr-FR","potentialAction":[{"@type":"ReadAction","target":["https:\/\/www.prestigemag.co\/fr\/2015\/11\/lexposition-universelle-de-milan\/"]}]},{"@type":"BreadcrumbList","@id":"https:\/\/www.prestigemag.co\/fr\/2015\/11\/lexposition-universelle-de-milan\/#breadcrumb","itemListElement":[{"@type":"ListItem","position":1,"name":"Home","item":"https:\/\/www.prestigemag.co\/fr\/"},{"@type":"ListItem","position":2,"name":"L&rsquo;Exposition Universelle de Milan"}]},{"@type":"Article","@id":"https:\/\/www.prestigemag.co\/fr\/2015\/11\/lexposition-universelle-de-milan\/#article","isPartOf":{"@id":"https:\/\/www.prestigemag.co\/fr\/2015\/11\/lexposition-universelle-de-milan\/"},"author":{"name":"prestige","@id":"https:\/\/www.prestigemag.co\/#\/schema\/person\/e3f149368970128d68bb2d797bf30fbc"},"headline":"L&rsquo;Exposition Universelle de Milan","datePublished":"2015-11-10T08:58:29+00:00","dateModified":"2015-11-10T08:58:29+00:00","mainEntityOfPage":{"@id":"https:\/\/www.prestigemag.co\/fr\/2015\/11\/lexposition-universelle-de-milan\/"},"wordCount":1054,"publisher":{"@id":"https:\/\/www.prestigemag.co\/#organization"},"articleSection":["Art de vivre","Lifestyle"],"inLanguage":"fr-FR"},{"@type":"Person","@id":"https:\/\/www.prestigemag.co\/#\/schema\/person\/e3f149368970128d68bb2d797bf30fbc","name":"prestige","image":{"@type":"ImageObject","inLanguage":"fr-FR","@id":"https:\/\/www.prestigemag.co\/#\/schema\/person\/image\/","url":"https:\/\/secure.gravatar.com\/avatar\/0aa2dff5484d35e50578639a2c3ccef9?s=96&d=mm&r=g","contentUrl":"https:\/\/secure.gravatar.com\/avatar\/0aa2dff5484d35e50578639a2c3ccef9?s=96&d=mm&r=g","caption":"prestige"},"url":"https:\/\/www.prestigemag.co\/fr\/author\/prestige\/"}]}},"_links":{"self":[{"href":"https:\/\/www.prestigemag.co\/fr\/wp-json\/wp\/v2\/posts\/20399"}],"collection":[{"href":"https:\/\/www.prestigemag.co\/fr\/wp-json\/wp\/v2\/posts"}],"about":[{"href":"https:\/\/www.prestigemag.co\/fr\/wp-json\/wp\/v2\/types\/post"}],"author":[{"embeddable":true,"href":"https:\/\/www.prestigemag.co\/fr\/wp-json\/wp\/v2\/users\/3"}],"replies":[{"embeddable":true,"href":"https:\/\/www.prestigemag.co\/fr\/wp-json\/wp\/v2\/comments?post=20399"}],"version-history":[{"count":0,"href":"https:\/\/www.prestigemag.co\/fr\/wp-json\/wp\/v2\/posts\/20399\/revisions"}],"wp:attachment":[{"href":"https:\/\/www.prestigemag.co\/fr\/wp-json\/wp\/v2\/media?parent=20399"}],"wp:term":[{"taxonomy":"category","embeddable":true,"href":"https:\/\/www.prestigemag.co\/fr\/wp-json\/wp\/v2\/categories?post=20399"},{"taxonomy":"post_tag","embeddable":true,"href":"https:\/\/www.prestigemag.co\/fr\/wp-json\/wp\/v2\/tags?post=20399"}],"curies":[{"name":"wp","href":"https:\/\/api.w.org\/{rel}","templated":true}]}}