{"id":20459,"date":"2016-01-13T10:27:07","date_gmt":"2016-01-13T10:27:07","guid":{"rendered":"http:\/\/www.prestigemag.co\/2016\/01\/conference-de-la-fondation-gebran-tueni\/"},"modified":"2016-01-13T10:27:07","modified_gmt":"2016-01-13T10:27:07","slug":"conference-de-la-fondation-gebran-tueni","status":"publish","type":"post","link":"https:\/\/www.prestigemag.co\/fr\/2016\/01\/conference-de-la-fondation-gebran-tueni\/","title":{"rendered":"Conf\u00e9rence de la Fondation Gebran Tu\u00e9ni"},"content":{"rendered":"<p><a href=\"http:\/\/www.prestigemag.co\/wp-content\/uploads\/2016\/01\/19.jpg\" rel=\"attachment wp-att-8169\"><img src=\"data:image\/svg+xml,%3Csvg%20xmlns='http:\/\/www.w3.org\/2000\/svg'%20viewBox='0%200%2078% srcset=%20247'%3E%3C\/svg%3E\" class=\"zeen-lazy-load-base zeen-lazy-load alignnone size-full wp-image-8169\" data-lazy-src=\"http:\/\/www.prestigemag.co\/wp-content\/uploads\/2016\/01\/19.jpg\" alt=\"19\" width=\"78% data-lazy-srcset=\"https:\/\/www.prestigemag.co\/wp-content\/uploads\/2016\/01\/19.jpg 787w, https:\/\/www.prestigemag.co\/wp-content\/uploads\/2016\/01\/19-300x200.jpg 300w, https:\/\/www.prestigemag.co\/wp-content\/uploads\/2016\/01\/19-768x512.jpg 768w, https:\/\/www.prestigemag.co\/wp-content\/uploads\/2016\/01\/19-150x100.jpg 150w, https:\/\/www.prestigemag.co\/wp-content\/uploads\/2016\/01\/19-562x375.jpg 562w, https:\/\/www.prestigemag.co\/wp-content\/uploads\/2016\/01\/19-187x125.jpg 187w, https:\/\/www.prestigemag.co\/wp-content\/uploads\/2016\/01\/19-100x67.jpg 100w\" data-lazy-sizes=\"(max-width: 787px) 100vw, 787px\" \/><noscript><img class=\"alignnone size-full wp-image-8169\" src=\"http:\/\/www.prestigemag.co\/wp-content\/uploads\/2016\/01\/19.jpg\" alt=\"19\" width=\"78% srcset=\"https:\/\/www.prestigemag.co\/wp-content\/uploads\/2016\/01\/19.jpg 787w, https:\/\/www.prestigemag.co\/wp-content\/uploads\/2016\/01\/19-300x200.jpg 300w, https:\/\/www.prestigemag.co\/wp-content\/uploads\/2016\/01\/19-768x512.jpg 768w, https:\/\/www.prestigemag.co\/wp-content\/uploads\/2016\/01\/19-150x100.jpg 150w, https:\/\/www.prestigemag.co\/wp-content\/uploads\/2016\/01\/19-562x375.jpg 562w, https:\/\/www.prestigemag.co\/wp-content\/uploads\/2016\/01\/19-187x125.jpg 187w, https:\/\/www.prestigemag.co\/wp-content\/uploads\/2016\/01\/19-100x67.jpg 100w\" sizes=\"(max-width: 787px) 100vw, 787px\" \/><\/noscript><\/a><\/p>\n<p>Vue du public.\u00a0\u00a9 Prestige<\/p>\n<p>Pour comm\u00e9morer les dix ans de l&rsquo;assassinat de Gebran Tu\u00e9ni, la fondation Gebran Tu\u00e9ni a convi\u00e9 de grands journalistes libanais et \u00e9trangers \u00e0 une conf\u00e9rence\u00a0\u00abLebanon and the Foreign Media\u00bb au Pavillon Royal du Biel, en pr\u00e9sence de figures politiques, diplomatiques et sociales.<\/p>\n<a href=\"http:\/\/www.prestigemag.co\/wp-content\/uploads\/2016\/01\/5-\u062f\u0648\u0631\u064a-\u0634\u0645\u0639\u0648\u0646-\u0627\u062d\u0645\u062f-\u0641\u062a\u0641\u062a-\u0646\u0628\u064a\u0644-\u0628\u0648-\u0645\u0646\u0635\u0641.jpg\" rel=\"attachment wp-att-8170\"><img src=\"data:image\/svg+xml,%3Csvg%20xmlns='http:\/\/www.w3.org\/2000\/svg'%20viewBox='0%200%2030%%20247'%3E%3C\/svg%3E\" class=\"zeen-lazy-load-base zeen-lazy-load wp-image-8170 size-medium\" data-lazy-src=\"http:\/\/www.prestigemag.co\/wp-content\/uploads\/2016\/01\/5-\u062f\u0648\u0631\u064a-\u0634\u0645\u0639\u0648\u0646-\u0627\u062d\u0645\u062f-\u0641\u062a\u0641\u062a-\u0646\u0628\u064a\u0644-\u0628\u0648-\u0645\u0646\u0635\u0641-300x200.jpg\" alt=\"5 \u062f\u0648\u0631\u064a \u0634\u0645\u0639\u0648\u0646 + \u0627\u062d\u0645\u062f \u0641\u062a\u0641\u062a + \u0646\u0628\u064a\u0644 \u0628\u0648 \u0645\u0646\u0635\u0641\" width=\"30%\" data-lazy-srcset=\"https:\/\/www.prestigemag.co\/wp-content\/uploads\/2016\/01\/5-\u062f\u0648\u0631\u064a-\u0634\u0645\u0639\u0648\u0646-\u0627\u062d\u0645\u062f-\u0641\u062a\u0641\u062a-\u0646\u0628\u064a\u0644-\u0628\u0648-\u0645\u0646\u0635\u0641-300x200.jpg 300w, https:\/\/www.prestigemag.co\/wp-content\/uploads\/2016\/01\/5-\u062f\u0648\u0631\u064a-\u0634\u0645\u0639\u0648\u0646-\u0627\u062d\u0645\u062f-\u0641\u062a\u0641\u062a-\u0646\u0628\u064a\u0644-\u0628\u0648-\u0645\u0646\u0635\u0641-768x512.jpg 768w, https:\/\/www.prestigemag.co\/wp-content\/uploads\/2016\/01\/5-\u062f\u0648\u0631\u064a-\u0634\u0645\u0639\u0648\u0646-\u0627\u062d\u0645\u062f-\u0641\u062a\u0641\u062a-\u0646\u0628\u064a\u0644-\u0628\u0648-\u0645\u0646\u0635\u0641-1024x682.jpg 1024w, https:\/\/www.prestigemag.co\/wp-content\/uploads\/2016\/01\/5-\u062f\u0648\u0631\u064a-\u0634\u0645\u0639\u0648\u0646-\u0627\u062d\u0645\u062f-\u0641\u062a\u0641\u062a-\u0646\u0628\u064a\u0644-\u0628\u0648-\u0645\u0646\u0635\u0641-150x100.jpg 150w, https:\/\/www.prestigemag.co\/wp-content\/uploads\/2016\/01\/5-\u062f\u0648\u0631\u064a-\u0634\u0645\u0639\u0648\u0646-\u0627\u062d\u0645\u062f-\u0641\u062a\u0641\u062a-\u0646\u0628\u064a\u0644-\u0628\u0648-\u0645\u0646\u0635\u0641-563x375.jpg 563w, https:\/\/www.prestigemag.co\/wp-content\/uploads\/2016\/01\/5-\u062f\u0648\u0631\u064a-\u0634\u0645\u0639\u0648\u0646-\u0627\u062d\u0645\u062f-\u0641\u062a\u0641\u062a-\u0646\u0628\u064a\u0644-\u0628\u0648-\u0645\u0646\u0635\u0641-188x125.jpg 188w, https:\/\/www.prestigemag.co\/wp-content\/uploads\/2016\/01\/5-\u062f\u0648\u0631\u064a-\u0634\u0645\u0639\u0648\u0646-\u0627\u062d\u0645\u062f-\u0641\u062a\u0641\u062a-\u0646\u0628\u064a\u0644-\u0628\u0648-\u0645\u0646\u0635\u0641-101x67.jpg 101w, https:\/\/www.prestigemag.co\/wp-content\/uploads\/2016\/01\/5-\u062f\u0648\u0631\u064a-\u0634\u0645\u0639\u0648\u0646-\u0627\u062d\u0645\u062f-\u0641\u062a\u0641\u062a-\u0646\u0628\u064a\u0644-\u0628\u0648-\u0645\u0646\u0635\u0641.jpg 1772w\" data-lazy-sizes=\"(max-width: 300px) 100vw, 300px\" \/>\n<a href=\"http:\/\/www.prestigemag.co\/wp-content\/uploads\/2016\/01\/4.jpg\" rel=\"attachment wp-att-8171\"><img src=\"data:image\/svg+xml,%3Csvg%20xmlns='http:\/\/www.w3.org\/2000\/svg'%20viewBox='0%200%2030%%20247'%3E%3C\/svg%3E\" class=\"zeen-lazy-load-base zeen-lazy-load wp-image-8171 size-medium\" data-lazy-src=\"http:\/\/www.prestigemag.co\/wp-content\/uploads\/2016\/01\/4-300x200.jpg\" alt=\"4\" width=\"30%\" data-lazy-srcset=\"https:\/\/www.prestigemag.co\/wp-content\/uploads\/2016\/01\/4-300x200.jpg 300w, https:\/\/www.prestigemag.co\/wp-content\/uploads\/2016\/01\/4-768x512.jpg 768w, https:\/\/www.prestigemag.co\/wp-content\/uploads\/2016\/01\/4-1024x682.jpg 1024w, https:\/\/www.prestigemag.co\/wp-content\/uploads\/2016\/01\/4-150x100.jpg 150w, https:\/\/www.prestigemag.co\/wp-content\/uploads\/2016\/01\/4-563x375.jpg 563w, https:\/\/www.prestigemag.co\/wp-content\/uploads\/2016\/01\/4-188x125.jpg 188w, https:\/\/www.prestigemag.co\/wp-content\/uploads\/2016\/01\/4-101x67.jpg 101w, https:\/\/www.prestigemag.co\/wp-content\/uploads\/2016\/01\/4.jpg 1772w\" data-lazy-sizes=\"(max-width: 300px) 100vw, 300px\" \/>\n<p>&nbsp;<\/p>\n<p>&nbsp;<\/p>\n<p>&nbsp;<\/p>\n<p>&nbsp;<\/p>\n<p>&nbsp;<\/p>\n<p>&nbsp;<\/p>\n<p>&nbsp;<\/p>\n<a href=\"http:\/\/www.prestigemag.co\/wp-content\/uploads\/2016\/01\/7-\u0646\u0627\u062f\u064a\u0627-\u0648-\u0633\u0647\u0627\u0645-\u063a\u0628\u0631\u064a\u0627\u0644\u0627-\u062a\u0648\u064a\u0646\u064a.jpg\" rel=\"attachment wp-att-8172\"><img src=\"data:image\/svg+xml,%3Csvg%20xmlns='http:\/\/www.w3.org\/2000\/svg'%20viewBox='0%200%2030%%20247'%3E%3C\/svg%3E\" class=\"zeen-lazy-load-base zeen-lazy-load wp-image-8172 size-medium\" data-lazy-src=\"http:\/\/www.prestigemag.co\/wp-content\/uploads\/2016\/01\/7-\u0646\u0627\u062f\u064a\u0627-\u0648-\u0633\u0647\u0627\u0645-\u063a\u0628\u0631\u064a\u0627\u0644\u0627-\u062a\u0648\u064a\u0646\u064a-300x200.jpg\" alt=\"7 \u0646\u0627\u062f\u064a\u0627 \u0648 \u0633\u0647\u0627\u0645 + \u063a\u0628\u0631\u064a\u0627\u0644\u0627 \u062a\u0648\u064a\u0646\u064a\" width=\"30%\" data-lazy-srcset=\"https:\/\/www.prestigemag.co\/wp-content\/uploads\/2016\/01\/7-\u0646\u0627\u062f\u064a\u0627-\u0648-\u0633\u0647\u0627\u0645-\u063a\u0628\u0631\u064a\u0627\u0644\u0627-\u062a\u0648\u064a\u0646\u064a-300x200.jpg 300w, https:\/\/www.prestigemag.co\/wp-content\/uploads\/2016\/01\/7-\u0646\u0627\u062f\u064a\u0627-\u0648-\u0633\u0647\u0627\u0645-\u063a\u0628\u0631\u064a\u0627\u0644\u0627-\u062a\u0648\u064a\u0646\u064a-768x512.jpg 768w, https:\/\/www.prestigemag.co\/wp-content\/uploads\/2016\/01\/7-\u0646\u0627\u062f\u064a\u0627-\u0648-\u0633\u0647\u0627\u0645-\u063a\u0628\u0631\u064a\u0627\u0644\u0627-\u062a\u0648\u064a\u0646\u064a-1024x682.jpg 1024w, https:\/\/www.prestigemag.co\/wp-content\/uploads\/2016\/01\/7-\u0646\u0627\u062f\u064a\u0627-\u0648-\u0633\u0647\u0627\u0645-\u063a\u0628\u0631\u064a\u0627\u0644\u0627-\u062a\u0648\u064a\u0646\u064a-150x100.jpg 150w, https:\/\/www.prestigemag.co\/wp-content\/uploads\/2016\/01\/7-\u0646\u0627\u062f\u064a\u0627-\u0648-\u0633\u0647\u0627\u0645-\u063a\u0628\u0631\u064a\u0627\u0644\u0627-\u062a\u0648\u064a\u0646\u064a-563x375.jpg 563w, https:\/\/www.prestigemag.co\/wp-content\/uploads\/2016\/01\/7-\u0646\u0627\u062f\u064a\u0627-\u0648-\u0633\u0647\u0627\u0645-\u063a\u0628\u0631\u064a\u0627\u0644\u0627-\u062a\u0648\u064a\u0646\u064a-188x125.jpg 188w, https:\/\/www.prestigemag.co\/wp-content\/uploads\/2016\/01\/7-\u0646\u0627\u062f\u064a\u0627-\u0648-\u0633\u0647\u0627\u0645-\u063a\u0628\u0631\u064a\u0627\u0644\u0627-\u062a\u0648\u064a\u0646\u064a-101x67.jpg 101w, https:\/\/www.prestigemag.co\/wp-content\/uploads\/2016\/01\/7-\u0646\u0627\u062f\u064a\u0627-\u0648-\u0633\u0647\u0627\u0645-\u063a\u0628\u0631\u064a\u0627\u0644\u0627-\u062a\u0648\u064a\u0646\u064a.jpg 1772w\" data-lazy-sizes=\"(max-width: 300px) 100vw, 300px\" \/>\n<a href=\"http:\/\/www.prestigemag.co\/wp-content\/uploads\/2016\/01\/12-\u0645\u0631\u0648\u0627\u0646-\u062d\u0645\u0627\u062f\u0647-\u0627\u0644\u064a\u0627\u0633-\u0648-\u0631\u064a\u062a\u0627-\u0627\u0644\u0645\u0631.jpg\" rel=\"attachment wp-att-8173\"><img src=\"data:image\/svg+xml,%3Csvg%20xmlns='http:\/\/www.w3.org\/2000\/svg'%20viewBox='0%200%2030%%20247'%3E%3C\/svg%3E\" class=\"zeen-lazy-load-base zeen-lazy-load wp-image-8173 size-medium\" data-lazy-src=\"http:\/\/www.prestigemag.co\/wp-content\/uploads\/2016\/01\/12-\u0645\u0631\u0648\u0627\u0646-\u062d\u0645\u0627\u062f\u0647-\u0627\u0644\u064a\u0627\u0633-\u0648-\u0631\u064a\u062a\u0627-\u0627\u0644\u0645\u0631-300x200.jpg\" alt=\"12 \u0645\u0631\u0648\u0627\u0646 \u062d\u0645\u0627\u062f\u0647 + \u0627\u0644\u064a\u0627\u0633 \u0648 \u0631\u064a\u062a\u0627 \u0627\u0644\u0645\u0631\" width=\"30%\" data-lazy-srcset=\"https:\/\/www.prestigemag.co\/wp-content\/uploads\/2016\/01\/12-\u0645\u0631\u0648\u0627\u0646-\u062d\u0645\u0627\u062f\u0647-\u0627\u0644\u064a\u0627\u0633-\u0648-\u0631\u064a\u062a\u0627-\u0627\u0644\u0645\u0631-300x200.jpg 300w, https:\/\/www.prestigemag.co\/wp-content\/uploads\/2016\/01\/12-\u0645\u0631\u0648\u0627\u0646-\u062d\u0645\u0627\u062f\u0647-\u0627\u0644\u064a\u0627\u0633-\u0648-\u0631\u064a\u062a\u0627-\u0627\u0644\u0645\u0631-768x512.jpg 768w, https:\/\/www.prestigemag.co\/wp-content\/uploads\/2016\/01\/12-\u0645\u0631\u0648\u0627\u0646-\u062d\u0645\u0627\u062f\u0647-\u0627\u0644\u064a\u0627\u0633-\u0648-\u0631\u064a\u062a\u0627-\u0627\u0644\u0645\u0631-1024x682.jpg 1024w, https:\/\/www.prestigemag.co\/wp-content\/uploads\/2016\/01\/12-\u0645\u0631\u0648\u0627\u0646-\u062d\u0645\u0627\u062f\u0647-\u0627\u0644\u064a\u0627\u0633-\u0648-\u0631\u064a\u062a\u0627-\u0627\u0644\u0645\u0631-150x100.jpg 150w, https:\/\/www.prestigemag.co\/wp-content\/uploads\/2016\/01\/12-\u0645\u0631\u0648\u0627\u0646-\u062d\u0645\u0627\u062f\u0647-\u0627\u0644\u064a\u0627\u0633-\u0648-\u0631\u064a\u062a\u0627-\u0627\u0644\u0645\u0631-563x375.jpg 563w, https:\/\/www.prestigemag.co\/wp-content\/uploads\/2016\/01\/12-\u0645\u0631\u0648\u0627\u0646-\u062d\u0645\u0627\u062f\u0647-\u0627\u0644\u064a\u0627\u0633-\u0648-\u0631\u064a\u062a\u0627-\u0627\u0644\u0645\u0631-188x125.jpg 188w, https:\/\/www.prestigemag.co\/wp-content\/uploads\/2016\/01\/12-\u0645\u0631\u0648\u0627\u0646-\u062d\u0645\u0627\u062f\u0647-\u0627\u0644\u064a\u0627\u0633-\u0648-\u0631\u064a\u062a\u0627-\u0627\u0644\u0645\u0631-101x67.jpg 101w, https:\/\/www.prestigemag.co\/wp-content\/uploads\/2016\/01\/12-\u0645\u0631\u0648\u0627\u0646-\u062d\u0645\u0627\u062f\u0647-\u0627\u0644\u064a\u0627\u0633-\u0648-\u0631\u064a\u062a\u0627-\u0627\u0644\u0645\u0631.jpg 1772w\" data-lazy-sizes=\"(max-width: 300px) 100vw, 300px\" \/>\n<p>&nbsp;<\/p>\n<p>&nbsp;<\/p>\n<p>&nbsp;<\/p>\n<p>&nbsp;<\/p>\n<p>&nbsp;<\/p>\n<p>&nbsp;<\/p>\n<p>&nbsp;<\/p>\n<a href=\"http:\/\/www.prestigemag.co\/wp-content\/uploads\/2016\/01\/MG_5251.jpg\" rel=\"attachment wp-att-8174\"><img src=\"data:image\/svg+xml,%3Csvg%20xmlns='http:\/\/www.w3.org\/2000\/svg'%20viewBox='0%200%2030%%20247'%3E%3C\/svg%3E\" class=\"zeen-lazy-load-base zeen-lazy-load wp-image-8174 size-medium\" data-lazy-src=\"http:\/\/www.prestigemag.co\/wp-content\/uploads\/2016\/01\/MG_5251-300x200.jpg\" alt=\"_MG_5251\" width=\"30%\" data-lazy-srcset=\"https:\/\/www.prestigemag.co\/wp-content\/uploads\/2016\/01\/MG_5251-300x200.jpg 300w, https:\/\/www.prestigemag.co\/wp-content\/uploads\/2016\/01\/MG_5251-768x512.jpg 768w, https:\/\/www.prestigemag.co\/wp-content\/uploads\/2016\/01\/MG_5251-1024x682.jpg 1024w, https:\/\/www.prestigemag.co\/wp-content\/uploads\/2016\/01\/MG_5251-150x100.jpg 150w, https:\/\/www.prestigemag.co\/wp-content\/uploads\/2016\/01\/MG_5251-563x375.jpg 563w, https:\/\/www.prestigemag.co\/wp-content\/uploads\/2016\/01\/MG_5251-188x125.jpg 188w, https:\/\/www.prestigemag.co\/wp-content\/uploads\/2016\/01\/MG_5251-101x67.jpg 101w, https:\/\/www.prestigemag.co\/wp-content\/uploads\/2016\/01\/MG_5251.jpg 1772w\" data-lazy-sizes=\"(max-width: 300px) 100vw, 300px\" \/>\n<a href=\"http:\/\/www.prestigemag.co\/wp-content\/uploads\/2016\/01\/10.jpg\" rel=\"attachment wp-att-8175\"><img src=\"data:image\/svg+xml,%3Csvg%20xmlns='http:\/\/www.w3.org\/2000\/svg'%20viewBox='0%200%2030%%20247'%3E%3C\/svg%3E\" class=\"zeen-lazy-load-base zeen-lazy-load wp-image-8175 size-medium\" data-lazy-src=\"http:\/\/www.prestigemag.co\/wp-content\/uploads\/2016\/01\/10-300x200.jpg\" alt=\"10\" width=\"30%\" data-lazy-srcset=\"https:\/\/www.prestigemag.co\/wp-content\/uploads\/2016\/01\/10-300x200.jpg 300w, https:\/\/www.prestigemag.co\/wp-content\/uploads\/2016\/01\/10-768x512.jpg 768w, https:\/\/www.prestigemag.co\/wp-content\/uploads\/2016\/01\/10-1024x682.jpg 1024w, https:\/\/www.prestigemag.co\/wp-content\/uploads\/2016\/01\/10-150x100.jpg 150w, https:\/\/www.prestigemag.co\/wp-content\/uploads\/2016\/01\/10-563x375.jpg 563w, https:\/\/www.prestigemag.co\/wp-content\/uploads\/2016\/01\/10-188x125.jpg 188w, https:\/\/www.prestigemag.co\/wp-content\/uploads\/2016\/01\/10-101x67.jpg 101w, https:\/\/www.prestigemag.co\/wp-content\/uploads\/2016\/01\/10.jpg 1772w\" data-lazy-sizes=\"(max-width: 300px) 100vw, 300px\" \/>\n","protected":false},"excerpt":{"rendered":"<p><em>Pour comm\u00e9morer les dix ans de l&rsquo;assassinat de Gebran Tu\u00e9ni, la fondation Gebran Tu\u00e9ni a convi\u00e9 de grands journalistes libanais et \u00e9trangers \u00e0 une conf\u00e9rence \u00abLebanon and the Foreign Media\u00bb au Pavillon Royal du Biel, en pr\u00e9sence de figures politiques, diplomatiques et sociales.<\/em><\/p>\n","protected":false},"author":3,"featured_media":0,"comment_status":"closed","ping_status":"closed","sticky":false,"template":"","format":"standard","meta":[],"categories":[13333,13360],"tags":[],"yoast_head":"<!-- This site is optimized with the Yoast SEO plugin v19.4 - https:\/\/yoast.com\/wordpress\/plugins\/seo\/ -->\n<title>Conf\u00e9rence de la Fondation Gebran Tu\u00e9ni - Prestige Magazine<\/title>\n<meta name=\"description\" content=\"Pour comm\u00e9morer les dix ans de l&#039;assassinat de Gebran Tu\u00e9ni, la fondation Gebran Tu\u00e9ni a convi\u00e9 de grands journalistes libanais et \u00e9trangers \u00e0 une conf\u00e9rence \u00abLebanon and the Foreign Media\u00bb au Pavillon Royal du Biel, en pr\u00e9sence de figures politiques, diplomatiques et sociales.\" \/>\n<meta name=\"robots\" content=\"index, follow, max-snippet:-1, max-image-preview:large, max-video-preview:-1\" \/>\n<link rel=\"canonical\" href=\"https:\/\/www.prestigemag.co\/fr\/2016\/01\/conference-de-la-fondation-gebran-tueni\/\" \/>\n<meta property=\"og:locale\" content=\"fr_FR\" \/>\n<meta property=\"og:type\" content=\"article\" \/>\n<meta property=\"og:title\" content=\"Conf\u00e9rence de la Fondation Gebran Tu\u00e9ni - Prestige Magazine\" \/>\n<meta property=\"og:description\" content=\"Pour comm\u00e9morer les dix ans de l&#039;assassinat de Gebran Tu\u00e9ni, la fondation Gebran Tu\u00e9ni a convi\u00e9 de grands journalistes libanais et \u00e9trangers \u00e0 une conf\u00e9rence \u00abLebanon and the Foreign Media\u00bb au Pavillon Royal du Biel, en pr\u00e9sence de figures politiques, diplomatiques et sociales.\" \/>\n<meta property=\"og:url\" content=\"https:\/\/www.prestigemag.co\/fr\/2016\/01\/conference-de-la-fondation-gebran-tueni\/\" \/>\n<meta property=\"og:site_name\" content=\"Prestige Magazine\" \/>\n<meta property=\"article:publisher\" content=\"https:\/\/www.facebook.com\/prestigemag.co\/\" \/>\n<meta property=\"article:published_time\" content=\"2016-01-13T10:27:07+00:00\" \/>\n<meta property=\"og:image\" content=\"http:\/\/www.prestigemag.co\/wp-content\/uploads\/2016\/01\/19.jpg\" \/>\n<meta name=\"author\" content=\"prestige\" \/>\n<meta name=\"twitter:card\" content=\"summary\" \/>\n<meta name=\"twitter:label1\" content=\"\u00c9crit par\" \/>\n\t<meta name=\"twitter:data1\" content=\"prestige\" \/>\n<script type=\"application\/ld+json\" class=\"yoast-schema-graph\">{\"@context\":\"https:\/\/schema.org\",\"@graph\":[{\"@type\":\"Organization\",\"@id\":\"https:\/\/www.prestigemag.co\/#organization\",\"name\":\"Prestige\",\"url\":\"https:\/\/www.prestigemag.co\/\",\"sameAs\":[\"https:\/\/www.instagram.com\/prestige.mag\/\",\"https:\/\/www.facebook.com\/prestigemag.co\/\"],\"logo\":{\"@type\":\"ImageObject\",\"inLanguage\":\"fr-FR\",\"@id\":\"https:\/\/www.prestigemag.co\/#\/schema\/logo\/image\/\",\"url\":\"https:\/\/www.prestigemag.co\/wp-content\/uploads\/2021\/11\/logo-Prestige-800x200-1.png\",\"contentUrl\":\"https:\/\/www.prestigemag.co\/wp-content\/uploads\/2021\/11\/logo-Prestige-800x200-1.png\",\"width\":800,\"height\":200,\"caption\":\"Prestige\"},\"image\":{\"@id\":\"https:\/\/www.prestigemag.co\/#\/schema\/logo\/image\/\"}},{\"@type\":\"WebSite\",\"@id\":\"https:\/\/www.prestigemag.co\/#website\",\"url\":\"https:\/\/www.prestigemag.co\/\",\"name\":\"Prestige Magazine\",\"description\":\"Le Monde Des C\u00e9l\u00e9brit\u00e9s\",\"publisher\":{\"@id\":\"https:\/\/www.prestigemag.co\/#organization\"},\"potentialAction\":[{\"@type\":\"SearchAction\",\"target\":{\"@type\":\"EntryPoint\",\"urlTemplate\":\"https:\/\/www.prestigemag.co\/?s={search_term_string}\"},\"query-input\":\"required name=search_term_string\"}],\"inLanguage\":\"fr-FR\"},{\"@type\":\"WebPage\",\"@id\":\"https:\/\/www.prestigemag.co\/fr\/2016\/01\/conference-de-la-fondation-gebran-tueni\/\",\"url\":\"https:\/\/www.prestigemag.co\/fr\/2016\/01\/conference-de-la-fondation-gebran-tueni\/\",\"name\":\"Conf\u00e9rence de la Fondation Gebran Tu\u00e9ni - Prestige Magazine\",\"isPartOf\":{\"@id\":\"https:\/\/www.prestigemag.co\/#website\"},\"datePublished\":\"2016-01-13T10:27:07+00:00\",\"dateModified\":\"2016-01-13T10:27:07+00:00\",\"description\":\"Pour comm\u00e9morer les dix ans de l'assassinat de Gebran Tu\u00e9ni, la fondation Gebran Tu\u00e9ni a convi\u00e9 de grands journalistes libanais et \u00e9trangers \u00e0 une conf\u00e9rence \u00abLebanon and the Foreign Media\u00bb au Pavillon Royal du Biel, en pr\u00e9sence de figures politiques, diplomatiques et sociales.\",\"breadcrumb\":{\"@id\":\"https:\/\/www.prestigemag.co\/fr\/2016\/01\/conference-de-la-fondation-gebran-tueni\/#breadcrumb\"},\"inLanguage\":\"fr-FR\",\"potentialAction\":[{\"@type\":\"ReadAction\",\"target\":[\"https:\/\/www.prestigemag.co\/fr\/2016\/01\/conference-de-la-fondation-gebran-tueni\/\"]}]},{\"@type\":\"BreadcrumbList\",\"@id\":\"https:\/\/www.prestigemag.co\/fr\/2016\/01\/conference-de-la-fondation-gebran-tueni\/#breadcrumb\",\"itemListElement\":[{\"@type\":\"ListItem\",\"position\":1,\"name\":\"Home\",\"item\":\"https:\/\/www.prestigemag.co\/fr\/\"},{\"@type\":\"ListItem\",\"position\":2,\"name\":\"Conf\u00e9rence de la Fondation Gebran Tu\u00e9ni\"}]},{\"@type\":\"Article\",\"@id\":\"https:\/\/www.prestigemag.co\/fr\/2016\/01\/conference-de-la-fondation-gebran-tueni\/#article\",\"isPartOf\":{\"@id\":\"https:\/\/www.prestigemag.co\/fr\/2016\/01\/conference-de-la-fondation-gebran-tueni\/\"},\"author\":{\"name\":\"prestige\",\"@id\":\"https:\/\/www.prestigemag.co\/#\/schema\/person\/e3f149368970128d68bb2d797bf30fbc\"},\"headline\":\"Conf\u00e9rence de la Fondation Gebran Tu\u00e9ni\",\"datePublished\":\"2016-01-13T10:27:07+00:00\",\"dateModified\":\"2016-01-13T10:27:07+00:00\",\"mainEntityOfPage\":{\"@id\":\"https:\/\/www.prestigemag.co\/fr\/2016\/01\/conference-de-la-fondation-gebran-tueni\/\"},\"wordCount\":8,\"publisher\":{\"@id\":\"https:\/\/www.prestigemag.co\/#organization\"},\"articleSection\":[\"\u00c9v\u00e9nements\",\"Inauguration\"],\"inLanguage\":\"fr-FR\"},{\"@type\":\"Person\",\"@id\":\"https:\/\/www.prestigemag.co\/#\/schema\/person\/e3f149368970128d68bb2d797bf30fbc\",\"name\":\"prestige\",\"image\":{\"@type\":\"ImageObject\",\"inLanguage\":\"fr-FR\",\"@id\":\"https:\/\/www.prestigemag.co\/#\/schema\/person\/image\/\",\"url\":\"https:\/\/secure.gravatar.com\/avatar\/0aa2dff5484d35e50578639a2c3ccef9?s=96&d=mm&r=g\",\"contentUrl\":\"https:\/\/secure.gravatar.com\/avatar\/0aa2dff5484d35e50578639a2c3ccef9?s=96&d=mm&r=g\",\"caption\":\"prestige\"},\"url\":\"https:\/\/www.prestigemag.co\/fr\/author\/prestige\/\"}]}<\/script>\n<!-- \/ Yoast SEO plugin. -->","yoast_head_json":{"title":"Conf\u00e9rence de la Fondation Gebran Tu\u00e9ni - Prestige Magazine","description":"Pour comm\u00e9morer les dix ans de l'assassinat de Gebran Tu\u00e9ni, la fondation Gebran Tu\u00e9ni a convi\u00e9 de grands journalistes libanais et \u00e9trangers \u00e0 une conf\u00e9rence \u00abLebanon and the Foreign Media\u00bb au Pavillon Royal du Biel, en pr\u00e9sence de figures politiques, diplomatiques et sociales.","robots":{"index":"index","follow":"follow","max-snippet":"max-snippet:-1","max-image-preview":"max-image-preview:large","max-video-preview":"max-video-preview:-1"},"canonical":"https:\/\/www.prestigemag.co\/fr\/2016\/01\/conference-de-la-fondation-gebran-tueni\/","og_locale":"fr_FR","og_type":"article","og_title":"Conf\u00e9rence de la Fondation Gebran Tu\u00e9ni - Prestige Magazine","og_description":"Pour comm\u00e9morer les dix ans de l'assassinat de Gebran Tu\u00e9ni, la fondation Gebran Tu\u00e9ni a convi\u00e9 de grands journalistes libanais et \u00e9trangers \u00e0 une conf\u00e9rence \u00abLebanon and the Foreign Media\u00bb au Pavillon Royal du Biel, en pr\u00e9sence de figures politiques, diplomatiques et sociales.","og_url":"https:\/\/www.prestigemag.co\/fr\/2016\/01\/conference-de-la-fondation-gebran-tueni\/","og_site_name":"Prestige Magazine","article_publisher":"https:\/\/www.facebook.com\/prestigemag.co\/","article_published_time":"2016-01-13T10:27:07+00:00","og_image":[{"url":"http:\/\/www.prestigemag.co\/wp-content\/uploads\/2016\/01\/19.jpg"}],"author":"prestige","twitter_card":"summary","twitter_misc":{"\u00c9crit par":"prestige"},"schema":{"@context":"https:\/\/schema.org","@graph":[{"@type":"Organization","@id":"https:\/\/www.prestigemag.co\/#organization","name":"Prestige","url":"https:\/\/www.prestigemag.co\/","sameAs":["https:\/\/www.instagram.com\/prestige.mag\/","https:\/\/www.facebook.com\/prestigemag.co\/"],"logo":{"@type":"ImageObject","inLanguage":"fr-FR","@id":"https:\/\/www.prestigemag.co\/#\/schema\/logo\/image\/","url":"https:\/\/www.prestigemag.co\/wp-content\/uploads\/2021\/11\/logo-Prestige-800x200-1.png","contentUrl":"https:\/\/www.prestigemag.co\/wp-content\/uploads\/2021\/11\/logo-Prestige-800x200-1.png","width":800,"height":200,"caption":"Prestige"},"image":{"@id":"https:\/\/www.prestigemag.co\/#\/schema\/logo\/image\/"}},{"@type":"WebSite","@id":"https:\/\/www.prestigemag.co\/#website","url":"https:\/\/www.prestigemag.co\/","name":"Prestige Magazine","description":"Le Monde Des C\u00e9l\u00e9brit\u00e9s","publisher":{"@id":"https:\/\/www.prestigemag.co\/#organization"},"potentialAction":[{"@type":"SearchAction","target":{"@type":"EntryPoint","urlTemplate":"https:\/\/www.prestigemag.co\/?s={search_term_string}"},"query-input":"required name=search_term_string"}],"inLanguage":"fr-FR"},{"@type":"WebPage","@id":"https:\/\/www.prestigemag.co\/fr\/2016\/01\/conference-de-la-fondation-gebran-tueni\/","url":"https:\/\/www.prestigemag.co\/fr\/2016\/01\/conference-de-la-fondation-gebran-tueni\/","name":"Conf\u00e9rence de la Fondation Gebran Tu\u00e9ni - Prestige Magazine","isPartOf":{"@id":"https:\/\/www.prestigemag.co\/#website"},"datePublished":"2016-01-13T10:27:07+00:00","dateModified":"2016-01-13T10:27:07+00:00","description":"Pour comm\u00e9morer les dix ans de l'assassinat de Gebran Tu\u00e9ni, la fondation Gebran Tu\u00e9ni a convi\u00e9 de grands journalistes libanais et \u00e9trangers \u00e0 une conf\u00e9rence \u00abLebanon and the Foreign Media\u00bb au Pavillon Royal du Biel, en pr\u00e9sence de figures politiques, diplomatiques et sociales.","breadcrumb":{"@id":"https:\/\/www.prestigemag.co\/fr\/2016\/01\/conference-de-la-fondation-gebran-tueni\/#breadcrumb"},"inLanguage":"fr-FR","potentialAction":[{"@type":"ReadAction","target":["https:\/\/www.prestigemag.co\/fr\/2016\/01\/conference-de-la-fondation-gebran-tueni\/"]}]},{"@type":"BreadcrumbList","@id":"https:\/\/www.prestigemag.co\/fr\/2016\/01\/conference-de-la-fondation-gebran-tueni\/#breadcrumb","itemListElement":[{"@type":"ListItem","position":1,"name":"Home","item":"https:\/\/www.prestigemag.co\/fr\/"},{"@type":"ListItem","position":2,"name":"Conf\u00e9rence de la Fondation Gebran Tu\u00e9ni"}]},{"@type":"Article","@id":"https:\/\/www.prestigemag.co\/fr\/2016\/01\/conference-de-la-fondation-gebran-tueni\/#article","isPartOf":{"@id":"https:\/\/www.prestigemag.co\/fr\/2016\/01\/conference-de-la-fondation-gebran-tueni\/"},"author":{"name":"prestige","@id":"https:\/\/www.prestigemag.co\/#\/schema\/person\/e3f149368970128d68bb2d797bf30fbc"},"headline":"Conf\u00e9rence de la Fondation Gebran Tu\u00e9ni","datePublished":"2016-01-13T10:27:07+00:00","dateModified":"2016-01-13T10:27:07+00:00","mainEntityOfPage":{"@id":"https:\/\/www.prestigemag.co\/fr\/2016\/01\/conference-de-la-fondation-gebran-tueni\/"},"wordCount":8,"publisher":{"@id":"https:\/\/www.prestigemag.co\/#organization"},"articleSection":["\u00c9v\u00e9nements","Inauguration"],"inLanguage":"fr-FR"},{"@type":"Person","@id":"https:\/\/www.prestigemag.co\/#\/schema\/person\/e3f149368970128d68bb2d797bf30fbc","name":"prestige","image":{"@type":"ImageObject","inLanguage":"fr-FR","@id":"https:\/\/www.prestigemag.co\/#\/schema\/person\/image\/","url":"https:\/\/secure.gravatar.com\/avatar\/0aa2dff5484d35e50578639a2c3ccef9?s=96&d=mm&r=g","contentUrl":"https:\/\/secure.gravatar.com\/avatar\/0aa2dff5484d35e50578639a2c3ccef9?s=96&d=mm&r=g","caption":"prestige"},"url":"https:\/\/www.prestigemag.co\/fr\/author\/prestige\/"}]}},"_links":{"self":[{"href":"https:\/\/www.prestigemag.co\/fr\/wp-json\/wp\/v2\/posts\/20459"}],"collection":[{"href":"https:\/\/www.prestigemag.co\/fr\/wp-json\/wp\/v2\/posts"}],"about":[{"href":"https:\/\/www.prestigemag.co\/fr\/wp-json\/wp\/v2\/types\/post"}],"author":[{"embeddable":true,"href":"https:\/\/www.prestigemag.co\/fr\/wp-json\/wp\/v2\/users\/3"}],"replies":[{"embeddable":true,"href":"https:\/\/www.prestigemag.co\/fr\/wp-json\/wp\/v2\/comments?post=20459"}],"version-history":[{"count":0,"href":"https:\/\/www.prestigemag.co\/fr\/wp-json\/wp\/v2\/posts\/20459\/revisions"}],"wp:attachment":[{"href":"https:\/\/www.prestigemag.co\/fr\/wp-json\/wp\/v2\/media?parent=20459"}],"wp:term":[{"taxonomy":"category","embeddable":true,"href":"https:\/\/www.prestigemag.co\/fr\/wp-json\/wp\/v2\/categories?post=20459"},{"taxonomy":"post_tag","embeddable":true,"href":"https:\/\/www.prestigemag.co\/fr\/wp-json\/wp\/v2\/tags?post=20459"}],"curies":[{"name":"wp","href":"https:\/\/api.w.org\/{rel}","templated":true}]}}