{"id":20477,"date":"2016-01-26T08:28:14","date_gmt":"2016-01-26T05:28:14","guid":{"rendered":"http:\/\/www.prestigemag.co\/2016\/01\/dior-presente-maquillage-de-la-collection-automne-2016\/"},"modified":"2021-11-22T20:23:53","modified_gmt":"2021-11-22T17:23:53","slug":"dior-presente-maquillage-de-la-collection-automne-2016","status":"publish","type":"post","link":"https:\/\/www.prestigemag.co\/fr\/2016\/01\/dior-presente-maquillage-de-la-collection-automne-2016\/","title":{"rendered":"Dior pr\u00e9sente Maquillage de la Collection Automne 2016"},"content":{"rendered":"<p><strong>Peter Philips cr\u00e9e et r\u00e9alise le\u00a0maquillage du d\u00e9fil\u00e9 Dior Collection\u00a0Fall 2016.<\/strong><\/p>\n<p><strong>Peter Philips,<\/strong> Directeur de la Cr\u00e9ation et\u00a0de l\u2019Image du Maquillage Dior, compose\u00a0un look contrast\u00e9 en harmonie avec<br \/>\nune collection qui m\u00e9lange mati\u00e8res et\u00a0couleurs.<\/p>\n<p>\u00ab J\u2019ai cr\u00e9\u00e9 un maquillage \u00ab <strong>edgy<\/strong> \u00bb, \u00e0\u00a0la fois rock et sophistiqu\u00e9. Le focus est\u00a0sur la bouche, \u00e0 la couleur intense et\u00a0fonc\u00e9e. Le regard est l\u00e9ger, le teint clair,\u00a0parfaitement uniforme.\u00bb explique Peter Philips.<\/p>\n<p><a href=\"http:\/\/www.prestigemag.co\/wp-content\/uploads\/2016\/01\/Untitled-4.jpg\" rel=\"attachment wp-att-8328\"><img src=\"data:image\/svg+xml,%3Csvg%20xmlns='http:\/\/www.w3.org\/2000\/svg'%20viewBox='0%200%2090%%20auto'%3E%3C\/svg%3E\" class=\"zeen-lazy-load-base zeen-lazy-load alignnone size-large wp-image-8328\" data-lazy-src=\"http:\/\/www.prestigemag.co\/wp-content\/uploads\/2016\/01\/Untitled-4-1024x517.jpg\" alt=\"Untitled-4\" width=\"90%\" height=\"auto\" data-lazy-srcset=\"https:\/\/www.prestigemag.co\/wp-content\/uploads\/2016\/01\/Untitled-4-1024x517.jpg 1024w, https:\/\/www.prestigemag.co\/wp-content\/uploads\/2016\/01\/Untitled-4-300x151.jpg 300w, https:\/\/www.prestigemag.co\/wp-content\/uploads\/2016\/01\/Untitled-4-768x388.jpg 768w, https:\/\/www.prestigemag.co\/wp-content\/uploads\/2016\/01\/Untitled-4-150x76.jpg 150w, https:\/\/www.prestigemag.co\/wp-content\/uploads\/2016\/01\/Untitled-4-600x303.jpg 600w, https:\/\/www.prestigemag.co\/wp-content\/uploads\/2016\/01\/Untitled-4-248x125.jpg 248w, https:\/\/www.prestigemag.co\/wp-content\/uploads\/2016\/01\/Untitled-4-133x67.jpg 133w, https:\/\/www.prestigemag.co\/wp-content\/uploads\/2016\/01\/Untitled-4.jpg 1173w\" data-lazy-sizes=\"(max-width: 1024px) 100vw, 1024px\" \/><noscript><img class=\"alignnone size-large wp-image-8328\" src=\"http:\/\/www.prestigemag.co\/wp-content\/uploads\/2016\/01\/Untitled-4-1024x517.jpg\" alt=\"Untitled-4\" width=\"90%\" height=\"auto\" srcset=\"https:\/\/www.prestigemag.co\/wp-content\/uploads\/2016\/01\/Untitled-4-1024x517.jpg 1024w, https:\/\/www.prestigemag.co\/wp-content\/uploads\/2016\/01\/Untitled-4-300x151.jpg 300w, https:\/\/www.prestigemag.co\/wp-content\/uploads\/2016\/01\/Untitled-4-768x388.jpg 768w, https:\/\/www.prestigemag.co\/wp-content\/uploads\/2016\/01\/Untitled-4-150x76.jpg 150w, https:\/\/www.prestigemag.co\/wp-content\/uploads\/2016\/01\/Untitled-4-600x303.jpg 600w, https:\/\/www.prestigemag.co\/wp-content\/uploads\/2016\/01\/Untitled-4-248x125.jpg 248w, https:\/\/www.prestigemag.co\/wp-content\/uploads\/2016\/01\/Untitled-4-133x67.jpg 133w, https:\/\/www.prestigemag.co\/wp-content\/uploads\/2016\/01\/Untitled-4.jpg 1173w\" sizes=\"(max-width: 1024px) 100vw, 1024px\" \/><\/noscript><\/a><\/p>\n<p>\u00a9 Fall 2016, Dior Show Backstage<\/p>\n<p>&nbsp;<\/p>\n<p><strong>LE MAQUILLAGE<\/strong><\/p>\n<p>La Bouche<br \/>\n\u00ab La bouche affiche une nuance prune tr\u00e8s dense et d\u2019un mat absolu. Rock et chic, elle attire tous les regards. \u00bb souligne Peter Philips.<br \/>\n\u00ab Pour obtenir cette couleur intense, les l\u00e8vres sont d\u2019abord dessin\u00e9es avec le crayon contour l\u00e8vres <strong>Dior Contour <em>\u00ab\u00a0Prune<\/em><\/strong> <em><strong>Troublant\u00a0\u00bb<\/strong><\/em> et ensuite maquill\u00e9es avec le Diorific Mat <em><strong>\u00ab\u00a0Troublante\u00a0\u00bb<\/strong><\/em>. Le r\u00e9sultat est sophistiqu\u00e9, avec un effet velours pigment\u00e9 et sensuel \u00bb.<\/p>\n<p>Le Teint<br \/>\nLe teint est velout\u00e9, parfaitement uniformis\u00e9 et contraste avec la bouche tr\u00e8s forte. Il est r\u00e9alis\u00e9 gr\u00e2ce \u00e0 la routine en 3 temps de la gamme <strong>Diorskin Forever.<\/strong><br \/>\nPeter Philips explique : \u00ab j\u2019utilise dans un premier temps <strong>Diorskin Forever &amp; Ever Wear<\/strong> Make Up Base qui assure une tenue longue dur\u00e9e, apporte de la lumi\u00e8re et uniformise les peaux mixtes. \u00bb<br \/>\nIl poursuit : \u00ab dans un deuxi\u00e8me temps, j\u2019applique le <strong>Diorskin Forever Fluid Foundation<\/strong> avec la nouvelle \u00e9ponge biseaut\u00e9e qui permet de travailler plus facilement les d\u00e9tails. \u00bb<br \/>\n\u00ab Puis, troisi\u00e8me \u00e9tape, je d\u00e9pose au pinceau la <strong>Diorskin Forever &amp; Ever Control Loose Powder<\/strong> aussi l\u00e9g\u00e8re qu\u2019invisible, elle permet de matifier la zone T du visage. \u00bb<br \/>\n\u00ab Enfin, je cr\u00e9e une touche lumineuse et nacr\u00e9e sur le haut des pommettes avec <strong>Diorskin Nude Air Glowing Gardens \u00ab\u00a0Glowing<\/strong> <strong>Pink\u00a0\u00bb<\/strong> \u00bb.<\/p>\n<p>Les Yeux<br \/>\nPeter Philips d\u00e9taille \u00ab le regard est maquill\u00e9 avec luminosit\u00e9 et l\u00e9g\u00e8ret\u00e9 afin d\u2019obtenir un effet faussement \u00ab Nude \u00bb.<br \/>\n\u00ab J\u2019ai recouvert la paupi\u00e8re avec la teinte champagne perl\u00e9 du <strong>Diorshow mono <em>\u00ab\u00a0D\u00e9licate\u00a0\u00bb<\/em><\/strong>, ensuite j\u2019ai ombr\u00e9 le coin externe de l\u2019oeil avec une touche de fard brun mat <strong>Diorshow mono <em>\u00ab\u00a0Animal\u00a0\u00bb<\/em><\/strong>. Les sourcils sont mis en relief avec pr\u00e9cision gr\u00e2ce au kit sourcils <strong><em>Backstage Pros<\/em>\u00a0All-In-Brow 3D.<\/strong> \u00bb<\/p>\n<p>&nbsp;<\/p>\n<figure id=\"attachment_8314\" aria-describedby=\"caption-attachment-8314\" style=\"width: 250px\" class=\"wp-caption alignleft\"><a href=\"http:\/\/www.prestigemag.co\/wp-content\/uploads\/2016\/01\/9-FALL2016-DIOR-QS.jpg\" rel=\"attachment wp-att-8314\"><img src=\"data:image\/svg+xml,%3Csvg%20xmlns='http:\/\/www.w3.org\/2000\/svg'%20viewBox='0%200%20250%20375'%3E%3C\/svg%3E\" class=\"zeen-lazy-load-base zeen-lazy-load wp-image-8314 size-featured-image\" data-lazy-src=\"http:\/\/www.prestigemag.co\/wp-content\/uploads\/2016\/01\/9-FALL2016-DIOR-QS-250x375.jpg\" alt=\"9-FALL2016-DIOR-QS\" width=\"250\" height=\"375\" data-lazy-srcset=\"https:\/\/www.prestigemag.co\/wp-content\/uploads\/2016\/01\/9-FALL2016-DIOR-QS-250x375.jpg 250w, https:\/\/www.prestigemag.co\/wp-content\/uploads\/2016\/01\/9-FALL2016-DIOR-QS-200x300.jpg 200w, https:\/\/www.prestigemag.co\/wp-content\/uploads\/2016\/01\/9-FALL2016-DIOR-QS-100x150.jpg 100w, https:\/\/www.prestigemag.co\/wp-content\/uploads\/2016\/01\/9-FALL2016-DIOR-QS-83x125.jpg 83w, https:\/\/www.prestigemag.co\/wp-content\/uploads\/2016\/01\/9-FALL2016-DIOR-QS-45x67.jpg 45w, https:\/\/www.prestigemag.co\/wp-content\/uploads\/2016\/01\/9-FALL2016-DIOR-QS.jpg 630w\" data-lazy-sizes=\"(max-width: 250px) 100vw, 250px\" \/><figcaption id=\"caption-attachment-8314\" class=\"wp-caption-text\"><noscript><img class=\"wp-image-8314 size-featured-image\" src=\"http:\/\/www.prestigemag.co\/wp-content\/uploads\/2016\/01\/9-FALL2016-DIOR-QS-250x375.jpg\" alt=\"9-FALL2016-DIOR-QS\" width=\"250\" height=\"375\" srcset=\"https:\/\/www.prestigemag.co\/wp-content\/uploads\/2016\/01\/9-FALL2016-DIOR-QS-250x375.jpg 250w, https:\/\/www.prestigemag.co\/wp-content\/uploads\/2016\/01\/9-FALL2016-DIOR-QS-200x300.jpg 200w, https:\/\/www.prestigemag.co\/wp-content\/uploads\/2016\/01\/9-FALL2016-DIOR-QS-100x150.jpg 100w, https:\/\/www.prestigemag.co\/wp-content\/uploads\/2016\/01\/9-FALL2016-DIOR-QS-83x125.jpg 83w, https:\/\/www.prestigemag.co\/wp-content\/uploads\/2016\/01\/9-FALL2016-DIOR-QS-45x67.jpg 45w, https:\/\/www.prestigemag.co\/wp-content\/uploads\/2016\/01\/9-FALL2016-DIOR-QS.jpg 630w\" sizes=\"(max-width: 250px) 100vw, 250px\" \/><\/noscript><\/a> \u00a9 Fall 2016, Dior Show Backstage<\/figcaption><\/figure>\n<figure id=\"attachment_8315\" aria-describedby=\"caption-attachment-8315\" style=\"width: 250px\" class=\"wp-caption alignright\"><a href=\"http:\/\/www.prestigemag.co\/wp-content\/uploads\/2016\/01\/12-FALL2016-DIOR-QS.jpg\" rel=\"attachment wp-att-8315\"><img src=\"data:image\/svg+xml,%3Csvg%20xmlns='http:\/\/www.w3.org\/2000\/svg'%20viewBox='0%200%20250%20375'%3E%3C\/svg%3E\" class=\"zeen-lazy-load-base zeen-lazy-load wp-image-8315 size-featured-image\" data-lazy-src=\"http:\/\/www.prestigemag.co\/wp-content\/uploads\/2016\/01\/12-FALL2016-DIOR-QS-250x375.jpg\" alt=\"12-FALL2016-DIOR-QS\" width=\"250\" height=\"375\" data-lazy-srcset=\"https:\/\/www.prestigemag.co\/wp-content\/uploads\/2016\/01\/12-FALL2016-DIOR-QS-250x375.jpg 250w, https:\/\/www.prestigemag.co\/wp-content\/uploads\/2016\/01\/12-FALL2016-DIOR-QS-200x300.jpg 200w, https:\/\/www.prestigemag.co\/wp-content\/uploads\/2016\/01\/12-FALL2016-DIOR-QS-100x150.jpg 100w, https:\/\/www.prestigemag.co\/wp-content\/uploads\/2016\/01\/12-FALL2016-DIOR-QS-83x125.jpg 83w, https:\/\/www.prestigemag.co\/wp-content\/uploads\/2016\/01\/12-FALL2016-DIOR-QS-45x67.jpg 45w, https:\/\/www.prestigemag.co\/wp-content\/uploads\/2016\/01\/12-FALL2016-DIOR-QS.jpg 630w\" data-lazy-sizes=\"(max-width: 250px) 100vw, 250px\" \/><figcaption id=\"caption-attachment-8315\" class=\"wp-caption-text\"><noscript><img class=\"wp-image-8315 size-featured-image\" src=\"http:\/\/www.prestigemag.co\/wp-content\/uploads\/2016\/01\/12-FALL2016-DIOR-QS-250x375.jpg\" alt=\"12-FALL2016-DIOR-QS\" width=\"250\" height=\"375\" srcset=\"https:\/\/www.prestigemag.co\/wp-content\/uploads\/2016\/01\/12-FALL2016-DIOR-QS-250x375.jpg 250w, https:\/\/www.prestigemag.co\/wp-content\/uploads\/2016\/01\/12-FALL2016-DIOR-QS-200x300.jpg 200w, https:\/\/www.prestigemag.co\/wp-content\/uploads\/2016\/01\/12-FALL2016-DIOR-QS-100x150.jpg 100w, https:\/\/www.prestigemag.co\/wp-content\/uploads\/2016\/01\/12-FALL2016-DIOR-QS-83x125.jpg 83w, https:\/\/www.prestigemag.co\/wp-content\/uploads\/2016\/01\/12-FALL2016-DIOR-QS-45x67.jpg 45w, https:\/\/www.prestigemag.co\/wp-content\/uploads\/2016\/01\/12-FALL2016-DIOR-QS.jpg 630w\" sizes=\"(max-width: 250px) 100vw, 250px\" \/><\/noscript><\/a> \u00a9 Fall 2016, Dior Show Backstage<\/figcaption><\/figure>\n<p>&nbsp;<\/p>\n<p>&nbsp;<\/p>\n<p>&nbsp;<\/p>\n<p>&nbsp;<\/p>\n<p>&nbsp;<\/p>\n<p>&nbsp;<\/p>\n<p>&nbsp;<\/p>\n<p>&nbsp;<\/p>\n<p>&nbsp;<\/p>\n<p>&nbsp;<\/p>\n<p>&nbsp;<\/p>\n<p>Fall 2016, Dior show Backstage<\/p>\n<p>Maquillage Dior cr\u00e9\u00e9 et r\u00e9alis\u00e9 par Peter Philips<\/p>\n<p>Photographe: Quentin Saunier pour Christian Dior Parfums<\/p>\n","protected":false},"excerpt":{"rendered":"<p><em>Peter Philips, Directeur de la Cr\u00e9ation et de l\u2019Image du Maquillage Dior, compose un look contrast\u00e9 en harmonie avec<br \/>\nune collection qui m\u00e9lange mati\u00e8res et couleurs.<\/em><\/p>\n","protected":false},"author":3,"featured_media":0,"comment_status":"closed","ping_status":"closed","sticky":false,"template":"","format":"standard","meta":[],"categories":[13379,13381],"tags":[],"yoast_head":"<!-- This site is optimized with the Yoast SEO plugin v19.4 - https:\/\/yoast.com\/wordpress\/plugins\/seo\/ -->\n<title>Dior pr\u00e9sente Maquillage de la Collection Automne 2016 - Prestige Magazine<\/title>\n<meta name=\"description\" content=\"Peter Philips, Directeur de la Cr\u00e9ation et de l\u2019Image du Maquillage Dior, compose un look contrast\u00e9 en harmonie avec une collection qui m\u00e9lange mati\u00e8res et couleurs.\" \/>\n<meta name=\"robots\" content=\"index, follow, max-snippet:-1, max-image-preview:large, max-video-preview:-1\" \/>\n<link rel=\"canonical\" href=\"https:\/\/www.prestigemag.co\/fr\/2016\/01\/dior-presente-maquillage-de-la-collection-automne-2016\/\" \/>\n<meta property=\"og:locale\" content=\"fr_FR\" \/>\n<meta property=\"og:type\" content=\"article\" \/>\n<meta property=\"og:title\" content=\"Dior pr\u00e9sente Maquillage de la Collection Automne 2016 - Prestige Magazine\" \/>\n<meta property=\"og:description\" content=\"Peter Philips, Directeur de la Cr\u00e9ation et de l\u2019Image du Maquillage Dior, compose un look contrast\u00e9 en harmonie avec une collection qui m\u00e9lange mati\u00e8res et couleurs.\" \/>\n<meta property=\"og:url\" content=\"https:\/\/www.prestigemag.co\/fr\/2016\/01\/dior-presente-maquillage-de-la-collection-automne-2016\/\" \/>\n<meta property=\"og:site_name\" content=\"Prestige Magazine\" \/>\n<meta property=\"article:publisher\" content=\"https:\/\/www.facebook.com\/prestigemag.co\/\" \/>\n<meta property=\"article:published_time\" content=\"2016-01-26T05:28:14+00:00\" \/>\n<meta property=\"article:modified_time\" content=\"2021-11-22T17:23:53+00:00\" \/>\n<meta property=\"og:image\" content=\"http:\/\/www.prestigemag.co\/wp-content\/uploads\/2016\/01\/Untitled-4-1024x517.jpg\" \/>\n<meta name=\"author\" content=\"prestige\" \/>\n<meta name=\"twitter:card\" content=\"summary\" \/>\n<meta name=\"twitter:label1\" content=\"\u00c9crit par\" \/>\n\t<meta name=\"twitter:data1\" content=\"prestige\" \/>\n\t<meta name=\"twitter:label2\" content=\"Dur\u00e9e de lecture estim\u00e9e\" \/>\n\t<meta name=\"twitter:data2\" content=\"2 minutes\" \/>\n<script type=\"application\/ld+json\" class=\"yoast-schema-graph\">{\"@context\":\"https:\/\/schema.org\",\"@graph\":[{\"@type\":\"Organization\",\"@id\":\"https:\/\/www.prestigemag.co\/#organization\",\"name\":\"Prestige\",\"url\":\"https:\/\/www.prestigemag.co\/\",\"sameAs\":[\"https:\/\/www.instagram.com\/prestige.mag\/\",\"https:\/\/www.facebook.com\/prestigemag.co\/\"],\"logo\":{\"@type\":\"ImageObject\",\"inLanguage\":\"fr-FR\",\"@id\":\"https:\/\/www.prestigemag.co\/#\/schema\/logo\/image\/\",\"url\":\"https:\/\/www.prestigemag.co\/wp-content\/uploads\/2021\/11\/logo-Prestige-800x200-1.png\",\"contentUrl\":\"https:\/\/www.prestigemag.co\/wp-content\/uploads\/2021\/11\/logo-Prestige-800x200-1.png\",\"width\":800,\"height\":200,\"caption\":\"Prestige\"},\"image\":{\"@id\":\"https:\/\/www.prestigemag.co\/#\/schema\/logo\/image\/\"}},{\"@type\":\"WebSite\",\"@id\":\"https:\/\/www.prestigemag.co\/#website\",\"url\":\"https:\/\/www.prestigemag.co\/\",\"name\":\"Prestige Magazine\",\"description\":\"Le Monde Des C\u00e9l\u00e9brit\u00e9s\",\"publisher\":{\"@id\":\"https:\/\/www.prestigemag.co\/#organization\"},\"potentialAction\":[{\"@type\":\"SearchAction\",\"target\":{\"@type\":\"EntryPoint\",\"urlTemplate\":\"https:\/\/www.prestigemag.co\/?s={search_term_string}\"},\"query-input\":\"required name=search_term_string\"}],\"inLanguage\":\"fr-FR\"},{\"@type\":\"WebPage\",\"@id\":\"https:\/\/www.prestigemag.co\/fr\/2016\/01\/dior-presente-maquillage-de-la-collection-automne-2016\/\",\"url\":\"https:\/\/www.prestigemag.co\/fr\/2016\/01\/dior-presente-maquillage-de-la-collection-automne-2016\/\",\"name\":\"Dior pr\u00e9sente Maquillage de la Collection Automne 2016 - Prestige Magazine\",\"isPartOf\":{\"@id\":\"https:\/\/www.prestigemag.co\/#website\"},\"datePublished\":\"2016-01-26T05:28:14+00:00\",\"dateModified\":\"2021-11-22T17:23:53+00:00\",\"description\":\"Peter Philips, Directeur de la Cr\u00e9ation et de l\u2019Image du Maquillage Dior, compose un look contrast\u00e9 en harmonie avec une collection qui m\u00e9lange mati\u00e8res et couleurs.\",\"breadcrumb\":{\"@id\":\"https:\/\/www.prestigemag.co\/fr\/2016\/01\/dior-presente-maquillage-de-la-collection-automne-2016\/#breadcrumb\"},\"inLanguage\":\"fr-FR\",\"potentialAction\":[{\"@type\":\"ReadAction\",\"target\":[\"https:\/\/www.prestigemag.co\/fr\/2016\/01\/dior-presente-maquillage-de-la-collection-automne-2016\/\"]}]},{\"@type\":\"BreadcrumbList\",\"@id\":\"https:\/\/www.prestigemag.co\/fr\/2016\/01\/dior-presente-maquillage-de-la-collection-automne-2016\/#breadcrumb\",\"itemListElement\":[{\"@type\":\"ListItem\",\"position\":1,\"name\":\"Home\",\"item\":\"https:\/\/www.prestigemag.co\/fr\/\"},{\"@type\":\"ListItem\",\"position\":2,\"name\":\"Dior pr\u00e9sente Maquillage de la Collection Automne 2016\"}]},{\"@type\":\"Article\",\"@id\":\"https:\/\/www.prestigemag.co\/fr\/2016\/01\/dior-presente-maquillage-de-la-collection-automne-2016\/#article\",\"isPartOf\":{\"@id\":\"https:\/\/www.prestigemag.co\/fr\/2016\/01\/dior-presente-maquillage-de-la-collection-automne-2016\/\"},\"author\":{\"name\":\"prestige\",\"@id\":\"https:\/\/www.prestigemag.co\/#\/schema\/person\/e3f149368970128d68bb2d797bf30fbc\"},\"headline\":\"Dior pr\u00e9sente Maquillage de la Collection Automne 2016\",\"datePublished\":\"2016-01-26T05:28:14+00:00\",\"dateModified\":\"2021-11-22T17:23:53+00:00\",\"mainEntityOfPage\":{\"@id\":\"https:\/\/www.prestigemag.co\/fr\/2016\/01\/dior-presente-maquillage-de-la-collection-automne-2016\/\"},\"wordCount\":447,\"publisher\":{\"@id\":\"https:\/\/www.prestigemag.co\/#organization\"},\"articleSection\":[\"Beaut\u00e9\",\"Maquillage\"],\"inLanguage\":\"fr-FR\"},{\"@type\":\"Person\",\"@id\":\"https:\/\/www.prestigemag.co\/#\/schema\/person\/e3f149368970128d68bb2d797bf30fbc\",\"name\":\"prestige\",\"image\":{\"@type\":\"ImageObject\",\"inLanguage\":\"fr-FR\",\"@id\":\"https:\/\/www.prestigemag.co\/#\/schema\/person\/image\/\",\"url\":\"https:\/\/secure.gravatar.com\/avatar\/0aa2dff5484d35e50578639a2c3ccef9?s=96&d=mm&r=g\",\"contentUrl\":\"https:\/\/secure.gravatar.com\/avatar\/0aa2dff5484d35e50578639a2c3ccef9?s=96&d=mm&r=g\",\"caption\":\"prestige\"},\"url\":\"https:\/\/www.prestigemag.co\/fr\/author\/prestige\/\"}]}<\/script>\n<!-- \/ Yoast SEO plugin. -->","yoast_head_json":{"title":"Dior pr\u00e9sente Maquillage de la Collection Automne 2016 - Prestige Magazine","description":"Peter Philips, Directeur de la Cr\u00e9ation et de l\u2019Image du Maquillage Dior, compose un look contrast\u00e9 en harmonie avec une collection qui m\u00e9lange mati\u00e8res et couleurs.","robots":{"index":"index","follow":"follow","max-snippet":"max-snippet:-1","max-image-preview":"max-image-preview:large","max-video-preview":"max-video-preview:-1"},"canonical":"https:\/\/www.prestigemag.co\/fr\/2016\/01\/dior-presente-maquillage-de-la-collection-automne-2016\/","og_locale":"fr_FR","og_type":"article","og_title":"Dior pr\u00e9sente Maquillage de la Collection Automne 2016 - Prestige Magazine","og_description":"Peter Philips, Directeur de la Cr\u00e9ation et de l\u2019Image du Maquillage Dior, compose un look contrast\u00e9 en harmonie avec une collection qui m\u00e9lange mati\u00e8res et couleurs.","og_url":"https:\/\/www.prestigemag.co\/fr\/2016\/01\/dior-presente-maquillage-de-la-collection-automne-2016\/","og_site_name":"Prestige Magazine","article_publisher":"https:\/\/www.facebook.com\/prestigemag.co\/","article_published_time":"2016-01-26T05:28:14+00:00","article_modified_time":"2021-11-22T17:23:53+00:00","og_image":[{"url":"http:\/\/www.prestigemag.co\/wp-content\/uploads\/2016\/01\/Untitled-4-1024x517.jpg"}],"author":"prestige","twitter_card":"summary","twitter_misc":{"\u00c9crit par":"prestige","Dur\u00e9e de lecture estim\u00e9e":"2 minutes"},"schema":{"@context":"https:\/\/schema.org","@graph":[{"@type":"Organization","@id":"https:\/\/www.prestigemag.co\/#organization","name":"Prestige","url":"https:\/\/www.prestigemag.co\/","sameAs":["https:\/\/www.instagram.com\/prestige.mag\/","https:\/\/www.facebook.com\/prestigemag.co\/"],"logo":{"@type":"ImageObject","inLanguage":"fr-FR","@id":"https:\/\/www.prestigemag.co\/#\/schema\/logo\/image\/","url":"https:\/\/www.prestigemag.co\/wp-content\/uploads\/2021\/11\/logo-Prestige-800x200-1.png","contentUrl":"https:\/\/www.prestigemag.co\/wp-content\/uploads\/2021\/11\/logo-Prestige-800x200-1.png","width":800,"height":200,"caption":"Prestige"},"image":{"@id":"https:\/\/www.prestigemag.co\/#\/schema\/logo\/image\/"}},{"@type":"WebSite","@id":"https:\/\/www.prestigemag.co\/#website","url":"https:\/\/www.prestigemag.co\/","name":"Prestige Magazine","description":"Le Monde Des C\u00e9l\u00e9brit\u00e9s","publisher":{"@id":"https:\/\/www.prestigemag.co\/#organization"},"potentialAction":[{"@type":"SearchAction","target":{"@type":"EntryPoint","urlTemplate":"https:\/\/www.prestigemag.co\/?s={search_term_string}"},"query-input":"required name=search_term_string"}],"inLanguage":"fr-FR"},{"@type":"WebPage","@id":"https:\/\/www.prestigemag.co\/fr\/2016\/01\/dior-presente-maquillage-de-la-collection-automne-2016\/","url":"https:\/\/www.prestigemag.co\/fr\/2016\/01\/dior-presente-maquillage-de-la-collection-automne-2016\/","name":"Dior pr\u00e9sente Maquillage de la Collection Automne 2016 - Prestige Magazine","isPartOf":{"@id":"https:\/\/www.prestigemag.co\/#website"},"datePublished":"2016-01-26T05:28:14+00:00","dateModified":"2021-11-22T17:23:53+00:00","description":"Peter Philips, Directeur de la Cr\u00e9ation et de l\u2019Image du Maquillage Dior, compose un look contrast\u00e9 en harmonie avec une collection qui m\u00e9lange mati\u00e8res et couleurs.","breadcrumb":{"@id":"https:\/\/www.prestigemag.co\/fr\/2016\/01\/dior-presente-maquillage-de-la-collection-automne-2016\/#breadcrumb"},"inLanguage":"fr-FR","potentialAction":[{"@type":"ReadAction","target":["https:\/\/www.prestigemag.co\/fr\/2016\/01\/dior-presente-maquillage-de-la-collection-automne-2016\/"]}]},{"@type":"BreadcrumbList","@id":"https:\/\/www.prestigemag.co\/fr\/2016\/01\/dior-presente-maquillage-de-la-collection-automne-2016\/#breadcrumb","itemListElement":[{"@type":"ListItem","position":1,"name":"Home","item":"https:\/\/www.prestigemag.co\/fr\/"},{"@type":"ListItem","position":2,"name":"Dior pr\u00e9sente Maquillage de la Collection Automne 2016"}]},{"@type":"Article","@id":"https:\/\/www.prestigemag.co\/fr\/2016\/01\/dior-presente-maquillage-de-la-collection-automne-2016\/#article","isPartOf":{"@id":"https:\/\/www.prestigemag.co\/fr\/2016\/01\/dior-presente-maquillage-de-la-collection-automne-2016\/"},"author":{"name":"prestige","@id":"https:\/\/www.prestigemag.co\/#\/schema\/person\/e3f149368970128d68bb2d797bf30fbc"},"headline":"Dior pr\u00e9sente Maquillage de la Collection Automne 2016","datePublished":"2016-01-26T05:28:14+00:00","dateModified":"2021-11-22T17:23:53+00:00","mainEntityOfPage":{"@id":"https:\/\/www.prestigemag.co\/fr\/2016\/01\/dior-presente-maquillage-de-la-collection-automne-2016\/"},"wordCount":447,"publisher":{"@id":"https:\/\/www.prestigemag.co\/#organization"},"articleSection":["Beaut\u00e9","Maquillage"],"inLanguage":"fr-FR"},{"@type":"Person","@id":"https:\/\/www.prestigemag.co\/#\/schema\/person\/e3f149368970128d68bb2d797bf30fbc","name":"prestige","image":{"@type":"ImageObject","inLanguage":"fr-FR","@id":"https:\/\/www.prestigemag.co\/#\/schema\/person\/image\/","url":"https:\/\/secure.gravatar.com\/avatar\/0aa2dff5484d35e50578639a2c3ccef9?s=96&d=mm&r=g","contentUrl":"https:\/\/secure.gravatar.com\/avatar\/0aa2dff5484d35e50578639a2c3ccef9?s=96&d=mm&r=g","caption":"prestige"},"url":"https:\/\/www.prestigemag.co\/fr\/author\/prestige\/"}]}},"_links":{"self":[{"href":"https:\/\/www.prestigemag.co\/fr\/wp-json\/wp\/v2\/posts\/20477"}],"collection":[{"href":"https:\/\/www.prestigemag.co\/fr\/wp-json\/wp\/v2\/posts"}],"about":[{"href":"https:\/\/www.prestigemag.co\/fr\/wp-json\/wp\/v2\/types\/post"}],"author":[{"embeddable":true,"href":"https:\/\/www.prestigemag.co\/fr\/wp-json\/wp\/v2\/users\/3"}],"replies":[{"embeddable":true,"href":"https:\/\/www.prestigemag.co\/fr\/wp-json\/wp\/v2\/comments?post=20477"}],"version-history":[{"count":1,"href":"https:\/\/www.prestigemag.co\/fr\/wp-json\/wp\/v2\/posts\/20477\/revisions"}],"predecessor-version":[{"id":23465,"href":"https:\/\/www.prestigemag.co\/fr\/wp-json\/wp\/v2\/posts\/20477\/revisions\/23465"}],"wp:attachment":[{"href":"https:\/\/www.prestigemag.co\/fr\/wp-json\/wp\/v2\/media?parent=20477"}],"wp:term":[{"taxonomy":"category","embeddable":true,"href":"https:\/\/www.prestigemag.co\/fr\/wp-json\/wp\/v2\/categories?post=20477"},{"taxonomy":"post_tag","embeddable":true,"href":"https:\/\/www.prestigemag.co\/fr\/wp-json\/wp\/v2\/tags?post=20477"}],"curies":[{"name":"wp","href":"https:\/\/api.w.org\/{rel}","templated":true}]}}