{"id":20737,"date":"2016-06-28T13:08:58","date_gmt":"2016-06-28T13:08:58","guid":{"rendered":"http:\/\/www.prestigemag.co\/2016\/06\/le-telephone-portable\/"},"modified":"2016-06-28T13:08:58","modified_gmt":"2016-06-28T13:08:58","slug":"le-telephone-portable","status":"publish","type":"post","link":"https:\/\/www.prestigemag.co\/fr\/2016\/06\/le-telephone-portable\/","title":{"rendered":"Le T\u00e9l\u00e9phone Portable"},"content":{"rendered":"<p><em>Prestige N\u00b0 275, Juin 2016<\/em><\/p>\n<h3>Les effets de la radiation sur votre sant\u00e9<\/h3>\n<h3>Le t\u00e9l\u00e9phone mobile est d\u00e9j\u00e0 ancr\u00e9 dans notre quotidien. Le nombre d\u2019abonn\u00e9s aux r\u00e9seaux est estim\u00e9 aujourd\u2019hui \u00e0 environ 7 milliards dans le monde. Un grand nombre se retrouve avec deux ou m\u00eame trois t\u00e9l\u00e9phones portables. Compte tenu du nombre toujours croissant d\u2019utilisateurs, les chercheurs se sont pench\u00e9s sur les probl\u00e8mes que peut causer cette technologie sur le plan de la sant\u00e9 publique.<\/h3>\n<p>&nbsp;<\/p>\n<p><a href=\"http:\/\/www.prestigemag.co\/wp-content\/uploads\/2016\/06\/Untitled-1-3.jpg\"><img src=\"data:image\/svg+xml,%3Csvg%20xmlns='http:\/\/www.w3.org\/2000\/svg'%20viewBox='0%200%2060%%20auto'%3E%3C\/svg%3E\" class=\"zeen-lazy-load-base zeen-lazy-load aligncenter size-featured-image wp-image-9811\" data-lazy-src=\"http:\/\/www.prestigemag.co\/wp-content\/uploads\/2016\/06\/Untitled-1-3-600x285.jpg\" alt=\"Untitled-1\" width=\"60%\" height=\"auto\" data-lazy-srcset=\"https:\/\/www.prestigemag.co\/wp-content\/uploads\/2016\/06\/Untitled-1-3-600x285.jpg 600w, https:\/\/www.prestigemag.co\/wp-content\/uploads\/2016\/06\/Untitled-1-3-300x142.jpg 300w, https:\/\/www.prestigemag.co\/wp-content\/uploads\/2016\/06\/Untitled-1-3-1024x486.jpg 1024w, https:\/\/www.prestigemag.co\/wp-content\/uploads\/2016\/06\/Untitled-1-3-770x365.jpg 770w, https:\/\/www.prestigemag.co\/wp-content\/uploads\/2016\/06\/Untitled-1-3-1155x551.jpg 1155w, https:\/\/www.prestigemag.co\/wp-content\/uploads\/2016\/06\/Untitled-1-3-293x139.jpg 293w, https:\/\/www.prestigemag.co\/wp-content\/uploads\/2016\/06\/Untitled-1-3-390x185.jpg 390w, https:\/\/www.prestigemag.co\/wp-content\/uploads\/2016\/06\/Untitled-1-3-768x364.jpg 768w, https:\/\/www.prestigemag.co\/wp-content\/uploads\/2016\/06\/Untitled-1-3-150x71.jpg 150w, https:\/\/www.prestigemag.co\/wp-content\/uploads\/2016\/06\/Untitled-1-3-263x125.jpg 263w, https:\/\/www.prestigemag.co\/wp-content\/uploads\/2016\/06\/Untitled-1-3-141x67.jpg 141w, https:\/\/www.prestigemag.co\/wp-content\/uploads\/2016\/06\/Untitled-1-3.jpg 1161w\" data-lazy-sizes=\"(max-width: 600px) 100vw, 600px\" \/><noscript><img class=\"aligncenter size-featured-image wp-image-9811\" src=\"http:\/\/www.prestigemag.co\/wp-content\/uploads\/2016\/06\/Untitled-1-3-600x285.jpg\" alt=\"Untitled-1\" width=\"60%\" height=\"auto\" srcset=\"https:\/\/www.prestigemag.co\/wp-content\/uploads\/2016\/06\/Untitled-1-3-600x285.jpg 600w, https:\/\/www.prestigemag.co\/wp-content\/uploads\/2016\/06\/Untitled-1-3-300x142.jpg 300w, https:\/\/www.prestigemag.co\/wp-content\/uploads\/2016\/06\/Untitled-1-3-1024x486.jpg 1024w, https:\/\/www.prestigemag.co\/wp-content\/uploads\/2016\/06\/Untitled-1-3-770x365.jpg 770w, https:\/\/www.prestigemag.co\/wp-content\/uploads\/2016\/06\/Untitled-1-3-1155x551.jpg 1155w, https:\/\/www.prestigemag.co\/wp-content\/uploads\/2016\/06\/Untitled-1-3-293x139.jpg 293w, https:\/\/www.prestigemag.co\/wp-content\/uploads\/2016\/06\/Untitled-1-3-390x185.jpg 390w, https:\/\/www.prestigemag.co\/wp-content\/uploads\/2016\/06\/Untitled-1-3-768x364.jpg 768w, https:\/\/www.prestigemag.co\/wp-content\/uploads\/2016\/06\/Untitled-1-3-150x71.jpg 150w, https:\/\/www.prestigemag.co\/wp-content\/uploads\/2016\/06\/Untitled-1-3-263x125.jpg 263w, https:\/\/www.prestigemag.co\/wp-content\/uploads\/2016\/06\/Untitled-1-3-141x67.jpg 141w, https:\/\/www.prestigemag.co\/wp-content\/uploads\/2016\/06\/Untitled-1-3.jpg 1161w\" sizes=\"(max-width: 600px) 100vw, 600px\" \/><\/noscript><\/a><\/p>\n<p>&nbsp;<\/p>\n<h3>Comment fonctionne le t\u00e9l\u00e9phone mobile?<\/h3>\n<p>La communication mobile s\u2019effectue par transmission d\u2019ondes radio gr\u00e2ce \u00e0 un r\u00e9seau d\u2019antennes fixes, les stations de base. Les t\u00e9l\u00e9phones portables sont des transmetteurs de radiofr\u00e9quence de faible \u00e9nergie transmise uniquement lorsque l\u2019appareil est allum\u00e9. Cette \u00e9nergie ou l\u2019exposition aux radiofr\u00e9quences de l\u2019utilisateur, d\u00e9cro\u00eet avec la distance. Utiliser le t\u00e9l\u00e9phone dans des conditions de bonne r\u00e9ception permet de limiter l\u2019exposition du moment que le t\u00e9l\u00e9phone peut transmettre en utilisant moins d\u2019\u00e9nergie. L\u2019efficacit\u00e9 des dispositifs commerciaux qui pr\u00e9tendent r\u00e9duire l\u2019exposition aux radiofr\u00e9quences n\u2019a pas encore \u00e9t\u00e9 d\u00e9montr\u00e9e. Cela dit, comme les signaux de radiofr\u00e9quences peuvent interf\u00e9rer avec certains appareils \u00e9lectro-m\u00e9dicaux et les syst\u00e8mes de navigation, les t\u00e9l\u00e9phones portables sont souvent interdits dans les h\u00f4pitaux et \u00e0 bord des avions.<\/p>\n<p>&nbsp;<\/p>\n<h3>Indice de radiofr\u00e9quence<\/h3>\n<p>DAS, C\u2019est le D\u00e9bit d\u2019Absorption Sp\u00e9cifique, ou l\u2019indice qui mesure, en watts par kilogramme de tissu, le niveau de radiofr\u00e9quence \u00e9mis par un t\u00e9l\u00e9phone portable sur son usager lorsqu\u2019il fonctionne \u00e0 pleine puissance. S\u2019assurer, en achetant son mobile, que le DAS est faible, c\u2019est-\u00e0-dire inf\u00e9rieur \u00e0 1W\/kg. Plus le DAS du mobile est fort, plus on est expos\u00e9 aux ondes lorsqu\u2019il fonctionne.<\/p>\n<p>&nbsp;<\/p>\n<p>Dans de mauvaises conditions de r\u00e9ception, la quantit\u00e9 d\u2019ondes \u00e9mises pour se connecter est double, il vaut mieux \u00e0 ce moment-l\u00e0 privil\u00e9gier les SMS, car l\u2019indice DAS peut \u00eatre beaucoup plus sup\u00e9rieur que la normale.<\/p>\n<p>&nbsp;<\/p>\n<h3>L\u2019\u00e9nergie et le cerveau<\/h3>\n<p>De nombreuses \u00e9tudes ont \u00e9t\u00e9 men\u00e9es depuis la cr\u00e9ation du smartphone pour d\u00e9terminer si les t\u00e9l\u00e9phones portables repr\u00e9senteraient un risque potentiel pour la sant\u00e9. A court terme, le principal m\u00e9canisme d\u2019interaction entre l\u2019\u00e9nergie des radiofr\u00e9quences et le corps humain est l\u2019\u00e9chauffement des tissus. Aux fr\u00e9quences utilis\u00e9es par les t\u00e9l\u00e9phones mobiles, la majeure partie de l\u2019\u00e9nergie est absorb\u00e9e par la peau et les autres tissus superficiels, ce qui se traduit par une faible augmentation de la temp\u00e9rature dans le cerveau ou dans tout autre organe du corps.<\/p>\n<p>&nbsp;<\/p>\n<h3>Restons vigilants<\/h3>\n<p>D\u2019autres recherches se sont pench\u00e9es sur les effets des champs de radiofr\u00e9quences sur l\u2019activit\u00e9 \u00e9lectrique du cerveau, sur le sommeil, les fonctions cognitives, le rythme cardiaque et la pression art\u00e9rielle sur des cobayes volontaires. Elles ont d\u00e9voil\u00e9 un lien entre les tumeurs c\u00e9r\u00e9brales et l\u2019utilisation du portable. En fait le d\u00e9bat sur les possibles dangers de l\u2019utilisation des portables existe depuis des ann\u00e9es, et pourtant d\u2019innombrables rapports scientifiques conseillent la prudence car les cons\u00e9quences de ces ondes sur le cerveau, sur l\u2019ADN et le d\u00e9veloppement des pathologies nerveuses pourraient \u00eatre en cause. Il a fallu des d\u00e9cennies pour reconna\u00eetre que le cancer des poumons pourrait \u00eatre d\u00fb au tabac, et que les fibres d\u2019amiante seraient en rapport avec le m\u00e9soth\u00e9liome, alors restons vigilants. Que de rapports sur la t\u00e9l\u00e9phonie portable et les antennes relais se succ\u00e8dent sans toutefois mettre fin \u00e0 la controverse.<\/p>\n<p>&nbsp;<\/p>\n<h3>M\u00eame si votre portable est\u00a0En veille ou en charge,\u00a0Il \u00e9met des ondes.<\/h3>\n<p>&nbsp;<\/p>\n<p>Il faut savoir que les ondes sont partout autour de nous, nous ignorons pourtant leur risque et nous utilisons en permanence nos portables \u00e0 proximit\u00e9 du cerveau. Restons prudents, disent les sp\u00e9cialistes qui, avec le d\u00e9veloppement rapide des portables, ont \u00e9t\u00e9 contraints d\u2019approfondir leurs recherches concernant les effets caus\u00e9s par les appareils t\u00e9l\u00e9phoniques sur la sant\u00e9 de l\u2019homme, provoquant cancer, c\u00e9phal\u00e9es et autres affections. Le risque d\u2019un certain type de cancer du cerveau particuli\u00e8rement agressif, le gliome, serait accru chez les utilisateurs intensifs de mobiles. Un argument important pour garder nos distances.<\/p>\n<p>&nbsp;<\/p>\n<h3>Qu\u2019en est-il des chips antiradiation?<\/h3>\n<p>Il existe aujourd\u2019hui sur le march\u00e9 bon nombre de gadgets et objets tels des couvertures pour le portable ou aussi des chips que l\u2019on colle sur le dos du mobile, et que l\u2019on peut se procurer via internet afin de se prot\u00e9ger contre les rayonnements \u00e9lectromagn\u00e9tiques. Il vaut mieux les utiliser m\u00eame si les avis sur ces nouvelles pratiques sont encore controvers\u00e9s.<\/p>\n<p>Une personne tenant son portable coll\u00e9 \u00e0 l\u2019oreille est beaucoup plus expos\u00e9e aux champs \u00e9lectromagn\u00e9tiques qu\u2019une autre utilisant son portable pour envoyer un SMS ou se connecter \u00e0 l\u2019Internet.<\/p>\n<p>Les ordinateurs portables, les appareils \u00e0 piles, les lampes fluorescentes et halog\u00e8nes, les lignes \u00e0 haute et tr\u00e8s haute tension, les r\u00e9frig\u00e9rateurs,\u00a0 sont aussi responsables des rayonnements \u00e9lectromagn\u00e9tiques.<\/p>\n<p>&nbsp;<\/p>\n<h3>Le risque des portables sur l\u2019environnement<\/h3>\n<p>Le t\u00e9l\u00e9phone mobile provoque un grand probl\u00e8me concernant l\u2019environnement \u00e0 cause des mati\u00e8res lourdes qui le composent. Les pays d\u00e9velopp\u00e9s utilisent des syst\u00e8mes sp\u00e9cifiques pour ramasser les batteries us\u00e9es en vue de les recycler. Ces m\u00e9thodes sont absentes dans les r\u00e9gions moins avanc\u00e9es, les batteries sont rejet\u00e9es dans la nature posant un grave probl\u00e8me environnemental. D\u2019un autre c\u00f4t\u00e9, les \u00e9missions de CO2 caus\u00e9es par la production des 7 milliards de portables en circulation constante \u00e0 travers la plan\u00e8te sont estim\u00e9es \u00e0 40 millions de tonnes!<\/p>\n<p>&nbsp;<\/p>\n<h3>Comment se prot\u00e9ger?<\/h3>\n<p>Pour \u00e9viter les probl\u00e8mes qui seraient dus \u00e0 l\u2019utilisation intensive du mobile, comme maux de t\u00eate, picotements de la peau, clignements oculaires, perte de m\u00e9moire, troubles auditifs, bourdonnements d\u2019oreilles, il serait bon de prendre en consid\u00e9ration quelques pr\u00e9cautions pour une utilisation profitable de votre t\u00e9l\u00e9phone cellulaire.<\/p>\n<p>&nbsp;<\/p>\n<ul>\n<li>Ne dormez jamais avec votre portable allum\u00e9, il vaut mieux l\u2019\u00e9teindre.<\/li>\n<\/ul>\n<ul>\n<li>Gardez toujours le portable \u00e0 plus d\u2019un m\u00e8tre du corps, notamment de la t\u00eate, des hanches, des parties g\u00e9nitales. Les porteurs d\u2019implants cardiaques ou m\u00e9talliques devraient garder une distance de 20cm avec leur mobile.<\/li>\n<\/ul>\n<ul>\n<li>Evitez de t\u00e9l\u00e9phoner dans les lieux clos ou en voiture, les ondes emprisonn\u00e9es dans un endroit \u00abm\u00e9tallique\u00bb sont nocives pour la sant\u00e9.<\/li>\n<\/ul>\n<ul>\n<li>Ne t\u00e9l\u00e9phonez pas dans des lieux bond\u00e9s de monde, l\u2019exposition aux radiations est aussi passive.<\/li>\n<\/ul>\n<ul>\n<li>Equipez-vous d\u2019oreillettes avec filou de bluetooth pendant les conversations, sinon retirez vos boucles d\u2019oreilles, vos lunettes ou tout objet en m\u00e9tal qui se trouverait pr\u00e8s de la t\u00eate. Les cellules du cerveau recevraient alors beaucoup plus d\u2019ondes.<\/li>\n<\/ul>\n<ul>\n<li>Prenez des pauses d\u2019au moins une heure entre chaque appel, et \u00e9vitez les longues conversations.<\/li>\n<\/ul>\n<ul>\n<li>Prot\u00e9gez les jeunes et adolescents, ils sont plus vuln\u00e9rables aux rayonnements des portables.<\/li>\n<\/ul>\n<ul>\n<li>Eloignez le t\u00e9l\u00e9phone du ventre d\u2019une femme enceinte afin de ne pas exposer l\u2019embryon aux radiations.<\/li>\n<\/ul>\n","protected":false},"excerpt":{"rendered":"<p><em>Prestige N 275, Juin 2016<\/em><br \/>Le t\u00e9l\u00e9phone mobile est d\u00e9j\u00e0 ancr\u00e9 dans notre quotidien. Le nombre d\u2019abonn\u00e9s aux r\u00e9seaux est estim\u00e9 aujourd\u2019hui \u00e0 environ 7 milliards dans le monde. Un grand nombre se retrouve avec deux ou m\u00eame trois t\u00e9l\u00e9phones portables.<\/p>\n","protected":false},"author":3,"featured_media":20738,"comment_status":"closed","ping_status":"closed","sticky":false,"template":"","format":"standard","meta":[],"categories":[13384],"tags":[],"yoast_head":"<!-- This site is optimized with the Yoast SEO plugin v19.4 - https:\/\/yoast.com\/wordpress\/plugins\/seo\/ -->\n<title>Le T\u00e9l\u00e9phone Portable - Prestige Magazine<\/title>\n<meta name=\"description\" content=\"Prestige N 275, Juin 2016Le t\u00e9l\u00e9phone mobile est d\u00e9j\u00e0 ancr\u00e9 dans notre quotidien. Le nombre d\u2019abonn\u00e9s aux r\u00e9seaux est estim\u00e9 aujourd\u2019hui \u00e0 environ 7 milliards dans le monde. Un grand nombre se retrouve avec deux ou m\u00eame trois t\u00e9l\u00e9phones portables.\" \/>\n<meta name=\"robots\" content=\"index, follow, max-snippet:-1, max-image-preview:large, max-video-preview:-1\" \/>\n<link rel=\"canonical\" href=\"https:\/\/www.prestigemag.co\/fr\/2016\/06\/le-telephone-portable\/\" \/>\n<meta property=\"og:locale\" content=\"fr_FR\" \/>\n<meta property=\"og:type\" content=\"article\" \/>\n<meta property=\"og:title\" content=\"Le T\u00e9l\u00e9phone Portable - Prestige Magazine\" \/>\n<meta property=\"og:description\" content=\"Prestige N 275, Juin 2016Le t\u00e9l\u00e9phone mobile est d\u00e9j\u00e0 ancr\u00e9 dans notre quotidien. Le nombre d\u2019abonn\u00e9s aux r\u00e9seaux est estim\u00e9 aujourd\u2019hui \u00e0 environ 7 milliards dans le monde. Un grand nombre se retrouve avec deux ou m\u00eame trois t\u00e9l\u00e9phones portables.\" \/>\n<meta property=\"og:url\" content=\"https:\/\/www.prestigemag.co\/fr\/2016\/06\/le-telephone-portable\/\" \/>\n<meta property=\"og:site_name\" content=\"Prestige Magazine\" \/>\n<meta property=\"article:publisher\" content=\"https:\/\/www.facebook.com\/prestigemag.co\/\" \/>\n<meta property=\"article:published_time\" content=\"2016-06-28T13:08:58+00:00\" \/>\n<meta property=\"og:image\" content=\"https:\/\/www.prestigemag.co\/wp-content\/uploads\/2016\/06\/Untitled-1-3.jpg\" \/>\n\t<meta property=\"og:image:width\" content=\"1161\" \/>\n\t<meta property=\"og:image:height\" content=\"551\" \/>\n\t<meta property=\"og:image:type\" content=\"image\/jpeg\" \/>\n<meta name=\"author\" content=\"prestige\" \/>\n<meta name=\"twitter:card\" content=\"summary\" \/>\n<meta name=\"twitter:label1\" content=\"\u00c9crit par\" \/>\n\t<meta name=\"twitter:data1\" content=\"prestige\" \/>\n\t<meta name=\"twitter:label2\" content=\"Dur\u00e9e de lecture estim\u00e9e\" \/>\n\t<meta name=\"twitter:data2\" content=\"6 minutes\" \/>\n<script type=\"application\/ld+json\" class=\"yoast-schema-graph\">{\"@context\":\"https:\/\/schema.org\",\"@graph\":[{\"@type\":\"Organization\",\"@id\":\"https:\/\/www.prestigemag.co\/#organization\",\"name\":\"Prestige\",\"url\":\"https:\/\/www.prestigemag.co\/\",\"sameAs\":[\"https:\/\/www.instagram.com\/prestige.mag\/\",\"https:\/\/www.facebook.com\/prestigemag.co\/\"],\"logo\":{\"@type\":\"ImageObject\",\"inLanguage\":\"fr-FR\",\"@id\":\"https:\/\/www.prestigemag.co\/#\/schema\/logo\/image\/\",\"url\":\"https:\/\/www.prestigemag.co\/wp-content\/uploads\/2021\/11\/logo-Prestige-800x200-1.png\",\"contentUrl\":\"https:\/\/www.prestigemag.co\/wp-content\/uploads\/2021\/11\/logo-Prestige-800x200-1.png\",\"width\":800,\"height\":200,\"caption\":\"Prestige\"},\"image\":{\"@id\":\"https:\/\/www.prestigemag.co\/#\/schema\/logo\/image\/\"}},{\"@type\":\"WebSite\",\"@id\":\"https:\/\/www.prestigemag.co\/#website\",\"url\":\"https:\/\/www.prestigemag.co\/\",\"name\":\"Prestige Magazine\",\"description\":\"Le Monde Des C\u00e9l\u00e9brit\u00e9s\",\"publisher\":{\"@id\":\"https:\/\/www.prestigemag.co\/#organization\"},\"potentialAction\":[{\"@type\":\"SearchAction\",\"target\":{\"@type\":\"EntryPoint\",\"urlTemplate\":\"https:\/\/www.prestigemag.co\/?s={search_term_string}\"},\"query-input\":\"required name=search_term_string\"}],\"inLanguage\":\"fr-FR\"},{\"@type\":\"WebPage\",\"@id\":\"https:\/\/www.prestigemag.co\/fr\/2016\/06\/le-telephone-portable\/\",\"url\":\"https:\/\/www.prestigemag.co\/fr\/2016\/06\/le-telephone-portable\/\",\"name\":\"Le T\u00e9l\u00e9phone Portable - Prestige Magazine\",\"isPartOf\":{\"@id\":\"https:\/\/www.prestigemag.co\/#website\"},\"datePublished\":\"2016-06-28T13:08:58+00:00\",\"dateModified\":\"2016-06-28T13:08:58+00:00\",\"description\":\"Prestige N 275, Juin 2016Le t\u00e9l\u00e9phone mobile est d\u00e9j\u00e0 ancr\u00e9 dans notre quotidien. Le nombre d\u2019abonn\u00e9s aux r\u00e9seaux est estim\u00e9 aujourd\u2019hui \u00e0 environ 7 milliards dans le monde. Un grand nombre se retrouve avec deux ou m\u00eame trois t\u00e9l\u00e9phones portables.\",\"breadcrumb\":{\"@id\":\"https:\/\/www.prestigemag.co\/fr\/2016\/06\/le-telephone-portable\/#breadcrumb\"},\"inLanguage\":\"fr-FR\",\"potentialAction\":[{\"@type\":\"ReadAction\",\"target\":[\"https:\/\/www.prestigemag.co\/fr\/2016\/06\/le-telephone-portable\/\"]}]},{\"@type\":\"BreadcrumbList\",\"@id\":\"https:\/\/www.prestigemag.co\/fr\/2016\/06\/le-telephone-portable\/#breadcrumb\",\"itemListElement\":[{\"@type\":\"ListItem\",\"position\":1,\"name\":\"Home\",\"item\":\"https:\/\/www.prestigemag.co\/fr\/\"},{\"@type\":\"ListItem\",\"position\":2,\"name\":\"Le T\u00e9l\u00e9phone Portable\"}]},{\"@type\":\"Article\",\"@id\":\"https:\/\/www.prestigemag.co\/fr\/2016\/06\/le-telephone-portable\/#article\",\"isPartOf\":{\"@id\":\"https:\/\/www.prestigemag.co\/fr\/2016\/06\/le-telephone-portable\/\"},\"author\":{\"name\":\"prestige\",\"@id\":\"https:\/\/www.prestigemag.co\/#\/schema\/person\/e3f149368970128d68bb2d797bf30fbc\"},\"headline\":\"Le T\u00e9l\u00e9phone Portable\",\"datePublished\":\"2016-06-28T13:08:58+00:00\",\"dateModified\":\"2016-06-28T13:08:58+00:00\",\"mainEntityOfPage\":{\"@id\":\"https:\/\/www.prestigemag.co\/fr\/2016\/06\/le-telephone-portable\/\"},\"wordCount\":1266,\"publisher\":{\"@id\":\"https:\/\/www.prestigemag.co\/#organization\"},\"articleSection\":[\"Technologie\"],\"inLanguage\":\"fr-FR\"},{\"@type\":\"Person\",\"@id\":\"https:\/\/www.prestigemag.co\/#\/schema\/person\/e3f149368970128d68bb2d797bf30fbc\",\"name\":\"prestige\",\"image\":{\"@type\":\"ImageObject\",\"inLanguage\":\"fr-FR\",\"@id\":\"https:\/\/www.prestigemag.co\/#\/schema\/person\/image\/\",\"url\":\"https:\/\/secure.gravatar.com\/avatar\/0aa2dff5484d35e50578639a2c3ccef9?s=96&d=mm&r=g\",\"contentUrl\":\"https:\/\/secure.gravatar.com\/avatar\/0aa2dff5484d35e50578639a2c3ccef9?s=96&d=mm&r=g\",\"caption\":\"prestige\"},\"url\":\"https:\/\/www.prestigemag.co\/fr\/author\/prestige\/\"}]}<\/script>\n<!-- \/ Yoast SEO plugin. -->","yoast_head_json":{"title":"Le T\u00e9l\u00e9phone Portable - Prestige Magazine","description":"Prestige N 275, Juin 2016Le t\u00e9l\u00e9phone mobile est d\u00e9j\u00e0 ancr\u00e9 dans notre quotidien. Le nombre d\u2019abonn\u00e9s aux r\u00e9seaux est estim\u00e9 aujourd\u2019hui \u00e0 environ 7 milliards dans le monde. Un grand nombre se retrouve avec deux ou m\u00eame trois t\u00e9l\u00e9phones portables.","robots":{"index":"index","follow":"follow","max-snippet":"max-snippet:-1","max-image-preview":"max-image-preview:large","max-video-preview":"max-video-preview:-1"},"canonical":"https:\/\/www.prestigemag.co\/fr\/2016\/06\/le-telephone-portable\/","og_locale":"fr_FR","og_type":"article","og_title":"Le T\u00e9l\u00e9phone Portable - Prestige Magazine","og_description":"Prestige N 275, Juin 2016Le t\u00e9l\u00e9phone mobile est d\u00e9j\u00e0 ancr\u00e9 dans notre quotidien. Le nombre d\u2019abonn\u00e9s aux r\u00e9seaux est estim\u00e9 aujourd\u2019hui \u00e0 environ 7 milliards dans le monde. Un grand nombre se retrouve avec deux ou m\u00eame trois t\u00e9l\u00e9phones portables.","og_url":"https:\/\/www.prestigemag.co\/fr\/2016\/06\/le-telephone-portable\/","og_site_name":"Prestige Magazine","article_publisher":"https:\/\/www.facebook.com\/prestigemag.co\/","article_published_time":"2016-06-28T13:08:58+00:00","og_image":[{"width":1161,"height":551,"url":"https:\/\/www.prestigemag.co\/wp-content\/uploads\/2016\/06\/Untitled-1-3.jpg","type":"image\/jpeg"}],"author":"prestige","twitter_card":"summary","twitter_misc":{"\u00c9crit par":"prestige","Dur\u00e9e de lecture estim\u00e9e":"6 minutes"},"schema":{"@context":"https:\/\/schema.org","@graph":[{"@type":"Organization","@id":"https:\/\/www.prestigemag.co\/#organization","name":"Prestige","url":"https:\/\/www.prestigemag.co\/","sameAs":["https:\/\/www.instagram.com\/prestige.mag\/","https:\/\/www.facebook.com\/prestigemag.co\/"],"logo":{"@type":"ImageObject","inLanguage":"fr-FR","@id":"https:\/\/www.prestigemag.co\/#\/schema\/logo\/image\/","url":"https:\/\/www.prestigemag.co\/wp-content\/uploads\/2021\/11\/logo-Prestige-800x200-1.png","contentUrl":"https:\/\/www.prestigemag.co\/wp-content\/uploads\/2021\/11\/logo-Prestige-800x200-1.png","width":800,"height":200,"caption":"Prestige"},"image":{"@id":"https:\/\/www.prestigemag.co\/#\/schema\/logo\/image\/"}},{"@type":"WebSite","@id":"https:\/\/www.prestigemag.co\/#website","url":"https:\/\/www.prestigemag.co\/","name":"Prestige Magazine","description":"Le Monde Des C\u00e9l\u00e9brit\u00e9s","publisher":{"@id":"https:\/\/www.prestigemag.co\/#organization"},"potentialAction":[{"@type":"SearchAction","target":{"@type":"EntryPoint","urlTemplate":"https:\/\/www.prestigemag.co\/?s={search_term_string}"},"query-input":"required name=search_term_string"}],"inLanguage":"fr-FR"},{"@type":"WebPage","@id":"https:\/\/www.prestigemag.co\/fr\/2016\/06\/le-telephone-portable\/","url":"https:\/\/www.prestigemag.co\/fr\/2016\/06\/le-telephone-portable\/","name":"Le T\u00e9l\u00e9phone Portable - Prestige Magazine","isPartOf":{"@id":"https:\/\/www.prestigemag.co\/#website"},"datePublished":"2016-06-28T13:08:58+00:00","dateModified":"2016-06-28T13:08:58+00:00","description":"Prestige N 275, Juin 2016Le t\u00e9l\u00e9phone mobile est d\u00e9j\u00e0 ancr\u00e9 dans notre quotidien. Le nombre d\u2019abonn\u00e9s aux r\u00e9seaux est estim\u00e9 aujourd\u2019hui \u00e0 environ 7 milliards dans le monde. Un grand nombre se retrouve avec deux ou m\u00eame trois t\u00e9l\u00e9phones portables.","breadcrumb":{"@id":"https:\/\/www.prestigemag.co\/fr\/2016\/06\/le-telephone-portable\/#breadcrumb"},"inLanguage":"fr-FR","potentialAction":[{"@type":"ReadAction","target":["https:\/\/www.prestigemag.co\/fr\/2016\/06\/le-telephone-portable\/"]}]},{"@type":"BreadcrumbList","@id":"https:\/\/www.prestigemag.co\/fr\/2016\/06\/le-telephone-portable\/#breadcrumb","itemListElement":[{"@type":"ListItem","position":1,"name":"Home","item":"https:\/\/www.prestigemag.co\/fr\/"},{"@type":"ListItem","position":2,"name":"Le T\u00e9l\u00e9phone Portable"}]},{"@type":"Article","@id":"https:\/\/www.prestigemag.co\/fr\/2016\/06\/le-telephone-portable\/#article","isPartOf":{"@id":"https:\/\/www.prestigemag.co\/fr\/2016\/06\/le-telephone-portable\/"},"author":{"name":"prestige","@id":"https:\/\/www.prestigemag.co\/#\/schema\/person\/e3f149368970128d68bb2d797bf30fbc"},"headline":"Le T\u00e9l\u00e9phone Portable","datePublished":"2016-06-28T13:08:58+00:00","dateModified":"2016-06-28T13:08:58+00:00","mainEntityOfPage":{"@id":"https:\/\/www.prestigemag.co\/fr\/2016\/06\/le-telephone-portable\/"},"wordCount":1266,"publisher":{"@id":"https:\/\/www.prestigemag.co\/#organization"},"articleSection":["Technologie"],"inLanguage":"fr-FR"},{"@type":"Person","@id":"https:\/\/www.prestigemag.co\/#\/schema\/person\/e3f149368970128d68bb2d797bf30fbc","name":"prestige","image":{"@type":"ImageObject","inLanguage":"fr-FR","@id":"https:\/\/www.prestigemag.co\/#\/schema\/person\/image\/","url":"https:\/\/secure.gravatar.com\/avatar\/0aa2dff5484d35e50578639a2c3ccef9?s=96&d=mm&r=g","contentUrl":"https:\/\/secure.gravatar.com\/avatar\/0aa2dff5484d35e50578639a2c3ccef9?s=96&d=mm&r=g","caption":"prestige"},"url":"https:\/\/www.prestigemag.co\/fr\/author\/prestige\/"}]}},"_links":{"self":[{"href":"https:\/\/www.prestigemag.co\/fr\/wp-json\/wp\/v2\/posts\/20737"}],"collection":[{"href":"https:\/\/www.prestigemag.co\/fr\/wp-json\/wp\/v2\/posts"}],"about":[{"href":"https:\/\/www.prestigemag.co\/fr\/wp-json\/wp\/v2\/types\/post"}],"author":[{"embeddable":true,"href":"https:\/\/www.prestigemag.co\/fr\/wp-json\/wp\/v2\/users\/3"}],"replies":[{"embeddable":true,"href":"https:\/\/www.prestigemag.co\/fr\/wp-json\/wp\/v2\/comments?post=20737"}],"version-history":[{"count":0,"href":"https:\/\/www.prestigemag.co\/fr\/wp-json\/wp\/v2\/posts\/20737\/revisions"}],"wp:featuredmedia":[{"embeddable":true,"href":"https:\/\/www.prestigemag.co\/fr\/wp-json\/wp\/v2\/media\/20738"}],"wp:attachment":[{"href":"https:\/\/www.prestigemag.co\/fr\/wp-json\/wp\/v2\/media?parent=20737"}],"wp:term":[{"taxonomy":"category","embeddable":true,"href":"https:\/\/www.prestigemag.co\/fr\/wp-json\/wp\/v2\/categories?post=20737"},{"taxonomy":"post_tag","embeddable":true,"href":"https:\/\/www.prestigemag.co\/fr\/wp-json\/wp\/v2\/tags?post=20737"}],"curies":[{"name":"wp","href":"https:\/\/api.w.org\/{rel}","templated":true}]}}