{"id":20879,"date":"2016-09-08T13:29:19","date_gmt":"2016-09-08T13:29:19","guid":{"rendered":"http:\/\/www.prestigemag.co\/2016\/09\/les-difficultes-de-la-presse-et-les-solutions\/"},"modified":"2016-09-08T13:29:19","modified_gmt":"2016-09-08T13:29:19","slug":"les-difficultes-de-la-presse-et-les-solutions","status":"publish","type":"post","link":"https:\/\/www.prestigemag.co\/fr\/2016\/09\/les-difficultes-de-la-presse-et-les-solutions\/","title":{"rendered":"Les difficult\u00e9s de la Presse et les Solutions"},"content":{"rendered":"<p><em>Prestige N\u00ba 273, Avril 2016<\/em><\/p>\n<p>&nbsp;<\/p>\n<p><a href=\"http:\/\/www.prestigemag.co\/wp-content\/uploads\/2016\/09\/Untitled-2.jpg\"><img src=\"data:image\/svg+xml,%3Csvg%20xmlns='http:\/\/www.w3.org\/2000\/svg'%20viewBox='0%200%20585%20375'%3E%3C\/svg%3E\" width=\"585\" height=\"375\" class=\"zeen-lazy-load-base zeen-lazy-load aligncenter size-featured-image wp-image-10470\" data-lazy-src=\"http:\/\/www.prestigemag.co\/wp-content\/uploads\/2016\/09\/Untitled-2-585x375.jpg\" alt=\"untitled-2\" data-lazy-srcset=\"https:\/\/www.prestigemag.co\/wp-content\/uploads\/2016\/09\/Untitled-2-585x375.jpg 585w, https:\/\/www.prestigemag.co\/wp-content\/uploads\/2016\/09\/Untitled-2-300x192.jpg 300w, https:\/\/www.prestigemag.co\/wp-content\/uploads\/2016\/09\/Untitled-2-768x493.jpg 768w, https:\/\/www.prestigemag.co\/wp-content\/uploads\/2016\/09\/Untitled-2-1024x657.jpg 1024w, https:\/\/www.prestigemag.co\/wp-content\/uploads\/2016\/09\/Untitled-2-150x96.jpg 150w, https:\/\/www.prestigemag.co\/wp-content\/uploads\/2016\/09\/Untitled-2-195x125.jpg 195w, https:\/\/www.prestigemag.co\/wp-content\/uploads\/2016\/09\/Untitled-2-104x67.jpg 104w, https:\/\/www.prestigemag.co\/wp-content\/uploads\/2016\/09\/Untitled-2.jpg 1330w\" data-lazy-sizes=\"(max-width: 585px) 100vw, 585px\" \/><noscript><img width=\"585\" height=\"375\" class=\"aligncenter size-featured-image wp-image-10470\" src=\"http:\/\/www.prestigemag.co\/wp-content\/uploads\/2016\/09\/Untitled-2-585x375.jpg\" alt=\"untitled-2\" srcset=\"https:\/\/www.prestigemag.co\/wp-content\/uploads\/2016\/09\/Untitled-2-585x375.jpg 585w, https:\/\/www.prestigemag.co\/wp-content\/uploads\/2016\/09\/Untitled-2-300x192.jpg 300w, https:\/\/www.prestigemag.co\/wp-content\/uploads\/2016\/09\/Untitled-2-768x493.jpg 768w, https:\/\/www.prestigemag.co\/wp-content\/uploads\/2016\/09\/Untitled-2-1024x657.jpg 1024w, https:\/\/www.prestigemag.co\/wp-content\/uploads\/2016\/09\/Untitled-2-150x96.jpg 150w, https:\/\/www.prestigemag.co\/wp-content\/uploads\/2016\/09\/Untitled-2-195x125.jpg 195w, https:\/\/www.prestigemag.co\/wp-content\/uploads\/2016\/09\/Untitled-2-104x67.jpg 104w, https:\/\/www.prestigemag.co\/wp-content\/uploads\/2016\/09\/Untitled-2.jpg 1330w\" sizes=\"(max-width: 585px) 100vw, 585px\" \/><\/noscript><\/a><\/p>\n<p>&nbsp;<\/p>\n<p>&nbsp;<\/p>\n<p>&nbsp;<\/p>\n<p>Tous les m\u00e9dias en g\u00e9n\u00e9ral et sp\u00e9cifiquement la presse \u00e9crite vivent aujourd\u2019hui une p\u00e9riode tr\u00e8s critique de leur histoire. Plusieurs facteurs entrent en jeu. D\u2019abord une crise \u00e9conomique internationale \u00e0 laquelle vient s\u2019ajouter au Liban une crise g\u00e9opolitique qui entra\u00eene une r\u00e9cession que n\u2019a jamais connu le pays m\u00eame durant les plus \u00e2pres ann\u00e9es de la guerre. Ensuite arrive la globalisation avec l\u2019av\u00e8nement de la connexion num\u00e9rique qui r\u00e9volutionne tout le concept de transmission des nouvelles. La rapidit\u00e9 de l\u2019envoi des news par internet est impressionnante et permet de se passer de la presse \u00e9crite et m\u00eame de la t\u00e9l\u00e9. N\u00e9anmoins le d\u00e9veloppement du num\u00e9rique est en p\u00e9riode de progression et n\u2019a pas encore atteint son seuil optimal. Nous assisterons dans les prochaines ann\u00e9es \u00e0 des changements \u00e9tonnants. O\u00f9 sera la place de la presse \u00e9crite dans tout ce bouleversement? Cette presse qui a v\u00e9cu la r\u00e9volution de la radio puis de la t\u00e9l\u00e9 et actuellement du num\u00e9rique, restera toujours pr\u00e9sente. Car si la rapidit\u00e9 de la communication est importante, la p\u00e9rennit\u00e9 et l\u2019analyse de la nouvelle demeurent la mission de la presse \u00e9crite. Au Liban, l\u2019Etat devrait l\u2019exon\u00e9rer des taxes, lui cr\u00e9er un pool de subvention pour lui permettre de survivre durant cette p\u00e9riode transitoire au lieu de lui mettre des b\u00e2tons dans les roues avec de nouvelles lois restrictives.\u00a0\u00a0\u00a0\u00a0\u00a0\u00a0\u00a0\u00a0\u00a0\u00a0\u00a0\u00a0\u00a0\u00a0\u00a0\u00a0\u00a0 MARCELLE NADIM<\/p>\n","protected":false},"excerpt":{"rendered":"<p><em>Prestige N 273, Avril 2016<\/em><br \/>Tous les m\u00e9dias en g\u00e9n\u00e9ral et sp\u00e9cifiquement la presse \u00e9crite vivent aujourd\u2019hui une p\u00e9riode tr\u00e8s critique de leur histoire. Plusieurs facteurs entrent en jeu. D\u2019abord une crise \u00e9conomique internationale \u00e0 laquelle vient s\u2019ajouter au Liban<\/p>\n","protected":false},"author":3,"featured_media":0,"comment_status":"closed","ping_status":"closed","sticky":false,"template":"","format":"standard","meta":[],"categories":[13385],"tags":[],"yoast_head":"<!-- This site is optimized with the Yoast SEO plugin v19.4 - https:\/\/yoast.com\/wordpress\/plugins\/seo\/ -->\n<title>Les difficult\u00e9s de la Presse et les Solutions - Prestige Magazine<\/title>\n<meta name=\"description\" content=\"Prestige N 273, Avril 2016Tous les m\u00e9dias en g\u00e9n\u00e9ral et sp\u00e9cifiquement la presse \u00e9crite vivent aujourd\u2019hui une p\u00e9riode tr\u00e8s critique de leur histoire. Plusieurs facteurs entrent en jeu. D\u2019abord une crise \u00e9conomique internationale \u00e0 laquelle vient s\u2019ajouter au Liban\" \/>\n<meta name=\"robots\" content=\"index, follow, max-snippet:-1, max-image-preview:large, max-video-preview:-1\" \/>\n<link rel=\"canonical\" href=\"https:\/\/www.prestigemag.co\/fr\/2016\/09\/les-difficultes-de-la-presse-et-les-solutions\/\" \/>\n<meta property=\"og:locale\" content=\"fr_FR\" \/>\n<meta property=\"og:type\" content=\"article\" \/>\n<meta property=\"og:title\" content=\"Les difficult\u00e9s de la Presse et les Solutions - Prestige Magazine\" \/>\n<meta property=\"og:description\" content=\"Prestige N 273, Avril 2016Tous les m\u00e9dias en g\u00e9n\u00e9ral et sp\u00e9cifiquement la presse \u00e9crite vivent aujourd\u2019hui une p\u00e9riode tr\u00e8s critique de leur histoire. Plusieurs facteurs entrent en jeu. D\u2019abord une crise \u00e9conomique internationale \u00e0 laquelle vient s\u2019ajouter au Liban\" \/>\n<meta property=\"og:url\" content=\"https:\/\/www.prestigemag.co\/fr\/2016\/09\/les-difficultes-de-la-presse-et-les-solutions\/\" \/>\n<meta property=\"og:site_name\" content=\"Prestige Magazine\" \/>\n<meta property=\"article:publisher\" content=\"https:\/\/www.facebook.com\/prestigemag.co\/\" \/>\n<meta property=\"article:published_time\" content=\"2016-09-08T13:29:19+00:00\" \/>\n<meta property=\"og:image\" content=\"http:\/\/www.prestigemag.co\/wp-content\/uploads\/2016\/09\/Untitled-2-585x375.jpg\" \/>\n<meta name=\"author\" content=\"prestige\" \/>\n<meta name=\"twitter:card\" content=\"summary\" \/>\n<meta name=\"twitter:label1\" content=\"\u00c9crit par\" \/>\n\t<meta name=\"twitter:data1\" content=\"prestige\" \/>\n\t<meta name=\"twitter:label2\" content=\"Dur\u00e9e de lecture estim\u00e9e\" \/>\n\t<meta name=\"twitter:data2\" content=\"1 minute\" \/>\n<script type=\"application\/ld+json\" class=\"yoast-schema-graph\">{\"@context\":\"https:\/\/schema.org\",\"@graph\":[{\"@type\":\"Organization\",\"@id\":\"https:\/\/www.prestigemag.co\/#organization\",\"name\":\"Prestige\",\"url\":\"https:\/\/www.prestigemag.co\/\",\"sameAs\":[\"https:\/\/www.instagram.com\/prestige.mag\/\",\"https:\/\/www.facebook.com\/prestigemag.co\/\"],\"logo\":{\"@type\":\"ImageObject\",\"inLanguage\":\"fr-FR\",\"@id\":\"https:\/\/www.prestigemag.co\/#\/schema\/logo\/image\/\",\"url\":\"https:\/\/www.prestigemag.co\/wp-content\/uploads\/2021\/11\/logo-Prestige-800x200-1.png\",\"contentUrl\":\"https:\/\/www.prestigemag.co\/wp-content\/uploads\/2021\/11\/logo-Prestige-800x200-1.png\",\"width\":800,\"height\":200,\"caption\":\"Prestige\"},\"image\":{\"@id\":\"https:\/\/www.prestigemag.co\/#\/schema\/logo\/image\/\"}},{\"@type\":\"WebSite\",\"@id\":\"https:\/\/www.prestigemag.co\/#website\",\"url\":\"https:\/\/www.prestigemag.co\/\",\"name\":\"Prestige Magazine\",\"description\":\"Le Monde Des C\u00e9l\u00e9brit\u00e9s\",\"publisher\":{\"@id\":\"https:\/\/www.prestigemag.co\/#organization\"},\"potentialAction\":[{\"@type\":\"SearchAction\",\"target\":{\"@type\":\"EntryPoint\",\"urlTemplate\":\"https:\/\/www.prestigemag.co\/?s={search_term_string}\"},\"query-input\":\"required name=search_term_string\"}],\"inLanguage\":\"fr-FR\"},{\"@type\":\"WebPage\",\"@id\":\"https:\/\/www.prestigemag.co\/fr\/2016\/09\/les-difficultes-de-la-presse-et-les-solutions\/\",\"url\":\"https:\/\/www.prestigemag.co\/fr\/2016\/09\/les-difficultes-de-la-presse-et-les-solutions\/\",\"name\":\"Les difficult\u00e9s de la Presse et les Solutions - Prestige Magazine\",\"isPartOf\":{\"@id\":\"https:\/\/www.prestigemag.co\/#website\"},\"datePublished\":\"2016-09-08T13:29:19+00:00\",\"dateModified\":\"2016-09-08T13:29:19+00:00\",\"description\":\"Prestige N 273, Avril 2016Tous les m\u00e9dias en g\u00e9n\u00e9ral et sp\u00e9cifiquement la presse \u00e9crite vivent aujourd\u2019hui une p\u00e9riode tr\u00e8s critique de leur histoire. Plusieurs facteurs entrent en jeu. D\u2019abord une crise \u00e9conomique internationale \u00e0 laquelle vient s\u2019ajouter au Liban\",\"breadcrumb\":{\"@id\":\"https:\/\/www.prestigemag.co\/fr\/2016\/09\/les-difficultes-de-la-presse-et-les-solutions\/#breadcrumb\"},\"inLanguage\":\"fr-FR\",\"potentialAction\":[{\"@type\":\"ReadAction\",\"target\":[\"https:\/\/www.prestigemag.co\/fr\/2016\/09\/les-difficultes-de-la-presse-et-les-solutions\/\"]}]},{\"@type\":\"BreadcrumbList\",\"@id\":\"https:\/\/www.prestigemag.co\/fr\/2016\/09\/les-difficultes-de-la-presse-et-les-solutions\/#breadcrumb\",\"itemListElement\":[{\"@type\":\"ListItem\",\"position\":1,\"name\":\"Home\",\"item\":\"https:\/\/www.prestigemag.co\/fr\/\"},{\"@type\":\"ListItem\",\"position\":2,\"name\":\"Les difficult\u00e9s de la Presse et les Solutions\"}]},{\"@type\":\"Article\",\"@id\":\"https:\/\/www.prestigemag.co\/fr\/2016\/09\/les-difficultes-de-la-presse-et-les-solutions\/#article\",\"isPartOf\":{\"@id\":\"https:\/\/www.prestigemag.co\/fr\/2016\/09\/les-difficultes-de-la-presse-et-les-solutions\/\"},\"author\":{\"name\":\"prestige\",\"@id\":\"https:\/\/www.prestigemag.co\/#\/schema\/person\/e3f149368970128d68bb2d797bf30fbc\"},\"headline\":\"Les difficult\u00e9s de la Presse et les Solutions\",\"datePublished\":\"2016-09-08T13:29:19+00:00\",\"dateModified\":\"2016-09-08T13:29:19+00:00\",\"mainEntityOfPage\":{\"@id\":\"https:\/\/www.prestigemag.co\/fr\/2016\/09\/les-difficultes-de-la-presse-et-les-solutions\/\"},\"wordCount\":278,\"publisher\":{\"@id\":\"https:\/\/www.prestigemag.co\/#organization\"},\"articleSection\":[\"Edito\"],\"inLanguage\":\"fr-FR\"},{\"@type\":\"Person\",\"@id\":\"https:\/\/www.prestigemag.co\/#\/schema\/person\/e3f149368970128d68bb2d797bf30fbc\",\"name\":\"prestige\",\"image\":{\"@type\":\"ImageObject\",\"inLanguage\":\"fr-FR\",\"@id\":\"https:\/\/www.prestigemag.co\/#\/schema\/person\/image\/\",\"url\":\"https:\/\/secure.gravatar.com\/avatar\/0aa2dff5484d35e50578639a2c3ccef9?s=96&d=mm&r=g\",\"contentUrl\":\"https:\/\/secure.gravatar.com\/avatar\/0aa2dff5484d35e50578639a2c3ccef9?s=96&d=mm&r=g\",\"caption\":\"prestige\"},\"url\":\"https:\/\/www.prestigemag.co\/fr\/author\/prestige\/\"}]}<\/script>\n<!-- \/ Yoast SEO plugin. -->","yoast_head_json":{"title":"Les difficult\u00e9s de la Presse et les Solutions - Prestige Magazine","description":"Prestige N 273, Avril 2016Tous les m\u00e9dias en g\u00e9n\u00e9ral et sp\u00e9cifiquement la presse \u00e9crite vivent aujourd\u2019hui une p\u00e9riode tr\u00e8s critique de leur histoire. Plusieurs facteurs entrent en jeu. D\u2019abord une crise \u00e9conomique internationale \u00e0 laquelle vient s\u2019ajouter au Liban","robots":{"index":"index","follow":"follow","max-snippet":"max-snippet:-1","max-image-preview":"max-image-preview:large","max-video-preview":"max-video-preview:-1"},"canonical":"https:\/\/www.prestigemag.co\/fr\/2016\/09\/les-difficultes-de-la-presse-et-les-solutions\/","og_locale":"fr_FR","og_type":"article","og_title":"Les difficult\u00e9s de la Presse et les Solutions - Prestige Magazine","og_description":"Prestige N 273, Avril 2016Tous les m\u00e9dias en g\u00e9n\u00e9ral et sp\u00e9cifiquement la presse \u00e9crite vivent aujourd\u2019hui une p\u00e9riode tr\u00e8s critique de leur histoire. Plusieurs facteurs entrent en jeu. D\u2019abord une crise \u00e9conomique internationale \u00e0 laquelle vient s\u2019ajouter au Liban","og_url":"https:\/\/www.prestigemag.co\/fr\/2016\/09\/les-difficultes-de-la-presse-et-les-solutions\/","og_site_name":"Prestige Magazine","article_publisher":"https:\/\/www.facebook.com\/prestigemag.co\/","article_published_time":"2016-09-08T13:29:19+00:00","og_image":[{"url":"http:\/\/www.prestigemag.co\/wp-content\/uploads\/2016\/09\/Untitled-2-585x375.jpg"}],"author":"prestige","twitter_card":"summary","twitter_misc":{"\u00c9crit par":"prestige","Dur\u00e9e de lecture estim\u00e9e":"1 minute"},"schema":{"@context":"https:\/\/schema.org","@graph":[{"@type":"Organization","@id":"https:\/\/www.prestigemag.co\/#organization","name":"Prestige","url":"https:\/\/www.prestigemag.co\/","sameAs":["https:\/\/www.instagram.com\/prestige.mag\/","https:\/\/www.facebook.com\/prestigemag.co\/"],"logo":{"@type":"ImageObject","inLanguage":"fr-FR","@id":"https:\/\/www.prestigemag.co\/#\/schema\/logo\/image\/","url":"https:\/\/www.prestigemag.co\/wp-content\/uploads\/2021\/11\/logo-Prestige-800x200-1.png","contentUrl":"https:\/\/www.prestigemag.co\/wp-content\/uploads\/2021\/11\/logo-Prestige-800x200-1.png","width":800,"height":200,"caption":"Prestige"},"image":{"@id":"https:\/\/www.prestigemag.co\/#\/schema\/logo\/image\/"}},{"@type":"WebSite","@id":"https:\/\/www.prestigemag.co\/#website","url":"https:\/\/www.prestigemag.co\/","name":"Prestige Magazine","description":"Le Monde Des C\u00e9l\u00e9brit\u00e9s","publisher":{"@id":"https:\/\/www.prestigemag.co\/#organization"},"potentialAction":[{"@type":"SearchAction","target":{"@type":"EntryPoint","urlTemplate":"https:\/\/www.prestigemag.co\/?s={search_term_string}"},"query-input":"required name=search_term_string"}],"inLanguage":"fr-FR"},{"@type":"WebPage","@id":"https:\/\/www.prestigemag.co\/fr\/2016\/09\/les-difficultes-de-la-presse-et-les-solutions\/","url":"https:\/\/www.prestigemag.co\/fr\/2016\/09\/les-difficultes-de-la-presse-et-les-solutions\/","name":"Les difficult\u00e9s de la Presse et les Solutions - Prestige Magazine","isPartOf":{"@id":"https:\/\/www.prestigemag.co\/#website"},"datePublished":"2016-09-08T13:29:19+00:00","dateModified":"2016-09-08T13:29:19+00:00","description":"Prestige N 273, Avril 2016Tous les m\u00e9dias en g\u00e9n\u00e9ral et sp\u00e9cifiquement la presse \u00e9crite vivent aujourd\u2019hui une p\u00e9riode tr\u00e8s critique de leur histoire. Plusieurs facteurs entrent en jeu. D\u2019abord une crise \u00e9conomique internationale \u00e0 laquelle vient s\u2019ajouter au Liban","breadcrumb":{"@id":"https:\/\/www.prestigemag.co\/fr\/2016\/09\/les-difficultes-de-la-presse-et-les-solutions\/#breadcrumb"},"inLanguage":"fr-FR","potentialAction":[{"@type":"ReadAction","target":["https:\/\/www.prestigemag.co\/fr\/2016\/09\/les-difficultes-de-la-presse-et-les-solutions\/"]}]},{"@type":"BreadcrumbList","@id":"https:\/\/www.prestigemag.co\/fr\/2016\/09\/les-difficultes-de-la-presse-et-les-solutions\/#breadcrumb","itemListElement":[{"@type":"ListItem","position":1,"name":"Home","item":"https:\/\/www.prestigemag.co\/fr\/"},{"@type":"ListItem","position":2,"name":"Les difficult\u00e9s de la Presse et les Solutions"}]},{"@type":"Article","@id":"https:\/\/www.prestigemag.co\/fr\/2016\/09\/les-difficultes-de-la-presse-et-les-solutions\/#article","isPartOf":{"@id":"https:\/\/www.prestigemag.co\/fr\/2016\/09\/les-difficultes-de-la-presse-et-les-solutions\/"},"author":{"name":"prestige","@id":"https:\/\/www.prestigemag.co\/#\/schema\/person\/e3f149368970128d68bb2d797bf30fbc"},"headline":"Les difficult\u00e9s de la Presse et les Solutions","datePublished":"2016-09-08T13:29:19+00:00","dateModified":"2016-09-08T13:29:19+00:00","mainEntityOfPage":{"@id":"https:\/\/www.prestigemag.co\/fr\/2016\/09\/les-difficultes-de-la-presse-et-les-solutions\/"},"wordCount":278,"publisher":{"@id":"https:\/\/www.prestigemag.co\/#organization"},"articleSection":["Edito"],"inLanguage":"fr-FR"},{"@type":"Person","@id":"https:\/\/www.prestigemag.co\/#\/schema\/person\/e3f149368970128d68bb2d797bf30fbc","name":"prestige","image":{"@type":"ImageObject","inLanguage":"fr-FR","@id":"https:\/\/www.prestigemag.co\/#\/schema\/person\/image\/","url":"https:\/\/secure.gravatar.com\/avatar\/0aa2dff5484d35e50578639a2c3ccef9?s=96&d=mm&r=g","contentUrl":"https:\/\/secure.gravatar.com\/avatar\/0aa2dff5484d35e50578639a2c3ccef9?s=96&d=mm&r=g","caption":"prestige"},"url":"https:\/\/www.prestigemag.co\/fr\/author\/prestige\/"}]}},"_links":{"self":[{"href":"https:\/\/www.prestigemag.co\/fr\/wp-json\/wp\/v2\/posts\/20879"}],"collection":[{"href":"https:\/\/www.prestigemag.co\/fr\/wp-json\/wp\/v2\/posts"}],"about":[{"href":"https:\/\/www.prestigemag.co\/fr\/wp-json\/wp\/v2\/types\/post"}],"author":[{"embeddable":true,"href":"https:\/\/www.prestigemag.co\/fr\/wp-json\/wp\/v2\/users\/3"}],"replies":[{"embeddable":true,"href":"https:\/\/www.prestigemag.co\/fr\/wp-json\/wp\/v2\/comments?post=20879"}],"version-history":[{"count":0,"href":"https:\/\/www.prestigemag.co\/fr\/wp-json\/wp\/v2\/posts\/20879\/revisions"}],"wp:attachment":[{"href":"https:\/\/www.prestigemag.co\/fr\/wp-json\/wp\/v2\/media?parent=20879"}],"wp:term":[{"taxonomy":"category","embeddable":true,"href":"https:\/\/www.prestigemag.co\/fr\/wp-json\/wp\/v2\/categories?post=20879"},{"taxonomy":"post_tag","embeddable":true,"href":"https:\/\/www.prestigemag.co\/fr\/wp-json\/wp\/v2\/tags?post=20879"}],"curies":[{"name":"wp","href":"https:\/\/api.w.org\/{rel}","templated":true}]}}