{"id":20940,"date":"2016-10-04T07:04:04","date_gmt":"2016-10-04T07:04:04","guid":{"rendered":"http:\/\/www.prestigemag.co\/2016\/10\/defile-hermes-pret-a-porter-printemps-ete-2017\/"},"modified":"2016-10-04T07:04:04","modified_gmt":"2016-10-04T07:04:04","slug":"defile-hermes-pret-a-porter-printemps-ete-2017","status":"publish","type":"post","link":"https:\/\/www.prestigemag.co\/fr\/2016\/10\/defile-hermes-pret-a-porter-printemps-ete-2017\/","title":{"rendered":"D\u00e9fil\u00e9 Herm\u00e8s Pr\u00eat-\u00e0-Porter Printemps-Et\u00e9 2017"},"content":{"rendered":"<p><a href=\"http:\/\/www.prestigemag.co\/wp-content\/uploads\/2016\/10\/Untitled-1-1.jpg\"><img src=\"data:image\/svg+xml,%3Csvg%20xmlns='http:\/\/www.w3.org\/2000\/svg'%20viewBox='0%200%20600%20282'%3E%3C\/svg%3E\" width=\"600\" height=\"282\" class=\"zeen-lazy-load-base zeen-lazy-load aligncenter size-featured-image wp-image-10644\" data-lazy-src=\"http:\/\/www.prestigemag.co\/wp-content\/uploads\/2016\/10\/Untitled-1-1-600x282.jpg\" alt=\"untitled-1\" data-lazy-srcset=\"https:\/\/www.prestigemag.co\/wp-content\/uploads\/2016\/10\/Untitled-1-1-600x282.jpg 600w, https:\/\/www.prestigemag.co\/wp-content\/uploads\/2016\/10\/Untitled-1-1-300x141.jpg 300w, https:\/\/www.prestigemag.co\/wp-content\/uploads\/2016\/10\/Untitled-1-1-770x362.jpg 770w, https:\/\/www.prestigemag.co\/wp-content\/uploads\/2016\/10\/Untitled-1-1-293x138.jpg 293w, https:\/\/www.prestigemag.co\/wp-content\/uploads\/2016\/10\/Untitled-1-1-390x183.jpg 390w, https:\/\/www.prestigemag.co\/wp-content\/uploads\/2016\/10\/Untitled-1-1-768x361.jpg 768w, https:\/\/www.prestigemag.co\/wp-content\/uploads\/2016\/10\/Untitled-1-1-150x71.jpg 150w, https:\/\/www.prestigemag.co\/wp-content\/uploads\/2016\/10\/Untitled-1-1-266x125.jpg 266w, https:\/\/www.prestigemag.co\/wp-content\/uploads\/2016\/10\/Untitled-1-1-143x67.jpg 143w, https:\/\/www.prestigemag.co\/wp-content\/uploads\/2016\/10\/Untitled-1-1.jpg 1021w\" data-lazy-sizes=\"(max-width: 600px) 100vw, 600px\" \/><noscript><img width=\"600\" height=\"282\" class=\"aligncenter size-featured-image wp-image-10644\" src=\"http:\/\/www.prestigemag.co\/wp-content\/uploads\/2016\/10\/Untitled-1-1-600x282.jpg\" alt=\"untitled-1\" srcset=\"https:\/\/www.prestigemag.co\/wp-content\/uploads\/2016\/10\/Untitled-1-1-600x282.jpg 600w, https:\/\/www.prestigemag.co\/wp-content\/uploads\/2016\/10\/Untitled-1-1-300x141.jpg 300w, https:\/\/www.prestigemag.co\/wp-content\/uploads\/2016\/10\/Untitled-1-1-770x362.jpg 770w, https:\/\/www.prestigemag.co\/wp-content\/uploads\/2016\/10\/Untitled-1-1-293x138.jpg 293w, https:\/\/www.prestigemag.co\/wp-content\/uploads\/2016\/10\/Untitled-1-1-390x183.jpg 390w, https:\/\/www.prestigemag.co\/wp-content\/uploads\/2016\/10\/Untitled-1-1-768x361.jpg 768w, https:\/\/www.prestigemag.co\/wp-content\/uploads\/2016\/10\/Untitled-1-1-150x71.jpg 150w, https:\/\/www.prestigemag.co\/wp-content\/uploads\/2016\/10\/Untitled-1-1-266x125.jpg 266w, https:\/\/www.prestigemag.co\/wp-content\/uploads\/2016\/10\/Untitled-1-1-143x67.jpg 143w, https:\/\/www.prestigemag.co\/wp-content\/uploads\/2016\/10\/Untitled-1-1.jpg 1021w\" sizes=\"(max-width: 600px) 100vw, 600px\" \/><\/noscript><\/a><\/p>\n<p>\u00a9 Prestige<\/p>\n<p>&nbsp;<\/p>\n<p>&nbsp;<\/p>\n<p>Dans le cadre de la Semaine de la Mode parisienne, s\u00e9lections de la collection Herm\u00e8s Pr\u00eat-\u00e0-Porter Printemps-Et\u00e9 2017.<\/p>\n<p>&nbsp;<\/p>\n<p>&nbsp;<\/p>\n<p>https:\/\/www.facebook.com\/264350903709742\/videos\/895847577226735\/<\/p>\n","protected":false},"excerpt":{"rendered":"<p><em>Dans le cadre de la Semaine de la Mode parisienne, s\u00e9lections de la collection Herm\u00e8s Pr\u00eat-\u00e0-Porter Printemps-Et\u00e9 2017.<\/em><\/p>\n","protected":false},"author":3,"featured_media":20941,"comment_status":"closed","ping_status":"closed","sticky":false,"template":"","format":"standard","meta":[],"categories":[13346,13351],"tags":[],"yoast_head":"<!-- This site is optimized with the Yoast SEO plugin v19.4 - https:\/\/yoast.com\/wordpress\/plugins\/seo\/ -->\n<title>D\u00e9fil\u00e9 Herm\u00e8s Pr\u00eat-\u00e0-Porter Printemps-Et\u00e9 2017 - Prestige Magazine<\/title>\n<meta name=\"description\" content=\"Dans le cadre de la Semaine de la Mode parisienne, s\u00e9lections de la collection Herm\u00e8s Pr\u00eat-\u00e0-Porter Printemps-Et\u00e9 2017.\" \/>\n<meta name=\"robots\" content=\"index, follow, max-snippet:-1, max-image-preview:large, max-video-preview:-1\" \/>\n<link rel=\"canonical\" href=\"https:\/\/www.prestigemag.co\/fr\/2016\/10\/defile-hermes-pret-a-porter-printemps-ete-2017\/\" \/>\n<meta property=\"og:locale\" content=\"fr_FR\" \/>\n<meta property=\"og:type\" content=\"article\" \/>\n<meta property=\"og:title\" content=\"D\u00e9fil\u00e9 Herm\u00e8s Pr\u00eat-\u00e0-Porter Printemps-Et\u00e9 2017 - Prestige Magazine\" \/>\n<meta property=\"og:description\" content=\"Dans le cadre de la Semaine de la Mode parisienne, s\u00e9lections de la collection Herm\u00e8s Pr\u00eat-\u00e0-Porter Printemps-Et\u00e9 2017.\" \/>\n<meta property=\"og:url\" content=\"https:\/\/www.prestigemag.co\/fr\/2016\/10\/defile-hermes-pret-a-porter-printemps-ete-2017\/\" \/>\n<meta property=\"og:site_name\" content=\"Prestige Magazine\" \/>\n<meta property=\"article:publisher\" content=\"https:\/\/www.facebook.com\/prestigemag.co\/\" \/>\n<meta property=\"article:published_time\" content=\"2016-10-04T07:04:04+00:00\" \/>\n<meta property=\"og:image\" content=\"https:\/\/www.prestigemag.co\/wp-content\/uploads\/2016\/10\/Untitled-1-1.jpg\" \/>\n\t<meta property=\"og:image:width\" content=\"1021\" \/>\n\t<meta property=\"og:image:height\" content=\"480\" \/>\n\t<meta property=\"og:image:type\" content=\"image\/jpeg\" \/>\n<meta name=\"author\" content=\"prestige\" \/>\n<meta name=\"twitter:card\" content=\"summary\" \/>\n<meta name=\"twitter:label1\" content=\"\u00c9crit par\" \/>\n\t<meta name=\"twitter:data1\" content=\"prestige\" \/>\n<script type=\"application\/ld+json\" class=\"yoast-schema-graph\">{\"@context\":\"https:\/\/schema.org\",\"@graph\":[{\"@type\":\"Organization\",\"@id\":\"https:\/\/www.prestigemag.co\/#organization\",\"name\":\"Prestige\",\"url\":\"https:\/\/www.prestigemag.co\/\",\"sameAs\":[\"https:\/\/www.instagram.com\/prestige.mag\/\",\"https:\/\/www.facebook.com\/prestigemag.co\/\"],\"logo\":{\"@type\":\"ImageObject\",\"inLanguage\":\"fr-FR\",\"@id\":\"https:\/\/www.prestigemag.co\/#\/schema\/logo\/image\/\",\"url\":\"https:\/\/www.prestigemag.co\/wp-content\/uploads\/2021\/11\/logo-Prestige-800x200-1.png\",\"contentUrl\":\"https:\/\/www.prestigemag.co\/wp-content\/uploads\/2021\/11\/logo-Prestige-800x200-1.png\",\"width\":800,\"height\":200,\"caption\":\"Prestige\"},\"image\":{\"@id\":\"https:\/\/www.prestigemag.co\/#\/schema\/logo\/image\/\"}},{\"@type\":\"WebSite\",\"@id\":\"https:\/\/www.prestigemag.co\/#website\",\"url\":\"https:\/\/www.prestigemag.co\/\",\"name\":\"Prestige Magazine\",\"description\":\"Le Monde Des C\u00e9l\u00e9brit\u00e9s\",\"publisher\":{\"@id\":\"https:\/\/www.prestigemag.co\/#organization\"},\"potentialAction\":[{\"@type\":\"SearchAction\",\"target\":{\"@type\":\"EntryPoint\",\"urlTemplate\":\"https:\/\/www.prestigemag.co\/?s={search_term_string}\"},\"query-input\":\"required name=search_term_string\"}],\"inLanguage\":\"fr-FR\"},{\"@type\":\"WebPage\",\"@id\":\"https:\/\/www.prestigemag.co\/fr\/2016\/10\/defile-hermes-pret-a-porter-printemps-ete-2017\/\",\"url\":\"https:\/\/www.prestigemag.co\/fr\/2016\/10\/defile-hermes-pret-a-porter-printemps-ete-2017\/\",\"name\":\"D\u00e9fil\u00e9 Herm\u00e8s Pr\u00eat-\u00e0-Porter Printemps-Et\u00e9 2017 - Prestige Magazine\",\"isPartOf\":{\"@id\":\"https:\/\/www.prestigemag.co\/#website\"},\"datePublished\":\"2016-10-04T07:04:04+00:00\",\"dateModified\":\"2016-10-04T07:04:04+00:00\",\"description\":\"Dans le cadre de la Semaine de la Mode parisienne, s\u00e9lections de la collection Herm\u00e8s Pr\u00eat-\u00e0-Porter Printemps-Et\u00e9 2017.\",\"breadcrumb\":{\"@id\":\"https:\/\/www.prestigemag.co\/fr\/2016\/10\/defile-hermes-pret-a-porter-printemps-ete-2017\/#breadcrumb\"},\"inLanguage\":\"fr-FR\",\"potentialAction\":[{\"@type\":\"ReadAction\",\"target\":[\"https:\/\/www.prestigemag.co\/fr\/2016\/10\/defile-hermes-pret-a-porter-printemps-ete-2017\/\"]}]},{\"@type\":\"BreadcrumbList\",\"@id\":\"https:\/\/www.prestigemag.co\/fr\/2016\/10\/defile-hermes-pret-a-porter-printemps-ete-2017\/#breadcrumb\",\"itemListElement\":[{\"@type\":\"ListItem\",\"position\":1,\"name\":\"Home\",\"item\":\"https:\/\/www.prestigemag.co\/fr\/\"},{\"@type\":\"ListItem\",\"position\":2,\"name\":\"D\u00e9fil\u00e9 Herm\u00e8s Pr\u00eat-\u00e0-Porter Printemps-Et\u00e9 2017\"}]},{\"@type\":\"Article\",\"@id\":\"https:\/\/www.prestigemag.co\/fr\/2016\/10\/defile-hermes-pret-a-porter-printemps-ete-2017\/#article\",\"isPartOf\":{\"@id\":\"https:\/\/www.prestigemag.co\/fr\/2016\/10\/defile-hermes-pret-a-porter-printemps-ete-2017\/\"},\"author\":{\"name\":\"prestige\",\"@id\":\"https:\/\/www.prestigemag.co\/#\/schema\/person\/e3f149368970128d68bb2d797bf30fbc\"},\"headline\":\"D\u00e9fil\u00e9 Herm\u00e8s Pr\u00eat-\u00e0-Porter Printemps-Et\u00e9 2017\",\"datePublished\":\"2016-10-04T07:04:04+00:00\",\"dateModified\":\"2016-10-04T07:04:04+00:00\",\"mainEntityOfPage\":{\"@id\":\"https:\/\/www.prestigemag.co\/fr\/2016\/10\/defile-hermes-pret-a-porter-printemps-ete-2017\/\"},\"wordCount\":39,\"publisher\":{\"@id\":\"https:\/\/www.prestigemag.co\/#organization\"},\"articleSection\":[\"Mode\",\"News\"],\"inLanguage\":\"fr-FR\"},{\"@type\":\"Person\",\"@id\":\"https:\/\/www.prestigemag.co\/#\/schema\/person\/e3f149368970128d68bb2d797bf30fbc\",\"name\":\"prestige\",\"image\":{\"@type\":\"ImageObject\",\"inLanguage\":\"fr-FR\",\"@id\":\"https:\/\/www.prestigemag.co\/#\/schema\/person\/image\/\",\"url\":\"https:\/\/secure.gravatar.com\/avatar\/0aa2dff5484d35e50578639a2c3ccef9?s=96&d=mm&r=g\",\"contentUrl\":\"https:\/\/secure.gravatar.com\/avatar\/0aa2dff5484d35e50578639a2c3ccef9?s=96&d=mm&r=g\",\"caption\":\"prestige\"},\"url\":\"https:\/\/www.prestigemag.co\/fr\/author\/prestige\/\"}]}<\/script>\n<!-- \/ Yoast SEO plugin. -->","yoast_head_json":{"title":"D\u00e9fil\u00e9 Herm\u00e8s Pr\u00eat-\u00e0-Porter Printemps-Et\u00e9 2017 - Prestige Magazine","description":"Dans le cadre de la Semaine de la Mode parisienne, s\u00e9lections de la collection Herm\u00e8s Pr\u00eat-\u00e0-Porter Printemps-Et\u00e9 2017.","robots":{"index":"index","follow":"follow","max-snippet":"max-snippet:-1","max-image-preview":"max-image-preview:large","max-video-preview":"max-video-preview:-1"},"canonical":"https:\/\/www.prestigemag.co\/fr\/2016\/10\/defile-hermes-pret-a-porter-printemps-ete-2017\/","og_locale":"fr_FR","og_type":"article","og_title":"D\u00e9fil\u00e9 Herm\u00e8s Pr\u00eat-\u00e0-Porter Printemps-Et\u00e9 2017 - Prestige Magazine","og_description":"Dans le cadre de la Semaine de la Mode parisienne, s\u00e9lections de la collection Herm\u00e8s Pr\u00eat-\u00e0-Porter Printemps-Et\u00e9 2017.","og_url":"https:\/\/www.prestigemag.co\/fr\/2016\/10\/defile-hermes-pret-a-porter-printemps-ete-2017\/","og_site_name":"Prestige Magazine","article_publisher":"https:\/\/www.facebook.com\/prestigemag.co\/","article_published_time":"2016-10-04T07:04:04+00:00","og_image":[{"width":1021,"height":480,"url":"https:\/\/www.prestigemag.co\/wp-content\/uploads\/2016\/10\/Untitled-1-1.jpg","type":"image\/jpeg"}],"author":"prestige","twitter_card":"summary","twitter_misc":{"\u00c9crit par":"prestige"},"schema":{"@context":"https:\/\/schema.org","@graph":[{"@type":"Organization","@id":"https:\/\/www.prestigemag.co\/#organization","name":"Prestige","url":"https:\/\/www.prestigemag.co\/","sameAs":["https:\/\/www.instagram.com\/prestige.mag\/","https:\/\/www.facebook.com\/prestigemag.co\/"],"logo":{"@type":"ImageObject","inLanguage":"fr-FR","@id":"https:\/\/www.prestigemag.co\/#\/schema\/logo\/image\/","url":"https:\/\/www.prestigemag.co\/wp-content\/uploads\/2021\/11\/logo-Prestige-800x200-1.png","contentUrl":"https:\/\/www.prestigemag.co\/wp-content\/uploads\/2021\/11\/logo-Prestige-800x200-1.png","width":800,"height":200,"caption":"Prestige"},"image":{"@id":"https:\/\/www.prestigemag.co\/#\/schema\/logo\/image\/"}},{"@type":"WebSite","@id":"https:\/\/www.prestigemag.co\/#website","url":"https:\/\/www.prestigemag.co\/","name":"Prestige Magazine","description":"Le Monde Des C\u00e9l\u00e9brit\u00e9s","publisher":{"@id":"https:\/\/www.prestigemag.co\/#organization"},"potentialAction":[{"@type":"SearchAction","target":{"@type":"EntryPoint","urlTemplate":"https:\/\/www.prestigemag.co\/?s={search_term_string}"},"query-input":"required name=search_term_string"}],"inLanguage":"fr-FR"},{"@type":"WebPage","@id":"https:\/\/www.prestigemag.co\/fr\/2016\/10\/defile-hermes-pret-a-porter-printemps-ete-2017\/","url":"https:\/\/www.prestigemag.co\/fr\/2016\/10\/defile-hermes-pret-a-porter-printemps-ete-2017\/","name":"D\u00e9fil\u00e9 Herm\u00e8s Pr\u00eat-\u00e0-Porter Printemps-Et\u00e9 2017 - Prestige Magazine","isPartOf":{"@id":"https:\/\/www.prestigemag.co\/#website"},"datePublished":"2016-10-04T07:04:04+00:00","dateModified":"2016-10-04T07:04:04+00:00","description":"Dans le cadre de la Semaine de la Mode parisienne, s\u00e9lections de la collection Herm\u00e8s Pr\u00eat-\u00e0-Porter Printemps-Et\u00e9 2017.","breadcrumb":{"@id":"https:\/\/www.prestigemag.co\/fr\/2016\/10\/defile-hermes-pret-a-porter-printemps-ete-2017\/#breadcrumb"},"inLanguage":"fr-FR","potentialAction":[{"@type":"ReadAction","target":["https:\/\/www.prestigemag.co\/fr\/2016\/10\/defile-hermes-pret-a-porter-printemps-ete-2017\/"]}]},{"@type":"BreadcrumbList","@id":"https:\/\/www.prestigemag.co\/fr\/2016\/10\/defile-hermes-pret-a-porter-printemps-ete-2017\/#breadcrumb","itemListElement":[{"@type":"ListItem","position":1,"name":"Home","item":"https:\/\/www.prestigemag.co\/fr\/"},{"@type":"ListItem","position":2,"name":"D\u00e9fil\u00e9 Herm\u00e8s Pr\u00eat-\u00e0-Porter Printemps-Et\u00e9 2017"}]},{"@type":"Article","@id":"https:\/\/www.prestigemag.co\/fr\/2016\/10\/defile-hermes-pret-a-porter-printemps-ete-2017\/#article","isPartOf":{"@id":"https:\/\/www.prestigemag.co\/fr\/2016\/10\/defile-hermes-pret-a-porter-printemps-ete-2017\/"},"author":{"name":"prestige","@id":"https:\/\/www.prestigemag.co\/#\/schema\/person\/e3f149368970128d68bb2d797bf30fbc"},"headline":"D\u00e9fil\u00e9 Herm\u00e8s Pr\u00eat-\u00e0-Porter Printemps-Et\u00e9 2017","datePublished":"2016-10-04T07:04:04+00:00","dateModified":"2016-10-04T07:04:04+00:00","mainEntityOfPage":{"@id":"https:\/\/www.prestigemag.co\/fr\/2016\/10\/defile-hermes-pret-a-porter-printemps-ete-2017\/"},"wordCount":39,"publisher":{"@id":"https:\/\/www.prestigemag.co\/#organization"},"articleSection":["Mode","News"],"inLanguage":"fr-FR"},{"@type":"Person","@id":"https:\/\/www.prestigemag.co\/#\/schema\/person\/e3f149368970128d68bb2d797bf30fbc","name":"prestige","image":{"@type":"ImageObject","inLanguage":"fr-FR","@id":"https:\/\/www.prestigemag.co\/#\/schema\/person\/image\/","url":"https:\/\/secure.gravatar.com\/avatar\/0aa2dff5484d35e50578639a2c3ccef9?s=96&d=mm&r=g","contentUrl":"https:\/\/secure.gravatar.com\/avatar\/0aa2dff5484d35e50578639a2c3ccef9?s=96&d=mm&r=g","caption":"prestige"},"url":"https:\/\/www.prestigemag.co\/fr\/author\/prestige\/"}]}},"_links":{"self":[{"href":"https:\/\/www.prestigemag.co\/fr\/wp-json\/wp\/v2\/posts\/20940"}],"collection":[{"href":"https:\/\/www.prestigemag.co\/fr\/wp-json\/wp\/v2\/posts"}],"about":[{"href":"https:\/\/www.prestigemag.co\/fr\/wp-json\/wp\/v2\/types\/post"}],"author":[{"embeddable":true,"href":"https:\/\/www.prestigemag.co\/fr\/wp-json\/wp\/v2\/users\/3"}],"replies":[{"embeddable":true,"href":"https:\/\/www.prestigemag.co\/fr\/wp-json\/wp\/v2\/comments?post=20940"}],"version-history":[{"count":0,"href":"https:\/\/www.prestigemag.co\/fr\/wp-json\/wp\/v2\/posts\/20940\/revisions"}],"wp:featuredmedia":[{"embeddable":true,"href":"https:\/\/www.prestigemag.co\/fr\/wp-json\/wp\/v2\/media\/20941"}],"wp:attachment":[{"href":"https:\/\/www.prestigemag.co\/fr\/wp-json\/wp\/v2\/media?parent=20940"}],"wp:term":[{"taxonomy":"category","embeddable":true,"href":"https:\/\/www.prestigemag.co\/fr\/wp-json\/wp\/v2\/categories?post=20940"},{"taxonomy":"post_tag","embeddable":true,"href":"https:\/\/www.prestigemag.co\/fr\/wp-json\/wp\/v2\/tags?post=20940"}],"curies":[{"name":"wp","href":"https:\/\/api.w.org\/{rel}","templated":true}]}}