{"id":21015,"date":"2016-11-01T08:50:13","date_gmt":"2016-11-01T08:50:13","guid":{"rendered":"http:\/\/www.prestigemag.co\/2016\/11\/a-new-york-ou-a-la\/"},"modified":"2016-11-01T08:50:13","modified_gmt":"2016-11-01T08:50:13","slug":"a-new-york-ou-a-la","status":"publish","type":"post","link":"https:\/\/www.prestigemag.co\/fr\/2016\/11\/a-new-york-ou-a-la\/","title":{"rendered":"A New York ou \u00e0 LA"},"content":{"rendered":"<p>&nbsp;<\/p>\n<h3>Des stars habill\u00e9es par des cr\u00e9ateurs libanais&#8230;<\/h3>\n<p>&nbsp;<\/p>\n<p><a href=\"http:\/\/www.prestigemag.co\/wp-content\/uploads\/2016\/11\/Untitled-1.jpg\"><img src=\"data:image\/svg+xml,%3Csvg%20xmlns='http:\/\/www.w3.org\/2000\/svg'%20viewBox='0%200%201024%20756'%3E%3C\/svg%3E\" width=\"1024\" height=\"756\" class=\"zeen-lazy-load-base zeen-lazy-load aligncenter size-large wp-image-10839\" data-lazy-src=\"http:\/\/www.prestigemag.co\/wp-content\/uploads\/2016\/11\/Untitled-1-1024x756.jpg\" alt=\"untitled-1\" data-lazy-srcset=\"https:\/\/www.prestigemag.co\/wp-content\/uploads\/2016\/11\/Untitled-1-1024x756.jpg 1024w, https:\/\/www.prestigemag.co\/wp-content\/uploads\/2016\/11\/Untitled-1-300x221.jpg 300w, https:\/\/www.prestigemag.co\/wp-content\/uploads\/2016\/11\/Untitled-1-770x568.jpg 770w, https:\/\/www.prestigemag.co\/wp-content\/uploads\/2016\/11\/Untitled-1-293x216.jpg 293w, https:\/\/www.prestigemag.co\/wp-content\/uploads\/2016\/11\/Untitled-1-390x288.jpg 390w, https:\/\/www.prestigemag.co\/wp-content\/uploads\/2016\/11\/Untitled-1-768x567.jpg 768w, https:\/\/www.prestigemag.co\/wp-content\/uploads\/2016\/11\/Untitled-1-150x111.jpg 150w, https:\/\/www.prestigemag.co\/wp-content\/uploads\/2016\/11\/Untitled-1-508x375.jpg 508w, https:\/\/www.prestigemag.co\/wp-content\/uploads\/2016\/11\/Untitled-1-169x125.jpg 169w, https:\/\/www.prestigemag.co\/wp-content\/uploads\/2016\/11\/Untitled-1-91x67.jpg 91w, https:\/\/www.prestigemag.co\/wp-content\/uploads\/2016\/11\/Untitled-1.jpg 1260w\" data-lazy-sizes=\"(max-width: 1024px) 100vw, 1024px\" \/><noscript><img width=\"1024\" height=\"756\" class=\"aligncenter size-large wp-image-10839\" src=\"http:\/\/www.prestigemag.co\/wp-content\/uploads\/2016\/11\/Untitled-1-1024x756.jpg\" alt=\"untitled-1\" srcset=\"https:\/\/www.prestigemag.co\/wp-content\/uploads\/2016\/11\/Untitled-1-1024x756.jpg 1024w, https:\/\/www.prestigemag.co\/wp-content\/uploads\/2016\/11\/Untitled-1-300x221.jpg 300w, https:\/\/www.prestigemag.co\/wp-content\/uploads\/2016\/11\/Untitled-1-770x568.jpg 770w, https:\/\/www.prestigemag.co\/wp-content\/uploads\/2016\/11\/Untitled-1-293x216.jpg 293w, https:\/\/www.prestigemag.co\/wp-content\/uploads\/2016\/11\/Untitled-1-390x288.jpg 390w, https:\/\/www.prestigemag.co\/wp-content\/uploads\/2016\/11\/Untitled-1-768x567.jpg 768w, https:\/\/www.prestigemag.co\/wp-content\/uploads\/2016\/11\/Untitled-1-150x111.jpg 150w, https:\/\/www.prestigemag.co\/wp-content\/uploads\/2016\/11\/Untitled-1-508x375.jpg 508w, https:\/\/www.prestigemag.co\/wp-content\/uploads\/2016\/11\/Untitled-1-169x125.jpg 169w, https:\/\/www.prestigemag.co\/wp-content\/uploads\/2016\/11\/Untitled-1-91x67.jpg 91w, https:\/\/www.prestigemag.co\/wp-content\/uploads\/2016\/11\/Untitled-1.jpg 1260w\" sizes=\"(max-width: 1024px) 100vw, 1024px\" \/><\/noscript><\/a><\/p>\n<p>&nbsp;<\/p>\n<p>&nbsp;<\/p>\n<p><strong>Cara Delevingne.<\/strong> C\u2019est dans cette tenue en soie rouge, orn\u00e9e d\u2019un col blanc et de manches en dentelle, choisie de la toute r\u00e9cente collection pr\u00eat-\u00e0-porter Automne-Hiver 2016-2017 du cr\u00e9ateur\u00a0 Georges Chakra, que la supermod\u00e8le et actrice britannique hippie-dippy a fait son apparition \u00e0 New York. Cara faisait la promotion de son film Suicide Squad, dans lequel elle tient parfaitement un r\u00f4le de sorci\u00e8re.<\/p>\n<p>&nbsp;<\/p>\n<p>&nbsp;<\/p>\n<p><a href=\"http:\/\/www.prestigemag.co\/wp-content\/uploads\/2016\/11\/CaraDelevingne_SuicideSquadHR.jpeg\"><img src=\"data:image\/svg+xml,%3Csvg%20xmlns='http:\/\/www.w3.org\/2000\/svg'%20viewBox='0%200%20408%20613'%3E%3C\/svg%3E\" class=\"zeen-lazy-load-base zeen-lazy-load alignleft wp-image-10840\" data-lazy-src=\"http:\/\/www.prestigemag.co\/wp-content\/uploads\/2016\/11\/CaraDelevingne_SuicideSquadHR.jpeg\" alt=\"NEW YORK, NY - AUGUST 01: Model\/Actress Cara Delevingne is seen on August 1, 2016 in New York City. (Photo by Raymond Hall\/GC Images)\" width=\"408\" height=\"613\" data-lazy-srcset=\"https:\/\/www.prestigemag.co\/wp-content\/uploads\/2016\/11\/CaraDelevingne_SuicideSquadHR.jpeg 630w, https:\/\/www.prestigemag.co\/wp-content\/uploads\/2016\/11\/CaraDelevingne_SuicideSquadHR-200x300.jpeg 200w, https:\/\/www.prestigemag.co\/wp-content\/uploads\/2016\/11\/CaraDelevingne_SuicideSquadHR-100x150.jpeg 100w, https:\/\/www.prestigemag.co\/wp-content\/uploads\/2016\/11\/CaraDelevingne_SuicideSquadHR-249x375.jpeg 249w, https:\/\/www.prestigemag.co\/wp-content\/uploads\/2016\/11\/CaraDelevingne_SuicideSquadHR-83x125.jpeg 83w, https:\/\/www.prestigemag.co\/wp-content\/uploads\/2016\/11\/CaraDelevingne_SuicideSquadHR-45x67.jpeg 45w\" data-lazy-sizes=\"(max-width: 408px) 100vw, 408px\" \/><noscript><img class=\"alignleft wp-image-10840\" src=\"http:\/\/www.prestigemag.co\/wp-content\/uploads\/2016\/11\/CaraDelevingne_SuicideSquadHR.jpeg\" alt=\"NEW YORK, NY - AUGUST 01: Model\/Actress Cara Delevingne is seen on August 1, 2016 in New York City. (Photo by Raymond Hall\/GC Images)\" width=\"408\" height=\"613\" srcset=\"https:\/\/www.prestigemag.co\/wp-content\/uploads\/2016\/11\/CaraDelevingne_SuicideSquadHR.jpeg 630w, https:\/\/www.prestigemag.co\/wp-content\/uploads\/2016\/11\/CaraDelevingne_SuicideSquadHR-200x300.jpeg 200w, https:\/\/www.prestigemag.co\/wp-content\/uploads\/2016\/11\/CaraDelevingne_SuicideSquadHR-100x150.jpeg 100w, https:\/\/www.prestigemag.co\/wp-content\/uploads\/2016\/11\/CaraDelevingne_SuicideSquadHR-249x375.jpeg 249w, https:\/\/www.prestigemag.co\/wp-content\/uploads\/2016\/11\/CaraDelevingne_SuicideSquadHR-83x125.jpeg 83w, https:\/\/www.prestigemag.co\/wp-content\/uploads\/2016\/11\/CaraDelevingne_SuicideSquadHR-45x67.jpeg 45w\" sizes=\"(max-width: 408px) 100vw, 408px\" \/><\/noscript><\/a><\/p>\n<p>&nbsp;<\/p>\n<p>&nbsp;<\/p>\n<p>&nbsp;<\/p>\n<p>&nbsp;<\/p>\n<p>&nbsp;<\/p>\n<p>&nbsp;<\/p>\n<p>&nbsp;<\/p>\n<p>&nbsp;<\/p>\n<p>&nbsp;<\/p>\n<p>&nbsp;<\/p>\n<p>&nbsp;<\/p>\n<p>&nbsp;<\/p>\n<p>&nbsp;<\/p>\n<p>&nbsp;<\/p>\n<p>&nbsp;<\/p>\n<p>&nbsp;<\/p>\n<p>&nbsp;<\/p>\n<p>&nbsp;<\/p>\n<p>&nbsp;<\/p>\n<p>&nbsp;<\/p>\n<p>&nbsp;<\/p>\n<p>&nbsp;<\/p>\n<p>&nbsp;<\/p>\n<p>&nbsp;<\/p>\n<p><strong>Tanya Mityushina.<\/strong> A la Pemi\u00e8re de la com\u00e9die f\u00e9minine Bad Moms \u00e0 Los Angeles, la jeune super mod\u00e8le, bombe sexy russe aux yeux bleus et aux courbes divines, \u00e9tait habill\u00e9e en Rani Zakhem. Visage de d\u00e9esse hollywoodienne au corps de r\u00eave, Tania portait un Jumpsuit jaune dor\u00e9 sans manches, orn\u00e9 d\u2019un revers en dentelle, de la collection pr\u00eat-\u00e0-porter Printemps-Et\u00e9 2015.<\/p>\n<p>&nbsp;<\/p>\n<p>&nbsp;<\/p>\n<p>&nbsp;<\/p>\n<p><a href=\"http:\/\/www.prestigemag.co\/wp-content\/uploads\/2016\/11\/tanya-mityushina.jpg\"><img src=\"data:image\/svg+xml,%3Csvg%20xmlns='http:\/\/www.w3.org\/2000\/svg'%20viewBox='0%200%20390%20632'%3E%3C\/svg%3E\" class=\"zeen-lazy-load-base zeen-lazy-load alignleft wp-image-10841\" data-lazy-src=\"http:\/\/www.prestigemag.co\/wp-content\/uploads\/2016\/11\/tanya-mityushina.jpg\" alt=\"WESTWOOD, CA - JULY 26: model Tanya Mityushina attends the premiere of STX Entertainment's &quot;Bad Moms&quot; at Mann Village Theatre on July 26, 2016 in Westwood, California. (Photo by Frazer Harrison\/Getty Images)\" width=\"390\" height=\"632\" data-lazy-srcset=\"https:\/\/www.prestigemag.co\/wp-content\/uploads\/2016\/11\/tanya-mityushina.jpg 630w, https:\/\/www.prestigemag.co\/wp-content\/uploads\/2016\/11\/tanya-mityushina-185x300.jpg 185w, https:\/\/www.prestigemag.co\/wp-content\/uploads\/2016\/11\/tanya-mityushina-93x150.jpg 93w, https:\/\/www.prestigemag.co\/wp-content\/uploads\/2016\/11\/tanya-mityushina-231x375.jpg 231w, https:\/\/www.prestigemag.co\/wp-content\/uploads\/2016\/11\/tanya-mityushina-77x125.jpg 77w, https:\/\/www.prestigemag.co\/wp-content\/uploads\/2016\/11\/tanya-mityushina-41x67.jpg 41w\" data-lazy-sizes=\"(max-width: 390px) 100vw, 390px\" \/><noscript><img class=\"alignleft wp-image-10841\" src=\"http:\/\/www.prestigemag.co\/wp-content\/uploads\/2016\/11\/tanya-mityushina.jpg\" alt=\"WESTWOOD, CA - JULY 26: model Tanya Mityushina attends the premiere of STX Entertainment's &quot;Bad Moms&quot; at Mann Village Theatre on July 26, 2016 in Westwood, California. (Photo by Frazer Harrison\/Getty Images)\" width=\"390\" height=\"632\" srcset=\"https:\/\/www.prestigemag.co\/wp-content\/uploads\/2016\/11\/tanya-mityushina.jpg 630w, https:\/\/www.prestigemag.co\/wp-content\/uploads\/2016\/11\/tanya-mityushina-185x300.jpg 185w, https:\/\/www.prestigemag.co\/wp-content\/uploads\/2016\/11\/tanya-mityushina-93x150.jpg 93w, https:\/\/www.prestigemag.co\/wp-content\/uploads\/2016\/11\/tanya-mityushina-231x375.jpg 231w, https:\/\/www.prestigemag.co\/wp-content\/uploads\/2016\/11\/tanya-mityushina-77x125.jpg 77w, https:\/\/www.prestigemag.co\/wp-content\/uploads\/2016\/11\/tanya-mityushina-41x67.jpg 41w\" sizes=\"(max-width: 390px) 100vw, 390px\" \/><\/noscript><\/a><\/p>\n","protected":false},"excerpt":{"rendered":"<p><em>Cara Delevingne. C\u2019est dans cette tenue en soie rouge, orn\u00e9e d\u2019un col blanc et de manches en dentelle, choisie de la toute r\u00e9cente collection pr\u00eat-\u00e0-porter Automne-Hiver 2016-2017 du cr\u00e9ateur  Georges Chakra, que la supermod\u00e8le<\/em><\/p>\n","protected":false},"author":3,"featured_media":21016,"comment_status":"closed","ping_status":"closed","sticky":false,"template":"","format":"standard","meta":[],"categories":[13364,13346],"tags":[],"yoast_head":"<!-- This site is optimized with the Yoast SEO plugin v19.4 - https:\/\/yoast.com\/wordpress\/plugins\/seo\/ -->\n<title>A New York ou \u00e0 LA - Prestige Magazine<\/title>\n<meta name=\"description\" content=\"Cara Delevingne. C\u2019est dans cette tenue en soie rouge, orn\u00e9e d\u2019un col blanc et de manches en dentelle, choisie de la toute r\u00e9cente collection pr\u00eat-\u00e0-porter Automne-Hiver 2016-2017 du cr\u00e9ateur Georges Chakra, que la supermod\u00e8le\" \/>\n<meta name=\"robots\" content=\"index, follow, max-snippet:-1, max-image-preview:large, max-video-preview:-1\" \/>\n<link rel=\"canonical\" href=\"https:\/\/www.prestigemag.co\/fr\/2016\/11\/a-new-york-ou-a-la\/\" \/>\n<meta property=\"og:locale\" content=\"fr_FR\" \/>\n<meta property=\"og:type\" content=\"article\" \/>\n<meta property=\"og:title\" content=\"A New York ou \u00e0 LA - Prestige Magazine\" \/>\n<meta property=\"og:description\" content=\"Cara Delevingne. C\u2019est dans cette tenue en soie rouge, orn\u00e9e d\u2019un col blanc et de manches en dentelle, choisie de la toute r\u00e9cente collection pr\u00eat-\u00e0-porter Automne-Hiver 2016-2017 du cr\u00e9ateur Georges Chakra, que la supermod\u00e8le\" \/>\n<meta property=\"og:url\" content=\"https:\/\/www.prestigemag.co\/fr\/2016\/11\/a-new-york-ou-a-la\/\" \/>\n<meta property=\"og:site_name\" content=\"Prestige Magazine\" \/>\n<meta property=\"article:publisher\" content=\"https:\/\/www.facebook.com\/prestigemag.co\/\" \/>\n<meta property=\"article:published_time\" content=\"2016-11-01T08:50:13+00:00\" \/>\n<meta property=\"og:image\" content=\"https:\/\/www.prestigemag.co\/wp-content\/uploads\/2016\/11\/Untitled-1.jpg\" \/>\n\t<meta property=\"og:image:width\" content=\"1260\" \/>\n\t<meta property=\"og:image:height\" content=\"930\" \/>\n\t<meta property=\"og:image:type\" content=\"image\/jpeg\" \/>\n<meta name=\"author\" content=\"prestige\" \/>\n<meta name=\"twitter:card\" content=\"summary\" \/>\n<meta name=\"twitter:label1\" content=\"\u00c9crit par\" \/>\n\t<meta name=\"twitter:data1\" content=\"prestige\" \/>\n\t<meta name=\"twitter:label2\" content=\"Dur\u00e9e de lecture estim\u00e9e\" \/>\n\t<meta name=\"twitter:data2\" content=\"1 minute\" \/>\n<script type=\"application\/ld+json\" class=\"yoast-schema-graph\">{\"@context\":\"https:\/\/schema.org\",\"@graph\":[{\"@type\":\"Organization\",\"@id\":\"https:\/\/www.prestigemag.co\/#organization\",\"name\":\"Prestige\",\"url\":\"https:\/\/www.prestigemag.co\/\",\"sameAs\":[\"https:\/\/www.instagram.com\/prestige.mag\/\",\"https:\/\/www.facebook.com\/prestigemag.co\/\"],\"logo\":{\"@type\":\"ImageObject\",\"inLanguage\":\"fr-FR\",\"@id\":\"https:\/\/www.prestigemag.co\/#\/schema\/logo\/image\/\",\"url\":\"https:\/\/www.prestigemag.co\/wp-content\/uploads\/2021\/11\/logo-Prestige-800x200-1.png\",\"contentUrl\":\"https:\/\/www.prestigemag.co\/wp-content\/uploads\/2021\/11\/logo-Prestige-800x200-1.png\",\"width\":800,\"height\":200,\"caption\":\"Prestige\"},\"image\":{\"@id\":\"https:\/\/www.prestigemag.co\/#\/schema\/logo\/image\/\"}},{\"@type\":\"WebSite\",\"@id\":\"https:\/\/www.prestigemag.co\/#website\",\"url\":\"https:\/\/www.prestigemag.co\/\",\"name\":\"Prestige Magazine\",\"description\":\"Le Monde Des C\u00e9l\u00e9brit\u00e9s\",\"publisher\":{\"@id\":\"https:\/\/www.prestigemag.co\/#organization\"},\"potentialAction\":[{\"@type\":\"SearchAction\",\"target\":{\"@type\":\"EntryPoint\",\"urlTemplate\":\"https:\/\/www.prestigemag.co\/?s={search_term_string}\"},\"query-input\":\"required name=search_term_string\"}],\"inLanguage\":\"fr-FR\"},{\"@type\":\"WebPage\",\"@id\":\"https:\/\/www.prestigemag.co\/fr\/2016\/11\/a-new-york-ou-a-la\/\",\"url\":\"https:\/\/www.prestigemag.co\/fr\/2016\/11\/a-new-york-ou-a-la\/\",\"name\":\"A New York ou \u00e0 LA - Prestige Magazine\",\"isPartOf\":{\"@id\":\"https:\/\/www.prestigemag.co\/#website\"},\"datePublished\":\"2016-11-01T08:50:13+00:00\",\"dateModified\":\"2016-11-01T08:50:13+00:00\",\"description\":\"Cara Delevingne. C\u2019est dans cette tenue en soie rouge, orn\u00e9e d\u2019un col blanc et de manches en dentelle, choisie de la toute r\u00e9cente collection pr\u00eat-\u00e0-porter Automne-Hiver 2016-2017 du cr\u00e9ateur Georges Chakra, que la supermod\u00e8le\",\"breadcrumb\":{\"@id\":\"https:\/\/www.prestigemag.co\/fr\/2016\/11\/a-new-york-ou-a-la\/#breadcrumb\"},\"inLanguage\":\"fr-FR\",\"potentialAction\":[{\"@type\":\"ReadAction\",\"target\":[\"https:\/\/www.prestigemag.co\/fr\/2016\/11\/a-new-york-ou-a-la\/\"]}]},{\"@type\":\"BreadcrumbList\",\"@id\":\"https:\/\/www.prestigemag.co\/fr\/2016\/11\/a-new-york-ou-a-la\/#breadcrumb\",\"itemListElement\":[{\"@type\":\"ListItem\",\"position\":1,\"name\":\"Home\",\"item\":\"https:\/\/www.prestigemag.co\/fr\/\"},{\"@type\":\"ListItem\",\"position\":2,\"name\":\"A New York ou \u00e0 LA\"}]},{\"@type\":\"Article\",\"@id\":\"https:\/\/www.prestigemag.co\/fr\/2016\/11\/a-new-york-ou-a-la\/#article\",\"isPartOf\":{\"@id\":\"https:\/\/www.prestigemag.co\/fr\/2016\/11\/a-new-york-ou-a-la\/\"},\"author\":{\"name\":\"prestige\",\"@id\":\"https:\/\/www.prestigemag.co\/#\/schema\/person\/e3f149368970128d68bb2d797bf30fbc\"},\"headline\":\"A New York ou \u00e0 LA\",\"datePublished\":\"2016-11-01T08:50:13+00:00\",\"dateModified\":\"2016-11-01T08:50:13+00:00\",\"mainEntityOfPage\":{\"@id\":\"https:\/\/www.prestigemag.co\/fr\/2016\/11\/a-new-york-ou-a-la\/\"},\"wordCount\":187,\"publisher\":{\"@id\":\"https:\/\/www.prestigemag.co\/#organization\"},\"articleSection\":[\"C\u00e9l\u00e9brit\u00e9s &amp; Tapis Rouge\",\"Mode\"],\"inLanguage\":\"fr-FR\"},{\"@type\":\"Person\",\"@id\":\"https:\/\/www.prestigemag.co\/#\/schema\/person\/e3f149368970128d68bb2d797bf30fbc\",\"name\":\"prestige\",\"image\":{\"@type\":\"ImageObject\",\"inLanguage\":\"fr-FR\",\"@id\":\"https:\/\/www.prestigemag.co\/#\/schema\/person\/image\/\",\"url\":\"https:\/\/secure.gravatar.com\/avatar\/0aa2dff5484d35e50578639a2c3ccef9?s=96&d=mm&r=g\",\"contentUrl\":\"https:\/\/secure.gravatar.com\/avatar\/0aa2dff5484d35e50578639a2c3ccef9?s=96&d=mm&r=g\",\"caption\":\"prestige\"},\"url\":\"https:\/\/www.prestigemag.co\/fr\/author\/prestige\/\"}]}<\/script>\n<!-- \/ Yoast SEO plugin. -->","yoast_head_json":{"title":"A New York ou \u00e0 LA - Prestige Magazine","description":"Cara Delevingne. C\u2019est dans cette tenue en soie rouge, orn\u00e9e d\u2019un col blanc et de manches en dentelle, choisie de la toute r\u00e9cente collection pr\u00eat-\u00e0-porter Automne-Hiver 2016-2017 du cr\u00e9ateur Georges Chakra, que la supermod\u00e8le","robots":{"index":"index","follow":"follow","max-snippet":"max-snippet:-1","max-image-preview":"max-image-preview:large","max-video-preview":"max-video-preview:-1"},"canonical":"https:\/\/www.prestigemag.co\/fr\/2016\/11\/a-new-york-ou-a-la\/","og_locale":"fr_FR","og_type":"article","og_title":"A New York ou \u00e0 LA - Prestige Magazine","og_description":"Cara Delevingne. C\u2019est dans cette tenue en soie rouge, orn\u00e9e d\u2019un col blanc et de manches en dentelle, choisie de la toute r\u00e9cente collection pr\u00eat-\u00e0-porter Automne-Hiver 2016-2017 du cr\u00e9ateur Georges Chakra, que la supermod\u00e8le","og_url":"https:\/\/www.prestigemag.co\/fr\/2016\/11\/a-new-york-ou-a-la\/","og_site_name":"Prestige Magazine","article_publisher":"https:\/\/www.facebook.com\/prestigemag.co\/","article_published_time":"2016-11-01T08:50:13+00:00","og_image":[{"width":1260,"height":930,"url":"https:\/\/www.prestigemag.co\/wp-content\/uploads\/2016\/11\/Untitled-1.jpg","type":"image\/jpeg"}],"author":"prestige","twitter_card":"summary","twitter_misc":{"\u00c9crit par":"prestige","Dur\u00e9e de lecture estim\u00e9e":"1 minute"},"schema":{"@context":"https:\/\/schema.org","@graph":[{"@type":"Organization","@id":"https:\/\/www.prestigemag.co\/#organization","name":"Prestige","url":"https:\/\/www.prestigemag.co\/","sameAs":["https:\/\/www.instagram.com\/prestige.mag\/","https:\/\/www.facebook.com\/prestigemag.co\/"],"logo":{"@type":"ImageObject","inLanguage":"fr-FR","@id":"https:\/\/www.prestigemag.co\/#\/schema\/logo\/image\/","url":"https:\/\/www.prestigemag.co\/wp-content\/uploads\/2021\/11\/logo-Prestige-800x200-1.png","contentUrl":"https:\/\/www.prestigemag.co\/wp-content\/uploads\/2021\/11\/logo-Prestige-800x200-1.png","width":800,"height":200,"caption":"Prestige"},"image":{"@id":"https:\/\/www.prestigemag.co\/#\/schema\/logo\/image\/"}},{"@type":"WebSite","@id":"https:\/\/www.prestigemag.co\/#website","url":"https:\/\/www.prestigemag.co\/","name":"Prestige Magazine","description":"Le Monde Des C\u00e9l\u00e9brit\u00e9s","publisher":{"@id":"https:\/\/www.prestigemag.co\/#organization"},"potentialAction":[{"@type":"SearchAction","target":{"@type":"EntryPoint","urlTemplate":"https:\/\/www.prestigemag.co\/?s={search_term_string}"},"query-input":"required name=search_term_string"}],"inLanguage":"fr-FR"},{"@type":"WebPage","@id":"https:\/\/www.prestigemag.co\/fr\/2016\/11\/a-new-york-ou-a-la\/","url":"https:\/\/www.prestigemag.co\/fr\/2016\/11\/a-new-york-ou-a-la\/","name":"A New York ou \u00e0 LA - Prestige Magazine","isPartOf":{"@id":"https:\/\/www.prestigemag.co\/#website"},"datePublished":"2016-11-01T08:50:13+00:00","dateModified":"2016-11-01T08:50:13+00:00","description":"Cara Delevingne. C\u2019est dans cette tenue en soie rouge, orn\u00e9e d\u2019un col blanc et de manches en dentelle, choisie de la toute r\u00e9cente collection pr\u00eat-\u00e0-porter Automne-Hiver 2016-2017 du cr\u00e9ateur Georges Chakra, que la supermod\u00e8le","breadcrumb":{"@id":"https:\/\/www.prestigemag.co\/fr\/2016\/11\/a-new-york-ou-a-la\/#breadcrumb"},"inLanguage":"fr-FR","potentialAction":[{"@type":"ReadAction","target":["https:\/\/www.prestigemag.co\/fr\/2016\/11\/a-new-york-ou-a-la\/"]}]},{"@type":"BreadcrumbList","@id":"https:\/\/www.prestigemag.co\/fr\/2016\/11\/a-new-york-ou-a-la\/#breadcrumb","itemListElement":[{"@type":"ListItem","position":1,"name":"Home","item":"https:\/\/www.prestigemag.co\/fr\/"},{"@type":"ListItem","position":2,"name":"A New York ou \u00e0 LA"}]},{"@type":"Article","@id":"https:\/\/www.prestigemag.co\/fr\/2016\/11\/a-new-york-ou-a-la\/#article","isPartOf":{"@id":"https:\/\/www.prestigemag.co\/fr\/2016\/11\/a-new-york-ou-a-la\/"},"author":{"name":"prestige","@id":"https:\/\/www.prestigemag.co\/#\/schema\/person\/e3f149368970128d68bb2d797bf30fbc"},"headline":"A New York ou \u00e0 LA","datePublished":"2016-11-01T08:50:13+00:00","dateModified":"2016-11-01T08:50:13+00:00","mainEntityOfPage":{"@id":"https:\/\/www.prestigemag.co\/fr\/2016\/11\/a-new-york-ou-a-la\/"},"wordCount":187,"publisher":{"@id":"https:\/\/www.prestigemag.co\/#organization"},"articleSection":["C\u00e9l\u00e9brit\u00e9s &amp; Tapis Rouge","Mode"],"inLanguage":"fr-FR"},{"@type":"Person","@id":"https:\/\/www.prestigemag.co\/#\/schema\/person\/e3f149368970128d68bb2d797bf30fbc","name":"prestige","image":{"@type":"ImageObject","inLanguage":"fr-FR","@id":"https:\/\/www.prestigemag.co\/#\/schema\/person\/image\/","url":"https:\/\/secure.gravatar.com\/avatar\/0aa2dff5484d35e50578639a2c3ccef9?s=96&d=mm&r=g","contentUrl":"https:\/\/secure.gravatar.com\/avatar\/0aa2dff5484d35e50578639a2c3ccef9?s=96&d=mm&r=g","caption":"prestige"},"url":"https:\/\/www.prestigemag.co\/fr\/author\/prestige\/"}]}},"_links":{"self":[{"href":"https:\/\/www.prestigemag.co\/fr\/wp-json\/wp\/v2\/posts\/21015"}],"collection":[{"href":"https:\/\/www.prestigemag.co\/fr\/wp-json\/wp\/v2\/posts"}],"about":[{"href":"https:\/\/www.prestigemag.co\/fr\/wp-json\/wp\/v2\/types\/post"}],"author":[{"embeddable":true,"href":"https:\/\/www.prestigemag.co\/fr\/wp-json\/wp\/v2\/users\/3"}],"replies":[{"embeddable":true,"href":"https:\/\/www.prestigemag.co\/fr\/wp-json\/wp\/v2\/comments?post=21015"}],"version-history":[{"count":0,"href":"https:\/\/www.prestigemag.co\/fr\/wp-json\/wp\/v2\/posts\/21015\/revisions"}],"wp:featuredmedia":[{"embeddable":true,"href":"https:\/\/www.prestigemag.co\/fr\/wp-json\/wp\/v2\/media\/21016"}],"wp:attachment":[{"href":"https:\/\/www.prestigemag.co\/fr\/wp-json\/wp\/v2\/media?parent=21015"}],"wp:term":[{"taxonomy":"category","embeddable":true,"href":"https:\/\/www.prestigemag.co\/fr\/wp-json\/wp\/v2\/categories?post=21015"},{"taxonomy":"post_tag","embeddable":true,"href":"https:\/\/www.prestigemag.co\/fr\/wp-json\/wp\/v2\/tags?post=21015"}],"curies":[{"name":"wp","href":"https:\/\/api.w.org\/{rel}","templated":true}]}}