{"id":21021,"date":"2016-11-02T12:53:22","date_gmt":"2016-11-02T12:53:22","guid":{"rendered":"http:\/\/www.prestigemag.co\/2016\/11\/bouchra-jarrar\/"},"modified":"2016-11-02T12:53:22","modified_gmt":"2016-11-02T12:53:22","slug":"bouchra-jarrar","status":"publish","type":"post","link":"https:\/\/www.prestigemag.co\/fr\/2016\/11\/bouchra-jarrar\/","title":{"rendered":"Bouchra Jarrar"},"content":{"rendered":"<p><a href=\"http:\/\/www.prestigemag.co\/wp-content\/uploads\/2016\/11\/Lanvin-trois-photos.jpg\"><img src=\"data:image\/svg+xml,%3Csvg%20xmlns='http:\/\/www.w3.org\/2000\/svg'%20viewBox='0%200%201024%20512'%3E%3C\/svg%3E\" width=\"1024\" height=\"512\" class=\"zeen-lazy-load-base zeen-lazy-load aligncenter size-large wp-image-10858\" data-lazy-src=\"http:\/\/www.prestigemag.co\/wp-content\/uploads\/2016\/11\/Lanvin-trois-photos-1024x512.jpg\" alt=\"lanvin-trois-photos\" data-lazy-srcset=\"https:\/\/www.prestigemag.co\/wp-content\/uploads\/2016\/11\/Lanvin-trois-photos-1024x512.jpg 1024w, https:\/\/www.prestigemag.co\/wp-content\/uploads\/2016\/11\/Lanvin-trois-photos-300x150.jpg 300w, https:\/\/www.prestigemag.co\/wp-content\/uploads\/2016\/11\/Lanvin-trois-photos-770x385.jpg 770w, https:\/\/www.prestigemag.co\/wp-content\/uploads\/2016\/11\/Lanvin-trois-photos-1536x768.jpg 1536w, https:\/\/www.prestigemag.co\/wp-content\/uploads\/2016\/11\/Lanvin-trois-photos-585x293.jpg 585w, https:\/\/www.prestigemag.co\/wp-content\/uploads\/2016\/11\/Lanvin-trois-photos-1170x585.jpg 1170w, https:\/\/www.prestigemag.co\/wp-content\/uploads\/2016\/11\/Lanvin-trois-photos-1500x750.jpg 1500w, https:\/\/www.prestigemag.co\/wp-content\/uploads\/2016\/11\/Lanvin-trois-photos-293x147.jpg 293w, https:\/\/www.prestigemag.co\/wp-content\/uploads\/2016\/11\/Lanvin-trois-photos-1400x700.jpg 1400w, https:\/\/www.prestigemag.co\/wp-content\/uploads\/2016\/11\/Lanvin-trois-photos-390x195.jpg 390w, https:\/\/www.prestigemag.co\/wp-content\/uploads\/2016\/11\/Lanvin-trois-photos-768x384.jpg 768w, https:\/\/www.prestigemag.co\/wp-content\/uploads\/2016\/11\/Lanvin-trois-photos-150x75.jpg 150w, https:\/\/www.prestigemag.co\/wp-content\/uploads\/2016\/11\/Lanvin-trois-photos-600x300.jpg 600w, https:\/\/www.prestigemag.co\/wp-content\/uploads\/2016\/11\/Lanvin-trois-photos-250x125.jpg 250w, https:\/\/www.prestigemag.co\/wp-content\/uploads\/2016\/11\/Lanvin-trois-photos-134x67.jpg 134w, https:\/\/www.prestigemag.co\/wp-content\/uploads\/2016\/11\/Lanvin-trois-photos.jpg 1890w\" data-lazy-sizes=\"(max-width: 1024px) 100vw, 1024px\" \/><noscript><img width=\"1024\" height=\"512\" class=\"aligncenter size-large wp-image-10858\" src=\"http:\/\/www.prestigemag.co\/wp-content\/uploads\/2016\/11\/Lanvin-trois-photos-1024x512.jpg\" alt=\"lanvin-trois-photos\" srcset=\"https:\/\/www.prestigemag.co\/wp-content\/uploads\/2016\/11\/Lanvin-trois-photos-1024x512.jpg 1024w, https:\/\/www.prestigemag.co\/wp-content\/uploads\/2016\/11\/Lanvin-trois-photos-300x150.jpg 300w, https:\/\/www.prestigemag.co\/wp-content\/uploads\/2016\/11\/Lanvin-trois-photos-770x385.jpg 770w, https:\/\/www.prestigemag.co\/wp-content\/uploads\/2016\/11\/Lanvin-trois-photos-1536x768.jpg 1536w, https:\/\/www.prestigemag.co\/wp-content\/uploads\/2016\/11\/Lanvin-trois-photos-585x293.jpg 585w, https:\/\/www.prestigemag.co\/wp-content\/uploads\/2016\/11\/Lanvin-trois-photos-1170x585.jpg 1170w, https:\/\/www.prestigemag.co\/wp-content\/uploads\/2016\/11\/Lanvin-trois-photos-1500x750.jpg 1500w, https:\/\/www.prestigemag.co\/wp-content\/uploads\/2016\/11\/Lanvin-trois-photos-293x147.jpg 293w, https:\/\/www.prestigemag.co\/wp-content\/uploads\/2016\/11\/Lanvin-trois-photos-1400x700.jpg 1400w, https:\/\/www.prestigemag.co\/wp-content\/uploads\/2016\/11\/Lanvin-trois-photos-390x195.jpg 390w, https:\/\/www.prestigemag.co\/wp-content\/uploads\/2016\/11\/Lanvin-trois-photos-768x384.jpg 768w, https:\/\/www.prestigemag.co\/wp-content\/uploads\/2016\/11\/Lanvin-trois-photos-150x75.jpg 150w, https:\/\/www.prestigemag.co\/wp-content\/uploads\/2016\/11\/Lanvin-trois-photos-600x300.jpg 600w, https:\/\/www.prestigemag.co\/wp-content\/uploads\/2016\/11\/Lanvin-trois-photos-250x125.jpg 250w, https:\/\/www.prestigemag.co\/wp-content\/uploads\/2016\/11\/Lanvin-trois-photos-134x67.jpg 134w, https:\/\/www.prestigemag.co\/wp-content\/uploads\/2016\/11\/Lanvin-trois-photos.jpg 1890w\" sizes=\"(max-width: 1024px) 100vw, 1024px\" \/><\/noscript><\/a><\/p>\n<p>De la Collection Printemps-Et\u00e9 2017 de Lanvin \u00a9 Lanvin<\/p>\n<p>&nbsp;<\/p>\n<p>&nbsp;<\/p>\n<p>Dans le cadre de la semaine de la Mode, Prestige a interview\u00e9 Bouchra Jarrar, la nouvelle directrice artistique de Lanvin entre deux d\u00e9fil\u00e9s. A la barre de la plus ancienne maison de Haute Couture depuis Mars 2016, elle a pr\u00e9sent\u00e9 sa premi\u00e8re collection de Pr\u00eat-\u00e0-Porter Printemps-Et\u00e9 2017 pour la maison Lanvin. Impressions.<\/p>\n<p>&nbsp;<\/p>\n<p>&nbsp;<\/p>\n<p>&nbsp;<\/p>\n<p><a href=\"http:\/\/www.prestigemag.co\/wp-content\/uploads\/2016\/11\/lnv_LB_ss17_050.jpg\"><img src=\"data:image\/svg+xml,%3Csvg%20xmlns='http:\/\/www.w3.org\/2000\/svg'%20viewBox='0%200%20400%20600'%3E%3C\/svg%3E\" class=\"zeen-lazy-load-base zeen-lazy-load alignleft wp-image-10859\" data-lazy-src=\"http:\/\/www.prestigemag.co\/wp-content\/uploads\/2016\/11\/lnv_LB_ss17_050.jpg\" alt=\"LANVIN ready to wear spring summer 2017 Paris september 2016\" width=\"400\" height=\"600\" data-lazy-srcset=\"https:\/\/www.prestigemag.co\/wp-content\/uploads\/2016\/11\/lnv_LB_ss17_050.jpg 630w, https:\/\/www.prestigemag.co\/wp-content\/uploads\/2016\/11\/lnv_LB_ss17_050-200x300.jpg 200w, https:\/\/www.prestigemag.co\/wp-content\/uploads\/2016\/11\/lnv_LB_ss17_050-100x150.jpg 100w, https:\/\/www.prestigemag.co\/wp-content\/uploads\/2016\/11\/lnv_LB_ss17_050-250x375.jpg 250w, https:\/\/www.prestigemag.co\/wp-content\/uploads\/2016\/11\/lnv_LB_ss17_050-83x125.jpg 83w, https:\/\/www.prestigemag.co\/wp-content\/uploads\/2016\/11\/lnv_LB_ss17_050-45x67.jpg 45w\" data-lazy-sizes=\"(max-width: 400px) 100vw, 400px\" \/><noscript><img class=\"alignleft wp-image-10859\" src=\"http:\/\/www.prestigemag.co\/wp-content\/uploads\/2016\/11\/lnv_LB_ss17_050.jpg\" alt=\"LANVIN ready to wear spring summer 2017 Paris september 2016\" width=\"400\" height=\"600\" srcset=\"https:\/\/www.prestigemag.co\/wp-content\/uploads\/2016\/11\/lnv_LB_ss17_050.jpg 630w, https:\/\/www.prestigemag.co\/wp-content\/uploads\/2016\/11\/lnv_LB_ss17_050-200x300.jpg 200w, https:\/\/www.prestigemag.co\/wp-content\/uploads\/2016\/11\/lnv_LB_ss17_050-100x150.jpg 100w, https:\/\/www.prestigemag.co\/wp-content\/uploads\/2016\/11\/lnv_LB_ss17_050-250x375.jpg 250w, https:\/\/www.prestigemag.co\/wp-content\/uploads\/2016\/11\/lnv_LB_ss17_050-83x125.jpg 83w, https:\/\/www.prestigemag.co\/wp-content\/uploads\/2016\/11\/lnv_LB_ss17_050-45x67.jpg 45w\" sizes=\"(max-width: 400px) 100vw, 400px\" \/><\/noscript><\/a><\/p>\n<p>&nbsp;<\/p>\n<p>&nbsp;<\/p>\n<p>&nbsp;<\/p>\n<p>&nbsp;<\/p>\n<p>&nbsp;<\/p>\n<p>&nbsp;<\/p>\n<p>&nbsp;<\/p>\n<p>&nbsp;<\/p>\n<p>&nbsp;<\/p>\n<p>&nbsp;<\/p>\n<p>&nbsp;<\/p>\n<p>&nbsp;<\/p>\n<p>&nbsp;<\/p>\n<p>&nbsp;<\/p>\n<p>&nbsp;<\/p>\n<p>&nbsp;<\/p>\n<p>Bouchra Jarrar, directrice artistique de Lanvin.\u00a0\u00a9 Lanvin<\/p>\n<p>&nbsp;<\/p>\n<h3><strong>Mes cr\u00e9ations s\u2019adressent \u00e0 une f\u00e9minit\u00e9 tr\u00e8s \u00e9largie<\/strong><\/h3>\n<p>&nbsp;<\/p>\n<p>&nbsp;<\/p>\n<p><strong><em>Vous \u00eates directrice artistique chez Lanvin depuis le mois de Mars 2016, quels sont les d\u00e9fis qui se posent quand on cr\u00e9e pour une marque d\u00e9j\u00e0 \u00e9tablie, comment faites-vous pour respecter les codes de la marque tout en mettant votre touche personnelle?<\/em><\/strong> La maison a des codes mais chaque cr\u00e9ateur aussi a apport\u00e9 ses codes dans la maison, aujourd\u2019hui j\u2019installe les miens qui sont inspir\u00e9s par le nom de Jeanne Lanvin, mon inspiration a \u00e9t\u00e9 amplifi\u00e9e par l\u2019histoire de cette femme extraordinaire. Sa mode \u00e9tait d\u2019une modernit\u00e9 sans pr\u00e9c\u00e9dent, et ce qui m\u2019int\u00e9resse c\u2019est de faire une mode d\u2019aujourd\u2019hui.<\/p>\n<p><strong><em>Une mode intemporelle aussi? Qu\u2019est ce qui vous a inspir\u00e9 dans la nouvelle collection? <\/em><\/strong>Il \u00e9tait important pour moi d\u2019exprimer une f\u00e9minit\u00e9 tr\u00e8s \u00e9largie, \u00e0 travers cette belle proposition qui a n\u00e9cessit\u00e9 une forte d\u00e9cision de ma part de fermer ma maison, c\u2019est un geste fort que j\u2019offrais \u00e0 la maison Lanvin, pour y \u00eatre enti\u00e8rement. Par ce 1er d\u00e9fil\u00e9 j\u2019ai pu poser le nouveau vocabulaire de la maison Lanvin de cette nouvelle \u00e8re que j\u2019ouvre.<\/p>\n<p><strong><em>Mais il y avait aussi un peu de masculinit\u00e9? <\/em><\/strong>Oui c\u2019est dans les g\u00e8nes de l\u2019histoire de la maison, Jeanne Lanvin a cr\u00e9\u00e9 pour l\u2019homme aussi et c\u2019est pour \u00e7a qu\u2019elle a fait d\u2019aussi belles choses pour la femme. On vit une \u00e9poque aujourd\u2019hui o\u00f9 on croise les genres, mais la mode que j\u2019apporte pour la maison est extr\u00eamement f\u00e9minine.<\/p>\n<p><strong><em>Je vois qu\u2019il y a de la fluidit\u00e9 aussi? <\/em><\/strong>La l\u00e9g\u00e8ret\u00e9 c\u2019est tr\u00e8s important, m\u00eame dans les smokings extr\u00eamement fluides, extr\u00eamement l\u00e9gers, il est important qu\u2019on soit dans un joli confort mais avec de la tenue.<\/p>\n<p><strong><em>Est-ce que c\u2019\u00e9tait facile pour vous de prendre cette d\u00e9cision de passer de Bouchra Jarrar \u00e0 Lanvin? <\/em><\/strong>\u00c7a a \u00e9t\u00e9 tr\u00e8s r\u00e9fl\u00e9chi, c\u2019\u00e9tait une belle surprise pour moi qu\u2019on me le propose.<\/p>\n<p><strong><em>Est-ce que c\u2019est plus facile de s\u2019exprimer sous son propre nom? <\/em><\/strong>Tant qu\u2019on parle de cr\u00e9ativit\u00e9 c\u2019est formidable, aujourd\u2019hui c\u2019est un vrai plaisir pour moi de m\u2019exprimer pour la maison Lanvin, mais je reste qui je suis. Etant dans un respect profond de l\u2019histoire de la mode de cette maison, je m\u2019adresse \u00e0 toutes les femmes.<\/p>\n<p><strong><em>Il y a beaucoup de confort aussi dans vos habits? Il faut qu\u2019on se sente bien, c\u2019est quelque chose d\u2019important? <\/em><\/strong>On peut porter du tr\u00e8s haut de gamme comme on fait chez Lanvin mais en \u00e9tant d\u00e9contract\u00e9s, la beaut\u00e9 pour moi c\u2019est une femme hyper structur\u00e9e et d\u00e9tendue en m\u00eame temps.<\/p>\n<p><strong><em>Pensez-vous qu\u2019\u00eatre une femme qui cr\u00e9e pour femmes, \u00e7a change un peu la donne?<\/em><\/strong> Pour moi la mode n\u2019a pas de genre, il y a de la place pour les hommes et pour les femmes, mais en tant que femme je sais ce qu\u2019une femme peut ressentir et comment elle est faite.<\/p>\n<p><strong><em>Qui est selon vous la femme Lanvin? <\/em><\/strong>Il n\u2019 y a pas une femme Lanvin, il y a plusieurs femmes Lanvin, c\u2019est une sublime maison qui a travers\u00e9 le temps depuis plus de 100 ans. J\u2019essaie \u00e0 travers ma cr\u00e9ation d\u2019\u00e9largir le spectre.<\/p>\n<p><strong><em>La femme orientale se retrouve tr\u00e8s facilement aujourd\u2019hui dans votre collection, il y avait des caftans qui plairaient beaucoup \u00e0 la femme moyen-orientale? <\/em><\/strong>Vous voulez parler des combi pantalons tr\u00e8s souples. Je ne le voyais pas du tout comme \u00e7a mais c\u2019est formidable.<\/p>\n<p><strong><em>A une certaine \u00e9poque la mode \u00e9tait limit\u00e9e par les fronti\u00e8res, Jeanne Lanvin faisait des collections sp\u00e9cifiques \u00e0 des march\u00e9s? <\/em><\/strong>Jeanne Lanvin s\u2019int\u00e9ressait \u00e0 plein de territoires dans le monde, elle avait des livres sur le P\u00e9rou, je pense que c\u2019\u00e9tait quelqu\u2019un de tourn\u00e9 vers le monde. J\u2019ai toujours \u00e9t\u00e9 port\u00e9e par la mode fran\u00e7aise et de pouvoir la donner de fa\u00e7on universelle, c\u2019est ce qui compte.<\/p>\n<p><strong><em>Le fait que la mode n\u2019ait plus de fronti\u00e8res, est-ce un avantage ou un inconv\u00e9nient? <\/em><\/strong>C\u2019est un avantage, ce qui est important dans l\u2019\u00e9dition d\u2019une collection c\u2019est de pouvoir proposer diff\u00e9rentes formes, diff\u00e9rentes souplesses, diff\u00e9rentes longueurs, c\u2019est formidable de faire une grande collection car le plus important c\u2019est de pouvoir r\u00e9pondre \u00e0 toutes les demandes.<\/p>\n<p><strong><em>Si vous devriez d\u00e9crire Lanvin en quelques mots? Ce que vous avez ressenti? <\/em><\/strong>Ce sont des choses que je ressentais avant, pour moi le f\u00e9minin c\u2019est la sensualit\u00e9, c\u2019est la force, c\u2019est la gr\u00e2ce, c\u2019est l\u2019\u00e9nergie, c\u2019est la tendresse. Le v\u00eatement est notre meilleur ami il faut qu\u2019il nous donne confiance, il faut qu\u2019on se sente redress\u00e9e.<\/p>\n<p><strong><em>Quand on pr\u00e9pare sa 1\u00e8re collection dans une maison comme Lanvin, comment est-ce qu\u2019on g\u00e8re le stress des attentes? <\/em><\/strong>Je g\u00e8re le stress en l\u2019int\u00e9riorisant parce que je ne veux pas le diffuser aux \u00e9quipes. J\u2019aime travailler dans une \u00e9nergie positive, \u00e7a ne veut pas dire que c\u2019est hyper calme dedans, je reste extr\u00eamement concentr\u00e9e sur mon travail pour chasser toute pression, je dois rester sereine pour donner le meilleur \u00e0 la maison.<\/p>\n<p><strong><em>Est-ce que vous lisez les critiques? <\/em><\/strong>Oui je lis les gens que j\u2019aime beaucoup, mais je vais chercher le positif. Comme la collection a \u00e9t\u00e9 sublimement accueillie \u00e7a m\u2019a fait plaisir pour la maison et pour nous tous ici.<\/p>\n<p><strong><em>Selon vous quelle est la pi\u00e8ce indispensable? <\/em><\/strong>Il est important d\u2019avoir une silhouette pantalon, qu\u2019elle soit fluide ou tr\u00e8s structur\u00e9e. Il est important d\u2019avoir une silhouette jupe, il est important d\u2019avoir une silhouette robe. Et par-dessus il faut penser \u00e0 son manteau, mettre ses chaussures et choisir son sac.<\/p>\n<p><strong><em>Avez-vous un message pour nos lectrices? <\/em><\/strong>J\u2019adorerai rencontrer cette culture, rencontrer ces femmes, qui aiment tellement la mode. Il y a des artistes merveilleux qui \u00e9mergent de chez vous, je pense au chanteur Mika, cette culture qui doit \u00eatre extraordinaire avec toutes les belles et dures choses travers\u00e9es, qui forgent des gens exceptionnels. <strong>Propos recueillis par Maria Nadim.<\/strong><\/p>\n","protected":false},"excerpt":{"rendered":"<p><em>Dans le cadre de la semaine de la Mode, Prestige a interview\u00e9 Bouchra Jarrar, la nouvelle directrice artistique de Lanvin entre deux d\u00e9fil\u00e9s. A la barre de la plus ancienne maison de Haute Couture depuis Mars 2016,<\/em> <\/p>\n","protected":false},"author":3,"featured_media":21022,"comment_status":"closed","ping_status":"closed","sticky":false,"template":"","format":"standard","meta":[],"categories":[13358,13346],"tags":[],"yoast_head":"<!-- This site is optimized with the Yoast SEO plugin v19.4 - https:\/\/yoast.com\/wordpress\/plugins\/seo\/ -->\n<title>Bouchra Jarrar - Prestige Magazine<\/title>\n<meta name=\"description\" content=\"Dans le cadre de la semaine de la Mode, Prestige a interview\u00e9 Bouchra Jarrar, la nouvelle directrice artistique de Lanvin entre deux d\u00e9fil\u00e9s. A la barre de la plus ancienne maison de Haute Couture depuis Mars 2016,\" \/>\n<meta name=\"robots\" content=\"index, follow, max-snippet:-1, max-image-preview:large, max-video-preview:-1\" \/>\n<link rel=\"canonical\" href=\"https:\/\/www.prestigemag.co\/fr\/2016\/11\/bouchra-jarrar\/\" \/>\n<meta property=\"og:locale\" content=\"fr_FR\" \/>\n<meta property=\"og:type\" content=\"article\" \/>\n<meta property=\"og:title\" content=\"Bouchra Jarrar - Prestige Magazine\" \/>\n<meta property=\"og:description\" content=\"Dans le cadre de la semaine de la Mode, Prestige a interview\u00e9 Bouchra Jarrar, la nouvelle directrice artistique de Lanvin entre deux d\u00e9fil\u00e9s. A la barre de la plus ancienne maison de Haute Couture depuis Mars 2016,\" \/>\n<meta property=\"og:url\" content=\"https:\/\/www.prestigemag.co\/fr\/2016\/11\/bouchra-jarrar\/\" \/>\n<meta property=\"og:site_name\" content=\"Prestige Magazine\" \/>\n<meta property=\"article:publisher\" content=\"https:\/\/www.facebook.com\/prestigemag.co\/\" \/>\n<meta property=\"article:published_time\" content=\"2016-11-02T12:53:22+00:00\" \/>\n<meta property=\"og:image\" content=\"https:\/\/www.prestigemag.co\/wp-content\/uploads\/2016\/11\/Lanvin-trois-photos.jpg\" \/>\n\t<meta property=\"og:image:width\" content=\"1890\" \/>\n\t<meta property=\"og:image:height\" content=\"945\" \/>\n\t<meta property=\"og:image:type\" content=\"image\/jpeg\" \/>\n<meta name=\"author\" content=\"prestige\" \/>\n<meta name=\"twitter:card\" content=\"summary\" \/>\n<meta name=\"twitter:label1\" content=\"\u00c9crit par\" \/>\n\t<meta name=\"twitter:data1\" content=\"prestige\" \/>\n\t<meta name=\"twitter:label2\" content=\"Dur\u00e9e de lecture estim\u00e9e\" \/>\n\t<meta name=\"twitter:data2\" content=\"6 minutes\" \/>\n<script type=\"application\/ld+json\" class=\"yoast-schema-graph\">{\"@context\":\"https:\/\/schema.org\",\"@graph\":[{\"@type\":\"Organization\",\"@id\":\"https:\/\/www.prestigemag.co\/#organization\",\"name\":\"Prestige\",\"url\":\"https:\/\/www.prestigemag.co\/\",\"sameAs\":[\"https:\/\/www.instagram.com\/prestige.mag\/\",\"https:\/\/www.facebook.com\/prestigemag.co\/\"],\"logo\":{\"@type\":\"ImageObject\",\"inLanguage\":\"fr-FR\",\"@id\":\"https:\/\/www.prestigemag.co\/#\/schema\/logo\/image\/\",\"url\":\"https:\/\/www.prestigemag.co\/wp-content\/uploads\/2021\/11\/logo-Prestige-800x200-1.png\",\"contentUrl\":\"https:\/\/www.prestigemag.co\/wp-content\/uploads\/2021\/11\/logo-Prestige-800x200-1.png\",\"width\":800,\"height\":200,\"caption\":\"Prestige\"},\"image\":{\"@id\":\"https:\/\/www.prestigemag.co\/#\/schema\/logo\/image\/\"}},{\"@type\":\"WebSite\",\"@id\":\"https:\/\/www.prestigemag.co\/#website\",\"url\":\"https:\/\/www.prestigemag.co\/\",\"name\":\"Prestige Magazine\",\"description\":\"Le Monde Des C\u00e9l\u00e9brit\u00e9s\",\"publisher\":{\"@id\":\"https:\/\/www.prestigemag.co\/#organization\"},\"potentialAction\":[{\"@type\":\"SearchAction\",\"target\":{\"@type\":\"EntryPoint\",\"urlTemplate\":\"https:\/\/www.prestigemag.co\/?s={search_term_string}\"},\"query-input\":\"required name=search_term_string\"}],\"inLanguage\":\"fr-FR\"},{\"@type\":\"WebPage\",\"@id\":\"https:\/\/www.prestigemag.co\/fr\/2016\/11\/bouchra-jarrar\/\",\"url\":\"https:\/\/www.prestigemag.co\/fr\/2016\/11\/bouchra-jarrar\/\",\"name\":\"Bouchra Jarrar - Prestige Magazine\",\"isPartOf\":{\"@id\":\"https:\/\/www.prestigemag.co\/#website\"},\"datePublished\":\"2016-11-02T12:53:22+00:00\",\"dateModified\":\"2016-11-02T12:53:22+00:00\",\"description\":\"Dans le cadre de la semaine de la Mode, Prestige a interview\u00e9 Bouchra Jarrar, la nouvelle directrice artistique de Lanvin entre deux d\u00e9fil\u00e9s. A la barre de la plus ancienne maison de Haute Couture depuis Mars 2016,\",\"breadcrumb\":{\"@id\":\"https:\/\/www.prestigemag.co\/fr\/2016\/11\/bouchra-jarrar\/#breadcrumb\"},\"inLanguage\":\"fr-FR\",\"potentialAction\":[{\"@type\":\"ReadAction\",\"target\":[\"https:\/\/www.prestigemag.co\/fr\/2016\/11\/bouchra-jarrar\/\"]}]},{\"@type\":\"BreadcrumbList\",\"@id\":\"https:\/\/www.prestigemag.co\/fr\/2016\/11\/bouchra-jarrar\/#breadcrumb\",\"itemListElement\":[{\"@type\":\"ListItem\",\"position\":1,\"name\":\"Home\",\"item\":\"https:\/\/www.prestigemag.co\/fr\/\"},{\"@type\":\"ListItem\",\"position\":2,\"name\":\"Bouchra Jarrar\"}]},{\"@type\":\"Article\",\"@id\":\"https:\/\/www.prestigemag.co\/fr\/2016\/11\/bouchra-jarrar\/#article\",\"isPartOf\":{\"@id\":\"https:\/\/www.prestigemag.co\/fr\/2016\/11\/bouchra-jarrar\/\"},\"author\":{\"name\":\"prestige\",\"@id\":\"https:\/\/www.prestigemag.co\/#\/schema\/person\/e3f149368970128d68bb2d797bf30fbc\"},\"headline\":\"Bouchra Jarrar\",\"datePublished\":\"2016-11-02T12:53:22+00:00\",\"dateModified\":\"2016-11-02T12:53:22+00:00\",\"mainEntityOfPage\":{\"@id\":\"https:\/\/www.prestigemag.co\/fr\/2016\/11\/bouchra-jarrar\/\"},\"wordCount\":1190,\"publisher\":{\"@id\":\"https:\/\/www.prestigemag.co\/#organization\"},\"articleSection\":[\"Les Cr\u00e9ateurs\",\"Mode\"],\"inLanguage\":\"fr-FR\"},{\"@type\":\"Person\",\"@id\":\"https:\/\/www.prestigemag.co\/#\/schema\/person\/e3f149368970128d68bb2d797bf30fbc\",\"name\":\"prestige\",\"image\":{\"@type\":\"ImageObject\",\"inLanguage\":\"fr-FR\",\"@id\":\"https:\/\/www.prestigemag.co\/#\/schema\/person\/image\/\",\"url\":\"https:\/\/secure.gravatar.com\/avatar\/0aa2dff5484d35e50578639a2c3ccef9?s=96&d=mm&r=g\",\"contentUrl\":\"https:\/\/secure.gravatar.com\/avatar\/0aa2dff5484d35e50578639a2c3ccef9?s=96&d=mm&r=g\",\"caption\":\"prestige\"},\"url\":\"https:\/\/www.prestigemag.co\/fr\/author\/prestige\/\"}]}<\/script>\n<!-- \/ Yoast SEO plugin. -->","yoast_head_json":{"title":"Bouchra Jarrar - Prestige Magazine","description":"Dans le cadre de la semaine de la Mode, Prestige a interview\u00e9 Bouchra Jarrar, la nouvelle directrice artistique de Lanvin entre deux d\u00e9fil\u00e9s. A la barre de la plus ancienne maison de Haute Couture depuis Mars 2016,","robots":{"index":"index","follow":"follow","max-snippet":"max-snippet:-1","max-image-preview":"max-image-preview:large","max-video-preview":"max-video-preview:-1"},"canonical":"https:\/\/www.prestigemag.co\/fr\/2016\/11\/bouchra-jarrar\/","og_locale":"fr_FR","og_type":"article","og_title":"Bouchra Jarrar - Prestige Magazine","og_description":"Dans le cadre de la semaine de la Mode, Prestige a interview\u00e9 Bouchra Jarrar, la nouvelle directrice artistique de Lanvin entre deux d\u00e9fil\u00e9s. A la barre de la plus ancienne maison de Haute Couture depuis Mars 2016,","og_url":"https:\/\/www.prestigemag.co\/fr\/2016\/11\/bouchra-jarrar\/","og_site_name":"Prestige Magazine","article_publisher":"https:\/\/www.facebook.com\/prestigemag.co\/","article_published_time":"2016-11-02T12:53:22+00:00","og_image":[{"width":1890,"height":945,"url":"https:\/\/www.prestigemag.co\/wp-content\/uploads\/2016\/11\/Lanvin-trois-photos.jpg","type":"image\/jpeg"}],"author":"prestige","twitter_card":"summary","twitter_misc":{"\u00c9crit par":"prestige","Dur\u00e9e de lecture estim\u00e9e":"6 minutes"},"schema":{"@context":"https:\/\/schema.org","@graph":[{"@type":"Organization","@id":"https:\/\/www.prestigemag.co\/#organization","name":"Prestige","url":"https:\/\/www.prestigemag.co\/","sameAs":["https:\/\/www.instagram.com\/prestige.mag\/","https:\/\/www.facebook.com\/prestigemag.co\/"],"logo":{"@type":"ImageObject","inLanguage":"fr-FR","@id":"https:\/\/www.prestigemag.co\/#\/schema\/logo\/image\/","url":"https:\/\/www.prestigemag.co\/wp-content\/uploads\/2021\/11\/logo-Prestige-800x200-1.png","contentUrl":"https:\/\/www.prestigemag.co\/wp-content\/uploads\/2021\/11\/logo-Prestige-800x200-1.png","width":800,"height":200,"caption":"Prestige"},"image":{"@id":"https:\/\/www.prestigemag.co\/#\/schema\/logo\/image\/"}},{"@type":"WebSite","@id":"https:\/\/www.prestigemag.co\/#website","url":"https:\/\/www.prestigemag.co\/","name":"Prestige Magazine","description":"Le Monde Des C\u00e9l\u00e9brit\u00e9s","publisher":{"@id":"https:\/\/www.prestigemag.co\/#organization"},"potentialAction":[{"@type":"SearchAction","target":{"@type":"EntryPoint","urlTemplate":"https:\/\/www.prestigemag.co\/?s={search_term_string}"},"query-input":"required name=search_term_string"}],"inLanguage":"fr-FR"},{"@type":"WebPage","@id":"https:\/\/www.prestigemag.co\/fr\/2016\/11\/bouchra-jarrar\/","url":"https:\/\/www.prestigemag.co\/fr\/2016\/11\/bouchra-jarrar\/","name":"Bouchra Jarrar - Prestige Magazine","isPartOf":{"@id":"https:\/\/www.prestigemag.co\/#website"},"datePublished":"2016-11-02T12:53:22+00:00","dateModified":"2016-11-02T12:53:22+00:00","description":"Dans le cadre de la semaine de la Mode, Prestige a interview\u00e9 Bouchra Jarrar, la nouvelle directrice artistique de Lanvin entre deux d\u00e9fil\u00e9s. A la barre de la plus ancienne maison de Haute Couture depuis Mars 2016,","breadcrumb":{"@id":"https:\/\/www.prestigemag.co\/fr\/2016\/11\/bouchra-jarrar\/#breadcrumb"},"inLanguage":"fr-FR","potentialAction":[{"@type":"ReadAction","target":["https:\/\/www.prestigemag.co\/fr\/2016\/11\/bouchra-jarrar\/"]}]},{"@type":"BreadcrumbList","@id":"https:\/\/www.prestigemag.co\/fr\/2016\/11\/bouchra-jarrar\/#breadcrumb","itemListElement":[{"@type":"ListItem","position":1,"name":"Home","item":"https:\/\/www.prestigemag.co\/fr\/"},{"@type":"ListItem","position":2,"name":"Bouchra Jarrar"}]},{"@type":"Article","@id":"https:\/\/www.prestigemag.co\/fr\/2016\/11\/bouchra-jarrar\/#article","isPartOf":{"@id":"https:\/\/www.prestigemag.co\/fr\/2016\/11\/bouchra-jarrar\/"},"author":{"name":"prestige","@id":"https:\/\/www.prestigemag.co\/#\/schema\/person\/e3f149368970128d68bb2d797bf30fbc"},"headline":"Bouchra Jarrar","datePublished":"2016-11-02T12:53:22+00:00","dateModified":"2016-11-02T12:53:22+00:00","mainEntityOfPage":{"@id":"https:\/\/www.prestigemag.co\/fr\/2016\/11\/bouchra-jarrar\/"},"wordCount":1190,"publisher":{"@id":"https:\/\/www.prestigemag.co\/#organization"},"articleSection":["Les Cr\u00e9ateurs","Mode"],"inLanguage":"fr-FR"},{"@type":"Person","@id":"https:\/\/www.prestigemag.co\/#\/schema\/person\/e3f149368970128d68bb2d797bf30fbc","name":"prestige","image":{"@type":"ImageObject","inLanguage":"fr-FR","@id":"https:\/\/www.prestigemag.co\/#\/schema\/person\/image\/","url":"https:\/\/secure.gravatar.com\/avatar\/0aa2dff5484d35e50578639a2c3ccef9?s=96&d=mm&r=g","contentUrl":"https:\/\/secure.gravatar.com\/avatar\/0aa2dff5484d35e50578639a2c3ccef9?s=96&d=mm&r=g","caption":"prestige"},"url":"https:\/\/www.prestigemag.co\/fr\/author\/prestige\/"}]}},"_links":{"self":[{"href":"https:\/\/www.prestigemag.co\/fr\/wp-json\/wp\/v2\/posts\/21021"}],"collection":[{"href":"https:\/\/www.prestigemag.co\/fr\/wp-json\/wp\/v2\/posts"}],"about":[{"href":"https:\/\/www.prestigemag.co\/fr\/wp-json\/wp\/v2\/types\/post"}],"author":[{"embeddable":true,"href":"https:\/\/www.prestigemag.co\/fr\/wp-json\/wp\/v2\/users\/3"}],"replies":[{"embeddable":true,"href":"https:\/\/www.prestigemag.co\/fr\/wp-json\/wp\/v2\/comments?post=21021"}],"version-history":[{"count":0,"href":"https:\/\/www.prestigemag.co\/fr\/wp-json\/wp\/v2\/posts\/21021\/revisions"}],"wp:featuredmedia":[{"embeddable":true,"href":"https:\/\/www.prestigemag.co\/fr\/wp-json\/wp\/v2\/media\/21022"}],"wp:attachment":[{"href":"https:\/\/www.prestigemag.co\/fr\/wp-json\/wp\/v2\/media?parent=21021"}],"wp:term":[{"taxonomy":"category","embeddable":true,"href":"https:\/\/www.prestigemag.co\/fr\/wp-json\/wp\/v2\/categories?post=21021"},{"taxonomy":"post_tag","embeddable":true,"href":"https:\/\/www.prestigemag.co\/fr\/wp-json\/wp\/v2\/tags?post=21021"}],"curies":[{"name":"wp","href":"https:\/\/api.w.org\/{rel}","templated":true}]}}