{"id":21027,"date":"2016-11-07T10:26:23","date_gmt":"2016-11-07T10:26:23","guid":{"rendered":"http:\/\/www.prestigemag.co\/2016\/11\/nadia-naffi\/"},"modified":"2016-11-07T10:26:23","modified_gmt":"2016-11-07T10:26:23","slug":"nadia-naffi","status":"publish","type":"post","link":"https:\/\/www.prestigemag.co\/fr\/2016\/11\/nadia-naffi\/","title":{"rendered":"Nadia Naffi"},"content":{"rendered":"<p><em>Prestige N\u00b0 280, Nov. 2016<\/em><\/p>\n<p>&nbsp;<\/p>\n<h3>\u00abLe contact est crucial\u00a0Pour l\u2019int\u00e9gration et l\u2019inclusion des\u00a0R\u00e9fugi\u00e9s syriens dans tout pays d\u2019accueil\u00bb<\/h3>\n<h3>Newsmaker of the Week, interviews accord\u00e9es \u00e0 l\u2019Universit\u00e9 Concordia, Radio Canada, VICE Qu\u00e9bec, Breakfast TV, et conf\u00e9rences donn\u00e9es au Canada et en Europe&#8230; Nadia Naffi, m\u00e8re de famille libanaise \u00e9migr\u00e9e au Canada, est doctorante Ph.D. \u00e0 l\u2019Universit\u00e9 Concordia, professeur en m\u00e9dias sociaux \u00e0 la Facult\u00e9 UOIT d\u2019Oshawa, Ontario et consultante en gestion de la performance. Elle croit dur comme fer et d\u00e9fend une th\u00e8se d\u2019actualit\u00e9 br\u00fblante, \u00e0 savoir l\u2019impact des r\u00e9seaux sociaux sur l\u2019int\u00e9gration et l\u2019inclusion des r\u00e9fugi\u00e9s syriens dans les pays d\u2019accueil tels que le Canada. Des recherches qu\u2019elle m\u00e8ne principalement au niveau des jeunes des pays d\u2019accueil, pour \u00e9tablir un contact fructueux et aboutir \u00e0 une meilleure compr\u00e9hension susceptible de faciliter l\u2019int\u00e9gration et l\u2019inclusion des r\u00e9fugi\u00e9s. Dans une rencontre avec Prestige, Nadia Naffi d\u00e9taille le sujet.<\/h3>\n<p>&nbsp;<\/p>\n<p>&nbsp;<\/p>\n<p><a href=\"http:\/\/www.prestigemag.co\/wp-content\/uploads\/2016\/11\/Untitled-11.jpg\"><img src=\"data:image\/svg+xml,%3Csvg%20xmlns='http:\/\/www.w3.org\/2000\/svg'%20viewBox='0%200%201024%20531'%3E%3C\/svg%3E\" width=\"1024\" height=\"531\" class=\"zeen-lazy-load-base zeen-lazy-load aligncenter size-large wp-image-10873\" data-lazy-src=\"http:\/\/www.prestigemag.co\/wp-content\/uploads\/2016\/11\/Untitled-11-1024x531.jpg\" alt=\"untitled-11\" data-lazy-srcset=\"https:\/\/www.prestigemag.co\/wp-content\/uploads\/2016\/11\/Untitled-11-1024x531.jpg 1024w, https:\/\/www.prestigemag.co\/wp-content\/uploads\/2016\/11\/Untitled-11-300x156.jpg 300w, https:\/\/www.prestigemag.co\/wp-content\/uploads\/2016\/11\/Untitled-11-770x400.jpg 770w, https:\/\/www.prestigemag.co\/wp-content\/uploads\/2016\/11\/Untitled-11-293x152.jpg 293w, https:\/\/www.prestigemag.co\/wp-content\/uploads\/2016\/11\/Untitled-11-390x202.jpg 390w, https:\/\/www.prestigemag.co\/wp-content\/uploads\/2016\/11\/Untitled-11-768x398.jpg 768w, https:\/\/www.prestigemag.co\/wp-content\/uploads\/2016\/11\/Untitled-11-150x78.jpg 150w, https:\/\/www.prestigemag.co\/wp-content\/uploads\/2016\/11\/Untitled-11-600x311.jpg 600w, https:\/\/www.prestigemag.co\/wp-content\/uploads\/2016\/11\/Untitled-11-241x125.jpg 241w, https:\/\/www.prestigemag.co\/wp-content\/uploads\/2016\/11\/Untitled-11-129x67.jpg 129w, https:\/\/www.prestigemag.co\/wp-content\/uploads\/2016\/11\/Untitled-11.jpg 1087w\" data-lazy-sizes=\"(max-width: 1024px) 100vw, 1024px\" \/><noscript><img width=\"1024\" height=\"531\" class=\"aligncenter size-large wp-image-10873\" src=\"http:\/\/www.prestigemag.co\/wp-content\/uploads\/2016\/11\/Untitled-11-1024x531.jpg\" alt=\"untitled-11\" srcset=\"https:\/\/www.prestigemag.co\/wp-content\/uploads\/2016\/11\/Untitled-11-1024x531.jpg 1024w, https:\/\/www.prestigemag.co\/wp-content\/uploads\/2016\/11\/Untitled-11-300x156.jpg 300w, https:\/\/www.prestigemag.co\/wp-content\/uploads\/2016\/11\/Untitled-11-770x400.jpg 770w, https:\/\/www.prestigemag.co\/wp-content\/uploads\/2016\/11\/Untitled-11-293x152.jpg 293w, https:\/\/www.prestigemag.co\/wp-content\/uploads\/2016\/11\/Untitled-11-390x202.jpg 390w, https:\/\/www.prestigemag.co\/wp-content\/uploads\/2016\/11\/Untitled-11-768x398.jpg 768w, https:\/\/www.prestigemag.co\/wp-content\/uploads\/2016\/11\/Untitled-11-150x78.jpg 150w, https:\/\/www.prestigemag.co\/wp-content\/uploads\/2016\/11\/Untitled-11-600x311.jpg 600w, https:\/\/www.prestigemag.co\/wp-content\/uploads\/2016\/11\/Untitled-11-241x125.jpg 241w, https:\/\/www.prestigemag.co\/wp-content\/uploads\/2016\/11\/Untitled-11-129x67.jpg 129w, https:\/\/www.prestigemag.co\/wp-content\/uploads\/2016\/11\/Untitled-11.jpg 1087w\" sizes=\"(max-width: 1024px) 100vw, 1024px\" \/><\/noscript><\/a><\/p>\n<p>Nadia Naffi.<\/p>\n<p>&nbsp;<\/p>\n<p>&nbsp;<\/p>\n<p>&nbsp;<\/p>\n<p><strong><em>Qui est Nadia Naffi?<\/em><\/strong> Je suis libanaise, \u00e9migr\u00e9e depuis neuf ans au Canada, pour assurer un meilleur avenir \u00e0 la famille, et notamment aux enfants. Je suis consultante en gestion de la performance, actuellement doctorante \u00e0 l\u2019Universit\u00e9 Concordia de Montr\u00e9al, d\u00e9partement de l\u2019\u00e9ducation, sous la supervision du Dre Ann-Louise Davidson, et \u00e9galement professeur en ligne de m\u00e9dias sociaux, \u00e0 la Facult\u00e9 d\u2019\u00e9ducation d\u2019Oshawa, Ontario. Je pr\u00e9pare un doctorat sur l\u2019influence des r\u00e9seaux sociaux sur l\u2019int\u00e9gration et l\u2019inclusion des r\u00e9fugi\u00e9s syriens dans les pays d\u2019accueil tels que le Canada, un sujet d\u2019une actualit\u00e9 br\u00fblante que je traite avec une grande passion.<\/p>\n<p><strong><em>Racontez-nous votre histoire avec les r\u00e9seaux sociaux&#8230;<\/em><\/strong> A mon arriv\u00e9e \u00e0 Montr\u00e9al, j\u2019ai entam\u00e9 mes \u00e9tudes \u00e0 l\u2019Universit\u00e9 Concordia, par une ma\u00eetrise en Technologie \u00e9ducative, qui m\u2019a entra\u00een\u00e9e \u00e0 examiner les performances de fa\u00e7ons syst\u00e9matique et syst\u00e9mique afin d\u2019identifier les probl\u00e8mes et trouver et concevoir des solutions appropri\u00e9es. Mon attention \u00e9tait, d\u00e8s le d\u00e9but, focalis\u00e9e sur la mani\u00e8re de \u00abvivre\u00bb des jeunes sur les r\u00e9seaux sociaux. Personnellement en tant qu\u2019\u00e9migrante, j\u2019ai v\u00e9cu les d\u00e9fis pos\u00e9s pour s\u2019int\u00e9grer dans la communaut\u00e9 canadienne, mais j\u2019avais moins de soucis du moment que je parlais fran\u00e7ais. Toutefois, concernant les enfants, le fait d\u2019arriver du Liban, un pays du monde arabe et de parler arabe, cela posait probl\u00e8me. Apr\u00e8s la ma\u00eetrise, j\u2019ai entam\u00e9 mon doctorat toujours en Technologie \u00e9ducative, et me suis concentr\u00e9e sur l\u2019influence des r\u00e9seaux sociaux sur l\u2019int\u00e9gration des \u00e9migrants. J\u2019\u00e9tais consciente des probl\u00e8mes mais j\u2019ai eu la chance de pouvoir m\u2019int\u00e9grer rapidement. L\u2019Universit\u00e9 Concordia m\u2019a g\u00e9n\u00e9reusement accueillie et j\u2019ai v\u00e9cu la success story d\u2019avoir \u00e9vit\u00e9 les d\u00e9fis que d\u2019autres ont rencontr\u00e9s. Avec le d\u00e9clenchement de la crise syrienne, un changement cat\u00e9gorique a eu lieu et s\u2019est aggrav\u00e9 apr\u00e8s les attaques de Paris.<\/p>\n<p><strong><em>Comment avez-vous r\u00e9agi?<\/em><\/strong> Je cherchais \u00e0 comprendre la cause pour trouver la solution et la mani\u00e8re dont je pouvais aider. Apr\u00e8s les attaques de Paris, la crise des r\u00e9fugi\u00e9s a \u00e9t\u00e9 \u00e9troitement li\u00e9e au terrorisme. Les viols \u00e0 Cologne, en Allemagne, ont suivi et apport\u00e9 une autre \u00e9quation, \u00e0 savoir r\u00e9fugi\u00e9s \u00e9gal violeurs. Bien que les faits aient eu lieu en Europe, l\u2019impact a \u00e9t\u00e9 tr\u00e8s fort au Canada, notamment avec l\u2019afflux des 30.000 r\u00e9fugi\u00e9s sur son sol. Les Canadiens, pourtant connus pour leur hospitalit\u00e9 et leur ouverture aux autres, \u00e9taient en proie \u00e0 la peur et exprimaient cela \u00e0 travers les r\u00e9seaux sociaux. Ces derniers r\u00e9pandaient la peur en Europe, traitant les r\u00e9fugi\u00e9s de peste et de serpents venimeux qui s\u2019appr\u00eatent \u00e0 bondir sur leur proie. Des attaques injustes ont \u00e9t\u00e9 d\u00e9nonc\u00e9es par les victimes elles-m\u00eames qui n\u2019\u00e9taient ni musulmanes ni r\u00e9fugi\u00e9es mais bel et bien canadiennes. J\u2019ai fait une recherche et parl\u00e9 avec des jeunes d\u2019Europe et du Moyen-Orient, et de la soci\u00e9t\u00e9 d\u2019accueil au Canada et non pas \u00e0 des r\u00e9fugi\u00e9s.<\/p>\n<p><strong><em>Pourquoi avez-vous focalis\u00e9 sur la soci\u00e9t\u00e9 d\u2019accueil?<\/em><\/strong> Un grand investissement a \u00e9t\u00e9 fait pour aider les r\u00e9fugi\u00e9s \u00e0 s\u2019int\u00e9grer. Le gouvernement leur donne tous les outils n\u00e9cessaires dans ce sens, mais malgr\u00e9 tous ces efforts officiels, la voix des jeunes qui sont suppos\u00e9s accueillir ces nouveaux arrivants dans leurs \u00e9coles, dans leur milieu de travail, ou m\u00eame sortir c\u00e9l\u00e9brer avec eux, ne se fait pas entendre. En dialoguant avec eux, les jeunes conna\u00eetront leur mani\u00e8re de penser et leur pr\u00e9disposition \u00e0 faire leur vie dans le pays. Dans ce cas, il faudrait trouver une solution o\u00f9 les deux parties pourront vivre et \u00eatre productifs ensemble, sans toutefois nuire \u00e0 nos jeunes.<\/p>\n<p>&nbsp;<\/p>\n<h3>\u00abAider les jeunes \u00e0\u00a0\u00e9tablir des contacts et \u00e0 \u00eatre critiques\u00a0des messages partag\u00e9s en ligne\u00a0pour pouvoir vivre et \u00eatre productifs ensemble.\u00bb<\/h3>\n<p>&nbsp;<\/p>\n<p><strong><em>Qu\u2019avez-vous fait? <\/em><\/strong>J\u2019ai centr\u00e9 ma recherche sur la mani\u00e8re avec laquelle les jeunes interpr\u00e8tent tous ces messages partag\u00e9s sur les r\u00e9seaux sociaux. Des messages jug\u00e9s superficiels mais qui apr\u00e8s r\u00e9flexion, sont compris autrement. J\u2019ai recrut\u00e9 quarante-deux jeunes participants de 16 \u00e0 24 ans, puis j\u2019ai organis\u00e9 trois \u00e0 quatre entrevues d\u2019une heure trente chacune, pour partager avec eux les messages post\u00e9s apr\u00e8s les attaques de Paris, Cologne et Bruxelles. Nous avons discut\u00e9 de la mani\u00e8re dont ces jeunes interpr\u00e9taient ces messages \u00e0 premi\u00e8re vue et des sujets sur lesquels ils s\u2019\u00e9taient attard\u00e9s. Je me suis r\u00e9f\u00e9r\u00e9e \u00e0 des techniques prises de la \u00abth\u00e9orie des construits\u00bb de George Kelly, pour comprendre la mani\u00e8re dont ils construisaient et interpr\u00e9taient ces messages.<\/p>\n<p><strong><em>Qu\u2019entendez-vous par la \u00abth\u00e9orie des construits\u00bb?<\/em><\/strong> Les construits forment tout ce qui compose notre identit\u00e9. Ils diff\u00e8rent d\u2019une personne \u00e0 l\u2019autre. Le background, la mani\u00e8re de penser, de r\u00e9fl\u00e9chir, de voir le monde et d\u2019\u00e9valuer les choses autour de nous. Quand nous aurons compris tous ces facteurs qui ont abouti \u00e0 ces construits-l\u00e0, nous pourrons alors aider les jeunes \u00e0 voir les choses diff\u00e9remment. J\u2019ai puis\u00e9 toutes ces techniques dans la psychologie en travaillant avec ces jeunes.<\/p>\n<p><strong><em>Parlez-nous des entrevues avec les participants&#8230;<\/em><\/strong>Dans la premi\u00e8re entrevue, nous avons discut\u00e9 de la mani\u00e8re dont ces quarante-deux jeunes comprenaient le contenu partag\u00e9 en ligne concernant la crise des r\u00e9fugi\u00e9s. Dans la deuxi\u00e8me, je leur ai demand\u00e9 d\u2019imaginer la r\u00e9action d\u2019un Syrien ou d\u2019un Canadien qui lirait le message. L\u00e0, les points de vue et les perspectives ont vari\u00e9. Ils ont commenc\u00e9 \u00e0 voir les messages sous d\u2019autres angles, davantage en profondeur, pour les comprendre. A la fin de la troisi\u00e8me entrevue men\u00e9e toujours en profondeur, j\u2019ai demand\u00e9 aux participants un feedback des techniques appliqu\u00e9es et le changement qui a \u00e9t\u00e9 op\u00e9r\u00e9.<\/p>\n<p><strong><em>Avez-vous abouti \u00e0 une solution?<\/em><\/strong> La plupart des jeunes ont avou\u00e9 qu\u2019ils n\u2019\u00e9taient pas conscients de l\u2019influence que ces messages avaient sur l\u2019int\u00e9gration des r\u00e9fugi\u00e9s parce qu\u2019ils ne se sont jamais mis dans la peau de l\u2019autre, et n\u2019ont pas suffisamment r\u00e9fl\u00e9chi sur les r\u00e9percussions que peuvent avoir ces messages sur les r\u00e9fugi\u00e9s ou sur d\u2019autres jeunes des pays d\u2019accueil. Ils ont avanc\u00e9 une id\u00e9e int\u00e9ressante, \u00e0 savoir que ceux qui \u00e9taient contre s\u2019exprimaient davantage sur les r\u00e9seaux sociaux que les gens qui \u00e9taient pour. La raison en est que les gens qui approuvent estiment que le travail sur le terrain pour aider effectivement les r\u00e9fugi\u00e9s\u00a0\u00a0 est beaucoup plus important que de poster les messages en ligne. En lisant ces messages, m\u00eame si le travail sur le terrain est effectif, le Syrien aura le sentiment d\u2019\u00eatre accept\u00e9 par certains et rejet\u00e9 par d\u2019autres d\u2019autant plus qu\u2019il est install\u00e9 dans un environnement particulier. Il n\u2019a aucune id\u00e9e de celui qui est pour ou celui qui est contre lui. Il vivra toujours dans la crainte et la peur de l\u2019autre, et ne r\u00e9ussira jamais \u00e0 s\u2019int\u00e9grer, ni \u00e0 avancer.<\/p>\n<p><strong><em>Qu\u2019en est-il de l\u2019autre, Canadien ou Europ\u00e9en?<\/em><\/strong> En voyant une image n\u00e9gative partag\u00e9e sur les r\u00e9seaux sociaux, le Canadien ou l\u2019Europ\u00e9en, qui n\u2019a jamais eu de contact avec un vrai r\u00e9fugi\u00e9, ne se rendra pas compte de la main cach\u00e9e derri\u00e8re eux, et il aura peur lui aussi. Donc cette crainte engendr\u00e9e dans les deux camps \u00e0 cause des messages partag\u00e9s, est susceptible de creuser un foss\u00e9 plus ou moins profond. C\u2019est ce point que je suis en train de d\u00e9velopper, pour comprendre la cause afin de trouver la solution.<\/p>\n<p><strong><em>Comment avez-vous \u00e9largi vos contacts? <\/em><\/strong>Dans le cadre des recherches faites sur ma th\u00e8se de doctorat, j\u2019ai cr\u00e9\u00e9 des contacts et publi\u00e9 des articles pour que d\u2019autres chercheurs soient au courant de mes id\u00e9es. Et effectivement, un chercheur britannique qui \u00e9tait un des noms connus dans le domaine de la m\u00e9thodologie que j\u2019avais adopt\u00e9e, m\u2019a signal\u00e9 que j\u2019appliquais ce qu\u2019il faisait lui-m\u00eame sur la crise des r\u00e9fugi\u00e9s, et m\u2019a convi\u00e9e \u00e0 une conf\u00e9rence psychologique int\u00e9ressante en Italie. L\u00e0-bas, mon intervention a eu un grand succ\u00e8s et son impact a \u00e9t\u00e9 tr\u00e8s important. A mon retour \u00e0 Montr\u00e9al, j\u2019ai publi\u00e9 un article sur la mani\u00e8re d\u2019envisager l\u2019int\u00e9gration sous diff\u00e9rents angles, un sujet d\u2019actualit\u00e9 qui a eu de larges \u00e9chos aupr\u00e8s des m\u00e9dias et j\u2019ai \u00e9t\u00e9 la \u00abNewsmaker of the Week\u00bb. C\u2019est ainsi que mes contacts se sont \u00e9largis au Canada. J\u2019ai proc\u00e9d\u00e9 \u00e0 126 entrevues et je travaille actuellement sur l\u2019analyse des donn\u00e9es avant la recommandation pour faire la synth\u00e8se.<\/p>\n<p><strong><em>Que faut-il faire? <\/em><\/strong>D\u2019abord comprendre la mani\u00e8re dont les jeunes interpr\u00e8tent le message en ligne et comment ils agissent envers l\u2019autre; comprendre la raison de leur peur et leur volont\u00e9 d\u2019exclure l\u2019autre; aider les gens \u00e0 \u00e9tablir des contacts et \u00e0 \u00eatre critiques est crucial. Je suis dispos\u00e9e \u00e0 coop\u00e9rer, j\u2019ai les outils, je fais des recherches avec deux provinces du Canada, mais aussi avec l\u2019Angleterre, l\u2019Europe, notamment la Pologne, l\u2019Allemagne, la Belgique, la France, la Gr\u00e8ce, l\u2019Italie, le Portugal et l\u2019Ukraine. <strong><em>Propos recueillis par<\/em><\/strong> <strong>MIREILLE BRIDI BOUABJIAN<\/strong><\/p>\n<p>&nbsp;<\/p>\n<p><strong>Pour contacter Nadia Naffi:<\/strong> nadianaffi@gmail.com<\/p>\n<p><strong>Twitter:<\/strong> @NadiaNaffi<\/p>\n<p><strong>Linkedin:<\/strong> https:\/\/www.linkedin.com\/pub\/nadia-naffi\/20\/759\/296<\/p>\n<p><strong>Facebook:<\/strong> https\/\/www.facebook.com\/naffinadia<\/p>\n","protected":false},"excerpt":{"rendered":"<p><em>Prestige N 280, Nov. 2016<\/em><br \/>Newsmaker of the Week, interviews accord\u00e9es \u00e0 l\u2019Universit\u00e9 Concordia, Radio Canada, VICE Qu\u00e9bec, Breakfast TV, et conf\u00e9rences donn\u00e9es au Canada et en Europe&#8230; Nadia Naffi, m\u00e8re de famille libanaise<\/p>\n","protected":false},"author":3,"featured_media":21028,"comment_status":"closed","ping_status":"closed","sticky":false,"template":"","format":"standard","meta":[],"categories":[13331],"tags":[],"yoast_head":"<!-- This site is optimized with the Yoast SEO plugin v19.4 - https:\/\/yoast.com\/wordpress\/plugins\/seo\/ -->\n<title>Nadia Naffi - Prestige Magazine<\/title>\n<meta name=\"description\" content=\"Prestige N 280, Nov. 2016Newsmaker of the Week, interviews accord\u00e9es \u00e0 l\u2019Universit\u00e9 Concordia, Radio Canada, VICE Qu\u00e9bec, Breakfast TV, et conf\u00e9rences donn\u00e9es au Canada et en Europe... Nadia Naffi, m\u00e8re de famille libanaise\" \/>\n<meta name=\"robots\" content=\"index, follow, max-snippet:-1, max-image-preview:large, max-video-preview:-1\" \/>\n<link rel=\"canonical\" href=\"https:\/\/www.prestigemag.co\/fr\/2016\/11\/nadia-naffi\/\" \/>\n<meta property=\"og:locale\" content=\"fr_FR\" \/>\n<meta property=\"og:type\" content=\"article\" \/>\n<meta property=\"og:title\" content=\"Nadia Naffi - Prestige Magazine\" \/>\n<meta property=\"og:description\" content=\"Prestige N 280, Nov. 2016Newsmaker of the Week, interviews accord\u00e9es \u00e0 l\u2019Universit\u00e9 Concordia, Radio Canada, VICE Qu\u00e9bec, Breakfast TV, et conf\u00e9rences donn\u00e9es au Canada et en Europe... Nadia Naffi, m\u00e8re de famille libanaise\" \/>\n<meta property=\"og:url\" content=\"https:\/\/www.prestigemag.co\/fr\/2016\/11\/nadia-naffi\/\" \/>\n<meta property=\"og:site_name\" content=\"Prestige Magazine\" \/>\n<meta property=\"article:publisher\" content=\"https:\/\/www.facebook.com\/prestigemag.co\/\" \/>\n<meta property=\"article:published_time\" content=\"2016-11-07T10:26:23+00:00\" \/>\n<meta property=\"og:image\" content=\"https:\/\/www.prestigemag.co\/wp-content\/uploads\/2016\/11\/Untitled-11.jpg\" \/>\n\t<meta property=\"og:image:width\" content=\"1087\" \/>\n\t<meta property=\"og:image:height\" content=\"564\" \/>\n\t<meta property=\"og:image:type\" content=\"image\/jpeg\" \/>\n<meta name=\"author\" content=\"prestige\" \/>\n<meta name=\"twitter:card\" content=\"summary\" \/>\n<meta name=\"twitter:label1\" content=\"\u00c9crit par\" \/>\n\t<meta name=\"twitter:data1\" content=\"prestige\" \/>\n\t<meta name=\"twitter:label2\" content=\"Dur\u00e9e de lecture estim\u00e9e\" \/>\n\t<meta name=\"twitter:data2\" content=\"9 minutes\" \/>\n<script type=\"application\/ld+json\" class=\"yoast-schema-graph\">{\"@context\":\"https:\/\/schema.org\",\"@graph\":[{\"@type\":\"Organization\",\"@id\":\"https:\/\/www.prestigemag.co\/#organization\",\"name\":\"Prestige\",\"url\":\"https:\/\/www.prestigemag.co\/\",\"sameAs\":[\"https:\/\/www.instagram.com\/prestige.mag\/\",\"https:\/\/www.facebook.com\/prestigemag.co\/\"],\"logo\":{\"@type\":\"ImageObject\",\"inLanguage\":\"fr-FR\",\"@id\":\"https:\/\/www.prestigemag.co\/#\/schema\/logo\/image\/\",\"url\":\"https:\/\/www.prestigemag.co\/wp-content\/uploads\/2021\/11\/logo-Prestige-800x200-1.png\",\"contentUrl\":\"https:\/\/www.prestigemag.co\/wp-content\/uploads\/2021\/11\/logo-Prestige-800x200-1.png\",\"width\":800,\"height\":200,\"caption\":\"Prestige\"},\"image\":{\"@id\":\"https:\/\/www.prestigemag.co\/#\/schema\/logo\/image\/\"}},{\"@type\":\"WebSite\",\"@id\":\"https:\/\/www.prestigemag.co\/#website\",\"url\":\"https:\/\/www.prestigemag.co\/\",\"name\":\"Prestige Magazine\",\"description\":\"Le Monde Des C\u00e9l\u00e9brit\u00e9s\",\"publisher\":{\"@id\":\"https:\/\/www.prestigemag.co\/#organization\"},\"potentialAction\":[{\"@type\":\"SearchAction\",\"target\":{\"@type\":\"EntryPoint\",\"urlTemplate\":\"https:\/\/www.prestigemag.co\/?s={search_term_string}\"},\"query-input\":\"required name=search_term_string\"}],\"inLanguage\":\"fr-FR\"},{\"@type\":\"WebPage\",\"@id\":\"https:\/\/www.prestigemag.co\/fr\/2016\/11\/nadia-naffi\/\",\"url\":\"https:\/\/www.prestigemag.co\/fr\/2016\/11\/nadia-naffi\/\",\"name\":\"Nadia Naffi - Prestige Magazine\",\"isPartOf\":{\"@id\":\"https:\/\/www.prestigemag.co\/#website\"},\"datePublished\":\"2016-11-07T10:26:23+00:00\",\"dateModified\":\"2016-11-07T10:26:23+00:00\",\"description\":\"Prestige N 280, Nov. 2016Newsmaker of the Week, interviews accord\u00e9es \u00e0 l\u2019Universit\u00e9 Concordia, Radio Canada, VICE Qu\u00e9bec, Breakfast TV, et conf\u00e9rences donn\u00e9es au Canada et en Europe... Nadia Naffi, m\u00e8re de famille libanaise\",\"breadcrumb\":{\"@id\":\"https:\/\/www.prestigemag.co\/fr\/2016\/11\/nadia-naffi\/#breadcrumb\"},\"inLanguage\":\"fr-FR\",\"potentialAction\":[{\"@type\":\"ReadAction\",\"target\":[\"https:\/\/www.prestigemag.co\/fr\/2016\/11\/nadia-naffi\/\"]}]},{\"@type\":\"BreadcrumbList\",\"@id\":\"https:\/\/www.prestigemag.co\/fr\/2016\/11\/nadia-naffi\/#breadcrumb\",\"itemListElement\":[{\"@type\":\"ListItem\",\"position\":1,\"name\":\"Home\",\"item\":\"https:\/\/www.prestigemag.co\/fr\/\"},{\"@type\":\"ListItem\",\"position\":2,\"name\":\"Nadia Naffi\"}]},{\"@type\":\"Article\",\"@id\":\"https:\/\/www.prestigemag.co\/fr\/2016\/11\/nadia-naffi\/#article\",\"isPartOf\":{\"@id\":\"https:\/\/www.prestigemag.co\/fr\/2016\/11\/nadia-naffi\/\"},\"author\":{\"name\":\"prestige\",\"@id\":\"https:\/\/www.prestigemag.co\/#\/schema\/person\/e3f149368970128d68bb2d797bf30fbc\"},\"headline\":\"Nadia Naffi\",\"datePublished\":\"2016-11-07T10:26:23+00:00\",\"dateModified\":\"2016-11-07T10:26:23+00:00\",\"mainEntityOfPage\":{\"@id\":\"https:\/\/www.prestigemag.co\/fr\/2016\/11\/nadia-naffi\/\"},\"wordCount\":1871,\"publisher\":{\"@id\":\"https:\/\/www.prestigemag.co\/#organization\"},\"articleSection\":[\"Entrevues\"],\"inLanguage\":\"fr-FR\"},{\"@type\":\"Person\",\"@id\":\"https:\/\/www.prestigemag.co\/#\/schema\/person\/e3f149368970128d68bb2d797bf30fbc\",\"name\":\"prestige\",\"image\":{\"@type\":\"ImageObject\",\"inLanguage\":\"fr-FR\",\"@id\":\"https:\/\/www.prestigemag.co\/#\/schema\/person\/image\/\",\"url\":\"https:\/\/secure.gravatar.com\/avatar\/0aa2dff5484d35e50578639a2c3ccef9?s=96&d=mm&r=g\",\"contentUrl\":\"https:\/\/secure.gravatar.com\/avatar\/0aa2dff5484d35e50578639a2c3ccef9?s=96&d=mm&r=g\",\"caption\":\"prestige\"},\"url\":\"https:\/\/www.prestigemag.co\/fr\/author\/prestige\/\"}]}<\/script>\n<!-- \/ Yoast SEO plugin. -->","yoast_head_json":{"title":"Nadia Naffi - Prestige Magazine","description":"Prestige N 280, Nov. 2016Newsmaker of the Week, interviews accord\u00e9es \u00e0 l\u2019Universit\u00e9 Concordia, Radio Canada, VICE Qu\u00e9bec, Breakfast TV, et conf\u00e9rences donn\u00e9es au Canada et en Europe... Nadia Naffi, m\u00e8re de famille libanaise","robots":{"index":"index","follow":"follow","max-snippet":"max-snippet:-1","max-image-preview":"max-image-preview:large","max-video-preview":"max-video-preview:-1"},"canonical":"https:\/\/www.prestigemag.co\/fr\/2016\/11\/nadia-naffi\/","og_locale":"fr_FR","og_type":"article","og_title":"Nadia Naffi - Prestige Magazine","og_description":"Prestige N 280, Nov. 2016Newsmaker of the Week, interviews accord\u00e9es \u00e0 l\u2019Universit\u00e9 Concordia, Radio Canada, VICE Qu\u00e9bec, Breakfast TV, et conf\u00e9rences donn\u00e9es au Canada et en Europe... Nadia Naffi, m\u00e8re de famille libanaise","og_url":"https:\/\/www.prestigemag.co\/fr\/2016\/11\/nadia-naffi\/","og_site_name":"Prestige Magazine","article_publisher":"https:\/\/www.facebook.com\/prestigemag.co\/","article_published_time":"2016-11-07T10:26:23+00:00","og_image":[{"width":1087,"height":564,"url":"https:\/\/www.prestigemag.co\/wp-content\/uploads\/2016\/11\/Untitled-11.jpg","type":"image\/jpeg"}],"author":"prestige","twitter_card":"summary","twitter_misc":{"\u00c9crit par":"prestige","Dur\u00e9e de lecture estim\u00e9e":"9 minutes"},"schema":{"@context":"https:\/\/schema.org","@graph":[{"@type":"Organization","@id":"https:\/\/www.prestigemag.co\/#organization","name":"Prestige","url":"https:\/\/www.prestigemag.co\/","sameAs":["https:\/\/www.instagram.com\/prestige.mag\/","https:\/\/www.facebook.com\/prestigemag.co\/"],"logo":{"@type":"ImageObject","inLanguage":"fr-FR","@id":"https:\/\/www.prestigemag.co\/#\/schema\/logo\/image\/","url":"https:\/\/www.prestigemag.co\/wp-content\/uploads\/2021\/11\/logo-Prestige-800x200-1.png","contentUrl":"https:\/\/www.prestigemag.co\/wp-content\/uploads\/2021\/11\/logo-Prestige-800x200-1.png","width":800,"height":200,"caption":"Prestige"},"image":{"@id":"https:\/\/www.prestigemag.co\/#\/schema\/logo\/image\/"}},{"@type":"WebSite","@id":"https:\/\/www.prestigemag.co\/#website","url":"https:\/\/www.prestigemag.co\/","name":"Prestige Magazine","description":"Le Monde Des C\u00e9l\u00e9brit\u00e9s","publisher":{"@id":"https:\/\/www.prestigemag.co\/#organization"},"potentialAction":[{"@type":"SearchAction","target":{"@type":"EntryPoint","urlTemplate":"https:\/\/www.prestigemag.co\/?s={search_term_string}"},"query-input":"required name=search_term_string"}],"inLanguage":"fr-FR"},{"@type":"WebPage","@id":"https:\/\/www.prestigemag.co\/fr\/2016\/11\/nadia-naffi\/","url":"https:\/\/www.prestigemag.co\/fr\/2016\/11\/nadia-naffi\/","name":"Nadia Naffi - Prestige Magazine","isPartOf":{"@id":"https:\/\/www.prestigemag.co\/#website"},"datePublished":"2016-11-07T10:26:23+00:00","dateModified":"2016-11-07T10:26:23+00:00","description":"Prestige N 280, Nov. 2016Newsmaker of the Week, interviews accord\u00e9es \u00e0 l\u2019Universit\u00e9 Concordia, Radio Canada, VICE Qu\u00e9bec, Breakfast TV, et conf\u00e9rences donn\u00e9es au Canada et en Europe... Nadia Naffi, m\u00e8re de famille libanaise","breadcrumb":{"@id":"https:\/\/www.prestigemag.co\/fr\/2016\/11\/nadia-naffi\/#breadcrumb"},"inLanguage":"fr-FR","potentialAction":[{"@type":"ReadAction","target":["https:\/\/www.prestigemag.co\/fr\/2016\/11\/nadia-naffi\/"]}]},{"@type":"BreadcrumbList","@id":"https:\/\/www.prestigemag.co\/fr\/2016\/11\/nadia-naffi\/#breadcrumb","itemListElement":[{"@type":"ListItem","position":1,"name":"Home","item":"https:\/\/www.prestigemag.co\/fr\/"},{"@type":"ListItem","position":2,"name":"Nadia Naffi"}]},{"@type":"Article","@id":"https:\/\/www.prestigemag.co\/fr\/2016\/11\/nadia-naffi\/#article","isPartOf":{"@id":"https:\/\/www.prestigemag.co\/fr\/2016\/11\/nadia-naffi\/"},"author":{"name":"prestige","@id":"https:\/\/www.prestigemag.co\/#\/schema\/person\/e3f149368970128d68bb2d797bf30fbc"},"headline":"Nadia Naffi","datePublished":"2016-11-07T10:26:23+00:00","dateModified":"2016-11-07T10:26:23+00:00","mainEntityOfPage":{"@id":"https:\/\/www.prestigemag.co\/fr\/2016\/11\/nadia-naffi\/"},"wordCount":1871,"publisher":{"@id":"https:\/\/www.prestigemag.co\/#organization"},"articleSection":["Entrevues"],"inLanguage":"fr-FR"},{"@type":"Person","@id":"https:\/\/www.prestigemag.co\/#\/schema\/person\/e3f149368970128d68bb2d797bf30fbc","name":"prestige","image":{"@type":"ImageObject","inLanguage":"fr-FR","@id":"https:\/\/www.prestigemag.co\/#\/schema\/person\/image\/","url":"https:\/\/secure.gravatar.com\/avatar\/0aa2dff5484d35e50578639a2c3ccef9?s=96&d=mm&r=g","contentUrl":"https:\/\/secure.gravatar.com\/avatar\/0aa2dff5484d35e50578639a2c3ccef9?s=96&d=mm&r=g","caption":"prestige"},"url":"https:\/\/www.prestigemag.co\/fr\/author\/prestige\/"}]}},"_links":{"self":[{"href":"https:\/\/www.prestigemag.co\/fr\/wp-json\/wp\/v2\/posts\/21027"}],"collection":[{"href":"https:\/\/www.prestigemag.co\/fr\/wp-json\/wp\/v2\/posts"}],"about":[{"href":"https:\/\/www.prestigemag.co\/fr\/wp-json\/wp\/v2\/types\/post"}],"author":[{"embeddable":true,"href":"https:\/\/www.prestigemag.co\/fr\/wp-json\/wp\/v2\/users\/3"}],"replies":[{"embeddable":true,"href":"https:\/\/www.prestigemag.co\/fr\/wp-json\/wp\/v2\/comments?post=21027"}],"version-history":[{"count":0,"href":"https:\/\/www.prestigemag.co\/fr\/wp-json\/wp\/v2\/posts\/21027\/revisions"}],"wp:featuredmedia":[{"embeddable":true,"href":"https:\/\/www.prestigemag.co\/fr\/wp-json\/wp\/v2\/media\/21028"}],"wp:attachment":[{"href":"https:\/\/www.prestigemag.co\/fr\/wp-json\/wp\/v2\/media?parent=21027"}],"wp:term":[{"taxonomy":"category","embeddable":true,"href":"https:\/\/www.prestigemag.co\/fr\/wp-json\/wp\/v2\/categories?post=21027"},{"taxonomy":"post_tag","embeddable":true,"href":"https:\/\/www.prestigemag.co\/fr\/wp-json\/wp\/v2\/tags?post=21027"}],"curies":[{"name":"wp","href":"https:\/\/api.w.org\/{rel}","templated":true}]}}