{"id":21081,"date":"2016-11-23T12:39:35","date_gmt":"2016-11-23T12:39:35","guid":{"rendered":"http:\/\/www.prestigemag.co\/2016\/11\/liliane-et-lara\/"},"modified":"2016-11-23T12:39:35","modified_gmt":"2016-11-23T12:39:35","slug":"liliane-et-lara","status":"publish","type":"post","link":"https:\/\/www.prestigemag.co\/fr\/2016\/11\/liliane-et-lara\/","title":{"rendered":"Liliane et Lara"},"content":{"rendered":"<p><em>Prestige N\u00ba 280, Novembre 2016<\/em><\/p>\n<p>&nbsp;<\/p>\n<h2>La m\u00e8re et la fille,\u00a0Le th\u00e9\u00e2tre en commun<\/h2>\n<h3>Au grand bonheur des petits et des grands, Ton amie Liliane, qui s\u2019est illustr\u00e9e dans les ann\u00e9es 80 \u00e0 travers son \u00e9mission t\u00e9l\u00e9vis\u00e9e, fait un heureux retour en force, en compagnie de sa talentueuse fille Lara. Si autrefois avec brio, elle retenait l\u2019attention des enfants en leur racontant une histoire \u00e0 sa mani\u00e8re, aujourd\u2019hui, \u00e0 l\u2019occasion des f\u00eates, elle leur pr\u00e9sente \u00abLa Reine des Saisons\u00bb, un spectacle rayonnant et \u00e0 la hauteur de toutes les attentes. Avec Lara, Liliane forme un duo de charme. La rel\u00e8ve est assur\u00e9e, le succ\u00e8s est au rendez-vous. Confidences \u00e0 Prestige.<\/h3>\n<p>&nbsp;<\/p>\n<p>&nbsp;<\/p>\n<p><a href=\"http:\/\/www.prestigemag.co\/wp-content\/uploads\/2016\/11\/Untitled-1-22.jpg\"><img src=\"data:image\/svg+xml,%3Csvg%20xmlns='http:\/\/www.w3.org\/2000\/svg'%20viewBox='0%200%201024%20577'%3E%3C\/svg%3E\" width=\"1024\" height=\"577\" class=\"zeen-lazy-load-base zeen-lazy-load aligncenter size-large wp-image-11024\" data-lazy-src=\"http:\/\/www.prestigemag.co\/wp-content\/uploads\/2016\/11\/Untitled-1-22-1024x577.jpg\" alt=\"untitled-1\" data-lazy-srcset=\"https:\/\/www.prestigemag.co\/wp-content\/uploads\/2016\/11\/Untitled-1-22-1024x577.jpg 1024w, https:\/\/www.prestigemag.co\/wp-content\/uploads\/2016\/11\/Untitled-1-22-300x169.jpg 300w, https:\/\/www.prestigemag.co\/wp-content\/uploads\/2016\/11\/Untitled-1-22-770x434.jpg 770w, https:\/\/www.prestigemag.co\/wp-content\/uploads\/2016\/11\/Untitled-1-22-293x165.jpg 293w, https:\/\/www.prestigemag.co\/wp-content\/uploads\/2016\/11\/Untitled-1-22-390x220.jpg 390w, https:\/\/www.prestigemag.co\/wp-content\/uploads\/2016\/11\/Untitled-1-22-768x433.jpg 768w, https:\/\/www.prestigemag.co\/wp-content\/uploads\/2016\/11\/Untitled-1-22-150x85.jpg 150w, https:\/\/www.prestigemag.co\/wp-content\/uploads\/2016\/11\/Untitled-1-22-600x338.jpg 600w, https:\/\/www.prestigemag.co\/wp-content\/uploads\/2016\/11\/Untitled-1-22-222x125.jpg 222w, https:\/\/www.prestigemag.co\/wp-content\/uploads\/2016\/11\/Untitled-1-22-119x67.jpg 119w, https:\/\/www.prestigemag.co\/wp-content\/uploads\/2016\/11\/Untitled-1-22.jpg 1329w\" data-lazy-sizes=\"(max-width: 1024px) 100vw, 1024px\" \/><noscript><img width=\"1024\" height=\"577\" class=\"aligncenter size-large wp-image-11024\" src=\"http:\/\/www.prestigemag.co\/wp-content\/uploads\/2016\/11\/Untitled-1-22-1024x577.jpg\" alt=\"untitled-1\" srcset=\"https:\/\/www.prestigemag.co\/wp-content\/uploads\/2016\/11\/Untitled-1-22-1024x577.jpg 1024w, https:\/\/www.prestigemag.co\/wp-content\/uploads\/2016\/11\/Untitled-1-22-300x169.jpg 300w, https:\/\/www.prestigemag.co\/wp-content\/uploads\/2016\/11\/Untitled-1-22-770x434.jpg 770w, https:\/\/www.prestigemag.co\/wp-content\/uploads\/2016\/11\/Untitled-1-22-293x165.jpg 293w, https:\/\/www.prestigemag.co\/wp-content\/uploads\/2016\/11\/Untitled-1-22-390x220.jpg 390w, https:\/\/www.prestigemag.co\/wp-content\/uploads\/2016\/11\/Untitled-1-22-768x433.jpg 768w, https:\/\/www.prestigemag.co\/wp-content\/uploads\/2016\/11\/Untitled-1-22-150x85.jpg 150w, https:\/\/www.prestigemag.co\/wp-content\/uploads\/2016\/11\/Untitled-1-22-600x338.jpg 600w, https:\/\/www.prestigemag.co\/wp-content\/uploads\/2016\/11\/Untitled-1-22-222x125.jpg 222w, https:\/\/www.prestigemag.co\/wp-content\/uploads\/2016\/11\/Untitled-1-22-119x67.jpg 119w, https:\/\/www.prestigemag.co\/wp-content\/uploads\/2016\/11\/Untitled-1-22.jpg 1329w\" sizes=\"(max-width: 1024px) 100vw, 1024px\" \/><\/noscript><\/a><\/p>\n<p>Lara joue le r\u00f4le de la Reine des Saisons.\u00a0\u00a9 Archives Ton amie Liliane<\/p>\n<p>&nbsp;<\/p>\n<p>&nbsp;<\/p>\n<p><strong><em>Vous pr\u00e9parez un spectacle pour les f\u00eates. Donnez-nous une id\u00e9e de la repr\u00e9sentation&#8230;<\/em><\/strong>Le spectacle s\u2019intitule \u00abLa Reine des Saisons\u00bb, une com\u00e9die pour tous les \u00e2ges qui d\u00e9bute en d\u00e9cembre au th\u00e9\u00e2tre Platea, \u00e0 Jounieh. L\u2019histoire se passe dans un cadre anim\u00e9 et somptueux o\u00f9 la sc\u00e8ne est constamment en mouvement, avec de belles chor\u00e9graphies, une bande sonore magique, plus de 50 costumes et plus de 20 acteurs et danseurs \u00e9voluant sur sc\u00e8ne. Les chansons de ma fille Lara ainsi que les miennes ont \u00e9t\u00e9 r\u00e9enregistr\u00e9es avec les musiciens de l\u2019Orchestre Philharmonique de Saint-P\u00e9tersbourg. L\u2019arrangement musical des talentueux Danny Bou Maroun et Wissam Tabet est magnifique. L\u2019audience est litt\u00e9ralement plac\u00e9e dans l\u2019action. Le vent, la neige, tout se d\u00e9roule autour du spectateur. Je n\u2019en dirai pas plus&#8230; c\u2019est une surprise!<\/p>\n<p><strong><em>Depuis quand et comment avez-vous choisi ce surnom, \u00abTon amie Liliane\u00bb? <\/em><\/strong>C\u2019est mon public qui l\u2019a choisi pour moi! Lorsque dans les ann\u00e9es 80, j\u2019ai chant\u00e9 le g\u00e9n\u00e9rique de mon \u00e9mission \u00e0 la t\u00e9l\u00e9vision, pour la premi\u00e8re fois, j\u2019ai trouv\u00e9 le succ\u00e8s du jour au lendemain. Je ne m\u2019y attendais pas. La chanson commence ainsi: \u00abTon amie Liliane va te raconter une histoire \u00e0 sa mani\u00e8re&#8230;\u00bb Elle est devenue l\u2019hymne de l\u2019enfance de toute une g\u00e9n\u00e9ration. Depuis, on m\u2019appelle Ton amie Liliane, l\u2019amie des enfants.<\/p>\n<p><strong><em>Apr\u00e8s plusieurs ann\u00e9es d\u2019absence, vous faites un come-back sur sc\u00e8ne&#8230; Pouvez-vous nous en parler?<\/em><\/strong> Je suis de retour gr\u00e2ce \u00e0 ma fille, Lara Rain. C\u2019est une fille talentueuse et tr\u00e8s cr\u00e9ative. J\u2019ai toujours pressenti son succ\u00e8s. Je ne pouvais donc que l\u2019encourager \u00e0 monter ce grand spectacle. C\u2019est Lara qui a \u00e9crit \u00abLa Reine des Saisons\u00bb. Elle a compos\u00e9 la musique et les chansons, travaill\u00e9 l\u2019\u00e9criture du sc\u00e9nario, mis son art et son savoir dans les costumes, le d\u00e9cor, la projection, l\u2019ambiance&#8230; du jamais-vu. Je suis tr\u00e8s fi\u00e8re d\u2019elle. Elle m\u2019a aussi \u00e9crit un tr\u00e8s beau r\u00f4le et je ne peux que l\u2019aider en l\u2019accompagnant dans son parcours. Je suis aussi la productrice et la r\u00e9alisatrice de son projet magique. J\u2019y rajoute ma touche et je la guide.<\/p>\n<p>&nbsp;<\/p>\n<p>&nbsp;<\/p>\n<p><a href=\"http:\/\/www.prestigemag.co\/wp-content\/uploads\/2016\/11\/Liliane-and-Lara-1.jpg\"><img src=\"data:image\/svg+xml,%3Csvg%20xmlns='http:\/\/www.w3.org\/2000\/svg'%20viewBox='0%200%20375%20375'%3E%3C\/svg%3E\" width=\"375\" height=\"375\" class=\"zeen-lazy-load-base zeen-lazy-load aligncenter size-featured-image wp-image-11025\" data-lazy-src=\"http:\/\/www.prestigemag.co\/wp-content\/uploads\/2016\/11\/Liliane-and-Lara-1-375x375.jpg\" alt=\"liliane-and-lara-1\" data-lazy-srcset=\"https:\/\/www.prestigemag.co\/wp-content\/uploads\/2016\/11\/Liliane-and-Lara-1-375x375.jpg 375w, https:\/\/www.prestigemag.co\/wp-content\/uploads\/2016\/11\/Liliane-and-Lara-1-150x150.jpg 150w, https:\/\/www.prestigemag.co\/wp-content\/uploads\/2016\/11\/Liliane-and-Lara-1-300x300.jpg 300w, https:\/\/www.prestigemag.co\/wp-content\/uploads\/2016\/11\/Liliane-and-Lara-1-135x135.jpg 135w, https:\/\/www.prestigemag.co\/wp-content\/uploads\/2016\/11\/Liliane-and-Lara-1-500x500.jpg 500w, https:\/\/www.prestigemag.co\/wp-content\/uploads\/2016\/11\/Liliane-and-Lara-1-125x125.jpg 125w, https:\/\/www.prestigemag.co\/wp-content\/uploads\/2016\/11\/Liliane-and-Lara-1-67x67.jpg 67w, https:\/\/www.prestigemag.co\/wp-content\/uploads\/2016\/11\/Liliane-and-Lara-1.jpg 630w\" data-lazy-sizes=\"(max-width: 375px) 100vw, 375px\" \/><noscript><img width=\"375\" height=\"375\" class=\"aligncenter size-featured-image wp-image-11025\" src=\"http:\/\/www.prestigemag.co\/wp-content\/uploads\/2016\/11\/Liliane-and-Lara-1-375x375.jpg\" alt=\"liliane-and-lara-1\" srcset=\"https:\/\/www.prestigemag.co\/wp-content\/uploads\/2016\/11\/Liliane-and-Lara-1-375x375.jpg 375w, https:\/\/www.prestigemag.co\/wp-content\/uploads\/2016\/11\/Liliane-and-Lara-1-150x150.jpg 150w, https:\/\/www.prestigemag.co\/wp-content\/uploads\/2016\/11\/Liliane-and-Lara-1-300x300.jpg 300w, https:\/\/www.prestigemag.co\/wp-content\/uploads\/2016\/11\/Liliane-and-Lara-1-135x135.jpg 135w, https:\/\/www.prestigemag.co\/wp-content\/uploads\/2016\/11\/Liliane-and-Lara-1-500x500.jpg 500w, https:\/\/www.prestigemag.co\/wp-content\/uploads\/2016\/11\/Liliane-and-Lara-1-125x125.jpg 125w, https:\/\/www.prestigemag.co\/wp-content\/uploads\/2016\/11\/Liliane-and-Lara-1-67x67.jpg 67w, https:\/\/www.prestigemag.co\/wp-content\/uploads\/2016\/11\/Liliane-and-Lara-1.jpg 630w\" sizes=\"(max-width: 375px) 100vw, 375px\" \/><\/noscript><\/a><\/p>\n<p>Lara et Liliane.\u00a0\u00a9 Archives Ton amie Liliane<\/p>\n<p>&nbsp;<\/p>\n<p>&nbsp;<\/p>\n<p><strong><em>Quel est le r\u00f4le de votre fille Lara dans ce spectacle? <\/em><\/strong>Lara joue le r\u00f4le de la Reine des Saisons. C\u2019est elle que les enfants recherchent dans la For\u00eat des Illusions. Elle est la protectrice des saisons, de la nature et des animaux. Mais la reine est tr\u00e8s triste parce que les hommes ne s\u2019occupent plus de la plan\u00e8te Terre. La Reine des Saisons, c\u2019est aussi l\u2019hiver, la saison qui repr\u00e9sente l\u2019eau. C\u2019est elle qui d\u00e9truit puis redonne la vie, c\u2019est elle qui s\u2019occupe du cycle naturel des saisons.<\/p>\n<p><strong><em>Qu\u2019en est-il du v\u00f4tre dans la pi\u00e8ce?<\/em><\/strong> Je suis la Fille du Printemps, la saison des fleurs et des papillons, la saison de l\u2019enfance et de la joie. Mais je suis aussi la saison qui reste forte et qui r\u00e9siste aux changements climatiques. Je tiens le coup pour pouvoir aider la Reine \u00e0 sauver la Terre, pour l\u2019assister dans les difficult\u00e9s auxquelles elle fera face. Je guide aussi les enfants dans leur parcours pour qu\u2019ils comprennent l\u2019urgence de leur mission, et pour qu\u2019ils trouvent la Reine des Saisons avant qu\u2019il ne soit trop tard.<\/p>\n<p>&nbsp;<\/p>\n<p>&nbsp;<\/p>\n<p><a href=\"http:\/\/www.prestigemag.co\/wp-content\/uploads\/2016\/11\/Liliane2c-la-marchande-de-fleurs.jpg\"><img src=\"data:image\/svg+xml,%3Csvg%20xmlns='http:\/\/www.w3.org\/2000\/svg'%20viewBox='0%200%20283%20375'%3E%3C\/svg%3E\" width=\"283\" height=\"375\" class=\"zeen-lazy-load-base zeen-lazy-load aligncenter size-featured-image wp-image-11026\" data-lazy-src=\"http:\/\/www.prestigemag.co\/wp-content\/uploads\/2016\/11\/Liliane2c-la-marchande-de-fleurs-283x375.jpg\" alt=\"liliane%2c-la-marchande-de-fleurs\" data-lazy-srcset=\"https:\/\/www.prestigemag.co\/wp-content\/uploads\/2016\/11\/Liliane2c-la-marchande-de-fleurs-283x375.jpg 283w, https:\/\/www.prestigemag.co\/wp-content\/uploads\/2016\/11\/Liliane2c-la-marchande-de-fleurs-226x300.jpg 226w, https:\/\/www.prestigemag.co\/wp-content\/uploads\/2016\/11\/Liliane2c-la-marchande-de-fleurs-113x150.jpg 113w, https:\/\/www.prestigemag.co\/wp-content\/uploads\/2016\/11\/Liliane2c-la-marchande-de-fleurs-94x125.jpg 94w, https:\/\/www.prestigemag.co\/wp-content\/uploads\/2016\/11\/Liliane2c-la-marchande-de-fleurs-51x67.jpg 51w, https:\/\/www.prestigemag.co\/wp-content\/uploads\/2016\/11\/Liliane2c-la-marchande-de-fleurs.jpg 630w\" data-lazy-sizes=\"(max-width: 283px) 100vw, 283px\" \/><noscript><img width=\"283\" height=\"375\" class=\"aligncenter size-featured-image wp-image-11026\" src=\"http:\/\/www.prestigemag.co\/wp-content\/uploads\/2016\/11\/Liliane2c-la-marchande-de-fleurs-283x375.jpg\" alt=\"liliane%2c-la-marchande-de-fleurs\" srcset=\"https:\/\/www.prestigemag.co\/wp-content\/uploads\/2016\/11\/Liliane2c-la-marchande-de-fleurs-283x375.jpg 283w, https:\/\/www.prestigemag.co\/wp-content\/uploads\/2016\/11\/Liliane2c-la-marchande-de-fleurs-226x300.jpg 226w, https:\/\/www.prestigemag.co\/wp-content\/uploads\/2016\/11\/Liliane2c-la-marchande-de-fleurs-113x150.jpg 113w, https:\/\/www.prestigemag.co\/wp-content\/uploads\/2016\/11\/Liliane2c-la-marchande-de-fleurs-94x125.jpg 94w, https:\/\/www.prestigemag.co\/wp-content\/uploads\/2016\/11\/Liliane2c-la-marchande-de-fleurs-51x67.jpg 51w, https:\/\/www.prestigemag.co\/wp-content\/uploads\/2016\/11\/Liliane2c-la-marchande-de-fleurs.jpg 630w\" sizes=\"(max-width: 283px) 100vw, 283px\" \/><\/noscript><\/a><\/p>\n<p>Liliane, la marchande de fleurs.\u00a0\u00a9 Archives Ton amie Liliane<\/p>\n<p>&nbsp;<\/p>\n<p><strong><em>Comment d\u00e9finissez-vous votre relation avec votre fille? <\/em><\/strong>C\u2019est une relation magique, une relation m\u00e8re-fille d\u2019entente et surtout d\u2019amiti\u00e9. Nous nous comprenons \u00e9norm\u00e9ment. Elle fait ma joie et mon bonheur. Lara et moi sommes tr\u00e8s proches, nous partageons les m\u00eames passions: la nature, les enfants, la musique, les animaux&#8230; nous avons toutes les deux un c\u00f4t\u00e9 enfantin et r\u00eaveur. Par contre, lorsque nous travaillons ensemble, nous sommes un peu diff\u00e9rentes, mais chacune appr\u00e9cie et respecte l\u2019art de l\u2019autre. Dans cette pi\u00e8ce de th\u00e9\u00e2tre, nos id\u00e9es diff\u00e8rent, mais la fusion de nos deux styles est fantastique. <strong><em>Propos recueillis par<\/em> Mireille Bridi Bouabjian<\/strong><\/p>\n","protected":false},"excerpt":{"rendered":"<p><em>Prestige N 280, Novembre 2016<\/em><br \/>Au grand bonheur des petits et des grands, Ton amie Liliane, qui s\u2019est illustr\u00e9e dans les ann\u00e9es 80 \u00e0 travers son \u00e9mission t\u00e9l\u00e9vis\u00e9e, fait un heureux retour en force, en compagnie de sa talentueuse fille Lara.<\/p>\n","protected":false},"author":3,"featured_media":21082,"comment_status":"closed","ping_status":"closed","sticky":false,"template":"","format":"standard","meta":[],"categories":[13331],"tags":[],"yoast_head":"<!-- This site is optimized with the Yoast SEO plugin v19.4 - https:\/\/yoast.com\/wordpress\/plugins\/seo\/ -->\n<title>Liliane et Lara - Prestige Magazine<\/title>\n<meta name=\"description\" content=\"Prestige N 280, Novembre 2016Au grand bonheur des petits et des grands, Ton amie Liliane, qui s\u2019est illustr\u00e9e dans les ann\u00e9es 80 \u00e0 travers son \u00e9mission t\u00e9l\u00e9vis\u00e9e, fait un heureux retour en force, en compagnie de sa talentueuse fille Lara.\" \/>\n<meta name=\"robots\" content=\"index, follow, max-snippet:-1, max-image-preview:large, max-video-preview:-1\" \/>\n<link rel=\"canonical\" href=\"https:\/\/www.prestigemag.co\/fr\/2016\/11\/liliane-et-lara\/\" \/>\n<meta property=\"og:locale\" content=\"fr_FR\" \/>\n<meta property=\"og:type\" content=\"article\" \/>\n<meta property=\"og:title\" content=\"Liliane et Lara - Prestige Magazine\" \/>\n<meta property=\"og:description\" content=\"Prestige N 280, Novembre 2016Au grand bonheur des petits et des grands, Ton amie Liliane, qui s\u2019est illustr\u00e9e dans les ann\u00e9es 80 \u00e0 travers son \u00e9mission t\u00e9l\u00e9vis\u00e9e, fait un heureux retour en force, en compagnie de sa talentueuse fille Lara.\" \/>\n<meta property=\"og:url\" content=\"https:\/\/www.prestigemag.co\/fr\/2016\/11\/liliane-et-lara\/\" \/>\n<meta property=\"og:site_name\" content=\"Prestige Magazine\" \/>\n<meta property=\"article:publisher\" content=\"https:\/\/www.facebook.com\/prestigemag.co\/\" \/>\n<meta property=\"article:published_time\" content=\"2016-11-23T12:39:35+00:00\" \/>\n<meta property=\"og:image\" content=\"https:\/\/www.prestigemag.co\/wp-content\/uploads\/2016\/11\/Untitled-1-22.jpg\" \/>\n\t<meta property=\"og:image:width\" content=\"1329\" \/>\n\t<meta property=\"og:image:height\" content=\"749\" \/>\n\t<meta property=\"og:image:type\" content=\"image\/jpeg\" \/>\n<meta name=\"author\" content=\"prestige\" \/>\n<meta name=\"twitter:card\" content=\"summary\" \/>\n<meta name=\"twitter:label1\" content=\"\u00c9crit par\" \/>\n\t<meta name=\"twitter:data1\" content=\"prestige\" \/>\n\t<meta name=\"twitter:label2\" content=\"Dur\u00e9e de lecture estim\u00e9e\" \/>\n\t<meta name=\"twitter:data2\" content=\"4 minutes\" \/>\n<script type=\"application\/ld+json\" class=\"yoast-schema-graph\">{\"@context\":\"https:\/\/schema.org\",\"@graph\":[{\"@type\":\"Organization\",\"@id\":\"https:\/\/www.prestigemag.co\/#organization\",\"name\":\"Prestige\",\"url\":\"https:\/\/www.prestigemag.co\/\",\"sameAs\":[\"https:\/\/www.instagram.com\/prestige.mag\/\",\"https:\/\/www.facebook.com\/prestigemag.co\/\"],\"logo\":{\"@type\":\"ImageObject\",\"inLanguage\":\"fr-FR\",\"@id\":\"https:\/\/www.prestigemag.co\/#\/schema\/logo\/image\/\",\"url\":\"https:\/\/www.prestigemag.co\/wp-content\/uploads\/2021\/11\/logo-Prestige-800x200-1.png\",\"contentUrl\":\"https:\/\/www.prestigemag.co\/wp-content\/uploads\/2021\/11\/logo-Prestige-800x200-1.png\",\"width\":800,\"height\":200,\"caption\":\"Prestige\"},\"image\":{\"@id\":\"https:\/\/www.prestigemag.co\/#\/schema\/logo\/image\/\"}},{\"@type\":\"WebSite\",\"@id\":\"https:\/\/www.prestigemag.co\/#website\",\"url\":\"https:\/\/www.prestigemag.co\/\",\"name\":\"Prestige Magazine\",\"description\":\"Le Monde Des C\u00e9l\u00e9brit\u00e9s\",\"publisher\":{\"@id\":\"https:\/\/www.prestigemag.co\/#organization\"},\"potentialAction\":[{\"@type\":\"SearchAction\",\"target\":{\"@type\":\"EntryPoint\",\"urlTemplate\":\"https:\/\/www.prestigemag.co\/?s={search_term_string}\"},\"query-input\":\"required name=search_term_string\"}],\"inLanguage\":\"fr-FR\"},{\"@type\":\"WebPage\",\"@id\":\"https:\/\/www.prestigemag.co\/fr\/2016\/11\/liliane-et-lara\/\",\"url\":\"https:\/\/www.prestigemag.co\/fr\/2016\/11\/liliane-et-lara\/\",\"name\":\"Liliane et Lara - Prestige Magazine\",\"isPartOf\":{\"@id\":\"https:\/\/www.prestigemag.co\/#website\"},\"datePublished\":\"2016-11-23T12:39:35+00:00\",\"dateModified\":\"2016-11-23T12:39:35+00:00\",\"description\":\"Prestige N 280, Novembre 2016Au grand bonheur des petits et des grands, Ton amie Liliane, qui s\u2019est illustr\u00e9e dans les ann\u00e9es 80 \u00e0 travers son \u00e9mission t\u00e9l\u00e9vis\u00e9e, fait un heureux retour en force, en compagnie de sa talentueuse fille Lara.\",\"breadcrumb\":{\"@id\":\"https:\/\/www.prestigemag.co\/fr\/2016\/11\/liliane-et-lara\/#breadcrumb\"},\"inLanguage\":\"fr-FR\",\"potentialAction\":[{\"@type\":\"ReadAction\",\"target\":[\"https:\/\/www.prestigemag.co\/fr\/2016\/11\/liliane-et-lara\/\"]}]},{\"@type\":\"BreadcrumbList\",\"@id\":\"https:\/\/www.prestigemag.co\/fr\/2016\/11\/liliane-et-lara\/#breadcrumb\",\"itemListElement\":[{\"@type\":\"ListItem\",\"position\":1,\"name\":\"Home\",\"item\":\"https:\/\/www.prestigemag.co\/fr\/\"},{\"@type\":\"ListItem\",\"position\":2,\"name\":\"Liliane et Lara\"}]},{\"@type\":\"Article\",\"@id\":\"https:\/\/www.prestigemag.co\/fr\/2016\/11\/liliane-et-lara\/#article\",\"isPartOf\":{\"@id\":\"https:\/\/www.prestigemag.co\/fr\/2016\/11\/liliane-et-lara\/\"},\"author\":{\"name\":\"prestige\",\"@id\":\"https:\/\/www.prestigemag.co\/#\/schema\/person\/e3f149368970128d68bb2d797bf30fbc\"},\"headline\":\"Liliane et Lara\",\"datePublished\":\"2016-11-23T12:39:35+00:00\",\"dateModified\":\"2016-11-23T12:39:35+00:00\",\"mainEntityOfPage\":{\"@id\":\"https:\/\/www.prestigemag.co\/fr\/2016\/11\/liliane-et-lara\/\"},\"wordCount\":895,\"publisher\":{\"@id\":\"https:\/\/www.prestigemag.co\/#organization\"},\"articleSection\":[\"Entrevues\"],\"inLanguage\":\"fr-FR\"},{\"@type\":\"Person\",\"@id\":\"https:\/\/www.prestigemag.co\/#\/schema\/person\/e3f149368970128d68bb2d797bf30fbc\",\"name\":\"prestige\",\"image\":{\"@type\":\"ImageObject\",\"inLanguage\":\"fr-FR\",\"@id\":\"https:\/\/www.prestigemag.co\/#\/schema\/person\/image\/\",\"url\":\"https:\/\/secure.gravatar.com\/avatar\/0aa2dff5484d35e50578639a2c3ccef9?s=96&d=mm&r=g\",\"contentUrl\":\"https:\/\/secure.gravatar.com\/avatar\/0aa2dff5484d35e50578639a2c3ccef9?s=96&d=mm&r=g\",\"caption\":\"prestige\"},\"url\":\"https:\/\/www.prestigemag.co\/fr\/author\/prestige\/\"}]}<\/script>\n<!-- \/ Yoast SEO plugin. -->","yoast_head_json":{"title":"Liliane et Lara - Prestige Magazine","description":"Prestige N 280, Novembre 2016Au grand bonheur des petits et des grands, Ton amie Liliane, qui s\u2019est illustr\u00e9e dans les ann\u00e9es 80 \u00e0 travers son \u00e9mission t\u00e9l\u00e9vis\u00e9e, fait un heureux retour en force, en compagnie de sa talentueuse fille Lara.","robots":{"index":"index","follow":"follow","max-snippet":"max-snippet:-1","max-image-preview":"max-image-preview:large","max-video-preview":"max-video-preview:-1"},"canonical":"https:\/\/www.prestigemag.co\/fr\/2016\/11\/liliane-et-lara\/","og_locale":"fr_FR","og_type":"article","og_title":"Liliane et Lara - Prestige Magazine","og_description":"Prestige N 280, Novembre 2016Au grand bonheur des petits et des grands, Ton amie Liliane, qui s\u2019est illustr\u00e9e dans les ann\u00e9es 80 \u00e0 travers son \u00e9mission t\u00e9l\u00e9vis\u00e9e, fait un heureux retour en force, en compagnie de sa talentueuse fille Lara.","og_url":"https:\/\/www.prestigemag.co\/fr\/2016\/11\/liliane-et-lara\/","og_site_name":"Prestige Magazine","article_publisher":"https:\/\/www.facebook.com\/prestigemag.co\/","article_published_time":"2016-11-23T12:39:35+00:00","og_image":[{"width":1329,"height":749,"url":"https:\/\/www.prestigemag.co\/wp-content\/uploads\/2016\/11\/Untitled-1-22.jpg","type":"image\/jpeg"}],"author":"prestige","twitter_card":"summary","twitter_misc":{"\u00c9crit par":"prestige","Dur\u00e9e de lecture estim\u00e9e":"4 minutes"},"schema":{"@context":"https:\/\/schema.org","@graph":[{"@type":"Organization","@id":"https:\/\/www.prestigemag.co\/#organization","name":"Prestige","url":"https:\/\/www.prestigemag.co\/","sameAs":["https:\/\/www.instagram.com\/prestige.mag\/","https:\/\/www.facebook.com\/prestigemag.co\/"],"logo":{"@type":"ImageObject","inLanguage":"fr-FR","@id":"https:\/\/www.prestigemag.co\/#\/schema\/logo\/image\/","url":"https:\/\/www.prestigemag.co\/wp-content\/uploads\/2021\/11\/logo-Prestige-800x200-1.png","contentUrl":"https:\/\/www.prestigemag.co\/wp-content\/uploads\/2021\/11\/logo-Prestige-800x200-1.png","width":800,"height":200,"caption":"Prestige"},"image":{"@id":"https:\/\/www.prestigemag.co\/#\/schema\/logo\/image\/"}},{"@type":"WebSite","@id":"https:\/\/www.prestigemag.co\/#website","url":"https:\/\/www.prestigemag.co\/","name":"Prestige Magazine","description":"Le Monde Des C\u00e9l\u00e9brit\u00e9s","publisher":{"@id":"https:\/\/www.prestigemag.co\/#organization"},"potentialAction":[{"@type":"SearchAction","target":{"@type":"EntryPoint","urlTemplate":"https:\/\/www.prestigemag.co\/?s={search_term_string}"},"query-input":"required name=search_term_string"}],"inLanguage":"fr-FR"},{"@type":"WebPage","@id":"https:\/\/www.prestigemag.co\/fr\/2016\/11\/liliane-et-lara\/","url":"https:\/\/www.prestigemag.co\/fr\/2016\/11\/liliane-et-lara\/","name":"Liliane et Lara - Prestige Magazine","isPartOf":{"@id":"https:\/\/www.prestigemag.co\/#website"},"datePublished":"2016-11-23T12:39:35+00:00","dateModified":"2016-11-23T12:39:35+00:00","description":"Prestige N 280, Novembre 2016Au grand bonheur des petits et des grands, Ton amie Liliane, qui s\u2019est illustr\u00e9e dans les ann\u00e9es 80 \u00e0 travers son \u00e9mission t\u00e9l\u00e9vis\u00e9e, fait un heureux retour en force, en compagnie de sa talentueuse fille Lara.","breadcrumb":{"@id":"https:\/\/www.prestigemag.co\/fr\/2016\/11\/liliane-et-lara\/#breadcrumb"},"inLanguage":"fr-FR","potentialAction":[{"@type":"ReadAction","target":["https:\/\/www.prestigemag.co\/fr\/2016\/11\/liliane-et-lara\/"]}]},{"@type":"BreadcrumbList","@id":"https:\/\/www.prestigemag.co\/fr\/2016\/11\/liliane-et-lara\/#breadcrumb","itemListElement":[{"@type":"ListItem","position":1,"name":"Home","item":"https:\/\/www.prestigemag.co\/fr\/"},{"@type":"ListItem","position":2,"name":"Liliane et Lara"}]},{"@type":"Article","@id":"https:\/\/www.prestigemag.co\/fr\/2016\/11\/liliane-et-lara\/#article","isPartOf":{"@id":"https:\/\/www.prestigemag.co\/fr\/2016\/11\/liliane-et-lara\/"},"author":{"name":"prestige","@id":"https:\/\/www.prestigemag.co\/#\/schema\/person\/e3f149368970128d68bb2d797bf30fbc"},"headline":"Liliane et Lara","datePublished":"2016-11-23T12:39:35+00:00","dateModified":"2016-11-23T12:39:35+00:00","mainEntityOfPage":{"@id":"https:\/\/www.prestigemag.co\/fr\/2016\/11\/liliane-et-lara\/"},"wordCount":895,"publisher":{"@id":"https:\/\/www.prestigemag.co\/#organization"},"articleSection":["Entrevues"],"inLanguage":"fr-FR"},{"@type":"Person","@id":"https:\/\/www.prestigemag.co\/#\/schema\/person\/e3f149368970128d68bb2d797bf30fbc","name":"prestige","image":{"@type":"ImageObject","inLanguage":"fr-FR","@id":"https:\/\/www.prestigemag.co\/#\/schema\/person\/image\/","url":"https:\/\/secure.gravatar.com\/avatar\/0aa2dff5484d35e50578639a2c3ccef9?s=96&d=mm&r=g","contentUrl":"https:\/\/secure.gravatar.com\/avatar\/0aa2dff5484d35e50578639a2c3ccef9?s=96&d=mm&r=g","caption":"prestige"},"url":"https:\/\/www.prestigemag.co\/fr\/author\/prestige\/"}]}},"_links":{"self":[{"href":"https:\/\/www.prestigemag.co\/fr\/wp-json\/wp\/v2\/posts\/21081"}],"collection":[{"href":"https:\/\/www.prestigemag.co\/fr\/wp-json\/wp\/v2\/posts"}],"about":[{"href":"https:\/\/www.prestigemag.co\/fr\/wp-json\/wp\/v2\/types\/post"}],"author":[{"embeddable":true,"href":"https:\/\/www.prestigemag.co\/fr\/wp-json\/wp\/v2\/users\/3"}],"replies":[{"embeddable":true,"href":"https:\/\/www.prestigemag.co\/fr\/wp-json\/wp\/v2\/comments?post=21081"}],"version-history":[{"count":0,"href":"https:\/\/www.prestigemag.co\/fr\/wp-json\/wp\/v2\/posts\/21081\/revisions"}],"wp:featuredmedia":[{"embeddable":true,"href":"https:\/\/www.prestigemag.co\/fr\/wp-json\/wp\/v2\/media\/21082"}],"wp:attachment":[{"href":"https:\/\/www.prestigemag.co\/fr\/wp-json\/wp\/v2\/media?parent=21081"}],"wp:term":[{"taxonomy":"category","embeddable":true,"href":"https:\/\/www.prestigemag.co\/fr\/wp-json\/wp\/v2\/categories?post=21081"},{"taxonomy":"post_tag","embeddable":true,"href":"https:\/\/www.prestigemag.co\/fr\/wp-json\/wp\/v2\/tags?post=21081"}],"curies":[{"name":"wp","href":"https:\/\/api.w.org\/{rel}","templated":true}]}}