{"id":21276,"date":"2017-02-16T13:26:10","date_gmt":"2017-02-16T13:26:10","guid":{"rendered":"http:\/\/www.prestigemag.co\/2017\/02\/la-jeunesse-a-la-conference-dejeuner-de-la-chaine-des-amis\/"},"modified":"2017-02-16T13:26:10","modified_gmt":"2017-02-16T13:26:10","slug":"la-jeunesse-a-la-conference-dejeuner-de-la-chaine-des-amis","status":"publish","type":"post","link":"https:\/\/www.prestigemag.co\/fr\/2017\/02\/la-jeunesse-a-la-conference-dejeuner-de-la-chaine-des-amis\/","title":{"rendered":"La jeunesse \u00e0 la Conf\u00e9rence-d\u00e9jeuner de la Cha\u00eene des Amis"},"content":{"rendered":"<figure id=\"attachment_11630\" aria-describedby=\"caption-attachment-11630\" style=\"width: 787px\" class=\"wp-caption aligncenter\"><a href=\"http:\/\/www.prestigemag.co\/wp-content\/uploads\/2017\/02\/19-Marie-Jos\u00e9-FremNada-Melki-Zaki\u00e9-el-Khazen-Nicole-Sfeir-Dr-Souheil-Matar-la-pr\u00e9sidente-de-la-Cha\u00eene-des-Amis-Marl\u00e8ne-Tayah-Maya-Abi-Chaker-et-Raya-Nasr.jpg\"><img src=\"data:image\/svg+xml,%3Csvg%20xmlns='http:\/\/www.w3.org\/2000\/svg'%20viewBox='0%200%20787%20483'%3E%3C\/svg%3E\" class=\"zeen-lazy-load-base zeen-lazy-load wp-image-11630 size-full\" data-lazy-src=\"http:\/\/www.prestigemag.co\/wp-content\/uploads\/2017\/02\/19-Marie-Jos\u00e9-FremNada-Melki-Zaki\u00e9-el-Khazen-Nicole-Sfeir-Dr-Souheil-Matar-la-pr\u00e9sidente-de-la-Cha\u00eene-des-Amis-Marl\u00e8ne-Tayah-Maya-Abi-Chaker-et-Raya-Nasr.jpg\" width=\"787\" height=\"483\" data-lazy-srcset=\"https:\/\/www.prestigemag.co\/wp-content\/uploads\/2017\/02\/19-Marie-Jos\u00e9-FremNada-Melki-Zaki\u00e9-el-Khazen-Nicole-Sfeir-Dr-Souheil-Matar-la-pr\u00e9sidente-de-la-Cha\u00eene-des-Amis-Marl\u00e8ne-Tayah-Maya-Abi-Chaker-et-Raya-Nasr.jpg 787w, https:\/\/www.prestigemag.co\/wp-content\/uploads\/2017\/02\/19-Marie-Jos\u00e9-FremNada-Melki-Zaki\u00e9-el-Khazen-Nicole-Sfeir-Dr-Souheil-Matar-la-pr\u00e9sidente-de-la-Cha\u00eene-des-Amis-Marl\u00e8ne-Tayah-Maya-Abi-Chaker-et-Raya-Nasr-300x184.jpg 300w, https:\/\/www.prestigemag.co\/wp-content\/uploads\/2017\/02\/19-Marie-Jos\u00e9-FremNada-Melki-Zaki\u00e9-el-Khazen-Nicole-Sfeir-Dr-Souheil-Matar-la-pr\u00e9sidente-de-la-Cha\u00eene-des-Amis-Marl\u00e8ne-Tayah-Maya-Abi-Chaker-et-Raya-Nasr-768x471.jpg 768w, https:\/\/www.prestigemag.co\/wp-content\/uploads\/2017\/02\/19-Marie-Jos\u00e9-FremNada-Melki-Zaki\u00e9-el-Khazen-Nicole-Sfeir-Dr-Souheil-Matar-la-pr\u00e9sidente-de-la-Cha\u00eene-des-Amis-Marl\u00e8ne-Tayah-Maya-Abi-Chaker-et-Raya-Nasr-150x92.jpg 150w, https:\/\/www.prestigemag.co\/wp-content\/uploads\/2017\/02\/19-Marie-Jos\u00e9-FremNada-Melki-Zaki\u00e9-el-Khazen-Nicole-Sfeir-Dr-Souheil-Matar-la-pr\u00e9sidente-de-la-Cha\u00eene-des-Amis-Marl\u00e8ne-Tayah-Maya-Abi-Chaker-et-Raya-Nasr-600x368.jpg 600w, https:\/\/www.prestigemag.co\/wp-content\/uploads\/2017\/02\/19-Marie-Jos\u00e9-FremNada-Melki-Zaki\u00e9-el-Khazen-Nicole-Sfeir-Dr-Souheil-Matar-la-pr\u00e9sidente-de-la-Cha\u00eene-des-Amis-Marl\u00e8ne-Tayah-Maya-Abi-Chaker-et-Raya-Nasr-204x125.jpg 204w, https:\/\/www.prestigemag.co\/wp-content\/uploads\/2017\/02\/19-Marie-Jos\u00e9-FremNada-Melki-Zaki\u00e9-el-Khazen-Nicole-Sfeir-Dr-Souheil-Matar-la-pr\u00e9sidente-de-la-Cha\u00eene-des-Amis-Marl\u00e8ne-Tayah-Maya-Abi-Chaker-et-Raya-Nasr-109x67.jpg 109w\" data-lazy-sizes=\"(max-width: 787px) 100vw, 787px\" \/><figcaption id=\"caption-attachment-11630\" class=\"wp-caption-text\"><noscript><img class=\"wp-image-11630 size-full\" src=\"http:\/\/www.prestigemag.co\/wp-content\/uploads\/2017\/02\/19-Marie-Jos\u00e9-FremNada-Melki-Zaki\u00e9-el-Khazen-Nicole-Sfeir-Dr-Souheil-Matar-la-pr\u00e9sidente-de-la-Cha\u00eene-des-Amis-Marl\u00e8ne-Tayah-Maya-Abi-Chaker-et-Raya-Nasr.jpg\" width=\"787\" height=\"483\" srcset=\"https:\/\/www.prestigemag.co\/wp-content\/uploads\/2017\/02\/19-Marie-Jos\u00e9-FremNada-Melki-Zaki\u00e9-el-Khazen-Nicole-Sfeir-Dr-Souheil-Matar-la-pr\u00e9sidente-de-la-Cha\u00eene-des-Amis-Marl\u00e8ne-Tayah-Maya-Abi-Chaker-et-Raya-Nasr.jpg 787w, https:\/\/www.prestigemag.co\/wp-content\/uploads\/2017\/02\/19-Marie-Jos\u00e9-FremNada-Melki-Zaki\u00e9-el-Khazen-Nicole-Sfeir-Dr-Souheil-Matar-la-pr\u00e9sidente-de-la-Cha\u00eene-des-Amis-Marl\u00e8ne-Tayah-Maya-Abi-Chaker-et-Raya-Nasr-300x184.jpg 300w, https:\/\/www.prestigemag.co\/wp-content\/uploads\/2017\/02\/19-Marie-Jos\u00e9-FremNada-Melki-Zaki\u00e9-el-Khazen-Nicole-Sfeir-Dr-Souheil-Matar-la-pr\u00e9sidente-de-la-Cha\u00eene-des-Amis-Marl\u00e8ne-Tayah-Maya-Abi-Chaker-et-Raya-Nasr-768x471.jpg 768w, https:\/\/www.prestigemag.co\/wp-content\/uploads\/2017\/02\/19-Marie-Jos\u00e9-FremNada-Melki-Zaki\u00e9-el-Khazen-Nicole-Sfeir-Dr-Souheil-Matar-la-pr\u00e9sidente-de-la-Cha\u00eene-des-Amis-Marl\u00e8ne-Tayah-Maya-Abi-Chaker-et-Raya-Nasr-150x92.jpg 150w, https:\/\/www.prestigemag.co\/wp-content\/uploads\/2017\/02\/19-Marie-Jos\u00e9-FremNada-Melki-Zaki\u00e9-el-Khazen-Nicole-Sfeir-Dr-Souheil-Matar-la-pr\u00e9sidente-de-la-Cha\u00eene-des-Amis-Marl\u00e8ne-Tayah-Maya-Abi-Chaker-et-Raya-Nasr-600x368.jpg 600w, https:\/\/www.prestigemag.co\/wp-content\/uploads\/2017\/02\/19-Marie-Jos\u00e9-FremNada-Melki-Zaki\u00e9-el-Khazen-Nicole-Sfeir-Dr-Souheil-Matar-la-pr\u00e9sidente-de-la-Cha\u00eene-des-Amis-Marl\u00e8ne-Tayah-Maya-Abi-Chaker-et-Raya-Nasr-204x125.jpg 204w, https:\/\/www.prestigemag.co\/wp-content\/uploads\/2017\/02\/19-Marie-Jos\u00e9-FremNada-Melki-Zaki\u00e9-el-Khazen-Nicole-Sfeir-Dr-Souheil-Matar-la-pr\u00e9sidente-de-la-Cha\u00eene-des-Amis-Marl\u00e8ne-Tayah-Maya-Abi-Chaker-et-Raya-Nasr-109x67.jpg 109w\" sizes=\"(max-width: 787px) 100vw, 787px\" \/><\/noscript><\/a> Marie-Jos\u00e9 Frem, Nada Melki, Zaki\u00e9 el Khazen, Nicole Sfeir, Dr Souheil Matar, la pr\u00e9sidente de la cha\u008d\u008dine des amis Marl\u00e8ne Tayah, Maya Abi Chaker et Raya Nasr<\/figcaption><\/figure>\n<p>&nbsp;<\/p>\n<p>&nbsp;<\/p>\n<p>&nbsp;<\/p>\n<p>Le comit\u00e9 culturel de la cha\u00eene des amis a organis\u00e9 une conf\u00e9rence-d\u00e9jeuner \u00e0 l\u2019ATCL de Kaslik. Le conf\u00e9rencier Souheil Matar, vice-pr\u00e9sident de la LAU pour les affaires culturelles et relations publiques a donn\u00e9 une conf\u00e9rence autour du th\u00e8me : \u00abChababouna \u00e9trangers ou r\u00e9volutionnaires ou\u2026?\u00bb, en pr\u00e9sence d\u2019une assistance de 400 personnes. Les revenus du d\u00e9jeuner iront au profit des \u0153uvres caritatives de la cha\u00eene qui est pr\u00e9sid\u00e9e par Marl\u00e8ne Frem-Tayah.<\/p>\n<p>&nbsp;<\/p>\n<p>&nbsp;<\/p>\n<p>&nbsp;<\/p>\n<figure id=\"attachment_11631\" aria-describedby=\"caption-attachment-11631\" style=\"width: 300px\" class=\"wp-caption alignleft\"><a href=\"http:\/\/www.prestigemag.co\/wp-content\/uploads\/2017\/02\/18-Th\u00e9r\u00e8se-KhouryL\u00e9na-Matar-Madeleine-ChaccourMireille-Bouez-et-Mme-Nasr-assises-Vicky-Tabet-et-Lina-Rebeiz.jpg\"><img src=\"data:image\/svg+xml,%3Csvg%20xmlns='http:\/\/www.w3.org\/2000\/svg'%20viewBox='0%200%20300%20200'%3E%3C\/svg%3E\" class=\"zeen-lazy-load-base zeen-lazy-load wp-image-11631 size-medium\" data-lazy-src=\"http:\/\/www.prestigemag.co\/wp-content\/uploads\/2017\/02\/18-Th\u00e9r\u00e8se-KhouryL\u00e9na-Matar-Madeleine-ChaccourMireille-Bouez-et-Mme-Nasr-assises-Vicky-Tabet-et-Lina-Rebeiz-300x200.jpg\" width=\"300\" height=\"200\" data-lazy-srcset=\"https:\/\/www.prestigemag.co\/wp-content\/uploads\/2017\/02\/18-Th\u00e9r\u00e8se-KhouryL\u00e9na-Matar-Madeleine-ChaccourMireille-Bouez-et-Mme-Nasr-assises-Vicky-Tabet-et-Lina-Rebeiz-300x200.jpg 300w, https:\/\/www.prestigemag.co\/wp-content\/uploads\/2017\/02\/18-Th\u00e9r\u00e8se-KhouryL\u00e9na-Matar-Madeleine-ChaccourMireille-Bouez-et-Mme-Nasr-assises-Vicky-Tabet-et-Lina-Rebeiz-768x512.jpg 768w, https:\/\/www.prestigemag.co\/wp-content\/uploads\/2017\/02\/18-Th\u00e9r\u00e8se-KhouryL\u00e9na-Matar-Madeleine-ChaccourMireille-Bouez-et-Mme-Nasr-assises-Vicky-Tabet-et-Lina-Rebeiz-150x100.jpg 150w, https:\/\/www.prestigemag.co\/wp-content\/uploads\/2017\/02\/18-Th\u00e9r\u00e8se-KhouryL\u00e9na-Matar-Madeleine-ChaccourMireille-Bouez-et-Mme-Nasr-assises-Vicky-Tabet-et-Lina-Rebeiz-562x375.jpg 562w, https:\/\/www.prestigemag.co\/wp-content\/uploads\/2017\/02\/18-Th\u00e9r\u00e8se-KhouryL\u00e9na-Matar-Madeleine-ChaccourMireille-Bouez-et-Mme-Nasr-assises-Vicky-Tabet-et-Lina-Rebeiz-187x125.jpg 187w, https:\/\/www.prestigemag.co\/wp-content\/uploads\/2017\/02\/18-Th\u00e9r\u00e8se-KhouryL\u00e9na-Matar-Madeleine-ChaccourMireille-Bouez-et-Mme-Nasr-assises-Vicky-Tabet-et-Lina-Rebeiz-100x67.jpg 100w, https:\/\/www.prestigemag.co\/wp-content\/uploads\/2017\/02\/18-Th\u00e9r\u00e8se-KhouryL\u00e9na-Matar-Madeleine-ChaccourMireille-Bouez-et-Mme-Nasr-assises-Vicky-Tabet-et-Lina-Rebeiz.jpg 787w\" data-lazy-sizes=\"(max-width: 300px) 100vw, 300px\" \/><figcaption id=\"caption-attachment-11631\" class=\"wp-caption-text\"><noscript><img class=\"wp-image-11631 size-medium\" src=\"http:\/\/www.prestigemag.co\/wp-content\/uploads\/2017\/02\/18-Th\u00e9r\u00e8se-KhouryL\u00e9na-Matar-Madeleine-ChaccourMireille-Bouez-et-Mme-Nasr-assises-Vicky-Tabet-et-Lina-Rebeiz-300x200.jpg\" width=\"300\" height=\"200\" srcset=\"https:\/\/www.prestigemag.co\/wp-content\/uploads\/2017\/02\/18-Th\u00e9r\u00e8se-KhouryL\u00e9na-Matar-Madeleine-ChaccourMireille-Bouez-et-Mme-Nasr-assises-Vicky-Tabet-et-Lina-Rebeiz-300x200.jpg 300w, https:\/\/www.prestigemag.co\/wp-content\/uploads\/2017\/02\/18-Th\u00e9r\u00e8se-KhouryL\u00e9na-Matar-Madeleine-ChaccourMireille-Bouez-et-Mme-Nasr-assises-Vicky-Tabet-et-Lina-Rebeiz-768x512.jpg 768w, https:\/\/www.prestigemag.co\/wp-content\/uploads\/2017\/02\/18-Th\u00e9r\u00e8se-KhouryL\u00e9na-Matar-Madeleine-ChaccourMireille-Bouez-et-Mme-Nasr-assises-Vicky-Tabet-et-Lina-Rebeiz-150x100.jpg 150w, https:\/\/www.prestigemag.co\/wp-content\/uploads\/2017\/02\/18-Th\u00e9r\u00e8se-KhouryL\u00e9na-Matar-Madeleine-ChaccourMireille-Bouez-et-Mme-Nasr-assises-Vicky-Tabet-et-Lina-Rebeiz-562x375.jpg 562w, https:\/\/www.prestigemag.co\/wp-content\/uploads\/2017\/02\/18-Th\u00e9r\u00e8se-KhouryL\u00e9na-Matar-Madeleine-ChaccourMireille-Bouez-et-Mme-Nasr-assises-Vicky-Tabet-et-Lina-Rebeiz-187x125.jpg 187w, https:\/\/www.prestigemag.co\/wp-content\/uploads\/2017\/02\/18-Th\u00e9r\u00e8se-KhouryL\u00e9na-Matar-Madeleine-ChaccourMireille-Bouez-et-Mme-Nasr-assises-Vicky-Tabet-et-Lina-Rebeiz-100x67.jpg 100w, https:\/\/www.prestigemag.co\/wp-content\/uploads\/2017\/02\/18-Th\u00e9r\u00e8se-KhouryL\u00e9na-Matar-Madeleine-ChaccourMireille-Bouez-et-Mme-Nasr-assises-Vicky-Tabet-et-Lina-Rebeiz.jpg 787w\" sizes=\"(max-width: 300px) 100vw, 300px\" \/><\/noscript><\/a> Th\u00e9r\u00e8se Khoury, L\u00e9na Matar, Madeleine Chaccour, Mireille Bouez et Mme Nasr. Assises Vicky Tabet et Lina Rebeiz.<\/figcaption><\/figure>\n<figure id=\"attachment_11632\" aria-describedby=\"caption-attachment-11632\" style=\"width: 300px\" class=\"wp-caption alignleft\"><a href=\"http:\/\/www.prestigemag.co\/wp-content\/uploads\/2017\/02\/2-Durant-la-conf\u00e9rence.jpg\"><img src=\"data:image\/svg+xml,%3Csvg%20xmlns='http:\/\/www.w3.org\/2000\/svg'%20viewBox='0%200%20300%20200'%3E%3C\/svg%3E\" class=\"zeen-lazy-load-base zeen-lazy-load wp-image-11632 size-medium\" data-lazy-src=\"http:\/\/www.prestigemag.co\/wp-content\/uploads\/2017\/02\/2-Durant-la-conf\u00e9rence-300x200.jpg\" width=\"300\" height=\"200\" data-lazy-srcset=\"https:\/\/www.prestigemag.co\/wp-content\/uploads\/2017\/02\/2-Durant-la-conf\u00e9rence-300x200.jpg 300w, https:\/\/www.prestigemag.co\/wp-content\/uploads\/2017\/02\/2-Durant-la-conf\u00e9rence-768x512.jpg 768w, https:\/\/www.prestigemag.co\/wp-content\/uploads\/2017\/02\/2-Durant-la-conf\u00e9rence-150x100.jpg 150w, https:\/\/www.prestigemag.co\/wp-content\/uploads\/2017\/02\/2-Durant-la-conf\u00e9rence-562x375.jpg 562w, https:\/\/www.prestigemag.co\/wp-content\/uploads\/2017\/02\/2-Durant-la-conf\u00e9rence-187x125.jpg 187w, https:\/\/www.prestigemag.co\/wp-content\/uploads\/2017\/02\/2-Durant-la-conf\u00e9rence-100x67.jpg 100w, https:\/\/www.prestigemag.co\/wp-content\/uploads\/2017\/02\/2-Durant-la-conf\u00e9rence.jpg 787w\" data-lazy-sizes=\"(max-width: 300px) 100vw, 300px\" \/><figcaption id=\"caption-attachment-11632\" class=\"wp-caption-text\"><noscript><img class=\"wp-image-11632 size-medium\" src=\"http:\/\/www.prestigemag.co\/wp-content\/uploads\/2017\/02\/2-Durant-la-conf\u00e9rence-300x200.jpg\" width=\"300\" height=\"200\" srcset=\"https:\/\/www.prestigemag.co\/wp-content\/uploads\/2017\/02\/2-Durant-la-conf\u00e9rence-300x200.jpg 300w, https:\/\/www.prestigemag.co\/wp-content\/uploads\/2017\/02\/2-Durant-la-conf\u00e9rence-768x512.jpg 768w, https:\/\/www.prestigemag.co\/wp-content\/uploads\/2017\/02\/2-Durant-la-conf\u00e9rence-150x100.jpg 150w, https:\/\/www.prestigemag.co\/wp-content\/uploads\/2017\/02\/2-Durant-la-conf\u00e9rence-562x375.jpg 562w, https:\/\/www.prestigemag.co\/wp-content\/uploads\/2017\/02\/2-Durant-la-conf\u00e9rence-187x125.jpg 187w, https:\/\/www.prestigemag.co\/wp-content\/uploads\/2017\/02\/2-Durant-la-conf\u00e9rence-100x67.jpg 100w, https:\/\/www.prestigemag.co\/wp-content\/uploads\/2017\/02\/2-Durant-la-conf\u00e9rence.jpg 787w\" sizes=\"(max-width: 300px) 100vw, 300px\" \/><\/noscript><\/a> Durant la conf\u00e9rence.<\/figcaption><\/figure>\n<p>&nbsp;<\/p>\n<p>&nbsp;<\/p>\n<p>&nbsp;<\/p>\n<p>&nbsp;<\/p>\n<p>&nbsp;<\/p>\n<p>&nbsp;<\/p>\n<p>&nbsp;<\/p>\n<p>&nbsp;<\/p>\n<p>&nbsp;<\/p>\n<p>&nbsp;<\/p>\n<figure id=\"attachment_11633\" aria-describedby=\"caption-attachment-11633\" style=\"width: 300px\" class=\"wp-caption alignleft\"><a href=\"http:\/\/www.prestigemag.co\/wp-content\/uploads\/2017\/02\/3-Maya-Frem-Rona-Zeina-Khalif\u00e9-Salma-Sfeir-Marl\u00e8ne-Tayah-et-la-ministre-Alice-Chabtini-.jpg\"><img src=\"data:image\/svg+xml,%3Csvg%20xmlns='http:\/\/www.w3.org\/2000\/svg'%20viewBox='0%200%20300%20200'%3E%3C\/svg%3E\" class=\"zeen-lazy-load-base zeen-lazy-load wp-image-11633 size-medium\" data-lazy-src=\"http:\/\/www.prestigemag.co\/wp-content\/uploads\/2017\/02\/3-Maya-Frem-Rona-Zeina-Khalif\u00e9-Salma-Sfeir-Marl\u00e8ne-Tayah-et-la-ministre-Alice-Chabtini--300x200.jpg\" width=\"300\" height=\"200\" data-lazy-srcset=\"https:\/\/www.prestigemag.co\/wp-content\/uploads\/2017\/02\/3-Maya-Frem-Rona-Zeina-Khalif\u00e9-Salma-Sfeir-Marl\u00e8ne-Tayah-et-la-ministre-Alice-Chabtini--300x200.jpg 300w, https:\/\/www.prestigemag.co\/wp-content\/uploads\/2017\/02\/3-Maya-Frem-Rona-Zeina-Khalif\u00e9-Salma-Sfeir-Marl\u00e8ne-Tayah-et-la-ministre-Alice-Chabtini--768x512.jpg 768w, https:\/\/www.prestigemag.co\/wp-content\/uploads\/2017\/02\/3-Maya-Frem-Rona-Zeina-Khalif\u00e9-Salma-Sfeir-Marl\u00e8ne-Tayah-et-la-ministre-Alice-Chabtini--150x100.jpg 150w, https:\/\/www.prestigemag.co\/wp-content\/uploads\/2017\/02\/3-Maya-Frem-Rona-Zeina-Khalif\u00e9-Salma-Sfeir-Marl\u00e8ne-Tayah-et-la-ministre-Alice-Chabtini--562x375.jpg 562w, https:\/\/www.prestigemag.co\/wp-content\/uploads\/2017\/02\/3-Maya-Frem-Rona-Zeina-Khalif\u00e9-Salma-Sfeir-Marl\u00e8ne-Tayah-et-la-ministre-Alice-Chabtini--187x125.jpg 187w, https:\/\/www.prestigemag.co\/wp-content\/uploads\/2017\/02\/3-Maya-Frem-Rona-Zeina-Khalif\u00e9-Salma-Sfeir-Marl\u00e8ne-Tayah-et-la-ministre-Alice-Chabtini--100x67.jpg 100w, https:\/\/www.prestigemag.co\/wp-content\/uploads\/2017\/02\/3-Maya-Frem-Rona-Zeina-Khalif\u00e9-Salma-Sfeir-Marl\u00e8ne-Tayah-et-la-ministre-Alice-Chabtini-.jpg 787w\" data-lazy-sizes=\"(max-width: 300px) 100vw, 300px\" \/><figcaption id=\"caption-attachment-11633\" class=\"wp-caption-text\"><noscript><img class=\"wp-image-11633 size-medium\" src=\"http:\/\/www.prestigemag.co\/wp-content\/uploads\/2017\/02\/3-Maya-Frem-Rona-Zeina-Khalif\u00e9-Salma-Sfeir-Marl\u00e8ne-Tayah-et-la-ministre-Alice-Chabtini--300x200.jpg\" width=\"300\" height=\"200\" srcset=\"https:\/\/www.prestigemag.co\/wp-content\/uploads\/2017\/02\/3-Maya-Frem-Rona-Zeina-Khalif\u00e9-Salma-Sfeir-Marl\u00e8ne-Tayah-et-la-ministre-Alice-Chabtini--300x200.jpg 300w, https:\/\/www.prestigemag.co\/wp-content\/uploads\/2017\/02\/3-Maya-Frem-Rona-Zeina-Khalif\u00e9-Salma-Sfeir-Marl\u00e8ne-Tayah-et-la-ministre-Alice-Chabtini--768x512.jpg 768w, https:\/\/www.prestigemag.co\/wp-content\/uploads\/2017\/02\/3-Maya-Frem-Rona-Zeina-Khalif\u00e9-Salma-Sfeir-Marl\u00e8ne-Tayah-et-la-ministre-Alice-Chabtini--150x100.jpg 150w, https:\/\/www.prestigemag.co\/wp-content\/uploads\/2017\/02\/3-Maya-Frem-Rona-Zeina-Khalif\u00e9-Salma-Sfeir-Marl\u00e8ne-Tayah-et-la-ministre-Alice-Chabtini--562x375.jpg 562w, https:\/\/www.prestigemag.co\/wp-content\/uploads\/2017\/02\/3-Maya-Frem-Rona-Zeina-Khalif\u00e9-Salma-Sfeir-Marl\u00e8ne-Tayah-et-la-ministre-Alice-Chabtini--187x125.jpg 187w, https:\/\/www.prestigemag.co\/wp-content\/uploads\/2017\/02\/3-Maya-Frem-Rona-Zeina-Khalif\u00e9-Salma-Sfeir-Marl\u00e8ne-Tayah-et-la-ministre-Alice-Chabtini--100x67.jpg 100w, https:\/\/www.prestigemag.co\/wp-content\/uploads\/2017\/02\/3-Maya-Frem-Rona-Zeina-Khalif\u00e9-Salma-Sfeir-Marl\u00e8ne-Tayah-et-la-ministre-Alice-Chabtini-.jpg 787w\" sizes=\"(max-width: 300px) 100vw, 300px\" \/><\/noscript><\/a> Maya Frem, Rona, Zeina Khalif\u00e9, Salma Sfeir, Marl\u00e8ne Tayah et la ministre Alice Chabtini.<\/figcaption><\/figure>\n<figure id=\"attachment_11634\" aria-describedby=\"caption-attachment-11634\" style=\"width: 300px\" class=\"wp-caption alignleft\"><a href=\"http:\/\/www.prestigemag.co\/wp-content\/uploads\/2017\/02\/15-\u0646\u0639\u0645\u0647-\u0639\u0648\u0646-\u0645\u0627\u0631\u0633\u0627\u0644-\u0634\u0643\u0631\u0648\u0644\u0627-\u0646\u0635\u0631.jpg\"><img src=\"data:image\/svg+xml,%3Csvg%20xmlns='http:\/\/www.w3.org\/2000\/svg'%20viewBox='0%200%20300%20200'%3E%3C\/svg%3E\" class=\"zeen-lazy-load-base zeen-lazy-load wp-image-11634 size-medium\" data-lazy-src=\"http:\/\/www.prestigemag.co\/wp-content\/uploads\/2017\/02\/15-\u0646\u0639\u0645\u0647-\u0639\u0648\u0646-\u0645\u0627\u0631\u0633\u0627\u0644-\u0634\u0643\u0631\u0648\u0644\u0627-\u0646\u0635\u0631-300x200.jpg\" width=\"300\" height=\"200\" data-lazy-srcset=\"https:\/\/www.prestigemag.co\/wp-content\/uploads\/2017\/02\/15-\u0646\u0639\u0645\u0647-\u0639\u0648\u0646-\u0645\u0627\u0631\u0633\u0627\u0644-\u0634\u0643\u0631\u0648\u0644\u0627-\u0646\u0635\u0631-300x200.jpg 300w, https:\/\/www.prestigemag.co\/wp-content\/uploads\/2017\/02\/15-\u0646\u0639\u0645\u0647-\u0639\u0648\u0646-\u0645\u0627\u0631\u0633\u0627\u0644-\u0634\u0643\u0631\u0648\u0644\u0627-\u0646\u0635\u0631-768x512.jpg 768w, https:\/\/www.prestigemag.co\/wp-content\/uploads\/2017\/02\/15-\u0646\u0639\u0645\u0647-\u0639\u0648\u0646-\u0645\u0627\u0631\u0633\u0627\u0644-\u0634\u0643\u0631\u0648\u0644\u0627-\u0646\u0635\u0631-150x100.jpg 150w, https:\/\/www.prestigemag.co\/wp-content\/uploads\/2017\/02\/15-\u0646\u0639\u0645\u0647-\u0639\u0648\u0646-\u0645\u0627\u0631\u0633\u0627\u0644-\u0634\u0643\u0631\u0648\u0644\u0627-\u0646\u0635\u0631-562x375.jpg 562w, https:\/\/www.prestigemag.co\/wp-content\/uploads\/2017\/02\/15-\u0646\u0639\u0645\u0647-\u0639\u0648\u0646-\u0645\u0627\u0631\u0633\u0627\u0644-\u0634\u0643\u0631\u0648\u0644\u0627-\u0646\u0635\u0631-187x125.jpg 187w, https:\/\/www.prestigemag.co\/wp-content\/uploads\/2017\/02\/15-\u0646\u0639\u0645\u0647-\u0639\u0648\u0646-\u0645\u0627\u0631\u0633\u0627\u0644-\u0634\u0643\u0631\u0648\u0644\u0627-\u0646\u0635\u0631-100x67.jpg 100w, https:\/\/www.prestigemag.co\/wp-content\/uploads\/2017\/02\/15-\u0646\u0639\u0645\u0647-\u0639\u0648\u0646-\u0645\u0627\u0631\u0633\u0627\u0644-\u0634\u0643\u0631\u0648\u0644\u0627-\u0646\u0635\u0631.jpg 787w\" data-lazy-sizes=\"(max-width: 300px) 100vw, 300px\" \/><figcaption id=\"caption-attachment-11634\" class=\"wp-caption-text\"><noscript><img class=\"wp-image-11634 size-medium\" src=\"http:\/\/www.prestigemag.co\/wp-content\/uploads\/2017\/02\/15-\u0646\u0639\u0645\u0647-\u0639\u0648\u0646-\u0645\u0627\u0631\u0633\u0627\u0644-\u0634\u0643\u0631\u0648\u0644\u0627-\u0646\u0635\u0631-300x200.jpg\" width=\"300\" height=\"200\" srcset=\"https:\/\/www.prestigemag.co\/wp-content\/uploads\/2017\/02\/15-\u0646\u0639\u0645\u0647-\u0639\u0648\u0646-\u0645\u0627\u0631\u0633\u0627\u0644-\u0634\u0643\u0631\u0648\u0644\u0627-\u0646\u0635\u0631-300x200.jpg 300w, https:\/\/www.prestigemag.co\/wp-content\/uploads\/2017\/02\/15-\u0646\u0639\u0645\u0647-\u0639\u0648\u0646-\u0645\u0627\u0631\u0633\u0627\u0644-\u0634\u0643\u0631\u0648\u0644\u0627-\u0646\u0635\u0631-768x512.jpg 768w, https:\/\/www.prestigemag.co\/wp-content\/uploads\/2017\/02\/15-\u0646\u0639\u0645\u0647-\u0639\u0648\u0646-\u0645\u0627\u0631\u0633\u0627\u0644-\u0634\u0643\u0631\u0648\u0644\u0627-\u0646\u0635\u0631-150x100.jpg 150w, https:\/\/www.prestigemag.co\/wp-content\/uploads\/2017\/02\/15-\u0646\u0639\u0645\u0647-\u0639\u0648\u0646-\u0645\u0627\u0631\u0633\u0627\u0644-\u0634\u0643\u0631\u0648\u0644\u0627-\u0646\u0635\u0631-562x375.jpg 562w, https:\/\/www.prestigemag.co\/wp-content\/uploads\/2017\/02\/15-\u0646\u0639\u0645\u0647-\u0639\u0648\u0646-\u0645\u0627\u0631\u0633\u0627\u0644-\u0634\u0643\u0631\u0648\u0644\u0627-\u0646\u0635\u0631-187x125.jpg 187w, https:\/\/www.prestigemag.co\/wp-content\/uploads\/2017\/02\/15-\u0646\u0639\u0645\u0647-\u0639\u0648\u0646-\u0645\u0627\u0631\u0633\u0627\u0644-\u0634\u0643\u0631\u0648\u0644\u0627-\u0646\u0635\u0631-100x67.jpg 100w, https:\/\/www.prestigemag.co\/wp-content\/uploads\/2017\/02\/15-\u0646\u0639\u0645\u0647-\u0639\u0648\u0646-\u0645\u0627\u0631\u0633\u0627\u0644-\u0634\u0643\u0631\u0648\u0644\u0627-\u0646\u0635\u0631.jpg 787w\" sizes=\"(max-width: 300px) 100vw, 300px\" \/><\/noscript><\/a> Nehm\u00e9 Aoun, Marcelle Chukr, Roula Nasr<\/figcaption><\/figure>\n<p>&nbsp;<\/p>\n<p>&nbsp;<\/p>\n<p>&nbsp;<\/p>\n<p>&nbsp;<\/p>\n<p>&nbsp;<\/p>\n<p>&nbsp;<\/p>\n<p>&nbsp;<\/p>\n<p>&nbsp;<\/p>\n<p>&nbsp;<\/p>\n<p>&nbsp;<\/p>\n<figure id=\"attachment_11635\" aria-describedby=\"caption-attachment-11635\" style=\"width: 300px\" class=\"wp-caption alignleft\"><a href=\"http:\/\/www.prestigemag.co\/wp-content\/uploads\/2017\/02\/12-Zaki\u00e9-el-KhazenMaha-Barakatdebout-Souheila-Abi-Nasr-et-Marianne-Mouawad.jpg\"><img src=\"data:image\/svg+xml,%3Csvg%20xmlns='http:\/\/www.w3.org\/2000\/svg'%20viewBox='0%200%20300%20200'%3E%3C\/svg%3E\" class=\"zeen-lazy-load-base zeen-lazy-load wp-image-11635 size-medium\" data-lazy-src=\"http:\/\/www.prestigemag.co\/wp-content\/uploads\/2017\/02\/12-Zaki\u00e9-el-KhazenMaha-Barakatdebout-Souheila-Abi-Nasr-et-Marianne-Mouawad-300x200.jpg\" width=\"300\" height=\"200\" data-lazy-srcset=\"https:\/\/www.prestigemag.co\/wp-content\/uploads\/2017\/02\/12-Zaki\u00e9-el-KhazenMaha-Barakatdebout-Souheila-Abi-Nasr-et-Marianne-Mouawad-300x200.jpg 300w, https:\/\/www.prestigemag.co\/wp-content\/uploads\/2017\/02\/12-Zaki\u00e9-el-KhazenMaha-Barakatdebout-Souheila-Abi-Nasr-et-Marianne-Mouawad-768x512.jpg 768w, https:\/\/www.prestigemag.co\/wp-content\/uploads\/2017\/02\/12-Zaki\u00e9-el-KhazenMaha-Barakatdebout-Souheila-Abi-Nasr-et-Marianne-Mouawad-150x100.jpg 150w, https:\/\/www.prestigemag.co\/wp-content\/uploads\/2017\/02\/12-Zaki\u00e9-el-KhazenMaha-Barakatdebout-Souheila-Abi-Nasr-et-Marianne-Mouawad-562x375.jpg 562w, https:\/\/www.prestigemag.co\/wp-content\/uploads\/2017\/02\/12-Zaki\u00e9-el-KhazenMaha-Barakatdebout-Souheila-Abi-Nasr-et-Marianne-Mouawad-187x125.jpg 187w, https:\/\/www.prestigemag.co\/wp-content\/uploads\/2017\/02\/12-Zaki\u00e9-el-KhazenMaha-Barakatdebout-Souheila-Abi-Nasr-et-Marianne-Mouawad-100x67.jpg 100w, https:\/\/www.prestigemag.co\/wp-content\/uploads\/2017\/02\/12-Zaki\u00e9-el-KhazenMaha-Barakatdebout-Souheila-Abi-Nasr-et-Marianne-Mouawad.jpg 787w\" data-lazy-sizes=\"(max-width: 300px) 100vw, 300px\" \/><figcaption id=\"caption-attachment-11635\" class=\"wp-caption-text\"><noscript><img class=\"wp-image-11635 size-medium\" src=\"http:\/\/www.prestigemag.co\/wp-content\/uploads\/2017\/02\/12-Zaki\u00e9-el-KhazenMaha-Barakatdebout-Souheila-Abi-Nasr-et-Marianne-Mouawad-300x200.jpg\" width=\"300\" height=\"200\" srcset=\"https:\/\/www.prestigemag.co\/wp-content\/uploads\/2017\/02\/12-Zaki\u00e9-el-KhazenMaha-Barakatdebout-Souheila-Abi-Nasr-et-Marianne-Mouawad-300x200.jpg 300w, https:\/\/www.prestigemag.co\/wp-content\/uploads\/2017\/02\/12-Zaki\u00e9-el-KhazenMaha-Barakatdebout-Souheila-Abi-Nasr-et-Marianne-Mouawad-768x512.jpg 768w, https:\/\/www.prestigemag.co\/wp-content\/uploads\/2017\/02\/12-Zaki\u00e9-el-KhazenMaha-Barakatdebout-Souheila-Abi-Nasr-et-Marianne-Mouawad-150x100.jpg 150w, https:\/\/www.prestigemag.co\/wp-content\/uploads\/2017\/02\/12-Zaki\u00e9-el-KhazenMaha-Barakatdebout-Souheila-Abi-Nasr-et-Marianne-Mouawad-562x375.jpg 562w, https:\/\/www.prestigemag.co\/wp-content\/uploads\/2017\/02\/12-Zaki\u00e9-el-KhazenMaha-Barakatdebout-Souheila-Abi-Nasr-et-Marianne-Mouawad-187x125.jpg 187w, https:\/\/www.prestigemag.co\/wp-content\/uploads\/2017\/02\/12-Zaki\u00e9-el-KhazenMaha-Barakatdebout-Souheila-Abi-Nasr-et-Marianne-Mouawad-100x67.jpg 100w, https:\/\/www.prestigemag.co\/wp-content\/uploads\/2017\/02\/12-Zaki\u00e9-el-KhazenMaha-Barakatdebout-Souheila-Abi-Nasr-et-Marianne-Mouawad.jpg 787w\" sizes=\"(max-width: 300px) 100vw, 300px\" \/><\/noscript><\/a> Zaki\u00e9 el Khazen, Maha Barakat. Debout Souheila Abi Nasr et Marianne Mouawad.<\/figcaption><\/figure>\n<figure id=\"attachment_11636\" aria-describedby=\"caption-attachment-11636\" style=\"width: 300px\" class=\"wp-caption alignleft\"><a href=\"http:\/\/www.prestigemag.co\/wp-content\/uploads\/2017\/02\/9-Nada-Khnaisser-et-Josiane-Khalif\u00e9.jpg\"><img src=\"data:image\/svg+xml,%3Csvg%20xmlns='http:\/\/www.w3.org\/2000\/svg'%20viewBox='0%200%20300%20200'%3E%3C\/svg%3E\" class=\"zeen-lazy-load-base zeen-lazy-load wp-image-11636 size-medium\" data-lazy-src=\"http:\/\/www.prestigemag.co\/wp-content\/uploads\/2017\/02\/9-Nada-Khnaisser-et-Josiane-Khalif\u00e9-300x200.jpg\" width=\"300\" height=\"200\" data-lazy-srcset=\"https:\/\/www.prestigemag.co\/wp-content\/uploads\/2017\/02\/9-Nada-Khnaisser-et-Josiane-Khalif\u00e9-300x200.jpg 300w, https:\/\/www.prestigemag.co\/wp-content\/uploads\/2017\/02\/9-Nada-Khnaisser-et-Josiane-Khalif\u00e9-768x512.jpg 768w, https:\/\/www.prestigemag.co\/wp-content\/uploads\/2017\/02\/9-Nada-Khnaisser-et-Josiane-Khalif\u00e9-150x100.jpg 150w, https:\/\/www.prestigemag.co\/wp-content\/uploads\/2017\/02\/9-Nada-Khnaisser-et-Josiane-Khalif\u00e9-562x375.jpg 562w, https:\/\/www.prestigemag.co\/wp-content\/uploads\/2017\/02\/9-Nada-Khnaisser-et-Josiane-Khalif\u00e9-187x125.jpg 187w, https:\/\/www.prestigemag.co\/wp-content\/uploads\/2017\/02\/9-Nada-Khnaisser-et-Josiane-Khalif\u00e9-100x67.jpg 100w, https:\/\/www.prestigemag.co\/wp-content\/uploads\/2017\/02\/9-Nada-Khnaisser-et-Josiane-Khalif\u00e9.jpg 787w\" data-lazy-sizes=\"(max-width: 300px) 100vw, 300px\" \/><figcaption id=\"caption-attachment-11636\" class=\"wp-caption-text\"><noscript><img class=\"wp-image-11636 size-medium\" src=\"http:\/\/www.prestigemag.co\/wp-content\/uploads\/2017\/02\/9-Nada-Khnaisser-et-Josiane-Khalif\u00e9-300x200.jpg\" width=\"300\" height=\"200\" srcset=\"https:\/\/www.prestigemag.co\/wp-content\/uploads\/2017\/02\/9-Nada-Khnaisser-et-Josiane-Khalif\u00e9-300x200.jpg 300w, https:\/\/www.prestigemag.co\/wp-content\/uploads\/2017\/02\/9-Nada-Khnaisser-et-Josiane-Khalif\u00e9-768x512.jpg 768w, https:\/\/www.prestigemag.co\/wp-content\/uploads\/2017\/02\/9-Nada-Khnaisser-et-Josiane-Khalif\u00e9-150x100.jpg 150w, https:\/\/www.prestigemag.co\/wp-content\/uploads\/2017\/02\/9-Nada-Khnaisser-et-Josiane-Khalif\u00e9-562x375.jpg 562w, https:\/\/www.prestigemag.co\/wp-content\/uploads\/2017\/02\/9-Nada-Khnaisser-et-Josiane-Khalif\u00e9-187x125.jpg 187w, https:\/\/www.prestigemag.co\/wp-content\/uploads\/2017\/02\/9-Nada-Khnaisser-et-Josiane-Khalif\u00e9-100x67.jpg 100w, https:\/\/www.prestigemag.co\/wp-content\/uploads\/2017\/02\/9-Nada-Khnaisser-et-Josiane-Khalif\u00e9.jpg 787w\" sizes=\"(max-width: 300px) 100vw, 300px\" \/><\/noscript><\/a> Nada Khnaisser et Josiane Khalif\u00e9.<\/figcaption><\/figure>\n<p>&nbsp;<\/p>\n<p>&nbsp;<\/p>\n<p>&nbsp;<\/p>\n<p>&nbsp;<\/p>\n<p>&nbsp;<\/p>\n<p>&nbsp;<\/p>\n<p>&nbsp;<\/p>\n<p>&nbsp;<\/p>\n<p>&nbsp;<\/p>\n<p>&nbsp;<\/p>\n<figure id=\"attachment_11637\" aria-describedby=\"caption-attachment-11637\" style=\"width: 300px\" class=\"wp-caption alignleft\"><a href=\"http:\/\/www.prestigemag.co\/wp-content\/uploads\/2017\/02\/6-Amal-Hani-et-Nada-Korm-.jpg\"><img src=\"data:image\/svg+xml,%3Csvg%20xmlns='http:\/\/www.w3.org\/2000\/svg'%20viewBox='0%200%20300%20200'%3E%3C\/svg%3E\" class=\"zeen-lazy-load-base zeen-lazy-load wp-image-11637 size-medium\" data-lazy-src=\"http:\/\/www.prestigemag.co\/wp-content\/uploads\/2017\/02\/6-Amal-Hani-et-Nada-Korm--300x200.jpg\" width=\"300\" height=\"200\" data-lazy-srcset=\"https:\/\/www.prestigemag.co\/wp-content\/uploads\/2017\/02\/6-Amal-Hani-et-Nada-Korm--300x200.jpg 300w, https:\/\/www.prestigemag.co\/wp-content\/uploads\/2017\/02\/6-Amal-Hani-et-Nada-Korm--768x512.jpg 768w, https:\/\/www.prestigemag.co\/wp-content\/uploads\/2017\/02\/6-Amal-Hani-et-Nada-Korm--150x100.jpg 150w, https:\/\/www.prestigemag.co\/wp-content\/uploads\/2017\/02\/6-Amal-Hani-et-Nada-Korm--562x375.jpg 562w, https:\/\/www.prestigemag.co\/wp-content\/uploads\/2017\/02\/6-Amal-Hani-et-Nada-Korm--187x125.jpg 187w, https:\/\/www.prestigemag.co\/wp-content\/uploads\/2017\/02\/6-Amal-Hani-et-Nada-Korm--100x67.jpg 100w, https:\/\/www.prestigemag.co\/wp-content\/uploads\/2017\/02\/6-Amal-Hani-et-Nada-Korm-.jpg 787w\" data-lazy-sizes=\"(max-width: 300px) 100vw, 300px\" \/><figcaption id=\"caption-attachment-11637\" class=\"wp-caption-text\"><noscript><img class=\"wp-image-11637 size-medium\" src=\"http:\/\/www.prestigemag.co\/wp-content\/uploads\/2017\/02\/6-Amal-Hani-et-Nada-Korm--300x200.jpg\" width=\"300\" height=\"200\" srcset=\"https:\/\/www.prestigemag.co\/wp-content\/uploads\/2017\/02\/6-Amal-Hani-et-Nada-Korm--300x200.jpg 300w, https:\/\/www.prestigemag.co\/wp-content\/uploads\/2017\/02\/6-Amal-Hani-et-Nada-Korm--768x512.jpg 768w, https:\/\/www.prestigemag.co\/wp-content\/uploads\/2017\/02\/6-Amal-Hani-et-Nada-Korm--150x100.jpg 150w, https:\/\/www.prestigemag.co\/wp-content\/uploads\/2017\/02\/6-Amal-Hani-et-Nada-Korm--562x375.jpg 562w, https:\/\/www.prestigemag.co\/wp-content\/uploads\/2017\/02\/6-Amal-Hani-et-Nada-Korm--187x125.jpg 187w, https:\/\/www.prestigemag.co\/wp-content\/uploads\/2017\/02\/6-Amal-Hani-et-Nada-Korm--100x67.jpg 100w, https:\/\/www.prestigemag.co\/wp-content\/uploads\/2017\/02\/6-Amal-Hani-et-Nada-Korm-.jpg 787w\" sizes=\"(max-width: 300px) 100vw, 300px\" \/><\/noscript><\/a> Amal Hani et Nada Korm<\/figcaption><\/figure>\n<figure id=\"attachment_11638\" aria-describedby=\"caption-attachment-11638\" style=\"width: 300px\" class=\"wp-caption alignleft\"><a href=\"http:\/\/www.prestigemag.co\/wp-content\/uploads\/2017\/02\/7-\u0641\u0631\u064a\u062f\u0627-\u0639\u0637\u0627\u0644\u0644\u0647-\u0645\u064a\u0631\u0627\u064a-\u0645\u0627\u0631\u0648\u0646\u064a.jpg\"><img src=\"data:image\/svg+xml,%3Csvg%20xmlns='http:\/\/www.w3.org\/2000\/svg'%20viewBox='0%200%20300%20200'%3E%3C\/svg%3E\" class=\"zeen-lazy-load-base zeen-lazy-load wp-image-11638 size-medium\" data-lazy-src=\"http:\/\/www.prestigemag.co\/wp-content\/uploads\/2017\/02\/7-\u0641\u0631\u064a\u062f\u0627-\u0639\u0637\u0627\u0644\u0644\u0647-\u0645\u064a\u0631\u0627\u064a-\u0645\u0627\u0631\u0648\u0646\u064a-300x200.jpg\" width=\"300\" height=\"200\" data-lazy-srcset=\"https:\/\/www.prestigemag.co\/wp-content\/uploads\/2017\/02\/7-\u0641\u0631\u064a\u062f\u0627-\u0639\u0637\u0627\u0644\u0644\u0647-\u0645\u064a\u0631\u0627\u064a-\u0645\u0627\u0631\u0648\u0646\u064a-300x200.jpg 300w, https:\/\/www.prestigemag.co\/wp-content\/uploads\/2017\/02\/7-\u0641\u0631\u064a\u062f\u0627-\u0639\u0637\u0627\u0644\u0644\u0647-\u0645\u064a\u0631\u0627\u064a-\u0645\u0627\u0631\u0648\u0646\u064a-768x512.jpg 768w, https:\/\/www.prestigemag.co\/wp-content\/uploads\/2017\/02\/7-\u0641\u0631\u064a\u062f\u0627-\u0639\u0637\u0627\u0644\u0644\u0647-\u0645\u064a\u0631\u0627\u064a-\u0645\u0627\u0631\u0648\u0646\u064a-150x100.jpg 150w, https:\/\/www.prestigemag.co\/wp-content\/uploads\/2017\/02\/7-\u0641\u0631\u064a\u062f\u0627-\u0639\u0637\u0627\u0644\u0644\u0647-\u0645\u064a\u0631\u0627\u064a-\u0645\u0627\u0631\u0648\u0646\u064a-562x375.jpg 562w, https:\/\/www.prestigemag.co\/wp-content\/uploads\/2017\/02\/7-\u0641\u0631\u064a\u062f\u0627-\u0639\u0637\u0627\u0644\u0644\u0647-\u0645\u064a\u0631\u0627\u064a-\u0645\u0627\u0631\u0648\u0646\u064a-187x125.jpg 187w, https:\/\/www.prestigemag.co\/wp-content\/uploads\/2017\/02\/7-\u0641\u0631\u064a\u062f\u0627-\u0639\u0637\u0627\u0644\u0644\u0647-\u0645\u064a\u0631\u0627\u064a-\u0645\u0627\u0631\u0648\u0646\u064a-100x67.jpg 100w, https:\/\/www.prestigemag.co\/wp-content\/uploads\/2017\/02\/7-\u0641\u0631\u064a\u062f\u0627-\u0639\u0637\u0627\u0644\u0644\u0647-\u0645\u064a\u0631\u0627\u064a-\u0645\u0627\u0631\u0648\u0646\u064a.jpg 787w\" data-lazy-sizes=\"(max-width: 300px) 100vw, 300px\" \/><figcaption id=\"caption-attachment-11638\" class=\"wp-caption-text\"><noscript><img class=\"wp-image-11638 size-medium\" src=\"http:\/\/www.prestigemag.co\/wp-content\/uploads\/2017\/02\/7-\u0641\u0631\u064a\u062f\u0627-\u0639\u0637\u0627\u0644\u0644\u0647-\u0645\u064a\u0631\u0627\u064a-\u0645\u0627\u0631\u0648\u0646\u064a-300x200.jpg\" width=\"300\" height=\"200\" srcset=\"https:\/\/www.prestigemag.co\/wp-content\/uploads\/2017\/02\/7-\u0641\u0631\u064a\u062f\u0627-\u0639\u0637\u0627\u0644\u0644\u0647-\u0645\u064a\u0631\u0627\u064a-\u0645\u0627\u0631\u0648\u0646\u064a-300x200.jpg 300w, https:\/\/www.prestigemag.co\/wp-content\/uploads\/2017\/02\/7-\u0641\u0631\u064a\u062f\u0627-\u0639\u0637\u0627\u0644\u0644\u0647-\u0645\u064a\u0631\u0627\u064a-\u0645\u0627\u0631\u0648\u0646\u064a-768x512.jpg 768w, https:\/\/www.prestigemag.co\/wp-content\/uploads\/2017\/02\/7-\u0641\u0631\u064a\u062f\u0627-\u0639\u0637\u0627\u0644\u0644\u0647-\u0645\u064a\u0631\u0627\u064a-\u0645\u0627\u0631\u0648\u0646\u064a-150x100.jpg 150w, https:\/\/www.prestigemag.co\/wp-content\/uploads\/2017\/02\/7-\u0641\u0631\u064a\u062f\u0627-\u0639\u0637\u0627\u0644\u0644\u0647-\u0645\u064a\u0631\u0627\u064a-\u0645\u0627\u0631\u0648\u0646\u064a-562x375.jpg 562w, https:\/\/www.prestigemag.co\/wp-content\/uploads\/2017\/02\/7-\u0641\u0631\u064a\u062f\u0627-\u0639\u0637\u0627\u0644\u0644\u0647-\u0645\u064a\u0631\u0627\u064a-\u0645\u0627\u0631\u0648\u0646\u064a-187x125.jpg 187w, https:\/\/www.prestigemag.co\/wp-content\/uploads\/2017\/02\/7-\u0641\u0631\u064a\u062f\u0627-\u0639\u0637\u0627\u0644\u0644\u0647-\u0645\u064a\u0631\u0627\u064a-\u0645\u0627\u0631\u0648\u0646\u064a-100x67.jpg 100w, https:\/\/www.prestigemag.co\/wp-content\/uploads\/2017\/02\/7-\u0641\u0631\u064a\u062f\u0627-\u0639\u0637\u0627\u0644\u0644\u0647-\u0645\u064a\u0631\u0627\u064a-\u0645\u0627\u0631\u0648\u0646\u064a.jpg 787w\" sizes=\"(max-width: 300px) 100vw, 300px\" \/><\/noscript><\/a> Frida Atallah et Mireille Marouni<\/figcaption><\/figure>\n","protected":false},"excerpt":{"rendered":"<p><em>Le comit\u00e9 culturel de la chaine des amis a organis\u00e9 une conf\u00e9rence-d\u00e9jeuner \u00e0 l\u2019ATCL de Kaslik. Le conf\u00e9rencier Souheil Matar, vice-pr\u00e9sident de la LAU pour les affaires culturelles et relations publiques a donn\u00e9 une conf\u00e9rence<\/em> <\/p>\n","protected":false},"author":3,"featured_media":21277,"comment_status":"closed","ping_status":"closed","sticky":false,"template":"","format":"standard","meta":[],"categories":[13340,13333],"tags":[],"yoast_head":"<!-- This site is optimized with the Yoast SEO plugin v19.4 - https:\/\/yoast.com\/wordpress\/plugins\/seo\/ -->\n<title>La jeunesse \u00e0 la Conf\u00e9rence-d\u00e9jeuner de la Cha\u00eene des Amis - Prestige Magazine<\/title>\n<meta name=\"description\" content=\"Le comit\u00e9 culturel de la chaine des amis a organis\u00e9 une conf\u00e9rence-d\u00e9jeuner \u00e0 l\u2019ATCL de Kaslik. Le conf\u00e9rencier Souheil Matar, vice-pr\u00e9sident de la LAU pour les affaires culturelles et relations publiques a donn\u00e9 une conf\u00e9rence\" \/>\n<meta name=\"robots\" content=\"index, follow, max-snippet:-1, max-image-preview:large, max-video-preview:-1\" \/>\n<link rel=\"canonical\" href=\"https:\/\/www.prestigemag.co\/fr\/2017\/02\/la-jeunesse-a-la-conference-dejeuner-de-la-chaine-des-amis\/\" \/>\n<meta property=\"og:locale\" content=\"fr_FR\" \/>\n<meta property=\"og:type\" content=\"article\" \/>\n<meta property=\"og:title\" content=\"La jeunesse \u00e0 la Conf\u00e9rence-d\u00e9jeuner de la Cha\u00eene des Amis - Prestige Magazine\" \/>\n<meta property=\"og:description\" content=\"Le comit\u00e9 culturel de la chaine des amis a organis\u00e9 une conf\u00e9rence-d\u00e9jeuner \u00e0 l\u2019ATCL de Kaslik. Le conf\u00e9rencier Souheil Matar, vice-pr\u00e9sident de la LAU pour les affaires culturelles et relations publiques a donn\u00e9 une conf\u00e9rence\" \/>\n<meta property=\"og:url\" content=\"https:\/\/www.prestigemag.co\/fr\/2017\/02\/la-jeunesse-a-la-conference-dejeuner-de-la-chaine-des-amis\/\" \/>\n<meta property=\"og:site_name\" content=\"Prestige Magazine\" \/>\n<meta property=\"article:publisher\" content=\"https:\/\/www.facebook.com\/prestigemag.co\/\" \/>\n<meta property=\"article:published_time\" content=\"2017-02-16T13:26:10+00:00\" \/>\n<meta property=\"og:image\" content=\"https:\/\/www.prestigemag.co\/wp-content\/uploads\/2017\/02\/19-Marie-Jos\u00e9-FremNada-Melki-Zaki\u00e9-el-Khazen-Nicole-Sfeir-Dr-Souheil-Matar-la-pr\u00e9sidente-de-la-Cha\u00eene-des-Amis-Marl\u00e8ne-Tayah-Maya-Abi-Chaker-et-Raya-Nasr.jpg\" \/>\n\t<meta property=\"og:image:width\" content=\"787\" \/>\n\t<meta property=\"og:image:height\" content=\"483\" \/>\n\t<meta property=\"og:image:type\" content=\"image\/jpeg\" \/>\n<meta name=\"author\" content=\"prestige\" \/>\n<meta name=\"twitter:card\" content=\"summary\" \/>\n<meta name=\"twitter:label1\" content=\"\u00c9crit par\" \/>\n\t<meta name=\"twitter:data1\" content=\"prestige\" \/>\n\t<meta name=\"twitter:label2\" content=\"Dur\u00e9e de lecture estim\u00e9e\" \/>\n\t<meta name=\"twitter:data2\" content=\"1 minute\" \/>\n<script type=\"application\/ld+json\" class=\"yoast-schema-graph\">{\"@context\":\"https:\/\/schema.org\",\"@graph\":[{\"@type\":\"Organization\",\"@id\":\"https:\/\/www.prestigemag.co\/#organization\",\"name\":\"Prestige\",\"url\":\"https:\/\/www.prestigemag.co\/\",\"sameAs\":[\"https:\/\/www.instagram.com\/prestige.mag\/\",\"https:\/\/www.facebook.com\/prestigemag.co\/\"],\"logo\":{\"@type\":\"ImageObject\",\"inLanguage\":\"fr-FR\",\"@id\":\"https:\/\/www.prestigemag.co\/#\/schema\/logo\/image\/\",\"url\":\"https:\/\/www.prestigemag.co\/wp-content\/uploads\/2021\/11\/logo-Prestige-800x200-1.png\",\"contentUrl\":\"https:\/\/www.prestigemag.co\/wp-content\/uploads\/2021\/11\/logo-Prestige-800x200-1.png\",\"width\":800,\"height\":200,\"caption\":\"Prestige\"},\"image\":{\"@id\":\"https:\/\/www.prestigemag.co\/#\/schema\/logo\/image\/\"}},{\"@type\":\"WebSite\",\"@id\":\"https:\/\/www.prestigemag.co\/#website\",\"url\":\"https:\/\/www.prestigemag.co\/\",\"name\":\"Prestige Magazine\",\"description\":\"Le Monde Des C\u00e9l\u00e9brit\u00e9s\",\"publisher\":{\"@id\":\"https:\/\/www.prestigemag.co\/#organization\"},\"potentialAction\":[{\"@type\":\"SearchAction\",\"target\":{\"@type\":\"EntryPoint\",\"urlTemplate\":\"https:\/\/www.prestigemag.co\/?s={search_term_string}\"},\"query-input\":\"required name=search_term_string\"}],\"inLanguage\":\"fr-FR\"},{\"@type\":\"WebPage\",\"@id\":\"https:\/\/www.prestigemag.co\/fr\/2017\/02\/la-jeunesse-a-la-conference-dejeuner-de-la-chaine-des-amis\/\",\"url\":\"https:\/\/www.prestigemag.co\/fr\/2017\/02\/la-jeunesse-a-la-conference-dejeuner-de-la-chaine-des-amis\/\",\"name\":\"La jeunesse \u00e0 la Conf\u00e9rence-d\u00e9jeuner de la Cha\u00eene des Amis - Prestige Magazine\",\"isPartOf\":{\"@id\":\"https:\/\/www.prestigemag.co\/#website\"},\"datePublished\":\"2017-02-16T13:26:10+00:00\",\"dateModified\":\"2017-02-16T13:26:10+00:00\",\"description\":\"Le comit\u00e9 culturel de la chaine des amis a organis\u00e9 une conf\u00e9rence-d\u00e9jeuner \u00e0 l\u2019ATCL de Kaslik. Le conf\u00e9rencier Souheil Matar, vice-pr\u00e9sident de la LAU pour les affaires culturelles et relations publiques a donn\u00e9 une conf\u00e9rence\",\"breadcrumb\":{\"@id\":\"https:\/\/www.prestigemag.co\/fr\/2017\/02\/la-jeunesse-a-la-conference-dejeuner-de-la-chaine-des-amis\/#breadcrumb\"},\"inLanguage\":\"fr-FR\",\"potentialAction\":[{\"@type\":\"ReadAction\",\"target\":[\"https:\/\/www.prestigemag.co\/fr\/2017\/02\/la-jeunesse-a-la-conference-dejeuner-de-la-chaine-des-amis\/\"]}]},{\"@type\":\"BreadcrumbList\",\"@id\":\"https:\/\/www.prestigemag.co\/fr\/2017\/02\/la-jeunesse-a-la-conference-dejeuner-de-la-chaine-des-amis\/#breadcrumb\",\"itemListElement\":[{\"@type\":\"ListItem\",\"position\":1,\"name\":\"Home\",\"item\":\"https:\/\/www.prestigemag.co\/fr\/\"},{\"@type\":\"ListItem\",\"position\":2,\"name\":\"La jeunesse \u00e0 la Conf\u00e9rence-d\u00e9jeuner de la Cha\u00eene des Amis\"}]},{\"@type\":\"Article\",\"@id\":\"https:\/\/www.prestigemag.co\/fr\/2017\/02\/la-jeunesse-a-la-conference-dejeuner-de-la-chaine-des-amis\/#article\",\"isPartOf\":{\"@id\":\"https:\/\/www.prestigemag.co\/fr\/2017\/02\/la-jeunesse-a-la-conference-dejeuner-de-la-chaine-des-amis\/\"},\"author\":{\"name\":\"prestige\",\"@id\":\"https:\/\/www.prestigemag.co\/#\/schema\/person\/e3f149368970128d68bb2d797bf30fbc\"},\"headline\":\"La jeunesse \u00e0 la Conf\u00e9rence-d\u00e9jeuner de la Cha\u00eene des Amis\",\"datePublished\":\"2017-02-16T13:26:10+00:00\",\"dateModified\":\"2017-02-16T13:26:10+00:00\",\"mainEntityOfPage\":{\"@id\":\"https:\/\/www.prestigemag.co\/fr\/2017\/02\/la-jeunesse-a-la-conference-dejeuner-de-la-chaine-des-amis\/\"},\"wordCount\":296,\"publisher\":{\"@id\":\"https:\/\/www.prestigemag.co\/#organization\"},\"articleSection\":[\"D\u00e9jeuner\",\"\u00c9v\u00e9nements\"],\"inLanguage\":\"fr-FR\"},{\"@type\":\"Person\",\"@id\":\"https:\/\/www.prestigemag.co\/#\/schema\/person\/e3f149368970128d68bb2d797bf30fbc\",\"name\":\"prestige\",\"image\":{\"@type\":\"ImageObject\",\"inLanguage\":\"fr-FR\",\"@id\":\"https:\/\/www.prestigemag.co\/#\/schema\/person\/image\/\",\"url\":\"https:\/\/secure.gravatar.com\/avatar\/0aa2dff5484d35e50578639a2c3ccef9?s=96&d=mm&r=g\",\"contentUrl\":\"https:\/\/secure.gravatar.com\/avatar\/0aa2dff5484d35e50578639a2c3ccef9?s=96&d=mm&r=g\",\"caption\":\"prestige\"},\"url\":\"https:\/\/www.prestigemag.co\/fr\/author\/prestige\/\"}]}<\/script>\n<!-- \/ Yoast SEO plugin. -->","yoast_head_json":{"title":"La jeunesse \u00e0 la Conf\u00e9rence-d\u00e9jeuner de la Cha\u00eene des Amis - Prestige Magazine","description":"Le comit\u00e9 culturel de la chaine des amis a organis\u00e9 une conf\u00e9rence-d\u00e9jeuner \u00e0 l\u2019ATCL de Kaslik. Le conf\u00e9rencier Souheil Matar, vice-pr\u00e9sident de la LAU pour les affaires culturelles et relations publiques a donn\u00e9 une conf\u00e9rence","robots":{"index":"index","follow":"follow","max-snippet":"max-snippet:-1","max-image-preview":"max-image-preview:large","max-video-preview":"max-video-preview:-1"},"canonical":"https:\/\/www.prestigemag.co\/fr\/2017\/02\/la-jeunesse-a-la-conference-dejeuner-de-la-chaine-des-amis\/","og_locale":"fr_FR","og_type":"article","og_title":"La jeunesse \u00e0 la Conf\u00e9rence-d\u00e9jeuner de la Cha\u00eene des Amis - Prestige Magazine","og_description":"Le comit\u00e9 culturel de la chaine des amis a organis\u00e9 une conf\u00e9rence-d\u00e9jeuner \u00e0 l\u2019ATCL de Kaslik. Le conf\u00e9rencier Souheil Matar, vice-pr\u00e9sident de la LAU pour les affaires culturelles et relations publiques a donn\u00e9 une conf\u00e9rence","og_url":"https:\/\/www.prestigemag.co\/fr\/2017\/02\/la-jeunesse-a-la-conference-dejeuner-de-la-chaine-des-amis\/","og_site_name":"Prestige Magazine","article_publisher":"https:\/\/www.facebook.com\/prestigemag.co\/","article_published_time":"2017-02-16T13:26:10+00:00","og_image":[{"width":787,"height":483,"url":"https:\/\/www.prestigemag.co\/wp-content\/uploads\/2017\/02\/19-Marie-Jos\u00e9-FremNada-Melki-Zaki\u00e9-el-Khazen-Nicole-Sfeir-Dr-Souheil-Matar-la-pr\u00e9sidente-de-la-Cha\u00eene-des-Amis-Marl\u00e8ne-Tayah-Maya-Abi-Chaker-et-Raya-Nasr.jpg","type":"image\/jpeg"}],"author":"prestige","twitter_card":"summary","twitter_misc":{"\u00c9crit par":"prestige","Dur\u00e9e de lecture estim\u00e9e":"1 minute"},"schema":{"@context":"https:\/\/schema.org","@graph":[{"@type":"Organization","@id":"https:\/\/www.prestigemag.co\/#organization","name":"Prestige","url":"https:\/\/www.prestigemag.co\/","sameAs":["https:\/\/www.instagram.com\/prestige.mag\/","https:\/\/www.facebook.com\/prestigemag.co\/"],"logo":{"@type":"ImageObject","inLanguage":"fr-FR","@id":"https:\/\/www.prestigemag.co\/#\/schema\/logo\/image\/","url":"https:\/\/www.prestigemag.co\/wp-content\/uploads\/2021\/11\/logo-Prestige-800x200-1.png","contentUrl":"https:\/\/www.prestigemag.co\/wp-content\/uploads\/2021\/11\/logo-Prestige-800x200-1.png","width":800,"height":200,"caption":"Prestige"},"image":{"@id":"https:\/\/www.prestigemag.co\/#\/schema\/logo\/image\/"}},{"@type":"WebSite","@id":"https:\/\/www.prestigemag.co\/#website","url":"https:\/\/www.prestigemag.co\/","name":"Prestige Magazine","description":"Le Monde Des C\u00e9l\u00e9brit\u00e9s","publisher":{"@id":"https:\/\/www.prestigemag.co\/#organization"},"potentialAction":[{"@type":"SearchAction","target":{"@type":"EntryPoint","urlTemplate":"https:\/\/www.prestigemag.co\/?s={search_term_string}"},"query-input":"required name=search_term_string"}],"inLanguage":"fr-FR"},{"@type":"WebPage","@id":"https:\/\/www.prestigemag.co\/fr\/2017\/02\/la-jeunesse-a-la-conference-dejeuner-de-la-chaine-des-amis\/","url":"https:\/\/www.prestigemag.co\/fr\/2017\/02\/la-jeunesse-a-la-conference-dejeuner-de-la-chaine-des-amis\/","name":"La jeunesse \u00e0 la Conf\u00e9rence-d\u00e9jeuner de la Cha\u00eene des Amis - Prestige Magazine","isPartOf":{"@id":"https:\/\/www.prestigemag.co\/#website"},"datePublished":"2017-02-16T13:26:10+00:00","dateModified":"2017-02-16T13:26:10+00:00","description":"Le comit\u00e9 culturel de la chaine des amis a organis\u00e9 une conf\u00e9rence-d\u00e9jeuner \u00e0 l\u2019ATCL de Kaslik. Le conf\u00e9rencier Souheil Matar, vice-pr\u00e9sident de la LAU pour les affaires culturelles et relations publiques a donn\u00e9 une conf\u00e9rence","breadcrumb":{"@id":"https:\/\/www.prestigemag.co\/fr\/2017\/02\/la-jeunesse-a-la-conference-dejeuner-de-la-chaine-des-amis\/#breadcrumb"},"inLanguage":"fr-FR","potentialAction":[{"@type":"ReadAction","target":["https:\/\/www.prestigemag.co\/fr\/2017\/02\/la-jeunesse-a-la-conference-dejeuner-de-la-chaine-des-amis\/"]}]},{"@type":"BreadcrumbList","@id":"https:\/\/www.prestigemag.co\/fr\/2017\/02\/la-jeunesse-a-la-conference-dejeuner-de-la-chaine-des-amis\/#breadcrumb","itemListElement":[{"@type":"ListItem","position":1,"name":"Home","item":"https:\/\/www.prestigemag.co\/fr\/"},{"@type":"ListItem","position":2,"name":"La jeunesse \u00e0 la Conf\u00e9rence-d\u00e9jeuner de la Cha\u00eene des Amis"}]},{"@type":"Article","@id":"https:\/\/www.prestigemag.co\/fr\/2017\/02\/la-jeunesse-a-la-conference-dejeuner-de-la-chaine-des-amis\/#article","isPartOf":{"@id":"https:\/\/www.prestigemag.co\/fr\/2017\/02\/la-jeunesse-a-la-conference-dejeuner-de-la-chaine-des-amis\/"},"author":{"name":"prestige","@id":"https:\/\/www.prestigemag.co\/#\/schema\/person\/e3f149368970128d68bb2d797bf30fbc"},"headline":"La jeunesse \u00e0 la Conf\u00e9rence-d\u00e9jeuner de la Cha\u00eene des Amis","datePublished":"2017-02-16T13:26:10+00:00","dateModified":"2017-02-16T13:26:10+00:00","mainEntityOfPage":{"@id":"https:\/\/www.prestigemag.co\/fr\/2017\/02\/la-jeunesse-a-la-conference-dejeuner-de-la-chaine-des-amis\/"},"wordCount":296,"publisher":{"@id":"https:\/\/www.prestigemag.co\/#organization"},"articleSection":["D\u00e9jeuner","\u00c9v\u00e9nements"],"inLanguage":"fr-FR"},{"@type":"Person","@id":"https:\/\/www.prestigemag.co\/#\/schema\/person\/e3f149368970128d68bb2d797bf30fbc","name":"prestige","image":{"@type":"ImageObject","inLanguage":"fr-FR","@id":"https:\/\/www.prestigemag.co\/#\/schema\/person\/image\/","url":"https:\/\/secure.gravatar.com\/avatar\/0aa2dff5484d35e50578639a2c3ccef9?s=96&d=mm&r=g","contentUrl":"https:\/\/secure.gravatar.com\/avatar\/0aa2dff5484d35e50578639a2c3ccef9?s=96&d=mm&r=g","caption":"prestige"},"url":"https:\/\/www.prestigemag.co\/fr\/author\/prestige\/"}]}},"_links":{"self":[{"href":"https:\/\/www.prestigemag.co\/fr\/wp-json\/wp\/v2\/posts\/21276"}],"collection":[{"href":"https:\/\/www.prestigemag.co\/fr\/wp-json\/wp\/v2\/posts"}],"about":[{"href":"https:\/\/www.prestigemag.co\/fr\/wp-json\/wp\/v2\/types\/post"}],"author":[{"embeddable":true,"href":"https:\/\/www.prestigemag.co\/fr\/wp-json\/wp\/v2\/users\/3"}],"replies":[{"embeddable":true,"href":"https:\/\/www.prestigemag.co\/fr\/wp-json\/wp\/v2\/comments?post=21276"}],"version-history":[{"count":0,"href":"https:\/\/www.prestigemag.co\/fr\/wp-json\/wp\/v2\/posts\/21276\/revisions"}],"wp:featuredmedia":[{"embeddable":true,"href":"https:\/\/www.prestigemag.co\/fr\/wp-json\/wp\/v2\/media\/21277"}],"wp:attachment":[{"href":"https:\/\/www.prestigemag.co\/fr\/wp-json\/wp\/v2\/media?parent=21276"}],"wp:term":[{"taxonomy":"category","embeddable":true,"href":"https:\/\/www.prestigemag.co\/fr\/wp-json\/wp\/v2\/categories?post=21276"},{"taxonomy":"post_tag","embeddable":true,"href":"https:\/\/www.prestigemag.co\/fr\/wp-json\/wp\/v2\/tags?post=21276"}],"curies":[{"name":"wp","href":"https:\/\/api.w.org\/{rel}","templated":true}]}}