{"id":21318,"date":"2017-02-28T12:33:08","date_gmt":"2017-02-28T12:33:08","guid":{"rendered":"http:\/\/www.prestigemag.co\/2017\/02\/la-ballerine-de-chanel\/"},"modified":"2017-02-28T12:33:08","modified_gmt":"2017-02-28T12:33:08","slug":"la-ballerine-de-chanel","status":"publish","type":"post","link":"https:\/\/www.prestigemag.co\/fr\/2017\/02\/la-ballerine-de-chanel\/","title":{"rendered":"La Ballerine de Chanel"},"content":{"rendered":"<figure id=\"attachment_11778\" aria-describedby=\"caption-attachment-11778\" style=\"width: 787px\" class=\"wp-caption aligncenter\"><a href=\"http:\/\/www.prestigemag.co\/wp-content\/uploads\/2017\/02\/chanel_ballerines_.jpg\"><img src=\"data:image\/svg+xml,%3Csvg%20xmlns='http:\/\/www.w3.org\/2000\/svg'%20viewBox='0%200%20787%20443'%3E%3C\/svg%3E\" class=\"zeen-lazy-load-base zeen-lazy-load wp-image-11778 size-full\" data-lazy-src=\"http:\/\/www.prestigemag.co\/wp-content\/uploads\/2017\/02\/chanel_ballerines_.jpg\" width=\"787\" height=\"443\" data-lazy-srcset=\"https:\/\/www.prestigemag.co\/wp-content\/uploads\/2017\/02\/chanel_ballerines_.jpg 787w, https:\/\/www.prestigemag.co\/wp-content\/uploads\/2017\/02\/chanel_ballerines_-300x169.jpg 300w, https:\/\/www.prestigemag.co\/wp-content\/uploads\/2017\/02\/chanel_ballerines_-770x433.jpg 770w, https:\/\/www.prestigemag.co\/wp-content\/uploads\/2017\/02\/chanel_ballerines_-293x165.jpg 293w, https:\/\/www.prestigemag.co\/wp-content\/uploads\/2017\/02\/chanel_ballerines_-390x220.jpg 390w, https:\/\/www.prestigemag.co\/wp-content\/uploads\/2017\/02\/chanel_ballerines_-768x432.jpg 768w, https:\/\/www.prestigemag.co\/wp-content\/uploads\/2017\/02\/chanel_ballerines_-150x84.jpg 150w, https:\/\/www.prestigemag.co\/wp-content\/uploads\/2017\/02\/chanel_ballerines_-600x338.jpg 600w, https:\/\/www.prestigemag.co\/wp-content\/uploads\/2017\/02\/chanel_ballerines_-222x125.jpg 222w, https:\/\/www.prestigemag.co\/wp-content\/uploads\/2017\/02\/chanel_ballerines_-119x67.jpg 119w\" data-lazy-sizes=\"(max-width: 787px) 100vw, 787px\" \/><figcaption id=\"caption-attachment-11778\" class=\"wp-caption-text\"><noscript><img class=\"wp-image-11778 size-full\" src=\"http:\/\/www.prestigemag.co\/wp-content\/uploads\/2017\/02\/chanel_ballerines_.jpg\" width=\"787\" height=\"443\" srcset=\"https:\/\/www.prestigemag.co\/wp-content\/uploads\/2017\/02\/chanel_ballerines_.jpg 787w, https:\/\/www.prestigemag.co\/wp-content\/uploads\/2017\/02\/chanel_ballerines_-300x169.jpg 300w, https:\/\/www.prestigemag.co\/wp-content\/uploads\/2017\/02\/chanel_ballerines_-770x433.jpg 770w, https:\/\/www.prestigemag.co\/wp-content\/uploads\/2017\/02\/chanel_ballerines_-293x165.jpg 293w, https:\/\/www.prestigemag.co\/wp-content\/uploads\/2017\/02\/chanel_ballerines_-390x220.jpg 390w, https:\/\/www.prestigemag.co\/wp-content\/uploads\/2017\/02\/chanel_ballerines_-768x432.jpg 768w, https:\/\/www.prestigemag.co\/wp-content\/uploads\/2017\/02\/chanel_ballerines_-150x84.jpg 150w, https:\/\/www.prestigemag.co\/wp-content\/uploads\/2017\/02\/chanel_ballerines_-600x338.jpg 600w, https:\/\/www.prestigemag.co\/wp-content\/uploads\/2017\/02\/chanel_ballerines_-222x125.jpg 222w, https:\/\/www.prestigemag.co\/wp-content\/uploads\/2017\/02\/chanel_ballerines_-119x67.jpg 119w\" sizes=\"(max-width: 787px) 100vw, 787px\" \/><\/noscript><\/a> \u00a9 Chanel<\/figcaption><\/figure>\n<p>&nbsp;<\/p>\n<p>&nbsp;<\/p>\n<p>Inspir\u00e9e de l\u2019univers de la danse, et de celui de la gymnastique, la ballerine a fait sa premi\u00e8re apparition chez CHANEL dans la collection Pr\u00eat-\u00e0-porter Printemps-Et\u00e9 1984.<\/p>\n<p>Au cours de la d\u00e9cennie suivante, elle change de style, de couleurs et, \u00e0 l\u2019image du sac iconique, la ballerine d\u00e9file sur les podiums et s\u2019impose comme un <em>must have <\/em>de CHANEL. A chaque saison sa variation. A noeud, \u00e0 bride, frapp\u00e9e du double C, en satin de soie, en velours, en dentelle, en tweed, en daim, en cuir lisse, vieilli, m\u00e9tallis\u00e9 ou verni, unie ou bicolore, couvrante ou \u00e9chancr\u00e9e&#8230; la ballerine se marie \u00e0 tous les styles et les moments de la vie d\u2019une femme.<\/p>\n<p>La version en PVC argent avec bout en gros-grain noir est l\u2019une des pi\u00e8ces phares de la collection Pr\u00eat-\u00e0-Porter Printemps-Et\u00e9 2017. On la retrouve \u00e9galement d\u00e9clin\u00e9e en fuschia-bordeaux, marine-noir ou encore dans une version matelass\u00e9e, rose poudr\u00e9. Le jour, le soir, la ballerine porte en elle la singularit\u00e9 du style de CHANEL. Intemporelle et juste dans toutes les \u00e9poques.<\/p>\n<p>&nbsp;<\/p>\n<p>[embedyt] http:\/\/www.youtube.com\/watch?v=UFrXFKqKZhA[\/embedyt]<\/p>\n","protected":false},"excerpt":{"rendered":"<p><em>Inspir\u00e9e de l\u2019univers de la danse, et de celui de la gymnastique, la ballerine a fait sa premi\u00e8re apparition chez CHANEL dans la collection Pr\u00eat-\u00e0-porter Printemps-Et\u00e9 1984.<\/em><\/p>\n","protected":false},"author":3,"featured_media":21319,"comment_status":"closed","ping_status":"closed","sticky":false,"template":"","format":"standard","meta":[],"categories":[13346,13347],"tags":[],"yoast_head":"<!-- This site is optimized with the Yoast SEO plugin v19.4 - https:\/\/yoast.com\/wordpress\/plugins\/seo\/ -->\n<title>La Ballerine de Chanel - Prestige Magazine<\/title>\n<meta name=\"description\" content=\"Inspir\u00e9e de l\u2019univers de la danse, et de celui de la gymnastique, la ballerine a fait sa premi\u00e8re apparition chez CHANEL dans la collection Pr\u00eat-\u00e0-porter Printemps-Et\u00e9 1984.\" \/>\n<meta name=\"robots\" content=\"index, follow, max-snippet:-1, max-image-preview:large, max-video-preview:-1\" \/>\n<link rel=\"canonical\" href=\"https:\/\/www.prestigemag.co\/fr\/2017\/02\/la-ballerine-de-chanel\/\" \/>\n<meta property=\"og:locale\" content=\"fr_FR\" \/>\n<meta property=\"og:type\" content=\"article\" \/>\n<meta property=\"og:title\" content=\"La Ballerine de Chanel - Prestige Magazine\" \/>\n<meta property=\"og:description\" content=\"Inspir\u00e9e de l\u2019univers de la danse, et de celui de la gymnastique, la ballerine a fait sa premi\u00e8re apparition chez CHANEL dans la collection Pr\u00eat-\u00e0-porter Printemps-Et\u00e9 1984.\" \/>\n<meta property=\"og:url\" content=\"https:\/\/www.prestigemag.co\/fr\/2017\/02\/la-ballerine-de-chanel\/\" \/>\n<meta property=\"og:site_name\" content=\"Prestige Magazine\" \/>\n<meta property=\"article:publisher\" content=\"https:\/\/www.facebook.com\/prestigemag.co\/\" \/>\n<meta property=\"article:published_time\" content=\"2017-02-28T12:33:08+00:00\" \/>\n<meta property=\"og:image\" content=\"https:\/\/www.prestigemag.co\/wp-content\/uploads\/2017\/02\/chanel_ballerines_.jpg\" \/>\n\t<meta property=\"og:image:width\" content=\"787\" \/>\n\t<meta property=\"og:image:height\" content=\"443\" \/>\n\t<meta property=\"og:image:type\" content=\"image\/jpeg\" \/>\n<meta name=\"author\" content=\"prestige\" \/>\n<meta name=\"twitter:card\" content=\"summary\" \/>\n<meta name=\"twitter:label1\" content=\"\u00c9crit par\" \/>\n\t<meta name=\"twitter:data1\" content=\"prestige\" \/>\n\t<meta name=\"twitter:label2\" content=\"Dur\u00e9e de lecture estim\u00e9e\" \/>\n\t<meta name=\"twitter:data2\" content=\"1 minute\" \/>\n<script type=\"application\/ld+json\" class=\"yoast-schema-graph\">{\"@context\":\"https:\/\/schema.org\",\"@graph\":[{\"@type\":\"Organization\",\"@id\":\"https:\/\/www.prestigemag.co\/#organization\",\"name\":\"Prestige\",\"url\":\"https:\/\/www.prestigemag.co\/\",\"sameAs\":[\"https:\/\/www.instagram.com\/prestige.mag\/\",\"https:\/\/www.facebook.com\/prestigemag.co\/\"],\"logo\":{\"@type\":\"ImageObject\",\"inLanguage\":\"fr-FR\",\"@id\":\"https:\/\/www.prestigemag.co\/#\/schema\/logo\/image\/\",\"url\":\"https:\/\/www.prestigemag.co\/wp-content\/uploads\/2021\/11\/logo-Prestige-800x200-1.png\",\"contentUrl\":\"https:\/\/www.prestigemag.co\/wp-content\/uploads\/2021\/11\/logo-Prestige-800x200-1.png\",\"width\":800,\"height\":200,\"caption\":\"Prestige\"},\"image\":{\"@id\":\"https:\/\/www.prestigemag.co\/#\/schema\/logo\/image\/\"}},{\"@type\":\"WebSite\",\"@id\":\"https:\/\/www.prestigemag.co\/#website\",\"url\":\"https:\/\/www.prestigemag.co\/\",\"name\":\"Prestige Magazine\",\"description\":\"Le Monde Des C\u00e9l\u00e9brit\u00e9s\",\"publisher\":{\"@id\":\"https:\/\/www.prestigemag.co\/#organization\"},\"potentialAction\":[{\"@type\":\"SearchAction\",\"target\":{\"@type\":\"EntryPoint\",\"urlTemplate\":\"https:\/\/www.prestigemag.co\/?s={search_term_string}\"},\"query-input\":\"required name=search_term_string\"}],\"inLanguage\":\"fr-FR\"},{\"@type\":\"WebPage\",\"@id\":\"https:\/\/www.prestigemag.co\/fr\/2017\/02\/la-ballerine-de-chanel\/\",\"url\":\"https:\/\/www.prestigemag.co\/fr\/2017\/02\/la-ballerine-de-chanel\/\",\"name\":\"La Ballerine de Chanel - Prestige Magazine\",\"isPartOf\":{\"@id\":\"https:\/\/www.prestigemag.co\/#website\"},\"datePublished\":\"2017-02-28T12:33:08+00:00\",\"dateModified\":\"2017-02-28T12:33:08+00:00\",\"description\":\"Inspir\u00e9e de l\u2019univers de la danse, et de celui de la gymnastique, la ballerine a fait sa premi\u00e8re apparition chez CHANEL dans la collection Pr\u00eat-\u00e0-porter Printemps-Et\u00e9 1984.\",\"breadcrumb\":{\"@id\":\"https:\/\/www.prestigemag.co\/fr\/2017\/02\/la-ballerine-de-chanel\/#breadcrumb\"},\"inLanguage\":\"fr-FR\",\"potentialAction\":[{\"@type\":\"ReadAction\",\"target\":[\"https:\/\/www.prestigemag.co\/fr\/2017\/02\/la-ballerine-de-chanel\/\"]}]},{\"@type\":\"BreadcrumbList\",\"@id\":\"https:\/\/www.prestigemag.co\/fr\/2017\/02\/la-ballerine-de-chanel\/#breadcrumb\",\"itemListElement\":[{\"@type\":\"ListItem\",\"position\":1,\"name\":\"Home\",\"item\":\"https:\/\/www.prestigemag.co\/fr\/\"},{\"@type\":\"ListItem\",\"position\":2,\"name\":\"La Ballerine de Chanel\"}]},{\"@type\":\"Article\",\"@id\":\"https:\/\/www.prestigemag.co\/fr\/2017\/02\/la-ballerine-de-chanel\/#article\",\"isPartOf\":{\"@id\":\"https:\/\/www.prestigemag.co\/fr\/2017\/02\/la-ballerine-de-chanel\/\"},\"author\":{\"name\":\"prestige\",\"@id\":\"https:\/\/www.prestigemag.co\/#\/schema\/person\/e3f149368970128d68bb2d797bf30fbc\"},\"headline\":\"La Ballerine de Chanel\",\"datePublished\":\"2017-02-28T12:33:08+00:00\",\"dateModified\":\"2017-02-28T12:33:08+00:00\",\"mainEntityOfPage\":{\"@id\":\"https:\/\/www.prestigemag.co\/fr\/2017\/02\/la-ballerine-de-chanel\/\"},\"wordCount\":211,\"publisher\":{\"@id\":\"https:\/\/www.prestigemag.co\/#organization\"},\"articleSection\":[\"Mode\",\"Tendances\"],\"inLanguage\":\"fr-FR\"},{\"@type\":\"Person\",\"@id\":\"https:\/\/www.prestigemag.co\/#\/schema\/person\/e3f149368970128d68bb2d797bf30fbc\",\"name\":\"prestige\",\"image\":{\"@type\":\"ImageObject\",\"inLanguage\":\"fr-FR\",\"@id\":\"https:\/\/www.prestigemag.co\/#\/schema\/person\/image\/\",\"url\":\"https:\/\/secure.gravatar.com\/avatar\/0aa2dff5484d35e50578639a2c3ccef9?s=96&d=mm&r=g\",\"contentUrl\":\"https:\/\/secure.gravatar.com\/avatar\/0aa2dff5484d35e50578639a2c3ccef9?s=96&d=mm&r=g\",\"caption\":\"prestige\"},\"url\":\"https:\/\/www.prestigemag.co\/fr\/author\/prestige\/\"}]}<\/script>\n<!-- \/ Yoast SEO plugin. -->","yoast_head_json":{"title":"La Ballerine de Chanel - Prestige Magazine","description":"Inspir\u00e9e de l\u2019univers de la danse, et de celui de la gymnastique, la ballerine a fait sa premi\u00e8re apparition chez CHANEL dans la collection Pr\u00eat-\u00e0-porter Printemps-Et\u00e9 1984.","robots":{"index":"index","follow":"follow","max-snippet":"max-snippet:-1","max-image-preview":"max-image-preview:large","max-video-preview":"max-video-preview:-1"},"canonical":"https:\/\/www.prestigemag.co\/fr\/2017\/02\/la-ballerine-de-chanel\/","og_locale":"fr_FR","og_type":"article","og_title":"La Ballerine de Chanel - Prestige Magazine","og_description":"Inspir\u00e9e de l\u2019univers de la danse, et de celui de la gymnastique, la ballerine a fait sa premi\u00e8re apparition chez CHANEL dans la collection Pr\u00eat-\u00e0-porter Printemps-Et\u00e9 1984.","og_url":"https:\/\/www.prestigemag.co\/fr\/2017\/02\/la-ballerine-de-chanel\/","og_site_name":"Prestige Magazine","article_publisher":"https:\/\/www.facebook.com\/prestigemag.co\/","article_published_time":"2017-02-28T12:33:08+00:00","og_image":[{"width":787,"height":443,"url":"https:\/\/www.prestigemag.co\/wp-content\/uploads\/2017\/02\/chanel_ballerines_.jpg","type":"image\/jpeg"}],"author":"prestige","twitter_card":"summary","twitter_misc":{"\u00c9crit par":"prestige","Dur\u00e9e de lecture estim\u00e9e":"1 minute"},"schema":{"@context":"https:\/\/schema.org","@graph":[{"@type":"Organization","@id":"https:\/\/www.prestigemag.co\/#organization","name":"Prestige","url":"https:\/\/www.prestigemag.co\/","sameAs":["https:\/\/www.instagram.com\/prestige.mag\/","https:\/\/www.facebook.com\/prestigemag.co\/"],"logo":{"@type":"ImageObject","inLanguage":"fr-FR","@id":"https:\/\/www.prestigemag.co\/#\/schema\/logo\/image\/","url":"https:\/\/www.prestigemag.co\/wp-content\/uploads\/2021\/11\/logo-Prestige-800x200-1.png","contentUrl":"https:\/\/www.prestigemag.co\/wp-content\/uploads\/2021\/11\/logo-Prestige-800x200-1.png","width":800,"height":200,"caption":"Prestige"},"image":{"@id":"https:\/\/www.prestigemag.co\/#\/schema\/logo\/image\/"}},{"@type":"WebSite","@id":"https:\/\/www.prestigemag.co\/#website","url":"https:\/\/www.prestigemag.co\/","name":"Prestige Magazine","description":"Le Monde Des C\u00e9l\u00e9brit\u00e9s","publisher":{"@id":"https:\/\/www.prestigemag.co\/#organization"},"potentialAction":[{"@type":"SearchAction","target":{"@type":"EntryPoint","urlTemplate":"https:\/\/www.prestigemag.co\/?s={search_term_string}"},"query-input":"required name=search_term_string"}],"inLanguage":"fr-FR"},{"@type":"WebPage","@id":"https:\/\/www.prestigemag.co\/fr\/2017\/02\/la-ballerine-de-chanel\/","url":"https:\/\/www.prestigemag.co\/fr\/2017\/02\/la-ballerine-de-chanel\/","name":"La Ballerine de Chanel - Prestige Magazine","isPartOf":{"@id":"https:\/\/www.prestigemag.co\/#website"},"datePublished":"2017-02-28T12:33:08+00:00","dateModified":"2017-02-28T12:33:08+00:00","description":"Inspir\u00e9e de l\u2019univers de la danse, et de celui de la gymnastique, la ballerine a fait sa premi\u00e8re apparition chez CHANEL dans la collection Pr\u00eat-\u00e0-porter Printemps-Et\u00e9 1984.","breadcrumb":{"@id":"https:\/\/www.prestigemag.co\/fr\/2017\/02\/la-ballerine-de-chanel\/#breadcrumb"},"inLanguage":"fr-FR","potentialAction":[{"@type":"ReadAction","target":["https:\/\/www.prestigemag.co\/fr\/2017\/02\/la-ballerine-de-chanel\/"]}]},{"@type":"BreadcrumbList","@id":"https:\/\/www.prestigemag.co\/fr\/2017\/02\/la-ballerine-de-chanel\/#breadcrumb","itemListElement":[{"@type":"ListItem","position":1,"name":"Home","item":"https:\/\/www.prestigemag.co\/fr\/"},{"@type":"ListItem","position":2,"name":"La Ballerine de Chanel"}]},{"@type":"Article","@id":"https:\/\/www.prestigemag.co\/fr\/2017\/02\/la-ballerine-de-chanel\/#article","isPartOf":{"@id":"https:\/\/www.prestigemag.co\/fr\/2017\/02\/la-ballerine-de-chanel\/"},"author":{"name":"prestige","@id":"https:\/\/www.prestigemag.co\/#\/schema\/person\/e3f149368970128d68bb2d797bf30fbc"},"headline":"La Ballerine de Chanel","datePublished":"2017-02-28T12:33:08+00:00","dateModified":"2017-02-28T12:33:08+00:00","mainEntityOfPage":{"@id":"https:\/\/www.prestigemag.co\/fr\/2017\/02\/la-ballerine-de-chanel\/"},"wordCount":211,"publisher":{"@id":"https:\/\/www.prestigemag.co\/#organization"},"articleSection":["Mode","Tendances"],"inLanguage":"fr-FR"},{"@type":"Person","@id":"https:\/\/www.prestigemag.co\/#\/schema\/person\/e3f149368970128d68bb2d797bf30fbc","name":"prestige","image":{"@type":"ImageObject","inLanguage":"fr-FR","@id":"https:\/\/www.prestigemag.co\/#\/schema\/person\/image\/","url":"https:\/\/secure.gravatar.com\/avatar\/0aa2dff5484d35e50578639a2c3ccef9?s=96&d=mm&r=g","contentUrl":"https:\/\/secure.gravatar.com\/avatar\/0aa2dff5484d35e50578639a2c3ccef9?s=96&d=mm&r=g","caption":"prestige"},"url":"https:\/\/www.prestigemag.co\/fr\/author\/prestige\/"}]}},"_links":{"self":[{"href":"https:\/\/www.prestigemag.co\/fr\/wp-json\/wp\/v2\/posts\/21318"}],"collection":[{"href":"https:\/\/www.prestigemag.co\/fr\/wp-json\/wp\/v2\/posts"}],"about":[{"href":"https:\/\/www.prestigemag.co\/fr\/wp-json\/wp\/v2\/types\/post"}],"author":[{"embeddable":true,"href":"https:\/\/www.prestigemag.co\/fr\/wp-json\/wp\/v2\/users\/3"}],"replies":[{"embeddable":true,"href":"https:\/\/www.prestigemag.co\/fr\/wp-json\/wp\/v2\/comments?post=21318"}],"version-history":[{"count":0,"href":"https:\/\/www.prestigemag.co\/fr\/wp-json\/wp\/v2\/posts\/21318\/revisions"}],"wp:featuredmedia":[{"embeddable":true,"href":"https:\/\/www.prestigemag.co\/fr\/wp-json\/wp\/v2\/media\/21319"}],"wp:attachment":[{"href":"https:\/\/www.prestigemag.co\/fr\/wp-json\/wp\/v2\/media?parent=21318"}],"wp:term":[{"taxonomy":"category","embeddable":true,"href":"https:\/\/www.prestigemag.co\/fr\/wp-json\/wp\/v2\/categories?post=21318"},{"taxonomy":"post_tag","embeddable":true,"href":"https:\/\/www.prestigemag.co\/fr\/wp-json\/wp\/v2\/tags?post=21318"}],"curies":[{"name":"wp","href":"https:\/\/api.w.org\/{rel}","templated":true}]}}