{"id":21426,"date":"2017-03-24T12:39:45","date_gmt":"2017-03-24T12:39:45","guid":{"rendered":"http:\/\/www.prestigemag.co\/2017\/03\/chronomaster-el-primero-range-rover-velar-special-edition\/"},"modified":"2017-03-24T12:39:45","modified_gmt":"2017-03-24T12:39:45","slug":"chronomaster-el-primero-range-rover-velar-special-edition","status":"publish","type":"post","link":"https:\/\/www.prestigemag.co\/fr\/2017\/03\/chronomaster-el-primero-range-rover-velar-special-edition\/","title":{"rendered":"Chronomaster El Primero Range Rover Velar Special Edition"},"content":{"rendered":"<figure id=\"attachment_12192\" aria-describedby=\"caption-attachment-12192\" style=\"width: 1000px\" class=\"wp-caption aligncenter\"><a href=\"http:\/\/www.prestigemag.co\/wp-content\/uploads\/2017\/03\/Untitled-1-17.jpg\"><img src=\"data:image\/svg+xml,%3Csvg%20xmlns='http:\/\/www.w3.org\/2000\/svg'%20viewBox='0%200%201000%20409'%3E%3C\/svg%3E\" class=\"zeen-lazy-load-base zeen-lazy-load wp-image-12192 size-full\" data-lazy-src=\"http:\/\/www.prestigemag.co\/wp-content\/uploads\/2017\/03\/Untitled-1-17.jpg\" alt=\"\" width=\"1000\" height=\"409\" data-lazy-srcset=\"https:\/\/www.prestigemag.co\/wp-content\/uploads\/2017\/03\/Untitled-1-17.jpg 1000w, https:\/\/www.prestigemag.co\/wp-content\/uploads\/2017\/03\/Untitled-1-17-300x123.jpg 300w, https:\/\/www.prestigemag.co\/wp-content\/uploads\/2017\/03\/Untitled-1-17-768x314.jpg 768w, https:\/\/www.prestigemag.co\/wp-content\/uploads\/2017\/03\/Untitled-1-17-150x61.jpg 150w, https:\/\/www.prestigemag.co\/wp-content\/uploads\/2017\/03\/Untitled-1-17-600x245.jpg 600w, https:\/\/www.prestigemag.co\/wp-content\/uploads\/2017\/03\/Untitled-1-17-291x119.jpg 291w, https:\/\/www.prestigemag.co\/wp-content\/uploads\/2017\/03\/Untitled-1-17-164x67.jpg 164w\" data-lazy-sizes=\"(max-width: 1000px) 100vw, 1000px\" \/><figcaption id=\"caption-attachment-12192\" class=\"wp-caption-text\"><noscript><img class=\"wp-image-12192 size-full\" src=\"http:\/\/www.prestigemag.co\/wp-content\/uploads\/2017\/03\/Untitled-1-17.jpg\" alt=\"\" width=\"1000\" height=\"409\" srcset=\"https:\/\/www.prestigemag.co\/wp-content\/uploads\/2017\/03\/Untitled-1-17.jpg 1000w, https:\/\/www.prestigemag.co\/wp-content\/uploads\/2017\/03\/Untitled-1-17-300x123.jpg 300w, https:\/\/www.prestigemag.co\/wp-content\/uploads\/2017\/03\/Untitled-1-17-768x314.jpg 768w, https:\/\/www.prestigemag.co\/wp-content\/uploads\/2017\/03\/Untitled-1-17-150x61.jpg 150w, https:\/\/www.prestigemag.co\/wp-content\/uploads\/2017\/03\/Untitled-1-17-600x245.jpg 600w, https:\/\/www.prestigemag.co\/wp-content\/uploads\/2017\/03\/Untitled-1-17-291x119.jpg 291w, https:\/\/www.prestigemag.co\/wp-content\/uploads\/2017\/03\/Untitled-1-17-164x67.jpg 164w\" sizes=\"(max-width: 1000px) 100vw, 1000px\" \/><\/noscript><\/a> \u00a9 Zenith<\/figcaption><\/figure>\n<p>&nbsp;<\/p>\n<p>&nbsp;<\/p>\n<p><strong>A l\u2019occasion du Salon International de l\u2019Automobile de Gen\u00e8ve, Zenith et Land Rover c\u00e9l\u00e8brent leur partenariat cr\u00e9atif en d\u00e9voilant une nouvelle Chronomaster El Primero Range Rover Velar Special Edition. <\/strong><\/p>\n<p><strong>Ce garde-temps est muni d\u2019un nouveau cadran gris bross\u00e9 aux accents cuivr\u00e9s et un nouveau bracelet noir en caoutchouc, recouvert de cuir de veau perfor\u00e9. Nourrie par les id\u00e9es partag\u00e9es par les d\u00e9partements de conception produit et d\u00a0\u2018ing\u00e9nierie des deux maisons, cette montre embrasse pleinement l\u2019h\u00e9ritage et l\u2019identit\u00e9 de deux l\u00e9gendes.<\/strong><\/p>\n<p>&nbsp;<\/p>\n<p>&nbsp;<\/p>\n<figure id=\"attachment_12189\" aria-describedby=\"caption-attachment-12189\" style=\"width: 787px\" class=\"wp-caption aligncenter\"><a href=\"http:\/\/www.prestigemag.co\/wp-content\/uploads\/2017\/03\/24.2042.400.27.R799_P3.jpg\"><img src=\"data:image\/svg+xml,%3Csvg%20xmlns='http:\/\/www.w3.org\/2000\/svg'%20viewBox='0%200%20787%20443'%3E%3C\/svg%3E\" class=\"zeen-lazy-load-base zeen-lazy-load wp-image-12189 size-full\" data-lazy-src=\"http:\/\/www.prestigemag.co\/wp-content\/uploads\/2017\/03\/24.2042.400.27.R799_P3.jpg\" alt=\"\" width=\"787\" height=\"443\" data-lazy-srcset=\"https:\/\/www.prestigemag.co\/wp-content\/uploads\/2017\/03\/24.2042.400.27.R799_P3.jpg 787w, https:\/\/www.prestigemag.co\/wp-content\/uploads\/2017\/03\/24.2042.400.27.R799_P3-300x169.jpg 300w, https:\/\/www.prestigemag.co\/wp-content\/uploads\/2017\/03\/24.2042.400.27.R799_P3-768x432.jpg 768w, https:\/\/www.prestigemag.co\/wp-content\/uploads\/2017\/03\/24.2042.400.27.R799_P3-150x84.jpg 150w, https:\/\/www.prestigemag.co\/wp-content\/uploads\/2017\/03\/24.2042.400.27.R799_P3-600x338.jpg 600w, https:\/\/www.prestigemag.co\/wp-content\/uploads\/2017\/03\/24.2042.400.27.R799_P3-222x125.jpg 222w, https:\/\/www.prestigemag.co\/wp-content\/uploads\/2017\/03\/24.2042.400.27.R799_P3-119x67.jpg 119w\" data-lazy-sizes=\"(max-width: 787px) 100vw, 787px\" \/><figcaption id=\"caption-attachment-12189\" class=\"wp-caption-text\"><noscript><img class=\"wp-image-12189 size-full\" src=\"http:\/\/www.prestigemag.co\/wp-content\/uploads\/2017\/03\/24.2042.400.27.R799_P3.jpg\" alt=\"\" width=\"787\" height=\"443\" srcset=\"https:\/\/www.prestigemag.co\/wp-content\/uploads\/2017\/03\/24.2042.400.27.R799_P3.jpg 787w, https:\/\/www.prestigemag.co\/wp-content\/uploads\/2017\/03\/24.2042.400.27.R799_P3-300x169.jpg 300w, https:\/\/www.prestigemag.co\/wp-content\/uploads\/2017\/03\/24.2042.400.27.R799_P3-768x432.jpg 768w, https:\/\/www.prestigemag.co\/wp-content\/uploads\/2017\/03\/24.2042.400.27.R799_P3-150x84.jpg 150w, https:\/\/www.prestigemag.co\/wp-content\/uploads\/2017\/03\/24.2042.400.27.R799_P3-600x338.jpg 600w, https:\/\/www.prestigemag.co\/wp-content\/uploads\/2017\/03\/24.2042.400.27.R799_P3-222x125.jpg 222w, https:\/\/www.prestigemag.co\/wp-content\/uploads\/2017\/03\/24.2042.400.27.R799_P3-119x67.jpg 119w\" sizes=\"(max-width: 787px) 100vw, 787px\" \/><\/noscript><\/a> \u00a9 Zenith<\/figcaption><\/figure>\n<p>&nbsp;<\/p>\n<p>&nbsp;<\/p>\n<p><strong>Chronomaster El Primero Range Rover Special edition 42mm<\/strong><\/p>\n<p>Cadran gris bross\u00e9 aux accents cuivr\u00e9s<\/p>\n<p>Hommage \u00e0 notre partenariat avec Land Rover \/ Range Rover<\/p>\n<p>Chronographe automatique El Primero avec roue \u00e0 colonnes et indication de la date \u00e0 6 h<\/p>\n<p>Masse oscillante sp\u00e9ciale orn\u00e9e des logos Zenith &amp; Range Rover<\/p>\n<p>Bo\u00eetier en aluminium c\u00e9ramis\u00e9 : 42 mm<\/p>\n<p>&nbsp;<\/p>\n<p>&nbsp;<\/p>\n<figure id=\"attachment_12190\" aria-describedby=\"caption-attachment-12190\" style=\"width: 787px\" class=\"wp-caption aligncenter\"><a href=\"http:\/\/www.prestigemag.co\/wp-content\/uploads\/2017\/03\/24.2042.400.27.R799_P2.jpg\"><img src=\"data:image\/svg+xml,%3Csvg%20xmlns='http:\/\/www.w3.org\/2000\/svg'%20viewBox='0%200%20787%20591'%3E%3C\/svg%3E\" class=\"zeen-lazy-load-base zeen-lazy-load wp-image-12190 size-full\" data-lazy-src=\"http:\/\/www.prestigemag.co\/wp-content\/uploads\/2017\/03\/24.2042.400.27.R799_P2.jpg\" alt=\"\" width=\"787\" height=\"591\" data-lazy-srcset=\"https:\/\/www.prestigemag.co\/wp-content\/uploads\/2017\/03\/24.2042.400.27.R799_P2.jpg 787w, https:\/\/www.prestigemag.co\/wp-content\/uploads\/2017\/03\/24.2042.400.27.R799_P2-300x225.jpg 300w, https:\/\/www.prestigemag.co\/wp-content\/uploads\/2017\/03\/24.2042.400.27.R799_P2-768x577.jpg 768w, https:\/\/www.prestigemag.co\/wp-content\/uploads\/2017\/03\/24.2042.400.27.R799_P2-640x480.jpg 640w, https:\/\/www.prestigemag.co\/wp-content\/uploads\/2017\/03\/24.2042.400.27.R799_P2-150x113.jpg 150w, https:\/\/www.prestigemag.co\/wp-content\/uploads\/2017\/03\/24.2042.400.27.R799_P2-499x375.jpg 499w, https:\/\/www.prestigemag.co\/wp-content\/uploads\/2017\/03\/24.2042.400.27.R799_P2-166x125.jpg 166w, https:\/\/www.prestigemag.co\/wp-content\/uploads\/2017\/03\/24.2042.400.27.R799_P2-89x67.jpg 89w\" data-lazy-sizes=\"(max-width: 787px) 100vw, 787px\" \/><figcaption id=\"caption-attachment-12190\" class=\"wp-caption-text\"><noscript><img class=\"wp-image-12190 size-full\" src=\"http:\/\/www.prestigemag.co\/wp-content\/uploads\/2017\/03\/24.2042.400.27.R799_P2.jpg\" alt=\"\" width=\"787\" height=\"591\" srcset=\"https:\/\/www.prestigemag.co\/wp-content\/uploads\/2017\/03\/24.2042.400.27.R799_P2.jpg 787w, https:\/\/www.prestigemag.co\/wp-content\/uploads\/2017\/03\/24.2042.400.27.R799_P2-300x225.jpg 300w, https:\/\/www.prestigemag.co\/wp-content\/uploads\/2017\/03\/24.2042.400.27.R799_P2-768x577.jpg 768w, https:\/\/www.prestigemag.co\/wp-content\/uploads\/2017\/03\/24.2042.400.27.R799_P2-640x480.jpg 640w, https:\/\/www.prestigemag.co\/wp-content\/uploads\/2017\/03\/24.2042.400.27.R799_P2-150x113.jpg 150w, https:\/\/www.prestigemag.co\/wp-content\/uploads\/2017\/03\/24.2042.400.27.R799_P2-499x375.jpg 499w, https:\/\/www.prestigemag.co\/wp-content\/uploads\/2017\/03\/24.2042.400.27.R799_P2-166x125.jpg 166w, https:\/\/www.prestigemag.co\/wp-content\/uploads\/2017\/03\/24.2042.400.27.R799_P2-89x67.jpg 89w\" sizes=\"(max-width: 787px) 100vw, 787px\" \/><\/noscript><\/a> \u00a9 Zenith<\/figcaption><\/figure>\n<p>&nbsp;<\/p>\n<p>&nbsp;<\/p>\n<p><strong>FONCTIONS<\/strong><\/p>\n<p>Heures et minutes au centre<\/p>\n<p>Petite seconde \u00e0 9 heures<\/p>\n<p>Chronographe :<\/p>\n<p>&#8211; Aiguille de chronographe centrale<\/p>\n<p>&#8211; Compteur 30 minutes \u00e0 3 heures<\/p>\n","protected":false},"excerpt":{"rendered":"<p><em>A l\u2019occasion du Salon International de l\u2019Automobile de Gen\u00e8ve, Zenith et Land Rover c\u00e9l\u00e8brent leur partenariat cr\u00e9atif en d\u00e9voilant une nouvelle Chronomaster El Primero Range Rover Velar Special Edition.<\/em><\/p>\n","protected":false},"author":3,"featured_media":21427,"comment_status":"closed","ping_status":"closed","sticky":false,"template":"","format":"standard","meta":[],"categories":[13329,13330],"tags":[],"yoast_head":"<!-- This site is optimized with the Yoast SEO plugin v19.4 - https:\/\/yoast.com\/wordpress\/plugins\/seo\/ -->\n<title>Chronomaster El Primero Range Rover Velar Special Edition - Prestige Magazine<\/title>\n<meta name=\"description\" content=\"A l\u2019occasion du Salon International de l\u2019Automobile de Gen\u00e8ve, Zenith et Land Rover c\u00e9l\u00e8brent leur partenariat cr\u00e9atif en d\u00e9voilant une nouvelle Chronomaster El Primero Range Rover Velar Special Edition.\" \/>\n<meta name=\"robots\" content=\"index, follow, max-snippet:-1, max-image-preview:large, max-video-preview:-1\" \/>\n<link rel=\"canonical\" href=\"https:\/\/www.prestigemag.co\/fr\/2017\/03\/chronomaster-el-primero-range-rover-velar-special-edition\/\" \/>\n<meta property=\"og:locale\" content=\"fr_FR\" \/>\n<meta property=\"og:type\" content=\"article\" \/>\n<meta property=\"og:title\" content=\"Chronomaster El Primero Range Rover Velar Special Edition - Prestige Magazine\" \/>\n<meta property=\"og:description\" content=\"A l\u2019occasion du Salon International de l\u2019Automobile de Gen\u00e8ve, Zenith et Land Rover c\u00e9l\u00e8brent leur partenariat cr\u00e9atif en d\u00e9voilant une nouvelle Chronomaster El Primero Range Rover Velar Special Edition.\" \/>\n<meta property=\"og:url\" content=\"https:\/\/www.prestigemag.co\/fr\/2017\/03\/chronomaster-el-primero-range-rover-velar-special-edition\/\" \/>\n<meta property=\"og:site_name\" content=\"Prestige Magazine\" \/>\n<meta property=\"article:publisher\" content=\"https:\/\/www.facebook.com\/prestigemag.co\/\" \/>\n<meta property=\"article:published_time\" content=\"2017-03-24T12:39:45+00:00\" \/>\n<meta property=\"og:image\" content=\"https:\/\/www.prestigemag.co\/wp-content\/uploads\/2017\/03\/Untitled-1-16.jpg\" \/>\n\t<meta property=\"og:image:width\" content=\"1000\" \/>\n\t<meta property=\"og:image:height\" content=\"409\" \/>\n\t<meta property=\"og:image:type\" content=\"image\/jpeg\" \/>\n<meta name=\"author\" content=\"prestige\" \/>\n<meta name=\"twitter:card\" content=\"summary\" \/>\n<meta name=\"twitter:label1\" content=\"\u00c9crit par\" \/>\n\t<meta name=\"twitter:data1\" content=\"prestige\" \/>\n\t<meta name=\"twitter:label2\" content=\"Dur\u00e9e de lecture estim\u00e9e\" \/>\n\t<meta name=\"twitter:data2\" content=\"1 minute\" \/>\n<script type=\"application\/ld+json\" class=\"yoast-schema-graph\">{\"@context\":\"https:\/\/schema.org\",\"@graph\":[{\"@type\":\"Organization\",\"@id\":\"https:\/\/www.prestigemag.co\/#organization\",\"name\":\"Prestige\",\"url\":\"https:\/\/www.prestigemag.co\/\",\"sameAs\":[\"https:\/\/www.instagram.com\/prestige.mag\/\",\"https:\/\/www.facebook.com\/prestigemag.co\/\"],\"logo\":{\"@type\":\"ImageObject\",\"inLanguage\":\"fr-FR\",\"@id\":\"https:\/\/www.prestigemag.co\/#\/schema\/logo\/image\/\",\"url\":\"https:\/\/www.prestigemag.co\/wp-content\/uploads\/2021\/11\/logo-Prestige-800x200-1.png\",\"contentUrl\":\"https:\/\/www.prestigemag.co\/wp-content\/uploads\/2021\/11\/logo-Prestige-800x200-1.png\",\"width\":800,\"height\":200,\"caption\":\"Prestige\"},\"image\":{\"@id\":\"https:\/\/www.prestigemag.co\/#\/schema\/logo\/image\/\"}},{\"@type\":\"WebSite\",\"@id\":\"https:\/\/www.prestigemag.co\/#website\",\"url\":\"https:\/\/www.prestigemag.co\/\",\"name\":\"Prestige Magazine\",\"description\":\"Le Monde Des C\u00e9l\u00e9brit\u00e9s\",\"publisher\":{\"@id\":\"https:\/\/www.prestigemag.co\/#organization\"},\"potentialAction\":[{\"@type\":\"SearchAction\",\"target\":{\"@type\":\"EntryPoint\",\"urlTemplate\":\"https:\/\/www.prestigemag.co\/?s={search_term_string}\"},\"query-input\":\"required name=search_term_string\"}],\"inLanguage\":\"fr-FR\"},{\"@type\":\"WebPage\",\"@id\":\"https:\/\/www.prestigemag.co\/fr\/2017\/03\/chronomaster-el-primero-range-rover-velar-special-edition\/\",\"url\":\"https:\/\/www.prestigemag.co\/fr\/2017\/03\/chronomaster-el-primero-range-rover-velar-special-edition\/\",\"name\":\"Chronomaster El Primero Range Rover Velar Special Edition - Prestige Magazine\",\"isPartOf\":{\"@id\":\"https:\/\/www.prestigemag.co\/#website\"},\"datePublished\":\"2017-03-24T12:39:45+00:00\",\"dateModified\":\"2017-03-24T12:39:45+00:00\",\"description\":\"A l\u2019occasion du Salon International de l\u2019Automobile de Gen\u00e8ve, Zenith et Land Rover c\u00e9l\u00e8brent leur partenariat cr\u00e9atif en d\u00e9voilant une nouvelle Chronomaster El Primero Range Rover Velar Special Edition.\",\"breadcrumb\":{\"@id\":\"https:\/\/www.prestigemag.co\/fr\/2017\/03\/chronomaster-el-primero-range-rover-velar-special-edition\/#breadcrumb\"},\"inLanguage\":\"fr-FR\",\"potentialAction\":[{\"@type\":\"ReadAction\",\"target\":[\"https:\/\/www.prestigemag.co\/fr\/2017\/03\/chronomaster-el-primero-range-rover-velar-special-edition\/\"]}]},{\"@type\":\"BreadcrumbList\",\"@id\":\"https:\/\/www.prestigemag.co\/fr\/2017\/03\/chronomaster-el-primero-range-rover-velar-special-edition\/#breadcrumb\",\"itemListElement\":[{\"@type\":\"ListItem\",\"position\":1,\"name\":\"Home\",\"item\":\"https:\/\/www.prestigemag.co\/fr\/\"},{\"@type\":\"ListItem\",\"position\":2,\"name\":\"Chronomaster El Primero Range Rover Velar Special Edition\"}]},{\"@type\":\"Article\",\"@id\":\"https:\/\/www.prestigemag.co\/fr\/2017\/03\/chronomaster-el-primero-range-rover-velar-special-edition\/#article\",\"isPartOf\":{\"@id\":\"https:\/\/www.prestigemag.co\/fr\/2017\/03\/chronomaster-el-primero-range-rover-velar-special-edition\/\"},\"author\":{\"name\":\"prestige\",\"@id\":\"https:\/\/www.prestigemag.co\/#\/schema\/person\/e3f149368970128d68bb2d797bf30fbc\"},\"headline\":\"Chronomaster El Primero Range Rover Velar Special Edition\",\"datePublished\":\"2017-03-24T12:39:45+00:00\",\"dateModified\":\"2017-03-24T12:39:45+00:00\",\"mainEntityOfPage\":{\"@id\":\"https:\/\/www.prestigemag.co\/fr\/2017\/03\/chronomaster-el-primero-range-rover-velar-special-edition\/\"},\"wordCount\":214,\"publisher\":{\"@id\":\"https:\/\/www.prestigemag.co\/#organization\"},\"articleSection\":[\"Horlogerie &amp; Joaillerie\",\"Nouveaut\u00e9s\"],\"inLanguage\":\"fr-FR\"},{\"@type\":\"Person\",\"@id\":\"https:\/\/www.prestigemag.co\/#\/schema\/person\/e3f149368970128d68bb2d797bf30fbc\",\"name\":\"prestige\",\"image\":{\"@type\":\"ImageObject\",\"inLanguage\":\"fr-FR\",\"@id\":\"https:\/\/www.prestigemag.co\/#\/schema\/person\/image\/\",\"url\":\"https:\/\/secure.gravatar.com\/avatar\/0aa2dff5484d35e50578639a2c3ccef9?s=96&d=mm&r=g\",\"contentUrl\":\"https:\/\/secure.gravatar.com\/avatar\/0aa2dff5484d35e50578639a2c3ccef9?s=96&d=mm&r=g\",\"caption\":\"prestige\"},\"url\":\"https:\/\/www.prestigemag.co\/fr\/author\/prestige\/\"}]}<\/script>\n<!-- \/ Yoast SEO plugin. -->","yoast_head_json":{"title":"Chronomaster El Primero Range Rover Velar Special Edition - Prestige Magazine","description":"A l\u2019occasion du Salon International de l\u2019Automobile de Gen\u00e8ve, Zenith et Land Rover c\u00e9l\u00e8brent leur partenariat cr\u00e9atif en d\u00e9voilant une nouvelle Chronomaster El Primero Range Rover Velar Special Edition.","robots":{"index":"index","follow":"follow","max-snippet":"max-snippet:-1","max-image-preview":"max-image-preview:large","max-video-preview":"max-video-preview:-1"},"canonical":"https:\/\/www.prestigemag.co\/fr\/2017\/03\/chronomaster-el-primero-range-rover-velar-special-edition\/","og_locale":"fr_FR","og_type":"article","og_title":"Chronomaster El Primero Range Rover Velar Special Edition - Prestige Magazine","og_description":"A l\u2019occasion du Salon International de l\u2019Automobile de Gen\u00e8ve, Zenith et Land Rover c\u00e9l\u00e8brent leur partenariat cr\u00e9atif en d\u00e9voilant une nouvelle Chronomaster El Primero Range Rover Velar Special Edition.","og_url":"https:\/\/www.prestigemag.co\/fr\/2017\/03\/chronomaster-el-primero-range-rover-velar-special-edition\/","og_site_name":"Prestige Magazine","article_publisher":"https:\/\/www.facebook.com\/prestigemag.co\/","article_published_time":"2017-03-24T12:39:45+00:00","og_image":[{"width":1000,"height":409,"url":"https:\/\/www.prestigemag.co\/wp-content\/uploads\/2017\/03\/Untitled-1-16.jpg","type":"image\/jpeg"}],"author":"prestige","twitter_card":"summary","twitter_misc":{"\u00c9crit par":"prestige","Dur\u00e9e de lecture estim\u00e9e":"1 minute"},"schema":{"@context":"https:\/\/schema.org","@graph":[{"@type":"Organization","@id":"https:\/\/www.prestigemag.co\/#organization","name":"Prestige","url":"https:\/\/www.prestigemag.co\/","sameAs":["https:\/\/www.instagram.com\/prestige.mag\/","https:\/\/www.facebook.com\/prestigemag.co\/"],"logo":{"@type":"ImageObject","inLanguage":"fr-FR","@id":"https:\/\/www.prestigemag.co\/#\/schema\/logo\/image\/","url":"https:\/\/www.prestigemag.co\/wp-content\/uploads\/2021\/11\/logo-Prestige-800x200-1.png","contentUrl":"https:\/\/www.prestigemag.co\/wp-content\/uploads\/2021\/11\/logo-Prestige-800x200-1.png","width":800,"height":200,"caption":"Prestige"},"image":{"@id":"https:\/\/www.prestigemag.co\/#\/schema\/logo\/image\/"}},{"@type":"WebSite","@id":"https:\/\/www.prestigemag.co\/#website","url":"https:\/\/www.prestigemag.co\/","name":"Prestige Magazine","description":"Le Monde Des C\u00e9l\u00e9brit\u00e9s","publisher":{"@id":"https:\/\/www.prestigemag.co\/#organization"},"potentialAction":[{"@type":"SearchAction","target":{"@type":"EntryPoint","urlTemplate":"https:\/\/www.prestigemag.co\/?s={search_term_string}"},"query-input":"required name=search_term_string"}],"inLanguage":"fr-FR"},{"@type":"WebPage","@id":"https:\/\/www.prestigemag.co\/fr\/2017\/03\/chronomaster-el-primero-range-rover-velar-special-edition\/","url":"https:\/\/www.prestigemag.co\/fr\/2017\/03\/chronomaster-el-primero-range-rover-velar-special-edition\/","name":"Chronomaster El Primero Range Rover Velar Special Edition - Prestige Magazine","isPartOf":{"@id":"https:\/\/www.prestigemag.co\/#website"},"datePublished":"2017-03-24T12:39:45+00:00","dateModified":"2017-03-24T12:39:45+00:00","description":"A l\u2019occasion du Salon International de l\u2019Automobile de Gen\u00e8ve, Zenith et Land Rover c\u00e9l\u00e8brent leur partenariat cr\u00e9atif en d\u00e9voilant une nouvelle Chronomaster El Primero Range Rover Velar Special Edition.","breadcrumb":{"@id":"https:\/\/www.prestigemag.co\/fr\/2017\/03\/chronomaster-el-primero-range-rover-velar-special-edition\/#breadcrumb"},"inLanguage":"fr-FR","potentialAction":[{"@type":"ReadAction","target":["https:\/\/www.prestigemag.co\/fr\/2017\/03\/chronomaster-el-primero-range-rover-velar-special-edition\/"]}]},{"@type":"BreadcrumbList","@id":"https:\/\/www.prestigemag.co\/fr\/2017\/03\/chronomaster-el-primero-range-rover-velar-special-edition\/#breadcrumb","itemListElement":[{"@type":"ListItem","position":1,"name":"Home","item":"https:\/\/www.prestigemag.co\/fr\/"},{"@type":"ListItem","position":2,"name":"Chronomaster El Primero Range Rover Velar Special Edition"}]},{"@type":"Article","@id":"https:\/\/www.prestigemag.co\/fr\/2017\/03\/chronomaster-el-primero-range-rover-velar-special-edition\/#article","isPartOf":{"@id":"https:\/\/www.prestigemag.co\/fr\/2017\/03\/chronomaster-el-primero-range-rover-velar-special-edition\/"},"author":{"name":"prestige","@id":"https:\/\/www.prestigemag.co\/#\/schema\/person\/e3f149368970128d68bb2d797bf30fbc"},"headline":"Chronomaster El Primero Range Rover Velar Special Edition","datePublished":"2017-03-24T12:39:45+00:00","dateModified":"2017-03-24T12:39:45+00:00","mainEntityOfPage":{"@id":"https:\/\/www.prestigemag.co\/fr\/2017\/03\/chronomaster-el-primero-range-rover-velar-special-edition\/"},"wordCount":214,"publisher":{"@id":"https:\/\/www.prestigemag.co\/#organization"},"articleSection":["Horlogerie &amp; Joaillerie","Nouveaut\u00e9s"],"inLanguage":"fr-FR"},{"@type":"Person","@id":"https:\/\/www.prestigemag.co\/#\/schema\/person\/e3f149368970128d68bb2d797bf30fbc","name":"prestige","image":{"@type":"ImageObject","inLanguage":"fr-FR","@id":"https:\/\/www.prestigemag.co\/#\/schema\/person\/image\/","url":"https:\/\/secure.gravatar.com\/avatar\/0aa2dff5484d35e50578639a2c3ccef9?s=96&d=mm&r=g","contentUrl":"https:\/\/secure.gravatar.com\/avatar\/0aa2dff5484d35e50578639a2c3ccef9?s=96&d=mm&r=g","caption":"prestige"},"url":"https:\/\/www.prestigemag.co\/fr\/author\/prestige\/"}]}},"_links":{"self":[{"href":"https:\/\/www.prestigemag.co\/fr\/wp-json\/wp\/v2\/posts\/21426"}],"collection":[{"href":"https:\/\/www.prestigemag.co\/fr\/wp-json\/wp\/v2\/posts"}],"about":[{"href":"https:\/\/www.prestigemag.co\/fr\/wp-json\/wp\/v2\/types\/post"}],"author":[{"embeddable":true,"href":"https:\/\/www.prestigemag.co\/fr\/wp-json\/wp\/v2\/users\/3"}],"replies":[{"embeddable":true,"href":"https:\/\/www.prestigemag.co\/fr\/wp-json\/wp\/v2\/comments?post=21426"}],"version-history":[{"count":0,"href":"https:\/\/www.prestigemag.co\/fr\/wp-json\/wp\/v2\/posts\/21426\/revisions"}],"wp:featuredmedia":[{"embeddable":true,"href":"https:\/\/www.prestigemag.co\/fr\/wp-json\/wp\/v2\/media\/21427"}],"wp:attachment":[{"href":"https:\/\/www.prestigemag.co\/fr\/wp-json\/wp\/v2\/media?parent=21426"}],"wp:term":[{"taxonomy":"category","embeddable":true,"href":"https:\/\/www.prestigemag.co\/fr\/wp-json\/wp\/v2\/categories?post=21426"},{"taxonomy":"post_tag","embeddable":true,"href":"https:\/\/www.prestigemag.co\/fr\/wp-json\/wp\/v2\/tags?post=21426"}],"curies":[{"name":"wp","href":"https:\/\/api.w.org\/{rel}","templated":true}]}}