{"id":21467,"date":"2017-04-12T11:32:48","date_gmt":"2017-04-12T11:32:48","guid":{"rendered":"http:\/\/www.prestigemag.co\/2017\/04\/nouveau-musee-audemars-piguet\/"},"modified":"2017-04-12T11:32:48","modified_gmt":"2017-04-12T11:32:48","slug":"nouveau-musee-audemars-piguet","status":"publish","type":"post","link":"https:\/\/www.prestigemag.co\/fr\/2017\/04\/nouveau-musee-audemars-piguet\/","title":{"rendered":"Nouveau Mus\u00e9e Audemars Piguet"},"content":{"rendered":"<figure id=\"attachment_12295\" aria-describedby=\"caption-attachment-12295\" style=\"width: 1000px\" class=\"wp-caption aligncenter\"><a href=\"http:\/\/www.prestigemag.co\/wp-content\/uploads\/2017\/04\/Untitled-1-5.jpg\"><img src=\"data:image\/svg+xml,%3Csvg%20xmlns='http:\/\/www.w3.org\/2000\/svg'%20viewBox='0%200%201000%20394'%3E%3C\/svg%3E\" class=\"zeen-lazy-load-base zeen-lazy-load wp-image-12295 size-full\" data-lazy-src=\"http:\/\/www.prestigemag.co\/wp-content\/uploads\/2017\/04\/Untitled-1-5.jpg\" alt=\"\" width=\"1000\" height=\"394\" data-lazy-srcset=\"https:\/\/www.prestigemag.co\/wp-content\/uploads\/2017\/04\/Untitled-1-5.jpg 1000w, https:\/\/www.prestigemag.co\/wp-content\/uploads\/2017\/04\/Untitled-1-5-300x118.jpg 300w, https:\/\/www.prestigemag.co\/wp-content\/uploads\/2017\/04\/Untitled-1-5-770x303.jpg 770w, https:\/\/www.prestigemag.co\/wp-content\/uploads\/2017\/04\/Untitled-1-5-293x115.jpg 293w, https:\/\/www.prestigemag.co\/wp-content\/uploads\/2017\/04\/Untitled-1-5-390x154.jpg 390w, https:\/\/www.prestigemag.co\/wp-content\/uploads\/2017\/04\/Untitled-1-5-150x59.jpg 150w, https:\/\/www.prestigemag.co\/wp-content\/uploads\/2017\/04\/Untitled-1-5-600x236.jpg 600w, https:\/\/www.prestigemag.co\/wp-content\/uploads\/2017\/04\/Untitled-1-5-291x115.jpg 291w, https:\/\/www.prestigemag.co\/wp-content\/uploads\/2017\/04\/Untitled-1-5-170x67.jpg 170w\" data-lazy-sizes=\"(max-width: 1000px) 100vw, 1000px\" \/><figcaption id=\"caption-attachment-12295\" class=\"wp-caption-text\"><noscript><img class=\"wp-image-12295 size-full\" src=\"http:\/\/www.prestigemag.co\/wp-content\/uploads\/2017\/04\/Untitled-1-5.jpg\" alt=\"\" width=\"1000\" height=\"394\" srcset=\"https:\/\/www.prestigemag.co\/wp-content\/uploads\/2017\/04\/Untitled-1-5.jpg 1000w, https:\/\/www.prestigemag.co\/wp-content\/uploads\/2017\/04\/Untitled-1-5-300x118.jpg 300w, https:\/\/www.prestigemag.co\/wp-content\/uploads\/2017\/04\/Untitled-1-5-770x303.jpg 770w, https:\/\/www.prestigemag.co\/wp-content\/uploads\/2017\/04\/Untitled-1-5-293x115.jpg 293w, https:\/\/www.prestigemag.co\/wp-content\/uploads\/2017\/04\/Untitled-1-5-390x154.jpg 390w, https:\/\/www.prestigemag.co\/wp-content\/uploads\/2017\/04\/Untitled-1-5-150x59.jpg 150w, https:\/\/www.prestigemag.co\/wp-content\/uploads\/2017\/04\/Untitled-1-5-600x236.jpg 600w, https:\/\/www.prestigemag.co\/wp-content\/uploads\/2017\/04\/Untitled-1-5-291x115.jpg 291w, https:\/\/www.prestigemag.co\/wp-content\/uploads\/2017\/04\/Untitled-1-5-170x67.jpg 170w\" sizes=\"(max-width: 1000px) 100vw, 1000px\" \/><\/noscript><\/a> \u00a9 Audemars Piguet<\/figcaption><\/figure>\n<p>&nbsp;<\/p>\n<p>&nbsp;<\/p>\n<p>Il y a trois ans, Audemars Piguet pr\u00e9sentait le projet laur\u00e9at du concours d\u2019architecture pour la construction de son nouveau mus\u00e9e. Imagin\u00e9e par l\u2019architecte Danois Bjarke Ingels, la nouvelle \u00ab Maison des Fondateurs \u00bb marie le mus\u00e9e d\u2019origine install\u00e9 dans la maison historique de la famille Audemars, \u00e0 une spirale futuriste \u00e9mergeant des champs, enti\u00e8rement soutenue par des murs courbes en verre.<br \/>\nLe 30 mars 2017, la pose de la premi\u00e8re pierre de ce projet fou, dont la complexit\u00e9 architecturale ressemble aux grandes complications horlog\u00e8res, a eu lieu au Brassus, berceau de la Manufacture nich\u00e9 au c\u0153ur de la Vall\u00e9e de Joux et pierre de vo\u00fbte de l\u2019histoire d\u2019Audemars Piguet.<\/p>\n<p>Prochaine \u00e9tape : la pose des murs en verre courbe dont le poids unitaire d\u00e9passe les 2 tonnes, qui devrait avoir lieu avant l\u2019hiver prochain. L\u2019ann\u00e9e 2018 sera quant \u00e0 elle consacr\u00e9e aux am\u00e9nagements int\u00e9rieurs et \u00e0 la restauration du b\u00e2timent historique dans lequel se trouve le mus\u00e9e actuel.<\/p>\n<p>&nbsp;<\/p>\n<p>&nbsp;<\/p>\n<figure id=\"attachment_12296\" aria-describedby=\"caption-attachment-12296\" style=\"width: 787px\" class=\"wp-caption aligncenter\"><a href=\"http:\/\/www.prestigemag.co\/wp-content\/uploads\/2017\/04\/AP_Maison_Fondateurs_1ere_Pierre_04_PRCMYK.jpg\"><img src=\"data:image\/svg+xml,%3Csvg%20xmlns='http:\/\/www.w3.org\/2000\/svg'%20viewBox='0%200%20787%20525'%3E%3C\/svg%3E\" class=\"zeen-lazy-load-base zeen-lazy-load wp-image-12296 size-full\" data-lazy-src=\"http:\/\/www.prestigemag.co\/wp-content\/uploads\/2017\/04\/AP_Maison_Fondateurs_1ere_Pierre_04_PRCMYK.jpg\" alt=\"\" width=\"787\" height=\"525\" data-lazy-srcset=\"https:\/\/www.prestigemag.co\/wp-content\/uploads\/2017\/04\/AP_Maison_Fondateurs_1ere_Pierre_04_PRCMYK.jpg 787w, https:\/\/www.prestigemag.co\/wp-content\/uploads\/2017\/04\/AP_Maison_Fondateurs_1ere_Pierre_04_PRCMYK-300x200.jpg 300w, https:\/\/www.prestigemag.co\/wp-content\/uploads\/2017\/04\/AP_Maison_Fondateurs_1ere_Pierre_04_PRCMYK-768x512.jpg 768w, https:\/\/www.prestigemag.co\/wp-content\/uploads\/2017\/04\/AP_Maison_Fondateurs_1ere_Pierre_04_PRCMYK-150x100.jpg 150w, https:\/\/www.prestigemag.co\/wp-content\/uploads\/2017\/04\/AP_Maison_Fondateurs_1ere_Pierre_04_PRCMYK-562x375.jpg 562w, https:\/\/www.prestigemag.co\/wp-content\/uploads\/2017\/04\/AP_Maison_Fondateurs_1ere_Pierre_04_PRCMYK-187x125.jpg 187w, https:\/\/www.prestigemag.co\/wp-content\/uploads\/2017\/04\/AP_Maison_Fondateurs_1ere_Pierre_04_PRCMYK-100x67.jpg 100w\" data-lazy-sizes=\"(max-width: 787px) 100vw, 787px\" \/><figcaption id=\"caption-attachment-12296\" class=\"wp-caption-text\"><noscript><img class=\"wp-image-12296 size-full\" src=\"http:\/\/www.prestigemag.co\/wp-content\/uploads\/2017\/04\/AP_Maison_Fondateurs_1ere_Pierre_04_PRCMYK.jpg\" alt=\"\" width=\"787\" height=\"525\" srcset=\"https:\/\/www.prestigemag.co\/wp-content\/uploads\/2017\/04\/AP_Maison_Fondateurs_1ere_Pierre_04_PRCMYK.jpg 787w, https:\/\/www.prestigemag.co\/wp-content\/uploads\/2017\/04\/AP_Maison_Fondateurs_1ere_Pierre_04_PRCMYK-300x200.jpg 300w, https:\/\/www.prestigemag.co\/wp-content\/uploads\/2017\/04\/AP_Maison_Fondateurs_1ere_Pierre_04_PRCMYK-768x512.jpg 768w, https:\/\/www.prestigemag.co\/wp-content\/uploads\/2017\/04\/AP_Maison_Fondateurs_1ere_Pierre_04_PRCMYK-150x100.jpg 150w, https:\/\/www.prestigemag.co\/wp-content\/uploads\/2017\/04\/AP_Maison_Fondateurs_1ere_Pierre_04_PRCMYK-562x375.jpg 562w, https:\/\/www.prestigemag.co\/wp-content\/uploads\/2017\/04\/AP_Maison_Fondateurs_1ere_Pierre_04_PRCMYK-187x125.jpg 187w, https:\/\/www.prestigemag.co\/wp-content\/uploads\/2017\/04\/AP_Maison_Fondateurs_1ere_Pierre_04_PRCMYK-100x67.jpg 100w\" sizes=\"(max-width: 787px) 100vw, 787px\" \/><\/noscript><\/a> Droite : Hannes Ehrensperger (partner CCHE), St\u00e9phane Jaquiery (architect Audemars Piguet), Philippe Leuba (conseiller d&rsquo;Etat), S\u00e9bastian Vivas (Audemars Piguet Museum Director), Jasmine Audemars (Chairwoman of the Board of Directors), Fran\u00e7ois-Henry Bennahmias (Chief Executive Officer Audemars PIguet), Daniel Sundlin (Partner BIG), Stives Morand (Mayor of Le Chenit), Wassim Melki (project manager Atelier Br\u00fcckner), Olivier Audemars (Vice Chairman of the Board of Directors). \u00a9 Audemars Piguet<\/figcaption><\/figure>\n<p>&nbsp;<\/p>\n<p>&nbsp;<\/p>\n<figure id=\"attachment_12297\" aria-describedby=\"caption-attachment-12297\" style=\"width: 787px\" class=\"wp-caption aligncenter\"><a href=\"http:\/\/www.prestigemag.co\/wp-content\/uploads\/2017\/04\/Audemars-Piguet_Maison_des_Fondateurs_04_3D_Scenography_PRCMYK.jpg\"><img src=\"data:image\/svg+xml,%3Csvg%20xmlns='http:\/\/www.w3.org\/2000\/svg'%20viewBox='0%200%20787%20443'%3E%3C\/svg%3E\" class=\"zeen-lazy-load-base zeen-lazy-load wp-image-12297 size-full\" data-lazy-src=\"http:\/\/www.prestigemag.co\/wp-content\/uploads\/2017\/04\/Audemars-Piguet_Maison_des_Fondateurs_04_3D_Scenography_PRCMYK.jpg\" alt=\"\" width=\"787\" height=\"443\" data-lazy-srcset=\"https:\/\/www.prestigemag.co\/wp-content\/uploads\/2017\/04\/Audemars-Piguet_Maison_des_Fondateurs_04_3D_Scenography_PRCMYK.jpg 787w, https:\/\/www.prestigemag.co\/wp-content\/uploads\/2017\/04\/Audemars-Piguet_Maison_des_Fondateurs_04_3D_Scenography_PRCMYK-300x169.jpg 300w, https:\/\/www.prestigemag.co\/wp-content\/uploads\/2017\/04\/Audemars-Piguet_Maison_des_Fondateurs_04_3D_Scenography_PRCMYK-768x432.jpg 768w, https:\/\/www.prestigemag.co\/wp-content\/uploads\/2017\/04\/Audemars-Piguet_Maison_des_Fondateurs_04_3D_Scenography_PRCMYK-150x84.jpg 150w, https:\/\/www.prestigemag.co\/wp-content\/uploads\/2017\/04\/Audemars-Piguet_Maison_des_Fondateurs_04_3D_Scenography_PRCMYK-600x338.jpg 600w, https:\/\/www.prestigemag.co\/wp-content\/uploads\/2017\/04\/Audemars-Piguet_Maison_des_Fondateurs_04_3D_Scenography_PRCMYK-222x125.jpg 222w, https:\/\/www.prestigemag.co\/wp-content\/uploads\/2017\/04\/Audemars-Piguet_Maison_des_Fondateurs_04_3D_Scenography_PRCMYK-119x67.jpg 119w\" data-lazy-sizes=\"(max-width: 787px) 100vw, 787px\" \/><figcaption id=\"caption-attachment-12297\" class=\"wp-caption-text\"><noscript><img class=\"wp-image-12297 size-full\" src=\"http:\/\/www.prestigemag.co\/wp-content\/uploads\/2017\/04\/Audemars-Piguet_Maison_des_Fondateurs_04_3D_Scenography_PRCMYK.jpg\" alt=\"\" width=\"787\" height=\"443\" srcset=\"https:\/\/www.prestigemag.co\/wp-content\/uploads\/2017\/04\/Audemars-Piguet_Maison_des_Fondateurs_04_3D_Scenography_PRCMYK.jpg 787w, https:\/\/www.prestigemag.co\/wp-content\/uploads\/2017\/04\/Audemars-Piguet_Maison_des_Fondateurs_04_3D_Scenography_PRCMYK-300x169.jpg 300w, https:\/\/www.prestigemag.co\/wp-content\/uploads\/2017\/04\/Audemars-Piguet_Maison_des_Fondateurs_04_3D_Scenography_PRCMYK-768x432.jpg 768w, https:\/\/www.prestigemag.co\/wp-content\/uploads\/2017\/04\/Audemars-Piguet_Maison_des_Fondateurs_04_3D_Scenography_PRCMYK-150x84.jpg 150w, https:\/\/www.prestigemag.co\/wp-content\/uploads\/2017\/04\/Audemars-Piguet_Maison_des_Fondateurs_04_3D_Scenography_PRCMYK-600x338.jpg 600w, https:\/\/www.prestigemag.co\/wp-content\/uploads\/2017\/04\/Audemars-Piguet_Maison_des_Fondateurs_04_3D_Scenography_PRCMYK-222x125.jpg 222w, https:\/\/www.prestigemag.co\/wp-content\/uploads\/2017\/04\/Audemars-Piguet_Maison_des_Fondateurs_04_3D_Scenography_PRCMYK-119x67.jpg 119w\" sizes=\"(max-width: 787px) 100vw, 787px\" \/><\/noscript><\/a> \u00a9 Audemars Piguet<\/figcaption><\/figure>\n","protected":false},"excerpt":{"rendered":"<p><em>Il y a trois ans, Audemars Piguet pr\u00e9sentait le projet laur\u00e9at du concours d\u2019architecture pour la construction de son nouveau mus\u00e9e. Imagin\u00e9e par l\u2019architecte Danois Bjarke Ingels, la nouvelle \u00ab Maison des Fondateurs \u00bb marie le mus\u00e9e d\u2019origine<\/em><\/p>\n","protected":false},"author":3,"featured_media":21468,"comment_status":"closed","ping_status":"closed","sticky":false,"template":"","format":"standard","meta":[],"categories":[13329],"tags":[],"yoast_head":"<!-- This site is optimized with the Yoast SEO plugin v19.4 - https:\/\/yoast.com\/wordpress\/plugins\/seo\/ -->\n<title>Nouveau Mus\u00e9e Audemars Piguet - Prestige Magazine<\/title>\n<meta name=\"description\" content=\"Il y a trois ans, Audemars Piguet pr\u00e9sentait le projet laur\u00e9at du concours d\u2019architecture pour la construction de son nouveau mus\u00e9e. Imagin\u00e9e par l\u2019architecte Danois Bjarke Ingels, la nouvelle \u00ab Maison des Fondateurs \u00bb marie le mus\u00e9e d\u2019origine\" \/>\n<meta name=\"robots\" content=\"index, follow, max-snippet:-1, max-image-preview:large, max-video-preview:-1\" \/>\n<link rel=\"canonical\" href=\"https:\/\/www.prestigemag.co\/fr\/2017\/04\/nouveau-musee-audemars-piguet\/\" \/>\n<meta property=\"og:locale\" content=\"fr_FR\" \/>\n<meta property=\"og:type\" content=\"article\" \/>\n<meta property=\"og:title\" content=\"Nouveau Mus\u00e9e Audemars Piguet - Prestige Magazine\" \/>\n<meta property=\"og:description\" content=\"Il y a trois ans, Audemars Piguet pr\u00e9sentait le projet laur\u00e9at du concours d\u2019architecture pour la construction de son nouveau mus\u00e9e. Imagin\u00e9e par l\u2019architecte Danois Bjarke Ingels, la nouvelle \u00ab Maison des Fondateurs \u00bb marie le mus\u00e9e d\u2019origine\" \/>\n<meta property=\"og:url\" content=\"https:\/\/www.prestigemag.co\/fr\/2017\/04\/nouveau-musee-audemars-piguet\/\" \/>\n<meta property=\"og:site_name\" content=\"Prestige Magazine\" \/>\n<meta property=\"article:publisher\" content=\"https:\/\/www.facebook.com\/prestigemag.co\/\" \/>\n<meta property=\"article:published_time\" content=\"2017-04-12T11:32:48+00:00\" \/>\n<meta property=\"og:image\" content=\"https:\/\/www.prestigemag.co\/wp-content\/uploads\/2017\/04\/Untitled-1-5.jpg\" \/>\n\t<meta property=\"og:image:width\" content=\"1000\" \/>\n\t<meta property=\"og:image:height\" content=\"394\" \/>\n\t<meta property=\"og:image:type\" content=\"image\/jpeg\" \/>\n<meta name=\"author\" content=\"prestige\" \/>\n<meta name=\"twitter:card\" content=\"summary\" \/>\n<meta name=\"twitter:label1\" content=\"\u00c9crit par\" \/>\n\t<meta name=\"twitter:data1\" content=\"prestige\" \/>\n\t<meta name=\"twitter:label2\" content=\"Dur\u00e9e de lecture estim\u00e9e\" \/>\n\t<meta name=\"twitter:data2\" content=\"1 minute\" \/>\n<script type=\"application\/ld+json\" class=\"yoast-schema-graph\">{\"@context\":\"https:\/\/schema.org\",\"@graph\":[{\"@type\":\"Organization\",\"@id\":\"https:\/\/www.prestigemag.co\/#organization\",\"name\":\"Prestige\",\"url\":\"https:\/\/www.prestigemag.co\/\",\"sameAs\":[\"https:\/\/www.instagram.com\/prestige.mag\/\",\"https:\/\/www.facebook.com\/prestigemag.co\/\"],\"logo\":{\"@type\":\"ImageObject\",\"inLanguage\":\"fr-FR\",\"@id\":\"https:\/\/www.prestigemag.co\/#\/schema\/logo\/image\/\",\"url\":\"https:\/\/www.prestigemag.co\/wp-content\/uploads\/2021\/11\/logo-Prestige-800x200-1.png\",\"contentUrl\":\"https:\/\/www.prestigemag.co\/wp-content\/uploads\/2021\/11\/logo-Prestige-800x200-1.png\",\"width\":800,\"height\":200,\"caption\":\"Prestige\"},\"image\":{\"@id\":\"https:\/\/www.prestigemag.co\/#\/schema\/logo\/image\/\"}},{\"@type\":\"WebSite\",\"@id\":\"https:\/\/www.prestigemag.co\/#website\",\"url\":\"https:\/\/www.prestigemag.co\/\",\"name\":\"Prestige Magazine\",\"description\":\"Le Monde Des C\u00e9l\u00e9brit\u00e9s\",\"publisher\":{\"@id\":\"https:\/\/www.prestigemag.co\/#organization\"},\"potentialAction\":[{\"@type\":\"SearchAction\",\"target\":{\"@type\":\"EntryPoint\",\"urlTemplate\":\"https:\/\/www.prestigemag.co\/?s={search_term_string}\"},\"query-input\":\"required name=search_term_string\"}],\"inLanguage\":\"fr-FR\"},{\"@type\":\"WebPage\",\"@id\":\"https:\/\/www.prestigemag.co\/fr\/2017\/04\/nouveau-musee-audemars-piguet\/\",\"url\":\"https:\/\/www.prestigemag.co\/fr\/2017\/04\/nouveau-musee-audemars-piguet\/\",\"name\":\"Nouveau Mus\u00e9e Audemars Piguet - Prestige Magazine\",\"isPartOf\":{\"@id\":\"https:\/\/www.prestigemag.co\/#website\"},\"datePublished\":\"2017-04-12T11:32:48+00:00\",\"dateModified\":\"2017-04-12T11:32:48+00:00\",\"description\":\"Il y a trois ans, Audemars Piguet pr\u00e9sentait le projet laur\u00e9at du concours d\u2019architecture pour la construction de son nouveau mus\u00e9e. Imagin\u00e9e par l\u2019architecte Danois Bjarke Ingels, la nouvelle \u00ab Maison des Fondateurs \u00bb marie le mus\u00e9e d\u2019origine\",\"breadcrumb\":{\"@id\":\"https:\/\/www.prestigemag.co\/fr\/2017\/04\/nouveau-musee-audemars-piguet\/#breadcrumb\"},\"inLanguage\":\"fr-FR\",\"potentialAction\":[{\"@type\":\"ReadAction\",\"target\":[\"https:\/\/www.prestigemag.co\/fr\/2017\/04\/nouveau-musee-audemars-piguet\/\"]}]},{\"@type\":\"BreadcrumbList\",\"@id\":\"https:\/\/www.prestigemag.co\/fr\/2017\/04\/nouveau-musee-audemars-piguet\/#breadcrumb\",\"itemListElement\":[{\"@type\":\"ListItem\",\"position\":1,\"name\":\"Home\",\"item\":\"https:\/\/www.prestigemag.co\/fr\/\"},{\"@type\":\"ListItem\",\"position\":2,\"name\":\"Nouveau Mus\u00e9e Audemars Piguet\"}]},{\"@type\":\"Article\",\"@id\":\"https:\/\/www.prestigemag.co\/fr\/2017\/04\/nouveau-musee-audemars-piguet\/#article\",\"isPartOf\":{\"@id\":\"https:\/\/www.prestigemag.co\/fr\/2017\/04\/nouveau-musee-audemars-piguet\/\"},\"author\":{\"name\":\"prestige\",\"@id\":\"https:\/\/www.prestigemag.co\/#\/schema\/person\/e3f149368970128d68bb2d797bf30fbc\"},\"headline\":\"Nouveau Mus\u00e9e Audemars Piguet\",\"datePublished\":\"2017-04-12T11:32:48+00:00\",\"dateModified\":\"2017-04-12T11:32:48+00:00\",\"mainEntityOfPage\":{\"@id\":\"https:\/\/www.prestigemag.co\/fr\/2017\/04\/nouveau-musee-audemars-piguet\/\"},\"wordCount\":276,\"publisher\":{\"@id\":\"https:\/\/www.prestigemag.co\/#organization\"},\"articleSection\":[\"Horlogerie &amp; Joaillerie\"],\"inLanguage\":\"fr-FR\"},{\"@type\":\"Person\",\"@id\":\"https:\/\/www.prestigemag.co\/#\/schema\/person\/e3f149368970128d68bb2d797bf30fbc\",\"name\":\"prestige\",\"image\":{\"@type\":\"ImageObject\",\"inLanguage\":\"fr-FR\",\"@id\":\"https:\/\/www.prestigemag.co\/#\/schema\/person\/image\/\",\"url\":\"https:\/\/secure.gravatar.com\/avatar\/0aa2dff5484d35e50578639a2c3ccef9?s=96&d=mm&r=g\",\"contentUrl\":\"https:\/\/secure.gravatar.com\/avatar\/0aa2dff5484d35e50578639a2c3ccef9?s=96&d=mm&r=g\",\"caption\":\"prestige\"},\"url\":\"https:\/\/www.prestigemag.co\/fr\/author\/prestige\/\"}]}<\/script>\n<!-- \/ Yoast SEO plugin. -->","yoast_head_json":{"title":"Nouveau Mus\u00e9e Audemars Piguet - Prestige Magazine","description":"Il y a trois ans, Audemars Piguet pr\u00e9sentait le projet laur\u00e9at du concours d\u2019architecture pour la construction de son nouveau mus\u00e9e. Imagin\u00e9e par l\u2019architecte Danois Bjarke Ingels, la nouvelle \u00ab Maison des Fondateurs \u00bb marie le mus\u00e9e d\u2019origine","robots":{"index":"index","follow":"follow","max-snippet":"max-snippet:-1","max-image-preview":"max-image-preview:large","max-video-preview":"max-video-preview:-1"},"canonical":"https:\/\/www.prestigemag.co\/fr\/2017\/04\/nouveau-musee-audemars-piguet\/","og_locale":"fr_FR","og_type":"article","og_title":"Nouveau Mus\u00e9e Audemars Piguet - Prestige Magazine","og_description":"Il y a trois ans, Audemars Piguet pr\u00e9sentait le projet laur\u00e9at du concours d\u2019architecture pour la construction de son nouveau mus\u00e9e. Imagin\u00e9e par l\u2019architecte Danois Bjarke Ingels, la nouvelle \u00ab Maison des Fondateurs \u00bb marie le mus\u00e9e d\u2019origine","og_url":"https:\/\/www.prestigemag.co\/fr\/2017\/04\/nouveau-musee-audemars-piguet\/","og_site_name":"Prestige Magazine","article_publisher":"https:\/\/www.facebook.com\/prestigemag.co\/","article_published_time":"2017-04-12T11:32:48+00:00","og_image":[{"width":1000,"height":394,"url":"https:\/\/www.prestigemag.co\/wp-content\/uploads\/2017\/04\/Untitled-1-5.jpg","type":"image\/jpeg"}],"author":"prestige","twitter_card":"summary","twitter_misc":{"\u00c9crit par":"prestige","Dur\u00e9e de lecture estim\u00e9e":"1 minute"},"schema":{"@context":"https:\/\/schema.org","@graph":[{"@type":"Organization","@id":"https:\/\/www.prestigemag.co\/#organization","name":"Prestige","url":"https:\/\/www.prestigemag.co\/","sameAs":["https:\/\/www.instagram.com\/prestige.mag\/","https:\/\/www.facebook.com\/prestigemag.co\/"],"logo":{"@type":"ImageObject","inLanguage":"fr-FR","@id":"https:\/\/www.prestigemag.co\/#\/schema\/logo\/image\/","url":"https:\/\/www.prestigemag.co\/wp-content\/uploads\/2021\/11\/logo-Prestige-800x200-1.png","contentUrl":"https:\/\/www.prestigemag.co\/wp-content\/uploads\/2021\/11\/logo-Prestige-800x200-1.png","width":800,"height":200,"caption":"Prestige"},"image":{"@id":"https:\/\/www.prestigemag.co\/#\/schema\/logo\/image\/"}},{"@type":"WebSite","@id":"https:\/\/www.prestigemag.co\/#website","url":"https:\/\/www.prestigemag.co\/","name":"Prestige Magazine","description":"Le Monde Des C\u00e9l\u00e9brit\u00e9s","publisher":{"@id":"https:\/\/www.prestigemag.co\/#organization"},"potentialAction":[{"@type":"SearchAction","target":{"@type":"EntryPoint","urlTemplate":"https:\/\/www.prestigemag.co\/?s={search_term_string}"},"query-input":"required name=search_term_string"}],"inLanguage":"fr-FR"},{"@type":"WebPage","@id":"https:\/\/www.prestigemag.co\/fr\/2017\/04\/nouveau-musee-audemars-piguet\/","url":"https:\/\/www.prestigemag.co\/fr\/2017\/04\/nouveau-musee-audemars-piguet\/","name":"Nouveau Mus\u00e9e Audemars Piguet - Prestige Magazine","isPartOf":{"@id":"https:\/\/www.prestigemag.co\/#website"},"datePublished":"2017-04-12T11:32:48+00:00","dateModified":"2017-04-12T11:32:48+00:00","description":"Il y a trois ans, Audemars Piguet pr\u00e9sentait le projet laur\u00e9at du concours d\u2019architecture pour la construction de son nouveau mus\u00e9e. Imagin\u00e9e par l\u2019architecte Danois Bjarke Ingels, la nouvelle \u00ab Maison des Fondateurs \u00bb marie le mus\u00e9e d\u2019origine","breadcrumb":{"@id":"https:\/\/www.prestigemag.co\/fr\/2017\/04\/nouveau-musee-audemars-piguet\/#breadcrumb"},"inLanguage":"fr-FR","potentialAction":[{"@type":"ReadAction","target":["https:\/\/www.prestigemag.co\/fr\/2017\/04\/nouveau-musee-audemars-piguet\/"]}]},{"@type":"BreadcrumbList","@id":"https:\/\/www.prestigemag.co\/fr\/2017\/04\/nouveau-musee-audemars-piguet\/#breadcrumb","itemListElement":[{"@type":"ListItem","position":1,"name":"Home","item":"https:\/\/www.prestigemag.co\/fr\/"},{"@type":"ListItem","position":2,"name":"Nouveau Mus\u00e9e Audemars Piguet"}]},{"@type":"Article","@id":"https:\/\/www.prestigemag.co\/fr\/2017\/04\/nouveau-musee-audemars-piguet\/#article","isPartOf":{"@id":"https:\/\/www.prestigemag.co\/fr\/2017\/04\/nouveau-musee-audemars-piguet\/"},"author":{"name":"prestige","@id":"https:\/\/www.prestigemag.co\/#\/schema\/person\/e3f149368970128d68bb2d797bf30fbc"},"headline":"Nouveau Mus\u00e9e Audemars Piguet","datePublished":"2017-04-12T11:32:48+00:00","dateModified":"2017-04-12T11:32:48+00:00","mainEntityOfPage":{"@id":"https:\/\/www.prestigemag.co\/fr\/2017\/04\/nouveau-musee-audemars-piguet\/"},"wordCount":276,"publisher":{"@id":"https:\/\/www.prestigemag.co\/#organization"},"articleSection":["Horlogerie &amp; Joaillerie"],"inLanguage":"fr-FR"},{"@type":"Person","@id":"https:\/\/www.prestigemag.co\/#\/schema\/person\/e3f149368970128d68bb2d797bf30fbc","name":"prestige","image":{"@type":"ImageObject","inLanguage":"fr-FR","@id":"https:\/\/www.prestigemag.co\/#\/schema\/person\/image\/","url":"https:\/\/secure.gravatar.com\/avatar\/0aa2dff5484d35e50578639a2c3ccef9?s=96&d=mm&r=g","contentUrl":"https:\/\/secure.gravatar.com\/avatar\/0aa2dff5484d35e50578639a2c3ccef9?s=96&d=mm&r=g","caption":"prestige"},"url":"https:\/\/www.prestigemag.co\/fr\/author\/prestige\/"}]}},"_links":{"self":[{"href":"https:\/\/www.prestigemag.co\/fr\/wp-json\/wp\/v2\/posts\/21467"}],"collection":[{"href":"https:\/\/www.prestigemag.co\/fr\/wp-json\/wp\/v2\/posts"}],"about":[{"href":"https:\/\/www.prestigemag.co\/fr\/wp-json\/wp\/v2\/types\/post"}],"author":[{"embeddable":true,"href":"https:\/\/www.prestigemag.co\/fr\/wp-json\/wp\/v2\/users\/3"}],"replies":[{"embeddable":true,"href":"https:\/\/www.prestigemag.co\/fr\/wp-json\/wp\/v2\/comments?post=21467"}],"version-history":[{"count":0,"href":"https:\/\/www.prestigemag.co\/fr\/wp-json\/wp\/v2\/posts\/21467\/revisions"}],"wp:featuredmedia":[{"embeddable":true,"href":"https:\/\/www.prestigemag.co\/fr\/wp-json\/wp\/v2\/media\/21468"}],"wp:attachment":[{"href":"https:\/\/www.prestigemag.co\/fr\/wp-json\/wp\/v2\/media?parent=21467"}],"wp:term":[{"taxonomy":"category","embeddable":true,"href":"https:\/\/www.prestigemag.co\/fr\/wp-json\/wp\/v2\/categories?post=21467"},{"taxonomy":"post_tag","embeddable":true,"href":"https:\/\/www.prestigemag.co\/fr\/wp-json\/wp\/v2\/tags?post=21467"}],"curies":[{"name":"wp","href":"https:\/\/api.w.org\/{rel}","templated":true}]}}