{"id":21473,"date":"2017-04-12T13:02:19","date_gmt":"2017-04-12T13:02:19","guid":{"rendered":"http:\/\/www.prestigemag.co\/2017\/04\/chef-fabrice-daniel-au-salon-horeca-2017\/"},"modified":"2017-04-12T13:02:19","modified_gmt":"2017-04-12T13:02:19","slug":"chef-fabrice-daniel-au-salon-horeca-2017","status":"publish","type":"post","link":"https:\/\/www.prestigemag.co\/fr\/2017\/04\/chef-fabrice-daniel-au-salon-horeca-2017\/","title":{"rendered":"Chef Fabrice Daniel au Salon Horeca 2017"},"content":{"rendered":"<figure id=\"attachment_12311\" aria-describedby=\"caption-attachment-12311\" style=\"width: 1000px\" class=\"wp-caption aligncenter\"><a href=\"http:\/\/www.prestigemag.co\/wp-content\/uploads\/2017\/04\/Untitled-21.jpg\"><img src=\"data:image\/svg+xml,%3Csvg%20xmlns='http:\/\/www.w3.org\/2000\/svg'%20viewBox='0%200%201000%20409'%3E%3C\/svg%3E\" class=\"zeen-lazy-load-base zeen-lazy-load wp-image-12311 size-full\" data-lazy-src=\"http:\/\/www.prestigemag.co\/wp-content\/uploads\/2017\/04\/Untitled-21.jpg\" alt=\"\" width=\"1000\" height=\"409\" data-lazy-srcset=\"https:\/\/www.prestigemag.co\/wp-content\/uploads\/2017\/04\/Untitled-21.jpg 1000w, https:\/\/www.prestigemag.co\/wp-content\/uploads\/2017\/04\/Untitled-21-300x123.jpg 300w, https:\/\/www.prestigemag.co\/wp-content\/uploads\/2017\/04\/Untitled-21-770x315.jpg 770w, https:\/\/www.prestigemag.co\/wp-content\/uploads\/2017\/04\/Untitled-21-293x120.jpg 293w, https:\/\/www.prestigemag.co\/wp-content\/uploads\/2017\/04\/Untitled-21-390x160.jpg 390w, https:\/\/www.prestigemag.co\/wp-content\/uploads\/2017\/04\/Untitled-21-768x314.jpg 768w, https:\/\/www.prestigemag.co\/wp-content\/uploads\/2017\/04\/Untitled-21-150x61.jpg 150w, https:\/\/www.prestigemag.co\/wp-content\/uploads\/2017\/04\/Untitled-21-600x245.jpg 600w, https:\/\/www.prestigemag.co\/wp-content\/uploads\/2017\/04\/Untitled-21-291x119.jpg 291w, https:\/\/www.prestigemag.co\/wp-content\/uploads\/2017\/04\/Untitled-21-164x67.jpg 164w\" data-lazy-sizes=\"(max-width: 1000px) 100vw, 1000px\" \/><figcaption id=\"caption-attachment-12311\" class=\"wp-caption-text\"><noscript><img class=\"wp-image-12311 size-full\" src=\"http:\/\/www.prestigemag.co\/wp-content\/uploads\/2017\/04\/Untitled-21.jpg\" alt=\"\" width=\"1000\" height=\"409\" srcset=\"https:\/\/www.prestigemag.co\/wp-content\/uploads\/2017\/04\/Untitled-21.jpg 1000w, https:\/\/www.prestigemag.co\/wp-content\/uploads\/2017\/04\/Untitled-21-300x123.jpg 300w, https:\/\/www.prestigemag.co\/wp-content\/uploads\/2017\/04\/Untitled-21-770x315.jpg 770w, https:\/\/www.prestigemag.co\/wp-content\/uploads\/2017\/04\/Untitled-21-293x120.jpg 293w, https:\/\/www.prestigemag.co\/wp-content\/uploads\/2017\/04\/Untitled-21-390x160.jpg 390w, https:\/\/www.prestigemag.co\/wp-content\/uploads\/2017\/04\/Untitled-21-768x314.jpg 768w, https:\/\/www.prestigemag.co\/wp-content\/uploads\/2017\/04\/Untitled-21-150x61.jpg 150w, https:\/\/www.prestigemag.co\/wp-content\/uploads\/2017\/04\/Untitled-21-600x245.jpg 600w, https:\/\/www.prestigemag.co\/wp-content\/uploads\/2017\/04\/Untitled-21-291x119.jpg 291w, https:\/\/www.prestigemag.co\/wp-content\/uploads\/2017\/04\/Untitled-21-164x67.jpg 164w\" sizes=\"(max-width: 1000px) 100vw, 1000px\" \/><\/noscript><\/a> Chef Fabrice Daniel, Directeur adjoint des arts culinaires et chef du d\u00e9partement de p\u00e2tisserie au Cordon bleu<\/figcaption><\/figure>\n<p>&nbsp;<\/p>\n<p><strong><em>Est \u2013 ce \u2013 que c\u2019est votre premi\u00e8re participation dans HORECA?<\/em><\/strong> Non, pas du tout. J\u2019\u00e9tais venu il y a trop longtemps. Du tout d\u00e9but, pratiquement avec jacques Charrette, depuis 1990-1995 \u2013 et je viens depuis chaque ann\u00e9e repr\u00e9senter le cordon bleu. Ma premi\u00e8re participation \u00e9tait il y a 22 ans.<\/p>\n<p><strong><em>Comment trouviez-vous cette exposition\u00a0? et son \u00e9volution\u00a0?<\/em><\/strong> Magnifique, parce qu\u2019il y a un grand groupe, une famille derri\u00e8re tout \u00e7a, et qui organise ce salon. Et ce salon rivalise avec tous les autres salons du monde. Ce qui est remarquable, c\u2019est que la famille Damous prend en consid\u00e9ration les remarques des chefs et du jury pour s\u2019am\u00e9liorer chaque ann\u00e9e. Il y a une convivialit\u00e9, un professionnalisme et une rigueur dans la pr\u00e9paration.<\/p>\n<p><strong><em>Pour parler sp\u00e9cifiquement de vous, <\/em><em>comment vous est venue l&rsquo;envie de pratiquer ce m\u00e9tier ?<\/em><\/strong> J\u2019ai \u00e9t\u00e9 berc\u00e9 dans la p\u00e2tisserie par ma grand-m\u00e8re et par mes parents ayant grandi dans une famille de p\u00e2tissiers, et je me suis retrouv\u00e9 dans ce m\u00e9tier depuis tout petit et j\u2019ai tout de suite aim\u00e9. De plus la p\u00e2tisserie et une cuisine qui \u00e9volue beaucoup et qui change tr\u00e8s rapidement, aussi on peut la travailler de diff\u00e9rentes fa\u00e7ons, c\u2019est un concept que j\u2019aime bien parce que je ne me sens jamais pris dans une routine.<\/p>\n<p><em><strong>Quels conseils pourriez-vous donner aux jeunes d\u00e9sireux de faire cette profession ?<\/strong>\u00a0<\/em>Il faut avoir une rigueur et une discipline et faut travailler avec son c\u0153ur, il faut savoir choisir ses produits, il faut respecter le produit dans sa temp\u00e9rature, dans son m\u00e9lange, dans sa fusion et avoir des techniques, une bonne base. Avoir la technicit\u00e9 bien \u00e9tablie. C\u2019est pour cela que j\u2019encourage tous les jeunes de faire leurs \u00e9tudes au Cordon Bleu, ainsi bien apprendre les techniques de base de la cuisine.<\/p>\n<p><strong><em>Comment voyez-vous l&rsquo;avenir de la profession ?<\/em> <\/strong>A un moment donn\u00e9 on s\u2019est \u00e9parpill\u00e9 dans une cuisine un peu trop \u00e9volutive un peu trop mol\u00e9culaire ce qui a men\u00e9 \u00e0 la confusion. Maintenant on retourne un peu plus au respect des produits pour faire une cuisine traditionnelle.<\/p>\n<h2><\/h2>\n<h2><\/h2>\n<h2><\/h2>\n<h2><\/h2>\n<h2><\/h2>\n<h2><\/h2>\n<p>&nbsp;<\/p>\n<p>&nbsp;<\/p>\n","protected":false},"excerpt":{"rendered":"<p><em>Est \u2013 ce \u2013 que c\u2019est votre premi\u00e8re participation dans HORECA? Non, pas du tout. J\u2019\u00e9tais venu il y a trop longtemps. Du tout d\u00e9but, pratiquement avec jacques Charrette, depuis 1990-1995<\/em> <\/p>\n","protected":false},"author":3,"featured_media":21474,"comment_status":"closed","ping_status":"closed","sticky":false,"template":"","format":"standard","meta":[],"categories":[13331],"tags":[],"yoast_head":"<!-- This site is optimized with the Yoast SEO plugin v19.4 - https:\/\/yoast.com\/wordpress\/plugins\/seo\/ -->\n<title>Chef Fabrice Daniel au Salon Horeca 2017 - Prestige Magazine<\/title>\n<meta name=\"description\" content=\"Est \u2013 ce \u2013 que c\u2019est votre premi\u00e8re participation dans HORECA? Non, pas du tout. J\u2019\u00e9tais venu il y a trop longtemps. Du tout d\u00e9but, pratiquement avec jacques Charrette, depuis 1990-1995\" \/>\n<meta name=\"robots\" content=\"index, follow, max-snippet:-1, max-image-preview:large, max-video-preview:-1\" \/>\n<link rel=\"canonical\" href=\"https:\/\/www.prestigemag.co\/fr\/2017\/04\/chef-fabrice-daniel-au-salon-horeca-2017\/\" \/>\n<meta property=\"og:locale\" content=\"fr_FR\" \/>\n<meta property=\"og:type\" content=\"article\" \/>\n<meta property=\"og:title\" content=\"Chef Fabrice Daniel au Salon Horeca 2017 - Prestige Magazine\" \/>\n<meta property=\"og:description\" content=\"Est \u2013 ce \u2013 que c\u2019est votre premi\u00e8re participation dans HORECA? Non, pas du tout. J\u2019\u00e9tais venu il y a trop longtemps. Du tout d\u00e9but, pratiquement avec jacques Charrette, depuis 1990-1995\" \/>\n<meta property=\"og:url\" content=\"https:\/\/www.prestigemag.co\/fr\/2017\/04\/chef-fabrice-daniel-au-salon-horeca-2017\/\" \/>\n<meta property=\"og:site_name\" content=\"Prestige Magazine\" \/>\n<meta property=\"article:publisher\" content=\"https:\/\/www.facebook.com\/prestigemag.co\/\" \/>\n<meta property=\"article:published_time\" content=\"2017-04-12T13:02:19+00:00\" \/>\n<meta property=\"og:image\" content=\"https:\/\/www.prestigemag.co\/wp-content\/uploads\/2017\/04\/Untitled-21.jpg\" \/>\n\t<meta property=\"og:image:width\" content=\"1000\" \/>\n\t<meta property=\"og:image:height\" content=\"409\" \/>\n\t<meta property=\"og:image:type\" content=\"image\/jpeg\" \/>\n<meta name=\"author\" content=\"prestige\" \/>\n<meta name=\"twitter:card\" content=\"summary\" \/>\n<meta name=\"twitter:label1\" content=\"\u00c9crit par\" \/>\n\t<meta name=\"twitter:data1\" content=\"prestige\" \/>\n\t<meta name=\"twitter:label2\" content=\"Dur\u00e9e de lecture estim\u00e9e\" \/>\n\t<meta name=\"twitter:data2\" content=\"2 minutes\" \/>\n<script type=\"application\/ld+json\" class=\"yoast-schema-graph\">{\"@context\":\"https:\/\/schema.org\",\"@graph\":[{\"@type\":\"Organization\",\"@id\":\"https:\/\/www.prestigemag.co\/#organization\",\"name\":\"Prestige\",\"url\":\"https:\/\/www.prestigemag.co\/\",\"sameAs\":[\"https:\/\/www.instagram.com\/prestige.mag\/\",\"https:\/\/www.facebook.com\/prestigemag.co\/\"],\"logo\":{\"@type\":\"ImageObject\",\"inLanguage\":\"fr-FR\",\"@id\":\"https:\/\/www.prestigemag.co\/#\/schema\/logo\/image\/\",\"url\":\"https:\/\/www.prestigemag.co\/wp-content\/uploads\/2021\/11\/logo-Prestige-800x200-1.png\",\"contentUrl\":\"https:\/\/www.prestigemag.co\/wp-content\/uploads\/2021\/11\/logo-Prestige-800x200-1.png\",\"width\":800,\"height\":200,\"caption\":\"Prestige\"},\"image\":{\"@id\":\"https:\/\/www.prestigemag.co\/#\/schema\/logo\/image\/\"}},{\"@type\":\"WebSite\",\"@id\":\"https:\/\/www.prestigemag.co\/#website\",\"url\":\"https:\/\/www.prestigemag.co\/\",\"name\":\"Prestige Magazine\",\"description\":\"Le Monde Des C\u00e9l\u00e9brit\u00e9s\",\"publisher\":{\"@id\":\"https:\/\/www.prestigemag.co\/#organization\"},\"potentialAction\":[{\"@type\":\"SearchAction\",\"target\":{\"@type\":\"EntryPoint\",\"urlTemplate\":\"https:\/\/www.prestigemag.co\/?s={search_term_string}\"},\"query-input\":\"required name=search_term_string\"}],\"inLanguage\":\"fr-FR\"},{\"@type\":\"WebPage\",\"@id\":\"https:\/\/www.prestigemag.co\/fr\/2017\/04\/chef-fabrice-daniel-au-salon-horeca-2017\/\",\"url\":\"https:\/\/www.prestigemag.co\/fr\/2017\/04\/chef-fabrice-daniel-au-salon-horeca-2017\/\",\"name\":\"Chef Fabrice Daniel au Salon Horeca 2017 - Prestige Magazine\",\"isPartOf\":{\"@id\":\"https:\/\/www.prestigemag.co\/#website\"},\"datePublished\":\"2017-04-12T13:02:19+00:00\",\"dateModified\":\"2017-04-12T13:02:19+00:00\",\"description\":\"Est \u2013 ce \u2013 que c\u2019est votre premi\u00e8re participation dans HORECA? Non, pas du tout. J\u2019\u00e9tais venu il y a trop longtemps. Du tout d\u00e9but, pratiquement avec jacques Charrette, depuis 1990-1995\",\"breadcrumb\":{\"@id\":\"https:\/\/www.prestigemag.co\/fr\/2017\/04\/chef-fabrice-daniel-au-salon-horeca-2017\/#breadcrumb\"},\"inLanguage\":\"fr-FR\",\"potentialAction\":[{\"@type\":\"ReadAction\",\"target\":[\"https:\/\/www.prestigemag.co\/fr\/2017\/04\/chef-fabrice-daniel-au-salon-horeca-2017\/\"]}]},{\"@type\":\"BreadcrumbList\",\"@id\":\"https:\/\/www.prestigemag.co\/fr\/2017\/04\/chef-fabrice-daniel-au-salon-horeca-2017\/#breadcrumb\",\"itemListElement\":[{\"@type\":\"ListItem\",\"position\":1,\"name\":\"Home\",\"item\":\"https:\/\/www.prestigemag.co\/fr\/\"},{\"@type\":\"ListItem\",\"position\":2,\"name\":\"Chef Fabrice Daniel au Salon Horeca 2017\"}]},{\"@type\":\"Article\",\"@id\":\"https:\/\/www.prestigemag.co\/fr\/2017\/04\/chef-fabrice-daniel-au-salon-horeca-2017\/#article\",\"isPartOf\":{\"@id\":\"https:\/\/www.prestigemag.co\/fr\/2017\/04\/chef-fabrice-daniel-au-salon-horeca-2017\/\"},\"author\":{\"name\":\"prestige\",\"@id\":\"https:\/\/www.prestigemag.co\/#\/schema\/person\/e3f149368970128d68bb2d797bf30fbc\"},\"headline\":\"Chef Fabrice Daniel au Salon Horeca 2017\",\"datePublished\":\"2017-04-12T13:02:19+00:00\",\"dateModified\":\"2017-04-12T13:02:19+00:00\",\"mainEntityOfPage\":{\"@id\":\"https:\/\/www.prestigemag.co\/fr\/2017\/04\/chef-fabrice-daniel-au-salon-horeca-2017\/\"},\"wordCount\":409,\"publisher\":{\"@id\":\"https:\/\/www.prestigemag.co\/#organization\"},\"articleSection\":[\"Entrevues\"],\"inLanguage\":\"fr-FR\"},{\"@type\":\"Person\",\"@id\":\"https:\/\/www.prestigemag.co\/#\/schema\/person\/e3f149368970128d68bb2d797bf30fbc\",\"name\":\"prestige\",\"image\":{\"@type\":\"ImageObject\",\"inLanguage\":\"fr-FR\",\"@id\":\"https:\/\/www.prestigemag.co\/#\/schema\/person\/image\/\",\"url\":\"https:\/\/secure.gravatar.com\/avatar\/0aa2dff5484d35e50578639a2c3ccef9?s=96&d=mm&r=g\",\"contentUrl\":\"https:\/\/secure.gravatar.com\/avatar\/0aa2dff5484d35e50578639a2c3ccef9?s=96&d=mm&r=g\",\"caption\":\"prestige\"},\"url\":\"https:\/\/www.prestigemag.co\/fr\/author\/prestige\/\"}]}<\/script>\n<!-- \/ Yoast SEO plugin. -->","yoast_head_json":{"title":"Chef Fabrice Daniel au Salon Horeca 2017 - Prestige Magazine","description":"Est \u2013 ce \u2013 que c\u2019est votre premi\u00e8re participation dans HORECA? Non, pas du tout. J\u2019\u00e9tais venu il y a trop longtemps. Du tout d\u00e9but, pratiquement avec jacques Charrette, depuis 1990-1995","robots":{"index":"index","follow":"follow","max-snippet":"max-snippet:-1","max-image-preview":"max-image-preview:large","max-video-preview":"max-video-preview:-1"},"canonical":"https:\/\/www.prestigemag.co\/fr\/2017\/04\/chef-fabrice-daniel-au-salon-horeca-2017\/","og_locale":"fr_FR","og_type":"article","og_title":"Chef Fabrice Daniel au Salon Horeca 2017 - Prestige Magazine","og_description":"Est \u2013 ce \u2013 que c\u2019est votre premi\u00e8re participation dans HORECA? Non, pas du tout. J\u2019\u00e9tais venu il y a trop longtemps. Du tout d\u00e9but, pratiquement avec jacques Charrette, depuis 1990-1995","og_url":"https:\/\/www.prestigemag.co\/fr\/2017\/04\/chef-fabrice-daniel-au-salon-horeca-2017\/","og_site_name":"Prestige Magazine","article_publisher":"https:\/\/www.facebook.com\/prestigemag.co\/","article_published_time":"2017-04-12T13:02:19+00:00","og_image":[{"width":1000,"height":409,"url":"https:\/\/www.prestigemag.co\/wp-content\/uploads\/2017\/04\/Untitled-21.jpg","type":"image\/jpeg"}],"author":"prestige","twitter_card":"summary","twitter_misc":{"\u00c9crit par":"prestige","Dur\u00e9e de lecture estim\u00e9e":"2 minutes"},"schema":{"@context":"https:\/\/schema.org","@graph":[{"@type":"Organization","@id":"https:\/\/www.prestigemag.co\/#organization","name":"Prestige","url":"https:\/\/www.prestigemag.co\/","sameAs":["https:\/\/www.instagram.com\/prestige.mag\/","https:\/\/www.facebook.com\/prestigemag.co\/"],"logo":{"@type":"ImageObject","inLanguage":"fr-FR","@id":"https:\/\/www.prestigemag.co\/#\/schema\/logo\/image\/","url":"https:\/\/www.prestigemag.co\/wp-content\/uploads\/2021\/11\/logo-Prestige-800x200-1.png","contentUrl":"https:\/\/www.prestigemag.co\/wp-content\/uploads\/2021\/11\/logo-Prestige-800x200-1.png","width":800,"height":200,"caption":"Prestige"},"image":{"@id":"https:\/\/www.prestigemag.co\/#\/schema\/logo\/image\/"}},{"@type":"WebSite","@id":"https:\/\/www.prestigemag.co\/#website","url":"https:\/\/www.prestigemag.co\/","name":"Prestige Magazine","description":"Le Monde Des C\u00e9l\u00e9brit\u00e9s","publisher":{"@id":"https:\/\/www.prestigemag.co\/#organization"},"potentialAction":[{"@type":"SearchAction","target":{"@type":"EntryPoint","urlTemplate":"https:\/\/www.prestigemag.co\/?s={search_term_string}"},"query-input":"required name=search_term_string"}],"inLanguage":"fr-FR"},{"@type":"WebPage","@id":"https:\/\/www.prestigemag.co\/fr\/2017\/04\/chef-fabrice-daniel-au-salon-horeca-2017\/","url":"https:\/\/www.prestigemag.co\/fr\/2017\/04\/chef-fabrice-daniel-au-salon-horeca-2017\/","name":"Chef Fabrice Daniel au Salon Horeca 2017 - Prestige Magazine","isPartOf":{"@id":"https:\/\/www.prestigemag.co\/#website"},"datePublished":"2017-04-12T13:02:19+00:00","dateModified":"2017-04-12T13:02:19+00:00","description":"Est \u2013 ce \u2013 que c\u2019est votre premi\u00e8re participation dans HORECA? Non, pas du tout. J\u2019\u00e9tais venu il y a trop longtemps. Du tout d\u00e9but, pratiquement avec jacques Charrette, depuis 1990-1995","breadcrumb":{"@id":"https:\/\/www.prestigemag.co\/fr\/2017\/04\/chef-fabrice-daniel-au-salon-horeca-2017\/#breadcrumb"},"inLanguage":"fr-FR","potentialAction":[{"@type":"ReadAction","target":["https:\/\/www.prestigemag.co\/fr\/2017\/04\/chef-fabrice-daniel-au-salon-horeca-2017\/"]}]},{"@type":"BreadcrumbList","@id":"https:\/\/www.prestigemag.co\/fr\/2017\/04\/chef-fabrice-daniel-au-salon-horeca-2017\/#breadcrumb","itemListElement":[{"@type":"ListItem","position":1,"name":"Home","item":"https:\/\/www.prestigemag.co\/fr\/"},{"@type":"ListItem","position":2,"name":"Chef Fabrice Daniel au Salon Horeca 2017"}]},{"@type":"Article","@id":"https:\/\/www.prestigemag.co\/fr\/2017\/04\/chef-fabrice-daniel-au-salon-horeca-2017\/#article","isPartOf":{"@id":"https:\/\/www.prestigemag.co\/fr\/2017\/04\/chef-fabrice-daniel-au-salon-horeca-2017\/"},"author":{"name":"prestige","@id":"https:\/\/www.prestigemag.co\/#\/schema\/person\/e3f149368970128d68bb2d797bf30fbc"},"headline":"Chef Fabrice Daniel au Salon Horeca 2017","datePublished":"2017-04-12T13:02:19+00:00","dateModified":"2017-04-12T13:02:19+00:00","mainEntityOfPage":{"@id":"https:\/\/www.prestigemag.co\/fr\/2017\/04\/chef-fabrice-daniel-au-salon-horeca-2017\/"},"wordCount":409,"publisher":{"@id":"https:\/\/www.prestigemag.co\/#organization"},"articleSection":["Entrevues"],"inLanguage":"fr-FR"},{"@type":"Person","@id":"https:\/\/www.prestigemag.co\/#\/schema\/person\/e3f149368970128d68bb2d797bf30fbc","name":"prestige","image":{"@type":"ImageObject","inLanguage":"fr-FR","@id":"https:\/\/www.prestigemag.co\/#\/schema\/person\/image\/","url":"https:\/\/secure.gravatar.com\/avatar\/0aa2dff5484d35e50578639a2c3ccef9?s=96&d=mm&r=g","contentUrl":"https:\/\/secure.gravatar.com\/avatar\/0aa2dff5484d35e50578639a2c3ccef9?s=96&d=mm&r=g","caption":"prestige"},"url":"https:\/\/www.prestigemag.co\/fr\/author\/prestige\/"}]}},"_links":{"self":[{"href":"https:\/\/www.prestigemag.co\/fr\/wp-json\/wp\/v2\/posts\/21473"}],"collection":[{"href":"https:\/\/www.prestigemag.co\/fr\/wp-json\/wp\/v2\/posts"}],"about":[{"href":"https:\/\/www.prestigemag.co\/fr\/wp-json\/wp\/v2\/types\/post"}],"author":[{"embeddable":true,"href":"https:\/\/www.prestigemag.co\/fr\/wp-json\/wp\/v2\/users\/3"}],"replies":[{"embeddable":true,"href":"https:\/\/www.prestigemag.co\/fr\/wp-json\/wp\/v2\/comments?post=21473"}],"version-history":[{"count":0,"href":"https:\/\/www.prestigemag.co\/fr\/wp-json\/wp\/v2\/posts\/21473\/revisions"}],"wp:featuredmedia":[{"embeddable":true,"href":"https:\/\/www.prestigemag.co\/fr\/wp-json\/wp\/v2\/media\/21474"}],"wp:attachment":[{"href":"https:\/\/www.prestigemag.co\/fr\/wp-json\/wp\/v2\/media?parent=21473"}],"wp:term":[{"taxonomy":"category","embeddable":true,"href":"https:\/\/www.prestigemag.co\/fr\/wp-json\/wp\/v2\/categories?post=21473"},{"taxonomy":"post_tag","embeddable":true,"href":"https:\/\/www.prestigemag.co\/fr\/wp-json\/wp\/v2\/tags?post=21473"}],"curies":[{"name":"wp","href":"https:\/\/api.w.org\/{rel}","templated":true}]}}