{"id":21542,"date":"2017-05-11T09:21:12","date_gmt":"2017-05-11T09:21:12","guid":{"rendered":"http:\/\/www.prestigemag.co\/2017\/05\/julien-tornare-nouveau-pdg-de-zenith\/"},"modified":"2017-05-11T09:21:12","modified_gmt":"2017-05-11T09:21:12","slug":"julien-tornare-nouveau-pdg-de-zenith","status":"publish","type":"post","link":"https:\/\/www.prestigemag.co\/fr\/2017\/05\/julien-tornare-nouveau-pdg-de-zenith\/","title":{"rendered":"Julien Tornare Nouveau PDG De Zenith"},"content":{"rendered":"<figure id=\"attachment_12511\" aria-describedby=\"caption-attachment-12511\" style=\"width: 1000px\" class=\"wp-caption aligncenter\"><a href=\"http:\/\/www.prestigemag.co\/wp-content\/uploads\/2017\/05\/Untitled-1-7.jpg\"><img src=\"data:image\/svg+xml,%3Csvg%20xmlns='http:\/\/www.w3.org\/2000\/svg'%20viewBox='0%200%201000%20400'%3E%3C\/svg%3E\" class=\"zeen-lazy-load-base zeen-lazy-load wp-image-12511 size-full\" data-lazy-src=\"http:\/\/www.prestigemag.co\/wp-content\/uploads\/2017\/05\/Untitled-1-7.jpg\" alt=\"\" width=\"1000\" height=\"400\" data-lazy-srcset=\"https:\/\/www.prestigemag.co\/wp-content\/uploads\/2017\/05\/Untitled-1-7.jpg 1000w, https:\/\/www.prestigemag.co\/wp-content\/uploads\/2017\/05\/Untitled-1-7-300x120.jpg 300w, https:\/\/www.prestigemag.co\/wp-content\/uploads\/2017\/05\/Untitled-1-7-770x308.jpg 770w, https:\/\/www.prestigemag.co\/wp-content\/uploads\/2017\/05\/Untitled-1-7-293x117.jpg 293w, https:\/\/www.prestigemag.co\/wp-content\/uploads\/2017\/05\/Untitled-1-7-390x156.jpg 390w, https:\/\/www.prestigemag.co\/wp-content\/uploads\/2017\/05\/Untitled-1-7-768x307.jpg 768w, https:\/\/www.prestigemag.co\/wp-content\/uploads\/2017\/05\/Untitled-1-7-150x60.jpg 150w, https:\/\/www.prestigemag.co\/wp-content\/uploads\/2017\/05\/Untitled-1-7-600x240.jpg 600w, https:\/\/www.prestigemag.co\/wp-content\/uploads\/2017\/05\/Untitled-1-7-291x116.jpg 291w, https:\/\/www.prestigemag.co\/wp-content\/uploads\/2017\/05\/Untitled-1-7-168x67.jpg 168w\" data-lazy-sizes=\"(max-width: 1000px) 100vw, 1000px\" \/><figcaption id=\"caption-attachment-12511\" class=\"wp-caption-text\"><noscript><img class=\"wp-image-12511 size-full\" src=\"http:\/\/www.prestigemag.co\/wp-content\/uploads\/2017\/05\/Untitled-1-7.jpg\" alt=\"\" width=\"1000\" height=\"400\" srcset=\"https:\/\/www.prestigemag.co\/wp-content\/uploads\/2017\/05\/Untitled-1-7.jpg 1000w, https:\/\/www.prestigemag.co\/wp-content\/uploads\/2017\/05\/Untitled-1-7-300x120.jpg 300w, https:\/\/www.prestigemag.co\/wp-content\/uploads\/2017\/05\/Untitled-1-7-770x308.jpg 770w, https:\/\/www.prestigemag.co\/wp-content\/uploads\/2017\/05\/Untitled-1-7-293x117.jpg 293w, https:\/\/www.prestigemag.co\/wp-content\/uploads\/2017\/05\/Untitled-1-7-390x156.jpg 390w, https:\/\/www.prestigemag.co\/wp-content\/uploads\/2017\/05\/Untitled-1-7-768x307.jpg 768w, https:\/\/www.prestigemag.co\/wp-content\/uploads\/2017\/05\/Untitled-1-7-150x60.jpg 150w, https:\/\/www.prestigemag.co\/wp-content\/uploads\/2017\/05\/Untitled-1-7-600x240.jpg 600w, https:\/\/www.prestigemag.co\/wp-content\/uploads\/2017\/05\/Untitled-1-7-291x116.jpg 291w, https:\/\/www.prestigemag.co\/wp-content\/uploads\/2017\/05\/Untitled-1-7-168x67.jpg 168w\" sizes=\"(max-width: 1000px) 100vw, 1000px\" \/><\/noscript><\/a> \u00a9 Zenith<\/figcaption><\/figure>\n<p>&nbsp;<\/p>\n<p>&nbsp;<\/p>\n<p>Jean-Claude Biver, pr\u00e9sident de la Division des montres LVMH et pr\u00e9sident du conseil d&rsquo;administration de Zenith, annonce la nomination de Julien Tornare \u00e0 la direction de Zenith, \u00e0 compter du 1er mai 2017. Dans ce r\u00f4le, Julien se concentrera sur le renouvellement de Zenith, le d\u00e9veloppement de ses march\u00e9s et l&rsquo;activation de ses initiatives de marketing.<\/p>\n<p>\u00abLa forte exp\u00e9rience internationale et commerciale de Julien dans l\u2019horlogerie sera cruciale pour le d\u00e9veloppement de Zenith, qui conna\u00eet un succ\u00e8s renouvel\u00e9 depuis Baselworld et le lancement de Defy El Primero 21\u00bb a comment\u00e9 Jean-Claude Biver.<\/p>\n","protected":false},"excerpt":{"rendered":"<p><em>Jean-Claude Biver, pr\u00e9sident de la Division des montres LVMH et pr\u00e9sident du conseil d&rsquo;administration de Zenith, annonce la nomination de Julien Tornare \u00e0 la direction de Zenith,<\/em><\/p>\n","protected":false},"author":3,"featured_media":21543,"comment_status":"closed","ping_status":"closed","sticky":false,"template":"","format":"standard","meta":[],"categories":[13329],"tags":[],"yoast_head":"<!-- This site is optimized with the Yoast SEO plugin v19.4 - https:\/\/yoast.com\/wordpress\/plugins\/seo\/ -->\n<title>Julien Tornare Nouveau PDG De Zenith - Prestige Magazine<\/title>\n<meta name=\"description\" content=\"Jean-Claude Biver, pr\u00e9sident de la Division des montres LVMH et pr\u00e9sident du conseil d&#039;administration de Zenith, annonce la nomination de Julien Tornare \u00e0 la direction de Zenith,\" \/>\n<meta name=\"robots\" content=\"index, follow, max-snippet:-1, max-image-preview:large, max-video-preview:-1\" \/>\n<link rel=\"canonical\" href=\"https:\/\/www.prestigemag.co\/fr\/2017\/05\/julien-tornare-nouveau-pdg-de-zenith\/\" \/>\n<meta property=\"og:locale\" content=\"fr_FR\" \/>\n<meta property=\"og:type\" content=\"article\" \/>\n<meta property=\"og:title\" content=\"Julien Tornare Nouveau PDG De Zenith - Prestige Magazine\" \/>\n<meta property=\"og:description\" content=\"Jean-Claude Biver, pr\u00e9sident de la Division des montres LVMH et pr\u00e9sident du conseil d&#039;administration de Zenith, annonce la nomination de Julien Tornare \u00e0 la direction de Zenith,\" \/>\n<meta property=\"og:url\" content=\"https:\/\/www.prestigemag.co\/fr\/2017\/05\/julien-tornare-nouveau-pdg-de-zenith\/\" \/>\n<meta property=\"og:site_name\" content=\"Prestige Magazine\" \/>\n<meta property=\"article:publisher\" content=\"https:\/\/www.facebook.com\/prestigemag.co\/\" \/>\n<meta property=\"article:published_time\" content=\"2017-05-11T09:21:12+00:00\" \/>\n<meta property=\"og:image\" content=\"https:\/\/www.prestigemag.co\/wp-content\/uploads\/2017\/05\/Untitled-1-7.jpg\" \/>\n\t<meta property=\"og:image:width\" content=\"1000\" \/>\n\t<meta property=\"og:image:height\" content=\"400\" \/>\n\t<meta property=\"og:image:type\" content=\"image\/jpeg\" \/>\n<meta name=\"author\" content=\"prestige\" \/>\n<meta name=\"twitter:card\" content=\"summary\" \/>\n<meta name=\"twitter:label1\" content=\"\u00c9crit par\" \/>\n\t<meta name=\"twitter:data1\" content=\"prestige\" \/>\n\t<meta name=\"twitter:label2\" content=\"Dur\u00e9e de lecture estim\u00e9e\" \/>\n\t<meta name=\"twitter:data2\" content=\"1 minute\" \/>\n<script type=\"application\/ld+json\" class=\"yoast-schema-graph\">{\"@context\":\"https:\/\/schema.org\",\"@graph\":[{\"@type\":\"Organization\",\"@id\":\"https:\/\/www.prestigemag.co\/#organization\",\"name\":\"Prestige\",\"url\":\"https:\/\/www.prestigemag.co\/\",\"sameAs\":[\"https:\/\/www.instagram.com\/prestige.mag\/\",\"https:\/\/www.facebook.com\/prestigemag.co\/\"],\"logo\":{\"@type\":\"ImageObject\",\"inLanguage\":\"fr-FR\",\"@id\":\"https:\/\/www.prestigemag.co\/#\/schema\/logo\/image\/\",\"url\":\"https:\/\/www.prestigemag.co\/wp-content\/uploads\/2021\/11\/logo-Prestige-800x200-1.png\",\"contentUrl\":\"https:\/\/www.prestigemag.co\/wp-content\/uploads\/2021\/11\/logo-Prestige-800x200-1.png\",\"width\":800,\"height\":200,\"caption\":\"Prestige\"},\"image\":{\"@id\":\"https:\/\/www.prestigemag.co\/#\/schema\/logo\/image\/\"}},{\"@type\":\"WebSite\",\"@id\":\"https:\/\/www.prestigemag.co\/#website\",\"url\":\"https:\/\/www.prestigemag.co\/\",\"name\":\"Prestige Magazine\",\"description\":\"Le Monde Des C\u00e9l\u00e9brit\u00e9s\",\"publisher\":{\"@id\":\"https:\/\/www.prestigemag.co\/#organization\"},\"potentialAction\":[{\"@type\":\"SearchAction\",\"target\":{\"@type\":\"EntryPoint\",\"urlTemplate\":\"https:\/\/www.prestigemag.co\/?s={search_term_string}\"},\"query-input\":\"required name=search_term_string\"}],\"inLanguage\":\"fr-FR\"},{\"@type\":\"WebPage\",\"@id\":\"https:\/\/www.prestigemag.co\/fr\/2017\/05\/julien-tornare-nouveau-pdg-de-zenith\/\",\"url\":\"https:\/\/www.prestigemag.co\/fr\/2017\/05\/julien-tornare-nouveau-pdg-de-zenith\/\",\"name\":\"Julien Tornare Nouveau PDG De Zenith - Prestige Magazine\",\"isPartOf\":{\"@id\":\"https:\/\/www.prestigemag.co\/#website\"},\"datePublished\":\"2017-05-11T09:21:12+00:00\",\"dateModified\":\"2017-05-11T09:21:12+00:00\",\"description\":\"Jean-Claude Biver, pr\u00e9sident de la Division des montres LVMH et pr\u00e9sident du conseil d'administration de Zenith, annonce la nomination de Julien Tornare \u00e0 la direction de Zenith,\",\"breadcrumb\":{\"@id\":\"https:\/\/www.prestigemag.co\/fr\/2017\/05\/julien-tornare-nouveau-pdg-de-zenith\/#breadcrumb\"},\"inLanguage\":\"fr-FR\",\"potentialAction\":[{\"@type\":\"ReadAction\",\"target\":[\"https:\/\/www.prestigemag.co\/fr\/2017\/05\/julien-tornare-nouveau-pdg-de-zenith\/\"]}]},{\"@type\":\"BreadcrumbList\",\"@id\":\"https:\/\/www.prestigemag.co\/fr\/2017\/05\/julien-tornare-nouveau-pdg-de-zenith\/#breadcrumb\",\"itemListElement\":[{\"@type\":\"ListItem\",\"position\":1,\"name\":\"Home\",\"item\":\"https:\/\/www.prestigemag.co\/fr\/\"},{\"@type\":\"ListItem\",\"position\":2,\"name\":\"Julien Tornare Nouveau PDG De Zenith\"}]},{\"@type\":\"Article\",\"@id\":\"https:\/\/www.prestigemag.co\/fr\/2017\/05\/julien-tornare-nouveau-pdg-de-zenith\/#article\",\"isPartOf\":{\"@id\":\"https:\/\/www.prestigemag.co\/fr\/2017\/05\/julien-tornare-nouveau-pdg-de-zenith\/\"},\"author\":{\"name\":\"prestige\",\"@id\":\"https:\/\/www.prestigemag.co\/#\/schema\/person\/e3f149368970128d68bb2d797bf30fbc\"},\"headline\":\"Julien Tornare Nouveau PDG De Zenith\",\"datePublished\":\"2017-05-11T09:21:12+00:00\",\"dateModified\":\"2017-05-11T09:21:12+00:00\",\"mainEntityOfPage\":{\"@id\":\"https:\/\/www.prestigemag.co\/fr\/2017\/05\/julien-tornare-nouveau-pdg-de-zenith\/\"},\"wordCount\":114,\"publisher\":{\"@id\":\"https:\/\/www.prestigemag.co\/#organization\"},\"articleSection\":[\"Horlogerie &amp; Joaillerie\"],\"inLanguage\":\"fr-FR\"},{\"@type\":\"Person\",\"@id\":\"https:\/\/www.prestigemag.co\/#\/schema\/person\/e3f149368970128d68bb2d797bf30fbc\",\"name\":\"prestige\",\"image\":{\"@type\":\"ImageObject\",\"inLanguage\":\"fr-FR\",\"@id\":\"https:\/\/www.prestigemag.co\/#\/schema\/person\/image\/\",\"url\":\"https:\/\/secure.gravatar.com\/avatar\/0aa2dff5484d35e50578639a2c3ccef9?s=96&d=mm&r=g\",\"contentUrl\":\"https:\/\/secure.gravatar.com\/avatar\/0aa2dff5484d35e50578639a2c3ccef9?s=96&d=mm&r=g\",\"caption\":\"prestige\"},\"url\":\"https:\/\/www.prestigemag.co\/fr\/author\/prestige\/\"}]}<\/script>\n<!-- \/ Yoast SEO plugin. -->","yoast_head_json":{"title":"Julien Tornare Nouveau PDG De Zenith - Prestige Magazine","description":"Jean-Claude Biver, pr\u00e9sident de la Division des montres LVMH et pr\u00e9sident du conseil d'administration de Zenith, annonce la nomination de Julien Tornare \u00e0 la direction de Zenith,","robots":{"index":"index","follow":"follow","max-snippet":"max-snippet:-1","max-image-preview":"max-image-preview:large","max-video-preview":"max-video-preview:-1"},"canonical":"https:\/\/www.prestigemag.co\/fr\/2017\/05\/julien-tornare-nouveau-pdg-de-zenith\/","og_locale":"fr_FR","og_type":"article","og_title":"Julien Tornare Nouveau PDG De Zenith - Prestige Magazine","og_description":"Jean-Claude Biver, pr\u00e9sident de la Division des montres LVMH et pr\u00e9sident du conseil d'administration de Zenith, annonce la nomination de Julien Tornare \u00e0 la direction de Zenith,","og_url":"https:\/\/www.prestigemag.co\/fr\/2017\/05\/julien-tornare-nouveau-pdg-de-zenith\/","og_site_name":"Prestige Magazine","article_publisher":"https:\/\/www.facebook.com\/prestigemag.co\/","article_published_time":"2017-05-11T09:21:12+00:00","og_image":[{"width":1000,"height":400,"url":"https:\/\/www.prestigemag.co\/wp-content\/uploads\/2017\/05\/Untitled-1-7.jpg","type":"image\/jpeg"}],"author":"prestige","twitter_card":"summary","twitter_misc":{"\u00c9crit par":"prestige","Dur\u00e9e de lecture estim\u00e9e":"1 minute"},"schema":{"@context":"https:\/\/schema.org","@graph":[{"@type":"Organization","@id":"https:\/\/www.prestigemag.co\/#organization","name":"Prestige","url":"https:\/\/www.prestigemag.co\/","sameAs":["https:\/\/www.instagram.com\/prestige.mag\/","https:\/\/www.facebook.com\/prestigemag.co\/"],"logo":{"@type":"ImageObject","inLanguage":"fr-FR","@id":"https:\/\/www.prestigemag.co\/#\/schema\/logo\/image\/","url":"https:\/\/www.prestigemag.co\/wp-content\/uploads\/2021\/11\/logo-Prestige-800x200-1.png","contentUrl":"https:\/\/www.prestigemag.co\/wp-content\/uploads\/2021\/11\/logo-Prestige-800x200-1.png","width":800,"height":200,"caption":"Prestige"},"image":{"@id":"https:\/\/www.prestigemag.co\/#\/schema\/logo\/image\/"}},{"@type":"WebSite","@id":"https:\/\/www.prestigemag.co\/#website","url":"https:\/\/www.prestigemag.co\/","name":"Prestige Magazine","description":"Le Monde Des C\u00e9l\u00e9brit\u00e9s","publisher":{"@id":"https:\/\/www.prestigemag.co\/#organization"},"potentialAction":[{"@type":"SearchAction","target":{"@type":"EntryPoint","urlTemplate":"https:\/\/www.prestigemag.co\/?s={search_term_string}"},"query-input":"required name=search_term_string"}],"inLanguage":"fr-FR"},{"@type":"WebPage","@id":"https:\/\/www.prestigemag.co\/fr\/2017\/05\/julien-tornare-nouveau-pdg-de-zenith\/","url":"https:\/\/www.prestigemag.co\/fr\/2017\/05\/julien-tornare-nouveau-pdg-de-zenith\/","name":"Julien Tornare Nouveau PDG De Zenith - Prestige Magazine","isPartOf":{"@id":"https:\/\/www.prestigemag.co\/#website"},"datePublished":"2017-05-11T09:21:12+00:00","dateModified":"2017-05-11T09:21:12+00:00","description":"Jean-Claude Biver, pr\u00e9sident de la Division des montres LVMH et pr\u00e9sident du conseil d'administration de Zenith, annonce la nomination de Julien Tornare \u00e0 la direction de Zenith,","breadcrumb":{"@id":"https:\/\/www.prestigemag.co\/fr\/2017\/05\/julien-tornare-nouveau-pdg-de-zenith\/#breadcrumb"},"inLanguage":"fr-FR","potentialAction":[{"@type":"ReadAction","target":["https:\/\/www.prestigemag.co\/fr\/2017\/05\/julien-tornare-nouveau-pdg-de-zenith\/"]}]},{"@type":"BreadcrumbList","@id":"https:\/\/www.prestigemag.co\/fr\/2017\/05\/julien-tornare-nouveau-pdg-de-zenith\/#breadcrumb","itemListElement":[{"@type":"ListItem","position":1,"name":"Home","item":"https:\/\/www.prestigemag.co\/fr\/"},{"@type":"ListItem","position":2,"name":"Julien Tornare Nouveau PDG De Zenith"}]},{"@type":"Article","@id":"https:\/\/www.prestigemag.co\/fr\/2017\/05\/julien-tornare-nouveau-pdg-de-zenith\/#article","isPartOf":{"@id":"https:\/\/www.prestigemag.co\/fr\/2017\/05\/julien-tornare-nouveau-pdg-de-zenith\/"},"author":{"name":"prestige","@id":"https:\/\/www.prestigemag.co\/#\/schema\/person\/e3f149368970128d68bb2d797bf30fbc"},"headline":"Julien Tornare Nouveau PDG De Zenith","datePublished":"2017-05-11T09:21:12+00:00","dateModified":"2017-05-11T09:21:12+00:00","mainEntityOfPage":{"@id":"https:\/\/www.prestigemag.co\/fr\/2017\/05\/julien-tornare-nouveau-pdg-de-zenith\/"},"wordCount":114,"publisher":{"@id":"https:\/\/www.prestigemag.co\/#organization"},"articleSection":["Horlogerie &amp; Joaillerie"],"inLanguage":"fr-FR"},{"@type":"Person","@id":"https:\/\/www.prestigemag.co\/#\/schema\/person\/e3f149368970128d68bb2d797bf30fbc","name":"prestige","image":{"@type":"ImageObject","inLanguage":"fr-FR","@id":"https:\/\/www.prestigemag.co\/#\/schema\/person\/image\/","url":"https:\/\/secure.gravatar.com\/avatar\/0aa2dff5484d35e50578639a2c3ccef9?s=96&d=mm&r=g","contentUrl":"https:\/\/secure.gravatar.com\/avatar\/0aa2dff5484d35e50578639a2c3ccef9?s=96&d=mm&r=g","caption":"prestige"},"url":"https:\/\/www.prestigemag.co\/fr\/author\/prestige\/"}]}},"_links":{"self":[{"href":"https:\/\/www.prestigemag.co\/fr\/wp-json\/wp\/v2\/posts\/21542"}],"collection":[{"href":"https:\/\/www.prestigemag.co\/fr\/wp-json\/wp\/v2\/posts"}],"about":[{"href":"https:\/\/www.prestigemag.co\/fr\/wp-json\/wp\/v2\/types\/post"}],"author":[{"embeddable":true,"href":"https:\/\/www.prestigemag.co\/fr\/wp-json\/wp\/v2\/users\/3"}],"replies":[{"embeddable":true,"href":"https:\/\/www.prestigemag.co\/fr\/wp-json\/wp\/v2\/comments?post=21542"}],"version-history":[{"count":0,"href":"https:\/\/www.prestigemag.co\/fr\/wp-json\/wp\/v2\/posts\/21542\/revisions"}],"wp:featuredmedia":[{"embeddable":true,"href":"https:\/\/www.prestigemag.co\/fr\/wp-json\/wp\/v2\/media\/21543"}],"wp:attachment":[{"href":"https:\/\/www.prestigemag.co\/fr\/wp-json\/wp\/v2\/media?parent=21542"}],"wp:term":[{"taxonomy":"category","embeddable":true,"href":"https:\/\/www.prestigemag.co\/fr\/wp-json\/wp\/v2\/categories?post=21542"},{"taxonomy":"post_tag","embeddable":true,"href":"https:\/\/www.prestigemag.co\/fr\/wp-json\/wp\/v2\/tags?post=21542"}],"curies":[{"name":"wp","href":"https:\/\/api.w.org\/{rel}","templated":true}]}}