{"id":21557,"date":"2017-05-17T13:25:47","date_gmt":"2017-05-17T13:25:47","guid":{"rendered":"http:\/\/www.prestigemag.co\/2017\/05\/premier-jour-de-la-semaine-de-la-mode-arabe-a-dubai\/"},"modified":"2017-05-17T13:25:47","modified_gmt":"2017-05-17T13:25:47","slug":"premier-jour-de-la-semaine-de-la-mode-arabe-a-dubai","status":"publish","type":"post","link":"https:\/\/www.prestigemag.co\/fr\/2017\/05\/premier-jour-de-la-semaine-de-la-mode-arabe-a-dubai\/","title":{"rendered":"Premier jour de la Semaine de la Mode Arabe \u00e0 Dubai"},"content":{"rendered":"<p>La 4\u00e8 \u00e9dition de la semaine de la Mode Arabe se passe cette semaine \u00e0 Dubai, avec des cr\u00e9ateurs de mode au succ\u00e8s international, pr\u00e9sentant leurs cr\u00e9ations et un total de 23 d\u00e9fil\u00e9s au programme. Nous avons s\u00e9lectionn\u00e9 des photos de trois cr\u00e9ateurs qui ont d\u00e9fil\u00e9 aujourd&rsquo;hui: Abdo Aoudi, Marchesa, Mrhua Mrshua.<\/p>\n<p>&nbsp;<\/p>\n<p>Abdo Aoudi Collection Couture avec des robes \u00e9l\u00e9gantes et des broderies.<\/p>\n<p>&nbsp;<\/p>\n<p><a href=\"http:\/\/www.prestigemag.co\/wp-content\/uploads\/2017\/05\/Untitled-1-12.jpg\"><img src=\"data:image\/svg+xml,%3Csvg%20xmlns='http:\/\/www.w3.org\/2000\/svg'%20viewBox='0%200%20946%20407'%3E%3C\/svg%3E\" width=\"946\" height=\"407\" class=\"zeen-lazy-load-base zeen-lazy-load aligncenter size-full wp-image-12539\" data-lazy-src=\"http:\/\/www.prestigemag.co\/wp-content\/uploads\/2017\/05\/Untitled-1-12.jpg\" alt=\"\" data-lazy-srcset=\"https:\/\/www.prestigemag.co\/wp-content\/uploads\/2017\/05\/Untitled-1-12.jpg 946w, https:\/\/www.prestigemag.co\/wp-content\/uploads\/2017\/05\/Untitled-1-12-300x129.jpg 300w, https:\/\/www.prestigemag.co\/wp-content\/uploads\/2017\/05\/Untitled-1-12-770x331.jpg 770w, https:\/\/www.prestigemag.co\/wp-content\/uploads\/2017\/05\/Untitled-1-12-293x126.jpg 293w, https:\/\/www.prestigemag.co\/wp-content\/uploads\/2017\/05\/Untitled-1-12-390x168.jpg 390w, https:\/\/www.prestigemag.co\/wp-content\/uploads\/2017\/05\/Untitled-1-12-768x330.jpg 768w, https:\/\/www.prestigemag.co\/wp-content\/uploads\/2017\/05\/Untitled-1-12-150x65.jpg 150w, https:\/\/www.prestigemag.co\/wp-content\/uploads\/2017\/05\/Untitled-1-12-600x258.jpg 600w, https:\/\/www.prestigemag.co\/wp-content\/uploads\/2017\/05\/Untitled-1-12-291x125.jpg 291w, https:\/\/www.prestigemag.co\/wp-content\/uploads\/2017\/05\/Untitled-1-12-156x67.jpg 156w\" data-lazy-sizes=\"(max-width: 946px) 100vw, 946px\" \/><noscript><img width=\"946\" height=\"407\" class=\"aligncenter size-full wp-image-12539\" src=\"http:\/\/www.prestigemag.co\/wp-content\/uploads\/2017\/05\/Untitled-1-12.jpg\" alt=\"\" srcset=\"https:\/\/www.prestigemag.co\/wp-content\/uploads\/2017\/05\/Untitled-1-12.jpg 946w, https:\/\/www.prestigemag.co\/wp-content\/uploads\/2017\/05\/Untitled-1-12-300x129.jpg 300w, https:\/\/www.prestigemag.co\/wp-content\/uploads\/2017\/05\/Untitled-1-12-770x331.jpg 770w, https:\/\/www.prestigemag.co\/wp-content\/uploads\/2017\/05\/Untitled-1-12-293x126.jpg 293w, https:\/\/www.prestigemag.co\/wp-content\/uploads\/2017\/05\/Untitled-1-12-390x168.jpg 390w, https:\/\/www.prestigemag.co\/wp-content\/uploads\/2017\/05\/Untitled-1-12-768x330.jpg 768w, https:\/\/www.prestigemag.co\/wp-content\/uploads\/2017\/05\/Untitled-1-12-150x65.jpg 150w, https:\/\/www.prestigemag.co\/wp-content\/uploads\/2017\/05\/Untitled-1-12-600x258.jpg 600w, https:\/\/www.prestigemag.co\/wp-content\/uploads\/2017\/05\/Untitled-1-12-291x125.jpg 291w, https:\/\/www.prestigemag.co\/wp-content\/uploads\/2017\/05\/Untitled-1-12-156x67.jpg 156w\" sizes=\"(max-width: 946px) 100vw, 946px\" \/><\/noscript><\/a><\/p>\n<p>&nbsp;<\/p>\n<p>Des textiles de qualit\u00e9 sup\u00e9rieure, des broderies et des d\u00e9tails \u00e9l\u00e9gants chez Marchesa<\/p>\n<p>&nbsp;<\/p>\n<p><a href=\"http:\/\/www.prestigemag.co\/wp-content\/uploads\/2017\/05\/Untitled-11-2.jpg\"><img src=\"data:image\/svg+xml,%3Csvg%20xmlns='http:\/\/www.w3.org\/2000\/svg'%20viewBox='0%200%201024%20514'%3E%3C\/svg%3E\" width=\"1024\" height=\"514\" class=\"zeen-lazy-load-base zeen-lazy-load aligncenter size-large wp-image-12540\" data-lazy-src=\"http:\/\/www.prestigemag.co\/wp-content\/uploads\/2017\/05\/Untitled-11-2-1024x514.jpg\" alt=\"\" data-lazy-srcset=\"https:\/\/www.prestigemag.co\/wp-content\/uploads\/2017\/05\/Untitled-11-2-1024x514.jpg 1024w, https:\/\/www.prestigemag.co\/wp-content\/uploads\/2017\/05\/Untitled-11-2-300x151.jpg 300w, https:\/\/www.prestigemag.co\/wp-content\/uploads\/2017\/05\/Untitled-11-2-768x386.jpg 768w, https:\/\/www.prestigemag.co\/wp-content\/uploads\/2017\/05\/Untitled-11-2-150x75.jpg 150w, https:\/\/www.prestigemag.co\/wp-content\/uploads\/2017\/05\/Untitled-11-2-600x301.jpg 600w, https:\/\/www.prestigemag.co\/wp-content\/uploads\/2017\/05\/Untitled-11-2-249x125.jpg 249w, https:\/\/www.prestigemag.co\/wp-content\/uploads\/2017\/05\/Untitled-11-2-133x67.jpg 133w, https:\/\/www.prestigemag.co\/wp-content\/uploads\/2017\/05\/Untitled-11-2.jpg 1879w\" data-lazy-sizes=\"(max-width: 1024px) 100vw, 1024px\" \/><noscript><img width=\"1024\" height=\"514\" class=\"aligncenter size-large wp-image-12540\" src=\"http:\/\/www.prestigemag.co\/wp-content\/uploads\/2017\/05\/Untitled-11-2-1024x514.jpg\" alt=\"\" srcset=\"https:\/\/www.prestigemag.co\/wp-content\/uploads\/2017\/05\/Untitled-11-2-1024x514.jpg 1024w, https:\/\/www.prestigemag.co\/wp-content\/uploads\/2017\/05\/Untitled-11-2-300x151.jpg 300w, https:\/\/www.prestigemag.co\/wp-content\/uploads\/2017\/05\/Untitled-11-2-768x386.jpg 768w, https:\/\/www.prestigemag.co\/wp-content\/uploads\/2017\/05\/Untitled-11-2-150x75.jpg 150w, https:\/\/www.prestigemag.co\/wp-content\/uploads\/2017\/05\/Untitled-11-2-600x301.jpg 600w, https:\/\/www.prestigemag.co\/wp-content\/uploads\/2017\/05\/Untitled-11-2-249x125.jpg 249w, https:\/\/www.prestigemag.co\/wp-content\/uploads\/2017\/05\/Untitled-11-2-133x67.jpg 133w, https:\/\/www.prestigemag.co\/wp-content\/uploads\/2017\/05\/Untitled-11-2.jpg 1879w\" sizes=\"(max-width: 1024px) 100vw, 1024px\" \/><\/noscript><\/a><\/p>\n<p>&nbsp;<\/p>\n<p>Des designs originaux et minimalistes chez Mrhua Mrshua<\/p>\n<p>&nbsp;<\/p>\n<p><a href=\"http:\/\/www.prestigemag.co\/wp-content\/uploads\/2017\/05\/Untitled-12.jpg\"><img src=\"data:image\/svg+xml,%3Csvg%20xmlns='http:\/\/www.w3.org\/2000\/svg'%20viewBox='0%200%201024%20512'%3E%3C\/svg%3E\" width=\"1024\" height=\"512\" class=\"zeen-lazy-load-base zeen-lazy-load aligncenter size-large wp-image-12541\" data-lazy-src=\"http:\/\/www.prestigemag.co\/wp-content\/uploads\/2017\/05\/Untitled-12-1024x512.jpg\" alt=\"\" data-lazy-srcset=\"https:\/\/www.prestigemag.co\/wp-content\/uploads\/2017\/05\/Untitled-12-1024x512.jpg 1024w, https:\/\/www.prestigemag.co\/wp-content\/uploads\/2017\/05\/Untitled-12-300x150.jpg 300w, https:\/\/www.prestigemag.co\/wp-content\/uploads\/2017\/05\/Untitled-12-768x384.jpg 768w, https:\/\/www.prestigemag.co\/wp-content\/uploads\/2017\/05\/Untitled-12-150x75.jpg 150w, https:\/\/www.prestigemag.co\/wp-content\/uploads\/2017\/05\/Untitled-12-600x300.jpg 600w, https:\/\/www.prestigemag.co\/wp-content\/uploads\/2017\/05\/Untitled-12-250x125.jpg 250w, https:\/\/www.prestigemag.co\/wp-content\/uploads\/2017\/05\/Untitled-12-134x67.jpg 134w, https:\/\/www.prestigemag.co\/wp-content\/uploads\/2017\/05\/Untitled-12.jpg 1873w\" data-lazy-sizes=\"(max-width: 1024px) 100vw, 1024px\" \/><noscript><img width=\"1024\" height=\"512\" class=\"aligncenter size-large wp-image-12541\" src=\"http:\/\/www.prestigemag.co\/wp-content\/uploads\/2017\/05\/Untitled-12-1024x512.jpg\" alt=\"\" srcset=\"https:\/\/www.prestigemag.co\/wp-content\/uploads\/2017\/05\/Untitled-12-1024x512.jpg 1024w, https:\/\/www.prestigemag.co\/wp-content\/uploads\/2017\/05\/Untitled-12-300x150.jpg 300w, https:\/\/www.prestigemag.co\/wp-content\/uploads\/2017\/05\/Untitled-12-768x384.jpg 768w, https:\/\/www.prestigemag.co\/wp-content\/uploads\/2017\/05\/Untitled-12-150x75.jpg 150w, https:\/\/www.prestigemag.co\/wp-content\/uploads\/2017\/05\/Untitled-12-600x300.jpg 600w, https:\/\/www.prestigemag.co\/wp-content\/uploads\/2017\/05\/Untitled-12-250x125.jpg 250w, https:\/\/www.prestigemag.co\/wp-content\/uploads\/2017\/05\/Untitled-12-134x67.jpg 134w, https:\/\/www.prestigemag.co\/wp-content\/uploads\/2017\/05\/Untitled-12.jpg 1873w\" sizes=\"(max-width: 1024px) 100vw, 1024px\" \/><\/noscript><\/a><\/p>\n","protected":false},"excerpt":{"rendered":"<p><em>La 4\u00e8 \u00e9dition de la semaine de la Mode Arabe se passe cette semaine \u00e0 Dubai, avec des cr\u00e9ateurs de mode au succ\u00e8s international, pr\u00e9sentant leurs cr\u00e9ations et un total de 23 d\u00e9fil\u00e9s au programme.<\/em> <\/p>\n","protected":false},"author":3,"featured_media":21558,"comment_status":"closed","ping_status":"closed","sticky":false,"template":"","format":"standard","meta":[],"categories":[13346,13351],"tags":[],"yoast_head":"<!-- This site is optimized with the Yoast SEO plugin v19.4 - https:\/\/yoast.com\/wordpress\/plugins\/seo\/ -->\n<title>Premier jour de la Semaine de la Mode Arabe \u00e0 Dubai - Prestige Magazine<\/title>\n<meta name=\"description\" content=\"La 4\u00e8 \u00e9dition de la semaine de la Mode Arabe se passe cette semaine \u00e0 Dubai, avec des cr\u00e9ateurs de mode au succ\u00e8s international, pr\u00e9sentant leurs cr\u00e9ations et un total de 23 d\u00e9fil\u00e9s au programme.\" \/>\n<meta name=\"robots\" content=\"index, follow, max-snippet:-1, max-image-preview:large, max-video-preview:-1\" \/>\n<link rel=\"canonical\" href=\"https:\/\/www.prestigemag.co\/fr\/2017\/05\/premier-jour-de-la-semaine-de-la-mode-arabe-a-dubai\/\" \/>\n<meta property=\"og:locale\" content=\"fr_FR\" \/>\n<meta property=\"og:type\" content=\"article\" \/>\n<meta property=\"og:title\" content=\"Premier jour de la Semaine de la Mode Arabe \u00e0 Dubai - Prestige Magazine\" \/>\n<meta property=\"og:description\" content=\"La 4\u00e8 \u00e9dition de la semaine de la Mode Arabe se passe cette semaine \u00e0 Dubai, avec des cr\u00e9ateurs de mode au succ\u00e8s international, pr\u00e9sentant leurs cr\u00e9ations et un total de 23 d\u00e9fil\u00e9s au programme.\" \/>\n<meta property=\"og:url\" content=\"https:\/\/www.prestigemag.co\/fr\/2017\/05\/premier-jour-de-la-semaine-de-la-mode-arabe-a-dubai\/\" \/>\n<meta property=\"og:site_name\" content=\"Prestige Magazine\" \/>\n<meta property=\"article:publisher\" content=\"https:\/\/www.facebook.com\/prestigemag.co\/\" \/>\n<meta property=\"article:published_time\" content=\"2017-05-17T13:25:47+00:00\" \/>\n<meta property=\"og:image\" content=\"https:\/\/www.prestigemag.co\/wp-content\/uploads\/2017\/05\/Untitled-1-12.jpg\" \/>\n\t<meta property=\"og:image:width\" content=\"946\" \/>\n\t<meta property=\"og:image:height\" content=\"407\" \/>\n\t<meta property=\"og:image:type\" content=\"image\/jpeg\" \/>\n<meta name=\"author\" content=\"prestige\" \/>\n<meta name=\"twitter:card\" content=\"summary\" \/>\n<meta name=\"twitter:label1\" content=\"\u00c9crit par\" \/>\n\t<meta name=\"twitter:data1\" content=\"prestige\" \/>\n\t<meta name=\"twitter:label2\" content=\"Dur\u00e9e de lecture estim\u00e9e\" \/>\n\t<meta name=\"twitter:data2\" content=\"1 minute\" \/>\n<script type=\"application\/ld+json\" class=\"yoast-schema-graph\">{\"@context\":\"https:\/\/schema.org\",\"@graph\":[{\"@type\":\"Organization\",\"@id\":\"https:\/\/www.prestigemag.co\/#organization\",\"name\":\"Prestige\",\"url\":\"https:\/\/www.prestigemag.co\/\",\"sameAs\":[\"https:\/\/www.instagram.com\/prestige.mag\/\",\"https:\/\/www.facebook.com\/prestigemag.co\/\"],\"logo\":{\"@type\":\"ImageObject\",\"inLanguage\":\"fr-FR\",\"@id\":\"https:\/\/www.prestigemag.co\/#\/schema\/logo\/image\/\",\"url\":\"https:\/\/www.prestigemag.co\/wp-content\/uploads\/2021\/11\/logo-Prestige-800x200-1.png\",\"contentUrl\":\"https:\/\/www.prestigemag.co\/wp-content\/uploads\/2021\/11\/logo-Prestige-800x200-1.png\",\"width\":800,\"height\":200,\"caption\":\"Prestige\"},\"image\":{\"@id\":\"https:\/\/www.prestigemag.co\/#\/schema\/logo\/image\/\"}},{\"@type\":\"WebSite\",\"@id\":\"https:\/\/www.prestigemag.co\/#website\",\"url\":\"https:\/\/www.prestigemag.co\/\",\"name\":\"Prestige Magazine\",\"description\":\"Le Monde Des C\u00e9l\u00e9brit\u00e9s\",\"publisher\":{\"@id\":\"https:\/\/www.prestigemag.co\/#organization\"},\"potentialAction\":[{\"@type\":\"SearchAction\",\"target\":{\"@type\":\"EntryPoint\",\"urlTemplate\":\"https:\/\/www.prestigemag.co\/?s={search_term_string}\"},\"query-input\":\"required name=search_term_string\"}],\"inLanguage\":\"fr-FR\"},{\"@type\":\"WebPage\",\"@id\":\"https:\/\/www.prestigemag.co\/fr\/2017\/05\/premier-jour-de-la-semaine-de-la-mode-arabe-a-dubai\/\",\"url\":\"https:\/\/www.prestigemag.co\/fr\/2017\/05\/premier-jour-de-la-semaine-de-la-mode-arabe-a-dubai\/\",\"name\":\"Premier jour de la Semaine de la Mode Arabe \u00e0 Dubai - Prestige Magazine\",\"isPartOf\":{\"@id\":\"https:\/\/www.prestigemag.co\/#website\"},\"datePublished\":\"2017-05-17T13:25:47+00:00\",\"dateModified\":\"2017-05-17T13:25:47+00:00\",\"description\":\"La 4\u00e8 \u00e9dition de la semaine de la Mode Arabe se passe cette semaine \u00e0 Dubai, avec des cr\u00e9ateurs de mode au succ\u00e8s international, pr\u00e9sentant leurs cr\u00e9ations et un total de 23 d\u00e9fil\u00e9s au programme.\",\"breadcrumb\":{\"@id\":\"https:\/\/www.prestigemag.co\/fr\/2017\/05\/premier-jour-de-la-semaine-de-la-mode-arabe-a-dubai\/#breadcrumb\"},\"inLanguage\":\"fr-FR\",\"potentialAction\":[{\"@type\":\"ReadAction\",\"target\":[\"https:\/\/www.prestigemag.co\/fr\/2017\/05\/premier-jour-de-la-semaine-de-la-mode-arabe-a-dubai\/\"]}]},{\"@type\":\"BreadcrumbList\",\"@id\":\"https:\/\/www.prestigemag.co\/fr\/2017\/05\/premier-jour-de-la-semaine-de-la-mode-arabe-a-dubai\/#breadcrumb\",\"itemListElement\":[{\"@type\":\"ListItem\",\"position\":1,\"name\":\"Home\",\"item\":\"https:\/\/www.prestigemag.co\/fr\/\"},{\"@type\":\"ListItem\",\"position\":2,\"name\":\"Premier jour de la Semaine de la Mode Arabe \u00e0 Dubai\"}]},{\"@type\":\"Article\",\"@id\":\"https:\/\/www.prestigemag.co\/fr\/2017\/05\/premier-jour-de-la-semaine-de-la-mode-arabe-a-dubai\/#article\",\"isPartOf\":{\"@id\":\"https:\/\/www.prestigemag.co\/fr\/2017\/05\/premier-jour-de-la-semaine-de-la-mode-arabe-a-dubai\/\"},\"author\":{\"name\":\"prestige\",\"@id\":\"https:\/\/www.prestigemag.co\/#\/schema\/person\/e3f149368970128d68bb2d797bf30fbc\"},\"headline\":\"Premier jour de la Semaine de la Mode Arabe \u00e0 Dubai\",\"datePublished\":\"2017-05-17T13:25:47+00:00\",\"dateModified\":\"2017-05-17T13:25:47+00:00\",\"mainEntityOfPage\":{\"@id\":\"https:\/\/www.prestigemag.co\/fr\/2017\/05\/premier-jour-de-la-semaine-de-la-mode-arabe-a-dubai\/\"},\"wordCount\":110,\"publisher\":{\"@id\":\"https:\/\/www.prestigemag.co\/#organization\"},\"articleSection\":[\"Mode\",\"News\"],\"inLanguage\":\"fr-FR\"},{\"@type\":\"Person\",\"@id\":\"https:\/\/www.prestigemag.co\/#\/schema\/person\/e3f149368970128d68bb2d797bf30fbc\",\"name\":\"prestige\",\"image\":{\"@type\":\"ImageObject\",\"inLanguage\":\"fr-FR\",\"@id\":\"https:\/\/www.prestigemag.co\/#\/schema\/person\/image\/\",\"url\":\"https:\/\/secure.gravatar.com\/avatar\/0aa2dff5484d35e50578639a2c3ccef9?s=96&d=mm&r=g\",\"contentUrl\":\"https:\/\/secure.gravatar.com\/avatar\/0aa2dff5484d35e50578639a2c3ccef9?s=96&d=mm&r=g\",\"caption\":\"prestige\"},\"url\":\"https:\/\/www.prestigemag.co\/fr\/author\/prestige\/\"}]}<\/script>\n<!-- \/ Yoast SEO plugin. -->","yoast_head_json":{"title":"Premier jour de la Semaine de la Mode Arabe \u00e0 Dubai - Prestige Magazine","description":"La 4\u00e8 \u00e9dition de la semaine de la Mode Arabe se passe cette semaine \u00e0 Dubai, avec des cr\u00e9ateurs de mode au succ\u00e8s international, pr\u00e9sentant leurs cr\u00e9ations et un total de 23 d\u00e9fil\u00e9s au programme.","robots":{"index":"index","follow":"follow","max-snippet":"max-snippet:-1","max-image-preview":"max-image-preview:large","max-video-preview":"max-video-preview:-1"},"canonical":"https:\/\/www.prestigemag.co\/fr\/2017\/05\/premier-jour-de-la-semaine-de-la-mode-arabe-a-dubai\/","og_locale":"fr_FR","og_type":"article","og_title":"Premier jour de la Semaine de la Mode Arabe \u00e0 Dubai - Prestige Magazine","og_description":"La 4\u00e8 \u00e9dition de la semaine de la Mode Arabe se passe cette semaine \u00e0 Dubai, avec des cr\u00e9ateurs de mode au succ\u00e8s international, pr\u00e9sentant leurs cr\u00e9ations et un total de 23 d\u00e9fil\u00e9s au programme.","og_url":"https:\/\/www.prestigemag.co\/fr\/2017\/05\/premier-jour-de-la-semaine-de-la-mode-arabe-a-dubai\/","og_site_name":"Prestige Magazine","article_publisher":"https:\/\/www.facebook.com\/prestigemag.co\/","article_published_time":"2017-05-17T13:25:47+00:00","og_image":[{"width":946,"height":407,"url":"https:\/\/www.prestigemag.co\/wp-content\/uploads\/2017\/05\/Untitled-1-12.jpg","type":"image\/jpeg"}],"author":"prestige","twitter_card":"summary","twitter_misc":{"\u00c9crit par":"prestige","Dur\u00e9e de lecture estim\u00e9e":"1 minute"},"schema":{"@context":"https:\/\/schema.org","@graph":[{"@type":"Organization","@id":"https:\/\/www.prestigemag.co\/#organization","name":"Prestige","url":"https:\/\/www.prestigemag.co\/","sameAs":["https:\/\/www.instagram.com\/prestige.mag\/","https:\/\/www.facebook.com\/prestigemag.co\/"],"logo":{"@type":"ImageObject","inLanguage":"fr-FR","@id":"https:\/\/www.prestigemag.co\/#\/schema\/logo\/image\/","url":"https:\/\/www.prestigemag.co\/wp-content\/uploads\/2021\/11\/logo-Prestige-800x200-1.png","contentUrl":"https:\/\/www.prestigemag.co\/wp-content\/uploads\/2021\/11\/logo-Prestige-800x200-1.png","width":800,"height":200,"caption":"Prestige"},"image":{"@id":"https:\/\/www.prestigemag.co\/#\/schema\/logo\/image\/"}},{"@type":"WebSite","@id":"https:\/\/www.prestigemag.co\/#website","url":"https:\/\/www.prestigemag.co\/","name":"Prestige Magazine","description":"Le Monde Des C\u00e9l\u00e9brit\u00e9s","publisher":{"@id":"https:\/\/www.prestigemag.co\/#organization"},"potentialAction":[{"@type":"SearchAction","target":{"@type":"EntryPoint","urlTemplate":"https:\/\/www.prestigemag.co\/?s={search_term_string}"},"query-input":"required name=search_term_string"}],"inLanguage":"fr-FR"},{"@type":"WebPage","@id":"https:\/\/www.prestigemag.co\/fr\/2017\/05\/premier-jour-de-la-semaine-de-la-mode-arabe-a-dubai\/","url":"https:\/\/www.prestigemag.co\/fr\/2017\/05\/premier-jour-de-la-semaine-de-la-mode-arabe-a-dubai\/","name":"Premier jour de la Semaine de la Mode Arabe \u00e0 Dubai - Prestige Magazine","isPartOf":{"@id":"https:\/\/www.prestigemag.co\/#website"},"datePublished":"2017-05-17T13:25:47+00:00","dateModified":"2017-05-17T13:25:47+00:00","description":"La 4\u00e8 \u00e9dition de la semaine de la Mode Arabe se passe cette semaine \u00e0 Dubai, avec des cr\u00e9ateurs de mode au succ\u00e8s international, pr\u00e9sentant leurs cr\u00e9ations et un total de 23 d\u00e9fil\u00e9s au programme.","breadcrumb":{"@id":"https:\/\/www.prestigemag.co\/fr\/2017\/05\/premier-jour-de-la-semaine-de-la-mode-arabe-a-dubai\/#breadcrumb"},"inLanguage":"fr-FR","potentialAction":[{"@type":"ReadAction","target":["https:\/\/www.prestigemag.co\/fr\/2017\/05\/premier-jour-de-la-semaine-de-la-mode-arabe-a-dubai\/"]}]},{"@type":"BreadcrumbList","@id":"https:\/\/www.prestigemag.co\/fr\/2017\/05\/premier-jour-de-la-semaine-de-la-mode-arabe-a-dubai\/#breadcrumb","itemListElement":[{"@type":"ListItem","position":1,"name":"Home","item":"https:\/\/www.prestigemag.co\/fr\/"},{"@type":"ListItem","position":2,"name":"Premier jour de la Semaine de la Mode Arabe \u00e0 Dubai"}]},{"@type":"Article","@id":"https:\/\/www.prestigemag.co\/fr\/2017\/05\/premier-jour-de-la-semaine-de-la-mode-arabe-a-dubai\/#article","isPartOf":{"@id":"https:\/\/www.prestigemag.co\/fr\/2017\/05\/premier-jour-de-la-semaine-de-la-mode-arabe-a-dubai\/"},"author":{"name":"prestige","@id":"https:\/\/www.prestigemag.co\/#\/schema\/person\/e3f149368970128d68bb2d797bf30fbc"},"headline":"Premier jour de la Semaine de la Mode Arabe \u00e0 Dubai","datePublished":"2017-05-17T13:25:47+00:00","dateModified":"2017-05-17T13:25:47+00:00","mainEntityOfPage":{"@id":"https:\/\/www.prestigemag.co\/fr\/2017\/05\/premier-jour-de-la-semaine-de-la-mode-arabe-a-dubai\/"},"wordCount":110,"publisher":{"@id":"https:\/\/www.prestigemag.co\/#organization"},"articleSection":["Mode","News"],"inLanguage":"fr-FR"},{"@type":"Person","@id":"https:\/\/www.prestigemag.co\/#\/schema\/person\/e3f149368970128d68bb2d797bf30fbc","name":"prestige","image":{"@type":"ImageObject","inLanguage":"fr-FR","@id":"https:\/\/www.prestigemag.co\/#\/schema\/person\/image\/","url":"https:\/\/secure.gravatar.com\/avatar\/0aa2dff5484d35e50578639a2c3ccef9?s=96&d=mm&r=g","contentUrl":"https:\/\/secure.gravatar.com\/avatar\/0aa2dff5484d35e50578639a2c3ccef9?s=96&d=mm&r=g","caption":"prestige"},"url":"https:\/\/www.prestigemag.co\/fr\/author\/prestige\/"}]}},"_links":{"self":[{"href":"https:\/\/www.prestigemag.co\/fr\/wp-json\/wp\/v2\/posts\/21557"}],"collection":[{"href":"https:\/\/www.prestigemag.co\/fr\/wp-json\/wp\/v2\/posts"}],"about":[{"href":"https:\/\/www.prestigemag.co\/fr\/wp-json\/wp\/v2\/types\/post"}],"author":[{"embeddable":true,"href":"https:\/\/www.prestigemag.co\/fr\/wp-json\/wp\/v2\/users\/3"}],"replies":[{"embeddable":true,"href":"https:\/\/www.prestigemag.co\/fr\/wp-json\/wp\/v2\/comments?post=21557"}],"version-history":[{"count":0,"href":"https:\/\/www.prestigemag.co\/fr\/wp-json\/wp\/v2\/posts\/21557\/revisions"}],"wp:featuredmedia":[{"embeddable":true,"href":"https:\/\/www.prestigemag.co\/fr\/wp-json\/wp\/v2\/media\/21558"}],"wp:attachment":[{"href":"https:\/\/www.prestigemag.co\/fr\/wp-json\/wp\/v2\/media?parent=21557"}],"wp:term":[{"taxonomy":"category","embeddable":true,"href":"https:\/\/www.prestigemag.co\/fr\/wp-json\/wp\/v2\/categories?post=21557"},{"taxonomy":"post_tag","embeddable":true,"href":"https:\/\/www.prestigemag.co\/fr\/wp-json\/wp\/v2\/tags?post=21557"}],"curies":[{"name":"wp","href":"https:\/\/api.w.org\/{rel}","templated":true}]}}