{"id":21598,"date":"2017-05-26T14:15:44","date_gmt":"2017-05-26T14:15:44","guid":{"rendered":"http:\/\/www.prestigemag.co\/2017\/05\/journee-mondiale-du-commerce-equitable\/"},"modified":"2017-05-26T14:15:44","modified_gmt":"2017-05-26T14:15:44","slug":"journee-mondiale-du-commerce-equitable","status":"publish","type":"post","link":"https:\/\/www.prestigemag.co\/fr\/2017\/05\/journee-mondiale-du-commerce-equitable\/","title":{"rendered":"Journ\u00e9e Mondiale du Commerce Equitable"},"content":{"rendered":"<figure id=\"attachment_12688\" aria-describedby=\"caption-attachment-12688\" style=\"width: 1024px\" class=\"wp-caption aligncenter\"><a href=\"http:\/\/www.prestigemag.co\/wp-content\/uploads\/2017\/05\/WFT.jpg\"><img src=\"data:image\/svg+xml,%3Csvg%20xmlns='http:\/\/www.w3.org\/2000\/svg'%20viewBox='0%200%201024%20358'%3E%3C\/svg%3E\" class=\"zeen-lazy-load-base zeen-lazy-load wp-image-12688 size-large\" data-lazy-src=\"http:\/\/www.prestigemag.co\/wp-content\/uploads\/2017\/05\/WFT-1024x358.jpg\" alt=\"\" width=\"1024\" height=\"358\" data-lazy-srcset=\"https:\/\/www.prestigemag.co\/wp-content\/uploads\/2017\/05\/WFT-1024x358.jpg 1024w, https:\/\/www.prestigemag.co\/wp-content\/uploads\/2017\/05\/WFT-300x105.jpg 300w, https:\/\/www.prestigemag.co\/wp-content\/uploads\/2017\/05\/WFT-770x270.jpg 770w, https:\/\/www.prestigemag.co\/wp-content\/uploads\/2017\/05\/WFT-293x103.jpg 293w, https:\/\/www.prestigemag.co\/wp-content\/uploads\/2017\/05\/WFT-1400x490.jpg 1400w, https:\/\/www.prestigemag.co\/wp-content\/uploads\/2017\/05\/WFT-390x137.jpg 390w, https:\/\/www.prestigemag.co\/wp-content\/uploads\/2017\/05\/WFT-768x269.jpg 768w, https:\/\/www.prestigemag.co\/wp-content\/uploads\/2017\/05\/WFT-150x53.jpg 150w, https:\/\/www.prestigemag.co\/wp-content\/uploads\/2017\/05\/WFT-600x210.jpg 600w, https:\/\/www.prestigemag.co\/wp-content\/uploads\/2017\/05\/WFT-291x102.jpg 291w, https:\/\/www.prestigemag.co\/wp-content\/uploads\/2017\/05\/WFT-191x67.jpg 191w, https:\/\/www.prestigemag.co\/wp-content\/uploads\/2017\/05\/WFT.jpg 1500w\" data-lazy-sizes=\"(max-width: 1024px) 100vw, 1024px\" \/><figcaption id=\"caption-attachment-12688\" class=\"wp-caption-text\"><noscript><img class=\"wp-image-12688 size-large\" src=\"http:\/\/www.prestigemag.co\/wp-content\/uploads\/2017\/05\/WFT-1024x358.jpg\" alt=\"\" width=\"1024\" height=\"358\" srcset=\"https:\/\/www.prestigemag.co\/wp-content\/uploads\/2017\/05\/WFT-1024x358.jpg 1024w, https:\/\/www.prestigemag.co\/wp-content\/uploads\/2017\/05\/WFT-300x105.jpg 300w, https:\/\/www.prestigemag.co\/wp-content\/uploads\/2017\/05\/WFT-770x270.jpg 770w, https:\/\/www.prestigemag.co\/wp-content\/uploads\/2017\/05\/WFT-293x103.jpg 293w, https:\/\/www.prestigemag.co\/wp-content\/uploads\/2017\/05\/WFT-1400x490.jpg 1400w, https:\/\/www.prestigemag.co\/wp-content\/uploads\/2017\/05\/WFT-390x137.jpg 390w, https:\/\/www.prestigemag.co\/wp-content\/uploads\/2017\/05\/WFT-768x269.jpg 768w, https:\/\/www.prestigemag.co\/wp-content\/uploads\/2017\/05\/WFT-150x53.jpg 150w, https:\/\/www.prestigemag.co\/wp-content\/uploads\/2017\/05\/WFT-600x210.jpg 600w, https:\/\/www.prestigemag.co\/wp-content\/uploads\/2017\/05\/WFT-291x102.jpg 291w, https:\/\/www.prestigemag.co\/wp-content\/uploads\/2017\/05\/WFT-191x67.jpg 191w, https:\/\/www.prestigemag.co\/wp-content\/uploads\/2017\/05\/WFT.jpg 1500w\" sizes=\"(max-width: 1024px) 100vw, 1024px\" \/><\/noscript><\/a> S.E. Mme. Elizabeth Richard, Ambassadrice des Etats-Unis au Liban et de S.E.M. Jean Ogassapian, Ministre d\u2019Etat des Affaires des Femmes.<\/figcaption><\/figure>\n<p>&nbsp;<\/p>\n<p>Fair Trade Lebanon a c\u00e9l\u00e9br\u00e9 la Journ\u00e9e Mondiale du Commerce Equitable pour la 6\u00e8me ann\u00e9e cons\u00e9cutive le dimanche 21 Mai 2017 au Couvent de Saint Georges \u00e0 Roumiyeh.<\/p>\n<p>L\u2019\u00e9v\u00e8nement a eu lieu sous le patronage de S.E. Mme. Elizabeth Richard, Ambassadrice des Etats-Unis au Liban et de S.E.M. Jean Ogassapian, Ministre d\u2019Etat des Affaires des Femmes.<\/p>\n<p>Vingt-deux b\u00e9n\u00e9ficiaires du projet SOFAIR, soutenu par le MEPI (US-Middle East Partnership Initiative) et mis en \u0153uvre par Fair Trade Lebanon et la coop\u00e9rative Atayeb Al Rif, ont particip\u00e9 \u00e0 l\u2019\u00e9v\u00e8nement et ont fourni des repas \u00e0 plus de 1200 invit\u00e9s.<\/p>\n<p>Les invit\u00e9s ont eu l\u2019opportunit\u00e9 de go\u00fbter \u00e0 diff\u00e9rents repas organiques et naturels refl\u00e9tant l\u2019esprit traditionnel de la culture villageoise Libanaise. Les plats offerts repr\u00e9sentaient la cr\u00e9ativit\u00e9, le go\u00fbt, la diversit\u00e9 et les saveurs distinctes de notre h\u00e9ritage traditionnel. Chef Joe Barza a de m\u00eame concoct\u00e9 des plats exquis \u00e0 partir des produits de Fair Trade Lebanon.<\/p>\n<p>L\u2019\u00e9v\u00eaque Monseigneur Guy Noujaim a inaugur\u00e9 la c\u00e9r\u00e9monie. Il a accueilli les invit\u00e9s, et les a remerci\u00e9s pour leur encouragement et support continus. Lors de son discours, M. Samir Abdelmalak, le pr\u00e9sident de l\u2019association, a remerci\u00e9 l\u2019ambassade Am\u00e9ricaine pour le soutien apport\u00e9 au projet. Il a ajout\u00e9 que chaque membre de Fair Trade Lebanon travaillait dur pour \u00e9viter\u00a0l\u2019exode rural et pour offrir des opportunit\u00e9s de d\u00e9veloppement durable aux communaut\u00e9s rurales. L\u2019association lutte pour assurer un revenu \u00e9quitable \u00e0 tous. Il a conclu en insistant sur le fait que l&rsquo;association offre des chances \u00e9gales \u00e0 tous les Libanais de toutes les r\u00e9gions sans discrimination.<\/p>\n<p>L\u2019ambassadrice a f\u00e9licit\u00e9 Fair Trade Lebanon pour son travail acharn\u00e9 et l&rsquo;a encourag\u00e9 \u00e0 continuer de d\u00e9velopper et exporter ses produits libanais uniques et authentiques dans le monde\u00a0 entier. Elle a \u00e9galement d\u00e9clar\u00e9 que les produits de Fair Trade Lebanon seront bient\u00f4t disponibles aux \u00c9tats-Unis.<\/p>\n<p>S.E.M. Jean Ogassapian a prononc\u00e9 le discours de cl\u00f4ture dans lequel il a soulign\u00e9 les nombreuses r\u00e9alisations de Fair Trade Lebanon et lui a souhait\u00e9 un avenir plein de succ\u00e8s. Abdelmalak a pr\u00e9sent\u00e9 un troph\u00e9e \u00e0 H.E Ambassadeur Richard et H.E. M. Jean Ogassapian pour les remercier de leur soutien pour Fair Trade Lebanon.<\/p>\n<p>L&rsquo;\u00e9v\u00e9nement a pr\u00e9sent\u00e9 \u00e9galement un buffet traditionnel pr\u00e9par\u00e9 par les coop\u00e9ratives locales, de jeux pour enfants et d&rsquo;une petite ferme. Les invit\u00e9s ont eu l&rsquo;occasion de vivre la vie d\u2019un village libanais typique, dans une\u00a0 charmante atmosph\u00e8re nostalgique de joie et de bonheur.<\/p>\n<p>&nbsp;<\/p>\n<p><a href=\"http:\/\/www.prestigemag.co\/wp-content\/uploads\/2017\/05\/IMG_0645.jpg\"><img src=\"data:image\/svg+xml,%3Csvg%20xmlns='http:\/\/www.w3.org\/2000\/svg'%20viewBox='0%200%20787%20525'%3E%3C\/svg%3E\" width=\"787\" height=\"525\" class=\"zeen-lazy-load-base zeen-lazy-load aligncenter size-full wp-image-12689\" data-lazy-src=\"http:\/\/www.prestigemag.co\/wp-content\/uploads\/2017\/05\/IMG_0645.jpg\" alt=\"\" data-lazy-srcset=\"https:\/\/www.prestigemag.co\/wp-content\/uploads\/2017\/05\/IMG_0645.jpg 787w, https:\/\/www.prestigemag.co\/wp-content\/uploads\/2017\/05\/IMG_0645-300x200.jpg 300w, https:\/\/www.prestigemag.co\/wp-content\/uploads\/2017\/05\/IMG_0645-768x512.jpg 768w, https:\/\/www.prestigemag.co\/wp-content\/uploads\/2017\/05\/IMG_0645-150x100.jpg 150w, https:\/\/www.prestigemag.co\/wp-content\/uploads\/2017\/05\/IMG_0645-562x375.jpg 562w, https:\/\/www.prestigemag.co\/wp-content\/uploads\/2017\/05\/IMG_0645-187x125.jpg 187w, https:\/\/www.prestigemag.co\/wp-content\/uploads\/2017\/05\/IMG_0645-100x67.jpg 100w\" data-lazy-sizes=\"(max-width: 787px) 100vw, 787px\" \/><noscript><img width=\"787\" height=\"525\" class=\"aligncenter size-full wp-image-12689\" src=\"http:\/\/www.prestigemag.co\/wp-content\/uploads\/2017\/05\/IMG_0645.jpg\" alt=\"\" srcset=\"https:\/\/www.prestigemag.co\/wp-content\/uploads\/2017\/05\/IMG_0645.jpg 787w, https:\/\/www.prestigemag.co\/wp-content\/uploads\/2017\/05\/IMG_0645-300x200.jpg 300w, https:\/\/www.prestigemag.co\/wp-content\/uploads\/2017\/05\/IMG_0645-768x512.jpg 768w, https:\/\/www.prestigemag.co\/wp-content\/uploads\/2017\/05\/IMG_0645-150x100.jpg 150w, https:\/\/www.prestigemag.co\/wp-content\/uploads\/2017\/05\/IMG_0645-562x375.jpg 562w, https:\/\/www.prestigemag.co\/wp-content\/uploads\/2017\/05\/IMG_0645-187x125.jpg 187w, https:\/\/www.prestigemag.co\/wp-content\/uploads\/2017\/05\/IMG_0645-100x67.jpg 100w\" sizes=\"(max-width: 787px) 100vw, 787px\" \/><\/noscript><\/a><\/p>\n<p>&nbsp;<\/p>\n<p>&nbsp;<\/p>\n<p><a href=\"http:\/\/www.prestigemag.co\/wp-content\/uploads\/2017\/05\/IMG_0699.jpg\"><img src=\"data:image\/svg+xml,%3Csvg%20xmlns='http:\/\/www.w3.org\/2000\/svg'%20viewBox='0%200%20787%20525'%3E%3C\/svg%3E\" width=\"787\" height=\"525\" class=\"zeen-lazy-load-base zeen-lazy-load aligncenter size-full wp-image-12690\" data-lazy-src=\"http:\/\/www.prestigemag.co\/wp-content\/uploads\/2017\/05\/IMG_0699.jpg\" alt=\"\" data-lazy-srcset=\"https:\/\/www.prestigemag.co\/wp-content\/uploads\/2017\/05\/IMG_0699.jpg 787w, https:\/\/www.prestigemag.co\/wp-content\/uploads\/2017\/05\/IMG_0699-300x200.jpg 300w, https:\/\/www.prestigemag.co\/wp-content\/uploads\/2017\/05\/IMG_0699-768x512.jpg 768w, https:\/\/www.prestigemag.co\/wp-content\/uploads\/2017\/05\/IMG_0699-150x100.jpg 150w, https:\/\/www.prestigemag.co\/wp-content\/uploads\/2017\/05\/IMG_0699-562x375.jpg 562w, https:\/\/www.prestigemag.co\/wp-content\/uploads\/2017\/05\/IMG_0699-187x125.jpg 187w, https:\/\/www.prestigemag.co\/wp-content\/uploads\/2017\/05\/IMG_0699-100x67.jpg 100w\" data-lazy-sizes=\"(max-width: 787px) 100vw, 787px\" \/><noscript><img width=\"787\" height=\"525\" class=\"aligncenter size-full wp-image-12690\" src=\"http:\/\/www.prestigemag.co\/wp-content\/uploads\/2017\/05\/IMG_0699.jpg\" alt=\"\" srcset=\"https:\/\/www.prestigemag.co\/wp-content\/uploads\/2017\/05\/IMG_0699.jpg 787w, https:\/\/www.prestigemag.co\/wp-content\/uploads\/2017\/05\/IMG_0699-300x200.jpg 300w, https:\/\/www.prestigemag.co\/wp-content\/uploads\/2017\/05\/IMG_0699-768x512.jpg 768w, https:\/\/www.prestigemag.co\/wp-content\/uploads\/2017\/05\/IMG_0699-150x100.jpg 150w, https:\/\/www.prestigemag.co\/wp-content\/uploads\/2017\/05\/IMG_0699-562x375.jpg 562w, https:\/\/www.prestigemag.co\/wp-content\/uploads\/2017\/05\/IMG_0699-187x125.jpg 187w, https:\/\/www.prestigemag.co\/wp-content\/uploads\/2017\/05\/IMG_0699-100x67.jpg 100w\" sizes=\"(max-width: 787px) 100vw, 787px\" \/><\/noscript><\/a><\/p>\n<p>&nbsp;<\/p>\n<p>&nbsp;<\/p>\n","protected":false},"excerpt":{"rendered":"<p><em>Fair Trade Lebanon a c\u00e9l\u00e9br\u00e9 la Journ\u00e9e Mondiale du Commerce Equitable pour la 6\u00e8me ann\u00e9e cons\u00e9cutive le dimanche 21 Mai 2017 au Couvent de Saint Georges \u00e0 Roumiyeh.<\/em><\/p>\n","protected":false},"author":3,"featured_media":21599,"comment_status":"closed","ping_status":"closed","sticky":false,"template":"","format":"standard","meta":[],"categories":[13340,13333],"tags":[],"yoast_head":"<!-- This site is optimized with the Yoast SEO plugin v19.4 - https:\/\/yoast.com\/wordpress\/plugins\/seo\/ -->\n<title>Journ\u00e9e Mondiale du Commerce Equitable - Prestige Magazine<\/title>\n<meta name=\"description\" content=\"Fair Trade Lebanon a c\u00e9l\u00e9br\u00e9 la Journ\u00e9e Mondiale du Commerce Equitable pour la 6\u00e8me ann\u00e9e cons\u00e9cutive le dimanche 21 Mai 2017 au Couvent de Saint Georges \u00e0 Roumiyeh.\" \/>\n<meta name=\"robots\" content=\"index, follow, max-snippet:-1, max-image-preview:large, max-video-preview:-1\" \/>\n<link rel=\"canonical\" href=\"https:\/\/www.prestigemag.co\/fr\/2017\/05\/journee-mondiale-du-commerce-equitable\/\" \/>\n<meta property=\"og:locale\" content=\"fr_FR\" \/>\n<meta property=\"og:type\" content=\"article\" \/>\n<meta property=\"og:title\" content=\"Journ\u00e9e Mondiale du Commerce Equitable - Prestige Magazine\" \/>\n<meta property=\"og:description\" content=\"Fair Trade Lebanon a c\u00e9l\u00e9br\u00e9 la Journ\u00e9e Mondiale du Commerce Equitable pour la 6\u00e8me ann\u00e9e cons\u00e9cutive le dimanche 21 Mai 2017 au Couvent de Saint Georges \u00e0 Roumiyeh.\" \/>\n<meta property=\"og:url\" content=\"https:\/\/www.prestigemag.co\/fr\/2017\/05\/journee-mondiale-du-commerce-equitable\/\" \/>\n<meta property=\"og:site_name\" content=\"Prestige Magazine\" \/>\n<meta property=\"article:publisher\" content=\"https:\/\/www.facebook.com\/prestigemag.co\/\" \/>\n<meta property=\"article:published_time\" content=\"2017-05-26T14:15:44+00:00\" \/>\n<meta property=\"og:image\" content=\"https:\/\/www.prestigemag.co\/wp-content\/uploads\/2017\/05\/WFT.jpg\" \/>\n\t<meta property=\"og:image:width\" content=\"1500\" \/>\n\t<meta property=\"og:image:height\" content=\"525\" \/>\n\t<meta property=\"og:image:type\" content=\"image\/jpeg\" \/>\n<meta name=\"author\" content=\"prestige\" \/>\n<meta name=\"twitter:card\" content=\"summary\" \/>\n<meta name=\"twitter:label1\" content=\"\u00c9crit par\" \/>\n\t<meta name=\"twitter:data1\" content=\"prestige\" \/>\n\t<meta name=\"twitter:label2\" content=\"Dur\u00e9e de lecture estim\u00e9e\" \/>\n\t<meta name=\"twitter:data2\" content=\"2 minutes\" \/>\n<script type=\"application\/ld+json\" class=\"yoast-schema-graph\">{\"@context\":\"https:\/\/schema.org\",\"@graph\":[{\"@type\":\"Organization\",\"@id\":\"https:\/\/www.prestigemag.co\/#organization\",\"name\":\"Prestige\",\"url\":\"https:\/\/www.prestigemag.co\/\",\"sameAs\":[\"https:\/\/www.instagram.com\/prestige.mag\/\",\"https:\/\/www.facebook.com\/prestigemag.co\/\"],\"logo\":{\"@type\":\"ImageObject\",\"inLanguage\":\"fr-FR\",\"@id\":\"https:\/\/www.prestigemag.co\/#\/schema\/logo\/image\/\",\"url\":\"https:\/\/www.prestigemag.co\/wp-content\/uploads\/2021\/11\/logo-Prestige-800x200-1.png\",\"contentUrl\":\"https:\/\/www.prestigemag.co\/wp-content\/uploads\/2021\/11\/logo-Prestige-800x200-1.png\",\"width\":800,\"height\":200,\"caption\":\"Prestige\"},\"image\":{\"@id\":\"https:\/\/www.prestigemag.co\/#\/schema\/logo\/image\/\"}},{\"@type\":\"WebSite\",\"@id\":\"https:\/\/www.prestigemag.co\/#website\",\"url\":\"https:\/\/www.prestigemag.co\/\",\"name\":\"Prestige Magazine\",\"description\":\"Le Monde Des C\u00e9l\u00e9brit\u00e9s\",\"publisher\":{\"@id\":\"https:\/\/www.prestigemag.co\/#organization\"},\"potentialAction\":[{\"@type\":\"SearchAction\",\"target\":{\"@type\":\"EntryPoint\",\"urlTemplate\":\"https:\/\/www.prestigemag.co\/?s={search_term_string}\"},\"query-input\":\"required name=search_term_string\"}],\"inLanguage\":\"fr-FR\"},{\"@type\":\"WebPage\",\"@id\":\"https:\/\/www.prestigemag.co\/fr\/2017\/05\/journee-mondiale-du-commerce-equitable\/\",\"url\":\"https:\/\/www.prestigemag.co\/fr\/2017\/05\/journee-mondiale-du-commerce-equitable\/\",\"name\":\"Journ\u00e9e Mondiale du Commerce Equitable - Prestige Magazine\",\"isPartOf\":{\"@id\":\"https:\/\/www.prestigemag.co\/#website\"},\"datePublished\":\"2017-05-26T14:15:44+00:00\",\"dateModified\":\"2017-05-26T14:15:44+00:00\",\"description\":\"Fair Trade Lebanon a c\u00e9l\u00e9br\u00e9 la Journ\u00e9e Mondiale du Commerce Equitable pour la 6\u00e8me ann\u00e9e cons\u00e9cutive le dimanche 21 Mai 2017 au Couvent de Saint Georges \u00e0 Roumiyeh.\",\"breadcrumb\":{\"@id\":\"https:\/\/www.prestigemag.co\/fr\/2017\/05\/journee-mondiale-du-commerce-equitable\/#breadcrumb\"},\"inLanguage\":\"fr-FR\",\"potentialAction\":[{\"@type\":\"ReadAction\",\"target\":[\"https:\/\/www.prestigemag.co\/fr\/2017\/05\/journee-mondiale-du-commerce-equitable\/\"]}]},{\"@type\":\"BreadcrumbList\",\"@id\":\"https:\/\/www.prestigemag.co\/fr\/2017\/05\/journee-mondiale-du-commerce-equitable\/#breadcrumb\",\"itemListElement\":[{\"@type\":\"ListItem\",\"position\":1,\"name\":\"Home\",\"item\":\"https:\/\/www.prestigemag.co\/fr\/\"},{\"@type\":\"ListItem\",\"position\":2,\"name\":\"Journ\u00e9e Mondiale du Commerce Equitable\"}]},{\"@type\":\"Article\",\"@id\":\"https:\/\/www.prestigemag.co\/fr\/2017\/05\/journee-mondiale-du-commerce-equitable\/#article\",\"isPartOf\":{\"@id\":\"https:\/\/www.prestigemag.co\/fr\/2017\/05\/journee-mondiale-du-commerce-equitable\/\"},\"author\":{\"name\":\"prestige\",\"@id\":\"https:\/\/www.prestigemag.co\/#\/schema\/person\/e3f149368970128d68bb2d797bf30fbc\"},\"headline\":\"Journ\u00e9e Mondiale du Commerce Equitable\",\"datePublished\":\"2017-05-26T14:15:44+00:00\",\"dateModified\":\"2017-05-26T14:15:44+00:00\",\"mainEntityOfPage\":{\"@id\":\"https:\/\/www.prestigemag.co\/fr\/2017\/05\/journee-mondiale-du-commerce-equitable\/\"},\"wordCount\":497,\"publisher\":{\"@id\":\"https:\/\/www.prestigemag.co\/#organization\"},\"articleSection\":[\"D\u00e9jeuner\",\"\u00c9v\u00e9nements\"],\"inLanguage\":\"fr-FR\"},{\"@type\":\"Person\",\"@id\":\"https:\/\/www.prestigemag.co\/#\/schema\/person\/e3f149368970128d68bb2d797bf30fbc\",\"name\":\"prestige\",\"image\":{\"@type\":\"ImageObject\",\"inLanguage\":\"fr-FR\",\"@id\":\"https:\/\/www.prestigemag.co\/#\/schema\/person\/image\/\",\"url\":\"https:\/\/secure.gravatar.com\/avatar\/0aa2dff5484d35e50578639a2c3ccef9?s=96&d=mm&r=g\",\"contentUrl\":\"https:\/\/secure.gravatar.com\/avatar\/0aa2dff5484d35e50578639a2c3ccef9?s=96&d=mm&r=g\",\"caption\":\"prestige\"},\"url\":\"https:\/\/www.prestigemag.co\/fr\/author\/prestige\/\"}]}<\/script>\n<!-- \/ Yoast SEO plugin. -->","yoast_head_json":{"title":"Journ\u00e9e Mondiale du Commerce Equitable - Prestige Magazine","description":"Fair Trade Lebanon a c\u00e9l\u00e9br\u00e9 la Journ\u00e9e Mondiale du Commerce Equitable pour la 6\u00e8me ann\u00e9e cons\u00e9cutive le dimanche 21 Mai 2017 au Couvent de Saint Georges \u00e0 Roumiyeh.","robots":{"index":"index","follow":"follow","max-snippet":"max-snippet:-1","max-image-preview":"max-image-preview:large","max-video-preview":"max-video-preview:-1"},"canonical":"https:\/\/www.prestigemag.co\/fr\/2017\/05\/journee-mondiale-du-commerce-equitable\/","og_locale":"fr_FR","og_type":"article","og_title":"Journ\u00e9e Mondiale du Commerce Equitable - Prestige Magazine","og_description":"Fair Trade Lebanon a c\u00e9l\u00e9br\u00e9 la Journ\u00e9e Mondiale du Commerce Equitable pour la 6\u00e8me ann\u00e9e cons\u00e9cutive le dimanche 21 Mai 2017 au Couvent de Saint Georges \u00e0 Roumiyeh.","og_url":"https:\/\/www.prestigemag.co\/fr\/2017\/05\/journee-mondiale-du-commerce-equitable\/","og_site_name":"Prestige Magazine","article_publisher":"https:\/\/www.facebook.com\/prestigemag.co\/","article_published_time":"2017-05-26T14:15:44+00:00","og_image":[{"width":1500,"height":525,"url":"https:\/\/www.prestigemag.co\/wp-content\/uploads\/2017\/05\/WFT.jpg","type":"image\/jpeg"}],"author":"prestige","twitter_card":"summary","twitter_misc":{"\u00c9crit par":"prestige","Dur\u00e9e de lecture estim\u00e9e":"2 minutes"},"schema":{"@context":"https:\/\/schema.org","@graph":[{"@type":"Organization","@id":"https:\/\/www.prestigemag.co\/#organization","name":"Prestige","url":"https:\/\/www.prestigemag.co\/","sameAs":["https:\/\/www.instagram.com\/prestige.mag\/","https:\/\/www.facebook.com\/prestigemag.co\/"],"logo":{"@type":"ImageObject","inLanguage":"fr-FR","@id":"https:\/\/www.prestigemag.co\/#\/schema\/logo\/image\/","url":"https:\/\/www.prestigemag.co\/wp-content\/uploads\/2021\/11\/logo-Prestige-800x200-1.png","contentUrl":"https:\/\/www.prestigemag.co\/wp-content\/uploads\/2021\/11\/logo-Prestige-800x200-1.png","width":800,"height":200,"caption":"Prestige"},"image":{"@id":"https:\/\/www.prestigemag.co\/#\/schema\/logo\/image\/"}},{"@type":"WebSite","@id":"https:\/\/www.prestigemag.co\/#website","url":"https:\/\/www.prestigemag.co\/","name":"Prestige Magazine","description":"Le Monde Des C\u00e9l\u00e9brit\u00e9s","publisher":{"@id":"https:\/\/www.prestigemag.co\/#organization"},"potentialAction":[{"@type":"SearchAction","target":{"@type":"EntryPoint","urlTemplate":"https:\/\/www.prestigemag.co\/?s={search_term_string}"},"query-input":"required name=search_term_string"}],"inLanguage":"fr-FR"},{"@type":"WebPage","@id":"https:\/\/www.prestigemag.co\/fr\/2017\/05\/journee-mondiale-du-commerce-equitable\/","url":"https:\/\/www.prestigemag.co\/fr\/2017\/05\/journee-mondiale-du-commerce-equitable\/","name":"Journ\u00e9e Mondiale du Commerce Equitable - Prestige Magazine","isPartOf":{"@id":"https:\/\/www.prestigemag.co\/#website"},"datePublished":"2017-05-26T14:15:44+00:00","dateModified":"2017-05-26T14:15:44+00:00","description":"Fair Trade Lebanon a c\u00e9l\u00e9br\u00e9 la Journ\u00e9e Mondiale du Commerce Equitable pour la 6\u00e8me ann\u00e9e cons\u00e9cutive le dimanche 21 Mai 2017 au Couvent de Saint Georges \u00e0 Roumiyeh.","breadcrumb":{"@id":"https:\/\/www.prestigemag.co\/fr\/2017\/05\/journee-mondiale-du-commerce-equitable\/#breadcrumb"},"inLanguage":"fr-FR","potentialAction":[{"@type":"ReadAction","target":["https:\/\/www.prestigemag.co\/fr\/2017\/05\/journee-mondiale-du-commerce-equitable\/"]}]},{"@type":"BreadcrumbList","@id":"https:\/\/www.prestigemag.co\/fr\/2017\/05\/journee-mondiale-du-commerce-equitable\/#breadcrumb","itemListElement":[{"@type":"ListItem","position":1,"name":"Home","item":"https:\/\/www.prestigemag.co\/fr\/"},{"@type":"ListItem","position":2,"name":"Journ\u00e9e Mondiale du Commerce Equitable"}]},{"@type":"Article","@id":"https:\/\/www.prestigemag.co\/fr\/2017\/05\/journee-mondiale-du-commerce-equitable\/#article","isPartOf":{"@id":"https:\/\/www.prestigemag.co\/fr\/2017\/05\/journee-mondiale-du-commerce-equitable\/"},"author":{"name":"prestige","@id":"https:\/\/www.prestigemag.co\/#\/schema\/person\/e3f149368970128d68bb2d797bf30fbc"},"headline":"Journ\u00e9e Mondiale du Commerce Equitable","datePublished":"2017-05-26T14:15:44+00:00","dateModified":"2017-05-26T14:15:44+00:00","mainEntityOfPage":{"@id":"https:\/\/www.prestigemag.co\/fr\/2017\/05\/journee-mondiale-du-commerce-equitable\/"},"wordCount":497,"publisher":{"@id":"https:\/\/www.prestigemag.co\/#organization"},"articleSection":["D\u00e9jeuner","\u00c9v\u00e9nements"],"inLanguage":"fr-FR"},{"@type":"Person","@id":"https:\/\/www.prestigemag.co\/#\/schema\/person\/e3f149368970128d68bb2d797bf30fbc","name":"prestige","image":{"@type":"ImageObject","inLanguage":"fr-FR","@id":"https:\/\/www.prestigemag.co\/#\/schema\/person\/image\/","url":"https:\/\/secure.gravatar.com\/avatar\/0aa2dff5484d35e50578639a2c3ccef9?s=96&d=mm&r=g","contentUrl":"https:\/\/secure.gravatar.com\/avatar\/0aa2dff5484d35e50578639a2c3ccef9?s=96&d=mm&r=g","caption":"prestige"},"url":"https:\/\/www.prestigemag.co\/fr\/author\/prestige\/"}]}},"_links":{"self":[{"href":"https:\/\/www.prestigemag.co\/fr\/wp-json\/wp\/v2\/posts\/21598"}],"collection":[{"href":"https:\/\/www.prestigemag.co\/fr\/wp-json\/wp\/v2\/posts"}],"about":[{"href":"https:\/\/www.prestigemag.co\/fr\/wp-json\/wp\/v2\/types\/post"}],"author":[{"embeddable":true,"href":"https:\/\/www.prestigemag.co\/fr\/wp-json\/wp\/v2\/users\/3"}],"replies":[{"embeddable":true,"href":"https:\/\/www.prestigemag.co\/fr\/wp-json\/wp\/v2\/comments?post=21598"}],"version-history":[{"count":0,"href":"https:\/\/www.prestigemag.co\/fr\/wp-json\/wp\/v2\/posts\/21598\/revisions"}],"wp:featuredmedia":[{"embeddable":true,"href":"https:\/\/www.prestigemag.co\/fr\/wp-json\/wp\/v2\/media\/21599"}],"wp:attachment":[{"href":"https:\/\/www.prestigemag.co\/fr\/wp-json\/wp\/v2\/media?parent=21598"}],"wp:term":[{"taxonomy":"category","embeddable":true,"href":"https:\/\/www.prestigemag.co\/fr\/wp-json\/wp\/v2\/categories?post=21598"},{"taxonomy":"post_tag","embeddable":true,"href":"https:\/\/www.prestigemag.co\/fr\/wp-json\/wp\/v2\/tags?post=21598"}],"curies":[{"name":"wp","href":"https:\/\/api.w.org\/{rel}","templated":true}]}}