{"id":21601,"date":"2017-05-29T13:38:43","date_gmt":"2017-05-29T13:38:43","guid":{"rendered":"http:\/\/www.prestigemag.co\/2017\/05\/ceremonie-de-cloture-du-festival-de-cannes\/"},"modified":"2017-05-29T13:38:43","modified_gmt":"2017-05-29T13:38:43","slug":"ceremonie-de-cloture-du-festival-de-cannes","status":"publish","type":"post","link":"https:\/\/www.prestigemag.co\/fr\/2017\/05\/ceremonie-de-cloture-du-festival-de-cannes\/","title":{"rendered":"C\u00e9r\u00e9monie de cl\u00f4ture du Festival de Cannes"},"content":{"rendered":"<p>Le Festival de Cannes a cl\u00f4tur\u00e9 sa 70\u00e8 \u00e9dition le 28 mai, le public a pu c\u00f4toyer tout au long des douze jours les plus grands acteurs et cin\u00e9astes sur le tapis rouge. En plus de la valeur cin\u00e9matographique de ce Festival, c\u2019est l\u2019occasion de voir la mode dernier cri \u00e0 travers les robes et costumes \u00e9l\u00e9gants port\u00e9s par les c\u00e9l\u00e9brit\u00e9s. Notre s\u00e9lection de la c\u00e9r\u00e9monie de cl\u00f4ture avec le palmar\u00e8s de ce 70\u00e8 festival.<\/p>\n<p>&nbsp;<\/p>\n<p>&nbsp;<\/p>\n<figure id=\"attachment_12693\" aria-describedby=\"caption-attachment-12693\" style=\"width: 1024px\" class=\"wp-caption aligncenter\"><a href=\"http:\/\/www.prestigemag.co\/wp-content\/uploads\/2017\/05\/Chanel-2.jpg\"><img src=\"data:image\/svg+xml,%3Csvg%20xmlns='http:\/\/www.w3.org\/2000\/svg'%20viewBox='0%200%201024%20441'%3E%3C\/svg%3E\" class=\"zeen-lazy-load-base zeen-lazy-load wp-image-12693 size-large\" data-lazy-src=\"http:\/\/www.prestigemag.co\/wp-content\/uploads\/2017\/05\/Chanel-2-1024x441.jpg\" alt=\"\" width=\"1024\" height=\"441\" data-lazy-srcset=\"https:\/\/www.prestigemag.co\/wp-content\/uploads\/2017\/05\/Chanel-2-1024x441.jpg 1024w, https:\/\/www.prestigemag.co\/wp-content\/uploads\/2017\/05\/Chanel-2-300x129.jpg 300w, https:\/\/www.prestigemag.co\/wp-content\/uploads\/2017\/05\/Chanel-2-770x332.jpg 770w, https:\/\/www.prestigemag.co\/wp-content\/uploads\/2017\/05\/Chanel-2-293x126.jpg 293w, https:\/\/www.prestigemag.co\/wp-content\/uploads\/2017\/05\/Chanel-2-1400x603.jpg 1400w, https:\/\/www.prestigemag.co\/wp-content\/uploads\/2017\/05\/Chanel-2-390x168.jpg 390w, https:\/\/www.prestigemag.co\/wp-content\/uploads\/2017\/05\/Chanel-2-768x331.jpg 768w, https:\/\/www.prestigemag.co\/wp-content\/uploads\/2017\/05\/Chanel-2-150x65.jpg 150w, https:\/\/www.prestigemag.co\/wp-content\/uploads\/2017\/05\/Chanel-2-600x258.jpg 600w, https:\/\/www.prestigemag.co\/wp-content\/uploads\/2017\/05\/Chanel-2-291x125.jpg 291w, https:\/\/www.prestigemag.co\/wp-content\/uploads\/2017\/05\/Chanel-2-156x67.jpg 156w, https:\/\/www.prestigemag.co\/wp-content\/uploads\/2017\/05\/Chanel-2.jpg 1423w\" data-lazy-sizes=\"(max-width: 1024px) 100vw, 1024px\" \/><figcaption id=\"caption-attachment-12693\" class=\"wp-caption-text\"><noscript><img class=\"wp-image-12693 size-large\" src=\"http:\/\/www.prestigemag.co\/wp-content\/uploads\/2017\/05\/Chanel-2-1024x441.jpg\" alt=\"\" width=\"1024\" height=\"441\" srcset=\"https:\/\/www.prestigemag.co\/wp-content\/uploads\/2017\/05\/Chanel-2-1024x441.jpg 1024w, https:\/\/www.prestigemag.co\/wp-content\/uploads\/2017\/05\/Chanel-2-300x129.jpg 300w, https:\/\/www.prestigemag.co\/wp-content\/uploads\/2017\/05\/Chanel-2-770x332.jpg 770w, https:\/\/www.prestigemag.co\/wp-content\/uploads\/2017\/05\/Chanel-2-293x126.jpg 293w, https:\/\/www.prestigemag.co\/wp-content\/uploads\/2017\/05\/Chanel-2-1400x603.jpg 1400w, https:\/\/www.prestigemag.co\/wp-content\/uploads\/2017\/05\/Chanel-2-390x168.jpg 390w, https:\/\/www.prestigemag.co\/wp-content\/uploads\/2017\/05\/Chanel-2-768x331.jpg 768w, https:\/\/www.prestigemag.co\/wp-content\/uploads\/2017\/05\/Chanel-2-150x65.jpg 150w, https:\/\/www.prestigemag.co\/wp-content\/uploads\/2017\/05\/Chanel-2-600x258.jpg 600w, https:\/\/www.prestigemag.co\/wp-content\/uploads\/2017\/05\/Chanel-2-291x125.jpg 291w, https:\/\/www.prestigemag.co\/wp-content\/uploads\/2017\/05\/Chanel-2-156x67.jpg 156w, https:\/\/www.prestigemag.co\/wp-content\/uploads\/2017\/05\/Chanel-2.jpg 1423w\" sizes=\"(max-width: 1024px) 100vw, 1024px\" \/><\/noscript><\/a> \u00a9 Chanel<\/figcaption><\/figure>\n<p>1- Ekaterina Samsonov portait Chanel au photocall et Premi\u00e8re de\u00a0\u00abYou were never really here\u00bb le 27 mai au Festival de Cannes. L&rsquo;actrice russe, qui joue dans le film, portait une robe rose avec des broderies, look 81, de la collection Cruise 2016\/17 et des chaussures Chanel.<\/p>\n<p>2- Le mannequin russe Valery Kaufman portait une robe rose en soie, look 13, de la collection Pr\u00eat-\u00e0-Porter automne-Hiver 2016\/17 et des chaussures Chanel au d\u00eener de l&rsquo;Amfar.<\/p>\n<p>3- Le mannequin russe Sasha Luss, assise \u00e0 la table Chanel, portait une robe noire en tulle avec une tunique brod\u00e9e, look 59, de la Collection Haute Couture Automne Hiver 2015\/16 au gala de l&rsquo;Amfar.<\/p>\n<p>&nbsp;<\/p>\n<p>&nbsp;<\/p>\n<figure style=\"width: 1024px\" class=\"wp-caption aligncenter\"><a href=\"http:\/\/www.prestigemag.co\/wp-content\/uploads\/2017\/05\/Chopard-5.jpg\"><img src=\"data:image\/svg+xml,%3Csvg%20xmlns='http:\/\/www.w3.org\/2000\/svg'%20viewBox='0%200%201024%20492'%3E%3C\/svg%3E\" class=\"zeen-lazy-load-base zeen-lazy-load wp-image-12694 size-large\" data-lazy-src=\"http:\/\/www.prestigemag.co\/wp-content\/uploads\/2017\/05\/Chopard-5-1024x492.jpg\" alt=\"\" width=\"1024\" height=\"492\" data-lazy-srcset=\"https:\/\/www.prestigemag.co\/wp-content\/uploads\/2017\/05\/Chopard-5-1024x492.jpg 1024w, https:\/\/www.prestigemag.co\/wp-content\/uploads\/2017\/05\/Chopard-5-300x144.jpg 300w, https:\/\/www.prestigemag.co\/wp-content\/uploads\/2017\/05\/Chopard-5-768x369.jpg 768w, https:\/\/www.prestigemag.co\/wp-content\/uploads\/2017\/05\/Chopard-5-150x72.jpg 150w, https:\/\/www.prestigemag.co\/wp-content\/uploads\/2017\/05\/Chopard-5-600x289.jpg 600w, https:\/\/www.prestigemag.co\/wp-content\/uploads\/2017\/05\/Chopard-5-260x125.jpg 260w, https:\/\/www.prestigemag.co\/wp-content\/uploads\/2017\/05\/Chopard-5-139x67.jpg 139w, https:\/\/www.prestigemag.co\/wp-content\/uploads\/2017\/05\/Chopard-5.jpg 1890w\" data-lazy-sizes=\"(max-width: 1024px) 100vw, 1024px\" \/><figcaption class=\"wp-caption-text\"><noscript><img class=\"wp-image-12694 size-large\" src=\"http:\/\/www.prestigemag.co\/wp-content\/uploads\/2017\/05\/Chopard-5-1024x492.jpg\" alt=\"\" width=\"1024\" height=\"492\" srcset=\"https:\/\/www.prestigemag.co\/wp-content\/uploads\/2017\/05\/Chopard-5-1024x492.jpg 1024w, https:\/\/www.prestigemag.co\/wp-content\/uploads\/2017\/05\/Chopard-5-300x144.jpg 300w, https:\/\/www.prestigemag.co\/wp-content\/uploads\/2017\/05\/Chopard-5-768x369.jpg 768w, https:\/\/www.prestigemag.co\/wp-content\/uploads\/2017\/05\/Chopard-5-150x72.jpg 150w, https:\/\/www.prestigemag.co\/wp-content\/uploads\/2017\/05\/Chopard-5-600x289.jpg 600w, https:\/\/www.prestigemag.co\/wp-content\/uploads\/2017\/05\/Chopard-5-260x125.jpg 260w, https:\/\/www.prestigemag.co\/wp-content\/uploads\/2017\/05\/Chopard-5-139x67.jpg 139w, https:\/\/www.prestigemag.co\/wp-content\/uploads\/2017\/05\/Chopard-5.jpg 1890w\" sizes=\"(max-width: 1024px) 100vw, 1024px\" \/><\/noscript><\/a> \u00a9 Chopard<\/figcaption><\/figure>\n<p>&nbsp;<\/p>\n<p>1- Diane Kruger au photocall des laur\u00e9ats le 28 Mai en Chopard.<\/p>\n<p>2- Juliette Binoche \u00e0 la c\u00e9r\u00e9monie de cl\u00f4ture du 70\u00e8 Festival de Cannes le 28 mai portant des bijoux Chopard.<\/p>\n<p>3-Mariam Odemba\u00a0\u00e0 la c\u00e9r\u00e9monie de cl\u00f4ture du 70\u00e8 Festival de Cannes le 28 mai portant des bijoux Chopard.<\/p>\n<p>&nbsp;<\/p>\n<p>&nbsp;<\/p>\n<figure id=\"attachment_12695\" aria-describedby=\"caption-attachment-12695\" style=\"width: 1024px\" class=\"wp-caption aligncenter\"><a href=\"http:\/\/www.prestigemag.co\/wp-content\/uploads\/2017\/05\/Untitled-1-19.jpg\"><img src=\"data:image\/svg+xml,%3Csvg%20xmlns='http:\/\/www.w3.org\/2000\/svg'%20viewBox='0%200%201024%20511'%3E%3C\/svg%3E\" class=\"zeen-lazy-load-base zeen-lazy-load wp-image-12695 size-large\" data-lazy-src=\"http:\/\/www.prestigemag.co\/wp-content\/uploads\/2017\/05\/Untitled-1-19-1024x511.jpg\" alt=\"\" width=\"1024\" height=\"511\" data-lazy-srcset=\"https:\/\/www.prestigemag.co\/wp-content\/uploads\/2017\/05\/Untitled-1-19-1024x511.jpg 1024w, https:\/\/www.prestigemag.co\/wp-content\/uploads\/2017\/05\/Untitled-1-19-300x150.jpg 300w, https:\/\/www.prestigemag.co\/wp-content\/uploads\/2017\/05\/Untitled-1-19-768x383.jpg 768w, https:\/\/www.prestigemag.co\/wp-content\/uploads\/2017\/05\/Untitled-1-19-150x75.jpg 150w, https:\/\/www.prestigemag.co\/wp-content\/uploads\/2017\/05\/Untitled-1-19-600x299.jpg 600w, https:\/\/www.prestigemag.co\/wp-content\/uploads\/2017\/05\/Untitled-1-19-251x125.jpg 251w, https:\/\/www.prestigemag.co\/wp-content\/uploads\/2017\/05\/Untitled-1-19-134x67.jpg 134w, https:\/\/www.prestigemag.co\/wp-content\/uploads\/2017\/05\/Untitled-1-19.jpg 1881w\" data-lazy-sizes=\"(max-width: 1024px) 100vw, 1024px\" \/><figcaption id=\"caption-attachment-12695\" class=\"wp-caption-text\"><noscript><img class=\"wp-image-12695 size-large\" src=\"http:\/\/www.prestigemag.co\/wp-content\/uploads\/2017\/05\/Untitled-1-19-1024x511.jpg\" alt=\"\" width=\"1024\" height=\"511\" srcset=\"https:\/\/www.prestigemag.co\/wp-content\/uploads\/2017\/05\/Untitled-1-19-1024x511.jpg 1024w, https:\/\/www.prestigemag.co\/wp-content\/uploads\/2017\/05\/Untitled-1-19-300x150.jpg 300w, https:\/\/www.prestigemag.co\/wp-content\/uploads\/2017\/05\/Untitled-1-19-768x383.jpg 768w, https:\/\/www.prestigemag.co\/wp-content\/uploads\/2017\/05\/Untitled-1-19-150x75.jpg 150w, https:\/\/www.prestigemag.co\/wp-content\/uploads\/2017\/05\/Untitled-1-19-600x299.jpg 600w, https:\/\/www.prestigemag.co\/wp-content\/uploads\/2017\/05\/Untitled-1-19-251x125.jpg 251w, https:\/\/www.prestigemag.co\/wp-content\/uploads\/2017\/05\/Untitled-1-19-134x67.jpg 134w, https:\/\/www.prestigemag.co\/wp-content\/uploads\/2017\/05\/Untitled-1-19.jpg 1881w\" sizes=\"(max-width: 1024px) 100vw, 1024px\" \/><\/noscript><\/a> \u00a9 Getty Images<\/figcaption><\/figure>\n<p>1- Marina Hands est maquill\u00e9e par Dior.<\/p>\n<p>2- Rooney Marais est habill\u00e9e par Dior. Elle portait une robe Dior en soie blanche avec des broderies.<\/p>\n<p>3- Numan Acar est habill\u00e9 par Dior Homme pour la c\u00e9r\u00e9monie de cl\u00f4ture, il portait un costume noir en laine et soie.<\/p>\n<p>&nbsp;<\/p>\n<p>&nbsp;<\/p>\n<p>Harry Winston fait partie des Sponsors du gala de l&rsquo;Amfar \u00e0 Cannes<\/p>\n<figure id=\"attachment_12696\" aria-describedby=\"caption-attachment-12696\" style=\"width: 1024px\" class=\"wp-caption aligncenter\"><a href=\"http:\/\/www.prestigemag.co\/wp-content\/uploads\/2017\/05\/Harry-Winston-2.jpg\"><img src=\"data:image\/svg+xml,%3Csvg%20xmlns='http:\/\/www.w3.org\/2000\/svg'%20viewBox='0%200%201024%20512'%3E%3C\/svg%3E\" class=\"zeen-lazy-load-base zeen-lazy-load wp-image-12696 size-large\" data-lazy-src=\"http:\/\/www.prestigemag.co\/wp-content\/uploads\/2017\/05\/Harry-Winston-2-1024x512.jpg\" alt=\"\" width=\"1024\" height=\"512\" data-lazy-srcset=\"https:\/\/www.prestigemag.co\/wp-content\/uploads\/2017\/05\/Harry-Winston-2-1024x512.jpg 1024w, https:\/\/www.prestigemag.co\/wp-content\/uploads\/2017\/05\/Harry-Winston-2-300x150.jpg 300w, https:\/\/www.prestigemag.co\/wp-content\/uploads\/2017\/05\/Harry-Winston-2-768x384.jpg 768w, https:\/\/www.prestigemag.co\/wp-content\/uploads\/2017\/05\/Harry-Winston-2-150x75.jpg 150w, https:\/\/www.prestigemag.co\/wp-content\/uploads\/2017\/05\/Harry-Winston-2-600x300.jpg 600w, https:\/\/www.prestigemag.co\/wp-content\/uploads\/2017\/05\/Harry-Winston-2-250x125.jpg 250w, https:\/\/www.prestigemag.co\/wp-content\/uploads\/2017\/05\/Harry-Winston-2-134x67.jpg 134w, https:\/\/www.prestigemag.co\/wp-content\/uploads\/2017\/05\/Harry-Winston-2.jpg 1890w\" data-lazy-sizes=\"(max-width: 1024px) 100vw, 1024px\" \/><figcaption id=\"caption-attachment-12696\" class=\"wp-caption-text\"><noscript><img class=\"wp-image-12696 size-large\" src=\"http:\/\/www.prestigemag.co\/wp-content\/uploads\/2017\/05\/Harry-Winston-2-1024x512.jpg\" alt=\"\" width=\"1024\" height=\"512\" srcset=\"https:\/\/www.prestigemag.co\/wp-content\/uploads\/2017\/05\/Harry-Winston-2-1024x512.jpg 1024w, https:\/\/www.prestigemag.co\/wp-content\/uploads\/2017\/05\/Harry-Winston-2-300x150.jpg 300w, https:\/\/www.prestigemag.co\/wp-content\/uploads\/2017\/05\/Harry-Winston-2-768x384.jpg 768w, https:\/\/www.prestigemag.co\/wp-content\/uploads\/2017\/05\/Harry-Winston-2-150x75.jpg 150w, https:\/\/www.prestigemag.co\/wp-content\/uploads\/2017\/05\/Harry-Winston-2-600x300.jpg 600w, https:\/\/www.prestigemag.co\/wp-content\/uploads\/2017\/05\/Harry-Winston-2-250x125.jpg 250w, https:\/\/www.prestigemag.co\/wp-content\/uploads\/2017\/05\/Harry-Winston-2-134x67.jpg 134w, https:\/\/www.prestigemag.co\/wp-content\/uploads\/2017\/05\/Harry-Winston-2.jpg 1890w\" sizes=\"(max-width: 1024px) 100vw, 1024px\" \/><\/noscript><\/a> \u00a9 Getty Images for Harry Winston<\/figcaption><\/figure>\n<p>1- Nicole Kidman a rehauss\u00e9 son look par des bijoux Harry Winston, elle portait des boucles d&rsquo;oreilles arrondies avec des diamants et un bracelet en diamants.<\/p>\n<p>2&amp;3 Durant le gala de l&rsquo;Amfar dont le but est de collecter des fonds pour l&rsquo;organisation, qui sensibilise sur le sida, les mannequins d\u00e9filent avec des bijoux Harry Winston.<\/p>\n<p>&nbsp;<\/p>\n<p>&nbsp;<\/p>\n<figure id=\"attachment_12698\" aria-describedby=\"caption-attachment-12698\" style=\"width: 1024px\" class=\"wp-caption aligncenter\"><a href=\"http:\/\/www.prestigemag.co\/wp-content\/uploads\/2017\/05\/De-gRISOGON.jpg\"><img src=\"data:image\/svg+xml,%3Csvg%20xmlns='http:\/\/www.w3.org\/2000\/svg'%20viewBox='0%200%201024%20512'%3E%3C\/svg%3E\" class=\"zeen-lazy-load-base zeen-lazy-load wp-image-12698 size-large\" data-lazy-src=\"http:\/\/www.prestigemag.co\/wp-content\/uploads\/2017\/05\/De-gRISOGON-1024x512.jpg\" alt=\"\" width=\"1024\" height=\"512\" data-lazy-srcset=\"https:\/\/www.prestigemag.co\/wp-content\/uploads\/2017\/05\/De-gRISOGON-1024x512.jpg 1024w, https:\/\/www.prestigemag.co\/wp-content\/uploads\/2017\/05\/De-gRISOGON-300x150.jpg 300w, https:\/\/www.prestigemag.co\/wp-content\/uploads\/2017\/05\/De-gRISOGON-768x384.jpg 768w, https:\/\/www.prestigemag.co\/wp-content\/uploads\/2017\/05\/De-gRISOGON-150x75.jpg 150w, https:\/\/www.prestigemag.co\/wp-content\/uploads\/2017\/05\/De-gRISOGON-600x300.jpg 600w, https:\/\/www.prestigemag.co\/wp-content\/uploads\/2017\/05\/De-gRISOGON-250x125.jpg 250w, https:\/\/www.prestigemag.co\/wp-content\/uploads\/2017\/05\/De-gRISOGON-134x67.jpg 134w, https:\/\/www.prestigemag.co\/wp-content\/uploads\/2017\/05\/De-gRISOGON.jpg 1890w\" data-lazy-sizes=\"(max-width: 1024px) 100vw, 1024px\" \/><figcaption id=\"caption-attachment-12698\" class=\"wp-caption-text\"><noscript><img class=\"wp-image-12698 size-large\" src=\"http:\/\/www.prestigemag.co\/wp-content\/uploads\/2017\/05\/De-gRISOGON-1024x512.jpg\" alt=\"\" width=\"1024\" height=\"512\" srcset=\"https:\/\/www.prestigemag.co\/wp-content\/uploads\/2017\/05\/De-gRISOGON-1024x512.jpg 1024w, https:\/\/www.prestigemag.co\/wp-content\/uploads\/2017\/05\/De-gRISOGON-300x150.jpg 300w, https:\/\/www.prestigemag.co\/wp-content\/uploads\/2017\/05\/De-gRISOGON-768x384.jpg 768w, https:\/\/www.prestigemag.co\/wp-content\/uploads\/2017\/05\/De-gRISOGON-150x75.jpg 150w, https:\/\/www.prestigemag.co\/wp-content\/uploads\/2017\/05\/De-gRISOGON-600x300.jpg 600w, https:\/\/www.prestigemag.co\/wp-content\/uploads\/2017\/05\/De-gRISOGON-250x125.jpg 250w, https:\/\/www.prestigemag.co\/wp-content\/uploads\/2017\/05\/De-gRISOGON-134x67.jpg 134w, https:\/\/www.prestigemag.co\/wp-content\/uploads\/2017\/05\/De-gRISOGON.jpg 1890w\" sizes=\"(max-width: 1024px) 100vw, 1024px\" \/><\/noscript><\/a> \u00a9 De Grisogono<\/figcaption><\/figure>\n<p>1- Le mannequin Su\u00e9dois a opt\u00e9 pour une paire de boucles d&rsquo;oreilles de la collection High Jewelry en or blanc avec des diamants, avec une bague dans la m\u00eame collection en or blanc avec des diamants, tanzanites et saphirs.<\/p>\n<p>2- Raya Abi Rached \u00e9tait resplendissante avec une paire de boucles d&rsquo;oreilles De Grisogono.<\/p>\n<p>3- Rita Ora et Fawaz Gruosi durant le 70\u00e8 anniversaire du Festival de Cannes. Rita Ora portait De Grisogono.<\/p>\n<p>&nbsp;<\/p>\n<p>&nbsp;<\/p>\n<figure id=\"attachment_12701\" aria-describedby=\"caption-attachment-12701\" style=\"width: 1024px\" class=\"wp-caption aligncenter\"><a href=\"http:\/\/www.prestigemag.co\/wp-content\/uploads\/2017\/05\/Zuhair-Murad.jpg\"><img src=\"data:image\/svg+xml,%3Csvg%20xmlns='http:\/\/www.w3.org\/2000\/svg'%20viewBox='0%200%201024%20517'%3E%3C\/svg%3E\" class=\"zeen-lazy-load-base zeen-lazy-load wp-image-12701 size-large\" data-lazy-src=\"http:\/\/www.prestigemag.co\/wp-content\/uploads\/2017\/05\/Zuhair-Murad-1024x517.jpg\" alt=\"\" width=\"1024\" height=\"517\" data-lazy-srcset=\"https:\/\/www.prestigemag.co\/wp-content\/uploads\/2017\/05\/Zuhair-Murad-1024x517.jpg 1024w, https:\/\/www.prestigemag.co\/wp-content\/uploads\/2017\/05\/Zuhair-Murad-300x152.jpg 300w, https:\/\/www.prestigemag.co\/wp-content\/uploads\/2017\/05\/Zuhair-Murad-768x388.jpg 768w, https:\/\/www.prestigemag.co\/wp-content\/uploads\/2017\/05\/Zuhair-Murad-150x76.jpg 150w, https:\/\/www.prestigemag.co\/wp-content\/uploads\/2017\/05\/Zuhair-Murad-600x303.jpg 600w, https:\/\/www.prestigemag.co\/wp-content\/uploads\/2017\/05\/Zuhair-Murad-247x125.jpg 247w, https:\/\/www.prestigemag.co\/wp-content\/uploads\/2017\/05\/Zuhair-Murad-133x67.jpg 133w, https:\/\/www.prestigemag.co\/wp-content\/uploads\/2017\/05\/Zuhair-Murad.jpg 1870w\" data-lazy-sizes=\"(max-width: 1024px) 100vw, 1024px\" \/><figcaption id=\"caption-attachment-12701\" class=\"wp-caption-text\"><noscript><img class=\"wp-image-12701 size-large\" src=\"http:\/\/www.prestigemag.co\/wp-content\/uploads\/2017\/05\/Zuhair-Murad-1024x517.jpg\" alt=\"\" width=\"1024\" height=\"517\" srcset=\"https:\/\/www.prestigemag.co\/wp-content\/uploads\/2017\/05\/Zuhair-Murad-1024x517.jpg 1024w, https:\/\/www.prestigemag.co\/wp-content\/uploads\/2017\/05\/Zuhair-Murad-300x152.jpg 300w, https:\/\/www.prestigemag.co\/wp-content\/uploads\/2017\/05\/Zuhair-Murad-768x388.jpg 768w, https:\/\/www.prestigemag.co\/wp-content\/uploads\/2017\/05\/Zuhair-Murad-150x76.jpg 150w, https:\/\/www.prestigemag.co\/wp-content\/uploads\/2017\/05\/Zuhair-Murad-600x303.jpg 600w, https:\/\/www.prestigemag.co\/wp-content\/uploads\/2017\/05\/Zuhair-Murad-247x125.jpg 247w, https:\/\/www.prestigemag.co\/wp-content\/uploads\/2017\/05\/Zuhair-Murad-133x67.jpg 133w, https:\/\/www.prestigemag.co\/wp-content\/uploads\/2017\/05\/Zuhair-Murad.jpg 1870w\" sizes=\"(max-width: 1024px) 100vw, 1024px\" \/><\/noscript><\/a> \u00a9 Zuhair Murad<\/figcaption><\/figure>\n<p>1- Pour le gala de l&rsquo;Amfar, le Supermodel Jasmine Tookes a fait tourner les t\u00eates sur le tapis rouge. Elle portait une longue robe de soir\u00e9e noire de la collection Pr\u00eat-\u00e0-Porter automne 2017 de Zuhair Murad.<\/p>\n<p>2- Izabel Goulart portait une robe Zuhair Murad sur mesure, au 24\u00e8 gala de l&rsquo;Amfar durant le Festival de Cannes.<\/p>\n<p>3-Lara Lieto avait l&rsquo;air magnifique sur le tapis rouge dans une robe noire enti\u00e8rement perl\u00e9e de cristaux noirs avec des d\u00e9coupes sur les \u00e9paules et un col haut, orn\u00e9e de paillettes de la collection COUTURE Zuhair Murad Automne- Hiver 2016\/2017.<\/p>\n<p>&nbsp;<\/p>\n<p>Apr\u00e8s douze jours de comp\u00e9tition, le jury a r\u00e9v\u00e9l\u00e9 le nom des acteurs et films prim\u00e9s. La c\u00e9r\u00e9monie de cl\u00f4ture a r\u00e9compens\u00e9 des cr\u00e9ations tr\u00e8s vari\u00e9es. Ci-dessous la liste des gagants.<\/p>\n<p>&nbsp;<\/p>\n<p><strong>Longs M\u00e9trages<\/strong><\/p>\n<p><strong>Palme d&rsquo;or:<\/strong> The Square de Ruben\u00a0\u00d6stlund.<\/p>\n<p><strong>Prix du 70\u00e8 anniversaire<\/strong>: Nicole Kidman<\/p>\n<p><strong>Grand Prix:<\/strong>\u00a0\u00ab120 Battements par minute\u00bb de Robin Campillo.<\/p>\n<p><strong>Prix de la mise en sc\u00e8ne:\u00a0<\/strong>Sofia Coppola pour\u00a0\u00abLes Proies\u00bb<\/p>\n<p><strong>Prix du sc\u00e9nario<\/strong>\u00a0<strong>ex\u00a0\u00e6quo:\u00a0<\/strong>\u00abMise \u00e0 mort du Cerf sacr\u00e9\u00bb de Yorgos Lanthimos et\u00a0\u00abYou were never really here\u00bb de Lynne Ramsay.<\/p>\n<p><strong>Prix d&rsquo;interpr\u00e9tation f\u00e9minine:<\/strong> Diane Kruger dans\u00a0\u00abIn the fade\u00bb de Fatih Akin<\/p>\n<p><strong>Prix du jury:\u00a0<\/strong>\u00abNelyubov\u00bb (faute d&rsquo;amour) de Korn\u00e9l Zvyagintsev.<\/p>\n<p><strong>Prix d&rsquo;interpr\u00e9tation masculine:<\/strong>\u00a0Joaquin Phoenix for\u00a0\u00abYou were never really here\u00bb de Lynne Ramsay.<\/p>\n<p><strong>Cam\u00e9ra d&rsquo;or<\/strong>:\u00a0\u00abJeune Femme\u00bb de L\u00e9onor S\u00e9raille<\/p>\n<p><strong>Palme d&rsquo;or du court m\u00e9trage:\u00ab<\/strong>Xiao Cheng Er Yue\u00bb (Une nuit douce) de Qiu Yang.<\/p>\n<p>&nbsp;<\/p>\n","protected":false},"excerpt":{"rendered":"<p><em>The 70th edition of Cannes Film Festival was closed on May 28, the public has been able to see during twelve days the greatest actors and filmmakers on the red carpet.<\/em> <\/p>\n","protected":false},"author":3,"featured_media":21602,"comment_status":"closed","ping_status":"closed","sticky":false,"template":"","format":"standard","meta":[],"categories":[13364,13346],"tags":[],"yoast_head":"<!-- This site is optimized with the Yoast SEO plugin v19.4 - https:\/\/yoast.com\/wordpress\/plugins\/seo\/ -->\n<title>C\u00e9r\u00e9monie de cl\u00f4ture du Festival de Cannes - Prestige Magazine<\/title>\n<meta name=\"description\" content=\"The 70th edition of Cannes Film Festival was closed on May 28, the public has been able to see during twelve days the greatest actors and filmmakers on the red carpet.\" \/>\n<meta name=\"robots\" content=\"index, follow, max-snippet:-1, max-image-preview:large, max-video-preview:-1\" \/>\n<link rel=\"canonical\" href=\"https:\/\/www.prestigemag.co\/fr\/2017\/05\/ceremonie-de-cloture-du-festival-de-cannes\/\" \/>\n<meta property=\"og:locale\" content=\"fr_FR\" \/>\n<meta property=\"og:type\" content=\"article\" \/>\n<meta property=\"og:title\" content=\"C\u00e9r\u00e9monie de cl\u00f4ture du Festival de Cannes - Prestige Magazine\" \/>\n<meta property=\"og:description\" content=\"The 70th edition of Cannes Film Festival was closed on May 28, the public has been able to see during twelve days the greatest actors and filmmakers on the red carpet.\" \/>\n<meta property=\"og:url\" content=\"https:\/\/www.prestigemag.co\/fr\/2017\/05\/ceremonie-de-cloture-du-festival-de-cannes\/\" \/>\n<meta property=\"og:site_name\" content=\"Prestige Magazine\" \/>\n<meta property=\"article:publisher\" content=\"https:\/\/www.facebook.com\/prestigemag.co\/\" \/>\n<meta property=\"article:published_time\" content=\"2017-05-29T13:38:43+00:00\" \/>\n<meta property=\"og:image\" content=\"https:\/\/www.prestigemag.co\/wp-content\/uploads\/2017\/05\/Chanel-2.jpg\" \/>\n\t<meta property=\"og:image:width\" content=\"1423\" \/>\n\t<meta property=\"og:image:height\" content=\"613\" \/>\n\t<meta property=\"og:image:type\" content=\"image\/jpeg\" \/>\n<meta name=\"author\" content=\"prestige\" \/>\n<meta name=\"twitter:card\" content=\"summary\" \/>\n<meta name=\"twitter:label1\" content=\"\u00c9crit par\" \/>\n\t<meta name=\"twitter:data1\" content=\"prestige\" \/>\n\t<meta name=\"twitter:label2\" content=\"Dur\u00e9e de lecture estim\u00e9e\" \/>\n\t<meta name=\"twitter:data2\" content=\"4 minutes\" \/>\n<script type=\"application\/ld+json\" class=\"yoast-schema-graph\">{\"@context\":\"https:\/\/schema.org\",\"@graph\":[{\"@type\":\"Organization\",\"@id\":\"https:\/\/www.prestigemag.co\/#organization\",\"name\":\"Prestige\",\"url\":\"https:\/\/www.prestigemag.co\/\",\"sameAs\":[\"https:\/\/www.instagram.com\/prestige.mag\/\",\"https:\/\/www.facebook.com\/prestigemag.co\/\"],\"logo\":{\"@type\":\"ImageObject\",\"inLanguage\":\"fr-FR\",\"@id\":\"https:\/\/www.prestigemag.co\/#\/schema\/logo\/image\/\",\"url\":\"https:\/\/www.prestigemag.co\/wp-content\/uploads\/2021\/11\/logo-Prestige-800x200-1.png\",\"contentUrl\":\"https:\/\/www.prestigemag.co\/wp-content\/uploads\/2021\/11\/logo-Prestige-800x200-1.png\",\"width\":800,\"height\":200,\"caption\":\"Prestige\"},\"image\":{\"@id\":\"https:\/\/www.prestigemag.co\/#\/schema\/logo\/image\/\"}},{\"@type\":\"WebSite\",\"@id\":\"https:\/\/www.prestigemag.co\/#website\",\"url\":\"https:\/\/www.prestigemag.co\/\",\"name\":\"Prestige Magazine\",\"description\":\"Le Monde Des C\u00e9l\u00e9brit\u00e9s\",\"publisher\":{\"@id\":\"https:\/\/www.prestigemag.co\/#organization\"},\"potentialAction\":[{\"@type\":\"SearchAction\",\"target\":{\"@type\":\"EntryPoint\",\"urlTemplate\":\"https:\/\/www.prestigemag.co\/?s={search_term_string}\"},\"query-input\":\"required name=search_term_string\"}],\"inLanguage\":\"fr-FR\"},{\"@type\":\"WebPage\",\"@id\":\"https:\/\/www.prestigemag.co\/fr\/2017\/05\/ceremonie-de-cloture-du-festival-de-cannes\/\",\"url\":\"https:\/\/www.prestigemag.co\/fr\/2017\/05\/ceremonie-de-cloture-du-festival-de-cannes\/\",\"name\":\"C\u00e9r\u00e9monie de cl\u00f4ture du Festival de Cannes - Prestige Magazine\",\"isPartOf\":{\"@id\":\"https:\/\/www.prestigemag.co\/#website\"},\"datePublished\":\"2017-05-29T13:38:43+00:00\",\"dateModified\":\"2017-05-29T13:38:43+00:00\",\"description\":\"The 70th edition of Cannes Film Festival was closed on May 28, the public has been able to see during twelve days the greatest actors and filmmakers on the red carpet.\",\"breadcrumb\":{\"@id\":\"https:\/\/www.prestigemag.co\/fr\/2017\/05\/ceremonie-de-cloture-du-festival-de-cannes\/#breadcrumb\"},\"inLanguage\":\"fr-FR\",\"potentialAction\":[{\"@type\":\"ReadAction\",\"target\":[\"https:\/\/www.prestigemag.co\/fr\/2017\/05\/ceremonie-de-cloture-du-festival-de-cannes\/\"]}]},{\"@type\":\"BreadcrumbList\",\"@id\":\"https:\/\/www.prestigemag.co\/fr\/2017\/05\/ceremonie-de-cloture-du-festival-de-cannes\/#breadcrumb\",\"itemListElement\":[{\"@type\":\"ListItem\",\"position\":1,\"name\":\"Home\",\"item\":\"https:\/\/www.prestigemag.co\/fr\/\"},{\"@type\":\"ListItem\",\"position\":2,\"name\":\"C\u00e9r\u00e9monie de cl\u00f4ture du Festival de Cannes\"}]},{\"@type\":\"Article\",\"@id\":\"https:\/\/www.prestigemag.co\/fr\/2017\/05\/ceremonie-de-cloture-du-festival-de-cannes\/#article\",\"isPartOf\":{\"@id\":\"https:\/\/www.prestigemag.co\/fr\/2017\/05\/ceremonie-de-cloture-du-festival-de-cannes\/\"},\"author\":{\"name\":\"prestige\",\"@id\":\"https:\/\/www.prestigemag.co\/#\/schema\/person\/e3f149368970128d68bb2d797bf30fbc\"},\"headline\":\"C\u00e9r\u00e9monie de cl\u00f4ture du Festival de Cannes\",\"datePublished\":\"2017-05-29T13:38:43+00:00\",\"dateModified\":\"2017-05-29T13:38:43+00:00\",\"mainEntityOfPage\":{\"@id\":\"https:\/\/www.prestigemag.co\/fr\/2017\/05\/ceremonie-de-cloture-du-festival-de-cannes\/\"},\"wordCount\":784,\"publisher\":{\"@id\":\"https:\/\/www.prestigemag.co\/#organization\"},\"articleSection\":[\"C\u00e9l\u00e9brit\u00e9s &amp; Tapis Rouge\",\"Mode\"],\"inLanguage\":\"fr-FR\"},{\"@type\":\"Person\",\"@id\":\"https:\/\/www.prestigemag.co\/#\/schema\/person\/e3f149368970128d68bb2d797bf30fbc\",\"name\":\"prestige\",\"image\":{\"@type\":\"ImageObject\",\"inLanguage\":\"fr-FR\",\"@id\":\"https:\/\/www.prestigemag.co\/#\/schema\/person\/image\/\",\"url\":\"https:\/\/secure.gravatar.com\/avatar\/0aa2dff5484d35e50578639a2c3ccef9?s=96&d=mm&r=g\",\"contentUrl\":\"https:\/\/secure.gravatar.com\/avatar\/0aa2dff5484d35e50578639a2c3ccef9?s=96&d=mm&r=g\",\"caption\":\"prestige\"},\"url\":\"https:\/\/www.prestigemag.co\/fr\/author\/prestige\/\"}]}<\/script>\n<!-- \/ Yoast SEO plugin. -->","yoast_head_json":{"title":"C\u00e9r\u00e9monie de cl\u00f4ture du Festival de Cannes - Prestige Magazine","description":"The 70th edition of Cannes Film Festival was closed on May 28, the public has been able to see during twelve days the greatest actors and filmmakers on the red carpet.","robots":{"index":"index","follow":"follow","max-snippet":"max-snippet:-1","max-image-preview":"max-image-preview:large","max-video-preview":"max-video-preview:-1"},"canonical":"https:\/\/www.prestigemag.co\/fr\/2017\/05\/ceremonie-de-cloture-du-festival-de-cannes\/","og_locale":"fr_FR","og_type":"article","og_title":"C\u00e9r\u00e9monie de cl\u00f4ture du Festival de Cannes - Prestige Magazine","og_description":"The 70th edition of Cannes Film Festival was closed on May 28, the public has been able to see during twelve days the greatest actors and filmmakers on the red carpet.","og_url":"https:\/\/www.prestigemag.co\/fr\/2017\/05\/ceremonie-de-cloture-du-festival-de-cannes\/","og_site_name":"Prestige Magazine","article_publisher":"https:\/\/www.facebook.com\/prestigemag.co\/","article_published_time":"2017-05-29T13:38:43+00:00","og_image":[{"width":1423,"height":613,"url":"https:\/\/www.prestigemag.co\/wp-content\/uploads\/2017\/05\/Chanel-2.jpg","type":"image\/jpeg"}],"author":"prestige","twitter_card":"summary","twitter_misc":{"\u00c9crit par":"prestige","Dur\u00e9e de lecture estim\u00e9e":"4 minutes"},"schema":{"@context":"https:\/\/schema.org","@graph":[{"@type":"Organization","@id":"https:\/\/www.prestigemag.co\/#organization","name":"Prestige","url":"https:\/\/www.prestigemag.co\/","sameAs":["https:\/\/www.instagram.com\/prestige.mag\/","https:\/\/www.facebook.com\/prestigemag.co\/"],"logo":{"@type":"ImageObject","inLanguage":"fr-FR","@id":"https:\/\/www.prestigemag.co\/#\/schema\/logo\/image\/","url":"https:\/\/www.prestigemag.co\/wp-content\/uploads\/2021\/11\/logo-Prestige-800x200-1.png","contentUrl":"https:\/\/www.prestigemag.co\/wp-content\/uploads\/2021\/11\/logo-Prestige-800x200-1.png","width":800,"height":200,"caption":"Prestige"},"image":{"@id":"https:\/\/www.prestigemag.co\/#\/schema\/logo\/image\/"}},{"@type":"WebSite","@id":"https:\/\/www.prestigemag.co\/#website","url":"https:\/\/www.prestigemag.co\/","name":"Prestige Magazine","description":"Le Monde Des C\u00e9l\u00e9brit\u00e9s","publisher":{"@id":"https:\/\/www.prestigemag.co\/#organization"},"potentialAction":[{"@type":"SearchAction","target":{"@type":"EntryPoint","urlTemplate":"https:\/\/www.prestigemag.co\/?s={search_term_string}"},"query-input":"required name=search_term_string"}],"inLanguage":"fr-FR"},{"@type":"WebPage","@id":"https:\/\/www.prestigemag.co\/fr\/2017\/05\/ceremonie-de-cloture-du-festival-de-cannes\/","url":"https:\/\/www.prestigemag.co\/fr\/2017\/05\/ceremonie-de-cloture-du-festival-de-cannes\/","name":"C\u00e9r\u00e9monie de cl\u00f4ture du Festival de Cannes - Prestige Magazine","isPartOf":{"@id":"https:\/\/www.prestigemag.co\/#website"},"datePublished":"2017-05-29T13:38:43+00:00","dateModified":"2017-05-29T13:38:43+00:00","description":"The 70th edition of Cannes Film Festival was closed on May 28, the public has been able to see during twelve days the greatest actors and filmmakers on the red carpet.","breadcrumb":{"@id":"https:\/\/www.prestigemag.co\/fr\/2017\/05\/ceremonie-de-cloture-du-festival-de-cannes\/#breadcrumb"},"inLanguage":"fr-FR","potentialAction":[{"@type":"ReadAction","target":["https:\/\/www.prestigemag.co\/fr\/2017\/05\/ceremonie-de-cloture-du-festival-de-cannes\/"]}]},{"@type":"BreadcrumbList","@id":"https:\/\/www.prestigemag.co\/fr\/2017\/05\/ceremonie-de-cloture-du-festival-de-cannes\/#breadcrumb","itemListElement":[{"@type":"ListItem","position":1,"name":"Home","item":"https:\/\/www.prestigemag.co\/fr\/"},{"@type":"ListItem","position":2,"name":"C\u00e9r\u00e9monie de cl\u00f4ture du Festival de Cannes"}]},{"@type":"Article","@id":"https:\/\/www.prestigemag.co\/fr\/2017\/05\/ceremonie-de-cloture-du-festival-de-cannes\/#article","isPartOf":{"@id":"https:\/\/www.prestigemag.co\/fr\/2017\/05\/ceremonie-de-cloture-du-festival-de-cannes\/"},"author":{"name":"prestige","@id":"https:\/\/www.prestigemag.co\/#\/schema\/person\/e3f149368970128d68bb2d797bf30fbc"},"headline":"C\u00e9r\u00e9monie de cl\u00f4ture du Festival de Cannes","datePublished":"2017-05-29T13:38:43+00:00","dateModified":"2017-05-29T13:38:43+00:00","mainEntityOfPage":{"@id":"https:\/\/www.prestigemag.co\/fr\/2017\/05\/ceremonie-de-cloture-du-festival-de-cannes\/"},"wordCount":784,"publisher":{"@id":"https:\/\/www.prestigemag.co\/#organization"},"articleSection":["C\u00e9l\u00e9brit\u00e9s &amp; Tapis Rouge","Mode"],"inLanguage":"fr-FR"},{"@type":"Person","@id":"https:\/\/www.prestigemag.co\/#\/schema\/person\/e3f149368970128d68bb2d797bf30fbc","name":"prestige","image":{"@type":"ImageObject","inLanguage":"fr-FR","@id":"https:\/\/www.prestigemag.co\/#\/schema\/person\/image\/","url":"https:\/\/secure.gravatar.com\/avatar\/0aa2dff5484d35e50578639a2c3ccef9?s=96&d=mm&r=g","contentUrl":"https:\/\/secure.gravatar.com\/avatar\/0aa2dff5484d35e50578639a2c3ccef9?s=96&d=mm&r=g","caption":"prestige"},"url":"https:\/\/www.prestigemag.co\/fr\/author\/prestige\/"}]}},"_links":{"self":[{"href":"https:\/\/www.prestigemag.co\/fr\/wp-json\/wp\/v2\/posts\/21601"}],"collection":[{"href":"https:\/\/www.prestigemag.co\/fr\/wp-json\/wp\/v2\/posts"}],"about":[{"href":"https:\/\/www.prestigemag.co\/fr\/wp-json\/wp\/v2\/types\/post"}],"author":[{"embeddable":true,"href":"https:\/\/www.prestigemag.co\/fr\/wp-json\/wp\/v2\/users\/3"}],"replies":[{"embeddable":true,"href":"https:\/\/www.prestigemag.co\/fr\/wp-json\/wp\/v2\/comments?post=21601"}],"version-history":[{"count":0,"href":"https:\/\/www.prestigemag.co\/fr\/wp-json\/wp\/v2\/posts\/21601\/revisions"}],"wp:featuredmedia":[{"embeddable":true,"href":"https:\/\/www.prestigemag.co\/fr\/wp-json\/wp\/v2\/media\/21602"}],"wp:attachment":[{"href":"https:\/\/www.prestigemag.co\/fr\/wp-json\/wp\/v2\/media?parent=21601"}],"wp:term":[{"taxonomy":"category","embeddable":true,"href":"https:\/\/www.prestigemag.co\/fr\/wp-json\/wp\/v2\/categories?post=21601"},{"taxonomy":"post_tag","embeddable":true,"href":"https:\/\/www.prestigemag.co\/fr\/wp-json\/wp\/v2\/tags?post=21601"}],"curies":[{"name":"wp","href":"https:\/\/api.w.org\/{rel}","templated":true}]}}