{"id":21661,"date":"2017-07-03T08:48:16","date_gmt":"2017-07-03T08:48:16","guid":{"rendered":"http:\/\/www.prestigemag.co\/2017\/07\/hotel-le-gray-beyrouth-annonce-son-expansion\/"},"modified":"2017-07-03T08:48:16","modified_gmt":"2017-07-03T08:48:16","slug":"hotel-le-gray-beyrouth-annonce-son-expansion","status":"publish","type":"post","link":"https:\/\/www.prestigemag.co\/fr\/2017\/07\/hotel-le-gray-beyrouth-annonce-son-expansion\/","title":{"rendered":"H\u00f4tel Le Gray Beyrouth annonce son expansion"},"content":{"rendered":"<p><em>Prestige N\u00ba 284, Juin 2017<\/em><\/p>\n<p>&nbsp;<\/p>\n<figure id=\"attachment_12888\" aria-describedby=\"caption-attachment-12888\" style=\"width: 997px\" class=\"wp-caption aligncenter\"><a href=\"http:\/\/www.prestigemag.co\/wp-content\/uploads\/2017\/07\/Untitled-1.jpg\"><img src=\"data:image\/svg+xml,%3Csvg%20xmlns='http:\/\/www.w3.org\/2000\/svg'%20viewBox='0%200%20997%20396'%3E%3C\/svg%3E\" class=\"zeen-lazy-load-base zeen-lazy-load wp-image-12888 size-full\" data-lazy-src=\"http:\/\/www.prestigemag.co\/wp-content\/uploads\/2017\/07\/Untitled-1.jpg\" alt=\"\" width=\"997\" height=\"396\" data-lazy-srcset=\"https:\/\/www.prestigemag.co\/wp-content\/uploads\/2017\/07\/Untitled-1.jpg 997w, https:\/\/www.prestigemag.co\/wp-content\/uploads\/2017\/07\/Untitled-1-300x119.jpg 300w, https:\/\/www.prestigemag.co\/wp-content\/uploads\/2017\/07\/Untitled-1-770x306.jpg 770w, https:\/\/www.prestigemag.co\/wp-content\/uploads\/2017\/07\/Untitled-1-293x116.jpg 293w, https:\/\/www.prestigemag.co\/wp-content\/uploads\/2017\/07\/Untitled-1-390x155.jpg 390w, https:\/\/www.prestigemag.co\/wp-content\/uploads\/2017\/07\/Untitled-1-768x305.jpg 768w, https:\/\/www.prestigemag.co\/wp-content\/uploads\/2017\/07\/Untitled-1-150x60.jpg 150w, https:\/\/www.prestigemag.co\/wp-content\/uploads\/2017\/07\/Untitled-1-600x238.jpg 600w, https:\/\/www.prestigemag.co\/wp-content\/uploads\/2017\/07\/Untitled-1-291x116.jpg 291w, https:\/\/www.prestigemag.co\/wp-content\/uploads\/2017\/07\/Untitled-1-169x67.jpg 169w\" data-lazy-sizes=\"(max-width: 997px) 100vw, 997px\" \/><figcaption id=\"caption-attachment-12888\" class=\"wp-caption-text\"><noscript><img class=\"wp-image-12888 size-full\" src=\"http:\/\/www.prestigemag.co\/wp-content\/uploads\/2017\/07\/Untitled-1.jpg\" alt=\"\" width=\"997\" height=\"396\" srcset=\"https:\/\/www.prestigemag.co\/wp-content\/uploads\/2017\/07\/Untitled-1.jpg 997w, https:\/\/www.prestigemag.co\/wp-content\/uploads\/2017\/07\/Untitled-1-300x119.jpg 300w, https:\/\/www.prestigemag.co\/wp-content\/uploads\/2017\/07\/Untitled-1-770x306.jpg 770w, https:\/\/www.prestigemag.co\/wp-content\/uploads\/2017\/07\/Untitled-1-293x116.jpg 293w, https:\/\/www.prestigemag.co\/wp-content\/uploads\/2017\/07\/Untitled-1-390x155.jpg 390w, https:\/\/www.prestigemag.co\/wp-content\/uploads\/2017\/07\/Untitled-1-768x305.jpg 768w, https:\/\/www.prestigemag.co\/wp-content\/uploads\/2017\/07\/Untitled-1-150x60.jpg 150w, https:\/\/www.prestigemag.co\/wp-content\/uploads\/2017\/07\/Untitled-1-600x238.jpg 600w, https:\/\/www.prestigemag.co\/wp-content\/uploads\/2017\/07\/Untitled-1-291x116.jpg 291w, https:\/\/www.prestigemag.co\/wp-content\/uploads\/2017\/07\/Untitled-1-169x67.jpg 169w\" sizes=\"(max-width: 997px) 100vw, 997px\" \/><\/noscript><\/a> \u00a9 Archives Hotel Le Gray<\/figcaption><\/figure>\n<p>&nbsp;<\/p>\n<p>Lieu embl\u00e9matique du luxe europ\u00e9en, l\u2019h\u00f4tel Le Gray Beyrouth annonce son extension pour inclure des salles de conf\u00e9rence, un nouveau lobby, un mini cin\u00e9ma, un lieu d\u2019exposition d\u2019art ainsi qu\u2019un espace pour un welcome drink attenant \u00e0 une immense salle de f\u00eate, le Grand Salon, pouvant accueillir 300 personnes assises et 500 en cocktail d\u00eenatoire. Le projet a \u00e9t\u00e9 supervis\u00e9 par l\u2019architecte d\u2019int\u00e9rieur Galal Mahmoud en \u00e9troite collaboration avec Gordon Campbell Gray. Situ\u00e9 au c\u0153ur de Beyrouth, non loin du quartier des affaires, Le Gray, h\u00f4tel phare de Campbell Gray Hotels, compte d\u00e9sormais 103 chambres et suites, dont deux pr\u00e9sidentielles.<\/p>\n<p>&nbsp;<\/p>\n<p>&nbsp;<\/p>\n<figure id=\"attachment_12890\" aria-describedby=\"caption-attachment-12890\" style=\"width: 787px\" class=\"wp-caption aligncenter\"><a href=\"http:\/\/www.prestigemag.co\/wp-content\/uploads\/2017\/07\/BR2_HR-1.jpg\"><img src=\"data:image\/svg+xml,%3Csvg%20xmlns='http:\/\/www.w3.org\/2000\/svg'%20viewBox='0%200%20787%20525'%3E%3C\/svg%3E\" class=\"zeen-lazy-load-base zeen-lazy-load wp-image-12890 size-full\" data-lazy-src=\"http:\/\/www.prestigemag.co\/wp-content\/uploads\/2017\/07\/BR2_HR-1.jpg\" alt=\"\" width=\"787\" height=\"525\" data-lazy-srcset=\"https:\/\/www.prestigemag.co\/wp-content\/uploads\/2017\/07\/BR2_HR-1.jpg 787w, https:\/\/www.prestigemag.co\/wp-content\/uploads\/2017\/07\/BR2_HR-1-300x200.jpg 300w, https:\/\/www.prestigemag.co\/wp-content\/uploads\/2017\/07\/BR2_HR-1-768x512.jpg 768w, https:\/\/www.prestigemag.co\/wp-content\/uploads\/2017\/07\/BR2_HR-1-150x100.jpg 150w, https:\/\/www.prestigemag.co\/wp-content\/uploads\/2017\/07\/BR2_HR-1-562x375.jpg 562w, https:\/\/www.prestigemag.co\/wp-content\/uploads\/2017\/07\/BR2_HR-1-187x125.jpg 187w, https:\/\/www.prestigemag.co\/wp-content\/uploads\/2017\/07\/BR2_HR-1-100x67.jpg 100w\" data-lazy-sizes=\"(max-width: 787px) 100vw, 787px\" \/><figcaption id=\"caption-attachment-12890\" class=\"wp-caption-text\"><noscript><img class=\"wp-image-12890 size-full\" src=\"http:\/\/www.prestigemag.co\/wp-content\/uploads\/2017\/07\/BR2_HR-1.jpg\" alt=\"\" width=\"787\" height=\"525\" srcset=\"https:\/\/www.prestigemag.co\/wp-content\/uploads\/2017\/07\/BR2_HR-1.jpg 787w, https:\/\/www.prestigemag.co\/wp-content\/uploads\/2017\/07\/BR2_HR-1-300x200.jpg 300w, https:\/\/www.prestigemag.co\/wp-content\/uploads\/2017\/07\/BR2_HR-1-768x512.jpg 768w, https:\/\/www.prestigemag.co\/wp-content\/uploads\/2017\/07\/BR2_HR-1-150x100.jpg 150w, https:\/\/www.prestigemag.co\/wp-content\/uploads\/2017\/07\/BR2_HR-1-562x375.jpg 562w, https:\/\/www.prestigemag.co\/wp-content\/uploads\/2017\/07\/BR2_HR-1-187x125.jpg 187w, https:\/\/www.prestigemag.co\/wp-content\/uploads\/2017\/07\/BR2_HR-1-100x67.jpg 100w\" sizes=\"(max-width: 787px) 100vw, 787px\" \/><\/noscript><\/a> \u00a9 Archives Hotel Le Gray<\/figcaption><\/figure>\n<p>&nbsp;<\/p>\n<h3>Le plafond du Grand Salon,<\/h3>\n<h3>la nouvelle salle de banquet,<\/h3>\n<h3>attire par sa luminosit\u00e9<\/h3>\n<h3>et les d\u00e9tails artistiques et uniques.<\/h3>\n<p>&nbsp;<\/p>\n<figure id=\"attachment_12891\" aria-describedby=\"caption-attachment-12891\" style=\"width: 788px\" class=\"wp-caption aligncenter\"><a href=\"http:\/\/www.prestigemag.co\/wp-content\/uploads\/2017\/07\/MR1_HR.jpg\"><img src=\"data:image\/svg+xml,%3Csvg%20xmlns='http:\/\/www.w3.org\/2000\/svg'%20viewBox='0%200%20788%20525'%3E%3C\/svg%3E\" class=\"zeen-lazy-load-base zeen-lazy-load wp-image-12891 size-full\" data-lazy-src=\"http:\/\/www.prestigemag.co\/wp-content\/uploads\/2017\/07\/MR1_HR.jpg\" alt=\"\" width=\"788\" height=\"525\" data-lazy-srcset=\"https:\/\/www.prestigemag.co\/wp-content\/uploads\/2017\/07\/MR1_HR.jpg 788w, https:\/\/www.prestigemag.co\/wp-content\/uploads\/2017\/07\/MR1_HR-300x200.jpg 300w, https:\/\/www.prestigemag.co\/wp-content\/uploads\/2017\/07\/MR1_HR-768x512.jpg 768w, https:\/\/www.prestigemag.co\/wp-content\/uploads\/2017\/07\/MR1_HR-150x100.jpg 150w, https:\/\/www.prestigemag.co\/wp-content\/uploads\/2017\/07\/MR1_HR-563x375.jpg 563w, https:\/\/www.prestigemag.co\/wp-content\/uploads\/2017\/07\/MR1_HR-188x125.jpg 188w, https:\/\/www.prestigemag.co\/wp-content\/uploads\/2017\/07\/MR1_HR-101x67.jpg 101w\" data-lazy-sizes=\"(max-width: 788px) 100vw, 788px\" \/><figcaption id=\"caption-attachment-12891\" class=\"wp-caption-text\"><noscript><img class=\"wp-image-12891 size-full\" src=\"http:\/\/www.prestigemag.co\/wp-content\/uploads\/2017\/07\/MR1_HR.jpg\" alt=\"\" width=\"788\" height=\"525\" srcset=\"https:\/\/www.prestigemag.co\/wp-content\/uploads\/2017\/07\/MR1_HR.jpg 788w, https:\/\/www.prestigemag.co\/wp-content\/uploads\/2017\/07\/MR1_HR-300x200.jpg 300w, https:\/\/www.prestigemag.co\/wp-content\/uploads\/2017\/07\/MR1_HR-768x512.jpg 768w, https:\/\/www.prestigemag.co\/wp-content\/uploads\/2017\/07\/MR1_HR-150x100.jpg 150w, https:\/\/www.prestigemag.co\/wp-content\/uploads\/2017\/07\/MR1_HR-563x375.jpg 563w, https:\/\/www.prestigemag.co\/wp-content\/uploads\/2017\/07\/MR1_HR-188x125.jpg 188w, https:\/\/www.prestigemag.co\/wp-content\/uploads\/2017\/07\/MR1_HR-101x67.jpg 101w\" sizes=\"(max-width: 788px) 100vw, 788px\" \/><\/noscript><\/a> \u00a9 Archives Hotel Le Gray<\/figcaption><\/figure>\n<p>&nbsp;<\/p>\n<p>&nbsp;<\/p>\n<figure id=\"attachment_12892\" aria-describedby=\"caption-attachment-12892\" style=\"width: 787px\" class=\"wp-caption aligncenter\"><a href=\"http:\/\/www.prestigemag.co\/wp-content\/uploads\/2017\/07\/LB2_HR.jpg\"><img src=\"data:image\/svg+xml,%3Csvg%20xmlns='http:\/\/www.w3.org\/2000\/svg'%20viewBox='0%200%20787%20394'%3E%3C\/svg%3E\" class=\"zeen-lazy-load-base zeen-lazy-load wp-image-12892 size-full\" data-lazy-src=\"http:\/\/www.prestigemag.co\/wp-content\/uploads\/2017\/07\/LB2_HR.jpg\" alt=\"\" width=\"787\" height=\"394\" data-lazy-srcset=\"https:\/\/www.prestigemag.co\/wp-content\/uploads\/2017\/07\/LB2_HR.jpg 787w, https:\/\/www.prestigemag.co\/wp-content\/uploads\/2017\/07\/LB2_HR-300x150.jpg 300w, https:\/\/www.prestigemag.co\/wp-content\/uploads\/2017\/07\/LB2_HR-768x384.jpg 768w, https:\/\/www.prestigemag.co\/wp-content\/uploads\/2017\/07\/LB2_HR-150x75.jpg 150w, https:\/\/www.prestigemag.co\/wp-content\/uploads\/2017\/07\/LB2_HR-600x300.jpg 600w, https:\/\/www.prestigemag.co\/wp-content\/uploads\/2017\/07\/LB2_HR-250x125.jpg 250w, https:\/\/www.prestigemag.co\/wp-content\/uploads\/2017\/07\/LB2_HR-134x67.jpg 134w\" data-lazy-sizes=\"(max-width: 787px) 100vw, 787px\" \/><figcaption id=\"caption-attachment-12892\" class=\"wp-caption-text\"><noscript><img class=\"wp-image-12892 size-full\" src=\"http:\/\/www.prestigemag.co\/wp-content\/uploads\/2017\/07\/LB2_HR.jpg\" alt=\"\" width=\"787\" height=\"394\" srcset=\"https:\/\/www.prestigemag.co\/wp-content\/uploads\/2017\/07\/LB2_HR.jpg 787w, https:\/\/www.prestigemag.co\/wp-content\/uploads\/2017\/07\/LB2_HR-300x150.jpg 300w, https:\/\/www.prestigemag.co\/wp-content\/uploads\/2017\/07\/LB2_HR-768x384.jpg 768w, https:\/\/www.prestigemag.co\/wp-content\/uploads\/2017\/07\/LB2_HR-150x75.jpg 150w, https:\/\/www.prestigemag.co\/wp-content\/uploads\/2017\/07\/LB2_HR-600x300.jpg 600w, https:\/\/www.prestigemag.co\/wp-content\/uploads\/2017\/07\/LB2_HR-250x125.jpg 250w, https:\/\/www.prestigemag.co\/wp-content\/uploads\/2017\/07\/LB2_HR-134x67.jpg 134w\" sizes=\"(max-width: 787px) 100vw, 787px\" \/><\/noscript><\/a> \u00a9 Archives Hotel Le Gray<\/figcaption><\/figure>\n","protected":false},"excerpt":{"rendered":"<p><em>Prestige N\u00ba 284, Juin 2017<\/em><br \/>Lieu embl\u00e9matique du luxe europ\u00e9en, l\u2019h\u00f4tel Le Gray Beyrouth annonce son extension pour inclure des salles de conf\u00e9rence, un nouveau lobby, un mini cin\u00e9ma<\/p>\n","protected":false},"author":3,"featured_media":21662,"comment_status":"closed","ping_status":"closed","sticky":false,"template":"","format":"standard","meta":[],"categories":[13337,13348],"tags":[],"yoast_head":"<!-- This site is optimized with the Yoast SEO plugin v19.4 - https:\/\/yoast.com\/wordpress\/plugins\/seo\/ -->\n<title>H\u00f4tel Le Gray Beyrouth annonce son expansion - Prestige Magazine<\/title>\n<meta name=\"description\" content=\"Prestige N\u00ba 284, Juin 2017Lieu embl\u00e9matique du luxe europ\u00e9en, l\u2019h\u00f4tel Le Gray Beyrouth annonce son extension pour inclure des salles de conf\u00e9rence, un nouveau lobby, un mini cin\u00e9ma\" \/>\n<meta name=\"robots\" content=\"index, follow, max-snippet:-1, max-image-preview:large, max-video-preview:-1\" \/>\n<link rel=\"canonical\" href=\"https:\/\/www.prestigemag.co\/fr\/2017\/07\/hotel-le-gray-beyrouth-annonce-son-expansion\/\" \/>\n<meta property=\"og:locale\" content=\"fr_FR\" \/>\n<meta property=\"og:type\" content=\"article\" \/>\n<meta property=\"og:title\" content=\"H\u00f4tel Le Gray Beyrouth annonce son expansion - Prestige Magazine\" \/>\n<meta property=\"og:description\" content=\"Prestige N\u00ba 284, Juin 2017Lieu embl\u00e9matique du luxe europ\u00e9en, l\u2019h\u00f4tel Le Gray Beyrouth annonce son extension pour inclure des salles de conf\u00e9rence, un nouveau lobby, un mini cin\u00e9ma\" \/>\n<meta property=\"og:url\" content=\"https:\/\/www.prestigemag.co\/fr\/2017\/07\/hotel-le-gray-beyrouth-annonce-son-expansion\/\" \/>\n<meta property=\"og:site_name\" content=\"Prestige Magazine\" \/>\n<meta property=\"article:publisher\" content=\"https:\/\/www.facebook.com\/prestigemag.co\/\" \/>\n<meta property=\"article:published_time\" content=\"2017-07-03T08:48:16+00:00\" \/>\n<meta property=\"og:image\" content=\"https:\/\/www.prestigemag.co\/wp-content\/uploads\/2017\/07\/Untitled-1.jpg\" \/>\n\t<meta property=\"og:image:width\" content=\"997\" \/>\n\t<meta property=\"og:image:height\" content=\"396\" \/>\n\t<meta property=\"og:image:type\" content=\"image\/jpeg\" \/>\n<meta name=\"author\" content=\"prestige\" \/>\n<meta name=\"twitter:card\" content=\"summary\" \/>\n<meta name=\"twitter:label1\" content=\"\u00c9crit par\" \/>\n\t<meta name=\"twitter:data1\" content=\"prestige\" \/>\n\t<meta name=\"twitter:label2\" content=\"Dur\u00e9e de lecture estim\u00e9e\" \/>\n\t<meta name=\"twitter:data2\" content=\"1 minute\" \/>\n<script type=\"application\/ld+json\" class=\"yoast-schema-graph\">{\"@context\":\"https:\/\/schema.org\",\"@graph\":[{\"@type\":\"Organization\",\"@id\":\"https:\/\/www.prestigemag.co\/#organization\",\"name\":\"Prestige\",\"url\":\"https:\/\/www.prestigemag.co\/\",\"sameAs\":[\"https:\/\/www.instagram.com\/prestige.mag\/\",\"https:\/\/www.facebook.com\/prestigemag.co\/\"],\"logo\":{\"@type\":\"ImageObject\",\"inLanguage\":\"fr-FR\",\"@id\":\"https:\/\/www.prestigemag.co\/#\/schema\/logo\/image\/\",\"url\":\"https:\/\/www.prestigemag.co\/wp-content\/uploads\/2021\/11\/logo-Prestige-800x200-1.png\",\"contentUrl\":\"https:\/\/www.prestigemag.co\/wp-content\/uploads\/2021\/11\/logo-Prestige-800x200-1.png\",\"width\":800,\"height\":200,\"caption\":\"Prestige\"},\"image\":{\"@id\":\"https:\/\/www.prestigemag.co\/#\/schema\/logo\/image\/\"}},{\"@type\":\"WebSite\",\"@id\":\"https:\/\/www.prestigemag.co\/#website\",\"url\":\"https:\/\/www.prestigemag.co\/\",\"name\":\"Prestige Magazine\",\"description\":\"Le Monde Des C\u00e9l\u00e9brit\u00e9s\",\"publisher\":{\"@id\":\"https:\/\/www.prestigemag.co\/#organization\"},\"potentialAction\":[{\"@type\":\"SearchAction\",\"target\":{\"@type\":\"EntryPoint\",\"urlTemplate\":\"https:\/\/www.prestigemag.co\/?s={search_term_string}\"},\"query-input\":\"required name=search_term_string\"}],\"inLanguage\":\"fr-FR\"},{\"@type\":\"WebPage\",\"@id\":\"https:\/\/www.prestigemag.co\/fr\/2017\/07\/hotel-le-gray-beyrouth-annonce-son-expansion\/\",\"url\":\"https:\/\/www.prestigemag.co\/fr\/2017\/07\/hotel-le-gray-beyrouth-annonce-son-expansion\/\",\"name\":\"H\u00f4tel Le Gray Beyrouth annonce son expansion - Prestige Magazine\",\"isPartOf\":{\"@id\":\"https:\/\/www.prestigemag.co\/#website\"},\"datePublished\":\"2017-07-03T08:48:16+00:00\",\"dateModified\":\"2017-07-03T08:48:16+00:00\",\"description\":\"Prestige N\u00ba 284, Juin 2017Lieu embl\u00e9matique du luxe europ\u00e9en, l\u2019h\u00f4tel Le Gray Beyrouth annonce son extension pour inclure des salles de conf\u00e9rence, un nouveau lobby, un mini cin\u00e9ma\",\"breadcrumb\":{\"@id\":\"https:\/\/www.prestigemag.co\/fr\/2017\/07\/hotel-le-gray-beyrouth-annonce-son-expansion\/#breadcrumb\"},\"inLanguage\":\"fr-FR\",\"potentialAction\":[{\"@type\":\"ReadAction\",\"target\":[\"https:\/\/www.prestigemag.co\/fr\/2017\/07\/hotel-le-gray-beyrouth-annonce-son-expansion\/\"]}]},{\"@type\":\"BreadcrumbList\",\"@id\":\"https:\/\/www.prestigemag.co\/fr\/2017\/07\/hotel-le-gray-beyrouth-annonce-son-expansion\/#breadcrumb\",\"itemListElement\":[{\"@type\":\"ListItem\",\"position\":1,\"name\":\"Home\",\"item\":\"https:\/\/www.prestigemag.co\/fr\/\"},{\"@type\":\"ListItem\",\"position\":2,\"name\":\"H\u00f4tel Le Gray Beyrouth annonce son expansion\"}]},{\"@type\":\"Article\",\"@id\":\"https:\/\/www.prestigemag.co\/fr\/2017\/07\/hotel-le-gray-beyrouth-annonce-son-expansion\/#article\",\"isPartOf\":{\"@id\":\"https:\/\/www.prestigemag.co\/fr\/2017\/07\/hotel-le-gray-beyrouth-annonce-son-expansion\/\"},\"author\":{\"name\":\"prestige\",\"@id\":\"https:\/\/www.prestigemag.co\/#\/schema\/person\/e3f149368970128d68bb2d797bf30fbc\"},\"headline\":\"H\u00f4tel Le Gray Beyrouth annonce son expansion\",\"datePublished\":\"2017-07-03T08:48:16+00:00\",\"dateModified\":\"2017-07-03T08:48:16+00:00\",\"mainEntityOfPage\":{\"@id\":\"https:\/\/www.prestigemag.co\/fr\/2017\/07\/hotel-le-gray-beyrouth-annonce-son-expansion\/\"},\"wordCount\":198,\"publisher\":{\"@id\":\"https:\/\/www.prestigemag.co\/#organization\"},\"articleSection\":[\"Art de vivre\",\"Lifestyle\"],\"inLanguage\":\"fr-FR\"},{\"@type\":\"Person\",\"@id\":\"https:\/\/www.prestigemag.co\/#\/schema\/person\/e3f149368970128d68bb2d797bf30fbc\",\"name\":\"prestige\",\"image\":{\"@type\":\"ImageObject\",\"inLanguage\":\"fr-FR\",\"@id\":\"https:\/\/www.prestigemag.co\/#\/schema\/person\/image\/\",\"url\":\"https:\/\/secure.gravatar.com\/avatar\/0aa2dff5484d35e50578639a2c3ccef9?s=96&d=mm&r=g\",\"contentUrl\":\"https:\/\/secure.gravatar.com\/avatar\/0aa2dff5484d35e50578639a2c3ccef9?s=96&d=mm&r=g\",\"caption\":\"prestige\"},\"url\":\"https:\/\/www.prestigemag.co\/fr\/author\/prestige\/\"}]}<\/script>\n<!-- \/ Yoast SEO plugin. -->","yoast_head_json":{"title":"H\u00f4tel Le Gray Beyrouth annonce son expansion - Prestige Magazine","description":"Prestige N\u00ba 284, Juin 2017Lieu embl\u00e9matique du luxe europ\u00e9en, l\u2019h\u00f4tel Le Gray Beyrouth annonce son extension pour inclure des salles de conf\u00e9rence, un nouveau lobby, un mini cin\u00e9ma","robots":{"index":"index","follow":"follow","max-snippet":"max-snippet:-1","max-image-preview":"max-image-preview:large","max-video-preview":"max-video-preview:-1"},"canonical":"https:\/\/www.prestigemag.co\/fr\/2017\/07\/hotel-le-gray-beyrouth-annonce-son-expansion\/","og_locale":"fr_FR","og_type":"article","og_title":"H\u00f4tel Le Gray Beyrouth annonce son expansion - Prestige Magazine","og_description":"Prestige N\u00ba 284, Juin 2017Lieu embl\u00e9matique du luxe europ\u00e9en, l\u2019h\u00f4tel Le Gray Beyrouth annonce son extension pour inclure des salles de conf\u00e9rence, un nouveau lobby, un mini cin\u00e9ma","og_url":"https:\/\/www.prestigemag.co\/fr\/2017\/07\/hotel-le-gray-beyrouth-annonce-son-expansion\/","og_site_name":"Prestige Magazine","article_publisher":"https:\/\/www.facebook.com\/prestigemag.co\/","article_published_time":"2017-07-03T08:48:16+00:00","og_image":[{"width":997,"height":396,"url":"https:\/\/www.prestigemag.co\/wp-content\/uploads\/2017\/07\/Untitled-1.jpg","type":"image\/jpeg"}],"author":"prestige","twitter_card":"summary","twitter_misc":{"\u00c9crit par":"prestige","Dur\u00e9e de lecture estim\u00e9e":"1 minute"},"schema":{"@context":"https:\/\/schema.org","@graph":[{"@type":"Organization","@id":"https:\/\/www.prestigemag.co\/#organization","name":"Prestige","url":"https:\/\/www.prestigemag.co\/","sameAs":["https:\/\/www.instagram.com\/prestige.mag\/","https:\/\/www.facebook.com\/prestigemag.co\/"],"logo":{"@type":"ImageObject","inLanguage":"fr-FR","@id":"https:\/\/www.prestigemag.co\/#\/schema\/logo\/image\/","url":"https:\/\/www.prestigemag.co\/wp-content\/uploads\/2021\/11\/logo-Prestige-800x200-1.png","contentUrl":"https:\/\/www.prestigemag.co\/wp-content\/uploads\/2021\/11\/logo-Prestige-800x200-1.png","width":800,"height":200,"caption":"Prestige"},"image":{"@id":"https:\/\/www.prestigemag.co\/#\/schema\/logo\/image\/"}},{"@type":"WebSite","@id":"https:\/\/www.prestigemag.co\/#website","url":"https:\/\/www.prestigemag.co\/","name":"Prestige Magazine","description":"Le Monde Des C\u00e9l\u00e9brit\u00e9s","publisher":{"@id":"https:\/\/www.prestigemag.co\/#organization"},"potentialAction":[{"@type":"SearchAction","target":{"@type":"EntryPoint","urlTemplate":"https:\/\/www.prestigemag.co\/?s={search_term_string}"},"query-input":"required name=search_term_string"}],"inLanguage":"fr-FR"},{"@type":"WebPage","@id":"https:\/\/www.prestigemag.co\/fr\/2017\/07\/hotel-le-gray-beyrouth-annonce-son-expansion\/","url":"https:\/\/www.prestigemag.co\/fr\/2017\/07\/hotel-le-gray-beyrouth-annonce-son-expansion\/","name":"H\u00f4tel Le Gray Beyrouth annonce son expansion - Prestige Magazine","isPartOf":{"@id":"https:\/\/www.prestigemag.co\/#website"},"datePublished":"2017-07-03T08:48:16+00:00","dateModified":"2017-07-03T08:48:16+00:00","description":"Prestige N\u00ba 284, Juin 2017Lieu embl\u00e9matique du luxe europ\u00e9en, l\u2019h\u00f4tel Le Gray Beyrouth annonce son extension pour inclure des salles de conf\u00e9rence, un nouveau lobby, un mini cin\u00e9ma","breadcrumb":{"@id":"https:\/\/www.prestigemag.co\/fr\/2017\/07\/hotel-le-gray-beyrouth-annonce-son-expansion\/#breadcrumb"},"inLanguage":"fr-FR","potentialAction":[{"@type":"ReadAction","target":["https:\/\/www.prestigemag.co\/fr\/2017\/07\/hotel-le-gray-beyrouth-annonce-son-expansion\/"]}]},{"@type":"BreadcrumbList","@id":"https:\/\/www.prestigemag.co\/fr\/2017\/07\/hotel-le-gray-beyrouth-annonce-son-expansion\/#breadcrumb","itemListElement":[{"@type":"ListItem","position":1,"name":"Home","item":"https:\/\/www.prestigemag.co\/fr\/"},{"@type":"ListItem","position":2,"name":"H\u00f4tel Le Gray Beyrouth annonce son expansion"}]},{"@type":"Article","@id":"https:\/\/www.prestigemag.co\/fr\/2017\/07\/hotel-le-gray-beyrouth-annonce-son-expansion\/#article","isPartOf":{"@id":"https:\/\/www.prestigemag.co\/fr\/2017\/07\/hotel-le-gray-beyrouth-annonce-son-expansion\/"},"author":{"name":"prestige","@id":"https:\/\/www.prestigemag.co\/#\/schema\/person\/e3f149368970128d68bb2d797bf30fbc"},"headline":"H\u00f4tel Le Gray Beyrouth annonce son expansion","datePublished":"2017-07-03T08:48:16+00:00","dateModified":"2017-07-03T08:48:16+00:00","mainEntityOfPage":{"@id":"https:\/\/www.prestigemag.co\/fr\/2017\/07\/hotel-le-gray-beyrouth-annonce-son-expansion\/"},"wordCount":198,"publisher":{"@id":"https:\/\/www.prestigemag.co\/#organization"},"articleSection":["Art de vivre","Lifestyle"],"inLanguage":"fr-FR"},{"@type":"Person","@id":"https:\/\/www.prestigemag.co\/#\/schema\/person\/e3f149368970128d68bb2d797bf30fbc","name":"prestige","image":{"@type":"ImageObject","inLanguage":"fr-FR","@id":"https:\/\/www.prestigemag.co\/#\/schema\/person\/image\/","url":"https:\/\/secure.gravatar.com\/avatar\/0aa2dff5484d35e50578639a2c3ccef9?s=96&d=mm&r=g","contentUrl":"https:\/\/secure.gravatar.com\/avatar\/0aa2dff5484d35e50578639a2c3ccef9?s=96&d=mm&r=g","caption":"prestige"},"url":"https:\/\/www.prestigemag.co\/fr\/author\/prestige\/"}]}},"_links":{"self":[{"href":"https:\/\/www.prestigemag.co\/fr\/wp-json\/wp\/v2\/posts\/21661"}],"collection":[{"href":"https:\/\/www.prestigemag.co\/fr\/wp-json\/wp\/v2\/posts"}],"about":[{"href":"https:\/\/www.prestigemag.co\/fr\/wp-json\/wp\/v2\/types\/post"}],"author":[{"embeddable":true,"href":"https:\/\/www.prestigemag.co\/fr\/wp-json\/wp\/v2\/users\/3"}],"replies":[{"embeddable":true,"href":"https:\/\/www.prestigemag.co\/fr\/wp-json\/wp\/v2\/comments?post=21661"}],"version-history":[{"count":0,"href":"https:\/\/www.prestigemag.co\/fr\/wp-json\/wp\/v2\/posts\/21661\/revisions"}],"wp:featuredmedia":[{"embeddable":true,"href":"https:\/\/www.prestigemag.co\/fr\/wp-json\/wp\/v2\/media\/21662"}],"wp:attachment":[{"href":"https:\/\/www.prestigemag.co\/fr\/wp-json\/wp\/v2\/media?parent=21661"}],"wp:term":[{"taxonomy":"category","embeddable":true,"href":"https:\/\/www.prestigemag.co\/fr\/wp-json\/wp\/v2\/categories?post=21661"},{"taxonomy":"post_tag","embeddable":true,"href":"https:\/\/www.prestigemag.co\/fr\/wp-json\/wp\/v2\/tags?post=21661"}],"curies":[{"name":"wp","href":"https:\/\/api.w.org\/{rel}","templated":true}]}}