{"id":21709,"date":"2017-07-17T11:34:13","date_gmt":"2017-07-17T11:34:13","guid":{"rendered":"http:\/\/www.prestigemag.co\/2017\/07\/le-president-michel-aoun-celebre-la-fete-de-st-charbel\/"},"modified":"2017-07-17T11:34:13","modified_gmt":"2017-07-17T11:34:13","slug":"le-president-michel-aoun-celebre-la-fete-de-st-charbel","status":"publish","type":"post","link":"https:\/\/www.prestigemag.co\/fr\/2017\/07\/le-president-michel-aoun-celebre-la-fete-de-st-charbel\/","title":{"rendered":"Le pr\u00e9sident Michel Aoun c\u00e9l\u00e8bre la f\u00eate de St Charbel"},"content":{"rendered":"<p><a href=\"http:\/\/www.prestigemag.co\/wp-content\/uploads\/2017\/07\/Untitled-11-6.jpg\"><img src=\"data:image\/svg+xml,%3Csvg%20xmlns='http:\/\/www.w3.org\/2000\/svg'%20viewBox='0%200%201000%20409'%3E%3C\/svg%3E\" width=\"1000\" height=\"409\" class=\"zeen-lazy-load-base zeen-lazy-load aligncenter size-full wp-image-13036\" data-lazy-src=\"http:\/\/www.prestigemag.co\/wp-content\/uploads\/2017\/07\/Untitled-11-6.jpg\" alt=\"\" data-lazy-srcset=\"https:\/\/www.prestigemag.co\/wp-content\/uploads\/2017\/07\/Untitled-11-6.jpg 1000w, https:\/\/www.prestigemag.co\/wp-content\/uploads\/2017\/07\/Untitled-11-6-300x123.jpg 300w, https:\/\/www.prestigemag.co\/wp-content\/uploads\/2017\/07\/Untitled-11-6-770x315.jpg 770w, https:\/\/www.prestigemag.co\/wp-content\/uploads\/2017\/07\/Untitled-11-6-293x120.jpg 293w, https:\/\/www.prestigemag.co\/wp-content\/uploads\/2017\/07\/Untitled-11-6-390x160.jpg 390w, https:\/\/www.prestigemag.co\/wp-content\/uploads\/2017\/07\/Untitled-11-6-768x314.jpg 768w, https:\/\/www.prestigemag.co\/wp-content\/uploads\/2017\/07\/Untitled-11-6-150x61.jpg 150w, https:\/\/www.prestigemag.co\/wp-content\/uploads\/2017\/07\/Untitled-11-6-600x245.jpg 600w, https:\/\/www.prestigemag.co\/wp-content\/uploads\/2017\/07\/Untitled-11-6-291x119.jpg 291w, https:\/\/www.prestigemag.co\/wp-content\/uploads\/2017\/07\/Untitled-11-6-164x67.jpg 164w\" data-lazy-sizes=\"(max-width: 1000px) 100vw, 1000px\" \/><noscript><img width=\"1000\" height=\"409\" class=\"aligncenter size-full wp-image-13036\" src=\"http:\/\/www.prestigemag.co\/wp-content\/uploads\/2017\/07\/Untitled-11-6.jpg\" alt=\"\" srcset=\"https:\/\/www.prestigemag.co\/wp-content\/uploads\/2017\/07\/Untitled-11-6.jpg 1000w, https:\/\/www.prestigemag.co\/wp-content\/uploads\/2017\/07\/Untitled-11-6-300x123.jpg 300w, https:\/\/www.prestigemag.co\/wp-content\/uploads\/2017\/07\/Untitled-11-6-770x315.jpg 770w, https:\/\/www.prestigemag.co\/wp-content\/uploads\/2017\/07\/Untitled-11-6-293x120.jpg 293w, https:\/\/www.prestigemag.co\/wp-content\/uploads\/2017\/07\/Untitled-11-6-390x160.jpg 390w, https:\/\/www.prestigemag.co\/wp-content\/uploads\/2017\/07\/Untitled-11-6-768x314.jpg 768w, https:\/\/www.prestigemag.co\/wp-content\/uploads\/2017\/07\/Untitled-11-6-150x61.jpg 150w, https:\/\/www.prestigemag.co\/wp-content\/uploads\/2017\/07\/Untitled-11-6-600x245.jpg 600w, https:\/\/www.prestigemag.co\/wp-content\/uploads\/2017\/07\/Untitled-11-6-291x119.jpg 291w, https:\/\/www.prestigemag.co\/wp-content\/uploads\/2017\/07\/Untitled-11-6-164x67.jpg 164w\" sizes=\"(max-width: 1000px) 100vw, 1000px\" \/><\/noscript><\/a><\/p>\n<p>&nbsp;<\/p>\n<p>&nbsp;<\/p>\n<p>&nbsp;<\/p>\n<p>Le pr\u00e9sident Michel Aoun et la premi\u00e8re dame Nadia Chami Aoun, participaient \u00e0 la messe au monast\u00e8re de Mar Maroun \u00e0 Annaya \u00e0 l\u2019occasion de la f\u00eate de St Charbel. L\u2019office religieux a \u00e9t\u00e9 c\u00e9l\u00e9br\u00e9 par le patriarche B\u00e9chara Ra\u00ef, en compagnie de Mgr Michel Aoun, ainsi que d\u2019autres dignitaires eccl\u00e9siastiques.<\/p>\n<p>En pr\u00e9sence de plusieurs personnalit\u00e9s politiques, dont le pr\u00e9sident Michel Sleimane et son \u00e9pouse, les d\u00e9put\u00e9s du Caza de Jbeil et toute la famille du pr\u00e9sident Michel Aoun, le patriarche a souhait\u00e9 dans son hom\u00e9lie un mandat r\u00e9ussi au pr\u00e9sident, \u00e0 la hauteur des espoirs des citoyens libanais qui comptent sur leur pr\u00e9sident pour mener le pays vers la paix et la prosp\u00e9rit\u00e9, dans ces circonstances difficiles que traverse la r\u00e9gion. Le patriarche a \u00e9galement exhort\u00e9 le pr\u00e9sident \u00e0 d\u00e9ployer des efforts sur la sc\u00e8ne politique, afin d\u2019assurer le retour des r\u00e9fugi\u00e9s syriens dans les zones s\u00e9curis\u00e9es en Syrie.<\/p>\n<p>&nbsp;<\/p>\n<p>&nbsp;<\/p>\n<p><a href=\"http:\/\/www.prestigemag.co\/wp-content\/uploads\/2017\/07\/SAINT-CHARBEL-2.jpg\"><img src=\"data:image\/svg+xml,%3Csvg%20xmlns='http:\/\/www.w3.org\/2000\/svg'%20viewBox='0%200%20787%20525'%3E%3C\/svg%3E\" width=\"787\" height=\"525\" class=\"zeen-lazy-load-base zeen-lazy-load aligncenter size-full wp-image-13037\" data-lazy-src=\"http:\/\/www.prestigemag.co\/wp-content\/uploads\/2017\/07\/SAINT-CHARBEL-2.jpg\" alt=\"\" data-lazy-srcset=\"https:\/\/www.prestigemag.co\/wp-content\/uploads\/2017\/07\/SAINT-CHARBEL-2.jpg 787w, https:\/\/www.prestigemag.co\/wp-content\/uploads\/2017\/07\/SAINT-CHARBEL-2-300x200.jpg 300w, https:\/\/www.prestigemag.co\/wp-content\/uploads\/2017\/07\/SAINT-CHARBEL-2-768x512.jpg 768w, https:\/\/www.prestigemag.co\/wp-content\/uploads\/2017\/07\/SAINT-CHARBEL-2-150x100.jpg 150w, https:\/\/www.prestigemag.co\/wp-content\/uploads\/2017\/07\/SAINT-CHARBEL-2-562x375.jpg 562w, https:\/\/www.prestigemag.co\/wp-content\/uploads\/2017\/07\/SAINT-CHARBEL-2-187x125.jpg 187w, https:\/\/www.prestigemag.co\/wp-content\/uploads\/2017\/07\/SAINT-CHARBEL-2-100x67.jpg 100w\" data-lazy-sizes=\"(max-width: 787px) 100vw, 787px\" \/><noscript><img width=\"787\" height=\"525\" class=\"aligncenter size-full wp-image-13037\" src=\"http:\/\/www.prestigemag.co\/wp-content\/uploads\/2017\/07\/SAINT-CHARBEL-2.jpg\" alt=\"\" srcset=\"https:\/\/www.prestigemag.co\/wp-content\/uploads\/2017\/07\/SAINT-CHARBEL-2.jpg 787w, https:\/\/www.prestigemag.co\/wp-content\/uploads\/2017\/07\/SAINT-CHARBEL-2-300x200.jpg 300w, https:\/\/www.prestigemag.co\/wp-content\/uploads\/2017\/07\/SAINT-CHARBEL-2-768x512.jpg 768w, https:\/\/www.prestigemag.co\/wp-content\/uploads\/2017\/07\/SAINT-CHARBEL-2-150x100.jpg 150w, https:\/\/www.prestigemag.co\/wp-content\/uploads\/2017\/07\/SAINT-CHARBEL-2-562x375.jpg 562w, https:\/\/www.prestigemag.co\/wp-content\/uploads\/2017\/07\/SAINT-CHARBEL-2-187x125.jpg 187w, https:\/\/www.prestigemag.co\/wp-content\/uploads\/2017\/07\/SAINT-CHARBEL-2-100x67.jpg 100w\" sizes=\"(max-width: 787px) 100vw, 787px\" \/><\/noscript><\/a><\/p>\n<p>&nbsp;<\/p>\n<p>&nbsp;<\/p>\n<p><a href=\"http:\/\/www.prestigemag.co\/wp-content\/uploads\/2017\/07\/SAINT-CHARBEL-11.jpg\"><img src=\"data:image\/svg+xml,%3Csvg%20xmlns='http:\/\/www.w3.org\/2000\/svg'%20viewBox='0%200%20787%20525'%3E%3C\/svg%3E\" width=\"787\" height=\"525\" class=\"zeen-lazy-load-base zeen-lazy-load aligncenter size-full wp-image-13038\" data-lazy-src=\"http:\/\/www.prestigemag.co\/wp-content\/uploads\/2017\/07\/SAINT-CHARBEL-11.jpg\" alt=\"\" data-lazy-srcset=\"https:\/\/www.prestigemag.co\/wp-content\/uploads\/2017\/07\/SAINT-CHARBEL-11.jpg 787w, https:\/\/www.prestigemag.co\/wp-content\/uploads\/2017\/07\/SAINT-CHARBEL-11-300x200.jpg 300w, https:\/\/www.prestigemag.co\/wp-content\/uploads\/2017\/07\/SAINT-CHARBEL-11-768x512.jpg 768w, https:\/\/www.prestigemag.co\/wp-content\/uploads\/2017\/07\/SAINT-CHARBEL-11-150x100.jpg 150w, https:\/\/www.prestigemag.co\/wp-content\/uploads\/2017\/07\/SAINT-CHARBEL-11-562x375.jpg 562w, https:\/\/www.prestigemag.co\/wp-content\/uploads\/2017\/07\/SAINT-CHARBEL-11-187x125.jpg 187w, https:\/\/www.prestigemag.co\/wp-content\/uploads\/2017\/07\/SAINT-CHARBEL-11-100x67.jpg 100w\" data-lazy-sizes=\"(max-width: 787px) 100vw, 787px\" \/><noscript><img width=\"787\" height=\"525\" class=\"aligncenter size-full wp-image-13038\" src=\"http:\/\/www.prestigemag.co\/wp-content\/uploads\/2017\/07\/SAINT-CHARBEL-11.jpg\" alt=\"\" srcset=\"https:\/\/www.prestigemag.co\/wp-content\/uploads\/2017\/07\/SAINT-CHARBEL-11.jpg 787w, https:\/\/www.prestigemag.co\/wp-content\/uploads\/2017\/07\/SAINT-CHARBEL-11-300x200.jpg 300w, https:\/\/www.prestigemag.co\/wp-content\/uploads\/2017\/07\/SAINT-CHARBEL-11-768x512.jpg 768w, https:\/\/www.prestigemag.co\/wp-content\/uploads\/2017\/07\/SAINT-CHARBEL-11-150x100.jpg 150w, https:\/\/www.prestigemag.co\/wp-content\/uploads\/2017\/07\/SAINT-CHARBEL-11-562x375.jpg 562w, https:\/\/www.prestigemag.co\/wp-content\/uploads\/2017\/07\/SAINT-CHARBEL-11-187x125.jpg 187w, https:\/\/www.prestigemag.co\/wp-content\/uploads\/2017\/07\/SAINT-CHARBEL-11-100x67.jpg 100w\" sizes=\"(max-width: 787px) 100vw, 787px\" \/><\/noscript><\/a><\/p>\n<p>&nbsp;<\/p>\n<p>&nbsp;<\/p>\n<p><a href=\"http:\/\/www.prestigemag.co\/wp-content\/uploads\/2017\/07\/SAINT-CHARBEL-13.jpg\"><img src=\"data:image\/svg+xml,%3Csvg%20xmlns='http:\/\/www.w3.org\/2000\/svg'%20viewBox='0%200%20787%20525'%3E%3C\/svg%3E\" width=\"787\" height=\"525\" class=\"zeen-lazy-load-base zeen-lazy-load aligncenter size-full wp-image-13039\" data-lazy-src=\"http:\/\/www.prestigemag.co\/wp-content\/uploads\/2017\/07\/SAINT-CHARBEL-13.jpg\" alt=\"\" data-lazy-srcset=\"https:\/\/www.prestigemag.co\/wp-content\/uploads\/2017\/07\/SAINT-CHARBEL-13.jpg 787w, https:\/\/www.prestigemag.co\/wp-content\/uploads\/2017\/07\/SAINT-CHARBEL-13-300x200.jpg 300w, https:\/\/www.prestigemag.co\/wp-content\/uploads\/2017\/07\/SAINT-CHARBEL-13-768x512.jpg 768w, https:\/\/www.prestigemag.co\/wp-content\/uploads\/2017\/07\/SAINT-CHARBEL-13-150x100.jpg 150w, https:\/\/www.prestigemag.co\/wp-content\/uploads\/2017\/07\/SAINT-CHARBEL-13-562x375.jpg 562w, https:\/\/www.prestigemag.co\/wp-content\/uploads\/2017\/07\/SAINT-CHARBEL-13-187x125.jpg 187w, https:\/\/www.prestigemag.co\/wp-content\/uploads\/2017\/07\/SAINT-CHARBEL-13-100x67.jpg 100w\" data-lazy-sizes=\"(max-width: 787px) 100vw, 787px\" \/><noscript><img width=\"787\" height=\"525\" class=\"aligncenter size-full wp-image-13039\" src=\"http:\/\/www.prestigemag.co\/wp-content\/uploads\/2017\/07\/SAINT-CHARBEL-13.jpg\" alt=\"\" srcset=\"https:\/\/www.prestigemag.co\/wp-content\/uploads\/2017\/07\/SAINT-CHARBEL-13.jpg 787w, https:\/\/www.prestigemag.co\/wp-content\/uploads\/2017\/07\/SAINT-CHARBEL-13-300x200.jpg 300w, https:\/\/www.prestigemag.co\/wp-content\/uploads\/2017\/07\/SAINT-CHARBEL-13-768x512.jpg 768w, https:\/\/www.prestigemag.co\/wp-content\/uploads\/2017\/07\/SAINT-CHARBEL-13-150x100.jpg 150w, https:\/\/www.prestigemag.co\/wp-content\/uploads\/2017\/07\/SAINT-CHARBEL-13-562x375.jpg 562w, https:\/\/www.prestigemag.co\/wp-content\/uploads\/2017\/07\/SAINT-CHARBEL-13-187x125.jpg 187w, https:\/\/www.prestigemag.co\/wp-content\/uploads\/2017\/07\/SAINT-CHARBEL-13-100x67.jpg 100w\" sizes=\"(max-width: 787px) 100vw, 787px\" \/><\/noscript><\/a><\/p>\n<p>&nbsp;<\/p>\n<p>&nbsp;<\/p>\n<p><a href=\"http:\/\/www.prestigemag.co\/wp-content\/uploads\/2017\/07\/SAINT-CHARBEL-7.jpg\"><img src=\"data:image\/svg+xml,%3Csvg%20xmlns='http:\/\/www.w3.org\/2000\/svg'%20viewBox='0%200%20787%20525'%3E%3C\/svg%3E\" width=\"787\" height=\"525\" class=\"zeen-lazy-load-base zeen-lazy-load aligncenter size-full wp-image-13040\" data-lazy-src=\"http:\/\/www.prestigemag.co\/wp-content\/uploads\/2017\/07\/SAINT-CHARBEL-7.jpg\" alt=\"\" data-lazy-srcset=\"https:\/\/www.prestigemag.co\/wp-content\/uploads\/2017\/07\/SAINT-CHARBEL-7.jpg 787w, https:\/\/www.prestigemag.co\/wp-content\/uploads\/2017\/07\/SAINT-CHARBEL-7-300x200.jpg 300w, https:\/\/www.prestigemag.co\/wp-content\/uploads\/2017\/07\/SAINT-CHARBEL-7-768x512.jpg 768w, https:\/\/www.prestigemag.co\/wp-content\/uploads\/2017\/07\/SAINT-CHARBEL-7-150x100.jpg 150w, https:\/\/www.prestigemag.co\/wp-content\/uploads\/2017\/07\/SAINT-CHARBEL-7-562x375.jpg 562w, https:\/\/www.prestigemag.co\/wp-content\/uploads\/2017\/07\/SAINT-CHARBEL-7-187x125.jpg 187w, https:\/\/www.prestigemag.co\/wp-content\/uploads\/2017\/07\/SAINT-CHARBEL-7-100x67.jpg 100w\" data-lazy-sizes=\"(max-width: 787px) 100vw, 787px\" \/><noscript><img width=\"787\" height=\"525\" class=\"aligncenter size-full wp-image-13040\" src=\"http:\/\/www.prestigemag.co\/wp-content\/uploads\/2017\/07\/SAINT-CHARBEL-7.jpg\" alt=\"\" srcset=\"https:\/\/www.prestigemag.co\/wp-content\/uploads\/2017\/07\/SAINT-CHARBEL-7.jpg 787w, https:\/\/www.prestigemag.co\/wp-content\/uploads\/2017\/07\/SAINT-CHARBEL-7-300x200.jpg 300w, https:\/\/www.prestigemag.co\/wp-content\/uploads\/2017\/07\/SAINT-CHARBEL-7-768x512.jpg 768w, https:\/\/www.prestigemag.co\/wp-content\/uploads\/2017\/07\/SAINT-CHARBEL-7-150x100.jpg 150w, https:\/\/www.prestigemag.co\/wp-content\/uploads\/2017\/07\/SAINT-CHARBEL-7-562x375.jpg 562w, https:\/\/www.prestigemag.co\/wp-content\/uploads\/2017\/07\/SAINT-CHARBEL-7-187x125.jpg 187w, https:\/\/www.prestigemag.co\/wp-content\/uploads\/2017\/07\/SAINT-CHARBEL-7-100x67.jpg 100w\" sizes=\"(max-width: 787px) 100vw, 787px\" \/><\/noscript><\/a><\/p>\n","protected":false},"excerpt":{"rendered":"<p><em>Le pr\u00e9sident Michel Aoun et la premi\u00e8re dame Nadia Chami Aoun, participaient \u00e0 la messe au monast\u00e8re de Mar Maroun \u00e0 Annaya \u00e0 l\u2019occasion de la f\u00eate de St Charbel. L\u2019office religieux a \u00e9t\u00e9 c\u00e9l\u00e9br\u00e9 par le patriarche B\u00e9chara Ra\u00ef<\/em><\/p>\n","protected":false},"author":3,"featured_media":21710,"comment_status":"closed","ping_status":"closed","sticky":false,"template":"","format":"standard","meta":[],"categories":[13333,13360],"tags":[],"yoast_head":"<!-- This site is optimized with the Yoast SEO plugin v19.4 - https:\/\/yoast.com\/wordpress\/plugins\/seo\/ -->\n<title>Le pr\u00e9sident Michel Aoun c\u00e9l\u00e8bre la f\u00eate de St Charbel - Prestige Magazine<\/title>\n<meta name=\"description\" content=\"Le pr\u00e9sident Michel Aoun et la premi\u00e8re dame Nadia Chami Aoun, participaient \u00e0 la messe au monast\u00e8re de Mar Maroun \u00e0 Annaya \u00e0 l\u2019occasion de la f\u00eate de St Charbel. L\u2019office religieux a \u00e9t\u00e9 c\u00e9l\u00e9br\u00e9 par le patriarche B\u00e9chara Ra\u00ef\" \/>\n<meta name=\"robots\" content=\"index, follow, max-snippet:-1, max-image-preview:large, max-video-preview:-1\" \/>\n<link rel=\"canonical\" href=\"https:\/\/www.prestigemag.co\/fr\/2017\/07\/le-president-michel-aoun-celebre-la-fete-de-st-charbel\/\" \/>\n<meta property=\"og:locale\" content=\"fr_FR\" \/>\n<meta property=\"og:type\" content=\"article\" \/>\n<meta property=\"og:title\" content=\"Le pr\u00e9sident Michel Aoun c\u00e9l\u00e8bre la f\u00eate de St Charbel - Prestige Magazine\" \/>\n<meta property=\"og:description\" content=\"Le pr\u00e9sident Michel Aoun et la premi\u00e8re dame Nadia Chami Aoun, participaient \u00e0 la messe au monast\u00e8re de Mar Maroun \u00e0 Annaya \u00e0 l\u2019occasion de la f\u00eate de St Charbel. L\u2019office religieux a \u00e9t\u00e9 c\u00e9l\u00e9br\u00e9 par le patriarche B\u00e9chara Ra\u00ef\" \/>\n<meta property=\"og:url\" content=\"https:\/\/www.prestigemag.co\/fr\/2017\/07\/le-president-michel-aoun-celebre-la-fete-de-st-charbel\/\" \/>\n<meta property=\"og:site_name\" content=\"Prestige Magazine\" \/>\n<meta property=\"article:publisher\" content=\"https:\/\/www.facebook.com\/prestigemag.co\/\" \/>\n<meta property=\"article:published_time\" content=\"2017-07-17T11:34:13+00:00\" \/>\n<meta property=\"og:image\" content=\"https:\/\/www.prestigemag.co\/wp-content\/uploads\/2017\/07\/Untitled-11-6.jpg\" \/>\n\t<meta property=\"og:image:width\" content=\"1000\" \/>\n\t<meta property=\"og:image:height\" content=\"409\" \/>\n\t<meta property=\"og:image:type\" content=\"image\/jpeg\" \/>\n<meta name=\"author\" content=\"prestige\" \/>\n<meta name=\"twitter:card\" content=\"summary\" \/>\n<meta name=\"twitter:label1\" content=\"\u00c9crit par\" \/>\n\t<meta name=\"twitter:data1\" content=\"prestige\" \/>\n\t<meta name=\"twitter:label2\" content=\"Dur\u00e9e de lecture estim\u00e9e\" \/>\n\t<meta name=\"twitter:data2\" content=\"1 minute\" \/>\n<script type=\"application\/ld+json\" class=\"yoast-schema-graph\">{\"@context\":\"https:\/\/schema.org\",\"@graph\":[{\"@type\":\"Organization\",\"@id\":\"https:\/\/www.prestigemag.co\/#organization\",\"name\":\"Prestige\",\"url\":\"https:\/\/www.prestigemag.co\/\",\"sameAs\":[\"https:\/\/www.instagram.com\/prestige.mag\/\",\"https:\/\/www.facebook.com\/prestigemag.co\/\"],\"logo\":{\"@type\":\"ImageObject\",\"inLanguage\":\"fr-FR\",\"@id\":\"https:\/\/www.prestigemag.co\/#\/schema\/logo\/image\/\",\"url\":\"https:\/\/www.prestigemag.co\/wp-content\/uploads\/2021\/11\/logo-Prestige-800x200-1.png\",\"contentUrl\":\"https:\/\/www.prestigemag.co\/wp-content\/uploads\/2021\/11\/logo-Prestige-800x200-1.png\",\"width\":800,\"height\":200,\"caption\":\"Prestige\"},\"image\":{\"@id\":\"https:\/\/www.prestigemag.co\/#\/schema\/logo\/image\/\"}},{\"@type\":\"WebSite\",\"@id\":\"https:\/\/www.prestigemag.co\/#website\",\"url\":\"https:\/\/www.prestigemag.co\/\",\"name\":\"Prestige Magazine\",\"description\":\"Le Monde Des C\u00e9l\u00e9brit\u00e9s\",\"publisher\":{\"@id\":\"https:\/\/www.prestigemag.co\/#organization\"},\"potentialAction\":[{\"@type\":\"SearchAction\",\"target\":{\"@type\":\"EntryPoint\",\"urlTemplate\":\"https:\/\/www.prestigemag.co\/?s={search_term_string}\"},\"query-input\":\"required name=search_term_string\"}],\"inLanguage\":\"fr-FR\"},{\"@type\":\"WebPage\",\"@id\":\"https:\/\/www.prestigemag.co\/fr\/2017\/07\/le-president-michel-aoun-celebre-la-fete-de-st-charbel\/\",\"url\":\"https:\/\/www.prestigemag.co\/fr\/2017\/07\/le-president-michel-aoun-celebre-la-fete-de-st-charbel\/\",\"name\":\"Le pr\u00e9sident Michel Aoun c\u00e9l\u00e8bre la f\u00eate de St Charbel - Prestige Magazine\",\"isPartOf\":{\"@id\":\"https:\/\/www.prestigemag.co\/#website\"},\"datePublished\":\"2017-07-17T11:34:13+00:00\",\"dateModified\":\"2017-07-17T11:34:13+00:00\",\"description\":\"Le pr\u00e9sident Michel Aoun et la premi\u00e8re dame Nadia Chami Aoun, participaient \u00e0 la messe au monast\u00e8re de Mar Maroun \u00e0 Annaya \u00e0 l\u2019occasion de la f\u00eate de St Charbel. L\u2019office religieux a \u00e9t\u00e9 c\u00e9l\u00e9br\u00e9 par le patriarche B\u00e9chara Ra\u00ef\",\"breadcrumb\":{\"@id\":\"https:\/\/www.prestigemag.co\/fr\/2017\/07\/le-president-michel-aoun-celebre-la-fete-de-st-charbel\/#breadcrumb\"},\"inLanguage\":\"fr-FR\",\"potentialAction\":[{\"@type\":\"ReadAction\",\"target\":[\"https:\/\/www.prestigemag.co\/fr\/2017\/07\/le-president-michel-aoun-celebre-la-fete-de-st-charbel\/\"]}]},{\"@type\":\"BreadcrumbList\",\"@id\":\"https:\/\/www.prestigemag.co\/fr\/2017\/07\/le-president-michel-aoun-celebre-la-fete-de-st-charbel\/#breadcrumb\",\"itemListElement\":[{\"@type\":\"ListItem\",\"position\":1,\"name\":\"Home\",\"item\":\"https:\/\/www.prestigemag.co\/fr\/\"},{\"@type\":\"ListItem\",\"position\":2,\"name\":\"Le pr\u00e9sident Michel Aoun c\u00e9l\u00e8bre la f\u00eate de St Charbel\"}]},{\"@type\":\"Article\",\"@id\":\"https:\/\/www.prestigemag.co\/fr\/2017\/07\/le-president-michel-aoun-celebre-la-fete-de-st-charbel\/#article\",\"isPartOf\":{\"@id\":\"https:\/\/www.prestigemag.co\/fr\/2017\/07\/le-president-michel-aoun-celebre-la-fete-de-st-charbel\/\"},\"author\":{\"name\":\"prestige\",\"@id\":\"https:\/\/www.prestigemag.co\/#\/schema\/person\/e3f149368970128d68bb2d797bf30fbc\"},\"headline\":\"Le pr\u00e9sident Michel Aoun c\u00e9l\u00e8bre la f\u00eate de St Charbel\",\"datePublished\":\"2017-07-17T11:34:13+00:00\",\"dateModified\":\"2017-07-17T11:34:13+00:00\",\"mainEntityOfPage\":{\"@id\":\"https:\/\/www.prestigemag.co\/fr\/2017\/07\/le-president-michel-aoun-celebre-la-fete-de-st-charbel\/\"},\"wordCount\":201,\"publisher\":{\"@id\":\"https:\/\/www.prestigemag.co\/#organization\"},\"articleSection\":[\"\u00c9v\u00e9nements\",\"Inauguration\"],\"inLanguage\":\"fr-FR\"},{\"@type\":\"Person\",\"@id\":\"https:\/\/www.prestigemag.co\/#\/schema\/person\/e3f149368970128d68bb2d797bf30fbc\",\"name\":\"prestige\",\"image\":{\"@type\":\"ImageObject\",\"inLanguage\":\"fr-FR\",\"@id\":\"https:\/\/www.prestigemag.co\/#\/schema\/person\/image\/\",\"url\":\"https:\/\/secure.gravatar.com\/avatar\/0aa2dff5484d35e50578639a2c3ccef9?s=96&d=mm&r=g\",\"contentUrl\":\"https:\/\/secure.gravatar.com\/avatar\/0aa2dff5484d35e50578639a2c3ccef9?s=96&d=mm&r=g\",\"caption\":\"prestige\"},\"url\":\"https:\/\/www.prestigemag.co\/fr\/author\/prestige\/\"}]}<\/script>\n<!-- \/ Yoast SEO plugin. -->","yoast_head_json":{"title":"Le pr\u00e9sident Michel Aoun c\u00e9l\u00e8bre la f\u00eate de St Charbel - Prestige Magazine","description":"Le pr\u00e9sident Michel Aoun et la premi\u00e8re dame Nadia Chami Aoun, participaient \u00e0 la messe au monast\u00e8re de Mar Maroun \u00e0 Annaya \u00e0 l\u2019occasion de la f\u00eate de St Charbel. L\u2019office religieux a \u00e9t\u00e9 c\u00e9l\u00e9br\u00e9 par le patriarche B\u00e9chara Ra\u00ef","robots":{"index":"index","follow":"follow","max-snippet":"max-snippet:-1","max-image-preview":"max-image-preview:large","max-video-preview":"max-video-preview:-1"},"canonical":"https:\/\/www.prestigemag.co\/fr\/2017\/07\/le-president-michel-aoun-celebre-la-fete-de-st-charbel\/","og_locale":"fr_FR","og_type":"article","og_title":"Le pr\u00e9sident Michel Aoun c\u00e9l\u00e8bre la f\u00eate de St Charbel - Prestige Magazine","og_description":"Le pr\u00e9sident Michel Aoun et la premi\u00e8re dame Nadia Chami Aoun, participaient \u00e0 la messe au monast\u00e8re de Mar Maroun \u00e0 Annaya \u00e0 l\u2019occasion de la f\u00eate de St Charbel. L\u2019office religieux a \u00e9t\u00e9 c\u00e9l\u00e9br\u00e9 par le patriarche B\u00e9chara Ra\u00ef","og_url":"https:\/\/www.prestigemag.co\/fr\/2017\/07\/le-president-michel-aoun-celebre-la-fete-de-st-charbel\/","og_site_name":"Prestige Magazine","article_publisher":"https:\/\/www.facebook.com\/prestigemag.co\/","article_published_time":"2017-07-17T11:34:13+00:00","og_image":[{"width":1000,"height":409,"url":"https:\/\/www.prestigemag.co\/wp-content\/uploads\/2017\/07\/Untitled-11-6.jpg","type":"image\/jpeg"}],"author":"prestige","twitter_card":"summary","twitter_misc":{"\u00c9crit par":"prestige","Dur\u00e9e de lecture estim\u00e9e":"1 minute"},"schema":{"@context":"https:\/\/schema.org","@graph":[{"@type":"Organization","@id":"https:\/\/www.prestigemag.co\/#organization","name":"Prestige","url":"https:\/\/www.prestigemag.co\/","sameAs":["https:\/\/www.instagram.com\/prestige.mag\/","https:\/\/www.facebook.com\/prestigemag.co\/"],"logo":{"@type":"ImageObject","inLanguage":"fr-FR","@id":"https:\/\/www.prestigemag.co\/#\/schema\/logo\/image\/","url":"https:\/\/www.prestigemag.co\/wp-content\/uploads\/2021\/11\/logo-Prestige-800x200-1.png","contentUrl":"https:\/\/www.prestigemag.co\/wp-content\/uploads\/2021\/11\/logo-Prestige-800x200-1.png","width":800,"height":200,"caption":"Prestige"},"image":{"@id":"https:\/\/www.prestigemag.co\/#\/schema\/logo\/image\/"}},{"@type":"WebSite","@id":"https:\/\/www.prestigemag.co\/#website","url":"https:\/\/www.prestigemag.co\/","name":"Prestige Magazine","description":"Le Monde Des C\u00e9l\u00e9brit\u00e9s","publisher":{"@id":"https:\/\/www.prestigemag.co\/#organization"},"potentialAction":[{"@type":"SearchAction","target":{"@type":"EntryPoint","urlTemplate":"https:\/\/www.prestigemag.co\/?s={search_term_string}"},"query-input":"required name=search_term_string"}],"inLanguage":"fr-FR"},{"@type":"WebPage","@id":"https:\/\/www.prestigemag.co\/fr\/2017\/07\/le-president-michel-aoun-celebre-la-fete-de-st-charbel\/","url":"https:\/\/www.prestigemag.co\/fr\/2017\/07\/le-president-michel-aoun-celebre-la-fete-de-st-charbel\/","name":"Le pr\u00e9sident Michel Aoun c\u00e9l\u00e8bre la f\u00eate de St Charbel - Prestige Magazine","isPartOf":{"@id":"https:\/\/www.prestigemag.co\/#website"},"datePublished":"2017-07-17T11:34:13+00:00","dateModified":"2017-07-17T11:34:13+00:00","description":"Le pr\u00e9sident Michel Aoun et la premi\u00e8re dame Nadia Chami Aoun, participaient \u00e0 la messe au monast\u00e8re de Mar Maroun \u00e0 Annaya \u00e0 l\u2019occasion de la f\u00eate de St Charbel. L\u2019office religieux a \u00e9t\u00e9 c\u00e9l\u00e9br\u00e9 par le patriarche B\u00e9chara Ra\u00ef","breadcrumb":{"@id":"https:\/\/www.prestigemag.co\/fr\/2017\/07\/le-president-michel-aoun-celebre-la-fete-de-st-charbel\/#breadcrumb"},"inLanguage":"fr-FR","potentialAction":[{"@type":"ReadAction","target":["https:\/\/www.prestigemag.co\/fr\/2017\/07\/le-president-michel-aoun-celebre-la-fete-de-st-charbel\/"]}]},{"@type":"BreadcrumbList","@id":"https:\/\/www.prestigemag.co\/fr\/2017\/07\/le-president-michel-aoun-celebre-la-fete-de-st-charbel\/#breadcrumb","itemListElement":[{"@type":"ListItem","position":1,"name":"Home","item":"https:\/\/www.prestigemag.co\/fr\/"},{"@type":"ListItem","position":2,"name":"Le pr\u00e9sident Michel Aoun c\u00e9l\u00e8bre la f\u00eate de St Charbel"}]},{"@type":"Article","@id":"https:\/\/www.prestigemag.co\/fr\/2017\/07\/le-president-michel-aoun-celebre-la-fete-de-st-charbel\/#article","isPartOf":{"@id":"https:\/\/www.prestigemag.co\/fr\/2017\/07\/le-president-michel-aoun-celebre-la-fete-de-st-charbel\/"},"author":{"name":"prestige","@id":"https:\/\/www.prestigemag.co\/#\/schema\/person\/e3f149368970128d68bb2d797bf30fbc"},"headline":"Le pr\u00e9sident Michel Aoun c\u00e9l\u00e8bre la f\u00eate de St Charbel","datePublished":"2017-07-17T11:34:13+00:00","dateModified":"2017-07-17T11:34:13+00:00","mainEntityOfPage":{"@id":"https:\/\/www.prestigemag.co\/fr\/2017\/07\/le-president-michel-aoun-celebre-la-fete-de-st-charbel\/"},"wordCount":201,"publisher":{"@id":"https:\/\/www.prestigemag.co\/#organization"},"articleSection":["\u00c9v\u00e9nements","Inauguration"],"inLanguage":"fr-FR"},{"@type":"Person","@id":"https:\/\/www.prestigemag.co\/#\/schema\/person\/e3f149368970128d68bb2d797bf30fbc","name":"prestige","image":{"@type":"ImageObject","inLanguage":"fr-FR","@id":"https:\/\/www.prestigemag.co\/#\/schema\/person\/image\/","url":"https:\/\/secure.gravatar.com\/avatar\/0aa2dff5484d35e50578639a2c3ccef9?s=96&d=mm&r=g","contentUrl":"https:\/\/secure.gravatar.com\/avatar\/0aa2dff5484d35e50578639a2c3ccef9?s=96&d=mm&r=g","caption":"prestige"},"url":"https:\/\/www.prestigemag.co\/fr\/author\/prestige\/"}]}},"_links":{"self":[{"href":"https:\/\/www.prestigemag.co\/fr\/wp-json\/wp\/v2\/posts\/21709"}],"collection":[{"href":"https:\/\/www.prestigemag.co\/fr\/wp-json\/wp\/v2\/posts"}],"about":[{"href":"https:\/\/www.prestigemag.co\/fr\/wp-json\/wp\/v2\/types\/post"}],"author":[{"embeddable":true,"href":"https:\/\/www.prestigemag.co\/fr\/wp-json\/wp\/v2\/users\/3"}],"replies":[{"embeddable":true,"href":"https:\/\/www.prestigemag.co\/fr\/wp-json\/wp\/v2\/comments?post=21709"}],"version-history":[{"count":0,"href":"https:\/\/www.prestigemag.co\/fr\/wp-json\/wp\/v2\/posts\/21709\/revisions"}],"wp:featuredmedia":[{"embeddable":true,"href":"https:\/\/www.prestigemag.co\/fr\/wp-json\/wp\/v2\/media\/21710"}],"wp:attachment":[{"href":"https:\/\/www.prestigemag.co\/fr\/wp-json\/wp\/v2\/media?parent=21709"}],"wp:term":[{"taxonomy":"category","embeddable":true,"href":"https:\/\/www.prestigemag.co\/fr\/wp-json\/wp\/v2\/categories?post=21709"},{"taxonomy":"post_tag","embeddable":true,"href":"https:\/\/www.prestigemag.co\/fr\/wp-json\/wp\/v2\/tags?post=21709"}],"curies":[{"name":"wp","href":"https:\/\/api.w.org\/{rel}","templated":true}]}}