{"id":21736,"date":"2017-07-28T11:33:54","date_gmt":"2017-07-28T11:33:54","guid":{"rendered":"http:\/\/www.prestigemag.co\/2017\/07\/le-gray-beyrouth-devoile-son-espace-events-and-conferences\/"},"modified":"2017-07-28T11:33:54","modified_gmt":"2017-07-28T11:33:54","slug":"le-gray-beyrouth-devoile-son-espace-events-and-conferences","status":"publish","type":"post","link":"https:\/\/www.prestigemag.co\/fr\/2017\/07\/le-gray-beyrouth-devoile-son-espace-events-and-conferences\/","title":{"rendered":"Le Gray, Beyrouth d\u00e9voile son espace events and conferences"},"content":{"rendered":"<figure id=\"attachment_13177\" aria-describedby=\"caption-attachment-13177\" style=\"width: 1000px\" class=\"wp-caption aligncenter\"><a href=\"http:\/\/www.prestigemag.co\/wp-content\/uploads\/2017\/07\/Untitled-1-22.jpg\"><img src=\"data:image\/svg+xml,%3Csvg%20xmlns='http:\/\/www.w3.org\/2000\/svg'%20viewBox='0%200%201000%20409'%3E%3C\/svg%3E\" class=\"zeen-lazy-load-base zeen-lazy-load wp-image-13177 size-full\" data-lazy-src=\"http:\/\/www.prestigemag.co\/wp-content\/uploads\/2017\/07\/Untitled-1-22.jpg\" alt=\"\" width=\"1000\" height=\"409\" data-lazy-srcset=\"https:\/\/www.prestigemag.co\/wp-content\/uploads\/2017\/07\/Untitled-1-22.jpg 1000w, https:\/\/www.prestigemag.co\/wp-content\/uploads\/2017\/07\/Untitled-1-22-300x123.jpg 300w, https:\/\/www.prestigemag.co\/wp-content\/uploads\/2017\/07\/Untitled-1-22-770x315.jpg 770w, https:\/\/www.prestigemag.co\/wp-content\/uploads\/2017\/07\/Untitled-1-22-293x120.jpg 293w, https:\/\/www.prestigemag.co\/wp-content\/uploads\/2017\/07\/Untitled-1-22-390x160.jpg 390w, https:\/\/www.prestigemag.co\/wp-content\/uploads\/2017\/07\/Untitled-1-22-768x314.jpg 768w, https:\/\/www.prestigemag.co\/wp-content\/uploads\/2017\/07\/Untitled-1-22-150x61.jpg 150w, https:\/\/www.prestigemag.co\/wp-content\/uploads\/2017\/07\/Untitled-1-22-600x245.jpg 600w, https:\/\/www.prestigemag.co\/wp-content\/uploads\/2017\/07\/Untitled-1-22-291x119.jpg 291w, https:\/\/www.prestigemag.co\/wp-content\/uploads\/2017\/07\/Untitled-1-22-164x67.jpg 164w\" data-lazy-sizes=\"(max-width: 1000px) 100vw, 1000px\" \/><figcaption id=\"caption-attachment-13177\" class=\"wp-caption-text\"><noscript><img class=\"wp-image-13177 size-full\" src=\"http:\/\/www.prestigemag.co\/wp-content\/uploads\/2017\/07\/Untitled-1-22.jpg\" alt=\"\" width=\"1000\" height=\"409\" srcset=\"https:\/\/www.prestigemag.co\/wp-content\/uploads\/2017\/07\/Untitled-1-22.jpg 1000w, https:\/\/www.prestigemag.co\/wp-content\/uploads\/2017\/07\/Untitled-1-22-300x123.jpg 300w, https:\/\/www.prestigemag.co\/wp-content\/uploads\/2017\/07\/Untitled-1-22-770x315.jpg 770w, https:\/\/www.prestigemag.co\/wp-content\/uploads\/2017\/07\/Untitled-1-22-293x120.jpg 293w, https:\/\/www.prestigemag.co\/wp-content\/uploads\/2017\/07\/Untitled-1-22-390x160.jpg 390w, https:\/\/www.prestigemag.co\/wp-content\/uploads\/2017\/07\/Untitled-1-22-768x314.jpg 768w, https:\/\/www.prestigemag.co\/wp-content\/uploads\/2017\/07\/Untitled-1-22-150x61.jpg 150w, https:\/\/www.prestigemag.co\/wp-content\/uploads\/2017\/07\/Untitled-1-22-600x245.jpg 600w, https:\/\/www.prestigemag.co\/wp-content\/uploads\/2017\/07\/Untitled-1-22-291x119.jpg 291w, https:\/\/www.prestigemag.co\/wp-content\/uploads\/2017\/07\/Untitled-1-22-164x67.jpg 164w\" sizes=\"(max-width: 1000px) 100vw, 1000px\" \/><\/noscript><\/a> Vue d\u2019ensemble du nouveau lobby de l\u2019h\u00f4tel Le Gray. \u00a9 Le Gray<\/figcaption><\/figure>\n<p>&nbsp;<\/p>\n<p>&nbsp;<\/p>\n<p>Le Gray, Beyrouth vient de d\u00e9voiler son nouvel espace baptis\u00e9 Events and Conferences Spaces et qui comprend des salles de conf\u00e9rence et de banquet, une salle de projection, un lieu d&rsquo;exposition et un nouveau hall d&rsquo;entr\u00e9e.<\/p>\n<p>Avec cet ajout et un emplacement central privil\u00e9gi\u00e9 \u00e0 l&rsquo;entr\u00e9e m\u00eame du centre-ville de Beyrouth, l\u2019h\u00f4tel phare de Campbell Gray Hotels \u00e9largit sa port\u00e9e pour attirer le march\u00e9 MICE en plus des march\u00e9s de loisirs et des affaires. Le projet a \u00e9t\u00e9 supervis\u00e9 par l\u2019architecte d\u2019int\u00e9rieur Galal Mahmoud en \u00e9troite collaboration avec Gordon Campbell Gray, cr\u00e9ateur de l\u2019h\u00f4tel et fondateur de la collection.<\/p>\n<p>Le nouveau lobby et son nouveau lounge pr\u00e9sentent un espace accueillant o\u00f9 les invit\u00e9s peuvent se d\u00e9tendre en famille et entre amis, ou bien entendu, faire des rencontres de travail. Au Lobby Lounge, le traditionnel <em>afternoon tea<\/em> \u00e0 l\u2019anglaise sera la sp\u00e9cialit\u00e9 du lieu.<\/p>\n<p>Les nouvelles installations comprennent donc une salle de r\u00e9union pour 20 personnes, The Boardroom\u00a0; une salle polyvalente, The Muse Room, \u00e9galement id\u00e9ale pour les r\u00e9unions d&rsquo;affaires et les r\u00e9ceptions; The Screening Room, une salle de projection ou mini cin\u00e9ma priv\u00e9 pourvu d&rsquo;\u00e9quipements audio-visuels de pointe et de 53 si\u00e8ges ultra confortables. L&rsquo;Atrium, sera un nouveau lieu d\u2019exposition d&rsquo;art au c\u0153ur de l&rsquo;atrium central avec vu sur le lobby\u00a0; et Le Grand Salon \u00e9tant la salle de banquet d\u2019une superficie de 400m2 avec un plafond artistique, lumineux, unique et \u00e9blouissant. Le Grand Salon pr\u00e9voit accueillir les soir\u00e9es et les mariages les plus in de la sc\u00e8ne sociale Beyrouthine.<\/p>\n<p>Le Gray, Beyrouth a \u00e9t\u00e9 lanc\u00e9 en 2009 pour vite devenir un endroit embl\u00e9matique du luxe europ\u00e9en discret. Situ\u00e9 au c\u0153ur de Beyrouth sur la place des Martyrs, \u00e0 proximit\u00e9 du quartier des affaires et \u00e0 quelques pas des principales attractions de la ville, l&rsquo;h\u00f4tel compte maintenant 103 chambres et suites spacieuses, dont deux suites pr\u00e9sidentielles. L\u2019h\u00f4tel comprend aussi le fameux restaurant sur le toit Indigo on the Roof et le spa intimiste PureGray, entre autre.<\/p>\n<p>Avec cette extension, Le Gray, Beyrouth aura compl\u00e9t\u00e9 la toile, avec des installations uniques.<\/p>\n<p>&nbsp;<\/p>\n<p>&nbsp;<\/p>\n<figure id=\"attachment_13178\" aria-describedby=\"caption-attachment-13178\" style=\"width: 787px\" class=\"wp-caption aligncenter\"><a href=\"http:\/\/www.prestigemag.co\/wp-content\/uploads\/2017\/07\/CE-5.jpg\"><img src=\"data:image\/svg+xml,%3Csvg%20xmlns='http:\/\/www.w3.org\/2000\/svg'%20viewBox='0%200%20787%20525'%3E%3C\/svg%3E\" class=\"zeen-lazy-load-base zeen-lazy-load wp-image-13178 size-full\" data-lazy-src=\"http:\/\/www.prestigemag.co\/wp-content\/uploads\/2017\/07\/CE-5.jpg\" alt=\"\" width=\"787\" height=\"525\" data-lazy-srcset=\"https:\/\/www.prestigemag.co\/wp-content\/uploads\/2017\/07\/CE-5.jpg 787w, https:\/\/www.prestigemag.co\/wp-content\/uploads\/2017\/07\/CE-5-300x200.jpg 300w, https:\/\/www.prestigemag.co\/wp-content\/uploads\/2017\/07\/CE-5-768x512.jpg 768w, https:\/\/www.prestigemag.co\/wp-content\/uploads\/2017\/07\/CE-5-150x100.jpg 150w, https:\/\/www.prestigemag.co\/wp-content\/uploads\/2017\/07\/CE-5-562x375.jpg 562w, https:\/\/www.prestigemag.co\/wp-content\/uploads\/2017\/07\/CE-5-187x125.jpg 187w, https:\/\/www.prestigemag.co\/wp-content\/uploads\/2017\/07\/CE-5-100x67.jpg 100w\" data-lazy-sizes=\"(max-width: 787px) 100vw, 787px\" \/><figcaption id=\"caption-attachment-13178\" class=\"wp-caption-text\"><noscript><img class=\"wp-image-13178 size-full\" src=\"http:\/\/www.prestigemag.co\/wp-content\/uploads\/2017\/07\/CE-5.jpg\" alt=\"\" width=\"787\" height=\"525\" srcset=\"https:\/\/www.prestigemag.co\/wp-content\/uploads\/2017\/07\/CE-5.jpg 787w, https:\/\/www.prestigemag.co\/wp-content\/uploads\/2017\/07\/CE-5-300x200.jpg 300w, https:\/\/www.prestigemag.co\/wp-content\/uploads\/2017\/07\/CE-5-768x512.jpg 768w, https:\/\/www.prestigemag.co\/wp-content\/uploads\/2017\/07\/CE-5-150x100.jpg 150w, https:\/\/www.prestigemag.co\/wp-content\/uploads\/2017\/07\/CE-5-562x375.jpg 562w, https:\/\/www.prestigemag.co\/wp-content\/uploads\/2017\/07\/CE-5-187x125.jpg 187w, https:\/\/www.prestigemag.co\/wp-content\/uploads\/2017\/07\/CE-5-100x67.jpg 100w\" sizes=\"(max-width: 787px) 100vw, 787px\" \/><\/noscript><\/a> Nabil et Gisele Tabet. \u00a9 Le Gray<\/figcaption><\/figure>\n<p>&nbsp;<\/p>\n<p>&nbsp;<\/p>\n<figure id=\"attachment_13179\" aria-describedby=\"caption-attachment-13179\" style=\"width: 787px\" class=\"wp-caption aligncenter\"><a href=\"http:\/\/www.prestigemag.co\/wp-content\/uploads\/2017\/07\/CE-8.jpg\"><img src=\"data:image\/svg+xml,%3Csvg%20xmlns='http:\/\/www.w3.org\/2000\/svg'%20viewBox='0%200%20787%20525'%3E%3C\/svg%3E\" class=\"zeen-lazy-load-base zeen-lazy-load wp-image-13179 size-full\" data-lazy-src=\"http:\/\/www.prestigemag.co\/wp-content\/uploads\/2017\/07\/CE-8.jpg\" alt=\"\" width=\"787\" height=\"525\" data-lazy-srcset=\"https:\/\/www.prestigemag.co\/wp-content\/uploads\/2017\/07\/CE-8.jpg 787w, https:\/\/www.prestigemag.co\/wp-content\/uploads\/2017\/07\/CE-8-300x200.jpg 300w, https:\/\/www.prestigemag.co\/wp-content\/uploads\/2017\/07\/CE-8-768x512.jpg 768w, https:\/\/www.prestigemag.co\/wp-content\/uploads\/2017\/07\/CE-8-150x100.jpg 150w, https:\/\/www.prestigemag.co\/wp-content\/uploads\/2017\/07\/CE-8-562x375.jpg 562w, https:\/\/www.prestigemag.co\/wp-content\/uploads\/2017\/07\/CE-8-187x125.jpg 187w, https:\/\/www.prestigemag.co\/wp-content\/uploads\/2017\/07\/CE-8-100x67.jpg 100w\" data-lazy-sizes=\"(max-width: 787px) 100vw, 787px\" \/><figcaption id=\"caption-attachment-13179\" class=\"wp-caption-text\"><noscript><img class=\"wp-image-13179 size-full\" src=\"http:\/\/www.prestigemag.co\/wp-content\/uploads\/2017\/07\/CE-8.jpg\" alt=\"\" width=\"787\" height=\"525\" srcset=\"https:\/\/www.prestigemag.co\/wp-content\/uploads\/2017\/07\/CE-8.jpg 787w, https:\/\/www.prestigemag.co\/wp-content\/uploads\/2017\/07\/CE-8-300x200.jpg 300w, https:\/\/www.prestigemag.co\/wp-content\/uploads\/2017\/07\/CE-8-768x512.jpg 768w, https:\/\/www.prestigemag.co\/wp-content\/uploads\/2017\/07\/CE-8-150x100.jpg 150w, https:\/\/www.prestigemag.co\/wp-content\/uploads\/2017\/07\/CE-8-562x375.jpg 562w, https:\/\/www.prestigemag.co\/wp-content\/uploads\/2017\/07\/CE-8-187x125.jpg 187w, https:\/\/www.prestigemag.co\/wp-content\/uploads\/2017\/07\/CE-8-100x67.jpg 100w\" sizes=\"(max-width: 787px) 100vw, 787px\" \/><\/noscript><\/a> Isabelle Naoum et Roland Barbar. \u00a9 Le Gray<\/figcaption><\/figure>\n<p>&nbsp;<\/p>\n<p>&nbsp;<\/p>\n<figure id=\"attachment_13180\" aria-describedby=\"caption-attachment-13180\" style=\"width: 787px\" class=\"wp-caption aligncenter\"><a href=\"http:\/\/www.prestigemag.co\/wp-content\/uploads\/2017\/07\/CE-9.jpg\"><img src=\"data:image\/svg+xml,%3Csvg%20xmlns='http:\/\/www.w3.org\/2000\/svg'%20viewBox='0%200%20787%20525'%3E%3C\/svg%3E\" class=\"zeen-lazy-load-base zeen-lazy-load wp-image-13180 size-full\" data-lazy-src=\"http:\/\/www.prestigemag.co\/wp-content\/uploads\/2017\/07\/CE-9.jpg\" alt=\"\" width=\"787\" height=\"525\" data-lazy-srcset=\"https:\/\/www.prestigemag.co\/wp-content\/uploads\/2017\/07\/CE-9.jpg 787w, https:\/\/www.prestigemag.co\/wp-content\/uploads\/2017\/07\/CE-9-300x200.jpg 300w, https:\/\/www.prestigemag.co\/wp-content\/uploads\/2017\/07\/CE-9-768x512.jpg 768w, https:\/\/www.prestigemag.co\/wp-content\/uploads\/2017\/07\/CE-9-150x100.jpg 150w, https:\/\/www.prestigemag.co\/wp-content\/uploads\/2017\/07\/CE-9-562x375.jpg 562w, https:\/\/www.prestigemag.co\/wp-content\/uploads\/2017\/07\/CE-9-187x125.jpg 187w, https:\/\/www.prestigemag.co\/wp-content\/uploads\/2017\/07\/CE-9-100x67.jpg 100w\" data-lazy-sizes=\"(max-width: 787px) 100vw, 787px\" \/><figcaption id=\"caption-attachment-13180\" class=\"wp-caption-text\"><noscript><img class=\"wp-image-13180 size-full\" src=\"http:\/\/www.prestigemag.co\/wp-content\/uploads\/2017\/07\/CE-9.jpg\" alt=\"\" width=\"787\" height=\"525\" srcset=\"https:\/\/www.prestigemag.co\/wp-content\/uploads\/2017\/07\/CE-9.jpg 787w, https:\/\/www.prestigemag.co\/wp-content\/uploads\/2017\/07\/CE-9-300x200.jpg 300w, https:\/\/www.prestigemag.co\/wp-content\/uploads\/2017\/07\/CE-9-768x512.jpg 768w, https:\/\/www.prestigemag.co\/wp-content\/uploads\/2017\/07\/CE-9-150x100.jpg 150w, https:\/\/www.prestigemag.co\/wp-content\/uploads\/2017\/07\/CE-9-562x375.jpg 562w, https:\/\/www.prestigemag.co\/wp-content\/uploads\/2017\/07\/CE-9-187x125.jpg 187w, https:\/\/www.prestigemag.co\/wp-content\/uploads\/2017\/07\/CE-9-100x67.jpg 100w\" sizes=\"(max-width: 787px) 100vw, 787px\" \/><\/noscript><\/a> Darine Medawar, Dana Khalil et Michel Khalaf. \u00a9 Le Gray<\/figcaption><\/figure>\n<p>&nbsp;<\/p>\n<p>&nbsp;<\/p>\n<figure id=\"attachment_13181\" aria-describedby=\"caption-attachment-13181\" style=\"width: 787px\" class=\"wp-caption aligncenter\"><a href=\"http:\/\/www.prestigemag.co\/wp-content\/uploads\/2017\/07\/CE-10.jpg\"><img src=\"data:image\/svg+xml,%3Csvg%20xmlns='http:\/\/www.w3.org\/2000\/svg'%20viewBox='0%200%20787%20525'%3E%3C\/svg%3E\" class=\"zeen-lazy-load-base zeen-lazy-load wp-image-13181 size-full\" data-lazy-src=\"http:\/\/www.prestigemag.co\/wp-content\/uploads\/2017\/07\/CE-10.jpg\" alt=\"\" width=\"787\" height=\"525\" data-lazy-srcset=\"https:\/\/www.prestigemag.co\/wp-content\/uploads\/2017\/07\/CE-10.jpg 787w, https:\/\/www.prestigemag.co\/wp-content\/uploads\/2017\/07\/CE-10-300x200.jpg 300w, https:\/\/www.prestigemag.co\/wp-content\/uploads\/2017\/07\/CE-10-768x512.jpg 768w, https:\/\/www.prestigemag.co\/wp-content\/uploads\/2017\/07\/CE-10-150x100.jpg 150w, https:\/\/www.prestigemag.co\/wp-content\/uploads\/2017\/07\/CE-10-562x375.jpg 562w, https:\/\/www.prestigemag.co\/wp-content\/uploads\/2017\/07\/CE-10-187x125.jpg 187w, https:\/\/www.prestigemag.co\/wp-content\/uploads\/2017\/07\/CE-10-100x67.jpg 100w\" data-lazy-sizes=\"(max-width: 787px) 100vw, 787px\" \/><figcaption id=\"caption-attachment-13181\" class=\"wp-caption-text\"><noscript><img class=\"wp-image-13181 size-full\" src=\"http:\/\/www.prestigemag.co\/wp-content\/uploads\/2017\/07\/CE-10.jpg\" alt=\"\" width=\"787\" height=\"525\" srcset=\"https:\/\/www.prestigemag.co\/wp-content\/uploads\/2017\/07\/CE-10.jpg 787w, https:\/\/www.prestigemag.co\/wp-content\/uploads\/2017\/07\/CE-10-300x200.jpg 300w, https:\/\/www.prestigemag.co\/wp-content\/uploads\/2017\/07\/CE-10-768x512.jpg 768w, https:\/\/www.prestigemag.co\/wp-content\/uploads\/2017\/07\/CE-10-150x100.jpg 150w, https:\/\/www.prestigemag.co\/wp-content\/uploads\/2017\/07\/CE-10-562x375.jpg 562w, https:\/\/www.prestigemag.co\/wp-content\/uploads\/2017\/07\/CE-10-187x125.jpg 187w, https:\/\/www.prestigemag.co\/wp-content\/uploads\/2017\/07\/CE-10-100x67.jpg 100w\" sizes=\"(max-width: 787px) 100vw, 787px\" \/><\/noscript><\/a> Olivier Naufal et Nancy Habre. \u00a9 Le Gray<\/figcaption><\/figure>\n<p>&nbsp;<\/p>\n<p>&nbsp;<\/p>\n<figure id=\"attachment_13182\" aria-describedby=\"caption-attachment-13182\" style=\"width: 787px\" class=\"wp-caption aligncenter\"><a href=\"http:\/\/www.prestigemag.co\/wp-content\/uploads\/2017\/07\/CE-11.jpg\"><img src=\"data:image\/svg+xml,%3Csvg%20xmlns='http:\/\/www.w3.org\/2000\/svg'%20viewBox='0%200%20787%20525'%3E%3C\/svg%3E\" class=\"zeen-lazy-load-base zeen-lazy-load wp-image-13182 size-full\" data-lazy-src=\"http:\/\/www.prestigemag.co\/wp-content\/uploads\/2017\/07\/CE-11.jpg\" alt=\"\" width=\"787\" height=\"525\" data-lazy-srcset=\"https:\/\/www.prestigemag.co\/wp-content\/uploads\/2017\/07\/CE-11.jpg 787w, https:\/\/www.prestigemag.co\/wp-content\/uploads\/2017\/07\/CE-11-300x200.jpg 300w, https:\/\/www.prestigemag.co\/wp-content\/uploads\/2017\/07\/CE-11-768x512.jpg 768w, https:\/\/www.prestigemag.co\/wp-content\/uploads\/2017\/07\/CE-11-150x100.jpg 150w, https:\/\/www.prestigemag.co\/wp-content\/uploads\/2017\/07\/CE-11-562x375.jpg 562w, https:\/\/www.prestigemag.co\/wp-content\/uploads\/2017\/07\/CE-11-187x125.jpg 187w, https:\/\/www.prestigemag.co\/wp-content\/uploads\/2017\/07\/CE-11-100x67.jpg 100w\" data-lazy-sizes=\"(max-width: 787px) 100vw, 787px\" \/><figcaption id=\"caption-attachment-13182\" class=\"wp-caption-text\"><noscript><img class=\"wp-image-13182 size-full\" src=\"http:\/\/www.prestigemag.co\/wp-content\/uploads\/2017\/07\/CE-11.jpg\" alt=\"\" width=\"787\" height=\"525\" srcset=\"https:\/\/www.prestigemag.co\/wp-content\/uploads\/2017\/07\/CE-11.jpg 787w, https:\/\/www.prestigemag.co\/wp-content\/uploads\/2017\/07\/CE-11-300x200.jpg 300w, https:\/\/www.prestigemag.co\/wp-content\/uploads\/2017\/07\/CE-11-768x512.jpg 768w, https:\/\/www.prestigemag.co\/wp-content\/uploads\/2017\/07\/CE-11-150x100.jpg 150w, https:\/\/www.prestigemag.co\/wp-content\/uploads\/2017\/07\/CE-11-562x375.jpg 562w, https:\/\/www.prestigemag.co\/wp-content\/uploads\/2017\/07\/CE-11-187x125.jpg 187w, https:\/\/www.prestigemag.co\/wp-content\/uploads\/2017\/07\/CE-11-100x67.jpg 100w\" sizes=\"(max-width: 787px) 100vw, 787px\" \/><\/noscript><\/a> Pendant la pr\u00e9sentation au Grand Salon. \u00a9 Le Gray<\/figcaption><\/figure>\n<p>&nbsp;<\/p>\n<p>&nbsp;<\/p>\n<figure id=\"attachment_13183\" aria-describedby=\"caption-attachment-13183\" style=\"width: 787px\" class=\"wp-caption aligncenter\"><a href=\"http:\/\/www.prestigemag.co\/wp-content\/uploads\/2017\/07\/CE-15.jpg\"><img src=\"data:image\/svg+xml,%3Csvg%20xmlns='http:\/\/www.w3.org\/2000\/svg'%20viewBox='0%200%20787%20525'%3E%3C\/svg%3E\" class=\"zeen-lazy-load-base zeen-lazy-load wp-image-13183 size-full\" data-lazy-src=\"http:\/\/www.prestigemag.co\/wp-content\/uploads\/2017\/07\/CE-15.jpg\" alt=\"\" width=\"787\" height=\"525\" data-lazy-srcset=\"https:\/\/www.prestigemag.co\/wp-content\/uploads\/2017\/07\/CE-15.jpg 787w, https:\/\/www.prestigemag.co\/wp-content\/uploads\/2017\/07\/CE-15-300x200.jpg 300w, https:\/\/www.prestigemag.co\/wp-content\/uploads\/2017\/07\/CE-15-768x512.jpg 768w, https:\/\/www.prestigemag.co\/wp-content\/uploads\/2017\/07\/CE-15-150x100.jpg 150w, https:\/\/www.prestigemag.co\/wp-content\/uploads\/2017\/07\/CE-15-562x375.jpg 562w, https:\/\/www.prestigemag.co\/wp-content\/uploads\/2017\/07\/CE-15-187x125.jpg 187w, https:\/\/www.prestigemag.co\/wp-content\/uploads\/2017\/07\/CE-15-100x67.jpg 100w\" data-lazy-sizes=\"(max-width: 787px) 100vw, 787px\" \/><figcaption id=\"caption-attachment-13183\" class=\"wp-caption-text\"><noscript><img class=\"wp-image-13183 size-full\" src=\"http:\/\/www.prestigemag.co\/wp-content\/uploads\/2017\/07\/CE-15.jpg\" alt=\"\" width=\"787\" height=\"525\" srcset=\"https:\/\/www.prestigemag.co\/wp-content\/uploads\/2017\/07\/CE-15.jpg 787w, https:\/\/www.prestigemag.co\/wp-content\/uploads\/2017\/07\/CE-15-300x200.jpg 300w, https:\/\/www.prestigemag.co\/wp-content\/uploads\/2017\/07\/CE-15-768x512.jpg 768w, https:\/\/www.prestigemag.co\/wp-content\/uploads\/2017\/07\/CE-15-150x100.jpg 150w, https:\/\/www.prestigemag.co\/wp-content\/uploads\/2017\/07\/CE-15-562x375.jpg 562w, https:\/\/www.prestigemag.co\/wp-content\/uploads\/2017\/07\/CE-15-187x125.jpg 187w, https:\/\/www.prestigemag.co\/wp-content\/uploads\/2017\/07\/CE-15-100x67.jpg 100w\" sizes=\"(max-width: 787px) 100vw, 787px\" \/><\/noscript><\/a> La Muse Room, une des salles d\u00e9voil\u00e9es. \u00a9 Le Gray<\/figcaption><\/figure>\n<p>&nbsp;<\/p>\n<p>&nbsp;<\/p>\n<figure id=\"attachment_13184\" aria-describedby=\"caption-attachment-13184\" style=\"width: 787px\" class=\"wp-caption aligncenter\"><a href=\"http:\/\/www.prestigemag.co\/wp-content\/uploads\/2017\/07\/CE-16.jpg\"><img src=\"data:image\/svg+xml,%3Csvg%20xmlns='http:\/\/www.w3.org\/2000\/svg'%20viewBox='0%200%20787%20525'%3E%3C\/svg%3E\" class=\"zeen-lazy-load-base zeen-lazy-load wp-image-13184 size-full\" data-lazy-src=\"http:\/\/www.prestigemag.co\/wp-content\/uploads\/2017\/07\/CE-16.jpg\" alt=\"\" width=\"787\" height=\"525\" data-lazy-srcset=\"https:\/\/www.prestigemag.co\/wp-content\/uploads\/2017\/07\/CE-16.jpg 787w, https:\/\/www.prestigemag.co\/wp-content\/uploads\/2017\/07\/CE-16-300x200.jpg 300w, https:\/\/www.prestigemag.co\/wp-content\/uploads\/2017\/07\/CE-16-768x512.jpg 768w, https:\/\/www.prestigemag.co\/wp-content\/uploads\/2017\/07\/CE-16-150x100.jpg 150w, https:\/\/www.prestigemag.co\/wp-content\/uploads\/2017\/07\/CE-16-562x375.jpg 562w, https:\/\/www.prestigemag.co\/wp-content\/uploads\/2017\/07\/CE-16-187x125.jpg 187w, https:\/\/www.prestigemag.co\/wp-content\/uploads\/2017\/07\/CE-16-100x67.jpg 100w\" data-lazy-sizes=\"(max-width: 787px) 100vw, 787px\" \/><figcaption id=\"caption-attachment-13184\" class=\"wp-caption-text\"><noscript><img class=\"wp-image-13184 size-full\" src=\"http:\/\/www.prestigemag.co\/wp-content\/uploads\/2017\/07\/CE-16.jpg\" alt=\"\" width=\"787\" height=\"525\" srcset=\"https:\/\/www.prestigemag.co\/wp-content\/uploads\/2017\/07\/CE-16.jpg 787w, https:\/\/www.prestigemag.co\/wp-content\/uploads\/2017\/07\/CE-16-300x200.jpg 300w, https:\/\/www.prestigemag.co\/wp-content\/uploads\/2017\/07\/CE-16-768x512.jpg 768w, https:\/\/www.prestigemag.co\/wp-content\/uploads\/2017\/07\/CE-16-150x100.jpg 150w, https:\/\/www.prestigemag.co\/wp-content\/uploads\/2017\/07\/CE-16-562x375.jpg 562w, https:\/\/www.prestigemag.co\/wp-content\/uploads\/2017\/07\/CE-16-187x125.jpg 187w, https:\/\/www.prestigemag.co\/wp-content\/uploads\/2017\/07\/CE-16-100x67.jpg 100w\" sizes=\"(max-width: 787px) 100vw, 787px\" \/><\/noscript><\/a> La Boardroom. \u00a9 Le Gray<\/figcaption><\/figure>\n<p>&nbsp;<\/p>\n<p>&nbsp;<\/p>\n<figure id=\"attachment_13185\" aria-describedby=\"caption-attachment-13185\" style=\"width: 787px\" class=\"wp-caption aligncenter\"><a href=\"http:\/\/www.prestigemag.co\/wp-content\/uploads\/2017\/07\/CE-21.jpg\"><img src=\"data:image\/svg+xml,%3Csvg%20xmlns='http:\/\/www.w3.org\/2000\/svg'%20viewBox='0%200%20787%20525'%3E%3C\/svg%3E\" class=\"zeen-lazy-load-base zeen-lazy-load wp-image-13185 size-full\" data-lazy-src=\"http:\/\/www.prestigemag.co\/wp-content\/uploads\/2017\/07\/CE-21.jpg\" alt=\"\" width=\"787\" height=\"525\" data-lazy-srcset=\"https:\/\/www.prestigemag.co\/wp-content\/uploads\/2017\/07\/CE-21.jpg 787w, https:\/\/www.prestigemag.co\/wp-content\/uploads\/2017\/07\/CE-21-300x200.jpg 300w, https:\/\/www.prestigemag.co\/wp-content\/uploads\/2017\/07\/CE-21-768x512.jpg 768w, https:\/\/www.prestigemag.co\/wp-content\/uploads\/2017\/07\/CE-21-150x100.jpg 150w, https:\/\/www.prestigemag.co\/wp-content\/uploads\/2017\/07\/CE-21-562x375.jpg 562w, https:\/\/www.prestigemag.co\/wp-content\/uploads\/2017\/07\/CE-21-187x125.jpg 187w, https:\/\/www.prestigemag.co\/wp-content\/uploads\/2017\/07\/CE-21-100x67.jpg 100w\" data-lazy-sizes=\"(max-width: 787px) 100vw, 787px\" \/><figcaption id=\"caption-attachment-13185\" class=\"wp-caption-text\"><noscript><img class=\"wp-image-13185 size-full\" src=\"http:\/\/www.prestigemag.co\/wp-content\/uploads\/2017\/07\/CE-21.jpg\" alt=\"\" width=\"787\" height=\"525\" srcset=\"https:\/\/www.prestigemag.co\/wp-content\/uploads\/2017\/07\/CE-21.jpg 787w, https:\/\/www.prestigemag.co\/wp-content\/uploads\/2017\/07\/CE-21-300x200.jpg 300w, https:\/\/www.prestigemag.co\/wp-content\/uploads\/2017\/07\/CE-21-768x512.jpg 768w, https:\/\/www.prestigemag.co\/wp-content\/uploads\/2017\/07\/CE-21-150x100.jpg 150w, https:\/\/www.prestigemag.co\/wp-content\/uploads\/2017\/07\/CE-21-562x375.jpg 562w, https:\/\/www.prestigemag.co\/wp-content\/uploads\/2017\/07\/CE-21-187x125.jpg 187w, https:\/\/www.prestigemag.co\/wp-content\/uploads\/2017\/07\/CE-21-100x67.jpg 100w\" sizes=\"(max-width: 787px) 100vw, 787px\" \/><\/noscript><\/a> Darine Medawar, Georges Ojeil, Lamia Kabchi, Georges Kabchi, Joumana Aoun, Rita Saad. \u00a9 Le Gray<\/figcaption><\/figure>\n","protected":false},"excerpt":{"rendered":"<p><em>Le Gray, Beyrouth vient de d\u00e9voiler son nouvel espace baptis\u00e9 Events and Conferences Spaces et qui comprend des salles de conf\u00e9rence et de banquet, une salle de projection, un lieu d&rsquo;exposition et un nouveau hall d&rsquo;entr\u00e9e.<\/em><\/p>\n","protected":false},"author":3,"featured_media":21737,"comment_status":"closed","ping_status":"closed","sticky":false,"template":"","format":"standard","meta":[],"categories":[13333,13360],"tags":[],"yoast_head":"<!-- This site is optimized with the Yoast SEO plugin v19.4 - https:\/\/yoast.com\/wordpress\/plugins\/seo\/ -->\n<title>Le Gray, Beyrouth d\u00e9voile son espace events and conferences - Prestige Magazine<\/title>\n<meta name=\"description\" content=\"Le Gray, Beyrouth vient de d\u00e9voiler son nouvel espace baptis\u00e9 Events and Conferences Spaces et qui comprend des salles de conf\u00e9rence et de banquet, une salle de projection, un lieu d&#039;exposition et un nouveau hall d&#039;entr\u00e9e.\" \/>\n<meta name=\"robots\" content=\"index, follow, max-snippet:-1, max-image-preview:large, max-video-preview:-1\" \/>\n<link rel=\"canonical\" href=\"https:\/\/www.prestigemag.co\/fr\/2017\/07\/le-gray-beyrouth-devoile-son-espace-events-and-conferences\/\" \/>\n<meta property=\"og:locale\" content=\"fr_FR\" \/>\n<meta property=\"og:type\" content=\"article\" \/>\n<meta property=\"og:title\" content=\"Le Gray, Beyrouth d\u00e9voile son espace events and conferences - Prestige Magazine\" \/>\n<meta property=\"og:description\" content=\"Le Gray, Beyrouth vient de d\u00e9voiler son nouvel espace baptis\u00e9 Events and Conferences Spaces et qui comprend des salles de conf\u00e9rence et de banquet, une salle de projection, un lieu d&#039;exposition et un nouveau hall d&#039;entr\u00e9e.\" \/>\n<meta property=\"og:url\" content=\"https:\/\/www.prestigemag.co\/fr\/2017\/07\/le-gray-beyrouth-devoile-son-espace-events-and-conferences\/\" \/>\n<meta property=\"og:site_name\" content=\"Prestige Magazine\" \/>\n<meta property=\"article:publisher\" content=\"https:\/\/www.facebook.com\/prestigemag.co\/\" \/>\n<meta property=\"article:published_time\" content=\"2017-07-28T11:33:54+00:00\" \/>\n<meta property=\"og:image\" content=\"https:\/\/www.prestigemag.co\/wp-content\/uploads\/2017\/07\/Untitled-1-22.jpg\" \/>\n\t<meta property=\"og:image:width\" content=\"1000\" \/>\n\t<meta property=\"og:image:height\" content=\"409\" \/>\n\t<meta property=\"og:image:type\" content=\"image\/jpeg\" \/>\n<meta name=\"author\" content=\"prestige\" \/>\n<meta name=\"twitter:card\" content=\"summary\" \/>\n<meta name=\"twitter:label1\" content=\"\u00c9crit par\" \/>\n\t<meta name=\"twitter:data1\" content=\"prestige\" \/>\n\t<meta name=\"twitter:label2\" content=\"Dur\u00e9e de lecture estim\u00e9e\" \/>\n\t<meta name=\"twitter:data2\" content=\"3 minutes\" \/>\n<script type=\"application\/ld+json\" class=\"yoast-schema-graph\">{\"@context\":\"https:\/\/schema.org\",\"@graph\":[{\"@type\":\"Organization\",\"@id\":\"https:\/\/www.prestigemag.co\/#organization\",\"name\":\"Prestige\",\"url\":\"https:\/\/www.prestigemag.co\/\",\"sameAs\":[\"https:\/\/www.instagram.com\/prestige.mag\/\",\"https:\/\/www.facebook.com\/prestigemag.co\/\"],\"logo\":{\"@type\":\"ImageObject\",\"inLanguage\":\"fr-FR\",\"@id\":\"https:\/\/www.prestigemag.co\/#\/schema\/logo\/image\/\",\"url\":\"https:\/\/www.prestigemag.co\/wp-content\/uploads\/2021\/11\/logo-Prestige-800x200-1.png\",\"contentUrl\":\"https:\/\/www.prestigemag.co\/wp-content\/uploads\/2021\/11\/logo-Prestige-800x200-1.png\",\"width\":800,\"height\":200,\"caption\":\"Prestige\"},\"image\":{\"@id\":\"https:\/\/www.prestigemag.co\/#\/schema\/logo\/image\/\"}},{\"@type\":\"WebSite\",\"@id\":\"https:\/\/www.prestigemag.co\/#website\",\"url\":\"https:\/\/www.prestigemag.co\/\",\"name\":\"Prestige Magazine\",\"description\":\"Le Monde Des C\u00e9l\u00e9brit\u00e9s\",\"publisher\":{\"@id\":\"https:\/\/www.prestigemag.co\/#organization\"},\"potentialAction\":[{\"@type\":\"SearchAction\",\"target\":{\"@type\":\"EntryPoint\",\"urlTemplate\":\"https:\/\/www.prestigemag.co\/?s={search_term_string}\"},\"query-input\":\"required name=search_term_string\"}],\"inLanguage\":\"fr-FR\"},{\"@type\":\"WebPage\",\"@id\":\"https:\/\/www.prestigemag.co\/fr\/2017\/07\/le-gray-beyrouth-devoile-son-espace-events-and-conferences\/\",\"url\":\"https:\/\/www.prestigemag.co\/fr\/2017\/07\/le-gray-beyrouth-devoile-son-espace-events-and-conferences\/\",\"name\":\"Le Gray, Beyrouth d\u00e9voile son espace events and conferences - Prestige Magazine\",\"isPartOf\":{\"@id\":\"https:\/\/www.prestigemag.co\/#website\"},\"datePublished\":\"2017-07-28T11:33:54+00:00\",\"dateModified\":\"2017-07-28T11:33:54+00:00\",\"description\":\"Le Gray, Beyrouth vient de d\u00e9voiler son nouvel espace baptis\u00e9 Events and Conferences Spaces et qui comprend des salles de conf\u00e9rence et de banquet, une salle de projection, un lieu d'exposition et un nouveau hall d'entr\u00e9e.\",\"breadcrumb\":{\"@id\":\"https:\/\/www.prestigemag.co\/fr\/2017\/07\/le-gray-beyrouth-devoile-son-espace-events-and-conferences\/#breadcrumb\"},\"inLanguage\":\"fr-FR\",\"potentialAction\":[{\"@type\":\"ReadAction\",\"target\":[\"https:\/\/www.prestigemag.co\/fr\/2017\/07\/le-gray-beyrouth-devoile-son-espace-events-and-conferences\/\"]}]},{\"@type\":\"BreadcrumbList\",\"@id\":\"https:\/\/www.prestigemag.co\/fr\/2017\/07\/le-gray-beyrouth-devoile-son-espace-events-and-conferences\/#breadcrumb\",\"itemListElement\":[{\"@type\":\"ListItem\",\"position\":1,\"name\":\"Home\",\"item\":\"https:\/\/www.prestigemag.co\/fr\/\"},{\"@type\":\"ListItem\",\"position\":2,\"name\":\"Le Gray, Beyrouth d\u00e9voile son espace events and conferences\"}]},{\"@type\":\"Article\",\"@id\":\"https:\/\/www.prestigemag.co\/fr\/2017\/07\/le-gray-beyrouth-devoile-son-espace-events-and-conferences\/#article\",\"isPartOf\":{\"@id\":\"https:\/\/www.prestigemag.co\/fr\/2017\/07\/le-gray-beyrouth-devoile-son-espace-events-and-conferences\/\"},\"author\":{\"name\":\"prestige\",\"@id\":\"https:\/\/www.prestigemag.co\/#\/schema\/person\/e3f149368970128d68bb2d797bf30fbc\"},\"headline\":\"Le Gray, Beyrouth d\u00e9voile son espace events and conferences\",\"datePublished\":\"2017-07-28T11:33:54+00:00\",\"dateModified\":\"2017-07-28T11:33:54+00:00\",\"mainEntityOfPage\":{\"@id\":\"https:\/\/www.prestigemag.co\/fr\/2017\/07\/le-gray-beyrouth-devoile-son-espace-events-and-conferences\/\"},\"wordCount\":546,\"publisher\":{\"@id\":\"https:\/\/www.prestigemag.co\/#organization\"},\"articleSection\":[\"\u00c9v\u00e9nements\",\"Inauguration\"],\"inLanguage\":\"fr-FR\"},{\"@type\":\"Person\",\"@id\":\"https:\/\/www.prestigemag.co\/#\/schema\/person\/e3f149368970128d68bb2d797bf30fbc\",\"name\":\"prestige\",\"image\":{\"@type\":\"ImageObject\",\"inLanguage\":\"fr-FR\",\"@id\":\"https:\/\/www.prestigemag.co\/#\/schema\/person\/image\/\",\"url\":\"https:\/\/secure.gravatar.com\/avatar\/0aa2dff5484d35e50578639a2c3ccef9?s=96&d=mm&r=g\",\"contentUrl\":\"https:\/\/secure.gravatar.com\/avatar\/0aa2dff5484d35e50578639a2c3ccef9?s=96&d=mm&r=g\",\"caption\":\"prestige\"},\"url\":\"https:\/\/www.prestigemag.co\/fr\/author\/prestige\/\"}]}<\/script>\n<!-- \/ Yoast SEO plugin. -->","yoast_head_json":{"title":"Le Gray, Beyrouth d\u00e9voile son espace events and conferences - Prestige Magazine","description":"Le Gray, Beyrouth vient de d\u00e9voiler son nouvel espace baptis\u00e9 Events and Conferences Spaces et qui comprend des salles de conf\u00e9rence et de banquet, une salle de projection, un lieu d'exposition et un nouveau hall d'entr\u00e9e.","robots":{"index":"index","follow":"follow","max-snippet":"max-snippet:-1","max-image-preview":"max-image-preview:large","max-video-preview":"max-video-preview:-1"},"canonical":"https:\/\/www.prestigemag.co\/fr\/2017\/07\/le-gray-beyrouth-devoile-son-espace-events-and-conferences\/","og_locale":"fr_FR","og_type":"article","og_title":"Le Gray, Beyrouth d\u00e9voile son espace events and conferences - Prestige Magazine","og_description":"Le Gray, Beyrouth vient de d\u00e9voiler son nouvel espace baptis\u00e9 Events and Conferences Spaces et qui comprend des salles de conf\u00e9rence et de banquet, une salle de projection, un lieu d'exposition et un nouveau hall d'entr\u00e9e.","og_url":"https:\/\/www.prestigemag.co\/fr\/2017\/07\/le-gray-beyrouth-devoile-son-espace-events-and-conferences\/","og_site_name":"Prestige Magazine","article_publisher":"https:\/\/www.facebook.com\/prestigemag.co\/","article_published_time":"2017-07-28T11:33:54+00:00","og_image":[{"width":1000,"height":409,"url":"https:\/\/www.prestigemag.co\/wp-content\/uploads\/2017\/07\/Untitled-1-22.jpg","type":"image\/jpeg"}],"author":"prestige","twitter_card":"summary","twitter_misc":{"\u00c9crit par":"prestige","Dur\u00e9e de lecture estim\u00e9e":"3 minutes"},"schema":{"@context":"https:\/\/schema.org","@graph":[{"@type":"Organization","@id":"https:\/\/www.prestigemag.co\/#organization","name":"Prestige","url":"https:\/\/www.prestigemag.co\/","sameAs":["https:\/\/www.instagram.com\/prestige.mag\/","https:\/\/www.facebook.com\/prestigemag.co\/"],"logo":{"@type":"ImageObject","inLanguage":"fr-FR","@id":"https:\/\/www.prestigemag.co\/#\/schema\/logo\/image\/","url":"https:\/\/www.prestigemag.co\/wp-content\/uploads\/2021\/11\/logo-Prestige-800x200-1.png","contentUrl":"https:\/\/www.prestigemag.co\/wp-content\/uploads\/2021\/11\/logo-Prestige-800x200-1.png","width":800,"height":200,"caption":"Prestige"},"image":{"@id":"https:\/\/www.prestigemag.co\/#\/schema\/logo\/image\/"}},{"@type":"WebSite","@id":"https:\/\/www.prestigemag.co\/#website","url":"https:\/\/www.prestigemag.co\/","name":"Prestige Magazine","description":"Le Monde Des C\u00e9l\u00e9brit\u00e9s","publisher":{"@id":"https:\/\/www.prestigemag.co\/#organization"},"potentialAction":[{"@type":"SearchAction","target":{"@type":"EntryPoint","urlTemplate":"https:\/\/www.prestigemag.co\/?s={search_term_string}"},"query-input":"required name=search_term_string"}],"inLanguage":"fr-FR"},{"@type":"WebPage","@id":"https:\/\/www.prestigemag.co\/fr\/2017\/07\/le-gray-beyrouth-devoile-son-espace-events-and-conferences\/","url":"https:\/\/www.prestigemag.co\/fr\/2017\/07\/le-gray-beyrouth-devoile-son-espace-events-and-conferences\/","name":"Le Gray, Beyrouth d\u00e9voile son espace events and conferences - Prestige Magazine","isPartOf":{"@id":"https:\/\/www.prestigemag.co\/#website"},"datePublished":"2017-07-28T11:33:54+00:00","dateModified":"2017-07-28T11:33:54+00:00","description":"Le Gray, Beyrouth vient de d\u00e9voiler son nouvel espace baptis\u00e9 Events and Conferences Spaces et qui comprend des salles de conf\u00e9rence et de banquet, une salle de projection, un lieu d'exposition et un nouveau hall d'entr\u00e9e.","breadcrumb":{"@id":"https:\/\/www.prestigemag.co\/fr\/2017\/07\/le-gray-beyrouth-devoile-son-espace-events-and-conferences\/#breadcrumb"},"inLanguage":"fr-FR","potentialAction":[{"@type":"ReadAction","target":["https:\/\/www.prestigemag.co\/fr\/2017\/07\/le-gray-beyrouth-devoile-son-espace-events-and-conferences\/"]}]},{"@type":"BreadcrumbList","@id":"https:\/\/www.prestigemag.co\/fr\/2017\/07\/le-gray-beyrouth-devoile-son-espace-events-and-conferences\/#breadcrumb","itemListElement":[{"@type":"ListItem","position":1,"name":"Home","item":"https:\/\/www.prestigemag.co\/fr\/"},{"@type":"ListItem","position":2,"name":"Le Gray, Beyrouth d\u00e9voile son espace events and conferences"}]},{"@type":"Article","@id":"https:\/\/www.prestigemag.co\/fr\/2017\/07\/le-gray-beyrouth-devoile-son-espace-events-and-conferences\/#article","isPartOf":{"@id":"https:\/\/www.prestigemag.co\/fr\/2017\/07\/le-gray-beyrouth-devoile-son-espace-events-and-conferences\/"},"author":{"name":"prestige","@id":"https:\/\/www.prestigemag.co\/#\/schema\/person\/e3f149368970128d68bb2d797bf30fbc"},"headline":"Le Gray, Beyrouth d\u00e9voile son espace events and conferences","datePublished":"2017-07-28T11:33:54+00:00","dateModified":"2017-07-28T11:33:54+00:00","mainEntityOfPage":{"@id":"https:\/\/www.prestigemag.co\/fr\/2017\/07\/le-gray-beyrouth-devoile-son-espace-events-and-conferences\/"},"wordCount":546,"publisher":{"@id":"https:\/\/www.prestigemag.co\/#organization"},"articleSection":["\u00c9v\u00e9nements","Inauguration"],"inLanguage":"fr-FR"},{"@type":"Person","@id":"https:\/\/www.prestigemag.co\/#\/schema\/person\/e3f149368970128d68bb2d797bf30fbc","name":"prestige","image":{"@type":"ImageObject","inLanguage":"fr-FR","@id":"https:\/\/www.prestigemag.co\/#\/schema\/person\/image\/","url":"https:\/\/secure.gravatar.com\/avatar\/0aa2dff5484d35e50578639a2c3ccef9?s=96&d=mm&r=g","contentUrl":"https:\/\/secure.gravatar.com\/avatar\/0aa2dff5484d35e50578639a2c3ccef9?s=96&d=mm&r=g","caption":"prestige"},"url":"https:\/\/www.prestigemag.co\/fr\/author\/prestige\/"}]}},"_links":{"self":[{"href":"https:\/\/www.prestigemag.co\/fr\/wp-json\/wp\/v2\/posts\/21736"}],"collection":[{"href":"https:\/\/www.prestigemag.co\/fr\/wp-json\/wp\/v2\/posts"}],"about":[{"href":"https:\/\/www.prestigemag.co\/fr\/wp-json\/wp\/v2\/types\/post"}],"author":[{"embeddable":true,"href":"https:\/\/www.prestigemag.co\/fr\/wp-json\/wp\/v2\/users\/3"}],"replies":[{"embeddable":true,"href":"https:\/\/www.prestigemag.co\/fr\/wp-json\/wp\/v2\/comments?post=21736"}],"version-history":[{"count":0,"href":"https:\/\/www.prestigemag.co\/fr\/wp-json\/wp\/v2\/posts\/21736\/revisions"}],"wp:featuredmedia":[{"embeddable":true,"href":"https:\/\/www.prestigemag.co\/fr\/wp-json\/wp\/v2\/media\/21737"}],"wp:attachment":[{"href":"https:\/\/www.prestigemag.co\/fr\/wp-json\/wp\/v2\/media?parent=21736"}],"wp:term":[{"taxonomy":"category","embeddable":true,"href":"https:\/\/www.prestigemag.co\/fr\/wp-json\/wp\/v2\/categories?post=21736"},{"taxonomy":"post_tag","embeddable":true,"href":"https:\/\/www.prestigemag.co\/fr\/wp-json\/wp\/v2\/tags?post=21736"}],"curies":[{"name":"wp","href":"https:\/\/api.w.org\/{rel}","templated":true}]}}