{"id":21760,"date":"2017-08-21T11:46:34","date_gmt":"2017-08-21T11:46:34","guid":{"rendered":"http:\/\/www.prestigemag.co\/2017\/08\/la-premiere-dame-participe-au-diner-du-bal-du-cedre\/"},"modified":"2017-08-21T11:46:34","modified_gmt":"2017-08-21T11:46:34","slug":"la-premiere-dame-participe-au-diner-du-bal-du-cedre","status":"publish","type":"post","link":"https:\/\/www.prestigemag.co\/fr\/2017\/08\/la-premiere-dame-participe-au-diner-du-bal-du-cedre\/","title":{"rendered":"La premi\u00e8re dame participe au d\u00eener du Bal du C\u00e8dre"},"content":{"rendered":"<figure id=\"attachment_13235\" aria-describedby=\"caption-attachment-13235\" style=\"width: 1000px\" class=\"wp-caption aligncenter\"><a href=\"http:\/\/www.prestigemag.co\/wp-content\/uploads\/2017\/08\/Untitled-1-3.jpg\"><img src=\"data:image\/svg+xml,%3Csvg%20xmlns='http:\/\/www.w3.org\/2000\/svg'%20viewBox='0%200%201000%20409'%3E%3C\/svg%3E\" class=\"zeen-lazy-load-base zeen-lazy-load wp-image-13235 size-full\" data-lazy-src=\"http:\/\/www.prestigemag.co\/wp-content\/uploads\/2017\/08\/Untitled-1-3.jpg\" alt=\"\" width=\"1000\" height=\"409\" data-lazy-srcset=\"https:\/\/www.prestigemag.co\/wp-content\/uploads\/2017\/08\/Untitled-1-3.jpg 1000w, https:\/\/www.prestigemag.co\/wp-content\/uploads\/2017\/08\/Untitled-1-3-300x123.jpg 300w, https:\/\/www.prestigemag.co\/wp-content\/uploads\/2017\/08\/Untitled-1-3-770x315.jpg 770w, https:\/\/www.prestigemag.co\/wp-content\/uploads\/2017\/08\/Untitled-1-3-293x120.jpg 293w, https:\/\/www.prestigemag.co\/wp-content\/uploads\/2017\/08\/Untitled-1-3-390x160.jpg 390w, https:\/\/www.prestigemag.co\/wp-content\/uploads\/2017\/08\/Untitled-1-3-768x314.jpg 768w, https:\/\/www.prestigemag.co\/wp-content\/uploads\/2017\/08\/Untitled-1-3-150x61.jpg 150w, https:\/\/www.prestigemag.co\/wp-content\/uploads\/2017\/08\/Untitled-1-3-600x245.jpg 600w, https:\/\/www.prestigemag.co\/wp-content\/uploads\/2017\/08\/Untitled-1-3-291x119.jpg 291w, https:\/\/www.prestigemag.co\/wp-content\/uploads\/2017\/08\/Untitled-1-3-164x67.jpg 164w\" data-lazy-sizes=\"(max-width: 1000px) 100vw, 1000px\" \/><figcaption id=\"caption-attachment-13235\" class=\"wp-caption-text\"><noscript><img class=\"wp-image-13235 size-full\" src=\"http:\/\/www.prestigemag.co\/wp-content\/uploads\/2017\/08\/Untitled-1-3.jpg\" alt=\"\" width=\"1000\" height=\"409\" srcset=\"https:\/\/www.prestigemag.co\/wp-content\/uploads\/2017\/08\/Untitled-1-3.jpg 1000w, https:\/\/www.prestigemag.co\/wp-content\/uploads\/2017\/08\/Untitled-1-3-300x123.jpg 300w, https:\/\/www.prestigemag.co\/wp-content\/uploads\/2017\/08\/Untitled-1-3-770x315.jpg 770w, https:\/\/www.prestigemag.co\/wp-content\/uploads\/2017\/08\/Untitled-1-3-293x120.jpg 293w, https:\/\/www.prestigemag.co\/wp-content\/uploads\/2017\/08\/Untitled-1-3-390x160.jpg 390w, https:\/\/www.prestigemag.co\/wp-content\/uploads\/2017\/08\/Untitled-1-3-768x314.jpg 768w, https:\/\/www.prestigemag.co\/wp-content\/uploads\/2017\/08\/Untitled-1-3-150x61.jpg 150w, https:\/\/www.prestigemag.co\/wp-content\/uploads\/2017\/08\/Untitled-1-3-600x245.jpg 600w, https:\/\/www.prestigemag.co\/wp-content\/uploads\/2017\/08\/Untitled-1-3-291x119.jpg 291w, https:\/\/www.prestigemag.co\/wp-content\/uploads\/2017\/08\/Untitled-1-3-164x67.jpg 164w\" sizes=\"(max-width: 1000px) 100vw, 1000px\" \/><\/noscript><\/a> La premi\u00e8re dame au d\u008d\u008diner du Bal du C\u00e8dre.<\/figcaption><\/figure>\n<p>&nbsp;<\/p>\n<p>La premi\u00e8re dame met au premier plan de ses occupations, le soutien aux h\u00f4pitaux gouvernementaux. Elle a particip\u00e9 samedi au d\u00eener organis\u00e9 par l\u2019association Assameh Birth &amp; Beyond dans la r\u00e9sidence d\u2019\u00e9t\u00e9 \u00e0 Beiteddine. Les fonds collect\u00e9s iront \u00e0 la section p\u00e9diatrie de l\u2019h\u00f4pital gouvernemental de la Quarantaine qui fournit les traitements m\u00e9dicaux aux enfants et nourrissons de militaires et de familles libanaises.<\/p>\n<p>&nbsp;<\/p>\n","protected":false},"excerpt":{"rendered":"<p><em>La premi\u00e8re dame met au premier plan de ses occupations, le soutien aux h\u00f4pitaux gouvernementaux. Elle a particip\u00e9 samedi au d\u00eener organis\u00e9 par l\u2019association Assameh Birth &#038; Beyond dans la r\u00e9sidence d\u2019\u00e9t\u00e9 \u00e0 Beiteddine<\/em><\/p>\n","protected":false},"author":3,"featured_media":21761,"comment_status":"closed","ping_status":"closed","sticky":false,"template":"","format":"standard","meta":[],"categories":[13359,13333],"tags":[],"yoast_head":"<!-- This site is optimized with the Yoast SEO plugin v19.4 - https:\/\/yoast.com\/wordpress\/plugins\/seo\/ -->\n<title>La premi\u00e8re dame participe au d\u00eener du Bal du C\u00e8dre - Prestige Magazine<\/title>\n<meta name=\"description\" content=\"La premi\u00e8re dame met au premier plan de ses occupations, le soutien aux h\u00f4pitaux gouvernementaux. Elle a particip\u00e9 samedi au d\u00eener organis\u00e9 par l\u2019association Assameh Birth &amp; Beyond dans la r\u00e9sidence d\u2019\u00e9t\u00e9 \u00e0 Beiteddine\" \/>\n<meta name=\"robots\" content=\"index, follow, max-snippet:-1, max-image-preview:large, max-video-preview:-1\" \/>\n<link rel=\"canonical\" href=\"https:\/\/www.prestigemag.co\/fr\/2017\/08\/la-premiere-dame-participe-au-diner-du-bal-du-cedre\/\" \/>\n<meta property=\"og:locale\" content=\"fr_FR\" \/>\n<meta property=\"og:type\" content=\"article\" \/>\n<meta property=\"og:title\" content=\"La premi\u00e8re dame participe au d\u00eener du Bal du C\u00e8dre - Prestige Magazine\" \/>\n<meta property=\"og:description\" content=\"La premi\u00e8re dame met au premier plan de ses occupations, le soutien aux h\u00f4pitaux gouvernementaux. Elle a particip\u00e9 samedi au d\u00eener organis\u00e9 par l\u2019association Assameh Birth &amp; Beyond dans la r\u00e9sidence d\u2019\u00e9t\u00e9 \u00e0 Beiteddine\" \/>\n<meta property=\"og:url\" content=\"https:\/\/www.prestigemag.co\/fr\/2017\/08\/la-premiere-dame-participe-au-diner-du-bal-du-cedre\/\" \/>\n<meta property=\"og:site_name\" content=\"Prestige Magazine\" \/>\n<meta property=\"article:publisher\" content=\"https:\/\/www.facebook.com\/prestigemag.co\/\" \/>\n<meta property=\"article:published_time\" content=\"2017-08-21T11:46:34+00:00\" \/>\n<meta property=\"og:image\" content=\"https:\/\/www.prestigemag.co\/wp-content\/uploads\/2017\/08\/Untitled-1-3.jpg\" \/>\n\t<meta property=\"og:image:width\" content=\"1000\" \/>\n\t<meta property=\"og:image:height\" content=\"409\" \/>\n\t<meta property=\"og:image:type\" content=\"image\/jpeg\" \/>\n<meta name=\"author\" content=\"prestige\" \/>\n<meta name=\"twitter:card\" content=\"summary\" \/>\n<meta name=\"twitter:label1\" content=\"\u00c9crit par\" \/>\n\t<meta name=\"twitter:data1\" content=\"prestige\" \/>\n<script type=\"application\/ld+json\" class=\"yoast-schema-graph\">{\"@context\":\"https:\/\/schema.org\",\"@graph\":[{\"@type\":\"Organization\",\"@id\":\"https:\/\/www.prestigemag.co\/#organization\",\"name\":\"Prestige\",\"url\":\"https:\/\/www.prestigemag.co\/\",\"sameAs\":[\"https:\/\/www.instagram.com\/prestige.mag\/\",\"https:\/\/www.facebook.com\/prestigemag.co\/\"],\"logo\":{\"@type\":\"ImageObject\",\"inLanguage\":\"fr-FR\",\"@id\":\"https:\/\/www.prestigemag.co\/#\/schema\/logo\/image\/\",\"url\":\"https:\/\/www.prestigemag.co\/wp-content\/uploads\/2021\/11\/logo-Prestige-800x200-1.png\",\"contentUrl\":\"https:\/\/www.prestigemag.co\/wp-content\/uploads\/2021\/11\/logo-Prestige-800x200-1.png\",\"width\":800,\"height\":200,\"caption\":\"Prestige\"},\"image\":{\"@id\":\"https:\/\/www.prestigemag.co\/#\/schema\/logo\/image\/\"}},{\"@type\":\"WebSite\",\"@id\":\"https:\/\/www.prestigemag.co\/#website\",\"url\":\"https:\/\/www.prestigemag.co\/\",\"name\":\"Prestige Magazine\",\"description\":\"Le Monde Des C\u00e9l\u00e9brit\u00e9s\",\"publisher\":{\"@id\":\"https:\/\/www.prestigemag.co\/#organization\"},\"potentialAction\":[{\"@type\":\"SearchAction\",\"target\":{\"@type\":\"EntryPoint\",\"urlTemplate\":\"https:\/\/www.prestigemag.co\/?s={search_term_string}\"},\"query-input\":\"required name=search_term_string\"}],\"inLanguage\":\"fr-FR\"},{\"@type\":\"WebPage\",\"@id\":\"https:\/\/www.prestigemag.co\/fr\/2017\/08\/la-premiere-dame-participe-au-diner-du-bal-du-cedre\/\",\"url\":\"https:\/\/www.prestigemag.co\/fr\/2017\/08\/la-premiere-dame-participe-au-diner-du-bal-du-cedre\/\",\"name\":\"La premi\u00e8re dame participe au d\u00eener du Bal du C\u00e8dre - Prestige Magazine\",\"isPartOf\":{\"@id\":\"https:\/\/www.prestigemag.co\/#website\"},\"datePublished\":\"2017-08-21T11:46:34+00:00\",\"dateModified\":\"2017-08-21T11:46:34+00:00\",\"description\":\"La premi\u00e8re dame met au premier plan de ses occupations, le soutien aux h\u00f4pitaux gouvernementaux. Elle a particip\u00e9 samedi au d\u00eener organis\u00e9 par l\u2019association Assameh Birth & Beyond dans la r\u00e9sidence d\u2019\u00e9t\u00e9 \u00e0 Beiteddine\",\"breadcrumb\":{\"@id\":\"https:\/\/www.prestigemag.co\/fr\/2017\/08\/la-premiere-dame-participe-au-diner-du-bal-du-cedre\/#breadcrumb\"},\"inLanguage\":\"fr-FR\",\"potentialAction\":[{\"@type\":\"ReadAction\",\"target\":[\"https:\/\/www.prestigemag.co\/fr\/2017\/08\/la-premiere-dame-participe-au-diner-du-bal-du-cedre\/\"]}]},{\"@type\":\"BreadcrumbList\",\"@id\":\"https:\/\/www.prestigemag.co\/fr\/2017\/08\/la-premiere-dame-participe-au-diner-du-bal-du-cedre\/#breadcrumb\",\"itemListElement\":[{\"@type\":\"ListItem\",\"position\":1,\"name\":\"Home\",\"item\":\"https:\/\/www.prestigemag.co\/fr\/\"},{\"@type\":\"ListItem\",\"position\":2,\"name\":\"La premi\u00e8re dame participe au d\u00eener du Bal du C\u00e8dre\"}]},{\"@type\":\"Article\",\"@id\":\"https:\/\/www.prestigemag.co\/fr\/2017\/08\/la-premiere-dame-participe-au-diner-du-bal-du-cedre\/#article\",\"isPartOf\":{\"@id\":\"https:\/\/www.prestigemag.co\/fr\/2017\/08\/la-premiere-dame-participe-au-diner-du-bal-du-cedre\/\"},\"author\":{\"name\":\"prestige\",\"@id\":\"https:\/\/www.prestigemag.co\/#\/schema\/person\/e3f149368970128d68bb2d797bf30fbc\"},\"headline\":\"La premi\u00e8re dame participe au d\u00eener du Bal du C\u00e8dre\",\"datePublished\":\"2017-08-21T11:46:34+00:00\",\"dateModified\":\"2017-08-21T11:46:34+00:00\",\"mainEntityOfPage\":{\"@id\":\"https:\/\/www.prestigemag.co\/fr\/2017\/08\/la-premiere-dame-participe-au-diner-du-bal-du-cedre\/\"},\"wordCount\":106,\"publisher\":{\"@id\":\"https:\/\/www.prestigemag.co\/#organization\"},\"articleSection\":[\"D\u00eeners &amp; Cocktails\",\"\u00c9v\u00e9nements\"],\"inLanguage\":\"fr-FR\"},{\"@type\":\"Person\",\"@id\":\"https:\/\/www.prestigemag.co\/#\/schema\/person\/e3f149368970128d68bb2d797bf30fbc\",\"name\":\"prestige\",\"image\":{\"@type\":\"ImageObject\",\"inLanguage\":\"fr-FR\",\"@id\":\"https:\/\/www.prestigemag.co\/#\/schema\/person\/image\/\",\"url\":\"https:\/\/secure.gravatar.com\/avatar\/0aa2dff5484d35e50578639a2c3ccef9?s=96&d=mm&r=g\",\"contentUrl\":\"https:\/\/secure.gravatar.com\/avatar\/0aa2dff5484d35e50578639a2c3ccef9?s=96&d=mm&r=g\",\"caption\":\"prestige\"},\"url\":\"https:\/\/www.prestigemag.co\/fr\/author\/prestige\/\"}]}<\/script>\n<!-- \/ Yoast SEO plugin. -->","yoast_head_json":{"title":"La premi\u00e8re dame participe au d\u00eener du Bal du C\u00e8dre - Prestige Magazine","description":"La premi\u00e8re dame met au premier plan de ses occupations, le soutien aux h\u00f4pitaux gouvernementaux. Elle a particip\u00e9 samedi au d\u00eener organis\u00e9 par l\u2019association Assameh Birth & Beyond dans la r\u00e9sidence d\u2019\u00e9t\u00e9 \u00e0 Beiteddine","robots":{"index":"index","follow":"follow","max-snippet":"max-snippet:-1","max-image-preview":"max-image-preview:large","max-video-preview":"max-video-preview:-1"},"canonical":"https:\/\/www.prestigemag.co\/fr\/2017\/08\/la-premiere-dame-participe-au-diner-du-bal-du-cedre\/","og_locale":"fr_FR","og_type":"article","og_title":"La premi\u00e8re dame participe au d\u00eener du Bal du C\u00e8dre - Prestige Magazine","og_description":"La premi\u00e8re dame met au premier plan de ses occupations, le soutien aux h\u00f4pitaux gouvernementaux. Elle a particip\u00e9 samedi au d\u00eener organis\u00e9 par l\u2019association Assameh Birth & Beyond dans la r\u00e9sidence d\u2019\u00e9t\u00e9 \u00e0 Beiteddine","og_url":"https:\/\/www.prestigemag.co\/fr\/2017\/08\/la-premiere-dame-participe-au-diner-du-bal-du-cedre\/","og_site_name":"Prestige Magazine","article_publisher":"https:\/\/www.facebook.com\/prestigemag.co\/","article_published_time":"2017-08-21T11:46:34+00:00","og_image":[{"width":1000,"height":409,"url":"https:\/\/www.prestigemag.co\/wp-content\/uploads\/2017\/08\/Untitled-1-3.jpg","type":"image\/jpeg"}],"author":"prestige","twitter_card":"summary","twitter_misc":{"\u00c9crit par":"prestige"},"schema":{"@context":"https:\/\/schema.org","@graph":[{"@type":"Organization","@id":"https:\/\/www.prestigemag.co\/#organization","name":"Prestige","url":"https:\/\/www.prestigemag.co\/","sameAs":["https:\/\/www.instagram.com\/prestige.mag\/","https:\/\/www.facebook.com\/prestigemag.co\/"],"logo":{"@type":"ImageObject","inLanguage":"fr-FR","@id":"https:\/\/www.prestigemag.co\/#\/schema\/logo\/image\/","url":"https:\/\/www.prestigemag.co\/wp-content\/uploads\/2021\/11\/logo-Prestige-800x200-1.png","contentUrl":"https:\/\/www.prestigemag.co\/wp-content\/uploads\/2021\/11\/logo-Prestige-800x200-1.png","width":800,"height":200,"caption":"Prestige"},"image":{"@id":"https:\/\/www.prestigemag.co\/#\/schema\/logo\/image\/"}},{"@type":"WebSite","@id":"https:\/\/www.prestigemag.co\/#website","url":"https:\/\/www.prestigemag.co\/","name":"Prestige Magazine","description":"Le Monde Des C\u00e9l\u00e9brit\u00e9s","publisher":{"@id":"https:\/\/www.prestigemag.co\/#organization"},"potentialAction":[{"@type":"SearchAction","target":{"@type":"EntryPoint","urlTemplate":"https:\/\/www.prestigemag.co\/?s={search_term_string}"},"query-input":"required name=search_term_string"}],"inLanguage":"fr-FR"},{"@type":"WebPage","@id":"https:\/\/www.prestigemag.co\/fr\/2017\/08\/la-premiere-dame-participe-au-diner-du-bal-du-cedre\/","url":"https:\/\/www.prestigemag.co\/fr\/2017\/08\/la-premiere-dame-participe-au-diner-du-bal-du-cedre\/","name":"La premi\u00e8re dame participe au d\u00eener du Bal du C\u00e8dre - Prestige Magazine","isPartOf":{"@id":"https:\/\/www.prestigemag.co\/#website"},"datePublished":"2017-08-21T11:46:34+00:00","dateModified":"2017-08-21T11:46:34+00:00","description":"La premi\u00e8re dame met au premier plan de ses occupations, le soutien aux h\u00f4pitaux gouvernementaux. Elle a particip\u00e9 samedi au d\u00eener organis\u00e9 par l\u2019association Assameh Birth & Beyond dans la r\u00e9sidence d\u2019\u00e9t\u00e9 \u00e0 Beiteddine","breadcrumb":{"@id":"https:\/\/www.prestigemag.co\/fr\/2017\/08\/la-premiere-dame-participe-au-diner-du-bal-du-cedre\/#breadcrumb"},"inLanguage":"fr-FR","potentialAction":[{"@type":"ReadAction","target":["https:\/\/www.prestigemag.co\/fr\/2017\/08\/la-premiere-dame-participe-au-diner-du-bal-du-cedre\/"]}]},{"@type":"BreadcrumbList","@id":"https:\/\/www.prestigemag.co\/fr\/2017\/08\/la-premiere-dame-participe-au-diner-du-bal-du-cedre\/#breadcrumb","itemListElement":[{"@type":"ListItem","position":1,"name":"Home","item":"https:\/\/www.prestigemag.co\/fr\/"},{"@type":"ListItem","position":2,"name":"La premi\u00e8re dame participe au d\u00eener du Bal du C\u00e8dre"}]},{"@type":"Article","@id":"https:\/\/www.prestigemag.co\/fr\/2017\/08\/la-premiere-dame-participe-au-diner-du-bal-du-cedre\/#article","isPartOf":{"@id":"https:\/\/www.prestigemag.co\/fr\/2017\/08\/la-premiere-dame-participe-au-diner-du-bal-du-cedre\/"},"author":{"name":"prestige","@id":"https:\/\/www.prestigemag.co\/#\/schema\/person\/e3f149368970128d68bb2d797bf30fbc"},"headline":"La premi\u00e8re dame participe au d\u00eener du Bal du C\u00e8dre","datePublished":"2017-08-21T11:46:34+00:00","dateModified":"2017-08-21T11:46:34+00:00","mainEntityOfPage":{"@id":"https:\/\/www.prestigemag.co\/fr\/2017\/08\/la-premiere-dame-participe-au-diner-du-bal-du-cedre\/"},"wordCount":106,"publisher":{"@id":"https:\/\/www.prestigemag.co\/#organization"},"articleSection":["D\u00eeners &amp; Cocktails","\u00c9v\u00e9nements"],"inLanguage":"fr-FR"},{"@type":"Person","@id":"https:\/\/www.prestigemag.co\/#\/schema\/person\/e3f149368970128d68bb2d797bf30fbc","name":"prestige","image":{"@type":"ImageObject","inLanguage":"fr-FR","@id":"https:\/\/www.prestigemag.co\/#\/schema\/person\/image\/","url":"https:\/\/secure.gravatar.com\/avatar\/0aa2dff5484d35e50578639a2c3ccef9?s=96&d=mm&r=g","contentUrl":"https:\/\/secure.gravatar.com\/avatar\/0aa2dff5484d35e50578639a2c3ccef9?s=96&d=mm&r=g","caption":"prestige"},"url":"https:\/\/www.prestigemag.co\/fr\/author\/prestige\/"}]}},"_links":{"self":[{"href":"https:\/\/www.prestigemag.co\/fr\/wp-json\/wp\/v2\/posts\/21760"}],"collection":[{"href":"https:\/\/www.prestigemag.co\/fr\/wp-json\/wp\/v2\/posts"}],"about":[{"href":"https:\/\/www.prestigemag.co\/fr\/wp-json\/wp\/v2\/types\/post"}],"author":[{"embeddable":true,"href":"https:\/\/www.prestigemag.co\/fr\/wp-json\/wp\/v2\/users\/3"}],"replies":[{"embeddable":true,"href":"https:\/\/www.prestigemag.co\/fr\/wp-json\/wp\/v2\/comments?post=21760"}],"version-history":[{"count":0,"href":"https:\/\/www.prestigemag.co\/fr\/wp-json\/wp\/v2\/posts\/21760\/revisions"}],"wp:featuredmedia":[{"embeddable":true,"href":"https:\/\/www.prestigemag.co\/fr\/wp-json\/wp\/v2\/media\/21761"}],"wp:attachment":[{"href":"https:\/\/www.prestigemag.co\/fr\/wp-json\/wp\/v2\/media?parent=21760"}],"wp:term":[{"taxonomy":"category","embeddable":true,"href":"https:\/\/www.prestigemag.co\/fr\/wp-json\/wp\/v2\/categories?post=21760"},{"taxonomy":"post_tag","embeddable":true,"href":"https:\/\/www.prestigemag.co\/fr\/wp-json\/wp\/v2\/tags?post=21760"}],"curies":[{"name":"wp","href":"https:\/\/api.w.org\/{rel}","templated":true}]}}