{"id":21778,"date":"2017-08-29T11:51:41","date_gmt":"2017-08-29T11:51:41","guid":{"rendered":"http:\/\/www.prestigemag.co\/2017\/08\/beirut-art-fair-2017\/"},"modified":"2017-08-29T11:51:41","modified_gmt":"2017-08-29T11:51:41","slug":"beirut-art-fair-2017","status":"publish","type":"post","link":"https:\/\/www.prestigemag.co\/fr\/2017\/08\/beirut-art-fair-2017\/","title":{"rendered":"Beirut Art Fair 2017"},"content":{"rendered":"<figure id=\"attachment_13347\" aria-describedby=\"caption-attachment-13347\" style=\"width: 1000px\" class=\"wp-caption aligncenter\"><a href=\"http:\/\/www.prestigemag.co\/wp-content\/uploads\/2017\/08\/Untitled-1-14.jpg\"><img src=\"data:image\/svg+xml,%3Csvg%20xmlns='http:\/\/www.w3.org\/2000\/svg'%20viewBox='0%200%201000%20409'%3E%3C\/svg%3E\" class=\"zeen-lazy-load-base zeen-lazy-load wp-image-13347 size-full\" data-lazy-src=\"http:\/\/www.prestigemag.co\/wp-content\/uploads\/2017\/08\/Untitled-1-14.jpg\" alt=\"\" width=\"1000\" height=\"409\" data-lazy-srcset=\"https:\/\/www.prestigemag.co\/wp-content\/uploads\/2017\/08\/Untitled-1-14.jpg 1000w, https:\/\/www.prestigemag.co\/wp-content\/uploads\/2017\/08\/Untitled-1-14-300x123.jpg 300w, https:\/\/www.prestigemag.co\/wp-content\/uploads\/2017\/08\/Untitled-1-14-770x315.jpg 770w, https:\/\/www.prestigemag.co\/wp-content\/uploads\/2017\/08\/Untitled-1-14-293x120.jpg 293w, https:\/\/www.prestigemag.co\/wp-content\/uploads\/2017\/08\/Untitled-1-14-390x160.jpg 390w, https:\/\/www.prestigemag.co\/wp-content\/uploads\/2017\/08\/Untitled-1-14-768x314.jpg 768w, https:\/\/www.prestigemag.co\/wp-content\/uploads\/2017\/08\/Untitled-1-14-150x61.jpg 150w, https:\/\/www.prestigemag.co\/wp-content\/uploads\/2017\/08\/Untitled-1-14-600x245.jpg 600w, https:\/\/www.prestigemag.co\/wp-content\/uploads\/2017\/08\/Untitled-1-14-291x119.jpg 291w, https:\/\/www.prestigemag.co\/wp-content\/uploads\/2017\/08\/Untitled-1-14-164x67.jpg 164w\" data-lazy-sizes=\"(max-width: 1000px) 100vw, 1000px\" \/><figcaption id=\"caption-attachment-13347\" class=\"wp-caption-text\"><noscript><img class=\"wp-image-13347 size-full\" src=\"http:\/\/www.prestigemag.co\/wp-content\/uploads\/2017\/08\/Untitled-1-14.jpg\" alt=\"\" width=\"1000\" height=\"409\" srcset=\"https:\/\/www.prestigemag.co\/wp-content\/uploads\/2017\/08\/Untitled-1-14.jpg 1000w, https:\/\/www.prestigemag.co\/wp-content\/uploads\/2017\/08\/Untitled-1-14-300x123.jpg 300w, https:\/\/www.prestigemag.co\/wp-content\/uploads\/2017\/08\/Untitled-1-14-770x315.jpg 770w, https:\/\/www.prestigemag.co\/wp-content\/uploads\/2017\/08\/Untitled-1-14-293x120.jpg 293w, https:\/\/www.prestigemag.co\/wp-content\/uploads\/2017\/08\/Untitled-1-14-390x160.jpg 390w, https:\/\/www.prestigemag.co\/wp-content\/uploads\/2017\/08\/Untitled-1-14-768x314.jpg 768w, https:\/\/www.prestigemag.co\/wp-content\/uploads\/2017\/08\/Untitled-1-14-150x61.jpg 150w, https:\/\/www.prestigemag.co\/wp-content\/uploads\/2017\/08\/Untitled-1-14-600x245.jpg 600w, https:\/\/www.prestigemag.co\/wp-content\/uploads\/2017\/08\/Untitled-1-14-291x119.jpg 291w, https:\/\/www.prestigemag.co\/wp-content\/uploads\/2017\/08\/Untitled-1-14-164x67.jpg 164w\" sizes=\"(max-width: 1000px) 100vw, 1000px\" \/><\/noscript><\/a> \u00a9 Beirut Art Fair<\/figcaption><\/figure>\n<p>&nbsp;<\/p>\n<p>Rendez-vous annuel de l&rsquo;art \u00e0 Beyrouth, Beirut Art Fair pr\u00e9sente sa 8\u00e8 \u00e9dition du 21 au 24 Septembre 2017, r\u00e9unissant des galeries de renom du Liban et de l&rsquo;Etranger, avec le soutien renouvel\u00e9 de Bankmed.<\/p>\n<p>Cette foire d&rsquo;art contemporain vise \u00e0 encourager les artistes et designers locaux et internationaux, \u00e0 pr\u00e9senter leurs cr\u00e9ations au grand public, \u00e0 des m\u00e9c\u00e8nes ainsi qu&rsquo;\u00e0 des collectionneurs avis\u00e9s en mati\u00e8re d&rsquo;art.<\/p>\n<p>Cette ann\u00e9e c&rsquo;est un panorama de la cr\u00e9ation contemporaine dans la r\u00e9gion sur les dix derni\u00e8res ann\u00e9es qui sera pr\u00e9sent\u00e9 par la curatrice Rose Issa, sp\u00e9cialiste de l&rsquo;art contemporain au Moyen-Orient, \u00e9crivaine et productrice bas\u00e9e \u00e0 Londres. L&rsquo;exposition mettra particuli\u00e8rement en valeur les questions li\u00e9es au social, au politique, \u00e0 l&rsquo;\u00e9conomie et \u00e0 la m\u00e9moire dans la cr\u00e9ation contemporaine de la r\u00e9gion.<\/p>\n<p>D&rsquo;autres sections dont la mission est d&rsquo;encourager les jeunes artistes telle Une section Revealing by SGBL agrandie, de la 6e \u00e9dition du Byblos Bank Award, de l&rsquo;espace Video Box par MACAM&#8230;<\/p>\n<p>Ci-apr\u00e8s une s\u00e9lection de deux\u00a0\u0153uvres qui seront en exposition au Biel du 21 au 24 septembre.<\/p>\n<p>&nbsp;<\/p>\n<p>&nbsp;<\/p>\n<figure id=\"attachment_13303\" aria-describedby=\"caption-attachment-13303\" style=\"width: 630px\" class=\"wp-caption aligncenter\"><a href=\"http:\/\/www.prestigemag.co\/wp-content\/uploads\/2017\/08\/Photo-1-Elene-Usdin.jpg\"><img src=\"data:image\/svg+xml,%3Csvg%20xmlns='http:\/\/www.w3.org\/2000\/svg'%20viewBox='0%200%20630%20630'%3E%3C\/svg%3E\" class=\"zeen-lazy-load-base zeen-lazy-load wp-image-13303 size-full\" data-lazy-src=\"http:\/\/www.prestigemag.co\/wp-content\/uploads\/2017\/08\/Photo-1-Elene-Usdin.jpg\" alt=\"\" width=\"630\" height=\"630\" data-lazy-srcset=\"https:\/\/www.prestigemag.co\/wp-content\/uploads\/2017\/08\/Photo-1-Elene-Usdin.jpg 630w, https:\/\/www.prestigemag.co\/wp-content\/uploads\/2017\/08\/Photo-1-Elene-Usdin-150x150.jpg 150w, https:\/\/www.prestigemag.co\/wp-content\/uploads\/2017\/08\/Photo-1-Elene-Usdin-300x300.jpg 300w, https:\/\/www.prestigemag.co\/wp-content\/uploads\/2017\/08\/Photo-1-Elene-Usdin-135x135.jpg 135w, https:\/\/www.prestigemag.co\/wp-content\/uploads\/2017\/08\/Photo-1-Elene-Usdin-375x375.jpg 375w, https:\/\/www.prestigemag.co\/wp-content\/uploads\/2017\/08\/Photo-1-Elene-Usdin-500x500.jpg 500w, https:\/\/www.prestigemag.co\/wp-content\/uploads\/2017\/08\/Photo-1-Elene-Usdin-125x125.jpg 125w, https:\/\/www.prestigemag.co\/wp-content\/uploads\/2017\/08\/Photo-1-Elene-Usdin-67x67.jpg 67w\" data-lazy-sizes=\"(max-width: 630px) 100vw, 630px\" \/><figcaption id=\"caption-attachment-13303\" class=\"wp-caption-text\"><noscript><img class=\"wp-image-13303 size-full\" src=\"http:\/\/www.prestigemag.co\/wp-content\/uploads\/2017\/08\/Photo-1-Elene-Usdin.jpg\" alt=\"\" width=\"630\" height=\"630\" srcset=\"https:\/\/www.prestigemag.co\/wp-content\/uploads\/2017\/08\/Photo-1-Elene-Usdin.jpg 630w, https:\/\/www.prestigemag.co\/wp-content\/uploads\/2017\/08\/Photo-1-Elene-Usdin-150x150.jpg 150w, https:\/\/www.prestigemag.co\/wp-content\/uploads\/2017\/08\/Photo-1-Elene-Usdin-300x300.jpg 300w, https:\/\/www.prestigemag.co\/wp-content\/uploads\/2017\/08\/Photo-1-Elene-Usdin-135x135.jpg 135w, https:\/\/www.prestigemag.co\/wp-content\/uploads\/2017\/08\/Photo-1-Elene-Usdin-375x375.jpg 375w, https:\/\/www.prestigemag.co\/wp-content\/uploads\/2017\/08\/Photo-1-Elene-Usdin-500x500.jpg 500w, https:\/\/www.prestigemag.co\/wp-content\/uploads\/2017\/08\/Photo-1-Elene-Usdin-125x125.jpg 125w, https:\/\/www.prestigemag.co\/wp-content\/uploads\/2017\/08\/Photo-1-Elene-Usdin-67x67.jpg 67w\" sizes=\"(max-width: 630px) 100vw, 630px\" \/><\/noscript><\/a> Elene Usdin, Dante d&rsquo;apr\u00e8s Otto Dix, 2016, 64x64cm, Archival pigment print with acrylic painting, framed unique piece. Courtesy Galerie Esther Woerdehoff- France.<\/figcaption><\/figure>\n<p>&nbsp;<\/p>\n<p>&nbsp;<\/p>\n<figure id=\"attachment_13458\" aria-describedby=\"caption-attachment-13458\" style=\"width: 630px\" class=\"wp-caption aligncenter\"><a href=\"http:\/\/www.prestigemag.co\/wp-content\/uploads\/2017\/08\/Omar-Hassan.jpg\"><img src=\"data:image\/svg+xml,%3Csvg%20xmlns='http:\/\/www.w3.org\/2000\/svg'%20viewBox='0%200%20630%20796'%3E%3C\/svg%3E\" class=\"zeen-lazy-load-base zeen-lazy-load wp-image-13458 size-full\" data-lazy-src=\"http:\/\/www.prestigemag.co\/wp-content\/uploads\/2017\/08\/Omar-Hassan.jpg\" alt=\"\" width=\"630\" height=\"796\" data-lazy-srcset=\"https:\/\/www.prestigemag.co\/wp-content\/uploads\/2017\/08\/Omar-Hassan.jpg 630w, https:\/\/www.prestigemag.co\/wp-content\/uploads\/2017\/08\/Omar-Hassan-237x300.jpg 237w, https:\/\/www.prestigemag.co\/wp-content\/uploads\/2017\/08\/Omar-Hassan-119x150.jpg 119w, https:\/\/www.prestigemag.co\/wp-content\/uploads\/2017\/08\/Omar-Hassan-297x375.jpg 297w, https:\/\/www.prestigemag.co\/wp-content\/uploads\/2017\/08\/Omar-Hassan-99x125.jpg 99w, https:\/\/www.prestigemag.co\/wp-content\/uploads\/2017\/08\/Omar-Hassan-53x67.jpg 53w\" data-lazy-sizes=\"(max-width: 630px) 100vw, 630px\" \/><figcaption id=\"caption-attachment-13458\" class=\"wp-caption-text\"><noscript><img class=\"wp-image-13458 size-full\" src=\"http:\/\/www.prestigemag.co\/wp-content\/uploads\/2017\/08\/Omar-Hassan.jpg\" alt=\"\" width=\"630\" height=\"796\" srcset=\"https:\/\/www.prestigemag.co\/wp-content\/uploads\/2017\/08\/Omar-Hassan.jpg 630w, https:\/\/www.prestigemag.co\/wp-content\/uploads\/2017\/08\/Omar-Hassan-237x300.jpg 237w, https:\/\/www.prestigemag.co\/wp-content\/uploads\/2017\/08\/Omar-Hassan-119x150.jpg 119w, https:\/\/www.prestigemag.co\/wp-content\/uploads\/2017\/08\/Omar-Hassan-297x375.jpg 297w, https:\/\/www.prestigemag.co\/wp-content\/uploads\/2017\/08\/Omar-Hassan-99x125.jpg 99w, https:\/\/www.prestigemag.co\/wp-content\/uploads\/2017\/08\/Omar-Hassan-53x67.jpg 53w\" sizes=\"(max-width: 630px) 100vw, 630px\" \/><\/noscript><\/a> Omar Hassan, Sea 2015, Mixed Media, 213x163cm Courtesy ContinArtUk, Uk.<\/figcaption><\/figure>\n<p>&nbsp;<\/p>\n<p>&nbsp;<\/p>\n<figure id=\"attachment_13459\" aria-describedby=\"caption-attachment-13459\" style=\"width: 787px\" class=\"wp-caption aligncenter\"><a href=\"http:\/\/www.prestigemag.co\/wp-content\/uploads\/2017\/08\/Gilbert-Hage.jpg\"><img src=\"data:image\/svg+xml,%3Csvg%20xmlns='http:\/\/www.w3.org\/2000\/svg'%20viewBox='0%200%20787%20787'%3E%3C\/svg%3E\" class=\"zeen-lazy-load-base zeen-lazy-load wp-image-13459 size-full\" data-lazy-src=\"http:\/\/www.prestigemag.co\/wp-content\/uploads\/2017\/08\/Gilbert-Hage.jpg\" alt=\"\" width=\"787\" height=\"787\" data-lazy-srcset=\"https:\/\/www.prestigemag.co\/wp-content\/uploads\/2017\/08\/Gilbert-Hage.jpg 787w, https:\/\/www.prestigemag.co\/wp-content\/uploads\/2017\/08\/Gilbert-Hage-150x150.jpg 150w, https:\/\/www.prestigemag.co\/wp-content\/uploads\/2017\/08\/Gilbert-Hage-300x300.jpg 300w, https:\/\/www.prestigemag.co\/wp-content\/uploads\/2017\/08\/Gilbert-Hage-768x768.jpg 768w, https:\/\/www.prestigemag.co\/wp-content\/uploads\/2017\/08\/Gilbert-Hage-135x135.jpg 135w, https:\/\/www.prestigemag.co\/wp-content\/uploads\/2017\/08\/Gilbert-Hage-375x375.jpg 375w, https:\/\/www.prestigemag.co\/wp-content\/uploads\/2017\/08\/Gilbert-Hage-500x500.jpg 500w, https:\/\/www.prestigemag.co\/wp-content\/uploads\/2017\/08\/Gilbert-Hage-125x125.jpg 125w, https:\/\/www.prestigemag.co\/wp-content\/uploads\/2017\/08\/Gilbert-Hage-67x67.jpg 67w\" data-lazy-sizes=\"(max-width: 787px) 100vw, 787px\" \/><figcaption id=\"caption-attachment-13459\" class=\"wp-caption-text\"><noscript><img class=\"wp-image-13459 size-full\" src=\"http:\/\/www.prestigemag.co\/wp-content\/uploads\/2017\/08\/Gilbert-Hage.jpg\" alt=\"\" width=\"787\" height=\"787\" srcset=\"https:\/\/www.prestigemag.co\/wp-content\/uploads\/2017\/08\/Gilbert-Hage.jpg 787w, https:\/\/www.prestigemag.co\/wp-content\/uploads\/2017\/08\/Gilbert-Hage-150x150.jpg 150w, https:\/\/www.prestigemag.co\/wp-content\/uploads\/2017\/08\/Gilbert-Hage-300x300.jpg 300w, https:\/\/www.prestigemag.co\/wp-content\/uploads\/2017\/08\/Gilbert-Hage-768x768.jpg 768w, https:\/\/www.prestigemag.co\/wp-content\/uploads\/2017\/08\/Gilbert-Hage-135x135.jpg 135w, https:\/\/www.prestigemag.co\/wp-content\/uploads\/2017\/08\/Gilbert-Hage-375x375.jpg 375w, https:\/\/www.prestigemag.co\/wp-content\/uploads\/2017\/08\/Gilbert-Hage-500x500.jpg 500w, https:\/\/www.prestigemag.co\/wp-content\/uploads\/2017\/08\/Gilbert-Hage-125x125.jpg 125w, https:\/\/www.prestigemag.co\/wp-content\/uploads\/2017\/08\/Gilbert-Hage-67x67.jpg 67w\" sizes=\"(max-width: 787px) 100vw, 787px\" \/><\/noscript><\/a> Gilbert Hage, Untitled from the series \u00ab\u00a0Beirut\u00a0\u00bb 2004, Inkjet print on Fine Art Paper. 110x110cm, edition of 5 + 2AP Courtesy of Galerie Tanit and the artist.<\/figcaption><\/figure>\n<p>&nbsp;<\/p>\n<p>En parall\u00e8le au Beirut Art Fair. La 1\u00e8re \u00e9dition de Beirut Design Fair (cofond\u00e9e par Guillaume Tasl\u00e9 d\u2019H\u00e9liand et Hala Moubarak) pr\u00e9sentera des meubles et objets design, contemporains et \u00ab\u00a0vintage\u00a0\u00bb provenant de designers locaux et internationaux, ainsi que de galeries du Moyen-Orient.<\/p>\n<p>Une quarantaine d\u2019exposants venant de diff\u00e9rents pays, repr\u00e9sentant une sc\u00e8ne design unique et cr\u00e9ative, participeront au salon dont la sc\u00e9nographie est sign\u00e9e Adrien Gard\u00e8re.<\/p>\n<p>&nbsp;<\/p>\n<p>&nbsp;<\/p>\n<figure id=\"attachment_13305\" aria-describedby=\"caption-attachment-13305\" style=\"width: 630px\" class=\"wp-caption aligncenter\"><a href=\"http:\/\/www.prestigemag.co\/wp-content\/uploads\/2017\/08\/Visual-BEIRUT-DESIGN-FAIR-2017-Image-courtesy-of-BEIRUT-DESIGN-FAIR.jpg\"><img src=\"data:image\/svg+xml,%3Csvg%20xmlns='http:\/\/www.w3.org\/2000\/svg'%20viewBox='0%200%20630%20770'%3E%3C\/svg%3E\" class=\"zeen-lazy-load-base zeen-lazy-load wp-image-13305 size-full\" data-lazy-src=\"http:\/\/www.prestigemag.co\/wp-content\/uploads\/2017\/08\/Visual-BEIRUT-DESIGN-FAIR-2017-Image-courtesy-of-BEIRUT-DESIGN-FAIR.jpg\" alt=\"\" width=\"630\" height=\"770\" data-lazy-srcset=\"https:\/\/www.prestigemag.co\/wp-content\/uploads\/2017\/08\/Visual-BEIRUT-DESIGN-FAIR-2017-Image-courtesy-of-BEIRUT-DESIGN-FAIR.jpg 630w, https:\/\/www.prestigemag.co\/wp-content\/uploads\/2017\/08\/Visual-BEIRUT-DESIGN-FAIR-2017-Image-courtesy-of-BEIRUT-DESIGN-FAIR-245x300.jpg 245w, https:\/\/www.prestigemag.co\/wp-content\/uploads\/2017\/08\/Visual-BEIRUT-DESIGN-FAIR-2017-Image-courtesy-of-BEIRUT-DESIGN-FAIR-123x150.jpg 123w, https:\/\/www.prestigemag.co\/wp-content\/uploads\/2017\/08\/Visual-BEIRUT-DESIGN-FAIR-2017-Image-courtesy-of-BEIRUT-DESIGN-FAIR-307x375.jpg 307w, https:\/\/www.prestigemag.co\/wp-content\/uploads\/2017\/08\/Visual-BEIRUT-DESIGN-FAIR-2017-Image-courtesy-of-BEIRUT-DESIGN-FAIR-102x125.jpg 102w, https:\/\/www.prestigemag.co\/wp-content\/uploads\/2017\/08\/Visual-BEIRUT-DESIGN-FAIR-2017-Image-courtesy-of-BEIRUT-DESIGN-FAIR-55x67.jpg 55w\" data-lazy-sizes=\"(max-width: 630px) 100vw, 630px\" \/><figcaption id=\"caption-attachment-13305\" class=\"wp-caption-text\"><noscript><img class=\"wp-image-13305 size-full\" src=\"http:\/\/www.prestigemag.co\/wp-content\/uploads\/2017\/08\/Visual-BEIRUT-DESIGN-FAIR-2017-Image-courtesy-of-BEIRUT-DESIGN-FAIR.jpg\" alt=\"\" width=\"630\" height=\"770\" srcset=\"https:\/\/www.prestigemag.co\/wp-content\/uploads\/2017\/08\/Visual-BEIRUT-DESIGN-FAIR-2017-Image-courtesy-of-BEIRUT-DESIGN-FAIR.jpg 630w, https:\/\/www.prestigemag.co\/wp-content\/uploads\/2017\/08\/Visual-BEIRUT-DESIGN-FAIR-2017-Image-courtesy-of-BEIRUT-DESIGN-FAIR-245x300.jpg 245w, https:\/\/www.prestigemag.co\/wp-content\/uploads\/2017\/08\/Visual-BEIRUT-DESIGN-FAIR-2017-Image-courtesy-of-BEIRUT-DESIGN-FAIR-123x150.jpg 123w, https:\/\/www.prestigemag.co\/wp-content\/uploads\/2017\/08\/Visual-BEIRUT-DESIGN-FAIR-2017-Image-courtesy-of-BEIRUT-DESIGN-FAIR-307x375.jpg 307w, https:\/\/www.prestigemag.co\/wp-content\/uploads\/2017\/08\/Visual-BEIRUT-DESIGN-FAIR-2017-Image-courtesy-of-BEIRUT-DESIGN-FAIR-102x125.jpg 102w, https:\/\/www.prestigemag.co\/wp-content\/uploads\/2017\/08\/Visual-BEIRUT-DESIGN-FAIR-2017-Image-courtesy-of-BEIRUT-DESIGN-FAIR-55x67.jpg 55w\" sizes=\"(max-width: 630px) 100vw, 630px\" \/><\/noscript><\/a> Beirut Design Fair.<\/figcaption><\/figure>\n<p>&nbsp;<\/p>\n<p>Deux meubles qui seront en exposition au Beirut Design Fair.<\/p>\n<p>&nbsp;<\/p>\n<figure id=\"attachment_13306\" aria-describedby=\"caption-attachment-13306\" style=\"width: 787px\" class=\"wp-caption aligncenter\"><a href=\"http:\/\/www.prestigemag.co\/wp-content\/uploads\/2017\/08\/Photo-1-David-Nicolas.jpg\"><img src=\"data:image\/svg+xml,%3Csvg%20xmlns='http:\/\/www.w3.org\/2000\/svg'%20viewBox='0%200%20787%20525'%3E%3C\/svg%3E\" class=\"zeen-lazy-load-base zeen-lazy-load wp-image-13306 size-full\" data-lazy-src=\"http:\/\/www.prestigemag.co\/wp-content\/uploads\/2017\/08\/Photo-1-David-Nicolas.jpg\" alt=\"\" width=\"787\" height=\"525\" data-lazy-srcset=\"https:\/\/www.prestigemag.co\/wp-content\/uploads\/2017\/08\/Photo-1-David-Nicolas.jpg 787w, https:\/\/www.prestigemag.co\/wp-content\/uploads\/2017\/08\/Photo-1-David-Nicolas-300x200.jpg 300w, https:\/\/www.prestigemag.co\/wp-content\/uploads\/2017\/08\/Photo-1-David-Nicolas-768x512.jpg 768w, https:\/\/www.prestigemag.co\/wp-content\/uploads\/2017\/08\/Photo-1-David-Nicolas-150x100.jpg 150w, https:\/\/www.prestigemag.co\/wp-content\/uploads\/2017\/08\/Photo-1-David-Nicolas-562x375.jpg 562w, https:\/\/www.prestigemag.co\/wp-content\/uploads\/2017\/08\/Photo-1-David-Nicolas-187x125.jpg 187w, https:\/\/www.prestigemag.co\/wp-content\/uploads\/2017\/08\/Photo-1-David-Nicolas-100x67.jpg 100w\" data-lazy-sizes=\"(max-width: 787px) 100vw, 787px\" \/><figcaption id=\"caption-attachment-13306\" class=\"wp-caption-text\"><noscript><img class=\"wp-image-13306 size-full\" src=\"http:\/\/www.prestigemag.co\/wp-content\/uploads\/2017\/08\/Photo-1-David-Nicolas.jpg\" alt=\"\" width=\"787\" height=\"525\" srcset=\"https:\/\/www.prestigemag.co\/wp-content\/uploads\/2017\/08\/Photo-1-David-Nicolas.jpg 787w, https:\/\/www.prestigemag.co\/wp-content\/uploads\/2017\/08\/Photo-1-David-Nicolas-300x200.jpg 300w, https:\/\/www.prestigemag.co\/wp-content\/uploads\/2017\/08\/Photo-1-David-Nicolas-768x512.jpg 768w, https:\/\/www.prestigemag.co\/wp-content\/uploads\/2017\/08\/Photo-1-David-Nicolas-150x100.jpg 150w, https:\/\/www.prestigemag.co\/wp-content\/uploads\/2017\/08\/Photo-1-David-Nicolas-562x375.jpg 562w, https:\/\/www.prestigemag.co\/wp-content\/uploads\/2017\/08\/Photo-1-David-Nicolas-187x125.jpg 187w, https:\/\/www.prestigemag.co\/wp-content\/uploads\/2017\/08\/Photo-1-David-Nicolas-100x67.jpg 100w\" sizes=\"(max-width: 787px) 100vw, 787px\" \/><\/noscript><\/a> David &amp; Nicolas, Loulou &#8211; Rocking Chair \u00a9 Joy Mardini Gallery<\/figcaption><\/figure>\n<p>&nbsp;<\/p>\n<p>&nbsp;<\/p>\n<figure id=\"attachment_13307\" aria-describedby=\"caption-attachment-13307\" style=\"width: 787px\" class=\"wp-caption aligncenter\"><a href=\"http:\/\/www.prestigemag.co\/wp-content\/uploads\/2017\/08\/Photo-2-Roula-Saikali-Geitani.jpg\"><img src=\"data:image\/svg+xml,%3Csvg%20xmlns='http:\/\/www.w3.org\/2000\/svg'%20viewBox='0%200%20787%20410'%3E%3C\/svg%3E\" class=\"zeen-lazy-load-base zeen-lazy-load wp-image-13307 size-full\" data-lazy-src=\"http:\/\/www.prestigemag.co\/wp-content\/uploads\/2017\/08\/Photo-2-Roula-Saikali-Geitani.jpg\" alt=\"\" width=\"787\" height=\"410\" data-lazy-srcset=\"https:\/\/www.prestigemag.co\/wp-content\/uploads\/2017\/08\/Photo-2-Roula-Saikali-Geitani.jpg 787w, https:\/\/www.prestigemag.co\/wp-content\/uploads\/2017\/08\/Photo-2-Roula-Saikali-Geitani-300x156.jpg 300w, https:\/\/www.prestigemag.co\/wp-content\/uploads\/2017\/08\/Photo-2-Roula-Saikali-Geitani-768x400.jpg 768w, https:\/\/www.prestigemag.co\/wp-content\/uploads\/2017\/08\/Photo-2-Roula-Saikali-Geitani-150x78.jpg 150w, https:\/\/www.prestigemag.co\/wp-content\/uploads\/2017\/08\/Photo-2-Roula-Saikali-Geitani-600x313.jpg 600w, https:\/\/www.prestigemag.co\/wp-content\/uploads\/2017\/08\/Photo-2-Roula-Saikali-Geitani-240x125.jpg 240w, https:\/\/www.prestigemag.co\/wp-content\/uploads\/2017\/08\/Photo-2-Roula-Saikali-Geitani-129x67.jpg 129w\" data-lazy-sizes=\"(max-width: 787px) 100vw, 787px\" \/><figcaption id=\"caption-attachment-13307\" class=\"wp-caption-text\"><noscript><img class=\"wp-image-13307 size-full\" src=\"http:\/\/www.prestigemag.co\/wp-content\/uploads\/2017\/08\/Photo-2-Roula-Saikali-Geitani.jpg\" alt=\"\" width=\"787\" height=\"410\" srcset=\"https:\/\/www.prestigemag.co\/wp-content\/uploads\/2017\/08\/Photo-2-Roula-Saikali-Geitani.jpg 787w, https:\/\/www.prestigemag.co\/wp-content\/uploads\/2017\/08\/Photo-2-Roula-Saikali-Geitani-300x156.jpg 300w, https:\/\/www.prestigemag.co\/wp-content\/uploads\/2017\/08\/Photo-2-Roula-Saikali-Geitani-768x400.jpg 768w, https:\/\/www.prestigemag.co\/wp-content\/uploads\/2017\/08\/Photo-2-Roula-Saikali-Geitani-150x78.jpg 150w, https:\/\/www.prestigemag.co\/wp-content\/uploads\/2017\/08\/Photo-2-Roula-Saikali-Geitani-600x313.jpg 600w, https:\/\/www.prestigemag.co\/wp-content\/uploads\/2017\/08\/Photo-2-Roula-Saikali-Geitani-240x125.jpg 240w, https:\/\/www.prestigemag.co\/wp-content\/uploads\/2017\/08\/Photo-2-Roula-Saikali-Geitani-129x67.jpg 129w\" sizes=\"(max-width: 787px) 100vw, 787px\" \/><\/noscript><\/a> Roula Saikali Geitani, \u00ab\u00a0Media Sideboard vibes\u00a0\u00bb \u00a9 DECO-AID<\/figcaption><\/figure>\n<p>&nbsp;<\/p>\n<p>&nbsp;<\/p>\n<p>Du 19 au 26 Septembre, Beirut Art Week comme \u00e0 l&rsquo;accoutum\u00e9e invite l&rsquo;art contemporain au c\u0153ur de Beyrouth. Espaces publics et boutiques du centre-ville se transforment en lieux de cr\u00e9ation artistique, regroupant des installations et des sculptures dispos\u00e9es sur les sites symboliques de Beyrouth comme la place des Martyrs, Beirut Souks, Zaitunay Bay, Sa\u00effi village&#8230;<\/p>\n<p>Cet itin\u00e9raire insolite est soutenu par le minist\u00e8re de la Culture, le minist\u00e8re du Tourisme, la municipalit\u00e9 de Beyrouth et Solidere.<\/p>\n<p>&nbsp;<\/p>\n","protected":false},"excerpt":{"rendered":"<p><em>Rendez-vous annuel de l&rsquo;art \u00e0 Beyrouth, Beirut Art Fair pr\u00e9sente sa 8\u00e8 \u00e9dition du 21 au 24 Septembre 2017, r\u00e9unissant des galeries de renom du Liban et de l&rsquo;Etranger.<\/em><\/p>\n","protected":false},"author":3,"featured_media":21779,"comment_status":"closed","ping_status":"closed","sticky":false,"template":"","format":"standard","meta":[],"categories":[13333,13360],"tags":[],"yoast_head":"<!-- This site is optimized with the Yoast SEO plugin v19.4 - https:\/\/yoast.com\/wordpress\/plugins\/seo\/ -->\n<title>Beirut Art Fair 2017 - Prestige Magazine<\/title>\n<meta name=\"description\" content=\"Rendez-vous annuel de l&#039;art \u00e0 Beyrouth, Beirut Art Fair pr\u00e9sente sa 8\u00e8 \u00e9dition du 21 au 24 Septembre 2017, r\u00e9unissant des galeries de renom du Liban et de l&#039;Etranger.\" \/>\n<meta name=\"robots\" content=\"index, follow, max-snippet:-1, max-image-preview:large, max-video-preview:-1\" \/>\n<link rel=\"canonical\" href=\"https:\/\/www.prestigemag.co\/fr\/2017\/08\/beirut-art-fair-2017\/\" \/>\n<meta property=\"og:locale\" content=\"fr_FR\" \/>\n<meta property=\"og:type\" content=\"article\" \/>\n<meta property=\"og:title\" content=\"Beirut Art Fair 2017 - Prestige Magazine\" \/>\n<meta property=\"og:description\" content=\"Rendez-vous annuel de l&#039;art \u00e0 Beyrouth, Beirut Art Fair pr\u00e9sente sa 8\u00e8 \u00e9dition du 21 au 24 Septembre 2017, r\u00e9unissant des galeries de renom du Liban et de l&#039;Etranger.\" \/>\n<meta property=\"og:url\" content=\"https:\/\/www.prestigemag.co\/fr\/2017\/08\/beirut-art-fair-2017\/\" \/>\n<meta property=\"og:site_name\" content=\"Prestige Magazine\" \/>\n<meta property=\"article:publisher\" content=\"https:\/\/www.facebook.com\/prestigemag.co\/\" \/>\n<meta property=\"article:published_time\" content=\"2017-08-29T11:51:41+00:00\" \/>\n<meta property=\"og:image\" content=\"https:\/\/www.prestigemag.co\/wp-content\/uploads\/2017\/08\/Untitled-1-14.jpg\" \/>\n\t<meta property=\"og:image:width\" content=\"1000\" \/>\n\t<meta property=\"og:image:height\" content=\"409\" \/>\n\t<meta property=\"og:image:type\" content=\"image\/jpeg\" \/>\n<meta name=\"author\" content=\"prestige\" \/>\n<meta name=\"twitter:card\" content=\"summary\" \/>\n<meta name=\"twitter:label1\" content=\"\u00c9crit par\" \/>\n\t<meta name=\"twitter:data1\" content=\"prestige\" \/>\n\t<meta name=\"twitter:label2\" content=\"Dur\u00e9e de lecture estim\u00e9e\" \/>\n\t<meta name=\"twitter:data2\" content=\"3 minutes\" \/>\n<script type=\"application\/ld+json\" class=\"yoast-schema-graph\">{\"@context\":\"https:\/\/schema.org\",\"@graph\":[{\"@type\":\"Organization\",\"@id\":\"https:\/\/www.prestigemag.co\/#organization\",\"name\":\"Prestige\",\"url\":\"https:\/\/www.prestigemag.co\/\",\"sameAs\":[\"https:\/\/www.instagram.com\/prestige.mag\/\",\"https:\/\/www.facebook.com\/prestigemag.co\/\"],\"logo\":{\"@type\":\"ImageObject\",\"inLanguage\":\"fr-FR\",\"@id\":\"https:\/\/www.prestigemag.co\/#\/schema\/logo\/image\/\",\"url\":\"https:\/\/www.prestigemag.co\/wp-content\/uploads\/2021\/11\/logo-Prestige-800x200-1.png\",\"contentUrl\":\"https:\/\/www.prestigemag.co\/wp-content\/uploads\/2021\/11\/logo-Prestige-800x200-1.png\",\"width\":800,\"height\":200,\"caption\":\"Prestige\"},\"image\":{\"@id\":\"https:\/\/www.prestigemag.co\/#\/schema\/logo\/image\/\"}},{\"@type\":\"WebSite\",\"@id\":\"https:\/\/www.prestigemag.co\/#website\",\"url\":\"https:\/\/www.prestigemag.co\/\",\"name\":\"Prestige Magazine\",\"description\":\"Le Monde Des C\u00e9l\u00e9brit\u00e9s\",\"publisher\":{\"@id\":\"https:\/\/www.prestigemag.co\/#organization\"},\"potentialAction\":[{\"@type\":\"SearchAction\",\"target\":{\"@type\":\"EntryPoint\",\"urlTemplate\":\"https:\/\/www.prestigemag.co\/?s={search_term_string}\"},\"query-input\":\"required name=search_term_string\"}],\"inLanguage\":\"fr-FR\"},{\"@type\":\"WebPage\",\"@id\":\"https:\/\/www.prestigemag.co\/fr\/2017\/08\/beirut-art-fair-2017\/\",\"url\":\"https:\/\/www.prestigemag.co\/fr\/2017\/08\/beirut-art-fair-2017\/\",\"name\":\"Beirut Art Fair 2017 - Prestige Magazine\",\"isPartOf\":{\"@id\":\"https:\/\/www.prestigemag.co\/#website\"},\"datePublished\":\"2017-08-29T11:51:41+00:00\",\"dateModified\":\"2017-08-29T11:51:41+00:00\",\"description\":\"Rendez-vous annuel de l'art \u00e0 Beyrouth, Beirut Art Fair pr\u00e9sente sa 8\u00e8 \u00e9dition du 21 au 24 Septembre 2017, r\u00e9unissant des galeries de renom du Liban et de l'Etranger.\",\"breadcrumb\":{\"@id\":\"https:\/\/www.prestigemag.co\/fr\/2017\/08\/beirut-art-fair-2017\/#breadcrumb\"},\"inLanguage\":\"fr-FR\",\"potentialAction\":[{\"@type\":\"ReadAction\",\"target\":[\"https:\/\/www.prestigemag.co\/fr\/2017\/08\/beirut-art-fair-2017\/\"]}]},{\"@type\":\"BreadcrumbList\",\"@id\":\"https:\/\/www.prestigemag.co\/fr\/2017\/08\/beirut-art-fair-2017\/#breadcrumb\",\"itemListElement\":[{\"@type\":\"ListItem\",\"position\":1,\"name\":\"Home\",\"item\":\"https:\/\/www.prestigemag.co\/fr\/\"},{\"@type\":\"ListItem\",\"position\":2,\"name\":\"Beirut Art Fair 2017\"}]},{\"@type\":\"Article\",\"@id\":\"https:\/\/www.prestigemag.co\/fr\/2017\/08\/beirut-art-fair-2017\/#article\",\"isPartOf\":{\"@id\":\"https:\/\/www.prestigemag.co\/fr\/2017\/08\/beirut-art-fair-2017\/\"},\"author\":{\"name\":\"prestige\",\"@id\":\"https:\/\/www.prestigemag.co\/#\/schema\/person\/e3f149368970128d68bb2d797bf30fbc\"},\"headline\":\"Beirut Art Fair 2017\",\"datePublished\":\"2017-08-29T11:51:41+00:00\",\"dateModified\":\"2017-08-29T11:51:41+00:00\",\"mainEntityOfPage\":{\"@id\":\"https:\/\/www.prestigemag.co\/fr\/2017\/08\/beirut-art-fair-2017\/\"},\"wordCount\":508,\"publisher\":{\"@id\":\"https:\/\/www.prestigemag.co\/#organization\"},\"articleSection\":[\"\u00c9v\u00e9nements\",\"Inauguration\"],\"inLanguage\":\"fr-FR\"},{\"@type\":\"Person\",\"@id\":\"https:\/\/www.prestigemag.co\/#\/schema\/person\/e3f149368970128d68bb2d797bf30fbc\",\"name\":\"prestige\",\"image\":{\"@type\":\"ImageObject\",\"inLanguage\":\"fr-FR\",\"@id\":\"https:\/\/www.prestigemag.co\/#\/schema\/person\/image\/\",\"url\":\"https:\/\/secure.gravatar.com\/avatar\/0aa2dff5484d35e50578639a2c3ccef9?s=96&d=mm&r=g\",\"contentUrl\":\"https:\/\/secure.gravatar.com\/avatar\/0aa2dff5484d35e50578639a2c3ccef9?s=96&d=mm&r=g\",\"caption\":\"prestige\"},\"url\":\"https:\/\/www.prestigemag.co\/fr\/author\/prestige\/\"}]}<\/script>\n<!-- \/ Yoast SEO plugin. -->","yoast_head_json":{"title":"Beirut Art Fair 2017 - Prestige Magazine","description":"Rendez-vous annuel de l'art \u00e0 Beyrouth, Beirut Art Fair pr\u00e9sente sa 8\u00e8 \u00e9dition du 21 au 24 Septembre 2017, r\u00e9unissant des galeries de renom du Liban et de l'Etranger.","robots":{"index":"index","follow":"follow","max-snippet":"max-snippet:-1","max-image-preview":"max-image-preview:large","max-video-preview":"max-video-preview:-1"},"canonical":"https:\/\/www.prestigemag.co\/fr\/2017\/08\/beirut-art-fair-2017\/","og_locale":"fr_FR","og_type":"article","og_title":"Beirut Art Fair 2017 - Prestige Magazine","og_description":"Rendez-vous annuel de l'art \u00e0 Beyrouth, Beirut Art Fair pr\u00e9sente sa 8\u00e8 \u00e9dition du 21 au 24 Septembre 2017, r\u00e9unissant des galeries de renom du Liban et de l'Etranger.","og_url":"https:\/\/www.prestigemag.co\/fr\/2017\/08\/beirut-art-fair-2017\/","og_site_name":"Prestige Magazine","article_publisher":"https:\/\/www.facebook.com\/prestigemag.co\/","article_published_time":"2017-08-29T11:51:41+00:00","og_image":[{"width":1000,"height":409,"url":"https:\/\/www.prestigemag.co\/wp-content\/uploads\/2017\/08\/Untitled-1-14.jpg","type":"image\/jpeg"}],"author":"prestige","twitter_card":"summary","twitter_misc":{"\u00c9crit par":"prestige","Dur\u00e9e de lecture estim\u00e9e":"3 minutes"},"schema":{"@context":"https:\/\/schema.org","@graph":[{"@type":"Organization","@id":"https:\/\/www.prestigemag.co\/#organization","name":"Prestige","url":"https:\/\/www.prestigemag.co\/","sameAs":["https:\/\/www.instagram.com\/prestige.mag\/","https:\/\/www.facebook.com\/prestigemag.co\/"],"logo":{"@type":"ImageObject","inLanguage":"fr-FR","@id":"https:\/\/www.prestigemag.co\/#\/schema\/logo\/image\/","url":"https:\/\/www.prestigemag.co\/wp-content\/uploads\/2021\/11\/logo-Prestige-800x200-1.png","contentUrl":"https:\/\/www.prestigemag.co\/wp-content\/uploads\/2021\/11\/logo-Prestige-800x200-1.png","width":800,"height":200,"caption":"Prestige"},"image":{"@id":"https:\/\/www.prestigemag.co\/#\/schema\/logo\/image\/"}},{"@type":"WebSite","@id":"https:\/\/www.prestigemag.co\/#website","url":"https:\/\/www.prestigemag.co\/","name":"Prestige Magazine","description":"Le Monde Des C\u00e9l\u00e9brit\u00e9s","publisher":{"@id":"https:\/\/www.prestigemag.co\/#organization"},"potentialAction":[{"@type":"SearchAction","target":{"@type":"EntryPoint","urlTemplate":"https:\/\/www.prestigemag.co\/?s={search_term_string}"},"query-input":"required name=search_term_string"}],"inLanguage":"fr-FR"},{"@type":"WebPage","@id":"https:\/\/www.prestigemag.co\/fr\/2017\/08\/beirut-art-fair-2017\/","url":"https:\/\/www.prestigemag.co\/fr\/2017\/08\/beirut-art-fair-2017\/","name":"Beirut Art Fair 2017 - Prestige Magazine","isPartOf":{"@id":"https:\/\/www.prestigemag.co\/#website"},"datePublished":"2017-08-29T11:51:41+00:00","dateModified":"2017-08-29T11:51:41+00:00","description":"Rendez-vous annuel de l'art \u00e0 Beyrouth, Beirut Art Fair pr\u00e9sente sa 8\u00e8 \u00e9dition du 21 au 24 Septembre 2017, r\u00e9unissant des galeries de renom du Liban et de l'Etranger.","breadcrumb":{"@id":"https:\/\/www.prestigemag.co\/fr\/2017\/08\/beirut-art-fair-2017\/#breadcrumb"},"inLanguage":"fr-FR","potentialAction":[{"@type":"ReadAction","target":["https:\/\/www.prestigemag.co\/fr\/2017\/08\/beirut-art-fair-2017\/"]}]},{"@type":"BreadcrumbList","@id":"https:\/\/www.prestigemag.co\/fr\/2017\/08\/beirut-art-fair-2017\/#breadcrumb","itemListElement":[{"@type":"ListItem","position":1,"name":"Home","item":"https:\/\/www.prestigemag.co\/fr\/"},{"@type":"ListItem","position":2,"name":"Beirut Art Fair 2017"}]},{"@type":"Article","@id":"https:\/\/www.prestigemag.co\/fr\/2017\/08\/beirut-art-fair-2017\/#article","isPartOf":{"@id":"https:\/\/www.prestigemag.co\/fr\/2017\/08\/beirut-art-fair-2017\/"},"author":{"name":"prestige","@id":"https:\/\/www.prestigemag.co\/#\/schema\/person\/e3f149368970128d68bb2d797bf30fbc"},"headline":"Beirut Art Fair 2017","datePublished":"2017-08-29T11:51:41+00:00","dateModified":"2017-08-29T11:51:41+00:00","mainEntityOfPage":{"@id":"https:\/\/www.prestigemag.co\/fr\/2017\/08\/beirut-art-fair-2017\/"},"wordCount":508,"publisher":{"@id":"https:\/\/www.prestigemag.co\/#organization"},"articleSection":["\u00c9v\u00e9nements","Inauguration"],"inLanguage":"fr-FR"},{"@type":"Person","@id":"https:\/\/www.prestigemag.co\/#\/schema\/person\/e3f149368970128d68bb2d797bf30fbc","name":"prestige","image":{"@type":"ImageObject","inLanguage":"fr-FR","@id":"https:\/\/www.prestigemag.co\/#\/schema\/person\/image\/","url":"https:\/\/secure.gravatar.com\/avatar\/0aa2dff5484d35e50578639a2c3ccef9?s=96&d=mm&r=g","contentUrl":"https:\/\/secure.gravatar.com\/avatar\/0aa2dff5484d35e50578639a2c3ccef9?s=96&d=mm&r=g","caption":"prestige"},"url":"https:\/\/www.prestigemag.co\/fr\/author\/prestige\/"}]}},"_links":{"self":[{"href":"https:\/\/www.prestigemag.co\/fr\/wp-json\/wp\/v2\/posts\/21778"}],"collection":[{"href":"https:\/\/www.prestigemag.co\/fr\/wp-json\/wp\/v2\/posts"}],"about":[{"href":"https:\/\/www.prestigemag.co\/fr\/wp-json\/wp\/v2\/types\/post"}],"author":[{"embeddable":true,"href":"https:\/\/www.prestigemag.co\/fr\/wp-json\/wp\/v2\/users\/3"}],"replies":[{"embeddable":true,"href":"https:\/\/www.prestigemag.co\/fr\/wp-json\/wp\/v2\/comments?post=21778"}],"version-history":[{"count":0,"href":"https:\/\/www.prestigemag.co\/fr\/wp-json\/wp\/v2\/posts\/21778\/revisions"}],"wp:featuredmedia":[{"embeddable":true,"href":"https:\/\/www.prestigemag.co\/fr\/wp-json\/wp\/v2\/media\/21779"}],"wp:attachment":[{"href":"https:\/\/www.prestigemag.co\/fr\/wp-json\/wp\/v2\/media?parent=21778"}],"wp:term":[{"taxonomy":"category","embeddable":true,"href":"https:\/\/www.prestigemag.co\/fr\/wp-json\/wp\/v2\/categories?post=21778"},{"taxonomy":"post_tag","embeddable":true,"href":"https:\/\/www.prestigemag.co\/fr\/wp-json\/wp\/v2\/tags?post=21778"}],"curies":[{"name":"wp","href":"https:\/\/api.w.org\/{rel}","templated":true}]}}