{"id":21793,"date":"2017-09-04T09:00:28","date_gmt":"2017-09-04T09:00:28","guid":{"rendered":"http:\/\/www.prestigemag.co\/2017\/09\/le-74e-festival-international-du-film-de-venise\/"},"modified":"2017-09-04T09:00:28","modified_gmt":"2017-09-04T09:00:28","slug":"le-74e-festival-international-du-film-de-venise","status":"publish","type":"post","link":"https:\/\/www.prestigemag.co\/fr\/2017\/09\/le-74e-festival-international-du-film-de-venise\/","title":{"rendered":"Le 74e Festival International du Film de Venise"},"content":{"rendered":"<figure id=\"attachment_13350\" aria-describedby=\"caption-attachment-13350\" style=\"width: 1000px\" class=\"wp-caption aligncenter\"><a href=\"http:\/\/www.prestigemag.co\/wp-content\/uploads\/2017\/09\/Untitled-1.jpg\"><img src=\"data:image\/svg+xml,%3Csvg%20xmlns='http:\/\/www.w3.org\/2000\/svg'%20viewBox='0%200%201000%20409'%3E%3C\/svg%3E\" class=\"zeen-lazy-load-base zeen-lazy-load wp-image-13350 size-full\" data-lazy-src=\"http:\/\/www.prestigemag.co\/wp-content\/uploads\/2017\/09\/Untitled-1.jpg\" alt=\"\" width=\"1000\" height=\"409\" data-lazy-srcset=\"https:\/\/www.prestigemag.co\/wp-content\/uploads\/2017\/09\/Untitled-1.jpg 1000w, https:\/\/www.prestigemag.co\/wp-content\/uploads\/2017\/09\/Untitled-1-300x123.jpg 300w, https:\/\/www.prestigemag.co\/wp-content\/uploads\/2017\/09\/Untitled-1-770x315.jpg 770w, https:\/\/www.prestigemag.co\/wp-content\/uploads\/2017\/09\/Untitled-1-293x120.jpg 293w, https:\/\/www.prestigemag.co\/wp-content\/uploads\/2017\/09\/Untitled-1-390x160.jpg 390w, https:\/\/www.prestigemag.co\/wp-content\/uploads\/2017\/09\/Untitled-1-768x314.jpg 768w, https:\/\/www.prestigemag.co\/wp-content\/uploads\/2017\/09\/Untitled-1-150x61.jpg 150w, https:\/\/www.prestigemag.co\/wp-content\/uploads\/2017\/09\/Untitled-1-600x245.jpg 600w, https:\/\/www.prestigemag.co\/wp-content\/uploads\/2017\/09\/Untitled-1-291x119.jpg 291w, https:\/\/www.prestigemag.co\/wp-content\/uploads\/2017\/09\/Untitled-1-164x67.jpg 164w\" data-lazy-sizes=\"(max-width: 1000px) 100vw, 1000px\" \/><figcaption id=\"caption-attachment-13350\" class=\"wp-caption-text\"><noscript><img class=\"wp-image-13350 size-full\" src=\"http:\/\/www.prestigemag.co\/wp-content\/uploads\/2017\/09\/Untitled-1.jpg\" alt=\"\" width=\"1000\" height=\"409\" srcset=\"https:\/\/www.prestigemag.co\/wp-content\/uploads\/2017\/09\/Untitled-1.jpg 1000w, https:\/\/www.prestigemag.co\/wp-content\/uploads\/2017\/09\/Untitled-1-300x123.jpg 300w, https:\/\/www.prestigemag.co\/wp-content\/uploads\/2017\/09\/Untitled-1-770x315.jpg 770w, https:\/\/www.prestigemag.co\/wp-content\/uploads\/2017\/09\/Untitled-1-293x120.jpg 293w, https:\/\/www.prestigemag.co\/wp-content\/uploads\/2017\/09\/Untitled-1-390x160.jpg 390w, https:\/\/www.prestigemag.co\/wp-content\/uploads\/2017\/09\/Untitled-1-768x314.jpg 768w, https:\/\/www.prestigemag.co\/wp-content\/uploads\/2017\/09\/Untitled-1-150x61.jpg 150w, https:\/\/www.prestigemag.co\/wp-content\/uploads\/2017\/09\/Untitled-1-600x245.jpg 600w, https:\/\/www.prestigemag.co\/wp-content\/uploads\/2017\/09\/Untitled-1-291x119.jpg 291w, https:\/\/www.prestigemag.co\/wp-content\/uploads\/2017\/09\/Untitled-1-164x67.jpg 164w\" sizes=\"(max-width: 1000px) 100vw, 1000px\" \/><\/noscript><\/a> Amal et George Clooney sur le tapis rouge du Festival du Film de Venise.\u00a9 Atelier Versace<\/figcaption><\/figure>\n<p>&nbsp;<\/p>\n<p>&nbsp;<\/p>\n<p>Le 74<span style=\"font-size: 13.3333px;\">e<\/span>\u00a0Festival International du Film de Venise, organis\u00e9 par La Biennale de Venise, se d\u00e9roule au Lido de la ville du 30 ao\u00fbt au 9 septembre 2017, dirig\u00e9 par Alberto Barbera.<\/p>\n<p>Le but du Festival est de sensibiliser le public et de promouvoir les diff\u00e9rents aspects du cin\u00e9ma international sous toutes ses formes: l&rsquo;art, le divertissement et l&rsquo;industrie, dans un esprit de libert\u00e9 et de dialogue. Le Festival organise \u00e9galement des r\u00e9trospectives et des hommages aux personnages majeurs de l\u2019industrie cin\u00e9matographique, en vue d&rsquo;une meilleure compr\u00e9hension de l&rsquo;histoire du cin\u00e9ma.<\/p>\n<p>Etant le plus ancien festival de cin\u00e9ma au monde, et l&rsquo;un des trois grands festivals aux c\u00f4t\u00e9s du Festival de Cannes et du Festival International du cin\u00e9ma de Berlin, on y aper\u00e7oit les stars pendant les projections et sur le tapis rouge.<\/p>\n<p>&nbsp;<\/p>\n<p>&nbsp;<\/p>\n<figure id=\"attachment_13351\" aria-describedby=\"caption-attachment-13351\" style=\"width: 630px\" class=\"wp-caption alignleft\"><a href=\"http:\/\/www.prestigemag.co\/wp-content\/uploads\/2017\/09\/AMAL-CLOONEY-WEARING-ATELIER-VERSACE-1.jpg\"><img src=\"data:image\/svg+xml,%3Csvg%20xmlns='http:\/\/www.w3.org\/2000\/svg'%20viewBox='0%200%20630%20948'%3E%3C\/svg%3E\" class=\"zeen-lazy-load-base zeen-lazy-load wp-image-13351 size-full\" data-lazy-src=\"http:\/\/www.prestigemag.co\/wp-content\/uploads\/2017\/09\/AMAL-CLOONEY-WEARING-ATELIER-VERSACE-1.jpg\" alt=\"\" width=\"630\" height=\"948\" data-lazy-srcset=\"https:\/\/www.prestigemag.co\/wp-content\/uploads\/2017\/09\/AMAL-CLOONEY-WEARING-ATELIER-VERSACE-1.jpg 630w, https:\/\/www.prestigemag.co\/wp-content\/uploads\/2017\/09\/AMAL-CLOONEY-WEARING-ATELIER-VERSACE-1-199x300.jpg 199w, https:\/\/www.prestigemag.co\/wp-content\/uploads\/2017\/09\/AMAL-CLOONEY-WEARING-ATELIER-VERSACE-1-100x150.jpg 100w, https:\/\/www.prestigemag.co\/wp-content\/uploads\/2017\/09\/AMAL-CLOONEY-WEARING-ATELIER-VERSACE-1-249x375.jpg 249w, https:\/\/www.prestigemag.co\/wp-content\/uploads\/2017\/09\/AMAL-CLOONEY-WEARING-ATELIER-VERSACE-1-83x125.jpg 83w, https:\/\/www.prestigemag.co\/wp-content\/uploads\/2017\/09\/AMAL-CLOONEY-WEARING-ATELIER-VERSACE-1-45x67.jpg 45w\" data-lazy-sizes=\"(max-width: 630px) 100vw, 630px\" \/><figcaption id=\"caption-attachment-13351\" class=\"wp-caption-text\"><noscript><img class=\"wp-image-13351 size-full\" src=\"http:\/\/www.prestigemag.co\/wp-content\/uploads\/2017\/09\/AMAL-CLOONEY-WEARING-ATELIER-VERSACE-1.jpg\" alt=\"\" width=\"630\" height=\"948\" srcset=\"https:\/\/www.prestigemag.co\/wp-content\/uploads\/2017\/09\/AMAL-CLOONEY-WEARING-ATELIER-VERSACE-1.jpg 630w, https:\/\/www.prestigemag.co\/wp-content\/uploads\/2017\/09\/AMAL-CLOONEY-WEARING-ATELIER-VERSACE-1-199x300.jpg 199w, https:\/\/www.prestigemag.co\/wp-content\/uploads\/2017\/09\/AMAL-CLOONEY-WEARING-ATELIER-VERSACE-1-100x150.jpg 100w, https:\/\/www.prestigemag.co\/wp-content\/uploads\/2017\/09\/AMAL-CLOONEY-WEARING-ATELIER-VERSACE-1-249x375.jpg 249w, https:\/\/www.prestigemag.co\/wp-content\/uploads\/2017\/09\/AMAL-CLOONEY-WEARING-ATELIER-VERSACE-1-83x125.jpg 83w, https:\/\/www.prestigemag.co\/wp-content\/uploads\/2017\/09\/AMAL-CLOONEY-WEARING-ATELIER-VERSACE-1-45x67.jpg 45w\" sizes=\"(max-width: 630px) 100vw, 630px\" \/><\/noscript><\/a> Amal Clooney en Atelier Versace durant la projection du film \u00ab\u00a0Suburbicon\u00a0\u00bb \u00e0 Sala Grande le 2 Septembre 2017. \u00a9 Atelier Versace<\/figcaption><\/figure>\n<p>&nbsp;<\/p>\n<p>&nbsp;<\/p>\n<p>&nbsp;<\/p>\n<p>&nbsp;<\/p>\n<p>&nbsp;<\/p>\n<p>&nbsp;<\/p>\n<p>&nbsp;<\/p>\n<p>&nbsp;<\/p>\n<p>&nbsp;<\/p>\n<p>&nbsp;<\/p>\n<p>&nbsp;<\/p>\n<p>&nbsp;<\/p>\n<p>&nbsp;<\/p>\n<p>&nbsp;<\/p>\n<p>&nbsp;<\/p>\n<p>&nbsp;<\/p>\n<p>&nbsp;<\/p>\n<p>&nbsp;<\/p>\n<p>&nbsp;<\/p>\n<p>&nbsp;<\/p>\n<p>&nbsp;<\/p>\n<p>&nbsp;<\/p>\n<p>&nbsp;<\/p>\n<p>&nbsp;<\/p>\n<p>&nbsp;<\/p>\n<p>&nbsp;<\/p>\n<p>&nbsp;<\/p>\n<p>&nbsp;<\/p>\n<p>&nbsp;<\/p>\n<p>&nbsp;<\/p>\n<figure id=\"attachment_13352\" aria-describedby=\"caption-attachment-13352\" style=\"width: 630px\" class=\"wp-caption alignleft\"><a href=\"http:\/\/www.prestigemag.co\/wp-content\/uploads\/2017\/09\/JANE-FONDA-WEARING-SALVATORE-FERRAGAMO-1.jpg\"><img src=\"data:image\/svg+xml,%3Csvg%20xmlns='http:\/\/www.w3.org\/2000\/svg'%20viewBox='0%200%20630%20945'%3E%3C\/svg%3E\" class=\"zeen-lazy-load-base zeen-lazy-load wp-image-13352 size-full\" data-lazy-src=\"http:\/\/www.prestigemag.co\/wp-content\/uploads\/2017\/09\/JANE-FONDA-WEARING-SALVATORE-FERRAGAMO-1.jpg\" alt=\"\" width=\"630\" height=\"945\" data-lazy-srcset=\"https:\/\/www.prestigemag.co\/wp-content\/uploads\/2017\/09\/JANE-FONDA-WEARING-SALVATORE-FERRAGAMO-1.jpg 630w, https:\/\/www.prestigemag.co\/wp-content\/uploads\/2017\/09\/JANE-FONDA-WEARING-SALVATORE-FERRAGAMO-1-200x300.jpg 200w, https:\/\/www.prestigemag.co\/wp-content\/uploads\/2017\/09\/JANE-FONDA-WEARING-SALVATORE-FERRAGAMO-1-100x150.jpg 100w, https:\/\/www.prestigemag.co\/wp-content\/uploads\/2017\/09\/JANE-FONDA-WEARING-SALVATORE-FERRAGAMO-1-250x375.jpg 250w, https:\/\/www.prestigemag.co\/wp-content\/uploads\/2017\/09\/JANE-FONDA-WEARING-SALVATORE-FERRAGAMO-1-83x125.jpg 83w, https:\/\/www.prestigemag.co\/wp-content\/uploads\/2017\/09\/JANE-FONDA-WEARING-SALVATORE-FERRAGAMO-1-45x67.jpg 45w\" data-lazy-sizes=\"(max-width: 630px) 100vw, 630px\" \/><figcaption id=\"caption-attachment-13352\" class=\"wp-caption-text\"><noscript><img class=\"wp-image-13352 size-full\" src=\"http:\/\/www.prestigemag.co\/wp-content\/uploads\/2017\/09\/JANE-FONDA-WEARING-SALVATORE-FERRAGAMO-1.jpg\" alt=\"\" width=\"630\" height=\"945\" srcset=\"https:\/\/www.prestigemag.co\/wp-content\/uploads\/2017\/09\/JANE-FONDA-WEARING-SALVATORE-FERRAGAMO-1.jpg 630w, https:\/\/www.prestigemag.co\/wp-content\/uploads\/2017\/09\/JANE-FONDA-WEARING-SALVATORE-FERRAGAMO-1-200x300.jpg 200w, https:\/\/www.prestigemag.co\/wp-content\/uploads\/2017\/09\/JANE-FONDA-WEARING-SALVATORE-FERRAGAMO-1-100x150.jpg 100w, https:\/\/www.prestigemag.co\/wp-content\/uploads\/2017\/09\/JANE-FONDA-WEARING-SALVATORE-FERRAGAMO-1-250x375.jpg 250w, https:\/\/www.prestigemag.co\/wp-content\/uploads\/2017\/09\/JANE-FONDA-WEARING-SALVATORE-FERRAGAMO-1-83x125.jpg 83w, https:\/\/www.prestigemag.co\/wp-content\/uploads\/2017\/09\/JANE-FONDA-WEARING-SALVATORE-FERRAGAMO-1-45x67.jpg 45w\" sizes=\"(max-width: 630px) 100vw, 630px\" \/><\/noscript><\/a> Jane Fonda combinant \u00e0 son jumpsuit une pochette Salvatore Ferragamo Thalia, durant la projection de \u00ab\u00a0Our souls at night\u00a0\u00bb. \u00a9 Salvatore Ferragamo.<\/figcaption><\/figure>\n","protected":false},"excerpt":{"rendered":"<p><em>Le 74e Festival international du film de Venise, organis\u00e9 par La Biennale de Venise, se d\u00e9roule au Lido de la ville du 30 ao\u00fbt au 9 septembre 2017, dirig\u00e9 par Alberto Barbera.<\/em><\/p>\n","protected":false},"author":3,"featured_media":21794,"comment_status":"closed","ping_status":"closed","sticky":false,"template":"","format":"standard","meta":[],"categories":[13364,13346],"tags":[],"yoast_head":"<!-- This site is optimized with the Yoast SEO plugin v19.4 - https:\/\/yoast.com\/wordpress\/plugins\/seo\/ -->\n<title>Le 74e Festival International du Film de Venise - Prestige Magazine<\/title>\n<meta name=\"description\" content=\"Le 74e Festival international du film de Venise, organis\u00e9 par La Biennale de Venise, se d\u00e9roule au Lido de la ville du 30 ao\u00fbt au 9 septembre 2017, dirig\u00e9 par Alberto Barbera.\" \/>\n<meta name=\"robots\" content=\"index, follow, max-snippet:-1, max-image-preview:large, max-video-preview:-1\" \/>\n<link rel=\"canonical\" href=\"https:\/\/www.prestigemag.co\/fr\/2017\/09\/le-74e-festival-international-du-film-de-venise\/\" \/>\n<meta property=\"og:locale\" content=\"fr_FR\" \/>\n<meta property=\"og:type\" content=\"article\" \/>\n<meta property=\"og:title\" content=\"Le 74e Festival International du Film de Venise - Prestige Magazine\" \/>\n<meta property=\"og:description\" content=\"Le 74e Festival international du film de Venise, organis\u00e9 par La Biennale de Venise, se d\u00e9roule au Lido de la ville du 30 ao\u00fbt au 9 septembre 2017, dirig\u00e9 par Alberto Barbera.\" \/>\n<meta property=\"og:url\" content=\"https:\/\/www.prestigemag.co\/fr\/2017\/09\/le-74e-festival-international-du-film-de-venise\/\" \/>\n<meta property=\"og:site_name\" content=\"Prestige Magazine\" \/>\n<meta property=\"article:publisher\" content=\"https:\/\/www.facebook.com\/prestigemag.co\/\" \/>\n<meta property=\"article:published_time\" content=\"2017-09-04T09:00:28+00:00\" \/>\n<meta property=\"og:image\" content=\"https:\/\/www.prestigemag.co\/wp-content\/uploads\/2017\/09\/Untitled-1.jpg\" \/>\n\t<meta property=\"og:image:width\" content=\"1000\" \/>\n\t<meta property=\"og:image:height\" content=\"409\" \/>\n\t<meta property=\"og:image:type\" content=\"image\/jpeg\" \/>\n<meta name=\"author\" content=\"prestige\" \/>\n<meta name=\"twitter:card\" content=\"summary\" \/>\n<meta name=\"twitter:label1\" content=\"\u00c9crit par\" \/>\n\t<meta name=\"twitter:data1\" content=\"prestige\" \/>\n\t<meta name=\"twitter:label2\" content=\"Dur\u00e9e de lecture estim\u00e9e\" \/>\n\t<meta name=\"twitter:data2\" content=\"1 minute\" \/>\n<script type=\"application\/ld+json\" class=\"yoast-schema-graph\">{\"@context\":\"https:\/\/schema.org\",\"@graph\":[{\"@type\":\"Organization\",\"@id\":\"https:\/\/www.prestigemag.co\/#organization\",\"name\":\"Prestige\",\"url\":\"https:\/\/www.prestigemag.co\/\",\"sameAs\":[\"https:\/\/www.instagram.com\/prestige.mag\/\",\"https:\/\/www.facebook.com\/prestigemag.co\/\"],\"logo\":{\"@type\":\"ImageObject\",\"inLanguage\":\"fr-FR\",\"@id\":\"https:\/\/www.prestigemag.co\/#\/schema\/logo\/image\/\",\"url\":\"https:\/\/www.prestigemag.co\/wp-content\/uploads\/2021\/11\/logo-Prestige-800x200-1.png\",\"contentUrl\":\"https:\/\/www.prestigemag.co\/wp-content\/uploads\/2021\/11\/logo-Prestige-800x200-1.png\",\"width\":800,\"height\":200,\"caption\":\"Prestige\"},\"image\":{\"@id\":\"https:\/\/www.prestigemag.co\/#\/schema\/logo\/image\/\"}},{\"@type\":\"WebSite\",\"@id\":\"https:\/\/www.prestigemag.co\/#website\",\"url\":\"https:\/\/www.prestigemag.co\/\",\"name\":\"Prestige Magazine\",\"description\":\"Le Monde Des C\u00e9l\u00e9brit\u00e9s\",\"publisher\":{\"@id\":\"https:\/\/www.prestigemag.co\/#organization\"},\"potentialAction\":[{\"@type\":\"SearchAction\",\"target\":{\"@type\":\"EntryPoint\",\"urlTemplate\":\"https:\/\/www.prestigemag.co\/?s={search_term_string}\"},\"query-input\":\"required name=search_term_string\"}],\"inLanguage\":\"fr-FR\"},{\"@type\":\"WebPage\",\"@id\":\"https:\/\/www.prestigemag.co\/fr\/2017\/09\/le-74e-festival-international-du-film-de-venise\/\",\"url\":\"https:\/\/www.prestigemag.co\/fr\/2017\/09\/le-74e-festival-international-du-film-de-venise\/\",\"name\":\"Le 74e Festival International du Film de Venise - Prestige Magazine\",\"isPartOf\":{\"@id\":\"https:\/\/www.prestigemag.co\/#website\"},\"datePublished\":\"2017-09-04T09:00:28+00:00\",\"dateModified\":\"2017-09-04T09:00:28+00:00\",\"description\":\"Le 74e Festival international du film de Venise, organis\u00e9 par La Biennale de Venise, se d\u00e9roule au Lido de la ville du 30 ao\u00fbt au 9 septembre 2017, dirig\u00e9 par Alberto Barbera.\",\"breadcrumb\":{\"@id\":\"https:\/\/www.prestigemag.co\/fr\/2017\/09\/le-74e-festival-international-du-film-de-venise\/#breadcrumb\"},\"inLanguage\":\"fr-FR\",\"potentialAction\":[{\"@type\":\"ReadAction\",\"target\":[\"https:\/\/www.prestigemag.co\/fr\/2017\/09\/le-74e-festival-international-du-film-de-venise\/\"]}]},{\"@type\":\"BreadcrumbList\",\"@id\":\"https:\/\/www.prestigemag.co\/fr\/2017\/09\/le-74e-festival-international-du-film-de-venise\/#breadcrumb\",\"itemListElement\":[{\"@type\":\"ListItem\",\"position\":1,\"name\":\"Home\",\"item\":\"https:\/\/www.prestigemag.co\/fr\/\"},{\"@type\":\"ListItem\",\"position\":2,\"name\":\"Le 74e Festival International du Film de Venise\"}]},{\"@type\":\"Article\",\"@id\":\"https:\/\/www.prestigemag.co\/fr\/2017\/09\/le-74e-festival-international-du-film-de-venise\/#article\",\"isPartOf\":{\"@id\":\"https:\/\/www.prestigemag.co\/fr\/2017\/09\/le-74e-festival-international-du-film-de-venise\/\"},\"author\":{\"name\":\"prestige\",\"@id\":\"https:\/\/www.prestigemag.co\/#\/schema\/person\/e3f149368970128d68bb2d797bf30fbc\"},\"headline\":\"Le 74e Festival International du Film de Venise\",\"datePublished\":\"2017-09-04T09:00:28+00:00\",\"dateModified\":\"2017-09-04T09:00:28+00:00\",\"mainEntityOfPage\":{\"@id\":\"https:\/\/www.prestigemag.co\/fr\/2017\/09\/le-74e-festival-international-du-film-de-venise\/\"},\"wordCount\":260,\"publisher\":{\"@id\":\"https:\/\/www.prestigemag.co\/#organization\"},\"articleSection\":[\"C\u00e9l\u00e9brit\u00e9s &amp; Tapis Rouge\",\"Mode\"],\"inLanguage\":\"fr-FR\"},{\"@type\":\"Person\",\"@id\":\"https:\/\/www.prestigemag.co\/#\/schema\/person\/e3f149368970128d68bb2d797bf30fbc\",\"name\":\"prestige\",\"image\":{\"@type\":\"ImageObject\",\"inLanguage\":\"fr-FR\",\"@id\":\"https:\/\/www.prestigemag.co\/#\/schema\/person\/image\/\",\"url\":\"https:\/\/secure.gravatar.com\/avatar\/0aa2dff5484d35e50578639a2c3ccef9?s=96&d=mm&r=g\",\"contentUrl\":\"https:\/\/secure.gravatar.com\/avatar\/0aa2dff5484d35e50578639a2c3ccef9?s=96&d=mm&r=g\",\"caption\":\"prestige\"},\"url\":\"https:\/\/www.prestigemag.co\/fr\/author\/prestige\/\"}]}<\/script>\n<!-- \/ Yoast SEO plugin. -->","yoast_head_json":{"title":"Le 74e Festival International du Film de Venise - Prestige Magazine","description":"Le 74e Festival international du film de Venise, organis\u00e9 par La Biennale de Venise, se d\u00e9roule au Lido de la ville du 30 ao\u00fbt au 9 septembre 2017, dirig\u00e9 par Alberto Barbera.","robots":{"index":"index","follow":"follow","max-snippet":"max-snippet:-1","max-image-preview":"max-image-preview:large","max-video-preview":"max-video-preview:-1"},"canonical":"https:\/\/www.prestigemag.co\/fr\/2017\/09\/le-74e-festival-international-du-film-de-venise\/","og_locale":"fr_FR","og_type":"article","og_title":"Le 74e Festival International du Film de Venise - Prestige Magazine","og_description":"Le 74e Festival international du film de Venise, organis\u00e9 par La Biennale de Venise, se d\u00e9roule au Lido de la ville du 30 ao\u00fbt au 9 septembre 2017, dirig\u00e9 par Alberto Barbera.","og_url":"https:\/\/www.prestigemag.co\/fr\/2017\/09\/le-74e-festival-international-du-film-de-venise\/","og_site_name":"Prestige Magazine","article_publisher":"https:\/\/www.facebook.com\/prestigemag.co\/","article_published_time":"2017-09-04T09:00:28+00:00","og_image":[{"width":1000,"height":409,"url":"https:\/\/www.prestigemag.co\/wp-content\/uploads\/2017\/09\/Untitled-1.jpg","type":"image\/jpeg"}],"author":"prestige","twitter_card":"summary","twitter_misc":{"\u00c9crit par":"prestige","Dur\u00e9e de lecture estim\u00e9e":"1 minute"},"schema":{"@context":"https:\/\/schema.org","@graph":[{"@type":"Organization","@id":"https:\/\/www.prestigemag.co\/#organization","name":"Prestige","url":"https:\/\/www.prestigemag.co\/","sameAs":["https:\/\/www.instagram.com\/prestige.mag\/","https:\/\/www.facebook.com\/prestigemag.co\/"],"logo":{"@type":"ImageObject","inLanguage":"fr-FR","@id":"https:\/\/www.prestigemag.co\/#\/schema\/logo\/image\/","url":"https:\/\/www.prestigemag.co\/wp-content\/uploads\/2021\/11\/logo-Prestige-800x200-1.png","contentUrl":"https:\/\/www.prestigemag.co\/wp-content\/uploads\/2021\/11\/logo-Prestige-800x200-1.png","width":800,"height":200,"caption":"Prestige"},"image":{"@id":"https:\/\/www.prestigemag.co\/#\/schema\/logo\/image\/"}},{"@type":"WebSite","@id":"https:\/\/www.prestigemag.co\/#website","url":"https:\/\/www.prestigemag.co\/","name":"Prestige Magazine","description":"Le Monde Des C\u00e9l\u00e9brit\u00e9s","publisher":{"@id":"https:\/\/www.prestigemag.co\/#organization"},"potentialAction":[{"@type":"SearchAction","target":{"@type":"EntryPoint","urlTemplate":"https:\/\/www.prestigemag.co\/?s={search_term_string}"},"query-input":"required name=search_term_string"}],"inLanguage":"fr-FR"},{"@type":"WebPage","@id":"https:\/\/www.prestigemag.co\/fr\/2017\/09\/le-74e-festival-international-du-film-de-venise\/","url":"https:\/\/www.prestigemag.co\/fr\/2017\/09\/le-74e-festival-international-du-film-de-venise\/","name":"Le 74e Festival International du Film de Venise - Prestige Magazine","isPartOf":{"@id":"https:\/\/www.prestigemag.co\/#website"},"datePublished":"2017-09-04T09:00:28+00:00","dateModified":"2017-09-04T09:00:28+00:00","description":"Le 74e Festival international du film de Venise, organis\u00e9 par La Biennale de Venise, se d\u00e9roule au Lido de la ville du 30 ao\u00fbt au 9 septembre 2017, dirig\u00e9 par Alberto Barbera.","breadcrumb":{"@id":"https:\/\/www.prestigemag.co\/fr\/2017\/09\/le-74e-festival-international-du-film-de-venise\/#breadcrumb"},"inLanguage":"fr-FR","potentialAction":[{"@type":"ReadAction","target":["https:\/\/www.prestigemag.co\/fr\/2017\/09\/le-74e-festival-international-du-film-de-venise\/"]}]},{"@type":"BreadcrumbList","@id":"https:\/\/www.prestigemag.co\/fr\/2017\/09\/le-74e-festival-international-du-film-de-venise\/#breadcrumb","itemListElement":[{"@type":"ListItem","position":1,"name":"Home","item":"https:\/\/www.prestigemag.co\/fr\/"},{"@type":"ListItem","position":2,"name":"Le 74e Festival International du Film de Venise"}]},{"@type":"Article","@id":"https:\/\/www.prestigemag.co\/fr\/2017\/09\/le-74e-festival-international-du-film-de-venise\/#article","isPartOf":{"@id":"https:\/\/www.prestigemag.co\/fr\/2017\/09\/le-74e-festival-international-du-film-de-venise\/"},"author":{"name":"prestige","@id":"https:\/\/www.prestigemag.co\/#\/schema\/person\/e3f149368970128d68bb2d797bf30fbc"},"headline":"Le 74e Festival International du Film de Venise","datePublished":"2017-09-04T09:00:28+00:00","dateModified":"2017-09-04T09:00:28+00:00","mainEntityOfPage":{"@id":"https:\/\/www.prestigemag.co\/fr\/2017\/09\/le-74e-festival-international-du-film-de-venise\/"},"wordCount":260,"publisher":{"@id":"https:\/\/www.prestigemag.co\/#organization"},"articleSection":["C\u00e9l\u00e9brit\u00e9s &amp; Tapis Rouge","Mode"],"inLanguage":"fr-FR"},{"@type":"Person","@id":"https:\/\/www.prestigemag.co\/#\/schema\/person\/e3f149368970128d68bb2d797bf30fbc","name":"prestige","image":{"@type":"ImageObject","inLanguage":"fr-FR","@id":"https:\/\/www.prestigemag.co\/#\/schema\/person\/image\/","url":"https:\/\/secure.gravatar.com\/avatar\/0aa2dff5484d35e50578639a2c3ccef9?s=96&d=mm&r=g","contentUrl":"https:\/\/secure.gravatar.com\/avatar\/0aa2dff5484d35e50578639a2c3ccef9?s=96&d=mm&r=g","caption":"prestige"},"url":"https:\/\/www.prestigemag.co\/fr\/author\/prestige\/"}]}},"_links":{"self":[{"href":"https:\/\/www.prestigemag.co\/fr\/wp-json\/wp\/v2\/posts\/21793"}],"collection":[{"href":"https:\/\/www.prestigemag.co\/fr\/wp-json\/wp\/v2\/posts"}],"about":[{"href":"https:\/\/www.prestigemag.co\/fr\/wp-json\/wp\/v2\/types\/post"}],"author":[{"embeddable":true,"href":"https:\/\/www.prestigemag.co\/fr\/wp-json\/wp\/v2\/users\/3"}],"replies":[{"embeddable":true,"href":"https:\/\/www.prestigemag.co\/fr\/wp-json\/wp\/v2\/comments?post=21793"}],"version-history":[{"count":0,"href":"https:\/\/www.prestigemag.co\/fr\/wp-json\/wp\/v2\/posts\/21793\/revisions"}],"wp:featuredmedia":[{"embeddable":true,"href":"https:\/\/www.prestigemag.co\/fr\/wp-json\/wp\/v2\/media\/21794"}],"wp:attachment":[{"href":"https:\/\/www.prestigemag.co\/fr\/wp-json\/wp\/v2\/media?parent=21793"}],"wp:term":[{"taxonomy":"category","embeddable":true,"href":"https:\/\/www.prestigemag.co\/fr\/wp-json\/wp\/v2\/categories?post=21793"},{"taxonomy":"post_tag","embeddable":true,"href":"https:\/\/www.prestigemag.co\/fr\/wp-json\/wp\/v2\/tags?post=21793"}],"curies":[{"name":"wp","href":"https:\/\/api.w.org\/{rel}","templated":true}]}}