{"id":21942,"date":"2017-11-06T13:55:23","date_gmt":"2017-11-06T13:55:23","guid":{"rendered":"http:\/\/www.prestigemag.co\/2017\/11\/la-premiere-dame-a-parraine-une-journee-de-forestation-aux-cedres\/"},"modified":"2017-11-06T13:55:23","modified_gmt":"2017-11-06T13:55:23","slug":"la-premiere-dame-a-parraine-une-journee-de-forestation-aux-cedres","status":"publish","type":"post","link":"https:\/\/www.prestigemag.co\/fr\/2017\/11\/la-premiere-dame-a-parraine-une-journee-de-forestation-aux-cedres\/","title":{"rendered":"La Premi\u00e8re dame a parrain\u00e9 une journ\u00e9e de forestation aux C\u00e8dres"},"content":{"rendered":"<p><a href=\"http:\/\/www.prestigemag.co\/wp-content\/uploads\/2017\/11\/Untitled-1-4.jpg\"><img src=\"data:image\/svg+xml,%3Csvg%20xmlns='http:\/\/www.w3.org\/2000\/svg'%20viewBox='0%200%201000%20409'%3E%3C\/svg%3E\" width=\"1000\" height=\"409\" class=\"zeen-lazy-load-base zeen-lazy-load aligncenter size-full wp-image-13884\" data-lazy-src=\"http:\/\/www.prestigemag.co\/wp-content\/uploads\/2017\/11\/Untitled-1-4.jpg\" alt=\"\" data-lazy-srcset=\"https:\/\/www.prestigemag.co\/wp-content\/uploads\/2017\/11\/Untitled-1-4.jpg 1000w, https:\/\/www.prestigemag.co\/wp-content\/uploads\/2017\/11\/Untitled-1-4-300x123.jpg 300w, https:\/\/www.prestigemag.co\/wp-content\/uploads\/2017\/11\/Untitled-1-4-770x315.jpg 770w, https:\/\/www.prestigemag.co\/wp-content\/uploads\/2017\/11\/Untitled-1-4-293x120.jpg 293w, https:\/\/www.prestigemag.co\/wp-content\/uploads\/2017\/11\/Untitled-1-4-390x160.jpg 390w, https:\/\/www.prestigemag.co\/wp-content\/uploads\/2017\/11\/Untitled-1-4-768x314.jpg 768w, https:\/\/www.prestigemag.co\/wp-content\/uploads\/2017\/11\/Untitled-1-4-150x61.jpg 150w, https:\/\/www.prestigemag.co\/wp-content\/uploads\/2017\/11\/Untitled-1-4-600x245.jpg 600w, https:\/\/www.prestigemag.co\/wp-content\/uploads\/2017\/11\/Untitled-1-4-291x119.jpg 291w, https:\/\/www.prestigemag.co\/wp-content\/uploads\/2017\/11\/Untitled-1-4-164x67.jpg 164w\" data-lazy-sizes=\"(max-width: 1000px) 100vw, 1000px\" \/><noscript><img width=\"1000\" height=\"409\" class=\"aligncenter size-full wp-image-13884\" src=\"http:\/\/www.prestigemag.co\/wp-content\/uploads\/2017\/11\/Untitled-1-4.jpg\" alt=\"\" srcset=\"https:\/\/www.prestigemag.co\/wp-content\/uploads\/2017\/11\/Untitled-1-4.jpg 1000w, https:\/\/www.prestigemag.co\/wp-content\/uploads\/2017\/11\/Untitled-1-4-300x123.jpg 300w, https:\/\/www.prestigemag.co\/wp-content\/uploads\/2017\/11\/Untitled-1-4-770x315.jpg 770w, https:\/\/www.prestigemag.co\/wp-content\/uploads\/2017\/11\/Untitled-1-4-293x120.jpg 293w, https:\/\/www.prestigemag.co\/wp-content\/uploads\/2017\/11\/Untitled-1-4-390x160.jpg 390w, https:\/\/www.prestigemag.co\/wp-content\/uploads\/2017\/11\/Untitled-1-4-768x314.jpg 768w, https:\/\/www.prestigemag.co\/wp-content\/uploads\/2017\/11\/Untitled-1-4-150x61.jpg 150w, https:\/\/www.prestigemag.co\/wp-content\/uploads\/2017\/11\/Untitled-1-4-600x245.jpg 600w, https:\/\/www.prestigemag.co\/wp-content\/uploads\/2017\/11\/Untitled-1-4-291x119.jpg 291w, https:\/\/www.prestigemag.co\/wp-content\/uploads\/2017\/11\/Untitled-1-4-164x67.jpg 164w\" sizes=\"(max-width: 1000px) 100vw, 1000px\" \/><\/noscript><\/a><\/p>\n<p>&nbsp;<\/p>\n<p>&nbsp;<\/p>\n<p>Vu l\u2019importance qu\u2019elle accorde \u00e0 l\u2019environnement et \u00e0 l\u2019accroissement des espaces verts, la Premi\u00e8re dame du Liban Nadia Chami Aoun, accompagn\u00e9e de Claudine Aoun Roukoz, pr\u00e9sidente de la Commission Nationale de la Femme libanaise ont parrain\u00e9 le 5 novembre 2017 une journ\u00e9e de forestation, \u00a0en collaboration avec la municipalit\u00e9 de B\u00e9charr\u00e9 et le comit\u00e9 des amis de la for\u00eat des C\u00e8dres. Organis\u00e9 par le Projet de forestation au Liban LRI et financ\u00e9e par l\u2019Agence am\u00e9ricaine de D\u00e9veloppement international USAID, dans le cadre d\u2019une campagne qui vise \u00e0 sauvegarder les arbres menac\u00e9s. Le programme de la journ\u00e9e a comport\u00e9 la plantation de 5000 plants de c\u00e8dres par des volontaires venant de Becharr\u00e9 et des localit\u00e9s avoisinantes, ainsi que des \u00e9tudiants des diverses r\u00e9gions libanaises.<\/p>\n<p>&nbsp;<\/p>\n<p>&nbsp;<\/p>\n<figure id=\"attachment_13885\" aria-describedby=\"caption-attachment-13885\" style=\"width: 787px\" class=\"wp-caption aligncenter\"><a href=\"http:\/\/www.prestigemag.co\/wp-content\/uploads\/2017\/11\/RD8A2083.jpg\"><img src=\"data:image\/svg+xml,%3Csvg%20xmlns='http:\/\/www.w3.org\/2000\/svg'%20viewBox='0%200%20787%20525'%3E%3C\/svg%3E\" class=\"zeen-lazy-load-base zeen-lazy-load wp-image-13885 size-full\" data-lazy-src=\"http:\/\/www.prestigemag.co\/wp-content\/uploads\/2017\/11\/RD8A2083.jpg\" alt=\"\" width=\"787\" height=\"525\" data-lazy-srcset=\"https:\/\/www.prestigemag.co\/wp-content\/uploads\/2017\/11\/RD8A2083.jpg 787w, https:\/\/www.prestigemag.co\/wp-content\/uploads\/2017\/11\/RD8A2083-300x200.jpg 300w, https:\/\/www.prestigemag.co\/wp-content\/uploads\/2017\/11\/RD8A2083-768x512.jpg 768w, https:\/\/www.prestigemag.co\/wp-content\/uploads\/2017\/11\/RD8A2083-150x100.jpg 150w, https:\/\/www.prestigemag.co\/wp-content\/uploads\/2017\/11\/RD8A2083-562x375.jpg 562w, https:\/\/www.prestigemag.co\/wp-content\/uploads\/2017\/11\/RD8A2083-187x125.jpg 187w, https:\/\/www.prestigemag.co\/wp-content\/uploads\/2017\/11\/RD8A2083-100x67.jpg 100w\" data-lazy-sizes=\"(max-width: 787px) 100vw, 787px\" \/><figcaption id=\"caption-attachment-13885\" class=\"wp-caption-text\"><noscript><img class=\"wp-image-13885 size-full\" src=\"http:\/\/www.prestigemag.co\/wp-content\/uploads\/2017\/11\/RD8A2083.jpg\" alt=\"\" width=\"787\" height=\"525\" srcset=\"https:\/\/www.prestigemag.co\/wp-content\/uploads\/2017\/11\/RD8A2083.jpg 787w, https:\/\/www.prestigemag.co\/wp-content\/uploads\/2017\/11\/RD8A2083-300x200.jpg 300w, https:\/\/www.prestigemag.co\/wp-content\/uploads\/2017\/11\/RD8A2083-768x512.jpg 768w, https:\/\/www.prestigemag.co\/wp-content\/uploads\/2017\/11\/RD8A2083-150x100.jpg 150w, https:\/\/www.prestigemag.co\/wp-content\/uploads\/2017\/11\/RD8A2083-562x375.jpg 562w, https:\/\/www.prestigemag.co\/wp-content\/uploads\/2017\/11\/RD8A2083-187x125.jpg 187w, https:\/\/www.prestigemag.co\/wp-content\/uploads\/2017\/11\/RD8A2083-100x67.jpg 100w\" sizes=\"(max-width: 787px) 100vw, 787px\" \/><\/noscript><\/a> Claudine Aoun Roukoz plantant un c\u00e8dre.<\/figcaption><\/figure>\n<p>&nbsp;<\/p>\n<p>&nbsp;<\/p>\n<figure id=\"attachment_13886\" aria-describedby=\"caption-attachment-13886\" style=\"width: 787px\" class=\"wp-caption aligncenter\"><a href=\"http:\/\/www.prestigemag.co\/wp-content\/uploads\/2017\/11\/RD8A1993.jpg\"><img src=\"data:image\/svg+xml,%3Csvg%20xmlns='http:\/\/www.w3.org\/2000\/svg'%20viewBox='0%200%20787%20525'%3E%3C\/svg%3E\" class=\"zeen-lazy-load-base zeen-lazy-load wp-image-13886 size-full\" data-lazy-src=\"http:\/\/www.prestigemag.co\/wp-content\/uploads\/2017\/11\/RD8A1993.jpg\" alt=\"\" width=\"787\" height=\"525\" data-lazy-srcset=\"https:\/\/www.prestigemag.co\/wp-content\/uploads\/2017\/11\/RD8A1993.jpg 787w, https:\/\/www.prestigemag.co\/wp-content\/uploads\/2017\/11\/RD8A1993-300x200.jpg 300w, https:\/\/www.prestigemag.co\/wp-content\/uploads\/2017\/11\/RD8A1993-768x512.jpg 768w, https:\/\/www.prestigemag.co\/wp-content\/uploads\/2017\/11\/RD8A1993-150x100.jpg 150w, https:\/\/www.prestigemag.co\/wp-content\/uploads\/2017\/11\/RD8A1993-562x375.jpg 562w, https:\/\/www.prestigemag.co\/wp-content\/uploads\/2017\/11\/RD8A1993-187x125.jpg 187w, https:\/\/www.prestigemag.co\/wp-content\/uploads\/2017\/11\/RD8A1993-100x67.jpg 100w\" data-lazy-sizes=\"(max-width: 787px) 100vw, 787px\" \/><figcaption id=\"caption-attachment-13886\" class=\"wp-caption-text\"><noscript><img class=\"wp-image-13886 size-full\" src=\"http:\/\/www.prestigemag.co\/wp-content\/uploads\/2017\/11\/RD8A1993.jpg\" alt=\"\" width=\"787\" height=\"525\" srcset=\"https:\/\/www.prestigemag.co\/wp-content\/uploads\/2017\/11\/RD8A1993.jpg 787w, https:\/\/www.prestigemag.co\/wp-content\/uploads\/2017\/11\/RD8A1993-300x200.jpg 300w, https:\/\/www.prestigemag.co\/wp-content\/uploads\/2017\/11\/RD8A1993-768x512.jpg 768w, https:\/\/www.prestigemag.co\/wp-content\/uploads\/2017\/11\/RD8A1993-150x100.jpg 150w, https:\/\/www.prestigemag.co\/wp-content\/uploads\/2017\/11\/RD8A1993-562x375.jpg 562w, https:\/\/www.prestigemag.co\/wp-content\/uploads\/2017\/11\/RD8A1993-187x125.jpg 187w, https:\/\/www.prestigemag.co\/wp-content\/uploads\/2017\/11\/RD8A1993-100x67.jpg 100w\" sizes=\"(max-width: 787px) 100vw, 787px\" \/><\/noscript><\/a> La Premi\u00e8re dame recevant un c\u00e8dre en bronze du pr\u00e9sident de la municipalit\u00e9 de Becharr\u00e9 Freddy Kairouz.<\/figcaption><\/figure>\n<p>&nbsp;<\/p>\n<p>&nbsp;<\/p>\n<figure id=\"attachment_13887\" aria-describedby=\"caption-attachment-13887\" style=\"width: 787px\" class=\"wp-caption aligncenter\"><a href=\"http:\/\/www.prestigemag.co\/wp-content\/uploads\/2017\/11\/RD8A1942.jpg\"><img src=\"data:image\/svg+xml,%3Csvg%20xmlns='http:\/\/www.w3.org\/2000\/svg'%20viewBox='0%200%20787%20525'%3E%3C\/svg%3E\" class=\"zeen-lazy-load-base zeen-lazy-load wp-image-13887 size-full\" data-lazy-src=\"http:\/\/www.prestigemag.co\/wp-content\/uploads\/2017\/11\/RD8A1942.jpg\" alt=\"\" width=\"787\" height=\"525\" data-lazy-srcset=\"https:\/\/www.prestigemag.co\/wp-content\/uploads\/2017\/11\/RD8A1942.jpg 787w, https:\/\/www.prestigemag.co\/wp-content\/uploads\/2017\/11\/RD8A1942-300x200.jpg 300w, https:\/\/www.prestigemag.co\/wp-content\/uploads\/2017\/11\/RD8A1942-768x512.jpg 768w, https:\/\/www.prestigemag.co\/wp-content\/uploads\/2017\/11\/RD8A1942-150x100.jpg 150w, https:\/\/www.prestigemag.co\/wp-content\/uploads\/2017\/11\/RD8A1942-562x375.jpg 562w, https:\/\/www.prestigemag.co\/wp-content\/uploads\/2017\/11\/RD8A1942-187x125.jpg 187w, https:\/\/www.prestigemag.co\/wp-content\/uploads\/2017\/11\/RD8A1942-100x67.jpg 100w\" data-lazy-sizes=\"(max-width: 787px) 100vw, 787px\" \/><figcaption id=\"caption-attachment-13887\" class=\"wp-caption-text\"><noscript><img class=\"wp-image-13887 size-full\" src=\"http:\/\/www.prestigemag.co\/wp-content\/uploads\/2017\/11\/RD8A1942.jpg\" alt=\"\" width=\"787\" height=\"525\" srcset=\"https:\/\/www.prestigemag.co\/wp-content\/uploads\/2017\/11\/RD8A1942.jpg 787w, https:\/\/www.prestigemag.co\/wp-content\/uploads\/2017\/11\/RD8A1942-300x200.jpg 300w, https:\/\/www.prestigemag.co\/wp-content\/uploads\/2017\/11\/RD8A1942-768x512.jpg 768w, https:\/\/www.prestigemag.co\/wp-content\/uploads\/2017\/11\/RD8A1942-150x100.jpg 150w, https:\/\/www.prestigemag.co\/wp-content\/uploads\/2017\/11\/RD8A1942-562x375.jpg 562w, https:\/\/www.prestigemag.co\/wp-content\/uploads\/2017\/11\/RD8A1942-187x125.jpg 187w, https:\/\/www.prestigemag.co\/wp-content\/uploads\/2017\/11\/RD8A1942-100x67.jpg 100w\" sizes=\"(max-width: 787px) 100vw, 787px\" \/><\/noscript><\/a> Claudine Aoun Roukoz pronon\u00e7ant son allocution.<\/figcaption><\/figure>\n<p>&nbsp;<\/p>\n<p>&nbsp;<\/p>\n<p><a href=\"http:\/\/www.prestigemag.co\/wp-content\/uploads\/2017\/11\/RD8A2026.jpg\"><img src=\"data:image\/svg+xml,%3Csvg%20xmlns='http:\/\/www.w3.org\/2000\/svg'%20viewBox='0%200%20787%20525'%3E%3C\/svg%3E\" width=\"787\" height=\"525\" class=\"zeen-lazy-load-base zeen-lazy-load aligncenter size-full wp-image-13888\" data-lazy-src=\"http:\/\/www.prestigemag.co\/wp-content\/uploads\/2017\/11\/RD8A2026.jpg\" alt=\"\" data-lazy-srcset=\"https:\/\/www.prestigemag.co\/wp-content\/uploads\/2017\/11\/RD8A2026.jpg 787w, https:\/\/www.prestigemag.co\/wp-content\/uploads\/2017\/11\/RD8A2026-300x200.jpg 300w, https:\/\/www.prestigemag.co\/wp-content\/uploads\/2017\/11\/RD8A2026-768x512.jpg 768w, https:\/\/www.prestigemag.co\/wp-content\/uploads\/2017\/11\/RD8A2026-150x100.jpg 150w, https:\/\/www.prestigemag.co\/wp-content\/uploads\/2017\/11\/RD8A2026-562x375.jpg 562w, https:\/\/www.prestigemag.co\/wp-content\/uploads\/2017\/11\/RD8A2026-187x125.jpg 187w, https:\/\/www.prestigemag.co\/wp-content\/uploads\/2017\/11\/RD8A2026-100x67.jpg 100w\" data-lazy-sizes=\"(max-width: 787px) 100vw, 787px\" \/><noscript><img width=\"787\" height=\"525\" class=\"aligncenter size-full wp-image-13888\" src=\"http:\/\/www.prestigemag.co\/wp-content\/uploads\/2017\/11\/RD8A2026.jpg\" alt=\"\" srcset=\"https:\/\/www.prestigemag.co\/wp-content\/uploads\/2017\/11\/RD8A2026.jpg 787w, https:\/\/www.prestigemag.co\/wp-content\/uploads\/2017\/11\/RD8A2026-300x200.jpg 300w, https:\/\/www.prestigemag.co\/wp-content\/uploads\/2017\/11\/RD8A2026-768x512.jpg 768w, https:\/\/www.prestigemag.co\/wp-content\/uploads\/2017\/11\/RD8A2026-150x100.jpg 150w, https:\/\/www.prestigemag.co\/wp-content\/uploads\/2017\/11\/RD8A2026-562x375.jpg 562w, https:\/\/www.prestigemag.co\/wp-content\/uploads\/2017\/11\/RD8A2026-187x125.jpg 187w, https:\/\/www.prestigemag.co\/wp-content\/uploads\/2017\/11\/RD8A2026-100x67.jpg 100w\" sizes=\"(max-width: 787px) 100vw, 787px\" \/><\/noscript><\/a><\/p>\n","protected":false},"excerpt":{"rendered":"<p><em>Vu l\u2019importance qu\u2019elle accorde \u00e0 l\u2019environnement et \u00e0 l\u2019accroissement des espaces verts, la Premi\u00e8re dame du Liban Nadia Chami Aoun, accompagn\u00e9e de Claudine Aoun Roukoz,<\/em> <\/p>\n","protected":false},"author":3,"featured_media":21943,"comment_status":"closed","ping_status":"closed","sticky":false,"template":"","format":"standard","meta":[],"categories":[13333,13360],"tags":[],"yoast_head":"<!-- This site is optimized with the Yoast SEO plugin v19.4 - https:\/\/yoast.com\/wordpress\/plugins\/seo\/ -->\n<title>La Premi\u00e8re dame a parrain\u00e9 une journ\u00e9e de forestation aux C\u00e8dres - Prestige Magazine<\/title>\n<meta name=\"description\" content=\"Vu l\u2019importance qu\u2019elle accorde \u00e0 l\u2019environnement et \u00e0 l\u2019accroissement des espaces verts, la Premi\u00e8re dame du Liban Nadia Chami Aoun, accompagn\u00e9e de Claudine Aoun Roukoz,\" \/>\n<meta name=\"robots\" content=\"index, follow, max-snippet:-1, max-image-preview:large, max-video-preview:-1\" \/>\n<link rel=\"canonical\" href=\"https:\/\/www.prestigemag.co\/fr\/2017\/11\/la-premiere-dame-a-parraine-une-journee-de-forestation-aux-cedres\/\" \/>\n<meta property=\"og:locale\" content=\"fr_FR\" \/>\n<meta property=\"og:type\" content=\"article\" \/>\n<meta property=\"og:title\" content=\"La Premi\u00e8re dame a parrain\u00e9 une journ\u00e9e de forestation aux C\u00e8dres - Prestige Magazine\" \/>\n<meta property=\"og:description\" content=\"Vu l\u2019importance qu\u2019elle accorde \u00e0 l\u2019environnement et \u00e0 l\u2019accroissement des espaces verts, la Premi\u00e8re dame du Liban Nadia Chami Aoun, accompagn\u00e9e de Claudine Aoun Roukoz,\" \/>\n<meta property=\"og:url\" content=\"https:\/\/www.prestigemag.co\/fr\/2017\/11\/la-premiere-dame-a-parraine-une-journee-de-forestation-aux-cedres\/\" \/>\n<meta property=\"og:site_name\" content=\"Prestige Magazine\" \/>\n<meta property=\"article:publisher\" content=\"https:\/\/www.facebook.com\/prestigemag.co\/\" \/>\n<meta property=\"article:published_time\" content=\"2017-11-06T13:55:23+00:00\" \/>\n<meta property=\"og:image\" content=\"https:\/\/www.prestigemag.co\/wp-content\/uploads\/2017\/11\/Untitled-1-4.jpg\" \/>\n\t<meta property=\"og:image:width\" content=\"1000\" \/>\n\t<meta property=\"og:image:height\" content=\"409\" \/>\n\t<meta property=\"og:image:type\" content=\"image\/jpeg\" \/>\n<meta name=\"author\" content=\"prestige\" \/>\n<meta name=\"twitter:card\" content=\"summary\" \/>\n<meta name=\"twitter:label1\" content=\"\u00c9crit par\" \/>\n\t<meta name=\"twitter:data1\" content=\"prestige\" \/>\n\t<meta name=\"twitter:label2\" content=\"Dur\u00e9e de lecture estim\u00e9e\" \/>\n\t<meta name=\"twitter:data2\" content=\"1 minute\" \/>\n<script type=\"application\/ld+json\" class=\"yoast-schema-graph\">{\"@context\":\"https:\/\/schema.org\",\"@graph\":[{\"@type\":\"Organization\",\"@id\":\"https:\/\/www.prestigemag.co\/#organization\",\"name\":\"Prestige\",\"url\":\"https:\/\/www.prestigemag.co\/\",\"sameAs\":[\"https:\/\/www.instagram.com\/prestige.mag\/\",\"https:\/\/www.facebook.com\/prestigemag.co\/\"],\"logo\":{\"@type\":\"ImageObject\",\"inLanguage\":\"fr-FR\",\"@id\":\"https:\/\/www.prestigemag.co\/#\/schema\/logo\/image\/\",\"url\":\"https:\/\/www.prestigemag.co\/wp-content\/uploads\/2021\/11\/logo-Prestige-800x200-1.png\",\"contentUrl\":\"https:\/\/www.prestigemag.co\/wp-content\/uploads\/2021\/11\/logo-Prestige-800x200-1.png\",\"width\":800,\"height\":200,\"caption\":\"Prestige\"},\"image\":{\"@id\":\"https:\/\/www.prestigemag.co\/#\/schema\/logo\/image\/\"}},{\"@type\":\"WebSite\",\"@id\":\"https:\/\/www.prestigemag.co\/#website\",\"url\":\"https:\/\/www.prestigemag.co\/\",\"name\":\"Prestige Magazine\",\"description\":\"Le Monde Des C\u00e9l\u00e9brit\u00e9s\",\"publisher\":{\"@id\":\"https:\/\/www.prestigemag.co\/#organization\"},\"potentialAction\":[{\"@type\":\"SearchAction\",\"target\":{\"@type\":\"EntryPoint\",\"urlTemplate\":\"https:\/\/www.prestigemag.co\/?s={search_term_string}\"},\"query-input\":\"required name=search_term_string\"}],\"inLanguage\":\"fr-FR\"},{\"@type\":\"WebPage\",\"@id\":\"https:\/\/www.prestigemag.co\/fr\/2017\/11\/la-premiere-dame-a-parraine-une-journee-de-forestation-aux-cedres\/\",\"url\":\"https:\/\/www.prestigemag.co\/fr\/2017\/11\/la-premiere-dame-a-parraine-une-journee-de-forestation-aux-cedres\/\",\"name\":\"La Premi\u00e8re dame a parrain\u00e9 une journ\u00e9e de forestation aux C\u00e8dres - Prestige Magazine\",\"isPartOf\":{\"@id\":\"https:\/\/www.prestigemag.co\/#website\"},\"datePublished\":\"2017-11-06T13:55:23+00:00\",\"dateModified\":\"2017-11-06T13:55:23+00:00\",\"description\":\"Vu l\u2019importance qu\u2019elle accorde \u00e0 l\u2019environnement et \u00e0 l\u2019accroissement des espaces verts, la Premi\u00e8re dame du Liban Nadia Chami Aoun, accompagn\u00e9e de Claudine Aoun Roukoz,\",\"breadcrumb\":{\"@id\":\"https:\/\/www.prestigemag.co\/fr\/2017\/11\/la-premiere-dame-a-parraine-une-journee-de-forestation-aux-cedres\/#breadcrumb\"},\"inLanguage\":\"fr-FR\",\"potentialAction\":[{\"@type\":\"ReadAction\",\"target\":[\"https:\/\/www.prestigemag.co\/fr\/2017\/11\/la-premiere-dame-a-parraine-une-journee-de-forestation-aux-cedres\/\"]}]},{\"@type\":\"BreadcrumbList\",\"@id\":\"https:\/\/www.prestigemag.co\/fr\/2017\/11\/la-premiere-dame-a-parraine-une-journee-de-forestation-aux-cedres\/#breadcrumb\",\"itemListElement\":[{\"@type\":\"ListItem\",\"position\":1,\"name\":\"Home\",\"item\":\"https:\/\/www.prestigemag.co\/fr\/\"},{\"@type\":\"ListItem\",\"position\":2,\"name\":\"La Premi\u00e8re dame a parrain\u00e9 une journ\u00e9e de forestation aux C\u00e8dres\"}]},{\"@type\":\"Article\",\"@id\":\"https:\/\/www.prestigemag.co\/fr\/2017\/11\/la-premiere-dame-a-parraine-une-journee-de-forestation-aux-cedres\/#article\",\"isPartOf\":{\"@id\":\"https:\/\/www.prestigemag.co\/fr\/2017\/11\/la-premiere-dame-a-parraine-une-journee-de-forestation-aux-cedres\/\"},\"author\":{\"name\":\"prestige\",\"@id\":\"https:\/\/www.prestigemag.co\/#\/schema\/person\/e3f149368970128d68bb2d797bf30fbc\"},\"headline\":\"La Premi\u00e8re dame a parrain\u00e9 une journ\u00e9e de forestation aux C\u00e8dres\",\"datePublished\":\"2017-11-06T13:55:23+00:00\",\"dateModified\":\"2017-11-06T13:55:23+00:00\",\"mainEntityOfPage\":{\"@id\":\"https:\/\/www.prestigemag.co\/fr\/2017\/11\/la-premiere-dame-a-parraine-une-journee-de-forestation-aux-cedres\/\"},\"wordCount\":217,\"publisher\":{\"@id\":\"https:\/\/www.prestigemag.co\/#organization\"},\"articleSection\":[\"\u00c9v\u00e9nements\",\"Inauguration\"],\"inLanguage\":\"fr-FR\"},{\"@type\":\"Person\",\"@id\":\"https:\/\/www.prestigemag.co\/#\/schema\/person\/e3f149368970128d68bb2d797bf30fbc\",\"name\":\"prestige\",\"image\":{\"@type\":\"ImageObject\",\"inLanguage\":\"fr-FR\",\"@id\":\"https:\/\/www.prestigemag.co\/#\/schema\/person\/image\/\",\"url\":\"https:\/\/secure.gravatar.com\/avatar\/0aa2dff5484d35e50578639a2c3ccef9?s=96&d=mm&r=g\",\"contentUrl\":\"https:\/\/secure.gravatar.com\/avatar\/0aa2dff5484d35e50578639a2c3ccef9?s=96&d=mm&r=g\",\"caption\":\"prestige\"},\"url\":\"https:\/\/www.prestigemag.co\/fr\/author\/prestige\/\"}]}<\/script>\n<!-- \/ Yoast SEO plugin. -->","yoast_head_json":{"title":"La Premi\u00e8re dame a parrain\u00e9 une journ\u00e9e de forestation aux C\u00e8dres - Prestige Magazine","description":"Vu l\u2019importance qu\u2019elle accorde \u00e0 l\u2019environnement et \u00e0 l\u2019accroissement des espaces verts, la Premi\u00e8re dame du Liban Nadia Chami Aoun, accompagn\u00e9e de Claudine Aoun Roukoz,","robots":{"index":"index","follow":"follow","max-snippet":"max-snippet:-1","max-image-preview":"max-image-preview:large","max-video-preview":"max-video-preview:-1"},"canonical":"https:\/\/www.prestigemag.co\/fr\/2017\/11\/la-premiere-dame-a-parraine-une-journee-de-forestation-aux-cedres\/","og_locale":"fr_FR","og_type":"article","og_title":"La Premi\u00e8re dame a parrain\u00e9 une journ\u00e9e de forestation aux C\u00e8dres - Prestige Magazine","og_description":"Vu l\u2019importance qu\u2019elle accorde \u00e0 l\u2019environnement et \u00e0 l\u2019accroissement des espaces verts, la Premi\u00e8re dame du Liban Nadia Chami Aoun, accompagn\u00e9e de Claudine Aoun Roukoz,","og_url":"https:\/\/www.prestigemag.co\/fr\/2017\/11\/la-premiere-dame-a-parraine-une-journee-de-forestation-aux-cedres\/","og_site_name":"Prestige Magazine","article_publisher":"https:\/\/www.facebook.com\/prestigemag.co\/","article_published_time":"2017-11-06T13:55:23+00:00","og_image":[{"width":1000,"height":409,"url":"https:\/\/www.prestigemag.co\/wp-content\/uploads\/2017\/11\/Untitled-1-4.jpg","type":"image\/jpeg"}],"author":"prestige","twitter_card":"summary","twitter_misc":{"\u00c9crit par":"prestige","Dur\u00e9e de lecture estim\u00e9e":"1 minute"},"schema":{"@context":"https:\/\/schema.org","@graph":[{"@type":"Organization","@id":"https:\/\/www.prestigemag.co\/#organization","name":"Prestige","url":"https:\/\/www.prestigemag.co\/","sameAs":["https:\/\/www.instagram.com\/prestige.mag\/","https:\/\/www.facebook.com\/prestigemag.co\/"],"logo":{"@type":"ImageObject","inLanguage":"fr-FR","@id":"https:\/\/www.prestigemag.co\/#\/schema\/logo\/image\/","url":"https:\/\/www.prestigemag.co\/wp-content\/uploads\/2021\/11\/logo-Prestige-800x200-1.png","contentUrl":"https:\/\/www.prestigemag.co\/wp-content\/uploads\/2021\/11\/logo-Prestige-800x200-1.png","width":800,"height":200,"caption":"Prestige"},"image":{"@id":"https:\/\/www.prestigemag.co\/#\/schema\/logo\/image\/"}},{"@type":"WebSite","@id":"https:\/\/www.prestigemag.co\/#website","url":"https:\/\/www.prestigemag.co\/","name":"Prestige Magazine","description":"Le Monde Des C\u00e9l\u00e9brit\u00e9s","publisher":{"@id":"https:\/\/www.prestigemag.co\/#organization"},"potentialAction":[{"@type":"SearchAction","target":{"@type":"EntryPoint","urlTemplate":"https:\/\/www.prestigemag.co\/?s={search_term_string}"},"query-input":"required name=search_term_string"}],"inLanguage":"fr-FR"},{"@type":"WebPage","@id":"https:\/\/www.prestigemag.co\/fr\/2017\/11\/la-premiere-dame-a-parraine-une-journee-de-forestation-aux-cedres\/","url":"https:\/\/www.prestigemag.co\/fr\/2017\/11\/la-premiere-dame-a-parraine-une-journee-de-forestation-aux-cedres\/","name":"La Premi\u00e8re dame a parrain\u00e9 une journ\u00e9e de forestation aux C\u00e8dres - Prestige Magazine","isPartOf":{"@id":"https:\/\/www.prestigemag.co\/#website"},"datePublished":"2017-11-06T13:55:23+00:00","dateModified":"2017-11-06T13:55:23+00:00","description":"Vu l\u2019importance qu\u2019elle accorde \u00e0 l\u2019environnement et \u00e0 l\u2019accroissement des espaces verts, la Premi\u00e8re dame du Liban Nadia Chami Aoun, accompagn\u00e9e de Claudine Aoun Roukoz,","breadcrumb":{"@id":"https:\/\/www.prestigemag.co\/fr\/2017\/11\/la-premiere-dame-a-parraine-une-journee-de-forestation-aux-cedres\/#breadcrumb"},"inLanguage":"fr-FR","potentialAction":[{"@type":"ReadAction","target":["https:\/\/www.prestigemag.co\/fr\/2017\/11\/la-premiere-dame-a-parraine-une-journee-de-forestation-aux-cedres\/"]}]},{"@type":"BreadcrumbList","@id":"https:\/\/www.prestigemag.co\/fr\/2017\/11\/la-premiere-dame-a-parraine-une-journee-de-forestation-aux-cedres\/#breadcrumb","itemListElement":[{"@type":"ListItem","position":1,"name":"Home","item":"https:\/\/www.prestigemag.co\/fr\/"},{"@type":"ListItem","position":2,"name":"La Premi\u00e8re dame a parrain\u00e9 une journ\u00e9e de forestation aux C\u00e8dres"}]},{"@type":"Article","@id":"https:\/\/www.prestigemag.co\/fr\/2017\/11\/la-premiere-dame-a-parraine-une-journee-de-forestation-aux-cedres\/#article","isPartOf":{"@id":"https:\/\/www.prestigemag.co\/fr\/2017\/11\/la-premiere-dame-a-parraine-une-journee-de-forestation-aux-cedres\/"},"author":{"name":"prestige","@id":"https:\/\/www.prestigemag.co\/#\/schema\/person\/e3f149368970128d68bb2d797bf30fbc"},"headline":"La Premi\u00e8re dame a parrain\u00e9 une journ\u00e9e de forestation aux C\u00e8dres","datePublished":"2017-11-06T13:55:23+00:00","dateModified":"2017-11-06T13:55:23+00:00","mainEntityOfPage":{"@id":"https:\/\/www.prestigemag.co\/fr\/2017\/11\/la-premiere-dame-a-parraine-une-journee-de-forestation-aux-cedres\/"},"wordCount":217,"publisher":{"@id":"https:\/\/www.prestigemag.co\/#organization"},"articleSection":["\u00c9v\u00e9nements","Inauguration"],"inLanguage":"fr-FR"},{"@type":"Person","@id":"https:\/\/www.prestigemag.co\/#\/schema\/person\/e3f149368970128d68bb2d797bf30fbc","name":"prestige","image":{"@type":"ImageObject","inLanguage":"fr-FR","@id":"https:\/\/www.prestigemag.co\/#\/schema\/person\/image\/","url":"https:\/\/secure.gravatar.com\/avatar\/0aa2dff5484d35e50578639a2c3ccef9?s=96&d=mm&r=g","contentUrl":"https:\/\/secure.gravatar.com\/avatar\/0aa2dff5484d35e50578639a2c3ccef9?s=96&d=mm&r=g","caption":"prestige"},"url":"https:\/\/www.prestigemag.co\/fr\/author\/prestige\/"}]}},"_links":{"self":[{"href":"https:\/\/www.prestigemag.co\/fr\/wp-json\/wp\/v2\/posts\/21942"}],"collection":[{"href":"https:\/\/www.prestigemag.co\/fr\/wp-json\/wp\/v2\/posts"}],"about":[{"href":"https:\/\/www.prestigemag.co\/fr\/wp-json\/wp\/v2\/types\/post"}],"author":[{"embeddable":true,"href":"https:\/\/www.prestigemag.co\/fr\/wp-json\/wp\/v2\/users\/3"}],"replies":[{"embeddable":true,"href":"https:\/\/www.prestigemag.co\/fr\/wp-json\/wp\/v2\/comments?post=21942"}],"version-history":[{"count":0,"href":"https:\/\/www.prestigemag.co\/fr\/wp-json\/wp\/v2\/posts\/21942\/revisions"}],"wp:featuredmedia":[{"embeddable":true,"href":"https:\/\/www.prestigemag.co\/fr\/wp-json\/wp\/v2\/media\/21943"}],"wp:attachment":[{"href":"https:\/\/www.prestigemag.co\/fr\/wp-json\/wp\/v2\/media?parent=21942"}],"wp:term":[{"taxonomy":"category","embeddable":true,"href":"https:\/\/www.prestigemag.co\/fr\/wp-json\/wp\/v2\/categories?post=21942"},{"taxonomy":"post_tag","embeddable":true,"href":"https:\/\/www.prestigemag.co\/fr\/wp-json\/wp\/v2\/tags?post=21942"}],"curies":[{"name":"wp","href":"https:\/\/api.w.org\/{rel}","templated":true}]}}