{"id":22050,"date":"2018-01-19T12:03:49","date_gmt":"2018-01-19T12:03:49","guid":{"rendered":"http:\/\/www.prestigemag.co\/2018\/01\/iwc-celebre-son-150e-anniversaire-par-une-soiree-de-gala-et-une-liste-dinvites-de-marque\/"},"modified":"2018-01-19T12:03:49","modified_gmt":"2018-01-19T12:03:49","slug":"iwc-celebre-son-150e-anniversaire-par-une-soiree-de-gala-et-une-liste-dinvites-de-marque","status":"publish","type":"post","link":"https:\/\/www.prestigemag.co\/fr\/2018\/01\/iwc-celebre-son-150e-anniversaire-par-une-soiree-de-gala-et-une-liste-dinvites-de-marque\/","title":{"rendered":"IWC c\u00e9l\u00e8bre son 150e anniversaire par une soir\u00e9e de gala et une liste d\u2019invit\u00e9s de marque"},"content":{"rendered":"<figure id=\"attachment_14261\" aria-describedby=\"caption-attachment-14261\" style=\"width: 900px\" class=\"wp-caption aligncenter\"><a href=\"http:\/\/www.prestigemag.co\/wp-content\/uploads\/2018\/01\/Untitled-1-17.jpg\"><img src=\"data:image\/svg+xml,%3Csvg%20xmlns='http:\/\/www.w3.org\/2000\/svg'%20viewBox='0%200%20900%20315'%3E%3C\/svg%3E\" class=\"zeen-lazy-load-base zeen-lazy-load wp-image-14261 size-large\" data-lazy-src=\"http:\/\/www.prestigemag.co\/wp-content\/uploads\/2018\/01\/Untitled-1-17-1024x358.jpg\" alt=\"\" width=\"900\" height=\"315\" data-lazy-srcset=\"https:\/\/www.prestigemag.co\/wp-content\/uploads\/2018\/01\/Untitled-1-17-1024x358.jpg 1024w, https:\/\/www.prestigemag.co\/wp-content\/uploads\/2018\/01\/Untitled-1-17-300x105.jpg 300w, https:\/\/www.prestigemag.co\/wp-content\/uploads\/2018\/01\/Untitled-1-17-770x269.jpg 770w, https:\/\/www.prestigemag.co\/wp-content\/uploads\/2018\/01\/Untitled-1-17-293x103.jpg 293w, https:\/\/www.prestigemag.co\/wp-content\/uploads\/2018\/01\/Untitled-1-17-1400x490.jpg 1400w, https:\/\/www.prestigemag.co\/wp-content\/uploads\/2018\/01\/Untitled-1-17-390x136.jpg 390w, https:\/\/www.prestigemag.co\/wp-content\/uploads\/2018\/01\/Untitled-1-17-150x52.jpg 150w, https:\/\/www.prestigemag.co\/wp-content\/uploads\/2018\/01\/Untitled-1-17-600x210.jpg 600w, https:\/\/www.prestigemag.co\/wp-content\/uploads\/2018\/01\/Untitled-1-17-291x102.jpg 291w, https:\/\/www.prestigemag.co\/wp-content\/uploads\/2018\/01\/Untitled-1-17-192x67.jpg 192w, https:\/\/www.prestigemag.co\/wp-content\/uploads\/2018\/01\/Untitled-1-17.jpg 1492w\" data-lazy-sizes=\"(max-width: 900px) 100vw, 900px\" \/><figcaption id=\"caption-attachment-14261\" class=\"wp-caption-text\"><noscript><img class=\"wp-image-14261 size-large\" src=\"http:\/\/www.prestigemag.co\/wp-content\/uploads\/2018\/01\/Untitled-1-17-1024x358.jpg\" alt=\"\" width=\"900\" height=\"315\" srcset=\"https:\/\/www.prestigemag.co\/wp-content\/uploads\/2018\/01\/Untitled-1-17-1024x358.jpg 1024w, https:\/\/www.prestigemag.co\/wp-content\/uploads\/2018\/01\/Untitled-1-17-300x105.jpg 300w, https:\/\/www.prestigemag.co\/wp-content\/uploads\/2018\/01\/Untitled-1-17-770x269.jpg 770w, https:\/\/www.prestigemag.co\/wp-content\/uploads\/2018\/01\/Untitled-1-17-293x103.jpg 293w, https:\/\/www.prestigemag.co\/wp-content\/uploads\/2018\/01\/Untitled-1-17-1400x490.jpg 1400w, https:\/\/www.prestigemag.co\/wp-content\/uploads\/2018\/01\/Untitled-1-17-390x136.jpg 390w, https:\/\/www.prestigemag.co\/wp-content\/uploads\/2018\/01\/Untitled-1-17-150x52.jpg 150w, https:\/\/www.prestigemag.co\/wp-content\/uploads\/2018\/01\/Untitled-1-17-600x210.jpg 600w, https:\/\/www.prestigemag.co\/wp-content\/uploads\/2018\/01\/Untitled-1-17-291x102.jpg 291w, https:\/\/www.prestigemag.co\/wp-content\/uploads\/2018\/01\/Untitled-1-17-192x67.jpg 192w, https:\/\/www.prestigemag.co\/wp-content\/uploads\/2018\/01\/Untitled-1-17.jpg 1492w\" sizes=\"(max-width: 900px) 100vw, 900px\" \/><\/noscript><\/a> Le PDG d&rsquo; IWC Schaffhausen Christoph Grainger et Carmen Jorda durant la soir\u00e9e gala c\u00e9l\u00e9brant le 150e anniversaire de la Maison. \u00a9 Getty Images<\/figcaption><\/figure>\n<p>&nbsp;<\/p>\n<p>&nbsp;<\/p>\n<p>IWC Schaffhausen a c\u00e9l\u00e9br\u00e9 son 150e anniversaire et le lancement de sa collection Jubilee avec une soir\u00e9e de gala au Salon International de la Haute Horlogerie (SIHH) \u00e0 Gen\u00e8ve. Environ 800 invit\u00e9s ont particip\u00e9 \u00e0 l&rsquo;\u00e9v\u00e9nement, y compris des ambassadeurs de la marque IWC et des stars mondiales telles que les acteurs Cate Blanchett, Bradley Cooper et James Marsden, ainsi que des personnalit\u00e9s sportives Valtteri Bottas et David Coulthard. Anim\u00e9e par la pr\u00e9sentatrice de t\u00e9l\u00e9vision Tess Daly. Les performances d&rsquo;Aloe Blacc, du batteur de jazz Eric Harland et du chanteur Ronan Keating ont \u00e9galement \u00e9t\u00e9 accueillies par de chaleureux applaudissements pendant la soir\u00e9e.<\/p>\n<p>Pour c\u00e9l\u00e9brer son 150e anniversaire, IWC pr\u00e9sente actuellement au Salon International de la Haute Horlogerie de Gen\u00e8ve une collection Jubilee spectaculaire compos\u00e9e de 27 montres en \u00e9dition limit\u00e9e provenant des familles Portugieser, Portofino, Pilot&rsquo;s Watches et Da Vinci.<\/p>\n<p>&nbsp;<\/p>\n<p>&nbsp;<\/p>\n<figure id=\"attachment_14262\" aria-describedby=\"caption-attachment-14262\" style=\"width: 787px\" class=\"wp-caption aligncenter\"><a href=\"http:\/\/www.prestigemag.co\/wp-content\/uploads\/2018\/01\/775093729GS025_IWC_Schaffha.jpg\"><img src=\"data:image\/svg+xml,%3Csvg%20xmlns='http:\/\/www.w3.org\/2000\/svg'%20viewBox='0%200%20787%20525'%3E%3C\/svg%3E\" class=\"zeen-lazy-load-base zeen-lazy-load wp-image-14262 size-full\" data-lazy-src=\"http:\/\/www.prestigemag.co\/wp-content\/uploads\/2018\/01\/775093729GS025_IWC_Schaffha.jpg\" alt=\"\" width=\"787\" height=\"525\" data-lazy-srcset=\"https:\/\/www.prestigemag.co\/wp-content\/uploads\/2018\/01\/775093729GS025_IWC_Schaffha.jpg 787w, https:\/\/www.prestigemag.co\/wp-content\/uploads\/2018\/01\/775093729GS025_IWC_Schaffha-300x200.jpg 300w, https:\/\/www.prestigemag.co\/wp-content\/uploads\/2018\/01\/775093729GS025_IWC_Schaffha-768x512.jpg 768w, https:\/\/www.prestigemag.co\/wp-content\/uploads\/2018\/01\/775093729GS025_IWC_Schaffha-150x100.jpg 150w, https:\/\/www.prestigemag.co\/wp-content\/uploads\/2018\/01\/775093729GS025_IWC_Schaffha-562x375.jpg 562w, https:\/\/www.prestigemag.co\/wp-content\/uploads\/2018\/01\/775093729GS025_IWC_Schaffha-187x125.jpg 187w, https:\/\/www.prestigemag.co\/wp-content\/uploads\/2018\/01\/775093729GS025_IWC_Schaffha-100x67.jpg 100w\" data-lazy-sizes=\"(max-width: 787px) 100vw, 787px\" \/><figcaption id=\"caption-attachment-14262\" class=\"wp-caption-text\"><noscript><img class=\"wp-image-14262 size-full\" src=\"http:\/\/www.prestigemag.co\/wp-content\/uploads\/2018\/01\/775093729GS025_IWC_Schaffha.jpg\" alt=\"\" width=\"787\" height=\"525\" srcset=\"https:\/\/www.prestigemag.co\/wp-content\/uploads\/2018\/01\/775093729GS025_IWC_Schaffha.jpg 787w, https:\/\/www.prestigemag.co\/wp-content\/uploads\/2018\/01\/775093729GS025_IWC_Schaffha-300x200.jpg 300w, https:\/\/www.prestigemag.co\/wp-content\/uploads\/2018\/01\/775093729GS025_IWC_Schaffha-768x512.jpg 768w, https:\/\/www.prestigemag.co\/wp-content\/uploads\/2018\/01\/775093729GS025_IWC_Schaffha-150x100.jpg 150w, https:\/\/www.prestigemag.co\/wp-content\/uploads\/2018\/01\/775093729GS025_IWC_Schaffha-562x375.jpg 562w, https:\/\/www.prestigemag.co\/wp-content\/uploads\/2018\/01\/775093729GS025_IWC_Schaffha-187x125.jpg 187w, https:\/\/www.prestigemag.co\/wp-content\/uploads\/2018\/01\/775093729GS025_IWC_Schaffha-100x67.jpg 100w\" sizes=\"(max-width: 787px) 100vw, 787px\" \/><\/noscript><\/a> Le PDG d&rsquo;IWC Schaffhausen Christoph Grainger, Amanda Nevill et Franziska Gsell durant la soir\u00e9e gala d&rsquo;IWC. \u00a9 Getty Images<\/figcaption><\/figure>\n<p>&nbsp;<\/p>\n<p>&nbsp;<\/p>\n<figure id=\"attachment_14263\" aria-describedby=\"caption-attachment-14263\" style=\"width: 787px\" class=\"wp-caption aligncenter\"><a href=\"http:\/\/www.prestigemag.co\/wp-content\/uploads\/2018\/01\/775093729CR00043_IWC_Schaff.jpg\"><img src=\"data:image\/svg+xml,%3Csvg%20xmlns='http:\/\/www.w3.org\/2000\/svg'%20viewBox='0%200%20787%20525'%3E%3C\/svg%3E\" class=\"zeen-lazy-load-base zeen-lazy-load wp-image-14263 size-full\" data-lazy-src=\"http:\/\/www.prestigemag.co\/wp-content\/uploads\/2018\/01\/775093729CR00043_IWC_Schaff.jpg\" alt=\"\" width=\"787\" height=\"525\" data-lazy-srcset=\"https:\/\/www.prestigemag.co\/wp-content\/uploads\/2018\/01\/775093729CR00043_IWC_Schaff.jpg 787w, https:\/\/www.prestigemag.co\/wp-content\/uploads\/2018\/01\/775093729CR00043_IWC_Schaff-300x200.jpg 300w, https:\/\/www.prestigemag.co\/wp-content\/uploads\/2018\/01\/775093729CR00043_IWC_Schaff-768x512.jpg 768w, https:\/\/www.prestigemag.co\/wp-content\/uploads\/2018\/01\/775093729CR00043_IWC_Schaff-150x100.jpg 150w, https:\/\/www.prestigemag.co\/wp-content\/uploads\/2018\/01\/775093729CR00043_IWC_Schaff-562x375.jpg 562w, https:\/\/www.prestigemag.co\/wp-content\/uploads\/2018\/01\/775093729CR00043_IWC_Schaff-187x125.jpg 187w, https:\/\/www.prestigemag.co\/wp-content\/uploads\/2018\/01\/775093729CR00043_IWC_Schaff-100x67.jpg 100w\" data-lazy-sizes=\"(max-width: 787px) 100vw, 787px\" \/><figcaption id=\"caption-attachment-14263\" class=\"wp-caption-text\"><noscript><img class=\"wp-image-14263 size-full\" src=\"http:\/\/www.prestigemag.co\/wp-content\/uploads\/2018\/01\/775093729CR00043_IWC_Schaff.jpg\" alt=\"\" width=\"787\" height=\"525\" srcset=\"https:\/\/www.prestigemag.co\/wp-content\/uploads\/2018\/01\/775093729CR00043_IWC_Schaff.jpg 787w, https:\/\/www.prestigemag.co\/wp-content\/uploads\/2018\/01\/775093729CR00043_IWC_Schaff-300x200.jpg 300w, https:\/\/www.prestigemag.co\/wp-content\/uploads\/2018\/01\/775093729CR00043_IWC_Schaff-768x512.jpg 768w, https:\/\/www.prestigemag.co\/wp-content\/uploads\/2018\/01\/775093729CR00043_IWC_Schaff-150x100.jpg 150w, https:\/\/www.prestigemag.co\/wp-content\/uploads\/2018\/01\/775093729CR00043_IWC_Schaff-562x375.jpg 562w, https:\/\/www.prestigemag.co\/wp-content\/uploads\/2018\/01\/775093729CR00043_IWC_Schaff-187x125.jpg 187w, https:\/\/www.prestigemag.co\/wp-content\/uploads\/2018\/01\/775093729CR00043_IWC_Schaff-100x67.jpg 100w\" sizes=\"(max-width: 787px) 100vw, 787px\" \/><\/noscript><\/a> Le PDG d&rsquo;IWC Schaffhausen Christoph Grainger, Helen Svedin, Luis Figo et IWC CMO Fanziska Gsell durant le gala d&rsquo;IWC au SIHH. \u00a9 Getty Images<\/figcaption><\/figure>\n<p>&nbsp;<\/p>\n<p>&nbsp;<\/p>\n<figure id=\"attachment_14264\" aria-describedby=\"caption-attachment-14264\" style=\"width: 787px\" class=\"wp-caption aligncenter\"><a href=\"http:\/\/www.prestigemag.co\/wp-content\/uploads\/2018\/01\/775093729RM00044_IWC_Schaff.jpg\"><img src=\"data:image\/svg+xml,%3Csvg%20xmlns='http:\/\/www.w3.org\/2000\/svg'%20viewBox='0%200%20787%20563'%3E%3C\/svg%3E\" class=\"zeen-lazy-load-base zeen-lazy-load wp-image-14264 size-full\" data-lazy-src=\"http:\/\/www.prestigemag.co\/wp-content\/uploads\/2018\/01\/775093729RM00044_IWC_Schaff.jpg\" alt=\"\" width=\"787\" height=\"563\" data-lazy-srcset=\"https:\/\/www.prestigemag.co\/wp-content\/uploads\/2018\/01\/775093729RM00044_IWC_Schaff.jpg 787w, https:\/\/www.prestigemag.co\/wp-content\/uploads\/2018\/01\/775093729RM00044_IWC_Schaff-300x215.jpg 300w, https:\/\/www.prestigemag.co\/wp-content\/uploads\/2018\/01\/775093729RM00044_IWC_Schaff-768x549.jpg 768w, https:\/\/www.prestigemag.co\/wp-content\/uploads\/2018\/01\/775093729RM00044_IWC_Schaff-150x107.jpg 150w, https:\/\/www.prestigemag.co\/wp-content\/uploads\/2018\/01\/775093729RM00044_IWC_Schaff-524x375.jpg 524w, https:\/\/www.prestigemag.co\/wp-content\/uploads\/2018\/01\/775093729RM00044_IWC_Schaff-175x125.jpg 175w, https:\/\/www.prestigemag.co\/wp-content\/uploads\/2018\/01\/775093729RM00044_IWC_Schaff-94x67.jpg 94w\" data-lazy-sizes=\"(max-width: 787px) 100vw, 787px\" \/><figcaption id=\"caption-attachment-14264\" class=\"wp-caption-text\"><noscript><img class=\"wp-image-14264 size-full\" src=\"http:\/\/www.prestigemag.co\/wp-content\/uploads\/2018\/01\/775093729RM00044_IWC_Schaff.jpg\" alt=\"\" width=\"787\" height=\"563\" srcset=\"https:\/\/www.prestigemag.co\/wp-content\/uploads\/2018\/01\/775093729RM00044_IWC_Schaff.jpg 787w, https:\/\/www.prestigemag.co\/wp-content\/uploads\/2018\/01\/775093729RM00044_IWC_Schaff-300x215.jpg 300w, https:\/\/www.prestigemag.co\/wp-content\/uploads\/2018\/01\/775093729RM00044_IWC_Schaff-768x549.jpg 768w, https:\/\/www.prestigemag.co\/wp-content\/uploads\/2018\/01\/775093729RM00044_IWC_Schaff-150x107.jpg 150w, https:\/\/www.prestigemag.co\/wp-content\/uploads\/2018\/01\/775093729RM00044_IWC_Schaff-524x375.jpg 524w, https:\/\/www.prestigemag.co\/wp-content\/uploads\/2018\/01\/775093729RM00044_IWC_Schaff-175x125.jpg 175w, https:\/\/www.prestigemag.co\/wp-content\/uploads\/2018\/01\/775093729RM00044_IWC_Schaff-94x67.jpg 94w\" sizes=\"(max-width: 787px) 100vw, 787px\" \/><\/noscript><\/a> Karolina Kurkova et Christoph Grainger durant le gala d&rsquo; IWC. \u00a9 Getty Images<\/figcaption><\/figure>\n<p>&nbsp;<\/p>\n<p>&nbsp;<\/p>\n<figure id=\"attachment_14265\" aria-describedby=\"caption-attachment-14265\" style=\"width: 257px\" class=\"wp-caption alignleft\"><a href=\"http:\/\/www.prestigemag.co\/wp-content\/uploads\/2018\/01\/775093226RM00209_IWC_Schaff.jpg\"><img src=\"data:image\/svg+xml,%3Csvg%20xmlns='http:\/\/www.w3.org\/2000\/svg'%20viewBox='0%200%20257%20375'%3E%3C\/svg%3E\" class=\"zeen-lazy-load-base zeen-lazy-load wp-image-14265 size-featured-image\" data-lazy-src=\"http:\/\/www.prestigemag.co\/wp-content\/uploads\/2018\/01\/775093226RM00209_IWC_Schaff-257x375.jpg\" alt=\"\" width=\"257\" height=\"375\" data-lazy-srcset=\"https:\/\/www.prestigemag.co\/wp-content\/uploads\/2018\/01\/775093226RM00209_IWC_Schaff-257x375.jpg 257w, https:\/\/www.prestigemag.co\/wp-content\/uploads\/2018\/01\/775093226RM00209_IWC_Schaff-206x300.jpg 206w, https:\/\/www.prestigemag.co\/wp-content\/uploads\/2018\/01\/775093226RM00209_IWC_Schaff-103x150.jpg 103w, https:\/\/www.prestigemag.co\/wp-content\/uploads\/2018\/01\/775093226RM00209_IWC_Schaff-86x125.jpg 86w, https:\/\/www.prestigemag.co\/wp-content\/uploads\/2018\/01\/775093226RM00209_IWC_Schaff-46x67.jpg 46w, https:\/\/www.prestigemag.co\/wp-content\/uploads\/2018\/01\/775093226RM00209_IWC_Schaff.jpg 630w\" data-lazy-sizes=\"(max-width: 257px) 100vw, 257px\" \/><figcaption id=\"caption-attachment-14265\" class=\"wp-caption-text\"><noscript><img class=\"wp-image-14265 size-featured-image\" src=\"http:\/\/www.prestigemag.co\/wp-content\/uploads\/2018\/01\/775093226RM00209_IWC_Schaff-257x375.jpg\" alt=\"\" width=\"257\" height=\"375\" srcset=\"https:\/\/www.prestigemag.co\/wp-content\/uploads\/2018\/01\/775093226RM00209_IWC_Schaff-257x375.jpg 257w, https:\/\/www.prestigemag.co\/wp-content\/uploads\/2018\/01\/775093226RM00209_IWC_Schaff-206x300.jpg 206w, https:\/\/www.prestigemag.co\/wp-content\/uploads\/2018\/01\/775093226RM00209_IWC_Schaff-103x150.jpg 103w, https:\/\/www.prestigemag.co\/wp-content\/uploads\/2018\/01\/775093226RM00209_IWC_Schaff-86x125.jpg 86w, https:\/\/www.prestigemag.co\/wp-content\/uploads\/2018\/01\/775093226RM00209_IWC_Schaff-46x67.jpg 46w, https:\/\/www.prestigemag.co\/wp-content\/uploads\/2018\/01\/775093226RM00209_IWC_Schaff.jpg 630w\" sizes=\"(max-width: 257px) 100vw, 257px\" \/><\/noscript><\/a> James Marsden visite le stand IWC \u00e0 Gen\u00e8ve. \u00a9 Getty Images<\/figcaption><\/figure>\n<figure id=\"attachment_14266\" aria-describedby=\"caption-attachment-14266\" style=\"width: 250px\" class=\"wp-caption alignleft\"><a href=\"http:\/\/www.prestigemag.co\/wp-content\/uploads\/2018\/01\/775093729CR00031_IWC_Schaff.jpg\"><img src=\"data:image\/svg+xml,%3Csvg%20xmlns='http:\/\/www.w3.org\/2000\/svg'%20viewBox='0%200%20250%20375'%3E%3C\/svg%3E\" class=\"zeen-lazy-load-base zeen-lazy-load wp-image-14266 size-featured-image\" data-lazy-src=\"http:\/\/www.prestigemag.co\/wp-content\/uploads\/2018\/01\/775093729CR00031_IWC_Schaff-250x375.jpg\" alt=\"\" width=\"250\" height=\"375\" data-lazy-srcset=\"https:\/\/www.prestigemag.co\/wp-content\/uploads\/2018\/01\/775093729CR00031_IWC_Schaff-250x375.jpg 250w, https:\/\/www.prestigemag.co\/wp-content\/uploads\/2018\/01\/775093729CR00031_IWC_Schaff-200x300.jpg 200w, https:\/\/www.prestigemag.co\/wp-content\/uploads\/2018\/01\/775093729CR00031_IWC_Schaff-100x150.jpg 100w, https:\/\/www.prestigemag.co\/wp-content\/uploads\/2018\/01\/775093729CR00031_IWC_Schaff-83x125.jpg 83w, https:\/\/www.prestigemag.co\/wp-content\/uploads\/2018\/01\/775093729CR00031_IWC_Schaff-45x67.jpg 45w, https:\/\/www.prestigemag.co\/wp-content\/uploads\/2018\/01\/775093729CR00031_IWC_Schaff.jpg 630w\" data-lazy-sizes=\"(max-width: 250px) 100vw, 250px\" \/><figcaption id=\"caption-attachment-14266\" class=\"wp-caption-text\"><noscript><img class=\"wp-image-14266 size-featured-image\" src=\"http:\/\/www.prestigemag.co\/wp-content\/uploads\/2018\/01\/775093729CR00031_IWC_Schaff-250x375.jpg\" alt=\"\" width=\"250\" height=\"375\" srcset=\"https:\/\/www.prestigemag.co\/wp-content\/uploads\/2018\/01\/775093729CR00031_IWC_Schaff-250x375.jpg 250w, https:\/\/www.prestigemag.co\/wp-content\/uploads\/2018\/01\/775093729CR00031_IWC_Schaff-200x300.jpg 200w, https:\/\/www.prestigemag.co\/wp-content\/uploads\/2018\/01\/775093729CR00031_IWC_Schaff-100x150.jpg 100w, https:\/\/www.prestigemag.co\/wp-content\/uploads\/2018\/01\/775093729CR00031_IWC_Schaff-83x125.jpg 83w, https:\/\/www.prestigemag.co\/wp-content\/uploads\/2018\/01\/775093729CR00031_IWC_Schaff-45x67.jpg 45w, https:\/\/www.prestigemag.co\/wp-content\/uploads\/2018\/01\/775093729CR00031_IWC_Schaff.jpg 630w\" sizes=\"(max-width: 250px) 100vw, 250px\" \/><\/noscript><\/a> Xenia Tchoumi et le PDG d&rsquo; IWC Christoph Grainger durant le gala d&rsquo;IWC. \u00a9 Getty Images<\/figcaption><\/figure>\n<p>&nbsp;<\/p>\n<p>&nbsp;<\/p>\n<p>&nbsp;<\/p>\n<p>&nbsp;<\/p>\n<p>&nbsp;<\/p>\n<p>&nbsp;<\/p>\n<p>&nbsp;<\/p>\n<p>&nbsp;<\/p>\n<p>&nbsp;<\/p>\n<p>&nbsp;<\/p>\n<p>&nbsp;<\/p>\n<p>&nbsp;<\/p>\n<p>&nbsp;<\/p>\n<p>&nbsp;<\/p>\n<p>&nbsp;<\/p>\n<p>&nbsp;<\/p>\n<p>&nbsp;<\/p>\n<figure id=\"attachment_14267\" aria-describedby=\"caption-attachment-14267\" style=\"width: 250px\" class=\"wp-caption alignleft\"><a href=\"http:\/\/www.prestigemag.co\/wp-content\/uploads\/2018\/01\/775093729CR00032_IWC_Schaff.jpg\"><img src=\"data:image\/svg+xml,%3Csvg%20xmlns='http:\/\/www.w3.org\/2000\/svg'%20viewBox='0%200%20250%20375'%3E%3C\/svg%3E\" class=\"zeen-lazy-load-base zeen-lazy-load wp-image-14267 size-featured-image\" data-lazy-src=\"http:\/\/www.prestigemag.co\/wp-content\/uploads\/2018\/01\/775093729CR00032_IWC_Schaff-250x375.jpg\" alt=\"\" width=\"250\" height=\"375\" data-lazy-srcset=\"https:\/\/www.prestigemag.co\/wp-content\/uploads\/2018\/01\/775093729CR00032_IWC_Schaff-250x375.jpg 250w, https:\/\/www.prestigemag.co\/wp-content\/uploads\/2018\/01\/775093729CR00032_IWC_Schaff-200x300.jpg 200w, https:\/\/www.prestigemag.co\/wp-content\/uploads\/2018\/01\/775093729CR00032_IWC_Schaff-100x150.jpg 100w, https:\/\/www.prestigemag.co\/wp-content\/uploads\/2018\/01\/775093729CR00032_IWC_Schaff-83x125.jpg 83w, https:\/\/www.prestigemag.co\/wp-content\/uploads\/2018\/01\/775093729CR00032_IWC_Schaff-45x67.jpg 45w, https:\/\/www.prestigemag.co\/wp-content\/uploads\/2018\/01\/775093729CR00032_IWC_Schaff.jpg 630w\" data-lazy-sizes=\"(max-width: 250px) 100vw, 250px\" \/><figcaption id=\"caption-attachment-14267\" class=\"wp-caption-text\"><noscript><img class=\"wp-image-14267 size-featured-image\" src=\"http:\/\/www.prestigemag.co\/wp-content\/uploads\/2018\/01\/775093729CR00032_IWC_Schaff-250x375.jpg\" alt=\"\" width=\"250\" height=\"375\" srcset=\"https:\/\/www.prestigemag.co\/wp-content\/uploads\/2018\/01\/775093729CR00032_IWC_Schaff-250x375.jpg 250w, https:\/\/www.prestigemag.co\/wp-content\/uploads\/2018\/01\/775093729CR00032_IWC_Schaff-200x300.jpg 200w, https:\/\/www.prestigemag.co\/wp-content\/uploads\/2018\/01\/775093729CR00032_IWC_Schaff-100x150.jpg 100w, https:\/\/www.prestigemag.co\/wp-content\/uploads\/2018\/01\/775093729CR00032_IWC_Schaff-83x125.jpg 83w, https:\/\/www.prestigemag.co\/wp-content\/uploads\/2018\/01\/775093729CR00032_IWC_Schaff-45x67.jpg 45w, https:\/\/www.prestigemag.co\/wp-content\/uploads\/2018\/01\/775093729CR00032_IWC_Schaff.jpg 630w\" sizes=\"(max-width: 250px) 100vw, 250px\" \/><\/noscript><\/a> Ralf Moeller au gala d&rsquo; IWC Schaffhausen. \u00a9 Getty Images<\/figcaption><\/figure>\n<figure id=\"attachment_14268\" aria-describedby=\"caption-attachment-14268\" style=\"width: 250px\" class=\"wp-caption alignleft\"><a href=\"http:\/\/www.prestigemag.co\/wp-content\/uploads\/2018\/01\/775093729CR00066_IWC_Schaff.jpg\"><img src=\"data:image\/svg+xml,%3Csvg%20xmlns='http:\/\/www.w3.org\/2000\/svg'%20viewBox='0%200%20250%20375'%3E%3C\/svg%3E\" class=\"zeen-lazy-load-base zeen-lazy-load wp-image-14268 size-featured-image\" data-lazy-src=\"http:\/\/www.prestigemag.co\/wp-content\/uploads\/2018\/01\/775093729CR00066_IWC_Schaff-250x375.jpg\" alt=\"\" width=\"250\" height=\"375\" data-lazy-srcset=\"https:\/\/www.prestigemag.co\/wp-content\/uploads\/2018\/01\/775093729CR00066_IWC_Schaff-250x375.jpg 250w, https:\/\/www.prestigemag.co\/wp-content\/uploads\/2018\/01\/775093729CR00066_IWC_Schaff-200x300.jpg 200w, https:\/\/www.prestigemag.co\/wp-content\/uploads\/2018\/01\/775093729CR00066_IWC_Schaff-100x150.jpg 100w, https:\/\/www.prestigemag.co\/wp-content\/uploads\/2018\/01\/775093729CR00066_IWC_Schaff-83x125.jpg 83w, https:\/\/www.prestigemag.co\/wp-content\/uploads\/2018\/01\/775093729CR00066_IWC_Schaff-45x67.jpg 45w, https:\/\/www.prestigemag.co\/wp-content\/uploads\/2018\/01\/775093729CR00066_IWC_Schaff.jpg 630w\" data-lazy-sizes=\"(max-width: 250px) 100vw, 250px\" \/><figcaption id=\"caption-attachment-14268\" class=\"wp-caption-text\"><noscript><img class=\"wp-image-14268 size-featured-image\" src=\"http:\/\/www.prestigemag.co\/wp-content\/uploads\/2018\/01\/775093729CR00066_IWC_Schaff-250x375.jpg\" alt=\"\" width=\"250\" height=\"375\" srcset=\"https:\/\/www.prestigemag.co\/wp-content\/uploads\/2018\/01\/775093729CR00066_IWC_Schaff-250x375.jpg 250w, https:\/\/www.prestigemag.co\/wp-content\/uploads\/2018\/01\/775093729CR00066_IWC_Schaff-200x300.jpg 200w, https:\/\/www.prestigemag.co\/wp-content\/uploads\/2018\/01\/775093729CR00066_IWC_Schaff-100x150.jpg 100w, https:\/\/www.prestigemag.co\/wp-content\/uploads\/2018\/01\/775093729CR00066_IWC_Schaff-83x125.jpg 83w, https:\/\/www.prestigemag.co\/wp-content\/uploads\/2018\/01\/775093729CR00066_IWC_Schaff-45x67.jpg 45w, https:\/\/www.prestigemag.co\/wp-content\/uploads\/2018\/01\/775093729CR00066_IWC_Schaff.jpg 630w\" sizes=\"(max-width: 250px) 100vw, 250px\" \/><\/noscript><\/a> Tuba Buyukustun au gala d&rsquo;IWC Schaffhausen. \u00a9 Getty Images<\/figcaption><\/figure>\n<p>&nbsp;<\/p>\n<p>&nbsp;<\/p>\n<p>&nbsp;<\/p>\n<p>&nbsp;<\/p>\n<p>&nbsp;<\/p>\n<p>&nbsp;<\/p>\n<p>&nbsp;<\/p>\n<p>&nbsp;<\/p>\n<p>&nbsp;<\/p>\n<p>&nbsp;<\/p>\n<p>&nbsp;<\/p>\n<p>&nbsp;<\/p>\n<p>&nbsp;<\/p>\n<figure id=\"attachment_14269\" aria-describedby=\"caption-attachment-14269\" style=\"width: 787px\" class=\"wp-caption aligncenter\"><a href=\"http:\/\/www.prestigemag.co\/wp-content\/uploads\/2018\/01\/905748538.jpg\"><img src=\"data:image\/svg+xml,%3Csvg%20xmlns='http:\/\/www.w3.org\/2000\/svg'%20viewBox='0%200%20787%20555'%3E%3C\/svg%3E\" class=\"zeen-lazy-load-base zeen-lazy-load wp-image-14269 size-full\" data-lazy-src=\"http:\/\/www.prestigemag.co\/wp-content\/uploads\/2018\/01\/905748538.jpg\" alt=\"\" width=\"787\" height=\"555\" data-lazy-srcset=\"https:\/\/www.prestigemag.co\/wp-content\/uploads\/2018\/01\/905748538.jpg 787w, https:\/\/www.prestigemag.co\/wp-content\/uploads\/2018\/01\/905748538-300x212.jpg 300w, https:\/\/www.prestigemag.co\/wp-content\/uploads\/2018\/01\/905748538-768x542.jpg 768w, https:\/\/www.prestigemag.co\/wp-content\/uploads\/2018\/01\/905748538-150x106.jpg 150w, https:\/\/www.prestigemag.co\/wp-content\/uploads\/2018\/01\/905748538-532x375.jpg 532w, https:\/\/www.prestigemag.co\/wp-content\/uploads\/2018\/01\/905748538-177x125.jpg 177w, https:\/\/www.prestigemag.co\/wp-content\/uploads\/2018\/01\/905748538-95x67.jpg 95w\" data-lazy-sizes=\"(max-width: 787px) 100vw, 787px\" \/><figcaption id=\"caption-attachment-14269\" class=\"wp-caption-text\"><noscript><img class=\"wp-image-14269 size-full\" src=\"http:\/\/www.prestigemag.co\/wp-content\/uploads\/2018\/01\/905748538.jpg\" alt=\"\" width=\"787\" height=\"555\" srcset=\"https:\/\/www.prestigemag.co\/wp-content\/uploads\/2018\/01\/905748538.jpg 787w, https:\/\/www.prestigemag.co\/wp-content\/uploads\/2018\/01\/905748538-300x212.jpg 300w, https:\/\/www.prestigemag.co\/wp-content\/uploads\/2018\/01\/905748538-768x542.jpg 768w, https:\/\/www.prestigemag.co\/wp-content\/uploads\/2018\/01\/905748538-150x106.jpg 150w, https:\/\/www.prestigemag.co\/wp-content\/uploads\/2018\/01\/905748538-532x375.jpg 532w, https:\/\/www.prestigemag.co\/wp-content\/uploads\/2018\/01\/905748538-177x125.jpg 177w, https:\/\/www.prestigemag.co\/wp-content\/uploads\/2018\/01\/905748538-95x67.jpg 95w\" sizes=\"(max-width: 787px) 100vw, 787px\" \/><\/noscript><\/a> Jose Maria Yazpik, le PDG d&rsquo;IWC Schaffhausen Christoph Grainger, Moritz Bleibtreu et Franziska Gsell visitent le stand d&rsquo; IWC durant le SIHH 2018. \u00a9 Getty Images<\/figcaption><\/figure>\n","protected":false},"excerpt":{"rendered":"<p><em>IWC Schaffhausen a c\u00e9l\u00e9br\u00e9 son 150e anniversaire et le lancement de sa collection Jubilee avec une soir\u00e9e de gala au Salon International de la Haute Horlogerie (SIHH) \u00e0 Gen\u00e8ve.<\/em> <\/p>\n","protected":false},"author":3,"featured_media":22051,"comment_status":"closed","ping_status":"closed","sticky":false,"template":"","format":"standard","meta":[],"categories":[13329],"tags":[],"yoast_head":"<!-- This site is optimized with the Yoast SEO plugin v19.4 - https:\/\/yoast.com\/wordpress\/plugins\/seo\/ -->\n<title>IWC c\u00e9l\u00e8bre son 150e anniversaire par une soir\u00e9e de gala et une liste d\u2019invit\u00e9s de marque - Prestige Magazine<\/title>\n<meta name=\"description\" content=\"IWC Schaffhausen a c\u00e9l\u00e9br\u00e9 son 150e anniversaire et le lancement de sa collection Jubilee avec une soir\u00e9e de gala au Salon International de la Haute Horlogerie (SIHH) \u00e0 Gen\u00e8ve.\" \/>\n<meta name=\"robots\" content=\"index, follow, max-snippet:-1, max-image-preview:large, max-video-preview:-1\" \/>\n<link rel=\"canonical\" href=\"https:\/\/www.prestigemag.co\/fr\/2018\/01\/iwc-celebre-son-150e-anniversaire-par-une-soiree-de-gala-et-une-liste-dinvites-de-marque\/\" \/>\n<meta property=\"og:locale\" content=\"fr_FR\" \/>\n<meta property=\"og:type\" content=\"article\" \/>\n<meta property=\"og:title\" content=\"IWC c\u00e9l\u00e8bre son 150e anniversaire par une soir\u00e9e de gala et une liste d\u2019invit\u00e9s de marque - Prestige Magazine\" \/>\n<meta property=\"og:description\" content=\"IWC Schaffhausen a c\u00e9l\u00e9br\u00e9 son 150e anniversaire et le lancement de sa collection Jubilee avec une soir\u00e9e de gala au Salon International de la Haute Horlogerie (SIHH) \u00e0 Gen\u00e8ve.\" \/>\n<meta property=\"og:url\" content=\"https:\/\/www.prestigemag.co\/fr\/2018\/01\/iwc-celebre-son-150e-anniversaire-par-une-soiree-de-gala-et-une-liste-dinvites-de-marque\/\" \/>\n<meta property=\"og:site_name\" content=\"Prestige Magazine\" \/>\n<meta property=\"article:publisher\" content=\"https:\/\/www.facebook.com\/prestigemag.co\/\" \/>\n<meta property=\"article:published_time\" content=\"2018-01-19T12:03:49+00:00\" \/>\n<meta property=\"og:image\" content=\"https:\/\/www.prestigemag.co\/wp-content\/uploads\/2018\/01\/Untitled-1-17.jpg\" \/>\n\t<meta property=\"og:image:width\" content=\"1492\" \/>\n\t<meta property=\"og:image:height\" content=\"522\" \/>\n\t<meta property=\"og:image:type\" content=\"image\/jpeg\" \/>\n<meta name=\"author\" content=\"prestige\" \/>\n<meta name=\"twitter:card\" content=\"summary\" \/>\n<meta name=\"twitter:label1\" content=\"\u00c9crit par\" \/>\n\t<meta name=\"twitter:data1\" content=\"prestige\" \/>\n\t<meta name=\"twitter:label2\" content=\"Dur\u00e9e de lecture estim\u00e9e\" \/>\n\t<meta name=\"twitter:data2\" content=\"2 minutes\" \/>\n<script type=\"application\/ld+json\" class=\"yoast-schema-graph\">{\"@context\":\"https:\/\/schema.org\",\"@graph\":[{\"@type\":\"Organization\",\"@id\":\"https:\/\/www.prestigemag.co\/#organization\",\"name\":\"Prestige\",\"url\":\"https:\/\/www.prestigemag.co\/\",\"sameAs\":[\"https:\/\/www.instagram.com\/prestige.mag\/\",\"https:\/\/www.facebook.com\/prestigemag.co\/\"],\"logo\":{\"@type\":\"ImageObject\",\"inLanguage\":\"fr-FR\",\"@id\":\"https:\/\/www.prestigemag.co\/#\/schema\/logo\/image\/\",\"url\":\"https:\/\/www.prestigemag.co\/wp-content\/uploads\/2021\/11\/logo-Prestige-800x200-1.png\",\"contentUrl\":\"https:\/\/www.prestigemag.co\/wp-content\/uploads\/2021\/11\/logo-Prestige-800x200-1.png\",\"width\":800,\"height\":200,\"caption\":\"Prestige\"},\"image\":{\"@id\":\"https:\/\/www.prestigemag.co\/#\/schema\/logo\/image\/\"}},{\"@type\":\"WebSite\",\"@id\":\"https:\/\/www.prestigemag.co\/#website\",\"url\":\"https:\/\/www.prestigemag.co\/\",\"name\":\"Prestige Magazine\",\"description\":\"Le Monde Des C\u00e9l\u00e9brit\u00e9s\",\"publisher\":{\"@id\":\"https:\/\/www.prestigemag.co\/#organization\"},\"potentialAction\":[{\"@type\":\"SearchAction\",\"target\":{\"@type\":\"EntryPoint\",\"urlTemplate\":\"https:\/\/www.prestigemag.co\/?s={search_term_string}\"},\"query-input\":\"required name=search_term_string\"}],\"inLanguage\":\"fr-FR\"},{\"@type\":\"WebPage\",\"@id\":\"https:\/\/www.prestigemag.co\/fr\/2018\/01\/iwc-celebre-son-150e-anniversaire-par-une-soiree-de-gala-et-une-liste-dinvites-de-marque\/\",\"url\":\"https:\/\/www.prestigemag.co\/fr\/2018\/01\/iwc-celebre-son-150e-anniversaire-par-une-soiree-de-gala-et-une-liste-dinvites-de-marque\/\",\"name\":\"IWC c\u00e9l\u00e8bre son 150e anniversaire par une soir\u00e9e de gala et une liste d\u2019invit\u00e9s de marque - Prestige Magazine\",\"isPartOf\":{\"@id\":\"https:\/\/www.prestigemag.co\/#website\"},\"datePublished\":\"2018-01-19T12:03:49+00:00\",\"dateModified\":\"2018-01-19T12:03:49+00:00\",\"description\":\"IWC Schaffhausen a c\u00e9l\u00e9br\u00e9 son 150e anniversaire et le lancement de sa collection Jubilee avec une soir\u00e9e de gala au Salon International de la Haute Horlogerie (SIHH) \u00e0 Gen\u00e8ve.\",\"breadcrumb\":{\"@id\":\"https:\/\/www.prestigemag.co\/fr\/2018\/01\/iwc-celebre-son-150e-anniversaire-par-une-soiree-de-gala-et-une-liste-dinvites-de-marque\/#breadcrumb\"},\"inLanguage\":\"fr-FR\",\"potentialAction\":[{\"@type\":\"ReadAction\",\"target\":[\"https:\/\/www.prestigemag.co\/fr\/2018\/01\/iwc-celebre-son-150e-anniversaire-par-une-soiree-de-gala-et-une-liste-dinvites-de-marque\/\"]}]},{\"@type\":\"BreadcrumbList\",\"@id\":\"https:\/\/www.prestigemag.co\/fr\/2018\/01\/iwc-celebre-son-150e-anniversaire-par-une-soiree-de-gala-et-une-liste-dinvites-de-marque\/#breadcrumb\",\"itemListElement\":[{\"@type\":\"ListItem\",\"position\":1,\"name\":\"Home\",\"item\":\"https:\/\/www.prestigemag.co\/fr\/\"},{\"@type\":\"ListItem\",\"position\":2,\"name\":\"IWC c\u00e9l\u00e8bre son 150e anniversaire par une soir\u00e9e de gala et une liste d\u2019invit\u00e9s de marque\"}]},{\"@type\":\"Article\",\"@id\":\"https:\/\/www.prestigemag.co\/fr\/2018\/01\/iwc-celebre-son-150e-anniversaire-par-une-soiree-de-gala-et-une-liste-dinvites-de-marque\/#article\",\"isPartOf\":{\"@id\":\"https:\/\/www.prestigemag.co\/fr\/2018\/01\/iwc-celebre-son-150e-anniversaire-par-une-soiree-de-gala-et-une-liste-dinvites-de-marque\/\"},\"author\":{\"name\":\"prestige\",\"@id\":\"https:\/\/www.prestigemag.co\/#\/schema\/person\/e3f149368970128d68bb2d797bf30fbc\"},\"headline\":\"IWC c\u00e9l\u00e8bre son 150e anniversaire par une soir\u00e9e de gala et une liste d\u2019invit\u00e9s de marque\",\"datePublished\":\"2018-01-19T12:03:49+00:00\",\"dateModified\":\"2018-01-19T12:03:49+00:00\",\"mainEntityOfPage\":{\"@id\":\"https:\/\/www.prestigemag.co\/fr\/2018\/01\/iwc-celebre-son-150e-anniversaire-par-une-soiree-de-gala-et-une-liste-dinvites-de-marque\/\"},\"wordCount\":426,\"publisher\":{\"@id\":\"https:\/\/www.prestigemag.co\/#organization\"},\"articleSection\":[\"Horlogerie &amp; Joaillerie\"],\"inLanguage\":\"fr-FR\"},{\"@type\":\"Person\",\"@id\":\"https:\/\/www.prestigemag.co\/#\/schema\/person\/e3f149368970128d68bb2d797bf30fbc\",\"name\":\"prestige\",\"image\":{\"@type\":\"ImageObject\",\"inLanguage\":\"fr-FR\",\"@id\":\"https:\/\/www.prestigemag.co\/#\/schema\/person\/image\/\",\"url\":\"https:\/\/secure.gravatar.com\/avatar\/0aa2dff5484d35e50578639a2c3ccef9?s=96&d=mm&r=g\",\"contentUrl\":\"https:\/\/secure.gravatar.com\/avatar\/0aa2dff5484d35e50578639a2c3ccef9?s=96&d=mm&r=g\",\"caption\":\"prestige\"},\"url\":\"https:\/\/www.prestigemag.co\/fr\/author\/prestige\/\"}]}<\/script>\n<!-- \/ Yoast SEO plugin. -->","yoast_head_json":{"title":"IWC c\u00e9l\u00e8bre son 150e anniversaire par une soir\u00e9e de gala et une liste d\u2019invit\u00e9s de marque - Prestige Magazine","description":"IWC Schaffhausen a c\u00e9l\u00e9br\u00e9 son 150e anniversaire et le lancement de sa collection Jubilee avec une soir\u00e9e de gala au Salon International de la Haute Horlogerie (SIHH) \u00e0 Gen\u00e8ve.","robots":{"index":"index","follow":"follow","max-snippet":"max-snippet:-1","max-image-preview":"max-image-preview:large","max-video-preview":"max-video-preview:-1"},"canonical":"https:\/\/www.prestigemag.co\/fr\/2018\/01\/iwc-celebre-son-150e-anniversaire-par-une-soiree-de-gala-et-une-liste-dinvites-de-marque\/","og_locale":"fr_FR","og_type":"article","og_title":"IWC c\u00e9l\u00e8bre son 150e anniversaire par une soir\u00e9e de gala et une liste d\u2019invit\u00e9s de marque - Prestige Magazine","og_description":"IWC Schaffhausen a c\u00e9l\u00e9br\u00e9 son 150e anniversaire et le lancement de sa collection Jubilee avec une soir\u00e9e de gala au Salon International de la Haute Horlogerie (SIHH) \u00e0 Gen\u00e8ve.","og_url":"https:\/\/www.prestigemag.co\/fr\/2018\/01\/iwc-celebre-son-150e-anniversaire-par-une-soiree-de-gala-et-une-liste-dinvites-de-marque\/","og_site_name":"Prestige Magazine","article_publisher":"https:\/\/www.facebook.com\/prestigemag.co\/","article_published_time":"2018-01-19T12:03:49+00:00","og_image":[{"width":1492,"height":522,"url":"https:\/\/www.prestigemag.co\/wp-content\/uploads\/2018\/01\/Untitled-1-17.jpg","type":"image\/jpeg"}],"author":"prestige","twitter_card":"summary","twitter_misc":{"\u00c9crit par":"prestige","Dur\u00e9e de lecture estim\u00e9e":"2 minutes"},"schema":{"@context":"https:\/\/schema.org","@graph":[{"@type":"Organization","@id":"https:\/\/www.prestigemag.co\/#organization","name":"Prestige","url":"https:\/\/www.prestigemag.co\/","sameAs":["https:\/\/www.instagram.com\/prestige.mag\/","https:\/\/www.facebook.com\/prestigemag.co\/"],"logo":{"@type":"ImageObject","inLanguage":"fr-FR","@id":"https:\/\/www.prestigemag.co\/#\/schema\/logo\/image\/","url":"https:\/\/www.prestigemag.co\/wp-content\/uploads\/2021\/11\/logo-Prestige-800x200-1.png","contentUrl":"https:\/\/www.prestigemag.co\/wp-content\/uploads\/2021\/11\/logo-Prestige-800x200-1.png","width":800,"height":200,"caption":"Prestige"},"image":{"@id":"https:\/\/www.prestigemag.co\/#\/schema\/logo\/image\/"}},{"@type":"WebSite","@id":"https:\/\/www.prestigemag.co\/#website","url":"https:\/\/www.prestigemag.co\/","name":"Prestige Magazine","description":"Le Monde Des C\u00e9l\u00e9brit\u00e9s","publisher":{"@id":"https:\/\/www.prestigemag.co\/#organization"},"potentialAction":[{"@type":"SearchAction","target":{"@type":"EntryPoint","urlTemplate":"https:\/\/www.prestigemag.co\/?s={search_term_string}"},"query-input":"required name=search_term_string"}],"inLanguage":"fr-FR"},{"@type":"WebPage","@id":"https:\/\/www.prestigemag.co\/fr\/2018\/01\/iwc-celebre-son-150e-anniversaire-par-une-soiree-de-gala-et-une-liste-dinvites-de-marque\/","url":"https:\/\/www.prestigemag.co\/fr\/2018\/01\/iwc-celebre-son-150e-anniversaire-par-une-soiree-de-gala-et-une-liste-dinvites-de-marque\/","name":"IWC c\u00e9l\u00e8bre son 150e anniversaire par une soir\u00e9e de gala et une liste d\u2019invit\u00e9s de marque - Prestige Magazine","isPartOf":{"@id":"https:\/\/www.prestigemag.co\/#website"},"datePublished":"2018-01-19T12:03:49+00:00","dateModified":"2018-01-19T12:03:49+00:00","description":"IWC Schaffhausen a c\u00e9l\u00e9br\u00e9 son 150e anniversaire et le lancement de sa collection Jubilee avec une soir\u00e9e de gala au Salon International de la Haute Horlogerie (SIHH) \u00e0 Gen\u00e8ve.","breadcrumb":{"@id":"https:\/\/www.prestigemag.co\/fr\/2018\/01\/iwc-celebre-son-150e-anniversaire-par-une-soiree-de-gala-et-une-liste-dinvites-de-marque\/#breadcrumb"},"inLanguage":"fr-FR","potentialAction":[{"@type":"ReadAction","target":["https:\/\/www.prestigemag.co\/fr\/2018\/01\/iwc-celebre-son-150e-anniversaire-par-une-soiree-de-gala-et-une-liste-dinvites-de-marque\/"]}]},{"@type":"BreadcrumbList","@id":"https:\/\/www.prestigemag.co\/fr\/2018\/01\/iwc-celebre-son-150e-anniversaire-par-une-soiree-de-gala-et-une-liste-dinvites-de-marque\/#breadcrumb","itemListElement":[{"@type":"ListItem","position":1,"name":"Home","item":"https:\/\/www.prestigemag.co\/fr\/"},{"@type":"ListItem","position":2,"name":"IWC c\u00e9l\u00e8bre son 150e anniversaire par une soir\u00e9e de gala et une liste d\u2019invit\u00e9s de marque"}]},{"@type":"Article","@id":"https:\/\/www.prestigemag.co\/fr\/2018\/01\/iwc-celebre-son-150e-anniversaire-par-une-soiree-de-gala-et-une-liste-dinvites-de-marque\/#article","isPartOf":{"@id":"https:\/\/www.prestigemag.co\/fr\/2018\/01\/iwc-celebre-son-150e-anniversaire-par-une-soiree-de-gala-et-une-liste-dinvites-de-marque\/"},"author":{"name":"prestige","@id":"https:\/\/www.prestigemag.co\/#\/schema\/person\/e3f149368970128d68bb2d797bf30fbc"},"headline":"IWC c\u00e9l\u00e8bre son 150e anniversaire par une soir\u00e9e de gala et une liste d\u2019invit\u00e9s de marque","datePublished":"2018-01-19T12:03:49+00:00","dateModified":"2018-01-19T12:03:49+00:00","mainEntityOfPage":{"@id":"https:\/\/www.prestigemag.co\/fr\/2018\/01\/iwc-celebre-son-150e-anniversaire-par-une-soiree-de-gala-et-une-liste-dinvites-de-marque\/"},"wordCount":426,"publisher":{"@id":"https:\/\/www.prestigemag.co\/#organization"},"articleSection":["Horlogerie &amp; Joaillerie"],"inLanguage":"fr-FR"},{"@type":"Person","@id":"https:\/\/www.prestigemag.co\/#\/schema\/person\/e3f149368970128d68bb2d797bf30fbc","name":"prestige","image":{"@type":"ImageObject","inLanguage":"fr-FR","@id":"https:\/\/www.prestigemag.co\/#\/schema\/person\/image\/","url":"https:\/\/secure.gravatar.com\/avatar\/0aa2dff5484d35e50578639a2c3ccef9?s=96&d=mm&r=g","contentUrl":"https:\/\/secure.gravatar.com\/avatar\/0aa2dff5484d35e50578639a2c3ccef9?s=96&d=mm&r=g","caption":"prestige"},"url":"https:\/\/www.prestigemag.co\/fr\/author\/prestige\/"}]}},"_links":{"self":[{"href":"https:\/\/www.prestigemag.co\/fr\/wp-json\/wp\/v2\/posts\/22050"}],"collection":[{"href":"https:\/\/www.prestigemag.co\/fr\/wp-json\/wp\/v2\/posts"}],"about":[{"href":"https:\/\/www.prestigemag.co\/fr\/wp-json\/wp\/v2\/types\/post"}],"author":[{"embeddable":true,"href":"https:\/\/www.prestigemag.co\/fr\/wp-json\/wp\/v2\/users\/3"}],"replies":[{"embeddable":true,"href":"https:\/\/www.prestigemag.co\/fr\/wp-json\/wp\/v2\/comments?post=22050"}],"version-history":[{"count":0,"href":"https:\/\/www.prestigemag.co\/fr\/wp-json\/wp\/v2\/posts\/22050\/revisions"}],"wp:featuredmedia":[{"embeddable":true,"href":"https:\/\/www.prestigemag.co\/fr\/wp-json\/wp\/v2\/media\/22051"}],"wp:attachment":[{"href":"https:\/\/www.prestigemag.co\/fr\/wp-json\/wp\/v2\/media?parent=22050"}],"wp:term":[{"taxonomy":"category","embeddable":true,"href":"https:\/\/www.prestigemag.co\/fr\/wp-json\/wp\/v2\/categories?post=22050"},{"taxonomy":"post_tag","embeddable":true,"href":"https:\/\/www.prestigemag.co\/fr\/wp-json\/wp\/v2\/tags?post=22050"}],"curies":[{"name":"wp","href":"https:\/\/api.w.org\/{rel}","templated":true}]}}