{"id":22080,"date":"2018-02-01T10:22:57","date_gmt":"2018-02-01T10:22:57","guid":{"rendered":"http:\/\/www.prestigemag.co\/2018\/02\/sandra-mehanna\/"},"modified":"2018-02-01T10:22:57","modified_gmt":"2018-02-01T10:22:57","slug":"sandra-mehanna","status":"publish","type":"post","link":"https:\/\/www.prestigemag.co\/fr\/2018\/02\/sandra-mehanna\/","title":{"rendered":"Sandra Mehanna"},"content":{"rendered":"<p><em>Prestige N 287-288, D\u00e9c. 2017-Jan. 2018<\/em><\/p>\n<p>&nbsp;<\/p>\n<h3>\u00abLe Pur d\u00e9lice\u00a0est la pierre angulaire du roman\u00bb<\/h3>\n<h3>Passionn\u00e9e de lecture et d\u2019\u00e9criture d\u00e8s son plus jeune \u00e2ge, l\u2019avocate et licenci\u00e9e en Lettres Sandra Mehanna pr\u00e9sente son premier roman, \u00abPur d\u00e9lice\u00bb. Un titre qui rappelle le nom d\u2019un restaurant mais aussi l\u2019ambiance purement d\u00e9licieuse de l\u2019ouvrage qui aborde les sujets les plus sensibles de la soci\u00e9t\u00e9 libanaise contemporaine, et v\u00e9hicule des messages de vie. Rencontre.<\/h3>\n<p>&nbsp;<\/p>\n<p>&nbsp;<\/p>\n<figure id=\"attachment_14374\" aria-describedby=\"caption-attachment-14374\" style=\"width: 1000px\" class=\"wp-caption aligncenter\"><a href=\"http:\/\/www.prestigemag.co\/wp-content\/uploads\/2018\/02\/Untitled-1-1.jpg\"><img src=\"data:image\/svg+xml,%3Csvg%20xmlns='http:\/\/www.w3.org\/2000\/svg'%20viewBox='0%200%201000%20409'%3E%3C\/svg%3E\" class=\"zeen-lazy-load-base zeen-lazy-load wp-image-14374 size-full\" data-lazy-src=\"http:\/\/www.prestigemag.co\/wp-content\/uploads\/2018\/02\/Untitled-1-1.jpg\" alt=\"\" width=\"1000\" height=\"409\" data-lazy-srcset=\"https:\/\/www.prestigemag.co\/wp-content\/uploads\/2018\/02\/Untitled-1-1.jpg 1000w, https:\/\/www.prestigemag.co\/wp-content\/uploads\/2018\/02\/Untitled-1-1-300x123.jpg 300w, https:\/\/www.prestigemag.co\/wp-content\/uploads\/2018\/02\/Untitled-1-1-770x315.jpg 770w, https:\/\/www.prestigemag.co\/wp-content\/uploads\/2018\/02\/Untitled-1-1-293x120.jpg 293w, https:\/\/www.prestigemag.co\/wp-content\/uploads\/2018\/02\/Untitled-1-1-390x160.jpg 390w, https:\/\/www.prestigemag.co\/wp-content\/uploads\/2018\/02\/Untitled-1-1-768x314.jpg 768w, https:\/\/www.prestigemag.co\/wp-content\/uploads\/2018\/02\/Untitled-1-1-150x61.jpg 150w, https:\/\/www.prestigemag.co\/wp-content\/uploads\/2018\/02\/Untitled-1-1-600x245.jpg 600w, https:\/\/www.prestigemag.co\/wp-content\/uploads\/2018\/02\/Untitled-1-1-291x119.jpg 291w, https:\/\/www.prestigemag.co\/wp-content\/uploads\/2018\/02\/Untitled-1-1-164x67.jpg 164w\" data-lazy-sizes=\"(max-width: 1000px) 100vw, 1000px\" \/><figcaption id=\"caption-attachment-14374\" class=\"wp-caption-text\"><noscript><img class=\"wp-image-14374 size-full\" src=\"http:\/\/www.prestigemag.co\/wp-content\/uploads\/2018\/02\/Untitled-1-1.jpg\" alt=\"\" width=\"1000\" height=\"409\" srcset=\"https:\/\/www.prestigemag.co\/wp-content\/uploads\/2018\/02\/Untitled-1-1.jpg 1000w, https:\/\/www.prestigemag.co\/wp-content\/uploads\/2018\/02\/Untitled-1-1-300x123.jpg 300w, https:\/\/www.prestigemag.co\/wp-content\/uploads\/2018\/02\/Untitled-1-1-770x315.jpg 770w, https:\/\/www.prestigemag.co\/wp-content\/uploads\/2018\/02\/Untitled-1-1-293x120.jpg 293w, https:\/\/www.prestigemag.co\/wp-content\/uploads\/2018\/02\/Untitled-1-1-390x160.jpg 390w, https:\/\/www.prestigemag.co\/wp-content\/uploads\/2018\/02\/Untitled-1-1-768x314.jpg 768w, https:\/\/www.prestigemag.co\/wp-content\/uploads\/2018\/02\/Untitled-1-1-150x61.jpg 150w, https:\/\/www.prestigemag.co\/wp-content\/uploads\/2018\/02\/Untitled-1-1-600x245.jpg 600w, https:\/\/www.prestigemag.co\/wp-content\/uploads\/2018\/02\/Untitled-1-1-291x119.jpg 291w, https:\/\/www.prestigemag.co\/wp-content\/uploads\/2018\/02\/Untitled-1-1-164x67.jpg 164w\" sizes=\"(max-width: 1000px) 100vw, 1000px\" \/><\/noscript><\/a> L&rsquo;auteure de l&rsquo;ouvrage Sandra Mehanna. \u00a9 Archives Sandra Mehanna<\/figcaption><\/figure>\n<p>&nbsp;<\/p>\n<p>&nbsp;<\/p>\n<p><strong><em>Comment vous est venue l\u2019id\u00e9e d\u2019\u00e9crire un roman?<\/em><\/strong> J\u2019ai toujours aim\u00e9 lire et \u00e9crire depuis les bancs de l\u2019\u00e9cole. Mais le d\u00e9clic est venu quand j\u2019ai commenc\u00e9 mon stage d\u2019avocate, j\u2019ai rapidement compris que le m\u00e9tier seul ne va pas suffire \u00e0 m\u2019\u00e9panouir vu surtout son c\u00f4t\u00e9 sec et rigide. J\u2019ai donc entam\u00e9 des \u00e9tudes de Lettres \u00e0 l\u2019Universit\u00e9 Libanaise parall\u00e8lement \u00e0 mon stage. Et l\u2019id\u00e9e d\u2019\u00e9crire plus tard des romans a germ\u00e9 assez rapidement\u2026<\/p>\n<p><strong><em>Pourquoi avoir opt\u00e9 pour le titre de \u00abPur d\u00e9lice\u00bb?<\/em><\/strong> Je voulais un titre qui puisse \u00e0 la fois \u00eatre le nom d\u2019un restaurant et d\u00e9crire l\u2019ambiance g\u00e9n\u00e9rale du roman: purement d\u00e9licieuse! En fait, le \u00abPur d\u00e9lice\u00bb est un peu la pierre angulaire du roman puisque l\u2019histoire d\u00e9marre avec l\u2019entr\u00e9e de Sawsanne pour y travailler comme serveuse dans le but de se faire un peu d\u2019argent de poche. C\u2019est \u00e9galement en son sein qu\u2019elle c\u00f4toie la plupart des personnages de l\u2019ouvrage. Enfin, la note finale du roman est \u00e9galement jou\u00e9e au \u00abPur d\u00e9lice\u00bb puisqu\u2019il se termine avec la c\u00e9l\u00e9bration assez inattendue d\u2019un mariage.<\/p>\n<p><strong><em>Quel est le message principal que v\u00e9hicule Pur d\u00e9lice?<\/em><\/strong> Le roman v\u00e9hicule plusieurs messages: le premier est que dans la vie, la l\u00e9g\u00e8ret\u00e9 et la gravit\u00e9 des circonstances sont souvent entrem\u00eal\u00e9es et que la ligne qui les s\u00e9pare est souvent tr\u00e8s fine. Mais l\u2019essentiel est de pouvoir, autant que possible, traiter toutes les situations qui se pr\u00e9sentent dans tout parcours humain avec cette dose d\u2019humanisme n\u00e9cessaire et vitale parce que les romans sont ax\u00e9s sur l\u2019Homme, envers et contre tout! D\u2019o\u00f9 le deuxi\u00e8me message principal du roman qui est celui de la tol\u00e9rance et de l\u2019acceptation d\u2019autrui. La tol\u00e9rance est ax\u00e9e avant tout sur l\u2019acceptation de l\u2019autre dans ses diff\u00e9rences \u00abparce qu\u2019il faut de tout pour faire un monde\u00bb. La tol\u00e9rance est \u00e9galement ax\u00e9e sur l\u2019acceptation des difficult\u00e9s et probl\u00e8mes qui jalonnent immanquablement toute vie humaine parce que le meilleur moyen de r\u00e9soudre un probl\u00e8me est de commencer par l\u2019admettre!<\/p>\n<p><strong><em>Pur d\u00e9lice aborde les sujets les plus sensibles de la soci\u00e9t\u00e9 libanaise contemporaine. Quelle a \u00e9t\u00e9 votre principale source d\u2019inspiration? Est-ce votre exp\u00e9rience professionnelle en tant qu\u2019avocate ou votre v\u00e9cu?<\/em><\/strong> Tout m\u2019a inspir\u00e9e pour \u00e9crire ce roman. Mon v\u00e9cu et mon exp\u00e9rience professionnelle bien \u00e9videmment. Mais aussi des choses et des situations non v\u00e9cues mais seulement observ\u00e9es. Et puis il y a aussi ces situations non v\u00e9cues et encore moins observ\u00e9es et c\u2019est l\u00e0 que travaille l\u2019imagination!<\/p>\n<p><strong><em>Dans le roman, Hanna, un de vos personnages, a gagn\u00e9 \u00e0 la loterie apr\u00e8s maints essais. Croyez-vous en la chance?<\/em><\/strong> Honn\u00eatement, pas vraiment. Au quotidien, je crois au travail et au niveau de la vie en g\u00e9n\u00e9ral, je crois au destin et puis j\u2019oublie syst\u00e9matiquement de jouer au loto!<\/p>\n<p><strong><em>Dans le roman \u00e9galement, vous \u00e9voquez trois types de jeunes filles qui sont les serveuses du \u00abPur d\u00e9lice\u00bb: Sawsanne, ayant besoin de travailler parall\u00e8lement \u00e0 ses \u00e9tudes pour sortir de sa g\u00eane mat\u00e9rielle, V\u00e9ra, ayant grandi sans son p\u00e8re et aux c\u00f4t\u00e9s d\u2019une m\u00e8re physiquement pr\u00e9sente mais moralement absente et Isa, qui, apr\u00e8s une enfance dor\u00e9e, a subi de plein fouet la faillite paternelle. Qui selon vous a-t-il r\u00e9ussi \u00e0 affronter ses probl\u00e8mes?<\/em><\/strong> Je pense que toutes les trois ont r\u00e9ussi \u00e0 affronter leurs probl\u00e8mes, chacune \u00e0 sa fa\u00e7on, parce qu\u2019il n\u2019y a jamais une solution miraculeuse applicable \u00e0 tout le monde. Il y a plut\u00f4t des solutions \u00absur mesure\u00bb pour chacun! L\u2019essentiel est de puiser en nous et autour de nous pour pouvoir les trouver et avoir assez de courage pour pouvoir les appliquer!<\/p>\n<p><strong><em>Maintenant que vous avez publi\u00e9 votre premier roman, y aurait-il un nouveau manuscrit en cours ou dans un avenir proche?<\/em><\/strong> Il y a la moiti\u00e9 d\u2019un manuscrit dans le tiroir et des projets d\u2019\u00e9criture plein la t\u00eate! <strong><em>Propos recueillis par <\/em><\/strong><em>Mireille Bridi Bouabjian<\/em><\/p>\n","protected":false},"excerpt":{"rendered":"<p><em>Passionn\u00e9e de lecture et d\u2019\u00e9criture d\u00e8s son plus jeune \u00e2ge, l\u2019avocate et licenci\u00e9e en Lettres Sandra Mehanna pr\u00e9sente son premier roman, \u00abPur d\u00e9lice\u00bb.<\/em><\/p>\n","protected":false},"author":3,"featured_media":22081,"comment_status":"closed","ping_status":"closed","sticky":false,"template":"","format":"standard","meta":[],"categories":[13331],"tags":[],"yoast_head":"<!-- This site is optimized with the Yoast SEO plugin v19.4 - https:\/\/yoast.com\/wordpress\/plugins\/seo\/ -->\n<title>Sandra Mehanna - Prestige Magazine<\/title>\n<meta name=\"description\" content=\"Passionn\u00e9e de lecture et d\u2019\u00e9criture d\u00e8s son plus jeune \u00e2ge, l\u2019avocate et licenci\u00e9e en Lettres Sandra Mehanna pr\u00e9sente son premier roman, \u00abPur d\u00e9lice\u00bb.\" \/>\n<meta name=\"robots\" content=\"index, follow, max-snippet:-1, max-image-preview:large, max-video-preview:-1\" \/>\n<link rel=\"canonical\" href=\"https:\/\/www.prestigemag.co\/fr\/2018\/02\/sandra-mehanna\/\" \/>\n<meta property=\"og:locale\" content=\"fr_FR\" \/>\n<meta property=\"og:type\" content=\"article\" \/>\n<meta property=\"og:title\" content=\"Sandra Mehanna - Prestige Magazine\" \/>\n<meta property=\"og:description\" content=\"Passionn\u00e9e de lecture et d\u2019\u00e9criture d\u00e8s son plus jeune \u00e2ge, l\u2019avocate et licenci\u00e9e en Lettres Sandra Mehanna pr\u00e9sente son premier roman, \u00abPur d\u00e9lice\u00bb.\" \/>\n<meta property=\"og:url\" content=\"https:\/\/www.prestigemag.co\/fr\/2018\/02\/sandra-mehanna\/\" \/>\n<meta property=\"og:site_name\" content=\"Prestige Magazine\" \/>\n<meta property=\"article:publisher\" content=\"https:\/\/www.facebook.com\/prestigemag.co\/\" \/>\n<meta property=\"article:published_time\" content=\"2018-02-01T10:22:57+00:00\" \/>\n<meta property=\"og:image\" content=\"https:\/\/www.prestigemag.co\/wp-content\/uploads\/2018\/02\/Untitled-1-1.jpg\" \/>\n\t<meta property=\"og:image:width\" content=\"1000\" \/>\n\t<meta property=\"og:image:height\" content=\"409\" \/>\n\t<meta property=\"og:image:type\" content=\"image\/jpeg\" \/>\n<meta name=\"author\" content=\"prestige\" \/>\n<meta name=\"twitter:card\" content=\"summary\" \/>\n<meta name=\"twitter:label1\" content=\"\u00c9crit par\" \/>\n\t<meta name=\"twitter:data1\" content=\"prestige\" \/>\n\t<meta name=\"twitter:label2\" content=\"Dur\u00e9e de lecture estim\u00e9e\" \/>\n\t<meta name=\"twitter:data2\" content=\"4 minutes\" \/>\n<script type=\"application\/ld+json\" class=\"yoast-schema-graph\">{\"@context\":\"https:\/\/schema.org\",\"@graph\":[{\"@type\":\"Organization\",\"@id\":\"https:\/\/www.prestigemag.co\/#organization\",\"name\":\"Prestige\",\"url\":\"https:\/\/www.prestigemag.co\/\",\"sameAs\":[\"https:\/\/www.instagram.com\/prestige.mag\/\",\"https:\/\/www.facebook.com\/prestigemag.co\/\"],\"logo\":{\"@type\":\"ImageObject\",\"inLanguage\":\"fr-FR\",\"@id\":\"https:\/\/www.prestigemag.co\/#\/schema\/logo\/image\/\",\"url\":\"https:\/\/www.prestigemag.co\/wp-content\/uploads\/2021\/11\/logo-Prestige-800x200-1.png\",\"contentUrl\":\"https:\/\/www.prestigemag.co\/wp-content\/uploads\/2021\/11\/logo-Prestige-800x200-1.png\",\"width\":800,\"height\":200,\"caption\":\"Prestige\"},\"image\":{\"@id\":\"https:\/\/www.prestigemag.co\/#\/schema\/logo\/image\/\"}},{\"@type\":\"WebSite\",\"@id\":\"https:\/\/www.prestigemag.co\/#website\",\"url\":\"https:\/\/www.prestigemag.co\/\",\"name\":\"Prestige Magazine\",\"description\":\"Le Monde Des C\u00e9l\u00e9brit\u00e9s\",\"publisher\":{\"@id\":\"https:\/\/www.prestigemag.co\/#organization\"},\"potentialAction\":[{\"@type\":\"SearchAction\",\"target\":{\"@type\":\"EntryPoint\",\"urlTemplate\":\"https:\/\/www.prestigemag.co\/?s={search_term_string}\"},\"query-input\":\"required name=search_term_string\"}],\"inLanguage\":\"fr-FR\"},{\"@type\":\"WebPage\",\"@id\":\"https:\/\/www.prestigemag.co\/fr\/2018\/02\/sandra-mehanna\/\",\"url\":\"https:\/\/www.prestigemag.co\/fr\/2018\/02\/sandra-mehanna\/\",\"name\":\"Sandra Mehanna - Prestige Magazine\",\"isPartOf\":{\"@id\":\"https:\/\/www.prestigemag.co\/#website\"},\"datePublished\":\"2018-02-01T10:22:57+00:00\",\"dateModified\":\"2018-02-01T10:22:57+00:00\",\"description\":\"Passionn\u00e9e de lecture et d\u2019\u00e9criture d\u00e8s son plus jeune \u00e2ge, l\u2019avocate et licenci\u00e9e en Lettres Sandra Mehanna pr\u00e9sente son premier roman, \u00abPur d\u00e9lice\u00bb.\",\"breadcrumb\":{\"@id\":\"https:\/\/www.prestigemag.co\/fr\/2018\/02\/sandra-mehanna\/#breadcrumb\"},\"inLanguage\":\"fr-FR\",\"potentialAction\":[{\"@type\":\"ReadAction\",\"target\":[\"https:\/\/www.prestigemag.co\/fr\/2018\/02\/sandra-mehanna\/\"]}]},{\"@type\":\"BreadcrumbList\",\"@id\":\"https:\/\/www.prestigemag.co\/fr\/2018\/02\/sandra-mehanna\/#breadcrumb\",\"itemListElement\":[{\"@type\":\"ListItem\",\"position\":1,\"name\":\"Home\",\"item\":\"https:\/\/www.prestigemag.co\/fr\/\"},{\"@type\":\"ListItem\",\"position\":2,\"name\":\"Sandra Mehanna\"}]},{\"@type\":\"Article\",\"@id\":\"https:\/\/www.prestigemag.co\/fr\/2018\/02\/sandra-mehanna\/#article\",\"isPartOf\":{\"@id\":\"https:\/\/www.prestigemag.co\/fr\/2018\/02\/sandra-mehanna\/\"},\"author\":{\"name\":\"prestige\",\"@id\":\"https:\/\/www.prestigemag.co\/#\/schema\/person\/e3f149368970128d68bb2d797bf30fbc\"},\"headline\":\"Sandra Mehanna\",\"datePublished\":\"2018-02-01T10:22:57+00:00\",\"dateModified\":\"2018-02-01T10:22:57+00:00\",\"mainEntityOfPage\":{\"@id\":\"https:\/\/www.prestigemag.co\/fr\/2018\/02\/sandra-mehanna\/\"},\"wordCount\":851,\"publisher\":{\"@id\":\"https:\/\/www.prestigemag.co\/#organization\"},\"articleSection\":[\"Entrevues\"],\"inLanguage\":\"fr-FR\"},{\"@type\":\"Person\",\"@id\":\"https:\/\/www.prestigemag.co\/#\/schema\/person\/e3f149368970128d68bb2d797bf30fbc\",\"name\":\"prestige\",\"image\":{\"@type\":\"ImageObject\",\"inLanguage\":\"fr-FR\",\"@id\":\"https:\/\/www.prestigemag.co\/#\/schema\/person\/image\/\",\"url\":\"https:\/\/secure.gravatar.com\/avatar\/0aa2dff5484d35e50578639a2c3ccef9?s=96&d=mm&r=g\",\"contentUrl\":\"https:\/\/secure.gravatar.com\/avatar\/0aa2dff5484d35e50578639a2c3ccef9?s=96&d=mm&r=g\",\"caption\":\"prestige\"},\"url\":\"https:\/\/www.prestigemag.co\/fr\/author\/prestige\/\"}]}<\/script>\n<!-- \/ Yoast SEO plugin. -->","yoast_head_json":{"title":"Sandra Mehanna - Prestige Magazine","description":"Passionn\u00e9e de lecture et d\u2019\u00e9criture d\u00e8s son plus jeune \u00e2ge, l\u2019avocate et licenci\u00e9e en Lettres Sandra Mehanna pr\u00e9sente son premier roman, \u00abPur d\u00e9lice\u00bb.","robots":{"index":"index","follow":"follow","max-snippet":"max-snippet:-1","max-image-preview":"max-image-preview:large","max-video-preview":"max-video-preview:-1"},"canonical":"https:\/\/www.prestigemag.co\/fr\/2018\/02\/sandra-mehanna\/","og_locale":"fr_FR","og_type":"article","og_title":"Sandra Mehanna - Prestige Magazine","og_description":"Passionn\u00e9e de lecture et d\u2019\u00e9criture d\u00e8s son plus jeune \u00e2ge, l\u2019avocate et licenci\u00e9e en Lettres Sandra Mehanna pr\u00e9sente son premier roman, \u00abPur d\u00e9lice\u00bb.","og_url":"https:\/\/www.prestigemag.co\/fr\/2018\/02\/sandra-mehanna\/","og_site_name":"Prestige Magazine","article_publisher":"https:\/\/www.facebook.com\/prestigemag.co\/","article_published_time":"2018-02-01T10:22:57+00:00","og_image":[{"width":1000,"height":409,"url":"https:\/\/www.prestigemag.co\/wp-content\/uploads\/2018\/02\/Untitled-1-1.jpg","type":"image\/jpeg"}],"author":"prestige","twitter_card":"summary","twitter_misc":{"\u00c9crit par":"prestige","Dur\u00e9e de lecture estim\u00e9e":"4 minutes"},"schema":{"@context":"https:\/\/schema.org","@graph":[{"@type":"Organization","@id":"https:\/\/www.prestigemag.co\/#organization","name":"Prestige","url":"https:\/\/www.prestigemag.co\/","sameAs":["https:\/\/www.instagram.com\/prestige.mag\/","https:\/\/www.facebook.com\/prestigemag.co\/"],"logo":{"@type":"ImageObject","inLanguage":"fr-FR","@id":"https:\/\/www.prestigemag.co\/#\/schema\/logo\/image\/","url":"https:\/\/www.prestigemag.co\/wp-content\/uploads\/2021\/11\/logo-Prestige-800x200-1.png","contentUrl":"https:\/\/www.prestigemag.co\/wp-content\/uploads\/2021\/11\/logo-Prestige-800x200-1.png","width":800,"height":200,"caption":"Prestige"},"image":{"@id":"https:\/\/www.prestigemag.co\/#\/schema\/logo\/image\/"}},{"@type":"WebSite","@id":"https:\/\/www.prestigemag.co\/#website","url":"https:\/\/www.prestigemag.co\/","name":"Prestige Magazine","description":"Le Monde Des C\u00e9l\u00e9brit\u00e9s","publisher":{"@id":"https:\/\/www.prestigemag.co\/#organization"},"potentialAction":[{"@type":"SearchAction","target":{"@type":"EntryPoint","urlTemplate":"https:\/\/www.prestigemag.co\/?s={search_term_string}"},"query-input":"required name=search_term_string"}],"inLanguage":"fr-FR"},{"@type":"WebPage","@id":"https:\/\/www.prestigemag.co\/fr\/2018\/02\/sandra-mehanna\/","url":"https:\/\/www.prestigemag.co\/fr\/2018\/02\/sandra-mehanna\/","name":"Sandra Mehanna - Prestige Magazine","isPartOf":{"@id":"https:\/\/www.prestigemag.co\/#website"},"datePublished":"2018-02-01T10:22:57+00:00","dateModified":"2018-02-01T10:22:57+00:00","description":"Passionn\u00e9e de lecture et d\u2019\u00e9criture d\u00e8s son plus jeune \u00e2ge, l\u2019avocate et licenci\u00e9e en Lettres Sandra Mehanna pr\u00e9sente son premier roman, \u00abPur d\u00e9lice\u00bb.","breadcrumb":{"@id":"https:\/\/www.prestigemag.co\/fr\/2018\/02\/sandra-mehanna\/#breadcrumb"},"inLanguage":"fr-FR","potentialAction":[{"@type":"ReadAction","target":["https:\/\/www.prestigemag.co\/fr\/2018\/02\/sandra-mehanna\/"]}]},{"@type":"BreadcrumbList","@id":"https:\/\/www.prestigemag.co\/fr\/2018\/02\/sandra-mehanna\/#breadcrumb","itemListElement":[{"@type":"ListItem","position":1,"name":"Home","item":"https:\/\/www.prestigemag.co\/fr\/"},{"@type":"ListItem","position":2,"name":"Sandra Mehanna"}]},{"@type":"Article","@id":"https:\/\/www.prestigemag.co\/fr\/2018\/02\/sandra-mehanna\/#article","isPartOf":{"@id":"https:\/\/www.prestigemag.co\/fr\/2018\/02\/sandra-mehanna\/"},"author":{"name":"prestige","@id":"https:\/\/www.prestigemag.co\/#\/schema\/person\/e3f149368970128d68bb2d797bf30fbc"},"headline":"Sandra Mehanna","datePublished":"2018-02-01T10:22:57+00:00","dateModified":"2018-02-01T10:22:57+00:00","mainEntityOfPage":{"@id":"https:\/\/www.prestigemag.co\/fr\/2018\/02\/sandra-mehanna\/"},"wordCount":851,"publisher":{"@id":"https:\/\/www.prestigemag.co\/#organization"},"articleSection":["Entrevues"],"inLanguage":"fr-FR"},{"@type":"Person","@id":"https:\/\/www.prestigemag.co\/#\/schema\/person\/e3f149368970128d68bb2d797bf30fbc","name":"prestige","image":{"@type":"ImageObject","inLanguage":"fr-FR","@id":"https:\/\/www.prestigemag.co\/#\/schema\/person\/image\/","url":"https:\/\/secure.gravatar.com\/avatar\/0aa2dff5484d35e50578639a2c3ccef9?s=96&d=mm&r=g","contentUrl":"https:\/\/secure.gravatar.com\/avatar\/0aa2dff5484d35e50578639a2c3ccef9?s=96&d=mm&r=g","caption":"prestige"},"url":"https:\/\/www.prestigemag.co\/fr\/author\/prestige\/"}]}},"_links":{"self":[{"href":"https:\/\/www.prestigemag.co\/fr\/wp-json\/wp\/v2\/posts\/22080"}],"collection":[{"href":"https:\/\/www.prestigemag.co\/fr\/wp-json\/wp\/v2\/posts"}],"about":[{"href":"https:\/\/www.prestigemag.co\/fr\/wp-json\/wp\/v2\/types\/post"}],"author":[{"embeddable":true,"href":"https:\/\/www.prestigemag.co\/fr\/wp-json\/wp\/v2\/users\/3"}],"replies":[{"embeddable":true,"href":"https:\/\/www.prestigemag.co\/fr\/wp-json\/wp\/v2\/comments?post=22080"}],"version-history":[{"count":0,"href":"https:\/\/www.prestigemag.co\/fr\/wp-json\/wp\/v2\/posts\/22080\/revisions"}],"wp:featuredmedia":[{"embeddable":true,"href":"https:\/\/www.prestigemag.co\/fr\/wp-json\/wp\/v2\/media\/22081"}],"wp:attachment":[{"href":"https:\/\/www.prestigemag.co\/fr\/wp-json\/wp\/v2\/media?parent=22080"}],"wp:term":[{"taxonomy":"category","embeddable":true,"href":"https:\/\/www.prestigemag.co\/fr\/wp-json\/wp\/v2\/categories?post=22080"},{"taxonomy":"post_tag","embeddable":true,"href":"https:\/\/www.prestigemag.co\/fr\/wp-json\/wp\/v2\/tags?post=22080"}],"curies":[{"name":"wp","href":"https:\/\/api.w.org\/{rel}","templated":true}]}}